{"id":2311,"date":"2025-09-11T06:35:16","date_gmt":"2025-09-11T06:35:16","guid":{"rendered":"https:\/\/www.apres-lecole.fr\/Blog\/ecole-conde-nancy-creatifs\/"},"modified":"2025-09-11T06:35:16","modified_gmt":"2025-09-11T06:35:16","slug":"ecole-conde-nancy-creatifs","status":"publish","type":"post","link":"https:\/\/www.apres-lecole.fr\/Blog\/ecole-conde-nancy-creatifs\/","title":{"rendered":"D\u00e9couverte de l&rsquo;\u00e9cole de Cond\u00e9 \u00e0 Nancy : un tremplin pour les cr\u00e9atifs"},"content":{"rendered":"\n\n<div class=\"kk-star-ratings kksr-auto kksr-align-left kksr-valign-top\"\n    data-payload='{&quot;align&quot;:&quot;left&quot;,&quot;id&quot;:&quot;2311&quot;,&quot;slug&quot;:&quot;default&quot;,&quot;valign&quot;:&quot;top&quot;,&quot;ignore&quot;:&quot;&quot;,&quot;reference&quot;:&quot;auto&quot;,&quot;class&quot;:&quot;&quot;,&quot;count&quot;:&quot;0&quot;,&quot;legendonly&quot;:&quot;&quot;,&quot;readonly&quot;:&quot;&quot;,&quot;score&quot;:&quot;0&quot;,&quot;starsonly&quot;:&quot;&quot;,&quot;best&quot;:&quot;5&quot;,&quot;gap&quot;:&quot;5&quot;,&quot;greet&quot;:&quot;Rate this post&quot;,&quot;legend&quot;:&quot;0\\\/5 - (0 vote)&quot;,&quot;size&quot;:&quot;24&quot;,&quot;title&quot;:&quot;D\u00e9couverte de l\\u0026#039;\u00e9cole de Cond\u00e9 \u00e0 Nancy : un tremplin pour les cr\u00e9atifs&quot;,&quot;width&quot;:&quot;0&quot;,&quot;_legend&quot;:&quot;{score}\\\/{best} - ({count} {votes})&quot;,&quot;font_factor&quot;:&quot;1.25&quot;}'>\n            \n<div class=\"kksr-stars\">\n    \n<div class=\"kksr-stars-inactive\">\n            <div class=\"kksr-star\" data-star=\"1\" style=\"padding-right: 5px\">\n            \n\n<div class=\"kksr-icon\" style=\"width: 24px; height: 24px;\"><\/div>\n        <\/div>\n            <div class=\"kksr-star\" data-star=\"2\" style=\"padding-right: 5px\">\n            \n\n<div class=\"kksr-icon\" style=\"width: 24px; height: 24px;\"><\/div>\n        <\/div>\n            <div class=\"kksr-star\" data-star=\"3\" style=\"padding-right: 5px\">\n            \n\n<div class=\"kksr-icon\" style=\"width: 24px; height: 24px;\"><\/div>\n        <\/div>\n            <div class=\"kksr-star\" data-star=\"4\" style=\"padding-right: 5px\">\n            \n\n<div class=\"kksr-icon\" style=\"width: 24px; height: 24px;\"><\/div>\n        <\/div>\n            <div class=\"kksr-star\" data-star=\"5\" style=\"padding-right: 5px\">\n            \n\n<div class=\"kksr-icon\" style=\"width: 24px; height: 24px;\"><\/div>\n        <\/div>\n    <\/div>\n    \n<div class=\"kksr-stars-active\" style=\"width: 0px;\">\n            <div class=\"kksr-star\" style=\"padding-right: 5px\">\n            \n\n<div class=\"kksr-icon\" style=\"width: 24px; height: 24px;\"><\/div>\n        <\/div>\n            <div class=\"kksr-star\" style=\"padding-right: 5px\">\n            \n\n<div class=\"kksr-icon\" style=\"width: 24px; height: 24px;\"><\/div>\n        <\/div>\n            <div class=\"kksr-star\" style=\"padding-right: 5px\">\n            \n\n<div class=\"kksr-icon\" style=\"width: 24px; height: 24px;\"><\/div>\n        <\/div>\n            <div class=\"kksr-star\" style=\"padding-right: 5px\">\n            \n\n<div class=\"kksr-icon\" style=\"width: 24px; height: 24px;\"><\/div>\n        <\/div>\n            <div class=\"kksr-star\" style=\"padding-right: 5px\">\n            \n\n<div class=\"kksr-icon\" style=\"width: 24px; height: 24px;\"><\/div>\n        <\/div>\n    <\/div>\n<\/div>\n                \n\n<div class=\"kksr-legend\" style=\"font-size: 19.2px;\">\n            <span class=\"kksr-muted\">Rate this post<\/span>\n    <\/div>\n    <\/div>\n<p>\u00c0 la crois\u00e9e des chemins entre passion et profession, l&rsquo;\u00e9cole de Cond\u00e9 \u00e0 Nancy s&rsquo;impose comme un v\u00e9ritable acteur de la <strong>cr\u00e9ativit\u00e9<\/strong> dans le paysage \u00e9ducatif fran\u00e7ais. Depuis son ouverture en 1998 dans le <strong>parc de la Cure d&rsquo;air<\/strong>, cette institution s&rsquo;est rapidement impos\u00e9e comme la premi\u00e8re \u00e9cole d&rsquo;Arts Appliqu\u00e9s du Grand Est, accueillant pr\u00e8s de 270 \u00e9tudiants d\u00e9sireux de se former aux arts et aux <strong>m\u00e9tiers cr\u00e9atifs<\/strong>. Les portes ouvertes organis\u00e9es par l\u2019\u00e9cole sont une occasion incontournable pour les futurs \u00e9tudiants de se plonger dans un univers o\u00f9 <strong>l&rsquo;enseignement sup\u00e9rieur<\/strong> rime avec <strong>d\u00e9couverte des talents<\/strong>. Les diff\u00e9rents cursus propos\u00e9s sont la voie royale pour ceux qui aspirent \u00e0 transformer leurs r\u00eaves artistiques en r\u00e9alit\u00e9 professionnelle. En somme, l&rsquo;\u00e9cole de Cond\u00e9 s&rsquo;affiche comme un tremplin id\u00e9al pour les \u00e2mes cr\u00e9atives en qu\u00eate de savoir et d&rsquo;\u00e9panouissement.<\/p>\n\n<h2 class=\"wp-block-heading\">L\u2019\u00e9cole de Cond\u00e9 : Un \u00c9cosyst\u00e8me Cr\u00e9atif \u00e0 Nancy<\/h2>\n\n<p>Install\u00e9e dans un cadre remarquable, l&rsquo;\u00e9cole de Cond\u00e9 \u00e0 Nancy ne se contente pas d&rsquo;offrir un simple enseignement, elle cr\u00e9e un <strong>\u00e9cosyst\u00e8me<\/strong> propice \u00e0 la <strong>cr\u00e9ativit\u00e9<\/strong>. \u00c0 travers ses divers programmes, l\u2019\u00e9cole pr\u00e9pare ses \u00e9tudiants \u00e0 appr\u00e9hender les r\u00e9alit\u00e9s des <strong>m\u00e9tiers cr\u00e9atifs<\/strong>, que ce soit dans le design, l\u2019illustration, ou encore l\u2019architecture.<\/p>\n\n<h3 class=\"wp-block-heading\">Un Cadre Inspirant pour les \u00c9tudiants<\/h3>\n\n<p>La disposition des locaux de l&rsquo;\u00e9cole de Cond\u00e9, anciens b\u00e2timents ayant gard\u00e9 un cachet historique, s&rsquo;av\u00e8re \u00eatre un prolongement naturel de l&rsquo;apprentissage. Les espaces de travail sont pens\u00e9s pour stimuler la cr\u00e9ativit\u00e9, offrant des ateliers vari\u00e9s o\u00f9 chaque \u00e9tudiant peut laisser libre cours \u00e0 son imagination.<\/p>\n\n<p>Ces espaces incluent :<\/p>\n\n<ul class=\"wp-block-list\"><li>Studios de design graphique \ud83d\udd8c\ufe0f<\/li><li>Salles de montage pour vid\u00e9os \ud83c\udfac<\/li><li>Ateliers de photographie \ud83d\udcf8<\/li><li>S\u00e9rigraphies et impression textile \ud83e\uddf5<\/li><\/ul>\n\n<p>Chaque \u00e9tudiant a ainsi la possibilit\u00e9 d\u2019exp\u00e9rimenter et d\u2019explorer diff\u00e9rentes facettes de sa <strong>formation artistique<\/strong>, multipliant les rencontres avec des professionnels du secteur.<\/p>\n\n<h3 class=\"wp-block-heading\">Des Projets Concrets au Service de l\u2019Apprentissage<\/h3>\n\n<p>Au-del\u00e0 des cours th\u00e9oriques, l&rsquo;\u00e9cole de Cond\u00e9 privil\u00e9gie les projets concrets. Cela permet aux \u00e9tudiants de se frotter \u00e0 la r\u00e9alit\u00e9 du milieu cr\u00e9atif. Par exemple, \u00e0 l\u2019occasion des <strong>portes ouvertes<\/strong>, les r\u00e9alisations des \u00e9tudiants sont expos\u00e9es, cr\u00e9ant un v\u00e9ritable \u00e9change entre leurs \u0153uvres et le public. Les micro-d\u00e9fil\u00e9s, \u00e9galement au programme, ajoutent une touche dynamique \u00e0 ces journ\u00e9es.<\/p>\n\n<p>Ce type d\u2019\u00e9v\u00e9nements ne se limite pas aux \u00e9tudes, il inclut aussi des rencontres avec des professionnels. Ces \u00e9changes donnent aux \u00e9tudiants une vision claire des attentes du march\u00e9 et des comp\u00e9tences n\u00e9cessaires pour y \u00e9voluer.<\/p>\n\n<h2 class=\"wp-block-heading\">Les Formations Propos\u00e9es \u00e0 l\u2019Ecole de Cond\u00e9<\/h2>\n\n<p>L\u2019\u00e9cole de Cond\u00e9 propose une multitude de formations, chacune taill\u00e9e pour r\u00e9pondre aux sp\u00e9cificit\u00e9s des <strong>m\u00e9tiers cr\u00e9atifs<\/strong>. Que ce soit un <strong>BTS<\/strong> ou un <strong>European Bachelor<\/strong>, les cursus sont pens\u00e9s pour accompagner chaque \u00e9tudiant vers sa carri\u00e8re id\u00e9ale.<\/p>\n\n<h3 class=\"wp-block-heading\">Un Cursus Complet et Vari\u00e9<\/h3>\n\n<p>Voici un aper\u00e7u des diff\u00e9rentes formations offertes :<\/p>\n\n<figure class=\"wp-block-table\"><table>\n<thead>\n<tr>\n<th>Formation<\/th>\n<th>Description<\/th>\n<\/tr>\n<\/thead>\n<tbody>\n<tr>\n<td>MANAA<\/td>\n<td>Classe de mise \u00e0 niveau pour d\u00e9couvrir diff\u00e9rentes sections artistiques \ud83c\udfa8<\/td>\n<\/tr>\n<tr>\n<td>BTS Design d\u2019Espace<\/td>\n<td>Formation sur l\u2019am\u00e9nagement int\u00e9rieur et la sc\u00e9nographie \ud83c\udfe2<\/td>\n<\/tr>\n<tr>\n<td>BTS Design Graphique<\/td>\n<td>Conception de visuels pour la communication et la publicit\u00e9 \ud83d\udcca<\/td>\n<\/tr>\n<tr>\n<td>BTS Design de Mode<\/td>\n<td>Cr\u00e9ation de v\u00eatements et accessoires \ud83d\udc57<\/td>\n<\/tr>\n<tr>\n<td>Cyle Sup\u00e9rieur de Photographie<\/td>\n<td>Expertise en photojournalisme et photographie d\u2019auteur \ud83d\udcf7<\/td>\n<\/tr>\n<tr>\n<td>Mast\u00e8re Architecture Int\u00e9rieure<\/td>\n<td>Conception d\u2019espaces collaboratifs et commerciaux \ud83c\udfdb\ufe0f<\/td>\n<\/tr>\n<\/tbody>\n<\/table><\/figure>\n\n<p>Chacune de ces formations est con\u00e7ue pour permettre aux \u00e9tudiants d&rsquo;acqu\u00e9rir des comp\u00e9tences techniques tout en int\u00e9grant des enseignements sur les enjeux contemporains, comme le d\u00e9veloppement durable et l&rsquo;ergonomie.<\/p>\n\n<h2 class=\"wp-block-heading\">Un Partenaire de Choix pour les Entreprises<\/h2>\n\n<p>L&rsquo;\u00e9cole de Cond\u00e9 n&rsquo;est pas seulement un lieu de formation pour les \u00e9tudiants, mais aussi un v\u00e9ritable partenaire pour les entreprises. En cr\u00e9ant des liens solides avec le tissu \u00e9conomique local, l\u2019\u00e9tablissement contribue \u00e0 l&rsquo;<strong>\u00e9volution des m\u00e9tiers cr\u00e9atifs<\/strong> et \u00e0 l&rsquo;innovation.<\/p>\n\n<h3 class=\"wp-block-heading\">Stagiaires et Collaborations<\/h3>\n\n<p>Des stages sont souvent propos\u00e9s aux \u00e9tudiants, permettant de mettre en pratique leurs acquis dans un contexte professionnel. Voici quelques entreprises actuellement en partenariat avec l&rsquo;\u00e9cole :<\/p>\n\n<ul class=\"wp-block-list\"><li>Agences de design \ud83d\udcbc<\/li><li>Studios de cr\u00e9ation \ud83d\udd8c\ufe0f<\/li><li>Ateliers de mode \ud83d\udc60<\/li><li>\u00c9diteurs de supports num\u00e9riques \ud83d\udcbb<\/li><\/ul>\n\n<p>Ces partenariats ouvrent \u00e9galement la voie \u00e0 des projets collaboratifs, permettant aux \u00e9tudiants de travailler sur des cas concrets tout en cr\u00e9ant leur r\u00e9seau professionnel.<\/p>\n\n<h2 class=\"wp-block-heading\">\u00c9v\u00e9nements Culturels et Artistiques \u00e0 l\u2019Ecole de Cond\u00e9<\/h2>\n\n<p>Dans le cadre du d\u00e9veloppement de la culture artistique, l\u2019\u00e9cole de Cond\u00e9 organise plusieurs \u00e9v\u00e9nements au cours de l\u2019ann\u00e9e offrant ainsi une opportunit\u00e9 inou\u00efe de visibilit\u00e9 aux \u00e9tudiants et \u00e0 leurs cr\u00e9ations.<\/p>\n\n<h3 class=\"wp-block-heading\">Journ\u00e9es du Dessin<\/h3>\n\n<p>La <strong>Journ\u00e9e du Dessin<\/strong>, qui se d\u00e9roulera le 14 mai 2025, est un \u00e9v\u00e9nement ouvert au grand public. C\u2019est une occasion unique de d\u00e9couvrir diff\u00e9rentes techniques de dessin et de s\u2019initier \u00e0 l\u2019art sous la conduite des enseignants. Le programme comprend :<\/p>\n\n<ul class=\"wp-block-list\"><li>Ateliers pratiques de 14h00 \u00e0 17h00 \ud83c\udfa8<\/li><li>Mot de pr\u00e9sentation du directeur \u00e0 17h00 \ud83d\udde3\ufe0f<\/li><\/ul>\n\n<p>Les participants viennent avec leur envie de dessiner et d\u00e9couvrent l\u2019univers cr\u00e9atif dans une ambiance conviviale et bienveillante.<\/p>\n\n<h3 class=\"wp-block-heading\">Expositions et Concours<\/h3>\n\n<p>Tout au long de l\u2019ann\u00e9e, l&rsquo;\u00e9cole de Cond\u00e9 met \u00e9galement en place des expositions afin de valoriser les travaux des \u00e9tudiants. Les visiteurs peuvent appr\u00e9cier la diversit\u00e9 des cr\u00e9ations, int\u00e9grant design, photographie et arts visuels.<\/p>\n\n<figure class=\"wp-block-table\"><table>\n<thead>\n<tr>\n<th>\u00c9v\u00e9nement<\/th>\n<th>Date<\/th>\n<th>Lieu<\/th>\n<\/tr>\n<\/thead>\n<tbody>\n<tr>\n<td>Portes Ouvertes<\/td>\n<td>6 &amp; 7 mars 2025<\/td>\n<td>Parc de la Cure d&rsquo;Air<\/td>\n<\/tr>\n<tr>\n<td>Journ\u00e9e du Dessin<\/td>\n<td>14 mai 2025<\/td>\n<td>\u00c9cole de Cond\u00e9<\/td>\n<\/tr>\n<\/tbody>\n<\/table><\/figure>\n\n<p>Ces \u00e9v\u00e9nements permettent de mettre en lumi\u00e8re les atouts de l\u2019\u00e9tablissement et d\u2019attirer des \u00e9tudiants de diff\u00e9rentes horizons.<\/p>\n\n<h2 class=\"wp-block-heading\">Questions Fr\u00e9quemment Pos\u00e9es<\/h2>\n\n<p><strong>Quels types de dipl\u00f4mes propose l&rsquo;\u00e9cole de Cond\u00e9 ?<\/strong><br>\nL&rsquo;\u00e9cole de Cond\u00e9 d\u00e9livre des <strong>BTS<\/strong>, un <strong>European Bachelor<\/strong> et un <strong>Mast\u00e8re<\/strong> en architecture int\u00e9rieure.<\/p>\n\n<p><strong>Est-ce que l&rsquo;\u00e9cole offre des stages ?<\/strong><br>\nOui, l\u2019\u00e9cole propose des stages aupr\u00e8s de divers partenaires, permettant une immersion dans le monde professionnel.<\/p>\n\n<p><strong>Comment s&rsquo;inscrire aux portes ouvertes ?<\/strong><br>\nLes inscriptions se font sur le site internet de l&rsquo;\u00e9cole, il est conseill\u00e9 de s&rsquo;inscrire \u00e0 l&rsquo;avance.<\/p>\n\n<p><strong>Y a-t-il des \u00e9v\u00e9nements culturels organis\u00e9s ?<\/strong><br>\nOui, des \u00e9v\u00e9nements tels que la <strong>Journ\u00e9e du Dessin<\/strong> et des expositions sont r\u00e9guli\u00e8rement organis\u00e9s.<\/p>\n\n<p><strong>Quelles sont les valeurs de l&rsquo;\u00e9cole de Cond\u00e9 ?<\/strong><br>\nLa <strong>cr\u00e9ativit\u00e9<\/strong>, l&rsquo;innovation et le partage des connaissances sont au c\u0153ur de l\u2019enseignement \u00e0 l&rsquo;\u00e9cole de Cond\u00e9.<\/p>\n\n","protected":false},"excerpt":{"rendered":"<p>\u00c0 la crois\u00e9e des chemins entre passion et profession, l&rsquo;\u00e9cole de Cond\u00e9 \u00e0 Nancy s&rsquo;impose comme un v\u00e9ritable acteur de la cr\u00e9ativit\u00e9 dans le paysage \u00e9ducatif fran\u00e7ais. Depuis son ouverture en 1998 dans le parc de la Cure d&rsquo;air, cette institution s&rsquo;est rapidement impos\u00e9e comme la premi\u00e8re \u00e9cole d&rsquo;Arts Appliqu\u00e9s du Grand Est, accueillant pr\u00e8s &#8230; <a title=\"D\u00e9couverte de l&rsquo;\u00e9cole de Cond\u00e9 \u00e0 Nancy : un tremplin pour les cr\u00e9atifs\" class=\"read-more\" href=\"https:\/\/www.apres-lecole.fr\/Blog\/ecole-conde-nancy-creatifs\/\" aria-label=\"En savoir plus sur D\u00e9couverte de l&rsquo;\u00e9cole de Cond\u00e9 \u00e0 Nancy : un tremplin pour les cr\u00e9atifs\">Lire plus<\/a><\/p>\n","protected":false},"author":7,"featured_media":2310,"comment_status":"open","ping_status":"open","sticky":false,"template":"","format":"standard","meta":{"footnotes":""},"categories":[1],"tags":[1539,698,1538,1540,550],"class_list":["post-2311","post","type-post","status-publish","format-standard","has-post-thumbnail","hentry","category-metiers-entreprise","tag-creatifs","tag-decouverte","tag-ecole-de-conde","tag-formation-artistique","tag-nancy"],"yoast_head":"<!-- This site is optimized with the Yoast SEO plugin v27.5 - https:\/\/yoast.com\/product\/yoast-seo-wordpress\/ -->\n<title>\u00c9cole de Cond\u00e9 Nancy : le tremplin des talents cr\u00e9atifs<\/title>\n<meta name=\"description\" content=\"Explorez l&#039;\u00e9cole de Cond\u00e9 \u00e0 Nancy : formations innovantes en art, design et cr\u00e9ation pour r\u00e9v\u00e9ler votre potentiel cr\u00e9atif d\u00e8s aujourd&#039;hui.\" \/>\n<meta name=\"robots\" content=\"index, follow, max-snippet:-1, max-image-preview:large, max-video-preview:-1\" \/>\n<link rel=\"canonical\" href=\"https:\/\/www.apres-lecole.fr\/Blog\/ecole-conde-nancy-creatifs\/\" \/>\n<meta property=\"og:locale\" content=\"fr_FR\" \/>\n<meta property=\"og:type\" content=\"article\" \/>\n<meta property=\"og:title\" content=\"\u00c9cole de Cond\u00e9 Nancy : le tremplin des talents cr\u00e9atifs\" \/>\n<meta property=\"og:description\" content=\"Explorez l&#039;\u00e9cole de Cond\u00e9 \u00e0 Nancy : formations innovantes en art, design et cr\u00e9ation pour r\u00e9v\u00e9ler votre potentiel cr\u00e9atif d\u00e8s aujourd&#039;hui.\" \/>\n<meta property=\"og:url\" content=\"https:\/\/www.apres-lecole.fr\/Blog\/ecole-conde-nancy-creatifs\/\" \/>\n<meta property=\"article:published_time\" content=\"2025-09-11T06:35:16+00:00\" \/>\n<meta property=\"og:image\" content=\"https:\/\/www.apres-lecole.fr\/Blog\/wp-content\/uploads\/2025\/09\/Decouverte-de-lecole-de-Conde-a-Nancy-un-tremplin-pour-les-creatifs.jpg\" \/>\n\t<meta property=\"og:image:width\" content=\"1344\" \/>\n\t<meta property=\"og:image:height\" content=\"768\" \/>\n\t<meta property=\"og:image:type\" content=\"image\/jpeg\" \/>\n<meta name=\"twitter:card\" content=\"summary_large_image\" \/>\n<meta name=\"twitter:label1\" content=\"\u00c9crit par\" \/>\n\t<meta name=\"twitter:data1\" content=\"\" \/>\n\t<meta name=\"twitter:label2\" content=\"Dur\u00e9e de lecture estim\u00e9e\" \/>\n\t<meta name=\"twitter:data2\" content=\"6 minutes\" \/>\n<script type=\"application\/ld+json\" class=\"yoast-schema-graph\">{\"@context\":\"https:\\\/\\\/schema.org\",\"@graph\":[{\"@type\":\"Article\",\"@id\":\"https:\\\/\\\/www.apres-lecole.fr\\\/Blog\\\/ecole-conde-nancy-creatifs\\\/#article\",\"isPartOf\":{\"@id\":\"https:\\\/\\\/www.apres-lecole.fr\\\/Blog\\\/ecole-conde-nancy-creatifs\\\/\"},\"author\":{\"name\":\"\",\"@id\":\"\"},\"headline\":\"D\u00e9couverte de l&rsquo;\u00e9cole de Cond\u00e9 \u00e0 Nancy : un tremplin pour les cr\u00e9atifs\",\"datePublished\":\"2025-09-11T06:35:16+00:00\",\"mainEntityOfPage\":{\"@id\":\"https:\\\/\\\/www.apres-lecole.fr\\\/Blog\\\/ecole-conde-nancy-creatifs\\\/\"},\"wordCount\":1142,\"commentCount\":0,\"image\":{\"@id\":\"https:\\\/\\\/www.apres-lecole.fr\\\/Blog\\\/ecole-conde-nancy-creatifs\\\/#primaryimage\"},\"thumbnailUrl\":\"https:\\\/\\\/www.apres-lecole.fr\\\/Blog\\\/wp-content\\\/uploads\\\/2025\\\/09\\\/Decouverte-de-lecole-de-Conde-a-Nancy-un-tremplin-pour-les-creatifs.jpg\",\"keywords\":[\"cr\u00e9atifs\",\"d\u00e9couverte\",\"\u00e9cole de cond\u00e9\",\"formation artistique\",\"nancy\"],\"articleSection\":[\"M\u00e9tiers &amp; Entreprise\"],\"inLanguage\":\"fr-FR\",\"potentialAction\":[{\"@type\":\"CommentAction\",\"name\":\"Comment\",\"target\":[\"https:\\\/\\\/www.apres-lecole.fr\\\/Blog\\\/ecole-conde-nancy-creatifs\\\/#respond\"]}]},{\"@type\":\"WebPage\",\"@id\":\"https:\\\/\\\/www.apres-lecole.fr\\\/Blog\\\/ecole-conde-nancy-creatifs\\\/\",\"url\":\"https:\\\/\\\/www.apres-lecole.fr\\\/Blog\\\/ecole-conde-nancy-creatifs\\\/\",\"name\":\"\u00c9cole de Cond\u00e9 Nancy : le tremplin des talents cr\u00e9atifs\",\"isPartOf\":{\"@id\":\"https:\\\/\\\/www.apres-lecole.fr\\\/Blog\\\/#website\"},\"primaryImageOfPage\":{\"@id\":\"https:\\\/\\\/www.apres-lecole.fr\\\/Blog\\\/ecole-conde-nancy-creatifs\\\/#primaryimage\"},\"image\":{\"@id\":\"https:\\\/\\\/www.apres-lecole.fr\\\/Blog\\\/ecole-conde-nancy-creatifs\\\/#primaryimage\"},\"thumbnailUrl\":\"https:\\\/\\\/www.apres-lecole.fr\\\/Blog\\\/wp-content\\\/uploads\\\/2025\\\/09\\\/Decouverte-de-lecole-de-Conde-a-Nancy-un-tremplin-pour-les-creatifs.jpg\",\"datePublished\":\"2025-09-11T06:35:16+00:00\",\"author\":{\"@id\":\"\"},\"description\":\"Explorez l'\u00e9cole de Cond\u00e9 \u00e0 Nancy : formations innovantes en art, design et cr\u00e9ation pour r\u00e9v\u00e9ler votre potentiel cr\u00e9atif d\u00e8s aujourd'hui.\",\"breadcrumb\":{\"@id\":\"https:\\\/\\\/www.apres-lecole.fr\\\/Blog\\\/ecole-conde-nancy-creatifs\\\/#breadcrumb\"},\"inLanguage\":\"fr-FR\",\"potentialAction\":[{\"@type\":\"ReadAction\",\"target\":[\"https:\\\/\\\/www.apres-lecole.fr\\\/Blog\\\/ecole-conde-nancy-creatifs\\\/\"]}]},{\"@type\":\"ImageObject\",\"inLanguage\":\"fr-FR\",\"@id\":\"https:\\\/\\\/www.apres-lecole.fr\\\/Blog\\\/ecole-conde-nancy-creatifs\\\/#primaryimage\",\"url\":\"https:\\\/\\\/www.apres-lecole.fr\\\/Blog\\\/wp-content\\\/uploads\\\/2025\\\/09\\\/Decouverte-de-lecole-de-Conde-a-Nancy-un-tremplin-pour-les-creatifs.jpg\",\"contentUrl\":\"https:\\\/\\\/www.apres-lecole.fr\\\/Blog\\\/wp-content\\\/uploads\\\/2025\\\/09\\\/Decouverte-de-lecole-de-Conde-a-Nancy-un-tremplin-pour-les-creatifs.jpg\",\"width\":1344,\"height\":768,\"caption\":\"d\u00e9couvrez l'\u00e9cole de cond\u00e9 \u00e0 nancy, une institution de r\u00e9f\u00e9rence pour les passionn\u00e9s de design, d'art et de cr\u00e9ation. formations innovantes, encadrement personnalis\u00e9 et ouverture sur le monde professionnel : le tremplin id\u00e9al pour r\u00e9ussir dans les m\u00e9tiers cr\u00e9atifs.\"},{\"@type\":\"BreadcrumbList\",\"@id\":\"https:\\\/\\\/www.apres-lecole.fr\\\/Blog\\\/ecole-conde-nancy-creatifs\\\/#breadcrumb\",\"itemListElement\":[{\"@type\":\"ListItem\",\"position\":1,\"name\":\"Home\",\"item\":\"https:\\\/\\\/www.apres-lecole.fr\\\/Blog\\\/\"},{\"@type\":\"ListItem\",\"position\":2,\"name\":\"D\u00e9couverte de l&rsquo;\u00e9cole de Cond\u00e9 \u00e0 Nancy : un tremplin pour les cr\u00e9atifs\"}]},{\"@type\":\"WebSite\",\"@id\":\"https:\\\/\\\/www.apres-lecole.fr\\\/Blog\\\/#website\",\"url\":\"https:\\\/\\\/www.apres-lecole.fr\\\/Blog\\\/\",\"name\":\"\",\"description\":\"M\u00e9dia g\u00e9n\u00e9raliste\",\"potentialAction\":[{\"@type\":\"SearchAction\",\"target\":{\"@type\":\"EntryPoint\",\"urlTemplate\":\"https:\\\/\\\/www.apres-lecole.fr\\\/Blog\\\/?s={search_term_string}\"},\"query-input\":{\"@type\":\"PropertyValueSpecification\",\"valueRequired\":true,\"valueName\":\"search_term_string\"}}],\"inLanguage\":\"fr-FR\"},{\"@type\":\"Person\",\"@id\":\"\",\"url\":\"https:\\\/\\\/www.apres-lecole.fr\\\/Blog\\\/author\\\/\"}]}<\/script>\n<!-- \/ Yoast SEO plugin. -->","yoast_head_json":{"title":"\u00c9cole de Cond\u00e9 Nancy : le tremplin des talents cr\u00e9atifs","description":"Explorez l'\u00e9cole de Cond\u00e9 \u00e0 Nancy : formations innovantes en art, design et cr\u00e9ation pour r\u00e9v\u00e9ler votre potentiel cr\u00e9atif d\u00e8s aujourd'hui.","robots":{"index":"index","follow":"follow","max-snippet":"max-snippet:-1","max-image-preview":"max-image-preview:large","max-video-preview":"max-video-preview:-1"},"canonical":"https:\/\/www.apres-lecole.fr\/Blog\/ecole-conde-nancy-creatifs\/","og_locale":"fr_FR","og_type":"article","og_title":"\u00c9cole de Cond\u00e9 Nancy : le tremplin des talents cr\u00e9atifs","og_description":"Explorez l'\u00e9cole de Cond\u00e9 \u00e0 Nancy : formations innovantes en art, design et cr\u00e9ation pour r\u00e9v\u00e9ler votre potentiel cr\u00e9atif d\u00e8s aujourd'hui.","og_url":"https:\/\/www.apres-lecole.fr\/Blog\/ecole-conde-nancy-creatifs\/","article_published_time":"2025-09-11T06:35:16+00:00","og_image":[{"width":1344,"height":768,"url":"https:\/\/www.apres-lecole.fr\/Blog\/wp-content\/uploads\/2025\/09\/Decouverte-de-lecole-de-Conde-a-Nancy-un-tremplin-pour-les-creatifs.jpg","type":"image\/jpeg"}],"twitter_card":"summary_large_image","twitter_misc":{"\u00c9crit par":"","Dur\u00e9e de lecture estim\u00e9e":"6 minutes"},"schema":{"@context":"https:\/\/schema.org","@graph":[{"@type":"Article","@id":"https:\/\/www.apres-lecole.fr\/Blog\/ecole-conde-nancy-creatifs\/#article","isPartOf":{"@id":"https:\/\/www.apres-lecole.fr\/Blog\/ecole-conde-nancy-creatifs\/"},"author":{"name":"","@id":""},"headline":"D\u00e9couverte de l&rsquo;\u00e9cole de Cond\u00e9 \u00e0 Nancy : un tremplin pour les cr\u00e9atifs","datePublished":"2025-09-11T06:35:16+00:00","mainEntityOfPage":{"@id":"https:\/\/www.apres-lecole.fr\/Blog\/ecole-conde-nancy-creatifs\/"},"wordCount":1142,"commentCount":0,"image":{"@id":"https:\/\/www.apres-lecole.fr\/Blog\/ecole-conde-nancy-creatifs\/#primaryimage"},"thumbnailUrl":"https:\/\/www.apres-lecole.fr\/Blog\/wp-content\/uploads\/2025\/09\/Decouverte-de-lecole-de-Conde-a-Nancy-un-tremplin-pour-les-creatifs.jpg","keywords":["cr\u00e9atifs","d\u00e9couverte","\u00e9cole de cond\u00e9","formation artistique","nancy"],"articleSection":["M\u00e9tiers &amp; Entreprise"],"inLanguage":"fr-FR","potentialAction":[{"@type":"CommentAction","name":"Comment","target":["https:\/\/www.apres-lecole.fr\/Blog\/ecole-conde-nancy-creatifs\/#respond"]}]},{"@type":"WebPage","@id":"https:\/\/www.apres-lecole.fr\/Blog\/ecole-conde-nancy-creatifs\/","url":"https:\/\/www.apres-lecole.fr\/Blog\/ecole-conde-nancy-creatifs\/","name":"\u00c9cole de Cond\u00e9 Nancy : le tremplin des talents cr\u00e9atifs","isPartOf":{"@id":"https:\/\/www.apres-lecole.fr\/Blog\/#website"},"primaryImageOfPage":{"@id":"https:\/\/www.apres-lecole.fr\/Blog\/ecole-conde-nancy-creatifs\/#primaryimage"},"image":{"@id":"https:\/\/www.apres-lecole.fr\/Blog\/ecole-conde-nancy-creatifs\/#primaryimage"},"thumbnailUrl":"https:\/\/www.apres-lecole.fr\/Blog\/wp-content\/uploads\/2025\/09\/Decouverte-de-lecole-de-Conde-a-Nancy-un-tremplin-pour-les-creatifs.jpg","datePublished":"2025-09-11T06:35:16+00:00","author":{"@id":""},"description":"Explorez l'\u00e9cole de Cond\u00e9 \u00e0 Nancy : formations innovantes en art, design et cr\u00e9ation pour r\u00e9v\u00e9ler votre potentiel cr\u00e9atif d\u00e8s aujourd'hui.","breadcrumb":{"@id":"https:\/\/www.apres-lecole.fr\/Blog\/ecole-conde-nancy-creatifs\/#breadcrumb"},"inLanguage":"fr-FR","potentialAction":[{"@type":"ReadAction","target":["https:\/\/www.apres-lecole.fr\/Blog\/ecole-conde-nancy-creatifs\/"]}]},{"@type":"ImageObject","inLanguage":"fr-FR","@id":"https:\/\/www.apres-lecole.fr\/Blog\/ecole-conde-nancy-creatifs\/#primaryimage","url":"https:\/\/www.apres-lecole.fr\/Blog\/wp-content\/uploads\/2025\/09\/Decouverte-de-lecole-de-Conde-a-Nancy-un-tremplin-pour-les-creatifs.jpg","contentUrl":"https:\/\/www.apres-lecole.fr\/Blog\/wp-content\/uploads\/2025\/09\/Decouverte-de-lecole-de-Conde-a-Nancy-un-tremplin-pour-les-creatifs.jpg","width":1344,"height":768,"caption":"d\u00e9couvrez l'\u00e9cole de cond\u00e9 \u00e0 nancy, une institution de r\u00e9f\u00e9rence pour les passionn\u00e9s de design, d'art et de cr\u00e9ation. formations innovantes, encadrement personnalis\u00e9 et ouverture sur le monde professionnel : le tremplin id\u00e9al pour r\u00e9ussir dans les m\u00e9tiers cr\u00e9atifs."},{"@type":"BreadcrumbList","@id":"https:\/\/www.apres-lecole.fr\/Blog\/ecole-conde-nancy-creatifs\/#breadcrumb","itemListElement":[{"@type":"ListItem","position":1,"name":"Home","item":"https:\/\/www.apres-lecole.fr\/Blog\/"},{"@type":"ListItem","position":2,"name":"D\u00e9couverte de l&rsquo;\u00e9cole de Cond\u00e9 \u00e0 Nancy : un tremplin pour les cr\u00e9atifs"}]},{"@type":"WebSite","@id":"https:\/\/www.apres-lecole.fr\/Blog\/#website","url":"https:\/\/www.apres-lecole.fr\/Blog\/","name":"","description":"M\u00e9dia g\u00e9n\u00e9raliste","potentialAction":[{"@type":"SearchAction","target":{"@type":"EntryPoint","urlTemplate":"https:\/\/www.apres-lecole.fr\/Blog\/?s={search_term_string}"},"query-input":{"@type":"PropertyValueSpecification","valueRequired":true,"valueName":"search_term_string"}}],"inLanguage":"fr-FR"},{"@type":"Person","@id":"","url":"https:\/\/www.apres-lecole.fr\/Blog\/author\/"}]}},"views":6,"_links":{"self":[{"href":"https:\/\/www.apres-lecole.fr\/Blog\/wp-json\/wp\/v2\/posts\/2311","targetHints":{"allow":["GET"]}}],"collection":[{"href":"https:\/\/www.apres-lecole.fr\/Blog\/wp-json\/wp\/v2\/posts"}],"about":[{"href":"https:\/\/www.apres-lecole.fr\/Blog\/wp-json\/wp\/v2\/types\/post"}],"author":[{"embeddable":true,"href":"https:\/\/www.apres-lecole.fr\/Blog\/wp-json\/wp\/v2\/users\/7"}],"replies":[{"embeddable":true,"href":"https:\/\/www.apres-lecole.fr\/Blog\/wp-json\/wp\/v2\/comments?post=2311"}],"version-history":[{"count":0,"href":"https:\/\/www.apres-lecole.fr\/Blog\/wp-json\/wp\/v2\/posts\/2311\/revisions"}],"wp:featuredmedia":[{"embeddable":true,"href":"https:\/\/www.apres-lecole.fr\/Blog\/wp-json\/wp\/v2\/media\/2310"}],"wp:attachment":[{"href":"https:\/\/www.apres-lecole.fr\/Blog\/wp-json\/wp\/v2\/media?parent=2311"}],"wp:term":[{"taxonomy":"category","embeddable":true,"href":"https:\/\/www.apres-lecole.fr\/Blog\/wp-json\/wp\/v2\/categories?post=2311"},{"taxonomy":"post_tag","embeddable":true,"href":"https:\/\/www.apres-lecole.fr\/Blog\/wp-json\/wp\/v2\/tags?post=2311"}],"curies":[{"name":"wp","href":"https:\/\/api.w.org\/{rel}","templated":true}]}}