{"id":2301,"date":"2025-09-08T07:11:35","date_gmt":"2025-09-08T07:11:35","guid":{"rendered":"https:\/\/www.apres-lecole.fr\/Blog\/co2-pertes-economiques-250e\/"},"modified":"2025-09-08T07:11:35","modified_gmt":"2025-09-08T07:11:35","slug":"co2-pertes-economiques-250e","status":"publish","type":"post","link":"https:\/\/www.apres-lecole.fr\/Blog\/co2-pertes-economiques-250e\/","title":{"rendered":"Christian Gollier de la Toulouse School of Economics estime qu&rsquo;une tonne de CO2 entra\u00eene des pertes \u00e9conomiques de 250 \u20ac"},"content":{"rendered":"\n\n<div class=\"kk-star-ratings kksr-auto kksr-align-left kksr-valign-top\"\n    data-payload='{&quot;align&quot;:&quot;left&quot;,&quot;id&quot;:&quot;2301&quot;,&quot;slug&quot;:&quot;default&quot;,&quot;valign&quot;:&quot;top&quot;,&quot;ignore&quot;:&quot;&quot;,&quot;reference&quot;:&quot;auto&quot;,&quot;class&quot;:&quot;&quot;,&quot;count&quot;:&quot;0&quot;,&quot;legendonly&quot;:&quot;&quot;,&quot;readonly&quot;:&quot;&quot;,&quot;score&quot;:&quot;0&quot;,&quot;starsonly&quot;:&quot;&quot;,&quot;best&quot;:&quot;5&quot;,&quot;gap&quot;:&quot;5&quot;,&quot;greet&quot;:&quot;Rate this post&quot;,&quot;legend&quot;:&quot;0\\\/5 - (0 vote)&quot;,&quot;size&quot;:&quot;24&quot;,&quot;title&quot;:&quot;Christian Gollier de la Toulouse School of Economics estime qu\\u0026#039;une tonne de CO2 entra\u00eene des pertes \u00e9conomiques de 250 \u20ac&quot;,&quot;width&quot;:&quot;0&quot;,&quot;_legend&quot;:&quot;{score}\\\/{best} - ({count} {votes})&quot;,&quot;font_factor&quot;:&quot;1.25&quot;}'>\n            \n<div class=\"kksr-stars\">\n    \n<div class=\"kksr-stars-inactive\">\n            <div class=\"kksr-star\" data-star=\"1\" style=\"padding-right: 5px\">\n            \n\n<div class=\"kksr-icon\" style=\"width: 24px; height: 24px;\"><\/div>\n        <\/div>\n            <div class=\"kksr-star\" data-star=\"2\" style=\"padding-right: 5px\">\n            \n\n<div class=\"kksr-icon\" style=\"width: 24px; height: 24px;\"><\/div>\n        <\/div>\n            <div class=\"kksr-star\" data-star=\"3\" style=\"padding-right: 5px\">\n            \n\n<div class=\"kksr-icon\" style=\"width: 24px; height: 24px;\"><\/div>\n        <\/div>\n            <div class=\"kksr-star\" data-star=\"4\" style=\"padding-right: 5px\">\n            \n\n<div class=\"kksr-icon\" style=\"width: 24px; height: 24px;\"><\/div>\n        <\/div>\n            <div class=\"kksr-star\" data-star=\"5\" style=\"padding-right: 5px\">\n            \n\n<div class=\"kksr-icon\" style=\"width: 24px; height: 24px;\"><\/div>\n        <\/div>\n    <\/div>\n    \n<div class=\"kksr-stars-active\" style=\"width: 0px;\">\n            <div class=\"kksr-star\" style=\"padding-right: 5px\">\n            \n\n<div class=\"kksr-icon\" style=\"width: 24px; height: 24px;\"><\/div>\n        <\/div>\n            <div class=\"kksr-star\" style=\"padding-right: 5px\">\n            \n\n<div class=\"kksr-icon\" style=\"width: 24px; height: 24px;\"><\/div>\n        <\/div>\n            <div class=\"kksr-star\" style=\"padding-right: 5px\">\n            \n\n<div class=\"kksr-icon\" style=\"width: 24px; height: 24px;\"><\/div>\n        <\/div>\n            <div class=\"kksr-star\" style=\"padding-right: 5px\">\n            \n\n<div class=\"kksr-icon\" style=\"width: 24px; height: 24px;\"><\/div>\n        <\/div>\n            <div class=\"kksr-star\" style=\"padding-right: 5px\">\n            \n\n<div class=\"kksr-icon\" style=\"width: 24px; height: 24px;\"><\/div>\n        <\/div>\n    <\/div>\n<\/div>\n                \n\n<div class=\"kksr-legend\" style=\"font-size: 19.2px;\">\n            <span class=\"kksr-muted\">Rate this post<\/span>\n    <\/div>\n    <\/div>\n<p>Le d\u00e9bat sur le changement climatique ne cesse de s&rsquo;intensifier et des experts comme Christian Gollier, directeur de la Toulouse School of Economics, tirent la sonnette d&rsquo;alarme sur les enjeux \u00e9conomiques li\u00e9s \u00e0 cette probl\u00e9matique. Gollier r\u00e9v\u00e8le qu&rsquo;\u00e9mettre une tonne de CO2 entra\u00eene des pertes \u00e9conomiques de 250 \u20ac. Ce chiffre n&rsquo;est pas qu&rsquo;une simple statistique, mais une mise en lumi\u00e8re des cons\u00e9quences d\u00e9sastreuses de l&rsquo;inaction face \u00e0 la crise climatique. \u00c9tudier les impacts de ces \u00e9missions sur l&rsquo;\u00e9conomie ainsi que les diverses politiques climatiques \u00e9voqu\u00e9es \u00e9veille une r\u00e9elle question sur notre responsabilit\u00e9 collective. Comment la tarification du carbone peut-elle nous aider \u00e0 att\u00e9nuer ces dommages tout en assurant une transition \u00e9nerg\u00e9tique \u00e9quitable ?<\/p>\n\n<h2 class=\"wp-block-heading\">Les fondements de l&rsquo;\u00e9conomie du climat selon Gollier<\/h2>\n\n<p>Pour Gollier, l&rsquo;\u00e9conomie du climat repose sur une approche rationnelle face \u00e0 l&rsquo;inqui\u00e9tante r\u00e9alit\u00e9 du r\u00e9chauffement climatique. Son r\u00e9cent ouvrage, \u00ab \u00c9conomie de l\u2019(in)action climatique \u00bb, souligne l&rsquo;urgence de tarifer le carbone. En d\u2019autres termes, il s&rsquo;agit d&rsquo;appliquer une taxe sur les ressources carbon\u00e9es qui contribuent aux \u00e9missions de gaz \u00e0 effet de serre. Ce m\u00e9canisme, impl\u00e9ment\u00e9 judicieusement, servirait non seulement \u00e0 r\u00e9duire les \u00e9missions, mais \u00e9galement \u00e0 g\u00e9n\u00e9rer des ressources pour aider les m\u00e9nages \u00e0 faire face \u00e0 l&rsquo;augmentation des co\u00fbts \u00e9nerg\u00e9tiques.<\/p>\n\n<p>Le message de Gollier est clair : \u00ab Une tonne de CO2 engendre un flux de dommages de 250 \u20ac \u00bb. Ce chiffre se base sur des \u00e9tudes \u00e9conomiques s\u00e9rieuses qui \u00e9valuent l&rsquo;impact des \u00e9missions de carbone sur divers secteurs, du secteur agricole aux infrastructures publiques. L\u2019abonnement \u00e0 cette vision \u00e9conomique doit \u00eatre consid\u00e9r\u00e9 comme un imp\u00e9ratif afin d\u2019atteindre la <strong>neutralit\u00e9 carbone<\/strong>.<\/p>\n\n<ul class=\"wp-block-list\"><li>La tarification du carbone  \ud83c\udf0d<\/li><li>Un m\u00e9canisme de redistribution des ressources \ud83d\udcb8<\/li><li>Une r\u00e9ponse rentable \u00e0 la crise climatique \u2696\ufe0f<\/li><\/ul>\n\n<h3 class=\"wp-block-heading\">La n\u00e9cessit\u00e9 d&rsquo;un consensus sur les politiques climatiques<\/h3>\n\n<p>Un des \u00e9l\u00e9ments forts du discours de Gollier est l&rsquo;importance d&rsquo;un consensus autour des politiques climatiques. Pendant des ann\u00e9es, le concept de tarification carbone a \u00e9t\u00e9 soutenu par la communaut\u00e9 scientifique et \u00e9conomique, mais sa mise en \u0153uvre a \u00e9t\u00e9 frein\u00e9 par des int\u00e9r\u00eats politiques et \u00e9conomiques divergents. En 2015, un mouvement important avait vu le jour, mais l&rsquo;ex\u00e9cution est rest\u00e9e en suspens, au grand dam de l&rsquo;urgence climatique. Comment alors passer \u00e0 l\u2019action ?<\/p>\n\n<p>Il est ind\u00e9niable que les \u00c9tats ont succomb\u00e9 \u00e0 la tentation de financer leurs d\u00e9penses par l\u2019application de cette taxe sans transmettre ces b\u00e9n\u00e9fices aux citoyens. C&rsquo;est cette dichotomie qui a expliqu\u00e9, entre autres, la mont\u00e9e des mouvements de contestation comme les Gilets Jaunes. En effet, la col\u00e8re populaire face \u00e0 la hausse des taxes et \u00e0 la pr\u00e9carit\u00e9 \u00e9conomique a entrav\u00e9 la visibilit\u00e9 de l&rsquo;urgence climatique. Pour inverser ce cycle, les gouvernements doivent privil\u00e9gier la redistribution et rendre compte de l&rsquo;utilisation des fonds r\u00e9colt\u00e9s par cette taxe.<\/p>\n\n<h2 class=\"wp-block-heading\">Co\u00fbt de l&rsquo;inaction face au changement climatique<\/h2>\n\n<p>L&rsquo;inaction face au changement climatique engendra, pour sa part, des co\u00fbts sociaux immenses. Les \u00e9conomistes chiffrent la perte potentielle \u00e0 long terme, alertant que le prix \u00e0 payer pour ignorer ce probl\u00e8me ne fera qu&rsquo;augmenter. Gollier insiste sur le fait qu&rsquo;il est plus \u00e9conomique d&rsquo;agir maintenant que de devoir subir les cons\u00e9quences plus tard. Quels dommages cela entra\u00eene-t-il r\u00e9ellement sur notre soci\u00e9t\u00e9 ?<\/p>\n\n<p>Lorsqu\u2019une tonne de CO2 est \u00e9mise, ce ne sont pas seulement les co\u00fbts environnementaux qui entrent en jeu, il y a aussi des pertes \u00e9conomiques directes : agriculture saccag\u00e9e, infrastructures endommag\u00e9es, et m\u00eame la sant\u00e9 publique en souffrance \u00e0 cause de l\u2019augmentation des maladies respiratoires, toutes cons\u00e9quences de ce r\u00e9chauffement.<\/p>\n\n<figure class=\"wp-block-table\"><table>\n<thead>\n<tr>\n<th>Type de co\u00fbt<\/th>\n<th>Estimation (\u20ac)<\/th>\n<\/tr>\n<\/thead>\n<tbody>\n<tr>\n<td>Co\u00fbt sant\u00e9 publique<\/td>\n<td>Estim\u00e9 \u00e0 50 \u20ac par tonne<\/td>\n<\/tr>\n<tr>\n<td>Co\u00fbt agricole<\/td>\n<td>Estim\u00e9 \u00e0 100 \u20ac par tonne<\/td>\n<\/tr>\n<tr>\n<td>Co\u00fbt infrastructure<\/td>\n<td>Estim\u00e9 \u00e0 100 \u20ac par tonne<\/td>\n<\/tr>\n<\/tbody>\n<\/table><\/figure>\n\n<h3 class=\"wp-block-heading\">Mod\u00e8les \u00e9conomiques pour la transition \u00e9nerg\u00e9tique<\/h3>\n\n<p>Les mod\u00e8les \u00e9conomiques autour de la <strong>transition \u00e9nerg\u00e9tique<\/strong> sont essentiels pour penser une structure projetant les \u00e9conomies bas carbone. Le <strong>march\u00e9 du CO2<\/strong> doit \u00eatre pens\u00e9 de mani\u00e8re \u00e0 encourager les \u00e9conomies d&rsquo;\u00e9nergie, mais aussi \u00e0 fournir des financements pour les technologies renouvelables. Christian Gollier souligne qu&rsquo;il est crucial de rendre ce march\u00e9 accessible et \u00e9quitable.<\/p>\n\n<p>Les processus de mise en place de ces politiques climatiques reposent sur l&rsquo;id\u00e9e que les \u00e9nergies renouvelables peuvent et doivent remplacer progressivement les ressources fossiles, repr\u00e9sentant ainsi une v\u00e9ritable opportunit\u00e9 d\u2019innovation. Les villes doivent investir dans les infrastructures vertes, permettant un d\u00e9veloppement durable par l&rsquo;am\u00e9lioration des syst\u00e8mes de transport, de chauffage, et de climatisation. En somme, chaque investissement r\u00e9alis\u00e9 doit viser \u00e0 r\u00e9duire les \u00e9missions ainsi qu&rsquo;\u00e0 am\u00e9liorer le bien-\u00eatre des citoyens.<\/p>\n\n<ul class=\"wp-block-list\"><li>Investir dans les \u00e9nergies renouvelables \u2600\ufe0f<\/li><li>R\u00e9duire la d\u00e9pendance aux combustibles fossiles \u26fd<\/li><li>D\u00e9velopper des infrastructures vertes \ud83c\udf3f<\/li><\/ul>\n\n<h2 class=\"wp-block-heading\">Obstacles \u00e0 une politique climatique efficace<\/h2>\n\n<p>Malgr\u00e9 la clart\u00e9 des messages scientifiques, la mise en \u0153uvre de politiques climatiques reste sujette \u00e0 la r\u00e9sistance. Le d\u00e9ni de la responsabilit\u00e9 individuelle, \u00e0 savoir que chacun ne se voit pas comme contributeur \u00e0 ce ph\u00e9nom\u00e8ne, constitue un immense d\u00e9fi. Les gouvernements, eux aussi, plongent parfois dans l&rsquo;incertitude sur le co\u00fbt r\u00e9el de la transition.<\/p>\n\n<p>Les populations ont souvent le sentiment que le co\u00fbt de la transition se r\u00e9sume \u00e0 des sacrifices difficiles \u00e0 admettre. Les discours populistes, qu&rsquo;ils soient dans l&rsquo;h\u00e9micycle ou dans le d\u00e9bat public, promettent du changement sans bousculer les habitudes de vie. Gollier met en garde contre cette tendance, arguant que le changement climatique n\u00e9cessite une logique d\u2019engagement collectif, sup\u00e9rieure aux int\u00e9r\u00eats individuels.<\/p>\n\n<h3 class=\"wp-block-heading\">Vers une nouvelle conscience \u00e9cologique<\/h3>\n\n<p>Pour pallier aux freins naturels qui p\u00e8sent sur la transition \u00e9nerg\u00e9tique, une forte volont\u00e9 de p\u00e9dagogie doit \u00e9merger. Chaque citoyen doit \u00eatre sensibilis\u00e9 \u00e0 l&rsquo;impact de ses actions du quotidien. Gollier souligne l\u2019importance de cette prise de conscience collective, sans laquelle, toute tentative de politique climatique risquerait d&rsquo;\u00e9chouer. Quelles sont les pistes pour mieux communiquer autour de ces enjeux ? <\/p>\n\n<p>Il est primordial d\u2019inclure l&rsquo;\u00e9ducation \u00e0 l&rsquo;environnement dans les syst\u00e8mes scolaires pour inculquer, d\u00e8s le plus jeune \u00e2ge, l&rsquo;id\u00e9e que la lutte contre le r\u00e9chauffement climatique est l&rsquo;affaire de tous. Par des projets comme ceux qui laissent la place \u00e0 des initiatives \u00e9cologiques dans les \u00e9coles, les jeunes peuvent s&rsquo;engager en faveur de la pr\u00e9servation de leur environnement. Plusieurs \u00e9coles en sont d\u00e9j\u00e0 \u00e0 l\u2019\u0153uvre, d\u00e9ployant des projets vari\u00e9s allant de la gestion des d\u00e9chets \u00e0 la cr\u00e9ation d&rsquo;espaces verts.<\/p>\n\n<ul class=\"wp-block-list\"><li>Modules d&rsquo;\u00e9ducation \u00e0 l&rsquo;environnement dans les \u00e9coles \ud83d\udcda<\/li><li>Initiatives \u00e9tudiantes en faveur du d\u00e9veloppement durable \ud83c\udf31<\/li><li>Programmes communautaires pour sensibiliser les citoyens \ud83d\ude4c<\/li><\/ul>\n\n<h2 class=\"wp-block-heading\">Questions fr\u00e9quentes<\/h2>\n\n<p>Quel est le co\u00fbt d&rsquo;une tonne de CO2 selon Gollier ?<\/p>\n\n<p>Une tonne de CO2 entra\u00eene des pertes \u00e9conomiques \u00e9valu\u00e9es \u00e0 250 \u20ac.<\/p>\n\n<p>Pourquoi la tarification du carbone est-elle n\u00e9cessaire ?<\/p>\n\n<p>Elle permet de r\u00e9duire les \u00e9missions tout en g\u00e9n\u00e9rant des ressources pour aider \u00e0 compenser les hausses de co\u00fbts pour les m\u00e9nages.<\/p>\n\n<p>Comment sensibiliser le public \u00e0 la transition \u00e9nerg\u00e9tique ?<\/p>\n\n<p>Par l&rsquo;\u00e9ducation \u00e0 l&rsquo;environnement et des initiatives locales qui montrent l&rsquo;impact positif des actions durables.<\/p>\n\n<p>Quelles sont les cons\u00e9quences de l&rsquo;inaction climatique ?<\/p>\n\n<p>Des dommages \u00e9conomiques lourds, une aggravation des in\u00e9galit\u00e9s et une mise en p\u00e9ril de la sant\u00e9 publique.<\/p>\n\n<p>Comment les \u00e9coles peuvent-elles participer \u00e0 la transition \u00e9cologique ?<\/p>\n\n<p>En int\u00e9grant des modules d&rsquo;\u00e9ducation \u00e0 l&rsquo;environnement et en r\u00e9alisant des projets concret au sein de l&rsquo;\u00e9tablissement.<\/p>\n\n","protected":false},"excerpt":{"rendered":"<p>Le d\u00e9bat sur le changement climatique ne cesse de s&rsquo;intensifier et des experts comme Christian Gollier, directeur de la Toulouse School of Economics, tirent la sonnette d&rsquo;alarme sur les enjeux \u00e9conomiques li\u00e9s \u00e0 cette probl\u00e9matique. Gollier r\u00e9v\u00e8le qu&rsquo;\u00e9mettre une tonne de CO2 entra\u00eene des pertes \u00e9conomiques de 250 \u20ac. Ce chiffre n&rsquo;est pas qu&rsquo;une simple &#8230; <a title=\"Christian Gollier de la Toulouse School of Economics estime qu&rsquo;une tonne de CO2 entra\u00eene des pertes \u00e9conomiques de 250 \u20ac\" class=\"read-more\" href=\"https:\/\/www.apres-lecole.fr\/Blog\/co2-pertes-economiques-250e\/\" aria-label=\"En savoir plus sur Christian Gollier de la Toulouse School of Economics estime qu&rsquo;une tonne de CO2 entra\u00eene des pertes \u00e9conomiques de 250 \u20ac\">Lire plus<\/a><\/p>\n","protected":false},"author":7,"featured_media":2300,"comment_status":"open","ping_status":"open","sticky":false,"template":"","format":"standard","meta":{"footnotes":""},"categories":[342],"tags":[1518,1520,1521,1522,1519],"class_list":["post-2301","post","type-post","status-publish","format-standard","has-post-thumbnail","hentry","category-actualites","tag-christian-gollier","tag-co2","tag-impact-economique","tag-pertes-economiques","tag-toulouse-school-of-economics"],"yoast_head":"<!-- This site is optimized with the Yoast SEO plugin v27.5 - https:\/\/yoast.com\/product\/yoast-seo-wordpress\/ -->\n<title>Christian Gollier : Un Tonne de CO2, 250 \u20ac de Pertes pour l\u2019\u00c9conomie<\/title>\n<meta name=\"description\" content=\"Christian Gollier (TSE) estime que chaque tonne de CO2 \u00e9mise co\u00fbte 250 \u20ac en pertes \u00e9conomiques. D\u00e9couvrez son analyse.\" \/>\n<meta name=\"robots\" content=\"index, follow, max-snippet:-1, max-image-preview:large, max-video-preview:-1\" \/>\n<link rel=\"canonical\" href=\"https:\/\/www.apres-lecole.fr\/Blog\/co2-pertes-economiques-250e\/\" \/>\n<meta property=\"og:locale\" content=\"fr_FR\" \/>\n<meta property=\"og:type\" content=\"article\" \/>\n<meta property=\"og:title\" content=\"Christian Gollier : Un Tonne de CO2, 250 \u20ac de Pertes pour l\u2019\u00c9conomie\" \/>\n<meta property=\"og:description\" content=\"Christian Gollier (TSE) estime que chaque tonne de CO2 \u00e9mise co\u00fbte 250 \u20ac en pertes \u00e9conomiques. D\u00e9couvrez son analyse.\" \/>\n<meta property=\"og:url\" content=\"https:\/\/www.apres-lecole.fr\/Blog\/co2-pertes-economiques-250e\/\" \/>\n<meta property=\"article:published_time\" content=\"2025-09-08T07:11:35+00:00\" \/>\n<meta property=\"og:image\" content=\"https:\/\/www.apres-lecole.fr\/Blog\/wp-content\/uploads\/2025\/09\/Christian-Gollier-de-la-Toulouse-School-of-Economics-estime-quune-tonne-de-CO2-entraine-des-pertes-economiques-de-250-E.jpg\" \/>\n\t<meta property=\"og:image:width\" content=\"1344\" \/>\n\t<meta property=\"og:image:height\" content=\"768\" \/>\n\t<meta property=\"og:image:type\" content=\"image\/jpeg\" \/>\n<meta name=\"twitter:card\" content=\"summary_large_image\" \/>\n<meta name=\"twitter:label1\" content=\"\u00c9crit par\" \/>\n\t<meta name=\"twitter:data1\" content=\"\" \/>\n\t<meta name=\"twitter:label2\" content=\"Dur\u00e9e de lecture estim\u00e9e\" \/>\n\t<meta name=\"twitter:data2\" content=\"6 minutes\" \/>\n<script type=\"application\/ld+json\" class=\"yoast-schema-graph\">{\"@context\":\"https:\\\/\\\/schema.org\",\"@graph\":[{\"@type\":\"Article\",\"@id\":\"https:\\\/\\\/www.apres-lecole.fr\\\/Blog\\\/co2-pertes-economiques-250e\\\/#article\",\"isPartOf\":{\"@id\":\"https:\\\/\\\/www.apres-lecole.fr\\\/Blog\\\/co2-pertes-economiques-250e\\\/\"},\"author\":{\"name\":\"\",\"@id\":\"\"},\"headline\":\"Christian Gollier de la Toulouse School of Economics estime qu&rsquo;une tonne de CO2 entra\u00eene des pertes \u00e9conomiques de 250 \u20ac\",\"datePublished\":\"2025-09-08T07:11:35+00:00\",\"mainEntityOfPage\":{\"@id\":\"https:\\\/\\\/www.apres-lecole.fr\\\/Blog\\\/co2-pertes-economiques-250e\\\/\"},\"wordCount\":1319,\"commentCount\":0,\"image\":{\"@id\":\"https:\\\/\\\/www.apres-lecole.fr\\\/Blog\\\/co2-pertes-economiques-250e\\\/#primaryimage\"},\"thumbnailUrl\":\"https:\\\/\\\/www.apres-lecole.fr\\\/Blog\\\/wp-content\\\/uploads\\\/2025\\\/09\\\/Christian-Gollier-de-la-Toulouse-School-of-Economics-estime-quune-tonne-de-CO2-entraine-des-pertes-economiques-de-250-E.jpg\",\"keywords\":[\"christian gollier\",\"co2\",\"impact \u00e9conomique\",\"pertes \u00e9conomiques\",\"toulouse school of economics\"],\"articleSection\":[\"Actualit\u00e9s\"],\"inLanguage\":\"fr-FR\",\"potentialAction\":[{\"@type\":\"CommentAction\",\"name\":\"Comment\",\"target\":[\"https:\\\/\\\/www.apres-lecole.fr\\\/Blog\\\/co2-pertes-economiques-250e\\\/#respond\"]}]},{\"@type\":\"WebPage\",\"@id\":\"https:\\\/\\\/www.apres-lecole.fr\\\/Blog\\\/co2-pertes-economiques-250e\\\/\",\"url\":\"https:\\\/\\\/www.apres-lecole.fr\\\/Blog\\\/co2-pertes-economiques-250e\\\/\",\"name\":\"Christian Gollier : Un Tonne de CO2, 250 \u20ac de Pertes pour l\u2019\u00c9conomie\",\"isPartOf\":{\"@id\":\"https:\\\/\\\/www.apres-lecole.fr\\\/Blog\\\/#website\"},\"primaryImageOfPage\":{\"@id\":\"https:\\\/\\\/www.apres-lecole.fr\\\/Blog\\\/co2-pertes-economiques-250e\\\/#primaryimage\"},\"image\":{\"@id\":\"https:\\\/\\\/www.apres-lecole.fr\\\/Blog\\\/co2-pertes-economiques-250e\\\/#primaryimage\"},\"thumbnailUrl\":\"https:\\\/\\\/www.apres-lecole.fr\\\/Blog\\\/wp-content\\\/uploads\\\/2025\\\/09\\\/Christian-Gollier-de-la-Toulouse-School-of-Economics-estime-quune-tonne-de-CO2-entraine-des-pertes-economiques-de-250-E.jpg\",\"datePublished\":\"2025-09-08T07:11:35+00:00\",\"author\":{\"@id\":\"\"},\"description\":\"Christian Gollier (TSE) estime que chaque tonne de CO2 \u00e9mise co\u00fbte 250 \u20ac en pertes \u00e9conomiques. D\u00e9couvrez son analyse.\",\"breadcrumb\":{\"@id\":\"https:\\\/\\\/www.apres-lecole.fr\\\/Blog\\\/co2-pertes-economiques-250e\\\/#breadcrumb\"},\"inLanguage\":\"fr-FR\",\"potentialAction\":[{\"@type\":\"ReadAction\",\"target\":[\"https:\\\/\\\/www.apres-lecole.fr\\\/Blog\\\/co2-pertes-economiques-250e\\\/\"]}]},{\"@type\":\"ImageObject\",\"inLanguage\":\"fr-FR\",\"@id\":\"https:\\\/\\\/www.apres-lecole.fr\\\/Blog\\\/co2-pertes-economiques-250e\\\/#primaryimage\",\"url\":\"https:\\\/\\\/www.apres-lecole.fr\\\/Blog\\\/wp-content\\\/uploads\\\/2025\\\/09\\\/Christian-Gollier-de-la-Toulouse-School-of-Economics-estime-quune-tonne-de-CO2-entraine-des-pertes-economiques-de-250-E.jpg\",\"contentUrl\":\"https:\\\/\\\/www.apres-lecole.fr\\\/Blog\\\/wp-content\\\/uploads\\\/2025\\\/09\\\/Christian-Gollier-de-la-Toulouse-School-of-Economics-estime-quune-tonne-de-CO2-entraine-des-pertes-economiques-de-250-E.jpg\",\"width\":1344,\"height\":768,\"caption\":\"christian gollier, professeur \u00e0 la toulouse school of economics, affirme qu'une tonne de co2 \u00e9mise engendre des pertes \u00e9conomiques estim\u00e9es \u00e0 250 \u20ac, soulignant l'impact financier du changement climatique.\"},{\"@type\":\"BreadcrumbList\",\"@id\":\"https:\\\/\\\/www.apres-lecole.fr\\\/Blog\\\/co2-pertes-economiques-250e\\\/#breadcrumb\",\"itemListElement\":[{\"@type\":\"ListItem\",\"position\":1,\"name\":\"Home\",\"item\":\"https:\\\/\\\/www.apres-lecole.fr\\\/Blog\\\/\"},{\"@type\":\"ListItem\",\"position\":2,\"name\":\"Christian Gollier de la Toulouse School of Economics estime qu&rsquo;une tonne de CO2 entra\u00eene des pertes \u00e9conomiques de 250 \u20ac\"}]},{\"@type\":\"WebSite\",\"@id\":\"https:\\\/\\\/www.apres-lecole.fr\\\/Blog\\\/#website\",\"url\":\"https:\\\/\\\/www.apres-lecole.fr\\\/Blog\\\/\",\"name\":\"\",\"description\":\"M\u00e9dia g\u00e9n\u00e9raliste\",\"potentialAction\":[{\"@type\":\"SearchAction\",\"target\":{\"@type\":\"EntryPoint\",\"urlTemplate\":\"https:\\\/\\\/www.apres-lecole.fr\\\/Blog\\\/?s={search_term_string}\"},\"query-input\":{\"@type\":\"PropertyValueSpecification\",\"valueRequired\":true,\"valueName\":\"search_term_string\"}}],\"inLanguage\":\"fr-FR\"},{\"@type\":\"Person\",\"@id\":\"\",\"url\":\"https:\\\/\\\/www.apres-lecole.fr\\\/Blog\\\/author\\\/\"}]}<\/script>\n<!-- \/ Yoast SEO plugin. -->","yoast_head_json":{"title":"Christian Gollier : Un Tonne de CO2, 250 \u20ac de Pertes pour l\u2019\u00c9conomie","description":"Christian Gollier (TSE) estime que chaque tonne de CO2 \u00e9mise co\u00fbte 250 \u20ac en pertes \u00e9conomiques. D\u00e9couvrez son analyse.","robots":{"index":"index","follow":"follow","max-snippet":"max-snippet:-1","max-image-preview":"max-image-preview:large","max-video-preview":"max-video-preview:-1"},"canonical":"https:\/\/www.apres-lecole.fr\/Blog\/co2-pertes-economiques-250e\/","og_locale":"fr_FR","og_type":"article","og_title":"Christian Gollier : Un Tonne de CO2, 250 \u20ac de Pertes pour l\u2019\u00c9conomie","og_description":"Christian Gollier (TSE) estime que chaque tonne de CO2 \u00e9mise co\u00fbte 250 \u20ac en pertes \u00e9conomiques. D\u00e9couvrez son analyse.","og_url":"https:\/\/www.apres-lecole.fr\/Blog\/co2-pertes-economiques-250e\/","article_published_time":"2025-09-08T07:11:35+00:00","og_image":[{"width":1344,"height":768,"url":"https:\/\/www.apres-lecole.fr\/Blog\/wp-content\/uploads\/2025\/09\/Christian-Gollier-de-la-Toulouse-School-of-Economics-estime-quune-tonne-de-CO2-entraine-des-pertes-economiques-de-250-E.jpg","type":"image\/jpeg"}],"twitter_card":"summary_large_image","twitter_misc":{"\u00c9crit par":"","Dur\u00e9e de lecture estim\u00e9e":"6 minutes"},"schema":{"@context":"https:\/\/schema.org","@graph":[{"@type":"Article","@id":"https:\/\/www.apres-lecole.fr\/Blog\/co2-pertes-economiques-250e\/#article","isPartOf":{"@id":"https:\/\/www.apres-lecole.fr\/Blog\/co2-pertes-economiques-250e\/"},"author":{"name":"","@id":""},"headline":"Christian Gollier de la Toulouse School of Economics estime qu&rsquo;une tonne de CO2 entra\u00eene des pertes \u00e9conomiques de 250 \u20ac","datePublished":"2025-09-08T07:11:35+00:00","mainEntityOfPage":{"@id":"https:\/\/www.apres-lecole.fr\/Blog\/co2-pertes-economiques-250e\/"},"wordCount":1319,"commentCount":0,"image":{"@id":"https:\/\/www.apres-lecole.fr\/Blog\/co2-pertes-economiques-250e\/#primaryimage"},"thumbnailUrl":"https:\/\/www.apres-lecole.fr\/Blog\/wp-content\/uploads\/2025\/09\/Christian-Gollier-de-la-Toulouse-School-of-Economics-estime-quune-tonne-de-CO2-entraine-des-pertes-economiques-de-250-E.jpg","keywords":["christian gollier","co2","impact \u00e9conomique","pertes \u00e9conomiques","toulouse school of economics"],"articleSection":["Actualit\u00e9s"],"inLanguage":"fr-FR","potentialAction":[{"@type":"CommentAction","name":"Comment","target":["https:\/\/www.apres-lecole.fr\/Blog\/co2-pertes-economiques-250e\/#respond"]}]},{"@type":"WebPage","@id":"https:\/\/www.apres-lecole.fr\/Blog\/co2-pertes-economiques-250e\/","url":"https:\/\/www.apres-lecole.fr\/Blog\/co2-pertes-economiques-250e\/","name":"Christian Gollier : Un Tonne de CO2, 250 \u20ac de Pertes pour l\u2019\u00c9conomie","isPartOf":{"@id":"https:\/\/www.apres-lecole.fr\/Blog\/#website"},"primaryImageOfPage":{"@id":"https:\/\/www.apres-lecole.fr\/Blog\/co2-pertes-economiques-250e\/#primaryimage"},"image":{"@id":"https:\/\/www.apres-lecole.fr\/Blog\/co2-pertes-economiques-250e\/#primaryimage"},"thumbnailUrl":"https:\/\/www.apres-lecole.fr\/Blog\/wp-content\/uploads\/2025\/09\/Christian-Gollier-de-la-Toulouse-School-of-Economics-estime-quune-tonne-de-CO2-entraine-des-pertes-economiques-de-250-E.jpg","datePublished":"2025-09-08T07:11:35+00:00","author":{"@id":""},"description":"Christian Gollier (TSE) estime que chaque tonne de CO2 \u00e9mise co\u00fbte 250 \u20ac en pertes \u00e9conomiques. D\u00e9couvrez son analyse.","breadcrumb":{"@id":"https:\/\/www.apres-lecole.fr\/Blog\/co2-pertes-economiques-250e\/#breadcrumb"},"inLanguage":"fr-FR","potentialAction":[{"@type":"ReadAction","target":["https:\/\/www.apres-lecole.fr\/Blog\/co2-pertes-economiques-250e\/"]}]},{"@type":"ImageObject","inLanguage":"fr-FR","@id":"https:\/\/www.apres-lecole.fr\/Blog\/co2-pertes-economiques-250e\/#primaryimage","url":"https:\/\/www.apres-lecole.fr\/Blog\/wp-content\/uploads\/2025\/09\/Christian-Gollier-de-la-Toulouse-School-of-Economics-estime-quune-tonne-de-CO2-entraine-des-pertes-economiques-de-250-E.jpg","contentUrl":"https:\/\/www.apres-lecole.fr\/Blog\/wp-content\/uploads\/2025\/09\/Christian-Gollier-de-la-Toulouse-School-of-Economics-estime-quune-tonne-de-CO2-entraine-des-pertes-economiques-de-250-E.jpg","width":1344,"height":768,"caption":"christian gollier, professeur \u00e0 la toulouse school of economics, affirme qu'une tonne de co2 \u00e9mise engendre des pertes \u00e9conomiques estim\u00e9es \u00e0 250 \u20ac, soulignant l'impact financier du changement climatique."},{"@type":"BreadcrumbList","@id":"https:\/\/www.apres-lecole.fr\/Blog\/co2-pertes-economiques-250e\/#breadcrumb","itemListElement":[{"@type":"ListItem","position":1,"name":"Home","item":"https:\/\/www.apres-lecole.fr\/Blog\/"},{"@type":"ListItem","position":2,"name":"Christian Gollier de la Toulouse School of Economics estime qu&rsquo;une tonne de CO2 entra\u00eene des pertes \u00e9conomiques de 250 \u20ac"}]},{"@type":"WebSite","@id":"https:\/\/www.apres-lecole.fr\/Blog\/#website","url":"https:\/\/www.apres-lecole.fr\/Blog\/","name":"","description":"M\u00e9dia g\u00e9n\u00e9raliste","potentialAction":[{"@type":"SearchAction","target":{"@type":"EntryPoint","urlTemplate":"https:\/\/www.apres-lecole.fr\/Blog\/?s={search_term_string}"},"query-input":{"@type":"PropertyValueSpecification","valueRequired":true,"valueName":"search_term_string"}}],"inLanguage":"fr-FR"},{"@type":"Person","@id":"","url":"https:\/\/www.apres-lecole.fr\/Blog\/author\/"}]}},"views":20,"_links":{"self":[{"href":"https:\/\/www.apres-lecole.fr\/Blog\/wp-json\/wp\/v2\/posts\/2301","targetHints":{"allow":["GET"]}}],"collection":[{"href":"https:\/\/www.apres-lecole.fr\/Blog\/wp-json\/wp\/v2\/posts"}],"about":[{"href":"https:\/\/www.apres-lecole.fr\/Blog\/wp-json\/wp\/v2\/types\/post"}],"author":[{"embeddable":true,"href":"https:\/\/www.apres-lecole.fr\/Blog\/wp-json\/wp\/v2\/users\/7"}],"replies":[{"embeddable":true,"href":"https:\/\/www.apres-lecole.fr\/Blog\/wp-json\/wp\/v2\/comments?post=2301"}],"version-history":[{"count":0,"href":"https:\/\/www.apres-lecole.fr\/Blog\/wp-json\/wp\/v2\/posts\/2301\/revisions"}],"wp:featuredmedia":[{"embeddable":true,"href":"https:\/\/www.apres-lecole.fr\/Blog\/wp-json\/wp\/v2\/media\/2300"}],"wp:attachment":[{"href":"https:\/\/www.apres-lecole.fr\/Blog\/wp-json\/wp\/v2\/media?parent=2301"}],"wp:term":[{"taxonomy":"category","embeddable":true,"href":"https:\/\/www.apres-lecole.fr\/Blog\/wp-json\/wp\/v2\/categories?post=2301"},{"taxonomy":"post_tag","embeddable":true,"href":"https:\/\/www.apres-lecole.fr\/Blog\/wp-json\/wp\/v2\/tags?post=2301"}],"curies":[{"name":"wp","href":"https:\/\/api.w.org\/{rel}","templated":true}]}}