{"id":2299,"date":"2025-09-08T06:33:17","date_gmt":"2025-09-08T06:33:17","guid":{"rendered":"https:\/\/www.apres-lecole.fr\/Blog\/ecole-henri-farman-education\/"},"modified":"2025-09-08T06:33:17","modified_gmt":"2025-09-08T06:33:17","slug":"ecole-henri-farman-education","status":"publish","type":"post","link":"https:\/\/www.apres-lecole.fr\/Blog\/ecole-henri-farman-education\/","title":{"rendered":"D\u00e9couvrez l&rsquo;\u00e9cole internationale Henri Farman : un mod\u00e8le d&rsquo;\u00e9ducation innovant"},"content":{"rendered":"\n\n<div class=\"kk-star-ratings kksr-auto kksr-align-left kksr-valign-top\"\n    data-payload='{&quot;align&quot;:&quot;left&quot;,&quot;id&quot;:&quot;2299&quot;,&quot;slug&quot;:&quot;default&quot;,&quot;valign&quot;:&quot;top&quot;,&quot;ignore&quot;:&quot;&quot;,&quot;reference&quot;:&quot;auto&quot;,&quot;class&quot;:&quot;&quot;,&quot;count&quot;:&quot;0&quot;,&quot;legendonly&quot;:&quot;&quot;,&quot;readonly&quot;:&quot;&quot;,&quot;score&quot;:&quot;0&quot;,&quot;starsonly&quot;:&quot;&quot;,&quot;best&quot;:&quot;5&quot;,&quot;gap&quot;:&quot;5&quot;,&quot;greet&quot;:&quot;Rate this post&quot;,&quot;legend&quot;:&quot;0\\\/5 - (0 vote)&quot;,&quot;size&quot;:&quot;24&quot;,&quot;title&quot;:&quot;D\u00e9couvrez l\\u0026#039;\u00e9cole internationale Henri Farman : un mod\u00e8le d\\u0026#039;\u00e9ducation innovant&quot;,&quot;width&quot;:&quot;0&quot;,&quot;_legend&quot;:&quot;{score}\\\/{best} - ({count} {votes})&quot;,&quot;font_factor&quot;:&quot;1.25&quot;}'>\n            \n<div class=\"kksr-stars\">\n    \n<div class=\"kksr-stars-inactive\">\n            <div class=\"kksr-star\" data-star=\"1\" style=\"padding-right: 5px\">\n            \n\n<div class=\"kksr-icon\" style=\"width: 24px; height: 24px;\"><\/div>\n        <\/div>\n            <div class=\"kksr-star\" data-star=\"2\" style=\"padding-right: 5px\">\n            \n\n<div class=\"kksr-icon\" style=\"width: 24px; height: 24px;\"><\/div>\n        <\/div>\n            <div class=\"kksr-star\" data-star=\"3\" style=\"padding-right: 5px\">\n            \n\n<div class=\"kksr-icon\" style=\"width: 24px; height: 24px;\"><\/div>\n        <\/div>\n            <div class=\"kksr-star\" data-star=\"4\" style=\"padding-right: 5px\">\n            \n\n<div class=\"kksr-icon\" style=\"width: 24px; height: 24px;\"><\/div>\n        <\/div>\n            <div class=\"kksr-star\" data-star=\"5\" style=\"padding-right: 5px\">\n            \n\n<div class=\"kksr-icon\" style=\"width: 24px; height: 24px;\"><\/div>\n        <\/div>\n    <\/div>\n    \n<div class=\"kksr-stars-active\" style=\"width: 0px;\">\n            <div class=\"kksr-star\" style=\"padding-right: 5px\">\n            \n\n<div class=\"kksr-icon\" style=\"width: 24px; height: 24px;\"><\/div>\n        <\/div>\n            <div class=\"kksr-star\" style=\"padding-right: 5px\">\n            \n\n<div class=\"kksr-icon\" style=\"width: 24px; height: 24px;\"><\/div>\n        <\/div>\n            <div class=\"kksr-star\" style=\"padding-right: 5px\">\n            \n\n<div class=\"kksr-icon\" style=\"width: 24px; height: 24px;\"><\/div>\n        <\/div>\n            <div class=\"kksr-star\" style=\"padding-right: 5px\">\n            \n\n<div class=\"kksr-icon\" style=\"width: 24px; height: 24px;\"><\/div>\n        <\/div>\n            <div class=\"kksr-star\" style=\"padding-right: 5px\">\n            \n\n<div class=\"kksr-icon\" style=\"width: 24px; height: 24px;\"><\/div>\n        <\/div>\n    <\/div>\n<\/div>\n                \n\n<div class=\"kksr-legend\" style=\"font-size: 19.2px;\">\n            <span class=\"kksr-muted\">Rate this post<\/span>\n    <\/div>\n    <\/div>\n<p>Dans le paysage \u00e9ducatif en constante \u00e9volution, l&rsquo;\u00e9cole internationale Henri Farman se distingue par son approche innovante qui allie tradition et modernit\u00e9. Avec une vision centr\u00e9e sur le d\u00e9veloppement global de l&rsquo;\u00e9l\u00e8ve, cette institution offre bien plus qu&rsquo;un simple enseignement acad\u00e9mique. L&rsquo;\u00e9cole s&rsquo;engage \u00e0 cr\u00e9er un environnement o\u00f9 chaque enfant peut s&rsquo;\u00e9panouir, encourag\u00e9 par des valeurs d&rsquo;ouverture et de diversit\u00e9. Martin, un parent soucieux de l&rsquo;\u00e9ducation de son enfant, s&rsquo;est tourn\u00e9 vers cette \u00e9cole pour sa r\u00e9putation en mati\u00e8re d&rsquo;innovation p\u00e9dagogique et de formation internationale. Ce choix s&rsquo;av\u00e8re \u00eatre un tournant dans le parcours \u00e9ducatif de son fils. \u00c0 travers des m\u00e9thodes \u00e9ducatives pionni\u00e8res, l&rsquo;\u00e9cole pr\u00e9pare les futurs citoyens du monde, alliant comp\u00e9tences linguistiques, artistiques et sportives \u00e0 une approche humaine et solidaire.<\/p>\n\n<h2 class=\"wp-block-heading\">Un environnement d&rsquo;apprentissage unique \u00e0 l&rsquo;\u00e9cole internationale Henri Farman<\/h2>\n\n<p>\u00c0 l&rsquo;\u00e9cole internationale Henri Farman, l&rsquo;apprenant est au c\u0153ur de chaque initiative. Avec un environnement d&rsquo;apprentissage stimulant, les enseignements sont dispens\u00e9s dans un cadre propice \u00e0 l&rsquo;\u00e9panouissement intellectuel et personnel. Dans cette institution, l&rsquo;approche \u00e9ducative se concentre sur l&rsquo;<strong>apprentissage moderne<\/strong> en int\u00e9grant des classements internationaux de haut niveau. Les classes sont con\u00e7ues pour favoriser les petits effectifs, permettant ainsi aux enseignants de pr\u00eater une attention particuli\u00e8re \u00e0 chaque \u00e9l\u00e8ve.<\/p>\n\n<ul class=\"wp-block-list\"><li>Des classes bilingues qui ouvrent les portes de la formation internationale \ud83c\udf0d<\/li><li>Un enseignement personnalis\u00e9 pour r\u00e9pondre aux besoins individuels des enfants \ud83e\uddd1\u200d\ud83c\udfeb<\/li><li>Des activit\u00e9s artistiques enrichissantes telles que le th\u00e9\u00e2tre et la musique \ud83c\udfad\ud83c\udfb6<\/li><\/ul>\n\n<p>Cette \u00e9cole accorde une grande importance \u00e0 l\u2019\u00e9ducation des \u00e9l\u00e8ves d\u00e8s leur plus jeune \u00e2ge, avec un <strong>accueil pr\u00e9vu pour les enfants d\u00e8s 2 ans<\/strong>. Les parents appr\u00e9cient particuli\u00e8rement ce point, car cela permet aux enfants de s&rsquo;adapter progressivement \u00e0 leur nouvel environnement. De plus, l&rsquo;\u00c9cole internationale Henri Farman favorise l&rsquo;initiation \u00e0 des sujets tels que l&rsquo;\u00e9conomie sociale et le savoir-vivre, ce qui est unique pour le secteur de l&rsquo;<strong>enseignement priv\u00e9<\/strong>.<\/p>\n\n<h3 class=\"wp-block-heading\">Une approche p\u00e9dagogique centr\u00e9e sur l&rsquo;\u00e9l\u00e8ve<\/h3>\n\n<p>Les m\u00e9thodes innovantes employ\u00e9es \u00e0 l&rsquo;\u00e9cole sont le reflet d&rsquo;une volont\u00e9 d&rsquo;adaptation aux r\u00e9alit\u00e9s contemporaines. Les enseignants int\u00e8grent des strat\u00e9gies d&rsquo;apprentissage adapt\u00e9es aux enfants intellectuellement pr\u00e9coces, leur offrant ainsi des opportunit\u00e9s de d\u00e9veloppement qui sont souvent ignor\u00e9es dans des \u00e9tablissements plus traditionnels. Ce soutien individualis\u00e9 est renforc\u00e9 par un syst\u00e8me de tutorat qui permet aux \u00e9l\u00e8ves de progresser \u00e0 leur rythme.<\/p>\n\n<p>\u00c9voquons quelques-unes des sp\u00e9cificit\u00e9s de cette approche :<\/p>\n\n<figure class=\"wp-block-table\"><table>\n<thead>\n<tr>\n<th>Caract\u00e9ristiques<\/th>\n<th>Description<\/th>\n<\/tr>\n<\/thead>\n<tbody>\n<tr>\n<td>Petits effectifs<\/td>\n<td>Un maximum de 15 \u00e9l\u00e8ves par classe pour garantir une attention personnalis\u00e9e.<\/td>\n<\/tr>\n<tr>\n<td>Accompagnement \u00e9ducatif<\/td>\n<td>Un suivi m\u00e9thodologique rigoureux pour chaque \u00e9l\u00e8ve.<\/td>\n<\/tr>\n<tr>\n<td>Ateliers artistiques<\/td>\n<td>Des activit\u00e9s r\u00e9guli\u00e8res en th\u00e9\u00e2tre et musique pour \u00e9veiller la cr\u00e9ativit\u00e9.<\/td>\n<\/tr>\n<tr>\n<td>Activit\u00e9s sportives<\/td>\n<td>Des programmes d&rsquo;\u00e9ducation physique vari\u00e9s pour encourager le bien-\u00eatre.<\/td>\n<\/tr>\n<\/tbody>\n<\/table><\/figure>\n\n<h2 class=\"wp-block-heading\">Un enseignement bilingue au c\u0153ur de la formation internationale<\/h2>\n\n<p>Pour se pr\u00e9parer \u00e0 un monde de plus en plus globalis\u00e9, l&rsquo;\u00e9cole internationale Henri Farman propose un enseignement bilingue de grande qualit\u00e9. Cela permet aux \u00e9l\u00e8ves d&rsquo;acqu\u00e9rir des comp\u00e9tences linguistiques essentielles qui font la diff\u00e9rence dans leur parcours acad\u00e9mique. La ma\u00eetrise de plusieurs langues d\u00e8s le plus jeune \u00e2ge est une valeur ajout\u00e9e qui les accompagne tout au long de leur vie.<\/p>\n\n<p>L&rsquo;apprentissage des langues est con\u00e7u pour \u00eatre ludique et interactif :<\/p>\n\n<ul class=\"wp-block-list\"><li>Classes linguistiques interactives avec des jeux \u00e9ducatifs \ud83d\udcda\ud83c\udfb2<\/li><li>\u00c9changes culturels et linguistiques avec des \u00e9coles partenaires \u00e0 l&rsquo;international \ud83c\udf10<\/li><li>Ateliers de d\u00e9clamation et de narration en plusieurs langues \ud83c\udfa4\ud83d\udcd6<\/li><\/ul>\n\n<p>Les parents constatent rapidement que cette approche favorise non seulement l&rsquo;acquisition de la langue, mais aussi une ouverture d&rsquo;esprit et une compr\u00e9hension interculturelle qui sont indispensables de nos jours. Une \u00e9cole comme Henri Farman se d\u00e9marque nettement des \u00e9tablissements traditionnels, car elle forme des citoyennes et citoyens du monde. Cela plonge l&rsquo;\u00e9tablissement dans une dynamique d&rsquo;<strong>innovation p\u00e9dagogique<\/strong> qui attire de plus en plus de familles.<\/p>\n\n<h3 class=\"wp-block-heading\">Un accompagnement global des \u00e9l\u00e8ves<\/h3>\n\n<p>L&rsquo;un des atouts majeurs de l&rsquo;\u00e9cole internationale Henri Farman r\u00e9side dans son accompagnement holistique des \u00e9l\u00e8ves, qui ne se limite pas \u00e0 la sph\u00e8re acad\u00e9mique. L&rsquo;\u00e9cole veille \u00e0 int\u00e9grer les parents dans le parcours \u00e9ducatif de leurs enfants. L&rsquo;implication des familles est cruciale pour que l&rsquo;ensemble de la communaut\u00e9 scolaire puisse travailler en synergie. Cela permet de mener des projets communs enrichissants pour les \u00e9l\u00e8ves. On peut s&rsquo;attendre \u00e0 des rencontres r\u00e9guli\u00e8res, des conseils aux parents, et m\u00eame des forums de discussion sur l&rsquo;\u00e9ducation.<\/p>\n\n<p>Ces interactions r\u00e9guli\u00e8res renforcent la confiance entre l&rsquo;\u00e9cole et les familles, ce qui est d&rsquo;une importance capitale dans le d\u00e9veloppement des comp\u00e9tences des \u00e9l\u00e8ves. Une communication efficace favorise une ambiance sereine et harmonious.<\/p>\n\n<figure class=\"wp-block-table\"><table>\n<thead>\n<tr>\n<th>Event<\/th>\n<th>Description<\/th>\n<th>Date<\/th>\n<\/tr>\n<\/thead>\n<tbody>\n<tr>\n<td>Rencontre Parents-Professeurs<\/td>\n<td>Discussion sur les progr\u00e8s des \u00e9l\u00e8ves et conseils personnalis\u00e9s.<\/td>\n<td>Chaque trimestre<\/td>\n<\/tr>\n<tr>\n<td>Ateliers de sensibilisation<\/td>\n<td>Th\u00e8mes vari\u00e9s pour impliquer les familles dans l&rsquo;\u00e9ducation.<\/td>\n<td>1er samedi du mois<\/td>\n<\/tr>\n<tr>\n<td>Forum \u00c9ducatif<\/td>\n<td>\u00c9changes entre professionnels de l&rsquo;\u00e9ducation et familles.<\/td>\n<td>Annuel<\/td>\n<\/tr>\n<\/tbody>\n<\/table><\/figure>\n\n<h2 class=\"wp-block-heading\">Un parcours \u00e9ducatif complet de la maternelle au coll\u00e8ge<\/h2>\n\n<p>Le parcours \u00e0 l&rsquo;\u00e9cole internationale Henri Farman est con\u00e7u pour offrir une continuit\u00e9 \u00e9ducative de qualit\u00e9. Les \u00e9l\u00e8ves commencent d\u00e8s la maternelle, o\u00f9 ils sont introduits \u00e0 un programme d&rsquo;apprentissage ludique qui pose les bases de leurs futures ann\u00e9es scolaires. En progressant dans leur parcours, ils acc\u00e8dent \u00e0 une formation solide qui les pr\u00e9pare non seulement aux examens, mais aussi aux d\u00e9fis de la vie. L&rsquo;\u00e9cole abrite \u00e9galement un coll\u00e8ge qui prolonge cette mission \u00e9ducative avec rigueur et excellence.<\/p>\n\n<p>Voici quelques \u00e9l\u00e9ments cl\u00e9s qui font la diff\u00e9rence :<\/p>\n\n<ul class=\"wp-block-list\"><li>Une p\u00e9dagogie fond\u00e9e sur l\u2019exp\u00e9rience et la pratique \ud83d\udc69\u200d\ud83c\udfeb\ud83d\udcdd<\/li><li>Des \u00e9l\u00e8ves pr\u00e9par\u00e9s aux dipl\u00f4mes nationaux et aux parcours d&rsquo;\u00e9tudes sup\u00e9rieures \ud83c\udf93<\/li><li>Des modules de d\u00e9veloppement personnel et social pour favoriser l\u2019autonomie \ud83c\udf31<\/li><\/ul>\n\n<p>En r\u00e9sum\u00e9, l&rsquo;\u00e9cole internationale Henri Farman offre aux familles une approche compl\u00e8te et int\u00e9gr\u00e9e, centr\u00e9e sur l&rsquo;<strong>\u00e9ducation<\/strong>, la diversit\u00e9 culturelle et l&rsquo;accompagnement global de chaque \u00e9l\u00e8ve. Tous ces \u00e9l\u00e9ments contribuent \u00e0 cr\u00e9er un cadre favorable \u00e0 l&rsquo;\u00e9panouissement des \u00e9l\u00e8ves et \u00e0 leur r\u00e9ussite scolaire.<\/p>\n\n<h3 class=\"wp-block-heading\">Un engagement envers l\u2019\u00e9ducation inclusive<\/h3>\n\n<p>Une autre valeur fondamentale de l\u2019\u00e9cole est son engagement envers l\u2019\u00e9ducation inclusive. L&rsquo;\u00e9cole internationale Henri Farman accueille des \u00e9l\u00e8ves de toutes religions et cultures, faisant de la diversit\u00e9 un atout. Ce fonctionnement permet d&rsquo;\u00e9tablir un climat de confiance et de tol\u00e9rance, primordial dans notre soci\u00e9t\u00e9 actuelle. L&rsquo;inclusion fait partie int\u00e9grante de la philosophie \u00e9ducative, ce qui se manifeste dans des \u00e9v\u00e9nements interculturels, des projets collaboratifs entre \u00e9l\u00e8ves ou encore des journ\u00e9es th\u00e9matiques.<\/p>\n\n<p>Les parents se r\u00e9jouissent de cette d\u00e9marche, car ils savent que leurs enfants grandissent dans un environnement respectueux. Toutes ces initiatives contribuent \u00e0 forger des individus ouverts et \u00e9clair\u00e9s. L&rsquo;accent mis sur le <strong>d\u00e9veloppement des comp\u00e9tences<\/strong> sociales est, par ailleurs, crucial pour pr\u00e9parer les \u00e9l\u00e8ves \u00e0 devenir des acteurs de changement dans leur communaut\u00e9.<\/p>\n\n<h2 class=\"wp-block-heading\">Questions fr\u00e9quentes<\/h2>\n\n<p><strong>Quelles langues sont enseign\u00e9es \u00e0 l&rsquo;\u00e9cole internationale Henri Farman ?<\/strong><\/p>\n\n<p>Les \u00e9l\u00e8ves b\u00e9n\u00e9ficient d&rsquo;un enseignement bilingue, principalement en fran\u00e7ais et en anglais, mais des langues additionnelles peuvent \u00eatre aussi propos\u00e9es.<\/p>\n\n<p><strong>Quel est l&rsquo;\u00e2ge d&rsquo;admission pour l&rsquo;\u00e9cole ?<\/strong><\/p>\n\n<p>L&rsquo;\u00e9cole accepte les enfants d\u00e8s l&rsquo;\u00e2ge de 2 ans, permettant ainsi une int\u00e9gration pr\u00e9coce dans le milieu \u00e9ducatif.<\/p>\n\n<p><strong>Proposez-vous des activit\u00e9s p\u00e9riscolaires ?<\/strong><\/p>\n\n<p>Oui, l&rsquo;\u00e9cole offre un large \u00e9ventail d&rsquo;activit\u00e9s p\u00e9riscolaires telles que le th\u00e9\u00e2tre, la musique, et des sports collectifs.<\/p>\n\n<p><strong>Quelle est votre approche envers les enfants intellectuellement pr\u00e9coces ?<\/strong><\/p>\n\n<p>Nous adaptons notre p\u00e9dagogie pour r\u00e9pondre aux besoins de ces enfants, leur offrant des m\u00e9thodes personnalis\u00e9es et un suivi \u00e9ducatif sp\u00e9cifique.<\/p>\n\n<p><strong>Comment l&rsquo;\u00e9cole maintient-elle le contact avec les parents ?<\/strong><\/p>\n\n<p>Une communication r\u00e9guli\u00e8re et des rencontres sont organis\u00e9es pour informer les parents sur les progr\u00e8s de leurs enfants et les impliquer dans le process \u00e9ducatif.<\/p>\n\n","protected":false},"excerpt":{"rendered":"<p>Dans le paysage \u00e9ducatif en constante \u00e9volution, l&rsquo;\u00e9cole internationale Henri Farman se distingue par son approche innovante qui allie tradition et modernit\u00e9. Avec une vision centr\u00e9e sur le d\u00e9veloppement global de l&rsquo;\u00e9l\u00e8ve, cette institution offre bien plus qu&rsquo;un simple enseignement acad\u00e9mique. L&rsquo;\u00e9cole s&rsquo;engage \u00e0 cr\u00e9er un environnement o\u00f9 chaque enfant peut s&rsquo;\u00e9panouir, encourag\u00e9 par des &#8230; <a title=\"D\u00e9couvrez l&rsquo;\u00e9cole internationale Henri Farman : un mod\u00e8le d&rsquo;\u00e9ducation innovant\" class=\"read-more\" href=\"https:\/\/www.apres-lecole.fr\/Blog\/ecole-henri-farman-education\/\" aria-label=\"En savoir plus sur D\u00e9couvrez l&rsquo;\u00e9cole internationale Henri Farman : un mod\u00e8le d&rsquo;\u00e9ducation innovant\">Lire plus<\/a><\/p>\n","protected":false},"author":7,"featured_media":2298,"comment_status":"open","ping_status":"open","sticky":false,"template":"","format":"standard","meta":{"footnotes":""},"categories":[1],"tags":[1515,1397,1517,1502,1415],"class_list":["post-2299","post","type-post","status-publish","format-standard","has-post-thumbnail","hentry","category-metiers-entreprise","tag-ecole-internationale","tag-education-innovante","tag-henri-farman","tag-innovation-pedagogique","tag-modele-educatif"],"yoast_head":"<!-- This site is optimized with the Yoast SEO plugin v27.5 - https:\/\/yoast.com\/product\/yoast-seo-wordpress\/ -->\n<title>L\u2019\u00e9cole Henri Farman : l\u2019innovation \u00e9ducative \u00e0 l\u2019international<\/title>\n<meta name=\"description\" content=\"D\u00e9couvrez l&#039;\u00e9cole internationale Henri Farman, un mod\u00e8le d&#039;\u00e9ducation innovant alliant excellence, ouverture et p\u00e9dagogie moderne.\" \/>\n<meta name=\"robots\" content=\"index, follow, max-snippet:-1, max-image-preview:large, max-video-preview:-1\" \/>\n<link rel=\"canonical\" href=\"https:\/\/www.apres-lecole.fr\/Blog\/ecole-henri-farman-education\/\" \/>\n<meta property=\"og:locale\" content=\"fr_FR\" \/>\n<meta property=\"og:type\" content=\"article\" \/>\n<meta property=\"og:title\" content=\"L\u2019\u00e9cole Henri Farman : l\u2019innovation \u00e9ducative \u00e0 l\u2019international\" \/>\n<meta property=\"og:description\" content=\"D\u00e9couvrez l&#039;\u00e9cole internationale Henri Farman, un mod\u00e8le d&#039;\u00e9ducation innovant alliant excellence, ouverture et p\u00e9dagogie moderne.\" \/>\n<meta property=\"og:url\" content=\"https:\/\/www.apres-lecole.fr\/Blog\/ecole-henri-farman-education\/\" \/>\n<meta property=\"article:published_time\" content=\"2025-09-08T06:33:17+00:00\" \/>\n<meta property=\"og:image\" content=\"https:\/\/www.apres-lecole.fr\/Blog\/wp-content\/uploads\/2025\/09\/Decouvrez-lecole-internationale-Henri-Farman-un-modele-deducation-innovant.jpg\" \/>\n\t<meta property=\"og:image:width\" content=\"1344\" \/>\n\t<meta property=\"og:image:height\" content=\"768\" \/>\n\t<meta property=\"og:image:type\" content=\"image\/jpeg\" \/>\n<meta name=\"twitter:card\" content=\"summary_large_image\" \/>\n<meta name=\"twitter:label1\" content=\"\u00c9crit par\" \/>\n\t<meta name=\"twitter:data1\" content=\"\" \/>\n\t<meta name=\"twitter:label2\" content=\"Dur\u00e9e de lecture estim\u00e9e\" \/>\n\t<meta name=\"twitter:data2\" content=\"7 minutes\" \/>\n<script type=\"application\/ld+json\" class=\"yoast-schema-graph\">{\"@context\":\"https:\\\/\\\/schema.org\",\"@graph\":[{\"@type\":\"Article\",\"@id\":\"https:\\\/\\\/www.apres-lecole.fr\\\/Blog\\\/ecole-henri-farman-education\\\/#article\",\"isPartOf\":{\"@id\":\"https:\\\/\\\/www.apres-lecole.fr\\\/Blog\\\/ecole-henri-farman-education\\\/\"},\"author\":{\"name\":\"\",\"@id\":\"\"},\"headline\":\"D\u00e9couvrez l&rsquo;\u00e9cole internationale Henri Farman : un mod\u00e8le d&rsquo;\u00e9ducation innovant\",\"datePublished\":\"2025-09-08T06:33:17+00:00\",\"mainEntityOfPage\":{\"@id\":\"https:\\\/\\\/www.apres-lecole.fr\\\/Blog\\\/ecole-henri-farman-education\\\/\"},\"wordCount\":1430,\"commentCount\":0,\"image\":{\"@id\":\"https:\\\/\\\/www.apres-lecole.fr\\\/Blog\\\/ecole-henri-farman-education\\\/#primaryimage\"},\"thumbnailUrl\":\"https:\\\/\\\/www.apres-lecole.fr\\\/Blog\\\/wp-content\\\/uploads\\\/2025\\\/09\\\/Decouvrez-lecole-internationale-Henri-Farman-un-modele-deducation-innovant.jpg\",\"keywords\":[\"\u00e9cole internationale\",\"\u00e9ducation innovante\",\"henri farman\",\"innovation p\u00e9dagogique\",\"mod\u00e8le \u00e9ducatif\"],\"articleSection\":[\"M\u00e9tiers &amp; Entreprise\"],\"inLanguage\":\"fr-FR\",\"potentialAction\":[{\"@type\":\"CommentAction\",\"name\":\"Comment\",\"target\":[\"https:\\\/\\\/www.apres-lecole.fr\\\/Blog\\\/ecole-henri-farman-education\\\/#respond\"]}]},{\"@type\":\"WebPage\",\"@id\":\"https:\\\/\\\/www.apres-lecole.fr\\\/Blog\\\/ecole-henri-farman-education\\\/\",\"url\":\"https:\\\/\\\/www.apres-lecole.fr\\\/Blog\\\/ecole-henri-farman-education\\\/\",\"name\":\"L\u2019\u00e9cole Henri Farman : l\u2019innovation \u00e9ducative \u00e0 l\u2019international\",\"isPartOf\":{\"@id\":\"https:\\\/\\\/www.apres-lecole.fr\\\/Blog\\\/#website\"},\"primaryImageOfPage\":{\"@id\":\"https:\\\/\\\/www.apres-lecole.fr\\\/Blog\\\/ecole-henri-farman-education\\\/#primaryimage\"},\"image\":{\"@id\":\"https:\\\/\\\/www.apres-lecole.fr\\\/Blog\\\/ecole-henri-farman-education\\\/#primaryimage\"},\"thumbnailUrl\":\"https:\\\/\\\/www.apres-lecole.fr\\\/Blog\\\/wp-content\\\/uploads\\\/2025\\\/09\\\/Decouvrez-lecole-internationale-Henri-Farman-un-modele-deducation-innovant.jpg\",\"datePublished\":\"2025-09-08T06:33:17+00:00\",\"author\":{\"@id\":\"\"},\"description\":\"D\u00e9couvrez l'\u00e9cole internationale Henri Farman, un mod\u00e8le d'\u00e9ducation innovant alliant excellence, ouverture et p\u00e9dagogie moderne.\",\"breadcrumb\":{\"@id\":\"https:\\\/\\\/www.apres-lecole.fr\\\/Blog\\\/ecole-henri-farman-education\\\/#breadcrumb\"},\"inLanguage\":\"fr-FR\",\"potentialAction\":[{\"@type\":\"ReadAction\",\"target\":[\"https:\\\/\\\/www.apres-lecole.fr\\\/Blog\\\/ecole-henri-farman-education\\\/\"]}]},{\"@type\":\"ImageObject\",\"inLanguage\":\"fr-FR\",\"@id\":\"https:\\\/\\\/www.apres-lecole.fr\\\/Blog\\\/ecole-henri-farman-education\\\/#primaryimage\",\"url\":\"https:\\\/\\\/www.apres-lecole.fr\\\/Blog\\\/wp-content\\\/uploads\\\/2025\\\/09\\\/Decouvrez-lecole-internationale-Henri-Farman-un-modele-deducation-innovant.jpg\",\"contentUrl\":\"https:\\\/\\\/www.apres-lecole.fr\\\/Blog\\\/wp-content\\\/uploads\\\/2025\\\/09\\\/Decouvrez-lecole-internationale-Henri-Farman-un-modele-deducation-innovant.jpg\",\"width\":1344,\"height\":768,\"caption\":\"d\u00e9couvrez l\u2019\u00e9cole internationale henri farman, un \u00e9tablissement pionnier proposant une p\u00e9dagogie innovante et un environnement multiculturel id\u00e9al pour l\u2019\u00e9panouissement et la r\u00e9ussite des \u00e9l\u00e8ves.\"},{\"@type\":\"BreadcrumbList\",\"@id\":\"https:\\\/\\\/www.apres-lecole.fr\\\/Blog\\\/ecole-henri-farman-education\\\/#breadcrumb\",\"itemListElement\":[{\"@type\":\"ListItem\",\"position\":1,\"name\":\"Home\",\"item\":\"https:\\\/\\\/www.apres-lecole.fr\\\/Blog\\\/\"},{\"@type\":\"ListItem\",\"position\":2,\"name\":\"D\u00e9couvrez l&rsquo;\u00e9cole internationale Henri Farman : un mod\u00e8le d&rsquo;\u00e9ducation innovant\"}]},{\"@type\":\"WebSite\",\"@id\":\"https:\\\/\\\/www.apres-lecole.fr\\\/Blog\\\/#website\",\"url\":\"https:\\\/\\\/www.apres-lecole.fr\\\/Blog\\\/\",\"name\":\"\",\"description\":\"M\u00e9dia g\u00e9n\u00e9raliste\",\"potentialAction\":[{\"@type\":\"SearchAction\",\"target\":{\"@type\":\"EntryPoint\",\"urlTemplate\":\"https:\\\/\\\/www.apres-lecole.fr\\\/Blog\\\/?s={search_term_string}\"},\"query-input\":{\"@type\":\"PropertyValueSpecification\",\"valueRequired\":true,\"valueName\":\"search_term_string\"}}],\"inLanguage\":\"fr-FR\"},{\"@type\":\"Person\",\"@id\":\"\",\"url\":\"https:\\\/\\\/www.apres-lecole.fr\\\/Blog\\\/author\\\/\"}]}<\/script>\n<!-- \/ Yoast SEO plugin. -->","yoast_head_json":{"title":"L\u2019\u00e9cole Henri Farman : l\u2019innovation \u00e9ducative \u00e0 l\u2019international","description":"D\u00e9couvrez l'\u00e9cole internationale Henri Farman, un mod\u00e8le d'\u00e9ducation innovant alliant excellence, ouverture et p\u00e9dagogie moderne.","robots":{"index":"index","follow":"follow","max-snippet":"max-snippet:-1","max-image-preview":"max-image-preview:large","max-video-preview":"max-video-preview:-1"},"canonical":"https:\/\/www.apres-lecole.fr\/Blog\/ecole-henri-farman-education\/","og_locale":"fr_FR","og_type":"article","og_title":"L\u2019\u00e9cole Henri Farman : l\u2019innovation \u00e9ducative \u00e0 l\u2019international","og_description":"D\u00e9couvrez l'\u00e9cole internationale Henri Farman, un mod\u00e8le d'\u00e9ducation innovant alliant excellence, ouverture et p\u00e9dagogie moderne.","og_url":"https:\/\/www.apres-lecole.fr\/Blog\/ecole-henri-farman-education\/","article_published_time":"2025-09-08T06:33:17+00:00","og_image":[{"width":1344,"height":768,"url":"https:\/\/www.apres-lecole.fr\/Blog\/wp-content\/uploads\/2025\/09\/Decouvrez-lecole-internationale-Henri-Farman-un-modele-deducation-innovant.jpg","type":"image\/jpeg"}],"twitter_card":"summary_large_image","twitter_misc":{"\u00c9crit par":"","Dur\u00e9e de lecture estim\u00e9e":"7 minutes"},"schema":{"@context":"https:\/\/schema.org","@graph":[{"@type":"Article","@id":"https:\/\/www.apres-lecole.fr\/Blog\/ecole-henri-farman-education\/#article","isPartOf":{"@id":"https:\/\/www.apres-lecole.fr\/Blog\/ecole-henri-farman-education\/"},"author":{"name":"","@id":""},"headline":"D\u00e9couvrez l&rsquo;\u00e9cole internationale Henri Farman : un mod\u00e8le d&rsquo;\u00e9ducation innovant","datePublished":"2025-09-08T06:33:17+00:00","mainEntityOfPage":{"@id":"https:\/\/www.apres-lecole.fr\/Blog\/ecole-henri-farman-education\/"},"wordCount":1430,"commentCount":0,"image":{"@id":"https:\/\/www.apres-lecole.fr\/Blog\/ecole-henri-farman-education\/#primaryimage"},"thumbnailUrl":"https:\/\/www.apres-lecole.fr\/Blog\/wp-content\/uploads\/2025\/09\/Decouvrez-lecole-internationale-Henri-Farman-un-modele-deducation-innovant.jpg","keywords":["\u00e9cole internationale","\u00e9ducation innovante","henri farman","innovation p\u00e9dagogique","mod\u00e8le \u00e9ducatif"],"articleSection":["M\u00e9tiers &amp; Entreprise"],"inLanguage":"fr-FR","potentialAction":[{"@type":"CommentAction","name":"Comment","target":["https:\/\/www.apres-lecole.fr\/Blog\/ecole-henri-farman-education\/#respond"]}]},{"@type":"WebPage","@id":"https:\/\/www.apres-lecole.fr\/Blog\/ecole-henri-farman-education\/","url":"https:\/\/www.apres-lecole.fr\/Blog\/ecole-henri-farman-education\/","name":"L\u2019\u00e9cole Henri Farman : l\u2019innovation \u00e9ducative \u00e0 l\u2019international","isPartOf":{"@id":"https:\/\/www.apres-lecole.fr\/Blog\/#website"},"primaryImageOfPage":{"@id":"https:\/\/www.apres-lecole.fr\/Blog\/ecole-henri-farman-education\/#primaryimage"},"image":{"@id":"https:\/\/www.apres-lecole.fr\/Blog\/ecole-henri-farman-education\/#primaryimage"},"thumbnailUrl":"https:\/\/www.apres-lecole.fr\/Blog\/wp-content\/uploads\/2025\/09\/Decouvrez-lecole-internationale-Henri-Farman-un-modele-deducation-innovant.jpg","datePublished":"2025-09-08T06:33:17+00:00","author":{"@id":""},"description":"D\u00e9couvrez l'\u00e9cole internationale Henri Farman, un mod\u00e8le d'\u00e9ducation innovant alliant excellence, ouverture et p\u00e9dagogie moderne.","breadcrumb":{"@id":"https:\/\/www.apres-lecole.fr\/Blog\/ecole-henri-farman-education\/#breadcrumb"},"inLanguage":"fr-FR","potentialAction":[{"@type":"ReadAction","target":["https:\/\/www.apres-lecole.fr\/Blog\/ecole-henri-farman-education\/"]}]},{"@type":"ImageObject","inLanguage":"fr-FR","@id":"https:\/\/www.apres-lecole.fr\/Blog\/ecole-henri-farman-education\/#primaryimage","url":"https:\/\/www.apres-lecole.fr\/Blog\/wp-content\/uploads\/2025\/09\/Decouvrez-lecole-internationale-Henri-Farman-un-modele-deducation-innovant.jpg","contentUrl":"https:\/\/www.apres-lecole.fr\/Blog\/wp-content\/uploads\/2025\/09\/Decouvrez-lecole-internationale-Henri-Farman-un-modele-deducation-innovant.jpg","width":1344,"height":768,"caption":"d\u00e9couvrez l\u2019\u00e9cole internationale henri farman, un \u00e9tablissement pionnier proposant une p\u00e9dagogie innovante et un environnement multiculturel id\u00e9al pour l\u2019\u00e9panouissement et la r\u00e9ussite des \u00e9l\u00e8ves."},{"@type":"BreadcrumbList","@id":"https:\/\/www.apres-lecole.fr\/Blog\/ecole-henri-farman-education\/#breadcrumb","itemListElement":[{"@type":"ListItem","position":1,"name":"Home","item":"https:\/\/www.apres-lecole.fr\/Blog\/"},{"@type":"ListItem","position":2,"name":"D\u00e9couvrez l&rsquo;\u00e9cole internationale Henri Farman : un mod\u00e8le d&rsquo;\u00e9ducation innovant"}]},{"@type":"WebSite","@id":"https:\/\/www.apres-lecole.fr\/Blog\/#website","url":"https:\/\/www.apres-lecole.fr\/Blog\/","name":"","description":"M\u00e9dia g\u00e9n\u00e9raliste","potentialAction":[{"@type":"SearchAction","target":{"@type":"EntryPoint","urlTemplate":"https:\/\/www.apres-lecole.fr\/Blog\/?s={search_term_string}"},"query-input":{"@type":"PropertyValueSpecification","valueRequired":true,"valueName":"search_term_string"}}],"inLanguage":"fr-FR"},{"@type":"Person","@id":"","url":"https:\/\/www.apres-lecole.fr\/Blog\/author\/"}]}},"views":5,"_links":{"self":[{"href":"https:\/\/www.apres-lecole.fr\/Blog\/wp-json\/wp\/v2\/posts\/2299","targetHints":{"allow":["GET"]}}],"collection":[{"href":"https:\/\/www.apres-lecole.fr\/Blog\/wp-json\/wp\/v2\/posts"}],"about":[{"href":"https:\/\/www.apres-lecole.fr\/Blog\/wp-json\/wp\/v2\/types\/post"}],"author":[{"embeddable":true,"href":"https:\/\/www.apres-lecole.fr\/Blog\/wp-json\/wp\/v2\/users\/7"}],"replies":[{"embeddable":true,"href":"https:\/\/www.apres-lecole.fr\/Blog\/wp-json\/wp\/v2\/comments?post=2299"}],"version-history":[{"count":0,"href":"https:\/\/www.apres-lecole.fr\/Blog\/wp-json\/wp\/v2\/posts\/2299\/revisions"}],"wp:featuredmedia":[{"embeddable":true,"href":"https:\/\/www.apres-lecole.fr\/Blog\/wp-json\/wp\/v2\/media\/2298"}],"wp:attachment":[{"href":"https:\/\/www.apres-lecole.fr\/Blog\/wp-json\/wp\/v2\/media?parent=2299"}],"wp:term":[{"taxonomy":"category","embeddable":true,"href":"https:\/\/www.apres-lecole.fr\/Blog\/wp-json\/wp\/v2\/categories?post=2299"},{"taxonomy":"post_tag","embeddable":true,"href":"https:\/\/www.apres-lecole.fr\/Blog\/wp-json\/wp\/v2\/tags?post=2299"}],"curies":[{"name":"wp","href":"https:\/\/api.w.org\/{rel}","templated":true}]}}