{"id":2297,"date":"2025-09-07T07:02:31","date_gmt":"2025-09-07T07:02:31","guid":{"rendered":"https:\/\/www.apres-lecole.fr\/Blog\/cote-international-aubonne\/"},"modified":"2025-09-07T07:02:31","modified_gmt":"2025-09-07T07:02:31","slug":"cote-international-aubonne","status":"publish","type":"post","link":"https:\/\/www.apres-lecole.fr\/Blog\/cote-international-aubonne\/","title":{"rendered":"La C\u00f4te International School Aubonne : une exp\u00e9rience \u00e9ducative unique au c\u0153ur d&rsquo;une \u00e9cole internationale"},"content":{"rendered":"\n\n<div class=\"kk-star-ratings kksr-auto kksr-align-left kksr-valign-top\"\n    data-payload='{&quot;align&quot;:&quot;left&quot;,&quot;id&quot;:&quot;2297&quot;,&quot;slug&quot;:&quot;default&quot;,&quot;valign&quot;:&quot;top&quot;,&quot;ignore&quot;:&quot;&quot;,&quot;reference&quot;:&quot;auto&quot;,&quot;class&quot;:&quot;&quot;,&quot;count&quot;:&quot;0&quot;,&quot;legendonly&quot;:&quot;&quot;,&quot;readonly&quot;:&quot;&quot;,&quot;score&quot;:&quot;0&quot;,&quot;starsonly&quot;:&quot;&quot;,&quot;best&quot;:&quot;5&quot;,&quot;gap&quot;:&quot;5&quot;,&quot;greet&quot;:&quot;Rate this post&quot;,&quot;legend&quot;:&quot;0\\\/5 - (0 vote)&quot;,&quot;size&quot;:&quot;24&quot;,&quot;title&quot;:&quot;La C\u00f4te International School Aubonne : une exp\u00e9rience \u00e9ducative unique au c\u0153ur d\\u0026#039;une \u00e9cole internationale&quot;,&quot;width&quot;:&quot;0&quot;,&quot;_legend&quot;:&quot;{score}\\\/{best} - ({count} {votes})&quot;,&quot;font_factor&quot;:&quot;1.25&quot;}'>\n            \n<div class=\"kksr-stars\">\n    \n<div class=\"kksr-stars-inactive\">\n            <div class=\"kksr-star\" data-star=\"1\" style=\"padding-right: 5px\">\n            \n\n<div class=\"kksr-icon\" style=\"width: 24px; height: 24px;\"><\/div>\n        <\/div>\n            <div class=\"kksr-star\" data-star=\"2\" style=\"padding-right: 5px\">\n            \n\n<div class=\"kksr-icon\" style=\"width: 24px; height: 24px;\"><\/div>\n        <\/div>\n            <div class=\"kksr-star\" data-star=\"3\" style=\"padding-right: 5px\">\n            \n\n<div class=\"kksr-icon\" style=\"width: 24px; height: 24px;\"><\/div>\n        <\/div>\n            <div class=\"kksr-star\" data-star=\"4\" style=\"padding-right: 5px\">\n            \n\n<div class=\"kksr-icon\" style=\"width: 24px; height: 24px;\"><\/div>\n        <\/div>\n            <div class=\"kksr-star\" data-star=\"5\" style=\"padding-right: 5px\">\n            \n\n<div class=\"kksr-icon\" style=\"width: 24px; height: 24px;\"><\/div>\n        <\/div>\n    <\/div>\n    \n<div class=\"kksr-stars-active\" style=\"width: 0px;\">\n            <div class=\"kksr-star\" style=\"padding-right: 5px\">\n            \n\n<div class=\"kksr-icon\" style=\"width: 24px; height: 24px;\"><\/div>\n        <\/div>\n            <div class=\"kksr-star\" style=\"padding-right: 5px\">\n            \n\n<div class=\"kksr-icon\" style=\"width: 24px; height: 24px;\"><\/div>\n        <\/div>\n            <div class=\"kksr-star\" style=\"padding-right: 5px\">\n            \n\n<div class=\"kksr-icon\" style=\"width: 24px; height: 24px;\"><\/div>\n        <\/div>\n            <div class=\"kksr-star\" style=\"padding-right: 5px\">\n            \n\n<div class=\"kksr-icon\" style=\"width: 24px; height: 24px;\"><\/div>\n        <\/div>\n            <div class=\"kksr-star\" style=\"padding-right: 5px\">\n            \n\n<div class=\"kksr-icon\" style=\"width: 24px; height: 24px;\"><\/div>\n        <\/div>\n    <\/div>\n<\/div>\n                \n\n<div class=\"kksr-legend\" style=\"font-size: 19.2px;\">\n            <span class=\"kksr-muted\">Rate this post<\/span>\n    <\/div>\n    <\/div>\n<p>\u00c0 l&rsquo;\u00e8re de la mondialisation, l&rsquo;enseignement joue un r\u00f4le essentiel dans le d\u00e9veloppement des jeunes esprits. Situ\u00e9e \u00e0 Aubonne, la C\u00f4te International School (LCIS) se d\u00e9marque en offrant une <strong>exp\u00e9rience \u00e9ducative unique<\/strong> qui marie rigueur acad\u00e9mique, diversit\u00e9 culturelle, et soutien personnalis\u00e9, tout en s&rsquo;engageant fermement envers l&rsquo;innovation p\u00e9dagogique. En choisissant de conserver une structure \u00e0 taille humaine avec ses 450 \u00e9l\u00e8ves, cette <strong>\u00e9cole internationale<\/strong> ne se contente pas d&rsquo;\u00e9duquer, elle pr\u00e9pare des citoyens du monde, pr\u00eats \u00e0 relever les d\u00e9fis du futur. C&rsquo;est un cadre o\u00f9 chaque \u00e9l\u00e8ve est non seulement \u00e9cout\u00e9, mais aussi v\u00e9ritablement accompagn\u00e9 dans son parcours acad\u00e9mique et personnel. Dans cet article, plongeons au c\u0153ur de cette \u00e9cole qui place l&rsquo;humain et l&rsquo;apprentissage global au centre de sa mission.<\/p>\n\n<h2 class=\"wp-block-heading\">Un environnement d\u2019apprentissage stimulant et multiculturel \u00e0 la C\u00f4te International School<\/h2>\n\n<p>La C\u00f4te International School se distingue par son approche centr\u00e9e sur l\u2019\u00e9l\u00e8ve, favorisant ainsi un <strong>apprentissage global<\/strong> enrichi par la diversit\u00e9 culturelle. Accueillant plus de <strong>40 nationalit\u00e9s<\/strong>, l&rsquo;\u00e9cole permet aux \u00e9l\u00e8ves de vivre une v\u00e9ritable immersion multiculturelle. Cela ne se limite pas \u00e0 un simple chiffre, mais \u00e0 une multitude d&rsquo;exp\u00e9riences qui fa\u00e7onnent la conscience et l&rsquo;ouverture d&rsquo;esprit des \u00e9l\u00e8ves.<\/p>\n\n<h3 class=\"wp-block-heading\">Les bienfaits de la diversit\u00e9<\/h3>\n\n<p>La diversit\u00e9 au sein de l\u2019\u00e9cole joue un r\u00f4le fondamental. Elle nourrit non seulement le curriculum mais \u00e9galement le quotidien des \u00e9l\u00e8ves. Voici quelques exemples de la mani\u00e8re dont cette richesse est int\u00e9gr\u00e9e :<\/p>\n\n<ul class=\"wp-block-list\"><li>\ud83c\udf0d <strong>Journ\u00e9es culturelles<\/strong> : Ces \u00e9v\u00e9nements permettent aux \u00e9l\u00e8ves de partager leurs traditions, cuisines, et histoires.<\/li><li>\ud83d\udcac <strong>Clubs de d\u00e9bat<\/strong> : Ils favorisent l&rsquo;\u00e9change d&rsquo;id\u00e9es et la compr\u00e9hension des diff\u00e9rents points de vue dans un cadre respectueux.<\/li><li>\u2708\ufe0f <strong>Voyages humanitaires<\/strong> : Ces exp\u00e9riences permettent aux \u00e9l\u00e8ves de se rendre compte des r\u00e9alit\u00e9s mondiales tout en participant \u00e0 des projets d&rsquo;entraide.<\/li><\/ul>\n\n<p>Ces initiatives ne se contentent pas de promouvoir le multiculturalisme, elles encouragent l\u2019empathie, le respect et la compr\u00e9hension mutuelle. Andrew McLoughlin, le directeur de l&rsquo;\u00e9cole, insiste sur ce point : \u00ab Les \u00e9l\u00e8ves apprennent non seulement de leurs enseignants mais aussi de leurs camarades. \u00bb<\/p>\n\n<h3 class=\"wp-block-heading\">Partenariats locaux et ancrage dans la communaut\u00e9<\/h3>\n\n<p>Loin d&rsquo;\u00eatre une institution isol\u00e9e, la <strong>C\u00f4te International School<\/strong> maintient un fort lien avec la communaut\u00e9 locale. Cet ancrage se manifeste par :<\/p>\n\n<figure class=\"wp-block-table\"><table>\n<thead>\n<tr>\n<th>Partenariat<\/th>\n<th>Description<\/th>\n<\/tr>\n<\/thead>\n<tbody>\n<tr>\n<td>\ud83c\udfca Piscine municipale<\/td>\n<td>Engagement dans des activit\u00e9s aquatiques pour tous les niveaux.<\/td>\n<\/tr>\n<tr>\n<td>\ud83c\udfbe Clubs de tennis<\/td>\n<td>Acc\u00e8s aux infrastructures locales pour le sport et le d\u00e9veloppement personnel.<\/td>\n<\/tr>\n<tr>\n<td>\ud83c\udfad Studios de danse<\/td>\n<td>Collaboration pour des activit\u00e9s artistiques enrichissantes.<\/td>\n<\/tr>\n<\/tbody>\n<\/table><\/figure>\n\n<p>Ces interactions renforcent le sentiment d\u2019appartenance et permettent aux \u00e9l\u00e8ves de non seulement apprendre sur leur environnement imm\u00e9diat, mais aussi de contribuer activement \u00e0 celui-ci.<\/p>\n\n<h2 class=\"wp-block-heading\">Une approche p\u00e9dagogique personnalis\u00e9e pour chaque \u00e9l\u00e8ve<\/h2>\n\n<p>Les m\u00e9thodes d&rsquo;enseignement \u00e0 la C\u00f4te International School sont con\u00e7ues pour r\u00e9pondre aux besoins individuels des \u00e9l\u00e8ves. L&rsquo;\u00e9cole met un point d&rsquo;honneur \u00e0 offrir un <strong>accompagnement personnalis\u00e9<\/strong>, indispensable \u00e0 leur \u00e9panouissement. Le cadre de l&rsquo;\u00e9cole favorise la cr\u00e9ativit\u00e9 et l&rsquo;autonomie des \u00e9l\u00e8ves.<\/p>\n\n<h3 class=\"wp-block-heading\">P\u00e9dagogie centr\u00e9e sur l\u2019\u00e9l\u00e8ve<\/h3>\n\n<p>Cette m\u00e9thode privil\u00e9gie l&rsquo;identit\u00e9 et le parcours de chaque \u00e9l\u00e8ve. Voici quelques cl\u00e9s de la p\u00e9dagogie personnalis\u00e9e \u00e0 LCIS :<\/p>\n\n<ul class=\"wp-block-list\"><li>\ud83d\udcda <strong>\u00c9valuation continue<\/strong> : Pour adapter les contenus aux besoins sp\u00e9cifiques des \u00e9l\u00e8ves.<\/li><li>\ud83e\udd1d <strong>Encadrement individuel<\/strong> : Chaque \u00e9l\u00e8ve b\u00e9n\u00e9ficie d&rsquo;un suivi r\u00e9gulier de la part de son enseignant, apprenant ainsi \u00e0 mieux se conna\u00eetre.<\/li><li>\ud83d\ude80 <strong>Projets personnalis\u00e9s<\/strong> : Les \u00e9l\u00e8ves peuvent explorer des sujets qui les passionnent dans un cadre acad\u00e9mique.<\/li><\/ul>\n\n<p>La C\u00f4te International School int\u00e8gre des outils d\u2019\u00e9valuation modernes et favorise le dialogue entre les enseignants et les \u00e9l\u00e8ves. Cela cr\u00e9e une atmosph\u00e8re propice aux \u00e9changes et \u00e0 la r\u00e9flexion critique.<\/p>\n\n<h3 class=\"wp-block-heading\">Une innovation p\u00e9dagogique \u00e0 chaque \u00e9tape<\/h3>\n\n<p>L&rsquo;innovation p\u00e9dagogique est au c\u0153ur des pr\u00e9occupations de l\u2019\u00e9cole. Les enseignants travaillent ensemble pour \u00e9laborer des programmes align\u00e9s sur les standards internationaux tout en tenant compte des sp\u00e9cificit\u00e9s locales. Cela passe par l\u2019adaptation des ressources p\u00e9dagogiques et des outils technologiques. Voici quelques exemples de ce dynamisme :<\/p>\n\n<ul class=\"wp-block-list\"><li>\ud83d\udca1 <strong>Utilisation de la technologie<\/strong> : Int\u00e9gration des outils num\u00e9riques pour apporter un soutien \u00e0 l\u2019apprentissage.<\/li><li>\ud83c\udfa8 <strong>Activit\u00e9s cr\u00e9atives<\/strong> : Ateliers d\u2019art, de musique et d\u2019expression orale pour lib\u00e9rer la cr\u00e9ativit\u00e9 des \u00e9l\u00e8ves.<\/li><li>\ud83e\uddd1\u200d\ud83c\udfeb <strong>Formations continues des enseignants<\/strong> : Pour que le personnel p\u00e9dagogique soit \u00e0 la pointe des m\u00e9thodes d&rsquo;enseignement.<\/li><\/ul>\n\n<p>Cette qu\u00eate d\u2019innovation permet \u00e0 la C\u00f4te International School d\u2019\u00eatre une r\u00e9f\u00e9rence en mati\u00e8re d&rsquo;enseignement bilingue, garantissant une <strong>excellence acad\u00e9mique<\/strong> \u00e0 tous ses \u00e9l\u00e8ves.<\/p>\n\n<h2 class=\"wp-block-heading\">Pr\u00e9parer les \u00e9l\u00e8ves \u00e0 un avenir radieux<\/h2>\n\n<p>Au-del\u00e0 des connaissances acad\u00e9miques, LCIS \u0153uvre \u00e0 la formation de jeunes capables de s\u2019adapter \u00e0 un monde en perp\u00e9tuelle \u00e9volution. Cela concerne aussi bien les comp\u00e9tences techniques que humaines. L\u2019\u00e9cole privil\u00e9gie un d\u00e9veloppement personnel qui va au-del\u00e0 du simple savoir.<\/p>\n\n<h3 class=\"wp-block-heading\">Les comp\u00e9tences du XXIe si\u00e8cle<\/h3>\n\n<p>\u00c0 une \u00e9poque o\u00f9 le monde du travail \u00e9volue rapidement, il est crucial de d\u00e9velopper des comp\u00e9tences qui iront au-del\u00e0 des livres. \u00c0 la C\u00f4te International School, on enseigne :<\/p>\n\n<ul class=\"wp-block-list\"><li>\ud83d\udde3\ufe0f <strong>La communication efficace<\/strong> : Savoir s\u2019exprimer clairement et construire des arguments solides.<\/li><li>\ud83e\udd14 <strong>La pens\u00e9e critique<\/strong> : D\u00e9velopper la capacit\u00e9 \u00e0 poser des questions et \u00e0 analyser des situations.<\/li><li>\ud83c\udf10 <strong>Le travail collaboratif<\/strong> : Apprendre \u00e0 travailler en \u00e9quipe, importante dans le monde moderne.<\/li><\/ul>\n\n<p>Les \u00e9l\u00e8ves sont encourag\u00e9s \u00e0 participer \u00e0 des activit\u00e9s vari\u00e9es qui renforcent ces comp\u00e9tences. Que ce soit \u00e0 travers des projets en groupe ou des comp\u00e9titions sportives, chaque opportunit\u00e9 est une occasion d&rsquo;apprendre.<\/p>\n\n<h3 class=\"wp-block-heading\">Un bilan de r\u00e9ussite exceptionnel<\/h3>\n\n<p>En mati\u00e8re de r\u00e9sultats acad\u00e9miques, LCIS a su s&rsquo;imposer. Avec un taux de r\u00e9ussite de 97% au Baccalaur\u00e9at International ces trois derni\u00e8res ann\u00e9es, l&rsquo;\u00e9cole se positionne parmi les meilleures dans le canton. Les \u00e9tudiants de LCIS int\u00e8grent des \u00e9tablissements prestigieux, tant en Suisse qu&rsquo;\u00e0 l&rsquo;\u00e9tranger :<\/p>\n\n<figure class=\"wp-block-table\"><table>\n<thead>\n<tr>\n<th>Destinations universitaires<\/th>\n<th>Domaines d\u2019\u00e9tude<\/th>\n<\/tr>\n<\/thead>\n<tbody>\n<tr>\n<td>\ud83c\udfdb\ufe0f \u00c9cole Polytechnique F\u00e9d\u00e9rale de Lausanne<\/td>\n<td>Ing\u00e9nierie, technologies<\/td>\n<\/tr>\n<tr>\n<td>\ud83c\udf0d Universit\u00e9 de Gen\u00e8ve<\/td>\n<td>Sciences sociales, arts<\/td>\n<\/tr>\n<tr>\n<td>\ud83c\uddec\ud83c\udde7 Imperial College London<\/td>\n<td>Sciences, technologies<\/td>\n<\/tr>\n<tr>\n<td>\ud83c\udde8\ud83c\udde6 Universit\u00e9 de Toronto<\/td>\n<td>Sciences humaines, arts<\/td>\n<\/tr>\n<tr>\n<td>\ud83c\uddee\ud83c\uddf9 Universit\u00e9 Bocconi<\/td>\n<td>\u00c9conomie, affaires<\/td>\n<\/tr>\n<\/tbody>\n<\/table><\/figure>\n\n<p>Ces r\u00e9sultats t\u00e9moignent du s\u00e9rieux et de la qualit\u00e9 de l\u2019enseignement, mais aussi du courage et de la d\u00e9termination des \u00e9l\u00e8ves \u00e0 suivre leurs propres r\u00eaves.<\/p>\n\n<h2 class=\"wp-block-heading\">Culture et \u00e9panouissement \u00e0 la C\u00f4te International School<\/h2>\n\n<p>\u00c0 la C\u00f4te International School, l&rsquo;\u00e9ducation ne se limite pas aux mati\u00e8res acad\u00e9miques. L\u2019\u00e9cole place un fort accent sur le d\u00e9veloppement personnel, essentiel \u00e0 l\u2019\u00e9panouissement des \u00e9l\u00e8ves. Les activit\u00e9s artistiques, sportives et communautaires sont au programme, car elles contribuent \u00e0 forger la personnalit\u00e9 des \u00e9l\u00e8ves.<\/p>\n\n<h3 class=\"wp-block-heading\">Un ensemble d\u2019activit\u00e9s enrichissantes<\/h3>\n\n<p>Les \u00e9l\u00e8ves sont encourag\u00e9s \u00e0 participer \u00e0 une vari\u00e9t\u00e9 d&rsquo;activit\u00e9s extra-scolaires. Voici quelques exemples :<\/p>\n\n<ul class=\"wp-block-list\"><li>\ud83c\udfa8 <strong>Ateliers d\u2019art<\/strong> : Ces sessions permettent aux \u00e9l\u00e8ves de d\u00e9velopper leur cr\u00e9ativit\u00e9 et leur sensibilit\u00e9 artistique.<\/li><li>\u26bd <strong>Comp\u00e9titions sportives<\/strong> : Elles renforcent l&rsquo;esprit d&rsquo;\u00e9quipe et la d\u00e9termination.<\/li><li>\ud83c\udf31 <strong>Projets communautaires<\/strong> : Les \u00e9l\u00e8ves s&rsquo;engagent dans des actions au sein de la communaut\u00e9 d&rsquo;Aubonne.<\/li><\/ul>\n\n<p>Ces divers aspects participatifs offrent aux \u00e9l\u00e8ves l\u2019opportunit\u00e9 de s&rsquo;affirmer, de se d\u00e9couvrir et de cr\u00e9er des liens avec leurs pairs.<\/p>\n\n<h3 class=\"wp-block-heading\">Un cadre de vie \u00e9quilibr\u00e9<\/h3>\n\n<p>Au-del\u00e0 des apprentissages, la C\u00f4te International School favorise un cadre de vie sain et \u00e9quilibr\u00e9. La m\u00e9ditation, le bien-\u00eatre et la gestion du stress sont int\u00e9gr\u00e9es dans le curriculum. L&rsquo;\u00e9cole encourage les \u00e9l\u00e8ves \u00e0 s\u2019\u00e9panouir non seulement sur le plan acad\u00e9mique, mais aussi personnel.<\/p>\n\n<p>Un lieu o\u00f9 les comp\u00e9tences humaines prennent tout leur sens. Andrew McLoughlin le r\u00e9sume bien : \u00ab Ce que nous offrons, c\u2019est bien plus qu\u2019un dipl\u00f4me, c\u2019est une pr\u00e9paration \u00e0 la vie. \u00bb<\/p>\n\n<h2 class=\"wp-block-heading\">Questions fr\u00e9quentes<\/h2>\n\n<p><strong>Quelles langues sont enseign\u00e9es \u00e0 la C\u00f4te International School ?<\/strong><br>LCIS offre un <strong>enseignement bilingue<\/strong> en anglais et en fran\u00e7ais, permettant aux \u00e9l\u00e8ves d&rsquo;apprendre dans une atmosph\u00e8re multiculturelle.<\/p>\n\n<p><strong>Quels sont les \u00e2ges des \u00e9l\u00e8ves accueillis ?<\/strong><br>L&rsquo;\u00e9cole accueille des enfants \u00e2g\u00e9s de 3 \u00e0 18 ans, leur permettant de b\u00e9n\u00e9ficier d\u2019un parcours \u00e9ducatif continu.<\/p>\n\n<p><strong>Comment l&rsquo;\u00e9cole favorise-t-elle l&rsquo;int\u00e9gration culturelle ?<\/strong><br>Des initiatives telles que les <strong>journ\u00e9es culturelles<\/strong> et les \u00e9changes avec des organisations internationales enrichissent l&rsquo;exp\u00e9rience des \u00e9l\u00e8ves.<\/p>\n\n<p><strong>Quels types d\u2019activit\u00e9s extra-scolaires sont propos\u00e9es ?<\/strong><br>Un large \u00e9ventail d&rsquo;activit\u00e9s allant des sports aux arts, ainsi que des projets communautaires, sont offerts pour favoriser l\u2019\u00e9panouissement des \u00e9l\u00e8ves.<\/p>\n\n<p><strong>Quels sont les taux de r\u00e9ussite au Baccalaur\u00e9at International ?<\/strong><br>LCIS a un taux de r\u00e9ussite de 97% au Baccalaur\u00e9at International, prouvant son engagement envers l\u2019<strong>excellence acad\u00e9mique<\/strong>.<\/p>\n\n","protected":false},"excerpt":{"rendered":"<p>\u00c0 l&rsquo;\u00e8re de la mondialisation, l&rsquo;enseignement joue un r\u00f4le essentiel dans le d\u00e9veloppement des jeunes esprits. Situ\u00e9e \u00e0 Aubonne, la C\u00f4te International School (LCIS) se d\u00e9marque en offrant une exp\u00e9rience \u00e9ducative unique qui marie rigueur acad\u00e9mique, diversit\u00e9 culturelle, et soutien personnalis\u00e9, tout en s&rsquo;engageant fermement envers l&rsquo;innovation p\u00e9dagogique. En choisissant de conserver une structure \u00e0 &#8230; <a title=\"La C\u00f4te International School Aubonne : une exp\u00e9rience \u00e9ducative unique au c\u0153ur d&rsquo;une \u00e9cole internationale\" class=\"read-more\" href=\"https:\/\/www.apres-lecole.fr\/Blog\/cote-international-aubonne\/\" aria-label=\"En savoir plus sur La C\u00f4te International School Aubonne : une exp\u00e9rience \u00e9ducative unique au c\u0153ur d&rsquo;une \u00e9cole internationale\">Lire plus<\/a><\/p>\n","protected":false},"author":7,"featured_media":2296,"comment_status":"open","ping_status":"open","sticky":false,"template":"","format":"standard","meta":{"footnotes":""},"categories":[342],"tags":[1514,1513,1515,412,1516],"class_list":["post-2297","post","type-post","status-publish","format-standard","has-post-thumbnail","hentry","category-actualites","tag-aubonne","tag-cote-international-school","tag-ecole-internationale","tag-education","tag-experience-educative"],"yoast_head":"<!-- This site is optimized with the Yoast SEO plugin v27.5 - https:\/\/yoast.com\/product\/yoast-seo-wordpress\/ -->\n<title>La C\u00f4te International School Aubonne : l\u2019excellence internationale en action<\/title>\n<meta name=\"description\" content=\"D\u00e9couvrez La C\u00f4te International School Aubonne : une \u00e9cole internationale offrant une exp\u00e9rience \u00e9ducative unique et enrichissante en Suisse.\" \/>\n<meta name=\"robots\" content=\"index, follow, max-snippet:-1, max-image-preview:large, max-video-preview:-1\" \/>\n<link rel=\"canonical\" href=\"https:\/\/www.apres-lecole.fr\/Blog\/cote-international-aubonne\/\" \/>\n<meta property=\"og:locale\" content=\"fr_FR\" \/>\n<meta property=\"og:type\" content=\"article\" \/>\n<meta property=\"og:title\" content=\"La C\u00f4te International School Aubonne : l\u2019excellence internationale en action\" \/>\n<meta property=\"og:description\" content=\"D\u00e9couvrez La C\u00f4te International School Aubonne : une \u00e9cole internationale offrant une exp\u00e9rience \u00e9ducative unique et enrichissante en Suisse.\" \/>\n<meta property=\"og:url\" content=\"https:\/\/www.apres-lecole.fr\/Blog\/cote-international-aubonne\/\" \/>\n<meta property=\"article:published_time\" content=\"2025-09-07T07:02:31+00:00\" \/>\n<meta property=\"og:image\" content=\"https:\/\/www.apres-lecole.fr\/Blog\/wp-content\/uploads\/2025\/09\/La-Cote-International-School-Aubonne-une-experience-educative-unique-au-coeur-dune-ecole-internationale.jpg\" \/>\n\t<meta property=\"og:image:width\" content=\"1344\" \/>\n\t<meta property=\"og:image:height\" content=\"768\" \/>\n\t<meta property=\"og:image:type\" content=\"image\/jpeg\" \/>\n<meta name=\"twitter:card\" content=\"summary_large_image\" \/>\n<meta name=\"twitter:label1\" content=\"\u00c9crit par\" \/>\n\t<meta name=\"twitter:data1\" content=\"\" \/>\n\t<meta name=\"twitter:label2\" content=\"Dur\u00e9e de lecture estim\u00e9e\" \/>\n\t<meta name=\"twitter:data2\" content=\"7 minutes\" \/>\n<script type=\"application\/ld+json\" class=\"yoast-schema-graph\">{\"@context\":\"https:\\\/\\\/schema.org\",\"@graph\":[{\"@type\":\"Article\",\"@id\":\"https:\\\/\\\/www.apres-lecole.fr\\\/Blog\\\/cote-international-aubonne\\\/#article\",\"isPartOf\":{\"@id\":\"https:\\\/\\\/www.apres-lecole.fr\\\/Blog\\\/cote-international-aubonne\\\/\"},\"author\":{\"name\":\"\",\"@id\":\"\"},\"headline\":\"La C\u00f4te International School Aubonne : une exp\u00e9rience \u00e9ducative unique au c\u0153ur d&rsquo;une \u00e9cole internationale\",\"datePublished\":\"2025-09-07T07:02:31+00:00\",\"mainEntityOfPage\":{\"@id\":\"https:\\\/\\\/www.apres-lecole.fr\\\/Blog\\\/cote-international-aubonne\\\/\"},\"wordCount\":1540,\"commentCount\":0,\"image\":{\"@id\":\"https:\\\/\\\/www.apres-lecole.fr\\\/Blog\\\/cote-international-aubonne\\\/#primaryimage\"},\"thumbnailUrl\":\"https:\\\/\\\/www.apres-lecole.fr\\\/Blog\\\/wp-content\\\/uploads\\\/2025\\\/09\\\/La-Cote-International-School-Aubonne-une-experience-educative-unique-au-coeur-dune-ecole-internationale.jpg\",\"keywords\":[\"aubonne\",\"c\u00f4te international school\",\"\u00e9cole internationale\",\"\u00e9ducation\",\"exp\u00e9rience \u00e9ducative\"],\"articleSection\":[\"Actualit\u00e9s\"],\"inLanguage\":\"fr-FR\",\"potentialAction\":[{\"@type\":\"CommentAction\",\"name\":\"Comment\",\"target\":[\"https:\\\/\\\/www.apres-lecole.fr\\\/Blog\\\/cote-international-aubonne\\\/#respond\"]}]},{\"@type\":\"WebPage\",\"@id\":\"https:\\\/\\\/www.apres-lecole.fr\\\/Blog\\\/cote-international-aubonne\\\/\",\"url\":\"https:\\\/\\\/www.apres-lecole.fr\\\/Blog\\\/cote-international-aubonne\\\/\",\"name\":\"La C\u00f4te International School Aubonne : l\u2019excellence internationale en action\",\"isPartOf\":{\"@id\":\"https:\\\/\\\/www.apres-lecole.fr\\\/Blog\\\/#website\"},\"primaryImageOfPage\":{\"@id\":\"https:\\\/\\\/www.apres-lecole.fr\\\/Blog\\\/cote-international-aubonne\\\/#primaryimage\"},\"image\":{\"@id\":\"https:\\\/\\\/www.apres-lecole.fr\\\/Blog\\\/cote-international-aubonne\\\/#primaryimage\"},\"thumbnailUrl\":\"https:\\\/\\\/www.apres-lecole.fr\\\/Blog\\\/wp-content\\\/uploads\\\/2025\\\/09\\\/La-Cote-International-School-Aubonne-une-experience-educative-unique-au-coeur-dune-ecole-internationale.jpg\",\"datePublished\":\"2025-09-07T07:02:31+00:00\",\"author\":{\"@id\":\"\"},\"description\":\"D\u00e9couvrez La C\u00f4te International School Aubonne : une \u00e9cole internationale offrant une exp\u00e9rience \u00e9ducative unique et enrichissante en Suisse.\",\"breadcrumb\":{\"@id\":\"https:\\\/\\\/www.apres-lecole.fr\\\/Blog\\\/cote-international-aubonne\\\/#breadcrumb\"},\"inLanguage\":\"fr-FR\",\"potentialAction\":[{\"@type\":\"ReadAction\",\"target\":[\"https:\\\/\\\/www.apres-lecole.fr\\\/Blog\\\/cote-international-aubonne\\\/\"]}]},{\"@type\":\"ImageObject\",\"inLanguage\":\"fr-FR\",\"@id\":\"https:\\\/\\\/www.apres-lecole.fr\\\/Blog\\\/cote-international-aubonne\\\/#primaryimage\",\"url\":\"https:\\\/\\\/www.apres-lecole.fr\\\/Blog\\\/wp-content\\\/uploads\\\/2025\\\/09\\\/La-Cote-International-School-Aubonne-une-experience-educative-unique-au-coeur-dune-ecole-internationale.jpg\",\"contentUrl\":\"https:\\\/\\\/www.apres-lecole.fr\\\/Blog\\\/wp-content\\\/uploads\\\/2025\\\/09\\\/La-Cote-International-School-Aubonne-une-experience-educative-unique-au-coeur-dune-ecole-internationale.jpg\",\"width\":1344,\"height\":768,\"caption\":\"d\u00e9couvrez la c\u00f4te international school aubonne, une \u00e9cole internationale en suisse offrant une exp\u00e9rience \u00e9ducative unique et personnalis\u00e9e, favorisant l\u2019excellence acad\u00e9mique et l\u2019\u00e9panouissement de chaque \u00e9l\u00e8ve dans un environnement multiculturel stimulant.\"},{\"@type\":\"BreadcrumbList\",\"@id\":\"https:\\\/\\\/www.apres-lecole.fr\\\/Blog\\\/cote-international-aubonne\\\/#breadcrumb\",\"itemListElement\":[{\"@type\":\"ListItem\",\"position\":1,\"name\":\"Home\",\"item\":\"https:\\\/\\\/www.apres-lecole.fr\\\/Blog\\\/\"},{\"@type\":\"ListItem\",\"position\":2,\"name\":\"La C\u00f4te International School Aubonne : une exp\u00e9rience \u00e9ducative unique au c\u0153ur d&rsquo;une \u00e9cole internationale\"}]},{\"@type\":\"WebSite\",\"@id\":\"https:\\\/\\\/www.apres-lecole.fr\\\/Blog\\\/#website\",\"url\":\"https:\\\/\\\/www.apres-lecole.fr\\\/Blog\\\/\",\"name\":\"\",\"description\":\"M\u00e9dia g\u00e9n\u00e9raliste\",\"potentialAction\":[{\"@type\":\"SearchAction\",\"target\":{\"@type\":\"EntryPoint\",\"urlTemplate\":\"https:\\\/\\\/www.apres-lecole.fr\\\/Blog\\\/?s={search_term_string}\"},\"query-input\":{\"@type\":\"PropertyValueSpecification\",\"valueRequired\":true,\"valueName\":\"search_term_string\"}}],\"inLanguage\":\"fr-FR\"},{\"@type\":\"Person\",\"@id\":\"\",\"url\":\"https:\\\/\\\/www.apres-lecole.fr\\\/Blog\\\/author\\\/\"}]}<\/script>\n<!-- \/ Yoast SEO plugin. -->","yoast_head_json":{"title":"La C\u00f4te International School Aubonne : l\u2019excellence internationale en action","description":"D\u00e9couvrez La C\u00f4te International School Aubonne : une \u00e9cole internationale offrant une exp\u00e9rience \u00e9ducative unique et enrichissante en Suisse.","robots":{"index":"index","follow":"follow","max-snippet":"max-snippet:-1","max-image-preview":"max-image-preview:large","max-video-preview":"max-video-preview:-1"},"canonical":"https:\/\/www.apres-lecole.fr\/Blog\/cote-international-aubonne\/","og_locale":"fr_FR","og_type":"article","og_title":"La C\u00f4te International School Aubonne : l\u2019excellence internationale en action","og_description":"D\u00e9couvrez La C\u00f4te International School Aubonne : une \u00e9cole internationale offrant une exp\u00e9rience \u00e9ducative unique et enrichissante en Suisse.","og_url":"https:\/\/www.apres-lecole.fr\/Blog\/cote-international-aubonne\/","article_published_time":"2025-09-07T07:02:31+00:00","og_image":[{"width":1344,"height":768,"url":"https:\/\/www.apres-lecole.fr\/Blog\/wp-content\/uploads\/2025\/09\/La-Cote-International-School-Aubonne-une-experience-educative-unique-au-coeur-dune-ecole-internationale.jpg","type":"image\/jpeg"}],"twitter_card":"summary_large_image","twitter_misc":{"\u00c9crit par":"","Dur\u00e9e de lecture estim\u00e9e":"7 minutes"},"schema":{"@context":"https:\/\/schema.org","@graph":[{"@type":"Article","@id":"https:\/\/www.apres-lecole.fr\/Blog\/cote-international-aubonne\/#article","isPartOf":{"@id":"https:\/\/www.apres-lecole.fr\/Blog\/cote-international-aubonne\/"},"author":{"name":"","@id":""},"headline":"La C\u00f4te International School Aubonne : une exp\u00e9rience \u00e9ducative unique au c\u0153ur d&rsquo;une \u00e9cole internationale","datePublished":"2025-09-07T07:02:31+00:00","mainEntityOfPage":{"@id":"https:\/\/www.apres-lecole.fr\/Blog\/cote-international-aubonne\/"},"wordCount":1540,"commentCount":0,"image":{"@id":"https:\/\/www.apres-lecole.fr\/Blog\/cote-international-aubonne\/#primaryimage"},"thumbnailUrl":"https:\/\/www.apres-lecole.fr\/Blog\/wp-content\/uploads\/2025\/09\/La-Cote-International-School-Aubonne-une-experience-educative-unique-au-coeur-dune-ecole-internationale.jpg","keywords":["aubonne","c\u00f4te international school","\u00e9cole internationale","\u00e9ducation","exp\u00e9rience \u00e9ducative"],"articleSection":["Actualit\u00e9s"],"inLanguage":"fr-FR","potentialAction":[{"@type":"CommentAction","name":"Comment","target":["https:\/\/www.apres-lecole.fr\/Blog\/cote-international-aubonne\/#respond"]}]},{"@type":"WebPage","@id":"https:\/\/www.apres-lecole.fr\/Blog\/cote-international-aubonne\/","url":"https:\/\/www.apres-lecole.fr\/Blog\/cote-international-aubonne\/","name":"La C\u00f4te International School Aubonne : l\u2019excellence internationale en action","isPartOf":{"@id":"https:\/\/www.apres-lecole.fr\/Blog\/#website"},"primaryImageOfPage":{"@id":"https:\/\/www.apres-lecole.fr\/Blog\/cote-international-aubonne\/#primaryimage"},"image":{"@id":"https:\/\/www.apres-lecole.fr\/Blog\/cote-international-aubonne\/#primaryimage"},"thumbnailUrl":"https:\/\/www.apres-lecole.fr\/Blog\/wp-content\/uploads\/2025\/09\/La-Cote-International-School-Aubonne-une-experience-educative-unique-au-coeur-dune-ecole-internationale.jpg","datePublished":"2025-09-07T07:02:31+00:00","author":{"@id":""},"description":"D\u00e9couvrez La C\u00f4te International School Aubonne : une \u00e9cole internationale offrant une exp\u00e9rience \u00e9ducative unique et enrichissante en Suisse.","breadcrumb":{"@id":"https:\/\/www.apres-lecole.fr\/Blog\/cote-international-aubonne\/#breadcrumb"},"inLanguage":"fr-FR","potentialAction":[{"@type":"ReadAction","target":["https:\/\/www.apres-lecole.fr\/Blog\/cote-international-aubonne\/"]}]},{"@type":"ImageObject","inLanguage":"fr-FR","@id":"https:\/\/www.apres-lecole.fr\/Blog\/cote-international-aubonne\/#primaryimage","url":"https:\/\/www.apres-lecole.fr\/Blog\/wp-content\/uploads\/2025\/09\/La-Cote-International-School-Aubonne-une-experience-educative-unique-au-coeur-dune-ecole-internationale.jpg","contentUrl":"https:\/\/www.apres-lecole.fr\/Blog\/wp-content\/uploads\/2025\/09\/La-Cote-International-School-Aubonne-une-experience-educative-unique-au-coeur-dune-ecole-internationale.jpg","width":1344,"height":768,"caption":"d\u00e9couvrez la c\u00f4te international school aubonne, une \u00e9cole internationale en suisse offrant une exp\u00e9rience \u00e9ducative unique et personnalis\u00e9e, favorisant l\u2019excellence acad\u00e9mique et l\u2019\u00e9panouissement de chaque \u00e9l\u00e8ve dans un environnement multiculturel stimulant."},{"@type":"BreadcrumbList","@id":"https:\/\/www.apres-lecole.fr\/Blog\/cote-international-aubonne\/#breadcrumb","itemListElement":[{"@type":"ListItem","position":1,"name":"Home","item":"https:\/\/www.apres-lecole.fr\/Blog\/"},{"@type":"ListItem","position":2,"name":"La C\u00f4te International School Aubonne : une exp\u00e9rience \u00e9ducative unique au c\u0153ur d&rsquo;une \u00e9cole internationale"}]},{"@type":"WebSite","@id":"https:\/\/www.apres-lecole.fr\/Blog\/#website","url":"https:\/\/www.apres-lecole.fr\/Blog\/","name":"","description":"M\u00e9dia g\u00e9n\u00e9raliste","potentialAction":[{"@type":"SearchAction","target":{"@type":"EntryPoint","urlTemplate":"https:\/\/www.apres-lecole.fr\/Blog\/?s={search_term_string}"},"query-input":{"@type":"PropertyValueSpecification","valueRequired":true,"valueName":"search_term_string"}}],"inLanguage":"fr-FR"},{"@type":"Person","@id":"","url":"https:\/\/www.apres-lecole.fr\/Blog\/author\/"}]}},"views":3,"_links":{"self":[{"href":"https:\/\/www.apres-lecole.fr\/Blog\/wp-json\/wp\/v2\/posts\/2297","targetHints":{"allow":["GET"]}}],"collection":[{"href":"https:\/\/www.apres-lecole.fr\/Blog\/wp-json\/wp\/v2\/posts"}],"about":[{"href":"https:\/\/www.apres-lecole.fr\/Blog\/wp-json\/wp\/v2\/types\/post"}],"author":[{"embeddable":true,"href":"https:\/\/www.apres-lecole.fr\/Blog\/wp-json\/wp\/v2\/users\/7"}],"replies":[{"embeddable":true,"href":"https:\/\/www.apres-lecole.fr\/Blog\/wp-json\/wp\/v2\/comments?post=2297"}],"version-history":[{"count":0,"href":"https:\/\/www.apres-lecole.fr\/Blog\/wp-json\/wp\/v2\/posts\/2297\/revisions"}],"wp:featuredmedia":[{"embeddable":true,"href":"https:\/\/www.apres-lecole.fr\/Blog\/wp-json\/wp\/v2\/media\/2296"}],"wp:attachment":[{"href":"https:\/\/www.apres-lecole.fr\/Blog\/wp-json\/wp\/v2\/media?parent=2297"}],"wp:term":[{"taxonomy":"category","embeddable":true,"href":"https:\/\/www.apres-lecole.fr\/Blog\/wp-json\/wp\/v2\/categories?post=2297"},{"taxonomy":"post_tag","embeddable":true,"href":"https:\/\/www.apres-lecole.fr\/Blog\/wp-json\/wp\/v2\/tags?post=2297"}],"curies":[{"name":"wp","href":"https:\/\/api.w.org\/{rel}","templated":true}]}}