{"id":2291,"date":"2025-09-06T06:32:26","date_gmt":"2025-09-06T06:32:26","guid":{"rendered":"https:\/\/www.apres-lecole.fr\/Blog\/projets-ecole-notre-dame-reims\/"},"modified":"2025-09-06T06:32:26","modified_gmt":"2025-09-06T06:32:26","slug":"projets-ecole-notre-dame-reims","status":"publish","type":"post","link":"https:\/\/www.apres-lecole.fr\/Blog\/projets-ecole-notre-dame-reims\/","title":{"rendered":"D\u00e9couvrez les grands projets de l&rsquo;\u00e9cole Notre-Dame de Reims en 2025"},"content":{"rendered":"\n\n<div class=\"kk-star-ratings kksr-auto kksr-align-left kksr-valign-top\"\n    data-payload='{&quot;align&quot;:&quot;left&quot;,&quot;id&quot;:&quot;2291&quot;,&quot;slug&quot;:&quot;default&quot;,&quot;valign&quot;:&quot;top&quot;,&quot;ignore&quot;:&quot;&quot;,&quot;reference&quot;:&quot;auto&quot;,&quot;class&quot;:&quot;&quot;,&quot;count&quot;:&quot;0&quot;,&quot;legendonly&quot;:&quot;&quot;,&quot;readonly&quot;:&quot;&quot;,&quot;score&quot;:&quot;0&quot;,&quot;starsonly&quot;:&quot;&quot;,&quot;best&quot;:&quot;5&quot;,&quot;gap&quot;:&quot;5&quot;,&quot;greet&quot;:&quot;Rate this post&quot;,&quot;legend&quot;:&quot;0\\\/5 - (0 vote)&quot;,&quot;size&quot;:&quot;24&quot;,&quot;title&quot;:&quot;D\u00e9couvrez les grands projets de l\\u0026#039;\u00e9cole Notre-Dame de Reims en 2025&quot;,&quot;width&quot;:&quot;0&quot;,&quot;_legend&quot;:&quot;{score}\\\/{best} - ({count} {votes})&quot;,&quot;font_factor&quot;:&quot;1.25&quot;}'>\n            \n<div class=\"kksr-stars\">\n    \n<div class=\"kksr-stars-inactive\">\n            <div class=\"kksr-star\" data-star=\"1\" style=\"padding-right: 5px\">\n            \n\n<div class=\"kksr-icon\" style=\"width: 24px; height: 24px;\"><\/div>\n        <\/div>\n            <div class=\"kksr-star\" data-star=\"2\" style=\"padding-right: 5px\">\n            \n\n<div class=\"kksr-icon\" style=\"width: 24px; height: 24px;\"><\/div>\n        <\/div>\n            <div class=\"kksr-star\" data-star=\"3\" style=\"padding-right: 5px\">\n            \n\n<div class=\"kksr-icon\" style=\"width: 24px; height: 24px;\"><\/div>\n        <\/div>\n            <div class=\"kksr-star\" data-star=\"4\" style=\"padding-right: 5px\">\n            \n\n<div class=\"kksr-icon\" style=\"width: 24px; height: 24px;\"><\/div>\n        <\/div>\n            <div class=\"kksr-star\" data-star=\"5\" style=\"padding-right: 5px\">\n            \n\n<div class=\"kksr-icon\" style=\"width: 24px; height: 24px;\"><\/div>\n        <\/div>\n    <\/div>\n    \n<div class=\"kksr-stars-active\" style=\"width: 0px;\">\n            <div class=\"kksr-star\" style=\"padding-right: 5px\">\n            \n\n<div class=\"kksr-icon\" style=\"width: 24px; height: 24px;\"><\/div>\n        <\/div>\n            <div class=\"kksr-star\" style=\"padding-right: 5px\">\n            \n\n<div class=\"kksr-icon\" style=\"width: 24px; height: 24px;\"><\/div>\n        <\/div>\n            <div class=\"kksr-star\" style=\"padding-right: 5px\">\n            \n\n<div class=\"kksr-icon\" style=\"width: 24px; height: 24px;\"><\/div>\n        <\/div>\n            <div class=\"kksr-star\" style=\"padding-right: 5px\">\n            \n\n<div class=\"kksr-icon\" style=\"width: 24px; height: 24px;\"><\/div>\n        <\/div>\n            <div class=\"kksr-star\" style=\"padding-right: 5px\">\n            \n\n<div class=\"kksr-icon\" style=\"width: 24px; height: 24px;\"><\/div>\n        <\/div>\n    <\/div>\n<\/div>\n                \n\n<div class=\"kksr-legend\" style=\"font-size: 19.2px;\">\n            <span class=\"kksr-muted\">Rate this post<\/span>\n    <\/div>\n    <\/div>\n<p>Alors que l&rsquo;ann\u00e9e 2025 se profile, l&rsquo;\u00e9cole <strong>Notre-Dame de Reims<\/strong> s&rsquo;appr\u00eate \u00e0 r\u00e9v\u00e9ler des projets \u00e9ducatifs d&rsquo;envergure, con\u00e7us pour enrichir l&rsquo;exp\u00e9rience des \u00e9l\u00e8ves. Au c\u0153ur de ces initiatives se trouvent l&rsquo;innovation scolaire, le d\u00e9veloppement durable et un engagement fort vis-\u00e0-vis des valeurs \u00e9ducatives. L&rsquo;\u00e9tablissement, ancr\u00e9 dans son histoire, souhaite \u00e9voluer tout en conservant son caract\u00e8re unique. Les parents, \u00e9l\u00e8ves et enseignants vont vivre une p\u00e9riode d&rsquo;effervescence, marqu\u00e9e par de nouveaux d\u00e9fis et des \u00e9v\u00e9nements culturels scolaires exaltants. Les projets \u00e0 venir promettent de renforcer la qualit\u00e9 de l&rsquo;enseignement et de favoriser une p\u00e9dagogie active, adapt\u00e9e aux besoins de chaque enfant. Sans plus attendre, plongeons au c\u0153ur de ces grands projets qui fa\u00e7onnent l&rsquo;avenir de l&rsquo;\u00e9cole et pr\u00e9parons nos jeunes esprits \u00e0 un monde en constante \u00e9volution !<\/p>\n\n<h2 class=\"wp-block-heading\">Les axes fondamentaux des projets \u00e9ducatifs de Notre-Dame de Reims<\/h2>\n\n<p>Le projet \u00e9ducatif de l\u2019\u00e9cole Notre-Dame s\u2019articule autour de deux grands axes : l&rsquo;<strong>environnement<\/strong> et l&rsquo;<strong>ouverture p\u00e9dagogique<\/strong>. Ces th\u00e9matiques sont tr\u00e8s significatives dans la construction des valeurs et des comp\u00e9tences que l\u2019\u00e9tablissement souhaite transmettre. En 2025, la volont\u00e9 d&rsquo;int\u00e9grer des projets li\u00e9s \u00e0 <strong>l&rsquo;\u00e9cologie et l&rsquo;\u00e9ducation durable<\/strong> se traduit par une volont\u00e9 de sensibiliser les enfants \u00e0 la protection de leur environnement. La diversit\u00e9 des approches p\u00e9dagogiques propose une immersion dans le monde ext\u00e9rieur \u00e0 travers des classes flexibles et des sorties en milieu naturel.<\/p>\n\n<h3 class=\"wp-block-heading\">Une \u00e9cole engag\u00e9e pour l\u2019environnement \ud83c\udf0d<\/h3>\n\n<p>Dans le cadre du r\u00e9seau des <strong>\u00e9co-\u00e9coles<\/strong>, l\u2019\u00e9tablissement met en place des actions concr\u00e8tes pour \u00e9veiller les \u00e9l\u00e8ves aux enjeux environnementaux. Cela inclut :<\/p>\n\n<ul class=\"wp-block-list\"><li>Des ateliers sur le recyclage \u267b\ufe0f<\/li><li>Des projets de jardins scolaires pour favoriser la biodiversit\u00e9 \ud83c\udf31<\/li><li>Des campagnes de sensibilisation sur l\u2019\u00e9conomie d\u2019eau et d&rsquo;\u00e9nergie \ud83d\udca7\u26a1<\/li><\/ul>\n\n<p>Les \u00e9l\u00e8ves ne s\u2019engagent pas seulement dans des cours th\u00e9oriques, mais ils participent activement \u00e0 la cr\u00e9ation de solutions et \u00e0 l\u2019apprentissage d\u2019une vie responsable. Les r\u00e9sultats sont visibles et mesurables, et contribuent \u00e0 renforcer l\u2019identit\u00e9 de l\u2019\u00e9cole en tant qu\u2019acteur de changement. De plus, des collaborations avec des associations locales permettent de enrichir ces comp\u00e9tences par l\u2019apprentissage sur le terrain.<\/p>\n\n<h3 class=\"wp-block-heading\">Une p\u00e9dagogie qui s\u2019adapte aux besoins des \u00e9l\u00e8ves<\/h3>\n\n<p>Chaque enfant est diff\u00e9rent, et l&rsquo;\u00e9cole le sait. C&rsquo;est pourquoi de nouvelles m\u00e9thodes p\u00e9dagogiques seront mises en place, notamment :<\/p>\n\n<ul class=\"wp-block-list\"><li>Des classes flexibles pour favoriser l\u2019autonomie et l\u2019expression personnelle \ud83d\udde3\ufe0f<\/li><li>Des projets adapt\u00e9s \u00e0 chaque enfant pour inciter sa cr\u00e9ativit\u00e9 \ud83c\udfa8<\/li><li>L&#8217;emploi des <strong>technologies en classe<\/strong> pour enrichir l\u2019enseignement avec des outils modernes \ud83d\udcbb<\/li><\/ul>\n\n<p>Les classes dehors ne sont pas simplement l\u2019occasion de sortir, mais repr\u00e9sentent une r\u00e9elle approche d&rsquo;apprentissage active et participative. Les enfants seront amen\u00e9s \u00e0 observer, interagir et d\u00e9couvrir le monde qui les entoure, transformant chaque sortie en une immersion \u00e9ducative.<\/p>\n\n<h2 class=\"wp-block-heading\">L&rsquo;animation pastorale : un projet de formation humaine et spirituelle<\/h2>\n\n<p>Le <strong>projet d\u2019animation pastorale<\/strong> occupera \u00e9galement une place importante dans les activit\u00e9s de l\u2019\u00e9cole. Le but est d&rsquo;\u00e9tablir et de maintenir un lien fort entre les valeurs chr\u00e9tiennes et l&rsquo;\u00e9ducation des enfants. Ce projet se d\u00e9cline en douze heures d\u2019ateliersannuels, \u00e0 l&rsquo;ext\u00e9rieur des heures de classe, qui aborderont des c\u00e9l\u00e9brations et des th\u00e9matiques importantes de l&rsquo;ann\u00e9e liturgique comme No\u00ebl ou P\u00e2ques.<\/p>\n\n<h3 class=\"wp-block-heading\">Mesurer l\u2019impact de l&rsquo;animation pastorale<\/h3>\n\n<p>Il est indispensable de comprendre l\u2019empreinte que cette animation peut avoir sur la communaut\u00e9 scolaire. Les temps de pastorale visent \u00e0 :<\/p>\n\n<ul class=\"wp-block-list\"><li>Favoriser l\u2019ouverture au dialogue inter-religieux \ud83e\udd1d<\/li><li>Encourager l&rsquo;engagement des \u00e9l\u00e8ves dans des actes de solidarit\u00e9 envers les plus d\u00e9munis \ud83d\udc50<\/li><li>Consolider les rapports familiaux gr\u00e2ce \u00e0 l&rsquo;implication des parents dans la vie de l&rsquo;\u00e9cole \ud83d\udc6a<\/li><\/ul>\n\n<p>Le lien avec la paroisse est un atout majeur pour les familles qui souhaitent voir leurs enfants suivre un parcours de cat\u00e9chisme. En 2025, cette volont\u00e9 de partage et d\u2019ouverture se renforcera, tout comme l&rsquo;importance de l&rsquo;\u00e9ducation humaniste, favorisant l&rsquo;\u00e9coute et la tol\u00e9rance.<\/p>\n\n<h2 class=\"wp-block-heading\">Les \u00e9v\u00e9nements culturels scolaires : un vecteur de communication et de coh\u00e9sion<\/h2>\n\n<p>Les <strong>\u00e9v\u00e9nements culturels scolaires<\/strong> sont des instants phares au sein de l\u2019\u00e9cole, permettant aux \u00e9l\u00e8ves de s\u2019exprimer et de partager leur cr\u00e9ativit\u00e9. L&rsquo;ann\u00e9e 2025 sera marqu\u00e9e par plusieurs animations qui viendront rythmer la vie de l&rsquo;\u00e9tablissement. Voici quelques-uns des projets propos\u00e9s :<\/p>\n\n<ul class=\"wp-block-list\"><li>Des expositions artistiques \ud83c\udfa8<\/li><li>Des spectacles de th\u00e9\u00e2tre jou\u00e9s par les \u00e9l\u00e8ves \ud83c\udfad<\/li><li>Des festivals de musique pour promouvoir le talent local \ud83c\udfb6<\/li><\/ul>\n\n<p>Ces \u00e9v\u00e9nements ne se bornent pas \u00e0 la simple distraction. Ils favorisent une culture de la r\u00e9ussite collective et permettent aux \u00e9l\u00e8ves de travailler ensemble sur des projets communs. En plus, ces moments renforcent le lien entre l\u2019\u00e9cole et le quartier, contribuant ainsi au d\u00e9veloppement d\u2019un esprit communautaire fort.<\/p>\n\n<h2 class=\"wp-block-heading\">Des partenariats \u00e9ducatifs pour un apprentissage enrichi<\/h2>\n\n<p>Un autre aspect cl\u00e9 des projets p\u00e9dagogiques de l\u2019\u00e9cole Notre-Dame concerne les <strong>partenariats \u00e9ducatifs<\/strong> qui sont en cours d&rsquo;\u00e9laboration. Ce type de collaboration enrichit l&rsquo;exp\u00e9rience d&rsquo;apprentissage des \u00e9l\u00e8ves, en favorisant l&rsquo;\u00e9change de savoirs et de pratiques. Le partenariat avec des structures \u00e9ducatives, culturelles et m\u00eame scientifiques est privil\u00e9gi\u00e9 pour diversifier les approches p\u00e9dagogiques et apporter de nouvelles perspectives.<\/p>\n\n<h3 class=\"wp-block-heading\">Des collaborations qui portent leurs fruits \ud83c\udf4e<\/h3>\n\n<p>Ces partenariats permettront d\u2019organiser des activit\u00e9s telles que :<\/p>\n\n<ul class=\"wp-block-list\"><li>Des visites d\u2019artisans locaux pour des conf\u00e9rences intelligentes \ud83d\udd0d<\/li><li>Des stages d\u2019apprentissage en milieu professionnel pour les classes sup\u00e9rieures \ud83d\udc69\u200d\ud83c\udf93<\/li><li>Des \u00e9changes avec d&rsquo;autres \u00e9tablissements scolaires \u00e0 l&rsquo;international \ud83c\udf0d<\/li><\/ul>\n\n<p>Les \u00e9l\u00e8ves auront ainsi l&rsquo;opportunit\u00e9 de d\u00e9couvrir diff\u00e9rents horizons et de s&rsquo;ouvrir \u00e0 d&rsquo;autres cultures. Ces \u00e9changes renforceront leurs capacit\u00e9s d&rsquo;adaptation et enrichiront leur parcours scolaire.<\/p>\n\n<h2 class=\"wp-block-heading\">Questions fr\u00e9quentes sur les projets de l&rsquo;\u00e9cole Notre-Dame de Reims<\/h2>\n\n<p><strong>Quels sont les principaux objectifs des projets \u00e9ducatifs en 2025 ?<\/strong><br>\nLes projets \u00e9ducatifs de 2025 visent \u00e0 promouvoir l\u2019environnement, l\u2019ouverture p\u00e9dagogique et l\u2019animation pastorale pour fournir une \u00e9ducation compl\u00e8te, moderne et responsable aux \u00e9l\u00e8ves.<\/p>\n\n<p><strong>Comment l&rsquo;\u00e9cole int\u00e9grera-t-elle le d\u00e9veloppement durable ?<\/strong><br>\nL&rsquo;\u00e9cole met en \u0153uvre diff\u00e9rentes initiatives \u00e9cologiques, comme des ateliers sur le recyclage et des jardins scolaires, qui sensibilisent les enfants \u00e0 l&rsquo;importance de l&rsquo;\u00e9cologie.<\/p>\n\n<p><strong>Quelles sont les nouveaut\u00e9s concernant la p\u00e9dagogie active ?<\/strong><br>\nDe nouvelles m\u00e9thodes permettront d&rsquo;adopter des classes flexibles et de favoriser l&rsquo;utilisation des technologies pour une approche d&rsquo;apprentissage plus dynamique et personnalis\u00e9e.<\/p>\n\n<p><strong>Les parents peuvent-ils participer aux \u00e9v\u00e9nements culturels scolaires ?<\/strong><br>\nOui ! Les parents sont encourag\u00e9s \u00e0 prendre part aux \u00e9v\u00e9nements culturels pour renforcer le lien entre l\u2019\u00e9cole et la communaut\u00e9.<\/p>\n\n<p><strong>Quels sont les avantages des partenariats \u00e9ducatifs ?<\/strong><br>\nCes partenariats enrichissent l\u2019offre \u00e9ducative, favorisent les \u00e9changes de comp\u00e9tences et ouvrent des perspectives d\u2019apprentissage vari\u00e9es pour les \u00e9l\u00e8ves.<\/p>\n\n","protected":false},"excerpt":{"rendered":"<p>Alors que l&rsquo;ann\u00e9e 2025 se profile, l&rsquo;\u00e9cole Notre-Dame de Reims s&rsquo;appr\u00eate \u00e0 r\u00e9v\u00e9ler des projets \u00e9ducatifs d&rsquo;envergure, con\u00e7us pour enrichir l&rsquo;exp\u00e9rience des \u00e9l\u00e8ves. Au c\u0153ur de ces initiatives se trouvent l&rsquo;innovation scolaire, le d\u00e9veloppement durable et un engagement fort vis-\u00e0-vis des valeurs \u00e9ducatives. L&rsquo;\u00e9tablissement, ancr\u00e9 dans son histoire, souhaite \u00e9voluer tout en conservant son caract\u00e8re &#8230; <a title=\"D\u00e9couvrez les grands projets de l&rsquo;\u00e9cole Notre-Dame de Reims en 2025\" class=\"read-more\" href=\"https:\/\/www.apres-lecole.fr\/Blog\/projets-ecole-notre-dame-reims\/\" aria-label=\"En savoir plus sur D\u00e9couvrez les grands projets de l&rsquo;\u00e9cole Notre-Dame de Reims en 2025\">Lire plus<\/a><\/p>\n","protected":false},"author":7,"featured_media":2290,"comment_status":"open","ping_status":"open","sticky":false,"template":"","format":"standard","meta":{"footnotes":""},"categories":[342],"tags":[1505,412,1506,873],"class_list":["post-2291","post","type-post","status-publish","format-standard","has-post-thumbnail","hentry","category-actualites","tag-ecole-notre-dame-de-reims","tag-education","tag-grands-projets","tag-innovation"],"yoast_head":"<!-- This site is optimized with the Yoast SEO plugin v27.5 - https:\/\/yoast.com\/product\/yoast-seo-wordpress\/ -->\n<title>Notre-Dame de Reims 2025 : Les Ambitieux Projets \u00e0 Venir<\/title>\n<meta name=\"description\" content=\"Explorez les grands projets 2025 de l&#039;\u00e9cole Notre-Dame de Reims : innovation, p\u00e9dagogie et r\u00e9ussite pour tous les \u00e9l\u00e8ves.\" \/>\n<meta name=\"robots\" content=\"index, follow, max-snippet:-1, max-image-preview:large, max-video-preview:-1\" \/>\n<link rel=\"canonical\" href=\"https:\/\/www.apres-lecole.fr\/Blog\/projets-ecole-notre-dame-reims\/\" \/>\n<meta property=\"og:locale\" content=\"fr_FR\" \/>\n<meta property=\"og:type\" content=\"article\" \/>\n<meta property=\"og:title\" content=\"Notre-Dame de Reims 2025 : Les Ambitieux Projets \u00e0 Venir\" \/>\n<meta property=\"og:description\" content=\"Explorez les grands projets 2025 de l&#039;\u00e9cole Notre-Dame de Reims : innovation, p\u00e9dagogie et r\u00e9ussite pour tous les \u00e9l\u00e8ves.\" \/>\n<meta property=\"og:url\" content=\"https:\/\/www.apres-lecole.fr\/Blog\/projets-ecole-notre-dame-reims\/\" \/>\n<meta property=\"article:published_time\" content=\"2025-09-06T06:32:26+00:00\" \/>\n<meta property=\"og:image\" content=\"https:\/\/www.apres-lecole.fr\/Blog\/wp-content\/uploads\/2025\/09\/Decouvrez-les-grands-projets-de-lecole-Notre-Dame-de-Reims-en-2025.jpg\" \/>\n\t<meta property=\"og:image:width\" content=\"1344\" \/>\n\t<meta property=\"og:image:height\" content=\"768\" \/>\n\t<meta property=\"og:image:type\" content=\"image\/jpeg\" \/>\n<meta name=\"twitter:card\" content=\"summary_large_image\" \/>\n<meta name=\"twitter:label1\" content=\"\u00c9crit par\" \/>\n\t<meta name=\"twitter:data1\" content=\"\" \/>\n\t<meta name=\"twitter:label2\" content=\"Dur\u00e9e de lecture estim\u00e9e\" \/>\n\t<meta name=\"twitter:data2\" content=\"6 minutes\" \/>\n<script type=\"application\/ld+json\" class=\"yoast-schema-graph\">{\"@context\":\"https:\\\/\\\/schema.org\",\"@graph\":[{\"@type\":\"Article\",\"@id\":\"https:\\\/\\\/www.apres-lecole.fr\\\/Blog\\\/projets-ecole-notre-dame-reims\\\/#article\",\"isPartOf\":{\"@id\":\"https:\\\/\\\/www.apres-lecole.fr\\\/Blog\\\/projets-ecole-notre-dame-reims\\\/\"},\"author\":{\"name\":\"\",\"@id\":\"\"},\"headline\":\"D\u00e9couvrez les grands projets de l&rsquo;\u00e9cole Notre-Dame de Reims en 2025\",\"datePublished\":\"2025-09-06T06:32:26+00:00\",\"mainEntityOfPage\":{\"@id\":\"https:\\\/\\\/www.apres-lecole.fr\\\/Blog\\\/projets-ecole-notre-dame-reims\\\/\"},\"wordCount\":1201,\"commentCount\":0,\"image\":{\"@id\":\"https:\\\/\\\/www.apres-lecole.fr\\\/Blog\\\/projets-ecole-notre-dame-reims\\\/#primaryimage\"},\"thumbnailUrl\":\"https:\\\/\\\/www.apres-lecole.fr\\\/Blog\\\/wp-content\\\/uploads\\\/2025\\\/09\\\/Decouvrez-les-grands-projets-de-lecole-Notre-Dame-de-Reims-en-2025.jpg\",\"keywords\":[\"\u00e9cole notre-dame de reims\",\"\u00e9ducation\",\"grands projets\",\"innovation\"],\"articleSection\":[\"Actualit\u00e9s\"],\"inLanguage\":\"fr-FR\",\"potentialAction\":[{\"@type\":\"CommentAction\",\"name\":\"Comment\",\"target\":[\"https:\\\/\\\/www.apres-lecole.fr\\\/Blog\\\/projets-ecole-notre-dame-reims\\\/#respond\"]}]},{\"@type\":\"WebPage\",\"@id\":\"https:\\\/\\\/www.apres-lecole.fr\\\/Blog\\\/projets-ecole-notre-dame-reims\\\/\",\"url\":\"https:\\\/\\\/www.apres-lecole.fr\\\/Blog\\\/projets-ecole-notre-dame-reims\\\/\",\"name\":\"Notre-Dame de Reims 2025 : Les Ambitieux Projets \u00e0 Venir\",\"isPartOf\":{\"@id\":\"https:\\\/\\\/www.apres-lecole.fr\\\/Blog\\\/#website\"},\"primaryImageOfPage\":{\"@id\":\"https:\\\/\\\/www.apres-lecole.fr\\\/Blog\\\/projets-ecole-notre-dame-reims\\\/#primaryimage\"},\"image\":{\"@id\":\"https:\\\/\\\/www.apres-lecole.fr\\\/Blog\\\/projets-ecole-notre-dame-reims\\\/#primaryimage\"},\"thumbnailUrl\":\"https:\\\/\\\/www.apres-lecole.fr\\\/Blog\\\/wp-content\\\/uploads\\\/2025\\\/09\\\/Decouvrez-les-grands-projets-de-lecole-Notre-Dame-de-Reims-en-2025.jpg\",\"datePublished\":\"2025-09-06T06:32:26+00:00\",\"author\":{\"@id\":\"\"},\"description\":\"Explorez les grands projets 2025 de l'\u00e9cole Notre-Dame de Reims : innovation, p\u00e9dagogie et r\u00e9ussite pour tous les \u00e9l\u00e8ves.\",\"breadcrumb\":{\"@id\":\"https:\\\/\\\/www.apres-lecole.fr\\\/Blog\\\/projets-ecole-notre-dame-reims\\\/#breadcrumb\"},\"inLanguage\":\"fr-FR\",\"potentialAction\":[{\"@type\":\"ReadAction\",\"target\":[\"https:\\\/\\\/www.apres-lecole.fr\\\/Blog\\\/projets-ecole-notre-dame-reims\\\/\"]}]},{\"@type\":\"ImageObject\",\"inLanguage\":\"fr-FR\",\"@id\":\"https:\\\/\\\/www.apres-lecole.fr\\\/Blog\\\/projets-ecole-notre-dame-reims\\\/#primaryimage\",\"url\":\"https:\\\/\\\/www.apres-lecole.fr\\\/Blog\\\/wp-content\\\/uploads\\\/2025\\\/09\\\/Decouvrez-les-grands-projets-de-lecole-Notre-Dame-de-Reims-en-2025.jpg\",\"contentUrl\":\"https:\\\/\\\/www.apres-lecole.fr\\\/Blog\\\/wp-content\\\/uploads\\\/2025\\\/09\\\/Decouvrez-les-grands-projets-de-lecole-Notre-Dame-de-Reims-en-2025.jpg\",\"width\":1344,\"height\":768,\"caption\":\"explorez les grands projets de l'\u00e9cole notre-dame de reims pour 2025 : innovations p\u00e9dagogiques, r\u00e9novations et initiatives \u00e9ducatives au service des \u00e9l\u00e8ves et de la communaut\u00e9.\"},{\"@type\":\"BreadcrumbList\",\"@id\":\"https:\\\/\\\/www.apres-lecole.fr\\\/Blog\\\/projets-ecole-notre-dame-reims\\\/#breadcrumb\",\"itemListElement\":[{\"@type\":\"ListItem\",\"position\":1,\"name\":\"Home\",\"item\":\"https:\\\/\\\/www.apres-lecole.fr\\\/Blog\\\/\"},{\"@type\":\"ListItem\",\"position\":2,\"name\":\"D\u00e9couvrez les grands projets de l&rsquo;\u00e9cole Notre-Dame de Reims en 2025\"}]},{\"@type\":\"WebSite\",\"@id\":\"https:\\\/\\\/www.apres-lecole.fr\\\/Blog\\\/#website\",\"url\":\"https:\\\/\\\/www.apres-lecole.fr\\\/Blog\\\/\",\"name\":\"\",\"description\":\"M\u00e9dia g\u00e9n\u00e9raliste\",\"potentialAction\":[{\"@type\":\"SearchAction\",\"target\":{\"@type\":\"EntryPoint\",\"urlTemplate\":\"https:\\\/\\\/www.apres-lecole.fr\\\/Blog\\\/?s={search_term_string}\"},\"query-input\":{\"@type\":\"PropertyValueSpecification\",\"valueRequired\":true,\"valueName\":\"search_term_string\"}}],\"inLanguage\":\"fr-FR\"},{\"@type\":\"Person\",\"@id\":\"\",\"url\":\"https:\\\/\\\/www.apres-lecole.fr\\\/Blog\\\/author\\\/\"}]}<\/script>\n<!-- \/ Yoast SEO plugin. -->","yoast_head_json":{"title":"Notre-Dame de Reims 2025 : Les Ambitieux Projets \u00e0 Venir","description":"Explorez les grands projets 2025 de l'\u00e9cole Notre-Dame de Reims : innovation, p\u00e9dagogie et r\u00e9ussite pour tous les \u00e9l\u00e8ves.","robots":{"index":"index","follow":"follow","max-snippet":"max-snippet:-1","max-image-preview":"max-image-preview:large","max-video-preview":"max-video-preview:-1"},"canonical":"https:\/\/www.apres-lecole.fr\/Blog\/projets-ecole-notre-dame-reims\/","og_locale":"fr_FR","og_type":"article","og_title":"Notre-Dame de Reims 2025 : Les Ambitieux Projets \u00e0 Venir","og_description":"Explorez les grands projets 2025 de l'\u00e9cole Notre-Dame de Reims : innovation, p\u00e9dagogie et r\u00e9ussite pour tous les \u00e9l\u00e8ves.","og_url":"https:\/\/www.apres-lecole.fr\/Blog\/projets-ecole-notre-dame-reims\/","article_published_time":"2025-09-06T06:32:26+00:00","og_image":[{"width":1344,"height":768,"url":"https:\/\/www.apres-lecole.fr\/Blog\/wp-content\/uploads\/2025\/09\/Decouvrez-les-grands-projets-de-lecole-Notre-Dame-de-Reims-en-2025.jpg","type":"image\/jpeg"}],"twitter_card":"summary_large_image","twitter_misc":{"\u00c9crit par":"","Dur\u00e9e de lecture estim\u00e9e":"6 minutes"},"schema":{"@context":"https:\/\/schema.org","@graph":[{"@type":"Article","@id":"https:\/\/www.apres-lecole.fr\/Blog\/projets-ecole-notre-dame-reims\/#article","isPartOf":{"@id":"https:\/\/www.apres-lecole.fr\/Blog\/projets-ecole-notre-dame-reims\/"},"author":{"name":"","@id":""},"headline":"D\u00e9couvrez les grands projets de l&rsquo;\u00e9cole Notre-Dame de Reims en 2025","datePublished":"2025-09-06T06:32:26+00:00","mainEntityOfPage":{"@id":"https:\/\/www.apres-lecole.fr\/Blog\/projets-ecole-notre-dame-reims\/"},"wordCount":1201,"commentCount":0,"image":{"@id":"https:\/\/www.apres-lecole.fr\/Blog\/projets-ecole-notre-dame-reims\/#primaryimage"},"thumbnailUrl":"https:\/\/www.apres-lecole.fr\/Blog\/wp-content\/uploads\/2025\/09\/Decouvrez-les-grands-projets-de-lecole-Notre-Dame-de-Reims-en-2025.jpg","keywords":["\u00e9cole notre-dame de reims","\u00e9ducation","grands projets","innovation"],"articleSection":["Actualit\u00e9s"],"inLanguage":"fr-FR","potentialAction":[{"@type":"CommentAction","name":"Comment","target":["https:\/\/www.apres-lecole.fr\/Blog\/projets-ecole-notre-dame-reims\/#respond"]}]},{"@type":"WebPage","@id":"https:\/\/www.apres-lecole.fr\/Blog\/projets-ecole-notre-dame-reims\/","url":"https:\/\/www.apres-lecole.fr\/Blog\/projets-ecole-notre-dame-reims\/","name":"Notre-Dame de Reims 2025 : Les Ambitieux Projets \u00e0 Venir","isPartOf":{"@id":"https:\/\/www.apres-lecole.fr\/Blog\/#website"},"primaryImageOfPage":{"@id":"https:\/\/www.apres-lecole.fr\/Blog\/projets-ecole-notre-dame-reims\/#primaryimage"},"image":{"@id":"https:\/\/www.apres-lecole.fr\/Blog\/projets-ecole-notre-dame-reims\/#primaryimage"},"thumbnailUrl":"https:\/\/www.apres-lecole.fr\/Blog\/wp-content\/uploads\/2025\/09\/Decouvrez-les-grands-projets-de-lecole-Notre-Dame-de-Reims-en-2025.jpg","datePublished":"2025-09-06T06:32:26+00:00","author":{"@id":""},"description":"Explorez les grands projets 2025 de l'\u00e9cole Notre-Dame de Reims : innovation, p\u00e9dagogie et r\u00e9ussite pour tous les \u00e9l\u00e8ves.","breadcrumb":{"@id":"https:\/\/www.apres-lecole.fr\/Blog\/projets-ecole-notre-dame-reims\/#breadcrumb"},"inLanguage":"fr-FR","potentialAction":[{"@type":"ReadAction","target":["https:\/\/www.apres-lecole.fr\/Blog\/projets-ecole-notre-dame-reims\/"]}]},{"@type":"ImageObject","inLanguage":"fr-FR","@id":"https:\/\/www.apres-lecole.fr\/Blog\/projets-ecole-notre-dame-reims\/#primaryimage","url":"https:\/\/www.apres-lecole.fr\/Blog\/wp-content\/uploads\/2025\/09\/Decouvrez-les-grands-projets-de-lecole-Notre-Dame-de-Reims-en-2025.jpg","contentUrl":"https:\/\/www.apres-lecole.fr\/Blog\/wp-content\/uploads\/2025\/09\/Decouvrez-les-grands-projets-de-lecole-Notre-Dame-de-Reims-en-2025.jpg","width":1344,"height":768,"caption":"explorez les grands projets de l'\u00e9cole notre-dame de reims pour 2025 : innovations p\u00e9dagogiques, r\u00e9novations et initiatives \u00e9ducatives au service des \u00e9l\u00e8ves et de la communaut\u00e9."},{"@type":"BreadcrumbList","@id":"https:\/\/www.apres-lecole.fr\/Blog\/projets-ecole-notre-dame-reims\/#breadcrumb","itemListElement":[{"@type":"ListItem","position":1,"name":"Home","item":"https:\/\/www.apres-lecole.fr\/Blog\/"},{"@type":"ListItem","position":2,"name":"D\u00e9couvrez les grands projets de l&rsquo;\u00e9cole Notre-Dame de Reims en 2025"}]},{"@type":"WebSite","@id":"https:\/\/www.apres-lecole.fr\/Blog\/#website","url":"https:\/\/www.apres-lecole.fr\/Blog\/","name":"","description":"M\u00e9dia g\u00e9n\u00e9raliste","potentialAction":[{"@type":"SearchAction","target":{"@type":"EntryPoint","urlTemplate":"https:\/\/www.apres-lecole.fr\/Blog\/?s={search_term_string}"},"query-input":{"@type":"PropertyValueSpecification","valueRequired":true,"valueName":"search_term_string"}}],"inLanguage":"fr-FR"},{"@type":"Person","@id":"","url":"https:\/\/www.apres-lecole.fr\/Blog\/author\/"}]}},"views":15,"_links":{"self":[{"href":"https:\/\/www.apres-lecole.fr\/Blog\/wp-json\/wp\/v2\/posts\/2291","targetHints":{"allow":["GET"]}}],"collection":[{"href":"https:\/\/www.apres-lecole.fr\/Blog\/wp-json\/wp\/v2\/posts"}],"about":[{"href":"https:\/\/www.apres-lecole.fr\/Blog\/wp-json\/wp\/v2\/types\/post"}],"author":[{"embeddable":true,"href":"https:\/\/www.apres-lecole.fr\/Blog\/wp-json\/wp\/v2\/users\/7"}],"replies":[{"embeddable":true,"href":"https:\/\/www.apres-lecole.fr\/Blog\/wp-json\/wp\/v2\/comments?post=2291"}],"version-history":[{"count":0,"href":"https:\/\/www.apres-lecole.fr\/Blog\/wp-json\/wp\/v2\/posts\/2291\/revisions"}],"wp:featuredmedia":[{"embeddable":true,"href":"https:\/\/www.apres-lecole.fr\/Blog\/wp-json\/wp\/v2\/media\/2290"}],"wp:attachment":[{"href":"https:\/\/www.apres-lecole.fr\/Blog\/wp-json\/wp\/v2\/media?parent=2291"}],"wp:term":[{"taxonomy":"category","embeddable":true,"href":"https:\/\/www.apres-lecole.fr\/Blog\/wp-json\/wp\/v2\/categories?post=2291"},{"taxonomy":"post_tag","embeddable":true,"href":"https:\/\/www.apres-lecole.fr\/Blog\/wp-json\/wp\/v2\/tags?post=2291"}],"curies":[{"name":"wp","href":"https:\/\/api.w.org\/{rel}","templated":true}]}}