{"id":2287,"date":"2025-09-05T06:34:44","date_gmt":"2025-09-05T06:34:44","guid":{"rendered":"https:\/\/www.apres-lecole.fr\/Blog\/ecole-republique-modele-2025\/"},"modified":"2025-09-05T06:34:44","modified_gmt":"2025-09-05T06:34:44","slug":"ecole-republique-modele-2025","status":"publish","type":"post","link":"https:\/\/www.apres-lecole.fr\/Blog\/ecole-republique-modele-2025\/","title":{"rendered":"L&rsquo;\u00e9cole R\u00e9publique : un mod\u00e8le \u00e9ducatif \u00e0 red\u00e9couvrir en 2025"},"content":{"rendered":"\n\n<div class=\"kk-star-ratings kksr-auto kksr-align-left kksr-valign-top\"\n    data-payload='{&quot;align&quot;:&quot;left&quot;,&quot;id&quot;:&quot;2287&quot;,&quot;slug&quot;:&quot;default&quot;,&quot;valign&quot;:&quot;top&quot;,&quot;ignore&quot;:&quot;&quot;,&quot;reference&quot;:&quot;auto&quot;,&quot;class&quot;:&quot;&quot;,&quot;count&quot;:&quot;0&quot;,&quot;legendonly&quot;:&quot;&quot;,&quot;readonly&quot;:&quot;&quot;,&quot;score&quot;:&quot;0&quot;,&quot;starsonly&quot;:&quot;&quot;,&quot;best&quot;:&quot;5&quot;,&quot;gap&quot;:&quot;5&quot;,&quot;greet&quot;:&quot;Rate this post&quot;,&quot;legend&quot;:&quot;0\\\/5 - (0 vote)&quot;,&quot;size&quot;:&quot;24&quot;,&quot;title&quot;:&quot;L\\u0026#039;\u00e9cole R\u00e9publique : un mod\u00e8le \u00e9ducatif \u00e0 red\u00e9couvrir en 2025&quot;,&quot;width&quot;:&quot;0&quot;,&quot;_legend&quot;:&quot;{score}\\\/{best} - ({count} {votes})&quot;,&quot;font_factor&quot;:&quot;1.25&quot;}'>\n            \n<div class=\"kksr-stars\">\n    \n<div class=\"kksr-stars-inactive\">\n            <div class=\"kksr-star\" data-star=\"1\" style=\"padding-right: 5px\">\n            \n\n<div class=\"kksr-icon\" style=\"width: 24px; height: 24px;\"><\/div>\n        <\/div>\n            <div class=\"kksr-star\" data-star=\"2\" style=\"padding-right: 5px\">\n            \n\n<div class=\"kksr-icon\" style=\"width: 24px; height: 24px;\"><\/div>\n        <\/div>\n            <div class=\"kksr-star\" data-star=\"3\" style=\"padding-right: 5px\">\n            \n\n<div class=\"kksr-icon\" style=\"width: 24px; height: 24px;\"><\/div>\n        <\/div>\n            <div class=\"kksr-star\" data-star=\"4\" style=\"padding-right: 5px\">\n            \n\n<div class=\"kksr-icon\" style=\"width: 24px; height: 24px;\"><\/div>\n        <\/div>\n            <div class=\"kksr-star\" data-star=\"5\" style=\"padding-right: 5px\">\n            \n\n<div class=\"kksr-icon\" style=\"width: 24px; height: 24px;\"><\/div>\n        <\/div>\n    <\/div>\n    \n<div class=\"kksr-stars-active\" style=\"width: 0px;\">\n            <div class=\"kksr-star\" style=\"padding-right: 5px\">\n            \n\n<div class=\"kksr-icon\" style=\"width: 24px; height: 24px;\"><\/div>\n        <\/div>\n            <div class=\"kksr-star\" style=\"padding-right: 5px\">\n            \n\n<div class=\"kksr-icon\" style=\"width: 24px; height: 24px;\"><\/div>\n        <\/div>\n            <div class=\"kksr-star\" style=\"padding-right: 5px\">\n            \n\n<div class=\"kksr-icon\" style=\"width: 24px; height: 24px;\"><\/div>\n        <\/div>\n            <div class=\"kksr-star\" style=\"padding-right: 5px\">\n            \n\n<div class=\"kksr-icon\" style=\"width: 24px; height: 24px;\"><\/div>\n        <\/div>\n            <div class=\"kksr-star\" style=\"padding-right: 5px\">\n            \n\n<div class=\"kksr-icon\" style=\"width: 24px; height: 24px;\"><\/div>\n        <\/div>\n    <\/div>\n<\/div>\n                \n\n<div class=\"kksr-legend\" style=\"font-size: 19.2px;\">\n            <span class=\"kksr-muted\">Rate this post<\/span>\n    <\/div>\n    <\/div>\n<p>Dans un monde o\u00f9 les d\u00e9bats sur l&rsquo;\u00e9ducation se multiplient, l&rsquo;\u00e9cole R\u00e9publique se positionne comme un bastion de valeurs fondamentales, h\u00e9rit\u00e9es des Lumi\u00e8res. Alors qu&rsquo;on s&rsquo;approche de 2025, il appara\u00eet crucial de se pencher sur son mod\u00e8le \u00e9ducatif unique, capable de r\u00e9pondre aux d\u00e9fis contemporains. Comment cet id\u00e9al r\u00e9publicain peut-il revivre et s&rsquo;adapter aux r\u00e9alit\u00e9s modernes ? Face \u00e0 l&rsquo;aspiration \u00e0 la libert\u00e9 scolaire et aux attentes d&rsquo;une soci\u00e9t\u00e9 en constante \u00e9volution, l&rsquo;\u00e9cole devient non seulement un lieu d&rsquo;apprentissage, mais aussi un espace de construction citoyenne. Les enjeux autour de la la\u00efcit\u00e9, de la r\u00e9ussite et de l&rsquo;\u00e9ducation ensemble deviennent ainsi des fil rouge de cette r\u00e9flexion. Explorons ensemble les contours de cette institution qui est encore aujourd&rsquo;hui, plus que jamais, embl\u00e9matique de notre R\u00e9publique \u00e9ducative.<\/p>\n\n<h2 class=\"wp-block-heading\">Les fondements de l&rsquo;\u00c9cole R\u00e9publique : un h\u00e9ritage des Lumi\u00e8res<\/h2>\n\n<p>L&rsquo;\u00e9cole de la R\u00e9publique prend racine dans les id\u00e9aux des Lumi\u00e8res, qui pr\u00f4nent la libert\u00e9, l&rsquo;\u00e9galit\u00e9 et l&rsquo;\u00e9mancipation individuelle. Ce socle philosophique conf\u00e8re \u00e0 l&rsquo;\u00e9ducation un r\u00f4le central dans la formation de citoyens \u00e9clair\u00e9s, capables de penser par eux-m\u00eames et de participer activement \u00e0 la vie d\u00e9mocratique. En effet, il est fondamental de pr\u00e9server cet h\u00e9ritage tout en r\u00e9pondant aux d\u00e9fis du XXIe si\u00e8cle.<\/p>\n\n<h3 class=\"wp-block-heading\">Les valeurs r\u00e9publicaines comme guide<\/h3>\n\n<p>Les valeurs de la R\u00e9publique jouent un r\u00f4le d\u00e9terminant dans la structuration du syst\u00e8me \u00e9ducatif fran\u00e7ais. La <strong>la\u00efcit\u00e9<\/strong> et le principe d\u2019\u00e9galit\u00e9 sont au c\u0153ur de cette d\u00e9marche, visant \u00e0 garantir un environnement o\u00f9 chaque \u00e9l\u00e8ve, peu importe son origine, peut s&rsquo;\u00e9panouir. Le mod\u00e8le \u00e9ducatif ne doit pas seulement se contenter de transmettre des connaissances acad\u00e9miques, mais doit \u00e9galement \u00e9duquer \u00e0 la citoyennet\u00e9. Cela implique de rappeler aux \u00e9l\u00e8ves leur place dans la soci\u00e9t\u00e9 et leur responsabilit\u00e9 envers autrui.<\/p>\n\n<ul class=\"wp-block-list\"><li>\ud83c\udf0d \u00c9galit\u00e9 des chances<\/li><li>\ud83d\udcda Acc\u00e8s au savoir pour tous<\/li><li>\ud83e\udd1d \u00c9ducation \u00e0 la citoyennet\u00e9<\/li><\/ul>\n\n<h3 class=\"wp-block-heading\">Une \u00e9cole au service de la soci\u00e9t\u00e9<\/h3>\n\n<p>L&rsquo;\u00e9cole R\u00e9publique n&rsquo;est pas une institution isol\u00e9e, mais elle intervient dans le tissu social. Elle doit s&rsquo;adapter aux besoins de la population qu&rsquo;elle dessert, tout en ne perdant jamais de vue sa mission d\u2019\u00e9quit\u00e9. Pour cela, il est crucial d\u2019appr\u00e9hender les \u00e9volutions soci\u00e9tales, de la diversit\u00e9 culturelle \u00e0 l&rsquo;essor num\u00e9rique, qui influent sur les m\u00e9thodes d&rsquo;enseignement et les contenus p\u00e9dagogiques.<\/p>\n\n<figure class=\"wp-block-table\"><table>\n<thead>\n<tr>\n<th>\u00c9l\u00e9ments cl\u00e9s<\/th>\n<th>Applications<\/th>\n<\/tr>\n<\/thead>\n<tbody>\n<tr>\n<td>Libert\u00e9 Scolaire<\/td>\n<td>Encourager la cr\u00e9ativit\u00e9 et l\u2019innovation dans l&rsquo;enseignement<\/td>\n<\/tr>\n<tr>\n<td>\u00c9cole Citoyenne<\/td>\n<td>Favoriser les projets collectifs et le respect des valeurs r\u00e9publicaines<\/td>\n<\/tr>\n<tr>\n<td>Classe R\u00e9publicaine<\/td>\n<td>Promouvoir la mixit\u00e9 sociale au sein des \u00e9tablissements scolaires<\/td>\n<\/tr>\n<\/tbody>\n<\/table><\/figure>\n\n<h2 class=\"wp-block-heading\">Les d\u00e9fis contemporains de l&rsquo;\u00c9ducation : entre promesses et r\u00e9alit\u00e9s<\/h2>\n\n<p>\u00c0 l&rsquo;aube de 2025, l&rsquo;\u00e9cole R\u00e9publique se retrouve face \u00e0 des d\u00e9fis majeurs. Les d\u00e9fis li\u00e9s \u00e0 la <strong>r\u00e9ussite<\/strong> \u00e9ducative ne sont pas seulement acad\u00e9miques. Si le taux de dipl\u00f4m\u00e9s augmente, une tendance inqui\u00e9tante se dessine avec une baisse des niveaux de connaissances fondamentales. Les constats des experts, comme ceux abord\u00e9s par Camille Dejardin dans son essai \u00ab\u00a0Urgence pour l&rsquo;\u00e9cole r\u00e9publicaine\u00a0\u00bb, montrent que le syst\u00e8me \u00e9ducatif peine \u00e0 maintenir la qualit\u00e9 de son enseignement.<\/p>\n\n<h3 class=\"wp-block-heading\">Un constat alarmant sur les r\u00e9sultats scolaires<\/h3>\n\n<p>Les rapports de l&rsquo;OCDE mettent en lumi\u00e8re une d\u00e9gradation continue des performances des \u00e9l\u00e8ves fran\u00e7ais. En voici quelques points cl\u00e9s :<\/p>\n\n<ul class=\"wp-block-list\"><li>\ud83d\udcc9 Baisse des comp\u00e9tences en math\u00e9matiques et en expression \u00e9crite.<\/li><li>\ud83e\uddec D\u00e9crochage scolaire accru, notamment chez les filles en sciences.<\/li><li>\ud83d\udc69\u200d\ud83c\udfeb P\u00e9nurie croissante d&rsquo;enseignants qualifi\u00e9s.<\/li><\/ul>\n\n<h3 class=\"wp-block-heading\">Repenser l&rsquo;organisation scolaire<\/h3>\n\n<p>Il est urgent d&rsquo;interroger la structuration de l&rsquo;\u00e9cole et ses objectifs. La <strong>Vision R\u00e9publique<\/strong> doit s&rsquo;articuler autour des besoins v\u00e9ritables des \u00e9l\u00e8ves. La question centrale est : est-ce l&rsquo;\u00e9cole qui r\u00e9pond aux exigences de la soci\u00e9t\u00e9 ou est-ce la soci\u00e9t\u00e9 qui doit s&rsquo;adapter aux \u00e9l\u00e8ves ?<\/p>\n\n<p>Les acteurs \u00e9ducatifs doivent se mobiliser pour repenser les m\u00e9thodes d&rsquo;enseignement, afin de r\u00e9int\u00e9grer des valeurs humaines au c\u0153ur du syst\u00e8me. En ce sens, il est essentiel d&rsquo;adopter une approche collaborative\u00a0: <strong>\u00c9duquer Ensemble<\/strong> doit devenir une priorit\u00e9.<\/p>\n\n<figure class=\"wp-block-table\"><table>\n<thead>\n<tr>\n<th>D\u00e9fis principaux<\/th>\n<th>Solutions potentielles<\/th>\n<\/tr>\n<\/thead>\n<tbody>\n<tr>\n<td>Manque d&rsquo;\u00e9galit\u00e9<\/td>\n<td>Encourager des politiques d&rsquo;inclusion<\/td>\n<\/tr>\n<tr>\n<td>Ajustements p\u00e9dagogiques n\u00e9cessaires<\/td>\n<td>Int\u00e9gration des nouvelles technologies<\/td>\n<\/tr>\n<tr>\n<td>Formation des enseignants<\/td>\n<td>Cr\u00e9ation de programmes de d\u00e9veloppement professionnel<\/td>\n<\/tr>\n<\/tbody>\n<\/table><\/figure>\n\n<h2 class=\"wp-block-heading\">La place de la technologie dans l&rsquo;\u00e9ducation<\/h2>\n\n<p>La r\u00e9volution num\u00e9rique a boulevers\u00e9 le paysage \u00e9ducatif. Les outils num\u00e9riques, s&rsquo;ils sont bien int\u00e9gr\u00e9s, peuvent repr\u00e9senter une v\u00e9ritable opportunit\u00e9 pour renforcer l&rsquo;enseignement \u00e0 l&rsquo;\u00e9cole R\u00e9publique. Comment les int\u00e9grer de mani\u00e8re efficace dans les classes ?<\/p>\n\n<h3 class=\"wp-block-heading\">L&rsquo;impact des outils num\u00e9riques sur l&rsquo;apprentissage<\/h3>\n\n<p>La technologie offre des possibilit\u00e9s sans pr\u00e9c\u00e9dent pour personnaliser l&rsquo;apprentissage. Gr\u00e2ce \u00e0 des plateformes d&rsquo;apprentissage en ligne, les \u00e9l\u00e8ves peuvent progresser \u00e0 leur rythme et explorer des sujets qui les passionnent. De plus, elle permet \u00e9galement un meilleur acc\u00e8s \u00e0 des ressources \u00e9ducatives vari\u00e9es.<\/p>\n\n<ul class=\"wp-block-list\"><li>\ud83d\udca1 Acc\u00e8s \u00e0 une multitude de ressources d&rsquo;apprentissage<\/li><li>\ud83c\udf93 Apprentissage asynchrone et suivi individualis\u00e9<\/li><li>\ud83c\udf10 Interconnexion entre \u00e9l\u00e8ves et enseignants<\/li><\/ul>\n\n<h3 class=\"wp-block-heading\">\u00c9quilibrer le num\u00e9rique et l&rsquo;humanit\u00e9<\/h3>\n\n<p>Cependant, il est important de garder un \u00e9quilibre. La technologie ne doit pas remplacer l&rsquo;interaction humaine, qui est essentielle \u00e0 l&rsquo;apprentissage. Il est crucial de former les enseignants \u00e0 int\u00e9grer ces outils de mani\u00e8re r\u00e9fl\u00e9chie. Des initiatives doivent \u00eatre mises en place pour garantir que tous les \u00e9l\u00e8ves aient acc\u00e8s \u00e0 la technologie, tout en sensibilisant aux dangers du num\u00e9rique, tels que le harc\u00e8lement scolaire en ligne ou le cyberd\u00e9pendance.<\/p>\n\n<h2 class=\"wp-block-heading\">La la\u00efcit\u00e9 et la r\u00e9ussite : un couple indissociable<\/h2>\n\n<p>Un autre pilier fondamental de l&rsquo;\u00e9cole R\u00e9publique est la <strong>la\u00efcit\u00e9<\/strong>. En 2025, alors que les d\u00e9bats autour de la la\u00efcit\u00e9 se poursuivent, il est essentiel de rappeler son importance dans le cadre \u00e9ducatif. Cette valeur permet non seulement de garantir un enseignement neutre, mais elle est \u00e9galement un vecteur d&rsquo;inclusion et de respect.<\/p>\n\n<h3 class=\"wp-block-heading\">La la\u00efcit\u00e9 comme fondation de l&rsquo;\u00e9galit\u00e9<\/h3>\n\n<p>La la\u00efcit\u00e9 favorise un environnement d&rsquo;apprentissage o\u00f9 chaque \u00e9l\u00e8ve, quelle que soit sa croyance, se sent \u00e0 sa place. C&rsquo;est un aspect essentiel pour promouvoir l&rsquo;\u00e9galit\u00e9 des chances. Elle doit \u00eatre enseign\u00e9e de mani\u00e8re \u00e0 ce que les \u00e9l\u00e8ves comprennent et respectent les diff\u00e9rences.<\/p>\n\n<ul class=\"wp-block-list\"><li>\ud83c\udf08 Valorisation de la diversit\u00e9 culturelle<\/li><li>\ud83d\udd4a\ufe0f Encouragement du respect mutuel entre \u00e9l\u00e8ves<\/li><li>\ud83d\udc69\u200d\ud83c\udfeb Formation \u00e0 la pens\u00e9e critique<\/li><\/ul>\n\n<h3 class=\"wp-block-heading\">Favoriser le dialogue et la tol\u00e9rance<\/h3>\n\n<p>Dans une soci\u00e9t\u00e9 plurielle, l&rsquo;\u00e9cole doit devenir un lieu de dialogue o\u00f9 les \u00e9l\u00e8ves apprennent \u00e0 coexister pacifiquement. Des projets p\u00e9dagogiques qui favorisent les \u00e9changes entre \u00e9l\u00e8ves d&rsquo;origines diverses peuvent aider \u00e0 renforcer cette compr\u00e9hension mutuelle. L\u2019objectif doit viser non seulement une meilleure connaissance d&rsquo;autrui, mais aussi un apprentissage collectif autour du vivre-ensemble.<\/p>\n\n<figure class=\"wp-block-table\"><table>\n<thead>\n<tr>\n<th>Initiatives possibles<\/th>\n<th>R\u00e9sultats attendus<\/th>\n<\/tr>\n<\/thead>\n<tbody>\n<tr>\n<td>Ateliers interculturels<\/td>\n<td>Promotion de la compr\u00e9hension et du respect<\/td>\n<\/tr>\n<tr>\n<td>Centres d&rsquo;\u00e9change entre g\u00e9n\u00e9rations<\/td>\n<td>Renforcement du lien social<\/td>\n<\/tr>\n<tr>\n<td>Projets de classe r\u00e9publicaine<\/td>\n<td>Engagement citoyen des \u00e9l\u00e8ves<\/td>\n<\/tr>\n<\/tbody>\n<\/table><\/figure>\n\n<h2 class=\"wp-block-heading\">Vers une \u00e9cole pour tous : la voie de l&rsquo;avenir<\/h2>\n\n<p>L&rsquo;\u00e9cole R\u00e9publique doit se tourner vers l&rsquo;avenir et r\u00e9\u00e9valuer sa mission pour r\u00e9pondre aux attentes de lunes diversifi\u00e9es. C&rsquo;est dans cette perspective que des projets innovants ont vu le jour pour redonner des chances d&rsquo;apprentissage \u00e0 tous les \u00c9l\u00e8ves. Le concept de <strong>Pupitre 2025<\/strong> illustre cette volont\u00e9 d&rsquo;inclure tous les enfants sur le chemin de la r\u00e9ussite.<\/p>\n\n<h3 class=\"wp-block-heading\">Une \u00e9ducation inclusive \u00e0 l&rsquo;horizon 2025<\/h3>\n\n<p>Les \u00e9tablissements scolaires doivent \u00e9voluer pour devenir des espaces d&rsquo;accueil et de valorisation des talents, l\u00e0 o\u00f9 chaque \u00e9l\u00e8ve peut se d\u00e9couvrir et se r\u00e9v\u00e9ler. Cela n\u00e9cessite un engagement fort des d\u00e9cideurs politiques, des enseignants et des familles. La volont\u00e9 d&rsquo;innover en mati\u00e8re p\u00e9dagogique est primordiale pour accompagner cette transformation.<\/p>\n\n<ul class=\"wp-block-list\"><li>\ud83d\ude80 D\u00e9velopper des \u00e9coles hors contrat pour une \u00e9ducation alternative<\/li><li>\ud83c\udf31 Favoriser les projets autour du Bien-\u00catre \u00e0 l&rsquo;\u00e9cole<\/li><li>\ud83c\udfeb Soutenir les initiatives locales de l&rsquo;\u00e9ducation<\/li><\/ul>\n\n<h3 class=\"wp-block-heading\">Construire une \u00e9cole sur des valeurs partag\u00e9es<\/h3>\n\n<p>Pour qu&rsquo;une telle vision devienne r\u00e9alit\u00e9, un cadre de collaboration doit \u00eatre \u00e9tabli entre les diff\u00e9rents acteurs de l&rsquo;\u00e9ducation. Parents, enseignants, \u00e9l\u00e8ves, et responsables politiques doivent travailler ensemble pour construire un mod\u00e8le \u00e9ducatif fort, fid\u00e8le aux valeurs de la R\u00e9publique.<\/p>\n\n<p>Les enjeux sont consid\u00e9rables pour l&rsquo;\u00e9cole R\u00e9publique dans les ann\u00e9es \u00e0 venir. Elle a le potentiel de devenir un mod\u00e8le \u00e0 red\u00e9couvrir, affirmant ainsi son r\u00f4le dans la soci\u00e9t\u00e9 et la formation de citoyens \u00e9clair\u00e9s. Le chemin vers un avenir \u00e9ducatif radieux commence ici, avec chaque geste et chaque envie de redonner \u00e0 chaque \u00e9l\u00e8ve les cl\u00e9s pour leur r\u00e9ussite.<\/p>\n\n<p>Questions autour des d\u00e9fis \u00e9ducatifs :<\/p>\n\n<p><strong>Pourquoi l&rsquo;\u00e9cole R\u00e9publique est-elle cruciale pour le monde d&rsquo;aujourd&rsquo;hui ?<\/strong><br>Elle incarne un mod\u00e8le d&rsquo;inclusion et de libert\u00e9 essentielle pour garantir une \u00e9ducation pour tous, dans le respect des valeurs la\u00efques et r\u00e9publicaines.<\/p>\n\n<p><strong>Comment la la\u00efcit\u00e9 influence-t-elle l&rsquo;\u00e9ducation ?<\/strong><br>Elle offre un cadre permettant \u00e0 chaque \u00e9l\u00e8ve de se d\u00e9velopper en \u00e9vitant les divisions religieuses et en promouvant le respect des diff\u00e9rences.<\/p>\n\n<p><strong>Quels sont les d\u00e9fis \u00e0 relever pour l&rsquo;\u00e9cole en 2025 ?<\/strong><br>Le principal d\u00e9fi est de retrouver l&rsquo;excellence acad\u00e9mique tout en adaptant les m\u00e9thodes d&rsquo;enseignement aux besoins d&rsquo;une soci\u00e9t\u00e9 en constante \u00e9volution.<\/p>\n\n<p><strong>Quelles strat\u00e9gies peuvent am\u00e9liorer l&rsquo;\u00e9galit\u00e9 des chances ?<\/strong><br>Investir dans des projets \u00e9ducatifs locaux, diversifier les m\u00e9thodes p\u00e9dagogiques et renforcer la formation des enseignants sont primordiaux pour construire une \u00e9ducation \u00e9quitable.<\/p>\n\n<p><strong>Comment les parents peuvent-ils s&rsquo;engager dans l&rsquo;\u00e9cole R\u00e9publique ?<\/strong><br>En participant activement aux conseils d&rsquo;\u00e9cole, en soutenant les initiatives scolaires et en cultivant le dialogue avec les enseignants.<\/p>\n\n","protected":false},"excerpt":{"rendered":"<p>Dans un monde o\u00f9 les d\u00e9bats sur l&rsquo;\u00e9ducation se multiplient, l&rsquo;\u00e9cole R\u00e9publique se positionne comme un bastion de valeurs fondamentales, h\u00e9rit\u00e9es des Lumi\u00e8res. Alors qu&rsquo;on s&rsquo;approche de 2025, il appara\u00eet crucial de se pencher sur son mod\u00e8le \u00e9ducatif unique, capable de r\u00e9pondre aux d\u00e9fis contemporains. Comment cet id\u00e9al r\u00e9publicain peut-il revivre et s&rsquo;adapter aux r\u00e9alit\u00e9s &#8230; <a title=\"L&rsquo;\u00e9cole R\u00e9publique : un mod\u00e8le \u00e9ducatif \u00e0 red\u00e9couvrir en 2025\" class=\"read-more\" href=\"https:\/\/www.apres-lecole.fr\/Blog\/ecole-republique-modele-2025\/\" aria-label=\"En savoir plus sur L&rsquo;\u00e9cole R\u00e9publique : un mod\u00e8le \u00e9ducatif \u00e0 red\u00e9couvrir en 2025\">Lire plus<\/a><\/p>\n","protected":false},"author":7,"featured_media":2286,"comment_status":"open","ping_status":"open","sticky":false,"template":"","format":"standard","meta":{"footnotes":""},"categories":[342],"tags":[1501,1357,1502,1415,841],"class_list":["post-2287","post","type-post","status-publish","format-standard","has-post-thumbnail","hentry","category-actualites","tag-ecole-republique","tag-education-2025","tag-innovation-pedagogique","tag-modele-educatif","tag-reforme-educative"],"yoast_head":"<!-- This site is optimized with the Yoast SEO plugin v27.5 - https:\/\/yoast.com\/product\/yoast-seo-wordpress\/ -->\n<title>L\u2019\u00e9cole R\u00e9publique : l\u2019excellence \u00e9ducative revisit\u00e9e pour 2025<\/title>\n<meta name=\"description\" content=\"D\u00e9couvrez comment l&#039;\u00e9cole R\u00e9publique se r\u00e9invente en 2025 : un mod\u00e8le \u00e9ducatif innovant \u00e0 red\u00e9couvrir pour la r\u00e9ussite de tous.\" \/>\n<meta name=\"robots\" content=\"index, follow, max-snippet:-1, max-image-preview:large, max-video-preview:-1\" \/>\n<link rel=\"canonical\" href=\"https:\/\/www.apres-lecole.fr\/Blog\/ecole-republique-modele-2025\/\" \/>\n<meta property=\"og:locale\" content=\"fr_FR\" \/>\n<meta property=\"og:type\" content=\"article\" \/>\n<meta property=\"og:title\" content=\"L\u2019\u00e9cole R\u00e9publique : l\u2019excellence \u00e9ducative revisit\u00e9e pour 2025\" \/>\n<meta property=\"og:description\" content=\"D\u00e9couvrez comment l&#039;\u00e9cole R\u00e9publique se r\u00e9invente en 2025 : un mod\u00e8le \u00e9ducatif innovant \u00e0 red\u00e9couvrir pour la r\u00e9ussite de tous.\" \/>\n<meta property=\"og:url\" content=\"https:\/\/www.apres-lecole.fr\/Blog\/ecole-republique-modele-2025\/\" \/>\n<meta property=\"article:published_time\" content=\"2025-09-05T06:34:44+00:00\" \/>\n<meta property=\"og:image\" content=\"https:\/\/www.apres-lecole.fr\/Blog\/wp-content\/uploads\/2025\/09\/Lecole-Republique-un-modele-educatif-a-redecouvrir-en-2025.jpg\" \/>\n\t<meta property=\"og:image:width\" content=\"1344\" \/>\n\t<meta property=\"og:image:height\" content=\"768\" \/>\n\t<meta property=\"og:image:type\" content=\"image\/jpeg\" \/>\n<meta name=\"twitter:card\" content=\"summary_large_image\" \/>\n<meta name=\"twitter:label1\" content=\"\u00c9crit par\" \/>\n\t<meta name=\"twitter:data1\" content=\"\" \/>\n\t<meta name=\"twitter:label2\" content=\"Dur\u00e9e de lecture estim\u00e9e\" \/>\n\t<meta name=\"twitter:data2\" content=\"8 minutes\" \/>\n<script type=\"application\/ld+json\" class=\"yoast-schema-graph\">{\"@context\":\"https:\\\/\\\/schema.org\",\"@graph\":[{\"@type\":\"Article\",\"@id\":\"https:\\\/\\\/www.apres-lecole.fr\\\/Blog\\\/ecole-republique-modele-2025\\\/#article\",\"isPartOf\":{\"@id\":\"https:\\\/\\\/www.apres-lecole.fr\\\/Blog\\\/ecole-republique-modele-2025\\\/\"},\"author\":{\"name\":\"\",\"@id\":\"\"},\"headline\":\"L&rsquo;\u00e9cole R\u00e9publique : un mod\u00e8le \u00e9ducatif \u00e0 red\u00e9couvrir en 2025\",\"datePublished\":\"2025-09-05T06:34:44+00:00\",\"mainEntityOfPage\":{\"@id\":\"https:\\\/\\\/www.apres-lecole.fr\\\/Blog\\\/ecole-republique-modele-2025\\\/\"},\"wordCount\":1726,\"commentCount\":0,\"image\":{\"@id\":\"https:\\\/\\\/www.apres-lecole.fr\\\/Blog\\\/ecole-republique-modele-2025\\\/#primaryimage\"},\"thumbnailUrl\":\"https:\\\/\\\/www.apres-lecole.fr\\\/Blog\\\/wp-content\\\/uploads\\\/2025\\\/09\\\/Lecole-Republique-un-modele-educatif-a-redecouvrir-en-2025.jpg\",\"keywords\":[\"\u00e9cole r\u00e9publique\",\"\u00e9ducation 2025\",\"innovation p\u00e9dagogique\",\"mod\u00e8le \u00e9ducatif\",\"r\u00e9forme \u00e9ducative\"],\"articleSection\":[\"Actualit\u00e9s\"],\"inLanguage\":\"fr-FR\",\"potentialAction\":[{\"@type\":\"CommentAction\",\"name\":\"Comment\",\"target\":[\"https:\\\/\\\/www.apres-lecole.fr\\\/Blog\\\/ecole-republique-modele-2025\\\/#respond\"]}]},{\"@type\":\"WebPage\",\"@id\":\"https:\\\/\\\/www.apres-lecole.fr\\\/Blog\\\/ecole-republique-modele-2025\\\/\",\"url\":\"https:\\\/\\\/www.apres-lecole.fr\\\/Blog\\\/ecole-republique-modele-2025\\\/\",\"name\":\"L\u2019\u00e9cole R\u00e9publique : l\u2019excellence \u00e9ducative revisit\u00e9e pour 2025\",\"isPartOf\":{\"@id\":\"https:\\\/\\\/www.apres-lecole.fr\\\/Blog\\\/#website\"},\"primaryImageOfPage\":{\"@id\":\"https:\\\/\\\/www.apres-lecole.fr\\\/Blog\\\/ecole-republique-modele-2025\\\/#primaryimage\"},\"image\":{\"@id\":\"https:\\\/\\\/www.apres-lecole.fr\\\/Blog\\\/ecole-republique-modele-2025\\\/#primaryimage\"},\"thumbnailUrl\":\"https:\\\/\\\/www.apres-lecole.fr\\\/Blog\\\/wp-content\\\/uploads\\\/2025\\\/09\\\/Lecole-Republique-un-modele-educatif-a-redecouvrir-en-2025.jpg\",\"datePublished\":\"2025-09-05T06:34:44+00:00\",\"author\":{\"@id\":\"\"},\"description\":\"D\u00e9couvrez comment l'\u00e9cole R\u00e9publique se r\u00e9invente en 2025 : un mod\u00e8le \u00e9ducatif innovant \u00e0 red\u00e9couvrir pour la r\u00e9ussite de tous.\",\"breadcrumb\":{\"@id\":\"https:\\\/\\\/www.apres-lecole.fr\\\/Blog\\\/ecole-republique-modele-2025\\\/#breadcrumb\"},\"inLanguage\":\"fr-FR\",\"potentialAction\":[{\"@type\":\"ReadAction\",\"target\":[\"https:\\\/\\\/www.apres-lecole.fr\\\/Blog\\\/ecole-republique-modele-2025\\\/\"]}]},{\"@type\":\"ImageObject\",\"inLanguage\":\"fr-FR\",\"@id\":\"https:\\\/\\\/www.apres-lecole.fr\\\/Blog\\\/ecole-republique-modele-2025\\\/#primaryimage\",\"url\":\"https:\\\/\\\/www.apres-lecole.fr\\\/Blog\\\/wp-content\\\/uploads\\\/2025\\\/09\\\/Lecole-Republique-un-modele-educatif-a-redecouvrir-en-2025.jpg\",\"contentUrl\":\"https:\\\/\\\/www.apres-lecole.fr\\\/Blog\\\/wp-content\\\/uploads\\\/2025\\\/09\\\/Lecole-Republique-un-modele-educatif-a-redecouvrir-en-2025.jpg\",\"width\":1344,\"height\":768,\"caption\":\"d\u00e9couvrez comment l'\u00e9cole r\u00e9publique r\u00e9invente son mod\u00e8le \u00e9ducatif en 2025 : innovations p\u00e9dagogiques, valeurs citoyennes et r\u00e9ussite pour tous les \u00e9l\u00e8ves. un exemple inspirant pour l'\u00e9ducation de demain.\"},{\"@type\":\"BreadcrumbList\",\"@id\":\"https:\\\/\\\/www.apres-lecole.fr\\\/Blog\\\/ecole-republique-modele-2025\\\/#breadcrumb\",\"itemListElement\":[{\"@type\":\"ListItem\",\"position\":1,\"name\":\"Home\",\"item\":\"https:\\\/\\\/www.apres-lecole.fr\\\/Blog\\\/\"},{\"@type\":\"ListItem\",\"position\":2,\"name\":\"L&rsquo;\u00e9cole R\u00e9publique : un mod\u00e8le \u00e9ducatif \u00e0 red\u00e9couvrir en 2025\"}]},{\"@type\":\"WebSite\",\"@id\":\"https:\\\/\\\/www.apres-lecole.fr\\\/Blog\\\/#website\",\"url\":\"https:\\\/\\\/www.apres-lecole.fr\\\/Blog\\\/\",\"name\":\"\",\"description\":\"M\u00e9dia g\u00e9n\u00e9raliste\",\"potentialAction\":[{\"@type\":\"SearchAction\",\"target\":{\"@type\":\"EntryPoint\",\"urlTemplate\":\"https:\\\/\\\/www.apres-lecole.fr\\\/Blog\\\/?s={search_term_string}\"},\"query-input\":{\"@type\":\"PropertyValueSpecification\",\"valueRequired\":true,\"valueName\":\"search_term_string\"}}],\"inLanguage\":\"fr-FR\"},{\"@type\":\"Person\",\"@id\":\"\",\"url\":\"https:\\\/\\\/www.apres-lecole.fr\\\/Blog\\\/author\\\/\"}]}<\/script>\n<!-- \/ Yoast SEO plugin. -->","yoast_head_json":{"title":"L\u2019\u00e9cole R\u00e9publique : l\u2019excellence \u00e9ducative revisit\u00e9e pour 2025","description":"D\u00e9couvrez comment l'\u00e9cole R\u00e9publique se r\u00e9invente en 2025 : un mod\u00e8le \u00e9ducatif innovant \u00e0 red\u00e9couvrir pour la r\u00e9ussite de tous.","robots":{"index":"index","follow":"follow","max-snippet":"max-snippet:-1","max-image-preview":"max-image-preview:large","max-video-preview":"max-video-preview:-1"},"canonical":"https:\/\/www.apres-lecole.fr\/Blog\/ecole-republique-modele-2025\/","og_locale":"fr_FR","og_type":"article","og_title":"L\u2019\u00e9cole R\u00e9publique : l\u2019excellence \u00e9ducative revisit\u00e9e pour 2025","og_description":"D\u00e9couvrez comment l'\u00e9cole R\u00e9publique se r\u00e9invente en 2025 : un mod\u00e8le \u00e9ducatif innovant \u00e0 red\u00e9couvrir pour la r\u00e9ussite de tous.","og_url":"https:\/\/www.apres-lecole.fr\/Blog\/ecole-republique-modele-2025\/","article_published_time":"2025-09-05T06:34:44+00:00","og_image":[{"width":1344,"height":768,"url":"https:\/\/www.apres-lecole.fr\/Blog\/wp-content\/uploads\/2025\/09\/Lecole-Republique-un-modele-educatif-a-redecouvrir-en-2025.jpg","type":"image\/jpeg"}],"twitter_card":"summary_large_image","twitter_misc":{"\u00c9crit par":"","Dur\u00e9e de lecture estim\u00e9e":"8 minutes"},"schema":{"@context":"https:\/\/schema.org","@graph":[{"@type":"Article","@id":"https:\/\/www.apres-lecole.fr\/Blog\/ecole-republique-modele-2025\/#article","isPartOf":{"@id":"https:\/\/www.apres-lecole.fr\/Blog\/ecole-republique-modele-2025\/"},"author":{"name":"","@id":""},"headline":"L&rsquo;\u00e9cole R\u00e9publique : un mod\u00e8le \u00e9ducatif \u00e0 red\u00e9couvrir en 2025","datePublished":"2025-09-05T06:34:44+00:00","mainEntityOfPage":{"@id":"https:\/\/www.apres-lecole.fr\/Blog\/ecole-republique-modele-2025\/"},"wordCount":1726,"commentCount":0,"image":{"@id":"https:\/\/www.apres-lecole.fr\/Blog\/ecole-republique-modele-2025\/#primaryimage"},"thumbnailUrl":"https:\/\/www.apres-lecole.fr\/Blog\/wp-content\/uploads\/2025\/09\/Lecole-Republique-un-modele-educatif-a-redecouvrir-en-2025.jpg","keywords":["\u00e9cole r\u00e9publique","\u00e9ducation 2025","innovation p\u00e9dagogique","mod\u00e8le \u00e9ducatif","r\u00e9forme \u00e9ducative"],"articleSection":["Actualit\u00e9s"],"inLanguage":"fr-FR","potentialAction":[{"@type":"CommentAction","name":"Comment","target":["https:\/\/www.apres-lecole.fr\/Blog\/ecole-republique-modele-2025\/#respond"]}]},{"@type":"WebPage","@id":"https:\/\/www.apres-lecole.fr\/Blog\/ecole-republique-modele-2025\/","url":"https:\/\/www.apres-lecole.fr\/Blog\/ecole-republique-modele-2025\/","name":"L\u2019\u00e9cole R\u00e9publique : l\u2019excellence \u00e9ducative revisit\u00e9e pour 2025","isPartOf":{"@id":"https:\/\/www.apres-lecole.fr\/Blog\/#website"},"primaryImageOfPage":{"@id":"https:\/\/www.apres-lecole.fr\/Blog\/ecole-republique-modele-2025\/#primaryimage"},"image":{"@id":"https:\/\/www.apres-lecole.fr\/Blog\/ecole-republique-modele-2025\/#primaryimage"},"thumbnailUrl":"https:\/\/www.apres-lecole.fr\/Blog\/wp-content\/uploads\/2025\/09\/Lecole-Republique-un-modele-educatif-a-redecouvrir-en-2025.jpg","datePublished":"2025-09-05T06:34:44+00:00","author":{"@id":""},"description":"D\u00e9couvrez comment l'\u00e9cole R\u00e9publique se r\u00e9invente en 2025 : un mod\u00e8le \u00e9ducatif innovant \u00e0 red\u00e9couvrir pour la r\u00e9ussite de tous.","breadcrumb":{"@id":"https:\/\/www.apres-lecole.fr\/Blog\/ecole-republique-modele-2025\/#breadcrumb"},"inLanguage":"fr-FR","potentialAction":[{"@type":"ReadAction","target":["https:\/\/www.apres-lecole.fr\/Blog\/ecole-republique-modele-2025\/"]}]},{"@type":"ImageObject","inLanguage":"fr-FR","@id":"https:\/\/www.apres-lecole.fr\/Blog\/ecole-republique-modele-2025\/#primaryimage","url":"https:\/\/www.apres-lecole.fr\/Blog\/wp-content\/uploads\/2025\/09\/Lecole-Republique-un-modele-educatif-a-redecouvrir-en-2025.jpg","contentUrl":"https:\/\/www.apres-lecole.fr\/Blog\/wp-content\/uploads\/2025\/09\/Lecole-Republique-un-modele-educatif-a-redecouvrir-en-2025.jpg","width":1344,"height":768,"caption":"d\u00e9couvrez comment l'\u00e9cole r\u00e9publique r\u00e9invente son mod\u00e8le \u00e9ducatif en 2025 : innovations p\u00e9dagogiques, valeurs citoyennes et r\u00e9ussite pour tous les \u00e9l\u00e8ves. un exemple inspirant pour l'\u00e9ducation de demain."},{"@type":"BreadcrumbList","@id":"https:\/\/www.apres-lecole.fr\/Blog\/ecole-republique-modele-2025\/#breadcrumb","itemListElement":[{"@type":"ListItem","position":1,"name":"Home","item":"https:\/\/www.apres-lecole.fr\/Blog\/"},{"@type":"ListItem","position":2,"name":"L&rsquo;\u00e9cole R\u00e9publique : un mod\u00e8le \u00e9ducatif \u00e0 red\u00e9couvrir en 2025"}]},{"@type":"WebSite","@id":"https:\/\/www.apres-lecole.fr\/Blog\/#website","url":"https:\/\/www.apres-lecole.fr\/Blog\/","name":"","description":"M\u00e9dia g\u00e9n\u00e9raliste","potentialAction":[{"@type":"SearchAction","target":{"@type":"EntryPoint","urlTemplate":"https:\/\/www.apres-lecole.fr\/Blog\/?s={search_term_string}"},"query-input":{"@type":"PropertyValueSpecification","valueRequired":true,"valueName":"search_term_string"}}],"inLanguage":"fr-FR"},{"@type":"Person","@id":"","url":"https:\/\/www.apres-lecole.fr\/Blog\/author\/"}]}},"views":13,"_links":{"self":[{"href":"https:\/\/www.apres-lecole.fr\/Blog\/wp-json\/wp\/v2\/posts\/2287","targetHints":{"allow":["GET"]}}],"collection":[{"href":"https:\/\/www.apres-lecole.fr\/Blog\/wp-json\/wp\/v2\/posts"}],"about":[{"href":"https:\/\/www.apres-lecole.fr\/Blog\/wp-json\/wp\/v2\/types\/post"}],"author":[{"embeddable":true,"href":"https:\/\/www.apres-lecole.fr\/Blog\/wp-json\/wp\/v2\/users\/7"}],"replies":[{"embeddable":true,"href":"https:\/\/www.apres-lecole.fr\/Blog\/wp-json\/wp\/v2\/comments?post=2287"}],"version-history":[{"count":0,"href":"https:\/\/www.apres-lecole.fr\/Blog\/wp-json\/wp\/v2\/posts\/2287\/revisions"}],"wp:featuredmedia":[{"embeddable":true,"href":"https:\/\/www.apres-lecole.fr\/Blog\/wp-json\/wp\/v2\/media\/2286"}],"wp:attachment":[{"href":"https:\/\/www.apres-lecole.fr\/Blog\/wp-json\/wp\/v2\/media?parent=2287"}],"wp:term":[{"taxonomy":"category","embeddable":true,"href":"https:\/\/www.apres-lecole.fr\/Blog\/wp-json\/wp\/v2\/categories?post=2287"},{"taxonomy":"post_tag","embeddable":true,"href":"https:\/\/www.apres-lecole.fr\/Blog\/wp-json\/wp\/v2\/tags?post=2287"}],"curies":[{"name":"wp","href":"https:\/\/api.w.org\/{rel}","templated":true}]}}