{"id":2285,"date":"2025-09-04T07:03:01","date_gmt":"2025-09-04T07:03:01","guid":{"rendered":"https:\/\/www.apres-lecole.fr\/Blog\/retour-ecole-live-intelligence\/"},"modified":"2025-09-04T07:03:01","modified_gmt":"2025-09-04T07:03:01","slug":"retour-ecole-live-intelligence","status":"publish","type":"post","link":"https:\/\/www.apres-lecole.fr\/Blog\/retour-ecole-live-intelligence\/","title":{"rendered":"Rendez-vous le 11 septembre pour une \u00e9dition sp\u00e9ciale &lsquo;Retour \u00e0 l&rsquo;\u00c9cole&rsquo; de Live Intelligence !"},"content":{"rendered":"\n\n<div class=\"kk-star-ratings kksr-auto kksr-align-left kksr-valign-top\"\n    data-payload='{&quot;align&quot;:&quot;left&quot;,&quot;id&quot;:&quot;2285&quot;,&quot;slug&quot;:&quot;default&quot;,&quot;valign&quot;:&quot;top&quot;,&quot;ignore&quot;:&quot;&quot;,&quot;reference&quot;:&quot;auto&quot;,&quot;class&quot;:&quot;&quot;,&quot;count&quot;:&quot;0&quot;,&quot;legendonly&quot;:&quot;&quot;,&quot;readonly&quot;:&quot;&quot;,&quot;score&quot;:&quot;0&quot;,&quot;starsonly&quot;:&quot;&quot;,&quot;best&quot;:&quot;5&quot;,&quot;gap&quot;:&quot;5&quot;,&quot;greet&quot;:&quot;Rate this post&quot;,&quot;legend&quot;:&quot;0\\\/5 - (0 vote)&quot;,&quot;size&quot;:&quot;24&quot;,&quot;title&quot;:&quot;Rendez-vous le 11 septembre pour une \u00e9dition sp\u00e9ciale \\u0026#039;Retour \u00e0 l\\u0026#039;\u00c9cole\\u0026#039; de Live Intelligence !&quot;,&quot;width&quot;:&quot;0&quot;,&quot;_legend&quot;:&quot;{score}\\\/{best} - ({count} {votes})&quot;,&quot;font_factor&quot;:&quot;1.25&quot;}'>\n            \n<div class=\"kksr-stars\">\n    \n<div class=\"kksr-stars-inactive\">\n            <div class=\"kksr-star\" data-star=\"1\" style=\"padding-right: 5px\">\n            \n\n<div class=\"kksr-icon\" style=\"width: 24px; height: 24px;\"><\/div>\n        <\/div>\n            <div class=\"kksr-star\" data-star=\"2\" style=\"padding-right: 5px\">\n            \n\n<div class=\"kksr-icon\" style=\"width: 24px; height: 24px;\"><\/div>\n        <\/div>\n            <div class=\"kksr-star\" data-star=\"3\" style=\"padding-right: 5px\">\n            \n\n<div class=\"kksr-icon\" style=\"width: 24px; height: 24px;\"><\/div>\n        <\/div>\n            <div class=\"kksr-star\" data-star=\"4\" style=\"padding-right: 5px\">\n            \n\n<div class=\"kksr-icon\" style=\"width: 24px; height: 24px;\"><\/div>\n        <\/div>\n            <div class=\"kksr-star\" data-star=\"5\" style=\"padding-right: 5px\">\n            \n\n<div class=\"kksr-icon\" style=\"width: 24px; height: 24px;\"><\/div>\n        <\/div>\n    <\/div>\n    \n<div class=\"kksr-stars-active\" style=\"width: 0px;\">\n            <div class=\"kksr-star\" style=\"padding-right: 5px\">\n            \n\n<div class=\"kksr-icon\" style=\"width: 24px; height: 24px;\"><\/div>\n        <\/div>\n            <div class=\"kksr-star\" style=\"padding-right: 5px\">\n            \n\n<div class=\"kksr-icon\" style=\"width: 24px; height: 24px;\"><\/div>\n        <\/div>\n            <div class=\"kksr-star\" style=\"padding-right: 5px\">\n            \n\n<div class=\"kksr-icon\" style=\"width: 24px; height: 24px;\"><\/div>\n        <\/div>\n            <div class=\"kksr-star\" style=\"padding-right: 5px\">\n            \n\n<div class=\"kksr-icon\" style=\"width: 24px; height: 24px;\"><\/div>\n        <\/div>\n            <div class=\"kksr-star\" style=\"padding-right: 5px\">\n            \n\n<div class=\"kksr-icon\" style=\"width: 24px; height: 24px;\"><\/div>\n        <\/div>\n    <\/div>\n<\/div>\n                \n\n<div class=\"kksr-legend\" style=\"font-size: 19.2px;\">\n            <span class=\"kksr-muted\">Rate this post<\/span>\n    <\/div>\n    <\/div>\n<p>La rentr\u00e9e scolaire bat son plein, et pour les passionn\u00e9s du secteur du luxe, un \u00e9v\u00e9nement marquant se profile \u00e0 l&rsquo;horizon ! Le <strong>11 septembre<\/strong>, une \u00e9dition sp\u00e9ciale &lsquo;Retour \u00e0 l&rsquo;\u00c9cole&rsquo; de <strong>Live Intelligence<\/strong> se d\u00e9roulera sur LinkedIn, offrant une journ\u00e9e pleine d&rsquo;enseignements et de partages d&rsquo;id\u00e9es. Ce rendez-vous de l&rsquo;industrie se veut \u00eatre un vrai carrefour d&rsquo;expertise o\u00f9 les leaders du secteur viendront s&rsquo;exprimer sur les enjeux et les tendances \u00e0 venir. Pr\u00e9pare-toi \u00e0 d\u00e9couvrir des \u00e9clairages pr\u00e9cieux et des analyses qui devraient nourrir cette rentr\u00e9e strat\u00e9gique dans le monde du luxe. La communaut\u00e9 aura la chance d&rsquo;entendre des voix influentes, des experts en qu\u00eate de solutions pour r\u00e9pondre aux d\u00e9fis actuels.<\/p>\n\n<h2 class=\"wp-block-heading\">Des experts \u00e0 la loupe pour un rendez-vous incontournable<\/h2>\n\n<p>Pour cet \u00e9v\u00e9nement, le <strong>Journal du Luxe<\/strong>, en partenariat avec <strong>Adone Conseil<\/strong>, a r\u00e9uni un panel exceptionnel d&rsquo;intervenants. La pr\u00e9sence de ces experts promet d&rsquo;\u00e9lever la discussion \u00e0 un niveau sup\u00e9rieur. Parmi eux, Antoine Collignon, Directeur Conseil chez Adone, sera sur le devant de la sc\u00e8ne. Sa vision pointue sur les dynamiques du march\u00e9 sera sans aucun doute un point fort de la journ\u00e9e.<\/p>\n\n<p>En plus de Collignon, des personnalit\u00e9s comme <strong>Erwan Rambourg<\/strong>, Global Head of Consumer &amp; Retail Research chez HSBC, apporteront leur analyse des tendances de consommation, une th\u00e9matique essentielle en cette p\u00e9riode de changement \u00e9conomique. Il sera fascinant d\u2019apprendre comment ces changements influencent la strat\u00e9gie des marques de luxe.<\/p>\n\n<p>N\u2019oublions pas la pr\u00e9sence de <strong>Valerie Anne Paglia<\/strong>, Senior Luxury Officer chez Ipsos, qui exposera des \u00e9tudes de march\u00e9 et des comportements d&rsquo;achat susceptibles de red\u00e9finir l&rsquo;exp\u00e9rience client dans le secteur. Les \u00e9changes entre ces experts permettront d\u2019\u00e9clairer les meilleures pratiques pour la rentr\u00e9e.<\/p>\n\n<h3 class=\"wp-block-heading\">Un line-up d&rsquo;intervenants vari\u00e9s<\/h3>\n\n<p>Ce panel ne s\u2019arr\u00eate pas l\u00e0 ! <strong>Lou Dana<\/strong>, co-fondatrice de Grace, apportera une perspective fra\u00eeche et innovante sur les strat\u00e9gies \u00e0 adopter face \u00e0 la crise environnementale actuelle. On se rappelle que le luxe doit aussi faire face \u00e0 des d\u00e9fis \u00e9cologiques et soci\u00e9taux, et Lou a s\u00fbrement une vision parfois d\u00e9cal\u00e9e mais pertinente sur le sujet.<\/p>\n\n<p>De son c\u00f4t\u00e9, <strong>Yves Hanania<\/strong>, Operating Partner chez Siapartners, viendra aborder la transformation digitale au sein de l&rsquo;industrie. En effet, la num\u00e9risation est un sujet br\u00fblant, et chaque acteur doit s\u2019adapter pour rester dans la course.<\/p>\n\n<p>D&rsquo;autres intervenants comme <strong>Michaela Merk<\/strong>, PhD, CSP, et fondatrice de Merk Vision, ainsi que <strong>Laurence Lim<\/strong>, fondatrice de Cherry Blossoms Intercultural Branding, partageront leurs insights sur le branding interculturel, un aspect crucial \u00e0 l&rsquo;heure o\u00f9 les marques cherchent \u00e0 conqu\u00e9rir de nouveaux march\u00e9s.<\/p>\n\n<h2 class=\"wp-block-heading\">Un grand invit\u00e9 pour cl\u00f4turer l&rsquo;\u00e9v\u00e9nement<\/h2>\n\n<p>En fin de session, un grand invit\u00e9 fera son apparition. <strong>Davide Micotti<\/strong>, Directeur G\u00e9n\u00e9ral International de Shiseido, viendra conclure cette journ\u00e9e riche en informations. Micotti est reconnu pour sa capacit\u00e9 \u00e0 lier la beaut\u00e9 \u00e0 la technologie, et son discours devrait attirer l&rsquo;attention sur les nouveaux d\u00e9fis de l\u2019industrie cosm\u00e9tique.<\/p>\n\n<p>Dans une \u00e8re o\u00f9 l&rsquo;innovation technologique rencontre l&rsquo;industrie du luxe, il est fascinant d&rsquo;observer comment des marques traditionnelles comme Shiseido s&rsquo;engageront \u00e0 moderniser leur approche tout en pr\u00e9servant leur h\u00e9ritage. Les participants auront certainement l\u2019occasion d\u2019en apprendre plus sur les strat\u00e9gies que l\u2019entreprise met en place pour naviguer dans ce paysage en mutation.<\/p>\n\n<p>Ce moment promet d\u2019\u00eatre un v\u00e9ritable crescendo au sein de la journ\u00e9e, o\u00f9 les d\u00e9bats pourront donner naissance \u00e0 des id\u00e9es novatrices. La participation \u00e0 cet \u00e9v\u00e9nement est donc incontournable pour qui souhaite r\u00e9ellement comprendre les enjeux futurs.<\/p>\n\n<h3 class=\"wp-block-heading\">Qu&rsquo;attendre de ces \u00e9changes ?<\/h3>\n\n<p>En assistant \u00e0 cette \u00e9dition sp\u00e9ciale &lsquo;Retour \u00e0 l&rsquo;\u00c9cole&rsquo;, les participants pourront s\u2019attendre \u00e0 des discussions \u00e0 la pointe de l\u2019actualit\u00e9. Les \u00e9l\u00e9ments suivants seront notamment abord\u00e9s :<\/p>\n\n<ul class=\"wp-block-list\"><li>\ud83c\udf0d <strong>Les tendances de consommation<\/strong> et leur impact sur le secteur<\/li><li>\ud83d\udca1 <strong>L&rsquo;importance de l&rsquo;innovation<\/strong> face aux nouveaux d\u00e9fis<\/li><li>\ud83d\udcca <strong>Les strat\u00e9gies de marketing<\/strong> \u00e0 adopter pour s\u00e9duire une nouvelle g\u00e9n\u00e9ration<\/li><li>\ud83d\udee0\ufe0f <strong>Le r\u00f4le de la technologie<\/strong> dans l&rsquo;exp\u00e9rience de consommation<\/li><\/ul>\n\n<h2 class=\"wp-block-heading\">Une occasion unique de networking<\/h2>\n\n<p>Ce rendez-vous repr\u00e9sente \u00e9galement une opportunit\u00e9 en or pour \u00e9toffer son r\u00e9seau professionnel. Des acteurs cl\u00e9s de l\u2019industrie du luxe seront pr\u00e9sents, et les \u00e9changes qui auront lieu peuvent d\u00e9boucher sur de futures collaborations. \u00catre \u00e0 l&rsquo;aff\u00fbt des contacts influents permet d\u2019envisager de nouvelles perspectives professionnelles.<\/p>\n\n<p>Participer \u00e0 ce genre d\u2019\u00e9v\u00e9nement facilite la connexion avec des professionnels partageant des visions similaires, mais aussi avec ceux ayant une approche compl\u00e8tement diff\u00e9rente. Cela peut ouvrir des portes que l&rsquo;on n&rsquo;imagine pas. En plus, dans un contexte o\u00f9 chaque contact compte, construire son r\u00e9seau peut s\u2019av\u00e9rer \u00eatre un atout majeur sur le long terme.<\/p>\n\n<p>On sait que les \u00e9v\u00e9nements de ce type ne se limitent pas seulement \u00e0 des conf\u00e9rences formelles. Les \u00e9changes en dehors des sessions, autour d\u2019un caf\u00e9, d&rsquo;un d\u00e9jeuner ou m\u00eame durant des moments plus informels, offrent l&rsquo;occasion d&rsquo;approfondir des discussions et d\u2019en apprendre davantage sur les autres participants. De ces interactions peut na\u00eetre des id\u00e9es, des partenariats ou m\u00eame des projets ambitieux.<\/p>\n\n<h3 class=\"wp-block-heading\">Un aper\u00e7u des strat\u00e9gies \u00e0 d\u00e9velopper<\/h3>\n\n<p>Les intervenants durant cet \u00e9v\u00e9nement ne se contenteront pas de partager leurs exp\u00e9riences, mais fourniront \u00e9galement des outils pratiques. Les participants peuvent s&rsquo;attendre \u00e0 :<\/p>\n\n<ul class=\"wp-block-list\"><li>\ud83d\udddd\ufe0f <strong>D\u00e9couvrir des techniques<\/strong> pour mieux s&rsquo;adapter aux d\u00e9fis actuels<\/li><li>\ud83d\udcc8 <strong>Obtenir des insights<\/strong> bas\u00e9s sur des donn\u00e9es r\u00e9centes et pertinentes<\/li><li>\ud83c\udf10 <strong>Interagir directement<\/strong> avec les experts<\/li><li>\ud83d\udce3 <strong>Participer \u00e0 des sessions de questions-r\u00e9ponses<\/strong> enrichissantes<\/li><\/ul>\n\n<h2 class=\"wp-block-heading\">Inscription et participation : ne pas manquer ce moment-cl\u00e9<\/h2>\n\n<p>C&rsquo;est le moment parfait pour s&rsquo;inscrire et ne rien rater de ce rendez-vous incontournable. Les participations \u00e0 des \u00e9v\u00e9nements comme celui-ci peuvent \u00eatre le tremplin vers de nouvelles r\u00e9ussites. N&rsquo;h\u00e9site pas \u00e0 t&rsquo;inscrire d\u00e8s maintenant pour avoir acc\u00e8s \u00e0 des contenus d\u2019une qualit\u00e9 sans pr\u00e9c\u00e9dent. Que ce soit pour prendre des notes ou simplement \u00e9couter, cet \u00e9v\u00e9nement est destin\u00e9 \u00e0 offrir des \u00e9l\u00e9ments qui \u00e9claireront la strat\u00e9gie pour la rentr\u00e9e.<\/p>\n\n<p>Les informations concernant l&rsquo;inscription sont simples \u00e0 retrouver. En environ quelques clics, il sera possible de s&rsquo;y joindre via le lien vers le <a href=\"https:\/\/www.apres-lecole.fr\/Blog\/ecole-equilibre-scheidstein\/\">site de l&rsquo;\u00e9v\u00e8nement<\/a>. C\u2019est une chance \u00e0 ne pas manquer et qui aura s\u00fbrement des retomb\u00e9es positives sur ta vision du luxe \u00e0 l&rsquo;heure actuelle.<\/p>\n\n<h3 class=\"wp-block-heading\">Pour ceux qui h\u00e9sitent encore<\/h3>\n\n<p>La crainte de ne pas tirer pleinement parti d\u2019un tel \u00e9v\u00e9nement est normale. Cependant, il est important de se rappeler qu&rsquo;il n&rsquo;y a jamais de connaissance inutile. Chaque conf\u00e9rence, chaque \u00e9change peut enrichir ton parcours professionnel et t\u2019ouvrir de nouvelles voies. R\u00e9fl\u00e9chis bien : t&rsquo;informer sur l&rsquo;industrie et rencontrer des experts peut vraiment faire la diff\u00e9rence dans ta carri\u00e8re.<\/p>\n\n<p>Pour conclure cette section, rappelle-toi que tout le monde pr\u00e9sent partage aussi cette aspiration d\u2019apprentissage et de d\u00e9couverte, et cela cr\u00e9e un climat propice \u00e0 l\u2019\u00e9change constructif. \ud83d\udc69\u200d\ud83c\udf93 \u00c9vite les regrets, inscris-toi d\u00e8s maintenant et pr\u00e9pare-toi \u00e0 une journ\u00e9e pleine d&rsquo;opportunit\u00e9s !<\/p>\n\n<h2 class=\"wp-block-heading\">FAQ<\/h2>\n\n<p>Quel est l&rsquo;objectif principal de cet \u00e9v\u00e9nement ?<br>Ce rendez-vous vise \u00e0 \u00e9changer des id\u00e9es sur les tendances et les d\u00e9fis actuels dans le secteur du luxe, et \u00e0 fournir des outils strat\u00e9giques pour la rentr\u00e9e.<\/p>\n\n<p>Qui sont les intervenants ?<br>Le panel comprend des experts tels qu&rsquo;Antoine Collignon, Erwan Rambourg, et Davide Micotti, chacun apportant une expertise unique sur divers aspects de l&rsquo;industrie.<\/p>\n\n<p>Comment puis-je m&rsquo;inscrire ?<br>Les inscriptions se font en ligne, sur le site de l&rsquo;\u00e9v\u00e9nement, o\u00f9 tu trouveras tous les d\u00e9tails n\u00e9cessaires pour participer.<\/p>\n\n<p>Pourquoi cet \u00e9v\u00e9nement est-il important pour moi ?<br>Il te donnera un aper\u00e7u des pratiques actuelles de l&rsquo;industrie ainsi que des opportunit\u00e9s de r\u00e9seautage avec des leaders d&rsquo;opinion.<\/p>\n\n<p>Quels sont les plus grands avantages d&rsquo;une participation ?<br>Participer permet d&rsquo;acc\u00e9der \u00e0 des informations pr\u00e9cieuses, de rencontrer des professionnels influents et d&rsquo;apprendre sur les enjeux \u00e0 venir pour le secteur du luxe. \ud83c\udfc6<\/p>\n\n","protected":false},"excerpt":{"rendered":"<p>La rentr\u00e9e scolaire bat son plein, et pour les passionn\u00e9s du secteur du luxe, un \u00e9v\u00e9nement marquant se profile \u00e0 l&rsquo;horizon ! Le 11 septembre, une \u00e9dition sp\u00e9ciale &lsquo;Retour \u00e0 l&rsquo;\u00c9cole&rsquo; de Live Intelligence se d\u00e9roulera sur LinkedIn, offrant une journ\u00e9e pleine d&rsquo;enseignements et de partages d&rsquo;id\u00e9es. Ce rendez-vous de l&rsquo;industrie se veut \u00eatre un &#8230; <a title=\"Rendez-vous le 11 septembre pour une \u00e9dition sp\u00e9ciale &lsquo;Retour \u00e0 l&rsquo;\u00c9cole&rsquo; de Live Intelligence !\" class=\"read-more\" href=\"https:\/\/www.apres-lecole.fr\/Blog\/retour-ecole-live-intelligence\/\" aria-label=\"En savoir plus sur Rendez-vous le 11 septembre pour une \u00e9dition sp\u00e9ciale &lsquo;Retour \u00e0 l&rsquo;\u00c9cole&rsquo; de Live Intelligence !\">Lire plus<\/a><\/p>\n","protected":false},"author":7,"featured_media":2284,"comment_status":"open","ping_status":"open","sticky":false,"template":"","format":"standard","meta":{"footnotes":""},"categories":[342],"tags":[1498,1497,1500,1390,1499],"class_list":["post-2285","post","type-post","status-publish","format-standard","has-post-thumbnail","hentry","category-actualites","tag-edition-speciale","tag-live-intelligence","tag-rendez-vous","tag-retour-a-lecole","tag-septembre"],"yoast_head":"<!-- This site is optimized with the Yoast SEO plugin v27.5 - https:\/\/yoast.com\/product\/yoast-seo-wordpress\/ -->\n<title>Live Intelligence : \u00c9dition sp\u00e9ciale Rentr\u00e9e le 11 septembre !<\/title>\n<meta name=\"description\" content=\"Ne manquez pas l&#039;\u00e9dition sp\u00e9ciale &#039;Retour \u00e0 l&#039;\u00c9cole&#039; de Live Intelligence le 11 septembre : infos exclusives et innovations pour la rentr\u00e9e !\" \/>\n<meta name=\"robots\" content=\"index, follow, max-snippet:-1, max-image-preview:large, max-video-preview:-1\" \/>\n<link rel=\"canonical\" href=\"https:\/\/www.apres-lecole.fr\/Blog\/retour-ecole-live-intelligence\/\" \/>\n<meta property=\"og:locale\" content=\"fr_FR\" \/>\n<meta property=\"og:type\" content=\"article\" \/>\n<meta property=\"og:title\" content=\"Live Intelligence : \u00c9dition sp\u00e9ciale Rentr\u00e9e le 11 septembre !\" \/>\n<meta property=\"og:description\" content=\"Ne manquez pas l&#039;\u00e9dition sp\u00e9ciale &#039;Retour \u00e0 l&#039;\u00c9cole&#039; de Live Intelligence le 11 septembre : infos exclusives et innovations pour la rentr\u00e9e !\" \/>\n<meta property=\"og:url\" content=\"https:\/\/www.apres-lecole.fr\/Blog\/retour-ecole-live-intelligence\/\" \/>\n<meta property=\"article:published_time\" content=\"2025-09-04T07:03:01+00:00\" \/>\n<meta property=\"og:image\" content=\"https:\/\/www.apres-lecole.fr\/Blog\/wp-content\/uploads\/2025\/09\/Rendez-vous-le-11-septembre-pour-une-edition-speciale-Retour-a-lEcole-de-Live-Intelligence-.jpg\" \/>\n\t<meta property=\"og:image:width\" content=\"1344\" \/>\n\t<meta property=\"og:image:height\" content=\"768\" \/>\n\t<meta property=\"og:image:type\" content=\"image\/jpeg\" \/>\n<meta name=\"twitter:card\" content=\"summary_large_image\" \/>\n<meta name=\"twitter:label1\" content=\"\u00c9crit par\" \/>\n\t<meta name=\"twitter:data1\" content=\"\" \/>\n\t<meta name=\"twitter:label2\" content=\"Dur\u00e9e de lecture estim\u00e9e\" \/>\n\t<meta name=\"twitter:data2\" content=\"7 minutes\" \/>\n<script type=\"application\/ld+json\" class=\"yoast-schema-graph\">{\"@context\":\"https:\\\/\\\/schema.org\",\"@graph\":[{\"@type\":\"Article\",\"@id\":\"https:\\\/\\\/www.apres-lecole.fr\\\/Blog\\\/retour-ecole-live-intelligence\\\/#article\",\"isPartOf\":{\"@id\":\"https:\\\/\\\/www.apres-lecole.fr\\\/Blog\\\/retour-ecole-live-intelligence\\\/\"},\"author\":{\"name\":\"\",\"@id\":\"\"},\"headline\":\"Rendez-vous le 11 septembre pour une \u00e9dition sp\u00e9ciale &lsquo;Retour \u00e0 l&rsquo;\u00c9cole&rsquo; de Live Intelligence !\",\"datePublished\":\"2025-09-04T07:03:01+00:00\",\"mainEntityOfPage\":{\"@id\":\"https:\\\/\\\/www.apres-lecole.fr\\\/Blog\\\/retour-ecole-live-intelligence\\\/\"},\"wordCount\":1430,\"commentCount\":0,\"image\":{\"@id\":\"https:\\\/\\\/www.apres-lecole.fr\\\/Blog\\\/retour-ecole-live-intelligence\\\/#primaryimage\"},\"thumbnailUrl\":\"https:\\\/\\\/www.apres-lecole.fr\\\/Blog\\\/wp-content\\\/uploads\\\/2025\\\/09\\\/Rendez-vous-le-11-septembre-pour-une-edition-speciale-Retour-a-lEcole-de-Live-Intelligence-.jpg\",\"keywords\":[\"\u00e9dition sp\u00e9ciale\",\"live intelligence\",\"rendez-vous\",\"retour \u00e0 l'\u00e9cole\",\"septembre\"],\"articleSection\":[\"Actualit\u00e9s\"],\"inLanguage\":\"fr-FR\",\"potentialAction\":[{\"@type\":\"CommentAction\",\"name\":\"Comment\",\"target\":[\"https:\\\/\\\/www.apres-lecole.fr\\\/Blog\\\/retour-ecole-live-intelligence\\\/#respond\"]}]},{\"@type\":\"WebPage\",\"@id\":\"https:\\\/\\\/www.apres-lecole.fr\\\/Blog\\\/retour-ecole-live-intelligence\\\/\",\"url\":\"https:\\\/\\\/www.apres-lecole.fr\\\/Blog\\\/retour-ecole-live-intelligence\\\/\",\"name\":\"Live Intelligence : \u00c9dition sp\u00e9ciale Rentr\u00e9e le 11 septembre !\",\"isPartOf\":{\"@id\":\"https:\\\/\\\/www.apres-lecole.fr\\\/Blog\\\/#website\"},\"primaryImageOfPage\":{\"@id\":\"https:\\\/\\\/www.apres-lecole.fr\\\/Blog\\\/retour-ecole-live-intelligence\\\/#primaryimage\"},\"image\":{\"@id\":\"https:\\\/\\\/www.apres-lecole.fr\\\/Blog\\\/retour-ecole-live-intelligence\\\/#primaryimage\"},\"thumbnailUrl\":\"https:\\\/\\\/www.apres-lecole.fr\\\/Blog\\\/wp-content\\\/uploads\\\/2025\\\/09\\\/Rendez-vous-le-11-septembre-pour-une-edition-speciale-Retour-a-lEcole-de-Live-Intelligence-.jpg\",\"datePublished\":\"2025-09-04T07:03:01+00:00\",\"author\":{\"@id\":\"\"},\"description\":\"Ne manquez pas l'\u00e9dition sp\u00e9ciale 'Retour \u00e0 l'\u00c9cole' de Live Intelligence le 11 septembre : infos exclusives et innovations pour la rentr\u00e9e !\",\"breadcrumb\":{\"@id\":\"https:\\\/\\\/www.apres-lecole.fr\\\/Blog\\\/retour-ecole-live-intelligence\\\/#breadcrumb\"},\"inLanguage\":\"fr-FR\",\"potentialAction\":[{\"@type\":\"ReadAction\",\"target\":[\"https:\\\/\\\/www.apres-lecole.fr\\\/Blog\\\/retour-ecole-live-intelligence\\\/\"]}]},{\"@type\":\"ImageObject\",\"inLanguage\":\"fr-FR\",\"@id\":\"https:\\\/\\\/www.apres-lecole.fr\\\/Blog\\\/retour-ecole-live-intelligence\\\/#primaryimage\",\"url\":\"https:\\\/\\\/www.apres-lecole.fr\\\/Blog\\\/wp-content\\\/uploads\\\/2025\\\/09\\\/Rendez-vous-le-11-septembre-pour-une-edition-speciale-Retour-a-lEcole-de-Live-Intelligence-.jpg\",\"contentUrl\":\"https:\\\/\\\/www.apres-lecole.fr\\\/Blog\\\/wp-content\\\/uploads\\\/2025\\\/09\\\/Rendez-vous-le-11-septembre-pour-une-edition-speciale-Retour-a-lEcole-de-Live-Intelligence-.jpg\",\"width\":1344,\"height\":768,\"caption\":\"ne manquez pas l'\u00e9dition sp\u00e9ciale 'retour \u00e0 l'\u00e9cole' de live intelligence le 11 septembre. nouveaut\u00e9s, conseils, et ressources pour bien d\u00e9buter la rentr\u00e9e !\"},{\"@type\":\"BreadcrumbList\",\"@id\":\"https:\\\/\\\/www.apres-lecole.fr\\\/Blog\\\/retour-ecole-live-intelligence\\\/#breadcrumb\",\"itemListElement\":[{\"@type\":\"ListItem\",\"position\":1,\"name\":\"Home\",\"item\":\"https:\\\/\\\/www.apres-lecole.fr\\\/Blog\\\/\"},{\"@type\":\"ListItem\",\"position\":2,\"name\":\"Rendez-vous le 11 septembre pour une \u00e9dition sp\u00e9ciale &lsquo;Retour \u00e0 l&rsquo;\u00c9cole&rsquo; de Live Intelligence !\"}]},{\"@type\":\"WebSite\",\"@id\":\"https:\\\/\\\/www.apres-lecole.fr\\\/Blog\\\/#website\",\"url\":\"https:\\\/\\\/www.apres-lecole.fr\\\/Blog\\\/\",\"name\":\"\",\"description\":\"M\u00e9dia g\u00e9n\u00e9raliste\",\"potentialAction\":[{\"@type\":\"SearchAction\",\"target\":{\"@type\":\"EntryPoint\",\"urlTemplate\":\"https:\\\/\\\/www.apres-lecole.fr\\\/Blog\\\/?s={search_term_string}\"},\"query-input\":{\"@type\":\"PropertyValueSpecification\",\"valueRequired\":true,\"valueName\":\"search_term_string\"}}],\"inLanguage\":\"fr-FR\"},{\"@type\":\"Person\",\"@id\":\"\",\"url\":\"https:\\\/\\\/www.apres-lecole.fr\\\/Blog\\\/author\\\/\"}]}<\/script>\n<!-- \/ Yoast SEO plugin. -->","yoast_head_json":{"title":"Live Intelligence : \u00c9dition sp\u00e9ciale Rentr\u00e9e le 11 septembre !","description":"Ne manquez pas l'\u00e9dition sp\u00e9ciale 'Retour \u00e0 l'\u00c9cole' de Live Intelligence le 11 septembre : infos exclusives et innovations pour la rentr\u00e9e !","robots":{"index":"index","follow":"follow","max-snippet":"max-snippet:-1","max-image-preview":"max-image-preview:large","max-video-preview":"max-video-preview:-1"},"canonical":"https:\/\/www.apres-lecole.fr\/Blog\/retour-ecole-live-intelligence\/","og_locale":"fr_FR","og_type":"article","og_title":"Live Intelligence : \u00c9dition sp\u00e9ciale Rentr\u00e9e le 11 septembre !","og_description":"Ne manquez pas l'\u00e9dition sp\u00e9ciale 'Retour \u00e0 l'\u00c9cole' de Live Intelligence le 11 septembre : infos exclusives et innovations pour la rentr\u00e9e !","og_url":"https:\/\/www.apres-lecole.fr\/Blog\/retour-ecole-live-intelligence\/","article_published_time":"2025-09-04T07:03:01+00:00","og_image":[{"width":1344,"height":768,"url":"https:\/\/www.apres-lecole.fr\/Blog\/wp-content\/uploads\/2025\/09\/Rendez-vous-le-11-septembre-pour-une-edition-speciale-Retour-a-lEcole-de-Live-Intelligence-.jpg","type":"image\/jpeg"}],"twitter_card":"summary_large_image","twitter_misc":{"\u00c9crit par":"","Dur\u00e9e de lecture estim\u00e9e":"7 minutes"},"schema":{"@context":"https:\/\/schema.org","@graph":[{"@type":"Article","@id":"https:\/\/www.apres-lecole.fr\/Blog\/retour-ecole-live-intelligence\/#article","isPartOf":{"@id":"https:\/\/www.apres-lecole.fr\/Blog\/retour-ecole-live-intelligence\/"},"author":{"name":"","@id":""},"headline":"Rendez-vous le 11 septembre pour une \u00e9dition sp\u00e9ciale &lsquo;Retour \u00e0 l&rsquo;\u00c9cole&rsquo; de Live Intelligence !","datePublished":"2025-09-04T07:03:01+00:00","mainEntityOfPage":{"@id":"https:\/\/www.apres-lecole.fr\/Blog\/retour-ecole-live-intelligence\/"},"wordCount":1430,"commentCount":0,"image":{"@id":"https:\/\/www.apres-lecole.fr\/Blog\/retour-ecole-live-intelligence\/#primaryimage"},"thumbnailUrl":"https:\/\/www.apres-lecole.fr\/Blog\/wp-content\/uploads\/2025\/09\/Rendez-vous-le-11-septembre-pour-une-edition-speciale-Retour-a-lEcole-de-Live-Intelligence-.jpg","keywords":["\u00e9dition sp\u00e9ciale","live intelligence","rendez-vous","retour \u00e0 l'\u00e9cole","septembre"],"articleSection":["Actualit\u00e9s"],"inLanguage":"fr-FR","potentialAction":[{"@type":"CommentAction","name":"Comment","target":["https:\/\/www.apres-lecole.fr\/Blog\/retour-ecole-live-intelligence\/#respond"]}]},{"@type":"WebPage","@id":"https:\/\/www.apres-lecole.fr\/Blog\/retour-ecole-live-intelligence\/","url":"https:\/\/www.apres-lecole.fr\/Blog\/retour-ecole-live-intelligence\/","name":"Live Intelligence : \u00c9dition sp\u00e9ciale Rentr\u00e9e le 11 septembre !","isPartOf":{"@id":"https:\/\/www.apres-lecole.fr\/Blog\/#website"},"primaryImageOfPage":{"@id":"https:\/\/www.apres-lecole.fr\/Blog\/retour-ecole-live-intelligence\/#primaryimage"},"image":{"@id":"https:\/\/www.apres-lecole.fr\/Blog\/retour-ecole-live-intelligence\/#primaryimage"},"thumbnailUrl":"https:\/\/www.apres-lecole.fr\/Blog\/wp-content\/uploads\/2025\/09\/Rendez-vous-le-11-septembre-pour-une-edition-speciale-Retour-a-lEcole-de-Live-Intelligence-.jpg","datePublished":"2025-09-04T07:03:01+00:00","author":{"@id":""},"description":"Ne manquez pas l'\u00e9dition sp\u00e9ciale 'Retour \u00e0 l'\u00c9cole' de Live Intelligence le 11 septembre : infos exclusives et innovations pour la rentr\u00e9e !","breadcrumb":{"@id":"https:\/\/www.apres-lecole.fr\/Blog\/retour-ecole-live-intelligence\/#breadcrumb"},"inLanguage":"fr-FR","potentialAction":[{"@type":"ReadAction","target":["https:\/\/www.apres-lecole.fr\/Blog\/retour-ecole-live-intelligence\/"]}]},{"@type":"ImageObject","inLanguage":"fr-FR","@id":"https:\/\/www.apres-lecole.fr\/Blog\/retour-ecole-live-intelligence\/#primaryimage","url":"https:\/\/www.apres-lecole.fr\/Blog\/wp-content\/uploads\/2025\/09\/Rendez-vous-le-11-septembre-pour-une-edition-speciale-Retour-a-lEcole-de-Live-Intelligence-.jpg","contentUrl":"https:\/\/www.apres-lecole.fr\/Blog\/wp-content\/uploads\/2025\/09\/Rendez-vous-le-11-septembre-pour-une-edition-speciale-Retour-a-lEcole-de-Live-Intelligence-.jpg","width":1344,"height":768,"caption":"ne manquez pas l'\u00e9dition sp\u00e9ciale 'retour \u00e0 l'\u00e9cole' de live intelligence le 11 septembre. nouveaut\u00e9s, conseils, et ressources pour bien d\u00e9buter la rentr\u00e9e !"},{"@type":"BreadcrumbList","@id":"https:\/\/www.apres-lecole.fr\/Blog\/retour-ecole-live-intelligence\/#breadcrumb","itemListElement":[{"@type":"ListItem","position":1,"name":"Home","item":"https:\/\/www.apres-lecole.fr\/Blog\/"},{"@type":"ListItem","position":2,"name":"Rendez-vous le 11 septembre pour une \u00e9dition sp\u00e9ciale &lsquo;Retour \u00e0 l&rsquo;\u00c9cole&rsquo; de Live Intelligence !"}]},{"@type":"WebSite","@id":"https:\/\/www.apres-lecole.fr\/Blog\/#website","url":"https:\/\/www.apres-lecole.fr\/Blog\/","name":"","description":"M\u00e9dia g\u00e9n\u00e9raliste","potentialAction":[{"@type":"SearchAction","target":{"@type":"EntryPoint","urlTemplate":"https:\/\/www.apres-lecole.fr\/Blog\/?s={search_term_string}"},"query-input":{"@type":"PropertyValueSpecification","valueRequired":true,"valueName":"search_term_string"}}],"inLanguage":"fr-FR"},{"@type":"Person","@id":"","url":"https:\/\/www.apres-lecole.fr\/Blog\/author\/"}]}},"views":3,"_links":{"self":[{"href":"https:\/\/www.apres-lecole.fr\/Blog\/wp-json\/wp\/v2\/posts\/2285","targetHints":{"allow":["GET"]}}],"collection":[{"href":"https:\/\/www.apres-lecole.fr\/Blog\/wp-json\/wp\/v2\/posts"}],"about":[{"href":"https:\/\/www.apres-lecole.fr\/Blog\/wp-json\/wp\/v2\/types\/post"}],"author":[{"embeddable":true,"href":"https:\/\/www.apres-lecole.fr\/Blog\/wp-json\/wp\/v2\/users\/7"}],"replies":[{"embeddable":true,"href":"https:\/\/www.apres-lecole.fr\/Blog\/wp-json\/wp\/v2\/comments?post=2285"}],"version-history":[{"count":0,"href":"https:\/\/www.apres-lecole.fr\/Blog\/wp-json\/wp\/v2\/posts\/2285\/revisions"}],"wp:featuredmedia":[{"embeddable":true,"href":"https:\/\/www.apres-lecole.fr\/Blog\/wp-json\/wp\/v2\/media\/2284"}],"wp:attachment":[{"href":"https:\/\/www.apres-lecole.fr\/Blog\/wp-json\/wp\/v2\/media?parent=2285"}],"wp:term":[{"taxonomy":"category","embeddable":true,"href":"https:\/\/www.apres-lecole.fr\/Blog\/wp-json\/wp\/v2\/categories?post=2285"},{"taxonomy":"post_tag","embeddable":true,"href":"https:\/\/www.apres-lecole.fr\/Blog\/wp-json\/wp\/v2\/tags?post=2285"}],"curies":[{"name":"wp","href":"https:\/\/api.w.org\/{rel}","templated":true}]}}