{"id":2277,"date":"2025-09-02T07:11:58","date_gmt":"2025-09-02T07:11:58","guid":{"rendered":"https:\/\/www.apres-lecole.fr\/Blog\/b-factory-formations-innovantes\/"},"modified":"2025-09-02T07:11:58","modified_gmt":"2025-09-02T07:11:58","slug":"b-factory-formations-innovantes","status":"publish","type":"post","link":"https:\/\/www.apres-lecole.fr\/Blog\/b-factory-formations-innovantes\/","title":{"rendered":"\u00c0 Draguignan, B.Factory School agrandit son panel de formations innovantes"},"content":{"rendered":"\n\n<div class=\"kk-star-ratings kksr-auto kksr-align-left kksr-valign-top\"\n    data-payload='{&quot;align&quot;:&quot;left&quot;,&quot;id&quot;:&quot;2277&quot;,&quot;slug&quot;:&quot;default&quot;,&quot;valign&quot;:&quot;top&quot;,&quot;ignore&quot;:&quot;&quot;,&quot;reference&quot;:&quot;auto&quot;,&quot;class&quot;:&quot;&quot;,&quot;count&quot;:&quot;0&quot;,&quot;legendonly&quot;:&quot;&quot;,&quot;readonly&quot;:&quot;&quot;,&quot;score&quot;:&quot;0&quot;,&quot;starsonly&quot;:&quot;&quot;,&quot;best&quot;:&quot;5&quot;,&quot;gap&quot;:&quot;5&quot;,&quot;greet&quot;:&quot;Rate this post&quot;,&quot;legend&quot;:&quot;0\\\/5 - (0 vote)&quot;,&quot;size&quot;:&quot;24&quot;,&quot;title&quot;:&quot;\u00c0 Draguignan, B.Factory School agrandit son panel de formations innovantes&quot;,&quot;width&quot;:&quot;0&quot;,&quot;_legend&quot;:&quot;{score}\\\/{best} - ({count} {votes})&quot;,&quot;font_factor&quot;:&quot;1.25&quot;}'>\n            \n<div class=\"kksr-stars\">\n    \n<div class=\"kksr-stars-inactive\">\n            <div class=\"kksr-star\" data-star=\"1\" style=\"padding-right: 5px\">\n            \n\n<div class=\"kksr-icon\" style=\"width: 24px; height: 24px;\"><\/div>\n        <\/div>\n            <div class=\"kksr-star\" data-star=\"2\" style=\"padding-right: 5px\">\n            \n\n<div class=\"kksr-icon\" style=\"width: 24px; height: 24px;\"><\/div>\n        <\/div>\n            <div class=\"kksr-star\" data-star=\"3\" style=\"padding-right: 5px\">\n            \n\n<div class=\"kksr-icon\" style=\"width: 24px; height: 24px;\"><\/div>\n        <\/div>\n            <div class=\"kksr-star\" data-star=\"4\" style=\"padding-right: 5px\">\n            \n\n<div class=\"kksr-icon\" style=\"width: 24px; height: 24px;\"><\/div>\n        <\/div>\n            <div class=\"kksr-star\" data-star=\"5\" style=\"padding-right: 5px\">\n            \n\n<div class=\"kksr-icon\" style=\"width: 24px; height: 24px;\"><\/div>\n        <\/div>\n    <\/div>\n    \n<div class=\"kksr-stars-active\" style=\"width: 0px;\">\n            <div class=\"kksr-star\" style=\"padding-right: 5px\">\n            \n\n<div class=\"kksr-icon\" style=\"width: 24px; height: 24px;\"><\/div>\n        <\/div>\n            <div class=\"kksr-star\" style=\"padding-right: 5px\">\n            \n\n<div class=\"kksr-icon\" style=\"width: 24px; height: 24px;\"><\/div>\n        <\/div>\n            <div class=\"kksr-star\" style=\"padding-right: 5px\">\n            \n\n<div class=\"kksr-icon\" style=\"width: 24px; height: 24px;\"><\/div>\n        <\/div>\n            <div class=\"kksr-star\" style=\"padding-right: 5px\">\n            \n\n<div class=\"kksr-icon\" style=\"width: 24px; height: 24px;\"><\/div>\n        <\/div>\n            <div class=\"kksr-star\" style=\"padding-right: 5px\">\n            \n\n<div class=\"kksr-icon\" style=\"width: 24px; height: 24px;\"><\/div>\n        <\/div>\n    <\/div>\n<\/div>\n                \n\n<div class=\"kksr-legend\" style=\"font-size: 19.2px;\">\n            <span class=\"kksr-muted\">Rate this post<\/span>\n    <\/div>\n    <\/div>\n<p>La rentr\u00e9e 2025 s&rsquo;annonce riche en promesses \u00e0 Draguignan. <strong>B.Factory School<\/strong>, pilier de la formation post-bac, \u00e9largit son offre avec des formations qui collent aux besoins actuels du march\u00e9. Avec l&rsquo;arriv\u00e9e de nouveaux BTS et d&rsquo;un bachelor en communication, l&rsquo;\u00e9cole se positionne comme un acteur cl\u00e9 dans la formation des jeunes talents. Sous la direction passionn\u00e9e d&rsquo;Aur\u00e9lie Cassabois et de Cyril Simonetta, l&rsquo;\u00e9tablissement s&rsquo;efforce non seulement de former des \u00e9tudiants comp\u00e9tents, mais aussi de les accompagner dans leurs relations avec les entreprises locales. Les ambitions sont grandes pour un avenir o\u00f9 l&rsquo;insertion professionnelle est au c\u0153ur des pr\u00e9occupations.<\/p>\n\n<h2 class=\"wp-block-heading\">B.Factory School : une vision innovante de l&rsquo;\u00e9ducation<\/h2>\n\n<p><strong>B.Factory School<\/strong>, fond\u00e9e en 2023, s&rsquo;est rapidement impos\u00e9e comme un acteur incontournable de l&rsquo;enseignement sup\u00e9rieur \u00e0 Draguignan. Avec un engagement fort envers l&rsquo;innovation, l&rsquo;\u00e9cole offre une gamme vari\u00e9e de formations destin\u00e9es \u00e0 r\u00e9pondre aux attentes des \u00e9tudiants et des employeurs. La cr\u00e9ation de l&rsquo;\u00e9cole \u00e9tait motiv\u00e9e par un d\u00e9sir de \u00ab permettre aux jeunes de faire des \u00e9tudes sup\u00e9rieures sans quitter le territoire \u00bb selon son fondateur, Cyril Simonetta. Cela t\u00e9moigne de la volont\u00e9 de l&rsquo;\u00e9cole de s&rsquo;inscrire dans le tissu \u00e9conomique local tout en d\u00e9veloppant des comp\u00e9tences adapt\u00e9es \u00e0 la r\u00e9alit\u00e9 du march\u00e9 du travail.<\/p>\n\n<p>Les nouveaux programmes sont con\u00e7us pour coupler th\u00e9orie et pratique, fournissant ainsi une base solide aux \u00e9tudiants. En int\u00e9grant des outils modernes d&rsquo;enseignement et des techniques d&rsquo;apprentissage dynamiques, l&rsquo;\u00e9cole s&rsquo;assure que ses apprenants acqui\u00e8rent des comp\u00e9tences pr\u00e9cieuses, tant sur le plan acad\u00e9mique que professionnel. Parmi les formations les plus attendues, le bachelor en communication et le BTS n\u00e9gociation et digitalisation de la relation client (NDRC) se d\u00e9marquent. Ces cursus visent \u00e0 former des experts capables de naviguer dans un monde professionnel en perp\u00e9tuelle \u00e9volution.<\/p>\n\n<ul class=\"wp-block-list\"><li>\ud83c\udf93 <strong>Bachelor en communication<\/strong>: Formation accessible aux dipl\u00f4m\u00e9s Bac +2.<\/li><li>\ud83d\udcbc <strong>BTS NDRC<\/strong>: Couvre des comp\u00e9tences essentielles dans le num\u00e9rique.<\/li><li>\ud83c\udf0d <strong>Alternance<\/strong>: Un axe central pour une insertion rapide dans la vie professionnelle.<\/li><\/ul>\n\n<p>Il est crucial de mentionner que cette strat\u00e9gie \u00e9ducative r\u00e9pond \u00e0 un besoin palpable dans la r\u00e9gion de la Drac\u00e9nie, o\u00f9 le march\u00e9 de l&#8217;emploi \u00e9volue rapidement. L&rsquo;\u00e9tablissement collabore \u00e9troitement avec des entreprises locales telles que <strong>Vinci Energies<\/strong> et les acteurs de la <strong>CCI du Var<\/strong>, facilitant ainsi des stages et des opportunit\u00e9s d&#8217;emploi pour les \u00e9tudiants.<\/p>\n\n<figure class=\"wp-block-table\"><table>\n<thead>\n<tr>\n<th>Formation<\/th>\n<th>Niveau<\/th>\n<th>Type<\/th>\n<th>Sp\u00e9cificit\u00e9s<\/th>\n<\/tr>\n<\/thead>\n<tbody>\n<tr>\n<td>Bachelor en communication<\/td>\n<td>Bac +3<\/td>\n<td>Alternance<\/td>\n<td>Culture de la communication, r\u00e9seaux sociaux, \u00e9v\u00e9nementiel<\/td>\n<\/tr>\n<tr>\n<td>BTS NDRC<\/td>\n<td>Bac +2<\/td>\n<td>Alternance<\/td>\n<td>N\u00e9gociation, digitalisation, relation client<\/td>\n<\/tr>\n<\/tbody>\n<\/table><\/figure>\n\n<h2 class=\"wp-block-heading\">Une formation qui s\u2019adapte au march\u00e9<\/h2>\n\n<p>Dans un monde en constante \u00e9volution, il est capital que les formations soient adapt\u00e9es aux exigences du march\u00e9 de l&#8217;emploi. Le passage du BTS management commercial op\u00e9rationnel (MCO) au BTS NDRC symbolise cette volont\u00e9 d&rsquo;adaptation. L&rsquo;objectif? Former des professionnels aguerris, capables de g\u00e9rer la relation client dans un cadre tant physique que digital. La r\u00e9alit\u00e9 du march\u00e9 impose une transversalit\u00e9 des comp\u00e9tences, et <strong>B.Factory School<\/strong> met les \u00e9tudiants en situation de d\u00e9velopper un savoir-faire pluridisciplinaire.<\/p>\n\n<p>Les comp\u00e9tences d\u00e9velopp\u00e9es au sein de ce nouveau BTS comprennent :<\/p>\n\n<ul class=\"wp-block-list\"><li>\ud83e\udd1d Gestion de la relation client (physique et digitale)<\/li><li>\ud83d\udcbb N\u00e9gociation commerciale<\/li><li>\ud83d\udcc8 Partenariats et management<\/li><\/ul>\n\n<p>Ainsi, les \u00e9tudiants qui choisissent d&rsquo;int\u00e9grer ce cursus se pr\u00e9parent \u00e0 divers m\u00e9tiers, allant du vendeur en magasin \u00e0 des postes de prospection commerciale par t\u00e9l\u00e9phone ou encore de gestion de la relation client via des canaux num\u00e9riques. En prime, cela favorise \u00e9galement une meilleure s\u00e9lection des candidats par les entreprises, puisque chaque dipl\u00f4m\u00e9 poss\u00e8de un bagage comp\u00e9tent et pertinent pour le march\u00e9 local. Le travail collaboratif entre <strong>B.Factory School<\/strong>, <strong>Pole Emploi<\/strong> et le <strong>Medef Var<\/strong> est essentiel pour garantir que les formations restent au plus pr\u00e8s des besoins des entreprises.<\/p>\n\n<figure class=\"wp-block-table\"><table>\n<thead>\n<tr>\n<th>Avantages du BTS NDRC<\/th>\n<th>Domaines d&rsquo;application<\/th>\n<\/tr>\n<\/thead>\n<tbody>\n<tr>\n<td>Formation adapt\u00e9e<\/td>\n<td>Commerces, entreprises B2B, start-ups<\/td>\n<\/tr>\n<tr>\n<td>Comp\u00e9tences vari\u00e9es<\/td>\n<td>Vente, digitalisation, relation client<\/td>\n<\/tr>\n<\/tbody>\n<\/table><\/figure>\n\n<h2 class=\"wp-block-heading\">Un accompagnement personnalis\u00e9 pour les \u00e9tudiants<\/h2>\n\n<p>Au-del\u00e0 des formations, <strong>B.Factory School<\/strong> se concentre sur l&rsquo;accompagnement des \u00e9tudiants dans leur parcours. La recherche d&rsquo;une entreprise pour r\u00e9aliser son alternance peut parfois \u00eatre un v\u00e9ritable casse-t\u00eate. C&rsquo;est pourquoi l&rsquo;\u00e9tablissement a d\u00e9velopp\u00e9 un service d&rsquo;accompagnement qui aide les \u00e9tudiants \u00e0 se d\u00e9marquer. L&rsquo;\u00e9cole travaille en \u00e9troite collaboration avec des acteurs tels que le <strong>Campus connect\u00e9 Draguignan<\/strong> et le <strong>Greta C\u00f4te d&rsquo;Azur<\/strong>, pour offrir des ateliers pratiques et des simulations d&rsquo;entretien qui boostent la confiance en soi des \u00e9tudiants.<\/p>\n\n<p>Les \u00e9tudiants b\u00e9n\u00e9ficient de :<\/p>\n\n<ul class=\"wp-block-list\"><li>\ud83d\udd0d Conseils pour la r\u00e9daction de CV<\/li><li>\ud83d\udcac Simulation d&rsquo;entretiens d&#8217;embauche<\/li><li>\ud83e\udd1d Mise en relation avec des entreprises locales<\/li><\/ul>\n\n<p>L&rsquo;exp\u00e9rience directe des formateurs et des professionnels impliqu\u00e9s dans le cadre des formations est un atout pr\u00e9cieux. En partageant leur savoir-faire, ces derniers guident efficacement les \u00e9tudiants vers leur futur emploi. Cette approche personnalis\u00e9e contribue \u00e0 forger non seulement des dipl\u00f4m\u00e9s, mais \u00e9galement des professionnels pr\u00eats \u00e0 embrasser le monde du travail avec toutes ses exigences.<\/p>\n\n<h2 class=\"wp-block-heading\">Un futur prometteur pour B.Factory School et ses \u00e9tudiants<\/h2>\n\n<p>En regardant vers l&rsquo;avenir, <strong>B.Factory School<\/strong> a de grandes aspirations. Avec un effectif de 54 \u00e9tudiants et une \u00e9quipe impliqu\u00e9e de 16 formateurs, l&rsquo;\u00e9cole est bien positionn\u00e9e pour contribuer \u00e0 cr\u00e9er une nouvelle g\u00e9n\u00e9ration de travailleurs comp\u00e9tents et adaptables. Alors que l&rsquo;\u00e9tablissement continue de cro\u00eetre, l&rsquo;accent sera mis sur la qualit\u00e9 des formations et l&rsquo;extension des partenariats avec des entreprises comme <strong>Paca Formation<\/strong> et d&rsquo;autres acteurs r\u00e9gionaux.<\/p>\n\n<p>Le d\u00e9veloppement de nouveaux programmes et l&rsquo;organisation d&rsquo;\u00e9v\u00e9nements pour la mise en relation des entreprises avec les \u00e9tudiants sont \u00e0 l&rsquo;ordre du jour. Cela permettra de renforcer encore les liens entre le monde acad\u00e9mique et le monde du travail. Dans cette optique, <strong>B.Factory School<\/strong> se montre \u00e0 l&rsquo;\u00e9coute des besoins du march\u00e9 tout en formatant des cursus pertinents et adapt\u00e9s.<\/p>\n\n<ul class=\"wp-block-list\"><li>\ud83d\udcc8 Expansion de l&rsquo;offre de formation<\/li><li>\ud83d\udc65 Renforcement des partenariats locaux<\/li><li>\ud83c\udf1f Engagement pour l&rsquo;insertion professionnelle des \u00e9tudiants<\/li><\/ul>\n\n<p>Cette \u00e9cole occupe une place centrale dans le d\u00e9veloppement professionnel des jeunes \u00e0 Draguignan et joue un r\u00f4le important dans la dynamisation des secteurs de la communication et du commerce, tout en poursuivant son engagement envers l&rsquo;\u00e9ducation de qualit\u00e9.<\/p>\n\n<h2 class=\"wp-block-heading\">Questions fr\u00e9quentes<\/h2>\n\n<p><strong>Quels sont les nouveaux programmes offerts par B.Factory School ?<\/strong><br>\nLes nouveaux programmes incluent le bachelor en communication et le BTS NDRC, chacun ax\u00e9 sur les comp\u00e9tences pratiques et th\u00e9oriques n\u00e9cessaires pour r\u00e9ussir dans le monde professionnel.<\/p>\n\n<p><strong>Est-ce que les formations sont uniquement disponibles en alternance ?<\/strong><br>\nOui, toutes les formations propos\u00e9es par l&rsquo;\u00e9cole B.Factory School, y compris le bachelor et les BTS, sont con\u00e7ues pour \u00eatre suivies uniquement en alternance, favorisant ainsi l&rsquo;immersion dans le monde du travail.<\/p>\n\n<p><strong>Comment les \u00e9tudiants sont-ils accompagn\u00e9s dans leur recherche d&rsquo;alternance ?<\/strong><br>\nB.Factory School offre un service d&rsquo;accompagnement personnalis\u00e9 incluant l&rsquo;aide \u00e0 la r\u00e9daction de CV, des simulations d&rsquo;entretien, et des mises en relation avec des entreprises locales.<\/p>\n\n<p><strong>Quels sont les partenaires de l&rsquo;\u00e9cole ?<\/strong><br>\nL&rsquo;\u00e9cole collabore avec de nombreux partenaires locaux, notamment <strong>Pole Emploi<\/strong>, <strong>Medef Var<\/strong>, et <strong>CCI du Var<\/strong>, afin d&rsquo;assurer une formation en ad\u00e9quation avec les besoins du march\u00e9.<\/p>\n\n<p><strong>Quels d\u00e9bouch\u00e9s professionnels s&rsquo;offrent aux dipl\u00f4m\u00e9s ?<\/strong><br>\nLes dipl\u00f4m\u00e9s peuvent envisager divers m\u00e9tiers dans les domaines de la communication, du num\u00e9rique et de la vente, en fonction des comp\u00e9tences acquises durant leur formation.<\/p>\n\n","protected":false},"excerpt":{"rendered":"<p>La rentr\u00e9e 2025 s&rsquo;annonce riche en promesses \u00e0 Draguignan. B.Factory School, pilier de la formation post-bac, \u00e9largit son offre avec des formations qui collent aux besoins actuels du march\u00e9. Avec l&rsquo;arriv\u00e9e de nouveaux BTS et d&rsquo;un bachelor en communication, l&rsquo;\u00e9cole se positionne comme un acteur cl\u00e9 dans la formation des jeunes talents. Sous la direction &#8230; <a title=\"\u00c0 Draguignan, B.Factory School agrandit son panel de formations innovantes\" class=\"read-more\" href=\"https:\/\/www.apres-lecole.fr\/Blog\/b-factory-formations-innovantes\/\" aria-label=\"En savoir plus sur \u00c0 Draguignan, B.Factory School agrandit son panel de formations innovantes\">Lire plus<\/a><\/p>\n","protected":false},"author":7,"featured_media":2276,"comment_status":"open","ping_status":"open","sticky":false,"template":"","format":"standard","meta":{"footnotes":""},"categories":[342],"tags":[1486,1487,1485,412,1219],"class_list":["post-2277","post","type-post","status-publish","format-standard","has-post-thumbnail","hentry","category-actualites","tag-b-factory-school","tag-developpement-professionnel","tag-draguignan","tag-education","tag-formations-innovantes"],"yoast_head":"<!-- This site is optimized with the Yoast SEO plugin v27.5 - https:\/\/yoast.com\/product\/yoast-seo-wordpress\/ -->\n<title>B.Factory School\u00a0: Nouvelles formations innovantes \u00e0 Draguignan<\/title>\n<meta name=\"description\" content=\"\u00c0 Draguignan, B.Factory School \u00e9toffe son offre avec des formations innovantes pour booster les comp\u00e9tences professionnelles !\" \/>\n<meta name=\"robots\" content=\"index, follow, max-snippet:-1, max-image-preview:large, max-video-preview:-1\" \/>\n<link rel=\"canonical\" href=\"https:\/\/www.apres-lecole.fr\/Blog\/b-factory-formations-innovantes\/\" \/>\n<meta property=\"og:locale\" content=\"fr_FR\" \/>\n<meta property=\"og:type\" content=\"article\" \/>\n<meta property=\"og:title\" content=\"B.Factory School\u00a0: Nouvelles formations innovantes \u00e0 Draguignan\" \/>\n<meta property=\"og:description\" content=\"\u00c0 Draguignan, B.Factory School \u00e9toffe son offre avec des formations innovantes pour booster les comp\u00e9tences professionnelles !\" \/>\n<meta property=\"og:url\" content=\"https:\/\/www.apres-lecole.fr\/Blog\/b-factory-formations-innovantes\/\" \/>\n<meta property=\"article:published_time\" content=\"2025-09-02T07:11:58+00:00\" \/>\n<meta property=\"og:image\" content=\"https:\/\/www.apres-lecole.fr\/Blog\/wp-content\/uploads\/2025\/09\/A-Draguignan-B.Factory-School-agrandit-son-panel-de-formations-innovantes.jpg\" \/>\n\t<meta property=\"og:image:width\" content=\"1344\" \/>\n\t<meta property=\"og:image:height\" content=\"768\" \/>\n\t<meta property=\"og:image:type\" content=\"image\/jpeg\" \/>\n<meta name=\"twitter:card\" content=\"summary_large_image\" \/>\n<meta name=\"twitter:label1\" content=\"\u00c9crit par\" \/>\n\t<meta name=\"twitter:data1\" content=\"\" \/>\n\t<meta name=\"twitter:label2\" content=\"Dur\u00e9e de lecture estim\u00e9e\" \/>\n\t<meta name=\"twitter:data2\" content=\"6 minutes\" \/>\n<script type=\"application\/ld+json\" class=\"yoast-schema-graph\">{\"@context\":\"https:\\\/\\\/schema.org\",\"@graph\":[{\"@type\":\"Article\",\"@id\":\"https:\\\/\\\/www.apres-lecole.fr\\\/Blog\\\/b-factory-formations-innovantes\\\/#article\",\"isPartOf\":{\"@id\":\"https:\\\/\\\/www.apres-lecole.fr\\\/Blog\\\/b-factory-formations-innovantes\\\/\"},\"author\":{\"name\":\"\",\"@id\":\"\"},\"headline\":\"\u00c0 Draguignan, B.Factory School agrandit son panel de formations innovantes\",\"datePublished\":\"2025-09-02T07:11:58+00:00\",\"mainEntityOfPage\":{\"@id\":\"https:\\\/\\\/www.apres-lecole.fr\\\/Blog\\\/b-factory-formations-innovantes\\\/\"},\"wordCount\":1321,\"commentCount\":0,\"image\":{\"@id\":\"https:\\\/\\\/www.apres-lecole.fr\\\/Blog\\\/b-factory-formations-innovantes\\\/#primaryimage\"},\"thumbnailUrl\":\"https:\\\/\\\/www.apres-lecole.fr\\\/Blog\\\/wp-content\\\/uploads\\\/2025\\\/09\\\/A-Draguignan-B.Factory-School-agrandit-son-panel-de-formations-innovantes.jpg\",\"keywords\":[\"b.factory school\",\"d\u00e9veloppement professionnel\",\"draguignan\",\"\u00e9ducation\",\"formations innovantes\"],\"articleSection\":[\"Actualit\u00e9s\"],\"inLanguage\":\"fr-FR\",\"potentialAction\":[{\"@type\":\"CommentAction\",\"name\":\"Comment\",\"target\":[\"https:\\\/\\\/www.apres-lecole.fr\\\/Blog\\\/b-factory-formations-innovantes\\\/#respond\"]}]},{\"@type\":\"WebPage\",\"@id\":\"https:\\\/\\\/www.apres-lecole.fr\\\/Blog\\\/b-factory-formations-innovantes\\\/\",\"url\":\"https:\\\/\\\/www.apres-lecole.fr\\\/Blog\\\/b-factory-formations-innovantes\\\/\",\"name\":\"B.Factory School\u00a0: Nouvelles formations innovantes \u00e0 Draguignan\",\"isPartOf\":{\"@id\":\"https:\\\/\\\/www.apres-lecole.fr\\\/Blog\\\/#website\"},\"primaryImageOfPage\":{\"@id\":\"https:\\\/\\\/www.apres-lecole.fr\\\/Blog\\\/b-factory-formations-innovantes\\\/#primaryimage\"},\"image\":{\"@id\":\"https:\\\/\\\/www.apres-lecole.fr\\\/Blog\\\/b-factory-formations-innovantes\\\/#primaryimage\"},\"thumbnailUrl\":\"https:\\\/\\\/www.apres-lecole.fr\\\/Blog\\\/wp-content\\\/uploads\\\/2025\\\/09\\\/A-Draguignan-B.Factory-School-agrandit-son-panel-de-formations-innovantes.jpg\",\"datePublished\":\"2025-09-02T07:11:58+00:00\",\"author\":{\"@id\":\"\"},\"description\":\"\u00c0 Draguignan, B.Factory School \u00e9toffe son offre avec des formations innovantes pour booster les comp\u00e9tences professionnelles !\",\"breadcrumb\":{\"@id\":\"https:\\\/\\\/www.apres-lecole.fr\\\/Blog\\\/b-factory-formations-innovantes\\\/#breadcrumb\"},\"inLanguage\":\"fr-FR\",\"potentialAction\":[{\"@type\":\"ReadAction\",\"target\":[\"https:\\\/\\\/www.apres-lecole.fr\\\/Blog\\\/b-factory-formations-innovantes\\\/\"]}]},{\"@type\":\"ImageObject\",\"inLanguage\":\"fr-FR\",\"@id\":\"https:\\\/\\\/www.apres-lecole.fr\\\/Blog\\\/b-factory-formations-innovantes\\\/#primaryimage\",\"url\":\"https:\\\/\\\/www.apres-lecole.fr\\\/Blog\\\/wp-content\\\/uploads\\\/2025\\\/09\\\/A-Draguignan-B.Factory-School-agrandit-son-panel-de-formations-innovantes.jpg\",\"contentUrl\":\"https:\\\/\\\/www.apres-lecole.fr\\\/Blog\\\/wp-content\\\/uploads\\\/2025\\\/09\\\/A-Draguignan-B.Factory-School-agrandit-son-panel-de-formations-innovantes.jpg\",\"width\":1344,\"height\":768,\"caption\":\"d\u00e9couvrez comment b.factory school \u00e0 draguignan enrichit son panel de formations innovantes pour r\u00e9pondre aux besoins du march\u00e9 et pr\u00e9parer les \u00e9tudiants aux m\u00e9tiers de demain.\"},{\"@type\":\"BreadcrumbList\",\"@id\":\"https:\\\/\\\/www.apres-lecole.fr\\\/Blog\\\/b-factory-formations-innovantes\\\/#breadcrumb\",\"itemListElement\":[{\"@type\":\"ListItem\",\"position\":1,\"name\":\"Home\",\"item\":\"https:\\\/\\\/www.apres-lecole.fr\\\/Blog\\\/\"},{\"@type\":\"ListItem\",\"position\":2,\"name\":\"\u00c0 Draguignan, B.Factory School agrandit son panel de formations innovantes\"}]},{\"@type\":\"WebSite\",\"@id\":\"https:\\\/\\\/www.apres-lecole.fr\\\/Blog\\\/#website\",\"url\":\"https:\\\/\\\/www.apres-lecole.fr\\\/Blog\\\/\",\"name\":\"\",\"description\":\"M\u00e9dia g\u00e9n\u00e9raliste\",\"potentialAction\":[{\"@type\":\"SearchAction\",\"target\":{\"@type\":\"EntryPoint\",\"urlTemplate\":\"https:\\\/\\\/www.apres-lecole.fr\\\/Blog\\\/?s={search_term_string}\"},\"query-input\":{\"@type\":\"PropertyValueSpecification\",\"valueRequired\":true,\"valueName\":\"search_term_string\"}}],\"inLanguage\":\"fr-FR\"},{\"@type\":\"Person\",\"@id\":\"\",\"url\":\"https:\\\/\\\/www.apres-lecole.fr\\\/Blog\\\/author\\\/\"}]}<\/script>\n<!-- \/ Yoast SEO plugin. -->","yoast_head_json":{"title":"B.Factory School\u00a0: Nouvelles formations innovantes \u00e0 Draguignan","description":"\u00c0 Draguignan, B.Factory School \u00e9toffe son offre avec des formations innovantes pour booster les comp\u00e9tences professionnelles !","robots":{"index":"index","follow":"follow","max-snippet":"max-snippet:-1","max-image-preview":"max-image-preview:large","max-video-preview":"max-video-preview:-1"},"canonical":"https:\/\/www.apres-lecole.fr\/Blog\/b-factory-formations-innovantes\/","og_locale":"fr_FR","og_type":"article","og_title":"B.Factory School\u00a0: Nouvelles formations innovantes \u00e0 Draguignan","og_description":"\u00c0 Draguignan, B.Factory School \u00e9toffe son offre avec des formations innovantes pour booster les comp\u00e9tences professionnelles !","og_url":"https:\/\/www.apres-lecole.fr\/Blog\/b-factory-formations-innovantes\/","article_published_time":"2025-09-02T07:11:58+00:00","og_image":[{"width":1344,"height":768,"url":"https:\/\/www.apres-lecole.fr\/Blog\/wp-content\/uploads\/2025\/09\/A-Draguignan-B.Factory-School-agrandit-son-panel-de-formations-innovantes.jpg","type":"image\/jpeg"}],"twitter_card":"summary_large_image","twitter_misc":{"\u00c9crit par":"","Dur\u00e9e de lecture estim\u00e9e":"6 minutes"},"schema":{"@context":"https:\/\/schema.org","@graph":[{"@type":"Article","@id":"https:\/\/www.apres-lecole.fr\/Blog\/b-factory-formations-innovantes\/#article","isPartOf":{"@id":"https:\/\/www.apres-lecole.fr\/Blog\/b-factory-formations-innovantes\/"},"author":{"name":"","@id":""},"headline":"\u00c0 Draguignan, B.Factory School agrandit son panel de formations innovantes","datePublished":"2025-09-02T07:11:58+00:00","mainEntityOfPage":{"@id":"https:\/\/www.apres-lecole.fr\/Blog\/b-factory-formations-innovantes\/"},"wordCount":1321,"commentCount":0,"image":{"@id":"https:\/\/www.apres-lecole.fr\/Blog\/b-factory-formations-innovantes\/#primaryimage"},"thumbnailUrl":"https:\/\/www.apres-lecole.fr\/Blog\/wp-content\/uploads\/2025\/09\/A-Draguignan-B.Factory-School-agrandit-son-panel-de-formations-innovantes.jpg","keywords":["b.factory school","d\u00e9veloppement professionnel","draguignan","\u00e9ducation","formations innovantes"],"articleSection":["Actualit\u00e9s"],"inLanguage":"fr-FR","potentialAction":[{"@type":"CommentAction","name":"Comment","target":["https:\/\/www.apres-lecole.fr\/Blog\/b-factory-formations-innovantes\/#respond"]}]},{"@type":"WebPage","@id":"https:\/\/www.apres-lecole.fr\/Blog\/b-factory-formations-innovantes\/","url":"https:\/\/www.apres-lecole.fr\/Blog\/b-factory-formations-innovantes\/","name":"B.Factory School\u00a0: Nouvelles formations innovantes \u00e0 Draguignan","isPartOf":{"@id":"https:\/\/www.apres-lecole.fr\/Blog\/#website"},"primaryImageOfPage":{"@id":"https:\/\/www.apres-lecole.fr\/Blog\/b-factory-formations-innovantes\/#primaryimage"},"image":{"@id":"https:\/\/www.apres-lecole.fr\/Blog\/b-factory-formations-innovantes\/#primaryimage"},"thumbnailUrl":"https:\/\/www.apres-lecole.fr\/Blog\/wp-content\/uploads\/2025\/09\/A-Draguignan-B.Factory-School-agrandit-son-panel-de-formations-innovantes.jpg","datePublished":"2025-09-02T07:11:58+00:00","author":{"@id":""},"description":"\u00c0 Draguignan, B.Factory School \u00e9toffe son offre avec des formations innovantes pour booster les comp\u00e9tences professionnelles !","breadcrumb":{"@id":"https:\/\/www.apres-lecole.fr\/Blog\/b-factory-formations-innovantes\/#breadcrumb"},"inLanguage":"fr-FR","potentialAction":[{"@type":"ReadAction","target":["https:\/\/www.apres-lecole.fr\/Blog\/b-factory-formations-innovantes\/"]}]},{"@type":"ImageObject","inLanguage":"fr-FR","@id":"https:\/\/www.apres-lecole.fr\/Blog\/b-factory-formations-innovantes\/#primaryimage","url":"https:\/\/www.apres-lecole.fr\/Blog\/wp-content\/uploads\/2025\/09\/A-Draguignan-B.Factory-School-agrandit-son-panel-de-formations-innovantes.jpg","contentUrl":"https:\/\/www.apres-lecole.fr\/Blog\/wp-content\/uploads\/2025\/09\/A-Draguignan-B.Factory-School-agrandit-son-panel-de-formations-innovantes.jpg","width":1344,"height":768,"caption":"d\u00e9couvrez comment b.factory school \u00e0 draguignan enrichit son panel de formations innovantes pour r\u00e9pondre aux besoins du march\u00e9 et pr\u00e9parer les \u00e9tudiants aux m\u00e9tiers de demain."},{"@type":"BreadcrumbList","@id":"https:\/\/www.apres-lecole.fr\/Blog\/b-factory-formations-innovantes\/#breadcrumb","itemListElement":[{"@type":"ListItem","position":1,"name":"Home","item":"https:\/\/www.apres-lecole.fr\/Blog\/"},{"@type":"ListItem","position":2,"name":"\u00c0 Draguignan, B.Factory School agrandit son panel de formations innovantes"}]},{"@type":"WebSite","@id":"https:\/\/www.apres-lecole.fr\/Blog\/#website","url":"https:\/\/www.apres-lecole.fr\/Blog\/","name":"","description":"M\u00e9dia g\u00e9n\u00e9raliste","potentialAction":[{"@type":"SearchAction","target":{"@type":"EntryPoint","urlTemplate":"https:\/\/www.apres-lecole.fr\/Blog\/?s={search_term_string}"},"query-input":{"@type":"PropertyValueSpecification","valueRequired":true,"valueName":"search_term_string"}}],"inLanguage":"fr-FR"},{"@type":"Person","@id":"","url":"https:\/\/www.apres-lecole.fr\/Blog\/author\/"}]}},"views":6,"_links":{"self":[{"href":"https:\/\/www.apres-lecole.fr\/Blog\/wp-json\/wp\/v2\/posts\/2277","targetHints":{"allow":["GET"]}}],"collection":[{"href":"https:\/\/www.apres-lecole.fr\/Blog\/wp-json\/wp\/v2\/posts"}],"about":[{"href":"https:\/\/www.apres-lecole.fr\/Blog\/wp-json\/wp\/v2\/types\/post"}],"author":[{"embeddable":true,"href":"https:\/\/www.apres-lecole.fr\/Blog\/wp-json\/wp\/v2\/users\/7"}],"replies":[{"embeddable":true,"href":"https:\/\/www.apres-lecole.fr\/Blog\/wp-json\/wp\/v2\/comments?post=2277"}],"version-history":[{"count":0,"href":"https:\/\/www.apres-lecole.fr\/Blog\/wp-json\/wp\/v2\/posts\/2277\/revisions"}],"wp:featuredmedia":[{"embeddable":true,"href":"https:\/\/www.apres-lecole.fr\/Blog\/wp-json\/wp\/v2\/media\/2276"}],"wp:attachment":[{"href":"https:\/\/www.apres-lecole.fr\/Blog\/wp-json\/wp\/v2\/media?parent=2277"}],"wp:term":[{"taxonomy":"category","embeddable":true,"href":"https:\/\/www.apres-lecole.fr\/Blog\/wp-json\/wp\/v2\/categories?post=2277"},{"taxonomy":"post_tag","embeddable":true,"href":"https:\/\/www.apres-lecole.fr\/Blog\/wp-json\/wp\/v2\/tags?post=2277"}],"curies":[{"name":"wp","href":"https:\/\/api.w.org\/{rel}","templated":true}]}}