{"id":2271,"date":"2025-09-01T06:33:05","date_gmt":"2025-09-01T06:33:05","guid":{"rendered":"https:\/\/www.apres-lecole.fr\/Blog\/ecole-ort-strasbourg-apprentissage\/"},"modified":"2025-09-01T06:33:05","modified_gmt":"2025-09-01T06:33:05","slug":"ecole-ort-strasbourg-apprentissage","status":"publish","type":"post","link":"https:\/\/www.apres-lecole.fr\/Blog\/ecole-ort-strasbourg-apprentissage\/","title":{"rendered":"L&rsquo;\u00e9cole ort Strasbourg : un environnement propice \u00e0 l&rsquo;apprentissage en 2025"},"content":{"rendered":"\n\n<div class=\"kk-star-ratings kksr-auto kksr-align-left kksr-valign-top\"\n    data-payload='{&quot;align&quot;:&quot;left&quot;,&quot;id&quot;:&quot;2271&quot;,&quot;slug&quot;:&quot;default&quot;,&quot;valign&quot;:&quot;top&quot;,&quot;ignore&quot;:&quot;&quot;,&quot;reference&quot;:&quot;auto&quot;,&quot;class&quot;:&quot;&quot;,&quot;count&quot;:&quot;0&quot;,&quot;legendonly&quot;:&quot;&quot;,&quot;readonly&quot;:&quot;&quot;,&quot;score&quot;:&quot;0&quot;,&quot;starsonly&quot;:&quot;&quot;,&quot;best&quot;:&quot;5&quot;,&quot;gap&quot;:&quot;5&quot;,&quot;greet&quot;:&quot;Rate this post&quot;,&quot;legend&quot;:&quot;0\\\/5 - (0 vote)&quot;,&quot;size&quot;:&quot;24&quot;,&quot;title&quot;:&quot;L\\u0026#039;\u00e9cole ort Strasbourg : un environnement propice \u00e0 l\\u0026#039;apprentissage en 2025&quot;,&quot;width&quot;:&quot;0&quot;,&quot;_legend&quot;:&quot;{score}\\\/{best} - ({count} {votes})&quot;,&quot;font_factor&quot;:&quot;1.25&quot;}'>\n            \n<div class=\"kksr-stars\">\n    \n<div class=\"kksr-stars-inactive\">\n            <div class=\"kksr-star\" data-star=\"1\" style=\"padding-right: 5px\">\n            \n\n<div class=\"kksr-icon\" style=\"width: 24px; height: 24px;\"><\/div>\n        <\/div>\n            <div class=\"kksr-star\" data-star=\"2\" style=\"padding-right: 5px\">\n            \n\n<div class=\"kksr-icon\" style=\"width: 24px; height: 24px;\"><\/div>\n        <\/div>\n            <div class=\"kksr-star\" data-star=\"3\" style=\"padding-right: 5px\">\n            \n\n<div class=\"kksr-icon\" style=\"width: 24px; height: 24px;\"><\/div>\n        <\/div>\n            <div class=\"kksr-star\" data-star=\"4\" style=\"padding-right: 5px\">\n            \n\n<div class=\"kksr-icon\" style=\"width: 24px; height: 24px;\"><\/div>\n        <\/div>\n            <div class=\"kksr-star\" data-star=\"5\" style=\"padding-right: 5px\">\n            \n\n<div class=\"kksr-icon\" style=\"width: 24px; height: 24px;\"><\/div>\n        <\/div>\n    <\/div>\n    \n<div class=\"kksr-stars-active\" style=\"width: 0px;\">\n            <div class=\"kksr-star\" style=\"padding-right: 5px\">\n            \n\n<div class=\"kksr-icon\" style=\"width: 24px; height: 24px;\"><\/div>\n        <\/div>\n            <div class=\"kksr-star\" style=\"padding-right: 5px\">\n            \n\n<div class=\"kksr-icon\" style=\"width: 24px; height: 24px;\"><\/div>\n        <\/div>\n            <div class=\"kksr-star\" style=\"padding-right: 5px\">\n            \n\n<div class=\"kksr-icon\" style=\"width: 24px; height: 24px;\"><\/div>\n        <\/div>\n            <div class=\"kksr-star\" style=\"padding-right: 5px\">\n            \n\n<div class=\"kksr-icon\" style=\"width: 24px; height: 24px;\"><\/div>\n        <\/div>\n            <div class=\"kksr-star\" style=\"padding-right: 5px\">\n            \n\n<div class=\"kksr-icon\" style=\"width: 24px; height: 24px;\"><\/div>\n        <\/div>\n    <\/div>\n<\/div>\n                \n\n<div class=\"kksr-legend\" style=\"font-size: 19.2px;\">\n            <span class=\"kksr-muted\">Rate this post<\/span>\n    <\/div>\n    <\/div>\n<p>\u00c0 travers ses nombreuses initiatives et son approche innovante, l&rsquo;\u00c9cole ORT Strasbourg se positionne comme un acteur cl\u00e9 dans l&rsquo;\u00e9ducation en 2025. Avec un cadre dynamique o\u00f9 les \u00e9l\u00e8ves peuvent s&rsquo;\u00e9panouir tant acad\u00e9miquement que socialement, cet \u00e9tablissement priv\u00e9 sous contrat d&rsquo;association avec l&rsquo;\u00c9tat attire des jeunes motiv\u00e9s \u00e0 la recherche d&rsquo;une formation professionnelle de qualit\u00e9. \u00c0 l&rsquo;ORT, l&rsquo;apprentissage n&rsquo;est pas qu&rsquo;une simple transmission de savoirs, mais une exp\u00e9rience immersive qui pr\u00e9pare les \u00e9tudiants aux d\u00e9fis de demain. Plongeons dans l&rsquo;univers de l&rsquo;ORT Strasbourg, o\u00f9 chaque \u00e9l\u00e8ve est au c\u0153ur d&rsquo;un \u00e9cosyst\u00e8me \u00e9ducatif innovant et bienveillant.<\/p>\n\n<h2 class=\"wp-block-heading\">L&rsquo;innovation p\u00e9dagogique au c\u0153ur de l&rsquo;\u00e9cole ORT Strasbourg<\/h2>\n\n<p>L&rsquo;innovation p\u00e9dagogique \u00e0 l&rsquo;\u00c9cole ORT Strasbourg n&rsquo;est pas juste un mot \u00e0 la mode, mais une r\u00e9alit\u00e9 quotidienne. Cet \u00e9tablissement met en \u0153uvre des m\u00e9thodes qui favorisent un <strong>enseignement personnalis\u00e9<\/strong> et une <strong>p\u00e9dagogie active<\/strong>, permettant ainsi \u00e0 chaque \u00e9l\u00e8ve de progresser selon son propre rythme. Au lieu d&rsquo;une simple transmission d&rsquo;informations, l&rsquo;accent est mis sur l&rsquo;engagement des \u00e9l\u00e8ves, la collaboration et l&rsquo;interaction.<\/p>\n\n<p>Les classes encouragent un apprentissage bas\u00e9 sur des projets, o\u00f9 les \u00e9l\u00e8ves travaillent en groupe pour r\u00e9soudre des probl\u00e8mes concrets, d\u00e9veloppant ainsi des comp\u00e9tences essentielles telles que la communication, le travail d&rsquo;\u00e9quipe et la cr\u00e9ativit\u00e9. Ces projets ne se limitent pas \u00e0 la salle de classe ; ils permettent \u00e9galement aux \u00e9l\u00e8ves de collaborer avec des entreprises locales et de participer \u00e0 des initiatives communautaires.<\/p>\n\n<h3 class=\"wp-block-heading\">Les technologies immersives<\/h3>\n\n<p>Au sein de l&rsquo;ORT Strasbourg, l&rsquo;utilisation des <strong>technologies immersives<\/strong> est essentielle. Les salles de classe sont \u00e9quip\u00e9es de tableaux interactifs, de outils num\u00e9riques et de ressources en ligne qui favorisent un apprentissage interactif. Ces technologies facilitent non seulement l&rsquo;acquisition de connaissances, mais permettent \u00e9galement de mieux appr\u00e9hender les enjeux d&rsquo;un monde en constante \u00e9volution.<\/p>\n\n<ul class=\"wp-block-list\"><li>\ud83d\udc69\u200d\ud83c\udfeb <strong>Tableaux interactifs :<\/strong> Pour une interactivit\u00e9 enrichie durant les cours.<\/li><li>\ud83d\udcbb <strong>Plateformes num\u00e9riques :<\/strong> Acc\u00e8s \u00e0 du contenu riche et vari\u00e9 en ligne.<\/li><li>\ud83c\udf10 <strong>Extensions en r\u00e9alit\u00e9 virtuelle :<\/strong> Immersion dans des contextes r\u00e9els et exp\u00e9riences pratiques.<\/li><\/ul>\n\n<h3 class=\"wp-block-heading\">Des supports \u00e9ducatifs vari\u00e9s<\/h3>\n\n<p>Les enseignants de l&rsquo;ORT Strasbourg utilisent une vari\u00e9t\u00e9 de supports \u00e9ducatifs afin de r\u00e9pondre aux besoins diversifi\u00e9s des \u00e9l\u00e8ves. Cela inclut des ressources num\u00e9riques, des kits p\u00e9dagogiques et des <strong>FabLabs \u00e9ducatifs<\/strong> disponibles pour des travaux pratiques. Ces ateliers sont des lieux de cr\u00e9ativit\u00e9 o\u00f9 les \u00e9l\u00e8ves peuvent exp\u00e9rimenter et mettre en pratique leurs connaissances dans un cadre ludique et collaboratif.<\/p>\n\n<h3 class=\"wp-block-heading\">Accompagnement des \u00e9tudiants<\/h3>\n\n<p>Un autre aspect essentiel de l&rsquo;ORT Strasbourg est l&rsquo;<strong>accompagnement \u00e9tudiant<\/strong> fourni \u00e0 chaque \u00e9l\u00e8ve. Chaque \u00e9l\u00e8ve dispose d&rsquo;un r\u00e9f\u00e9rent qui l&rsquo;accompagne tout au long de son parcours, assurant un suivi personnalis\u00e9 et adapt\u00e9 aux besoins individuels. Ce soutien renforce la confiance des \u00e9l\u00e8ves et les guide dans leurs choix d&rsquo;orientation professionnelle.<\/p>\n\n<p>Dans ce cadre, l&rsquo;ORT Strasbourg s&rsquo;efforce de construire des parcours d&rsquo;apprentissage sur mesure, prenant en compte les comp\u00e9tences et les aspirations de chacun. Les r\u00e9sultats sont visibles : les anciens \u00e9l\u00e8ves t\u00e9moignent souvent de l&rsquo;impact positif de cet accompagnement sur leur r\u00e9ussite.<\/p>\n\n<figure class=\"wp-block-table\"><table>\n<thead>\n<tr>\n<th>Aspect<\/th>\n<th>Description<\/th>\n<\/tr>\n<\/thead>\n<tbody>\n<tr>\n<td>Pratique innovante<\/td>\n<td>Approche centr\u00e9e sur l&rsquo;\u00e9l\u00e8ve avec m\u00e9thodes actives et projets collaboratifs.<\/td>\n<\/tr>\n<tr>\n<td>Technologies \u00e9ducatives<\/td>\n<td>Utilisation d&rsquo;outils num\u00e9riques et de supports vari\u00e9s pour enrichir l&rsquo;apprentissage.<\/td>\n<\/tr>\n<tr>\n<td>Accompagnement<\/td>\n<td>Suivi individualis\u00e9 pour chaque \u00e9l\u00e8ve, favorisant leur d\u00e9veloppement et leur r\u00e9ussite.<\/td>\n<\/tr>\n<\/tbody>\n<\/table><\/figure>\n\n<h2 class=\"wp-block-heading\">Un environnement d&rsquo;apprentissage enrichissant<\/h2>\n\n<p>\u00c0 l&rsquo;\u00c9cole ORT Strasbourg, chaque moment pass\u00e9 \u00e0 l&rsquo;int\u00e9rieur des murs de l&rsquo;\u00e9tablissement est pens\u00e9 pour enrichir l&rsquo;exp\u00e9rience scolaire des \u00e9l\u00e8ves. L&rsquo;\u00e9cole ne se limite pas \u00e0 l&rsquo;enseignement traditionnel ; elle cr\u00e9e un cadre propice \u00e0 l&rsquo;apprentissage, int\u00e9grant des activit\u00e9s culturelles, sportives et sociales qui renforcent le lien entre les \u00e9l\u00e8ves.<\/p>\n\n<p>M\u00eame en dehors de la classe, les \u00e9l\u00e8ves ont la possibilit\u00e9 de participer \u00e0 une multitude d&rsquo;activit\u00e9s qui favorisent leur \u00e9panouissement personnel. Ces \u00e9v\u00e9nements \u00e9vitent la monotonie et encouragent l&rsquo;implication des \u00e9l\u00e8ves dans des projets vari\u00e9s. Voici un aper\u00e7u des diff\u00e9rentes activit\u00e9s propos\u00e9es :<\/p>\n\n<ul class=\"wp-block-list\"><li>\ud83c\udfad <strong>Clubs de th\u00e9\u00e2tre :<\/strong> Pour d\u00e9velopper la cr\u00e9ativit\u00e9 et l&rsquo;expression personnelle.<\/li><li>\u26bd <strong>Clubs sportifs :<\/strong> Pour promouvoir la vie saine et le travail d&rsquo;\u00e9quipe.<\/li><li>\ud83c\udf0d <strong>Voyages \u00e9ducatifs :<\/strong> Des excursions pour d\u00e9couvrir de nouvelles cultures.<\/li><li>\ud83d\udcda <strong>Ateliers artistiques :<\/strong> Pour stimuler les talents cach\u00e9s des \u00e9l\u00e8ves.<\/li><\/ul>\n\n<h3 class=\"wp-block-heading\">Les soir\u00e9es th\u00e9matiques et \u00e9v\u00e9nements<\/h3>\n\n<p>Les soir\u00e9es th\u00e9matiques permettent de renforcer les liens au sein de la communaut\u00e9 scolaire. Chaque \u00e9l\u00e8ve, professeur et parent peut participer, cr\u00e9ant ainsi un v\u00e9ritable esprit d&rsquo;\u00e9quipe et de camaraderie. Ces \u00e9v\u00e9nements, qu&rsquo;ils soient culturels ou sociaux, renforcent la coh\u00e9sion du groupe et participent \u00e0 la cr\u00e9ation d&rsquo;un climat serein. Les \u00e9l\u00e8ves se sentent int\u00e9gr\u00e9s et impliqu\u00e9s dans la vie de l&rsquo;\u00e9tablissement.<\/p>\n\n<h3 class=\"wp-block-heading\">\u00c9tablissement \u00e9co-responsable<\/h3>\n\n<p>Avec une prise de conscience croissante des enjeux environnementaux en 2025, l&rsquo;ORT Strasbourg s&rsquo;engage \u00e9galement dans une d\u00e9marche d&rsquo;<strong>\u00e9co-responsabilit\u00e9<\/strong>. Les diff\u00e9rentes initiatives prises par l&rsquo;\u00e9tablissement visent \u00e0 sensibiliser les \u00e9l\u00e8ves aux questions \u00e9cologiques et \u00e0 les encourager \u00e0 adopter des pratiques durables. Qu&rsquo;il s&rsquo;agisse de la gestion des d\u00e9chets, de l&rsquo;\u00e9conomie d&rsquo;\u00e9nergie ou encore de l&rsquo;utilisation de ressources renouvelables, chaque geste compte !<\/p>\n\n<figure class=\"wp-block-table\"><table>\n<thead>\n<tr>\n<th>Initiative<\/th>\n<th>Description<\/th>\n<\/tr>\n<\/thead>\n<tbody>\n<tr>\n<td>Recyclage<\/td>\n<td>Mise en place de points de collecte pour le recyclage \u00e0 l&rsquo;\u00e9cole.<\/td>\n<\/tr>\n<tr>\n<td>Partenariats verts<\/td>\n<td>Collaboration avec des associations \u00e9cologiques locales.<\/td>\n<\/tr>\n<tr>\n<td>Sensibilisation<\/td>\n<td>Organisation d&rsquo;ateliers sur les enjeux environnementaux.<\/td>\n<\/tr>\n<\/tbody>\n<\/table><\/figure>\n\n<h2 class=\"wp-block-heading\">Ouverture \u00e0 l&rsquo;international<\/h2>\n\n<p>L&rsquo;un des grands atouts de l&rsquo;\u00c9cole ORT Strasbourg r\u00e9side dans son ouverture \u00e0 l&rsquo;international. En 2025, les \u00e9changes culturels et les partenariats avec d&rsquo;autres \u00e9tablissements europ\u00e9ens sont en plein essor. Ces initiatives offrent aux \u00e9l\u00e8ves la possibilit\u00e9 de d\u00e9couvrir d&rsquo;autres cultures, d&rsquo;apprendre de nouvelles langues et d&rsquo;acqu\u00e9rir une vision globale du monde.<\/p>\n\n<p>L&rsquo;\u00e9cole initie divers programmes d&rsquo;\u00e9changes, permettant aux \u00e9l\u00e8ves de se familiariser avec des syst\u00e8mes \u00e9ducatifs diff\u00e9rents tout en renfor\u00e7ant leur compr\u00e9hension interculturelle. Les \u00e9changes renforcent \u00e9galement leurs comp\u00e9tences linguistiques, essentielles dans un monde professionnel globalis\u00e9.<\/p>\n\n<h3 class=\"wp-block-heading\">Des stages \u00e0 l&rsquo;international<\/h3>\n\n<p>Les \u00e9l\u00e8ves de l&rsquo;ORT Strasbourg ont \u00e9galement la possibilit\u00e9 de r\u00e9aliser des stages \u00e0 l&rsquo;international, leur offrant ainsi une exp\u00e9rience professionnelle unique. Ces stages permettent de construire un r\u00e9seau professionnel \u00e0 l&rsquo;\u00e9chelle mondiale et de se pr\u00e9parer \u00e0 une carri\u00e8re dans un environnement de travail de plus en plus international.<\/p>\n\n<h3 class=\"wp-block-heading\">Des partenariats \u00e9ducatifs<\/h3>\n\n<p>Diff\u00e9rents \u00e9tablissements europ\u00e9ens sont partenaires de l&rsquo;ORT Strasbourg, ce qui ouvre la porte \u00e0 de nombreuses collaborations. Ces alliances offrent aux \u00e9l\u00e8ves l&rsquo;opportunit\u00e9 de participer \u00e0 des projets communs, des conf\u00e9rences et des s\u00e9minaires, le tout dans un cadre propice \u00e0 l&rsquo;\u00e9change de bonnes pratiques.<\/p>\n\n<figure class=\"wp-block-table\"><table>\n<thead>\n<tr>\n<th>Partenaire<\/th>\n<th>Type d&rsquo;\u00e9change<\/th>\n<\/tr>\n<\/thead>\n<tbody>\n<tr>\n<td>\u00c9cole Allemande<\/td>\n<td>Echanges linguistiques et culturels<\/td>\n<\/tr>\n<tr>\n<td>Lyc\u00e9e Espagnol<\/td>\n<td>Stages professionnels et projets en commun<\/td>\n<\/tr>\n<tr>\n<td>Universit\u00e9 Italienne<\/td>\n<td>Collaborations en recherche et ateliers<\/td>\n<\/tr>\n<\/tbody>\n<\/table><\/figure>\n\n<h2 class=\"wp-block-heading\">Questions fr\u00e9quentes sur l&rsquo;\u00c9cole ORT Strasbourg<\/h2>\n\n<p>Les familles int\u00e9ress\u00e9es par l&rsquo;inscription \u00e0 l&rsquo;\u00c9cole ORT Strasbourg se posent souvent quelques questions. Voici un r\u00e9capitulatif des r\u00e9ponses aux questions les plus fr\u00e9quentes :<\/p>\n\n<p><strong>Quels sont les frais de scolarit\u00e9 ?<\/strong><br>\nLes frais varient selon la fili\u00e8re choisie, mais l\u2019\u00e9tablissement s&rsquo;efforce de proposer des tarifs accessibles et des aides financi\u00e8res.<\/p>\n\n<p><strong>Y a-t-il des dispositifs pour les \u00e9l\u00e8ves en difficult\u00e9 ?<\/strong><br>\nOui, l&rsquo;\u00e9cole propose un soutien sp\u00e9cifique pour aider les \u00e9l\u00e8ves rencontrant des difficult\u00e9s d\u2019apprentissage.<\/p>\n\n<p><strong>Quelle est la dur\u00e9e des formations ?<\/strong><br>\nLa plupart des formations durent g\u00e9n\u00e9ralement trois ans, mais cela peut varier selon le type de parcours.<\/p>\n\n<p><strong>Quelles langues peuvent \u00eatre \u00e9tudi\u00e9es ?<\/strong><br>\nLes \u00e9l\u00e8ves peuvent apprendre l&rsquo;anglais et l&rsquo;allemand, avec des possibilit\u00e9s de certifications \u00e0 la cl\u00e9.<\/p>\n\n<p><strong>Y a-t-il des internats disponibles ?<\/strong><br>\nL&rsquo;ORT Strasbourg ne propose pas d&rsquo;internat, mais peut orienter les familles vers des logements \u00e9tudiants \u00e0 proximit\u00e9.<\/p>\n\n","protected":false},"excerpt":{"rendered":"<p>\u00c0 travers ses nombreuses initiatives et son approche innovante, l&rsquo;\u00c9cole ORT Strasbourg se positionne comme un acteur cl\u00e9 dans l&rsquo;\u00e9ducation en 2025. Avec un cadre dynamique o\u00f9 les \u00e9l\u00e8ves peuvent s&rsquo;\u00e9panouir tant acad\u00e9miquement que socialement, cet \u00e9tablissement priv\u00e9 sous contrat d&rsquo;association avec l&rsquo;\u00c9tat attire des jeunes motiv\u00e9s \u00e0 la recherche d&rsquo;une formation professionnelle de qualit\u00e9. &#8230; <a title=\"L&rsquo;\u00e9cole ort Strasbourg : un environnement propice \u00e0 l&rsquo;apprentissage en 2025\" class=\"read-more\" href=\"https:\/\/www.apres-lecole.fr\/Blog\/ecole-ort-strasbourg-apprentissage\/\" aria-label=\"En savoir plus sur L&rsquo;\u00e9cole ort Strasbourg : un environnement propice \u00e0 l&rsquo;apprentissage en 2025\">Lire plus<\/a><\/p>\n","protected":false},"author":7,"featured_media":2270,"comment_status":"open","ping_status":"open","sticky":false,"template":"","format":"standard","meta":{"footnotes":""},"categories":[342],"tags":[828,410,535,852],"class_list":["post-2271","post","type-post","status-publish","format-standard","has-post-thumbnail","hentry","category-actualites","tag-apprentissage","tag-ecole","tag-environnement","tag-strasbourg"],"yoast_head":"<!-- This site is optimized with the Yoast SEO plugin v27.5 - https:\/\/yoast.com\/product\/yoast-seo-wordpress\/ -->\n<title>ORT Strasbourg 2025 : L&#039;\u00e9cole o\u00f9 l\u2019apprentissage s\u2019\u00e9panouit<\/title>\n<meta name=\"description\" content=\"D\u00e9couvrez l&#039;\u00e9cole ORT Strasbourg : un cadre moderne favorisant la r\u00e9ussite et l&#039;\u00e9panouissement des \u00e9l\u00e8ves en 2025. Inscrivez-vous !\" \/>\n<meta name=\"robots\" content=\"index, follow, max-snippet:-1, max-image-preview:large, max-video-preview:-1\" \/>\n<link rel=\"canonical\" href=\"https:\/\/www.apres-lecole.fr\/Blog\/ecole-ort-strasbourg-apprentissage\/\" \/>\n<meta property=\"og:locale\" content=\"fr_FR\" \/>\n<meta property=\"og:type\" content=\"article\" \/>\n<meta property=\"og:title\" content=\"ORT Strasbourg 2025 : L&#039;\u00e9cole o\u00f9 l\u2019apprentissage s\u2019\u00e9panouit\" \/>\n<meta property=\"og:description\" content=\"D\u00e9couvrez l&#039;\u00e9cole ORT Strasbourg : un cadre moderne favorisant la r\u00e9ussite et l&#039;\u00e9panouissement des \u00e9l\u00e8ves en 2025. Inscrivez-vous !\" \/>\n<meta property=\"og:url\" content=\"https:\/\/www.apres-lecole.fr\/Blog\/ecole-ort-strasbourg-apprentissage\/\" \/>\n<meta property=\"article:published_time\" content=\"2025-09-01T06:33:05+00:00\" \/>\n<meta property=\"og:image\" content=\"https:\/\/www.apres-lecole.fr\/Blog\/wp-content\/uploads\/2025\/09\/Lecole-ort-Strasbourg-un-environnement-propice-a-lapprentissage-en-2025.jpg\" \/>\n\t<meta property=\"og:image:width\" content=\"1344\" \/>\n\t<meta property=\"og:image:height\" content=\"768\" \/>\n\t<meta property=\"og:image:type\" content=\"image\/jpeg\" \/>\n<meta name=\"twitter:card\" content=\"summary_large_image\" \/>\n<meta name=\"twitter:label1\" content=\"\u00c9crit par\" \/>\n\t<meta name=\"twitter:data1\" content=\"\" \/>\n\t<meta name=\"twitter:label2\" content=\"Dur\u00e9e de lecture estim\u00e9e\" \/>\n\t<meta name=\"twitter:data2\" content=\"7 minutes\" \/>\n<script type=\"application\/ld+json\" class=\"yoast-schema-graph\">{\"@context\":\"https:\\\/\\\/schema.org\",\"@graph\":[{\"@type\":\"Article\",\"@id\":\"https:\\\/\\\/www.apres-lecole.fr\\\/Blog\\\/ecole-ort-strasbourg-apprentissage\\\/#article\",\"isPartOf\":{\"@id\":\"https:\\\/\\\/www.apres-lecole.fr\\\/Blog\\\/ecole-ort-strasbourg-apprentissage\\\/\"},\"author\":{\"name\":\"\",\"@id\":\"\"},\"headline\":\"L&rsquo;\u00e9cole ort Strasbourg : un environnement propice \u00e0 l&rsquo;apprentissage en 2025\",\"datePublished\":\"2025-09-01T06:33:05+00:00\",\"mainEntityOfPage\":{\"@id\":\"https:\\\/\\\/www.apres-lecole.fr\\\/Blog\\\/ecole-ort-strasbourg-apprentissage\\\/\"},\"wordCount\":1386,\"commentCount\":0,\"image\":{\"@id\":\"https:\\\/\\\/www.apres-lecole.fr\\\/Blog\\\/ecole-ort-strasbourg-apprentissage\\\/#primaryimage\"},\"thumbnailUrl\":\"https:\\\/\\\/www.apres-lecole.fr\\\/Blog\\\/wp-content\\\/uploads\\\/2025\\\/09\\\/Lecole-ort-Strasbourg-un-environnement-propice-a-lapprentissage-en-2025.jpg\",\"keywords\":[\"apprentissage\",\"\u00e9cole\",\"environnement\",\"strasbourg\"],\"articleSection\":[\"Actualit\u00e9s\"],\"inLanguage\":\"fr-FR\",\"potentialAction\":[{\"@type\":\"CommentAction\",\"name\":\"Comment\",\"target\":[\"https:\\\/\\\/www.apres-lecole.fr\\\/Blog\\\/ecole-ort-strasbourg-apprentissage\\\/#respond\"]}]},{\"@type\":\"WebPage\",\"@id\":\"https:\\\/\\\/www.apres-lecole.fr\\\/Blog\\\/ecole-ort-strasbourg-apprentissage\\\/\",\"url\":\"https:\\\/\\\/www.apres-lecole.fr\\\/Blog\\\/ecole-ort-strasbourg-apprentissage\\\/\",\"name\":\"ORT Strasbourg 2025 : L'\u00e9cole o\u00f9 l\u2019apprentissage s\u2019\u00e9panouit\",\"isPartOf\":{\"@id\":\"https:\\\/\\\/www.apres-lecole.fr\\\/Blog\\\/#website\"},\"primaryImageOfPage\":{\"@id\":\"https:\\\/\\\/www.apres-lecole.fr\\\/Blog\\\/ecole-ort-strasbourg-apprentissage\\\/#primaryimage\"},\"image\":{\"@id\":\"https:\\\/\\\/www.apres-lecole.fr\\\/Blog\\\/ecole-ort-strasbourg-apprentissage\\\/#primaryimage\"},\"thumbnailUrl\":\"https:\\\/\\\/www.apres-lecole.fr\\\/Blog\\\/wp-content\\\/uploads\\\/2025\\\/09\\\/Lecole-ort-Strasbourg-un-environnement-propice-a-lapprentissage-en-2025.jpg\",\"datePublished\":\"2025-09-01T06:33:05+00:00\",\"author\":{\"@id\":\"\"},\"description\":\"D\u00e9couvrez l'\u00e9cole ORT Strasbourg : un cadre moderne favorisant la r\u00e9ussite et l'\u00e9panouissement des \u00e9l\u00e8ves en 2025. Inscrivez-vous !\",\"breadcrumb\":{\"@id\":\"https:\\\/\\\/www.apres-lecole.fr\\\/Blog\\\/ecole-ort-strasbourg-apprentissage\\\/#breadcrumb\"},\"inLanguage\":\"fr-FR\",\"potentialAction\":[{\"@type\":\"ReadAction\",\"target\":[\"https:\\\/\\\/www.apres-lecole.fr\\\/Blog\\\/ecole-ort-strasbourg-apprentissage\\\/\"]}]},{\"@type\":\"ImageObject\",\"inLanguage\":\"fr-FR\",\"@id\":\"https:\\\/\\\/www.apres-lecole.fr\\\/Blog\\\/ecole-ort-strasbourg-apprentissage\\\/#primaryimage\",\"url\":\"https:\\\/\\\/www.apres-lecole.fr\\\/Blog\\\/wp-content\\\/uploads\\\/2025\\\/09\\\/Lecole-ort-Strasbourg-un-environnement-propice-a-lapprentissage-en-2025.jpg\",\"contentUrl\":\"https:\\\/\\\/www.apres-lecole.fr\\\/Blog\\\/wp-content\\\/uploads\\\/2025\\\/09\\\/Lecole-ort-Strasbourg-un-environnement-propice-a-lapprentissage-en-2025.jpg\",\"width\":1344,\"height\":768,\"caption\":\"d\u00e9couvrez comment l'\u00e9cole ort strasbourg offre en 2025 un cadre innovant et stimulant pour favoriser la r\u00e9ussite et l'\u00e9panouissement de chaque \u00e9l\u00e8ve dans un environnement propice \u00e0 l'apprentissage.\"},{\"@type\":\"BreadcrumbList\",\"@id\":\"https:\\\/\\\/www.apres-lecole.fr\\\/Blog\\\/ecole-ort-strasbourg-apprentissage\\\/#breadcrumb\",\"itemListElement\":[{\"@type\":\"ListItem\",\"position\":1,\"name\":\"Home\",\"item\":\"https:\\\/\\\/www.apres-lecole.fr\\\/Blog\\\/\"},{\"@type\":\"ListItem\",\"position\":2,\"name\":\"L&rsquo;\u00e9cole ort Strasbourg : un environnement propice \u00e0 l&rsquo;apprentissage en 2025\"}]},{\"@type\":\"WebSite\",\"@id\":\"https:\\\/\\\/www.apres-lecole.fr\\\/Blog\\\/#website\",\"url\":\"https:\\\/\\\/www.apres-lecole.fr\\\/Blog\\\/\",\"name\":\"\",\"description\":\"M\u00e9dia g\u00e9n\u00e9raliste\",\"potentialAction\":[{\"@type\":\"SearchAction\",\"target\":{\"@type\":\"EntryPoint\",\"urlTemplate\":\"https:\\\/\\\/www.apres-lecole.fr\\\/Blog\\\/?s={search_term_string}\"},\"query-input\":{\"@type\":\"PropertyValueSpecification\",\"valueRequired\":true,\"valueName\":\"search_term_string\"}}],\"inLanguage\":\"fr-FR\"},{\"@type\":\"Person\",\"@id\":\"\",\"url\":\"https:\\\/\\\/www.apres-lecole.fr\\\/Blog\\\/author\\\/\"}]}<\/script>\n<!-- \/ Yoast SEO plugin. -->","yoast_head_json":{"title":"ORT Strasbourg 2025 : L'\u00e9cole o\u00f9 l\u2019apprentissage s\u2019\u00e9panouit","description":"D\u00e9couvrez l'\u00e9cole ORT Strasbourg : un cadre moderne favorisant la r\u00e9ussite et l'\u00e9panouissement des \u00e9l\u00e8ves en 2025. Inscrivez-vous !","robots":{"index":"index","follow":"follow","max-snippet":"max-snippet:-1","max-image-preview":"max-image-preview:large","max-video-preview":"max-video-preview:-1"},"canonical":"https:\/\/www.apres-lecole.fr\/Blog\/ecole-ort-strasbourg-apprentissage\/","og_locale":"fr_FR","og_type":"article","og_title":"ORT Strasbourg 2025 : L'\u00e9cole o\u00f9 l\u2019apprentissage s\u2019\u00e9panouit","og_description":"D\u00e9couvrez l'\u00e9cole ORT Strasbourg : un cadre moderne favorisant la r\u00e9ussite et l'\u00e9panouissement des \u00e9l\u00e8ves en 2025. Inscrivez-vous !","og_url":"https:\/\/www.apres-lecole.fr\/Blog\/ecole-ort-strasbourg-apprentissage\/","article_published_time":"2025-09-01T06:33:05+00:00","og_image":[{"width":1344,"height":768,"url":"https:\/\/www.apres-lecole.fr\/Blog\/wp-content\/uploads\/2025\/09\/Lecole-ort-Strasbourg-un-environnement-propice-a-lapprentissage-en-2025.jpg","type":"image\/jpeg"}],"twitter_card":"summary_large_image","twitter_misc":{"\u00c9crit par":"","Dur\u00e9e de lecture estim\u00e9e":"7 minutes"},"schema":{"@context":"https:\/\/schema.org","@graph":[{"@type":"Article","@id":"https:\/\/www.apres-lecole.fr\/Blog\/ecole-ort-strasbourg-apprentissage\/#article","isPartOf":{"@id":"https:\/\/www.apres-lecole.fr\/Blog\/ecole-ort-strasbourg-apprentissage\/"},"author":{"name":"","@id":""},"headline":"L&rsquo;\u00e9cole ort Strasbourg : un environnement propice \u00e0 l&rsquo;apprentissage en 2025","datePublished":"2025-09-01T06:33:05+00:00","mainEntityOfPage":{"@id":"https:\/\/www.apres-lecole.fr\/Blog\/ecole-ort-strasbourg-apprentissage\/"},"wordCount":1386,"commentCount":0,"image":{"@id":"https:\/\/www.apres-lecole.fr\/Blog\/ecole-ort-strasbourg-apprentissage\/#primaryimage"},"thumbnailUrl":"https:\/\/www.apres-lecole.fr\/Blog\/wp-content\/uploads\/2025\/09\/Lecole-ort-Strasbourg-un-environnement-propice-a-lapprentissage-en-2025.jpg","keywords":["apprentissage","\u00e9cole","environnement","strasbourg"],"articleSection":["Actualit\u00e9s"],"inLanguage":"fr-FR","potentialAction":[{"@type":"CommentAction","name":"Comment","target":["https:\/\/www.apres-lecole.fr\/Blog\/ecole-ort-strasbourg-apprentissage\/#respond"]}]},{"@type":"WebPage","@id":"https:\/\/www.apres-lecole.fr\/Blog\/ecole-ort-strasbourg-apprentissage\/","url":"https:\/\/www.apres-lecole.fr\/Blog\/ecole-ort-strasbourg-apprentissage\/","name":"ORT Strasbourg 2025 : L'\u00e9cole o\u00f9 l\u2019apprentissage s\u2019\u00e9panouit","isPartOf":{"@id":"https:\/\/www.apres-lecole.fr\/Blog\/#website"},"primaryImageOfPage":{"@id":"https:\/\/www.apres-lecole.fr\/Blog\/ecole-ort-strasbourg-apprentissage\/#primaryimage"},"image":{"@id":"https:\/\/www.apres-lecole.fr\/Blog\/ecole-ort-strasbourg-apprentissage\/#primaryimage"},"thumbnailUrl":"https:\/\/www.apres-lecole.fr\/Blog\/wp-content\/uploads\/2025\/09\/Lecole-ort-Strasbourg-un-environnement-propice-a-lapprentissage-en-2025.jpg","datePublished":"2025-09-01T06:33:05+00:00","author":{"@id":""},"description":"D\u00e9couvrez l'\u00e9cole ORT Strasbourg : un cadre moderne favorisant la r\u00e9ussite et l'\u00e9panouissement des \u00e9l\u00e8ves en 2025. Inscrivez-vous !","breadcrumb":{"@id":"https:\/\/www.apres-lecole.fr\/Blog\/ecole-ort-strasbourg-apprentissage\/#breadcrumb"},"inLanguage":"fr-FR","potentialAction":[{"@type":"ReadAction","target":["https:\/\/www.apres-lecole.fr\/Blog\/ecole-ort-strasbourg-apprentissage\/"]}]},{"@type":"ImageObject","inLanguage":"fr-FR","@id":"https:\/\/www.apres-lecole.fr\/Blog\/ecole-ort-strasbourg-apprentissage\/#primaryimage","url":"https:\/\/www.apres-lecole.fr\/Blog\/wp-content\/uploads\/2025\/09\/Lecole-ort-Strasbourg-un-environnement-propice-a-lapprentissage-en-2025.jpg","contentUrl":"https:\/\/www.apres-lecole.fr\/Blog\/wp-content\/uploads\/2025\/09\/Lecole-ort-Strasbourg-un-environnement-propice-a-lapprentissage-en-2025.jpg","width":1344,"height":768,"caption":"d\u00e9couvrez comment l'\u00e9cole ort strasbourg offre en 2025 un cadre innovant et stimulant pour favoriser la r\u00e9ussite et l'\u00e9panouissement de chaque \u00e9l\u00e8ve dans un environnement propice \u00e0 l'apprentissage."},{"@type":"BreadcrumbList","@id":"https:\/\/www.apres-lecole.fr\/Blog\/ecole-ort-strasbourg-apprentissage\/#breadcrumb","itemListElement":[{"@type":"ListItem","position":1,"name":"Home","item":"https:\/\/www.apres-lecole.fr\/Blog\/"},{"@type":"ListItem","position":2,"name":"L&rsquo;\u00e9cole ort Strasbourg : un environnement propice \u00e0 l&rsquo;apprentissage en 2025"}]},{"@type":"WebSite","@id":"https:\/\/www.apres-lecole.fr\/Blog\/#website","url":"https:\/\/www.apres-lecole.fr\/Blog\/","name":"","description":"M\u00e9dia g\u00e9n\u00e9raliste","potentialAction":[{"@type":"SearchAction","target":{"@type":"EntryPoint","urlTemplate":"https:\/\/www.apres-lecole.fr\/Blog\/?s={search_term_string}"},"query-input":{"@type":"PropertyValueSpecification","valueRequired":true,"valueName":"search_term_string"}}],"inLanguage":"fr-FR"},{"@type":"Person","@id":"","url":"https:\/\/www.apres-lecole.fr\/Blog\/author\/"}]}},"views":1,"_links":{"self":[{"href":"https:\/\/www.apres-lecole.fr\/Blog\/wp-json\/wp\/v2\/posts\/2271","targetHints":{"allow":["GET"]}}],"collection":[{"href":"https:\/\/www.apres-lecole.fr\/Blog\/wp-json\/wp\/v2\/posts"}],"about":[{"href":"https:\/\/www.apres-lecole.fr\/Blog\/wp-json\/wp\/v2\/types\/post"}],"author":[{"embeddable":true,"href":"https:\/\/www.apres-lecole.fr\/Blog\/wp-json\/wp\/v2\/users\/7"}],"replies":[{"embeddable":true,"href":"https:\/\/www.apres-lecole.fr\/Blog\/wp-json\/wp\/v2\/comments?post=2271"}],"version-history":[{"count":0,"href":"https:\/\/www.apres-lecole.fr\/Blog\/wp-json\/wp\/v2\/posts\/2271\/revisions"}],"wp:featuredmedia":[{"embeddable":true,"href":"https:\/\/www.apres-lecole.fr\/Blog\/wp-json\/wp\/v2\/media\/2270"}],"wp:attachment":[{"href":"https:\/\/www.apres-lecole.fr\/Blog\/wp-json\/wp\/v2\/media?parent=2271"}],"wp:term":[{"taxonomy":"category","embeddable":true,"href":"https:\/\/www.apres-lecole.fr\/Blog\/wp-json\/wp\/v2\/categories?post=2271"},{"taxonomy":"post_tag","embeddable":true,"href":"https:\/\/www.apres-lecole.fr\/Blog\/wp-json\/wp\/v2\/tags?post=2271"}],"curies":[{"name":"wp","href":"https:\/\/api.w.org\/{rel}","templated":true}]}}