{"id":2263,"date":"2025-08-30T06:32:18","date_gmt":"2025-08-30T06:32:18","guid":{"rendered":"https:\/\/www.apres-lecole.fr\/Blog\/ecole-ulysse-education-2025\/"},"modified":"2025-08-30T06:32:18","modified_gmt":"2025-08-30T06:32:18","slug":"ecole-ulysse-education-2025","status":"publish","type":"post","link":"https:\/\/www.apres-lecole.fr\/Blog\/ecole-ulysse-education-2025\/","title":{"rendered":"\u00c9cole Ulysse : Un mod\u00e8le innovant pour l&rsquo;\u00e9ducation en 2025"},"content":{"rendered":"\n\n<div class=\"kk-star-ratings kksr-auto kksr-align-left kksr-valign-top\"\n    data-payload='{&quot;align&quot;:&quot;left&quot;,&quot;id&quot;:&quot;2263&quot;,&quot;slug&quot;:&quot;default&quot;,&quot;valign&quot;:&quot;top&quot;,&quot;ignore&quot;:&quot;&quot;,&quot;reference&quot;:&quot;auto&quot;,&quot;class&quot;:&quot;&quot;,&quot;count&quot;:&quot;0&quot;,&quot;legendonly&quot;:&quot;&quot;,&quot;readonly&quot;:&quot;&quot;,&quot;score&quot;:&quot;0&quot;,&quot;starsonly&quot;:&quot;&quot;,&quot;best&quot;:&quot;5&quot;,&quot;gap&quot;:&quot;5&quot;,&quot;greet&quot;:&quot;Rate this post&quot;,&quot;legend&quot;:&quot;0\\\/5 - (0 vote)&quot;,&quot;size&quot;:&quot;24&quot;,&quot;title&quot;:&quot;\u00c9cole Ulysse : Un mod\u00e8le innovant pour l\\u0026#039;\u00e9ducation en 2025&quot;,&quot;width&quot;:&quot;0&quot;,&quot;_legend&quot;:&quot;{score}\\\/{best} - ({count} {votes})&quot;,&quot;font_factor&quot;:&quot;1.25&quot;}'>\n            \n<div class=\"kksr-stars\">\n    \n<div class=\"kksr-stars-inactive\">\n            <div class=\"kksr-star\" data-star=\"1\" style=\"padding-right: 5px\">\n            \n\n<div class=\"kksr-icon\" style=\"width: 24px; height: 24px;\"><\/div>\n        <\/div>\n            <div class=\"kksr-star\" data-star=\"2\" style=\"padding-right: 5px\">\n            \n\n<div class=\"kksr-icon\" style=\"width: 24px; height: 24px;\"><\/div>\n        <\/div>\n            <div class=\"kksr-star\" data-star=\"3\" style=\"padding-right: 5px\">\n            \n\n<div class=\"kksr-icon\" style=\"width: 24px; height: 24px;\"><\/div>\n        <\/div>\n            <div class=\"kksr-star\" data-star=\"4\" style=\"padding-right: 5px\">\n            \n\n<div class=\"kksr-icon\" style=\"width: 24px; height: 24px;\"><\/div>\n        <\/div>\n            <div class=\"kksr-star\" data-star=\"5\" style=\"padding-right: 5px\">\n            \n\n<div class=\"kksr-icon\" style=\"width: 24px; height: 24px;\"><\/div>\n        <\/div>\n    <\/div>\n    \n<div class=\"kksr-stars-active\" style=\"width: 0px;\">\n            <div class=\"kksr-star\" style=\"padding-right: 5px\">\n            \n\n<div class=\"kksr-icon\" style=\"width: 24px; height: 24px;\"><\/div>\n        <\/div>\n            <div class=\"kksr-star\" style=\"padding-right: 5px\">\n            \n\n<div class=\"kksr-icon\" style=\"width: 24px; height: 24px;\"><\/div>\n        <\/div>\n            <div class=\"kksr-star\" style=\"padding-right: 5px\">\n            \n\n<div class=\"kksr-icon\" style=\"width: 24px; height: 24px;\"><\/div>\n        <\/div>\n            <div class=\"kksr-star\" style=\"padding-right: 5px\">\n            \n\n<div class=\"kksr-icon\" style=\"width: 24px; height: 24px;\"><\/div>\n        <\/div>\n            <div class=\"kksr-star\" style=\"padding-right: 5px\">\n            \n\n<div class=\"kksr-icon\" style=\"width: 24px; height: 24px;\"><\/div>\n        <\/div>\n    <\/div>\n<\/div>\n                \n\n<div class=\"kksr-legend\" style=\"font-size: 19.2px;\">\n            <span class=\"kksr-muted\">Rate this post<\/span>\n    <\/div>\n    <\/div>\n<p>Dans un monde en constante \u00e9volution, l&rsquo;\u00e9ducation doit s&rsquo;adapter aux nouvelles r\u00e9alit\u00e9s et aux d\u00e9fis de demain. L&rsquo;\u00c9cole Ulysse s&rsquo;impose comme un v\u00e9ritable pionnier en mati\u00e8re d&rsquo;innovation \u00e9ducative en 2025, alliant p\u00e9dagogie active et technologies num\u00e9riques. Ce mod\u00e8le d&rsquo;\u00e9cole futuriste vise non seulement \u00e0 pr\u00e9parer les \u00e9l\u00e8ves \u00e0 des carri\u00e8res de pointe, mais aussi \u00e0 les former en tant qu&rsquo;individus pleinement \u00e9panouis et engag\u00e9s dans la soci\u00e9t\u00e9. En s&rsquo;appuyant sur les concepts de Savoirs Connect\u00e9s et de G\u00e9n\u00e9ration Apprenante, cette acad\u00e9mie r\u00e9volutionne l&rsquo;approche des m\u00e9tiers d&rsquo;avenir et transforme l&rsquo;exp\u00e9rience d&rsquo;apprentissage traditionnelle. D\u00e9couvrons ensemble comment l&rsquo;\u00c9cole Ulysse s&rsquo;affirme comme un acteur central de l&rsquo;\u00e9ducation visionnaire, et examinez les diff\u00e9rentes facettes de ce campus innovant qui met l&rsquo;accent sur l&rsquo;humain.<\/p>\n\n<h2 class=\"wp-block-heading\">Les piliers de l&rsquo;\u00c9cole Ulysse : P\u00e9dagogie active et technologies num\u00e9riques<\/h2>\n\n<p>L&rsquo;\u00c9cole Ulysse se distingue par son engagement profond envers une p\u00e9dagogie active qui place l&rsquo;\u00e9l\u00e8ve au c\u0153ur de l&rsquo;apprentissage. \u00c0 travers des m\u00e9thodes d&rsquo;enseignement novatrices, cette institution offre un cadre o\u00f9 chaque \u00e9l\u00e8ve peut s&rsquo;\u00e9panouir \u00e0 son rythme. Voici quelques caract\u00e9ristiques cl\u00e9s de ce mod\u00e8le \u00e9ducatif :<\/p>\n\n<ul class=\"wp-block-list\"><li><strong>Activit\u00e9s pratiques et projets collaboratifs<\/strong> : Les \u00e9l\u00e8ves sont encourag\u00e9s \u00e0 travailler sur des projets concrets en groupe, favorisant ainsi l&rsquo;entraide et le partage des savoirs.<\/li><li><strong>Int\u00e9gration des outils num\u00e9riques<\/strong> : L&rsquo;\u00c9cole Ulysse utilise des plateformes interactives pour permettre aux \u00e9tudiants d&rsquo;acc\u00e9der \u00e0 un contenu diversifi\u00e9 et adapt\u00e9 \u00e0 leurs besoins.<\/li><li><strong>Suivi personnalis\u00e9<\/strong> : Chaque \u00e9l\u00e8ve b\u00e9n\u00e9ficie d&rsquo;un accompagnement sur mesure, avec des conseils r\u00e9guliers d&rsquo;enseigneants pour optimiser leur progression.<\/li><\/ul>\n\n<p>Par exemple, dans le cadre de leur formation, les \u00e9l\u00e8ves peuvent participer \u00e0 des hackathons o\u00f9 ils doivent trouver des solutions innovantes \u00e0 des probl\u00e8mes r\u00e9els rencontr\u00e9s par des entreprises. Cette approche engageante stimule la cr\u00e9ativit\u00e9 des \u00e9l\u00e8ves tout en les pr\u00e9parant \u00e0 int\u00e9grer le march\u00e9 du travail.<\/p>\n\n<h3 class=\"wp-block-heading\">Des programmes riches et vari\u00e9s<\/h3>\n\n<p>Pour offrir une \u00e9ducation compl\u00e8te, l&rsquo;\u00c9cole Ulysse propose une palette de formations allant des sciences humaines aux mati\u00e8res techniques. L&rsquo;objectif est d&rsquo;accompagner chaque \u00e9l\u00e8ve vers la voie qui lui correspond le mieux. Les principales formations propos\u00e9es incluent :<\/p>\n\n<figure class=\"wp-block-table\"><table>\n<thead>\n<tr>\n<th>Formation<\/th>\n<th>D\u00e9bouch\u00e9s<\/th>\n<\/tr>\n<\/thead>\n<tbody>\n<tr>\n<td>BTS M\u00e9tiers de l\u2019Informatique<\/td>\n<td>D\u00e9veloppeur, responsable de syst\u00e8mes d&rsquo;information<\/td>\n<\/tr>\n<tr>\n<td>BTS Biotechnologies<\/td>\n<td>Technicien de laboratoire, responsable qualit\u00e9<\/td>\n<\/tr>\n<tr>\n<td>Licence Professionnelle en \u00c9ducation<\/td>\n<td>\u00c9ducateur sp\u00e9cialis\u00e9, directeur de structure \u00e9ducative<\/td>\n<\/tr>\n<\/tbody>\n<\/table><\/figure>\n\n<p>Chaque programme est con\u00e7u pour r\u00e9pondre aux besoins du march\u00e9 du travail, et les formateurs s&rsquo;assurent que les contenus soient \u00e0 jour par rapport aux \u00e9volutions de l&rsquo;industrie. Gr\u00e2ce \u00e0 une approche p\u00e9dagogique ouverte et interactive, les \u00e9tudiants d\u00e9veloppent des comp\u00e9tences qui les rendent tr\u00e8s concurrentiels. En effet, 80% des dipl\u00f4m\u00e9s trouvent un emploi dans les six mois suivant leur sortie de l&rsquo;\u00e9cole, signe d&rsquo;une r\u00e9ussite ind\u00e9niable !<\/p>\n\n<h2 class=\"wp-block-heading\">Une communaut\u00e9 dynamique et inclusive<\/h2>\n\n<p>Au-del\u00e0 des cours, l&rsquo;\u00c9cole Ulysse se distingue par sa vie communautaire riche et vari\u00e9e. Les \u00e9l\u00e8ves sont invit\u00e9s \u00e0 s&rsquo;impliquer dans la vie de l&rsquo;\u00e9tablissement, ce qui contribue \u00e0 cr\u00e9er un environnement d&rsquo;apprentissage positif et inclusif. Voici quelques-unes des activit\u00e9s qui rythment le quotidien des \u00e9tudiants :<\/p>\n\n<ul class=\"wp-block-list\"><li>\ud83c\udf89 Soir\u00e9es et \u00e9v\u00e9nements culturels : Des r\u00e9unions festives, des spectacles et des ateliers artistiques sont r\u00e9guli\u00e8rement organis\u00e9s.<\/li><li>\ud83e\udd1d Projets de b\u00e9n\u00e9volat : Les \u00e9l\u00e8ves sont encourag\u00e9s \u00e0 mettre en place des initiatives solidaires qui leur permettent de s&rsquo;engager dans la communaut\u00e9.<\/li><li>\ud83c\udf0d Voyages p\u00e9dagogiques : Des excursions scolaires en France et \u00e0 l&rsquo;\u00e9tranger sont propos\u00e9es afin d&rsquo;\u00e9largir les horizons des \u00e9l\u00e8ves.<\/li><\/ul>\n\n<p>Ces activit\u00e9s ne sont pas que divertissantes ; elles permettent \u00e9galement aux \u00e9tudiants d&rsquo;acqu\u00e9rir des comp\u00e9tences interpersonnelles essentielles qui seront pr\u00e9cieuses dans leur vie professionnelle. En participant \u00e0 des projets de b\u00e9n\u00e9volat, par exemple, ils apprennent des valeurs telles que l&#8217;empathie et la responsabilit\u00e9.<\/p>\n\n<h3 class=\"wp-block-heading\">Partenariats enrichissants avec le monde professionnel<\/h3>\n\n<p>L&rsquo;\u00c9cole Ulysse a \u00e9tabli des partenariats strat\u00e9giques avec de nombreuses entreprises innovantes, permettant aux \u00e9l\u00e8ves de b\u00e9n\u00e9ficier de stages de qualit\u00e9. Ces collaborations avec le secteur priv\u00e9 ouvrent de nombreuses portes. Les \u00e9tudiants peuvent ainsi acqu\u00e9rir une exp\u00e9rience pr\u00e9cieuse tout en \u00e9largissant leur r\u00e9seau professionnel. Voici quelques entreprises partenaires :<\/p>\n\n<ul class=\"wp-block-list\"><li>\ud83d\udd17 <strong>Startups locales<\/strong> : Proposent des projets collaboratifs li\u00e9s \u00e0 des d\u00e9fis contemporains.<\/li><li>\ud83d\udd17 <strong>Laboratoires et centres de recherche<\/strong> : Offrent la possibilit\u00e9 de r\u00e9aliser des stages pratiques.<\/li><li>\ud83d\udd17 <strong>Multinationales<\/strong> : Organisent r\u00e9guli\u00e8rement des journ\u00e9es de recrutement au sein de l&rsquo;\u00e9cole.<\/li><\/ul>\n\n<p>Ces partenariats contribuent \u00e0 maintenir l&rsquo;\u00c9cole Ulysse \u00e0 la pointe de l&rsquo;innovation en mati\u00e8re d&rsquo;\u00e9ducation. Les \u00e9tudiants b\u00e9n\u00e9ficient d&rsquo;un accompagnement dans la recherche de stages, de conseils sur la r\u00e9daction de CV, et m\u00eame d&rsquo;ateliers de pr\u00e9paration aux entretiens d&#8217;embauche.<\/p>\n\n<h2 class=\"wp-block-heading\">L&rsquo;\u00e9cole comme acteur de l&rsquo;\u00e9cologie et du d\u00e9veloppement durable<\/h2>\n\n<p>L&rsquo;\u00c9cole Ulysse n&rsquo;est pas seulement un endroit pour apprendre ; c&rsquo;est aussi un espace o\u00f9 les valeurs \u00e9cologiques prennent une place centrale. En 2025, la prise de conscience environnementale est cruciale, et l&rsquo;\u00e9tablissement met en \u0153uvre des initiatives pour inculquer ces valeurs aupr\u00e8s de ses \u00e9l\u00e8ves. Parmi les projets en cours, on retrouve :<\/p>\n\n<ul class=\"wp-block-list\"><li>\u267b\ufe0f <strong>Jardin p\u00e9dagogique<\/strong> : Sensibilisation \u00e0 l&rsquo;agriculture durable et \u00e0 la biodiversit\u00e9.<\/li><li>\ud83d\udfe2 <strong>Programme de recyclage<\/strong> : Sensibilisation \u00e0 la gestion des d\u00e9chets et r\u00e9duction de l&#8217;empreinte \u00e9cologique de l&rsquo;\u00e9cole.<\/li><li>\ud83c\udf31 <strong>Semaine du d\u00e9veloppement durable<\/strong> : Organisation d&rsquo;ateliers et de conf\u00e9rences sur des th\u00e8mes environnementaux.<\/li><\/ul>\n\n<p>Ces initiatives font partie int\u00e9grante de l&rsquo;apprentissage \u00e0 l\u2019\u00e9cole. Elles encouragent les \u00e9l\u00e8ves \u00e0 r\u00e9fl\u00e9chir sur leur impact et \u00e0 proposer des solutions innovantes pour un futur durable.<\/p>\n\n<h3 class=\"wp-block-heading\">Des approches p\u00e9dagogiques innovantes pour le futur<\/h3>\n\n<p>Les m\u00e9thodes d&rsquo;enseignement \u00e0 l&rsquo;\u00c9cole Ulysse sont orient\u00e9es vers l&rsquo;avenir. En int\u00e9grant l&rsquo;utilisation de technologies avanc\u00e9es telles que la r\u00e9alit\u00e9 virtuelle et l&rsquo;apprentissage int\u00e9gr\u00e9 en ligne, le campus innovant transforme les m\u00e9thodes d&rsquo;apprentissage traditionnelles. Les \u00e9l\u00e8ves peuvent s&rsquo;immerger dans des situations r\u00e9elles via des simulations, augmentant ainsi leur engagement. De plus, les formations sont enrichies par :<\/p>\n\n<figure class=\"wp-block-table\"><table>\n<thead>\n<tr>\n<th>Technologie<\/th>\n<th>Utilisation<\/th>\n<\/tr>\n<\/thead>\n<tbody>\n<tr>\n<td>R\u00e9alit\u00e9 Augment\u00e9e<\/td>\n<td>Pour des exp\u00e9riences immersives en sciences et en histoire<\/td>\n<\/tr>\n<tr>\n<td>Apprentissage en ligne<\/td>\n<td>Pour diversifier les m\u00e9thodes d&rsquo;apprentissage et s\u2019adapter \u00e0 chaque \u00e9l\u00e8ve<\/td>\n<\/tr>\n<tr>\n<td>Intelligence Artificielle<\/td>\n<td>Pour un suivi personnalis\u00e9 des progr\u00e8s des \u00e9l\u00e8ves<\/td>\n<\/tr>\n<\/tbody>\n<\/table><\/figure>\n\n<p>Ces approches diversifient les m\u00e9thodes d&rsquo;enseignement, rendant l&rsquo;apprentissage plus interactif et engageant. En int\u00e9grant ces outils, l&rsquo;\u00c9cole Ulysse montre comment l&rsquo;<strong>\u00c9ducation Visionnaire<\/strong> peut prendre forme dans un contexte contemporain.<\/p>\n\n<h2 class=\"wp-block-heading\">Questions fr\u00e9quentes<\/h2>\n\n<p>Voici quelques questions souvent pos\u00e9es sur l&rsquo;\u00c9cole Ulysse et son mod\u00e8le innovant.<\/p>\n\n<p><strong>Quel est le processus d&rsquo;admission \u00e0 l&rsquo;\u00c9cole Ulysse ?<\/strong><br>\nLes candidats doivent soumettre un dossier, passer un entretien et r\u00e9ussir des tests de positionnement.<\/p>\n\n<p><strong>Quels types de formations sont propos\u00e9es ?<\/strong><br>\nL&rsquo;\u00e9cole offre des BTS dans divers domaines, tels que l&rsquo;informatique et les biotechnologies, ainsi que des licences professionnelles.<\/p>\n\n<p><strong>Les \u00e9tudiants peuvent-ils participer \u00e0 des activit\u00e9s extrascolaires ?<\/strong><br>\nOui, l&rsquo;\u00e9cole propose de nombreuses activit\u00e9s, telles que des soir\u00e9es festives, des projets de b\u00e9n\u00e9volat et des voyages p\u00e9dagogiques.<\/p>\n\n<p><strong>Quelle est l&rsquo;approche de l&rsquo;\u00e9cole en mati\u00e8re de d\u00e9veloppement durable ?<\/strong><br>\nL&rsquo;\u00c9cole Ulysse int\u00e8gre des initiatives \u00e9cologiques dans son programme, telles que des projets de jardinage et des ateliers sur le d\u00e9veloppement durable.<\/p>\n\n<p><strong>Comment l&rsquo;\u00e9cole pr\u00e9pare-t-elle les \u00e9l\u00e8ves au monde professionnel ?<\/strong><br>\nGr\u00e2ce \u00e0 des partenariats avec des entreprises et un accompagnement dans la recherche de stages, les \u00e9l\u00e8ves sont bien pr\u00e9par\u00e9s pour le march\u00e9 du travail.<\/p>\n\n","protected":false},"excerpt":{"rendered":"<p>Dans un monde en constante \u00e9volution, l&rsquo;\u00e9ducation doit s&rsquo;adapter aux nouvelles r\u00e9alit\u00e9s et aux d\u00e9fis de demain. L&rsquo;\u00c9cole Ulysse s&rsquo;impose comme un v\u00e9ritable pionnier en mati\u00e8re d&rsquo;innovation \u00e9ducative en 2025, alliant p\u00e9dagogie active et technologies num\u00e9riques. Ce mod\u00e8le d&rsquo;\u00e9cole futuriste vise non seulement \u00e0 pr\u00e9parer les \u00e9l\u00e8ves \u00e0 des carri\u00e8res de pointe, mais aussi \u00e0 &#8230; <a title=\"\u00c9cole Ulysse : Un mod\u00e8le innovant pour l&rsquo;\u00e9ducation en 2025\" class=\"read-more\" href=\"https:\/\/www.apres-lecole.fr\/Blog\/ecole-ulysse-education-2025\/\" aria-label=\"En savoir plus sur \u00c9cole Ulysse : Un mod\u00e8le innovant pour l&rsquo;\u00e9ducation en 2025\">Lire plus<\/a><\/p>\n","protected":false},"author":7,"featured_media":2262,"comment_status":"open","ping_status":"open","sticky":false,"template":"","format":"standard","meta":{"footnotes":""},"categories":[342],"tags":[1468,412,557,1469],"class_list":["post-2263","post","type-post","status-publish","format-standard","has-post-thumbnail","hentry","category-actualites","tag-ecole-ulysse","tag-education","tag-innovation-educative","tag-modele-innovant"],"yoast_head":"<!-- This site is optimized with the Yoast SEO plugin v27.5 - https:\/\/yoast.com\/product\/yoast-seo-wordpress\/ -->\n<title>\u00c9cole Ulysse : L\u2019\u00e9ducation de demain, d\u00e8s aujourd\u2019hui<\/title>\n<meta name=\"description\" content=\"D\u00e9couvrez l&#039;\u00c9cole Ulysse, un mod\u00e8le \u00e9ducatif innovant en 2025, alliant p\u00e9dagogies modernes et technologies pour transformer l&#039;apprentissage.\" \/>\n<meta name=\"robots\" content=\"index, follow, max-snippet:-1, max-image-preview:large, max-video-preview:-1\" \/>\n<link rel=\"canonical\" href=\"https:\/\/www.apres-lecole.fr\/Blog\/ecole-ulysse-education-2025\/\" \/>\n<meta property=\"og:locale\" content=\"fr_FR\" \/>\n<meta property=\"og:type\" content=\"article\" \/>\n<meta property=\"og:title\" content=\"\u00c9cole Ulysse : L\u2019\u00e9ducation de demain, d\u00e8s aujourd\u2019hui\" \/>\n<meta property=\"og:description\" content=\"D\u00e9couvrez l&#039;\u00c9cole Ulysse, un mod\u00e8le \u00e9ducatif innovant en 2025, alliant p\u00e9dagogies modernes et technologies pour transformer l&#039;apprentissage.\" \/>\n<meta property=\"og:url\" content=\"https:\/\/www.apres-lecole.fr\/Blog\/ecole-ulysse-education-2025\/\" \/>\n<meta property=\"article:published_time\" content=\"2025-08-30T06:32:18+00:00\" \/>\n<meta property=\"og:image\" content=\"https:\/\/www.apres-lecole.fr\/Blog\/wp-content\/uploads\/2025\/08\/Ecole-Ulysse-Un-modele-innovant-pour-leducation-en-2025.jpg\" \/>\n\t<meta property=\"og:image:width\" content=\"1344\" \/>\n\t<meta property=\"og:image:height\" content=\"768\" \/>\n\t<meta property=\"og:image:type\" content=\"image\/jpeg\" \/>\n<meta name=\"twitter:card\" content=\"summary_large_image\" \/>\n<meta name=\"twitter:label1\" content=\"\u00c9crit par\" \/>\n\t<meta name=\"twitter:data1\" content=\"\" \/>\n\t<meta name=\"twitter:label2\" content=\"Dur\u00e9e de lecture estim\u00e9e\" \/>\n\t<meta name=\"twitter:data2\" content=\"6 minutes\" \/>\n<script type=\"application\/ld+json\" class=\"yoast-schema-graph\">{\"@context\":\"https:\\\/\\\/schema.org\",\"@graph\":[{\"@type\":\"Article\",\"@id\":\"https:\\\/\\\/www.apres-lecole.fr\\\/Blog\\\/ecole-ulysse-education-2025\\\/#article\",\"isPartOf\":{\"@id\":\"https:\\\/\\\/www.apres-lecole.fr\\\/Blog\\\/ecole-ulysse-education-2025\\\/\"},\"author\":{\"name\":\"\",\"@id\":\"\"},\"headline\":\"\u00c9cole Ulysse : Un mod\u00e8le innovant pour l&rsquo;\u00e9ducation en 2025\",\"datePublished\":\"2025-08-30T06:32:18+00:00\",\"mainEntityOfPage\":{\"@id\":\"https:\\\/\\\/www.apres-lecole.fr\\\/Blog\\\/ecole-ulysse-education-2025\\\/\"},\"wordCount\":1348,\"commentCount\":0,\"image\":{\"@id\":\"https:\\\/\\\/www.apres-lecole.fr\\\/Blog\\\/ecole-ulysse-education-2025\\\/#primaryimage\"},\"thumbnailUrl\":\"https:\\\/\\\/www.apres-lecole.fr\\\/Blog\\\/wp-content\\\/uploads\\\/2025\\\/08\\\/Ecole-Ulysse-Un-modele-innovant-pour-leducation-en-2025.jpg\",\"keywords\":[\"\u00e9cole ulysse\",\"\u00e9ducation\",\"innovation \u00e9ducative\",\"mod\u00e8le innovant\"],\"articleSection\":[\"Actualit\u00e9s\"],\"inLanguage\":\"fr-FR\",\"potentialAction\":[{\"@type\":\"CommentAction\",\"name\":\"Comment\",\"target\":[\"https:\\\/\\\/www.apres-lecole.fr\\\/Blog\\\/ecole-ulysse-education-2025\\\/#respond\"]}]},{\"@type\":\"WebPage\",\"@id\":\"https:\\\/\\\/www.apres-lecole.fr\\\/Blog\\\/ecole-ulysse-education-2025\\\/\",\"url\":\"https:\\\/\\\/www.apres-lecole.fr\\\/Blog\\\/ecole-ulysse-education-2025\\\/\",\"name\":\"\u00c9cole Ulysse : L\u2019\u00e9ducation de demain, d\u00e8s aujourd\u2019hui\",\"isPartOf\":{\"@id\":\"https:\\\/\\\/www.apres-lecole.fr\\\/Blog\\\/#website\"},\"primaryImageOfPage\":{\"@id\":\"https:\\\/\\\/www.apres-lecole.fr\\\/Blog\\\/ecole-ulysse-education-2025\\\/#primaryimage\"},\"image\":{\"@id\":\"https:\\\/\\\/www.apres-lecole.fr\\\/Blog\\\/ecole-ulysse-education-2025\\\/#primaryimage\"},\"thumbnailUrl\":\"https:\\\/\\\/www.apres-lecole.fr\\\/Blog\\\/wp-content\\\/uploads\\\/2025\\\/08\\\/Ecole-Ulysse-Un-modele-innovant-pour-leducation-en-2025.jpg\",\"datePublished\":\"2025-08-30T06:32:18+00:00\",\"author\":{\"@id\":\"\"},\"description\":\"D\u00e9couvrez l'\u00c9cole Ulysse, un mod\u00e8le \u00e9ducatif innovant en 2025, alliant p\u00e9dagogies modernes et technologies pour transformer l'apprentissage.\",\"breadcrumb\":{\"@id\":\"https:\\\/\\\/www.apres-lecole.fr\\\/Blog\\\/ecole-ulysse-education-2025\\\/#breadcrumb\"},\"inLanguage\":\"fr-FR\",\"potentialAction\":[{\"@type\":\"ReadAction\",\"target\":[\"https:\\\/\\\/www.apres-lecole.fr\\\/Blog\\\/ecole-ulysse-education-2025\\\/\"]}]},{\"@type\":\"ImageObject\",\"inLanguage\":\"fr-FR\",\"@id\":\"https:\\\/\\\/www.apres-lecole.fr\\\/Blog\\\/ecole-ulysse-education-2025\\\/#primaryimage\",\"url\":\"https:\\\/\\\/www.apres-lecole.fr\\\/Blog\\\/wp-content\\\/uploads\\\/2025\\\/08\\\/Ecole-Ulysse-Un-modele-innovant-pour-leducation-en-2025.jpg\",\"contentUrl\":\"https:\\\/\\\/www.apres-lecole.fr\\\/Blog\\\/wp-content\\\/uploads\\\/2025\\\/08\\\/Ecole-Ulysse-Un-modele-innovant-pour-leducation-en-2025.jpg\",\"width\":1344,\"height\":768,\"caption\":\"d\u00e9couvrez comment l'\u00e9cole ulysse r\u00e9volutionne l'\u00e9ducation en 2025 avec une approche p\u00e9dagogique innovante, des outils num\u00e9riques avanc\u00e9s et un accompagnement personnalis\u00e9 pour chaque \u00e9l\u00e8ve.\"},{\"@type\":\"BreadcrumbList\",\"@id\":\"https:\\\/\\\/www.apres-lecole.fr\\\/Blog\\\/ecole-ulysse-education-2025\\\/#breadcrumb\",\"itemListElement\":[{\"@type\":\"ListItem\",\"position\":1,\"name\":\"Home\",\"item\":\"https:\\\/\\\/www.apres-lecole.fr\\\/Blog\\\/\"},{\"@type\":\"ListItem\",\"position\":2,\"name\":\"\u00c9cole Ulysse : Un mod\u00e8le innovant pour l&rsquo;\u00e9ducation en 2025\"}]},{\"@type\":\"WebSite\",\"@id\":\"https:\\\/\\\/www.apres-lecole.fr\\\/Blog\\\/#website\",\"url\":\"https:\\\/\\\/www.apres-lecole.fr\\\/Blog\\\/\",\"name\":\"\",\"description\":\"M\u00e9dia g\u00e9n\u00e9raliste\",\"potentialAction\":[{\"@type\":\"SearchAction\",\"target\":{\"@type\":\"EntryPoint\",\"urlTemplate\":\"https:\\\/\\\/www.apres-lecole.fr\\\/Blog\\\/?s={search_term_string}\"},\"query-input\":{\"@type\":\"PropertyValueSpecification\",\"valueRequired\":true,\"valueName\":\"search_term_string\"}}],\"inLanguage\":\"fr-FR\"},{\"@type\":\"Person\",\"@id\":\"\",\"url\":\"https:\\\/\\\/www.apres-lecole.fr\\\/Blog\\\/author\\\/\"}]}<\/script>\n<!-- \/ Yoast SEO plugin. -->","yoast_head_json":{"title":"\u00c9cole Ulysse : L\u2019\u00e9ducation de demain, d\u00e8s aujourd\u2019hui","description":"D\u00e9couvrez l'\u00c9cole Ulysse, un mod\u00e8le \u00e9ducatif innovant en 2025, alliant p\u00e9dagogies modernes et technologies pour transformer l'apprentissage.","robots":{"index":"index","follow":"follow","max-snippet":"max-snippet:-1","max-image-preview":"max-image-preview:large","max-video-preview":"max-video-preview:-1"},"canonical":"https:\/\/www.apres-lecole.fr\/Blog\/ecole-ulysse-education-2025\/","og_locale":"fr_FR","og_type":"article","og_title":"\u00c9cole Ulysse : L\u2019\u00e9ducation de demain, d\u00e8s aujourd\u2019hui","og_description":"D\u00e9couvrez l'\u00c9cole Ulysse, un mod\u00e8le \u00e9ducatif innovant en 2025, alliant p\u00e9dagogies modernes et technologies pour transformer l'apprentissage.","og_url":"https:\/\/www.apres-lecole.fr\/Blog\/ecole-ulysse-education-2025\/","article_published_time":"2025-08-30T06:32:18+00:00","og_image":[{"width":1344,"height":768,"url":"https:\/\/www.apres-lecole.fr\/Blog\/wp-content\/uploads\/2025\/08\/Ecole-Ulysse-Un-modele-innovant-pour-leducation-en-2025.jpg","type":"image\/jpeg"}],"twitter_card":"summary_large_image","twitter_misc":{"\u00c9crit par":"","Dur\u00e9e de lecture estim\u00e9e":"6 minutes"},"schema":{"@context":"https:\/\/schema.org","@graph":[{"@type":"Article","@id":"https:\/\/www.apres-lecole.fr\/Blog\/ecole-ulysse-education-2025\/#article","isPartOf":{"@id":"https:\/\/www.apres-lecole.fr\/Blog\/ecole-ulysse-education-2025\/"},"author":{"name":"","@id":""},"headline":"\u00c9cole Ulysse : Un mod\u00e8le innovant pour l&rsquo;\u00e9ducation en 2025","datePublished":"2025-08-30T06:32:18+00:00","mainEntityOfPage":{"@id":"https:\/\/www.apres-lecole.fr\/Blog\/ecole-ulysse-education-2025\/"},"wordCount":1348,"commentCount":0,"image":{"@id":"https:\/\/www.apres-lecole.fr\/Blog\/ecole-ulysse-education-2025\/#primaryimage"},"thumbnailUrl":"https:\/\/www.apres-lecole.fr\/Blog\/wp-content\/uploads\/2025\/08\/Ecole-Ulysse-Un-modele-innovant-pour-leducation-en-2025.jpg","keywords":["\u00e9cole ulysse","\u00e9ducation","innovation \u00e9ducative","mod\u00e8le innovant"],"articleSection":["Actualit\u00e9s"],"inLanguage":"fr-FR","potentialAction":[{"@type":"CommentAction","name":"Comment","target":["https:\/\/www.apres-lecole.fr\/Blog\/ecole-ulysse-education-2025\/#respond"]}]},{"@type":"WebPage","@id":"https:\/\/www.apres-lecole.fr\/Blog\/ecole-ulysse-education-2025\/","url":"https:\/\/www.apres-lecole.fr\/Blog\/ecole-ulysse-education-2025\/","name":"\u00c9cole Ulysse : L\u2019\u00e9ducation de demain, d\u00e8s aujourd\u2019hui","isPartOf":{"@id":"https:\/\/www.apres-lecole.fr\/Blog\/#website"},"primaryImageOfPage":{"@id":"https:\/\/www.apres-lecole.fr\/Blog\/ecole-ulysse-education-2025\/#primaryimage"},"image":{"@id":"https:\/\/www.apres-lecole.fr\/Blog\/ecole-ulysse-education-2025\/#primaryimage"},"thumbnailUrl":"https:\/\/www.apres-lecole.fr\/Blog\/wp-content\/uploads\/2025\/08\/Ecole-Ulysse-Un-modele-innovant-pour-leducation-en-2025.jpg","datePublished":"2025-08-30T06:32:18+00:00","author":{"@id":""},"description":"D\u00e9couvrez l'\u00c9cole Ulysse, un mod\u00e8le \u00e9ducatif innovant en 2025, alliant p\u00e9dagogies modernes et technologies pour transformer l'apprentissage.","breadcrumb":{"@id":"https:\/\/www.apres-lecole.fr\/Blog\/ecole-ulysse-education-2025\/#breadcrumb"},"inLanguage":"fr-FR","potentialAction":[{"@type":"ReadAction","target":["https:\/\/www.apres-lecole.fr\/Blog\/ecole-ulysse-education-2025\/"]}]},{"@type":"ImageObject","inLanguage":"fr-FR","@id":"https:\/\/www.apres-lecole.fr\/Blog\/ecole-ulysse-education-2025\/#primaryimage","url":"https:\/\/www.apres-lecole.fr\/Blog\/wp-content\/uploads\/2025\/08\/Ecole-Ulysse-Un-modele-innovant-pour-leducation-en-2025.jpg","contentUrl":"https:\/\/www.apres-lecole.fr\/Blog\/wp-content\/uploads\/2025\/08\/Ecole-Ulysse-Un-modele-innovant-pour-leducation-en-2025.jpg","width":1344,"height":768,"caption":"d\u00e9couvrez comment l'\u00e9cole ulysse r\u00e9volutionne l'\u00e9ducation en 2025 avec une approche p\u00e9dagogique innovante, des outils num\u00e9riques avanc\u00e9s et un accompagnement personnalis\u00e9 pour chaque \u00e9l\u00e8ve."},{"@type":"BreadcrumbList","@id":"https:\/\/www.apres-lecole.fr\/Blog\/ecole-ulysse-education-2025\/#breadcrumb","itemListElement":[{"@type":"ListItem","position":1,"name":"Home","item":"https:\/\/www.apres-lecole.fr\/Blog\/"},{"@type":"ListItem","position":2,"name":"\u00c9cole Ulysse : Un mod\u00e8le innovant pour l&rsquo;\u00e9ducation en 2025"}]},{"@type":"WebSite","@id":"https:\/\/www.apres-lecole.fr\/Blog\/#website","url":"https:\/\/www.apres-lecole.fr\/Blog\/","name":"","description":"M\u00e9dia g\u00e9n\u00e9raliste","potentialAction":[{"@type":"SearchAction","target":{"@type":"EntryPoint","urlTemplate":"https:\/\/www.apres-lecole.fr\/Blog\/?s={search_term_string}"},"query-input":{"@type":"PropertyValueSpecification","valueRequired":true,"valueName":"search_term_string"}}],"inLanguage":"fr-FR"},{"@type":"Person","@id":"","url":"https:\/\/www.apres-lecole.fr\/Blog\/author\/"}]}},"views":29,"_links":{"self":[{"href":"https:\/\/www.apres-lecole.fr\/Blog\/wp-json\/wp\/v2\/posts\/2263","targetHints":{"allow":["GET"]}}],"collection":[{"href":"https:\/\/www.apres-lecole.fr\/Blog\/wp-json\/wp\/v2\/posts"}],"about":[{"href":"https:\/\/www.apres-lecole.fr\/Blog\/wp-json\/wp\/v2\/types\/post"}],"author":[{"embeddable":true,"href":"https:\/\/www.apres-lecole.fr\/Blog\/wp-json\/wp\/v2\/users\/7"}],"replies":[{"embeddable":true,"href":"https:\/\/www.apres-lecole.fr\/Blog\/wp-json\/wp\/v2\/comments?post=2263"}],"version-history":[{"count":0,"href":"https:\/\/www.apres-lecole.fr\/Blog\/wp-json\/wp\/v2\/posts\/2263\/revisions"}],"wp:featuredmedia":[{"embeddable":true,"href":"https:\/\/www.apres-lecole.fr\/Blog\/wp-json\/wp\/v2\/media\/2262"}],"wp:attachment":[{"href":"https:\/\/www.apres-lecole.fr\/Blog\/wp-json\/wp\/v2\/media?parent=2263"}],"wp:term":[{"taxonomy":"category","embeddable":true,"href":"https:\/\/www.apres-lecole.fr\/Blog\/wp-json\/wp\/v2\/categories?post=2263"},{"taxonomy":"post_tag","embeddable":true,"href":"https:\/\/www.apres-lecole.fr\/Blog\/wp-json\/wp\/v2\/tags?post=2263"}],"curies":[{"name":"wp","href":"https:\/\/api.w.org\/{rel}","templated":true}]}}