{"id":2261,"date":"2025-08-29T07:06:35","date_gmt":"2025-08-29T07:06:35","guid":{"rendered":"https:\/\/www.apres-lecole.fr\/Blog\/rock-school-inscriptions-mont-de-marsan\/"},"modified":"2025-08-29T07:06:35","modified_gmt":"2025-08-29T07:06:35","slug":"rock-school-inscriptions-mont-de-marsan","status":"publish","type":"post","link":"https:\/\/www.apres-lecole.fr\/Blog\/rock-school-inscriptions-mont-de-marsan\/","title":{"rendered":"Mont-de-Marsan : Ouverture des inscriptions \u00e0 la Rock School du Caf\u00e9Music d\u00e8s le 1er septembre !"},"content":{"rendered":"\n\n<div class=\"kk-star-ratings kksr-auto kksr-align-left kksr-valign-top\"\n    data-payload='{&quot;align&quot;:&quot;left&quot;,&quot;id&quot;:&quot;2261&quot;,&quot;slug&quot;:&quot;default&quot;,&quot;valign&quot;:&quot;top&quot;,&quot;ignore&quot;:&quot;&quot;,&quot;reference&quot;:&quot;auto&quot;,&quot;class&quot;:&quot;&quot;,&quot;count&quot;:&quot;0&quot;,&quot;legendonly&quot;:&quot;&quot;,&quot;readonly&quot;:&quot;&quot;,&quot;score&quot;:&quot;0&quot;,&quot;starsonly&quot;:&quot;&quot;,&quot;best&quot;:&quot;5&quot;,&quot;gap&quot;:&quot;5&quot;,&quot;greet&quot;:&quot;Rate this post&quot;,&quot;legend&quot;:&quot;0\\\/5 - (0 vote)&quot;,&quot;size&quot;:&quot;24&quot;,&quot;title&quot;:&quot;Mont-de-Marsan : Ouverture des inscriptions \u00e0 la Rock School du Caf\u00e9Music d\u00e8s le 1er septembre !&quot;,&quot;width&quot;:&quot;0&quot;,&quot;_legend&quot;:&quot;{score}\\\/{best} - ({count} {votes})&quot;,&quot;font_factor&quot;:&quot;1.25&quot;}'>\n            \n<div class=\"kksr-stars\">\n    \n<div class=\"kksr-stars-inactive\">\n            <div class=\"kksr-star\" data-star=\"1\" style=\"padding-right: 5px\">\n            \n\n<div class=\"kksr-icon\" style=\"width: 24px; height: 24px;\"><\/div>\n        <\/div>\n            <div class=\"kksr-star\" data-star=\"2\" style=\"padding-right: 5px\">\n            \n\n<div class=\"kksr-icon\" style=\"width: 24px; height: 24px;\"><\/div>\n        <\/div>\n            <div class=\"kksr-star\" data-star=\"3\" style=\"padding-right: 5px\">\n            \n\n<div class=\"kksr-icon\" style=\"width: 24px; height: 24px;\"><\/div>\n        <\/div>\n            <div class=\"kksr-star\" data-star=\"4\" style=\"padding-right: 5px\">\n            \n\n<div class=\"kksr-icon\" style=\"width: 24px; height: 24px;\"><\/div>\n        <\/div>\n            <div class=\"kksr-star\" data-star=\"5\" style=\"padding-right: 5px\">\n            \n\n<div class=\"kksr-icon\" style=\"width: 24px; height: 24px;\"><\/div>\n        <\/div>\n    <\/div>\n    \n<div class=\"kksr-stars-active\" style=\"width: 0px;\">\n            <div class=\"kksr-star\" style=\"padding-right: 5px\">\n            \n\n<div class=\"kksr-icon\" style=\"width: 24px; height: 24px;\"><\/div>\n        <\/div>\n            <div class=\"kksr-star\" style=\"padding-right: 5px\">\n            \n\n<div class=\"kksr-icon\" style=\"width: 24px; height: 24px;\"><\/div>\n        <\/div>\n            <div class=\"kksr-star\" style=\"padding-right: 5px\">\n            \n\n<div class=\"kksr-icon\" style=\"width: 24px; height: 24px;\"><\/div>\n        <\/div>\n            <div class=\"kksr-star\" style=\"padding-right: 5px\">\n            \n\n<div class=\"kksr-icon\" style=\"width: 24px; height: 24px;\"><\/div>\n        <\/div>\n            <div class=\"kksr-star\" style=\"padding-right: 5px\">\n            \n\n<div class=\"kksr-icon\" style=\"width: 24px; height: 24px;\"><\/div>\n        <\/div>\n    <\/div>\n<\/div>\n                \n\n<div class=\"kksr-legend\" style=\"font-size: 19.2px;\">\n            <span class=\"kksr-muted\">Rate this post<\/span>\n    <\/div>\n    <\/div>\n<p>La ville de Mont-de-Marsan est en effervescence, car le 1er septembre marque le d\u00e9but des inscriptions tant attendues \u00e0 la Rock School du Caf\u00e9Music. Les passionn\u00e9s de musique contemporaine et les futurs artistes en herbe sont invit\u00e9s \u00e0 se plonger dans l&rsquo;univers vibrant de cette \u00e9cole de musique, qui s&rsquo;est rapidement impos\u00e9e comme un pilier de la sc\u00e8ne locale. Ces inscriptions permettront aux \u00e9l\u00e8ves de d\u00e9couvrir des ateliers musicaux stimulants, mais \u00e9galement de se pr\u00e9parer \u00e0 des concerts qui les mettront en avant sur la sc\u00e8ne musicale. Que ce soit pour apprendre un instrument, chanter ou participer \u00e0 des groupes, chaque participant trouvera sa place au sein de cette institution qui encourage la cr\u00e9ativit\u00e9 et l&rsquo;\u00e9panouissement musical. Les attentes sont \u00e9lev\u00e9es, car cette ann\u00e9e promet une exp\u00e9rience encore plus riche en d\u00e9couvertes et en \u00e9motions musicales.<\/p>\n\n<h2 class=\"wp-block-heading\">Les atouts de la Rock School du Caf\u00e9Music<\/h2>\n\n<p>La Rock School du Caf\u00e9Music, situ\u00e9e au c\u0153ur de Mont-de-Marsan, offre une multitude de programmes adapt\u00e9s \u00e0 chaque niveau. Que tu sois novice ou musicien aguerri, cette \u00e9cole a quelque chose \u00e0 offrir \u00e0 chacun. L&rsquo;aspect le plus attrayant de cette \u00e9cole est sans doute sa capacit\u00e9 \u00e0 cr\u00e9er un environnement d&rsquo;apprentissage ludique et inclusif. Les cours sont dispens\u00e9s par des enseignants qualifi\u00e9s qui partagent non seulement leur expertise, mais aussi leur passion pour la musique.<\/p>\n\n<p>Les ateliers musicaux sont vari\u00e9s : ateliers d\u2019initiation \u00e0 la guitare, chant, batterie, claviers, sans oublier les formations en groupe pour d\u00e9couvrir l&rsquo;art de jouer en band. Les \u00e9l\u00e8ves ont l&rsquo;opportunit\u00e9 de s&rsquo;exprimer, d&rsquo;explorer diff\u00e9rents genres musicaux et de d\u00e9velopper leurs comp\u00e9tences techniques tout en s\u2019amusant. Au fur et \u00e0 mesure de l&rsquo;ann\u00e9e, les \u00e9l\u00e8ves pourront participer \u00e0 diff\u00e9rents concerts, montrant ainsi leur progression devant un public enthousiaste.<\/p>\n\n<p><strong>Voici quelques points forts de la Rock School du Caf\u00e9Music :<\/strong><\/p>\n\n<ul class=\"wp-block-list\"><li>\ud83c\udfb8 Enseignement par des professionnels du secteur.<\/li><li>\ud83e\uddd1\u200d\ud83c\udfa4 Diversit\u00e9 des genres musicaux, allant du rock au jazz en passant par la pop.<\/li><li>\ud83c\udfb6 Acc\u00e8s \u00e0 des instruments de qualit\u00e9 pour une exp\u00e9rience d&rsquo;apprentissage optimale.<\/li><li>\ud83c\udf1f Ambiance conviviale et soutien individuel pour chaque \u00e9l\u00e8ve.<\/li><li>\ud83c\udf89 Organisation de concerts r\u00e9guliers pour un contact direct avec la sc\u00e8ne.<\/li><\/ul>\n\n<h3 class=\"wp-block-heading\">Les activit\u00e9s et \u00e9v\u00e9nements \u00e0 ne pas manquer<\/h3>\n\n<p>Les inscriptions \u00e0 la Rock School ne concernent pas uniquement les cours quotidiens. En plus des formations, l&rsquo;\u00e9cole organise diff\u00e9rents \u00e9v\u00e9nements et activit\u00e9s tout au long de l&rsquo;ann\u00e9e. Participer \u00e0 ces \u00e9v\u00e9nements, c&rsquo;est vivre pleinement l&rsquo;exp\u00e9rience musicale. Par exemple, des masterclasses avec des artistes reconnus sont propos\u00e9es, permettant aux \u00e9l\u00e8ves d&rsquo;apprendre et d&rsquo;\u00e9changer directement avec des professionnels du milieu.<\/p>\n\n<p>Par ailleurs, des stages intensifs sont \u00e9galement dispens\u00e9s pendant les vacances, o\u00f9 les participants peuvent s&rsquo;immerger dans diff\u00e9rents styles musicaux. Ces stages sont une excellente opportunit\u00e9 pour d\u00e9couvrir de nouvelles influences, que ce soit \u00e0 travers la composition, l&rsquo;improvisation ou l&rsquo;exploration de nouveaux instruments.<\/p>\n\n<p><strong>\u00c0 retenir :<\/strong><\/p>\n\n<ul class=\"wp-block-list\"><li>\ud83d\udcc5 Masterclasses avec des artistes invit\u00e9s.<\/li><li>\ud83c\udfd6\ufe0f Stages musicaux pendant les vacances.<\/li><li>\ud83c\udfa4 Concerts tout au long de l&rsquo;ann\u00e9e.<\/li><li>\ud83e\udd1d R\u00e9seautage avec d&rsquo;autres musiciens.<\/li><\/ul>\n\n<h2 class=\"wp-block-heading\">L&rsquo;importance de la culture musicale \u00e0 Mont-de-Marsan<\/h2>\n\n<p>La Rock School du Caf\u00e9Music joue un r\u00f4le crucial dans la culture musicale de Mont-de-Marsan. En proposant des formations accessibles, elle permet de d\u00e9mocratiser l&rsquo;apprentissage de la musique. En 2025, il est de plus en plus reconnu que la musique joue un r\u00f4le cl\u00e9 dans l&rsquo;\u00e9ducation et le d\u00e9veloppement personnel des jeunes. Elle favorise la cr\u00e9ativit\u00e9, am\u00e9liore la concentration et renforce la confiance en soi. De plus, dans un monde o\u00f9 la technologie r\u00e8gne, la musique reste un moyen intemporel de s\u2019exprimer et de se connecter aux autres.<\/p>\n\n<p>Le Caf\u00e9Music, par sa volont\u00e9 d&rsquo;int\u00e9grer la musique actuelle dans l&rsquo;apprentissage, donne une voix aux jeunes artistes montais. Cela renforce non seulement les liens entre les g\u00e9n\u00e9rations, mais \u00e9galement l&rsquo;identit\u00e9 culturelle de la ville. Les concerts et spectacles organis\u00e9s \u00e0 l&rsquo;\u00e9cole permettent aussi de faire d\u00e9couvrir des talents locaux au grand public, cr\u00e9ant ainsi un cercle vertueux de dynamisme culturel.<\/p>\n\n<p><strong>Cela se traduit par :<\/strong><\/p>\n\n<ul class=\"wp-block-list\"><li>\ud83c\udfdb\ufe0f Promotion des artistes locaux et \u00e9mergents.<\/li><li>\ud83c\udfa4 \u00c9changes entre g\u00e9n\u00e9rations autour de la musique.<\/li><li>\ud83c\udf0d D\u00e9veloppement d&rsquo;une identit\u00e9 sonore unique pour Mont-de-Marsan.<\/li><li>\ud83d\udcc8 Effet positif sur la sc\u00e8ne locale gr\u00e2ce \u00e0 des spectacles r\u00e9guliers.<\/li><\/ul>\n\n<h3 class=\"wp-block-heading\">Des initiatives pour encourager l&rsquo;\u00e9ducation musicale<\/h3>\n\n<p>Pour renforcer cet engagement envers la culture musicale, plusieurs initiatives ont \u00e9t\u00e9 mises en place, que cela soit par le biais d&rsquo;\u00e9coles de musique ou par des partenariats avec des organismes locaux. La Rock School du Caf\u00e9Music ne se contente pas de former des musiciens, elle souhaite avant tout sensibiliser le jeune public \u00e0 l&rsquo;importance de la musique. C&rsquo;est pourquoi des programmes sont mis en \u0153uvre pour rendre la musique accessible \u00e0 tous, y compris des sessions gratuites d&rsquo;initiation et des tarifs r\u00e9duits pour les \u00e9l\u00e8ves issus de milieux d\u00e9favoris\u00e9s.<\/p>\n\n<p>Il convient \u00e9galement de souligner le r\u00f4le pr\u00e9pond\u00e9rant des concerts organis\u00e9s dans divers lieux de Mont-de-Marsan. Ces \u00e9v\u00e9nements permettent non seulement aux \u00e9l\u00e8ves de montrer leur travail, mais ils constituent \u00e9galement un point de ralliement pour les habitants, renfor\u00e7ant le tissu social de la ville.<\/p>\n\n<p><strong>En conclusion :<\/strong><\/p>\n\n<ul class=\"wp-block-list\"><li>\ud83c\udfb5 Engagement vers une \u00e9ducation musicale pour tous.<\/li><li>\ud83d\udc65 Initiatives locales pour sensibiliser \u00e0 la musique.<\/li><li>\ud83c\udfa4 Concerts comme point de rencontre pour la communaut\u00e9.<\/li><\/ul>\n\n<h2 class=\"wp-block-heading\">Les modalit\u00e9s d&rsquo;inscription pour la Rock School<\/h2>\n\n<p>Se lancer dans l&rsquo;aventure de la Rock School du Caf\u00e9Music est un processus accessible et simplifi\u00e9. Les inscriptions d\u00e9butent officiellement le 1er septembre, et plusieurs \u00e9tapes doivent \u00eatre suivies pour garantir une place. La premi\u00e8re \u00e9tape consiste \u00e0 remplir un formulaire d&rsquo;inscription, qui peut \u00eatre trouv\u00e9 sur le site internet de l&rsquo;\u00e9cole ou directement au Caf\u00e9Music. Les \u00e9l\u00e8ves sont ensuite invit\u00e9s \u00e0 choisir leur instrument ou discipline, en fonction de leurs pr\u00e9f\u00e9rences et niveaux.<\/p>\n\n<p>Les co\u00fbts li\u00e9s aux cours sont comp\u00e9titifs et prennent en compte les diff\u00e9rentes options. Pour les familles, des syst\u00e8mes de r\u00e9ductions peuvent \u00eatre appliqu\u00e9s afin de rendre l&rsquo;acc\u00e8s \u00e0 la musique encore plus accessible. Les horaires des cours sont flexibles, permettant \u00e0 chacun de trouver le cr\u00e9neau qui lui convient le mieux.<\/p>\n\n<p><strong>Les \u00e9tapes cl\u00e9s de l&rsquo;inscription :<\/strong><\/p>\n\n<ol class=\"wp-block-list\"><li>\ud83d\udcdd Remplir le formulaire d&rsquo;inscription disponible en ligne.<\/li><li>\ud83c\udfb8 Choisir l&rsquo;instrument ou la discipline souhait\u00e9e.<\/li><li>\ud83d\udcb0 Examiner les tarifs et les r\u00e9ductions possibles.<\/li><li>\ud83d\udcc5 S\u00e9lectionner les horaires de cours adapt\u00e9s \u00e0 son emploi du temps.<\/li><\/ol>\n\n<h3 class=\"wp-block-heading\">Une rentr\u00e9e pleine de promesses<\/h3>\n\n<p>Une fois les inscriptions valid\u00e9es, la rentr\u00e9e s&rsquo;annonce sous les meilleurs auspices. Les nouveaux \u00e9l\u00e8ves seront accueillis lors d&rsquo;une journ\u00e9e d&rsquo;int\u00e9gration, m\u00ealant pr\u00e9sentations, jeux musicaux et concerts des groupes d\u00e9j\u00e0 form\u00e9s. \u00c0 travers cet \u00e9v\u00e9nement, les \u00e9l\u00e8ves de tous \u00e2ges pourront se rencontrer, \u00e9changer et commencer cette belle aventure musicale ensemble. Le climat convivial et chaleureux de l&rsquo;\u00e9cole est palpable, et elle demeure le lieu id\u00e9al pour semer les graines de futurs artistes.<\/p>\n\n<p>Au final, la Rock School du Caf\u00e9Music est bien plus qu&rsquo;une simple \u00e9cole de musique : c&rsquo;est un v\u00e9ritable catalyseur de la sc\u00e8ne locale, une plateforme o\u00f9 les jeunes peuvent se d\u00e9couvrir et s&rsquo;\u00e9panouir au travers de la musique actuelle. Que l\u2019on soit un m\u00e9lomane ou un futur rockeur en herbe, chacun a sa chance de briller sur la sc\u00e8ne de Mont-de-Marsan !<\/p>\n\n<h2 class=\"wp-block-heading\">Questions fr\u00e9quentes sur la Rock School du Caf\u00e9Music<br>\n<strong>Qui peut s&rsquo;inscrire \u00e0 la Rock School ?<\/strong><br>\n<\/h2>\n\n<p>La Rock School est ouverte \u00e0 tous, quel que soit le niveau. Des cours pour enfants, adolescents et adultes sont propos\u00e9s.<\/p>\n\n<p><strong>Quels instruments sont enseign\u00e9s \u00e0 l&rsquo;\u00e9cole ?<\/strong><\/p>\n\n<p>Les \u00e9l\u00e8ves peuvent choisir d&rsquo;apprendre une multitude d&rsquo;instruments, dont la guitare, le piano, la batterie, la basse, et bien d&rsquo;autres encore.<\/p>\n\n<p><strong>Y a-t-il des frais d&rsquo;inscription ?<\/strong><\/p>\n\n<p>Oui, des frais d&rsquo;inscription sont appliqu\u00e9s, mais des options de r\u00e9duction sont disponibles pour les familles.<\/p>\n\n<p><strong>Quand se d\u00e9roulent les cours ?<\/strong><\/p>\n\n<p>Les cours sont dispens\u00e9s sur toute l&rsquo;ann\u00e9e, avec des horaires flexibles pour s&rsquo;adapter aux emplois du temps de chacun.<\/p>\n\n<p><strong>La Rock School organise-t-elle des concerts ?<\/strong><\/p>\n\n<p>Absolument, des concerts sont souvent organis\u00e9s afin que les \u00e9l\u00e8ves puissent se produire et partager leur passion avec le public.<\/p>\n\n","protected":false},"excerpt":{"rendered":"<p>La ville de Mont-de-Marsan est en effervescence, car le 1er septembre marque le d\u00e9but des inscriptions tant attendues \u00e0 la Rock School du Caf\u00e9Music. Les passionn\u00e9s de musique contemporaine et les futurs artistes en herbe sont invit\u00e9s \u00e0 se plonger dans l&rsquo;univers vibrant de cette \u00e9cole de musique, qui s&rsquo;est rapidement impos\u00e9e comme un pilier &#8230; <a title=\"Mont-de-Marsan : Ouverture des inscriptions \u00e0 la Rock School du Caf\u00e9Music d\u00e8s le 1er septembre !\" class=\"read-more\" href=\"https:\/\/www.apres-lecole.fr\/Blog\/rock-school-inscriptions-mont-de-marsan\/\" aria-label=\"En savoir plus sur Mont-de-Marsan : Ouverture des inscriptions \u00e0 la Rock School du Caf\u00e9Music d\u00e8s le 1er septembre !\">Lire plus<\/a><\/p>\n","protected":false},"author":7,"featured_media":0,"comment_status":"open","ping_status":"open","sticky":false,"template":"","format":"standard","meta":{"footnotes":""},"categories":[342],"tags":[1467,1426,1465,642,1466],"class_list":["post-2261","post","type-post","status-publish","format-standard","hentry","category-actualites","tag-cafemusic","tag-inscriptions","tag-mont-de-marsan","tag-musique","tag-rock-school"],"yoast_head":"<!-- This site is optimized with the Yoast SEO plugin v27.5 - https:\/\/yoast.com\/product\/yoast-seo-wordpress\/ -->\n<title>Rock School \u00e0 Mont-de-Marsan : les inscriptions ouvrent le 1er septembre !<\/title>\n<meta name=\"description\" content=\"Inscriptions ouvertes d\u00e8s le 1er septembre \u00e0 la Rock School du Caf\u00e9Music de Mont-de-Marsan. Rejoignez nos cours de musique pour tous niveaux !\" \/>\n<meta name=\"robots\" content=\"index, follow, max-snippet:-1, max-image-preview:large, max-video-preview:-1\" \/>\n<link rel=\"canonical\" href=\"https:\/\/www.apres-lecole.fr\/Blog\/rock-school-inscriptions-mont-de-marsan\/\" \/>\n<meta property=\"og:locale\" content=\"fr_FR\" \/>\n<meta property=\"og:type\" content=\"article\" \/>\n<meta property=\"og:title\" content=\"Rock School \u00e0 Mont-de-Marsan : les inscriptions ouvrent le 1er septembre !\" \/>\n<meta property=\"og:description\" content=\"Inscriptions ouvertes d\u00e8s le 1er septembre \u00e0 la Rock School du Caf\u00e9Music de Mont-de-Marsan. Rejoignez nos cours de musique pour tous niveaux !\" \/>\n<meta property=\"og:url\" content=\"https:\/\/www.apres-lecole.fr\/Blog\/rock-school-inscriptions-mont-de-marsan\/\" \/>\n<meta property=\"article:published_time\" content=\"2025-08-29T07:06:35+00:00\" \/>\n<meta name=\"twitter:card\" content=\"summary_large_image\" \/>\n<meta name=\"twitter:label1\" content=\"\u00c9crit par\" \/>\n\t<meta name=\"twitter:data1\" content=\"\" \/>\n\t<meta name=\"twitter:label2\" content=\"Dur\u00e9e de lecture estim\u00e9e\" \/>\n\t<meta name=\"twitter:data2\" content=\"7 minutes\" \/>\n<script type=\"application\/ld+json\" class=\"yoast-schema-graph\">{\"@context\":\"https:\\\/\\\/schema.org\",\"@graph\":[{\"@type\":\"Article\",\"@id\":\"https:\\\/\\\/www.apres-lecole.fr\\\/Blog\\\/rock-school-inscriptions-mont-de-marsan\\\/#article\",\"isPartOf\":{\"@id\":\"https:\\\/\\\/www.apres-lecole.fr\\\/Blog\\\/rock-school-inscriptions-mont-de-marsan\\\/\"},\"author\":{\"name\":\"\",\"@id\":\"\"},\"headline\":\"Mont-de-Marsan : Ouverture des inscriptions \u00e0 la Rock School du Caf\u00e9Music d\u00e8s le 1er septembre !\",\"datePublished\":\"2025-08-29T07:06:35+00:00\",\"mainEntityOfPage\":{\"@id\":\"https:\\\/\\\/www.apres-lecole.fr\\\/Blog\\\/rock-school-inscriptions-mont-de-marsan\\\/\"},\"wordCount\":1463,\"commentCount\":0,\"keywords\":[\"caf\u00e9music\",\"inscriptions\",\"mont-de-marsan\",\"musique\",\"rock school\"],\"articleSection\":[\"Actualit\u00e9s\"],\"inLanguage\":\"fr-FR\",\"potentialAction\":[{\"@type\":\"CommentAction\",\"name\":\"Comment\",\"target\":[\"https:\\\/\\\/www.apres-lecole.fr\\\/Blog\\\/rock-school-inscriptions-mont-de-marsan\\\/#respond\"]}]},{\"@type\":\"WebPage\",\"@id\":\"https:\\\/\\\/www.apres-lecole.fr\\\/Blog\\\/rock-school-inscriptions-mont-de-marsan\\\/\",\"url\":\"https:\\\/\\\/www.apres-lecole.fr\\\/Blog\\\/rock-school-inscriptions-mont-de-marsan\\\/\",\"name\":\"Rock School \u00e0 Mont-de-Marsan : les inscriptions ouvrent le 1er septembre !\",\"isPartOf\":{\"@id\":\"https:\\\/\\\/www.apres-lecole.fr\\\/Blog\\\/#website\"},\"datePublished\":\"2025-08-29T07:06:35+00:00\",\"author\":{\"@id\":\"\"},\"description\":\"Inscriptions ouvertes d\u00e8s le 1er septembre \u00e0 la Rock School du Caf\u00e9Music de Mont-de-Marsan. Rejoignez nos cours de musique pour tous niveaux !\",\"breadcrumb\":{\"@id\":\"https:\\\/\\\/www.apres-lecole.fr\\\/Blog\\\/rock-school-inscriptions-mont-de-marsan\\\/#breadcrumb\"},\"inLanguage\":\"fr-FR\",\"potentialAction\":[{\"@type\":\"ReadAction\",\"target\":[\"https:\\\/\\\/www.apres-lecole.fr\\\/Blog\\\/rock-school-inscriptions-mont-de-marsan\\\/\"]}]},{\"@type\":\"BreadcrumbList\",\"@id\":\"https:\\\/\\\/www.apres-lecole.fr\\\/Blog\\\/rock-school-inscriptions-mont-de-marsan\\\/#breadcrumb\",\"itemListElement\":[{\"@type\":\"ListItem\",\"position\":1,\"name\":\"Home\",\"item\":\"https:\\\/\\\/www.apres-lecole.fr\\\/Blog\\\/\"},{\"@type\":\"ListItem\",\"position\":2,\"name\":\"Mont-de-Marsan : Ouverture des inscriptions \u00e0 la Rock School du Caf\u00e9Music d\u00e8s le 1er septembre !\"}]},{\"@type\":\"WebSite\",\"@id\":\"https:\\\/\\\/www.apres-lecole.fr\\\/Blog\\\/#website\",\"url\":\"https:\\\/\\\/www.apres-lecole.fr\\\/Blog\\\/\",\"name\":\"\",\"description\":\"M\u00e9dia g\u00e9n\u00e9raliste\",\"potentialAction\":[{\"@type\":\"SearchAction\",\"target\":{\"@type\":\"EntryPoint\",\"urlTemplate\":\"https:\\\/\\\/www.apres-lecole.fr\\\/Blog\\\/?s={search_term_string}\"},\"query-input\":{\"@type\":\"PropertyValueSpecification\",\"valueRequired\":true,\"valueName\":\"search_term_string\"}}],\"inLanguage\":\"fr-FR\"},{\"@type\":\"Person\",\"@id\":\"\",\"url\":\"https:\\\/\\\/www.apres-lecole.fr\\\/Blog\\\/author\\\/\"}]}<\/script>\n<!-- \/ Yoast SEO plugin. -->","yoast_head_json":{"title":"Rock School \u00e0 Mont-de-Marsan : les inscriptions ouvrent le 1er septembre !","description":"Inscriptions ouvertes d\u00e8s le 1er septembre \u00e0 la Rock School du Caf\u00e9Music de Mont-de-Marsan. Rejoignez nos cours de musique pour tous niveaux !","robots":{"index":"index","follow":"follow","max-snippet":"max-snippet:-1","max-image-preview":"max-image-preview:large","max-video-preview":"max-video-preview:-1"},"canonical":"https:\/\/www.apres-lecole.fr\/Blog\/rock-school-inscriptions-mont-de-marsan\/","og_locale":"fr_FR","og_type":"article","og_title":"Rock School \u00e0 Mont-de-Marsan : les inscriptions ouvrent le 1er septembre !","og_description":"Inscriptions ouvertes d\u00e8s le 1er septembre \u00e0 la Rock School du Caf\u00e9Music de Mont-de-Marsan. Rejoignez nos cours de musique pour tous niveaux !","og_url":"https:\/\/www.apres-lecole.fr\/Blog\/rock-school-inscriptions-mont-de-marsan\/","article_published_time":"2025-08-29T07:06:35+00:00","twitter_card":"summary_large_image","twitter_misc":{"\u00c9crit par":"","Dur\u00e9e de lecture estim\u00e9e":"7 minutes"},"schema":{"@context":"https:\/\/schema.org","@graph":[{"@type":"Article","@id":"https:\/\/www.apres-lecole.fr\/Blog\/rock-school-inscriptions-mont-de-marsan\/#article","isPartOf":{"@id":"https:\/\/www.apres-lecole.fr\/Blog\/rock-school-inscriptions-mont-de-marsan\/"},"author":{"name":"","@id":""},"headline":"Mont-de-Marsan : Ouverture des inscriptions \u00e0 la Rock School du Caf\u00e9Music d\u00e8s le 1er septembre !","datePublished":"2025-08-29T07:06:35+00:00","mainEntityOfPage":{"@id":"https:\/\/www.apres-lecole.fr\/Blog\/rock-school-inscriptions-mont-de-marsan\/"},"wordCount":1463,"commentCount":0,"keywords":["caf\u00e9music","inscriptions","mont-de-marsan","musique","rock school"],"articleSection":["Actualit\u00e9s"],"inLanguage":"fr-FR","potentialAction":[{"@type":"CommentAction","name":"Comment","target":["https:\/\/www.apres-lecole.fr\/Blog\/rock-school-inscriptions-mont-de-marsan\/#respond"]}]},{"@type":"WebPage","@id":"https:\/\/www.apres-lecole.fr\/Blog\/rock-school-inscriptions-mont-de-marsan\/","url":"https:\/\/www.apres-lecole.fr\/Blog\/rock-school-inscriptions-mont-de-marsan\/","name":"Rock School \u00e0 Mont-de-Marsan : les inscriptions ouvrent le 1er septembre !","isPartOf":{"@id":"https:\/\/www.apres-lecole.fr\/Blog\/#website"},"datePublished":"2025-08-29T07:06:35+00:00","author":{"@id":""},"description":"Inscriptions ouvertes d\u00e8s le 1er septembre \u00e0 la Rock School du Caf\u00e9Music de Mont-de-Marsan. Rejoignez nos cours de musique pour tous niveaux !","breadcrumb":{"@id":"https:\/\/www.apres-lecole.fr\/Blog\/rock-school-inscriptions-mont-de-marsan\/#breadcrumb"},"inLanguage":"fr-FR","potentialAction":[{"@type":"ReadAction","target":["https:\/\/www.apres-lecole.fr\/Blog\/rock-school-inscriptions-mont-de-marsan\/"]}]},{"@type":"BreadcrumbList","@id":"https:\/\/www.apres-lecole.fr\/Blog\/rock-school-inscriptions-mont-de-marsan\/#breadcrumb","itemListElement":[{"@type":"ListItem","position":1,"name":"Home","item":"https:\/\/www.apres-lecole.fr\/Blog\/"},{"@type":"ListItem","position":2,"name":"Mont-de-Marsan : Ouverture des inscriptions \u00e0 la Rock School du Caf\u00e9Music d\u00e8s le 1er septembre !"}]},{"@type":"WebSite","@id":"https:\/\/www.apres-lecole.fr\/Blog\/#website","url":"https:\/\/www.apres-lecole.fr\/Blog\/","name":"","description":"M\u00e9dia g\u00e9n\u00e9raliste","potentialAction":[{"@type":"SearchAction","target":{"@type":"EntryPoint","urlTemplate":"https:\/\/www.apres-lecole.fr\/Blog\/?s={search_term_string}"},"query-input":{"@type":"PropertyValueSpecification","valueRequired":true,"valueName":"search_term_string"}}],"inLanguage":"fr-FR"},{"@type":"Person","@id":"","url":"https:\/\/www.apres-lecole.fr\/Blog\/author\/"}]}},"views":7,"_links":{"self":[{"href":"https:\/\/www.apres-lecole.fr\/Blog\/wp-json\/wp\/v2\/posts\/2261","targetHints":{"allow":["GET"]}}],"collection":[{"href":"https:\/\/www.apres-lecole.fr\/Blog\/wp-json\/wp\/v2\/posts"}],"about":[{"href":"https:\/\/www.apres-lecole.fr\/Blog\/wp-json\/wp\/v2\/types\/post"}],"author":[{"embeddable":true,"href":"https:\/\/www.apres-lecole.fr\/Blog\/wp-json\/wp\/v2\/users\/7"}],"replies":[{"embeddable":true,"href":"https:\/\/www.apres-lecole.fr\/Blog\/wp-json\/wp\/v2\/comments?post=2261"}],"version-history":[{"count":0,"href":"https:\/\/www.apres-lecole.fr\/Blog\/wp-json\/wp\/v2\/posts\/2261\/revisions"}],"wp:attachment":[{"href":"https:\/\/www.apres-lecole.fr\/Blog\/wp-json\/wp\/v2\/media?parent=2261"}],"wp:term":[{"taxonomy":"category","embeddable":true,"href":"https:\/\/www.apres-lecole.fr\/Blog\/wp-json\/wp\/v2\/categories?post=2261"},{"taxonomy":"post_tag","embeddable":true,"href":"https:\/\/www.apres-lecole.fr\/Blog\/wp-json\/wp\/v2\/tags?post=2261"}],"curies":[{"name":"wp","href":"https:\/\/api.w.org\/{rel}","templated":true}]}}