{"id":2245,"date":"2025-08-25T06:34:41","date_gmt":"2025-08-25T06:34:41","guid":{"rendered":"https:\/\/www.apres-lecole.fr\/Blog\/ecole-horizon-strasbourg-2025\/"},"modified":"2025-08-25T06:34:41","modified_gmt":"2025-08-25T06:34:41","slug":"ecole-horizon-strasbourg-2025","status":"publish","type":"post","link":"https:\/\/www.apres-lecole.fr\/Blog\/ecole-horizon-strasbourg-2025\/","title":{"rendered":"\u00c9cole Horizon Strasbourg : un mod\u00e8le d&rsquo;\u00e9ducation innovant en 2025"},"content":{"rendered":"\n\n<div class=\"kk-star-ratings kksr-auto kksr-align-left kksr-valign-top\"\n    data-payload='{&quot;align&quot;:&quot;left&quot;,&quot;id&quot;:&quot;2245&quot;,&quot;slug&quot;:&quot;default&quot;,&quot;valign&quot;:&quot;top&quot;,&quot;ignore&quot;:&quot;&quot;,&quot;reference&quot;:&quot;auto&quot;,&quot;class&quot;:&quot;&quot;,&quot;count&quot;:&quot;0&quot;,&quot;legendonly&quot;:&quot;&quot;,&quot;readonly&quot;:&quot;&quot;,&quot;score&quot;:&quot;0&quot;,&quot;starsonly&quot;:&quot;&quot;,&quot;best&quot;:&quot;5&quot;,&quot;gap&quot;:&quot;5&quot;,&quot;greet&quot;:&quot;Rate this post&quot;,&quot;legend&quot;:&quot;0\\\/5 - (0 vote)&quot;,&quot;size&quot;:&quot;24&quot;,&quot;title&quot;:&quot;\u00c9cole Horizon Strasbourg : un mod\u00e8le d\\u0026#039;\u00e9ducation innovant en 2025&quot;,&quot;width&quot;:&quot;0&quot;,&quot;_legend&quot;:&quot;{score}\\\/{best} - ({count} {votes})&quot;,&quot;font_factor&quot;:&quot;1.25&quot;}'>\n            \n<div class=\"kksr-stars\">\n    \n<div class=\"kksr-stars-inactive\">\n            <div class=\"kksr-star\" data-star=\"1\" style=\"padding-right: 5px\">\n            \n\n<div class=\"kksr-icon\" style=\"width: 24px; height: 24px;\"><\/div>\n        <\/div>\n            <div class=\"kksr-star\" data-star=\"2\" style=\"padding-right: 5px\">\n            \n\n<div class=\"kksr-icon\" style=\"width: 24px; height: 24px;\"><\/div>\n        <\/div>\n            <div class=\"kksr-star\" data-star=\"3\" style=\"padding-right: 5px\">\n            \n\n<div class=\"kksr-icon\" style=\"width: 24px; height: 24px;\"><\/div>\n        <\/div>\n            <div class=\"kksr-star\" data-star=\"4\" style=\"padding-right: 5px\">\n            \n\n<div class=\"kksr-icon\" style=\"width: 24px; height: 24px;\"><\/div>\n        <\/div>\n            <div class=\"kksr-star\" data-star=\"5\" style=\"padding-right: 5px\">\n            \n\n<div class=\"kksr-icon\" style=\"width: 24px; height: 24px;\"><\/div>\n        <\/div>\n    <\/div>\n    \n<div class=\"kksr-stars-active\" style=\"width: 0px;\">\n            <div class=\"kksr-star\" style=\"padding-right: 5px\">\n            \n\n<div class=\"kksr-icon\" style=\"width: 24px; height: 24px;\"><\/div>\n        <\/div>\n            <div class=\"kksr-star\" style=\"padding-right: 5px\">\n            \n\n<div class=\"kksr-icon\" style=\"width: 24px; height: 24px;\"><\/div>\n        <\/div>\n            <div class=\"kksr-star\" style=\"padding-right: 5px\">\n            \n\n<div class=\"kksr-icon\" style=\"width: 24px; height: 24px;\"><\/div>\n        <\/div>\n            <div class=\"kksr-star\" style=\"padding-right: 5px\">\n            \n\n<div class=\"kksr-icon\" style=\"width: 24px; height: 24px;\"><\/div>\n        <\/div>\n            <div class=\"kksr-star\" style=\"padding-right: 5px\">\n            \n\n<div class=\"kksr-icon\" style=\"width: 24px; height: 24px;\"><\/div>\n        <\/div>\n    <\/div>\n<\/div>\n                \n\n<div class=\"kksr-legend\" style=\"font-size: 19.2px;\">\n            <span class=\"kksr-muted\">Rate this post<\/span>\n    <\/div>\n    <\/div>\n<p>Dans un monde en constante \u00e9volution, le secteur \u00e9ducatif s&rsquo;est vu boulevers\u00e9 par des m\u00e9thodes d&rsquo;enseignement modernes, et l&rsquo;<strong>\u00c9cole Horizon Strasbourg<\/strong> se positionne comme un mod\u00e8le d&rsquo;innovation en mati\u00e8re d&rsquo;\u00e9ducation. En 2025, ce lieu d&rsquo;apprentissage se r\u00e9invente, unissant des concepts novateurs avec la n\u00e9cessit\u00e9 de former des \u00e9l\u00e8ves non seulement acad\u00e9miquement, mais aussi sur le plan humain et social. Avec un \u00e9ventail de formations orient\u00e9es vers les sciences et la sant\u00e9, Horizon propose une exp\u00e9rience enrichissante o\u00f9 l&rsquo;<strong>innovation p\u00e9dagogique<\/strong> et le <strong>bien-\u00eatre \u00e0 l&rsquo;\u00e9cole<\/strong> se rejoignent. Cet article explore les diff\u00e9rentes facettes de cette \u00e9cole, de ses formations \u00e0 la vie estudiantine, en passant par ses partenariats avec le monde professionnel.<\/p>\n\n<h2 class=\"wp-block-heading\">Les formations diversifi\u00e9es \u00e0 l&rsquo;\u00c9cole Horizon Strasbourg<\/h2>\n\n<p>L&rsquo;<strong>\u00c9cole Horizon<\/strong> ne se contente pas de dispenser un savoir th\u00e9orique. Contrairement \u00e0 d&rsquo;autres \u00e9tablissements, elle offre une formation adapt\u00e9e aux exigences du march\u00e9 actuel. Les futurs professionnels de la sant\u00e9 et des sciences y trouveront une large gamme de formations qualifiantes qui leur ouvrent la voie vers une carri\u00e8re prometteuse.<\/p>\n\n<p>Voici un aper\u00e7u des formations disponibles \u00e0 l&rsquo;\u00e9cole :<\/p>\n\n<ul class=\"wp-block-list\"><li>\ud83c\uddeb\ud83c\uddf7 <strong>BTS Di\u00e9t\u00e9tique<\/strong><\/li><li>\ud83c\udf4f <strong>BTS Biotechnologies<\/strong><\/li><li>\ud83d\udd2c <strong>BTS Analyses de Biologie M\u00e9dicale<\/strong><\/li><li>\u2699\ufe0f <strong>BTS Bioanalyses et Contr\u00f4les<\/strong><\/li><li>\ud83c\udf0d <strong>BTS Bioqualit\u00e9<\/strong><\/li><li>\ud83d\udccf <strong>BTS M\u00e9tiers de la Mesure<\/strong><\/li><li>\ud83c\udfe5 <strong>BTS SP3S<\/strong> (Sanitaire et Social)<\/li><\/ul>\n\n<p>Chaque formation est con\u00e7ue pour r\u00e9pondre aux enjeux contemporains et pr\u00e9parera les \u00e9l\u00e8ves \u00e0 divers d\u00e9bouch\u00e9s en leur apportant des comp\u00e9tences indispensables. Par exemple, le BTS Di\u00e9t\u00e9tique permet d&rsquo;int\u00e9grer des \u00e9tablissements de soins ou d&rsquo;autres secteurs tels que l&rsquo;industrie agro-alimentaire.<\/p>\n\n<p>Au-del\u00e0 des dipl\u00f4mes, l&rsquo;\u00e9cole Horizon accorde une importance particuli\u00e8re \u00e0 l\u2019<strong>apprentissage collaboratif<\/strong>, favorisant ainsi les \u00e9changes entre \u00e9tudiants. Des projets collectifs, souvent li\u00e9s \u00e0 des th\u00e8mes d&rsquo;actualit\u00e9 comme le <strong>d\u00e9veloppement durable<\/strong>, sont mis en place pour encourager l&rsquo;initiative personnelle et l&rsquo;esprit d&rsquo;\u00e9quipe.<\/p>\n\n<h3 class=\"wp-block-heading\">Les modalit\u00e9s d&rsquo;admission<\/h3>\n\n<p>Pour rejoindre l&rsquo;<strong>\u00c9cole Horizon<\/strong>, les candidats doivent passer par un processus d&rsquo;admission rigoureux. Ce dernier inclut :<\/p>\n\n<ul class=\"wp-block-list\"><li>\ud83d\udcc4 Dossier de candidature<\/li><li>\ud83d\udc65 Entretien d\u2019admission<\/li><li>\ud83d\udcdd Tests de positionnement<\/li><\/ul>\n\n<p>Ces \u00e9tapes garantissent que chaque \u00e9tudiant souhaitant int\u00e9grer l&rsquo;\u00e9cole partage les valeurs d&rsquo;<strong>inclusion scolaire<\/strong> et d&rsquo;\u00e9galit\u00e9 des chances qui sont ch\u00e8res \u00e0 Horizon.<\/p>\n\n<h3 class=\"wp-block-heading\">Opportunit\u00e9s de poursuite d&rsquo;\u00e9tudes<\/h3>\n\n<p>Faire un BTS \u00e0 l&rsquo;<strong>\u00c9cole Horizon<\/strong> ne signifie pas n\u00e9cessairement entrer sur le march\u00e9 du travail imm\u00e9diatement, bien que 40% des \u00e9tudiants choisissent cette voie. D&rsquo;autres optent pour des \u00e9tudes sup\u00e9rieures, avec des formations adapt\u00e9es qui leur permettent de compl\u00e9ter leur parcours. L&rsquo;\u00e9cole s&rsquo;assure que le contenu de chaque formation soit r\u00e9guli\u00e8rement mis \u00e0 jour pour coller aux exigences du march\u00e9 du travail, en int\u00e9grant des m\u00e9thodes actives d&rsquo;enseignement qui privil\u00e9gient la mise en pratique.<\/p>\n\n<figure class=\"wp-block-table\"><table>\n<thead>\n<tr>\n<th>Formation<\/th>\n<th>D\u00e9bouch\u00e9s<\/th>\n<\/tr>\n<\/thead>\n<tbody>\n<tr>\n<td>BTS Di\u00e9t\u00e9tique<\/td>\n<td>\u00c9tablissements de soins, recherche, industrie agro-alimentaire<\/td>\n<\/tr>\n<tr>\n<td>BTS Biotechnologies<\/td>\n<td>Industries agro-alimentaires, secteur pharmaceutique<\/td>\n<\/tr>\n<tr>\n<td>BTS Analyses de Biologie M\u00e9dicale<\/td>\n<td>Laboratoires d\u2019analyses, centres de recherche<\/td>\n<\/tr>\n<\/tbody>\n<\/table><\/figure>\n\n<h2 class=\"wp-block-heading\">La vie estudiantine \u00e0 l&rsquo;\u00c9cole Horizon Strasbourg<\/h2>\n\n<p>Vivre des moments enrichissants dans un cadre scolaire ne se limite pas \u00e0 la seule activit\u00e9 acad\u00e9mique. \u00c0 l&rsquo;<strong>\u00c9cole Horizon<\/strong>, la vie estudiantine bat son plein avec un large \u00e9ventail d&rsquo;activit\u00e9s, allant des soir\u00e9es festives aux projets de b\u00e9n\u00e9volat, en passant par des visites culturelles. Cela favorise une atmosph\u00e8re d&rsquo;<strong>inclusion scolaire<\/strong> o\u00f9 chacun peut se d\u00e9couvrir et s&rsquo;\u00e9panouir en dehors des cours traditionnels.<\/p>\n\n<p>Les \u00e9l\u00e8ves sont encourag\u00e9s \u00e0 participer \u00e0 des \u00e9v\u00e9nements tels que :<\/p>\n\n<ul class=\"wp-block-list\"><li>\ud83c\udf89 Soir\u00e9es festives<\/li><li>\ud83c\udf0d Voyages d&rsquo;\u00e9tudes<\/li><li>\ud83c\udfad Soir\u00e9es de gala<\/li><li>\ud83c\udfc5 Activit\u00e9s sportives<\/li><li>\u2764\ufe0f \u0152uvres caritatives<\/li><\/ul>\n\n<p>Ces activit\u00e9s contribuent \u00e0 cr\u00e9er un sentiment d\u2019appartenance et \u00e0 d\u00e9velopper des comp\u00e9tences relationnelles essentielles \u00e0 la r\u00e9ussite professionnelle future. Les projets caritatifs, en particulier, sensibilisent les \u00e9tudiants \u00e0 des enjeux sociaux et leur enseignent l&rsquo;importance de la <strong>citoyennet\u00e9 mondiale<\/strong>.<\/p>\n\n<h3 class=\"wp-block-heading\">Partenariats et logements \u00e9tudiants<\/h3>\n\n<p>Horizon a \u00e9galement mis en place des partenariats strat\u00e9giques avec plusieurs entreprises qui offrent des stages et des opportunit\u00e9s d&rsquo;alternance. Des entreprises du secteur m\u00e9dical, comme l&rsquo;<strong>INSERM<\/strong> ou les <strong>Laboratoires Barrand<\/strong>, font confiance \u00e0 l&rsquo;\u00e9cole pour former les futurs talents de demain. Les \u00e9tudiants sont m\u00eame accompagn\u00e9s dans leur recherche de stage, lors d&rsquo;ateliers de r\u00e9daction de CV et de pr\u00e9paration aux entretiens d&#8217;embauche.<\/p>\n\n<p>Sur le plan du logement, l&rsquo;\u00e9cole a \u00e9tabli des accords avec des r\u00e9sidences universitaires \u00e0 proximit\u00e9, permettant ainsi aux \u00e9l\u00e8ves de b\u00e9n\u00e9ficier d\u2019un h\u00e9bergement de qualit\u00e9. Cela \u00e9vite le stress du transport et favorise l&rsquo;int\u00e9gration sociale au sein de l&rsquo;\u00e9cole.<\/p>\n\n<h2 class=\"wp-block-heading\">L&rsquo;importance de l&rsquo;innovation scolaire modernis\u00e9e<\/h2>\n\n<p>Dans un monde en perp\u00e9tuelle mutation, l&rsquo;<strong>innovation p\u00e9dagogique<\/strong> est primordiale. L&rsquo;<strong>\u00c9cole Horizon<\/strong> s&rsquo;engage \u00e0 pr\u00e9parer ses \u00e9tudiants aux d\u00e9fis de demain. En int\u00e9grant des outils num\u00e9riques dans l&rsquo;apprentissage, l&rsquo;\u00e9cole veille \u00e0 ce que chaque \u00e9l\u00e8ve puisse s&rsquo;adapter aux nouvelles m\u00e9thodes \u00e9ducatives tout en restant en phase avec les tendances de la <strong>formation continue<\/strong>.<\/p>\n\n<p>L&rsquo;\u00e9cole promeut \u00e9galement le <strong>multilinguisme<\/strong>, indispensable dans un monde globalis\u00e9. Les \u00e9tudiants ont l\u2019opportunit\u00e9 d\u2019apprendre plusieurs langues, ce qui augmente leurs chances sur le march\u00e9 du travail international.<\/p>\n\n<h3 class=\"wp-block-heading\">Des m\u00e9thodes actives d&rsquo;enseignement<\/h3>\n\n<p>L&rsquo;un des axes forts de l&rsquo;<strong>\u00c9cole Horizon<\/strong> repose sur l&rsquo;utilisation de <strong>m\u00e9thodes actives<\/strong> lors des s\u00e9ances de cours. Cela signifie que les \u00e9l\u00e8ves sont souvent impliqu\u00e9s dans des projets pratiques qui stimulent leur cr\u00e9ativit\u00e9 et leur esprit critique. Par exemple, des ateliers de simulation sont r\u00e9guli\u00e8rement organis\u00e9s pour les BTS o\u00f9 les \u00e9tudiants peuvent appliquer leurs comp\u00e9tences dans un cadre contr\u00f4l\u00e9, simulant les conditions r\u00e9elles du monde professionnel.<\/p>\n\n<p>Cette approche active favorise un environnement d&rsquo;apprentissage o\u00f9 le <strong>num\u00e9rique \u00e9ducatif<\/strong> joue un r\u00f4le central. Gr\u00e2ce \u00e0 des plateformes interactives, les \u00e9l\u00e8ves peuvent collaborer \u00e0 distance, \u00e9changer des id\u00e9es et travailler ensemble, offrant ainsi une flexibilit\u00e9 in\u00e9gal\u00e9e dans leurs \u00e9tudes.<\/p>\n\n<h2 class=\"wp-block-heading\">Les d\u00e9bouch\u00e9s professionnels \u00e0 l&rsquo;\u00c9cole Horizon Strasbourg<\/h2>\n\n<p>Les dipl\u00f4m\u00e9s de l&rsquo;<strong>\u00c9cole Horizon<\/strong> sont tr\u00e8s recherch\u00e9s sur le march\u00e9 de l&#8217;emploi. Les taux de r\u00e9ussite aux examens ainsi que les placements dans des emplois sont d&rsquo;excellents indicateurs de la qualit\u00e9 des formations propos\u00e9es. Les diff\u00e9rentes sp\u00e9cialisations permettent une large gamme de carri\u00e8res, r\u00e9fl\u00e9chissant \u00e0 la diversit\u00e9 des soins et des sciences.<\/p>\n\n<figure class=\"wp-block-table\"><table>\n<thead>\n<tr>\n<th>Formation<\/th>\n<th>D\u00e9bouch\u00e9s sp\u00e9cifiques<\/th>\n<\/tr>\n<\/thead>\n<tbody>\n<tr>\n<td>BTS Di\u00e9t\u00e9tique<\/td>\n<td>Nutritionniste en \u00e9tablissements de sant\u00e9<\/td>\n<\/tr>\n<tr>\n<td>BTS Biotechnologies<\/td>\n<td>Technicien en laboratoire pharmaceutique<\/td>\n<\/tr>\n<tr>\n<td>BTS Analyses de Biologie M\u00e9dicale<\/td>\n<td>Analyste en laboratoire d\u2019analyses m\u00e9dicale<\/td>\n<\/tr>\n<\/tbody>\n<\/table><\/figure>\n\n<p>Avec une communaut\u00e9 d&rsquo;\u00e9l\u00e8ves de plus de 35 000 qui ont pass\u00e9 les portes de l&rsquo;\u00e9cole, l&rsquo;exp\u00e9rience accumul\u00e9e au fil des ans est le garant d&rsquo;une formation s\u00e9rieuse et ancr\u00e9e dans la r\u00e9alit\u00e9. L&rsquo;<strong>\u00c9cole Horizon<\/strong> n\u2019est pas seulement un lieu d&rsquo;apprentissage, mais une v\u00e9ritable aventure \u00e9ducative qui pr\u00e9pare chaque \u00e9tudiant \u00e0 devenir un acteur du changement.<\/p>\n\n<h2 class=\"wp-block-heading\">Questions fr\u00e9quent\u00e9es<\/h2>\n\n<p>Quel est le processus d&rsquo;admission \u00e0 l&rsquo;\u00c9cole Horizon ?<\/p>\n\n<p>Les candidats doivent soumettre un dossier de candidature, passer un entretien d&rsquo;admission et r\u00e9ussir des tests de positionnement.<\/p>\n\n<p>Quels types de formations sont propos\u00e9es ?<\/p>\n\n<p>L&rsquo;\u00e9cole propose de nombreux BTS en di\u00e9t\u00e9tique, biotechnologies, analyses de biologie m\u00e9dicale, bioanalyses, bioqualit\u00e9 et SP3S.<\/p>\n\n<p>Est-ce que l&rsquo;\u00e9cole propose des activit\u00e9s extrascolaires ?<\/p>\n\n<p>Oui, l&rsquo;\u00e9cole organise des soir\u00e9es festives, des voyages d&rsquo;\u00e9tudes, des \u00e9v\u00e9nements sociaux et des \u0153uvres caritatives.<\/p>\n\n<p>Les \u00e9l\u00e8ves peuvent-ils apprendre plusieurs langues ?<\/p>\n\n<p>Absolument, l&rsquo;\u00e9cole propose des formations favorisant le <strong>multilinguisme<\/strong> pour pr\u00e9parer les \u00e9tudiants aux d\u00e9fis du march\u00e9 international.<\/p>\n\n<p>O\u00f9 se situent les logements pour les \u00e9tudiants ?<\/p>\n\n<p>Des partenariats avec des r\u00e9sidences universitaires \u00e0 proximit\u00e9 facilitent le logement pour les \u00e9tudiants de l&rsquo;\u00e9cole.<\/p>\n\n","protected":false},"excerpt":{"rendered":"<p>Dans un monde en constante \u00e9volution, le secteur \u00e9ducatif s&rsquo;est vu boulevers\u00e9 par des m\u00e9thodes d&rsquo;enseignement modernes, et l&rsquo;\u00c9cole Horizon Strasbourg se positionne comme un mod\u00e8le d&rsquo;innovation en mati\u00e8re d&rsquo;\u00e9ducation. En 2025, ce lieu d&rsquo;apprentissage se r\u00e9invente, unissant des concepts novateurs avec la n\u00e9cessit\u00e9 de former des \u00e9l\u00e8ves non seulement acad\u00e9miquement, mais aussi sur le &#8230; <a title=\"\u00c9cole Horizon Strasbourg : un mod\u00e8le d&rsquo;\u00e9ducation innovant en 2025\" class=\"read-more\" href=\"https:\/\/www.apres-lecole.fr\/Blog\/ecole-horizon-strasbourg-2025\/\" aria-label=\"En savoir plus sur \u00c9cole Horizon Strasbourg : un mod\u00e8le d&rsquo;\u00e9ducation innovant en 2025\">Lire plus<\/a><\/p>\n","protected":false},"author":7,"featured_media":2244,"comment_status":"open","ping_status":"open","sticky":false,"template":"","format":"standard","meta":{"footnotes":""},"categories":[342],"tags":[1439,1438,1397,1415,852],"class_list":["post-2245","post","type-post","status-publish","format-standard","has-post-thumbnail","hentry","category-actualites","tag-avenir-de-leducation","tag-ecole-horizon-strasbourg","tag-education-innovante","tag-modele-educatif","tag-strasbourg"],"yoast_head":"<!-- This site is optimized with the Yoast SEO plugin v27.5 - https:\/\/yoast.com\/product\/yoast-seo-wordpress\/ -->\n<title>\u00c9cole Horizon Strasbourg : l\u2019innovation \u00e9ducative de 2025 en action<\/title>\n<meta name=\"description\" content=\"D\u00e9couvrez l&#039;\u00c9cole Horizon Strasbourg : une r\u00e9f\u00e9rence d&#039;\u00e9ducation innovante en 2025, alliant p\u00e9dagogie moderne et r\u00e9ussite des \u00e9l\u00e8ves.\" \/>\n<meta name=\"robots\" content=\"index, follow, max-snippet:-1, max-image-preview:large, max-video-preview:-1\" \/>\n<link rel=\"canonical\" href=\"https:\/\/www.apres-lecole.fr\/Blog\/ecole-horizon-strasbourg-2025\/\" \/>\n<meta property=\"og:locale\" content=\"fr_FR\" \/>\n<meta property=\"og:type\" content=\"article\" \/>\n<meta property=\"og:title\" content=\"\u00c9cole Horizon Strasbourg : l\u2019innovation \u00e9ducative de 2025 en action\" \/>\n<meta property=\"og:description\" content=\"D\u00e9couvrez l&#039;\u00c9cole Horizon Strasbourg : une r\u00e9f\u00e9rence d&#039;\u00e9ducation innovante en 2025, alliant p\u00e9dagogie moderne et r\u00e9ussite des \u00e9l\u00e8ves.\" \/>\n<meta property=\"og:url\" content=\"https:\/\/www.apres-lecole.fr\/Blog\/ecole-horizon-strasbourg-2025\/\" \/>\n<meta property=\"article:published_time\" content=\"2025-08-25T06:34:41+00:00\" \/>\n<meta property=\"og:image\" content=\"https:\/\/www.apres-lecole.fr\/Blog\/wp-content\/uploads\/2025\/08\/Ecole-Horizon-Strasbourg-un-modele-deducation-innovant-en-2025.jpg\" \/>\n\t<meta property=\"og:image:width\" content=\"1344\" \/>\n\t<meta property=\"og:image:height\" content=\"768\" \/>\n\t<meta property=\"og:image:type\" content=\"image\/jpeg\" \/>\n<meta name=\"twitter:card\" content=\"summary_large_image\" \/>\n<meta name=\"twitter:label1\" content=\"\u00c9crit par\" \/>\n\t<meta name=\"twitter:data1\" content=\"\" \/>\n\t<meta name=\"twitter:label2\" content=\"Dur\u00e9e de lecture estim\u00e9e\" \/>\n\t<meta name=\"twitter:data2\" content=\"7 minutes\" \/>\n<script type=\"application\/ld+json\" class=\"yoast-schema-graph\">{\"@context\":\"https:\\\/\\\/schema.org\",\"@graph\":[{\"@type\":\"Article\",\"@id\":\"https:\\\/\\\/www.apres-lecole.fr\\\/Blog\\\/ecole-horizon-strasbourg-2025\\\/#article\",\"isPartOf\":{\"@id\":\"https:\\\/\\\/www.apres-lecole.fr\\\/Blog\\\/ecole-horizon-strasbourg-2025\\\/\"},\"author\":{\"name\":\"\",\"@id\":\"\"},\"headline\":\"\u00c9cole Horizon Strasbourg : un mod\u00e8le d&rsquo;\u00e9ducation innovant en 2025\",\"datePublished\":\"2025-08-25T06:34:41+00:00\",\"mainEntityOfPage\":{\"@id\":\"https:\\\/\\\/www.apres-lecole.fr\\\/Blog\\\/ecole-horizon-strasbourg-2025\\\/\"},\"wordCount\":1362,\"commentCount\":0,\"image\":{\"@id\":\"https:\\\/\\\/www.apres-lecole.fr\\\/Blog\\\/ecole-horizon-strasbourg-2025\\\/#primaryimage\"},\"thumbnailUrl\":\"https:\\\/\\\/www.apres-lecole.fr\\\/Blog\\\/wp-content\\\/uploads\\\/2025\\\/08\\\/Ecole-Horizon-Strasbourg-un-modele-deducation-innovant-en-2025.jpg\",\"keywords\":[\"avenir de l'\u00e9ducation\",\"\u00e9cole horizon strasbourg\",\"\u00e9ducation innovante\",\"mod\u00e8le \u00e9ducatif\",\"strasbourg\"],\"articleSection\":[\"Actualit\u00e9s\"],\"inLanguage\":\"fr-FR\",\"potentialAction\":[{\"@type\":\"CommentAction\",\"name\":\"Comment\",\"target\":[\"https:\\\/\\\/www.apres-lecole.fr\\\/Blog\\\/ecole-horizon-strasbourg-2025\\\/#respond\"]}]},{\"@type\":\"WebPage\",\"@id\":\"https:\\\/\\\/www.apres-lecole.fr\\\/Blog\\\/ecole-horizon-strasbourg-2025\\\/\",\"url\":\"https:\\\/\\\/www.apres-lecole.fr\\\/Blog\\\/ecole-horizon-strasbourg-2025\\\/\",\"name\":\"\u00c9cole Horizon Strasbourg : l\u2019innovation \u00e9ducative de 2025 en action\",\"isPartOf\":{\"@id\":\"https:\\\/\\\/www.apres-lecole.fr\\\/Blog\\\/#website\"},\"primaryImageOfPage\":{\"@id\":\"https:\\\/\\\/www.apres-lecole.fr\\\/Blog\\\/ecole-horizon-strasbourg-2025\\\/#primaryimage\"},\"image\":{\"@id\":\"https:\\\/\\\/www.apres-lecole.fr\\\/Blog\\\/ecole-horizon-strasbourg-2025\\\/#primaryimage\"},\"thumbnailUrl\":\"https:\\\/\\\/www.apres-lecole.fr\\\/Blog\\\/wp-content\\\/uploads\\\/2025\\\/08\\\/Ecole-Horizon-Strasbourg-un-modele-deducation-innovant-en-2025.jpg\",\"datePublished\":\"2025-08-25T06:34:41+00:00\",\"author\":{\"@id\":\"\"},\"description\":\"D\u00e9couvrez l'\u00c9cole Horizon Strasbourg : une r\u00e9f\u00e9rence d'\u00e9ducation innovante en 2025, alliant p\u00e9dagogie moderne et r\u00e9ussite des \u00e9l\u00e8ves.\",\"breadcrumb\":{\"@id\":\"https:\\\/\\\/www.apres-lecole.fr\\\/Blog\\\/ecole-horizon-strasbourg-2025\\\/#breadcrumb\"},\"inLanguage\":\"fr-FR\",\"potentialAction\":[{\"@type\":\"ReadAction\",\"target\":[\"https:\\\/\\\/www.apres-lecole.fr\\\/Blog\\\/ecole-horizon-strasbourg-2025\\\/\"]}]},{\"@type\":\"ImageObject\",\"inLanguage\":\"fr-FR\",\"@id\":\"https:\\\/\\\/www.apres-lecole.fr\\\/Blog\\\/ecole-horizon-strasbourg-2025\\\/#primaryimage\",\"url\":\"https:\\\/\\\/www.apres-lecole.fr\\\/Blog\\\/wp-content\\\/uploads\\\/2025\\\/08\\\/Ecole-Horizon-Strasbourg-un-modele-deducation-innovant-en-2025.jpg\",\"contentUrl\":\"https:\\\/\\\/www.apres-lecole.fr\\\/Blog\\\/wp-content\\\/uploads\\\/2025\\\/08\\\/Ecole-Horizon-Strasbourg-un-modele-deducation-innovant-en-2025.jpg\",\"width\":1344,\"height\":768,\"caption\":\"d\u00e9couvrez comment l'\u00e9cole horizon strasbourg r\u00e9volutionne l'\u00e9ducation en 2025 avec ses m\u00e9thodes p\u00e9dagogiques innovantes, offrant aux \u00e9l\u00e8ves un apprentissage personnalis\u00e9 et des comp\u00e9tences adapt\u00e9es au monde de demain.\"},{\"@type\":\"BreadcrumbList\",\"@id\":\"https:\\\/\\\/www.apres-lecole.fr\\\/Blog\\\/ecole-horizon-strasbourg-2025\\\/#breadcrumb\",\"itemListElement\":[{\"@type\":\"ListItem\",\"position\":1,\"name\":\"Home\",\"item\":\"https:\\\/\\\/www.apres-lecole.fr\\\/Blog\\\/\"},{\"@type\":\"ListItem\",\"position\":2,\"name\":\"\u00c9cole Horizon Strasbourg : un mod\u00e8le d&rsquo;\u00e9ducation innovant en 2025\"}]},{\"@type\":\"WebSite\",\"@id\":\"https:\\\/\\\/www.apres-lecole.fr\\\/Blog\\\/#website\",\"url\":\"https:\\\/\\\/www.apres-lecole.fr\\\/Blog\\\/\",\"name\":\"\",\"description\":\"M\u00e9dia g\u00e9n\u00e9raliste\",\"potentialAction\":[{\"@type\":\"SearchAction\",\"target\":{\"@type\":\"EntryPoint\",\"urlTemplate\":\"https:\\\/\\\/www.apres-lecole.fr\\\/Blog\\\/?s={search_term_string}\"},\"query-input\":{\"@type\":\"PropertyValueSpecification\",\"valueRequired\":true,\"valueName\":\"search_term_string\"}}],\"inLanguage\":\"fr-FR\"},{\"@type\":\"Person\",\"@id\":\"\",\"url\":\"https:\\\/\\\/www.apres-lecole.fr\\\/Blog\\\/author\\\/\"}]}<\/script>\n<!-- \/ Yoast SEO plugin. -->","yoast_head_json":{"title":"\u00c9cole Horizon Strasbourg : l\u2019innovation \u00e9ducative de 2025 en action","description":"D\u00e9couvrez l'\u00c9cole Horizon Strasbourg : une r\u00e9f\u00e9rence d'\u00e9ducation innovante en 2025, alliant p\u00e9dagogie moderne et r\u00e9ussite des \u00e9l\u00e8ves.","robots":{"index":"index","follow":"follow","max-snippet":"max-snippet:-1","max-image-preview":"max-image-preview:large","max-video-preview":"max-video-preview:-1"},"canonical":"https:\/\/www.apres-lecole.fr\/Blog\/ecole-horizon-strasbourg-2025\/","og_locale":"fr_FR","og_type":"article","og_title":"\u00c9cole Horizon Strasbourg : l\u2019innovation \u00e9ducative de 2025 en action","og_description":"D\u00e9couvrez l'\u00c9cole Horizon Strasbourg : une r\u00e9f\u00e9rence d'\u00e9ducation innovante en 2025, alliant p\u00e9dagogie moderne et r\u00e9ussite des \u00e9l\u00e8ves.","og_url":"https:\/\/www.apres-lecole.fr\/Blog\/ecole-horizon-strasbourg-2025\/","article_published_time":"2025-08-25T06:34:41+00:00","og_image":[{"width":1344,"height":768,"url":"https:\/\/www.apres-lecole.fr\/Blog\/wp-content\/uploads\/2025\/08\/Ecole-Horizon-Strasbourg-un-modele-deducation-innovant-en-2025.jpg","type":"image\/jpeg"}],"twitter_card":"summary_large_image","twitter_misc":{"\u00c9crit par":"","Dur\u00e9e de lecture estim\u00e9e":"7 minutes"},"schema":{"@context":"https:\/\/schema.org","@graph":[{"@type":"Article","@id":"https:\/\/www.apres-lecole.fr\/Blog\/ecole-horizon-strasbourg-2025\/#article","isPartOf":{"@id":"https:\/\/www.apres-lecole.fr\/Blog\/ecole-horizon-strasbourg-2025\/"},"author":{"name":"","@id":""},"headline":"\u00c9cole Horizon Strasbourg : un mod\u00e8le d&rsquo;\u00e9ducation innovant en 2025","datePublished":"2025-08-25T06:34:41+00:00","mainEntityOfPage":{"@id":"https:\/\/www.apres-lecole.fr\/Blog\/ecole-horizon-strasbourg-2025\/"},"wordCount":1362,"commentCount":0,"image":{"@id":"https:\/\/www.apres-lecole.fr\/Blog\/ecole-horizon-strasbourg-2025\/#primaryimage"},"thumbnailUrl":"https:\/\/www.apres-lecole.fr\/Blog\/wp-content\/uploads\/2025\/08\/Ecole-Horizon-Strasbourg-un-modele-deducation-innovant-en-2025.jpg","keywords":["avenir de l'\u00e9ducation","\u00e9cole horizon strasbourg","\u00e9ducation innovante","mod\u00e8le \u00e9ducatif","strasbourg"],"articleSection":["Actualit\u00e9s"],"inLanguage":"fr-FR","potentialAction":[{"@type":"CommentAction","name":"Comment","target":["https:\/\/www.apres-lecole.fr\/Blog\/ecole-horizon-strasbourg-2025\/#respond"]}]},{"@type":"WebPage","@id":"https:\/\/www.apres-lecole.fr\/Blog\/ecole-horizon-strasbourg-2025\/","url":"https:\/\/www.apres-lecole.fr\/Blog\/ecole-horizon-strasbourg-2025\/","name":"\u00c9cole Horizon Strasbourg : l\u2019innovation \u00e9ducative de 2025 en action","isPartOf":{"@id":"https:\/\/www.apres-lecole.fr\/Blog\/#website"},"primaryImageOfPage":{"@id":"https:\/\/www.apres-lecole.fr\/Blog\/ecole-horizon-strasbourg-2025\/#primaryimage"},"image":{"@id":"https:\/\/www.apres-lecole.fr\/Blog\/ecole-horizon-strasbourg-2025\/#primaryimage"},"thumbnailUrl":"https:\/\/www.apres-lecole.fr\/Blog\/wp-content\/uploads\/2025\/08\/Ecole-Horizon-Strasbourg-un-modele-deducation-innovant-en-2025.jpg","datePublished":"2025-08-25T06:34:41+00:00","author":{"@id":""},"description":"D\u00e9couvrez l'\u00c9cole Horizon Strasbourg : une r\u00e9f\u00e9rence d'\u00e9ducation innovante en 2025, alliant p\u00e9dagogie moderne et r\u00e9ussite des \u00e9l\u00e8ves.","breadcrumb":{"@id":"https:\/\/www.apres-lecole.fr\/Blog\/ecole-horizon-strasbourg-2025\/#breadcrumb"},"inLanguage":"fr-FR","potentialAction":[{"@type":"ReadAction","target":["https:\/\/www.apres-lecole.fr\/Blog\/ecole-horizon-strasbourg-2025\/"]}]},{"@type":"ImageObject","inLanguage":"fr-FR","@id":"https:\/\/www.apres-lecole.fr\/Blog\/ecole-horizon-strasbourg-2025\/#primaryimage","url":"https:\/\/www.apres-lecole.fr\/Blog\/wp-content\/uploads\/2025\/08\/Ecole-Horizon-Strasbourg-un-modele-deducation-innovant-en-2025.jpg","contentUrl":"https:\/\/www.apres-lecole.fr\/Blog\/wp-content\/uploads\/2025\/08\/Ecole-Horizon-Strasbourg-un-modele-deducation-innovant-en-2025.jpg","width":1344,"height":768,"caption":"d\u00e9couvrez comment l'\u00e9cole horizon strasbourg r\u00e9volutionne l'\u00e9ducation en 2025 avec ses m\u00e9thodes p\u00e9dagogiques innovantes, offrant aux \u00e9l\u00e8ves un apprentissage personnalis\u00e9 et des comp\u00e9tences adapt\u00e9es au monde de demain."},{"@type":"BreadcrumbList","@id":"https:\/\/www.apres-lecole.fr\/Blog\/ecole-horizon-strasbourg-2025\/#breadcrumb","itemListElement":[{"@type":"ListItem","position":1,"name":"Home","item":"https:\/\/www.apres-lecole.fr\/Blog\/"},{"@type":"ListItem","position":2,"name":"\u00c9cole Horizon Strasbourg : un mod\u00e8le d&rsquo;\u00e9ducation innovant en 2025"}]},{"@type":"WebSite","@id":"https:\/\/www.apres-lecole.fr\/Blog\/#website","url":"https:\/\/www.apres-lecole.fr\/Blog\/","name":"","description":"M\u00e9dia g\u00e9n\u00e9raliste","potentialAction":[{"@type":"SearchAction","target":{"@type":"EntryPoint","urlTemplate":"https:\/\/www.apres-lecole.fr\/Blog\/?s={search_term_string}"},"query-input":{"@type":"PropertyValueSpecification","valueRequired":true,"valueName":"search_term_string"}}],"inLanguage":"fr-FR"},{"@type":"Person","@id":"","url":"https:\/\/www.apres-lecole.fr\/Blog\/author\/"}]}},"views":18,"_links":{"self":[{"href":"https:\/\/www.apres-lecole.fr\/Blog\/wp-json\/wp\/v2\/posts\/2245","targetHints":{"allow":["GET"]}}],"collection":[{"href":"https:\/\/www.apres-lecole.fr\/Blog\/wp-json\/wp\/v2\/posts"}],"about":[{"href":"https:\/\/www.apres-lecole.fr\/Blog\/wp-json\/wp\/v2\/types\/post"}],"author":[{"embeddable":true,"href":"https:\/\/www.apres-lecole.fr\/Blog\/wp-json\/wp\/v2\/users\/7"}],"replies":[{"embeddable":true,"href":"https:\/\/www.apres-lecole.fr\/Blog\/wp-json\/wp\/v2\/comments?post=2245"}],"version-history":[{"count":0,"href":"https:\/\/www.apres-lecole.fr\/Blog\/wp-json\/wp\/v2\/posts\/2245\/revisions"}],"wp:featuredmedia":[{"embeddable":true,"href":"https:\/\/www.apres-lecole.fr\/Blog\/wp-json\/wp\/v2\/media\/2244"}],"wp:attachment":[{"href":"https:\/\/www.apres-lecole.fr\/Blog\/wp-json\/wp\/v2\/media?parent=2245"}],"wp:term":[{"taxonomy":"category","embeddable":true,"href":"https:\/\/www.apres-lecole.fr\/Blog\/wp-json\/wp\/v2\/categories?post=2245"},{"taxonomy":"post_tag","embeddable":true,"href":"https:\/\/www.apres-lecole.fr\/Blog\/wp-json\/wp\/v2\/tags?post=2245"}],"curies":[{"name":"wp","href":"https:\/\/api.w.org\/{rel}","templated":true}]}}