{"id":2242,"date":"2025-08-24T07:13:35","date_gmt":"2025-08-24T07:13:35","guid":{"rendered":"https:\/\/www.apres-lecole.fr\/Blog\/rentreescolaire-sport-sante\/"},"modified":"2025-08-24T07:13:35","modified_gmt":"2025-08-24T07:13:35","slug":"rentreescolaire-sport-sante","status":"publish","type":"post","link":"https:\/\/www.apres-lecole.fr\/Blog\/rentreescolaire-sport-sante\/","title":{"rendered":"Rentr\u00e9e scolaire : La 11\u00e8me \u00e9dition d\u00e9di\u00e9e au sport et \u00e0 la sant\u00e9"},"content":{"rendered":"\n\n<div class=\"kk-star-ratings kksr-auto kksr-align-left kksr-valign-top\"\n    data-payload='{&quot;align&quot;:&quot;left&quot;,&quot;id&quot;:&quot;2242&quot;,&quot;slug&quot;:&quot;default&quot;,&quot;valign&quot;:&quot;top&quot;,&quot;ignore&quot;:&quot;&quot;,&quot;reference&quot;:&quot;auto&quot;,&quot;class&quot;:&quot;&quot;,&quot;count&quot;:&quot;0&quot;,&quot;legendonly&quot;:&quot;&quot;,&quot;readonly&quot;:&quot;&quot;,&quot;score&quot;:&quot;0&quot;,&quot;starsonly&quot;:&quot;&quot;,&quot;best&quot;:&quot;5&quot;,&quot;gap&quot;:&quot;5&quot;,&quot;greet&quot;:&quot;Rate this post&quot;,&quot;legend&quot;:&quot;0\\\/5 - (0 vote)&quot;,&quot;size&quot;:&quot;24&quot;,&quot;title&quot;:&quot;Rentr\u00e9e scolaire : La 11\u00e8me \u00e9dition d\u00e9di\u00e9e au sport et \u00e0 la sant\u00e9&quot;,&quot;width&quot;:&quot;0&quot;,&quot;_legend&quot;:&quot;{score}\\\/{best} - ({count} {votes})&quot;,&quot;font_factor&quot;:&quot;1.25&quot;}'>\n            \n<div class=\"kksr-stars\">\n    \n<div class=\"kksr-stars-inactive\">\n            <div class=\"kksr-star\" data-star=\"1\" style=\"padding-right: 5px\">\n            \n\n<div class=\"kksr-icon\" style=\"width: 24px; height: 24px;\"><\/div>\n        <\/div>\n            <div class=\"kksr-star\" data-star=\"2\" style=\"padding-right: 5px\">\n            \n\n<div class=\"kksr-icon\" style=\"width: 24px; height: 24px;\"><\/div>\n        <\/div>\n            <div class=\"kksr-star\" data-star=\"3\" style=\"padding-right: 5px\">\n            \n\n<div class=\"kksr-icon\" style=\"width: 24px; height: 24px;\"><\/div>\n        <\/div>\n            <div class=\"kksr-star\" data-star=\"4\" style=\"padding-right: 5px\">\n            \n\n<div class=\"kksr-icon\" style=\"width: 24px; height: 24px;\"><\/div>\n        <\/div>\n            <div class=\"kksr-star\" data-star=\"5\" style=\"padding-right: 5px\">\n            \n\n<div class=\"kksr-icon\" style=\"width: 24px; height: 24px;\"><\/div>\n        <\/div>\n    <\/div>\n    \n<div class=\"kksr-stars-active\" style=\"width: 0px;\">\n            <div class=\"kksr-star\" style=\"padding-right: 5px\">\n            \n\n<div class=\"kksr-icon\" style=\"width: 24px; height: 24px;\"><\/div>\n        <\/div>\n            <div class=\"kksr-star\" style=\"padding-right: 5px\">\n            \n\n<div class=\"kksr-icon\" style=\"width: 24px; height: 24px;\"><\/div>\n        <\/div>\n            <div class=\"kksr-star\" style=\"padding-right: 5px\">\n            \n\n<div class=\"kksr-icon\" style=\"width: 24px; height: 24px;\"><\/div>\n        <\/div>\n            <div class=\"kksr-star\" style=\"padding-right: 5px\">\n            \n\n<div class=\"kksr-icon\" style=\"width: 24px; height: 24px;\"><\/div>\n        <\/div>\n            <div class=\"kksr-star\" style=\"padding-right: 5px\">\n            \n\n<div class=\"kksr-icon\" style=\"width: 24px; height: 24px;\"><\/div>\n        <\/div>\n    <\/div>\n<\/div>\n                \n\n<div class=\"kksr-legend\" style=\"font-size: 19.2px;\">\n            <span class=\"kksr-muted\">Rate this post<\/span>\n    <\/div>\n    <\/div>\n<p>La rentr\u00e9e scolaire s\u2019annon\u00e7ant, un \u00e9v\u00e9nement incontournable d\u00e9bute \u00e0 Papeete : la 11\u00e8me \u00e9dition de l\u2019op\u00e9ration Back to School. Organis\u00e9e par l\u2019association Papeete Centre Ville, cette initiative ne fait pas que marquer la reprise des activit\u00e9s scolaires ; elle se concentre aussi sur des th\u00e9matiques vitales : le sport et la sant\u00e9. Dans un contexte o\u00f9 le bien-\u00eatre mental et physique des \u00e9l\u00e8ves est plus que jamais illustr\u00e9, cet \u00e9v\u00e9nement se transforme rapidement en une c\u00e9l\u00e9bration du sport, du partage et des comportements sains. \u00c0 travers des ateliers pratiques, des d\u00e9monstrations et des concours, les jeunes sont invit\u00e9s \u00e0 red\u00e9couvrir le plaisir de faire du sport tout en s&rsquo;informant sur des comportements pr\u00e9ventifs. La magie op\u00e8re d\u00e8s les premi\u00e8res heures de la journ\u00e9e, avec une ambiance bon enfant qui r\u00e8gne sur les quais de Papeete, o\u00f9 les familles s\u2019installent pour profiter de l\u2019\u00e9ventail d\u2019activit\u00e9s propos\u00e9es. <\/p>\n\n<h2 class=\"wp-block-heading\">Une journ\u00e9e d\u00e9di\u00e9e \u00e0 la promotion de la sant\u00e9 et du bien-\u00eatre<\/h2>\n\n<p>La 11\u00e8me \u00e9dition de Back to School se distingue par son engagement envers la sant\u00e9 des jeunes g\u00e9n\u00e9rations. L&rsquo;\u00e9v\u00e9nement qui s&rsquo;est tenu le 23 ao\u00fbt dernier inclut plus d&rsquo;une centaine de stands et une vari\u00e9t\u00e9 d\u2019ateliers sportifs riches et diversifi\u00e9s allant de l&rsquo;escrime aux courses, en passant par le cyclisme et le BMX. Mais ce n&rsquo;est pas tout, car cet \u00e9v\u00e9nement ambitionne aussi d&rsquo;inculquer des notions fondamentales sur la pr\u00e9vention en mati\u00e8re de sant\u00e9.<\/p>\n\n<h3 class=\"wp-block-heading\">Les activit\u00e9s sportives au c\u0153ur de l&rsquo;\u00e9v\u00e9nement<\/h3>\n\n<p>La diversit\u00e9 des activit\u00e9s propos\u00e9es incarne parfaitement le lien entre le plaisir du sport et le bien-\u00eatre. Voici quelques exemples d&rsquo;activit\u00e9s qui ont ravi petits et grands : <\/p>\n\n<ul class=\"wp-block-list\"><li>\ud83c\udfca\u200d\u2642\ufe0f <strong>Ateliers de natation<\/strong> : Une occasion id\u00e9ale pour apprendre \u00e0 g\u00e9rer son stress dans l&rsquo;eau.<\/li><li>\ud83d\udeb4\u200d\u2640\ufe0f <strong>Cyclisme<\/strong> : Des balades ont \u00e9t\u00e9 organis\u00e9es pour promouvoir la convivialit\u00e9 tout en gardant la forme.<\/li><li>\u2694\ufe0f <strong>D\u00e9monstrations d\u2019escrime<\/strong> : Un sport qui aide \u00e0 d\u00e9velopper la concentration et la discipline.<\/li><li>\ud83c\udfb6 <strong>Concours de danse<\/strong> : Parfait pour booster la cr\u00e9ativit\u00e9 et le dynamisme.<\/li><\/ul>\n\n<p>Cette ann\u00e9e, des affiches de la campagne \u00ab\u00a0No ICE\u00a0\u00bb, ax\u00e9e sur la pr\u00e9vention des addictions, font partie int\u00e9grante de l&rsquo;\u00e9v\u00e9nement. Les jeunes sont sensibilis\u00e9s, \u00e0 travers des jeux et comp\u00e9titions, \u00e0 l&rsquo;importance de garder un esprit sain dans un corps sain.<\/p>\n\n<h2 class=\"wp-block-heading\">L&rsquo;importance de l&rsquo;engagement communautaire et parental<\/h2>\n\n<p>Un autre aspect fondamental de cette journ\u00e9e est l&rsquo;implication des parents et des membres de la communaut\u00e9. L&rsquo;\u00e9v\u00e9nement attire non seulement les enfants, mais permet \u00e9galement aux adultes de d\u00e9couvrir des ressources utiles pour la scolarit\u00e9 de leurs enfants.<\/p>\n\n<p>Les parents, habitu\u00e9s \u00e0 ce rendez-vous annuel, trouvent au sein de cette journ\u00e9e un vrai programme d&rsquo;activit\u00e9s ludiques pour occuper leurs enfants pendant les vacances. Le r\u00e9seau de soutien est renforc\u00e9 par la pr\u00e9sence d\u2019associations comme l\u2019AP DYS, qui accompagne les familles d&rsquo;enfants ayant des troubles de l&rsquo;apprentissage. La pr\u00e9sidente de l&rsquo;association, Elise Millot, a partag\u00e9 : <\/p>\n\n<blockquote class=\"wp-block-quote is-layout-flow wp-block-quote-is-layout-flow\"><p>\u00ab\u00a0Nous avons l&rsquo;opportunit\u00e9 de toucher les enfants, leurs parents, et m\u00eame leurs enseignants pour offrir un soutien tout au long de l&rsquo;ann\u00e9e scolaire.\u00a0\u00bb<\/p><\/blockquote>\n\n<p>Cette approche fait de Back to School un \u00e9v\u00e9nement plus qu\u2019un simple rassemblement : c\u2019est une v\u00e9ritable chance de faire le plein d&rsquo;informations et de contacts utiles pour mieux orienter l&rsquo;\u00e9ducation des jeunes. En effet, les associations de soutien, le collectif pour les troubles du comportement, et d&rsquo;autres initiatives locales, sont l\u00e0 pour seconder les familles dans leur r\u00f4le \u00e9ducatif.<\/p>\n\n<h3 class=\"wp-block-heading\">Un \u00e9v\u00e9nement ancr\u00e9 dans la r\u00e9alit\u00e9 soci\u00e9tale<\/h3>\n\n<p>L&rsquo;\u00e9v\u00e9nement trouve \u00e9cho dans une r\u00e9alit\u00e9 o\u00f9 les adolescents sont confront\u00e9s \u00e0 des d\u00e9fis quotidiens croissants, notamment li\u00e9s \u00e0 la sant\u00e9 mentale et physique. Des \u00e9tudes d\u00e9montrent qu&rsquo;une partie importante de la jeunesse fait face \u00e0 des probl\u00e8mes tels que l&rsquo;anxi\u00e9t\u00e9 et la d\u00e9pression. Ainsi, ce genre d&rsquo;initiatives permet \u00e0 la collectivit\u00e9 d\u2019\u0153uvrer ensemble pour cr\u00e9er un environnement sain et stimulant.<\/p>\n\n<ul class=\"wp-block-list\"><li>\ud83c\udfeb <strong>\u00c9coles et \u00e9ducateurs actifs<\/strong> : encourager la sant\u00e9 et le sport dans les programmes scolaires.<\/li><li>\ud83d\udcac <strong>Conversations sur le bien-\u00eatre<\/strong> : promouvoir l&rsquo;\u00e9change de bonnes pratiques en mati\u00e8re de sant\u00e9.<\/li><li>\ud83e\udd1d <strong>Partenariat public-priv\u00e9<\/strong> : sensibiliser la population \u00e0 travers des \u00e9v\u00e9nements comme celui-ci.<\/li><\/ul>\n\n<h2 class=\"wp-block-heading\">Le sport, un vecteur de sociabilit\u00e9 et d&rsquo;apprentissage<\/h2>\n\n<p>Le sport n\u2019est pas seulement un moyen de rester actif ; c\u2019est \u00e9galement une \u00e9cole de vie. \u00c0 travers la comp\u00e9tition, les enfants d\u00e9couvrent \u00e0 la fois la notions de victoire et de d\u00e9faite, d\u2019efforts et de partage. C\u2019est ce que souligne S\u00e9bastien Bouzard, pr\u00e9sident de Papeete Centre Ville, qui insiste sur l\u2019aspect \u00e9ducatif du sport.<\/p>\n\n<p><strong>\u00c9tudier le r\u00f4le des activit\u00e9s physiques dans l&rsquo;\u00e9ducation : <\/strong> \u00c0 partir de nombreuses exp\u00e9riences, il est clair que l&rsquo;int\u00e9gration de cours de sport telles que le basket, le foot ou encore la danse dans le cursus scolaire favorise non seulement la condition physique mais \u00e9galement la coh\u00e9sion sociale. <\/p>\n\n<h3 class=\"wp-block-heading\">La place du sport \u00e0 l&rsquo;\u00e9cole<\/h3>\n\n<p>En France, la tendance est d\u2019int\u00e9grer plus de 2 heures de sport dans les programmes scolaires, notamment dans les zones d\u2019\u00e9ducation prioritaire. L\u2019\u00e9ducation sportive est essentielle pour permettre \u00e0 chaque enfant d\u2019\u00e9voluer harmonieusement. Par cons\u00e9quent, opter pour le sport d\u00e8s le plus jeune \u00e2ge porte ses fruits en termes de sant\u00e9 mentale et physique. Un tableau d&rsquo;activit\u00e9s pourrait illustrer les diff\u00e9rents sports propos\u00e9s aux enfants :<\/p>\n\n<figure class=\"wp-block-table\"><table>\n<thead>\n<tr>\n<th>Sport<\/th>\n<th>B\u00e9n\u00e9fices<\/th>\n<th>F\u00e9d\u00e9ration<\/th>\n<\/tr>\n<\/thead>\n<tbody>\n<tr>\n<td>Football<\/td>\n<td>D\u00e9veloppement de l&rsquo;esprit d&rsquo;\u00e9quipe<\/td>\n<td>FFF<\/td>\n<\/tr>\n<tr>\n<td>Danse<\/td>\n<td>Expression cr\u00e9ative<\/td>\n<td>FFHD<\/td>\n<\/tr>\n<tr>\n<td>Natation<\/td>\n<td>Renforcement musculaire et endurance<\/td>\n<td>FFN<\/td>\n<\/tr>\n<tr>\n<td>Escrime<\/td>\n<td>Concentration et respect des r\u00e8gles<\/td>\n<td>F\u00e9d\u00e9ration Fran\u00e7aise d&rsquo;Escrime<\/td>\n<\/tr>\n<\/tbody>\n<\/table><\/figure>\n\n<p>L\u2019int\u00e9gration de ces sports dans les \u00e9coles se traduit par une meilleure ambiance en classe, o\u00f9 les \u00e9l\u00e8ves se sentent plus \u00e9panouis et engag\u00e9s. Les enseignants sont \u00e9galement form\u00e9s pour encadrer ces activit\u00e9s, renfor\u00e7ant ainsi le lien entre \u00e9ducation et activit\u00e9s sportives.<\/p>\n\n<h2 class=\"wp-block-heading\">Innovations et tendances pour le futur du sport scolaire<\/h2>\n\n<p>Avec l&rsquo;essor de la technologie, les pratiques sportives \u00e9voluent \u00e9galement. Les outils num\u00e9riques permettent de mieux suivre la progression et le bien-\u00eatre des \u00e9l\u00e8ves. Par exemple, des applications d\u00e9di\u00e9es au suivi de l&rsquo;activit\u00e9 physique peuvent \u00eatre un excellent compl\u00e9ment pour inciter les jeunes \u00e0 rester actifs.<\/p>\n\n<p>Des entreprises comme <strong>Decathlon<\/strong>, <strong>Go Sport<\/strong> et <strong>Intermarch\u00e9<\/strong> offrent r\u00e9guli\u00e8rement des \u00e9quipements adapt\u00e9s pour rendre le sport encore plus accessible. Les collaborations avec des marques comme <strong>Nike<\/strong> et <strong>Adidas<\/strong> apportent souvent une touche innovante, notamment lors des \u00e9v\u00e9nements comme Back to School, o\u00f9 des \u00e9chantillons de mat\u00e9riel et de v\u00eatements sont offerts aux participants.<\/p>\n\n<h3 class=\"wp-block-heading\">Int\u00e9gration des pratiques durables<\/h3>\n\n<p>L&rsquo;importance de la sant\u00e9 passe aussi par le respect de l&rsquo;environnement. Mobiliser les jeunes autour de pratiques sportives durables devient essentiel. <strong>Nature &amp; D\u00e9couvertes<\/strong> et <strong>Biocoop<\/strong> sont des exemples de partenaires qui s&rsquo;engagent \u00e0 sensibiliser les sportifs sur l&rsquo;importance de respecter nietour. Ces actions garantissent que les g\u00e9n\u00e9rations futures comprennent l&rsquo;impact de leurs choix sur l&rsquo;environnement.<\/p>\n\n<ul class=\"wp-block-list\"><li>\ud83c\udf31 <strong>Activit\u00e9s sportives durables<\/strong> : promouvoir des berges de rivi\u00e8res propres durant les comp\u00e9titions.<\/li><li>\ud83c\udfbd <strong>Utilisation de mat\u00e9riaux recycl\u00e9s<\/strong> : \u00e9quipement fabriqu\u00e9 \u00e0 partir de ressources durables.<\/li><li>\ud83d\uddd1\ufe0f <strong>Sensibilisation \u00e0 la gestion des d\u00e9chets<\/strong> : apprendre le respect de la nature lors des \u00e9v\u00e9nements.<\/li><\/ul>\n\n<h3 class=\"wp-block-heading\">Technologie et sport : un duo gagnant<\/h3>\n\n<p>Les professeurs innovent pour int\u00e9grer des outils num\u00e9riques dans les cours de sport. Par exemple, il est possible de suivre la consommation \u00e9nerg\u00e9tique des \u00e9l\u00e8ves lors des s\u00e9ances, et de visualiser les r\u00e9sultats gr\u00e2ce \u00e0 des applications sur leurs appareils. Les retours des \u00e9l\u00e8ves montrent que ce genre d\u2019approche les motive \u00e0 tirer le meilleur d&rsquo;eux-m\u00eames et \u00e0 se d\u00e9passer.<\/p>\n\n<p><strong>En somme<\/strong>, l\u2019\u00e9v\u00e9nement Back to School est une v\u00e9ritable plateforme qui distille une dynamique p\u00e9renne autour du sport et de la sant\u00e9, enrichissant les programmes scolaires tout en int\u00e9grant les familles et les communaut\u00e9s. \u00c0 l&rsquo;heure o\u00f9 l&rsquo;on aspire \u00e0 un bien-\u00eatre collectif, ces initiatives doivent se multiplier pour que les jeunes s&rsquo;\u00e9panouissent et s&rsquo;engagent positivement dans leur avenir.<\/p>\n\n<h3 class=\"wp-block-heading\">Questions fr\u00e9quemment pos\u00e9es<\/h3>\n\n<p><strong>Quels sont les objectifs de l&rsquo;\u00e9v\u00e9nement Back to School ?<\/strong> L&rsquo;objectif principal est de promouvoir le sport et la sant\u00e9 aupr\u00e8s des jeunes, tout en impliquant les parents et la communaut\u00e9.<\/p>\n\n<p><strong>Comment l&rsquo;\u00e9v\u00e9nement aborde-t-il les probl\u00e9matiques de sant\u00e9 ?<\/strong> Des ateliers de pr\u00e9vention, des d\u00e9monstrations, et des stands d&rsquo;associations abordent des th\u00e8mes cruciaux li\u00e9s \u00e0 la sant\u00e9 mentale et physique.<\/p>\n\n<p><strong>Est-ce que des activit\u00e9s sont r\u00e9serv\u00e9es aux parents ?<\/strong> Oui, il y a des activit\u00e9s pour les parents afin de leur fournir des ressources pour l&rsquo;\u00e9ducation de leurs enfants.<\/p>\n\n<p><strong>Comment les \u00e9coles int\u00e8grent-elles le sport dans leur cursus ?<\/strong> De nombreuses \u00e9coles en France int\u00e8grent des heures de sport dans la semaine scolaire, avec une attention particuli\u00e8re pour les zones d\u2019\u00e9ducation prioritaire.<\/p>\n\n<p><strong>Quelles marques soutiennent l&rsquo;\u00e9v\u00e9nement ?<\/strong> Des marques comme Decathlon, Go Sport, Nike et Adidas sont souvent pr\u00e9sentes pour promouvoir des \u00e9quipements et des activit\u00e9s.<\/p>\n\n","protected":false},"excerpt":{"rendered":"<p>La rentr\u00e9e scolaire s\u2019annon\u00e7ant, un \u00e9v\u00e9nement incontournable d\u00e9bute \u00e0 Papeete : la 11\u00e8me \u00e9dition de l\u2019op\u00e9ration Back to School. Organis\u00e9e par l\u2019association Papeete Centre Ville, cette initiative ne fait pas que marquer la reprise des activit\u00e9s scolaires ; elle se concentre aussi sur des th\u00e9matiques vitales : le sport et la sant\u00e9. Dans un contexte &#8230; <a title=\"Rentr\u00e9e scolaire : La 11\u00e8me \u00e9dition d\u00e9di\u00e9e au sport et \u00e0 la sant\u00e9\" class=\"read-more\" href=\"https:\/\/www.apres-lecole.fr\/Blog\/rentreescolaire-sport-sante\/\" aria-label=\"En savoir plus sur Rentr\u00e9e scolaire : La 11\u00e8me \u00e9dition d\u00e9di\u00e9e au sport et \u00e0 la sant\u00e9\">Lire plus<\/a><\/p>\n","protected":false},"author":7,"featured_media":2241,"comment_status":"open","ping_status":"open","sticky":false,"template":"","format":"standard","meta":{"footnotes":""},"categories":[342],"tags":[1436,712,570,1437,632],"class_list":["post-2242","post","type-post","status-publish","format-standard","has-post-thumbnail","hentry","category-actualites","tag-eme-edition","tag-evenement","tag-rentree-scolaire","tag-sante","tag-sport"],"yoast_head":"<!-- This site is optimized with the Yoast SEO plugin v27.5 - https:\/\/yoast.com\/product\/yoast-seo-wordpress\/ -->\n<title>Rentr\u00e9e 2024 : Cap sur le sport et la sant\u00e9 \u00e0 l\u2019\u00e9cole !<\/title>\n<meta name=\"description\" content=\"D\u00e9couvrez la 11\u00e8me \u00e9dition de la rentr\u00e9e scolaire, plac\u00e9e sous le signe du sport et de la sant\u00e9. Infos, activit\u00e9s et conseils pour bien d\u00e9buter !\" \/>\n<meta name=\"robots\" content=\"index, follow, max-snippet:-1, max-image-preview:large, max-video-preview:-1\" \/>\n<link rel=\"canonical\" href=\"https:\/\/www.apres-lecole.fr\/Blog\/rentreescolaire-sport-sante\/\" \/>\n<meta property=\"og:locale\" content=\"fr_FR\" \/>\n<meta property=\"og:type\" content=\"article\" \/>\n<meta property=\"og:title\" content=\"Rentr\u00e9e 2024 : Cap sur le sport et la sant\u00e9 \u00e0 l\u2019\u00e9cole !\" \/>\n<meta property=\"og:description\" content=\"D\u00e9couvrez la 11\u00e8me \u00e9dition de la rentr\u00e9e scolaire, plac\u00e9e sous le signe du sport et de la sant\u00e9. Infos, activit\u00e9s et conseils pour bien d\u00e9buter !\" \/>\n<meta property=\"og:url\" content=\"https:\/\/www.apres-lecole.fr\/Blog\/rentreescolaire-sport-sante\/\" \/>\n<meta property=\"article:published_time\" content=\"2025-08-24T07:13:35+00:00\" \/>\n<meta property=\"og:image\" content=\"https:\/\/www.apres-lecole.fr\/Blog\/wp-content\/uploads\/2025\/08\/Rentree-scolaire-La-11eme-edition-dediee-au-sport-et-a-la-sante.jpg\" \/>\n\t<meta property=\"og:image:width\" content=\"1344\" \/>\n\t<meta property=\"og:image:height\" content=\"768\" \/>\n\t<meta property=\"og:image:type\" content=\"image\/jpeg\" \/>\n<meta name=\"twitter:card\" content=\"summary_large_image\" \/>\n<meta name=\"twitter:label1\" content=\"\u00c9crit par\" \/>\n\t<meta name=\"twitter:data1\" content=\"\" \/>\n\t<meta name=\"twitter:label2\" content=\"Dur\u00e9e de lecture estim\u00e9e\" \/>\n\t<meta name=\"twitter:data2\" content=\"8 minutes\" \/>\n<script type=\"application\/ld+json\" class=\"yoast-schema-graph\">{\"@context\":\"https:\\\/\\\/schema.org\",\"@graph\":[{\"@type\":\"Article\",\"@id\":\"https:\\\/\\\/www.apres-lecole.fr\\\/Blog\\\/rentreescolaire-sport-sante\\\/#article\",\"isPartOf\":{\"@id\":\"https:\\\/\\\/www.apres-lecole.fr\\\/Blog\\\/rentreescolaire-sport-sante\\\/\"},\"author\":{\"name\":\"\",\"@id\":\"\"},\"headline\":\"Rentr\u00e9e scolaire : La 11\u00e8me \u00e9dition d\u00e9di\u00e9e au sport et \u00e0 la sant\u00e9\",\"datePublished\":\"2025-08-24T07:13:35+00:00\",\"mainEntityOfPage\":{\"@id\":\"https:\\\/\\\/www.apres-lecole.fr\\\/Blog\\\/rentreescolaire-sport-sante\\\/\"},\"wordCount\":1617,\"commentCount\":0,\"image\":{\"@id\":\"https:\\\/\\\/www.apres-lecole.fr\\\/Blog\\\/rentreescolaire-sport-sante\\\/#primaryimage\"},\"thumbnailUrl\":\"https:\\\/\\\/www.apres-lecole.fr\\\/Blog\\\/wp-content\\\/uploads\\\/2025\\\/08\\\/Rentree-scolaire-La-11eme-edition-dediee-au-sport-et-a-la-sante.jpg\",\"keywords\":[\"\u00e8me \u00e9dition\",\"\u00e9v\u00e9nement\",\"rentr\u00e9e scolaire\",\"sant\u00e9\",\"sport\"],\"articleSection\":[\"Actualit\u00e9s\"],\"inLanguage\":\"fr-FR\",\"potentialAction\":[{\"@type\":\"CommentAction\",\"name\":\"Comment\",\"target\":[\"https:\\\/\\\/www.apres-lecole.fr\\\/Blog\\\/rentreescolaire-sport-sante\\\/#respond\"]}]},{\"@type\":\"WebPage\",\"@id\":\"https:\\\/\\\/www.apres-lecole.fr\\\/Blog\\\/rentreescolaire-sport-sante\\\/\",\"url\":\"https:\\\/\\\/www.apres-lecole.fr\\\/Blog\\\/rentreescolaire-sport-sante\\\/\",\"name\":\"Rentr\u00e9e 2024 : Cap sur le sport et la sant\u00e9 \u00e0 l\u2019\u00e9cole !\",\"isPartOf\":{\"@id\":\"https:\\\/\\\/www.apres-lecole.fr\\\/Blog\\\/#website\"},\"primaryImageOfPage\":{\"@id\":\"https:\\\/\\\/www.apres-lecole.fr\\\/Blog\\\/rentreescolaire-sport-sante\\\/#primaryimage\"},\"image\":{\"@id\":\"https:\\\/\\\/www.apres-lecole.fr\\\/Blog\\\/rentreescolaire-sport-sante\\\/#primaryimage\"},\"thumbnailUrl\":\"https:\\\/\\\/www.apres-lecole.fr\\\/Blog\\\/wp-content\\\/uploads\\\/2025\\\/08\\\/Rentree-scolaire-La-11eme-edition-dediee-au-sport-et-a-la-sante.jpg\",\"datePublished\":\"2025-08-24T07:13:35+00:00\",\"author\":{\"@id\":\"\"},\"description\":\"D\u00e9couvrez la 11\u00e8me \u00e9dition de la rentr\u00e9e scolaire, plac\u00e9e sous le signe du sport et de la sant\u00e9. Infos, activit\u00e9s et conseils pour bien d\u00e9buter !\",\"breadcrumb\":{\"@id\":\"https:\\\/\\\/www.apres-lecole.fr\\\/Blog\\\/rentreescolaire-sport-sante\\\/#breadcrumb\"},\"inLanguage\":\"fr-FR\",\"potentialAction\":[{\"@type\":\"ReadAction\",\"target\":[\"https:\\\/\\\/www.apres-lecole.fr\\\/Blog\\\/rentreescolaire-sport-sante\\\/\"]}]},{\"@type\":\"ImageObject\",\"inLanguage\":\"fr-FR\",\"@id\":\"https:\\\/\\\/www.apres-lecole.fr\\\/Blog\\\/rentreescolaire-sport-sante\\\/#primaryimage\",\"url\":\"https:\\\/\\\/www.apres-lecole.fr\\\/Blog\\\/wp-content\\\/uploads\\\/2025\\\/08\\\/Rentree-scolaire-La-11eme-edition-dediee-au-sport-et-a-la-sante.jpg\",\"contentUrl\":\"https:\\\/\\\/www.apres-lecole.fr\\\/Blog\\\/wp-content\\\/uploads\\\/2025\\\/08\\\/Rentree-scolaire-La-11eme-edition-dediee-au-sport-et-a-la-sante.jpg\",\"width\":1344,\"height\":768,\"caption\":\"d\u00e9couvrez la 11\u00e8me \u00e9dition de la rentr\u00e9e scolaire, plac\u00e9e sous le signe du sport et de la sant\u00e9 : programmes, activit\u00e9s et conseils pour bien d\u00e9marrer l\u2019ann\u00e9e en forme.\"},{\"@type\":\"BreadcrumbList\",\"@id\":\"https:\\\/\\\/www.apres-lecole.fr\\\/Blog\\\/rentreescolaire-sport-sante\\\/#breadcrumb\",\"itemListElement\":[{\"@type\":\"ListItem\",\"position\":1,\"name\":\"Home\",\"item\":\"https:\\\/\\\/www.apres-lecole.fr\\\/Blog\\\/\"},{\"@type\":\"ListItem\",\"position\":2,\"name\":\"Rentr\u00e9e scolaire : La 11\u00e8me \u00e9dition d\u00e9di\u00e9e au sport et \u00e0 la sant\u00e9\"}]},{\"@type\":\"WebSite\",\"@id\":\"https:\\\/\\\/www.apres-lecole.fr\\\/Blog\\\/#website\",\"url\":\"https:\\\/\\\/www.apres-lecole.fr\\\/Blog\\\/\",\"name\":\"\",\"description\":\"M\u00e9dia g\u00e9n\u00e9raliste\",\"potentialAction\":[{\"@type\":\"SearchAction\",\"target\":{\"@type\":\"EntryPoint\",\"urlTemplate\":\"https:\\\/\\\/www.apres-lecole.fr\\\/Blog\\\/?s={search_term_string}\"},\"query-input\":{\"@type\":\"PropertyValueSpecification\",\"valueRequired\":true,\"valueName\":\"search_term_string\"}}],\"inLanguage\":\"fr-FR\"},{\"@type\":\"Person\",\"@id\":\"\",\"url\":\"https:\\\/\\\/www.apres-lecole.fr\\\/Blog\\\/author\\\/\"}]}<\/script>\n<!-- \/ Yoast SEO plugin. -->","yoast_head_json":{"title":"Rentr\u00e9e 2024 : Cap sur le sport et la sant\u00e9 \u00e0 l\u2019\u00e9cole !","description":"D\u00e9couvrez la 11\u00e8me \u00e9dition de la rentr\u00e9e scolaire, plac\u00e9e sous le signe du sport et de la sant\u00e9. Infos, activit\u00e9s et conseils pour bien d\u00e9buter !","robots":{"index":"index","follow":"follow","max-snippet":"max-snippet:-1","max-image-preview":"max-image-preview:large","max-video-preview":"max-video-preview:-1"},"canonical":"https:\/\/www.apres-lecole.fr\/Blog\/rentreescolaire-sport-sante\/","og_locale":"fr_FR","og_type":"article","og_title":"Rentr\u00e9e 2024 : Cap sur le sport et la sant\u00e9 \u00e0 l\u2019\u00e9cole !","og_description":"D\u00e9couvrez la 11\u00e8me \u00e9dition de la rentr\u00e9e scolaire, plac\u00e9e sous le signe du sport et de la sant\u00e9. Infos, activit\u00e9s et conseils pour bien d\u00e9buter !","og_url":"https:\/\/www.apres-lecole.fr\/Blog\/rentreescolaire-sport-sante\/","article_published_time":"2025-08-24T07:13:35+00:00","og_image":[{"width":1344,"height":768,"url":"https:\/\/www.apres-lecole.fr\/Blog\/wp-content\/uploads\/2025\/08\/Rentree-scolaire-La-11eme-edition-dediee-au-sport-et-a-la-sante.jpg","type":"image\/jpeg"}],"twitter_card":"summary_large_image","twitter_misc":{"\u00c9crit par":"","Dur\u00e9e de lecture estim\u00e9e":"8 minutes"},"schema":{"@context":"https:\/\/schema.org","@graph":[{"@type":"Article","@id":"https:\/\/www.apres-lecole.fr\/Blog\/rentreescolaire-sport-sante\/#article","isPartOf":{"@id":"https:\/\/www.apres-lecole.fr\/Blog\/rentreescolaire-sport-sante\/"},"author":{"name":"","@id":""},"headline":"Rentr\u00e9e scolaire : La 11\u00e8me \u00e9dition d\u00e9di\u00e9e au sport et \u00e0 la sant\u00e9","datePublished":"2025-08-24T07:13:35+00:00","mainEntityOfPage":{"@id":"https:\/\/www.apres-lecole.fr\/Blog\/rentreescolaire-sport-sante\/"},"wordCount":1617,"commentCount":0,"image":{"@id":"https:\/\/www.apres-lecole.fr\/Blog\/rentreescolaire-sport-sante\/#primaryimage"},"thumbnailUrl":"https:\/\/www.apres-lecole.fr\/Blog\/wp-content\/uploads\/2025\/08\/Rentree-scolaire-La-11eme-edition-dediee-au-sport-et-a-la-sante.jpg","keywords":["\u00e8me \u00e9dition","\u00e9v\u00e9nement","rentr\u00e9e scolaire","sant\u00e9","sport"],"articleSection":["Actualit\u00e9s"],"inLanguage":"fr-FR","potentialAction":[{"@type":"CommentAction","name":"Comment","target":["https:\/\/www.apres-lecole.fr\/Blog\/rentreescolaire-sport-sante\/#respond"]}]},{"@type":"WebPage","@id":"https:\/\/www.apres-lecole.fr\/Blog\/rentreescolaire-sport-sante\/","url":"https:\/\/www.apres-lecole.fr\/Blog\/rentreescolaire-sport-sante\/","name":"Rentr\u00e9e 2024 : Cap sur le sport et la sant\u00e9 \u00e0 l\u2019\u00e9cole !","isPartOf":{"@id":"https:\/\/www.apres-lecole.fr\/Blog\/#website"},"primaryImageOfPage":{"@id":"https:\/\/www.apres-lecole.fr\/Blog\/rentreescolaire-sport-sante\/#primaryimage"},"image":{"@id":"https:\/\/www.apres-lecole.fr\/Blog\/rentreescolaire-sport-sante\/#primaryimage"},"thumbnailUrl":"https:\/\/www.apres-lecole.fr\/Blog\/wp-content\/uploads\/2025\/08\/Rentree-scolaire-La-11eme-edition-dediee-au-sport-et-a-la-sante.jpg","datePublished":"2025-08-24T07:13:35+00:00","author":{"@id":""},"description":"D\u00e9couvrez la 11\u00e8me \u00e9dition de la rentr\u00e9e scolaire, plac\u00e9e sous le signe du sport et de la sant\u00e9. Infos, activit\u00e9s et conseils pour bien d\u00e9buter !","breadcrumb":{"@id":"https:\/\/www.apres-lecole.fr\/Blog\/rentreescolaire-sport-sante\/#breadcrumb"},"inLanguage":"fr-FR","potentialAction":[{"@type":"ReadAction","target":["https:\/\/www.apres-lecole.fr\/Blog\/rentreescolaire-sport-sante\/"]}]},{"@type":"ImageObject","inLanguage":"fr-FR","@id":"https:\/\/www.apres-lecole.fr\/Blog\/rentreescolaire-sport-sante\/#primaryimage","url":"https:\/\/www.apres-lecole.fr\/Blog\/wp-content\/uploads\/2025\/08\/Rentree-scolaire-La-11eme-edition-dediee-au-sport-et-a-la-sante.jpg","contentUrl":"https:\/\/www.apres-lecole.fr\/Blog\/wp-content\/uploads\/2025\/08\/Rentree-scolaire-La-11eme-edition-dediee-au-sport-et-a-la-sante.jpg","width":1344,"height":768,"caption":"d\u00e9couvrez la 11\u00e8me \u00e9dition de la rentr\u00e9e scolaire, plac\u00e9e sous le signe du sport et de la sant\u00e9 : programmes, activit\u00e9s et conseils pour bien d\u00e9marrer l\u2019ann\u00e9e en forme."},{"@type":"BreadcrumbList","@id":"https:\/\/www.apres-lecole.fr\/Blog\/rentreescolaire-sport-sante\/#breadcrumb","itemListElement":[{"@type":"ListItem","position":1,"name":"Home","item":"https:\/\/www.apres-lecole.fr\/Blog\/"},{"@type":"ListItem","position":2,"name":"Rentr\u00e9e scolaire : La 11\u00e8me \u00e9dition d\u00e9di\u00e9e au sport et \u00e0 la sant\u00e9"}]},{"@type":"WebSite","@id":"https:\/\/www.apres-lecole.fr\/Blog\/#website","url":"https:\/\/www.apres-lecole.fr\/Blog\/","name":"","description":"M\u00e9dia g\u00e9n\u00e9raliste","potentialAction":[{"@type":"SearchAction","target":{"@type":"EntryPoint","urlTemplate":"https:\/\/www.apres-lecole.fr\/Blog\/?s={search_term_string}"},"query-input":{"@type":"PropertyValueSpecification","valueRequired":true,"valueName":"search_term_string"}}],"inLanguage":"fr-FR"},{"@type":"Person","@id":"","url":"https:\/\/www.apres-lecole.fr\/Blog\/author\/"}]}},"views":15,"_links":{"self":[{"href":"https:\/\/www.apres-lecole.fr\/Blog\/wp-json\/wp\/v2\/posts\/2242","targetHints":{"allow":["GET"]}}],"collection":[{"href":"https:\/\/www.apres-lecole.fr\/Blog\/wp-json\/wp\/v2\/posts"}],"about":[{"href":"https:\/\/www.apres-lecole.fr\/Blog\/wp-json\/wp\/v2\/types\/post"}],"author":[{"embeddable":true,"href":"https:\/\/www.apres-lecole.fr\/Blog\/wp-json\/wp\/v2\/users\/7"}],"replies":[{"embeddable":true,"href":"https:\/\/www.apres-lecole.fr\/Blog\/wp-json\/wp\/v2\/comments?post=2242"}],"version-history":[{"count":0,"href":"https:\/\/www.apres-lecole.fr\/Blog\/wp-json\/wp\/v2\/posts\/2242\/revisions"}],"wp:featuredmedia":[{"embeddable":true,"href":"https:\/\/www.apres-lecole.fr\/Blog\/wp-json\/wp\/v2\/media\/2241"}],"wp:attachment":[{"href":"https:\/\/www.apres-lecole.fr\/Blog\/wp-json\/wp\/v2\/media?parent=2242"}],"wp:term":[{"taxonomy":"category","embeddable":true,"href":"https:\/\/www.apres-lecole.fr\/Blog\/wp-json\/wp\/v2\/categories?post=2242"},{"taxonomy":"post_tag","embeddable":true,"href":"https:\/\/www.apres-lecole.fr\/Blog\/wp-json\/wp\/v2\/tags?post=2242"}],"curies":[{"name":"wp","href":"https:\/\/api.w.org\/{rel}","templated":true}]}}