{"id":2234,"date":"2025-08-22T07:03:42","date_gmt":"2025-08-22T07:03:42","guid":{"rendered":"https:\/\/www.apres-lecole.fr\/Blog\/emlyon-business-school-paris\/"},"modified":"2025-08-22T07:03:42","modified_gmt":"2025-08-22T07:03:42","slug":"emlyon-business-school-paris","status":"publish","type":"post","link":"https:\/\/www.apres-lecole.fr\/Blog\/emlyon-business-school-paris\/","title":{"rendered":"Emlyon Business School prend son envol \u00e0 Paris"},"content":{"rendered":"\n\n<div class=\"kk-star-ratings kksr-auto kksr-align-left kksr-valign-top\"\n    data-payload='{&quot;align&quot;:&quot;left&quot;,&quot;id&quot;:&quot;2234&quot;,&quot;slug&quot;:&quot;default&quot;,&quot;valign&quot;:&quot;top&quot;,&quot;ignore&quot;:&quot;&quot;,&quot;reference&quot;:&quot;auto&quot;,&quot;class&quot;:&quot;&quot;,&quot;count&quot;:&quot;0&quot;,&quot;legendonly&quot;:&quot;&quot;,&quot;readonly&quot;:&quot;&quot;,&quot;score&quot;:&quot;0&quot;,&quot;starsonly&quot;:&quot;&quot;,&quot;best&quot;:&quot;5&quot;,&quot;gap&quot;:&quot;5&quot;,&quot;greet&quot;:&quot;Rate this post&quot;,&quot;legend&quot;:&quot;0\\\/5 - (0 vote)&quot;,&quot;size&quot;:&quot;24&quot;,&quot;title&quot;:&quot;Emlyon Business School prend son envol \u00e0 Paris&quot;,&quot;width&quot;:&quot;0&quot;,&quot;_legend&quot;:&quot;{score}\\\/{best} - ({count} {votes})&quot;,&quot;font_factor&quot;:&quot;1.25&quot;}'>\n            \n<div class=\"kksr-stars\">\n    \n<div class=\"kksr-stars-inactive\">\n            <div class=\"kksr-star\" data-star=\"1\" style=\"padding-right: 5px\">\n            \n\n<div class=\"kksr-icon\" style=\"width: 24px; height: 24px;\"><\/div>\n        <\/div>\n            <div class=\"kksr-star\" data-star=\"2\" style=\"padding-right: 5px\">\n            \n\n<div class=\"kksr-icon\" style=\"width: 24px; height: 24px;\"><\/div>\n        <\/div>\n            <div class=\"kksr-star\" data-star=\"3\" style=\"padding-right: 5px\">\n            \n\n<div class=\"kksr-icon\" style=\"width: 24px; height: 24px;\"><\/div>\n        <\/div>\n            <div class=\"kksr-star\" data-star=\"4\" style=\"padding-right: 5px\">\n            \n\n<div class=\"kksr-icon\" style=\"width: 24px; height: 24px;\"><\/div>\n        <\/div>\n            <div class=\"kksr-star\" data-star=\"5\" style=\"padding-right: 5px\">\n            \n\n<div class=\"kksr-icon\" style=\"width: 24px; height: 24px;\"><\/div>\n        <\/div>\n    <\/div>\n    \n<div class=\"kksr-stars-active\" style=\"width: 0px;\">\n            <div class=\"kksr-star\" style=\"padding-right: 5px\">\n            \n\n<div class=\"kksr-icon\" style=\"width: 24px; height: 24px;\"><\/div>\n        <\/div>\n            <div class=\"kksr-star\" style=\"padding-right: 5px\">\n            \n\n<div class=\"kksr-icon\" style=\"width: 24px; height: 24px;\"><\/div>\n        <\/div>\n            <div class=\"kksr-star\" style=\"padding-right: 5px\">\n            \n\n<div class=\"kksr-icon\" style=\"width: 24px; height: 24px;\"><\/div>\n        <\/div>\n            <div class=\"kksr-star\" style=\"padding-right: 5px\">\n            \n\n<div class=\"kksr-icon\" style=\"width: 24px; height: 24px;\"><\/div>\n        <\/div>\n            <div class=\"kksr-star\" style=\"padding-right: 5px\">\n            \n\n<div class=\"kksr-icon\" style=\"width: 24px; height: 24px;\"><\/div>\n        <\/div>\n    <\/div>\n<\/div>\n                \n\n<div class=\"kksr-legend\" style=\"font-size: 19.2px;\">\n            <span class=\"kksr-muted\">Rate this post<\/span>\n    <\/div>\n    <\/div>\n<p>Emlyon Business School, l&rsquo;une des grandes \u00e9coles de commerce fran\u00e7aises, a r\u00e9cemment annonc\u00e9 l&rsquo;expansion de son campus parisien. Situ\u00e9 dans le 12\u00e8me arrondissement, pr\u00e8s de la Gare de Lyon, ce d\u00e9veloppement t\u00e9moigne de l&rsquo;engagement de l&rsquo;\u00e9cole \u00e0 offrir une formation de qualit\u00e9 tout en renfor\u00e7ant ses liens avec le milieu entrepreneurial. Avec une surface suppl\u00e9mentaire de 2 400 m\u00b2 pour atteindre un total de 5 500 m\u00b2, ce campus se positionne comme un acteur incontournable dans le paysage \u00e9ducatif de Paris, rivalisant avec d&rsquo;autres institutions prestigieuses comme HEC Paris, ESCP Business School et ESSEC Business School. Cela permet aux \u00e9tudiants d&rsquo;acc\u00e9der \u00e0 des ressources modernes et \u00e0 un environnement d&rsquo;apprentissage enrichissant. Emlyon ne cesse de cro\u00eetre, tout en conservant une approche internationale, \u00e9troite collaboration avec ses campus \u00e0 Lyon, Shanghai, ou encore Casablanca.<\/p>\n\n<h2 class=\"wp-block-heading\">Le campus parisien : un cadre propice \u00e0 l&rsquo;apprentissage<\/h2>\n\n<p>Avec ses 5 500 m\u00b2 de locaux d&rsquo;enseignement fra\u00eechement relook\u00e9s, le campus de Paris d&rsquo;Emlyon Business School est un v\u00e9ritable lieu de vie pour \u00e9tudiants et professionnels. Le r\u00e9am\u00e9nagement des b\u00e2timents a \u00e9t\u00e9 pens\u00e9 pour int\u00e9grer des espaces modulables, permettant d&rsquo;accueillir des formations vari\u00e9es, allant des programmes destin\u00e9s aux \u00e9tudiants aux sessions de formation continue pour les professionnels. Le design int\u00e9rieur, alliant modernit\u00e9 et ergonomie, favorise un climat de travail stimulant.<\/p>\n\n<ul class=\"wp-block-list\"><li>Espaces collaboratifs : id\u00e9al pour le travail en groupe.<\/li><li>Salles de cours technologiques : \u00e9quip\u00e9es des derni\u00e8res innovations.<\/li><li>Biblioth\u00e8que et ressources num\u00e9riques : un acc\u00e8s facilit\u00e9 \u00e0 l&rsquo;information.<\/li><li>Incubateur d&rsquo;entreprises : un tremplin pour les jeunes entrepreneurs.<\/li><\/ul>\n\n<p>Les installations ne s&rsquo;arr\u00eatent pas l\u00e0. Un incubateur et un acc\u00e9l\u00e9rateur de start-ups sont \u00e9galement disponibles. Cela permet aux \u00e9tudiants d&rsquo;appliquer imm\u00e9diatement leurs connaissances en cr\u00e9ant leurs propres projets. Ils ont la possibilit\u00e9 d&rsquo;\u00eatre accompagn\u00e9s par des experts du monde professionnel, renfor\u00e7ant ainsi leur potentiel d&#8217;employabilit\u00e9. En effet, cette interaction constante entre le milieu acad\u00e9mique et le secteur priv\u00e9 repr\u00e9sente l&rsquo;une des philosophies cl\u00e9s d&rsquo;Emlyon Business School.<\/p>\n\n<h3 class=\"wp-block-heading\">Une formation adapt\u00e9e aux besoins du march\u00e9<\/h3>\n\n<p>Emlyon Business School se d\u00e9marque par son approche centr\u00e9e sur l&rsquo;\u00e9tudiant et l&rsquo;innovation. Dans un monde \u00e9conomique en constante \u00e9volution, il est crucial que les jeunes dipl\u00f4m\u00e9s soient pr\u00eats \u00e0 r\u00e9pondre aux d\u00e9fis du march\u00e9. Ainsi, le curriculum est r\u00e9guli\u00e8rement mis \u00e0 jour pour inclure des sujets modernes tels que le digital, l&rsquo;entrepreneuriat social, et la durabilit\u00e9. Le programme Global BBA, par exemple, offre aux \u00e9tudiants l&rsquo;occasion de se plonger dans divers environnements culturels et \u00e9conomiques internationaux, gr\u00e2ce \u00e0 des \u00e9changes avec des universit\u00e9s partenaires \u00e0 travers le globe.<\/p>\n\n<p>La flexibilit\u00e9 fait \u00e9galement partie des atouts d&rsquo;Emlyon. Les \u00e9tudiants ont la possibilit\u00e9 de choisir parmi un large \u00e9ventail de sp\u00e9cialisations, allant des finances, au marketing digital, en passant par l&rsquo;innovation manag\u00e9riale. Cela leur permet de fa\u00e7onner leur parcours selon leurs int\u00e9r\u00eats et les besoins \u00e9mergents du monde du travail.<\/p>\n\n<h2 class=\"wp-block-heading\">Internationalisation et opportunit\u00e9s mondiales<\/h2>\n\n<p>L&rsquo;internationalisation constitue un pilier de la strat\u00e9gie d&rsquo;Emlyon Business School. Avec des programmes qui encouragent la mobilit\u00e9 \u00e9tudiante, l&rsquo;\u00e9cole a su tisser des partenariats avec des institutions de renom comme INSEAD, l&rsquo;Universit\u00e9 Paris-Dauphine, ou encore KEDGE Business School. De cette mani\u00e8re, les \u00e9tudiants ont acc\u00e8s \u00e0 un r\u00e9seau global qui leur offre une vision \u00e9largie sur les pratiques manag\u00e9riales et les opportunit\u00e9s professionnelles.<\/p>\n\n<ul class=\"wp-block-list\"><li>\u00c9changes acad\u00e9miques avec plus de 100 universit\u00e9s partenaires \u00e0 travers le monde.<\/li><li>Stages \u00e0 l&rsquo;international : une exp\u00e9rience enrichissante pour les \u00e9tudiants.<\/li><li>Programmes de double dipl\u00f4me : une reconnaissance renforc\u00e9e \u00e0 l&rsquo;international.<\/li><li>Conf\u00e9rences internationales : des intervenants prestigieux partagent leur expertise.<\/li><\/ul>\n\n<p>Les exp\u00e9riences internationales sont souvent mises en avant par les anciens \u00e9l\u00e8ves. Beaucoup t\u00e9moignent de l&rsquo;impact significatif que ces moments pass\u00e9s \u00e0 l&rsquo;\u00e9tranger ont eu sur leur carri\u00e8re. Ils ont pu d\u00e9velopper des comp\u00e9tences interculturelles, essentielles dans le cadre professionnel d\u2019aujourd&rsquo;hui.<\/p>\n\n<h3 class=\"wp-block-heading\">Le r\u00f4le de l&rsquo;innovation dans le parcours \u00e9ducatif<\/h3>\n\n<p>La dynamique d&rsquo;innovation est au c\u0153ur de la p\u00e9dagogie d&rsquo;Emlyon Business School. Chaque ann\u00e9e, l&rsquo;\u00e9cole investit dans des technologies \u00e9ducatives permettant d&rsquo;am\u00e9liorer l&rsquo;exp\u00e9rience d&rsquo;apprentissage. Cela inclut l&rsquo;int\u00e9gration de la r\u00e9alit\u00e9 virtuelle pour les cours de management, l&rsquo;utilisation de plateformes collaboratives pour les projets de groupe, et l&rsquo;approche hybride m\u00ealant enseignement en pr\u00e9sentiel et \u00e0 distance.<\/p>\n\n<p>De plus, des hackathons et des concours entrepreneuriaux organis\u00e9s sur le campus poussent les \u00e9tudiants \u00e0 innover et \u00e0 penser en dehors des sentiers battus. Ces \u00e9v\u00e9nements, souvent en partenariat avec des entreprises de divers secteurs, permettent aux participants de confronter leurs id\u00e9es \u00e0 la r\u00e9alit\u00e9 du march\u00e9 et de b\u00e9n\u00e9ficier de retours constructifs. Ces initiatives ouvrent des portes vers des opportunit\u00e9s professionnelles inestimables.<\/p>\n\n<h2 class=\"wp-block-heading\">Un \u00e9cosyst\u00e8me dynamique au service des \u00e9tudiants<\/h2>\n\n<p>Le campus parisien d&rsquo;Emlyon Business School ne se limite pas \u00e0 l&rsquo;enseignement. Il s\u2019agit aussi d\u2019un v\u00e9ritable \u00e9cosyst\u00e8me o\u00f9 chacun peut \u00e9voluer. Gr\u00e2ce \u00e0 des partenariats avec diverses entreprises, l&rsquo;\u00e9cole offre un r\u00e9seau professionnel qui permet aux \u00e9tudiants de se pr\u00e9parer efficacement au march\u00e9 du travail.<\/p>\n\n<figure class=\"wp-block-table\"><table>\n<thead>\n<tr>\n<th>Aspects<\/th>\n<th>Emlyon Business School Paris<\/th>\n<th>Concurrents<\/th>\n<\/tr>\n<\/thead>\n<tbody>\n<tr>\n<td>Surface du campus<\/td>\n<td>5 500 m\u00b2<\/td>\n<td>Variable<\/td>\n<\/tr>\n<tr>\n<td>Incubateur d&rsquo;entreprises<\/td>\n<td>Oui<\/td>\n<td>Quelques-uns<\/td>\n<\/tr>\n<tr>\n<td>Partenariats internationaux<\/td>\n<td>+100<\/td>\n<td>Variable<\/td>\n<\/tr>\n<tr>\n<td>Technologies \u00e9ducatives<\/td>\n<td>Avanc\u00e9es<\/td>\n<td>Variable<\/td>\n<\/tr>\n<\/tbody>\n<\/table><\/figure>\n\n<p>La vie sur le campus est riche, avec de nombreux clubs et associations qui permettent aux \u00e9tudiants d&rsquo;enrichir leur parcours. Qu&rsquo;il s&rsquo;agisse de clubs de culture, de sport ou d&rsquo;entrepreneuriat, chaque \u00e9tudiant peut trouver sa place et s\u2019investir dans des projets qui lui tiennent \u00e0 c\u0153ur.<\/p>\n\n<h3 class=\"wp-block-heading\">Perspectives d&rsquo;avenir et d\u00e9fis \u00e0 relever<\/h3>\n\n<p>Alors qu&rsquo;Emlyon Business School continue de s&rsquo;\u00e9tendre \u00e0 Paris, des d\u00e9fis restent \u00e0 relever, notamment la gestion de l&rsquo;int\u00e9gration de nouveaux \u00e9tudiants dans un environnement en constante mutation. De plus, le maintien de la qualit\u00e9 p\u00e9dagogique face \u00e0 un nombre croissant d&rsquo;inscriptions sera crucial.<\/p>\n\n<p>Pour 2025, l&rsquo;ambition est de consolider cette position en devenant une r\u00e9f\u00e9rence dans le domaine de l&rsquo;enseignement sup\u00e9rieur, pouvant rivaliser avec les plus grandes \u00e9coles fran\u00e7aises telles que l&rsquo;EDHEC Business School, NEOMA Business School, ou encore SKEMA Business School. Les initiatives d&rsquo;innovation et d&rsquo;internationalisation, coupl\u00e9es \u00e0 un renforcement des liens avec le milieu professionnel, permettront \u00e0 l&rsquo;\u00e9cole d&rsquo;atteindre ces objectifs.<\/p>\n\n<p>Quel avenir pour le campus d&rsquo;Emlyon \u00e0 Paris en 2025 ? Les r\u00e9ponses se dessinent au fil des initiatives acad\u00e9miques, des projets d&rsquo;envergure, et du dynamisme d&rsquo;une communaut\u00e9 engag\u00e9e.<\/p>\n\n<p>Le parcours d\u2019une telle \u00e9cole montre l\u2019importance d&rsquo;une formation adapt\u00e9e aux enjeux contemporains. Les t\u00e9moignages des \u00e9tudiants qui b\u00e9n\u00e9ficient de cette \u00e9ducation en disent long sur l&rsquo;impact qu&rsquo;une bonne \u00e9cole de commerce peut avoir sur leur avenir professionnel.<\/p>\n\n<h2 class=\"wp-block-heading\">Questions fr\u00e9quentes<\/h2>\n\n<p>Quelles sont les sp\u00e9cialit\u00e9s propos\u00e9es par Emlyon Business School \u00e0 Paris ?<br>\nLes \u00e9tudiants peuvent choisir parmi diverses sp\u00e9cialisations, notamment en marketing digital, finance, ou entrepreneuriat. Cela leur permet de fa\u00e7onner leur parcours selon leurs int\u00e9r\u00eats.<\/p>\n\n<p>Emlyon est-il un bon choix pour l&rsquo;international ?<br>\nOui, Emlyon Business School offre des programmes d&rsquo;\u00e9changes avec plus de 100 universit\u00e9s dans le monde entier, permettant une exp\u00e9rience internationale enrichissante.<\/p>\n\n<p>Quelles installations sont disponibles sur le campus ?<br>\nLe campus dispose de salles de cours modernes, d&rsquo;un incubateur d&rsquo;entreprises, et d&rsquo;espaces collaboratifs pour favoriser l&rsquo;innovation.<\/p>\n\n<p>Comment postuler \u00e0 Emlyon Business School ?<br>\nLes candidats doivent suivre un processus de candidature standard, incluant l&rsquo;envoi d&rsquo;un dossier, des r\u00e9sultats acad\u00e9miques, et souvent un entretien.<\/p>\n\n<p>Quelle est la reconnaissance d&rsquo;Emlyon Business School sur le march\u00e9 ?<br>\nEmlyon est reconnue pour son excellence acad\u00e9mique et son ouverture sur l&rsquo;international, offrant des dipl\u00f4mes pris\u00e9s par les entreprises.<\/p>\n\n","protected":false},"excerpt":{"rendered":"<p>Emlyon Business School, l&rsquo;une des grandes \u00e9coles de commerce fran\u00e7aises, a r\u00e9cemment annonc\u00e9 l&rsquo;expansion de son campus parisien. Situ\u00e9 dans le 12\u00e8me arrondissement, pr\u00e8s de la Gare de Lyon, ce d\u00e9veloppement t\u00e9moigne de l&rsquo;engagement de l&rsquo;\u00e9cole \u00e0 offrir une formation de qualit\u00e9 tout en renfor\u00e7ant ses liens avec le milieu entrepreneurial. Avec une surface suppl\u00e9mentaire &#8230; <a title=\"Emlyon Business School prend son envol \u00e0 Paris\" class=\"read-more\" href=\"https:\/\/www.apres-lecole.fr\/Blog\/emlyon-business-school-paris\/\" aria-label=\"En savoir plus sur Emlyon Business School prend son envol \u00e0 Paris\">Lire plus<\/a><\/p>\n","protected":false},"author":7,"featured_media":2233,"comment_status":"open","ping_status":"open","sticky":false,"template":"","format":"standard","meta":{"footnotes":""},"categories":[342],"tags":[1428,412,1427,586,1429],"class_list":["post-2234","post","type-post","status-publish","format-standard","has-post-thumbnail","hentry","category-actualites","tag-commerce","tag-education","tag-emlyon-business-school","tag-paris","tag-universite"],"yoast_head":"<!-- This site is optimized with the Yoast SEO plugin v27.5 - https:\/\/yoast.com\/product\/yoast-seo-wordpress\/ -->\n<title>emlyon business school fait escale \u00e0 paris<\/title>\n<meta name=\"description\" content=\"Emlyon Business School s&#039;implante \u00e0 Paris : d\u00e9couvrez comment cette grande \u00e9cole booste ses ambitions et ses formations dans la capitale.\" \/>\n<meta name=\"robots\" content=\"index, follow, max-snippet:-1, max-image-preview:large, max-video-preview:-1\" \/>\n<link rel=\"canonical\" href=\"https:\/\/www.apres-lecole.fr\/Blog\/emlyon-business-school-paris\/\" \/>\n<meta property=\"og:locale\" content=\"fr_FR\" \/>\n<meta property=\"og:type\" content=\"article\" \/>\n<meta property=\"og:title\" content=\"emlyon business school fait escale \u00e0 paris\" \/>\n<meta property=\"og:description\" content=\"Emlyon Business School s&#039;implante \u00e0 Paris : d\u00e9couvrez comment cette grande \u00e9cole booste ses ambitions et ses formations dans la capitale.\" \/>\n<meta property=\"og:url\" content=\"https:\/\/www.apres-lecole.fr\/Blog\/emlyon-business-school-paris\/\" \/>\n<meta property=\"article:published_time\" content=\"2025-08-22T07:03:42+00:00\" \/>\n<meta property=\"og:image\" content=\"https:\/\/www.apres-lecole.fr\/Blog\/wp-content\/uploads\/2025\/08\/Emlyon-Business-School-prend-son-envol-a-Paris.jpg\" \/>\n\t<meta property=\"og:image:width\" content=\"1344\" \/>\n\t<meta property=\"og:image:height\" content=\"768\" \/>\n\t<meta property=\"og:image:type\" content=\"image\/jpeg\" \/>\n<meta name=\"twitter:card\" content=\"summary_large_image\" \/>\n<meta name=\"twitter:label1\" content=\"\u00c9crit par\" \/>\n\t<meta name=\"twitter:data1\" content=\"\" \/>\n\t<meta name=\"twitter:label2\" content=\"Dur\u00e9e de lecture estim\u00e9e\" \/>\n\t<meta name=\"twitter:data2\" content=\"6 minutes\" \/>\n<script type=\"application\/ld+json\" class=\"yoast-schema-graph\">{\"@context\":\"https:\\\/\\\/schema.org\",\"@graph\":[{\"@type\":\"Article\",\"@id\":\"https:\\\/\\\/www.apres-lecole.fr\\\/Blog\\\/emlyon-business-school-paris\\\/#article\",\"isPartOf\":{\"@id\":\"https:\\\/\\\/www.apres-lecole.fr\\\/Blog\\\/emlyon-business-school-paris\\\/\"},\"author\":{\"name\":\"\",\"@id\":\"\"},\"headline\":\"Emlyon Business School prend son envol \u00e0 Paris\",\"datePublished\":\"2025-08-22T07:03:42+00:00\",\"mainEntityOfPage\":{\"@id\":\"https:\\\/\\\/www.apres-lecole.fr\\\/Blog\\\/emlyon-business-school-paris\\\/\"},\"wordCount\":1353,\"commentCount\":0,\"image\":{\"@id\":\"https:\\\/\\\/www.apres-lecole.fr\\\/Blog\\\/emlyon-business-school-paris\\\/#primaryimage\"},\"thumbnailUrl\":\"https:\\\/\\\/www.apres-lecole.fr\\\/Blog\\\/wp-content\\\/uploads\\\/2025\\\/08\\\/Emlyon-Business-School-prend-son-envol-a-Paris.jpg\",\"keywords\":[\"commerce\",\"\u00e9ducation\",\"emlyon business school\",\"paris\",\"universit\u00e9\"],\"articleSection\":[\"Actualit\u00e9s\"],\"inLanguage\":\"fr-FR\",\"potentialAction\":[{\"@type\":\"CommentAction\",\"name\":\"Comment\",\"target\":[\"https:\\\/\\\/www.apres-lecole.fr\\\/Blog\\\/emlyon-business-school-paris\\\/#respond\"]}]},{\"@type\":\"WebPage\",\"@id\":\"https:\\\/\\\/www.apres-lecole.fr\\\/Blog\\\/emlyon-business-school-paris\\\/\",\"url\":\"https:\\\/\\\/www.apres-lecole.fr\\\/Blog\\\/emlyon-business-school-paris\\\/\",\"name\":\"emlyon business school fait escale \u00e0 paris\",\"isPartOf\":{\"@id\":\"https:\\\/\\\/www.apres-lecole.fr\\\/Blog\\\/#website\"},\"primaryImageOfPage\":{\"@id\":\"https:\\\/\\\/www.apres-lecole.fr\\\/Blog\\\/emlyon-business-school-paris\\\/#primaryimage\"},\"image\":{\"@id\":\"https:\\\/\\\/www.apres-lecole.fr\\\/Blog\\\/emlyon-business-school-paris\\\/#primaryimage\"},\"thumbnailUrl\":\"https:\\\/\\\/www.apres-lecole.fr\\\/Blog\\\/wp-content\\\/uploads\\\/2025\\\/08\\\/Emlyon-Business-School-prend-son-envol-a-Paris.jpg\",\"datePublished\":\"2025-08-22T07:03:42+00:00\",\"author\":{\"@id\":\"\"},\"description\":\"Emlyon Business School s'implante \u00e0 Paris : d\u00e9couvrez comment cette grande \u00e9cole booste ses ambitions et ses formations dans la capitale.\",\"breadcrumb\":{\"@id\":\"https:\\\/\\\/www.apres-lecole.fr\\\/Blog\\\/emlyon-business-school-paris\\\/#breadcrumb\"},\"inLanguage\":\"fr-FR\",\"potentialAction\":[{\"@type\":\"ReadAction\",\"target\":[\"https:\\\/\\\/www.apres-lecole.fr\\\/Blog\\\/emlyon-business-school-paris\\\/\"]}]},{\"@type\":\"ImageObject\",\"inLanguage\":\"fr-FR\",\"@id\":\"https:\\\/\\\/www.apres-lecole.fr\\\/Blog\\\/emlyon-business-school-paris\\\/#primaryimage\",\"url\":\"https:\\\/\\\/www.apres-lecole.fr\\\/Blog\\\/wp-content\\\/uploads\\\/2025\\\/08\\\/Emlyon-Business-School-prend-son-envol-a-Paris.jpg\",\"contentUrl\":\"https:\\\/\\\/www.apres-lecole.fr\\\/Blog\\\/wp-content\\\/uploads\\\/2025\\\/08\\\/Emlyon-Business-School-prend-son-envol-a-Paris.jpg\",\"width\":1344,\"height\":768,\"caption\":\"d\u00e9couvrez comment emlyon business school s'installe \u00e0 paris, \u00e9largissant son rayonnement et ses formations d\u2019excellence au c\u0153ur de la capitale. opportunit\u00e9s, ambitions et avenir pour les \u00e9tudiants et professionnels.\"},{\"@type\":\"BreadcrumbList\",\"@id\":\"https:\\\/\\\/www.apres-lecole.fr\\\/Blog\\\/emlyon-business-school-paris\\\/#breadcrumb\",\"itemListElement\":[{\"@type\":\"ListItem\",\"position\":1,\"name\":\"Home\",\"item\":\"https:\\\/\\\/www.apres-lecole.fr\\\/Blog\\\/\"},{\"@type\":\"ListItem\",\"position\":2,\"name\":\"Emlyon Business School prend son envol \u00e0 Paris\"}]},{\"@type\":\"WebSite\",\"@id\":\"https:\\\/\\\/www.apres-lecole.fr\\\/Blog\\\/#website\",\"url\":\"https:\\\/\\\/www.apres-lecole.fr\\\/Blog\\\/\",\"name\":\"\",\"description\":\"M\u00e9dia g\u00e9n\u00e9raliste\",\"potentialAction\":[{\"@type\":\"SearchAction\",\"target\":{\"@type\":\"EntryPoint\",\"urlTemplate\":\"https:\\\/\\\/www.apres-lecole.fr\\\/Blog\\\/?s={search_term_string}\"},\"query-input\":{\"@type\":\"PropertyValueSpecification\",\"valueRequired\":true,\"valueName\":\"search_term_string\"}}],\"inLanguage\":\"fr-FR\"},{\"@type\":\"Person\",\"@id\":\"\",\"url\":\"https:\\\/\\\/www.apres-lecole.fr\\\/Blog\\\/author\\\/\"}]}<\/script>\n<!-- \/ Yoast SEO plugin. -->","yoast_head_json":{"title":"emlyon business school fait escale \u00e0 paris","description":"Emlyon Business School s'implante \u00e0 Paris : d\u00e9couvrez comment cette grande \u00e9cole booste ses ambitions et ses formations dans la capitale.","robots":{"index":"index","follow":"follow","max-snippet":"max-snippet:-1","max-image-preview":"max-image-preview:large","max-video-preview":"max-video-preview:-1"},"canonical":"https:\/\/www.apres-lecole.fr\/Blog\/emlyon-business-school-paris\/","og_locale":"fr_FR","og_type":"article","og_title":"emlyon business school fait escale \u00e0 paris","og_description":"Emlyon Business School s'implante \u00e0 Paris : d\u00e9couvrez comment cette grande \u00e9cole booste ses ambitions et ses formations dans la capitale.","og_url":"https:\/\/www.apres-lecole.fr\/Blog\/emlyon-business-school-paris\/","article_published_time":"2025-08-22T07:03:42+00:00","og_image":[{"width":1344,"height":768,"url":"https:\/\/www.apres-lecole.fr\/Blog\/wp-content\/uploads\/2025\/08\/Emlyon-Business-School-prend-son-envol-a-Paris.jpg","type":"image\/jpeg"}],"twitter_card":"summary_large_image","twitter_misc":{"\u00c9crit par":"","Dur\u00e9e de lecture estim\u00e9e":"6 minutes"},"schema":{"@context":"https:\/\/schema.org","@graph":[{"@type":"Article","@id":"https:\/\/www.apres-lecole.fr\/Blog\/emlyon-business-school-paris\/#article","isPartOf":{"@id":"https:\/\/www.apres-lecole.fr\/Blog\/emlyon-business-school-paris\/"},"author":{"name":"","@id":""},"headline":"Emlyon Business School prend son envol \u00e0 Paris","datePublished":"2025-08-22T07:03:42+00:00","mainEntityOfPage":{"@id":"https:\/\/www.apres-lecole.fr\/Blog\/emlyon-business-school-paris\/"},"wordCount":1353,"commentCount":0,"image":{"@id":"https:\/\/www.apres-lecole.fr\/Blog\/emlyon-business-school-paris\/#primaryimage"},"thumbnailUrl":"https:\/\/www.apres-lecole.fr\/Blog\/wp-content\/uploads\/2025\/08\/Emlyon-Business-School-prend-son-envol-a-Paris.jpg","keywords":["commerce","\u00e9ducation","emlyon business school","paris","universit\u00e9"],"articleSection":["Actualit\u00e9s"],"inLanguage":"fr-FR","potentialAction":[{"@type":"CommentAction","name":"Comment","target":["https:\/\/www.apres-lecole.fr\/Blog\/emlyon-business-school-paris\/#respond"]}]},{"@type":"WebPage","@id":"https:\/\/www.apres-lecole.fr\/Blog\/emlyon-business-school-paris\/","url":"https:\/\/www.apres-lecole.fr\/Blog\/emlyon-business-school-paris\/","name":"emlyon business school fait escale \u00e0 paris","isPartOf":{"@id":"https:\/\/www.apres-lecole.fr\/Blog\/#website"},"primaryImageOfPage":{"@id":"https:\/\/www.apres-lecole.fr\/Blog\/emlyon-business-school-paris\/#primaryimage"},"image":{"@id":"https:\/\/www.apres-lecole.fr\/Blog\/emlyon-business-school-paris\/#primaryimage"},"thumbnailUrl":"https:\/\/www.apres-lecole.fr\/Blog\/wp-content\/uploads\/2025\/08\/Emlyon-Business-School-prend-son-envol-a-Paris.jpg","datePublished":"2025-08-22T07:03:42+00:00","author":{"@id":""},"description":"Emlyon Business School s'implante \u00e0 Paris : d\u00e9couvrez comment cette grande \u00e9cole booste ses ambitions et ses formations dans la capitale.","breadcrumb":{"@id":"https:\/\/www.apres-lecole.fr\/Blog\/emlyon-business-school-paris\/#breadcrumb"},"inLanguage":"fr-FR","potentialAction":[{"@type":"ReadAction","target":["https:\/\/www.apres-lecole.fr\/Blog\/emlyon-business-school-paris\/"]}]},{"@type":"ImageObject","inLanguage":"fr-FR","@id":"https:\/\/www.apres-lecole.fr\/Blog\/emlyon-business-school-paris\/#primaryimage","url":"https:\/\/www.apres-lecole.fr\/Blog\/wp-content\/uploads\/2025\/08\/Emlyon-Business-School-prend-son-envol-a-Paris.jpg","contentUrl":"https:\/\/www.apres-lecole.fr\/Blog\/wp-content\/uploads\/2025\/08\/Emlyon-Business-School-prend-son-envol-a-Paris.jpg","width":1344,"height":768,"caption":"d\u00e9couvrez comment emlyon business school s'installe \u00e0 paris, \u00e9largissant son rayonnement et ses formations d\u2019excellence au c\u0153ur de la capitale. opportunit\u00e9s, ambitions et avenir pour les \u00e9tudiants et professionnels."},{"@type":"BreadcrumbList","@id":"https:\/\/www.apres-lecole.fr\/Blog\/emlyon-business-school-paris\/#breadcrumb","itemListElement":[{"@type":"ListItem","position":1,"name":"Home","item":"https:\/\/www.apres-lecole.fr\/Blog\/"},{"@type":"ListItem","position":2,"name":"Emlyon Business School prend son envol \u00e0 Paris"}]},{"@type":"WebSite","@id":"https:\/\/www.apres-lecole.fr\/Blog\/#website","url":"https:\/\/www.apres-lecole.fr\/Blog\/","name":"","description":"M\u00e9dia g\u00e9n\u00e9raliste","potentialAction":[{"@type":"SearchAction","target":{"@type":"EntryPoint","urlTemplate":"https:\/\/www.apres-lecole.fr\/Blog\/?s={search_term_string}"},"query-input":{"@type":"PropertyValueSpecification","valueRequired":true,"valueName":"search_term_string"}}],"inLanguage":"fr-FR"},{"@type":"Person","@id":"","url":"https:\/\/www.apres-lecole.fr\/Blog\/author\/"}]}},"views":8,"_links":{"self":[{"href":"https:\/\/www.apres-lecole.fr\/Blog\/wp-json\/wp\/v2\/posts\/2234","targetHints":{"allow":["GET"]}}],"collection":[{"href":"https:\/\/www.apres-lecole.fr\/Blog\/wp-json\/wp\/v2\/posts"}],"about":[{"href":"https:\/\/www.apres-lecole.fr\/Blog\/wp-json\/wp\/v2\/types\/post"}],"author":[{"embeddable":true,"href":"https:\/\/www.apres-lecole.fr\/Blog\/wp-json\/wp\/v2\/users\/7"}],"replies":[{"embeddable":true,"href":"https:\/\/www.apres-lecole.fr\/Blog\/wp-json\/wp\/v2\/comments?post=2234"}],"version-history":[{"count":0,"href":"https:\/\/www.apres-lecole.fr\/Blog\/wp-json\/wp\/v2\/posts\/2234\/revisions"}],"wp:featuredmedia":[{"embeddable":true,"href":"https:\/\/www.apres-lecole.fr\/Blog\/wp-json\/wp\/v2\/media\/2233"}],"wp:attachment":[{"href":"https:\/\/www.apres-lecole.fr\/Blog\/wp-json\/wp\/v2\/media?parent=2234"}],"wp:term":[{"taxonomy":"category","embeddable":true,"href":"https:\/\/www.apres-lecole.fr\/Blog\/wp-json\/wp\/v2\/categories?post=2234"},{"taxonomy":"post_tag","embeddable":true,"href":"https:\/\/www.apres-lecole.fr\/Blog\/wp-json\/wp\/v2\/tags?post=2234"}],"curies":[{"name":"wp","href":"https:\/\/api.w.org\/{rel}","templated":true}]}}