{"id":2224,"date":"2025-08-20T07:06:18","date_gmt":"2025-08-20T07:06:18","guid":{"rendered":"https:\/\/www.apres-lecole.fr\/Blog\/ecole-robert-schuman-education\/"},"modified":"2025-08-20T07:06:18","modified_gmt":"2025-08-20T07:06:18","slug":"ecole-robert-schuman-education","status":"publish","type":"post","link":"https:\/\/www.apres-lecole.fr\/Blog\/ecole-robert-schuman-education\/","title":{"rendered":"L&rsquo;\u00e9cole Robert Schuman : un mod\u00e8le d&rsquo;\u00e9ducation innovant en 2025"},"content":{"rendered":"\n\n<div class=\"kk-star-ratings kksr-auto kksr-align-left kksr-valign-top\"\n    data-payload='{&quot;align&quot;:&quot;left&quot;,&quot;id&quot;:&quot;2224&quot;,&quot;slug&quot;:&quot;default&quot;,&quot;valign&quot;:&quot;top&quot;,&quot;ignore&quot;:&quot;&quot;,&quot;reference&quot;:&quot;auto&quot;,&quot;class&quot;:&quot;&quot;,&quot;count&quot;:&quot;0&quot;,&quot;legendonly&quot;:&quot;&quot;,&quot;readonly&quot;:&quot;&quot;,&quot;score&quot;:&quot;0&quot;,&quot;starsonly&quot;:&quot;&quot;,&quot;best&quot;:&quot;5&quot;,&quot;gap&quot;:&quot;5&quot;,&quot;greet&quot;:&quot;Rate this post&quot;,&quot;legend&quot;:&quot;0\\\/5 - (0 vote)&quot;,&quot;size&quot;:&quot;24&quot;,&quot;title&quot;:&quot;L\\u0026#039;\u00e9cole Robert Schuman : un mod\u00e8le d\\u0026#039;\u00e9ducation innovant en 2025&quot;,&quot;width&quot;:&quot;0&quot;,&quot;_legend&quot;:&quot;{score}\\\/{best} - ({count} {votes})&quot;,&quot;font_factor&quot;:&quot;1.25&quot;}'>\n            \n<div class=\"kksr-stars\">\n    \n<div class=\"kksr-stars-inactive\">\n            <div class=\"kksr-star\" data-star=\"1\" style=\"padding-right: 5px\">\n            \n\n<div class=\"kksr-icon\" style=\"width: 24px; height: 24px;\"><\/div>\n        <\/div>\n            <div class=\"kksr-star\" data-star=\"2\" style=\"padding-right: 5px\">\n            \n\n<div class=\"kksr-icon\" style=\"width: 24px; height: 24px;\"><\/div>\n        <\/div>\n            <div class=\"kksr-star\" data-star=\"3\" style=\"padding-right: 5px\">\n            \n\n<div class=\"kksr-icon\" style=\"width: 24px; height: 24px;\"><\/div>\n        <\/div>\n            <div class=\"kksr-star\" data-star=\"4\" style=\"padding-right: 5px\">\n            \n\n<div class=\"kksr-icon\" style=\"width: 24px; height: 24px;\"><\/div>\n        <\/div>\n            <div class=\"kksr-star\" data-star=\"5\" style=\"padding-right: 5px\">\n            \n\n<div class=\"kksr-icon\" style=\"width: 24px; height: 24px;\"><\/div>\n        <\/div>\n    <\/div>\n    \n<div class=\"kksr-stars-active\" style=\"width: 0px;\">\n            <div class=\"kksr-star\" style=\"padding-right: 5px\">\n            \n\n<div class=\"kksr-icon\" style=\"width: 24px; height: 24px;\"><\/div>\n        <\/div>\n            <div class=\"kksr-star\" style=\"padding-right: 5px\">\n            \n\n<div class=\"kksr-icon\" style=\"width: 24px; height: 24px;\"><\/div>\n        <\/div>\n            <div class=\"kksr-star\" style=\"padding-right: 5px\">\n            \n\n<div class=\"kksr-icon\" style=\"width: 24px; height: 24px;\"><\/div>\n        <\/div>\n            <div class=\"kksr-star\" style=\"padding-right: 5px\">\n            \n\n<div class=\"kksr-icon\" style=\"width: 24px; height: 24px;\"><\/div>\n        <\/div>\n            <div class=\"kksr-star\" style=\"padding-right: 5px\">\n            \n\n<div class=\"kksr-icon\" style=\"width: 24px; height: 24px;\"><\/div>\n        <\/div>\n    <\/div>\n<\/div>\n                \n\n<div class=\"kksr-legend\" style=\"font-size: 19.2px;\">\n            <span class=\"kksr-muted\">Rate this post<\/span>\n    <\/div>\n    <\/div>\n<p>Dans un monde en constante \u00e9volution, l&rsquo;\u00c9cole Robert Schuman se distingue comme un phare d&rsquo;innovation p\u00e9dagogique. Ce mod\u00e8le \u00e9ducatif, visible \u00e0 Marseille 3e Arrondissement, ne se limite pas \u00e0 un simple syst\u00e8me d\u2019enseignement, mais embrasse une approche novatrice qui pr\u00e9pare les \u00e9l\u00e8ves \u00e0 relever les d\u00e9fis du futur. Avec une int\u00e9gration r\u00e9ussie de l&rsquo;apprentissage num\u00e9rique, du d\u00e9veloppement durable et de l&rsquo;intelligence artificielle, l&rsquo;\u00e9cole incarne une vision moderne et inclusive de l&rsquo;\u00e9ducation. Comment cette \u00e9cole r\u00e9ussit-elle \u00e0 marier tradition et innovation? Plong\u00e9e au c\u0153ur d&rsquo;une institution qui s&rsquo;engage \u00e0 offrir un enseignement personnalis\u00e9 et collaboratif, visant \u00e0 former des citoyens \u00e9clair\u00e9s et engag\u00e9s pour demain.<\/p>\n\n<h2 class=\"wp-block-heading\">Une \u00e9volution vers l&rsquo;innovation p\u00e9dagogique<\/h2>\n\n<p>L&rsquo;\u00c9cole Robert Schuman, ouverte depuis 2008, n&rsquo;a cess\u00e9 d&rsquo;\u00e9voluer pour s&rsquo;adapter aux besoins des \u00e9l\u00e8ves d&rsquo;aujourd&rsquo;hui. Avec son approche d&rsquo;innovation p\u00e9dagogique, l&rsquo;\u00e9cole vise \u00e0 cr\u00e9er un environnement d&rsquo;apprentissage stimulant. La fusion de m\u00e9thodes d&rsquo;enseignement traditionnelles avec des outils modernes permet aux enseignants d&rsquo;offrir une exp\u00e9rience d&rsquo;apprentissage plus riche et engageante. Il est \u00e9vident que cette \u00e9volution se traduit par une meilleure pr\u00e9paration des \u00e9l\u00e8ves face aux d\u00e9fis futurs.<\/p>\n\n<p>L&rsquo;un des \u00e9l\u00e9ments cl\u00e9s de cette innovation est la mise en \u0153uvre de <strong>cours bas\u00e9s sur l&rsquo;apprentissage num\u00e9rique<\/strong>. En int\u00e9grant les nouvelles technologies dans le quotidien scolaire, l&rsquo;\u00e9cole ne se contente pas d&rsquo;utiliser des outils modernes, mais elle forme \u00e9galement les \u00e9l\u00e8ves \u00e0 \u00eatre des acteurs critiques et cr\u00e9atifs dans l\u2019utilisation de ces technologies. Par exemple, les enseignants utilisent des plateformes num\u00e9riques pour interagir avec les \u00e9l\u00e8ves, permettant un suivi personnalis\u00e9 de leur progression. La <strong>classe connect\u00e9e<\/strong> devient ainsi un espace de collaboration active, o\u00f9 les \u00e9l\u00e8ves peuvent \u00e9changer des id\u00e9es, r\u00e9soudre des probl\u00e8mes ensemble et participer \u00e0 des projets interdisciplinaires.<\/p>\n\n<ul class=\"wp-block-list\"><li>\ud83d\udd0d Adaptation des m\u00e9thodes d&rsquo;enseignement<\/li><li>\ud83d\udcbb Utilisation de technologies avanc\u00e9es<\/li><li>\ud83c\udf0d Accent sur l&rsquo;apprentissage collaboratif<\/li><\/ul>\n\n<p>En 2025, l&rsquo;\u00c9cole Robert Schuman se pr\u00e9sente \u00e9galement comme une pionni\u00e8re dans le domaine de l&rsquo;<strong>\u00e9ducation inclusive<\/strong>. Chaque \u00e9l\u00e8ve, quels que soient son parcours et ses besoins, b\u00e9n\u00e9ficie d&rsquo;un enseignement personnalis\u00e9. L&rsquo;\u00e9cole travaille pour r\u00e9pondre \u00e0 la diversit\u00e9 des \u00e9l\u00e8ves en mettant en place des dispositifs sp\u00e9cifiques, comme des groupes de soutien ou des cours adapt\u00e9s. L&rsquo;enseignement personnalis\u00e9 joue ici un r\u00f4le fondamental pour garantir que tous les \u00e9l\u00e8ves atteignent leur plein potentiel. En effet, les r\u00e9sultats et avis des parents t\u00e9moignent de cette dynamique positive, faisant de l&rsquo;\u00e9cole un lieu de confiance et d&rsquo;\u00e9panouissement.<\/p>\n\n<h3 class=\"wp-block-heading\">Le d\u00e9veloppement durable \u00e0 l&rsquo;honneur<\/h3>\n\n<p>Le d\u00e9veloppement durable est un pilier central de la philosophie \u00e9ducative de l&rsquo;\u00c9cole Robert Schuman. En 2025, cette \u00e9cole se positionne comme un acteur clef de la transition \u00e9cologique. Les \u00e9l\u00e8ves sont sensibilis\u00e9s \u00e0 l&rsquo;importance de prot\u00e9ger notre plan\u00e8te d\u00e8s leur plus jeune \u00e2ge. Des projets concrets sont mis en place pour encourager des comportements \u00e9coresponsables, allant de la gestion des d\u00e9chets \u00e0 la cr\u00e9ation de potagers scolaires. Ces initiatives permettent d&rsquo;inculquer des valeurs qui resteront grav\u00e9es chez les \u00e9l\u00e8ves tout au long de leur vie.<\/p>\n\n<figure class=\"wp-block-table\"><table>\n<thead>\n<tr>\n<th>Activit\u00e9s de d\u00e9veloppement durable<\/th>\n<th>Description<\/th>\n<\/tr>\n<\/thead>\n<tbody>\n<tr>\n<td>\ud83c\udf31 Cr\u00e9ation de potagers scolaires<\/td>\n<td>Les \u00e9l\u00e8ves apprennent \u00e0 cultiver des l\u00e9gumes et \u00e0 comprendre l&rsquo;importance de l&rsquo;agriculture locale.<\/td>\n<\/tr>\n<tr>\n<td>\u267b\ufe0f Ateliers de recyclage<\/td>\n<td>Les \u00e9l\u00e8ves sont form\u00e9s sur le tri des d\u00e9chets et la r\u00e9duction des plastiques.<\/td>\n<\/tr>\n<tr>\n<td>\ud83d\udc26 Restauration scolaire \u00e9coresponsable<\/td>\n<td>Utilisation de produits locaux et de saison dans les repas servis \u00e0 l&rsquo;\u00e9cole.<\/td>\n<\/tr>\n<\/tbody>\n<\/table><\/figure>\n\n<p>Ce faisant, l&rsquo;\u00e9cole pr\u00e9pare \u00e9galement ses \u00e9l\u00e8ves \u00e0 devenir des leaders \u00e9ducatifs responsables. En s&rsquo;appuyant sur des projets de collaboration internationale, les \u00e9l\u00e8ves peuvent \u00e9changer avec des pairs d&rsquo;autres pays, favorisant ainsi une ouverture sur le monde. Cette approche leur permet de d\u00e9velopper une compr\u00e9hension interculturelle et d&rsquo;apprendre \u00e0 r\u00e9soudre des probl\u00e8mes globaux ensemble.<\/p>\n\n<h2 class=\"wp-block-heading\">Classe connect\u00e9e : l\u2019avenir de l&rsquo;apprentissage<\/h2>\n\n<p>Dans le cadre de l&rsquo;apprentissage moderne, l&rsquo;\u00c9cole Robert Schuman a transform\u00e9 ses salles de classe en <strong>espaces connect\u00e9s<\/strong> o\u00f9 les technologies de pointe soutiennent l&rsquo;apprentissage actif. Les enseignants utilisent des outils comme des tableaux interactifs et des plateformes d&rsquo;apprentissage en ligne pour fournir un enseignement plus dynamique et engageant. Par cette approche, les \u00e9l\u00e8ves sont constamment stimul\u00e9s \u00e0 interagir avec le contenu p\u00e9dagogique de mani\u00e8re innovante.<\/p>\n\n<p>L&rsquo;un des aspects les plus fascinants de la classe connect\u00e9e est la possibilit\u00e9 d&rsquo;int\u00e9grer l&rsquo;<strong>intelligence artificielle<\/strong> dans l&rsquo;\u00e9ducation. En 2025, des outils d&rsquo;IA sont utilis\u00e9s pour analyser la performance des \u00e9l\u00e8ves et adapter les programmes d&rsquo;apprentissage en temps r\u00e9el. Gr\u00e2ce \u00e0 cette technologie, il devient plus facile d&rsquo;identifier les besoins sp\u00e9cifiques de chaque \u00e9l\u00e8ve et d&rsquo;organiser des sessions de soutien individualis\u00e9es. Par exemple, un \u00e9l\u00e8ve ayant des difficult\u00e9s en math\u00e9matiques pourrait recevoir des exercices suppl\u00e9mentaires et des ressources cibl\u00e9es pour am\u00e9liorer sa compr\u00e9hension.<\/p>\n\n<p>Cette approche favorise \u00e9galement le d\u00e9veloppement des comp\u00e9tences du 21\u00e8me si\u00e8cle, notamment la cr\u00e9ativit\u00e9, la pens\u00e9e critique et la collaboration. En combinant l&rsquo;apprentissage num\u00e9rique avec des m\u00e9thodologies innovantes, l&rsquo;\u00c9cole Robert Schuman se place \u00e0 la pointe de l&rsquo;\u00e9ducation moderne.<\/p>\n\n<h3 class=\"wp-block-heading\">Formation continue des enseignants<\/h3>\n\n<p>Pour maintenir ce niveau d&rsquo;innovation, l&rsquo;\u00e9cole privil\u00e9gie la <strong>formation continue des enseignants<\/strong>. Les professionnels de l&rsquo;\u00e9ducation jouent un r\u00f4le cl\u00e9 dans l&rsquo;impl\u00e9mentation des nouvelles m\u00e9thodes p\u00e9dagogiques, et leur d\u00e9veloppement personnel est donc essentiel. L&rsquo;\u00e9cole organise r\u00e9guli\u00e8rement des formations et des ateliers sur les nouvelles technologies \u00e9ducatives et les tendances p\u00e9dagogiques, permettant aux enseignants de rester \u00e0 jour dans leurs pratiques.<\/p>\n\n<ul class=\"wp-block-list\"><li>\ud83d\udcda S\u00e9minaires sur l&rsquo;apprentissage num\u00e9rique<\/li><li>\ud83e\uddd1\u200d\ud83c\udfeb Ateliers sur la p\u00e9dagogie active<\/li><li>\ud83c\udf10 Syst\u00e8mes de mentorat pour un soutien continu<\/li><\/ul>\n\n<p>En cultivant un environnement d&rsquo;apprentissage collaboratif pour les enseignants, l&rsquo;\u00e9cole Robert Schuman ne se contente pas de renforcer l&rsquo;enseignement dans ses murs, mais contribue \u00e9galement \u00e0 construire une communaut\u00e9 \u00e9ducative dynamique. Ce mod\u00e8le d&rsquo;une \u00e9cole en constante am\u00e9lioration fait \u00e9cho \u00e0 la vision d&rsquo;un futur o\u00f9 chaque \u00e9l\u00e8ve peut s&rsquo;\u00e9panouir dans un cadre inclusif et stimulant.<\/p>\n\n<h2 class=\"wp-block-heading\">Leadership \u00e9ducatif et collaboration internationale<\/h2>\n\n<p>Le leadership \u00e9ducatif \u00e0 l&rsquo;\u00c9cole Robert Schuman repose sur une vision collective et collaborative. L&rsquo;institution met en avant l&rsquo;importance de la <strong>collaboration internationale<\/strong> pour enrichir le parcours \u00e9ducatif des \u00e9l\u00e8ves. Gr\u00e2ce \u00e0 des partenariats avec d&rsquo;autres \u00e9tablissements dans le monde, les \u00e9l\u00e8ves peuvent s&rsquo;engager dans des projets communs, \u00e9changer des id\u00e9es et d\u00e9velopper des comp\u00e9tences interculturelles.<\/p>\n\n<p>En 2025, l&rsquo;\u00e9cole parvient \u00e0 \u00e9tablir des \u00e9changes r\u00e9guliers avec des institutions \u00e0 l\u2019\u00e9tranger, ce qui permet aux \u00e9l\u00e8ves de d\u00e9couvrir d&rsquo;autres cultures et syst\u00e8mes \u00e9ducatifs. Ces projets favorisent non seulement l\u2019ouverture d&rsquo;esprit, mais aussi la cr\u00e9ation de r\u00e9seaux d&rsquo;apprentissage qui s&rsquo;\u00e9tendent au-del\u00e0 des fronti\u00e8res. Ce type de collaboration est essentiel, car il ouvre des perspectives nouvelles et aide les \u00e9l\u00e8ves \u00e0 aborder les probl\u00e9matiques mondiales avec une vision \u00e9clair\u00e9e.<\/p>\n\n<h3 class=\"wp-block-heading\">Des initiatives concr\u00e8tes pour l&rsquo;\u00e9ducation inclusive<\/h3>\n\n<p>Le mod\u00e8le de l&rsquo;\u00c9cole Robert Schuman int\u00e8gre \u00e9galement des initiatives concr\u00e8tes pour une <strong>\u00e9ducation inclusive<\/strong>. Chaque \u00e9l\u00e8ve, quelles que soient ses particularit\u00e9s, a sa place dans l&rsquo;\u00e9tablissement. Par exemple, l&rsquo;\u00e9cole d\u00e9veloppe des ressources adapt\u00e9es et progresse vers un environnement vraiment inclusif. Les \u00e9quipes \u00e9ducatives sont form\u00e9es pour travailler avec tous les \u00e9l\u00e8ves, y compris ceux en situation de handicap.<\/p>\n\n<ul class=\"wp-block-list\"><li>\ud83e\udd1d Groupes de soutien pour \u00e9l\u00e8ves en difficult\u00e9<\/li><li>\ud83d\udcd6 Mat\u00e9riel p\u00e9dagogique accessible \u00e0 tous<\/li><li>\ud83d\udcac Formation des enseignants sur l&rsquo;\u00e9ducation inclusive<\/li><\/ul>\n\n<p>Cette approche renforce non seulement l&rsquo;estime de soi des \u00e9l\u00e8ves, mais contribue \u00e9galement \u00e0 cr\u00e9er une atmosph\u00e8re scolaire plus riche et diversifi\u00e9e. En s&rsquo;assurant que chaque \u00e9l\u00e8ve se sente valoris\u00e9 et soutenu, l&rsquo;\u00e9cole contribue \u00e0 la construction d\u2019une soci\u00e9t\u00e9 plus \u00e9quitable.<\/p>\n\n<h2 class=\"wp-block-heading\">Questions fr\u00e9quentes (FAQ)<\/h2>\n\n<p><strong>Quel type d&rsquo;enseignement est propos\u00e9 \u00e0 l&rsquo;\u00c9cole Robert Schuman ?<\/strong> L&rsquo;\u00e9cole offre un enseignement personnalis\u00e9, adapt\u00e9 aux besoins de chaque \u00e9l\u00e8ve, int\u00e9grant des m\u00e9thodes innovantes et des technologies modernes.<\/p>\n\n<p><strong>Comment l&rsquo;\u00e9cole aborde-t-elle le d\u00e9veloppement durable ?<\/strong> Des projets concrets, comme la gestion des d\u00e9chets et la cr\u00e9ation de potagers, permettent aux \u00e9l\u00e8ves de s&rsquo;engager activement pour l&rsquo;\u00e9cologie.<\/p>\n\n<p><strong>Quelle est l&rsquo;importance de la formation des enseignants ?<\/strong> Elle est cruciale pour garantir l&rsquo;impl\u00e9mentation des nouvelles m\u00e9thodes p\u00e9dagogiques et l&rsquo;utilisation efficace des technologies dans l&rsquo;enseignement.<\/p>\n\n<p><strong>Comment l&rsquo;\u00e9cole favorise-t-elle l&rsquo;\u00e9ducation inclusive ?<\/strong> Avec des initiatives telles que des groupes de soutien et des ressources adapt\u00e9es pour tous les \u00e9l\u00e8ves, l&rsquo;\u00e9cole vise \u00e0 cr\u00e9er un environnement d&rsquo;apprentissage \u00e9quitable.<\/p>\n\n<p><strong>Quelles sont les opportunit\u00e9s de collaboration internationale ?<\/strong> L&rsquo;\u00e9cole collabore avec d&rsquo;autres \u00e9tablissements dans le monde, permettant des \u00e9changes r\u00e9guliers pour cr\u00e9er des projets enrichissants pour les \u00e9l\u00e8ves.<\/p>\n\n","protected":false},"excerpt":{"rendered":"<p>Dans un monde en constante \u00e9volution, l&rsquo;\u00c9cole Robert Schuman se distingue comme un phare d&rsquo;innovation p\u00e9dagogique. Ce mod\u00e8le \u00e9ducatif, visible \u00e0 Marseille 3e Arrondissement, ne se limite pas \u00e0 un simple syst\u00e8me d\u2019enseignement, mais embrasse une approche novatrice qui pr\u00e9pare les \u00e9l\u00e8ves \u00e0 relever les d\u00e9fis du futur. Avec une int\u00e9gration r\u00e9ussie de l&rsquo;apprentissage num\u00e9rique, &#8230; <a title=\"L&rsquo;\u00e9cole Robert Schuman : un mod\u00e8le d&rsquo;\u00e9ducation innovant en 2025\" class=\"read-more\" href=\"https:\/\/www.apres-lecole.fr\/Blog\/ecole-robert-schuman-education\/\" aria-label=\"En savoir plus sur L&rsquo;\u00e9cole Robert Schuman : un mod\u00e8le d&rsquo;\u00e9ducation innovant en 2025\">Lire plus<\/a><\/p>\n","protected":false},"author":7,"featured_media":2223,"comment_status":"open","ping_status":"open","sticky":false,"template":"","format":"standard","meta":{"footnotes":""},"categories":[342],"tags":[410,412,873,1415,1414],"class_list":["post-2224","post","type-post","status-publish","format-standard","has-post-thumbnail","hentry","category-actualites","tag-ecole","tag-education","tag-innovation","tag-modele-educatif","tag-robert-schuman"],"yoast_head":"<!-- This site is optimized with the Yoast SEO plugin v27.5 - https:\/\/yoast.com\/product\/yoast-seo-wordpress\/ -->\n<title>l\u2019\u00e9cole robert schuman, pionni\u00e8re de l\u2019innovation p\u00e9dagogique en 2025<\/title>\n<meta name=\"description\" content=\"D\u00e9couvrez l&#039;\u00e9cole Robert Schuman, mod\u00e8le d&#039;\u00e9ducation innovant en 2025, alliant excellence p\u00e9dagogique et nouvelles technologies.\" \/>\n<meta name=\"robots\" content=\"index, follow, max-snippet:-1, max-image-preview:large, max-video-preview:-1\" \/>\n<link rel=\"canonical\" href=\"https:\/\/www.apres-lecole.fr\/Blog\/ecole-robert-schuman-education\/\" \/>\n<meta property=\"og:locale\" content=\"fr_FR\" \/>\n<meta property=\"og:type\" content=\"article\" \/>\n<meta property=\"og:title\" content=\"l\u2019\u00e9cole robert schuman, pionni\u00e8re de l\u2019innovation p\u00e9dagogique en 2025\" \/>\n<meta property=\"og:description\" content=\"D\u00e9couvrez l&#039;\u00e9cole Robert Schuman, mod\u00e8le d&#039;\u00e9ducation innovant en 2025, alliant excellence p\u00e9dagogique et nouvelles technologies.\" \/>\n<meta property=\"og:url\" content=\"https:\/\/www.apres-lecole.fr\/Blog\/ecole-robert-schuman-education\/\" \/>\n<meta property=\"article:published_time\" content=\"2025-08-20T07:06:18+00:00\" \/>\n<meta property=\"og:image\" content=\"https:\/\/www.apres-lecole.fr\/Blog\/wp-content\/uploads\/2025\/08\/Lecole-Robert-Schuman-un-modele-deducation-innovant-en-2025.jpg\" \/>\n\t<meta property=\"og:image:width\" content=\"1344\" \/>\n\t<meta property=\"og:image:height\" content=\"768\" \/>\n\t<meta property=\"og:image:type\" content=\"image\/jpeg\" \/>\n<meta name=\"twitter:card\" content=\"summary_large_image\" \/>\n<meta name=\"twitter:label1\" content=\"\u00c9crit par\" \/>\n\t<meta name=\"twitter:data1\" content=\"\" \/>\n\t<meta name=\"twitter:label2\" content=\"Dur\u00e9e de lecture estim\u00e9e\" \/>\n\t<meta name=\"twitter:data2\" content=\"7 minutes\" \/>\n<script type=\"application\/ld+json\" class=\"yoast-schema-graph\">{\"@context\":\"https:\\\/\\\/schema.org\",\"@graph\":[{\"@type\":\"Article\",\"@id\":\"https:\\\/\\\/www.apres-lecole.fr\\\/Blog\\\/ecole-robert-schuman-education\\\/#article\",\"isPartOf\":{\"@id\":\"https:\\\/\\\/www.apres-lecole.fr\\\/Blog\\\/ecole-robert-schuman-education\\\/\"},\"author\":{\"name\":\"\",\"@id\":\"\"},\"headline\":\"L&rsquo;\u00e9cole Robert Schuman : un mod\u00e8le d&rsquo;\u00e9ducation innovant en 2025\",\"datePublished\":\"2025-08-20T07:06:18+00:00\",\"mainEntityOfPage\":{\"@id\":\"https:\\\/\\\/www.apres-lecole.fr\\\/Blog\\\/ecole-robert-schuman-education\\\/\"},\"wordCount\":1573,\"commentCount\":0,\"image\":{\"@id\":\"https:\\\/\\\/www.apres-lecole.fr\\\/Blog\\\/ecole-robert-schuman-education\\\/#primaryimage\"},\"thumbnailUrl\":\"https:\\\/\\\/www.apres-lecole.fr\\\/Blog\\\/wp-content\\\/uploads\\\/2025\\\/08\\\/Lecole-Robert-Schuman-un-modele-deducation-innovant-en-2025.jpg\",\"keywords\":[\"\u00e9cole\",\"\u00e9ducation\",\"innovation\",\"mod\u00e8le \u00e9ducatif\",\"robert schuman\"],\"articleSection\":[\"Actualit\u00e9s\"],\"inLanguage\":\"fr-FR\",\"potentialAction\":[{\"@type\":\"CommentAction\",\"name\":\"Comment\",\"target\":[\"https:\\\/\\\/www.apres-lecole.fr\\\/Blog\\\/ecole-robert-schuman-education\\\/#respond\"]}]},{\"@type\":\"WebPage\",\"@id\":\"https:\\\/\\\/www.apres-lecole.fr\\\/Blog\\\/ecole-robert-schuman-education\\\/\",\"url\":\"https:\\\/\\\/www.apres-lecole.fr\\\/Blog\\\/ecole-robert-schuman-education\\\/\",\"name\":\"l\u2019\u00e9cole robert schuman, pionni\u00e8re de l\u2019innovation p\u00e9dagogique en 2025\",\"isPartOf\":{\"@id\":\"https:\\\/\\\/www.apres-lecole.fr\\\/Blog\\\/#website\"},\"primaryImageOfPage\":{\"@id\":\"https:\\\/\\\/www.apres-lecole.fr\\\/Blog\\\/ecole-robert-schuman-education\\\/#primaryimage\"},\"image\":{\"@id\":\"https:\\\/\\\/www.apres-lecole.fr\\\/Blog\\\/ecole-robert-schuman-education\\\/#primaryimage\"},\"thumbnailUrl\":\"https:\\\/\\\/www.apres-lecole.fr\\\/Blog\\\/wp-content\\\/uploads\\\/2025\\\/08\\\/Lecole-Robert-Schuman-un-modele-deducation-innovant-en-2025.jpg\",\"datePublished\":\"2025-08-20T07:06:18+00:00\",\"author\":{\"@id\":\"\"},\"description\":\"D\u00e9couvrez l'\u00e9cole Robert Schuman, mod\u00e8le d'\u00e9ducation innovant en 2025, alliant excellence p\u00e9dagogique et nouvelles technologies.\",\"breadcrumb\":{\"@id\":\"https:\\\/\\\/www.apres-lecole.fr\\\/Blog\\\/ecole-robert-schuman-education\\\/#breadcrumb\"},\"inLanguage\":\"fr-FR\",\"potentialAction\":[{\"@type\":\"ReadAction\",\"target\":[\"https:\\\/\\\/www.apres-lecole.fr\\\/Blog\\\/ecole-robert-schuman-education\\\/\"]}]},{\"@type\":\"ImageObject\",\"inLanguage\":\"fr-FR\",\"@id\":\"https:\\\/\\\/www.apres-lecole.fr\\\/Blog\\\/ecole-robert-schuman-education\\\/#primaryimage\",\"url\":\"https:\\\/\\\/www.apres-lecole.fr\\\/Blog\\\/wp-content\\\/uploads\\\/2025\\\/08\\\/Lecole-Robert-Schuman-un-modele-deducation-innovant-en-2025.jpg\",\"contentUrl\":\"https:\\\/\\\/www.apres-lecole.fr\\\/Blog\\\/wp-content\\\/uploads\\\/2025\\\/08\\\/Lecole-Robert-Schuman-un-modele-deducation-innovant-en-2025.jpg\",\"width\":1344,\"height\":768,\"caption\":\"d\u00e9couvrez comment l'\u00e9cole robert schuman se distingue en 2025 par son approche p\u00e9dagogique innovante et ses m\u00e9thodes d'apprentissage modernes, offrant aux \u00e9l\u00e8ves un environnement stimulant et adapt\u00e9 aux d\u00e9fis de demain.\"},{\"@type\":\"BreadcrumbList\",\"@id\":\"https:\\\/\\\/www.apres-lecole.fr\\\/Blog\\\/ecole-robert-schuman-education\\\/#breadcrumb\",\"itemListElement\":[{\"@type\":\"ListItem\",\"position\":1,\"name\":\"Home\",\"item\":\"https:\\\/\\\/www.apres-lecole.fr\\\/Blog\\\/\"},{\"@type\":\"ListItem\",\"position\":2,\"name\":\"L&rsquo;\u00e9cole Robert Schuman : un mod\u00e8le d&rsquo;\u00e9ducation innovant en 2025\"}]},{\"@type\":\"WebSite\",\"@id\":\"https:\\\/\\\/www.apres-lecole.fr\\\/Blog\\\/#website\",\"url\":\"https:\\\/\\\/www.apres-lecole.fr\\\/Blog\\\/\",\"name\":\"\",\"description\":\"M\u00e9dia g\u00e9n\u00e9raliste\",\"potentialAction\":[{\"@type\":\"SearchAction\",\"target\":{\"@type\":\"EntryPoint\",\"urlTemplate\":\"https:\\\/\\\/www.apres-lecole.fr\\\/Blog\\\/?s={search_term_string}\"},\"query-input\":{\"@type\":\"PropertyValueSpecification\",\"valueRequired\":true,\"valueName\":\"search_term_string\"}}],\"inLanguage\":\"fr-FR\"},{\"@type\":\"Person\",\"@id\":\"\",\"url\":\"https:\\\/\\\/www.apres-lecole.fr\\\/Blog\\\/author\\\/\"}]}<\/script>\n<!-- \/ Yoast SEO plugin. -->","yoast_head_json":{"title":"l\u2019\u00e9cole robert schuman, pionni\u00e8re de l\u2019innovation p\u00e9dagogique en 2025","description":"D\u00e9couvrez l'\u00e9cole Robert Schuman, mod\u00e8le d'\u00e9ducation innovant en 2025, alliant excellence p\u00e9dagogique et nouvelles technologies.","robots":{"index":"index","follow":"follow","max-snippet":"max-snippet:-1","max-image-preview":"max-image-preview:large","max-video-preview":"max-video-preview:-1"},"canonical":"https:\/\/www.apres-lecole.fr\/Blog\/ecole-robert-schuman-education\/","og_locale":"fr_FR","og_type":"article","og_title":"l\u2019\u00e9cole robert schuman, pionni\u00e8re de l\u2019innovation p\u00e9dagogique en 2025","og_description":"D\u00e9couvrez l'\u00e9cole Robert Schuman, mod\u00e8le d'\u00e9ducation innovant en 2025, alliant excellence p\u00e9dagogique et nouvelles technologies.","og_url":"https:\/\/www.apres-lecole.fr\/Blog\/ecole-robert-schuman-education\/","article_published_time":"2025-08-20T07:06:18+00:00","og_image":[{"width":1344,"height":768,"url":"https:\/\/www.apres-lecole.fr\/Blog\/wp-content\/uploads\/2025\/08\/Lecole-Robert-Schuman-un-modele-deducation-innovant-en-2025.jpg","type":"image\/jpeg"}],"twitter_card":"summary_large_image","twitter_misc":{"\u00c9crit par":"","Dur\u00e9e de lecture estim\u00e9e":"7 minutes"},"schema":{"@context":"https:\/\/schema.org","@graph":[{"@type":"Article","@id":"https:\/\/www.apres-lecole.fr\/Blog\/ecole-robert-schuman-education\/#article","isPartOf":{"@id":"https:\/\/www.apres-lecole.fr\/Blog\/ecole-robert-schuman-education\/"},"author":{"name":"","@id":""},"headline":"L&rsquo;\u00e9cole Robert Schuman : un mod\u00e8le d&rsquo;\u00e9ducation innovant en 2025","datePublished":"2025-08-20T07:06:18+00:00","mainEntityOfPage":{"@id":"https:\/\/www.apres-lecole.fr\/Blog\/ecole-robert-schuman-education\/"},"wordCount":1573,"commentCount":0,"image":{"@id":"https:\/\/www.apres-lecole.fr\/Blog\/ecole-robert-schuman-education\/#primaryimage"},"thumbnailUrl":"https:\/\/www.apres-lecole.fr\/Blog\/wp-content\/uploads\/2025\/08\/Lecole-Robert-Schuman-un-modele-deducation-innovant-en-2025.jpg","keywords":["\u00e9cole","\u00e9ducation","innovation","mod\u00e8le \u00e9ducatif","robert schuman"],"articleSection":["Actualit\u00e9s"],"inLanguage":"fr-FR","potentialAction":[{"@type":"CommentAction","name":"Comment","target":["https:\/\/www.apres-lecole.fr\/Blog\/ecole-robert-schuman-education\/#respond"]}]},{"@type":"WebPage","@id":"https:\/\/www.apres-lecole.fr\/Blog\/ecole-robert-schuman-education\/","url":"https:\/\/www.apres-lecole.fr\/Blog\/ecole-robert-schuman-education\/","name":"l\u2019\u00e9cole robert schuman, pionni\u00e8re de l\u2019innovation p\u00e9dagogique en 2025","isPartOf":{"@id":"https:\/\/www.apres-lecole.fr\/Blog\/#website"},"primaryImageOfPage":{"@id":"https:\/\/www.apres-lecole.fr\/Blog\/ecole-robert-schuman-education\/#primaryimage"},"image":{"@id":"https:\/\/www.apres-lecole.fr\/Blog\/ecole-robert-schuman-education\/#primaryimage"},"thumbnailUrl":"https:\/\/www.apres-lecole.fr\/Blog\/wp-content\/uploads\/2025\/08\/Lecole-Robert-Schuman-un-modele-deducation-innovant-en-2025.jpg","datePublished":"2025-08-20T07:06:18+00:00","author":{"@id":""},"description":"D\u00e9couvrez l'\u00e9cole Robert Schuman, mod\u00e8le d'\u00e9ducation innovant en 2025, alliant excellence p\u00e9dagogique et nouvelles technologies.","breadcrumb":{"@id":"https:\/\/www.apres-lecole.fr\/Blog\/ecole-robert-schuman-education\/#breadcrumb"},"inLanguage":"fr-FR","potentialAction":[{"@type":"ReadAction","target":["https:\/\/www.apres-lecole.fr\/Blog\/ecole-robert-schuman-education\/"]}]},{"@type":"ImageObject","inLanguage":"fr-FR","@id":"https:\/\/www.apres-lecole.fr\/Blog\/ecole-robert-schuman-education\/#primaryimage","url":"https:\/\/www.apres-lecole.fr\/Blog\/wp-content\/uploads\/2025\/08\/Lecole-Robert-Schuman-un-modele-deducation-innovant-en-2025.jpg","contentUrl":"https:\/\/www.apres-lecole.fr\/Blog\/wp-content\/uploads\/2025\/08\/Lecole-Robert-Schuman-un-modele-deducation-innovant-en-2025.jpg","width":1344,"height":768,"caption":"d\u00e9couvrez comment l'\u00e9cole robert schuman se distingue en 2025 par son approche p\u00e9dagogique innovante et ses m\u00e9thodes d'apprentissage modernes, offrant aux \u00e9l\u00e8ves un environnement stimulant et adapt\u00e9 aux d\u00e9fis de demain."},{"@type":"BreadcrumbList","@id":"https:\/\/www.apres-lecole.fr\/Blog\/ecole-robert-schuman-education\/#breadcrumb","itemListElement":[{"@type":"ListItem","position":1,"name":"Home","item":"https:\/\/www.apres-lecole.fr\/Blog\/"},{"@type":"ListItem","position":2,"name":"L&rsquo;\u00e9cole Robert Schuman : un mod\u00e8le d&rsquo;\u00e9ducation innovant en 2025"}]},{"@type":"WebSite","@id":"https:\/\/www.apres-lecole.fr\/Blog\/#website","url":"https:\/\/www.apres-lecole.fr\/Blog\/","name":"","description":"M\u00e9dia g\u00e9n\u00e9raliste","potentialAction":[{"@type":"SearchAction","target":{"@type":"EntryPoint","urlTemplate":"https:\/\/www.apres-lecole.fr\/Blog\/?s={search_term_string}"},"query-input":{"@type":"PropertyValueSpecification","valueRequired":true,"valueName":"search_term_string"}}],"inLanguage":"fr-FR"},{"@type":"Person","@id":"","url":"https:\/\/www.apres-lecole.fr\/Blog\/author\/"}]}},"views":8,"_links":{"self":[{"href":"https:\/\/www.apres-lecole.fr\/Blog\/wp-json\/wp\/v2\/posts\/2224","targetHints":{"allow":["GET"]}}],"collection":[{"href":"https:\/\/www.apres-lecole.fr\/Blog\/wp-json\/wp\/v2\/posts"}],"about":[{"href":"https:\/\/www.apres-lecole.fr\/Blog\/wp-json\/wp\/v2\/types\/post"}],"author":[{"embeddable":true,"href":"https:\/\/www.apres-lecole.fr\/Blog\/wp-json\/wp\/v2\/users\/7"}],"replies":[{"embeddable":true,"href":"https:\/\/www.apres-lecole.fr\/Blog\/wp-json\/wp\/v2\/comments?post=2224"}],"version-history":[{"count":0,"href":"https:\/\/www.apres-lecole.fr\/Blog\/wp-json\/wp\/v2\/posts\/2224\/revisions"}],"wp:featuredmedia":[{"embeddable":true,"href":"https:\/\/www.apres-lecole.fr\/Blog\/wp-json\/wp\/v2\/media\/2223"}],"wp:attachment":[{"href":"https:\/\/www.apres-lecole.fr\/Blog\/wp-json\/wp\/v2\/media?parent=2224"}],"wp:term":[{"taxonomy":"category","embeddable":true,"href":"https:\/\/www.apres-lecole.fr\/Blog\/wp-json\/wp\/v2\/categories?post=2224"},{"taxonomy":"post_tag","embeddable":true,"href":"https:\/\/www.apres-lecole.fr\/Blog\/wp-json\/wp\/v2\/tags?post=2224"}],"curies":[{"name":"wp","href":"https:\/\/api.w.org\/{rel}","templated":true}]}}