{"id":2216,"date":"2025-08-18T06:38:29","date_gmt":"2025-08-18T06:38:29","guid":{"rendered":"https:\/\/www.apres-lecole.fr\/Blog\/ecole-maurice-ravel-2025\/"},"modified":"2025-08-18T06:38:29","modified_gmt":"2025-08-18T06:38:29","slug":"ecole-maurice-ravel-2025","status":"publish","type":"post","link":"https:\/\/www.apres-lecole.fr\/Blog\/ecole-maurice-ravel-2025\/","title":{"rendered":"D\u00e9couvrez l&rsquo;\u00e9cole \u00e9l\u00e9mentaire Maurice Ravel : un mod\u00e8le d&rsquo;enseignement en 2025"},"content":{"rendered":"\n\n<div class=\"kk-star-ratings kksr-auto kksr-align-left kksr-valign-top\"\n    data-payload='{&quot;align&quot;:&quot;left&quot;,&quot;id&quot;:&quot;2216&quot;,&quot;slug&quot;:&quot;default&quot;,&quot;valign&quot;:&quot;top&quot;,&quot;ignore&quot;:&quot;&quot;,&quot;reference&quot;:&quot;auto&quot;,&quot;class&quot;:&quot;&quot;,&quot;count&quot;:&quot;0&quot;,&quot;legendonly&quot;:&quot;&quot;,&quot;readonly&quot;:&quot;&quot;,&quot;score&quot;:&quot;0&quot;,&quot;starsonly&quot;:&quot;&quot;,&quot;best&quot;:&quot;5&quot;,&quot;gap&quot;:&quot;5&quot;,&quot;greet&quot;:&quot;Rate this post&quot;,&quot;legend&quot;:&quot;0\\\/5 - (0 vote)&quot;,&quot;size&quot;:&quot;24&quot;,&quot;title&quot;:&quot;D\u00e9couvrez l\\u0026#039;\u00e9cole \u00e9l\u00e9mentaire Maurice Ravel : un mod\u00e8le d\\u0026#039;enseignement en 2025&quot;,&quot;width&quot;:&quot;0&quot;,&quot;_legend&quot;:&quot;{score}\\\/{best} - ({count} {votes})&quot;,&quot;font_factor&quot;:&quot;1.25&quot;}'>\n            \n<div class=\"kksr-stars\">\n    \n<div class=\"kksr-stars-inactive\">\n            <div class=\"kksr-star\" data-star=\"1\" style=\"padding-right: 5px\">\n            \n\n<div class=\"kksr-icon\" style=\"width: 24px; height: 24px;\"><\/div>\n        <\/div>\n            <div class=\"kksr-star\" data-star=\"2\" style=\"padding-right: 5px\">\n            \n\n<div class=\"kksr-icon\" style=\"width: 24px; height: 24px;\"><\/div>\n        <\/div>\n            <div class=\"kksr-star\" data-star=\"3\" style=\"padding-right: 5px\">\n            \n\n<div class=\"kksr-icon\" style=\"width: 24px; height: 24px;\"><\/div>\n        <\/div>\n            <div class=\"kksr-star\" data-star=\"4\" style=\"padding-right: 5px\">\n            \n\n<div class=\"kksr-icon\" style=\"width: 24px; height: 24px;\"><\/div>\n        <\/div>\n            <div class=\"kksr-star\" data-star=\"5\" style=\"padding-right: 5px\">\n            \n\n<div class=\"kksr-icon\" style=\"width: 24px; height: 24px;\"><\/div>\n        <\/div>\n    <\/div>\n    \n<div class=\"kksr-stars-active\" style=\"width: 0px;\">\n            <div class=\"kksr-star\" style=\"padding-right: 5px\">\n            \n\n<div class=\"kksr-icon\" style=\"width: 24px; height: 24px;\"><\/div>\n        <\/div>\n            <div class=\"kksr-star\" style=\"padding-right: 5px\">\n            \n\n<div class=\"kksr-icon\" style=\"width: 24px; height: 24px;\"><\/div>\n        <\/div>\n            <div class=\"kksr-star\" style=\"padding-right: 5px\">\n            \n\n<div class=\"kksr-icon\" style=\"width: 24px; height: 24px;\"><\/div>\n        <\/div>\n            <div class=\"kksr-star\" style=\"padding-right: 5px\">\n            \n\n<div class=\"kksr-icon\" style=\"width: 24px; height: 24px;\"><\/div>\n        <\/div>\n            <div class=\"kksr-star\" style=\"padding-right: 5px\">\n            \n\n<div class=\"kksr-icon\" style=\"width: 24px; height: 24px;\"><\/div>\n        <\/div>\n    <\/div>\n<\/div>\n                \n\n<div class=\"kksr-legend\" style=\"font-size: 19.2px;\">\n            <span class=\"kksr-muted\">Rate this post<\/span>\n    <\/div>\n    <\/div>\n<p>Les \u00e9coles d&rsquo;aujourd&rsquo;hui ne ressemblent en rien \u00e0 celles d&rsquo;hier. Et l&rsquo;\u00e9cole \u00e9l\u00e9mentaire Maurice Ravel en est un parfait exemple. Situ\u00e9e \u00e0 Fontenay-le-Fleury, elle incarne id\u00e9alement ce que repr\u00e9sente l&rsquo;\u00e9ducation innovante en 2025. Ce mod\u00e8le \u00e9ducatif se distingue non seulement par ses m\u00e9thodes adapt\u00e9es aux jeunes \u00e9l\u00e8ves, mais aussi par son engagement dans la p\u00e9dagogie active et l&rsquo;int\u00e9gration des nouvelles technologies. \u00c0 travers un contexte historique fort et une dynamique d&rsquo;apprentissage personnalis\u00e9e, l&rsquo;\u00e9cole Maurice Ravel parvient \u00e0 allier tradition et modernit\u00e9. Dans cet article, plongeons au c\u0153ur de cet \u00e9tablissement pour d\u00e9couvrir ce qui en fait un pilier de l&rsquo;\u00e9ducation \u00e9l\u00e9mentaire actuelle.<\/p>\n\n<h2 class=\"wp-block-heading\">Des classes flexibles au service d&rsquo;une p\u00e9dagogie moderne<\/h2>\n\n<p>L&rsquo;\u00e9cole \u00e9l\u00e9mentaire Maurice Ravel a choisi de se d\u00e9marquer par l&rsquo;implantation de <strong>classes flexibles<\/strong>. Ces espaces adaptables permettent de r\u00e9pondre aux besoins sp\u00e9cifiques de chaque \u00e9l\u00e8ve. Par exemple, dans une m\u00eame classe, il est possible d&rsquo;organiser des travaux de groupe, des ateliers individualis\u00e9s, et m\u00eame des moments de d\u00e9tente pour am\u00e9liorer la concentration. Cette approche vise \u00e0 susciter l&rsquo;engagement des \u00e9l\u00e8ves et \u00e0 favoriser leur autonomie.<\/p>\n\n<p>Un des principes fondamentaux de l&rsquo;\u00e9cole est l&rsquo;utilisation de la <strong>m\u00e9thode Montessori<\/strong>. Cette m\u00e9thode centr\u00e9e sur l&rsquo;enfant privil\u00e9gie l&rsquo;observation et l&rsquo;exp\u00e9rimentation. Les enseignants formateurs accompagnent chaque \u00e9l\u00e8ve dans son propre chemin d&rsquo;apprentissage, que ce soit en math\u00e9matiques, en sciences ou en langue. Par exemple, lors des cours de math\u00e9matiques, les \u00e9l\u00e8ves utilisent des jeux de construction pour comprendre les notions de g\u00e9om\u00e9trie. Une approche ludique qui les am\u00e8ne \u00e0 apprendre tout en s&rsquo;amusant.<\/p>\n\n<p>La mise en place de ces espaces flexibles s&rsquo;accompagne \u00e9galement d&rsquo;un soutien scolaire moderne. Les \u00e9l\u00e8ves ayant des difficult\u00e9s dans certaines mati\u00e8res peuvent b\u00e9n\u00e9ficier d&rsquo;un accompagnement additionnel. Cet accompagnement est r\u00e9alis\u00e9 gr\u00e2ce \u00e0 l&rsquo;int\u00e9gration des <strong>technologies \u00e9ducatives<\/strong> qui permettent de suivre les progr\u00e8s de chacun en temps r\u00e9el. Par ailleurs, les enseignants forment des groupes de soutien adapt\u00e9s au niveau de chaque enfant, favorisant ainsi l&rsquo;inclusion scolaire.<\/p>\n\n<p>Il n&rsquo;est pas rare de voir des parents visiter l&rsquo;\u00e9cole pour s&rsquo;informer sur ces nouvelles m\u00e9thodes. En g\u00e9n\u00e9ral, ils sont s\u00e9duits par la possibilit\u00e9 de voir leurs enfants \u00e9voluer dans un environnement o\u00f9 le respect et la bienveillance priment. Le retour sur investissement \u00e9ducatif devient tangible, et beaucoup de familles se disent ravies de faire partie de cette aventure p\u00e9dagogique.<\/p>\n\n<h3 class=\"wp-block-heading\">Les nouvelles technologies au c\u0153ur de l&rsquo;apprentissage<\/h3>\n\n<p>L&rsquo;\u00e9cole Maurice Ravel investit \u00e9galement dans des outils num\u00e9riques. Les \u00e9l\u00e8ves sont initi\u00e9s \u00e0 l&rsquo;<strong>\u00e9cole num\u00e9rique<\/strong> d\u00e8s leur plus jeune \u00e2ge, avec l&rsquo;utilisation de tablettes et d&rsquo;applications \u00e9ducatives. Par exemple, ils peuvent pratiquer la lecture ou les math\u00e9matiques \u00e0 travers des jeux interactifs qui s&rsquo;adaptent \u00e0 leur progression. Ainsi, chaque \u00e9l\u00e8ve apprend \u00e0 son rythme, favorisant un <strong>apprentissage personnalis\u00e9<\/strong>.<\/p>\n\n<p>Ce m\u00e9canisme de personnalisation permet d&rsquo;approfondir chaque notion \u00e0 son propre niveau, que ce soit pour des \u00e9l\u00e8ves en avance ou ceux qui n\u00e9cessitent plus de temps. Les enseignants utilisent \u00e9galement des plateformes de partage pour que les enfants puissent acc\u00e9der \u00e0 des ressources suppl\u00e9mentaires depuis leur domicile, faisant ainsi le lien entre \u00e9cole et vie familiale.<\/p>\n\n<figure class=\"wp-block-table\"><table>\n<thead>\n<tr>\n<th>Domaine<\/th>\n<th>Outils Utilis\u00e9s<\/th>\n<th>B\u00e9n\u00e9fices<\/th>\n<\/tr>\n<\/thead>\n<tbody>\n<tr>\n<td>Math\u00e9matiques<\/td>\n<td>Applications \u00e9ducatives<\/td>\n<td>Apprentissage interactif, motivation accrue<\/td>\n<\/tr>\n<tr>\n<td>Langue<\/td>\n<td>Tablettes, vid\u00e9os<\/td>\n<td>Lecture personnalis\u00e9e, acc\u00e8s \u00e0 divers mat\u00e9riaux<\/td>\n<\/tr>\n<tr>\n<td>Sciences<\/td>\n<td>Plateformes de d\u00e9couverte en ligne<\/td>\n<td>Exploration autonome et approfondie<\/td>\n<\/tr>\n<\/tbody>\n<\/table><\/figure>\n\n<h2 class=\"wp-block-heading\">Une \u00e9cole au c\u0153ur de la communaut\u00e9<\/h2>\n\n<p>Le r\u00f4le de l\u2019\u00e9cole Maurice Ravel ne se limite pas \u00e0 l\u2019enseignement. L\u2019\u00e9tablissement s\u2019engage activement dans sa communaut\u00e9. En 2025, les \u00e9l\u00e8ves participent \u00e0 divers projets qui renforcent les liens avec leur environnement. Les voyages scolaires, par exemple, sont une fa\u00e7on ludique d&rsquo;apprendre. Chaque ann\u00e9e, les \u00e9l\u00e8ves visitent des mus\u00e9es tels que le <strong>Mus\u00e9e national d&rsquo;Art Moderne<\/strong> ou le <strong>Domaine national de Versailles<\/strong>, favorisant ainsi une \u00e9ducation culturelle enrichissante.<\/p>\n\n<p>Ces sorties permettent \u00e9galement d&rsquo;illustrer des concepts abord\u00e9s en classe. En arts plastiques, les \u00e9l\u00e8ves comm\u00e9morent leurs d\u00e9couvertes par la cr\u00e9ation d&rsquo;\u0153uvres inspir\u00e9es des collections observ\u00e9es. Cela leur donne un aper\u00e7u du monde de l&rsquo;art tout en stimulant leur cr\u00e9ativit\u00e9 et leur expression personnelle. De plus, ces exp\u00e9riences collectives cr\u00e9ent un fort esprit d&rsquo;\u00e9quipe au sein des classes.<\/p>\n\n<p>Un autre aspect fondamental de l\u2019\u00e9quipe \u00e9ducative \u00e0 Maurice Ravel est l\u2019inclusion des parents dans la vie scolaire de leurs enfants. Des ateliers sont r\u00e9guli\u00e8rement organis\u00e9s pour les parents sur des th\u00e8mes vari\u00e9s, allant de la nutrition \u00e0 l&rsquo;\u00e9ducation positive. Ces rencontres favorisent un \u00e9change constructif entre les parents et les enseignants, enrichissant le parcours \u00e9ducatif des \u00e9l\u00e8ves.<\/p>\n\n<h3 class=\"wp-block-heading\">Soutien aux parents et \u00e9v\u00e9nements communautaires<\/h3>\n\n<p>Les enseignants mettent en place un syst\u00e8me d&rsquo;information r\u00e9gulier avec les parents, facilitant la communication et permettant d\u2019optimiser le soutien fourni \u00e0 chaque enfant. Par exemple, durant l\u2019ann\u00e9e, des \u00e9v\u00e9nements comme la kermesse ou les portes ouvertes rassemblent toutes les familles et l\u2019\u00e9quipe \u00e9ducative dans un cadre festif, favorisant l\u2019appartenance \u00e0 cette communaut\u00e9.<\/p>\n\n<ul class=\"wp-block-list\"><li>\ud83c\udfa8 Ateliers d\u2019art<\/li><li>\ud83e\uddd1\u200d\ud83e\udd1d\u200d\ud83e\uddd1 Rencontres parents-enseignants<\/li><li>\ud83c\udf89 Kermesse de fin d\u2019ann\u00e9e<\/li><li>\ud83d\udc69\u200d\ud83c\udfeb Portes ouvertes annuelles<\/li><\/ul>\n\n<h2 class=\"wp-block-heading\">Enseignants formateurs et \u00e9ducation d&rsquo;excellence<\/h2>\n\n<p>Au c\u0153ur de ce mod\u00e8le \u00e9ducatif, les <strong>enseignants formateurs<\/strong> jouent un r\u00f4le essentiel. Form\u00e9s aux nouvelles attentes p\u00e9dagogiques et aux besoins de leurs \u00e9l\u00e8ves, ils ne se contentent pas d\u2019enseigner, mais deviennent de v\u00e9ritables mentors. Leur savoir-faire est mis en avant non seulement lors des cours, mais aussi \u00e0 travers des stages r\u00e9guliers de formation continue. Cela garantit que chaque enseignant est \u00e0 la pointe des pratiques \u00e9ducatives actuelles, int\u00e9grant des outils num\u00e9riques et des m\u00e9thodes modernes de mani\u00e8re efficace.<\/p>\n\n<p>Ce type de formation assure que les \u00e9quipes p\u00e9dagogiques sont non seulement r\u00e9actives face aux r\u00e9novations, mais \u00e9galement proactives dans l\u2019adoption de nouvelles strat\u00e9gies. Les enseignants se rassemblent r\u00e9guli\u00e8rement pour partager leurs r\u00e9ussites et \u00e9laborer ensemble de nouvelles activit\u00e9s, assurant ainsi une coh\u00e9sion dans les approches p\u00e9dagogiques. <\/p>\n\n<figure class=\"wp-block-table\"><table>\n<thead>\n<tr>\n<th>Formation<\/th>\n<th>Fr\u00e9quence<\/th>\n<th>Th\u00e8mes Abord\u00e9s<\/th>\n<\/tr>\n<\/thead>\n<tbody>\n<tr>\n<td>Ateliers Collaboratifs<\/td>\n<td>Mensuel<\/td>\n<td>\u00c9changes de pratiques<\/td>\n<\/tr>\n<tr>\n<td>Formations Sp\u00e9cialis\u00e9es<\/td>\n<td>Trimestriel<\/td>\n<td>Nouvelles technologies et m\u00e9thodes d&rsquo;enseignement<\/td>\n<\/tr>\n<tr>\n<td>Conf\u00e9rences<\/td>\n<td>Annuel<\/td>\n<td>P\u00e9dagogie active, inclusion scolaire<\/td>\n<\/tr>\n<\/tbody>\n<\/table><\/figure>\n\n<h3 class=\"wp-block-heading\">Responsabilit\u00e9 et engagement \u00e9ducatif<\/h3>\n\n<p>Les enseignants \u00e0 l\u2019\u00e9cole Maurice Ravel ne se limitent pas \u00e0 leur r\u00f4le traditionnel. Ils s&rsquo;efforcent \u00e9galement de pr\u00e9parer les \u00e9l\u00e8ves aux d\u00e9fis du monde moderne. Les questions de <strong>soutien scolaire moderne<\/strong> et d\u2019autonomie sont au c\u0153ur de leur enseignement, et ils s\u2019attachent \u00e0 fournir un cadre o\u00f9 chaque \u00e9l\u00e8ve peut s\u2019\u00e9panouir tout en d\u00e9veloppant des comp\u00e9tences essentielles.<\/p>\n\n<p>Ce mod\u00e8le d\u2019\u00e9ducation encourage \u00e9galement les \u00e9tudiants \u00e0 \u00eatre curieux et critiques. En favorisant l\u2019expression de chacun, l\u2019\u00e9cole pr\u00e9pare de futurs citoyens impliqu\u00e9s et responsables. Pas seulement des \u00e9l\u00e8ves, mais des acteurs du changement de demain. Que cela soit via des projets \u00e9cologiques ou des initiatives de solidarit\u00e9, tout est mis en place pour faire des \u00e9l\u00e8ves des personnes conscientes et actives de leur environnement.<\/p>\n\n<h2 class=\"wp-block-heading\">Questions Fr\u00e9quemment Pos\u00e9es<\/h2>\n\n<p>Quels sont les avantages des classes flexibles \u00e0 l&rsquo;\u00e9cole Maurice Ravel ?<\/p>\n\n<p>Les classes flexibles favorisent un apprentissage adapt\u00e9 aux besoins de chaque \u00e9l\u00e8ve, cr\u00e9ant un environnement dynamique o\u00f9 les \u00e9l\u00e8ves peuvent collaborer, se concentrer ou se d\u00e9tendre selon leurs besoins.<\/p>\n\n<p>Comment l&rsquo;\u00e9cole int\u00e8gre-t-elle les nouvelles technologies dans l&rsquo;apprentissage ?<\/p>\n\n<p>Les nouvelles technologies sont largement utilis\u00e9es, incluant des tablettes et des applications \u00e9ducatives, permettant un apprentissage interactif et personnalis\u00e9 qui encourage les \u00e9l\u00e8ves \u00e0 progresser \u00e0 leur rythme.<\/p>\n\n<p>En quoi consiste la m\u00e9thode Montessori dans l&rsquo;\u00e9cole ?<\/p>\n\n<p>La m\u00e9thode Montessori permet aux \u00e9l\u00e8ves d&rsquo;apprendre par l&rsquo;observation et l&rsquo;exp\u00e9rimentation, avec des activit\u00e9s pratiques qui soutiennent leur autonomie et leur curiosit\u00e9 naturelle.<\/p>\n\n","protected":false},"excerpt":{"rendered":"<p>Les \u00e9coles d&rsquo;aujourd&rsquo;hui ne ressemblent en rien \u00e0 celles d&rsquo;hier. Et l&rsquo;\u00e9cole \u00e9l\u00e9mentaire Maurice Ravel en est un parfait exemple. Situ\u00e9e \u00e0 Fontenay-le-Fleury, elle incarne id\u00e9alement ce que repr\u00e9sente l&rsquo;\u00e9ducation innovante en 2025. Ce mod\u00e8le \u00e9ducatif se distingue non seulement par ses m\u00e9thodes adapt\u00e9es aux jeunes \u00e9l\u00e8ves, mais aussi par son engagement dans la p\u00e9dagogie &#8230; <a title=\"D\u00e9couvrez l&rsquo;\u00e9cole \u00e9l\u00e9mentaire Maurice Ravel : un mod\u00e8le d&rsquo;enseignement en 2025\" class=\"read-more\" href=\"https:\/\/www.apres-lecole.fr\/Blog\/ecole-maurice-ravel-2025\/\" aria-label=\"En savoir plus sur D\u00e9couvrez l&rsquo;\u00e9cole \u00e9l\u00e9mentaire Maurice Ravel : un mod\u00e8le d&rsquo;enseignement en 2025\">Lire plus<\/a><\/p>\n","protected":false},"author":7,"featured_media":2215,"comment_status":"open","ping_status":"open","sticky":false,"template":"","format":"standard","meta":{"footnotes":""},"categories":[342],"tags":[828,649,1357,1404,1247],"class_list":["post-2216","post","type-post","status-publish","format-standard","has-post-thumbnail","hentry","category-actualites","tag-apprentissage","tag-ecole-elementaire","tag-education-2025","tag-maurice-ravel","tag-modele-denseignement"],"yoast_head":"<!-- This site is optimized with the Yoast SEO plugin v27.5 - https:\/\/yoast.com\/product\/yoast-seo-wordpress\/ -->\n<title>maurice ravel : l\u2019\u00e9cole primaire qui r\u00e9invente l\u2019enseignement en 2025<\/title>\n<meta name=\"description\" content=\"D\u00e9couvrez l&#039;\u00e9cole Maurice Ravel : un mod\u00e8le d&#039;enseignement innovant en 2025, o\u00f9 r\u00e9ussite, bien-\u00eatre et technologie s&#039;allient pour vos enfants.\" \/>\n<meta name=\"robots\" content=\"index, follow, max-snippet:-1, max-image-preview:large, max-video-preview:-1\" \/>\n<link rel=\"canonical\" href=\"https:\/\/www.apres-lecole.fr\/Blog\/ecole-maurice-ravel-2025\/\" \/>\n<meta property=\"og:locale\" content=\"fr_FR\" \/>\n<meta property=\"og:type\" content=\"article\" \/>\n<meta property=\"og:title\" content=\"maurice ravel : l\u2019\u00e9cole primaire qui r\u00e9invente l\u2019enseignement en 2025\" \/>\n<meta property=\"og:description\" content=\"D\u00e9couvrez l&#039;\u00e9cole Maurice Ravel : un mod\u00e8le d&#039;enseignement innovant en 2025, o\u00f9 r\u00e9ussite, bien-\u00eatre et technologie s&#039;allient pour vos enfants.\" \/>\n<meta property=\"og:url\" content=\"https:\/\/www.apres-lecole.fr\/Blog\/ecole-maurice-ravel-2025\/\" \/>\n<meta property=\"article:published_time\" content=\"2025-08-18T06:38:29+00:00\" \/>\n<meta property=\"og:image\" content=\"https:\/\/www.apres-lecole.fr\/Blog\/wp-content\/uploads\/2025\/08\/Decouvrez-lecole-elementaire-Maurice-Ravel-un-modele-denseignement-en-2025.jpg\" \/>\n\t<meta property=\"og:image:width\" content=\"1344\" \/>\n\t<meta property=\"og:image:height\" content=\"768\" \/>\n\t<meta property=\"og:image:type\" content=\"image\/jpeg\" \/>\n<meta name=\"twitter:card\" content=\"summary_large_image\" \/>\n<meta name=\"twitter:label1\" content=\"\u00c9crit par\" \/>\n\t<meta name=\"twitter:data1\" content=\"\" \/>\n\t<meta name=\"twitter:label2\" content=\"Dur\u00e9e de lecture estim\u00e9e\" \/>\n\t<meta name=\"twitter:data2\" content=\"7 minutes\" \/>\n<script type=\"application\/ld+json\" class=\"yoast-schema-graph\">{\"@context\":\"https:\\\/\\\/schema.org\",\"@graph\":[{\"@type\":\"Article\",\"@id\":\"https:\\\/\\\/www.apres-lecole.fr\\\/Blog\\\/ecole-maurice-ravel-2025\\\/#article\",\"isPartOf\":{\"@id\":\"https:\\\/\\\/www.apres-lecole.fr\\\/Blog\\\/ecole-maurice-ravel-2025\\\/\"},\"author\":{\"name\":\"\",\"@id\":\"\"},\"headline\":\"D\u00e9couvrez l&rsquo;\u00e9cole \u00e9l\u00e9mentaire Maurice Ravel : un mod\u00e8le d&rsquo;enseignement en 2025\",\"datePublished\":\"2025-08-18T06:38:29+00:00\",\"mainEntityOfPage\":{\"@id\":\"https:\\\/\\\/www.apres-lecole.fr\\\/Blog\\\/ecole-maurice-ravel-2025\\\/\"},\"wordCount\":1405,\"commentCount\":0,\"image\":{\"@id\":\"https:\\\/\\\/www.apres-lecole.fr\\\/Blog\\\/ecole-maurice-ravel-2025\\\/#primaryimage\"},\"thumbnailUrl\":\"https:\\\/\\\/www.apres-lecole.fr\\\/Blog\\\/wp-content\\\/uploads\\\/2025\\\/08\\\/Decouvrez-lecole-elementaire-Maurice-Ravel-un-modele-denseignement-en-2025.jpg\",\"keywords\":[\"apprentissage\",\"\u00e9cole \u00e9l\u00e9mentaire\",\"\u00e9ducation 2025\",\"maurice ravel\",\"mod\u00e8le d'enseignement\"],\"articleSection\":[\"Actualit\u00e9s\"],\"inLanguage\":\"fr-FR\",\"potentialAction\":[{\"@type\":\"CommentAction\",\"name\":\"Comment\",\"target\":[\"https:\\\/\\\/www.apres-lecole.fr\\\/Blog\\\/ecole-maurice-ravel-2025\\\/#respond\"]}]},{\"@type\":\"WebPage\",\"@id\":\"https:\\\/\\\/www.apres-lecole.fr\\\/Blog\\\/ecole-maurice-ravel-2025\\\/\",\"url\":\"https:\\\/\\\/www.apres-lecole.fr\\\/Blog\\\/ecole-maurice-ravel-2025\\\/\",\"name\":\"maurice ravel : l\u2019\u00e9cole primaire qui r\u00e9invente l\u2019enseignement en 2025\",\"isPartOf\":{\"@id\":\"https:\\\/\\\/www.apres-lecole.fr\\\/Blog\\\/#website\"},\"primaryImageOfPage\":{\"@id\":\"https:\\\/\\\/www.apres-lecole.fr\\\/Blog\\\/ecole-maurice-ravel-2025\\\/#primaryimage\"},\"image\":{\"@id\":\"https:\\\/\\\/www.apres-lecole.fr\\\/Blog\\\/ecole-maurice-ravel-2025\\\/#primaryimage\"},\"thumbnailUrl\":\"https:\\\/\\\/www.apres-lecole.fr\\\/Blog\\\/wp-content\\\/uploads\\\/2025\\\/08\\\/Decouvrez-lecole-elementaire-Maurice-Ravel-un-modele-denseignement-en-2025.jpg\",\"datePublished\":\"2025-08-18T06:38:29+00:00\",\"author\":{\"@id\":\"\"},\"description\":\"D\u00e9couvrez l'\u00e9cole Maurice Ravel : un mod\u00e8le d'enseignement innovant en 2025, o\u00f9 r\u00e9ussite, bien-\u00eatre et technologie s'allient pour vos enfants.\",\"breadcrumb\":{\"@id\":\"https:\\\/\\\/www.apres-lecole.fr\\\/Blog\\\/ecole-maurice-ravel-2025\\\/#breadcrumb\"},\"inLanguage\":\"fr-FR\",\"potentialAction\":[{\"@type\":\"ReadAction\",\"target\":[\"https:\\\/\\\/www.apres-lecole.fr\\\/Blog\\\/ecole-maurice-ravel-2025\\\/\"]}]},{\"@type\":\"ImageObject\",\"inLanguage\":\"fr-FR\",\"@id\":\"https:\\\/\\\/www.apres-lecole.fr\\\/Blog\\\/ecole-maurice-ravel-2025\\\/#primaryimage\",\"url\":\"https:\\\/\\\/www.apres-lecole.fr\\\/Blog\\\/wp-content\\\/uploads\\\/2025\\\/08\\\/Decouvrez-lecole-elementaire-Maurice-Ravel-un-modele-denseignement-en-2025.jpg\",\"contentUrl\":\"https:\\\/\\\/www.apres-lecole.fr\\\/Blog\\\/wp-content\\\/uploads\\\/2025\\\/08\\\/Decouvrez-lecole-elementaire-Maurice-Ravel-un-modele-denseignement-en-2025.jpg\",\"width\":1344,\"height\":768,\"caption\":\"d\u00e9couvrez l'\u00e9cole \u00e9l\u00e9mentaire maurice ravel, un \u00e9tablissement innovant en 2025 qui propose un enseignement moderne et des m\u00e9thodes p\u00e9dagogiques exemplaires pour accompagner la r\u00e9ussite de chaque \u00e9l\u00e8ve.\"},{\"@type\":\"BreadcrumbList\",\"@id\":\"https:\\\/\\\/www.apres-lecole.fr\\\/Blog\\\/ecole-maurice-ravel-2025\\\/#breadcrumb\",\"itemListElement\":[{\"@type\":\"ListItem\",\"position\":1,\"name\":\"Home\",\"item\":\"https:\\\/\\\/www.apres-lecole.fr\\\/Blog\\\/\"},{\"@type\":\"ListItem\",\"position\":2,\"name\":\"D\u00e9couvrez l&rsquo;\u00e9cole \u00e9l\u00e9mentaire Maurice Ravel : un mod\u00e8le d&rsquo;enseignement en 2025\"}]},{\"@type\":\"WebSite\",\"@id\":\"https:\\\/\\\/www.apres-lecole.fr\\\/Blog\\\/#website\",\"url\":\"https:\\\/\\\/www.apres-lecole.fr\\\/Blog\\\/\",\"name\":\"\",\"description\":\"M\u00e9dia g\u00e9n\u00e9raliste\",\"potentialAction\":[{\"@type\":\"SearchAction\",\"target\":{\"@type\":\"EntryPoint\",\"urlTemplate\":\"https:\\\/\\\/www.apres-lecole.fr\\\/Blog\\\/?s={search_term_string}\"},\"query-input\":{\"@type\":\"PropertyValueSpecification\",\"valueRequired\":true,\"valueName\":\"search_term_string\"}}],\"inLanguage\":\"fr-FR\"},{\"@type\":\"Person\",\"@id\":\"\",\"url\":\"https:\\\/\\\/www.apres-lecole.fr\\\/Blog\\\/author\\\/\"}]}<\/script>\n<!-- \/ Yoast SEO plugin. -->","yoast_head_json":{"title":"maurice ravel : l\u2019\u00e9cole primaire qui r\u00e9invente l\u2019enseignement en 2025","description":"D\u00e9couvrez l'\u00e9cole Maurice Ravel : un mod\u00e8le d'enseignement innovant en 2025, o\u00f9 r\u00e9ussite, bien-\u00eatre et technologie s'allient pour vos enfants.","robots":{"index":"index","follow":"follow","max-snippet":"max-snippet:-1","max-image-preview":"max-image-preview:large","max-video-preview":"max-video-preview:-1"},"canonical":"https:\/\/www.apres-lecole.fr\/Blog\/ecole-maurice-ravel-2025\/","og_locale":"fr_FR","og_type":"article","og_title":"maurice ravel : l\u2019\u00e9cole primaire qui r\u00e9invente l\u2019enseignement en 2025","og_description":"D\u00e9couvrez l'\u00e9cole Maurice Ravel : un mod\u00e8le d'enseignement innovant en 2025, o\u00f9 r\u00e9ussite, bien-\u00eatre et technologie s'allient pour vos enfants.","og_url":"https:\/\/www.apres-lecole.fr\/Blog\/ecole-maurice-ravel-2025\/","article_published_time":"2025-08-18T06:38:29+00:00","og_image":[{"width":1344,"height":768,"url":"https:\/\/www.apres-lecole.fr\/Blog\/wp-content\/uploads\/2025\/08\/Decouvrez-lecole-elementaire-Maurice-Ravel-un-modele-denseignement-en-2025.jpg","type":"image\/jpeg"}],"twitter_card":"summary_large_image","twitter_misc":{"\u00c9crit par":"","Dur\u00e9e de lecture estim\u00e9e":"7 minutes"},"schema":{"@context":"https:\/\/schema.org","@graph":[{"@type":"Article","@id":"https:\/\/www.apres-lecole.fr\/Blog\/ecole-maurice-ravel-2025\/#article","isPartOf":{"@id":"https:\/\/www.apres-lecole.fr\/Blog\/ecole-maurice-ravel-2025\/"},"author":{"name":"","@id":""},"headline":"D\u00e9couvrez l&rsquo;\u00e9cole \u00e9l\u00e9mentaire Maurice Ravel : un mod\u00e8le d&rsquo;enseignement en 2025","datePublished":"2025-08-18T06:38:29+00:00","mainEntityOfPage":{"@id":"https:\/\/www.apres-lecole.fr\/Blog\/ecole-maurice-ravel-2025\/"},"wordCount":1405,"commentCount":0,"image":{"@id":"https:\/\/www.apres-lecole.fr\/Blog\/ecole-maurice-ravel-2025\/#primaryimage"},"thumbnailUrl":"https:\/\/www.apres-lecole.fr\/Blog\/wp-content\/uploads\/2025\/08\/Decouvrez-lecole-elementaire-Maurice-Ravel-un-modele-denseignement-en-2025.jpg","keywords":["apprentissage","\u00e9cole \u00e9l\u00e9mentaire","\u00e9ducation 2025","maurice ravel","mod\u00e8le d'enseignement"],"articleSection":["Actualit\u00e9s"],"inLanguage":"fr-FR","potentialAction":[{"@type":"CommentAction","name":"Comment","target":["https:\/\/www.apres-lecole.fr\/Blog\/ecole-maurice-ravel-2025\/#respond"]}]},{"@type":"WebPage","@id":"https:\/\/www.apres-lecole.fr\/Blog\/ecole-maurice-ravel-2025\/","url":"https:\/\/www.apres-lecole.fr\/Blog\/ecole-maurice-ravel-2025\/","name":"maurice ravel : l\u2019\u00e9cole primaire qui r\u00e9invente l\u2019enseignement en 2025","isPartOf":{"@id":"https:\/\/www.apres-lecole.fr\/Blog\/#website"},"primaryImageOfPage":{"@id":"https:\/\/www.apres-lecole.fr\/Blog\/ecole-maurice-ravel-2025\/#primaryimage"},"image":{"@id":"https:\/\/www.apres-lecole.fr\/Blog\/ecole-maurice-ravel-2025\/#primaryimage"},"thumbnailUrl":"https:\/\/www.apres-lecole.fr\/Blog\/wp-content\/uploads\/2025\/08\/Decouvrez-lecole-elementaire-Maurice-Ravel-un-modele-denseignement-en-2025.jpg","datePublished":"2025-08-18T06:38:29+00:00","author":{"@id":""},"description":"D\u00e9couvrez l'\u00e9cole Maurice Ravel : un mod\u00e8le d'enseignement innovant en 2025, o\u00f9 r\u00e9ussite, bien-\u00eatre et technologie s'allient pour vos enfants.","breadcrumb":{"@id":"https:\/\/www.apres-lecole.fr\/Blog\/ecole-maurice-ravel-2025\/#breadcrumb"},"inLanguage":"fr-FR","potentialAction":[{"@type":"ReadAction","target":["https:\/\/www.apres-lecole.fr\/Blog\/ecole-maurice-ravel-2025\/"]}]},{"@type":"ImageObject","inLanguage":"fr-FR","@id":"https:\/\/www.apres-lecole.fr\/Blog\/ecole-maurice-ravel-2025\/#primaryimage","url":"https:\/\/www.apres-lecole.fr\/Blog\/wp-content\/uploads\/2025\/08\/Decouvrez-lecole-elementaire-Maurice-Ravel-un-modele-denseignement-en-2025.jpg","contentUrl":"https:\/\/www.apres-lecole.fr\/Blog\/wp-content\/uploads\/2025\/08\/Decouvrez-lecole-elementaire-Maurice-Ravel-un-modele-denseignement-en-2025.jpg","width":1344,"height":768,"caption":"d\u00e9couvrez l'\u00e9cole \u00e9l\u00e9mentaire maurice ravel, un \u00e9tablissement innovant en 2025 qui propose un enseignement moderne et des m\u00e9thodes p\u00e9dagogiques exemplaires pour accompagner la r\u00e9ussite de chaque \u00e9l\u00e8ve."},{"@type":"BreadcrumbList","@id":"https:\/\/www.apres-lecole.fr\/Blog\/ecole-maurice-ravel-2025\/#breadcrumb","itemListElement":[{"@type":"ListItem","position":1,"name":"Home","item":"https:\/\/www.apres-lecole.fr\/Blog\/"},{"@type":"ListItem","position":2,"name":"D\u00e9couvrez l&rsquo;\u00e9cole \u00e9l\u00e9mentaire Maurice Ravel : un mod\u00e8le d&rsquo;enseignement en 2025"}]},{"@type":"WebSite","@id":"https:\/\/www.apres-lecole.fr\/Blog\/#website","url":"https:\/\/www.apres-lecole.fr\/Blog\/","name":"","description":"M\u00e9dia g\u00e9n\u00e9raliste","potentialAction":[{"@type":"SearchAction","target":{"@type":"EntryPoint","urlTemplate":"https:\/\/www.apres-lecole.fr\/Blog\/?s={search_term_string}"},"query-input":{"@type":"PropertyValueSpecification","valueRequired":true,"valueName":"search_term_string"}}],"inLanguage":"fr-FR"},{"@type":"Person","@id":"","url":"https:\/\/www.apres-lecole.fr\/Blog\/author\/"}]}},"views":20,"_links":{"self":[{"href":"https:\/\/www.apres-lecole.fr\/Blog\/wp-json\/wp\/v2\/posts\/2216","targetHints":{"allow":["GET"]}}],"collection":[{"href":"https:\/\/www.apres-lecole.fr\/Blog\/wp-json\/wp\/v2\/posts"}],"about":[{"href":"https:\/\/www.apres-lecole.fr\/Blog\/wp-json\/wp\/v2\/types\/post"}],"author":[{"embeddable":true,"href":"https:\/\/www.apres-lecole.fr\/Blog\/wp-json\/wp\/v2\/users\/7"}],"replies":[{"embeddable":true,"href":"https:\/\/www.apres-lecole.fr\/Blog\/wp-json\/wp\/v2\/comments?post=2216"}],"version-history":[{"count":0,"href":"https:\/\/www.apres-lecole.fr\/Blog\/wp-json\/wp\/v2\/posts\/2216\/revisions"}],"wp:featuredmedia":[{"embeddable":true,"href":"https:\/\/www.apres-lecole.fr\/Blog\/wp-json\/wp\/v2\/media\/2215"}],"wp:attachment":[{"href":"https:\/\/www.apres-lecole.fr\/Blog\/wp-json\/wp\/v2\/media?parent=2216"}],"wp:term":[{"taxonomy":"category","embeddable":true,"href":"https:\/\/www.apres-lecole.fr\/Blog\/wp-json\/wp\/v2\/categories?post=2216"},{"taxonomy":"post_tag","embeddable":true,"href":"https:\/\/www.apres-lecole.fr\/Blog\/wp-json\/wp\/v2\/tags?post=2216"}],"curies":[{"name":"wp","href":"https:\/\/api.w.org\/{rel}","templated":true}]}}