{"id":2214,"date":"2025-08-17T07:10:41","date_gmt":"2025-08-17T07:10:41","guid":{"rendered":"https:\/\/www.apres-lecole.fr\/Blog\/lysea-dubarry-danse-alvin-ailey\/"},"modified":"2025-08-17T07:10:41","modified_gmt":"2025-08-17T07:10:41","slug":"lysea-dubarry-danse-alvin-ailey","status":"publish","type":"post","link":"https:\/\/www.apres-lecole.fr\/Blog\/lysea-dubarry-danse-alvin-ailey\/","title":{"rendered":"Lys\u00e9a Dubarry : de la danse sur les parquets gersois \u00e0 l&rsquo;\u00e9lite de la Alvin Ailey School de New York"},"content":{"rendered":"\n\n<div class=\"kk-star-ratings kksr-auto kksr-align-left kksr-valign-top\"\n    data-payload='{&quot;align&quot;:&quot;left&quot;,&quot;id&quot;:&quot;2214&quot;,&quot;slug&quot;:&quot;default&quot;,&quot;valign&quot;:&quot;top&quot;,&quot;ignore&quot;:&quot;&quot;,&quot;reference&quot;:&quot;auto&quot;,&quot;class&quot;:&quot;&quot;,&quot;count&quot;:&quot;0&quot;,&quot;legendonly&quot;:&quot;&quot;,&quot;readonly&quot;:&quot;&quot;,&quot;score&quot;:&quot;0&quot;,&quot;starsonly&quot;:&quot;&quot;,&quot;best&quot;:&quot;5&quot;,&quot;gap&quot;:&quot;5&quot;,&quot;greet&quot;:&quot;Rate this post&quot;,&quot;legend&quot;:&quot;0\\\/5 - (0 vote)&quot;,&quot;size&quot;:&quot;24&quot;,&quot;title&quot;:&quot;Lys\u00e9a Dubarry : de la danse sur les parquets gersois \u00e0 l\\u0026#039;\u00e9lite de la Alvin Ailey School de New York&quot;,&quot;width&quot;:&quot;0&quot;,&quot;_legend&quot;:&quot;{score}\\\/{best} - ({count} {votes})&quot;,&quot;font_factor&quot;:&quot;1.25&quot;}'>\n            \n<div class=\"kksr-stars\">\n    \n<div class=\"kksr-stars-inactive\">\n            <div class=\"kksr-star\" data-star=\"1\" style=\"padding-right: 5px\">\n            \n\n<div class=\"kksr-icon\" style=\"width: 24px; height: 24px;\"><\/div>\n        <\/div>\n            <div class=\"kksr-star\" data-star=\"2\" style=\"padding-right: 5px\">\n            \n\n<div class=\"kksr-icon\" style=\"width: 24px; height: 24px;\"><\/div>\n        <\/div>\n            <div class=\"kksr-star\" data-star=\"3\" style=\"padding-right: 5px\">\n            \n\n<div class=\"kksr-icon\" style=\"width: 24px; height: 24px;\"><\/div>\n        <\/div>\n            <div class=\"kksr-star\" data-star=\"4\" style=\"padding-right: 5px\">\n            \n\n<div class=\"kksr-icon\" style=\"width: 24px; height: 24px;\"><\/div>\n        <\/div>\n            <div class=\"kksr-star\" data-star=\"5\" style=\"padding-right: 5px\">\n            \n\n<div class=\"kksr-icon\" style=\"width: 24px; height: 24px;\"><\/div>\n        <\/div>\n    <\/div>\n    \n<div class=\"kksr-stars-active\" style=\"width: 0px;\">\n            <div class=\"kksr-star\" style=\"padding-right: 5px\">\n            \n\n<div class=\"kksr-icon\" style=\"width: 24px; height: 24px;\"><\/div>\n        <\/div>\n            <div class=\"kksr-star\" style=\"padding-right: 5px\">\n            \n\n<div class=\"kksr-icon\" style=\"width: 24px; height: 24px;\"><\/div>\n        <\/div>\n            <div class=\"kksr-star\" style=\"padding-right: 5px\">\n            \n\n<div class=\"kksr-icon\" style=\"width: 24px; height: 24px;\"><\/div>\n        <\/div>\n            <div class=\"kksr-star\" style=\"padding-right: 5px\">\n            \n\n<div class=\"kksr-icon\" style=\"width: 24px; height: 24px;\"><\/div>\n        <\/div>\n            <div class=\"kksr-star\" style=\"padding-right: 5px\">\n            \n\n<div class=\"kksr-icon\" style=\"width: 24px; height: 24px;\"><\/div>\n        <\/div>\n    <\/div>\n<\/div>\n                \n\n<div class=\"kksr-legend\" style=\"font-size: 19.2px;\">\n            <span class=\"kksr-muted\">Rate this post<\/span>\n    <\/div>\n    <\/div>\n<p>\u00c0 seulement 19 ans, la talentueuse Lys\u00e9a Dubarry fait un pas de g\u00e9ant en int\u00e9grant l&rsquo;une des \u00e9coles de danse les plus prestigieuses au monde, la <strong>The Alvin Ailey School<\/strong> de New York. N\u00e9e dans le Gers, cette jeune femme a cultiv\u00e9 sa passion pour la danse depuis son plus jeune \u00e2ge, travaillant sans rel\u00e2che pour r\u00e9aliser son r\u00eave. Du parquet de la petite \u00e9cole de danse de Simorre, o\u00f9 elle a fait ses premiers pas, jusqu&rsquo;aux studios modernes de Manhattan, son parcours est une v\u00e9ritable ode au travail acharn\u00e9 et \u00e0 la d\u00e9termination. Dans les prochains paragraphs, plongeons dans la vie captivante de Lys\u00e9a et d\u00e9couvrons comment elle a r\u00e9ussi \u00e0 se hisser au sommet de cet univers comp\u00e9titif. \ud83c\udf89<\/p>\n\n<h2 class=\"wp-block-heading\">Les d\u00e9buts de Lys\u00e9a Dubarry : des petits pas aux grandes ambitions<\/h2>\n\n<p>Lys\u00e9a Dubarry a commenc\u00e9 \u00e0 danser \u00e0 l&rsquo;\u00e2ge de 2 ans et demi, h\u00e9sitant d&rsquo;abord dans les studios de la petite \u00e9cole des <strong>Petits Pas<\/strong> \u00e0 Simorre. Dans cette ambiance chaleureuse, elle a d\u00e9couvert petit \u00e0 petit l&rsquo;univers effervescent de la danse, soutenue par ses parents qui ont vu dans cet art un moyen d&rsquo;expression pour leur fille hyperactive. Selon sa m\u00e8re, c&rsquo;\u00e9tait \u00ab\u00a0le seul moment o\u00f9 elle \u00e9coutait et \u00e9tait concentr\u00e9e\u00a0\u00bb.<\/p>\n\n<p>D\u00e9couvrons une petite liste des premi\u00e8res influences de Lys\u00e9a qui l&rsquo;ont amen\u00e9e sur la route de la danse :<\/p>\n\n<ul class=\"wp-block-list\"><li><strong>Les cours classiques :<\/strong> Pratique exclusive jusqu&rsquo;\u00e0 10 ans.<\/li><li><strong>\u00c9cole de Ga\u00eblle Curto \u00e0 Auch :<\/strong> D\u00e9couverte du contemporain.<\/li><li><strong>Audition pour le bac S2TMD :<\/strong> Un tournant majeur \u00e0 la classe de troisi\u00e8me.<\/li><\/ul>\n\n<p>Au lyc\u00e9e Saint-Sernin \u00e0 Toulouse, son ambition ne faisait que cro\u00eetre. Elle a su jongler entre ses \u00e9tudes et sa passion, avec un emploi du temps qui l&rsquo;obligeait \u00e0 danser jusqu&rsquo;\u00e0 treize heures par semaine. Un rythme effr\u00e9n\u00e9 que Lys\u00e9a accueillait avec joie, d\u00e9termin\u00e9e \u00e0 atteindre son objectif. \u201cJ\u2019ai toujours voulu faire \u00e7a, c\u2019est une \u00e9vidence en fait\u201d, rappelle-t-elle.<\/p>\n\n<h3 class=\"wp-block-heading\">Bac S2TMD et au-del\u00e0<\/h3>\n\n<p>Apr\u00e8s l&rsquo;obtention de son bac, elle a d\u00e9cid\u00e9 de se lancer dans une licence de droit, tout en continuant \u00e0 suivre des cours au Conservatoire. Ce choix n&rsquo;\u00e9tait pas qu&rsquo;un simple caprice intellectuel ; il repr\u00e9sentait une r\u00e9elle volont\u00e9 de marier ses passions pour la danse et l&rsquo;\u00e9ducation juridique. En plus, elle s&rsquo;est sp\u00e9cialis\u00e9e dans les styles de danse contemporaine et de jazz, offrant ainsi \u00e0 son r\u00e9pertoire une belle diversit\u00e9.<\/p>\n\n<p>La question est de se demander comment son d\u00e9vouement lui a permis de se d\u00e9marquer parmi tant d&rsquo;autres. Dans un milieu artistique souvent satur\u00e9, il est crucial de savoir briller. Pour Lys\u00e9a, son secret r\u00e9side dans sa discipline. Voici quelques \u00e9l\u00e9ments cl\u00e9s qui l&rsquo;ont aid\u00e9e \u00e0 se forger un futur prometteur :<\/p>\n\n<ul class=\"wp-block-list\"><li><strong>Collaborations :<\/strong> Partager des exp\u00e9riences avec d&rsquo;autres danseurs.<\/li><li><strong>Formations vari\u00e9es :<\/strong> Ne pas se limiter \u00e0 un seul style.<\/li><li><strong>Ouverture d&rsquo;esprit :<\/strong> \u00catre r\u00e9ceptive aux conseils et aux critiques.<\/li><\/ul>\n\n<p>Un proc\u00e9d\u00e9 minutieusement d\u00e9velopp\u00e9 qui l&rsquo;a plac\u00e9e sur la voie de son r\u00eave, celui d&rsquo;int\u00e9grer la c\u00e9l\u00e8bre <strong>Alvin Ailey American Dance Theater<\/strong>. Cette compagnie, qui a toujours su allier tradition et innovation, incarne parfaitement l\u2019esprit de la danse contemporaine et le parcours atypique de Lys\u00e9a s\u2019inscrit dans cette m\u00eame dynamique.<\/p>\n\n<h2 class=\"wp-block-heading\">Un r\u00eave am\u00e9ricain : l&rsquo;audition pour Alvin Ailey School<\/h2>\n\n<p>Le moment tant attendu arriva : l&rsquo;audition pour int\u00e9grer la <strong>The Alvin Ailey School<\/strong>. Pour Lys\u00e9a, il ne s&rsquo;agissait pas simplement d&rsquo;une forme de casting, mais bien d&rsquo;un tournant d\u00e9cisif de sa vie o\u00f9 ses comp\u00e9tences seraient mises \u00e0 l&rsquo;\u00e9preuve. Apr\u00e8s avoir pr\u00e9par\u00e9 quatre vid\u00e9os d\u00e9montrant diff\u00e9rentes figures et techniques, elle attendit avec impatience la r\u00e9ponse de l&rsquo;\u00e9cole.<\/p>\n\n<p>Et la surprise fut totale lorsqu&rsquo;elle re\u00e7ut la nouvelle qu&rsquo;elle avait \u00e9t\u00e9 admise \u00e0 New York, un r\u00eave qui prenait enfin forme. Les impressions qu&rsquo;elle partage de ce moment sont remplies d&rsquo;\u00e9motion : \u201cThe Alvin Ailey School mise sur la mixit\u00e9 sociale et l&rsquo;inclusivit\u00e9, c&rsquo;est l&rsquo;\u00e9cole que je voulais.\u201d Ce t\u00e9moignage r\u00e9sonne comme un symbole d&rsquo;espoir, prouvant que la pers\u00e9v\u00e9rance et la passion finissent toujours par porter leurs fruits.<\/p>\n\n<h3 class=\"wp-block-heading\">Les d\u00e9fis et les opportunit\u00e9s \u00e0 New York<\/h3>\n\n<p>Lys\u00e9a r\u00e9alise bient\u00f4t que le d\u00e9m\u00e9nagement \u00e0 New York est \u00e0 la fois une transformation personnelle et professionnelle. Les auditions et les studios n&rsquo;ont rien \u00e0 voir avec ceux de sa petite ville. La Grosse Pomme, avec sa sc\u00e8ne artistique vibrante et comp\u00e9titive, l&rsquo;attend. Dans cette ville o\u00f9 tout semble possible, la danse prend une autre dimension, tout le monde se bat pour atteindre l&rsquo;excellence.<\/p>\n\n<p>Comparons les potentiels d\u00e9fis qui l&rsquo;attendent \u00e0 New York :<\/p>\n\n<figure class=\"wp-block-table\"><table>\n<thead>\n<tr>\n<th>D\u00e9fis<\/th>\n<th>Opportunit\u00e9s<\/th>\n<\/tr>\n<\/thead>\n<tbody>\n<tr>\n<td>Comp\u00e9tition accrue<\/td>\n<td>R\u00e9seautage avec des professionnels<\/td>\n<\/tr>\n<tr>\n<td>Co\u00fbt de la vie \u00e9lev\u00e9<\/td>\n<td>Acc\u00e8s \u00e0 des formations pointues<\/td>\n<\/tr>\n<tr>\n<td>Adaptation \u00e0 un nouveau style de vie<\/td>\n<td>D\u00e9couverte de nouvelles cultures artistiques<\/td>\n<\/tr>\n<\/tbody>\n<\/table><\/figure>\n\n<p>A la suite de son int\u00e9gration dans l\u2019\u00e9cole, Lys\u00e9a va plonger dans une formation intenses, avec pr\u00e8s de 30 heures de danse par semaine. Dans ce cadre, elle esp\u00e8re non seulement perfectionner sa technique, mais aussi revenir vers ses racines pour enseigner et inspirer d&rsquo;autres jeunes dans l&rsquo;avenir. Changer le cours des choses est ce qui motive cette passionn\u00e9e.<\/p>\n\n<h2 class=\"wp-block-heading\">Impact de la danse sur la vie de Lys\u00e9a<\/h2>\n\n<p>Pour Lys\u00e9a, la danse n&rsquo;est pas juste un simple hobby. C&rsquo;est une v\u00e9ritable <strong>th\u00e9rapie<\/strong> qui lui permet d\u2019exprimer ses \u00e9motions et de s&rsquo;\u00e9vader de la r\u00e9alit\u00e9. \u201cQuand je danse, j\u2019oublie tout ce qu\u2019il se passe \u00e0 l\u2019ext\u00e9rieur\u201d, confie-t-elle. Ce pouvoir cathartique et unificateur de la danse est \u00e9galement ce que Lys\u00e9a souhaite transmettre aux autres.<\/p>\n\n<p>Les moments de doute sont fr\u00e9quents, surtout dans un cadre comp\u00e9titif. En tant qu\u2019artiste, la confiance en soi est un essentiel. C&rsquo;est pourquoi elle envisage de se former non seulement pour la danse, mais aussi dans le domaine de l&rsquo;animation et de l&rsquo;enseignement. Le but est de transformer son exp\u00e9rience en une <strong>inspiration<\/strong> pour les jeunes g\u00e9n\u00e9rations.<\/p>\n\n<h3 class=\"wp-block-heading\">Une vision \u00e0 long terme<\/h3>\n\n<p>Une fois sa formation termin\u00e9e, Lys\u00e9a ne se voit pas seulement comme une danseuse, mais \u00e9galement comme une \u00e9ducatrice. Son ambition est de revenir en France et d&rsquo;ouvrir un studio de danse, o\u00f9 elle pourra partager son savoir \u00e0 travers des cours d\u00e9di\u00e9s \u00e0 diff\u00e9rents styles. La danse pourrait devenir un moyen d\u2019unir et d\u2019explorer les diff\u00e9rentes cultures : <\/p>\n\n<ul class=\"wp-block-list\"><li>Animations pour enfants \ud83e\uddd2<\/li><li>Stages de danse ouverts \u00e0 tous \ud83d\udc83<\/li><li>Ateliers d&rsquo;expression corporelle \ud83c\udf0d<\/li><\/ul>\n\n<p>Il ne fait aucun doute que Lys\u00e9a a un parcours exceptionnel qui ne fait que commencer. Son histoire est celle de la d\u00e9termination et du r\u00eave, mais elle est \u00e9galement une promesse d\u2019avenir pour la danse en France et au-del\u00e0. C\u2019est avec cette vision qu\u2019elle continuera son chemin sur les parquets, inspirant d\u2019autres par son exemple.<\/p>\n\n<h2 class=\"wp-block-heading\">La danse : entre tradition et modernit\u00e9<\/h2>\n\n<p>L&rsquo;univers de la danse est en constante \u00e9volution. Des broderies de la danse classique aux mouvements effr\u00e9n\u00e9s de la danse contemporaine, Lys\u00e9a se retrouve \u00e0 la crois\u00e9e de ces traditions et modernit\u00e9s. La <strong>danse contemporaine<\/strong>, qui allie souvent des styles vari\u00e9s, a fait d&rsquo;elle une artiste \u00e9clectique, capable d&rsquo;interpr\u00e9ter une large palette de mouvements.<\/p>\n\n<p>De plus, l&rsquo;enseignement de la danse requiert une compr\u00e9hension des diff\u00e9rentes techniques et une comp\u00e9tence p\u00e9dagogique. Elle compte sur des marques reconnues comme <strong>Repetto<\/strong>, <strong>Sansha<\/strong>, <strong>Bloch<\/strong>, et <strong>Capezio<\/strong>, qui sont pseudonymes de qualit\u00e9 dans le monde de la danse. Gr\u00e2ce \u00e0 elles, Lys\u00e9a pourra explorer diff\u00e9rents aspects de la danse, de la technique au confort.<\/p>\n\n<h3 class=\"wp-block-heading\">Un avenir prometteur et inclusif<\/h3>\n\n<p>Dans un environnement o\u00f9 la diversit\u00e9 est valoris\u00e9e, la vision de Lys\u00e9a de cr\u00e9er un espace inclusif pour tous les \u00e2ges et toutes les origines est prometteur. Imaginez des studios o\u00f9 chacun peut s&rsquo;exprimer librement, o\u00f9 la danse devient un langage commun. Lyon, Paris, New York, peu importe o\u00f9 elle ira; cette danseuse ne perdra jamais de vue ses racines.<\/p>\n\n<p>Les tendances actuelles soulignent l&rsquo;importance de l&rsquo;inclusion et de la repr\u00e9sentation dans tous les domaines artistiques. La danse ne fait pas exception, et Lys\u00e9a incarne cette dynamique de changement. Voici comment elle envisagera son espace :<\/p>\n\n<figure class=\"wp-block-table\"><table>\n<thead>\n<tr>\n<th>Valeurs de l&rsquo;espace de danse<\/th>\n<th>Actions \u00e0 mettre en place<\/th>\n<\/tr>\n<\/thead>\n<tbody>\n<tr>\n<td>Accessibilit\u00e9<\/td>\n<td>Offrir des cours pour tous les niveaux<\/td>\n<\/tr>\n<tr>\n<td>Diversit\u00e9<\/td>\n<td>Inviter des intervenants de toutes origines<\/td>\n<\/tr>\n<tr>\n<td>Joie<\/td>\n<td>Cr\u00e9er un environnement positif<\/td>\n<\/tr>\n<\/tbody>\n<\/table><\/figure>\n\n<p>Lys\u00e9a Dubarry, c&rsquo;est bien plus qu&rsquo;une danseuse. C&rsquo;est une source d&rsquo;inspiration, une battante qui montre que tout est possible \u00e0 condition de s&rsquo;en donner les moyens. Son parcours m\u00e9rite d&rsquo;\u00eatre suivi de pr\u00e8s, car il fait d\u00e9j\u00e0 \u00e9cho \u00e0 des valeurs essentielles pour nos soci\u00e9t\u00e9s en 2025.<\/p>\n\n<h3 class=\"wp-block-heading\">Les d\u00e9buts et l\u2019impact de Lys\u00e9a<\/h3>\n\n<p>Chauss\u00e9e de ses tutoriels inspirants, Lys\u00e9a se positionne d\u00e9j\u00e0 comme une influenceuse dans le monde de la danse, en utilisant les r\u00e9seaux sociaux pour toucher un public plus large. Son travail met \u00e9galement en lumi\u00e8re l&rsquo;importance d&rsquo;une \u00e9ducation inclusive.<\/p>\n\n<h2 class=\"wp-block-heading\">FAQ<\/h2>\n\n<p><strong>Quelles sont les ambitions de Lys\u00e9a Dubarry ?<\/strong><br>Elle aspire \u00e0 devenir danseuse professionnelle, puis \u00e0 enseigner la danse et partager sa passion.<\/p>\n\n<p><strong>Quel style de danse pratique Lys\u00e9a ?<\/strong><br>Elle pratique plusieurs styles, dont le classique, le contemporain et le jazz.<\/p>\n\n<p><strong>Pourquoi a-t-elle choisi The Alvin Ailey School ?<\/strong><br>Pour son approche inclusive et sa r\u00e9putation au sein de la communaut\u00e9 de danse.<\/p>\n\n<p><strong>Comment la danse a-t-elle influenc\u00e9 la vie de Lys\u00e9a ?<\/strong><br>C&rsquo;est un moyen d&rsquo;expression et de l\u00e2cher-prise essentiel pour sa bien-\u00eatre personnel.<\/p>\n\n<p><strong>Quels \u00e9quipements de danse privil\u00e9gie-t-elle ?<\/strong><br>Elle utilise des \u00e9quipements de marques reconnues comme Repetto et Capezio.<\/p>\n\n","protected":false},"excerpt":{"rendered":"<p>\u00c0 seulement 19 ans, la talentueuse Lys\u00e9a Dubarry fait un pas de g\u00e9ant en int\u00e9grant l&rsquo;une des \u00e9coles de danse les plus prestigieuses au monde, la The Alvin Ailey School de New York. N\u00e9e dans le Gers, cette jeune femme a cultiv\u00e9 sa passion pour la danse depuis son plus jeune \u00e2ge, travaillant sans rel\u00e2che &#8230; <a title=\"Lys\u00e9a Dubarry : de la danse sur les parquets gersois \u00e0 l&rsquo;\u00e9lite de la Alvin Ailey School de New York\" class=\"read-more\" href=\"https:\/\/www.apres-lecole.fr\/Blog\/lysea-dubarry-danse-alvin-ailey\/\" aria-label=\"En savoir plus sur Lys\u00e9a Dubarry : de la danse sur les parquets gersois \u00e0 l&rsquo;\u00e9lite de la Alvin Ailey School de New York\">Lire plus<\/a><\/p>\n","protected":false},"author":7,"featured_media":0,"comment_status":"open","ping_status":"open","sticky":false,"template":"","format":"standard","meta":{"footnotes":""},"categories":[342],"tags":[1402,1400,1399,1403,1401],"class_list":["post-2214","post","type-post","status-publish","format-standard","hentry","category-actualites","tag-alvin-ailey-school","tag-danse","tag-lysea-dubarry","tag-new-york","tag-parquets-gersois"],"yoast_head":"<!-- This site is optimized with the Yoast SEO plugin v27.5 - https:\/\/yoast.com\/product\/yoast-seo-wordpress\/ -->\n<title>lys\u00e9a dubarry : du gers \u00e0 la sc\u00e8ne new-yorkaise de l\u2019alvin ailey school<\/title>\n<meta name=\"description\" content=\"D\u00e9couvrez le parcours inspirant de Lys\u00e9a Dubarry, de la danse dans le Gers \u00e0 la prestigieuse Alvin Ailey School de New York.\" \/>\n<meta name=\"robots\" content=\"index, follow, max-snippet:-1, max-image-preview:large, max-video-preview:-1\" \/>\n<link rel=\"canonical\" href=\"https:\/\/www.apres-lecole.fr\/Blog\/lysea-dubarry-danse-alvin-ailey\/\" \/>\n<meta property=\"og:locale\" content=\"fr_FR\" \/>\n<meta property=\"og:type\" content=\"article\" \/>\n<meta property=\"og:title\" content=\"lys\u00e9a dubarry : du gers \u00e0 la sc\u00e8ne new-yorkaise de l\u2019alvin ailey school\" \/>\n<meta property=\"og:description\" content=\"D\u00e9couvrez le parcours inspirant de Lys\u00e9a Dubarry, de la danse dans le Gers \u00e0 la prestigieuse Alvin Ailey School de New York.\" \/>\n<meta property=\"og:url\" content=\"https:\/\/www.apres-lecole.fr\/Blog\/lysea-dubarry-danse-alvin-ailey\/\" \/>\n<meta property=\"article:published_time\" content=\"2025-08-17T07:10:41+00:00\" \/>\n<meta name=\"twitter:card\" content=\"summary_large_image\" \/>\n<meta name=\"twitter:label1\" content=\"\u00c9crit par\" \/>\n\t<meta name=\"twitter:data1\" content=\"\" \/>\n\t<meta name=\"twitter:label2\" content=\"Dur\u00e9e de lecture estim\u00e9e\" \/>\n\t<meta name=\"twitter:data2\" content=\"8 minutes\" \/>\n<script type=\"application\/ld+json\" class=\"yoast-schema-graph\">{\"@context\":\"https:\\\/\\\/schema.org\",\"@graph\":[{\"@type\":\"Article\",\"@id\":\"https:\\\/\\\/www.apres-lecole.fr\\\/Blog\\\/lysea-dubarry-danse-alvin-ailey\\\/#article\",\"isPartOf\":{\"@id\":\"https:\\\/\\\/www.apres-lecole.fr\\\/Blog\\\/lysea-dubarry-danse-alvin-ailey\\\/\"},\"author\":{\"name\":\"\",\"@id\":\"\"},\"headline\":\"Lys\u00e9a Dubarry : de la danse sur les parquets gersois \u00e0 l&rsquo;\u00e9lite de la Alvin Ailey School de New York\",\"datePublished\":\"2025-08-17T07:10:41+00:00\",\"mainEntityOfPage\":{\"@id\":\"https:\\\/\\\/www.apres-lecole.fr\\\/Blog\\\/lysea-dubarry-danse-alvin-ailey\\\/\"},\"wordCount\":1727,\"commentCount\":0,\"keywords\":[\"alvin ailey school\",\"danse\",\"lys\u00e9a dubarry\",\"new york\",\"parquets gersois\"],\"articleSection\":[\"Actualit\u00e9s\"],\"inLanguage\":\"fr-FR\",\"potentialAction\":[{\"@type\":\"CommentAction\",\"name\":\"Comment\",\"target\":[\"https:\\\/\\\/www.apres-lecole.fr\\\/Blog\\\/lysea-dubarry-danse-alvin-ailey\\\/#respond\"]}]},{\"@type\":\"WebPage\",\"@id\":\"https:\\\/\\\/www.apres-lecole.fr\\\/Blog\\\/lysea-dubarry-danse-alvin-ailey\\\/\",\"url\":\"https:\\\/\\\/www.apres-lecole.fr\\\/Blog\\\/lysea-dubarry-danse-alvin-ailey\\\/\",\"name\":\"lys\u00e9a dubarry : du gers \u00e0 la sc\u00e8ne new-yorkaise de l\u2019alvin ailey school\",\"isPartOf\":{\"@id\":\"https:\\\/\\\/www.apres-lecole.fr\\\/Blog\\\/#website\"},\"datePublished\":\"2025-08-17T07:10:41+00:00\",\"author\":{\"@id\":\"\"},\"description\":\"D\u00e9couvrez le parcours inspirant de Lys\u00e9a Dubarry, de la danse dans le Gers \u00e0 la prestigieuse Alvin Ailey School de New York.\",\"breadcrumb\":{\"@id\":\"https:\\\/\\\/www.apres-lecole.fr\\\/Blog\\\/lysea-dubarry-danse-alvin-ailey\\\/#breadcrumb\"},\"inLanguage\":\"fr-FR\",\"potentialAction\":[{\"@type\":\"ReadAction\",\"target\":[\"https:\\\/\\\/www.apres-lecole.fr\\\/Blog\\\/lysea-dubarry-danse-alvin-ailey\\\/\"]}]},{\"@type\":\"BreadcrumbList\",\"@id\":\"https:\\\/\\\/www.apres-lecole.fr\\\/Blog\\\/lysea-dubarry-danse-alvin-ailey\\\/#breadcrumb\",\"itemListElement\":[{\"@type\":\"ListItem\",\"position\":1,\"name\":\"Home\",\"item\":\"https:\\\/\\\/www.apres-lecole.fr\\\/Blog\\\/\"},{\"@type\":\"ListItem\",\"position\":2,\"name\":\"Lys\u00e9a Dubarry : de la danse sur les parquets gersois \u00e0 l&rsquo;\u00e9lite de la Alvin Ailey School de New York\"}]},{\"@type\":\"WebSite\",\"@id\":\"https:\\\/\\\/www.apres-lecole.fr\\\/Blog\\\/#website\",\"url\":\"https:\\\/\\\/www.apres-lecole.fr\\\/Blog\\\/\",\"name\":\"\",\"description\":\"M\u00e9dia g\u00e9n\u00e9raliste\",\"potentialAction\":[{\"@type\":\"SearchAction\",\"target\":{\"@type\":\"EntryPoint\",\"urlTemplate\":\"https:\\\/\\\/www.apres-lecole.fr\\\/Blog\\\/?s={search_term_string}\"},\"query-input\":{\"@type\":\"PropertyValueSpecification\",\"valueRequired\":true,\"valueName\":\"search_term_string\"}}],\"inLanguage\":\"fr-FR\"},{\"@type\":\"Person\",\"@id\":\"\",\"url\":\"https:\\\/\\\/www.apres-lecole.fr\\\/Blog\\\/author\\\/\"}]}<\/script>\n<!-- \/ Yoast SEO plugin. -->","yoast_head_json":{"title":"lys\u00e9a dubarry : du gers \u00e0 la sc\u00e8ne new-yorkaise de l\u2019alvin ailey school","description":"D\u00e9couvrez le parcours inspirant de Lys\u00e9a Dubarry, de la danse dans le Gers \u00e0 la prestigieuse Alvin Ailey School de New York.","robots":{"index":"index","follow":"follow","max-snippet":"max-snippet:-1","max-image-preview":"max-image-preview:large","max-video-preview":"max-video-preview:-1"},"canonical":"https:\/\/www.apres-lecole.fr\/Blog\/lysea-dubarry-danse-alvin-ailey\/","og_locale":"fr_FR","og_type":"article","og_title":"lys\u00e9a dubarry : du gers \u00e0 la sc\u00e8ne new-yorkaise de l\u2019alvin ailey school","og_description":"D\u00e9couvrez le parcours inspirant de Lys\u00e9a Dubarry, de la danse dans le Gers \u00e0 la prestigieuse Alvin Ailey School de New York.","og_url":"https:\/\/www.apres-lecole.fr\/Blog\/lysea-dubarry-danse-alvin-ailey\/","article_published_time":"2025-08-17T07:10:41+00:00","twitter_card":"summary_large_image","twitter_misc":{"\u00c9crit par":"","Dur\u00e9e de lecture estim\u00e9e":"8 minutes"},"schema":{"@context":"https:\/\/schema.org","@graph":[{"@type":"Article","@id":"https:\/\/www.apres-lecole.fr\/Blog\/lysea-dubarry-danse-alvin-ailey\/#article","isPartOf":{"@id":"https:\/\/www.apres-lecole.fr\/Blog\/lysea-dubarry-danse-alvin-ailey\/"},"author":{"name":"","@id":""},"headline":"Lys\u00e9a Dubarry : de la danse sur les parquets gersois \u00e0 l&rsquo;\u00e9lite de la Alvin Ailey School de New York","datePublished":"2025-08-17T07:10:41+00:00","mainEntityOfPage":{"@id":"https:\/\/www.apres-lecole.fr\/Blog\/lysea-dubarry-danse-alvin-ailey\/"},"wordCount":1727,"commentCount":0,"keywords":["alvin ailey school","danse","lys\u00e9a dubarry","new york","parquets gersois"],"articleSection":["Actualit\u00e9s"],"inLanguage":"fr-FR","potentialAction":[{"@type":"CommentAction","name":"Comment","target":["https:\/\/www.apres-lecole.fr\/Blog\/lysea-dubarry-danse-alvin-ailey\/#respond"]}]},{"@type":"WebPage","@id":"https:\/\/www.apres-lecole.fr\/Blog\/lysea-dubarry-danse-alvin-ailey\/","url":"https:\/\/www.apres-lecole.fr\/Blog\/lysea-dubarry-danse-alvin-ailey\/","name":"lys\u00e9a dubarry : du gers \u00e0 la sc\u00e8ne new-yorkaise de l\u2019alvin ailey school","isPartOf":{"@id":"https:\/\/www.apres-lecole.fr\/Blog\/#website"},"datePublished":"2025-08-17T07:10:41+00:00","author":{"@id":""},"description":"D\u00e9couvrez le parcours inspirant de Lys\u00e9a Dubarry, de la danse dans le Gers \u00e0 la prestigieuse Alvin Ailey School de New York.","breadcrumb":{"@id":"https:\/\/www.apres-lecole.fr\/Blog\/lysea-dubarry-danse-alvin-ailey\/#breadcrumb"},"inLanguage":"fr-FR","potentialAction":[{"@type":"ReadAction","target":["https:\/\/www.apres-lecole.fr\/Blog\/lysea-dubarry-danse-alvin-ailey\/"]}]},{"@type":"BreadcrumbList","@id":"https:\/\/www.apres-lecole.fr\/Blog\/lysea-dubarry-danse-alvin-ailey\/#breadcrumb","itemListElement":[{"@type":"ListItem","position":1,"name":"Home","item":"https:\/\/www.apres-lecole.fr\/Blog\/"},{"@type":"ListItem","position":2,"name":"Lys\u00e9a Dubarry : de la danse sur les parquets gersois \u00e0 l&rsquo;\u00e9lite de la Alvin Ailey School de New York"}]},{"@type":"WebSite","@id":"https:\/\/www.apres-lecole.fr\/Blog\/#website","url":"https:\/\/www.apres-lecole.fr\/Blog\/","name":"","description":"M\u00e9dia g\u00e9n\u00e9raliste","potentialAction":[{"@type":"SearchAction","target":{"@type":"EntryPoint","urlTemplate":"https:\/\/www.apres-lecole.fr\/Blog\/?s={search_term_string}"},"query-input":{"@type":"PropertyValueSpecification","valueRequired":true,"valueName":"search_term_string"}}],"inLanguage":"fr-FR"},{"@type":"Person","@id":"","url":"https:\/\/www.apres-lecole.fr\/Blog\/author\/"}]}},"views":15,"_links":{"self":[{"href":"https:\/\/www.apres-lecole.fr\/Blog\/wp-json\/wp\/v2\/posts\/2214","targetHints":{"allow":["GET"]}}],"collection":[{"href":"https:\/\/www.apres-lecole.fr\/Blog\/wp-json\/wp\/v2\/posts"}],"about":[{"href":"https:\/\/www.apres-lecole.fr\/Blog\/wp-json\/wp\/v2\/types\/post"}],"author":[{"embeddable":true,"href":"https:\/\/www.apres-lecole.fr\/Blog\/wp-json\/wp\/v2\/users\/7"}],"replies":[{"embeddable":true,"href":"https:\/\/www.apres-lecole.fr\/Blog\/wp-json\/wp\/v2\/comments?post=2214"}],"version-history":[{"count":0,"href":"https:\/\/www.apres-lecole.fr\/Blog\/wp-json\/wp\/v2\/posts\/2214\/revisions"}],"wp:attachment":[{"href":"https:\/\/www.apres-lecole.fr\/Blog\/wp-json\/wp\/v2\/media?parent=2214"}],"wp:term":[{"taxonomy":"category","embeddable":true,"href":"https:\/\/www.apres-lecole.fr\/Blog\/wp-json\/wp\/v2\/categories?post=2214"},{"taxonomy":"post_tag","embeddable":true,"href":"https:\/\/www.apres-lecole.fr\/Blog\/wp-json\/wp\/v2\/tags?post=2214"}],"curies":[{"name":"wp","href":"https:\/\/api.w.org\/{rel}","templated":true}]}}