{"id":2209,"date":"2025-08-16T06:41:32","date_gmt":"2025-08-16T06:41:32","guid":{"rendered":"https:\/\/www.apres-lecole.fr\/Blog\/ecole-europeenne-luxembourg\/"},"modified":"2025-08-16T06:41:32","modified_gmt":"2025-08-16T06:41:32","slug":"ecole-europeenne-luxembourg","status":"publish","type":"post","link":"https:\/\/www.apres-lecole.fr\/Blog\/ecole-europeenne-luxembourg\/","title":{"rendered":"Pourquoi l&rsquo;\u00e9cole europ\u00e9enne \u00e0 Luxembourg est-elle une option \u00e9ducative pris\u00e9e en 2025 ?"},"content":{"rendered":"\n\n<div class=\"kk-star-ratings kksr-auto kksr-align-left kksr-valign-top\"\n    data-payload='{&quot;align&quot;:&quot;left&quot;,&quot;id&quot;:&quot;2209&quot;,&quot;slug&quot;:&quot;default&quot;,&quot;valign&quot;:&quot;top&quot;,&quot;ignore&quot;:&quot;&quot;,&quot;reference&quot;:&quot;auto&quot;,&quot;class&quot;:&quot;&quot;,&quot;count&quot;:&quot;0&quot;,&quot;legendonly&quot;:&quot;&quot;,&quot;readonly&quot;:&quot;&quot;,&quot;score&quot;:&quot;0&quot;,&quot;starsonly&quot;:&quot;&quot;,&quot;best&quot;:&quot;5&quot;,&quot;gap&quot;:&quot;5&quot;,&quot;greet&quot;:&quot;Rate this post&quot;,&quot;legend&quot;:&quot;0\\\/5 - (0 vote)&quot;,&quot;size&quot;:&quot;24&quot;,&quot;title&quot;:&quot;Pourquoi l\\u0026#039;\u00e9cole europ\u00e9enne \u00e0 Luxembourg est-elle une option \u00e9ducative pris\u00e9e en 2025 ?&quot;,&quot;width&quot;:&quot;0&quot;,&quot;_legend&quot;:&quot;{score}\\\/{best} - ({count} {votes})&quot;,&quot;font_factor&quot;:&quot;1.25&quot;}'>\n            \n<div class=\"kksr-stars\">\n    \n<div class=\"kksr-stars-inactive\">\n            <div class=\"kksr-star\" data-star=\"1\" style=\"padding-right: 5px\">\n            \n\n<div class=\"kksr-icon\" style=\"width: 24px; height: 24px;\"><\/div>\n        <\/div>\n            <div class=\"kksr-star\" data-star=\"2\" style=\"padding-right: 5px\">\n            \n\n<div class=\"kksr-icon\" style=\"width: 24px; height: 24px;\"><\/div>\n        <\/div>\n            <div class=\"kksr-star\" data-star=\"3\" style=\"padding-right: 5px\">\n            \n\n<div class=\"kksr-icon\" style=\"width: 24px; height: 24px;\"><\/div>\n        <\/div>\n            <div class=\"kksr-star\" data-star=\"4\" style=\"padding-right: 5px\">\n            \n\n<div class=\"kksr-icon\" style=\"width: 24px; height: 24px;\"><\/div>\n        <\/div>\n            <div class=\"kksr-star\" data-star=\"5\" style=\"padding-right: 5px\">\n            \n\n<div class=\"kksr-icon\" style=\"width: 24px; height: 24px;\"><\/div>\n        <\/div>\n    <\/div>\n    \n<div class=\"kksr-stars-active\" style=\"width: 0px;\">\n            <div class=\"kksr-star\" style=\"padding-right: 5px\">\n            \n\n<div class=\"kksr-icon\" style=\"width: 24px; height: 24px;\"><\/div>\n        <\/div>\n            <div class=\"kksr-star\" style=\"padding-right: 5px\">\n            \n\n<div class=\"kksr-icon\" style=\"width: 24px; height: 24px;\"><\/div>\n        <\/div>\n            <div class=\"kksr-star\" style=\"padding-right: 5px\">\n            \n\n<div class=\"kksr-icon\" style=\"width: 24px; height: 24px;\"><\/div>\n        <\/div>\n            <div class=\"kksr-star\" style=\"padding-right: 5px\">\n            \n\n<div class=\"kksr-icon\" style=\"width: 24px; height: 24px;\"><\/div>\n        <\/div>\n            <div class=\"kksr-star\" style=\"padding-right: 5px\">\n            \n\n<div class=\"kksr-icon\" style=\"width: 24px; height: 24px;\"><\/div>\n        <\/div>\n    <\/div>\n<\/div>\n                \n\n<div class=\"kksr-legend\" style=\"font-size: 19.2px;\">\n            <span class=\"kksr-muted\">Rate this post<\/span>\n    <\/div>\n    <\/div>\n<p>Dans un monde en constante \u00e9volution, l&rsquo;<strong>\u00e9ducation internationale<\/strong> attire toujours plus de familles \u00e0 la recherche d&rsquo;un cursus adapt\u00e9 aux besoins multiculturels de leurs enfants. Au Luxembourg, l&rsquo;<strong>\u00e9cole europ\u00e9enne<\/strong> \u00e9merge comme l&rsquo;une des options \u00e9ducatives les plus pris\u00e9es en raison de son mod\u00e8le unique. Avec un curriculum ax\u00e9 sur le <strong>baccalaur\u00e9at europ\u00e9en<\/strong>, cet \u00e9tablissement offre une \u00e9ducation de qualit\u00e9 et une reconnaissance acad\u00e9mique qui font toute la diff\u00e9rence. Que ce soit pour se pr\u00e9parer \u00e0 la mobilit\u00e9 des \u00e9l\u00e8ves \u00e0 l&rsquo;international ou pour profiter d&rsquo;un <strong>environnement multiculturel<\/strong>, les parents se tournent vers cet enseignement innovant.<\/p>\n\n<h2 class=\"wp-block-heading\">Les \u00e9coles europ\u00e9ennes publiques : un choix magnifique !<\/h2>\n\n<p>Depuis l\u2019ouverture de la premi\u00e8re \u00e9cole europ\u00e9enne publique \u00e0 Luxembourg en 2016, le paysage \u00e9ducatif du pays a consid\u00e9rablement chang\u00e9. Les \u00e9coles europ\u00e9ennes se distinguent par leur <strong>curriculum europ\u00e9en<\/strong> qui allie rigueur acad\u00e9mique et flexibilit\u00e9. En 2025, plusieurs \u00e9tablissements se sont multipli\u00e9s, enrichissant l\u2019offre \u00e9ducative : l\u2019\u00c9cole internationale de Differdange, l\u2019\u00c9cole internationale Gaston Thorn, et bien d\u2019autres, offrant des programmes adapt\u00e9s \u00e0 la diversit\u00e9 linguistique du pays.<\/p>\n\n<p>Ces \u00e9coles sont non seulement gratuites mais accueillent tous les \u00e9l\u00e8ves, quelle que soit leur nationalit\u00e9. \ud83c\udf0d Pr\u00e8s de 68 % des \u00e9l\u00e8ves s\u2019y inscrivent sans avoir le luxembourgeois comme langue maternelle. Comme quoi, l\u2019inclusivit\u00e9 est bien une priorit\u00e9 dans le cadre des \u00e9coles europ\u00e9ennes. Un homme \u00e9minent dans ce domaine, Claude Meisch, ministre de l\u2019\u00c9ducation nationale, souligne les <strong>programmes innovants<\/strong> mis en place pour garantir que tous les \u00e9l\u00e8ves trouvent leur place, peu importe leur origine.<\/p>\n\n<h3 class=\"wp-block-heading\">Un enseignement bas\u00e9 sur la diversit\u00e9 linguistique<\/h3>\n\n<p>Le mod\u00e8le \u00e9ducatif luxembourgeois repose sur le <strong>bilinguisme<\/strong> et le trilinguisme. Cela signifie que les \u00e9l\u00e8ves sont expos\u00e9s \u00e0 plusieurs langues d\u00e8s leur entr\u00e9e \u00e0 l&rsquo;\u00e9cole. Les \u00e9coles europ\u00e9ennes proposent des sections anglophones, francophones et germanophones, tout en int\u00e9grant d&rsquo;autres langues comme le portugais ou l&rsquo;espagnol, permettant ainsi une <strong>diversit\u00e9 culturelle<\/strong> enrichissante. Cette approche linguistique unique aide les \u00e9l\u00e8ves \u00e0 devenir des citoyens du monde, pr\u00e9par\u00e9s \u00e0 \u00e9voluer dans un contexte international.<\/p>\n\n<ul class=\"wp-block-list\"><li>\ud83c\udf1f Acc\u00e8s \u00e0 des langues vari\u00e9es<\/li><li>\ud83c\udf0d Implantation multiculturelle<\/li><li>\ud83d\udcda Pr\u00e9sentation de diverses cultures<\/li><\/ul>\n\n<figure class=\"wp-block-table\"><table>\n<thead>\n<tr>\n<th>Langue d&rsquo;enseignement<\/th>\n<th>Pourcentage d&rsquo;\u00e9l\u00e8ves<\/th>\n<\/tr>\n<\/thead>\n<tbody>\n<tr>\n<td>Fran\u00e7ais<\/td>\n<td>40%<\/td>\n<\/tr>\n<tr>\n<td>Anglais<\/td>\n<td>35%<\/td>\n<\/tr>\n<tr>\n<td>Allemand<\/td>\n<td>25%<\/td>\n<\/tr>\n<\/tbody>\n<\/table><\/figure>\n\n<h3 class=\"wp-block-heading\">L\u2019importance du baccalaur\u00e9at europ\u00e9en<\/h3>\n\n<p>Le <strong>baccalaur\u00e9at europ\u00e9en<\/strong> est le s\u00e9same qui ouvre les portes des universit\u00e9s du monde entier. Ce dipl\u00f4me, reconnu par de nombreuses institutions internationales, valorise les comp\u00e9tences et le savoir-faire des \u00e9l\u00e8ves. En outre, il valide un savoir acad\u00e9mique solide, tout en respectant les diff\u00e9rentes cultures qui cohabitent \u00e0 Luxembourg. En 2025, il est \u00e9vident que les \u00e9l\u00e8ves issus des \u00e9coles europ\u00e9ennes se dirigent vers des parcours sup\u00e9rieurs prestigieux, o\u00f9 la concurrence est de mise.<\/p>\n\n<h2 class=\"wp-block-heading\">La reconnaissance acad\u00e9mique au c\u0153ur des pr\u00e9occupations<\/h2>\n\n<p>Au-del\u00e0 de l\u2019enseignement de qualit\u00e9, la <strong>reconnaissance acad\u00e9mique<\/strong> des dipl\u00f4mes fait partie des crit\u00e8res d\u00e9cisifs pour les parents. Les universit\u00e9s et \u00e9coles sup\u00e9rieures \u00e0 travers l&rsquo;Europe valorisent hautement le baccalaur\u00e9at europ\u00e9en. Ainsi, la cl\u00e9 du succ\u00e8s r\u00e9side dans la confiance que les parents accordent \u00e0 cet \u00e9tablissement. Leurs enfants, \u00e9tant bien form\u00e9s et pr\u00e9par\u00e9s, deviennent rapidement des candidats de choix pour des \u00e9tudes sup\u00e9rieures. Cela rev\u00eat une importance capitale dans un contexte o\u00f9 la mondialisation red\u00e9finit les standards de l\u2019\u00e9ducation.<\/p>\n\n<p>Les statistiques de l\u2019ann\u00e9e scolaire 2021-2022 montrent que 3,3 % des \u00e9l\u00e8ves scolaris\u00e9s au Luxembourg s\u2019inscrivent dans des \u00e9coles europ\u00e9ennes, ce qui correspond \u00e0 un large \u00e9ventail d&rsquo;opportunit\u00e9s pour ces jeunes. En outre, au sein de l&rsquo;environnement d&rsquo;apprentissage, des <strong>enseignants qualifi\u00e9s<\/strong>, souvent issus des plus grandes institutions \u00e9ducatives, s&rsquo;engagent \u00e0 fournir un enseignement de grande qualit\u00e9 et encouragent l&rsquo;excellence.<\/p>\n\n<ul class=\"wp-block-list\"><li>\ud83c\udf93 Dipl\u00f4me largement reconnu<\/li><li>\ud83c\udf0f Opportunit\u00e9s internationales \u00e9largies<\/li><li>\u2705 Formations de qualit\u00e9<\/li><\/ul>\n\n<figure class=\"wp-block-table\"><table>\n<thead>\n<tr>\n<th>Type de reconnaissance<\/th>\n<th>Institutions<\/th>\n<\/tr>\n<\/thead>\n<tbody>\n<tr>\n<td>Universit\u00e9s europ\u00e9ennes<\/td>\n<td>80%<\/td>\n<\/tr>\n<tr>\n<td>Universit\u00e9s am\u00e9ricaines<\/td>\n<td>75%<\/td>\n<\/tr>\n<tr>\n<td>Universit\u00e9s asiatiques<\/td>\n<td>65%<\/td>\n<\/tr>\n<\/tbody>\n<\/table><\/figure>\n\n<h2 class=\"wp-block-heading\">Le mod\u00e8le multiculturel comme atout<\/h2>\n\n<p>L\u2019un des grands attraits des \u00e9coles europ\u00e9ennes \u00e0 Luxembourg est sans conteste l\u2019<strong>environnement multiculturel<\/strong>. Celles-ci offrent un cadre d\u2019apprentissage o\u00f9 les \u00e9tudiants partagent diff\u00e9rentes exp\u00e9riences et h\u00e9ritages culturels, favorisant ainsi le respect et la compr\u00e9hension mutuelle. Ce type d&rsquo;apprentissage contribue \u00e0 la richesse des \u00e9changes et pr\u00e9pare les \u00e9l\u00e8ves \u00e0 \u00e9voluer dans un monde globalis\u00e9.<\/p>\n\n<p>Les \u00e9coles fonctionnent comme de v\u00e9ritables microcosmes de la soci\u00e9t\u00e9. En 2025, le mod\u00e8le de diversit\u00e9 mis en avant par ce type d\u2019\u00e9ducation est souvent cit\u00e9 comme un exemple \u00e0 suivre. Les \u00e9l\u00e8ves apprennent \u00e0 c\u00f4toyer des camarades provenant de fonds culturels vari\u00e9s, chacun apportant avec lui ses traditions, ses croyances et sa vision du monde. Une plateforme id\u00e9ale pour les futurs leaders mondiaux ! \ud83c\udf0f<\/p>\n\n<h3 class=\"wp-block-heading\">Des programmes de mobilit\u00e9 des \u00e9l\u00e8ves<\/h3>\n\n<p>La mobilit\u00e9 est un autre atout indiscutable de l\u2019enseignement europ\u00e9en. Les \u00e9changes entre \u00e9coles et la participation \u00e0 des programmes comme Erasmus+ encouragent les \u00e9l\u00e8ves \u00e0 d\u00e9couvrir d&rsquo;autres syst\u00e8mes \u00e9ducatifs. Cela leur permet de comparer et d&rsquo;enrichir leur exp\u00e9rience scolaire. En outre, cela favorise un d\u00e9veloppement personnel et social robuste, indispensable \u00e0 leur int\u00e9gration dans un monde complexe.<\/p>\n\n<ul class=\"wp-block-list\"><li>\u2708\ufe0f \u00c9changes internationaux<\/li><li>\ud83c\udf10 D\u00e9couverte culturelle<\/li><li>\ud83e\udd1d Rencontres enrichissantes<\/li><\/ul>\n\n<h2 class=\"wp-block-heading\">Les d\u00e9fis et les perspectives d&rsquo;avenir<\/h2>\n\n<p>Le chemin est certes pav\u00e9 d\u2019avantages, mais quelques d\u00e9fis subsistent. Par exemple, la surpopulation dans certaines \u00e9coles europ\u00e9ennes est devenue un enjeu crucial. Le ph\u00e9nom\u00e8ne d\u00e9montre l&rsquo;int\u00e9r\u00eat croissant pour ces \u00e9tablissements et met en lumi\u00e8re la n\u00e9cessit\u00e9 d&rsquo;augmenter le nombre de classes et de ressources tout en garantissant la qualit\u00e9 de l&rsquo;enseignement. En m\u00eame temps, le gouvernement luxembourgeois s\u2019engage \u00e0 ouvrir trois nouvelles \u00e9coles d\u2019ici 2028, dans le but d&rsquo;all\u00e9ger la pression actuelle. \ud83d\udea7<\/p>\n\n<p>Les d\u00e9bats autour de la structure scolaire luxembourgeoise continuent \u00e9galement d\u2019\u00e9voluer. Certains acteurs politiques plaident en faveur d&rsquo;une r\u00e9forme qui inclurait davantage d&rsquo;outils pour ajuster le syst\u00e8me \u00e9ducatif aux r\u00e9alit\u00e9s multiculturelles du pays. En ce sens, la transformation du paysage \u00e9ducatif semble in\u00e9vitable pour r\u00e9pondre aux attentes croissantes des familles.<\/p>\n\n<h2 class=\"wp-block-heading\">Questions fr\u00e9quentes<\/h2>\n\n<p>Quelle est l&rsquo;importance d&rsquo;une \u00e9ducation internationale ?<\/p>\n\n<p>Une \u00e9ducation internationale ouvre des portes sur le monde, et apprend aux \u00e9l\u00e8ves \u00e0 naviguer dans des contextes culturels divers.<\/p>\n\n<p>Pourquoi choisir le baccalaur\u00e9at europ\u00e9en ?<\/p>\n\n<p>Le baccalaur\u00e9at europ\u00e9en est un dipl\u00f4me reconnu par de nombreuses universit\u00e9s dans le monde, facilitant l&rsquo;acc\u00e8s \u00e0 des \u00e9tudes sup\u00e9rieures.<\/p>\n\n<p>Comment les \u00e9coles europ\u00e9ennes abordent-elles la diversit\u00e9 culturelle ?<\/p>\n\n<p>Ces \u00e9coles mettent en avant un environnement d\u2019apprentissage o\u00f9 chaque culture est c\u00e9l\u00e9br\u00e9e, favorisant ainsi l\u2019empathie et le respect entre \u00e9l\u00e8ves.<\/p>\n\n<p>Quelles comp\u00e9tences acquiert-on dans les \u00e9coles europ\u00e9ennes ?<\/p>\n\n<p>Les \u00e9l\u00e8ves d\u00e9veloppent des comp\u00e9tences linguistiques, interculturelles et acad\u00e9miques, essentielles dans un monde globalis\u00e9.<\/p>\n\n<p>Quels sont les enjeux actuels pour les \u00e9coles europ\u00e9ennes ?<\/p>\n\n<p>La surpopulation et l\u2019accompagnement des \u00e9l\u00e8ves venant de milieux d\u00e9favoris\u00e9s repr\u00e9sentent des d\u00e9fis \u00e0 surmonter pour assurer un enseignement de qualit\u00e9 pour tous.<\/p>\n\n","protected":false},"excerpt":{"rendered":"<p>Dans un monde en constante \u00e9volution, l&rsquo;\u00e9ducation internationale attire toujours plus de familles \u00e0 la recherche d&rsquo;un cursus adapt\u00e9 aux besoins multiculturels de leurs enfants. Au Luxembourg, l&rsquo;\u00e9cole europ\u00e9enne \u00e9merge comme l&rsquo;une des options \u00e9ducatives les plus pris\u00e9es en raison de son mod\u00e8le unique. Avec un curriculum ax\u00e9 sur le baccalaur\u00e9at europ\u00e9en, cet \u00e9tablissement offre &#8230; <a title=\"Pourquoi l&rsquo;\u00e9cole europ\u00e9enne \u00e0 Luxembourg est-elle une option \u00e9ducative pris\u00e9e en 2025 ?\" class=\"read-more\" href=\"https:\/\/www.apres-lecole.fr\/Blog\/ecole-europeenne-luxembourg\/\" aria-label=\"En savoir plus sur Pourquoi l&rsquo;\u00e9cole europ\u00e9enne \u00e0 Luxembourg est-elle une option \u00e9ducative pris\u00e9e en 2025 ?\">Lire plus<\/a><\/p>\n","protected":false},"author":7,"featured_media":2208,"comment_status":"open","ping_status":"open","sticky":false,"template":"","format":"standard","meta":{"footnotes":""},"categories":[342],"tags":[1387,412,1388,1389],"class_list":["post-2209","post","type-post","status-publish","format-standard","has-post-thumbnail","hentry","category-actualites","tag-ecole-europeenne","tag-education","tag-luxembourg","tag-option-educative"],"yoast_head":"<!-- This site is optimized with the Yoast SEO plugin v27.5 - https:\/\/yoast.com\/product\/yoast-seo-wordpress\/ -->\n<title>l\u2019\u00e9cole europ\u00e9enne au Luxembourg : le choix phare des familles en 2025<\/title>\n<meta name=\"description\" content=\"D\u00e9couvrez pourquoi l\u2019\u00c9cole europ\u00e9enne \u00e0 Luxembourg s\u00e9duit de plus en plus de familles en 2025 : excellence, multiculturalisme et r\u00e9ussite.\" \/>\n<meta name=\"robots\" content=\"index, follow, max-snippet:-1, max-image-preview:large, max-video-preview:-1\" \/>\n<link rel=\"canonical\" href=\"https:\/\/www.apres-lecole.fr\/Blog\/ecole-europeenne-luxembourg\/\" \/>\n<meta property=\"og:locale\" content=\"fr_FR\" \/>\n<meta property=\"og:type\" content=\"article\" \/>\n<meta property=\"og:title\" content=\"l\u2019\u00e9cole europ\u00e9enne au Luxembourg : le choix phare des familles en 2025\" \/>\n<meta property=\"og:description\" content=\"D\u00e9couvrez pourquoi l\u2019\u00c9cole europ\u00e9enne \u00e0 Luxembourg s\u00e9duit de plus en plus de familles en 2025 : excellence, multiculturalisme et r\u00e9ussite.\" \/>\n<meta property=\"og:url\" content=\"https:\/\/www.apres-lecole.fr\/Blog\/ecole-europeenne-luxembourg\/\" \/>\n<meta property=\"article:published_time\" content=\"2025-08-16T06:41:32+00:00\" \/>\n<meta property=\"og:image\" content=\"https:\/\/www.apres-lecole.fr\/Blog\/wp-content\/uploads\/2025\/08\/Pourquoi-lecole-europeenne-a-Luxembourg-est-elle-une-option-educative-prisee-en-2025-.jpg\" \/>\n\t<meta property=\"og:image:width\" content=\"1344\" \/>\n\t<meta property=\"og:image:height\" content=\"768\" \/>\n\t<meta property=\"og:image:type\" content=\"image\/jpeg\" \/>\n<meta name=\"twitter:card\" content=\"summary_large_image\" \/>\n<meta name=\"twitter:label1\" content=\"\u00c9crit par\" \/>\n\t<meta name=\"twitter:data1\" content=\"\" \/>\n\t<meta name=\"twitter:label2\" content=\"Dur\u00e9e de lecture estim\u00e9e\" \/>\n\t<meta name=\"twitter:data2\" content=\"6 minutes\" \/>\n<script type=\"application\/ld+json\" class=\"yoast-schema-graph\">{\"@context\":\"https:\\\/\\\/schema.org\",\"@graph\":[{\"@type\":\"Article\",\"@id\":\"https:\\\/\\\/www.apres-lecole.fr\\\/Blog\\\/ecole-europeenne-luxembourg\\\/#article\",\"isPartOf\":{\"@id\":\"https:\\\/\\\/www.apres-lecole.fr\\\/Blog\\\/ecole-europeenne-luxembourg\\\/\"},\"author\":{\"name\":\"\",\"@id\":\"\"},\"headline\":\"Pourquoi l&rsquo;\u00e9cole europ\u00e9enne \u00e0 Luxembourg est-elle une option \u00e9ducative pris\u00e9e en 2025 ?\",\"datePublished\":\"2025-08-16T06:41:32+00:00\",\"mainEntityOfPage\":{\"@id\":\"https:\\\/\\\/www.apres-lecole.fr\\\/Blog\\\/ecole-europeenne-luxembourg\\\/\"},\"wordCount\":1228,\"commentCount\":0,\"image\":{\"@id\":\"https:\\\/\\\/www.apres-lecole.fr\\\/Blog\\\/ecole-europeenne-luxembourg\\\/#primaryimage\"},\"thumbnailUrl\":\"https:\\\/\\\/www.apres-lecole.fr\\\/Blog\\\/wp-content\\\/uploads\\\/2025\\\/08\\\/Pourquoi-lecole-europeenne-a-Luxembourg-est-elle-une-option-educative-prisee-en-2025-.jpg\",\"keywords\":[\"\u00e9cole europ\u00e9enne\",\"\u00e9ducation\",\"luxembourg\",\"option \u00e9ducative\"],\"articleSection\":[\"Actualit\u00e9s\"],\"inLanguage\":\"fr-FR\",\"potentialAction\":[{\"@type\":\"CommentAction\",\"name\":\"Comment\",\"target\":[\"https:\\\/\\\/www.apres-lecole.fr\\\/Blog\\\/ecole-europeenne-luxembourg\\\/#respond\"]}]},{\"@type\":\"WebPage\",\"@id\":\"https:\\\/\\\/www.apres-lecole.fr\\\/Blog\\\/ecole-europeenne-luxembourg\\\/\",\"url\":\"https:\\\/\\\/www.apres-lecole.fr\\\/Blog\\\/ecole-europeenne-luxembourg\\\/\",\"name\":\"l\u2019\u00e9cole europ\u00e9enne au Luxembourg : le choix phare des familles en 2025\",\"isPartOf\":{\"@id\":\"https:\\\/\\\/www.apres-lecole.fr\\\/Blog\\\/#website\"},\"primaryImageOfPage\":{\"@id\":\"https:\\\/\\\/www.apres-lecole.fr\\\/Blog\\\/ecole-europeenne-luxembourg\\\/#primaryimage\"},\"image\":{\"@id\":\"https:\\\/\\\/www.apres-lecole.fr\\\/Blog\\\/ecole-europeenne-luxembourg\\\/#primaryimage\"},\"thumbnailUrl\":\"https:\\\/\\\/www.apres-lecole.fr\\\/Blog\\\/wp-content\\\/uploads\\\/2025\\\/08\\\/Pourquoi-lecole-europeenne-a-Luxembourg-est-elle-une-option-educative-prisee-en-2025-.jpg\",\"datePublished\":\"2025-08-16T06:41:32+00:00\",\"author\":{\"@id\":\"\"},\"description\":\"D\u00e9couvrez pourquoi l\u2019\u00c9cole europ\u00e9enne \u00e0 Luxembourg s\u00e9duit de plus en plus de familles en 2025 : excellence, multiculturalisme et r\u00e9ussite.\",\"breadcrumb\":{\"@id\":\"https:\\\/\\\/www.apres-lecole.fr\\\/Blog\\\/ecole-europeenne-luxembourg\\\/#breadcrumb\"},\"inLanguage\":\"fr-FR\",\"potentialAction\":[{\"@type\":\"ReadAction\",\"target\":[\"https:\\\/\\\/www.apres-lecole.fr\\\/Blog\\\/ecole-europeenne-luxembourg\\\/\"]}]},{\"@type\":\"ImageObject\",\"inLanguage\":\"fr-FR\",\"@id\":\"https:\\\/\\\/www.apres-lecole.fr\\\/Blog\\\/ecole-europeenne-luxembourg\\\/#primaryimage\",\"url\":\"https:\\\/\\\/www.apres-lecole.fr\\\/Blog\\\/wp-content\\\/uploads\\\/2025\\\/08\\\/Pourquoi-lecole-europeenne-a-Luxembourg-est-elle-une-option-educative-prisee-en-2025-.jpg\",\"contentUrl\":\"https:\\\/\\\/www.apres-lecole.fr\\\/Blog\\\/wp-content\\\/uploads\\\/2025\\\/08\\\/Pourquoi-lecole-europeenne-a-Luxembourg-est-elle-une-option-educative-prisee-en-2025-.jpg\",\"width\":1344,\"height\":768,\"caption\":\"d\u00e9couvrez pourquoi l'\u00e9cole europ\u00e9enne \u00e0 luxembourg s\u00e9duit de plus en plus de familles en 2025 : diversit\u00e9 culturelle, enseignement multilingue et excellence acad\u00e9mique, une option \u00e9ducative pris\u00e9e pour l\u2019avenir de vos enfants.\"},{\"@type\":\"BreadcrumbList\",\"@id\":\"https:\\\/\\\/www.apres-lecole.fr\\\/Blog\\\/ecole-europeenne-luxembourg\\\/#breadcrumb\",\"itemListElement\":[{\"@type\":\"ListItem\",\"position\":1,\"name\":\"Home\",\"item\":\"https:\\\/\\\/www.apres-lecole.fr\\\/Blog\\\/\"},{\"@type\":\"ListItem\",\"position\":2,\"name\":\"Pourquoi l&rsquo;\u00e9cole europ\u00e9enne \u00e0 Luxembourg est-elle une option \u00e9ducative pris\u00e9e en 2025 ?\"}]},{\"@type\":\"WebSite\",\"@id\":\"https:\\\/\\\/www.apres-lecole.fr\\\/Blog\\\/#website\",\"url\":\"https:\\\/\\\/www.apres-lecole.fr\\\/Blog\\\/\",\"name\":\"\",\"description\":\"M\u00e9dia g\u00e9n\u00e9raliste\",\"potentialAction\":[{\"@type\":\"SearchAction\",\"target\":{\"@type\":\"EntryPoint\",\"urlTemplate\":\"https:\\\/\\\/www.apres-lecole.fr\\\/Blog\\\/?s={search_term_string}\"},\"query-input\":{\"@type\":\"PropertyValueSpecification\",\"valueRequired\":true,\"valueName\":\"search_term_string\"}}],\"inLanguage\":\"fr-FR\"},{\"@type\":\"Person\",\"@id\":\"\",\"url\":\"https:\\\/\\\/www.apres-lecole.fr\\\/Blog\\\/author\\\/\"}]}<\/script>\n<!-- \/ Yoast SEO plugin. -->","yoast_head_json":{"title":"l\u2019\u00e9cole europ\u00e9enne au Luxembourg : le choix phare des familles en 2025","description":"D\u00e9couvrez pourquoi l\u2019\u00c9cole europ\u00e9enne \u00e0 Luxembourg s\u00e9duit de plus en plus de familles en 2025 : excellence, multiculturalisme et r\u00e9ussite.","robots":{"index":"index","follow":"follow","max-snippet":"max-snippet:-1","max-image-preview":"max-image-preview:large","max-video-preview":"max-video-preview:-1"},"canonical":"https:\/\/www.apres-lecole.fr\/Blog\/ecole-europeenne-luxembourg\/","og_locale":"fr_FR","og_type":"article","og_title":"l\u2019\u00e9cole europ\u00e9enne au Luxembourg : le choix phare des familles en 2025","og_description":"D\u00e9couvrez pourquoi l\u2019\u00c9cole europ\u00e9enne \u00e0 Luxembourg s\u00e9duit de plus en plus de familles en 2025 : excellence, multiculturalisme et r\u00e9ussite.","og_url":"https:\/\/www.apres-lecole.fr\/Blog\/ecole-europeenne-luxembourg\/","article_published_time":"2025-08-16T06:41:32+00:00","og_image":[{"width":1344,"height":768,"url":"https:\/\/www.apres-lecole.fr\/Blog\/wp-content\/uploads\/2025\/08\/Pourquoi-lecole-europeenne-a-Luxembourg-est-elle-une-option-educative-prisee-en-2025-.jpg","type":"image\/jpeg"}],"twitter_card":"summary_large_image","twitter_misc":{"\u00c9crit par":"","Dur\u00e9e de lecture estim\u00e9e":"6 minutes"},"schema":{"@context":"https:\/\/schema.org","@graph":[{"@type":"Article","@id":"https:\/\/www.apres-lecole.fr\/Blog\/ecole-europeenne-luxembourg\/#article","isPartOf":{"@id":"https:\/\/www.apres-lecole.fr\/Blog\/ecole-europeenne-luxembourg\/"},"author":{"name":"","@id":""},"headline":"Pourquoi l&rsquo;\u00e9cole europ\u00e9enne \u00e0 Luxembourg est-elle une option \u00e9ducative pris\u00e9e en 2025 ?","datePublished":"2025-08-16T06:41:32+00:00","mainEntityOfPage":{"@id":"https:\/\/www.apres-lecole.fr\/Blog\/ecole-europeenne-luxembourg\/"},"wordCount":1228,"commentCount":0,"image":{"@id":"https:\/\/www.apres-lecole.fr\/Blog\/ecole-europeenne-luxembourg\/#primaryimage"},"thumbnailUrl":"https:\/\/www.apres-lecole.fr\/Blog\/wp-content\/uploads\/2025\/08\/Pourquoi-lecole-europeenne-a-Luxembourg-est-elle-une-option-educative-prisee-en-2025-.jpg","keywords":["\u00e9cole europ\u00e9enne","\u00e9ducation","luxembourg","option \u00e9ducative"],"articleSection":["Actualit\u00e9s"],"inLanguage":"fr-FR","potentialAction":[{"@type":"CommentAction","name":"Comment","target":["https:\/\/www.apres-lecole.fr\/Blog\/ecole-europeenne-luxembourg\/#respond"]}]},{"@type":"WebPage","@id":"https:\/\/www.apres-lecole.fr\/Blog\/ecole-europeenne-luxembourg\/","url":"https:\/\/www.apres-lecole.fr\/Blog\/ecole-europeenne-luxembourg\/","name":"l\u2019\u00e9cole europ\u00e9enne au Luxembourg : le choix phare des familles en 2025","isPartOf":{"@id":"https:\/\/www.apres-lecole.fr\/Blog\/#website"},"primaryImageOfPage":{"@id":"https:\/\/www.apres-lecole.fr\/Blog\/ecole-europeenne-luxembourg\/#primaryimage"},"image":{"@id":"https:\/\/www.apres-lecole.fr\/Blog\/ecole-europeenne-luxembourg\/#primaryimage"},"thumbnailUrl":"https:\/\/www.apres-lecole.fr\/Blog\/wp-content\/uploads\/2025\/08\/Pourquoi-lecole-europeenne-a-Luxembourg-est-elle-une-option-educative-prisee-en-2025-.jpg","datePublished":"2025-08-16T06:41:32+00:00","author":{"@id":""},"description":"D\u00e9couvrez pourquoi l\u2019\u00c9cole europ\u00e9enne \u00e0 Luxembourg s\u00e9duit de plus en plus de familles en 2025 : excellence, multiculturalisme et r\u00e9ussite.","breadcrumb":{"@id":"https:\/\/www.apres-lecole.fr\/Blog\/ecole-europeenne-luxembourg\/#breadcrumb"},"inLanguage":"fr-FR","potentialAction":[{"@type":"ReadAction","target":["https:\/\/www.apres-lecole.fr\/Blog\/ecole-europeenne-luxembourg\/"]}]},{"@type":"ImageObject","inLanguage":"fr-FR","@id":"https:\/\/www.apres-lecole.fr\/Blog\/ecole-europeenne-luxembourg\/#primaryimage","url":"https:\/\/www.apres-lecole.fr\/Blog\/wp-content\/uploads\/2025\/08\/Pourquoi-lecole-europeenne-a-Luxembourg-est-elle-une-option-educative-prisee-en-2025-.jpg","contentUrl":"https:\/\/www.apres-lecole.fr\/Blog\/wp-content\/uploads\/2025\/08\/Pourquoi-lecole-europeenne-a-Luxembourg-est-elle-une-option-educative-prisee-en-2025-.jpg","width":1344,"height":768,"caption":"d\u00e9couvrez pourquoi l'\u00e9cole europ\u00e9enne \u00e0 luxembourg s\u00e9duit de plus en plus de familles en 2025 : diversit\u00e9 culturelle, enseignement multilingue et excellence acad\u00e9mique, une option \u00e9ducative pris\u00e9e pour l\u2019avenir de vos enfants."},{"@type":"BreadcrumbList","@id":"https:\/\/www.apres-lecole.fr\/Blog\/ecole-europeenne-luxembourg\/#breadcrumb","itemListElement":[{"@type":"ListItem","position":1,"name":"Home","item":"https:\/\/www.apres-lecole.fr\/Blog\/"},{"@type":"ListItem","position":2,"name":"Pourquoi l&rsquo;\u00e9cole europ\u00e9enne \u00e0 Luxembourg est-elle une option \u00e9ducative pris\u00e9e en 2025 ?"}]},{"@type":"WebSite","@id":"https:\/\/www.apres-lecole.fr\/Blog\/#website","url":"https:\/\/www.apres-lecole.fr\/Blog\/","name":"","description":"M\u00e9dia g\u00e9n\u00e9raliste","potentialAction":[{"@type":"SearchAction","target":{"@type":"EntryPoint","urlTemplate":"https:\/\/www.apres-lecole.fr\/Blog\/?s={search_term_string}"},"query-input":{"@type":"PropertyValueSpecification","valueRequired":true,"valueName":"search_term_string"}}],"inLanguage":"fr-FR"},{"@type":"Person","@id":"","url":"https:\/\/www.apres-lecole.fr\/Blog\/author\/"}]}},"views":16,"_links":{"self":[{"href":"https:\/\/www.apres-lecole.fr\/Blog\/wp-json\/wp\/v2\/posts\/2209","targetHints":{"allow":["GET"]}}],"collection":[{"href":"https:\/\/www.apres-lecole.fr\/Blog\/wp-json\/wp\/v2\/posts"}],"about":[{"href":"https:\/\/www.apres-lecole.fr\/Blog\/wp-json\/wp\/v2\/types\/post"}],"author":[{"embeddable":true,"href":"https:\/\/www.apres-lecole.fr\/Blog\/wp-json\/wp\/v2\/users\/7"}],"replies":[{"embeddable":true,"href":"https:\/\/www.apres-lecole.fr\/Blog\/wp-json\/wp\/v2\/comments?post=2209"}],"version-history":[{"count":0,"href":"https:\/\/www.apres-lecole.fr\/Blog\/wp-json\/wp\/v2\/posts\/2209\/revisions"}],"wp:featuredmedia":[{"embeddable":true,"href":"https:\/\/www.apres-lecole.fr\/Blog\/wp-json\/wp\/v2\/media\/2208"}],"wp:attachment":[{"href":"https:\/\/www.apres-lecole.fr\/Blog\/wp-json\/wp\/v2\/media?parent=2209"}],"wp:term":[{"taxonomy":"category","embeddable":true,"href":"https:\/\/www.apres-lecole.fr\/Blog\/wp-json\/wp\/v2\/categories?post=2209"},{"taxonomy":"post_tag","embeddable":true,"href":"https:\/\/www.apres-lecole.fr\/Blog\/wp-json\/wp\/v2\/tags?post=2209"}],"curies":[{"name":"wp","href":"https:\/\/api.w.org\/{rel}","templated":true}]}}