{"id":2207,"date":"2025-08-15T21:02:57","date_gmt":"2025-08-15T21:02:57","guid":{"rendered":"https:\/\/www.apres-lecole.fr\/Blog\/mot-z-buzz-2025\/"},"modified":"2025-08-15T21:02:57","modified_gmt":"2025-08-15T21:02:57","slug":"mot-z-buzz-2025","status":"publish","type":"post","link":"https:\/\/www.apres-lecole.fr\/Blog\/mot-z-buzz-2025\/","title":{"rendered":"Quel est le mot en Z qui fait le buzz en 2025 ?"},"content":{"rendered":"\n\n<div class=\"kk-star-ratings kksr-auto kksr-align-left kksr-valign-top\"\n    data-payload='{&quot;align&quot;:&quot;left&quot;,&quot;id&quot;:&quot;2207&quot;,&quot;slug&quot;:&quot;default&quot;,&quot;valign&quot;:&quot;top&quot;,&quot;ignore&quot;:&quot;&quot;,&quot;reference&quot;:&quot;auto&quot;,&quot;class&quot;:&quot;&quot;,&quot;count&quot;:&quot;0&quot;,&quot;legendonly&quot;:&quot;&quot;,&quot;readonly&quot;:&quot;&quot;,&quot;score&quot;:&quot;0&quot;,&quot;starsonly&quot;:&quot;&quot;,&quot;best&quot;:&quot;5&quot;,&quot;gap&quot;:&quot;5&quot;,&quot;greet&quot;:&quot;Rate this post&quot;,&quot;legend&quot;:&quot;0\\\/5 - (0 vote)&quot;,&quot;size&quot;:&quot;24&quot;,&quot;title&quot;:&quot;Quel est le mot en Z qui fait le buzz en 2025 ?&quot;,&quot;width&quot;:&quot;0&quot;,&quot;_legend&quot;:&quot;{score}\\\/{best} - ({count} {votes})&quot;,&quot;font_factor&quot;:&quot;1.25&quot;}'>\n            \n<div class=\"kksr-stars\">\n    \n<div class=\"kksr-stars-inactive\">\n            <div class=\"kksr-star\" data-star=\"1\" style=\"padding-right: 5px\">\n            \n\n<div class=\"kksr-icon\" style=\"width: 24px; height: 24px;\"><\/div>\n        <\/div>\n            <div class=\"kksr-star\" data-star=\"2\" style=\"padding-right: 5px\">\n            \n\n<div class=\"kksr-icon\" style=\"width: 24px; height: 24px;\"><\/div>\n        <\/div>\n            <div class=\"kksr-star\" data-star=\"3\" style=\"padding-right: 5px\">\n            \n\n<div class=\"kksr-icon\" style=\"width: 24px; height: 24px;\"><\/div>\n        <\/div>\n            <div class=\"kksr-star\" data-star=\"4\" style=\"padding-right: 5px\">\n            \n\n<div class=\"kksr-icon\" style=\"width: 24px; height: 24px;\"><\/div>\n        <\/div>\n            <div class=\"kksr-star\" data-star=\"5\" style=\"padding-right: 5px\">\n            \n\n<div class=\"kksr-icon\" style=\"width: 24px; height: 24px;\"><\/div>\n        <\/div>\n    <\/div>\n    \n<div class=\"kksr-stars-active\" style=\"width: 0px;\">\n            <div class=\"kksr-star\" style=\"padding-right: 5px\">\n            \n\n<div class=\"kksr-icon\" style=\"width: 24px; height: 24px;\"><\/div>\n        <\/div>\n            <div class=\"kksr-star\" style=\"padding-right: 5px\">\n            \n\n<div class=\"kksr-icon\" style=\"width: 24px; height: 24px;\"><\/div>\n        <\/div>\n            <div class=\"kksr-star\" style=\"padding-right: 5px\">\n            \n\n<div class=\"kksr-icon\" style=\"width: 24px; height: 24px;\"><\/div>\n        <\/div>\n            <div class=\"kksr-star\" style=\"padding-right: 5px\">\n            \n\n<div class=\"kksr-icon\" style=\"width: 24px; height: 24px;\"><\/div>\n        <\/div>\n            <div class=\"kksr-star\" style=\"padding-right: 5px\">\n            \n\n<div class=\"kksr-icon\" style=\"width: 24px; height: 24px;\"><\/div>\n        <\/div>\n    <\/div>\n<\/div>\n                \n\n<div class=\"kksr-legend\" style=\"font-size: 19.2px;\">\n            <span class=\"kksr-muted\">Rate this post<\/span>\n    <\/div>\n    <\/div>\n<p>En 2025, le langage \u00e9volue \u00e0 une vitesse fulgurante, et sur le devant de la sc\u00e8ne linguistique, un mot fait particuli\u00e8rement sensation : le fameux \u201czoom\u201d. Ce terme, qui d\u00e9signe \u00e0 l&rsquo;origine un logiciel de visioconf\u00e9rence tr\u00e8s utilis\u00e9 pendant la pand\u00e9mie, a pris une nouvelle dimension. De la simple application \u00e0 un v\u00e9ritable ph\u00e9nom\u00e8ne culturel, \u201czoom\u201d est devenu synonyme de rassemblement, d&rsquo;\u00e9v\u00e9nements virtuels et m\u00eame de moments de convivialit\u00e9. Les jeunes et les adultes s&rsquo;en emparent pour d\u00e9crire non seulement des r\u00e9unions en ligne, mais aussi des interactions sociales modernes. Mais pourquoi un mot aussi simple a-t-il pris autant d&rsquo;importance dans notre quotidien ? Dans cet article, plongeons au c\u0153ur du langage en Z et d\u00e9couvrons ensemble d&rsquo;autres expressions qui cartonnent en 2025.<\/p>\n\n<h2 class=\"wp-block-heading\">Les nouveaux mots en Z qui font vibrer 2025<\/h2>\n\n<p>Parlons d&rsquo;abord de la vague de nouveaux mots qui \u00e9mergent en ce d\u00e9but d&rsquo;ann\u00e9e. Une v\u00e9ritable explosion de cr\u00e9ativit\u00e9 lexicale, avec des termes qui r\u00e9sonnent particuli\u00e8rement chez les moins de 30 ans. La lettre Z, avec son c\u00f4t\u00e9 dynamique et p\u00e9tillant, est au c\u0153ur de cette \u00e9volution. D\u2019ailleurs, nombre de ces mots refl\u00e8tent des ph\u00e9nom\u00e8nes sociaux, culturels, et m\u00eame technologiques.<\/p>\n\n<ul class=\"wp-block-list\"><li>\ud83d\udd20 <strong>Z\u00e9nith<\/strong> : ce terme vient \u00e0 scintiller dans les discussions sur les \u00e9v\u00e9nements majeurs, culturels ou sportifs, culminant en un moment de gloire.<\/li><li>\ud83c\udf89 <strong>Za\u00efre<\/strong> : une mani\u00e8re dr\u00f4le et amicale d&rsquo;attirer l&rsquo;attention, \u00e9voquant des souvenirs nostalgiques des ann\u00e9es 90.<\/li><li>\u2728 <strong>Zen<\/strong> : souvent utilis\u00e9 pour parler de moments de calme et de s\u00e9r\u00e9nit\u00e9, fr\u00e9quemment partag\u00e9 sur les r\u00e9seaux sociaux.<\/li><li>\ud83d\udca1 <strong>Zapper<\/strong> : devenu un synonyme de changement rapide dans les pr\u00e9f\u00e9rences et les opinions.<\/li><li>\ud83c\udfae <strong>Zelda<\/strong> : non seulement une s\u00e9rie de jeux vid\u00e9o, mais un terme qui d\u00e9crit aussi des aventures \u00e9piques dans la culture geek.<\/li><\/ul>\n\n<p>Les jeunes aiment s&rsquo;adapter, se renouveler et s&rsquo;approprier leurs mots. La lettre Z devient ainsi un terrain de jeu linguistique, o\u00f9 chacun peut exprimer ses id\u00e9es. En analysant ce ph\u00e9nom\u00e8ne, on comprend que ces mots ne se contentent pas d&rsquo;\u00eatre des \u00e9tiquettes ; ils portent des valeurs et des \u00e9motions qui r\u00e9sonnent dans la soci\u00e9t\u00e9 actuelle. Est-ce une simple tendance ou une r\u00e9elle \u00e9volution ? M\u00eame les linguistes s&rsquo;interrogent.<\/p>\n\n<h2 class=\"wp-block-heading\">La ru\u00e9e vers les mots environnementaux en Z<\/h2>\n\n<p>Prenons maintenant un moment pour explorer le domaine de l\u2019\u00e9cologie, o\u00f9 le Z a \u00e9galement trouv\u00e9 sa place. En 2025, les pr\u00e9occupations environnementales ne cessent d\u2019accro\u00eetre l&rsquo;engouement pour des termes li\u00e9s \u00e0 la durabilit\u00e9 et \u00e0 la protection de la plan\u00e8te, prouvant que le langage peut jouer un r\u00f4le cl\u00e9 dans les mouvements sociaux.<\/p>\n\n<figure class=\"wp-block-table\"><table>\n<thead>\n<tr>\n<th>Mot<\/th>\n<th>D\u00e9finition<\/th>\n<\/tr>\n<\/thead>\n<tbody>\n<tr>\n<td>\ud83c\udf31 <strong>Z\u00e9ro d\u00e9chet<\/strong><\/td>\n<td>s&rsquo;inscrit dans un mode de vie visant \u00e0 r\u00e9duire les d\u00e9chets au minimum.<\/td>\n<\/tr>\n<tr>\n<td>\ud83c\udf0a <strong>Zone de r\u00e9sistance<\/strong><\/td>\n<td>territoire o\u00f9 les habitants luttent contre des projets nuisibles \u00e0 l\u2019environnement.<\/td>\n<\/tr>\n<tr>\n<td>\ud83d\udd25 <strong>Zinc \u00e9thique<\/strong><\/td>\n<td>min\u00e9ral apportant des bienfaits, mais dont l&rsquo;extraction doit se faire de mani\u00e8re responsable.<\/td>\n<\/tr>\n<\/tbody>\n<\/table><\/figure>\n\n<p>Ces mots, bien plus que de simples termes, sont le reflet d\u2019une conscience collective croissante face aux enjeux \u00e9cologiques de notre temps. Le choix des mots peut effectivement influencer les comportements. Cela nous am\u00e8ne \u00e0 nous poser la question : combien de ces mots sont r\u00e9ellement int\u00e9gr\u00e9s dans notre quotidien, et comment agissons-nous concr\u00e8tement lorsque nous les entendons?<\/p>\n\n<h2 class=\"wp-block-heading\">Le zapping culturel et \u00e9volutif des g\u00e9n\u00e9rations<\/h2>\n\n<p>La culture, elle aussi, est marqu\u00e9e par le Z. Avec l&rsquo;explosion des r\u00e9seaux sociaux, le terme <strong>\u201czapping\u201d<\/strong> a pris une signification nouvelle. Non seulement cela \u00e9voque le fait de changer facilement de cha\u00eene de t\u00e9l\u00e9vision, mais aussi d\u2019explorer une multitude de contenus \u00e0 la vitesse de l&rsquo;\u00e9clair. Des vid\u00e9os TikTok qui durent quelques secondes aux clips musicaux expliquant des id\u00e9es complexes en un temps record, le zapping devient une norme.<\/p>\n\n<ul class=\"wp-block-list\"><li>\ud83d\udcfa <strong>Zoomer<\/strong> : un terme faisant r\u00e9f\u00e9rence \u00e0 la g\u00e9n\u00e9ration Z, souvent vue comme audacieuse et innovante.<\/li><li>\ud83c\udfb5 <strong>Zik<\/strong> : pour parler de musique, un mot qui fait son chemin dans le langage courant.<\/li><li>\ud83d\udcf2 <strong>Zapping culturel<\/strong> : consommer de la culture de mani\u00e8re fragment\u00e9e et non lin\u00e9aire.<\/li><\/ul>\n\n<p>Ces \u00e9volutions dans le champ lexical ne sont pas uniquement l\u2019affaire d\u2019un groupe d\u2019individus : elles dessinent les contours d\u2019une soci\u00e9t\u00e9 en mutation, cherchant \u00e0 se red\u00e9finir \u00e0 travers un prisme moderne. Il est fascinant d&rsquo;observer comment la culture s\u2019infuse dans le langage, se transformant et s\u2019adaptant aux nouvelles tendances. Cela pose une question int\u00e9ressante : quel sera le r\u00f4le des mots \u00e0 l&rsquo;avenir pour lier les g\u00e9n\u00e9rations?<\/p>\n\n<h2 class=\"wp-block-heading\">L\u2019impact de la technologie sur le vocabulaire du Z<\/h2>\n\n<p>La technologie, fondamentalement, a introduit un flot continu de nouveaux mots, particuli\u00e8rement ceux commen\u00e7ant par Z. Prenons par exemple le terme <strong>\u201cZinzin\u201d<\/strong>, qui d\u00e9signe \u00e0 la fois un comportement excentrique et une mani\u00e8re ludique de se d\u00e9crire sur les r\u00e9seaux. La culture num\u00e9rique a transform\u00e9 notre fa\u00e7on de penser et de nous exprimer, et ces changements introduisent des mots nouveaux en mati\u00e8re d\u2019innovations.<\/p>\n\n<figure class=\"wp-block-table\"><table>\n<thead>\n<tr>\n<th>Terme Technologique<\/th>\n<th>Signification<\/th>\n<\/tr>\n<\/thead>\n<tbody>\n<tr>\n<td>\ud83c\udf10 <strong>Z\u00e9ro-day<\/strong><\/td>\n<td>vuln\u00e9rabilit\u00e9 des logiciels exploit\u00e9e imm\u00e9diatement apr\u00e8s sa d\u00e9couverte.<\/td>\n<\/tr>\n<tr>\n<td>\ud83e\udd16 <strong>Zapping algorithmique<\/strong><\/td>\n<td>changement rapide des vid\u00e9os et contenus sur des plateformes comme YouTube.<\/td>\n<\/tr>\n<tr>\n<td>\ud83d\udcf1 <strong>Zygomatic<\/strong><\/td>\n<td>qui fait r\u00e9f\u00e9rence \u00e0 la reconnaissance faciale innovante.<\/td>\n<\/tr>\n<\/tbody>\n<\/table><\/figure>\n\n<p>La fa\u00e7on dont ces mots \u00e9mergent et s&rsquo;imposent est incroyable. Ils s\u2019ancrent dans notre quotidien tout en r\u00e9v\u00e9lant une facette de la technologie qui se d\u00e9veloppe \u00e0 une vitesse intense. Ces termes deviennent alors des mots-cl\u00e9s non seulement pour d\u00e9crire des concepts techniques, mais aussi pour influencer nos interactions.<\/p>\n\n<h2 class=\"wp-block-heading\">\u00c9volutions et projections de l&rsquo;usage du z dans les ann\u00e9es \u00e0 venir<\/h2>\n\n<p>Enfin, quelle place accordons-nous aux mots en Z dans notre avenir linguistique ? ne pas se demander comment ces mots vont \u00e9voluer \u00e0 l&rsquo;avenir. Avec la digitalisation croissante et la cr\u00e9ativit\u00e9 des jeunes, ces mots vont continuer \u00e0 se r\u00e9inventer. Par cons\u00e9quent, nous pouvons anticiper m\u00eame la cr\u00e9ation de nouveaux termes int\u00e9gr\u00e9s dans notre quotidien.<\/p>\n\n<ul class=\"wp-block-list\"><li>\ud83d\udd04 <strong>Zigzag<\/strong> : un moyen de d\u00e9crire les changements rapides, non lin\u00e9aires des id\u00e9es.<\/li><li>\ud83d\udcd1 <strong>Z\u00e9non<\/strong> : \u00e9voquant la philosophie et la science, pour parler des nouveaux d\u00e9fis intellectuels.<\/li><li>\ud83d\udd7a <strong>Zumba<\/strong> : un terme qui pourrait s\u2019\u00e9largir pour d\u00e9signer des formes innovantes de danse.<\/li><\/ul>\n\n<p>Ces mots diversifient notre langage et le rendent plus vivant \u00e0 un moment o\u00f9 nous avons besoin de nouvelles pistes de r\u00e9flexion. Dans un monde en \u00e9volution rapide, la cr\u00e9ativit\u00e9 linguistique constitue une excellente voie pour imaginer comment nous allons nous exprimer demain.<\/p>\n\n<h2 class=\"wp-block-heading\">Quelle place pour les nouveaux mots dans notre quotidien ?<\/h2>\n\n<p>Alors, en 2025, que devenons-nous face aux mots en Z qui font le buzz ? Ils t\u00e9moignent de notre dynamique culturelle, sociale, et technologique, tout en nous liant dans un grand projet collectif. Ils refl\u00e8tent \u00e9galement notre d\u00e9sir d&rsquo;appartenir \u00e0 un monde o\u00f9 chaque mot contribuent au r\u00e9cit collectif de notre soci\u00e9t\u00e9.<\/p>\n\n<p>En nous interrogeant sur ce que ces mots repr\u00e9sentent et sur la sectorisation de notre langage, nous sommes invit\u00e9s \u00e0 r\u00e9fl\u00e9chir non seulement sur notre identit\u00e9, mais aussi sur notre place dans le monde. En mati\u00e8re d&rsquo;influence, un mot peut faire la diff\u00e9rence, alors gardons l&rsquo;\u0153il grand ouvert sur ces \u00e9volutions. Qui sait ? Le prochain mot \u00e0 faire sensation pourrait en effet commencer par un Z.<\/p>\n\n<h2 class=\"wp-block-heading\">Pourquoi ces mots en Z sont-ils importants ?<\/h2>\n\n<ul class=\"wp-block-list\"><li>\ud83c\udf1f Ils capturent l&rsquo;air du temps et refl\u00e8tent les pr\u00e9occupations soci\u00e9tales.<\/li><li>\ud83d\udcac Ils illustrent une volont\u00e9 commune d&rsquo;expression et de partage.<\/li><li>\ud83d\udd17 Ils renforcent le lien entre diff\u00e9rentes g\u00e9n\u00e9rations qui se lient gr\u00e2ce \u00e0 leur langage.<\/li><\/ul>\n\n<h2 class=\"wp-block-heading\">Quels sont les mots en Z \u00e0 suivre en 2025 ?<\/h2>\n\n<ol class=\"wp-block-list\"><li><strong>Z\u00e9nith<\/strong> \ud83c\udf0c<\/li><li><strong>Zoom<\/strong> \ud83d\udd0d<\/li><li><strong>Zapper<\/strong> \ud83d\ude80<\/li><li><strong>Zelda<\/strong> \ud83c\udfae<\/li><li><strong>Zigzag<\/strong> \ud83d\udccf<\/li><\/ol>\n\n<h2 class=\"wp-block-heading\">Peut-on associer ces mots \u00e0 des comportements sociaux ?<\/h2>\n\n<p>Les mots en Z, \u00e0 l&rsquo;instar de \u201czoom\u201d, r\u00e9v\u00e8lent des comportements d\u2019interaction uniques. Ils montrent comment le langage peut \u00e9voluer \u00e0 partir de nos v\u00e9cus communs. Par exemple, l\u2019utilisation de \u201czoom\u201d pour une simple rencontre pourrait souligner une fluidit\u00e9 dans nos interactions virtuelles. Les mots deviennent alors des t\u00e9moins de notre fa\u00e7on de nous connecter, de notre fa\u00e7on d\u2019\u00e9changer des id\u00e9es, et m\u00eame de fa\u00e7on d&rsquo;aborder nos enjeux contemporains. On peut ainsi comprendre que le langage se transforme, mais il garde toujours cet aspect interpersonnel au c\u0153ur de chacune de ces transformations.<\/p>\n\n<h2 class=\"wp-block-heading\">Les \u00e9cueils d&rsquo;un vocabulaire en constante \u00e9volution<\/h2>\n\n<p>Bien que les mots en Z soient source de cr\u00e9ativit\u00e9, il est \u00e9galement bon de se m\u00e9fier des dangers d&rsquo;un vocabulaire trop prolifique. \u00c0 mesure que nos interactions deviennent plus instantan\u00e9es, certains mots pourraient perdre leur signification initiale, ou \u00eatre d\u00e9tourn\u00e9s selon les influences culturelles. De plus, la sur-utilisation de mots en Z pourrait amener certaines personnes \u00e0 s&rsquo;estimer en dehors d\u2019un certain cercle, se sentant exclues de conversations o\u00f9 ces nouveaux termes prennent toute leur ampleur.<\/p>\n\n<h2 class=\"wp-block-heading\">Qu&rsquo;en est-il de la prochaine g\u00e9n\u00e9ration de mots ?<\/h2>\n\n<p>En scrutant cette dynamique, il devient fascinant d\u2019imaginer les mots qui vont se d\u00e9velopper dans les ann\u00e9es \u00e0 venir. La cr\u00e9ativit\u00e9 associative offre \u00e0 chaque g\u00e9n\u00e9ration l\u2019opportunit\u00e9 de fa\u00e7onner son propre lexique et, en continuant d\u2019explorer ces mots en Z, nous pourrions d\u00e9couvrir de nouvelles fa\u00e7ons d\u2019interagir, de discuter, d\u2019exprimer des sentiments, et de relier diff\u00e9rentes r\u00e9alit\u00e9s sociales.<\/p>\n\n<h2 class=\"wp-block-heading\">Que nous r\u00e9serve l&rsquo;avenir du langage ?<\/h2>\n\n<p>Une chose est certaine, l&rsquo;avenir du langage sera marqu\u00e9 par ces mots en Z qui s&rsquo;int\u00e8grent, se d\u00e9tachent, se red\u00e9finissent. Ce ph\u00e9nom\u00e8ne montre que notre langage est vivant ! Rappelle-toi, chaque mot dit quelque chose sur notre environnement, notre culture collective et, surtout, notre personnalit\u00e9. Gardons l&rsquo;esprit curieux et la plume affut\u00e9e pour suivre cette merveilleuse aventure linguistique!<\/p>\n\n<h2 class=\"wp-block-heading\">Pourquoi la g\u00e9n\u00e9ration actuelle est-elle si inventive ?<\/h2>\n\n<p>La cr\u00e9ativit\u00e9 sans pr\u00e9c\u00e9dent de la g\u00e9n\u00e9ration actuelle provient certainement de l&rsquo;immediacit\u00e9 de l&rsquo;acc\u00e8s \u00e0 l&rsquo;information, des \u00e9changes globaux intensifi\u00e9s, et du m\u00e9lange interculturel. Avec cela, la langue s&rsquo;enrichit continuellement d&rsquo;influences vari\u00e9es, qui refl\u00e8tent l&rsquo;esprit d&rsquo;une \u00e9poque en perp\u00e9tuelle transformation.<\/p>\n\n<h2 class=\"wp-block-heading\">FAQ<\/h2>\n\n<h2 class=\"wp-block-heading\">Quels sont les mots en Z qui devraient faire partie de mon vocabulaire ?<\/h2>\n\n<p>Les mots comme <strong>Zoom<\/strong>, <strong>Z\u00e9nith<\/strong>, et <strong>Zapper<\/strong> sont \u00e0 retenir car ils capturent l&rsquo;air du temps et sont utilis\u00e9s couramment par les jeunes.<\/p>\n\n<h2 class=\"wp-block-heading\">Quel est l&rsquo;impact des r\u00e9seaux sociaux sur ces nouveaux mots ?<\/h2>\n\n<p>Les r\u00e9seaux sociaux offrent une plateforme rapide pour les nouvelles tendances linguistiques, permettant \u00e0 des mots comme \u201czoom\u201d de gagner en popularit\u00e9 et de se r\u00e9pandre aupr\u00e8s d&rsquo;un large public.<\/p>\n\n<h2 class=\"wp-block-heading\">Peut-on voir ces mots comme une \u00e9volution positive du langage ?<\/h2>\n\n<p>Absolument ! Ils repr\u00e9sentent une adaptation naturelle aux r\u00e9alit\u00e9s culturelles et technologiques contemporaines, enrichissant notre langue.<\/p>\n\n<h2 class=\"wp-block-heading\">Comment ces mots influencent-ils les interactions sociales ?<\/h2>\n\n<p>Les mots en Z, en \u00e9tant \u00e0 la mode, peuvent cr\u00e9er des liens entre les groupes de jeunes et renforcer les identit\u00e9s culturelles partag\u00e9es lors des \u00e9changes.<\/p>\n\n<h2 class=\"wp-block-heading\">Quel mot en Z fera le buzz l&rsquo;ann\u00e9e prochaine ?<\/h2>\n\n<p>C\u2019est difficile \u00e0 pr\u00e9dire, mais compte tenu de l&rsquo;\u00e9volution constante du langage, on peut s&rsquo;attendre \u00e0 des surprises et \u00e0 de nouvelles cr\u00e9ations qui r\u00e9pondront aux tendances culturelles \u00e9mergentes !<\/p>\n\n","protected":false},"excerpt":{"rendered":"<p>En 2025, le langage \u00e9volue \u00e0 une vitesse fulgurante, et sur le devant de la sc\u00e8ne linguistique, un mot fait particuli\u00e8rement sensation : le fameux \u201czoom\u201d. Ce terme, qui d\u00e9signe \u00e0 l&rsquo;origine un logiciel de visioconf\u00e9rence tr\u00e8s utilis\u00e9 pendant la pand\u00e9mie, a pris une nouvelle dimension. De la simple application \u00e0 un v\u00e9ritable ph\u00e9nom\u00e8ne culturel, &#8230; <a title=\"Quel est le mot en Z qui fait le buzz en 2025 ?\" class=\"read-more\" href=\"https:\/\/www.apres-lecole.fr\/Blog\/mot-z-buzz-2025\/\" aria-label=\"En savoir plus sur Quel est le mot en Z qui fait le buzz en 2025 ?\">Lire plus<\/a><\/p>\n","protected":false},"author":9,"featured_media":2206,"comment_status":"open","ping_status":"open","sticky":false,"template":"","format":"standard","meta":{"footnotes":""},"categories":[342],"tags":[1384,1386,1383,1385,1365],"class_list":["post-2207","post","type-post","status-publish","format-standard","has-post-thumbnail","hentry","category-actualites","tag-buzz-2025","tag-culture-pop","tag-mot-en-z","tag-nouvelles-expressions","tag-tendances-linguistiques"],"yoast_head":"<!-- This site is optimized with the Yoast SEO plugin v27.5 - https:\/\/yoast.com\/product\/yoast-seo-wordpress\/ -->\n<title>le mot en z qui fait sensation en 2025<\/title>\n<meta name=\"description\" content=\"D\u00e9couvrez le mot en Z qui fait sensation en 2025 ! Explorez sa signification et pourquoi il buzz sur internet cette ann\u00e9e.\" \/>\n<meta name=\"robots\" content=\"index, follow, max-snippet:-1, max-image-preview:large, max-video-preview:-1\" \/>\n<link rel=\"canonical\" href=\"https:\/\/www.apres-lecole.fr\/Blog\/mot-z-buzz-2025\/\" \/>\n<meta property=\"og:locale\" content=\"fr_FR\" \/>\n<meta property=\"og:type\" content=\"article\" \/>\n<meta property=\"og:title\" content=\"le mot en z qui fait sensation en 2025\" \/>\n<meta property=\"og:description\" content=\"D\u00e9couvrez le mot en Z qui fait sensation en 2025 ! Explorez sa signification et pourquoi il buzz sur internet cette ann\u00e9e.\" \/>\n<meta property=\"og:url\" content=\"https:\/\/www.apres-lecole.fr\/Blog\/mot-z-buzz-2025\/\" \/>\n<meta property=\"article:published_time\" content=\"2025-08-15T21:02:57+00:00\" \/>\n<meta property=\"og:image\" content=\"https:\/\/www.apres-lecole.fr\/Blog\/wp-content\/uploads\/2025\/08\/Quel-est-le-mot-en-Z-qui-fait-le-buzz-en-2025-.jpg\" \/>\n\t<meta property=\"og:image:width\" content=\"1344\" \/>\n\t<meta property=\"og:image:height\" content=\"768\" \/>\n\t<meta property=\"og:image:type\" content=\"image\/jpeg\" \/>\n<meta name=\"author\" content=\"Eva Martin\" \/>\n<meta name=\"twitter:card\" content=\"summary_large_image\" \/>\n<meta name=\"twitter:creator\" content=\"@Evaapresecole\" \/>\n<meta name=\"twitter:label1\" content=\"\u00c9crit par\" \/>\n\t<meta name=\"twitter:data1\" content=\"Eva Martin\" \/>\n\t<meta name=\"twitter:label2\" content=\"Dur\u00e9e de lecture estim\u00e9e\" \/>\n\t<meta name=\"twitter:data2\" content=\"10 minutes\" \/>\n<script type=\"application\/ld+json\" class=\"yoast-schema-graph\">{\"@context\":\"https:\\\/\\\/schema.org\",\"@graph\":[{\"@type\":\"Article\",\"@id\":\"https:\\\/\\\/www.apres-lecole.fr\\\/Blog\\\/mot-z-buzz-2025\\\/#article\",\"isPartOf\":{\"@id\":\"https:\\\/\\\/www.apres-lecole.fr\\\/Blog\\\/mot-z-buzz-2025\\\/\"},\"author\":{\"name\":\"Eva Martin\",\"@id\":\"https:\\\/\\\/www.apres-lecole.fr\\\/Blog\\\/#\\\/schema\\\/person\\\/aeb50cd4b51fc69da155804bb5bb9fc4\"},\"headline\":\"Quel est le mot en Z qui fait le buzz en 2025 ?\",\"datePublished\":\"2025-08-15T21:02:57+00:00\",\"mainEntityOfPage\":{\"@id\":\"https:\\\/\\\/www.apres-lecole.fr\\\/Blog\\\/mot-z-buzz-2025\\\/\"},\"wordCount\":1967,\"commentCount\":0,\"image\":{\"@id\":\"https:\\\/\\\/www.apres-lecole.fr\\\/Blog\\\/mot-z-buzz-2025\\\/#primaryimage\"},\"thumbnailUrl\":\"https:\\\/\\\/www.apres-lecole.fr\\\/Blog\\\/wp-content\\\/uploads\\\/2025\\\/08\\\/Quel-est-le-mot-en-Z-qui-fait-le-buzz-en-2025-.jpg\",\"keywords\":[\"buzz 2025\",\"culture pop\",\"mot en z\",\"nouvelles expressions\",\"tendances linguistiques\"],\"articleSection\":[\"Actualit\u00e9s\"],\"inLanguage\":\"fr-FR\",\"potentialAction\":[{\"@type\":\"CommentAction\",\"name\":\"Comment\",\"target\":[\"https:\\\/\\\/www.apres-lecole.fr\\\/Blog\\\/mot-z-buzz-2025\\\/#respond\"]}]},{\"@type\":\"WebPage\",\"@id\":\"https:\\\/\\\/www.apres-lecole.fr\\\/Blog\\\/mot-z-buzz-2025\\\/\",\"url\":\"https:\\\/\\\/www.apres-lecole.fr\\\/Blog\\\/mot-z-buzz-2025\\\/\",\"name\":\"le mot en z qui fait sensation en 2025\",\"isPartOf\":{\"@id\":\"https:\\\/\\\/www.apres-lecole.fr\\\/Blog\\\/#website\"},\"primaryImageOfPage\":{\"@id\":\"https:\\\/\\\/www.apres-lecole.fr\\\/Blog\\\/mot-z-buzz-2025\\\/#primaryimage\"},\"image\":{\"@id\":\"https:\\\/\\\/www.apres-lecole.fr\\\/Blog\\\/mot-z-buzz-2025\\\/#primaryimage\"},\"thumbnailUrl\":\"https:\\\/\\\/www.apres-lecole.fr\\\/Blog\\\/wp-content\\\/uploads\\\/2025\\\/08\\\/Quel-est-le-mot-en-Z-qui-fait-le-buzz-en-2025-.jpg\",\"datePublished\":\"2025-08-15T21:02:57+00:00\",\"author\":{\"@id\":\"https:\\\/\\\/www.apres-lecole.fr\\\/Blog\\\/#\\\/schema\\\/person\\\/aeb50cd4b51fc69da155804bb5bb9fc4\"},\"description\":\"D\u00e9couvrez le mot en Z qui fait sensation en 2025 ! Explorez sa signification et pourquoi il buzz sur internet cette ann\u00e9e.\",\"breadcrumb\":{\"@id\":\"https:\\\/\\\/www.apres-lecole.fr\\\/Blog\\\/mot-z-buzz-2025\\\/#breadcrumb\"},\"inLanguage\":\"fr-FR\",\"potentialAction\":[{\"@type\":\"ReadAction\",\"target\":[\"https:\\\/\\\/www.apres-lecole.fr\\\/Blog\\\/mot-z-buzz-2025\\\/\"]}]},{\"@type\":\"ImageObject\",\"inLanguage\":\"fr-FR\",\"@id\":\"https:\\\/\\\/www.apres-lecole.fr\\\/Blog\\\/mot-z-buzz-2025\\\/#primaryimage\",\"url\":\"https:\\\/\\\/www.apres-lecole.fr\\\/Blog\\\/wp-content\\\/uploads\\\/2025\\\/08\\\/Quel-est-le-mot-en-Z-qui-fait-le-buzz-en-2025-.jpg\",\"contentUrl\":\"https:\\\/\\\/www.apres-lecole.fr\\\/Blog\\\/wp-content\\\/uploads\\\/2025\\\/08\\\/Quel-est-le-mot-en-Z-qui-fait-le-buzz-en-2025-.jpg\",\"width\":1344,\"height\":768,\"caption\":\"d\u00e9couvrez le mot en z qui fait sensation en 2025 ! tendance, originalit\u00e9 et buzz : explorez ce ph\u00e9nom\u00e8ne linguistique qui captive internet cette ann\u00e9e.\"},{\"@type\":\"BreadcrumbList\",\"@id\":\"https:\\\/\\\/www.apres-lecole.fr\\\/Blog\\\/mot-z-buzz-2025\\\/#breadcrumb\",\"itemListElement\":[{\"@type\":\"ListItem\",\"position\":1,\"name\":\"Home\",\"item\":\"https:\\\/\\\/www.apres-lecole.fr\\\/Blog\\\/\"},{\"@type\":\"ListItem\",\"position\":2,\"name\":\"Quel est le mot en Z qui fait le buzz en 2025 ?\"}]},{\"@type\":\"WebSite\",\"@id\":\"https:\\\/\\\/www.apres-lecole.fr\\\/Blog\\\/#website\",\"url\":\"https:\\\/\\\/www.apres-lecole.fr\\\/Blog\\\/\",\"name\":\"\",\"description\":\"M\u00e9dia g\u00e9n\u00e9raliste\",\"potentialAction\":[{\"@type\":\"SearchAction\",\"target\":{\"@type\":\"EntryPoint\",\"urlTemplate\":\"https:\\\/\\\/www.apres-lecole.fr\\\/Blog\\\/?s={search_term_string}\"},\"query-input\":{\"@type\":\"PropertyValueSpecification\",\"valueRequired\":true,\"valueName\":\"search_term_string\"}}],\"inLanguage\":\"fr-FR\"},{\"@type\":\"Person\",\"@id\":\"https:\\\/\\\/www.apres-lecole.fr\\\/Blog\\\/#\\\/schema\\\/person\\\/aeb50cd4b51fc69da155804bb5bb9fc4\",\"name\":\"Eva Martin\",\"image\":{\"@type\":\"ImageObject\",\"inLanguage\":\"fr-FR\",\"@id\":\"https:\\\/\\\/secure.gravatar.com\\\/avatar\\\/55c53222558b27a72015a64073a80edce4abd33369394b9bf2c5cd6c19d12682?s=96&d=mm&r=g\",\"url\":\"https:\\\/\\\/secure.gravatar.com\\\/avatar\\\/55c53222558b27a72015a64073a80edce4abd33369394b9bf2c5cd6c19d12682?s=96&d=mm&r=g\",\"contentUrl\":\"https:\\\/\\\/secure.gravatar.com\\\/avatar\\\/55c53222558b27a72015a64073a80edce4abd33369394b9bf2c5cd6c19d12682?s=96&d=mm&r=g\",\"caption\":\"Eva Martin\"},\"description\":\"Je parle de business et d'entrepreneuriat avec des conseils clairs, concrets et actionnables pour r\u00e9ussir\",\"sameAs\":[\"https:\\\/\\\/x.com\\\/Evaapresecole\"],\"url\":\"https:\\\/\\\/www.apres-lecole.fr\\\/Blog\\\/author\\\/evamartin\\\/\"}]}<\/script>\n<!-- \/ Yoast SEO plugin. -->","yoast_head_json":{"title":"le mot en z qui fait sensation en 2025","description":"D\u00e9couvrez le mot en Z qui fait sensation en 2025 ! Explorez sa signification et pourquoi il buzz sur internet cette ann\u00e9e.","robots":{"index":"index","follow":"follow","max-snippet":"max-snippet:-1","max-image-preview":"max-image-preview:large","max-video-preview":"max-video-preview:-1"},"canonical":"https:\/\/www.apres-lecole.fr\/Blog\/mot-z-buzz-2025\/","og_locale":"fr_FR","og_type":"article","og_title":"le mot en z qui fait sensation en 2025","og_description":"D\u00e9couvrez le mot en Z qui fait sensation en 2025 ! Explorez sa signification et pourquoi il buzz sur internet cette ann\u00e9e.","og_url":"https:\/\/www.apres-lecole.fr\/Blog\/mot-z-buzz-2025\/","article_published_time":"2025-08-15T21:02:57+00:00","og_image":[{"width":1344,"height":768,"url":"https:\/\/www.apres-lecole.fr\/Blog\/wp-content\/uploads\/2025\/08\/Quel-est-le-mot-en-Z-qui-fait-le-buzz-en-2025-.jpg","type":"image\/jpeg"}],"author":"Eva Martin","twitter_card":"summary_large_image","twitter_creator":"@Evaapresecole","twitter_misc":{"\u00c9crit par":"Eva Martin","Dur\u00e9e de lecture estim\u00e9e":"10 minutes"},"schema":{"@context":"https:\/\/schema.org","@graph":[{"@type":"Article","@id":"https:\/\/www.apres-lecole.fr\/Blog\/mot-z-buzz-2025\/#article","isPartOf":{"@id":"https:\/\/www.apres-lecole.fr\/Blog\/mot-z-buzz-2025\/"},"author":{"name":"Eva Martin","@id":"https:\/\/www.apres-lecole.fr\/Blog\/#\/schema\/person\/aeb50cd4b51fc69da155804bb5bb9fc4"},"headline":"Quel est le mot en Z qui fait le buzz en 2025 ?","datePublished":"2025-08-15T21:02:57+00:00","mainEntityOfPage":{"@id":"https:\/\/www.apres-lecole.fr\/Blog\/mot-z-buzz-2025\/"},"wordCount":1967,"commentCount":0,"image":{"@id":"https:\/\/www.apres-lecole.fr\/Blog\/mot-z-buzz-2025\/#primaryimage"},"thumbnailUrl":"https:\/\/www.apres-lecole.fr\/Blog\/wp-content\/uploads\/2025\/08\/Quel-est-le-mot-en-Z-qui-fait-le-buzz-en-2025-.jpg","keywords":["buzz 2025","culture pop","mot en z","nouvelles expressions","tendances linguistiques"],"articleSection":["Actualit\u00e9s"],"inLanguage":"fr-FR","potentialAction":[{"@type":"CommentAction","name":"Comment","target":["https:\/\/www.apres-lecole.fr\/Blog\/mot-z-buzz-2025\/#respond"]}]},{"@type":"WebPage","@id":"https:\/\/www.apres-lecole.fr\/Blog\/mot-z-buzz-2025\/","url":"https:\/\/www.apres-lecole.fr\/Blog\/mot-z-buzz-2025\/","name":"le mot en z qui fait sensation en 2025","isPartOf":{"@id":"https:\/\/www.apres-lecole.fr\/Blog\/#website"},"primaryImageOfPage":{"@id":"https:\/\/www.apres-lecole.fr\/Blog\/mot-z-buzz-2025\/#primaryimage"},"image":{"@id":"https:\/\/www.apres-lecole.fr\/Blog\/mot-z-buzz-2025\/#primaryimage"},"thumbnailUrl":"https:\/\/www.apres-lecole.fr\/Blog\/wp-content\/uploads\/2025\/08\/Quel-est-le-mot-en-Z-qui-fait-le-buzz-en-2025-.jpg","datePublished":"2025-08-15T21:02:57+00:00","author":{"@id":"https:\/\/www.apres-lecole.fr\/Blog\/#\/schema\/person\/aeb50cd4b51fc69da155804bb5bb9fc4"},"description":"D\u00e9couvrez le mot en Z qui fait sensation en 2025 ! Explorez sa signification et pourquoi il buzz sur internet cette ann\u00e9e.","breadcrumb":{"@id":"https:\/\/www.apres-lecole.fr\/Blog\/mot-z-buzz-2025\/#breadcrumb"},"inLanguage":"fr-FR","potentialAction":[{"@type":"ReadAction","target":["https:\/\/www.apres-lecole.fr\/Blog\/mot-z-buzz-2025\/"]}]},{"@type":"ImageObject","inLanguage":"fr-FR","@id":"https:\/\/www.apres-lecole.fr\/Blog\/mot-z-buzz-2025\/#primaryimage","url":"https:\/\/www.apres-lecole.fr\/Blog\/wp-content\/uploads\/2025\/08\/Quel-est-le-mot-en-Z-qui-fait-le-buzz-en-2025-.jpg","contentUrl":"https:\/\/www.apres-lecole.fr\/Blog\/wp-content\/uploads\/2025\/08\/Quel-est-le-mot-en-Z-qui-fait-le-buzz-en-2025-.jpg","width":1344,"height":768,"caption":"d\u00e9couvrez le mot en z qui fait sensation en 2025 ! tendance, originalit\u00e9 et buzz : explorez ce ph\u00e9nom\u00e8ne linguistique qui captive internet cette ann\u00e9e."},{"@type":"BreadcrumbList","@id":"https:\/\/www.apres-lecole.fr\/Blog\/mot-z-buzz-2025\/#breadcrumb","itemListElement":[{"@type":"ListItem","position":1,"name":"Home","item":"https:\/\/www.apres-lecole.fr\/Blog\/"},{"@type":"ListItem","position":2,"name":"Quel est le mot en Z qui fait le buzz en 2025 ?"}]},{"@type":"WebSite","@id":"https:\/\/www.apres-lecole.fr\/Blog\/#website","url":"https:\/\/www.apres-lecole.fr\/Blog\/","name":"","description":"M\u00e9dia g\u00e9n\u00e9raliste","potentialAction":[{"@type":"SearchAction","target":{"@type":"EntryPoint","urlTemplate":"https:\/\/www.apres-lecole.fr\/Blog\/?s={search_term_string}"},"query-input":{"@type":"PropertyValueSpecification","valueRequired":true,"valueName":"search_term_string"}}],"inLanguage":"fr-FR"},{"@type":"Person","@id":"https:\/\/www.apres-lecole.fr\/Blog\/#\/schema\/person\/aeb50cd4b51fc69da155804bb5bb9fc4","name":"Eva Martin","image":{"@type":"ImageObject","inLanguage":"fr-FR","@id":"https:\/\/secure.gravatar.com\/avatar\/55c53222558b27a72015a64073a80edce4abd33369394b9bf2c5cd6c19d12682?s=96&d=mm&r=g","url":"https:\/\/secure.gravatar.com\/avatar\/55c53222558b27a72015a64073a80edce4abd33369394b9bf2c5cd6c19d12682?s=96&d=mm&r=g","contentUrl":"https:\/\/secure.gravatar.com\/avatar\/55c53222558b27a72015a64073a80edce4abd33369394b9bf2c5cd6c19d12682?s=96&d=mm&r=g","caption":"Eva Martin"},"description":"Je parle de business et d'entrepreneuriat avec des conseils clairs, concrets et actionnables pour r\u00e9ussir","sameAs":["https:\/\/x.com\/Evaapresecole"],"url":"https:\/\/www.apres-lecole.fr\/Blog\/author\/evamartin\/"}]}},"views":7,"_links":{"self":[{"href":"https:\/\/www.apres-lecole.fr\/Blog\/wp-json\/wp\/v2\/posts\/2207","targetHints":{"allow":["GET"]}}],"collection":[{"href":"https:\/\/www.apres-lecole.fr\/Blog\/wp-json\/wp\/v2\/posts"}],"about":[{"href":"https:\/\/www.apres-lecole.fr\/Blog\/wp-json\/wp\/v2\/types\/post"}],"author":[{"embeddable":true,"href":"https:\/\/www.apres-lecole.fr\/Blog\/wp-json\/wp\/v2\/users\/9"}],"replies":[{"embeddable":true,"href":"https:\/\/www.apres-lecole.fr\/Blog\/wp-json\/wp\/v2\/comments?post=2207"}],"version-history":[{"count":0,"href":"https:\/\/www.apres-lecole.fr\/Blog\/wp-json\/wp\/v2\/posts\/2207\/revisions"}],"wp:featuredmedia":[{"embeddable":true,"href":"https:\/\/www.apres-lecole.fr\/Blog\/wp-json\/wp\/v2\/media\/2206"}],"wp:attachment":[{"href":"https:\/\/www.apres-lecole.fr\/Blog\/wp-json\/wp\/v2\/media?parent=2207"}],"wp:term":[{"taxonomy":"category","embeddable":true,"href":"https:\/\/www.apres-lecole.fr\/Blog\/wp-json\/wp\/v2\/categories?post=2207"},{"taxonomy":"post_tag","embeddable":true,"href":"https:\/\/www.apres-lecole.fr\/Blog\/wp-json\/wp\/v2\/tags?post=2207"}],"curies":[{"name":"wp","href":"https:\/\/api.w.org\/{rel}","templated":true}]}}