{"id":2203,"date":"2025-08-15T07:10:12","date_gmt":"2025-08-15T07:10:12","guid":{"rendered":"https:\/\/www.apres-lecole.fr\/Blog\/retour-summer-school-dinard\/"},"modified":"2025-08-15T07:10:12","modified_gmt":"2025-08-15T07:10:12","slug":"retour-summer-school-dinard","status":"publish","type":"post","link":"https:\/\/www.apres-lecole.fr\/Blog\/retour-summer-school-dinard\/","title":{"rendered":"Un retour enthousiaste sur la Summer School of sound \u00e0 Dinard"},"content":{"rendered":"\n\n<div class=\"kk-star-ratings kksr-auto kksr-align-left kksr-valign-top\"\n    data-payload='{&quot;align&quot;:&quot;left&quot;,&quot;id&quot;:&quot;2203&quot;,&quot;slug&quot;:&quot;default&quot;,&quot;valign&quot;:&quot;top&quot;,&quot;ignore&quot;:&quot;&quot;,&quot;reference&quot;:&quot;auto&quot;,&quot;class&quot;:&quot;&quot;,&quot;count&quot;:&quot;0&quot;,&quot;legendonly&quot;:&quot;&quot;,&quot;readonly&quot;:&quot;&quot;,&quot;score&quot;:&quot;0&quot;,&quot;starsonly&quot;:&quot;&quot;,&quot;best&quot;:&quot;5&quot;,&quot;gap&quot;:&quot;5&quot;,&quot;greet&quot;:&quot;Rate this post&quot;,&quot;legend&quot;:&quot;0\\\/5 - (0 vote)&quot;,&quot;size&quot;:&quot;24&quot;,&quot;title&quot;:&quot;Un retour enthousiaste sur la Summer School of sound \u00e0 Dinard&quot;,&quot;width&quot;:&quot;0&quot;,&quot;_legend&quot;:&quot;{score}\\\/{best} - ({count} {votes})&quot;,&quot;font_factor&quot;:&quot;1.25&quot;}'>\n            \n<div class=\"kksr-stars\">\n    \n<div class=\"kksr-stars-inactive\">\n            <div class=\"kksr-star\" data-star=\"1\" style=\"padding-right: 5px\">\n            \n\n<div class=\"kksr-icon\" style=\"width: 24px; height: 24px;\"><\/div>\n        <\/div>\n            <div class=\"kksr-star\" data-star=\"2\" style=\"padding-right: 5px\">\n            \n\n<div class=\"kksr-icon\" style=\"width: 24px; height: 24px;\"><\/div>\n        <\/div>\n            <div class=\"kksr-star\" data-star=\"3\" style=\"padding-right: 5px\">\n            \n\n<div class=\"kksr-icon\" style=\"width: 24px; height: 24px;\"><\/div>\n        <\/div>\n            <div class=\"kksr-star\" data-star=\"4\" style=\"padding-right: 5px\">\n            \n\n<div class=\"kksr-icon\" style=\"width: 24px; height: 24px;\"><\/div>\n        <\/div>\n            <div class=\"kksr-star\" data-star=\"5\" style=\"padding-right: 5px\">\n            \n\n<div class=\"kksr-icon\" style=\"width: 24px; height: 24px;\"><\/div>\n        <\/div>\n    <\/div>\n    \n<div class=\"kksr-stars-active\" style=\"width: 0px;\">\n            <div class=\"kksr-star\" style=\"padding-right: 5px\">\n            \n\n<div class=\"kksr-icon\" style=\"width: 24px; height: 24px;\"><\/div>\n        <\/div>\n            <div class=\"kksr-star\" style=\"padding-right: 5px\">\n            \n\n<div class=\"kksr-icon\" style=\"width: 24px; height: 24px;\"><\/div>\n        <\/div>\n            <div class=\"kksr-star\" style=\"padding-right: 5px\">\n            \n\n<div class=\"kksr-icon\" style=\"width: 24px; height: 24px;\"><\/div>\n        <\/div>\n            <div class=\"kksr-star\" style=\"padding-right: 5px\">\n            \n\n<div class=\"kksr-icon\" style=\"width: 24px; height: 24px;\"><\/div>\n        <\/div>\n            <div class=\"kksr-star\" style=\"padding-right: 5px\">\n            \n\n<div class=\"kksr-icon\" style=\"width: 24px; height: 24px;\"><\/div>\n        <\/div>\n    <\/div>\n<\/div>\n                \n\n<div class=\"kksr-legend\" style=\"font-size: 19.2px;\">\n            <span class=\"kksr-muted\">Rate this post<\/span>\n    <\/div>\n    <\/div>\n<p>L&rsquo;\u00e9cho des vagues, le murmure du vent et une symphonie de cr\u00e9ations sonores ont r\u00e9sonn\u00e9 \u00e0 Dinard, o\u00f9 la Summer School of Sound a une fois de plus conquis le c\u0153ur des passionn\u00e9s de musique et d&rsquo;audio. Du 15 juillet au 11 ao\u00fbt, la ville s&rsquo;est transform\u00e9e en un v\u00e9ritable sanctuaire de la cr\u00e9ativit\u00e9 acoustique, rassemblant des centaines de participants issus de divers horizons. L&rsquo;\u00e9v\u00e9nement, orchestr\u00e9 par l&rsquo;association Phonurgia Nova, a magnifi\u00e9 la magie de l&rsquo;innovation sonore \u00e0 travers des ateliers dynamiques et des rencontres enrichissantes. Avec un bilan exceptionnel, cette sixi\u00e8me \u00e9dition se pr\u00e9sente comme un v\u00e9ritable succ\u00e8s, attirant des amateurs de son de toute la francophonie et au-del\u00e0. D\u00e9couvrez sans plus attendre l&rsquo;\u00e9nergie vibrante qui a accompagn\u00e9 cet \u00e9v\u00e9nement incontournable !<\/p>\n\n<h2 class=\"wp-block-heading\">Plong\u00e9e dans l&rsquo;univers de la cr\u00e9ation sonore<\/h2>\n\n<p>La Summer School of Sound \u00e0 Dinard n&rsquo;est pas seulement un festival de sons, mais une exp\u00e9rience immersive qui rassemblent des jeunes talents et des professionnels de tous horizons. Pendant trois semaines, les participants ont eu l&rsquo;occasion de se former aupr\u00e8s de v\u00e9ritables pionniers de la narration sonore, explorant les profondeurs de la musique, de l&rsquo;acoustique et de la production audio. Au c\u0153ur de cet \u00e9v\u00e9nement, des ateliers cr\u00e9atifs ont \u00e9t\u00e9 mis en place, permettant d&rsquo;affiner les comp\u00e9tences et d&rsquo;encourager l&rsquo;innovation.<\/p>\n\n<p>Il est fascinant de voir comment, d\u00e8s le premier jour, l&rsquo;\u00e9nergie et l&rsquo;enthousiasme des participants ont \u00e9lectris\u00e9 l&rsquo;atmosph\u00e8re. Les ateliers, anim\u00e9s par des figures embl\u00e9matiques comme Sophie Berger et Gilles Aubry, ont \u00e9t\u00e9 \u00e9labor\u00e9s pour proposer un large \u00e9ventail de techniques, allant des bases de la cr\u00e9ation sonore \u00e0 des pratiques plus avanc\u00e9es. En voici quelques exemples:<\/p>\n\n<ul class=\"wp-block-list\"><li>\ud83c\udfb6 <strong>\u00c9criture sonore<\/strong> : renforcer ses comp\u00e9tences narratives pour cr\u00e9er des pi\u00e8ces captivantes.<\/li><li>\ud83c\udfa7 <strong>Techniques d&rsquo;enregistrement<\/strong> : d\u00e9couvrir comment capter le son ambiant et r\u00e9aliser des enregistrements de qualit\u00e9.<\/li><li>\ud83c\udfa4 <strong>Production musicale<\/strong> : apprendre \u00e0 produire des morceaux originaux tout en explorant divers styles musicaux.<\/li><\/ul>\n\n<p>Chacun de ces ateliers a \u00e9t\u00e9 con\u00e7u pour stimuler la cr\u00e9ativit\u00e9, encourager l&rsquo;\u00e9change d&rsquo;id\u00e9es et renforcer la communaut\u00e9 passionn\u00e9e du son. \u00c0 travers des sessions de pratique et de th\u00e9orie, les participants ont pu exp\u00e9rimenter directement avec les outils du m\u00e9tier, rendant l&rsquo;exp\u00e9rience non seulement formatrice, mais \u00e9galement ludique.<\/p>\n\n<h3 class=\"wp-block-heading\">L&rsquo;accueil chaleureux \u00e0 Dinard<\/h3>\n\n<p>Dinard, avec ses plages pittoresques et ses vues imprenables, a constitu\u00e9 un cadre id\u00e9al pour cette \u00e9dition de la Summer School of Sound. Les \u00e9v\u00e9nements se sont tenus dans des lieux embl\u00e9matiques comme le Conservatoire Maurice Ravel et le Ch\u00e2teau H\u00e9bert, offrant une atmosph\u00e8re propice \u00e0 l&rsquo;inspiration. La beaut\u00e9 naturelle de la regione a \u00e9galement jou\u00e9 un r\u00f4le cl\u00e9 dans le processus cr\u00e9atif des participants.<\/p>\n\n<p>Les organisateurs ont re\u00e7u environ 70 participants professionnels, venant d&rsquo;horizons vari\u00e9s tels que le cin\u00e9ma, la radio et les arts sonores. Cela a permis de cr\u00e9er un environnement d&rsquo;apprentissage riche, o\u00f9 les \u00e9changes entre les participants ont \u00e9t\u00e9 encourag\u00e9s. De nombreux t\u00e9moignages ont mis en avant l&rsquo;importance de se retrouver face \u00e0 d&rsquo;autres passionn\u00e9s, favorisant l&rsquo;\u00e9mulation et l&rsquo;esprit de camaraderie. Marc Jacquin, directeur de l&rsquo;\u00e9v\u00e9nement, souligne \u00e9galement cet aspect :<\/p>\n\n<blockquote class=\"wp-block-quote is-layout-flow wp-block-quote-is-layout-flow\"><p>\u00ab La pluralit\u00e9 des participants enrichit consid\u00e9rablement les discussions et les ateliers. C&rsquo;est un v\u00e9ritable brassage culturel qui est \u00e0 l&rsquo;origine d&rsquo;initiatives remarquables ! \u00bb<\/p><\/blockquote>\n\n<h2 class=\"wp-block-heading\">Les temps forts de la Summer School of Sound<\/h2>\n\n<p>Entre ateliers, conf\u00e9rences et rencontres, l&rsquo;\u00e9ventail des activit\u00e9s propos\u00e9es a ravi les participants et permis de mettre en avant la cr\u00e9ativit\u00e9 sonore sous toutes ses formes. Chaque jour a \u00e9t\u00e9 ponctu\u00e9 d\u2019\u00e9v\u00e9nements m\u00e9morables, avec un kal\u00e9idoscope d&rsquo;activit\u00e9s allant des moments d&rsquo;\u00e9coute collective \u00e0 des pr\u00e9sentations interactives.<\/p>\n\n<p>Un des moments phares de ce rassemblement a \u00e9t\u00e9 la s\u00e9ance de restitution publique, qui a connu un grand succ\u00e8s avec plus de 300 entr\u00e9es. Cette opportunit\u00e9 a permis aux participants de pr\u00e9senter leurs cr\u00e9ations sonores au grand public, renfor\u00e7ant ainsi le lien entre la communaut\u00e9 locale et les artistes pr\u00e9sents. Cependant, l\u2019\u00e9v\u00e9nement ne s\u2019est pas limit\u00e9 \u00e0 de simples pr\u00e9sentations. Voici un petit rappel des temps forts :<\/p>\n\n<figure class=\"wp-block-table\"><table>\n<thead>\n<tr>\n<th>Activit\u00e9<\/th>\n<th>Date<\/th>\n<th>Lieu<\/th>\n<th>Participants<\/th>\n<\/tr>\n<\/thead>\n<tbody>\n<tr>\n<td>S\u00e9ance d&rsquo;\u00e9coute<\/td>\n<td>3 ao\u00fbt<\/td>\n<td>Ch\u00e2teau H\u00e9bert<\/td>\n<td>300+<\/td>\n<\/tr>\n<tr>\n<td>Ateliers de cr\u00e9ation<\/td>\n<td>17 juillet &#8211; 5 ao\u00fbt<\/td>\n<td>Conservatoire Maurice Ravel<\/td>\n<td>70<\/td>\n<\/tr>\n<tr>\n<td>Conf\u00e9rences th\u00e9matiques<\/td>\n<td>25 juillet<\/td>\n<td>Salle de conf\u00e9rence<\/td>\n<td>35<\/td>\n<\/tr>\n<\/tbody>\n<\/table><\/figure>\n\n<p>Cet \u00e9v\u00e9nement a non seulement permis aux participants de d\u00e9velopper des comp\u00e9tences, mais aussi de percer dans l&rsquo;univers foisonnant de la cr\u00e9ation sonore. Les connexions \u00e9tablies parmi les cr\u00e9ateurs d\u2019un m\u00eame domaine sont souvent le d\u00e9but de projets futurs \u00e0 succ\u00e8s.<\/p>\n\n<h3 class=\"wp-block-heading\">Les d\u00e9fis de l&rsquo;innovation sonore<\/h3>\n\n<p>\u00c0 l&rsquo;\u00e8re des nouvelles technologies, la cr\u00e9ation sonore fait face \u00e0 de nombreux d\u00e9fis. L&rsquo;innovation sonore prend une place pr\u00e9pond\u00e9rante dans le paysage culturel, et la Summer School of Sound permet d&rsquo;explorer ces enjeux. Des questions cruciales comme la place de l&rsquo;authenticit\u00e9 dans un monde o\u00f9 les sons peuvent \u00eatre artificiellement g\u00e9n\u00e9r\u00e9s entra\u00eenent des r\u00e9flexions profondes chez les participants.<\/p>\n\n<p>Il est essentiel que les jeunes talents soient encourag\u00e9s \u00e0 exprimer leur voix et \u00e0 d\u00e9velopper leur propre identit\u00e9 sonore. Les discussions tenues lors de cette \u00e9dition ont permis de confronter les points de vue sur :<\/p>\n\n<ul class=\"wp-block-list\"><li>\ud83d\udca1 <strong>\u00c9thique et sonore<\/strong> : Comment garantir l&rsquo;originalit\u00e9 tout en respectant les droits d&rsquo;auteur ?<\/li><li>\ud83c\udf0d <strong>Sons de la nature<\/strong> : Comment int\u00e9grer les \u00e9l\u00e9ments naturels dans la cr\u00e9ation sonore ?<\/li><li>\ud83d\udcc8 <strong>\u00c9volutions technologiques<\/strong> : Quelles sont les nouvelles m\u00e9thodes de cr\u00e9ation gr\u00e2ce aux technologies ?<\/li><\/ul>\n\n<h2 class=\"wp-block-heading\">Des cr\u00e9ations sonores \u00e0 d\u00e9couvrir<\/h2>\n\n<p>L&rsquo;un des aspects les plus captivants de la Summer School de Dinard r\u00e9side dans les \u0153uvres qui \u00e9mergent de chaque \u00e9dition. La cr\u00e9ativit\u00e9 vibrante des participants donne lieu \u00e0 une multitude de projets audacieux, m\u00e9langeant genres et styles. Ces cr\u00e9ations sonores sont souvent le fruit d&rsquo;un travail collaboratif entre plusieurs artistes invit\u00e9s, mais aussi de l&rsquo;interaction entre de futurs professionnels.<\/p>\n\n<p>Les retours du public sur les cr\u00e9ations pr\u00e9sent\u00e9es lors de la restitution soulignent la diversit\u00e9 et la richesse des exp\u00e9riences sonores offertes. Beaucoup de participants ont pris des initiatives pour r\u00e9aliser des documentaires sonores, des pi\u00e8ces de th\u00e9\u00e2tre radiophonique et des performances live. Chaque cr\u00e9ation est le reflet de l&rsquo;imagination des artistes, des \u00e9motions transmises et des histoires racont\u00e9es. La palette sonore ainsi offerte montre l&rsquo;importance d\u2019encourager les jeunes talents et les artistes \u00e9mergents.<\/p>\n\n<p>Dans cet esprit, le directeur Marc Jacquin a insist\u00e9 sur l&rsquo;importance d&rsquo;encourager la cr\u00e9ativit\u00e9 au-del\u00e0 de la Summer School. L&rsquo;id\u00e9e est d&rsquo;accompagner ces jeunes artistes sur la voie d&rsquo;un avenir prometteur dans la cr\u00e9ation sonore. Les r\u00eaves sont toujours possibles, et chaque note jou\u00e9e peut r\u00e9sonner fortement dans le c\u0153ur de ceux qui osent partager leur univers musical.<\/p>\n\n<h2 class=\"wp-block-heading\">\u00c0 quoi s&rsquo;attendre pour l&rsquo;\u00e9dition 2026 ?<\/h2>\n\n<p>Avec un succ\u00e8s grandissant, la Summer School of Sound se tourne d\u00e9j\u00e0 vers l&rsquo;avenir. Les participants de cette ann\u00e9e ont laiss\u00e9 une empreinte ind\u00e9l\u00e9bile, et de nombreuses id\u00e9es sont en musiques pour le prochain rendez-vous ! <\/p>\n\n<p>Les organisateurs, Phonurgia Nova, explorent des th\u00e8mes vari\u00e9s pour enrichir encore davantage l&rsquo;exp\u00e9rience immersive propos\u00e9e. Les suggestions des participants des \u00e9ditions pr\u00e9c\u00e9dentes ont d\u00e9j\u00e0 \u00e9t\u00e9 prises en compte, ce qui t\u00e9moigne d\u2019une r\u00e9elle \u00e9coute et ouverture. Voici quelques projets \u00e0 envisager pour 2026 :<\/p>\n\n<ul class=\"wp-block-list\"><li>\ud83d\udcc5 <strong>Extensions des ateliers<\/strong> : Offrir encore plus de diversit\u00e9 dans les sujets abord\u00e9s.<\/li><li>\ud83d\udc65 <strong>Implication de nouveaux artistes<\/strong> : Inviter une nouvelle g\u00e9n\u00e9ration de cr\u00e9ateurs et de professionnels du son.<\/li><li>\ud83c\udf10 <strong>\u00c9largissement de l&rsquo;audience<\/strong> : Renforcer le lien avec la communaut\u00e9 locale et les structures \u00e9ducatives.<\/li><\/ul>\n\n<h2 class=\"wp-block-heading\">Questions Fr\u00e9quemment Pos\u00e9es<\/h2>\n\n<h2 class=\"wp-block-heading\">Qu&rsquo;est-ce que la Summer School of Sound ?<\/h2>\n\n<p>La Summer School of Sound est un \u00e9v\u00e9nement annuel d\u00e9di\u00e9 \u00e0 la cr\u00e9ation sonore qui rassemble des passionn\u00e9s, des professionnels et des d\u00e9butants pour d\u00e9couvrir, apprendre et partager autour du son et de la musique.<\/p>\n\n<h2 class=\"wp-block-heading\">Quels types d&rsquo;activit\u00e9s y sont propos\u00e9es ?<\/h2>\n\n<p>Les participants peuvent s&rsquo;attendre \u00e0 des ateliers pratiques, des conf\u00e9rences th\u00e9matiques, des s\u00e9ances d&rsquo;\u00e9coute et des restitutions publiques o\u00f9 ils peuvent partager leurs cr\u00e9ations sonores.<\/p>\n\n<h2 class=\"wp-block-heading\">Comment s&rsquo;inscrire \u00e0 l&rsquo;\u00e9v\u00e9nement ?<\/h2>\n\n<p>Les inscriptions sont g\u00e9n\u00e9ralement ouvertes plusieurs mois avant l&rsquo;\u00e9v\u00e9nement. Il est conseill\u00e9 de suivre le site de Phonurgia Nova ou leurs r\u00e9seaux sociaux pour \u00eatre inform\u00e9 des d\u00e9marches \u00e0 suivre.<\/p>\n\n<h2 class=\"wp-block-heading\">Y a-t-il des crit\u00e8res sp\u00e9cifiques pour participer ?<\/h2>\n\n<p>L&rsquo;\u00e9v\u00e9nement est ouvert \u00e0 tous, que vous soyez un novice ou un professionnel, tout le monde est bienvenu pour explorer le monde de l&rsquo;audio cr\u00e9atif.<\/p>\n\n<h2 class=\"wp-block-heading\">Quelles sont les p\u00e9riodes de l&rsquo;\u00e9v\u00e9nement ?<\/h2>\n\n<p>La Summer School of Sound se d\u00e9roule chaque \u00e9t\u00e9, typiquement entre mi-juillet et d\u00e9but ao\u00fbt, profitez-en pour d\u00e9couvrir ou red\u00e9couvrir les merveilles de la musique et de l&rsquo;acoustique !<\/p>\n\n","protected":false},"excerpt":{"rendered":"<p>L&rsquo;\u00e9cho des vagues, le murmure du vent et une symphonie de cr\u00e9ations sonores ont r\u00e9sonn\u00e9 \u00e0 Dinard, o\u00f9 la Summer School of Sound a une fois de plus conquis le c\u0153ur des passionn\u00e9s de musique et d&rsquo;audio. Du 15 juillet au 11 ao\u00fbt, la ville s&rsquo;est transform\u00e9e en un v\u00e9ritable sanctuaire de la cr\u00e9ativit\u00e9 acoustique, &#8230; <a title=\"Un retour enthousiaste sur la Summer School of sound \u00e0 Dinard\" class=\"read-more\" href=\"https:\/\/www.apres-lecole.fr\/Blog\/retour-summer-school-dinard\/\" aria-label=\"En savoir plus sur Un retour enthousiaste sur la Summer School of sound \u00e0 Dinard\">Lire plus<\/a><\/p>\n","protected":false},"author":7,"featured_media":2202,"comment_status":"open","ping_status":"open","sticky":false,"template":"","format":"standard","meta":{"footnotes":""},"categories":[342],"tags":[1380,1378,1046,1379,1377],"class_list":["post-2203","post","type-post","status-publish","format-standard","has-post-thumbnail","hentry","category-actualites","tag-ateliers-sonores","tag-dinard","tag-ete-2023","tag-evenements-musicaux","tag-summer-school-of-sound"],"yoast_head":"<!-- This site is optimized with the Yoast SEO plugin v27.5 - https:\/\/yoast.com\/product\/yoast-seo-wordpress\/ -->\n<title>immersion sonore \u00e0 la summer school de Dinard : retour d\u2019exp\u00e9rience<\/title>\n<meta name=\"description\" content=\"D\u00e9couvrez notre retour sur la Summer School of Sound \u00e0 Dinard : une exp\u00e9rience immersive, cr\u00e9ative et enrichissante au bord de la mer.\" \/>\n<meta name=\"robots\" content=\"index, follow, max-snippet:-1, max-image-preview:large, max-video-preview:-1\" \/>\n<link rel=\"canonical\" href=\"https:\/\/www.apres-lecole.fr\/Blog\/retour-summer-school-dinard\/\" \/>\n<meta property=\"og:locale\" content=\"fr_FR\" \/>\n<meta property=\"og:type\" content=\"article\" \/>\n<meta property=\"og:title\" content=\"immersion sonore \u00e0 la summer school de Dinard : retour d\u2019exp\u00e9rience\" \/>\n<meta property=\"og:description\" content=\"D\u00e9couvrez notre retour sur la Summer School of Sound \u00e0 Dinard : une exp\u00e9rience immersive, cr\u00e9ative et enrichissante au bord de la mer.\" \/>\n<meta property=\"og:url\" content=\"https:\/\/www.apres-lecole.fr\/Blog\/retour-summer-school-dinard\/\" \/>\n<meta property=\"article:published_time\" content=\"2025-08-15T07:10:12+00:00\" \/>\n<meta property=\"og:image\" content=\"https:\/\/www.apres-lecole.fr\/Blog\/wp-content\/uploads\/2025\/08\/Un-retour-enthousiaste-sur-la-Summer-School-of-sound-a-Dinard.jpg\" \/>\n\t<meta property=\"og:image:width\" content=\"1344\" \/>\n\t<meta property=\"og:image:height\" content=\"768\" \/>\n\t<meta property=\"og:image:type\" content=\"image\/jpeg\" \/>\n<meta name=\"twitter:card\" content=\"summary_large_image\" \/>\n<meta name=\"twitter:label1\" content=\"\u00c9crit par\" \/>\n\t<meta name=\"twitter:data1\" content=\"\" \/>\n\t<meta name=\"twitter:label2\" content=\"Dur\u00e9e de lecture estim\u00e9e\" \/>\n\t<meta name=\"twitter:data2\" content=\"8 minutes\" \/>\n<script type=\"application\/ld+json\" class=\"yoast-schema-graph\">{\"@context\":\"https:\\\/\\\/schema.org\",\"@graph\":[{\"@type\":\"Article\",\"@id\":\"https:\\\/\\\/www.apres-lecole.fr\\\/Blog\\\/retour-summer-school-dinard\\\/#article\",\"isPartOf\":{\"@id\":\"https:\\\/\\\/www.apres-lecole.fr\\\/Blog\\\/retour-summer-school-dinard\\\/\"},\"author\":{\"name\":\"\",\"@id\":\"\"},\"headline\":\"Un retour enthousiaste sur la Summer School of sound \u00e0 Dinard\",\"datePublished\":\"2025-08-15T07:10:12+00:00\",\"mainEntityOfPage\":{\"@id\":\"https:\\\/\\\/www.apres-lecole.fr\\\/Blog\\\/retour-summer-school-dinard\\\/\"},\"wordCount\":1581,\"commentCount\":0,\"image\":{\"@id\":\"https:\\\/\\\/www.apres-lecole.fr\\\/Blog\\\/retour-summer-school-dinard\\\/#primaryimage\"},\"thumbnailUrl\":\"https:\\\/\\\/www.apres-lecole.fr\\\/Blog\\\/wp-content\\\/uploads\\\/2025\\\/08\\\/Un-retour-enthousiaste-sur-la-Summer-School-of-sound-a-Dinard.jpg\",\"keywords\":[\"ateliers sonores\",\"dinard\",\"\u00e9t\u00e9 2023\",\"\u00e9v\u00e9nements musicaux\",\"summer school of sound\"],\"articleSection\":[\"Actualit\u00e9s\"],\"inLanguage\":\"fr-FR\",\"potentialAction\":[{\"@type\":\"CommentAction\",\"name\":\"Comment\",\"target\":[\"https:\\\/\\\/www.apres-lecole.fr\\\/Blog\\\/retour-summer-school-dinard\\\/#respond\"]}]},{\"@type\":\"WebPage\",\"@id\":\"https:\\\/\\\/www.apres-lecole.fr\\\/Blog\\\/retour-summer-school-dinard\\\/\",\"url\":\"https:\\\/\\\/www.apres-lecole.fr\\\/Blog\\\/retour-summer-school-dinard\\\/\",\"name\":\"immersion sonore \u00e0 la summer school de Dinard : retour d\u2019exp\u00e9rience\",\"isPartOf\":{\"@id\":\"https:\\\/\\\/www.apres-lecole.fr\\\/Blog\\\/#website\"},\"primaryImageOfPage\":{\"@id\":\"https:\\\/\\\/www.apres-lecole.fr\\\/Blog\\\/retour-summer-school-dinard\\\/#primaryimage\"},\"image\":{\"@id\":\"https:\\\/\\\/www.apres-lecole.fr\\\/Blog\\\/retour-summer-school-dinard\\\/#primaryimage\"},\"thumbnailUrl\":\"https:\\\/\\\/www.apres-lecole.fr\\\/Blog\\\/wp-content\\\/uploads\\\/2025\\\/08\\\/Un-retour-enthousiaste-sur-la-Summer-School-of-sound-a-Dinard.jpg\",\"datePublished\":\"2025-08-15T07:10:12+00:00\",\"author\":{\"@id\":\"\"},\"description\":\"D\u00e9couvrez notre retour sur la Summer School of Sound \u00e0 Dinard : une exp\u00e9rience immersive, cr\u00e9ative et enrichissante au bord de la mer.\",\"breadcrumb\":{\"@id\":\"https:\\\/\\\/www.apres-lecole.fr\\\/Blog\\\/retour-summer-school-dinard\\\/#breadcrumb\"},\"inLanguage\":\"fr-FR\",\"potentialAction\":[{\"@type\":\"ReadAction\",\"target\":[\"https:\\\/\\\/www.apres-lecole.fr\\\/Blog\\\/retour-summer-school-dinard\\\/\"]}]},{\"@type\":\"ImageObject\",\"inLanguage\":\"fr-FR\",\"@id\":\"https:\\\/\\\/www.apres-lecole.fr\\\/Blog\\\/retour-summer-school-dinard\\\/#primaryimage\",\"url\":\"https:\\\/\\\/www.apres-lecole.fr\\\/Blog\\\/wp-content\\\/uploads\\\/2025\\\/08\\\/Un-retour-enthousiaste-sur-la-Summer-School-of-sound-a-Dinard.jpg\",\"contentUrl\":\"https:\\\/\\\/www.apres-lecole.fr\\\/Blog\\\/wp-content\\\/uploads\\\/2025\\\/08\\\/Un-retour-enthousiaste-sur-la-Summer-School-of-sound-a-Dinard.jpg\",\"width\":1344,\"height\":768,\"caption\":\"d\u00e9couvrez un retour passionn\u00e9 sur la summer school of sound \u00e0 dinard : rencontres inspirantes, ateliers cr\u00e9atifs et immersion totale dans l\u2019univers du son pour une exp\u00e9rience estivale inoubliable.\"},{\"@type\":\"BreadcrumbList\",\"@id\":\"https:\\\/\\\/www.apres-lecole.fr\\\/Blog\\\/retour-summer-school-dinard\\\/#breadcrumb\",\"itemListElement\":[{\"@type\":\"ListItem\",\"position\":1,\"name\":\"Home\",\"item\":\"https:\\\/\\\/www.apres-lecole.fr\\\/Blog\\\/\"},{\"@type\":\"ListItem\",\"position\":2,\"name\":\"Un retour enthousiaste sur la Summer School of sound \u00e0 Dinard\"}]},{\"@type\":\"WebSite\",\"@id\":\"https:\\\/\\\/www.apres-lecole.fr\\\/Blog\\\/#website\",\"url\":\"https:\\\/\\\/www.apres-lecole.fr\\\/Blog\\\/\",\"name\":\"\",\"description\":\"M\u00e9dia g\u00e9n\u00e9raliste\",\"potentialAction\":[{\"@type\":\"SearchAction\",\"target\":{\"@type\":\"EntryPoint\",\"urlTemplate\":\"https:\\\/\\\/www.apres-lecole.fr\\\/Blog\\\/?s={search_term_string}\"},\"query-input\":{\"@type\":\"PropertyValueSpecification\",\"valueRequired\":true,\"valueName\":\"search_term_string\"}}],\"inLanguage\":\"fr-FR\"},{\"@type\":\"Person\",\"@id\":\"\",\"url\":\"https:\\\/\\\/www.apres-lecole.fr\\\/Blog\\\/author\\\/\"}]}<\/script>\n<!-- \/ Yoast SEO plugin. -->","yoast_head_json":{"title":"immersion sonore \u00e0 la summer school de Dinard : retour d\u2019exp\u00e9rience","description":"D\u00e9couvrez notre retour sur la Summer School of Sound \u00e0 Dinard : une exp\u00e9rience immersive, cr\u00e9ative et enrichissante au bord de la mer.","robots":{"index":"index","follow":"follow","max-snippet":"max-snippet:-1","max-image-preview":"max-image-preview:large","max-video-preview":"max-video-preview:-1"},"canonical":"https:\/\/www.apres-lecole.fr\/Blog\/retour-summer-school-dinard\/","og_locale":"fr_FR","og_type":"article","og_title":"immersion sonore \u00e0 la summer school de Dinard : retour d\u2019exp\u00e9rience","og_description":"D\u00e9couvrez notre retour sur la Summer School of Sound \u00e0 Dinard : une exp\u00e9rience immersive, cr\u00e9ative et enrichissante au bord de la mer.","og_url":"https:\/\/www.apres-lecole.fr\/Blog\/retour-summer-school-dinard\/","article_published_time":"2025-08-15T07:10:12+00:00","og_image":[{"width":1344,"height":768,"url":"https:\/\/www.apres-lecole.fr\/Blog\/wp-content\/uploads\/2025\/08\/Un-retour-enthousiaste-sur-la-Summer-School-of-sound-a-Dinard.jpg","type":"image\/jpeg"}],"twitter_card":"summary_large_image","twitter_misc":{"\u00c9crit par":"","Dur\u00e9e de lecture estim\u00e9e":"8 minutes"},"schema":{"@context":"https:\/\/schema.org","@graph":[{"@type":"Article","@id":"https:\/\/www.apres-lecole.fr\/Blog\/retour-summer-school-dinard\/#article","isPartOf":{"@id":"https:\/\/www.apres-lecole.fr\/Blog\/retour-summer-school-dinard\/"},"author":{"name":"","@id":""},"headline":"Un retour enthousiaste sur la Summer School of sound \u00e0 Dinard","datePublished":"2025-08-15T07:10:12+00:00","mainEntityOfPage":{"@id":"https:\/\/www.apres-lecole.fr\/Blog\/retour-summer-school-dinard\/"},"wordCount":1581,"commentCount":0,"image":{"@id":"https:\/\/www.apres-lecole.fr\/Blog\/retour-summer-school-dinard\/#primaryimage"},"thumbnailUrl":"https:\/\/www.apres-lecole.fr\/Blog\/wp-content\/uploads\/2025\/08\/Un-retour-enthousiaste-sur-la-Summer-School-of-sound-a-Dinard.jpg","keywords":["ateliers sonores","dinard","\u00e9t\u00e9 2023","\u00e9v\u00e9nements musicaux","summer school of sound"],"articleSection":["Actualit\u00e9s"],"inLanguage":"fr-FR","potentialAction":[{"@type":"CommentAction","name":"Comment","target":["https:\/\/www.apres-lecole.fr\/Blog\/retour-summer-school-dinard\/#respond"]}]},{"@type":"WebPage","@id":"https:\/\/www.apres-lecole.fr\/Blog\/retour-summer-school-dinard\/","url":"https:\/\/www.apres-lecole.fr\/Blog\/retour-summer-school-dinard\/","name":"immersion sonore \u00e0 la summer school de Dinard : retour d\u2019exp\u00e9rience","isPartOf":{"@id":"https:\/\/www.apres-lecole.fr\/Blog\/#website"},"primaryImageOfPage":{"@id":"https:\/\/www.apres-lecole.fr\/Blog\/retour-summer-school-dinard\/#primaryimage"},"image":{"@id":"https:\/\/www.apres-lecole.fr\/Blog\/retour-summer-school-dinard\/#primaryimage"},"thumbnailUrl":"https:\/\/www.apres-lecole.fr\/Blog\/wp-content\/uploads\/2025\/08\/Un-retour-enthousiaste-sur-la-Summer-School-of-sound-a-Dinard.jpg","datePublished":"2025-08-15T07:10:12+00:00","author":{"@id":""},"description":"D\u00e9couvrez notre retour sur la Summer School of Sound \u00e0 Dinard : une exp\u00e9rience immersive, cr\u00e9ative et enrichissante au bord de la mer.","breadcrumb":{"@id":"https:\/\/www.apres-lecole.fr\/Blog\/retour-summer-school-dinard\/#breadcrumb"},"inLanguage":"fr-FR","potentialAction":[{"@type":"ReadAction","target":["https:\/\/www.apres-lecole.fr\/Blog\/retour-summer-school-dinard\/"]}]},{"@type":"ImageObject","inLanguage":"fr-FR","@id":"https:\/\/www.apres-lecole.fr\/Blog\/retour-summer-school-dinard\/#primaryimage","url":"https:\/\/www.apres-lecole.fr\/Blog\/wp-content\/uploads\/2025\/08\/Un-retour-enthousiaste-sur-la-Summer-School-of-sound-a-Dinard.jpg","contentUrl":"https:\/\/www.apres-lecole.fr\/Blog\/wp-content\/uploads\/2025\/08\/Un-retour-enthousiaste-sur-la-Summer-School-of-sound-a-Dinard.jpg","width":1344,"height":768,"caption":"d\u00e9couvrez un retour passionn\u00e9 sur la summer school of sound \u00e0 dinard : rencontres inspirantes, ateliers cr\u00e9atifs et immersion totale dans l\u2019univers du son pour une exp\u00e9rience estivale inoubliable."},{"@type":"BreadcrumbList","@id":"https:\/\/www.apres-lecole.fr\/Blog\/retour-summer-school-dinard\/#breadcrumb","itemListElement":[{"@type":"ListItem","position":1,"name":"Home","item":"https:\/\/www.apres-lecole.fr\/Blog\/"},{"@type":"ListItem","position":2,"name":"Un retour enthousiaste sur la Summer School of sound \u00e0 Dinard"}]},{"@type":"WebSite","@id":"https:\/\/www.apres-lecole.fr\/Blog\/#website","url":"https:\/\/www.apres-lecole.fr\/Blog\/","name":"","description":"M\u00e9dia g\u00e9n\u00e9raliste","potentialAction":[{"@type":"SearchAction","target":{"@type":"EntryPoint","urlTemplate":"https:\/\/www.apres-lecole.fr\/Blog\/?s={search_term_string}"},"query-input":{"@type":"PropertyValueSpecification","valueRequired":true,"valueName":"search_term_string"}}],"inLanguage":"fr-FR"},{"@type":"Person","@id":"","url":"https:\/\/www.apres-lecole.fr\/Blog\/author\/"}]}},"views":1,"_links":{"self":[{"href":"https:\/\/www.apres-lecole.fr\/Blog\/wp-json\/wp\/v2\/posts\/2203","targetHints":{"allow":["GET"]}}],"collection":[{"href":"https:\/\/www.apres-lecole.fr\/Blog\/wp-json\/wp\/v2\/posts"}],"about":[{"href":"https:\/\/www.apres-lecole.fr\/Blog\/wp-json\/wp\/v2\/types\/post"}],"author":[{"embeddable":true,"href":"https:\/\/www.apres-lecole.fr\/Blog\/wp-json\/wp\/v2\/users\/7"}],"replies":[{"embeddable":true,"href":"https:\/\/www.apres-lecole.fr\/Blog\/wp-json\/wp\/v2\/comments?post=2203"}],"version-history":[{"count":0,"href":"https:\/\/www.apres-lecole.fr\/Blog\/wp-json\/wp\/v2\/posts\/2203\/revisions"}],"wp:featuredmedia":[{"embeddable":true,"href":"https:\/\/www.apres-lecole.fr\/Blog\/wp-json\/wp\/v2\/media\/2202"}],"wp:attachment":[{"href":"https:\/\/www.apres-lecole.fr\/Blog\/wp-json\/wp\/v2\/media?parent=2203"}],"wp:term":[{"taxonomy":"category","embeddable":true,"href":"https:\/\/www.apres-lecole.fr\/Blog\/wp-json\/wp\/v2\/categories?post=2203"},{"taxonomy":"post_tag","embeddable":true,"href":"https:\/\/www.apres-lecole.fr\/Blog\/wp-json\/wp\/v2\/tags?post=2203"}],"curies":[{"name":"wp","href":"https:\/\/api.w.org\/{rel}","templated":true}]}}