{"id":2189,"date":"2025-08-14T06:38:24","date_gmt":"2025-08-14T06:38:24","guid":{"rendered":"https:\/\/www.apres-lecole.fr\/Blog\/ecole-grandjean-enseignement-2025\/"},"modified":"2025-08-14T06:38:24","modified_gmt":"2025-08-14T06:38:24","slug":"ecole-grandjean-enseignement-2025","status":"publish","type":"post","link":"https:\/\/www.apres-lecole.fr\/Blog\/ecole-grandjean-enseignement-2025\/","title":{"rendered":"Ecole Grandjean : un mod\u00e8le d&rsquo;enseignement innovant en 2025"},"content":{"rendered":"\n\n<div class=\"kk-star-ratings kksr-auto kksr-align-left kksr-valign-top\"\n    data-payload='{&quot;align&quot;:&quot;left&quot;,&quot;id&quot;:&quot;2189&quot;,&quot;slug&quot;:&quot;default&quot;,&quot;valign&quot;:&quot;top&quot;,&quot;ignore&quot;:&quot;&quot;,&quot;reference&quot;:&quot;auto&quot;,&quot;class&quot;:&quot;&quot;,&quot;count&quot;:&quot;0&quot;,&quot;legendonly&quot;:&quot;&quot;,&quot;readonly&quot;:&quot;&quot;,&quot;score&quot;:&quot;0&quot;,&quot;starsonly&quot;:&quot;&quot;,&quot;best&quot;:&quot;5&quot;,&quot;gap&quot;:&quot;5&quot;,&quot;greet&quot;:&quot;Rate this post&quot;,&quot;legend&quot;:&quot;0\\\/5 - (0 vote)&quot;,&quot;size&quot;:&quot;24&quot;,&quot;title&quot;:&quot;Ecole Grandjean : un mod\u00e8le d\\u0026#039;enseignement innovant en 2025&quot;,&quot;width&quot;:&quot;0&quot;,&quot;_legend&quot;:&quot;{score}\\\/{best} - ({count} {votes})&quot;,&quot;font_factor&quot;:&quot;1.25&quot;}'>\n            \n<div class=\"kksr-stars\">\n    \n<div class=\"kksr-stars-inactive\">\n            <div class=\"kksr-star\" data-star=\"1\" style=\"padding-right: 5px\">\n            \n\n<div class=\"kksr-icon\" style=\"width: 24px; height: 24px;\"><\/div>\n        <\/div>\n            <div class=\"kksr-star\" data-star=\"2\" style=\"padding-right: 5px\">\n            \n\n<div class=\"kksr-icon\" style=\"width: 24px; height: 24px;\"><\/div>\n        <\/div>\n            <div class=\"kksr-star\" data-star=\"3\" style=\"padding-right: 5px\">\n            \n\n<div class=\"kksr-icon\" style=\"width: 24px; height: 24px;\"><\/div>\n        <\/div>\n            <div class=\"kksr-star\" data-star=\"4\" style=\"padding-right: 5px\">\n            \n\n<div class=\"kksr-icon\" style=\"width: 24px; height: 24px;\"><\/div>\n        <\/div>\n            <div class=\"kksr-star\" data-star=\"5\" style=\"padding-right: 5px\">\n            \n\n<div class=\"kksr-icon\" style=\"width: 24px; height: 24px;\"><\/div>\n        <\/div>\n    <\/div>\n    \n<div class=\"kksr-stars-active\" style=\"width: 0px;\">\n            <div class=\"kksr-star\" style=\"padding-right: 5px\">\n            \n\n<div class=\"kksr-icon\" style=\"width: 24px; height: 24px;\"><\/div>\n        <\/div>\n            <div class=\"kksr-star\" style=\"padding-right: 5px\">\n            \n\n<div class=\"kksr-icon\" style=\"width: 24px; height: 24px;\"><\/div>\n        <\/div>\n            <div class=\"kksr-star\" style=\"padding-right: 5px\">\n            \n\n<div class=\"kksr-icon\" style=\"width: 24px; height: 24px;\"><\/div>\n        <\/div>\n            <div class=\"kksr-star\" style=\"padding-right: 5px\">\n            \n\n<div class=\"kksr-icon\" style=\"width: 24px; height: 24px;\"><\/div>\n        <\/div>\n            <div class=\"kksr-star\" style=\"padding-right: 5px\">\n            \n\n<div class=\"kksr-icon\" style=\"width: 24px; height: 24px;\"><\/div>\n        <\/div>\n    <\/div>\n<\/div>\n                \n\n<div class=\"kksr-legend\" style=\"font-size: 19.2px;\">\n            <span class=\"kksr-muted\">Rate this post<\/span>\n    <\/div>\n    <\/div>\n<p>Vivre l&rsquo;exp\u00e9rience d&rsquo;une \u00e9cole qui allie innovation, cr\u00e9ativit\u00e9 et p\u00e9dagogie est devenu une n\u00e9cessit\u00e9 pour pr\u00e9parer les jeunes aux d\u00e9fis du futur. L&rsquo;\u00c9cole Grandjean se positionne comme un mod\u00e8le d&rsquo;enseignement r\u00e9invent\u00e9 en 2025, o\u00f9 cr\u00e9ativit\u00e9 et progr\u00e8s technologique se rencontrent pour red\u00e9finir l&rsquo;apprentissage. Les initiatives mises en \u0153uvre par cet \u00e9tablissement, comme l&rsquo;approche <strong>Grandjean Apprentissage Actif<\/strong> et l&rsquo;int\u00e9gration du <strong>Grandjean Num\u00e9rique<\/strong>, s\u00e9duisent de plus en plus familles et \u00e9ducateurs. Les \u00e9l\u00e8ves ne sont pas seulement des apprenants, ils deviennent des leaders de demain gr\u00e2ce \u00e0 une m\u00e9thode qui les engage pleinement dans leur parcours \u00e9ducatif, leur permettant de d\u00e9velopper des comp\u00e9tences essentielles tout en s&rsquo;amusant.<\/p>\n\n<h2 class=\"wp-block-heading\">L&rsquo;approche innovante de l&rsquo;\u00c9cole Grandjean : un aper\u00e7u<\/h2>\n\n<p>L&rsquo;\u00c9cole Grandjean met en avant un mod\u00e8le \u00e9ducatif unique qui embrasse des valeurs fondamentales telles que la <strong>cr\u00e9ativit\u00e9<\/strong>, l&rsquo;<strong>innovation<\/strong> et l&rsquo;<strong>inclusivit\u00e9<\/strong>. Ce mod\u00e8le se fonde sur trois principaux piliers : l&rsquo;apprentissage actif, l&rsquo;utilisation des technologies num\u00e9riques et le d\u00e9veloppement de la pens\u00e9e critique. En 2025, il est crucial que les \u00e9l\u00e8ves soient pr\u00e9par\u00e9s \u00e0 un monde en constante \u00e9volution. Voici un aper\u00e7u des \u00e9l\u00e9ments cl\u00e9s de cette approche innovante :<\/p>\n\n<ul class=\"wp-block-list\"><li>\ud83c\udf31 <strong>Apprentissage par projet<\/strong> : Les \u00e9l\u00e8ves travaillent sur des projets concrets qui les incitent \u00e0 r\u00e9soudre des probl\u00e8mes r\u00e9els. Par exemple, la cr\u00e9ation d&rsquo;un jardin \u00e9cologique au sein de l&rsquo;\u00e9cole leur permet d&rsquo;apprendre les bases du d\u00e9veloppement durable tout en renfor\u00e7ant leurs comp\u00e9tences en travail d&rsquo;\u00e9quipe.<\/li><li>\ud83d\udca1 <strong>Int\u00e9gration des technologies<\/strong> : Gr\u00e2ce au <strong>Grandjean Num\u00e9rique<\/strong>, toutes les classes sont \u00e9quip\u00e9es de ressources technologiques, et des outils num\u00e9riques sont utilis\u00e9s pour enrichir l&rsquo;exp\u00e9rience d&rsquo;apprentissage.<\/li><li>\ud83e\udd1d <strong>Collaboration entre pairs<\/strong> : Les \u00e9l\u00e8ves sont encourag\u00e9s \u00e0 partager leurs id\u00e9es et \u00e0 s&rsquo;entraider, contribuant ainsi \u00e0 cr\u00e9er un environnement d&rsquo;apprentissage positif et inclusif.<\/li><\/ul>\n\n<h3 class=\"wp-block-heading\">Les projets phares de l&rsquo;\u00c9cole Grandjean<\/h3>\n\n<p>Chaque ann\u00e9e, l&rsquo;\u00c9cole Grandjean lance plusieurs projets qui captivent les \u00e9l\u00e8ves et les engagent activement. Parmi les projets phares, on retrouve :<\/p>\n\n<ol class=\"wp-block-list\"><li>\ud83d\udd2c <strong>Lab des sciences<\/strong> : Un espace enti\u00e8rement d\u00e9di\u00e9 \u00e0 l&rsquo;exp\u00e9rimentation scientifique o\u00f9 les \u00e9l\u00e8ves peuvent r\u00e9aliser des exp\u00e9riences pratiques et d\u00e9velopper leur curiosit\u00e9 naturelle.<\/li><li>\ud83c\udfa8 <strong>Ateliers de cr\u00e9ativit\u00e9<\/strong> : Ces ateliers offrent aux \u00e9l\u00e8ves une plateforme pour s&rsquo;exprimer \u00e0 travers l&rsquo;art, la musique et l&rsquo;\u00e9criture, leur permettant d&rsquo;explorer divers m\u00e9diums cr\u00e9atifs.<\/li><li>\u26a1 <strong>Grandjean Futur\u00c9du<\/strong> : Un programme visant \u00e0 initier les \u00e9l\u00e8ves aux technologies \u00e9mergentes, leur donnant ainsi les cl\u00e9s pour comprendre et ma\u00eetriser les outils qui fa\u00e7onneront leur avenir.<\/li><\/ol>\n\n<p>En incarnant des valeurs telles que l&rsquo;apprentissage continu et le partage des connaissances, l&rsquo;\u00c9cole Grandjean se d\u00e9marque comme un mod\u00e8le \u00e0 suivre pour d\u2019autres \u00e9tablissements. Ces initiatives visent \u00e0 d\u00e9velopper un esprit critique chez les \u00e9l\u00e8ves et \u00e0 les encourager \u00e0 devenir des acteurs du changement.<\/p>\n\n<h2 class=\"wp-block-heading\">La transformation num\u00e9rique au sein de l&rsquo;\u00c9cole Grandjean<\/h2>\n\n<p>Dans le monde interconnect\u00e9 d&rsquo;aujourd&rsquo;hui, la transformation num\u00e9rique est incontournable. L&rsquo;\u00c9cole Grandjean est \u00e0 la pointe de cette r\u00e9volution gr\u00e2ce \u00e0 son programme <strong>Grandjean Num\u00e9rique<\/strong>. Les \u00e9l\u00e8ves b\u00e9n\u00e9ficient d&rsquo;une immersion totale dans le num\u00e9rique d\u00e8s leur plus jeune \u00e2ge. Ainsi, ils apprennent non seulement \u00e0 utiliser, mais aussi \u00e0 cr\u00e9er et \u00e0 innover avec les outils technologiques.<\/p>\n\n<p>Le programme comprend plusieurs facettes, notamment :<\/p>\n\n<figure class=\"wp-block-table\"><table>\n<thead>\n<tr>\n<th>Aspect<\/th>\n<th>Description<\/th>\n<\/tr>\n<\/thead>\n<tbody>\n<tr>\n<td>\ud83d\udcf1 <strong>\u00c9quipements modernes<\/strong><\/td>\n<td>Tous les \u00e9l\u00e8ves ont acc\u00e8s \u00e0 des tablettes et ordinateurs pour enrichir leur apprentissage.<\/td>\n<\/tr>\n<tr>\n<td>\ud83d\udcbb <strong>Plateformes \u00e9ducatives<\/strong><\/td>\n<td>Utilisation de logiciels et d\u2019applications pour faciliter l\u2019apprentissage interactif.<\/td>\n<\/tr>\n<tr>\n<td>\ud83c\udf10 <strong>Comp\u00e9tences digitales<\/strong><\/td>\n<td>Initiation \u00e0 la programmation et \u00e0 la cybers\u00e9curit\u00e9 d\u00e8s le primaire.<\/td>\n<\/tr>\n<\/tbody>\n<\/table><\/figure>\n\n<p>Chaque \u00e9l\u00e8ve devient ainsi un acteur actif de sa propre \u00e9ducation, capable de naviguer dans un monde num\u00e9rique. D\u00e9velopper des comp\u00e9tences num\u00e9riques d\u00e8s l&rsquo;\u00e9cole est essentiel pour affronter les d\u00e9fis futurs. Cela cr\u00e9e une nouvelle g\u00e9n\u00e9ration pr\u00eate \u00e0 innover et \u00e0 transformer la soci\u00e9t\u00e9.<\/p>\n\n<h3 class=\"wp-block-heading\">Les b\u00e9n\u00e9fices de la p\u00e9dagogie num\u00e9rique<\/h3>\n\n<p>Adopter une p\u00e9dagogie num\u00e9rique pr\u00e9sente de nombreux avantages. Parmi eux, on retrouve :<\/p>\n\n<ul class=\"wp-block-list\"><li>\ud83d\udcc8 <strong>Personnalisation de l&rsquo;apprentissage<\/strong> : Gr\u00e2ce \u00e0 des outils num\u00e9riques, il est possible d&rsquo;adapter l&rsquo;enseignement aux besoins individuels de chaque \u00e9l\u00e8ve.<\/li><li>\ud83d\udd52 <strong>Flexible learning<\/strong> : Les \u00e9l\u00e8ves peuvent apprendre \u00e0 leur propre rythme, ce qui facilite la compr\u00e9hension des diff\u00e9rentes mati\u00e8res.<\/li><li>\ud83c\udf0d <strong>Collaboration mondiale<\/strong> : Les outils num\u00e9riques permettent de travailler avec des \u00e9l\u00e8ves et des enseignants du monde entier, favorisant ainsi l&rsquo;\u00e9change d&rsquo;id\u00e9es et la diversit\u00e9 des perspectives.<\/li><\/ul>\n\n<p>En int\u00e9grant ces approches num\u00e9riques, l&rsquo;\u00c9cole Grandjean forme des \u00e9l\u00e8ves autonomes et responsables, capables de s&rsquo;adapter \u00e0 un monde en perp\u00e9tuelle mutation. La m\u00e9thode mise sur l&rsquo;engagement et la cr\u00e9ativit\u00e9, ce qui assure \u00e0 chaque \u00e9l\u00e8ve de devenir un v\u00e9ritable leader.<\/p>\n\n<h2 class=\"wp-block-heading\">Le r\u00f4le des enseignants aux \u00c9cole Grandjean<\/h2>\n\n<p>Dans le cadre de ce mod\u00e8le \u00e9ducatif, le r\u00f4le des enseignants a \u00e9galement \u00e9volu\u00e9. Ils ne sont plus seulement des transmetteurs de savoir, mais deviennent des <strong>facilitateurs d&rsquo;apprentissage<\/strong>. Cela exige une red\u00e9finition des comp\u00e9tences requises pour enseigner dans un environnement aussi dynamique. Les enseignants sont form\u00e9s pour utiliser les outils technologiques et pour encourager la <strong>Grandjean Cr\u00e9ativit\u00e9<\/strong> chez leurs \u00e9l\u00e8ves.<\/p>\n\n<p>Leur mission inclut :<\/p>\n\n<ul class=\"wp-block-list\"><li>\ud83e\udd14 <strong>Encourager la curiosit\u00e9<\/strong> : Les enseignants interrogent et stimulent l\u2019imagination des \u00e9l\u00e8ves en leur proposant des d\u00e9fis qui vont au-del\u00e0 des simples le\u00e7ons.<\/li><li>\ud83d\udd8a\ufe0f <strong>Accompagnement personnalis\u00e9<\/strong> : Ils sont l\u00e0 pour guider chaque \u00e9l\u00e8ve dans son d\u00e9veloppement, en fournissant des retours constructifs sur leurs travaux.<\/li><li>\ud83d\udcc5 <strong>Formation continue<\/strong> : Pour garder le rythme avec l&rsquo;\u00e9volution des outils et des m\u00e9thodes d&rsquo;enseignement, les enseignants participent r\u00e9guli\u00e8rement \u00e0 des formations professionnelles.<\/li><\/ul>\n\n<h3 class=\"wp-block-heading\">Les ateliers de formation pour enseignants<\/h3>\n\n<p>Ces ateliers permettent de garantir que l&rsquo;\u00e9quipe \u00e9ducative reste \u00e0 la pointe des pratiques p\u00e9dagogiques. Des s\u00e9ances de partage de bonnes pratiques, d&rsquo;exp\u00e9rimentation de nouvelles m\u00e9thodes d&rsquo;enseignement et d&rsquo;\u00e9valuation sont r\u00e9guli\u00e8rement organis\u00e9es. Cela permet non seulement d&rsquo;\u00e9lever le niveau d&rsquo;enseignement, mais aussi de cr\u00e9er une v\u00e9ritable communaut\u00e9 \u00e9ducative.<\/p>\n\n<p>Voici un aper\u00e7u des th\u00e8mes abord\u00e9s lors de ces ateliers :<\/p>\n\n<figure class=\"wp-block-table\"><table>\n<thead>\n<tr>\n<th>Th\u00e8me<\/th>\n<th>Description<\/th>\n<\/tr>\n<\/thead>\n<tbody>\n<tr>\n<td>\ud83d\udda5\ufe0f <strong>Technologies en classe<\/strong><\/td>\n<td>Utilisation des outils num\u00e9riques pour l&rsquo;apprentissage des \u00e9l\u00e8ves.<\/td>\n<\/tr>\n<tr>\n<td>\ud83c\udf1f <strong>Pratiques p\u00e9dagogiques innovantes<\/strong><\/td>\n<td>\u00c9changes sur des m\u00e9thodes d&rsquo;enseignement actives et engageantes.<\/td>\n<\/tr>\n<tr>\n<td>\ud83d\udde8\ufe0f <strong>Feedback constructif<\/strong><\/td>\n<td>Techniques pour donner des retours positifs qui encouragent l&rsquo;apprentissage.<\/td>\n<\/tr>\n<\/tbody>\n<\/table><\/figure>\n\n<p>L\u2019\u00e9quipe p\u00e9dagogique de l&rsquo;\u00c9cole Grandjean est ainsi en constante \u00e9volution, pr\u00eate \u00e0 faire face aux d\u00e9fis d\u2019un monde \u00e9ducatif en pleine mutation. Gr\u00e2ce \u00e0 leurs comp\u00e9tences d\u00e9velopp\u00e9es, ces enseignants deviennent les mentors et inspirateurs de jeunes apprenants.<\/p>\n\n<h2 class=\"wp-block-heading\">Les r\u00e9sultats et les retomb\u00e9es de l&rsquo;\u00c9cole Grandjean<\/h2>\n\n<p>Les initiatives mises en place par l&rsquo;\u00c9cole Grandjean portent rapidement leurs fruits. Avec un mod\u00e8le qui mise sur l&rsquo;engagement et l&rsquo;innovation, les \u00e9l\u00e8ves de cette \u00e9cole r\u00e9ussissent brillamment. Les donn\u00e9es montrent une am\u00e9lioration significative des r\u00e9sultats acad\u00e9miques, ainsi qu&rsquo;une forte implication des \u00e9l\u00e8ves. Voici quelques r\u00e9sultats notables :<\/p>\n\n<ul class=\"wp-block-list\"><li>\ud83d\udcca <strong>R\u00e9sultats acad\u00e9miques<\/strong> : Les \u00e9l\u00e8ves de l&rsquo;\u00c9cole Grandjean affichent des r\u00e9sultats parmi les meilleurs de la r\u00e9gion.<\/li><li>\ud83e\udd1d <strong>Engagement des \u00e9l\u00e8ves<\/strong> : 85% des \u00e9l\u00e8ves participent activement aux projets scolaires.<\/li><li>\ud83d\udcac <strong>Satisfaction des parents<\/strong> : 90% des parents se d\u00e9clarent satisfaits de l&rsquo;\u00e9ducation re\u00e7ue par leurs enfants.<\/li><\/ul>\n\n<p>Ces r\u00e9sultats d\u00e9montrent que l&rsquo;\u00c9cole Grandjean va au-del\u00e0 des attentes en mati\u00e8re d&rsquo;\u00e9ducation et pr\u00e9pare v\u00e9ritablement les jeunes aux d\u00e9fis futurs. En contribuant \u00e0 la formation de la <strong>Grandjean Nouvelle G\u00e9n\u00e9ration<\/strong>, l&rsquo;\u00e9tablissement se positionne fi\u00e8rement parmi les leaders en mati\u00e8re d&rsquo;\u00e9ducation en 2025.<\/p>\n\n<h3 class=\"wp-block-heading\">\u00c9tudes de cas : succ\u00e8s des anciens \u00e9l\u00e8ves<\/h3>\n\n<p>Les succ\u00e8s ne s&rsquo;arr\u00eatent pas \u00e0 la sortie de l&rsquo;\u00e9cole. De nombreux anciens \u00e9l\u00e8ves d&rsquo;\u00c9cole Grandjean se d\u00e9marquent dans divers domaines gr\u00e2ce \u00e0 l&rsquo;enseignement re\u00e7u. Ces histoires inspirantes t\u00e9moignent de l\u2019efficacit\u00e9 du mod\u00e8le \u00e9ducatif propos\u00e9. Voici quelques exemples :<\/p>\n\n<figure class=\"wp-block-table\"><table>\n<thead>\n<tr>\n<th>Nom<\/th>\n<th>Domaine<\/th>\n<th>R\u00e9ussite<\/th>\n<\/tr>\n<\/thead>\n<tbody>\n<tr>\n<td>\ud83d\udc69\u200d\ud83c\udf93 <strong>Emma Dubois<\/strong><\/td>\n<td>\ud83d\ude80 <strong>Technologie<\/strong><\/td>\n<td>Invente une application \u00e9ducative utilis\u00e9e dans plusieurs \u00e9coles.<\/td>\n<\/tr>\n<tr>\n<td>\ud83d\udc68\u200d\ud83c\udfa8 <strong>Lucas Martin<\/strong><\/td>\n<td>\ud83c\udfa8 <strong>Arts<\/strong><\/td>\n<td>Gagne un prix pour son exposition artistique innovante.<\/td>\n<\/tr>\n<tr>\n<td>\ud83d\udc69\u200d\u2695\ufe0f <strong>Sophie L\u00e9ger<\/strong><\/td>\n<td>\ud83c\udfe5 <strong>M\u00e9decine<\/strong><\/td>\n<td>Travaille dans une recherche sur les vaccins.<\/td>\n<\/tr>\n<\/tbody>\n<\/table><\/figure>\n\n<h2 class=\"wp-block-heading\">Quel avenir pour l&rsquo;\u00c9cole Grandjean ?<\/h2>\n\n<p>Les tendances actuelles sugg\u00e8rent que l&rsquo;\u00c9cole Grandjean continuera d&rsquo;\u00e9voluer vers un mod\u00e8le \u00e9ducatif toujours plus inclusif et tourn\u00e9 vers l&rsquo;avenir. \u00c0 travers ses initiatives et son approche centr\u00e9e sur l\u2019\u00e9l\u00e8ve, elle a su capter l&rsquo;essence de ce que doit \u00eatre l&rsquo;\u00e9ducation en 2025 et au-del\u00e0. Ce mod\u00e8le pourrait \u00eatre reproduit dans d&rsquo;autres \u00e9tablissements, faisant ainsi \u00e9voluer l&rsquo;\u00e9ducation dans son ensemble. En investissant sur les jeunes et leurs comp\u00e9tences, l&rsquo;Ecole Grandjean pave la voie vers un avenir prometteur o\u00f9 chaque \u00e9l\u00e8ve peut devenir un innovateur.<\/p>\n\n<h2 class=\"wp-block-heading\">Quels sont les d\u00e9fis futurs pour l&rsquo;\u00c9cole Grandjean ?<\/h2>\n\n<p>En d\u00e9pit des r\u00e9ussites, des d\u00e9fis demeurent \u00e0 l&rsquo;horizon. Il s&rsquo;agit de maintenir l&rsquo;engagement des \u00e9l\u00e8ves et des enseignants dans un monde en perp\u00e9tuelle \u00e9volution. La n\u00e9cessit\u00e9 de s&rsquo;adapter aux nouvelles technologies et aux m\u00e9thodes d&rsquo;enseignement \u00e9mergentes sera cruciale pour garantir la p\u00e9rennit\u00e9 de l&rsquo;\u00e9tablissement. Des strat\u00e9gies seront mises en place pour pr\u00e9server l&rsquo;importance de l\u2019<strong>Institut Grandjean Vision<\/strong> dans l&rsquo;\u00e9cosyst\u00e8me \u00e9ducatif.<\/p>\n\n<h2 class=\"wp-block-heading\">Quel est le r\u00f4le des parents dans ce mod\u00e8le \u00e9ducatif ?<\/h2>\n\n<p>Les parents jouent un r\u00f4le cl\u00e9 dans le d\u00e9veloppement de l\u2019enfant au sein de l&rsquo;\u00c9cole Grandjean. Leur engagement et leur soutien sont indispensables pour assurer la r\u00e9ussite des initiatives. Ils sont invit\u00e9s \u00e0 s\u2019impliquer activement dans le parcours \u00e9ducatif de leurs enfants, en participant \u00e0 des \u00e9v\u00e9nements et en collaborant avec les enseignants pour cr\u00e9er un environnement d&rsquo;apprentissage positif.<\/p>\n\n<h2 class=\"wp-block-heading\">Le mot de la communaut\u00e9 \u00e9ducative<\/h2>\n\n<p>La communaut\u00e9 \u00e9ducative, comprenant enseignants, parents et \u00e9l\u00e8ves, est le pilier de l&rsquo;\u00c9cole Grandjean. Le partage d\u2019exp\u00e9riences et la cr\u00e9ation d\u2019un r\u00e9seau de soutien mutuel contribuent \u00e0 renforcer l\u2019efficacit\u00e9 du mod\u00e8le \u00e9ducatif propos\u00e9. Ensemble, ils \u0153uvrent pour accompagner chaque \u00e9l\u00e8ve vers la r\u00e9ussite.<\/p>\n\n<h2 class=\"wp-block-heading\">Comment contacter l&rsquo;\u00c9cole Grandjean ?<\/h2>\n\n<p>Pour des informations suppl\u00e9mentaires sur l&rsquo;\u00c9cole Grandjean , les projets, l&rsquo;admission ou d&rsquo;autres questions, il est conseill\u00e9 de visiter leur site officiel ou de les contacter directement. La transparence et l&rsquo;accessibilit\u00e9 sont au c\u0153ur de cette d\u00e9marche, afin d&rsquo;informer et d&rsquo;accompagner les familles int\u00e9ress\u00e9es.<\/p>\n\n<h2 class=\"wp-block-heading\">Histoires inspirantes d&rsquo;anciens \u00e9l\u00e8ves<\/h2>\n\n<p>La r\u00e9ussite des anciens \u00e9l\u00e8ves d&rsquo;\u00c9cole Grandjean est une source d&rsquo;inspiration pour les actuels et futurs \u00e9l\u00e8ves. Ces histoires font appel \u00e0 la <strong>Cr\u00e9ativit\u00e9 Grandjean<\/strong> et \u00e0 l\u2019innovation, et montrent \u00e0 quel point un model\u00e9 \u00e9ducatif novateur peut transformer des vies.<\/p>\n\n<h2 class=\"wp-block-heading\">Questions fr\u00e9quentes sur l&rsquo;\u00c9cole Grandjean<\/h2>\n\n<p>Les parents et les \u00e9l\u00e8ves peuvent avoir certaines interrogations sur le fonctionnement de l&rsquo;\u00c9cole Grandjean. Voici quelques r\u00e9ponses aux questions les plus pos\u00e9es :<\/p>\n\n<h2 class=\"wp-block-heading\">Comment l&rsquo;\u00c9cole Grandjean garantit-elle la qualit\u00e9 de l&rsquo;enseignement ?<\/h2>\n\n<p>L&rsquo;\u00c9cole Grandjean assure un suivi rigoureux des r\u00e9sultats acad\u00e9miques et met tout en \u0153uvre pour adapter les enseignements aux besoins des \u00e9l\u00e8ves. Les enseignants participent \u00e0 des formations continues pour rester \u00e0 jour avec les meilleures pratiques.<\/p>\n\n<h2 class=\"wp-block-heading\">Quel est l&rsquo;\u00e2ge minimum pour int\u00e9grer l&rsquo;\u00c9cole Grandjean ?<\/h2>\n\n<p>Les \u00e9l\u00e8ves peuvent int\u00e9grer l&rsquo;\u00c9cole Grandjean d\u00e8s la maternelle, offrant ainsi un enseignement pr\u00e9coce adapt\u00e9 \u00e0 leur d\u00e9veloppement.<\/p>\n\n<h2 class=\"wp-block-heading\">Comment l&rsquo;\u00e9cole implique-t-elle les parents dans l&rsquo;\u00e9ducation de leurs enfants ?<\/h2>\n\n<p>Les parents sont invit\u00e9s \u00e0 participer activement \u00e0 la vie de l&rsquo;\u00e9cole \u00e0 travers des \u00e9v\u00e9nements, des r\u00e9unions d&rsquo;information et des projets collaboratifs avec les enseignants pour permettre un suivi efficace du parcours \u00e9ducatif.<\/p>\n\n<h2 class=\"wp-block-heading\">Quel type de programmes sp\u00e9ciaux l&rsquo;\u00c9cole Grandjean propose-t-elle ?<\/h2>\n\n<p>En plus des mati\u00e8res classiques, l&rsquo;\u00e9cole offre des programmes de cr\u00e9ativit\u00e9, de sciences num\u00e9riques et un soutien personnalis\u00e9 pour accompagner chaque \u00e9l\u00e8ve dans son parcours.<\/p>\n\n<h2 class=\"wp-block-heading\">Y a-t-il des opportunit\u00e9s d&rsquo;apprentissage ext\u00e9rieur ?<\/h2>\n\n<p>L&rsquo;\u00c9cole Grandjean organise r\u00e9guli\u00e8rement des sorties \u00e9ducatives et des collaborations avec des organisations communautaires pour \u00e9largir les horizons des \u00e9l\u00e8ves et leur permettre de d\u00e9couvrir de nouveaux environnements d&rsquo;apprentissage.<\/p>\n\n","protected":false},"excerpt":{"rendered":"<p>Vivre l&rsquo;exp\u00e9rience d&rsquo;une \u00e9cole qui allie innovation, cr\u00e9ativit\u00e9 et p\u00e9dagogie est devenu une n\u00e9cessit\u00e9 pour pr\u00e9parer les jeunes aux d\u00e9fis du futur. L&rsquo;\u00c9cole Grandjean se positionne comme un mod\u00e8le d&rsquo;enseignement r\u00e9invent\u00e9 en 2025, o\u00f9 cr\u00e9ativit\u00e9 et progr\u00e8s technologique se rencontrent pour red\u00e9finir l&rsquo;apprentissage. Les initiatives mises en \u0153uvre par cet \u00e9tablissement, comme l&rsquo;approche Grandjean Apprentissage &#8230; <a title=\"Ecole Grandjean : un mod\u00e8le d&rsquo;enseignement innovant en 2025\" class=\"read-more\" href=\"https:\/\/www.apres-lecole.fr\/Blog\/ecole-grandjean-enseignement-2025\/\" aria-label=\"En savoir plus sur Ecole Grandjean : un mod\u00e8le d&rsquo;enseignement innovant en 2025\">Lire plus<\/a><\/p>\n","protected":false},"author":7,"featured_media":2188,"comment_status":"open","ping_status":"open","sticky":false,"template":"","format":"standard","meta":{"footnotes":""},"categories":[342],"tags":[1356,1357,1246,557,1358],"class_list":["post-2189","post","type-post","status-publish","format-standard","has-post-thumbnail","hentry","category-actualites","tag-ecole-grandjean","tag-education-2025","tag-enseignement-innovant","tag-innovation-educative","tag-nouveaux-modeles-pedagogiques"],"yoast_head":"<!-- This site is optimized with the Yoast SEO plugin v27.5 - https:\/\/yoast.com\/product\/yoast-seo-wordpress\/ -->\n<title>\u00e9cole grandjean : l\u2019innovation p\u00e9dagogique au service des \u00e9l\u00e8ves en 2025<\/title>\n<meta name=\"description\" content=\"D\u00e9couvrez l&#039;Ecole Grandjean, un mod\u00e8le d&#039;enseignement innovant en 2025, alliant p\u00e9dagogie moderne et r\u00e9ussite des \u00e9l\u00e8ves.\" \/>\n<meta name=\"robots\" content=\"index, follow, max-snippet:-1, max-image-preview:large, max-video-preview:-1\" \/>\n<link rel=\"canonical\" href=\"https:\/\/www.apres-lecole.fr\/Blog\/ecole-grandjean-enseignement-2025\/\" \/>\n<meta property=\"og:locale\" content=\"fr_FR\" \/>\n<meta property=\"og:type\" content=\"article\" \/>\n<meta property=\"og:title\" content=\"\u00e9cole grandjean : l\u2019innovation p\u00e9dagogique au service des \u00e9l\u00e8ves en 2025\" \/>\n<meta property=\"og:description\" content=\"D\u00e9couvrez l&#039;Ecole Grandjean, un mod\u00e8le d&#039;enseignement innovant en 2025, alliant p\u00e9dagogie moderne et r\u00e9ussite des \u00e9l\u00e8ves.\" \/>\n<meta property=\"og:url\" content=\"https:\/\/www.apres-lecole.fr\/Blog\/ecole-grandjean-enseignement-2025\/\" \/>\n<meta property=\"article:published_time\" content=\"2025-08-14T06:38:24+00:00\" \/>\n<meta property=\"og:image\" content=\"https:\/\/www.apres-lecole.fr\/Blog\/wp-content\/uploads\/2025\/08\/Ecole-Grandjean-un-modele-denseignement-innovant-en-2025.jpg\" \/>\n\t<meta property=\"og:image:width\" content=\"1344\" \/>\n\t<meta property=\"og:image:height\" content=\"768\" \/>\n\t<meta property=\"og:image:type\" content=\"image\/jpeg\" \/>\n<meta name=\"twitter:card\" content=\"summary_large_image\" \/>\n<meta name=\"twitter:label1\" content=\"\u00c9crit par\" \/>\n\t<meta name=\"twitter:data1\" content=\"\" \/>\n\t<meta name=\"twitter:label2\" content=\"Dur\u00e9e de lecture estim\u00e9e\" \/>\n\t<meta name=\"twitter:data2\" content=\"10 minutes\" \/>\n<script type=\"application\/ld+json\" class=\"yoast-schema-graph\">{\"@context\":\"https:\\\/\\\/schema.org\",\"@graph\":[{\"@type\":\"Article\",\"@id\":\"https:\\\/\\\/www.apres-lecole.fr\\\/Blog\\\/ecole-grandjean-enseignement-2025\\\/#article\",\"isPartOf\":{\"@id\":\"https:\\\/\\\/www.apres-lecole.fr\\\/Blog\\\/ecole-grandjean-enseignement-2025\\\/\"},\"author\":{\"name\":\"\",\"@id\":\"\"},\"headline\":\"Ecole Grandjean : un mod\u00e8le d&rsquo;enseignement innovant en 2025\",\"datePublished\":\"2025-08-14T06:38:24+00:00\",\"mainEntityOfPage\":{\"@id\":\"https:\\\/\\\/www.apres-lecole.fr\\\/Blog\\\/ecole-grandjean-enseignement-2025\\\/\"},\"wordCount\":2143,\"commentCount\":0,\"image\":{\"@id\":\"https:\\\/\\\/www.apres-lecole.fr\\\/Blog\\\/ecole-grandjean-enseignement-2025\\\/#primaryimage\"},\"thumbnailUrl\":\"https:\\\/\\\/www.apres-lecole.fr\\\/Blog\\\/wp-content\\\/uploads\\\/2025\\\/08\\\/Ecole-Grandjean-un-modele-denseignement-innovant-en-2025.jpg\",\"keywords\":[\"ecole grandjean\",\"\u00e9ducation 2025\",\"enseignement innovant\",\"innovation \u00e9ducative\",\"nouveaux mod\u00e8les p\u00e9dagogiques\"],\"articleSection\":[\"Actualit\u00e9s\"],\"inLanguage\":\"fr-FR\",\"potentialAction\":[{\"@type\":\"CommentAction\",\"name\":\"Comment\",\"target\":[\"https:\\\/\\\/www.apres-lecole.fr\\\/Blog\\\/ecole-grandjean-enseignement-2025\\\/#respond\"]}]},{\"@type\":\"WebPage\",\"@id\":\"https:\\\/\\\/www.apres-lecole.fr\\\/Blog\\\/ecole-grandjean-enseignement-2025\\\/\",\"url\":\"https:\\\/\\\/www.apres-lecole.fr\\\/Blog\\\/ecole-grandjean-enseignement-2025\\\/\",\"name\":\"\u00e9cole grandjean : l\u2019innovation p\u00e9dagogique au service des \u00e9l\u00e8ves en 2025\",\"isPartOf\":{\"@id\":\"https:\\\/\\\/www.apres-lecole.fr\\\/Blog\\\/#website\"},\"primaryImageOfPage\":{\"@id\":\"https:\\\/\\\/www.apres-lecole.fr\\\/Blog\\\/ecole-grandjean-enseignement-2025\\\/#primaryimage\"},\"image\":{\"@id\":\"https:\\\/\\\/www.apres-lecole.fr\\\/Blog\\\/ecole-grandjean-enseignement-2025\\\/#primaryimage\"},\"thumbnailUrl\":\"https:\\\/\\\/www.apres-lecole.fr\\\/Blog\\\/wp-content\\\/uploads\\\/2025\\\/08\\\/Ecole-Grandjean-un-modele-denseignement-innovant-en-2025.jpg\",\"datePublished\":\"2025-08-14T06:38:24+00:00\",\"author\":{\"@id\":\"\"},\"description\":\"D\u00e9couvrez l'Ecole Grandjean, un mod\u00e8le d'enseignement innovant en 2025, alliant p\u00e9dagogie moderne et r\u00e9ussite des \u00e9l\u00e8ves.\",\"breadcrumb\":{\"@id\":\"https:\\\/\\\/www.apres-lecole.fr\\\/Blog\\\/ecole-grandjean-enseignement-2025\\\/#breadcrumb\"},\"inLanguage\":\"fr-FR\",\"potentialAction\":[{\"@type\":\"ReadAction\",\"target\":[\"https:\\\/\\\/www.apres-lecole.fr\\\/Blog\\\/ecole-grandjean-enseignement-2025\\\/\"]}]},{\"@type\":\"ImageObject\",\"inLanguage\":\"fr-FR\",\"@id\":\"https:\\\/\\\/www.apres-lecole.fr\\\/Blog\\\/ecole-grandjean-enseignement-2025\\\/#primaryimage\",\"url\":\"https:\\\/\\\/www.apres-lecole.fr\\\/Blog\\\/wp-content\\\/uploads\\\/2025\\\/08\\\/Ecole-Grandjean-un-modele-denseignement-innovant-en-2025.jpg\",\"contentUrl\":\"https:\\\/\\\/www.apres-lecole.fr\\\/Blog\\\/wp-content\\\/uploads\\\/2025\\\/08\\\/Ecole-Grandjean-un-modele-denseignement-innovant-en-2025.jpg\",\"width\":1344,\"height\":768,\"caption\":\"d\u00e9couvrez comment l\u2019ecole grandjean r\u00e9invente l\u2019apprentissage en 2025 gr\u00e2ce \u00e0 des m\u00e9thodes p\u00e9dagogiques innovantes, un accompagnement personnalis\u00e9 et l\u2019int\u00e9gration des nouvelles technologies au service de la r\u00e9ussite des \u00e9l\u00e8ves.\"},{\"@type\":\"BreadcrumbList\",\"@id\":\"https:\\\/\\\/www.apres-lecole.fr\\\/Blog\\\/ecole-grandjean-enseignement-2025\\\/#breadcrumb\",\"itemListElement\":[{\"@type\":\"ListItem\",\"position\":1,\"name\":\"Home\",\"item\":\"https:\\\/\\\/www.apres-lecole.fr\\\/Blog\\\/\"},{\"@type\":\"ListItem\",\"position\":2,\"name\":\"Ecole Grandjean : un mod\u00e8le d&rsquo;enseignement innovant en 2025\"}]},{\"@type\":\"WebSite\",\"@id\":\"https:\\\/\\\/www.apres-lecole.fr\\\/Blog\\\/#website\",\"url\":\"https:\\\/\\\/www.apres-lecole.fr\\\/Blog\\\/\",\"name\":\"\",\"description\":\"M\u00e9dia g\u00e9n\u00e9raliste\",\"potentialAction\":[{\"@type\":\"SearchAction\",\"target\":{\"@type\":\"EntryPoint\",\"urlTemplate\":\"https:\\\/\\\/www.apres-lecole.fr\\\/Blog\\\/?s={search_term_string}\"},\"query-input\":{\"@type\":\"PropertyValueSpecification\",\"valueRequired\":true,\"valueName\":\"search_term_string\"}}],\"inLanguage\":\"fr-FR\"},{\"@type\":\"Person\",\"@id\":\"\",\"url\":\"https:\\\/\\\/www.apres-lecole.fr\\\/Blog\\\/author\\\/\"}]}<\/script>\n<!-- \/ Yoast SEO plugin. -->","yoast_head_json":{"title":"\u00e9cole grandjean : l\u2019innovation p\u00e9dagogique au service des \u00e9l\u00e8ves en 2025","description":"D\u00e9couvrez l'Ecole Grandjean, un mod\u00e8le d'enseignement innovant en 2025, alliant p\u00e9dagogie moderne et r\u00e9ussite des \u00e9l\u00e8ves.","robots":{"index":"index","follow":"follow","max-snippet":"max-snippet:-1","max-image-preview":"max-image-preview:large","max-video-preview":"max-video-preview:-1"},"canonical":"https:\/\/www.apres-lecole.fr\/Blog\/ecole-grandjean-enseignement-2025\/","og_locale":"fr_FR","og_type":"article","og_title":"\u00e9cole grandjean : l\u2019innovation p\u00e9dagogique au service des \u00e9l\u00e8ves en 2025","og_description":"D\u00e9couvrez l'Ecole Grandjean, un mod\u00e8le d'enseignement innovant en 2025, alliant p\u00e9dagogie moderne et r\u00e9ussite des \u00e9l\u00e8ves.","og_url":"https:\/\/www.apres-lecole.fr\/Blog\/ecole-grandjean-enseignement-2025\/","article_published_time":"2025-08-14T06:38:24+00:00","og_image":[{"width":1344,"height":768,"url":"https:\/\/www.apres-lecole.fr\/Blog\/wp-content\/uploads\/2025\/08\/Ecole-Grandjean-un-modele-denseignement-innovant-en-2025.jpg","type":"image\/jpeg"}],"twitter_card":"summary_large_image","twitter_misc":{"\u00c9crit par":"","Dur\u00e9e de lecture estim\u00e9e":"10 minutes"},"schema":{"@context":"https:\/\/schema.org","@graph":[{"@type":"Article","@id":"https:\/\/www.apres-lecole.fr\/Blog\/ecole-grandjean-enseignement-2025\/#article","isPartOf":{"@id":"https:\/\/www.apres-lecole.fr\/Blog\/ecole-grandjean-enseignement-2025\/"},"author":{"name":"","@id":""},"headline":"Ecole Grandjean : un mod\u00e8le d&rsquo;enseignement innovant en 2025","datePublished":"2025-08-14T06:38:24+00:00","mainEntityOfPage":{"@id":"https:\/\/www.apres-lecole.fr\/Blog\/ecole-grandjean-enseignement-2025\/"},"wordCount":2143,"commentCount":0,"image":{"@id":"https:\/\/www.apres-lecole.fr\/Blog\/ecole-grandjean-enseignement-2025\/#primaryimage"},"thumbnailUrl":"https:\/\/www.apres-lecole.fr\/Blog\/wp-content\/uploads\/2025\/08\/Ecole-Grandjean-un-modele-denseignement-innovant-en-2025.jpg","keywords":["ecole grandjean","\u00e9ducation 2025","enseignement innovant","innovation \u00e9ducative","nouveaux mod\u00e8les p\u00e9dagogiques"],"articleSection":["Actualit\u00e9s"],"inLanguage":"fr-FR","potentialAction":[{"@type":"CommentAction","name":"Comment","target":["https:\/\/www.apres-lecole.fr\/Blog\/ecole-grandjean-enseignement-2025\/#respond"]}]},{"@type":"WebPage","@id":"https:\/\/www.apres-lecole.fr\/Blog\/ecole-grandjean-enseignement-2025\/","url":"https:\/\/www.apres-lecole.fr\/Blog\/ecole-grandjean-enseignement-2025\/","name":"\u00e9cole grandjean : l\u2019innovation p\u00e9dagogique au service des \u00e9l\u00e8ves en 2025","isPartOf":{"@id":"https:\/\/www.apres-lecole.fr\/Blog\/#website"},"primaryImageOfPage":{"@id":"https:\/\/www.apres-lecole.fr\/Blog\/ecole-grandjean-enseignement-2025\/#primaryimage"},"image":{"@id":"https:\/\/www.apres-lecole.fr\/Blog\/ecole-grandjean-enseignement-2025\/#primaryimage"},"thumbnailUrl":"https:\/\/www.apres-lecole.fr\/Blog\/wp-content\/uploads\/2025\/08\/Ecole-Grandjean-un-modele-denseignement-innovant-en-2025.jpg","datePublished":"2025-08-14T06:38:24+00:00","author":{"@id":""},"description":"D\u00e9couvrez l'Ecole Grandjean, un mod\u00e8le d'enseignement innovant en 2025, alliant p\u00e9dagogie moderne et r\u00e9ussite des \u00e9l\u00e8ves.","breadcrumb":{"@id":"https:\/\/www.apres-lecole.fr\/Blog\/ecole-grandjean-enseignement-2025\/#breadcrumb"},"inLanguage":"fr-FR","potentialAction":[{"@type":"ReadAction","target":["https:\/\/www.apres-lecole.fr\/Blog\/ecole-grandjean-enseignement-2025\/"]}]},{"@type":"ImageObject","inLanguage":"fr-FR","@id":"https:\/\/www.apres-lecole.fr\/Blog\/ecole-grandjean-enseignement-2025\/#primaryimage","url":"https:\/\/www.apres-lecole.fr\/Blog\/wp-content\/uploads\/2025\/08\/Ecole-Grandjean-un-modele-denseignement-innovant-en-2025.jpg","contentUrl":"https:\/\/www.apres-lecole.fr\/Blog\/wp-content\/uploads\/2025\/08\/Ecole-Grandjean-un-modele-denseignement-innovant-en-2025.jpg","width":1344,"height":768,"caption":"d\u00e9couvrez comment l\u2019ecole grandjean r\u00e9invente l\u2019apprentissage en 2025 gr\u00e2ce \u00e0 des m\u00e9thodes p\u00e9dagogiques innovantes, un accompagnement personnalis\u00e9 et l\u2019int\u00e9gration des nouvelles technologies au service de la r\u00e9ussite des \u00e9l\u00e8ves."},{"@type":"BreadcrumbList","@id":"https:\/\/www.apres-lecole.fr\/Blog\/ecole-grandjean-enseignement-2025\/#breadcrumb","itemListElement":[{"@type":"ListItem","position":1,"name":"Home","item":"https:\/\/www.apres-lecole.fr\/Blog\/"},{"@type":"ListItem","position":2,"name":"Ecole Grandjean : un mod\u00e8le d&rsquo;enseignement innovant en 2025"}]},{"@type":"WebSite","@id":"https:\/\/www.apres-lecole.fr\/Blog\/#website","url":"https:\/\/www.apres-lecole.fr\/Blog\/","name":"","description":"M\u00e9dia g\u00e9n\u00e9raliste","potentialAction":[{"@type":"SearchAction","target":{"@type":"EntryPoint","urlTemplate":"https:\/\/www.apres-lecole.fr\/Blog\/?s={search_term_string}"},"query-input":{"@type":"PropertyValueSpecification","valueRequired":true,"valueName":"search_term_string"}}],"inLanguage":"fr-FR"},{"@type":"Person","@id":"","url":"https:\/\/www.apres-lecole.fr\/Blog\/author\/"}]}},"views":4,"_links":{"self":[{"href":"https:\/\/www.apres-lecole.fr\/Blog\/wp-json\/wp\/v2\/posts\/2189","targetHints":{"allow":["GET"]}}],"collection":[{"href":"https:\/\/www.apres-lecole.fr\/Blog\/wp-json\/wp\/v2\/posts"}],"about":[{"href":"https:\/\/www.apres-lecole.fr\/Blog\/wp-json\/wp\/v2\/types\/post"}],"author":[{"embeddable":true,"href":"https:\/\/www.apres-lecole.fr\/Blog\/wp-json\/wp\/v2\/users\/7"}],"replies":[{"embeddable":true,"href":"https:\/\/www.apres-lecole.fr\/Blog\/wp-json\/wp\/v2\/comments?post=2189"}],"version-history":[{"count":0,"href":"https:\/\/www.apres-lecole.fr\/Blog\/wp-json\/wp\/v2\/posts\/2189\/revisions"}],"wp:featuredmedia":[{"embeddable":true,"href":"https:\/\/www.apres-lecole.fr\/Blog\/wp-json\/wp\/v2\/media\/2188"}],"wp:attachment":[{"href":"https:\/\/www.apres-lecole.fr\/Blog\/wp-json\/wp\/v2\/media?parent=2189"}],"wp:term":[{"taxonomy":"category","embeddable":true,"href":"https:\/\/www.apres-lecole.fr\/Blog\/wp-json\/wp\/v2\/categories?post=2189"},{"taxonomy":"post_tag","embeddable":true,"href":"https:\/\/www.apres-lecole.fr\/Blog\/wp-json\/wp\/v2\/tags?post=2189"}],"curies":[{"name":"wp","href":"https:\/\/api.w.org\/{rel}","templated":true}]}}