{"id":2164,"date":"2025-08-11T13:58:40","date_gmt":"2025-08-11T13:58:40","guid":{"rendered":"https:\/\/www.apres-lecole.fr\/Blog\/manger-equilibre-alimentation-saine\/"},"modified":"2025-08-11T13:58:40","modified_gmt":"2025-08-11T13:58:40","slug":"manger-equilibre-alimentation-saine","status":"publish","type":"post","link":"https:\/\/www.apres-lecole.fr\/Blog\/manger-equilibre-alimentation-saine\/","title":{"rendered":"Manger \u00e9quilibr\u00e9 : les cl\u00e9s pour une alimentation saine en 2025"},"content":{"rendered":"\n\n<div class=\"kk-star-ratings kksr-auto kksr-align-left kksr-valign-top\"\n    data-payload='{&quot;align&quot;:&quot;left&quot;,&quot;id&quot;:&quot;2164&quot;,&quot;slug&quot;:&quot;default&quot;,&quot;valign&quot;:&quot;top&quot;,&quot;ignore&quot;:&quot;&quot;,&quot;reference&quot;:&quot;auto&quot;,&quot;class&quot;:&quot;&quot;,&quot;count&quot;:&quot;0&quot;,&quot;legendonly&quot;:&quot;&quot;,&quot;readonly&quot;:&quot;&quot;,&quot;score&quot;:&quot;0&quot;,&quot;starsonly&quot;:&quot;&quot;,&quot;best&quot;:&quot;5&quot;,&quot;gap&quot;:&quot;5&quot;,&quot;greet&quot;:&quot;Rate this post&quot;,&quot;legend&quot;:&quot;0\\\/5 - (0 vote)&quot;,&quot;size&quot;:&quot;24&quot;,&quot;title&quot;:&quot;Manger \u00e9quilibr\u00e9 : les cl\u00e9s pour une alimentation saine en 2025&quot;,&quot;width&quot;:&quot;0&quot;,&quot;_legend&quot;:&quot;{score}\\\/{best} - ({count} {votes})&quot;,&quot;font_factor&quot;:&quot;1.25&quot;}'>\n            \n<div class=\"kksr-stars\">\n    \n<div class=\"kksr-stars-inactive\">\n            <div class=\"kksr-star\" data-star=\"1\" style=\"padding-right: 5px\">\n            \n\n<div class=\"kksr-icon\" style=\"width: 24px; height: 24px;\"><\/div>\n        <\/div>\n            <div class=\"kksr-star\" data-star=\"2\" style=\"padding-right: 5px\">\n            \n\n<div class=\"kksr-icon\" style=\"width: 24px; height: 24px;\"><\/div>\n        <\/div>\n            <div class=\"kksr-star\" data-star=\"3\" style=\"padding-right: 5px\">\n            \n\n<div class=\"kksr-icon\" style=\"width: 24px; height: 24px;\"><\/div>\n        <\/div>\n            <div class=\"kksr-star\" data-star=\"4\" style=\"padding-right: 5px\">\n            \n\n<div class=\"kksr-icon\" style=\"width: 24px; height: 24px;\"><\/div>\n        <\/div>\n            <div class=\"kksr-star\" data-star=\"5\" style=\"padding-right: 5px\">\n            \n\n<div class=\"kksr-icon\" style=\"width: 24px; height: 24px;\"><\/div>\n        <\/div>\n    <\/div>\n    \n<div class=\"kksr-stars-active\" style=\"width: 0px;\">\n            <div class=\"kksr-star\" style=\"padding-right: 5px\">\n            \n\n<div class=\"kksr-icon\" style=\"width: 24px; height: 24px;\"><\/div>\n        <\/div>\n            <div class=\"kksr-star\" style=\"padding-right: 5px\">\n            \n\n<div class=\"kksr-icon\" style=\"width: 24px; height: 24px;\"><\/div>\n        <\/div>\n            <div class=\"kksr-star\" style=\"padding-right: 5px\">\n            \n\n<div class=\"kksr-icon\" style=\"width: 24px; height: 24px;\"><\/div>\n        <\/div>\n            <div class=\"kksr-star\" style=\"padding-right: 5px\">\n            \n\n<div class=\"kksr-icon\" style=\"width: 24px; height: 24px;\"><\/div>\n        <\/div>\n            <div class=\"kksr-star\" style=\"padding-right: 5px\">\n            \n\n<div class=\"kksr-icon\" style=\"width: 24px; height: 24px;\"><\/div>\n        <\/div>\n    <\/div>\n<\/div>\n                \n\n<div class=\"kksr-legend\" style=\"font-size: 19.2px;\">\n            <span class=\"kksr-muted\">Rate this post<\/span>\n    <\/div>\n    <\/div>\n<p>Quand on parle de nutrition en 2025, il est clair qu&rsquo;une alimentation \u00e9quilibr\u00e9e est devenue incontournable pour notre sant\u00e9 et notre bien-\u00eatre. Les pr\u00e9occupations croissantes autour des maladies chroniques et de l&rsquo;impact de nos choix alimentaires sur la plan\u00e8te ne cessent de cro\u00eetre. Alors, comment atteindre cet \u00e9quilibre dans nos assiettes ? Les chiffres parlent d&rsquo;eux-m\u00eames : les Fran\u00e7ais consomment chaque ann\u00e9e pr\u00e8s de 700 millions de kg de repas pr\u00eats \u00e0 l&#8217;emploi, soulignant ainsi notre d\u00e9pendance envers des solutions rapides, parfois peu saines. Pour contrer cela, il existe des cl\u00e9s simples, des astuces pratiques et des conseils \u00e9clair\u00e9s pour mieux manger tout en veillant \u00e0 sa sant\u00e9 mentale et physique. Pr\u00eat \u00e0 plonger dans ce guide pratique, qui explore les fondamentaux d&rsquo;une alimentation saine, sans n\u00e9gliger le plaisir des papilles ? En route vers une assiette fut\u00e9e ! \ud83c\udf7d\ufe0f<\/p>\n\n<h2 class=\"wp-block-heading\">Les fondamentaux d&rsquo;une alimentation \u00e9quilibr\u00e9e<\/h2>\n\n<p>Comprendre les bases d&rsquo;une alimentation \u00e9quilibr\u00e9e est essentiel pour pouvoir faire des choix \u00e9clair\u00e9s. En 2025, il est crucial de savoir naviguer entre la diversit\u00e9 alimentaire, la mod\u00e9ration des portions, et l&rsquo;hydratation ad\u00e9quate. Ces \u00e9l\u00e9ments sont souvent n\u00e9glig\u00e9s, mais ils sont la cl\u00e9 pour maintenir notre sant\u00e9 sur le long terme.<\/p>\n\n<h3 class=\"wp-block-heading\">Qu&rsquo;est-ce qu&rsquo;une alimentation \u00e9quilibr\u00e9e ?<\/h3>\n\n<p>Une alimentation \u00e9quilibr\u00e9e repose sur plusieurs piliers fondamentaux :<\/p>\n\n<ul class=\"wp-block-list\"><li>\u2b50 <strong>Diversit\u00e9 des aliments<\/strong> : Varier tes sources nutritionnelles est primordial. Concentre-toi sur les fruits, l\u00e9gumes, prot\u00e9ines, glucides et graisses saines.<\/li><li>\u23f0 <strong>Mod\u00e9ration des portions<\/strong> : Ne pas exag\u00e9rer les quantit\u00e9s, m\u00eame quand il s&rsquo;agit d&rsquo;aliments sains. Garder une taille d&rsquo;assiette raisonnable aide \u00e0 r\u00e9guler la consommation.<\/li><li>\ud83d\udca7 <strong>Hydratation ad\u00e9quate<\/strong> : Boire suffisamment d&rsquo;eau, au moins 2 litres par jour, est essentiel pour une bonne sant\u00e9 et le bon fonctionnement de notre organisme.<\/li><\/ul>\n\n<p>Pour compl\u00e9ter ta connaissance, voici un tableau qui r\u00e9sume les diff\u00e9rents groupes alimentaires et leur r\u00f4le :<\/p>\n\n<figure class=\"wp-block-table\"><table>\n<thead>\n<tr>\n<th>Groupe alimentaire<\/th>\n<th>R\u00f4le principal<\/th>\n<th>Exemples<\/th>\n<\/tr>\n<\/thead>\n<tbody>\n<tr>\n<td>Fruits et l\u00e9gumes<\/td>\n<td>Riches en vitamines et min\u00e9raux<\/td>\n<td>Pomme, carotte, brocoli<\/td>\n<\/tr>\n<tr>\n<td>Prot\u00e9ines<\/td>\n<td>Construire et r\u00e9parer les tissus<\/td>\n<td>Viande, \u0153ufs, l\u00e9gumineuses<\/td>\n<\/tr>\n<tr>\n<td>Glucides<\/td>\n<td>Fournir de l&rsquo;\u00e9nergie<\/td>\n<td>P\u00e2tes, riz complet, l\u00e9gumes<\/td>\n<\/tr>\n<tr>\n<td>Graisses<\/td>\n<td>Soutenir les fonctions cellulaires<\/td>\n<td>Noix, avocats, huile d&rsquo;olive<\/td>\n<\/tr>\n<\/tbody>\n<\/table><\/figure>\n\n<p>L&rsquo;importance d&rsquo;une consommation \u00e9quilibr\u00e9e de ces groupes est ind\u00e9niable. En int\u00e9grant des \u00e9l\u00e9ments comme les <strong>macronutriments<\/strong> et <strong>micronutriments<\/strong> dans ton alimentation, tu optimises ta sant\u00e9 sur tous les plans !<\/p>\n\n<h2 class=\"wp-block-heading\">Transformer votre assiette avec des choix sains<\/h2>\n\n<p>Pour garantir un \u00e9quilibre sur la table, il suffit parfois de quelques ajustements. Adopter des principes simples peut transformer ton assiette en un v\u00e9ritable festival de saveurs \u00e0 la fois saines et d\u00e9licieuses. En 2025, on est de plus en plus nombreux \u00e0 chercher \u00e0 allier plaisir de manger et alimentation saine, alors comment y parvenir ?<\/p>\n\n<h3 class=\"wp-block-heading\">Comment b\u00e2tir un repas \u00e9quilibr\u00e9 ?<\/h3>\n\n<p>Tout d&rsquo;abord, il faut savoir ce qu&rsquo;implique un <strong>repas \u00e9quilibr\u00e9<\/strong>. Voici les composants essentiels \u00e0 inclure :<\/p>\n\n<ul class=\"wp-block-list\"><li>\ud83c\udf57 <strong>Prot\u00e9ines<\/strong> : Choisis des sources vari\u00e9es comme des viandes maigres, poissons, ou des l\u00e9gumineuses.<\/li><li>\ud83e\udd66 <strong>Glucides complexes<\/strong> : Privil\u00e9gie les p\u00e2tes compl\u00e8tes et les l\u00e9gumes plut\u00f4t que les sucres raffin\u00e9s.<\/li><li>\ud83e\uddc4 <strong>Graisses saines<\/strong> : Int\u00e8gre des huiles v\u00e9g\u00e9tales et des fruits \u00e0 coque.<\/li><li>\ud83c\udf4a <strong>Vitamines et min\u00e9raux<\/strong> : Ajoute des fruits et l\u00e9gumes color\u00e9s pour une grande vari\u00e9t\u00e9 de nutriments.<\/li><\/ul>\n\n<p>Pour t&rsquo;aider \u00e0 visualiser cela, voici un exemple d\u2019un repas \u00e9quilibr\u00e9 :<\/p>\n\n<figure class=\"wp-block-table\"><table>\n<thead>\n<tr>\n<th>Repas<\/th>\n<th>\u00c9l\u00e9ments<\/th>\n<th>Bienfaits<\/th>\n<\/tr>\n<\/thead>\n<tbody>\n<tr>\n<td>D\u00e9jeuner<\/td>\n<td>Salade de quinoa, poulet grill\u00e9, l\u00e9gumes vari\u00e9s<\/td>\n<td>Riche en prot\u00e9ines et fibres, parfait pour le d\u00e9jeuner !<\/td>\n<\/tr>\n<tr>\n<td>D\u00eener<\/td>\n<td>Brochettes de l\u00e9gumes, poisson au four<\/td>\n<td>Omega 3 du poisson et nutriments des l\u00e9gumes !<\/td>\n<\/tr>\n<\/tbody>\n<\/table><\/figure>\n\n<p>Voil\u00e0, avec un peu de cr\u00e9ativit\u00e9 et de planification, pr\u00e9parer des repas sains devient un jeu d&rsquo;enfant ! N&rsquo;oublie pas de jeter un \u0153il \u00e0 des ressources comme <a href=\"https:\/\/www.apres-lecole.fr\/Blog\/cantine-ecole-loire-atlantique-gaspillage\/\">cette \u00e9tude sur le gaspillage alimentaire<\/a>, qui pourrait \u00e9galement t&rsquo;int\u00e9resser.<\/p>\n\n<h2 class=\"wp-block-heading\">Super-aliments et bienfaits sur la sant\u00e9<\/h2>\n\n<p>En ce moment, tu as peut-\u00eatre entendu parler des super-aliments, ces aliments remplis de nutriments qui font parler d\u2019eux sur les r\u00e9seaux sociaux. Ils sont souvent pr\u00e9sent\u00e9s comme des plantes miracles, mais que valent vraiment ces assertions ? En 2025, il est int\u00e9ressant de se pencher sur ces aliments et de d\u00e9couvrir comment les int\u00e9grer \u00e0 un r\u00e9gime \u00e9quilibr\u00e9.<\/p>\n\n<h3 class=\"wp-block-heading\">Les super-aliments : que choisir ?<\/h3>\n\n<p>Il existe une multitude de super-aliments \u00e0 int\u00e9grer dans ton alimentation. Voici quelques exemples qui font fureur :<\/p>\n\n<ul class=\"wp-block-list\"><li>\ud83d\udc9a <strong>Chia<\/strong> : Rempli d&rsquo;om\u00e9ga-3, ces petites graines boostent l&rsquo;\u00e9nergie et la sant\u00e9 cardiaque.<\/li><li>\ud83c\udf53 <strong>Baies de goji<\/strong> : Connues pour leurs propri\u00e9t\u00e9s antioxydantes, elles renforcent le syst\u00e8me immunitaire.<\/li><li>\ud83c\udf3f <strong>Spiruline<\/strong> : Une source exceptionnelle de prot\u00e9ines v\u00e9g\u00e9tales et de fer.<\/li><li>\ud83c\udf75 <strong>Th\u00e9 vert<\/strong> : Riche en antioxydants, il contribue \u00e0 br\u00fbler les graisses.<\/li><\/ul>\n\n<h3 class=\"wp-block-heading\">Les bienfaits potentiels des super-aliments<\/h3>\n\n<p>Incorporer ces ingr\u00e9dients dans ton r\u00e9gime quotidien peut avoir divers effets b\u00e9n\u00e9fiques :<\/p>\n\n<ul class=\"wp-block-list\"><li>\u2728 Am\u00e9lioration de la concentration et de l&rsquo;\u00e9nergie<\/li><li>\ud83d\udcaa Renforcement du syst\u00e8me immunitaire<\/li><li>\u2764\ufe0f Protection contre certaines maladies chroniques<\/li><li>\ud83e\uddd8 Augmentation du bien-\u00eatre g\u00e9n\u00e9ral<\/li><\/ul>\n\n<p>\u00c0 noter qu&rsquo;il ne s&rsquo;agit pas d&rsquo;une solution miracle, mais plut\u00f4t d&rsquo;un ajout judicieux \u00e0 une alimentation d\u00e9j\u00e0 \u00e9quilibr\u00e9e. Si tu souhaites des conseils sur la cuisine avec ces super-aliments, n&rsquo;h\u00e9site pas \u00e0 consulter <a href=\"https:\/\/www.apres-lecole.fr\/Blog\/etat-cantine-ecole-guadeloupe\/\">cet article sur les cantines scolaires<\/a>, qui propose des recettes int\u00e9ressantes.<\/p>\n\n<h2 class=\"wp-block-heading\">L&rsquo;impact de l&rsquo;alimentation sur la sant\u00e9 mentale<\/h2>\n\n<p>Saviez-vous que ce que nous mangeons peut influencer notre \u00e9tat d&rsquo;esprit ? En 2025, la recherche sur la connexion entre nutrition et bien-\u00eatre mental s\u2019amplifie. Manger \u00e9quilibr\u00e9 ne concerne pas exclusivement le corps, mais aussi l&rsquo;esprit. Alors, comment optimiser ton alimentation pour am\u00e9liorer ta sant\u00e9 mentale ?<\/p>\n\n<h3 class=\"wp-block-heading\">Manger mieux pour sentir mieux<\/h3>\n\n<p>Les nutriments apport\u00e9s par une alimentation \u00e9quilibr\u00e9e ont un impact direct sur notre humeur. Voici quelques \u00e9l\u00e9ments \u00e0 privil\u00e9gier :<\/p>\n\n<ul class=\"wp-block-list\"><li>\ud83e\udd59 <strong>Aliments riches en om\u00e9ga-3<\/strong> : Ils sont importants pour la sant\u00e9 c\u00e9r\u00e9brale (trouv\u00e9 dans le poisson, les noix, et les graines).<\/li><li>\ud83c\udf4c <strong>Bananes<\/strong> : Excellente source de tryptophane, un acide amin\u00e9 qui aide \u00e0 r\u00e9guler l&rsquo;humeur.<\/li><li>\ud83c\udf3e <strong>C\u00e9r\u00e9ales compl\u00e8tes<\/strong> : Elles fournissent du glucose pour l&rsquo;\u00e9nergie et aident \u00e0 stabiliser le niveau de sucre dans le sang.<\/li><\/ul>\n\n<h3 class=\"wp-block-heading\">Qu&rsquo;est-ce qui influence notre sant\u00e9 mentale ?<\/h3>\n\n<p>Voici quelques produits \u00e0 limiter pour garder une bonne sant\u00e9 mentale :<\/p>\n\n<ul class=\"wp-block-list\"><li>\ud83d\ude30 Surconsommation de <strong>sucre<\/strong> : Peut entra\u00eener de l&rsquo;anxi\u00e9t\u00e9 et des sautes d&rsquo;humeur.<\/li><li>\ud83c\udf54 Exc\u00e8s de <strong>graisses satur\u00e9es<\/strong> : Contribue \u00e0 une inflammation qui affecte l&rsquo;esprit.<\/li><li>\ud83e\udd64 Trop de <strong>caf\u00e9ine<\/strong> : Peut perturber le sommeil et augmenter le stress.<\/li><\/ul>\n\n<p>En veillant \u00e0 ce que ton alimentation soit \u00e9quilibr\u00e9e, tu peux non seulement am\u00e9liorer ton physique, mais aussi ton bien-\u00eatre mental. Pense \u00e0 int\u00e9grer davantage de repas \u00e9quilibr\u00e9s, en variante avec des camemberts, des desserts \u00e0 base de fruits et des plats r\u00e9confortants \u00e0 base de l\u00e9gumineuses et de c\u00e9r\u00e9ales.<\/p>\n\n<h2 class=\"wp-block-heading\">\u00c9quilibre et durabilit\u00e9 : le duo gagnant<\/h2>\n\n<p>Qui aurait cru que notre sant\u00e9 et celle de notre plan\u00e8te \u00e9taient si intimement li\u00e9es ? En 2025, il est crucial d\u2019adopter une alimentation durable qui soutient notre sant\u00e9 tout en respectant les ressources de notre Terre. C\u2019est le moment de r\u00e9fl\u00e9chir \u00e0 l\u2019impact de nos choix sur l\u2019environnement.<\/p>\n\n<h3 class=\"wp-block-heading\">Les principes de l&rsquo;alimentation durable<\/h3>\n\n<p>Adopter une approche durable, c&rsquo;est simple. Voici les d\u00e9fis \u00e0 relever :<\/p>\n\n<ul class=\"wp-block-list\"><li>\ud83c\udf0d Choisir des aliments produits localement pour r\u00e9duire l&#8217;empreinte carbone.<\/li><li>\ud83d\uded2 Opter pour des produits bio, tant pour les bienfaits sant\u00e9 que pour la protection de la biodiversit\u00e9.<\/li><li>\ud83c\udf42 \u00c9viter le gaspillage alimentaire en planifiant soigneusement ses repas.<\/li><\/ul>\n\n<h3 class=\"wp-block-heading\">Diversit\u00e9 des sources alimentaires<\/h3>\n\n<p>En 2025, il est essentiel de penser \u00e0 une assiette vari\u00e9e. Voici des recommandations :<\/p>\n\n<ul class=\"wp-block-list\"><li>\ud83e\udd55 Favoriser les <strong>l\u00e9gumineuses<\/strong> comme les lentilles et les pois chiches, qui ont un faible impact environnemental.<\/li><li>\ud83c\udf60 Int\u00e9grer plus de <strong>produits v\u00e9g\u00e9taux<\/strong> pour r\u00e9duire la consommation de viande.<\/li><li>\ud83c\udf4f Augmenter les <strong>fruits et l\u00e9gumes de saison<\/strong> pour allier go\u00fbt et sant\u00e9 !<\/li><\/ul>\n\n<p>Cette d\u00e9marche n\u2019est pas seulement b\u00e9n\u00e9fique pour toi, mais contribue aussi \u00e0 un meilleur futur pour notre plan\u00e8te. Les choix que tu fais aujourd&rsquo;hui peuvent avoir des r\u00e9percussions pendant des d\u00e9cennies !<\/p>\n\n<h2 class=\"wp-block-heading\">Des ressources pour approfondir vos connaissances<\/h2>\n\n<p>Pour continuer sur cette lanc\u00e9e et approfondir vos connaissances sur la nutrition, voici quelques ressources incontournables \u00e0 explorer :<\/p>\n\n<ul class=\"wp-block-list\"><li>\ud83d\udcd6 ANSES : Recommandations nutritionnelles actualis\u00e9es.<\/li><li>\ud83c\udf10 PNNS : Guides pratiques en nutrition.<\/li><li>\ud83e\uddd1\u200d\ud83c\udf73 Marmiton : Recettes saines et savoureuses.<\/li><li>\ud83d\udcc5 Open Food Facts : Base de donn\u00e9es sur la composition des aliments.<\/li><\/ul>\n\n<h2 class=\"wp-block-heading\">Que retenir de cette d\u00e9marche ?<\/h2>\n\n<p>Se lancer dans l&rsquo;aventure d&rsquo;une nutrition \u00e9quilibr\u00e9e, c&rsquo;est voir \u00e0 long terme. Nous avons explor\u00e9 ensemble les multiples facettes de l\u2019alimentation en 2025, de la base de l\u2019\u00e9quilibre \u00e0 l\u2019ajout des super-aliments, tout en consid\u00e9rant l&rsquo;impact que nos choix alimentaires peuvent avoir sur notre sant\u00e9 mentale et notre plan\u00e8te. Avec une approche personnalis\u00e9e et \u00e9clatante, tu es d\u00e9sormais arm\u00e9 pour cr\u00e9er une assiette qui te parle tout en respectant ton corps et l\u2019environnement. Voil\u00e0 une mani\u00e8re \u00e9thique et durable de nourrir ton esprit et ton corps !<\/p>\n\n<h2 class=\"wp-block-heading\">Comment cr\u00e9er une routine alimentaire \u00e9quilibr\u00e9e ?<\/h2>\n\n<p>Une routine alimentaire efficace n\u00e9cessite un engagement envers soi-m\u00eame. Comment instaurer des habitudes durables et saines ? La cl\u00e9 r\u00e9side dans la planification et la flexibilit\u00e9 tout en respectant tes pr\u00e9f\u00e9rences !\u00a0\u00bb\ud835\ude63\ud835\ude64\ud835\ude6d\ud835\ude65\ud835\ude6e\ud835\ude61\ud835\ude59@\ud835\ude61\ud835\ude61\ud835\ude5a\ud835\ude6f\u00a0\u00bb Un m\u00e9lange d\u2019engagement proactif et d\u2019\u00e9coute de soi permet de cr\u00e9er une cuisine \u00e9quilibr\u00e9e. Maintenant, place \u00e0 l&rsquo;engagement pour un meilleur avenir, pour ta sant\u00e9 et celle de notre belle plan\u00e8te ! \ud83c\udf31<\/p>\n\n<h2 class=\"wp-block-heading\">Questions fr\u00e9quentes sur l&rsquo;alimentation \u00e9quilibr\u00e9e<\/h2>\n\n<h2 class=\"wp-block-heading\">Pourquoi est-ce important de manger \u00e9quilibr\u00e9 ?<\/h2>\n\n<p>Manger \u00e9quilibr\u00e9 aide \u00e0 maintenir un poids sain, \u00e0 r\u00e9duire le risque de maladies chroniques et \u00e0 favoriser le bien-\u00eatre mental.<\/p>\n\n<h2 class=\"wp-block-heading\">Qu&rsquo;est-ce qu&rsquo;un super-aliment ?<\/h2>\n\n<p>Les super-aliments sont des aliments riches en nutriments, souvent associ\u00e9s \u00e0 des b\u00e9n\u00e9fices pour la sant\u00e9, comme les baies de goji ou la spiruline.<\/p>\n\n<h2 class=\"wp-block-heading\">Comment puis-je m&rsquo;assurer d&rsquo;une bonne hydratation au quotidien ?<\/h2>\n\n<p>Un bon moyen est de boire r\u00e9guli\u00e8rement tout au long de la journ\u00e9e, id\u00e9alement environ 2 \u00e0 3 litres, sans attendre d\u2019avoir soif.<\/p>\n\n<h2 class=\"wp-block-heading\">Quels aliments \u00e9viter pour une meilleure sant\u00e9 mentale ?<\/h2>\n\n<p>Il est recommand\u00e9 de limiter les sucres raffin\u00e9s, les graisses satur\u00e9es et une consommation excessive de caf\u00e9ine pour maintenir une bonne sant\u00e9 mentale.<\/p>\n\n<h2 class=\"wp-block-heading\">Comment planifier mes repas hebdomadaires ?<\/h2>\n\n<p>Utilise une liste de courses, fais le plein d&rsquo;ingr\u00e9dients frais et sains, et pr\u00e9pare des repas simples afin de garantir une nutrition \u00e9quilibr\u00e9e m\u00eame dans un emploi du temps charg\u00e9.<\/p>\n\n","protected":false},"excerpt":{"rendered":"<p>Quand on parle de nutrition en 2025, il est clair qu&rsquo;une alimentation \u00e9quilibr\u00e9e est devenue incontournable pour notre sant\u00e9 et notre bien-\u00eatre. Les pr\u00e9occupations croissantes autour des maladies chroniques et de l&rsquo;impact de nos choix alimentaires sur la plan\u00e8te ne cessent de cro\u00eetre. Alors, comment atteindre cet \u00e9quilibre dans nos assiettes ? Les chiffres parlent &#8230; <a title=\"Manger \u00e9quilibr\u00e9 : les cl\u00e9s pour une alimentation saine en 2025\" class=\"read-more\" href=\"https:\/\/www.apres-lecole.fr\/Blog\/manger-equilibre-alimentation-saine\/\" aria-label=\"En savoir plus sur Manger \u00e9quilibr\u00e9 : les cl\u00e9s pour une alimentation saine en 2025\">Lire plus<\/a><\/p>\n","protected":false},"author":9,"featured_media":2163,"comment_status":"open","ping_status":"open","sticky":false,"template":"","format":"standard","meta":{"footnotes":""},"categories":[342],"tags":[1316,1317,1319,1315,1318],"class_list":["post-2164","post","type-post","status-publish","format-standard","has-post-thumbnail","hentry","category-actualites","tag-alimentation-saine","tag-cles-de-nutrition","tag-equilibre-alimentaire","tag-manger-equilibre","tag-sante-en-2025"],"yoast_head":"<!-- This site is optimized with the Yoast SEO plugin v27.5 - https:\/\/yoast.com\/product\/yoast-seo-wordpress\/ -->\n<title>Manger \u00e9quilibr\u00e9 en 2025 : cl\u00e9s pour une alimentation saine<\/title>\n<meta name=\"description\" content=\"Manger \u00e9quilibr\u00e9 en 2025: conseils pratiques, portions, nutriments cl\u00e9s et id\u00e9es de menus pour une alimentation saine, durable et facile au quotidien.\" \/>\n<meta name=\"robots\" content=\"index, follow, max-snippet:-1, max-image-preview:large, max-video-preview:-1\" \/>\n<link rel=\"canonical\" href=\"https:\/\/www.apres-lecole.fr\/Blog\/manger-equilibre-alimentation-saine\/\" \/>\n<meta property=\"og:locale\" content=\"fr_FR\" \/>\n<meta property=\"og:type\" content=\"article\" \/>\n<meta property=\"og:title\" content=\"Manger \u00e9quilibr\u00e9 en 2025 : cl\u00e9s pour une alimentation saine\" \/>\n<meta property=\"og:description\" content=\"Manger \u00e9quilibr\u00e9 en 2025: conseils pratiques, portions, nutriments cl\u00e9s et id\u00e9es de menus pour une alimentation saine, durable et facile au quotidien.\" \/>\n<meta property=\"og:url\" content=\"https:\/\/www.apres-lecole.fr\/Blog\/manger-equilibre-alimentation-saine\/\" \/>\n<meta property=\"article:published_time\" content=\"2025-08-11T13:58:40+00:00\" \/>\n<meta property=\"og:image\" content=\"https:\/\/www.apres-lecole.fr\/Blog\/wp-content\/uploads\/2025\/08\/Manger-equilibre-les-cles-pour-une-alimentation-saine-en-2025.jpg\" \/>\n\t<meta property=\"og:image:width\" content=\"1344\" \/>\n\t<meta property=\"og:image:height\" content=\"768\" \/>\n\t<meta property=\"og:image:type\" content=\"image\/jpeg\" \/>\n<meta name=\"author\" content=\"Eva Martin\" \/>\n<meta name=\"twitter:card\" content=\"summary_large_image\" \/>\n<meta name=\"twitter:creator\" content=\"@Evaapresecole\" \/>\n<meta name=\"twitter:label1\" content=\"\u00c9crit par\" \/>\n\t<meta name=\"twitter:data1\" content=\"Eva Martin\" \/>\n\t<meta name=\"twitter:label2\" content=\"Dur\u00e9e de lecture estim\u00e9e\" \/>\n\t<meta name=\"twitter:data2\" content=\"9 minutes\" \/>\n<script type=\"application\/ld+json\" class=\"yoast-schema-graph\">{\"@context\":\"https:\\\/\\\/schema.org\",\"@graph\":[{\"@type\":\"Article\",\"@id\":\"https:\\\/\\\/www.apres-lecole.fr\\\/Blog\\\/manger-equilibre-alimentation-saine\\\/#article\",\"isPartOf\":{\"@id\":\"https:\\\/\\\/www.apres-lecole.fr\\\/Blog\\\/manger-equilibre-alimentation-saine\\\/\"},\"author\":{\"name\":\"Eva Martin\",\"@id\":\"https:\\\/\\\/www.apres-lecole.fr\\\/Blog\\\/#\\\/schema\\\/person\\\/aeb50cd4b51fc69da155804bb5bb9fc4\"},\"headline\":\"Manger \u00e9quilibr\u00e9 : les cl\u00e9s pour une alimentation saine en 2025\",\"datePublished\":\"2025-08-11T13:58:40+00:00\",\"mainEntityOfPage\":{\"@id\":\"https:\\\/\\\/www.apres-lecole.fr\\\/Blog\\\/manger-equilibre-alimentation-saine\\\/\"},\"wordCount\":1803,\"commentCount\":0,\"image\":{\"@id\":\"https:\\\/\\\/www.apres-lecole.fr\\\/Blog\\\/manger-equilibre-alimentation-saine\\\/#primaryimage\"},\"thumbnailUrl\":\"https:\\\/\\\/www.apres-lecole.fr\\\/Blog\\\/wp-content\\\/uploads\\\/2025\\\/08\\\/Manger-equilibre-les-cles-pour-une-alimentation-saine-en-2025.jpg\",\"keywords\":[\"alimentation saine\",\"cl\u00e9s de nutrition\",\"\u00e9quilibre alimentaire\",\"manger \u00e9quilibr\u00e9\",\"sant\u00e9 en 2025\"],\"articleSection\":[\"Actualit\u00e9s\"],\"inLanguage\":\"fr-FR\",\"potentialAction\":[{\"@type\":\"CommentAction\",\"name\":\"Comment\",\"target\":[\"https:\\\/\\\/www.apres-lecole.fr\\\/Blog\\\/manger-equilibre-alimentation-saine\\\/#respond\"]}]},{\"@type\":\"WebPage\",\"@id\":\"https:\\\/\\\/www.apres-lecole.fr\\\/Blog\\\/manger-equilibre-alimentation-saine\\\/\",\"url\":\"https:\\\/\\\/www.apres-lecole.fr\\\/Blog\\\/manger-equilibre-alimentation-saine\\\/\",\"name\":\"Manger \u00e9quilibr\u00e9 en 2025 : cl\u00e9s pour une alimentation saine\",\"isPartOf\":{\"@id\":\"https:\\\/\\\/www.apres-lecole.fr\\\/Blog\\\/#website\"},\"primaryImageOfPage\":{\"@id\":\"https:\\\/\\\/www.apres-lecole.fr\\\/Blog\\\/manger-equilibre-alimentation-saine\\\/#primaryimage\"},\"image\":{\"@id\":\"https:\\\/\\\/www.apres-lecole.fr\\\/Blog\\\/manger-equilibre-alimentation-saine\\\/#primaryimage\"},\"thumbnailUrl\":\"https:\\\/\\\/www.apres-lecole.fr\\\/Blog\\\/wp-content\\\/uploads\\\/2025\\\/08\\\/Manger-equilibre-les-cles-pour-une-alimentation-saine-en-2025.jpg\",\"datePublished\":\"2025-08-11T13:58:40+00:00\",\"author\":{\"@id\":\"https:\\\/\\\/www.apres-lecole.fr\\\/Blog\\\/#\\\/schema\\\/person\\\/aeb50cd4b51fc69da155804bb5bb9fc4\"},\"description\":\"Manger \u00e9quilibr\u00e9 en 2025: conseils pratiques, portions, nutriments cl\u00e9s et id\u00e9es de menus pour une alimentation saine, durable et facile au quotidien.\",\"breadcrumb\":{\"@id\":\"https:\\\/\\\/www.apres-lecole.fr\\\/Blog\\\/manger-equilibre-alimentation-saine\\\/#breadcrumb\"},\"inLanguage\":\"fr-FR\",\"potentialAction\":[{\"@type\":\"ReadAction\",\"target\":[\"https:\\\/\\\/www.apres-lecole.fr\\\/Blog\\\/manger-equilibre-alimentation-saine\\\/\"]}]},{\"@type\":\"ImageObject\",\"inLanguage\":\"fr-FR\",\"@id\":\"https:\\\/\\\/www.apres-lecole.fr\\\/Blog\\\/manger-equilibre-alimentation-saine\\\/#primaryimage\",\"url\":\"https:\\\/\\\/www.apres-lecole.fr\\\/Blog\\\/wp-content\\\/uploads\\\/2025\\\/08\\\/Manger-equilibre-les-cles-pour-une-alimentation-saine-en-2025.jpg\",\"contentUrl\":\"https:\\\/\\\/www.apres-lecole.fr\\\/Blog\\\/wp-content\\\/uploads\\\/2025\\\/08\\\/Manger-equilibre-les-cles-pour-une-alimentation-saine-en-2025.jpg\",\"width\":1344,\"height\":768,\"caption\":\"d\u00e9couvrez comment manger \u00e9quilibr\u00e9 en 2025 : conseils pratiques, id\u00e9es de menus, nutriments essentiels et astuces pour une alimentation saine au quotidien.\"},{\"@type\":\"BreadcrumbList\",\"@id\":\"https:\\\/\\\/www.apres-lecole.fr\\\/Blog\\\/manger-equilibre-alimentation-saine\\\/#breadcrumb\",\"itemListElement\":[{\"@type\":\"ListItem\",\"position\":1,\"name\":\"Home\",\"item\":\"https:\\\/\\\/www.apres-lecole.fr\\\/Blog\\\/\"},{\"@type\":\"ListItem\",\"position\":2,\"name\":\"Manger \u00e9quilibr\u00e9 : les cl\u00e9s pour une alimentation saine en 2025\"}]},{\"@type\":\"WebSite\",\"@id\":\"https:\\\/\\\/www.apres-lecole.fr\\\/Blog\\\/#website\",\"url\":\"https:\\\/\\\/www.apres-lecole.fr\\\/Blog\\\/\",\"name\":\"\",\"description\":\"M\u00e9dia g\u00e9n\u00e9raliste\",\"potentialAction\":[{\"@type\":\"SearchAction\",\"target\":{\"@type\":\"EntryPoint\",\"urlTemplate\":\"https:\\\/\\\/www.apres-lecole.fr\\\/Blog\\\/?s={search_term_string}\"},\"query-input\":{\"@type\":\"PropertyValueSpecification\",\"valueRequired\":true,\"valueName\":\"search_term_string\"}}],\"inLanguage\":\"fr-FR\"},{\"@type\":\"Person\",\"@id\":\"https:\\\/\\\/www.apres-lecole.fr\\\/Blog\\\/#\\\/schema\\\/person\\\/aeb50cd4b51fc69da155804bb5bb9fc4\",\"name\":\"Eva Martin\",\"image\":{\"@type\":\"ImageObject\",\"inLanguage\":\"fr-FR\",\"@id\":\"https:\\\/\\\/secure.gravatar.com\\\/avatar\\\/55c53222558b27a72015a64073a80edce4abd33369394b9bf2c5cd6c19d12682?s=96&d=mm&r=g\",\"url\":\"https:\\\/\\\/secure.gravatar.com\\\/avatar\\\/55c53222558b27a72015a64073a80edce4abd33369394b9bf2c5cd6c19d12682?s=96&d=mm&r=g\",\"contentUrl\":\"https:\\\/\\\/secure.gravatar.com\\\/avatar\\\/55c53222558b27a72015a64073a80edce4abd33369394b9bf2c5cd6c19d12682?s=96&d=mm&r=g\",\"caption\":\"Eva Martin\"},\"description\":\"Je parle de business et d'entrepreneuriat avec des conseils clairs, concrets et actionnables pour r\u00e9ussir\",\"sameAs\":[\"https:\\\/\\\/x.com\\\/Evaapresecole\"],\"url\":\"https:\\\/\\\/www.apres-lecole.fr\\\/Blog\\\/author\\\/evamartin\\\/\"}]}<\/script>\n<!-- \/ Yoast SEO plugin. -->","yoast_head_json":{"title":"Manger \u00e9quilibr\u00e9 en 2025 : cl\u00e9s pour une alimentation saine","description":"Manger \u00e9quilibr\u00e9 en 2025: conseils pratiques, portions, nutriments cl\u00e9s et id\u00e9es de menus pour une alimentation saine, durable et facile au quotidien.","robots":{"index":"index","follow":"follow","max-snippet":"max-snippet:-1","max-image-preview":"max-image-preview:large","max-video-preview":"max-video-preview:-1"},"canonical":"https:\/\/www.apres-lecole.fr\/Blog\/manger-equilibre-alimentation-saine\/","og_locale":"fr_FR","og_type":"article","og_title":"Manger \u00e9quilibr\u00e9 en 2025 : cl\u00e9s pour une alimentation saine","og_description":"Manger \u00e9quilibr\u00e9 en 2025: conseils pratiques, portions, nutriments cl\u00e9s et id\u00e9es de menus pour une alimentation saine, durable et facile au quotidien.","og_url":"https:\/\/www.apres-lecole.fr\/Blog\/manger-equilibre-alimentation-saine\/","article_published_time":"2025-08-11T13:58:40+00:00","og_image":[{"width":1344,"height":768,"url":"https:\/\/www.apres-lecole.fr\/Blog\/wp-content\/uploads\/2025\/08\/Manger-equilibre-les-cles-pour-une-alimentation-saine-en-2025.jpg","type":"image\/jpeg"}],"author":"Eva Martin","twitter_card":"summary_large_image","twitter_creator":"@Evaapresecole","twitter_misc":{"\u00c9crit par":"Eva Martin","Dur\u00e9e de lecture estim\u00e9e":"9 minutes"},"schema":{"@context":"https:\/\/schema.org","@graph":[{"@type":"Article","@id":"https:\/\/www.apres-lecole.fr\/Blog\/manger-equilibre-alimentation-saine\/#article","isPartOf":{"@id":"https:\/\/www.apres-lecole.fr\/Blog\/manger-equilibre-alimentation-saine\/"},"author":{"name":"Eva Martin","@id":"https:\/\/www.apres-lecole.fr\/Blog\/#\/schema\/person\/aeb50cd4b51fc69da155804bb5bb9fc4"},"headline":"Manger \u00e9quilibr\u00e9 : les cl\u00e9s pour une alimentation saine en 2025","datePublished":"2025-08-11T13:58:40+00:00","mainEntityOfPage":{"@id":"https:\/\/www.apres-lecole.fr\/Blog\/manger-equilibre-alimentation-saine\/"},"wordCount":1803,"commentCount":0,"image":{"@id":"https:\/\/www.apres-lecole.fr\/Blog\/manger-equilibre-alimentation-saine\/#primaryimage"},"thumbnailUrl":"https:\/\/www.apres-lecole.fr\/Blog\/wp-content\/uploads\/2025\/08\/Manger-equilibre-les-cles-pour-une-alimentation-saine-en-2025.jpg","keywords":["alimentation saine","cl\u00e9s de nutrition","\u00e9quilibre alimentaire","manger \u00e9quilibr\u00e9","sant\u00e9 en 2025"],"articleSection":["Actualit\u00e9s"],"inLanguage":"fr-FR","potentialAction":[{"@type":"CommentAction","name":"Comment","target":["https:\/\/www.apres-lecole.fr\/Blog\/manger-equilibre-alimentation-saine\/#respond"]}]},{"@type":"WebPage","@id":"https:\/\/www.apres-lecole.fr\/Blog\/manger-equilibre-alimentation-saine\/","url":"https:\/\/www.apres-lecole.fr\/Blog\/manger-equilibre-alimentation-saine\/","name":"Manger \u00e9quilibr\u00e9 en 2025 : cl\u00e9s pour une alimentation saine","isPartOf":{"@id":"https:\/\/www.apres-lecole.fr\/Blog\/#website"},"primaryImageOfPage":{"@id":"https:\/\/www.apres-lecole.fr\/Blog\/manger-equilibre-alimentation-saine\/#primaryimage"},"image":{"@id":"https:\/\/www.apres-lecole.fr\/Blog\/manger-equilibre-alimentation-saine\/#primaryimage"},"thumbnailUrl":"https:\/\/www.apres-lecole.fr\/Blog\/wp-content\/uploads\/2025\/08\/Manger-equilibre-les-cles-pour-une-alimentation-saine-en-2025.jpg","datePublished":"2025-08-11T13:58:40+00:00","author":{"@id":"https:\/\/www.apres-lecole.fr\/Blog\/#\/schema\/person\/aeb50cd4b51fc69da155804bb5bb9fc4"},"description":"Manger \u00e9quilibr\u00e9 en 2025: conseils pratiques, portions, nutriments cl\u00e9s et id\u00e9es de menus pour une alimentation saine, durable et facile au quotidien.","breadcrumb":{"@id":"https:\/\/www.apres-lecole.fr\/Blog\/manger-equilibre-alimentation-saine\/#breadcrumb"},"inLanguage":"fr-FR","potentialAction":[{"@type":"ReadAction","target":["https:\/\/www.apres-lecole.fr\/Blog\/manger-equilibre-alimentation-saine\/"]}]},{"@type":"ImageObject","inLanguage":"fr-FR","@id":"https:\/\/www.apres-lecole.fr\/Blog\/manger-equilibre-alimentation-saine\/#primaryimage","url":"https:\/\/www.apres-lecole.fr\/Blog\/wp-content\/uploads\/2025\/08\/Manger-equilibre-les-cles-pour-une-alimentation-saine-en-2025.jpg","contentUrl":"https:\/\/www.apres-lecole.fr\/Blog\/wp-content\/uploads\/2025\/08\/Manger-equilibre-les-cles-pour-une-alimentation-saine-en-2025.jpg","width":1344,"height":768,"caption":"d\u00e9couvrez comment manger \u00e9quilibr\u00e9 en 2025 : conseils pratiques, id\u00e9es de menus, nutriments essentiels et astuces pour une alimentation saine au quotidien."},{"@type":"BreadcrumbList","@id":"https:\/\/www.apres-lecole.fr\/Blog\/manger-equilibre-alimentation-saine\/#breadcrumb","itemListElement":[{"@type":"ListItem","position":1,"name":"Home","item":"https:\/\/www.apres-lecole.fr\/Blog\/"},{"@type":"ListItem","position":2,"name":"Manger \u00e9quilibr\u00e9 : les cl\u00e9s pour une alimentation saine en 2025"}]},{"@type":"WebSite","@id":"https:\/\/www.apres-lecole.fr\/Blog\/#website","url":"https:\/\/www.apres-lecole.fr\/Blog\/","name":"","description":"M\u00e9dia g\u00e9n\u00e9raliste","potentialAction":[{"@type":"SearchAction","target":{"@type":"EntryPoint","urlTemplate":"https:\/\/www.apres-lecole.fr\/Blog\/?s={search_term_string}"},"query-input":{"@type":"PropertyValueSpecification","valueRequired":true,"valueName":"search_term_string"}}],"inLanguage":"fr-FR"},{"@type":"Person","@id":"https:\/\/www.apres-lecole.fr\/Blog\/#\/schema\/person\/aeb50cd4b51fc69da155804bb5bb9fc4","name":"Eva Martin","image":{"@type":"ImageObject","inLanguage":"fr-FR","@id":"https:\/\/secure.gravatar.com\/avatar\/55c53222558b27a72015a64073a80edce4abd33369394b9bf2c5cd6c19d12682?s=96&d=mm&r=g","url":"https:\/\/secure.gravatar.com\/avatar\/55c53222558b27a72015a64073a80edce4abd33369394b9bf2c5cd6c19d12682?s=96&d=mm&r=g","contentUrl":"https:\/\/secure.gravatar.com\/avatar\/55c53222558b27a72015a64073a80edce4abd33369394b9bf2c5cd6c19d12682?s=96&d=mm&r=g","caption":"Eva Martin"},"description":"Je parle de business et d'entrepreneuriat avec des conseils clairs, concrets et actionnables pour r\u00e9ussir","sameAs":["https:\/\/x.com\/Evaapresecole"],"url":"https:\/\/www.apres-lecole.fr\/Blog\/author\/evamartin\/"}]}},"views":4,"_links":{"self":[{"href":"https:\/\/www.apres-lecole.fr\/Blog\/wp-json\/wp\/v2\/posts\/2164","targetHints":{"allow":["GET"]}}],"collection":[{"href":"https:\/\/www.apres-lecole.fr\/Blog\/wp-json\/wp\/v2\/posts"}],"about":[{"href":"https:\/\/www.apres-lecole.fr\/Blog\/wp-json\/wp\/v2\/types\/post"}],"author":[{"embeddable":true,"href":"https:\/\/www.apres-lecole.fr\/Blog\/wp-json\/wp\/v2\/users\/9"}],"replies":[{"embeddable":true,"href":"https:\/\/www.apres-lecole.fr\/Blog\/wp-json\/wp\/v2\/comments?post=2164"}],"version-history":[{"count":0,"href":"https:\/\/www.apres-lecole.fr\/Blog\/wp-json\/wp\/v2\/posts\/2164\/revisions"}],"wp:featuredmedia":[{"embeddable":true,"href":"https:\/\/www.apres-lecole.fr\/Blog\/wp-json\/wp\/v2\/media\/2163"}],"wp:attachment":[{"href":"https:\/\/www.apres-lecole.fr\/Blog\/wp-json\/wp\/v2\/media?parent=2164"}],"wp:term":[{"taxonomy":"category","embeddable":true,"href":"https:\/\/www.apres-lecole.fr\/Blog\/wp-json\/wp\/v2\/categories?post=2164"},{"taxonomy":"post_tag","embeddable":true,"href":"https:\/\/www.apres-lecole.fr\/Blog\/wp-json\/wp\/v2\/tags?post=2164"}],"curies":[{"name":"wp","href":"https:\/\/api.w.org\/{rel}","templated":true}]}}