{"id":2162,"date":"2025-08-11T07:17:53","date_gmt":"2025-08-11T07:17:53","guid":{"rendered":"https:\/\/www.apres-lecole.fr\/Blog\/chantier-ecole-vezac\/"},"modified":"2025-08-11T07:17:53","modified_gmt":"2025-08-11T07:17:53","slug":"chantier-ecole-vezac","status":"publish","type":"post","link":"https:\/\/www.apres-lecole.fr\/Blog\/chantier-ecole-vezac\/","title":{"rendered":"V\u00e9zac : le chantier de l&rsquo;\u00e9cole progresse \u00e0 grands pas"},"content":{"rendered":"\n\n<div class=\"kk-star-ratings kksr-auto kksr-align-left kksr-valign-top\"\n    data-payload='{&quot;align&quot;:&quot;left&quot;,&quot;id&quot;:&quot;2162&quot;,&quot;slug&quot;:&quot;default&quot;,&quot;valign&quot;:&quot;top&quot;,&quot;ignore&quot;:&quot;&quot;,&quot;reference&quot;:&quot;auto&quot;,&quot;class&quot;:&quot;&quot;,&quot;count&quot;:&quot;0&quot;,&quot;legendonly&quot;:&quot;&quot;,&quot;readonly&quot;:&quot;&quot;,&quot;score&quot;:&quot;0&quot;,&quot;starsonly&quot;:&quot;&quot;,&quot;best&quot;:&quot;5&quot;,&quot;gap&quot;:&quot;5&quot;,&quot;greet&quot;:&quot;Rate this post&quot;,&quot;legend&quot;:&quot;0\\\/5 - (0 vote)&quot;,&quot;size&quot;:&quot;24&quot;,&quot;title&quot;:&quot;V\u00e9zac : le chantier de l\\u0026#039;\u00e9cole progresse \u00e0 grands pas&quot;,&quot;width&quot;:&quot;0&quot;,&quot;_legend&quot;:&quot;{score}\\\/{best} - ({count} {votes})&quot;,&quot;font_factor&quot;:&quot;1.25&quot;}'>\n            \n<div class=\"kksr-stars\">\n    \n<div class=\"kksr-stars-inactive\">\n            <div class=\"kksr-star\" data-star=\"1\" style=\"padding-right: 5px\">\n            \n\n<div class=\"kksr-icon\" style=\"width: 24px; height: 24px;\"><\/div>\n        <\/div>\n            <div class=\"kksr-star\" data-star=\"2\" style=\"padding-right: 5px\">\n            \n\n<div class=\"kksr-icon\" style=\"width: 24px; height: 24px;\"><\/div>\n        <\/div>\n            <div class=\"kksr-star\" data-star=\"3\" style=\"padding-right: 5px\">\n            \n\n<div class=\"kksr-icon\" style=\"width: 24px; height: 24px;\"><\/div>\n        <\/div>\n            <div class=\"kksr-star\" data-star=\"4\" style=\"padding-right: 5px\">\n            \n\n<div class=\"kksr-icon\" style=\"width: 24px; height: 24px;\"><\/div>\n        <\/div>\n            <div class=\"kksr-star\" data-star=\"5\" style=\"padding-right: 5px\">\n            \n\n<div class=\"kksr-icon\" style=\"width: 24px; height: 24px;\"><\/div>\n        <\/div>\n    <\/div>\n    \n<div class=\"kksr-stars-active\" style=\"width: 0px;\">\n            <div class=\"kksr-star\" style=\"padding-right: 5px\">\n            \n\n<div class=\"kksr-icon\" style=\"width: 24px; height: 24px;\"><\/div>\n        <\/div>\n            <div class=\"kksr-star\" style=\"padding-right: 5px\">\n            \n\n<div class=\"kksr-icon\" style=\"width: 24px; height: 24px;\"><\/div>\n        <\/div>\n            <div class=\"kksr-star\" style=\"padding-right: 5px\">\n            \n\n<div class=\"kksr-icon\" style=\"width: 24px; height: 24px;\"><\/div>\n        <\/div>\n            <div class=\"kksr-star\" style=\"padding-right: 5px\">\n            \n\n<div class=\"kksr-icon\" style=\"width: 24px; height: 24px;\"><\/div>\n        <\/div>\n            <div class=\"kksr-star\" style=\"padding-right: 5px\">\n            \n\n<div class=\"kksr-icon\" style=\"width: 24px; height: 24px;\"><\/div>\n        <\/div>\n    <\/div>\n<\/div>\n                \n\n<div class=\"kksr-legend\" style=\"font-size: 19.2px;\">\n            <span class=\"kksr-muted\">Rate this post<\/span>\n    <\/div>\n    <\/div>\n<p>\u00c0 V\u00e9zac, l&rsquo;effervescence est au rendez-vous avec des travaux qui avancent \u00e0 un rythme soutenu. La r\u00e9novation de l&rsquo;\u00e9cole \u00e9l\u00e9mentaire, anticip\u00e9e par la commune, est en passe de transformer l&rsquo;\u00e9tablissement scolaire en un v\u00e9ritable mod\u00e8le d&rsquo;infrastructures \u00e9ducatives modernes. Les habitants, toujours engag\u00e9s, scrutent de pr\u00e8s l&rsquo;\u00e9volution de ce chantier qui ne se limite pas seulement \u00e0 la construction de murs, mais qui aspire \u00e0 offrir un cadre id\u00e9al pour les jeunes esprits de demain.<\/p>\n\n<h2 class=\"wp-block-heading\">Les objectifs ambitieux du chantier scolaire \u00e0 V\u00e9zac<\/h2>\n\n<p>La commune de V\u00e9zac s\u2019est lanc\u00e9e dans la r\u00e9novation de l&rsquo;\u00e9cole avec des objectifs bien pr\u00e9cis. L&rsquo;id\u00e9e n&rsquo;est pas uniquement de moderniser un b\u00e2timent scolaire, mais de cr\u00e9er un environnement propice \u00e0 l&rsquo;apprentissage. L&rsquo;\u00e9cole est appel\u00e9e \u00e0 devenir un lieu vivant, o\u00f9 les \u00e9l\u00e8ves pourront s&rsquo;\u00e9panouir tant sur le plan acad\u00e9mique que social. Ainsi, plusieurs axes ont \u00e9t\u00e9 d\u00e9finis :<\/p>\n\n<ul class=\"wp-block-list\"><li><strong>R\u00e9novation thermique<\/strong> : L\u2019un des objectifs majeurs est de rendre l&rsquo;\u00e9tablissement plus \u00e9co-responsable. Cela passe par l&rsquo;installation de nouvelles fen\u00eatres qui favorisent une meilleure isolation et la mise en place de syst\u00e8mes \u00e9nerg\u00e9tiques plus verts.<\/li><li><strong>Accessibilit\u00e9<\/strong> : Veiller \u00e0 ce que toutes les infrastructures soient accessibles aux personnes \u00e0 mobilit\u00e9 r\u00e9duite est un autre imp\u00e9ratif. Les rampes et ascenseurs adapt\u00e9s sont au programme.<\/li><li><strong>Espaces modulables<\/strong> : Imaginer des salles de classes flexibles qui favorisent les m\u00e9thodes d&rsquo;enseignement innovantes est crucial. Ces espaces doivent s&rsquo;adapter aux diff\u00e9rents types d&rsquo;activit\u00e9s p\u00e9dagogiques.<\/li><li><strong>Int\u00e9gration de la technologie<\/strong> : Le projet vise \u00e9galement \u00e0 moderniser les \u00e9quipements technologiques, avec l&rsquo;insertion de tableaux interactifs et l&rsquo;am\u00e9lioration de la connexion internet pour un acc\u00e8s facilit\u00e9 aux ressources num\u00e9riques.<\/li><\/ul>\n\n<p>Ce chantier, pilot\u00e9 par la mairie, s&rsquo;inscrit r\u00e9solument dans une perspective d&rsquo;avenir. Chaque d\u00e9tail a \u00e9t\u00e9 pens\u00e9 afin d&rsquo;apporter non seulement du confort, mais aussi de la praticit\u00e9 aux enseignants et aux \u00e9l\u00e8ves. Pendant ce temps, les parents d&rsquo;\u00e9l\u00e8ves et les habitants gardent l&rsquo;\u0153il ouvert sur l&rsquo;avancement des travaux. Les \u00e9changes lors des conseils municipaux s&rsquo;intensifient autour de l&rsquo;\u00e9volution du chantier et des r\u00e9percussions qu&rsquo;un tel projet pourra avoir sur la commune dans les ann\u00e9es futures.<\/p>\n\n<h2 class=\"wp-block-heading\">Les travaux de r\u00e9novation en phase active<\/h2>\n\n<p>D\u00e8s le coup d&rsquo;envoi des travaux, l&rsquo;efficacit\u00e9 a \u00e9t\u00e9 au c\u0153ur des pr\u00e9occupations des \u00e9quipes en charge du chantier. Des entreprises sp\u00e9cialis\u00e9es en travaux publics se sont r\u00e9unies pour donner un souffle nouveau \u00e0 l&rsquo;\u00e9cole. La coordination entre les diff\u00e9rents corps de m\u00e9tier est essentielle pour respecter les d\u00e9lais et les budgets pr\u00e9vus. Actuellement, le chantier est \u00e0 un stade avanc\u00e9, avec plusieurs aspects d\u00e9j\u00e0 r\u00e9alis\u00e9s :<\/p>\n\n<figure class=\"wp-block-table\"><table>\n<thead>\n<tr>\n<th>\u00c9tape des travaux<\/th>\n<th>Status<\/th>\n<th>\u00c9ch\u00e9ance<\/th>\n<\/tr>\n<\/thead>\n<tbody>\n<tr>\n<td>R\u00e9novation thermique<\/td>\n<td>Termin\u00e9<\/td>\n<td>Janvier 2025<\/td>\n<\/tr>\n<tr>\n<td>Remplacement des ouvertures<\/td>\n<td>En cours<\/td>\n<td>Mars 2025<\/td>\n<\/tr>\n<tr>\n<td>Installation de pompes \u00e0 chaleur<\/td>\n<td>A venir<\/td>\n<td>Mai 2025<\/td>\n<\/tr>\n<tr>\n<td>Am\u00e9nagement des espaces ext\u00e9rieurs<\/td>\n<td>A venir<\/td>\n<td>Juin 2025<\/td>\n<\/tr>\n<\/tbody>\n<\/table><\/figure>\n\n<p>Ce tableau t\u00e9moigne des progr\u00e8s r\u00e9alis\u00e9s. Le remplacement des ouvertures, par exemple, est une d\u00e9marche cruciale pour am\u00e9liorer l&rsquo;efficacit\u00e9 \u00e9nerg\u00e9tique du b\u00e2timent. Par ailleurs, l&rsquo;installation de pompes \u00e0 chaleur est une initiative qui s\u2019inscrit dans la lign\u00e9e de la transition \u00e9cologique. Les travaux ext\u00e9rieurs, quant \u00e0 eux, sont aussi n\u00e9cessaires pour cr\u00e9er un environnement stimulant. Des aires de jeux, des zones v\u00e9g\u00e9talis\u00e9es et des espaces de d\u00e9tente seront int\u00e9gr\u00e9es pour enrichir la vie scolaire.<\/p>\n\n<h2 class=\"wp-block-heading\">L&rsquo;impact social des r\u00e9novations sur la communaut\u00e9<\/h2>\n\n<p>Bien au-del\u00e0 de la structure physique, les r\u00e9novations de l&rsquo;\u00e9cole de V\u00e9zac r\u00e9pondent aussi \u00e0 des enjeux sociaux. La commune souhaite renforcer le lien social au sein de la communaut\u00e9. En effet, l&rsquo;\u00e9cole est souvent per\u00e7ue comme un lieu de vie, un endroit o\u00f9 se c\u00f4toient parents, enfants et enseignants. Pour cela, plusieurs initiatives sont envisag\u00e9es en lien avec les travaux :<\/p>\n\n<ul class=\"wp-block-list\"><li>\ud83d\udd35 <strong>Organisation d&rsquo;\u00e9v\u00e9nements<\/strong> : Apr\u00e8s l&rsquo;ouverture prochaine de l&rsquo;\u00e9cole, des \u00e9v\u00e9nements communautaires pourront y \u00eatre organis\u00e9s pour f\u00e9d\u00e9rer les habitants autour d&rsquo;activit\u00e9s vari\u00e9es, telles que des f\u00eates de fin d&rsquo;ann\u00e9e ou des \u00e9v\u00e9nements sportifs.<\/li><li>\ud83d\udd35 <strong>Soutien aux associations locales<\/strong> : L&rsquo;\u00e9cole pourrait devenir un point de rencontre pour les associations locales, cr\u00e9ant ainsi une synergie b\u00e9n\u00e9fique.<\/li><li>\ud83d\udd35 <strong>Ateliers \u00e9ducatifs<\/strong> : Des ateliers ouverts sur divers sujets, comme l&rsquo;\u00e9ducation civique ou l&rsquo;\u00e9cologie, sont en projet pour impliquer les parents d&rsquo;\u00e9l\u00e8ves et renforcer l&rsquo;\u00e9ducation hors du cadre scolaire traditionnel.<\/li><\/ul>\n\n<p>Ces initiatives participent au rayonnement de la commune et contribuent \u00e0 dynamiser le territoire. Les r\u00e9novations ne sont pas qu&rsquo;une question de cr\u00e9er des murs, mais une occasion de b\u00e2tir des liens et d&rsquo;encourager l&rsquo;entraide. La communaut\u00e9 de V\u00e9zac se retrouve ainsi revitalis\u00e9e autour de ce projet d&rsquo;envergure.<\/p>\n\n<h2 class=\"wp-block-heading\">\u00c9cologie et innovation au c\u0153ur de la construction<\/h2>\n\n<p>Dans une \u00e9poque o\u00f9 la pr\u00e9occupation \u00e9cologique est centrale, le chantier de l&rsquo;\u00e9cole de V\u00e9zac s&rsquo;inscrit r\u00e9solument dans une d\u00e9marche durable. L&rsquo;<strong>innovation<\/strong> est mise en avant par l&rsquo;utilisation de mat\u00e9riaux et techniques modernes, particuli\u00e8rement respectueux de l&rsquo;environnement. Ce point est crucial dans le contexte actuel, o\u00f9 la prise de conscience des enjeux \u00e9cologiques est plus que jamais manifeste.<\/p>\n\n<p>La r\u00e9novation \u00e9nerg\u00e9tique va de pair avec des choix architecturaux r\u00e9fl\u00e9chis, ax\u00e9s sur la sobri\u00e9t\u00e9 et l&rsquo;efficacit\u00e9. Par exemple, l&rsquo;utilisation de mat\u00e9riaux bio-sourc\u00e9s pour la construction est \u00e0 l&rsquo;ordre du jour. Par ailleurs, la mise en place de panneaux solaires sur le toit de l\u2019\u00e9tablissement pourrait aussi \u00eatre envisag\u00e9e pour produire de l\u2019\u00e9nergie propre.<\/p>\n\n<ul class=\"wp-block-list\"><li>\ud83c\udf31 <strong>Mat\u00e9riaux \u00e9cologiques<\/strong> : L&rsquo;utilisation de bois, de terre cuite et d&rsquo;autres mat\u00e9riaux naturels sera favoris\u00e9e.<\/li><li>\ud83c\udf31 <strong>Permaculture<\/strong> : Des espaces de jardinage en permaculture pourraient \u00eatre int\u00e9gr\u00e9s pour favoriser l&rsquo;\u00e9ducation environnementale.<\/li><li>\ud83c\udf31 <strong>Efficacit\u00e9 \u00e9nerg\u00e9tique<\/strong> : L&rsquo;objectif est d&rsquo;atteindre un b\u00e2timent \u00e0 \u00e9nergie positive, o\u00f9 la production d&rsquo;\u00e9nergie est sup\u00e9rieure \u00e0 la consommation.<\/li><\/ul>\n\n<p>Les actions mises en place au sein de ce projet de construction pr\u00e9c\u00e8dent l&rsquo;inauguration future. En int\u00e9grant des pratiques \u00e9cologiques, V\u00e9zac ne se contente pas de r\u00e9nover son \u00e9cole, mais ambitionne de devenir un mod\u00e8le \u00e0 suivre. Ces choix \u00e9claireront les g\u00e9n\u00e9rations futures sur l\u2019importance de pr\u00e9server notre plan\u00e8te.<\/p>\n\n<h2 class=\"wp-block-heading\">Ressources et avenir pour l&rsquo;\u00e9cole \u00e0 V\u00e9zac<\/h2>\n\n<p>Pour garantir le succ\u00e8s de ce chantier, des ressources ad\u00e9quates ont \u00e9t\u00e9 mobilis\u00e9es. Le financement provenait en partie de subventions r\u00e9gionales et nationales, ce qui t\u00e9moigne de l&rsquo;importance que rev\u00eat ce projet. Les acteurs locaux, les parents d&rsquo;\u00e9l\u00e8ves et m\u00eame des entreprises priv\u00e9es ont \u00e9galement contribu\u00e9 \u00e0 la r\u00e9alisation des travaux, que ce soit \u00e0 travers des dons ou du b\u00e9n\u00e9volat.<\/p>\n\n<figure class=\"wp-block-table\"><table>\n<thead>\n<tr>\n<th>Source de financement<\/th>\n<th>Montant<\/th>\n<th>Pourcentage du budget total<\/th>\n<\/tr>\n<\/thead>\n<tbody>\n<tr>\n<td>Subventions gouvernementales<\/td>\n<td>150 000\u20ac<\/td>\n<td>50%<\/td>\n<\/tr>\n<tr>\n<td>Dons d&rsquo;entreprises locales<\/td>\n<td>70 000\u20ac<\/td>\n<td>23%<\/td>\n<\/tr>\n<tr>\n<td>Budget communal<\/td>\n<td>80 000\u20ac<\/td>\n<td>27%<\/td>\n<\/tr>\n<\/tbody>\n<\/table><\/figure>\n\n<p>Ces fonds permettront de finir les travaux dans les meilleures conditions. En assurant un suivi rigoureux du chantier, le conseil municipal esp\u00e8re que l&rsquo;\u00e9cole constituera, \u00e0 terme, un p\u00f4le d&rsquo;excellence pour l&rsquo;\u00e9ducation \u00e0 V\u00e9zac.<\/p>\n\n<p>Le regard est d\u00e9sormais tourn\u00e9 vers l&rsquo;avenir. La r\u00e9ouverture de ce b\u00e2timent sera un moment cl\u00e9 pour la commune. Les habitants attendent avec impatience de d\u00e9couvrir les nouvelles infrastructures \u00e9ducatives qui renforceront l&rsquo;image dynamique de V\u00e9zac.<\/p>\n\n<h2 class=\"wp-block-heading\">Les questions que tu te poses sur le chantier de l&rsquo;\u00e9cole \u00e0 V\u00e9zac<\/h2>\n\n<p>Quelles formations sont pr\u00e9vues pour les enseignants dans ce nouvel environnement scolaire ? Les enseignants b\u00e9n\u00e9ficieront de formations pour se familiariser avec les nouvelles technologies et m\u00e9thodes p\u00e9dagogiques.<\/p>\n\n<p>Quand la r\u00e9ouverture de l&rsquo;\u00e9cole est-elle pr\u00e9vue ? La r\u00e9ouverture est anticip\u00e9e pour la rentr\u00e9e scolaire de septembre 2025.<\/p>\n\n<p>Quels types de projets \u00e9ducatifs vont \u00eatre initi\u00e9s ? Des projets associant l&rsquo;\u00e9cologie, la technologie et l&rsquo;interaction communautaire sont \u00e0 l&rsquo;ordre du jour.<\/p>\n\n<p>Est-ce que des activit\u00e9s p\u00e9riscolaires seront propos\u00e9es ? Oui, plusieurs activit\u00e9s p\u00e9riscolaires seront mises en place pour diversifier l&rsquo;apprentissage des \u00e9l\u00e8ves.<\/p>\n\n<p>Comment les parents peuvent-ils s&rsquo;impliquer dans ces initiatives ? Les parents seront invit\u00e9s \u00e0 participer \u00e0 des ateliers et \u00e0 s&rsquo;engager dans des associations pour contribuer au dynamisme de l&rsquo;\u00e9cole.<\/p>\n\n","protected":false},"excerpt":{"rendered":"<p>\u00c0 V\u00e9zac, l&rsquo;effervescence est au rendez-vous avec des travaux qui avancent \u00e0 un rythme soutenu. La r\u00e9novation de l&rsquo;\u00e9cole \u00e9l\u00e9mentaire, anticip\u00e9e par la commune, est en passe de transformer l&rsquo;\u00e9tablissement scolaire en un v\u00e9ritable mod\u00e8le d&rsquo;infrastructures \u00e9ducatives modernes. Les habitants, toujours engag\u00e9s, scrutent de pr\u00e8s l&rsquo;\u00e9volution de ce chantier qui ne se limite pas seulement &#8230; <a title=\"V\u00e9zac : le chantier de l&rsquo;\u00e9cole progresse \u00e0 grands pas\" class=\"read-more\" href=\"https:\/\/www.apres-lecole.fr\/Blog\/chantier-ecole-vezac\/\" aria-label=\"En savoir plus sur V\u00e9zac : le chantier de l&rsquo;\u00e9cole progresse \u00e0 grands pas\">Lire plus<\/a><\/p>\n","protected":false},"author":7,"featured_media":2161,"comment_status":"open","ping_status":"open","sticky":false,"template":"","format":"standard","meta":{"footnotes":""},"categories":[342],"tags":[1314,410,412,663,1313],"class_list":["post-2162","post","type-post","status-publish","format-standard","has-post-thumbnail","hentry","category-actualites","tag-chantier","tag-ecole","tag-education","tag-progres","tag-vezac"],"yoast_head":"<!-- This site is optimized with the Yoast SEO plugin v27.5 - https:\/\/yoast.com\/product\/yoast-seo-wordpress\/ -->\n<title>V\u00e9zac : le chantier de l&#039;\u00e9cole prend forme<\/title>\n<meta name=\"description\" content=\"V\u00e9zac : le chantier de l&#039;\u00e9cole progresse \u00e0 grands pas. Suivez l&#039;avancement, le calendrier des travaux et les b\u00e9n\u00e9fices pour les familles et \u00e9l\u00e8ves.\" \/>\n<meta name=\"robots\" content=\"index, follow, max-snippet:-1, max-image-preview:large, max-video-preview:-1\" \/>\n<link rel=\"canonical\" href=\"https:\/\/www.apres-lecole.fr\/Blog\/chantier-ecole-vezac\/\" \/>\n<meta property=\"og:locale\" content=\"fr_FR\" \/>\n<meta property=\"og:type\" content=\"article\" \/>\n<meta property=\"og:title\" content=\"V\u00e9zac : le chantier de l&#039;\u00e9cole prend forme\" \/>\n<meta property=\"og:description\" content=\"V\u00e9zac : le chantier de l&#039;\u00e9cole progresse \u00e0 grands pas. Suivez l&#039;avancement, le calendrier des travaux et les b\u00e9n\u00e9fices pour les familles et \u00e9l\u00e8ves.\" \/>\n<meta property=\"og:url\" content=\"https:\/\/www.apres-lecole.fr\/Blog\/chantier-ecole-vezac\/\" \/>\n<meta property=\"article:published_time\" content=\"2025-08-11T07:17:53+00:00\" \/>\n<meta property=\"og:image\" content=\"https:\/\/www.apres-lecole.fr\/Blog\/wp-content\/uploads\/2025\/08\/Vezac-le-chantier-de-lecole-progresse-a-grands-pas.jpg\" \/>\n\t<meta property=\"og:image:width\" content=\"1344\" \/>\n\t<meta property=\"og:image:height\" content=\"768\" \/>\n\t<meta property=\"og:image:type\" content=\"image\/jpeg\" \/>\n<meta name=\"twitter:card\" content=\"summary_large_image\" \/>\n<meta name=\"twitter:label1\" content=\"\u00c9crit par\" \/>\n\t<meta name=\"twitter:data1\" content=\"\" \/>\n\t<meta name=\"twitter:label2\" content=\"Dur\u00e9e de lecture estim\u00e9e\" \/>\n\t<meta name=\"twitter:data2\" content=\"7 minutes\" \/>\n<script type=\"application\/ld+json\" class=\"yoast-schema-graph\">{\"@context\":\"https:\\\/\\\/schema.org\",\"@graph\":[{\"@type\":\"Article\",\"@id\":\"https:\\\/\\\/www.apres-lecole.fr\\\/Blog\\\/chantier-ecole-vezac\\\/#article\",\"isPartOf\":{\"@id\":\"https:\\\/\\\/www.apres-lecole.fr\\\/Blog\\\/chantier-ecole-vezac\\\/\"},\"author\":{\"name\":\"\",\"@id\":\"\"},\"headline\":\"V\u00e9zac : le chantier de l&rsquo;\u00e9cole progresse \u00e0 grands pas\",\"datePublished\":\"2025-08-11T07:17:53+00:00\",\"mainEntityOfPage\":{\"@id\":\"https:\\\/\\\/www.apres-lecole.fr\\\/Blog\\\/chantier-ecole-vezac\\\/\"},\"wordCount\":1451,\"commentCount\":0,\"image\":{\"@id\":\"https:\\\/\\\/www.apres-lecole.fr\\\/Blog\\\/chantier-ecole-vezac\\\/#primaryimage\"},\"thumbnailUrl\":\"https:\\\/\\\/www.apres-lecole.fr\\\/Blog\\\/wp-content\\\/uploads\\\/2025\\\/08\\\/Vezac-le-chantier-de-lecole-progresse-a-grands-pas.jpg\",\"keywords\":[\"chantier\",\"\u00e9cole\",\"\u00e9ducation\",\"progr\u00e8s\",\"v\u00e9zac\"],\"articleSection\":[\"Actualit\u00e9s\"],\"inLanguage\":\"fr-FR\",\"potentialAction\":[{\"@type\":\"CommentAction\",\"name\":\"Comment\",\"target\":[\"https:\\\/\\\/www.apres-lecole.fr\\\/Blog\\\/chantier-ecole-vezac\\\/#respond\"]}]},{\"@type\":\"WebPage\",\"@id\":\"https:\\\/\\\/www.apres-lecole.fr\\\/Blog\\\/chantier-ecole-vezac\\\/\",\"url\":\"https:\\\/\\\/www.apres-lecole.fr\\\/Blog\\\/chantier-ecole-vezac\\\/\",\"name\":\"V\u00e9zac : le chantier de l'\u00e9cole prend forme\",\"isPartOf\":{\"@id\":\"https:\\\/\\\/www.apres-lecole.fr\\\/Blog\\\/#website\"},\"primaryImageOfPage\":{\"@id\":\"https:\\\/\\\/www.apres-lecole.fr\\\/Blog\\\/chantier-ecole-vezac\\\/#primaryimage\"},\"image\":{\"@id\":\"https:\\\/\\\/www.apres-lecole.fr\\\/Blog\\\/chantier-ecole-vezac\\\/#primaryimage\"},\"thumbnailUrl\":\"https:\\\/\\\/www.apres-lecole.fr\\\/Blog\\\/wp-content\\\/uploads\\\/2025\\\/08\\\/Vezac-le-chantier-de-lecole-progresse-a-grands-pas.jpg\",\"datePublished\":\"2025-08-11T07:17:53+00:00\",\"author\":{\"@id\":\"\"},\"description\":\"V\u00e9zac : le chantier de l'\u00e9cole progresse \u00e0 grands pas. Suivez l'avancement, le calendrier des travaux et les b\u00e9n\u00e9fices pour les familles et \u00e9l\u00e8ves.\",\"breadcrumb\":{\"@id\":\"https:\\\/\\\/www.apres-lecole.fr\\\/Blog\\\/chantier-ecole-vezac\\\/#breadcrumb\"},\"inLanguage\":\"fr-FR\",\"potentialAction\":[{\"@type\":\"ReadAction\",\"target\":[\"https:\\\/\\\/www.apres-lecole.fr\\\/Blog\\\/chantier-ecole-vezac\\\/\"]}]},{\"@type\":\"ImageObject\",\"inLanguage\":\"fr-FR\",\"@id\":\"https:\\\/\\\/www.apres-lecole.fr\\\/Blog\\\/chantier-ecole-vezac\\\/#primaryimage\",\"url\":\"https:\\\/\\\/www.apres-lecole.fr\\\/Blog\\\/wp-content\\\/uploads\\\/2025\\\/08\\\/Vezac-le-chantier-de-lecole-progresse-a-grands-pas.jpg\",\"contentUrl\":\"https:\\\/\\\/www.apres-lecole.fr\\\/Blog\\\/wp-content\\\/uploads\\\/2025\\\/08\\\/Vezac-le-chantier-de-lecole-progresse-a-grands-pas.jpg\",\"width\":1344,\"height\":768,\"caption\":\"\u00e0 v\u00e9zac, le chantier de l'\u00e9cole avance rapidement : point d\u2019\u00e9tape, objectifs, calendrier des travaux et prochaines \u00e9tapes vers une ouverture r\u00e9ussie.\"},{\"@type\":\"BreadcrumbList\",\"@id\":\"https:\\\/\\\/www.apres-lecole.fr\\\/Blog\\\/chantier-ecole-vezac\\\/#breadcrumb\",\"itemListElement\":[{\"@type\":\"ListItem\",\"position\":1,\"name\":\"Home\",\"item\":\"https:\\\/\\\/www.apres-lecole.fr\\\/Blog\\\/\"},{\"@type\":\"ListItem\",\"position\":2,\"name\":\"V\u00e9zac : le chantier de l&rsquo;\u00e9cole progresse \u00e0 grands pas\"}]},{\"@type\":\"WebSite\",\"@id\":\"https:\\\/\\\/www.apres-lecole.fr\\\/Blog\\\/#website\",\"url\":\"https:\\\/\\\/www.apres-lecole.fr\\\/Blog\\\/\",\"name\":\"\",\"description\":\"M\u00e9dia g\u00e9n\u00e9raliste\",\"potentialAction\":[{\"@type\":\"SearchAction\",\"target\":{\"@type\":\"EntryPoint\",\"urlTemplate\":\"https:\\\/\\\/www.apres-lecole.fr\\\/Blog\\\/?s={search_term_string}\"},\"query-input\":{\"@type\":\"PropertyValueSpecification\",\"valueRequired\":true,\"valueName\":\"search_term_string\"}}],\"inLanguage\":\"fr-FR\"},{\"@type\":\"Person\",\"@id\":\"\",\"url\":\"https:\\\/\\\/www.apres-lecole.fr\\\/Blog\\\/author\\\/\"}]}<\/script>\n<!-- \/ Yoast SEO plugin. -->","yoast_head_json":{"title":"V\u00e9zac : le chantier de l'\u00e9cole prend forme","description":"V\u00e9zac : le chantier de l'\u00e9cole progresse \u00e0 grands pas. Suivez l'avancement, le calendrier des travaux et les b\u00e9n\u00e9fices pour les familles et \u00e9l\u00e8ves.","robots":{"index":"index","follow":"follow","max-snippet":"max-snippet:-1","max-image-preview":"max-image-preview:large","max-video-preview":"max-video-preview:-1"},"canonical":"https:\/\/www.apres-lecole.fr\/Blog\/chantier-ecole-vezac\/","og_locale":"fr_FR","og_type":"article","og_title":"V\u00e9zac : le chantier de l'\u00e9cole prend forme","og_description":"V\u00e9zac : le chantier de l'\u00e9cole progresse \u00e0 grands pas. Suivez l'avancement, le calendrier des travaux et les b\u00e9n\u00e9fices pour les familles et \u00e9l\u00e8ves.","og_url":"https:\/\/www.apres-lecole.fr\/Blog\/chantier-ecole-vezac\/","article_published_time":"2025-08-11T07:17:53+00:00","og_image":[{"width":1344,"height":768,"url":"https:\/\/www.apres-lecole.fr\/Blog\/wp-content\/uploads\/2025\/08\/Vezac-le-chantier-de-lecole-progresse-a-grands-pas.jpg","type":"image\/jpeg"}],"twitter_card":"summary_large_image","twitter_misc":{"\u00c9crit par":"","Dur\u00e9e de lecture estim\u00e9e":"7 minutes"},"schema":{"@context":"https:\/\/schema.org","@graph":[{"@type":"Article","@id":"https:\/\/www.apres-lecole.fr\/Blog\/chantier-ecole-vezac\/#article","isPartOf":{"@id":"https:\/\/www.apres-lecole.fr\/Blog\/chantier-ecole-vezac\/"},"author":{"name":"","@id":""},"headline":"V\u00e9zac : le chantier de l&rsquo;\u00e9cole progresse \u00e0 grands pas","datePublished":"2025-08-11T07:17:53+00:00","mainEntityOfPage":{"@id":"https:\/\/www.apres-lecole.fr\/Blog\/chantier-ecole-vezac\/"},"wordCount":1451,"commentCount":0,"image":{"@id":"https:\/\/www.apres-lecole.fr\/Blog\/chantier-ecole-vezac\/#primaryimage"},"thumbnailUrl":"https:\/\/www.apres-lecole.fr\/Blog\/wp-content\/uploads\/2025\/08\/Vezac-le-chantier-de-lecole-progresse-a-grands-pas.jpg","keywords":["chantier","\u00e9cole","\u00e9ducation","progr\u00e8s","v\u00e9zac"],"articleSection":["Actualit\u00e9s"],"inLanguage":"fr-FR","potentialAction":[{"@type":"CommentAction","name":"Comment","target":["https:\/\/www.apres-lecole.fr\/Blog\/chantier-ecole-vezac\/#respond"]}]},{"@type":"WebPage","@id":"https:\/\/www.apres-lecole.fr\/Blog\/chantier-ecole-vezac\/","url":"https:\/\/www.apres-lecole.fr\/Blog\/chantier-ecole-vezac\/","name":"V\u00e9zac : le chantier de l'\u00e9cole prend forme","isPartOf":{"@id":"https:\/\/www.apres-lecole.fr\/Blog\/#website"},"primaryImageOfPage":{"@id":"https:\/\/www.apres-lecole.fr\/Blog\/chantier-ecole-vezac\/#primaryimage"},"image":{"@id":"https:\/\/www.apres-lecole.fr\/Blog\/chantier-ecole-vezac\/#primaryimage"},"thumbnailUrl":"https:\/\/www.apres-lecole.fr\/Blog\/wp-content\/uploads\/2025\/08\/Vezac-le-chantier-de-lecole-progresse-a-grands-pas.jpg","datePublished":"2025-08-11T07:17:53+00:00","author":{"@id":""},"description":"V\u00e9zac : le chantier de l'\u00e9cole progresse \u00e0 grands pas. Suivez l'avancement, le calendrier des travaux et les b\u00e9n\u00e9fices pour les familles et \u00e9l\u00e8ves.","breadcrumb":{"@id":"https:\/\/www.apres-lecole.fr\/Blog\/chantier-ecole-vezac\/#breadcrumb"},"inLanguage":"fr-FR","potentialAction":[{"@type":"ReadAction","target":["https:\/\/www.apres-lecole.fr\/Blog\/chantier-ecole-vezac\/"]}]},{"@type":"ImageObject","inLanguage":"fr-FR","@id":"https:\/\/www.apres-lecole.fr\/Blog\/chantier-ecole-vezac\/#primaryimage","url":"https:\/\/www.apres-lecole.fr\/Blog\/wp-content\/uploads\/2025\/08\/Vezac-le-chantier-de-lecole-progresse-a-grands-pas.jpg","contentUrl":"https:\/\/www.apres-lecole.fr\/Blog\/wp-content\/uploads\/2025\/08\/Vezac-le-chantier-de-lecole-progresse-a-grands-pas.jpg","width":1344,"height":768,"caption":"\u00e0 v\u00e9zac, le chantier de l'\u00e9cole avance rapidement : point d\u2019\u00e9tape, objectifs, calendrier des travaux et prochaines \u00e9tapes vers une ouverture r\u00e9ussie."},{"@type":"BreadcrumbList","@id":"https:\/\/www.apres-lecole.fr\/Blog\/chantier-ecole-vezac\/#breadcrumb","itemListElement":[{"@type":"ListItem","position":1,"name":"Home","item":"https:\/\/www.apres-lecole.fr\/Blog\/"},{"@type":"ListItem","position":2,"name":"V\u00e9zac : le chantier de l&rsquo;\u00e9cole progresse \u00e0 grands pas"}]},{"@type":"WebSite","@id":"https:\/\/www.apres-lecole.fr\/Blog\/#website","url":"https:\/\/www.apres-lecole.fr\/Blog\/","name":"","description":"M\u00e9dia g\u00e9n\u00e9raliste","potentialAction":[{"@type":"SearchAction","target":{"@type":"EntryPoint","urlTemplate":"https:\/\/www.apres-lecole.fr\/Blog\/?s={search_term_string}"},"query-input":{"@type":"PropertyValueSpecification","valueRequired":true,"valueName":"search_term_string"}}],"inLanguage":"fr-FR"},{"@type":"Person","@id":"","url":"https:\/\/www.apres-lecole.fr\/Blog\/author\/"}]}},"views":1,"_links":{"self":[{"href":"https:\/\/www.apres-lecole.fr\/Blog\/wp-json\/wp\/v2\/posts\/2162","targetHints":{"allow":["GET"]}}],"collection":[{"href":"https:\/\/www.apres-lecole.fr\/Blog\/wp-json\/wp\/v2\/posts"}],"about":[{"href":"https:\/\/www.apres-lecole.fr\/Blog\/wp-json\/wp\/v2\/types\/post"}],"author":[{"embeddable":true,"href":"https:\/\/www.apres-lecole.fr\/Blog\/wp-json\/wp\/v2\/users\/7"}],"replies":[{"embeddable":true,"href":"https:\/\/www.apres-lecole.fr\/Blog\/wp-json\/wp\/v2\/comments?post=2162"}],"version-history":[{"count":0,"href":"https:\/\/www.apres-lecole.fr\/Blog\/wp-json\/wp\/v2\/posts\/2162\/revisions"}],"wp:featuredmedia":[{"embeddable":true,"href":"https:\/\/www.apres-lecole.fr\/Blog\/wp-json\/wp\/v2\/media\/2161"}],"wp:attachment":[{"href":"https:\/\/www.apres-lecole.fr\/Blog\/wp-json\/wp\/v2\/media?parent=2162"}],"wp:term":[{"taxonomy":"category","embeddable":true,"href":"https:\/\/www.apres-lecole.fr\/Blog\/wp-json\/wp\/v2\/categories?post=2162"},{"taxonomy":"post_tag","embeddable":true,"href":"https:\/\/www.apres-lecole.fr\/Blog\/wp-json\/wp\/v2\/tags?post=2162"}],"curies":[{"name":"wp","href":"https:\/\/api.w.org\/{rel}","templated":true}]}}