{"id":2158,"date":"2025-08-11T06:33:21","date_gmt":"2025-08-11T06:33:21","guid":{"rendered":"https:\/\/www.apres-lecole.fr\/Blog\/ecole-privee-reims-2025\/"},"modified":"2025-08-11T06:33:21","modified_gmt":"2025-08-11T06:33:21","slug":"ecole-privee-reims-2025","status":"publish","type":"post","link":"https:\/\/www.apres-lecole.fr\/Blog\/ecole-privee-reims-2025\/","title":{"rendered":"\u00c9cole priv\u00e9e \u00e0 Reims : tout ce qu&rsquo;il faut savoir pour choisir la bonne option en 2025."},"content":{"rendered":"\n\n<div class=\"kk-star-ratings kksr-auto kksr-align-left kksr-valign-top\"\n    data-payload='{&quot;align&quot;:&quot;left&quot;,&quot;id&quot;:&quot;2158&quot;,&quot;slug&quot;:&quot;default&quot;,&quot;valign&quot;:&quot;top&quot;,&quot;ignore&quot;:&quot;&quot;,&quot;reference&quot;:&quot;auto&quot;,&quot;class&quot;:&quot;&quot;,&quot;count&quot;:&quot;0&quot;,&quot;legendonly&quot;:&quot;&quot;,&quot;readonly&quot;:&quot;&quot;,&quot;score&quot;:&quot;0&quot;,&quot;starsonly&quot;:&quot;&quot;,&quot;best&quot;:&quot;5&quot;,&quot;gap&quot;:&quot;5&quot;,&quot;greet&quot;:&quot;Rate this post&quot;,&quot;legend&quot;:&quot;0\\\/5 - (0 vote)&quot;,&quot;size&quot;:&quot;24&quot;,&quot;title&quot;:&quot;\u00c9cole priv\u00e9e \u00e0 Reims : tout ce qu\\u0026#039;il faut savoir pour choisir la bonne option en 2025.&quot;,&quot;width&quot;:&quot;0&quot;,&quot;_legend&quot;:&quot;{score}\\\/{best} - ({count} {votes})&quot;,&quot;font_factor&quot;:&quot;1.25&quot;}'>\n            \n<div class=\"kksr-stars\">\n    \n<div class=\"kksr-stars-inactive\">\n            <div class=\"kksr-star\" data-star=\"1\" style=\"padding-right: 5px\">\n            \n\n<div class=\"kksr-icon\" style=\"width: 24px; height: 24px;\"><\/div>\n        <\/div>\n            <div class=\"kksr-star\" data-star=\"2\" style=\"padding-right: 5px\">\n            \n\n<div class=\"kksr-icon\" style=\"width: 24px; height: 24px;\"><\/div>\n        <\/div>\n            <div class=\"kksr-star\" data-star=\"3\" style=\"padding-right: 5px\">\n            \n\n<div class=\"kksr-icon\" style=\"width: 24px; height: 24px;\"><\/div>\n        <\/div>\n            <div class=\"kksr-star\" data-star=\"4\" style=\"padding-right: 5px\">\n            \n\n<div class=\"kksr-icon\" style=\"width: 24px; height: 24px;\"><\/div>\n        <\/div>\n            <div class=\"kksr-star\" data-star=\"5\" style=\"padding-right: 5px\">\n            \n\n<div class=\"kksr-icon\" style=\"width: 24px; height: 24px;\"><\/div>\n        <\/div>\n    <\/div>\n    \n<div class=\"kksr-stars-active\" style=\"width: 0px;\">\n            <div class=\"kksr-star\" style=\"padding-right: 5px\">\n            \n\n<div class=\"kksr-icon\" style=\"width: 24px; height: 24px;\"><\/div>\n        <\/div>\n            <div class=\"kksr-star\" style=\"padding-right: 5px\">\n            \n\n<div class=\"kksr-icon\" style=\"width: 24px; height: 24px;\"><\/div>\n        <\/div>\n            <div class=\"kksr-star\" style=\"padding-right: 5px\">\n            \n\n<div class=\"kksr-icon\" style=\"width: 24px; height: 24px;\"><\/div>\n        <\/div>\n            <div class=\"kksr-star\" style=\"padding-right: 5px\">\n            \n\n<div class=\"kksr-icon\" style=\"width: 24px; height: 24px;\"><\/div>\n        <\/div>\n            <div class=\"kksr-star\" style=\"padding-right: 5px\">\n            \n\n<div class=\"kksr-icon\" style=\"width: 24px; height: 24px;\"><\/div>\n        <\/div>\n    <\/div>\n<\/div>\n                \n\n<div class=\"kksr-legend\" style=\"font-size: 19.2px;\">\n            <span class=\"kksr-muted\">Rate this post<\/span>\n    <\/div>\n    <\/div>\n<p>Reims, la charmante ville connue pour son riche patrimoine historique et sa c\u00e9l\u00e8bre gastronomie, accueille un syst\u00e8me \u00e9ducatif priv\u00e9 florissant. En 2025, il ne s&rsquo;agit pas seulement d&rsquo;une question de faire le choix de la bonne \u00e9cole, mais aussi de comprendre les diff\u00e9rences entre les \u00e9tablissements priv\u00e9s et la mani\u00e8re dont ces derniers peuvent correspondre aux ambitions acad\u00e9miques et personnelles de chaque \u00e9l\u00e8ve. Avec pr\u00e8s de 24 \u00e9tablissements recens\u00e9s dans la ville, le choix peut sembler vaste. Cependant, cet article offre un <strong>guide complet sur les \u00e9coles priv\u00e9es \u00e0 Reims<\/strong>, en explorant les consid\u00e9rations essentielles pour aider \u00e0 d\u00e9cider de l&rsquo;orientation scolaire. La question de la qualit\u00e9 de l&rsquo;\u00e9ducation, de l&#8217;emplacement, des valeurs \u00e9ducatives ainsi que des options de financement sont toutes \u00e0 prendre en compte.<\/p>\n\n<h2 class=\"wp-block-heading\">Les types d&rsquo;\u00e9coles priv\u00e9es \u00e0 Reims : un \u00e9ventail de choix<\/h2>\n\n<p>Le paysage \u00e9ducatif \u00e0 Reims se diversifie avec des <strong>\u00e9tablissements priv\u00e9s<\/strong> qui proposent des cursus vari\u00e9s adapt\u00e9s aux besoins des \u00e9l\u00e8ves. Les \u00e9coles priv\u00e9es sont souvent divis\u00e9es en plusieurs cat\u00e9gories : les \u00e9coles primaires, les coll\u00e8ges, les lyc\u00e9es et m\u00eame les \u00e9tablissements sp\u00e9cialis\u00e9s. Chaque type d&rsquo;\u00e9cole a ses propres caract\u00e9ristiques.<\/p>\n\n<h3 class=\"wp-block-heading\">\u00c9coles maternelles et \u00e9l\u00e9mentaires<\/h3>\n\n<p>Les \u00e9tablissements priv\u00e9s accueillant les plus jeunes sont souvent r\u00e9put\u00e9s pour leur attention particuli\u00e8re \u00e0 la p\u00e9dagogie et \u00e0 l&rsquo;\u00e9panouissement des petits. Voici quelques exemples :<\/p>\n\n<ul class=\"wp-block-list\"><li>\u00c9cole primaire priv\u00e9e Sacr\u00e9-Coeur<\/li><li>\u00c9cole primaire priv\u00e9e Saint Andr\u00e9<\/li><li>\u00c9cole primaire priv\u00e9e la Providence<\/li><\/ul>\n\n<p>Ces \u00e9coles se distinguent par leur capacit\u00e9 \u00e0 fournir un cadre chaleureux et familial, essentiel pour les premiers apprentissages. De plus, plusieurs d&rsquo;entre elles int\u00e8grent des pratiques p\u00e9dagogiques innovantes et des activit\u00e9s extrascolaires enrichissantes, favorisant une <strong>\u00e9ducation holistique<\/strong>.<\/p>\n\n<h3 class=\"wp-block-heading\">Coll\u00e8ges priv\u00e9s : passer du primaire au secondaire<\/h3>\n\n<p>Le passage au coll\u00e8ge est une \u00e9tape cruciale dans le parcours \u00e9ducatif d&rsquo;un \u00e9l\u00e8ve. \u00c0 Reims, des \u00e9tablissements comme le <strong>Coll\u00e8ge Jeanne d&rsquo;Arc &#8211; La Salle<\/strong> et le <strong>Coll\u00e8ge Saint-Joseph<\/strong> se distinguent par leurs m\u00e9thodes d\u2019enseignement rigoureuses et leur suivi personnalis\u00e9. Les coll\u00e9giens b\u00e9n\u00e9ficient d&rsquo;une large gamme de mati\u00e8res et d&rsquo;options, permettant ainsi de pr\u00e9parer id\u00e9alement l&rsquo;entr\u00e9e au lyc\u00e9e.<\/p>\n\n<p>Les coll\u00e9giens peuvent se pr\u00e9parer \u00e0 diff\u00e9rents dipl\u00f4mes, notamment le brevet et avoir acc\u00e8s \u00e0 des dispositifs d&rsquo;aide aux devoirs, qu&rsquo;ils soient en difficult\u00e9 ou qu&rsquo;ils souhaitent simplement approfondir leurs connaissances.<\/p>\n\n<h3 class=\"wp-block-heading\">Ly\u00e7\u00e9es priv\u00e9s : vers une sp\u00e9cialisation<\/h3>\n\n<p>Les lyc\u00e9es priv\u00e9s de Reims, tels que le <strong>Lyc\u00e9e Sacr\u00e9-Coeur<\/strong> et le <strong>Lyc\u00e9e polyvalent Saint-Jean-Baptiste de La Salle<\/strong>, offrent de nombreux parcours. En 2025, la tendance est d&rsquo;int\u00e9grer des cursus de plus en plus sp\u00e9cialis\u00e9s, permettant aux \u00e9l\u00e8ves de s&rsquo;orienter vers des domaines comme les arts, les sciences ou les technologies. Les options de formation peuvent aller des sections g\u00e9n\u00e9ralistes aux sections professionnelles, offrant ainsi des voies diversifi\u00e9es vers le monde du travail ou les \u00e9tudes sup\u00e9rieures.<\/p>\n\n<p>Ce choix de sp\u00e9cialisation s\u2019inscrit dans une volont\u00e9 de r\u00e9pondre aux attentes du march\u00e9 de l\u2019emploi en France et \u00e0 l&rsquo;international. Les \u00e9tudiants sont donc mieux pr\u00e9par\u00e9s \u00e0 faire face aux d\u00e9fis qui les attendent apr\u00e8s le bac.<\/p>\n\n<h2 class=\"wp-block-heading\">Crit\u00e8res essentiels pour choisir son \u00e9cole \u00e0 Reims<\/h2>\n\n<p>Choisir son \u00e9cole \u00e0 Reims n&rsquo;est pas une mince affaire. Les parents doivent prendre en compte plusieurs \u00e9l\u00e9ments cruciaux pour s&rsquo;assurer d&rsquo;un choix judicieux. Voici un aper\u00e7u des crit\u00e8res les plus significatifs :<\/p>\n\n<h3 class=\"wp-block-heading\">La p\u00e9dagogie et les valeurs \u00e9ducatives<\/h3>\n\n<p>Chaque \u00e9tablissement propose sa propre m\u00e9thode d&rsquo;enseignement. Il est donc indispensable d&rsquo;\u00e9tudier le projet \u00e9ducatif de l&rsquo;\u00e9cole ainsi que les valeurs qu&rsquo;elle v\u00e9hicule. Par exemple, certaines \u00e9coles privil\u00e9gient l&rsquo;approche Montessori, d&rsquo;autres l&rsquo;enseignement traditionnel, ou m\u00eame une m\u00e9thode inspir\u00e9e des neurosciences.<\/p>\n\n<ul class=\"wp-block-list\"><li>Les \u00e9coles bas\u00e9es sur des valeurs religieuses<\/li><li>Les \u00e9tablissements la\u00efcs<\/li><li>Les \u00e9coles innovantes avec des p\u00e9dagogies alternatives<\/li><\/ul>\n\n<p>Ces diff\u00e9rences de p\u00e9dagogie influenceront grandement l&rsquo;exp\u00e9rience scolaire des enfants, il est donc essentiel de visiter les \u00e9coles et d&rsquo;observer leur ambiance.<\/p>\n\n<h3 class=\"wp-block-heading\">Les installations et ressources disponibles<\/h3>\n\n<p>Des \u00e9quipements adapt\u00e9s et modernes peuvent faire toute la diff\u00e9rence. V\u00e9rifie si l&rsquo;\u00e9cole dispose de salles de classe bien \u00e9quip\u00e9es, d&rsquo;espaces de loisirs, de laboratoires et de biblioth\u00e8ques. Les activit\u00e9s sportives et culturelles sont aussi des \u00e9l\u00e9ments \u00e0 ne pas n\u00e9gliger.<\/p>\n\n<figure class=\"wp-block-table\"><table>\n<thead>\n<tr>\n<th>Type d&rsquo;installation<\/th>\n<th>Importance<\/th>\n<\/tr>\n<\/thead>\n<tbody>\n<tr>\n<td>Salles de classe modernes<\/td>\n<td>\ud83c\udfeb Essentielle pour un apprentissage optimal.<\/td>\n<\/tr>\n<tr>\n<td>Laboratoires de sciences<\/td>\n<td>\ud83d\udd2c Cruciaux pour les mati\u00e8res scientifiques.<\/td>\n<\/tr>\n<tr>\n<td>Espaces sportifs<\/td>\n<td>\u26bd Favorisent une vie saine et active.<\/td>\n<\/tr>\n<\/tbody>\n<\/table><\/figure>\n\n<h3 class=\"wp-block-heading\">L&#8217;emplacement g\u00e9ographique<\/h3>\n\n<p>La localisation de l&rsquo;\u00e9cole joue un r\u00f4le crucial. Une \u00e9cole bien situ\u00e9e permet une accessibilit\u00e9 maximale pour les \u00e9l\u00e8ves, mais \u00e9galement pour les parents. R\u00e9fl\u00e9chis \u00e0 la distance entre l&rsquo;\u00e9cole et le domicile ainsi qu&rsquo;aux moyens de transport disponibles. Si l&rsquo;\u00e9tablissement se trouve dans un quartier anim\u00e9, cela peut \u00e9galement jouer en sa faveur, offrant aux \u00e9l\u00e8ves la possibilit\u00e9 d&rsquo;aller \u00e0 des activit\u00e9s et d&rsquo;interagir dans un cadre dynamique.<\/p>\n\n<h2 class=\"wp-block-heading\">Les tendances en mati\u00e8re d&rsquo;admissions priv\u00e9es \u00e0 Reims pour 2025<\/h2>\n\n<p>Avec l\u2019\u00e9volution des pratiques \u00e9ducatives et le contexte soci\u00e9tal, les admissions priv\u00e9es \u00e0 Reims prennent progressivement de nouvelles formes. En 2025, il est important de pr\u00eater attention aux \u00e9volutions suivantes :<\/p>\n\n<h3 class=\"wp-block-heading\">La num\u00e9risation des inscriptions<\/h3>\n\n<p>De plus en plus d&rsquo;\u00e9coles proposent des <strong>inscriptions en ligne<\/strong>, facilitant ainsi l&rsquo;acc\u00e8s \u00e0 l&rsquo;information pour les parents. Cette \u00e9volution permet \u00e9galement de prendre en compte les contraintes de chacun, d&rsquo;\u00e9viter les d\u00e9placements et d&rsquo;acc\u00e9l\u00e9rer les proc\u00e9dures. Se renseigner sur le <strong>portail d&rsquo;admission<\/strong> d&rsquo;une \u00e9cole s&rsquo;av\u00e8re \u00eatre primordial pour conna\u00eetre toutes les \u00e9tapes.<\/p>\n\n<h3 class=\"wp-block-heading\">La valorisation des comp\u00e9tences<\/h3>\n\n<p>\u00c0 l\u2019heure o\u00f9 l\u2019\u00e9ducation acad\u00e9mique seule n\u2019est plus suffisante, les \u00e9coles priv\u00e9es mettent aujourd\u2019hui un point d\u2019honneur sur d\u2019autres comp\u00e9tences. On parle ici de personnalit\u00e9s, de capacit\u00e9s sociales et de cr\u00e9ativit\u00e9. Pour l&rsquo;admission, les nouveaux crit\u00e8res peuvent inclure :<\/p>\n\n<ul class=\"wp-block-list\"><li>Des tests d&rsquo;aptitude \ud83d\udca1<\/li><li>Des entrevues individuelles \ud83c\udfa4<\/li><li>Des \u00e9valuations de projets personnels \ud83d\udcdd<\/li><\/ul>\n\n<p>Ces \u00e9l\u00e9ments permettent d\u2019envisager un \u00e9l\u00e8ve comme un individu \u00e0 part enti\u00e8re et non comme un simple num\u00e9ro dans un syst\u00e8me \u00e9ducatif.<\/p>\n\n<h3 class=\"wp-block-heading\">Un parcours adapt\u00e9 aux besoins des \u00e9l\u00e8ves<\/h3>\n\n<p>Enfin, en 2025, la tendance est \u00e9galement \u00e0 l&rsquo;adaptation des parcours en fonction des capacit\u00e9s et des besoins des \u00e9l\u00e8ves. Les \u00e9coles priv\u00e9es de Reims r\u00e9fl\u00e9chissent \u00e0 des dispositifs permettant de suivre chaque \u00e9l\u00e8ve de mani\u00e8re plus personnalis\u00e9e, que ce soit gr\u00e2ce \u00e0 des cours particuliers ou des groupes d&rsquo;\u00e9tudes. Cette approche vise \u00e0 maximiser la <strong>r\u00e9ussite des \u00e9l\u00e8ves<\/strong> dans leur parcours scolaire.<\/p>\n\n<h2 class=\"wp-block-heading\">Les avis et retours d&rsquo;exp\u00e9rience sur les \u00e9coles priv\u00e9es de Reims<\/h2>\n\n<p>Les parents et les anciens \u00e9l\u00e8ves jouent un r\u00f4le essentiel dans la perception des \u00e9tablissements. En 2025, la tendance est d&rsquo;\u00e9valuer les \u00e9coles sur la base des avis laiss\u00e9s par ces personnes. Cela permet d&rsquo;acc\u00e9der \u00e0 des retours d&rsquo;exp\u00e9rience authentiques sur les diff\u00e9rentes \u00e9coles.<\/p>\n\n<p>Nombreux sont les sites et r\u00e9seaux sociaux o\u00f9 les exp\u00e9riences sont partag\u00e9es, et il est toujours utile de consulter ces plateformes. Compare les \u00e9coles en tenant compte des avis sur :<\/p>\n\n<ul class=\"wp-block-list\"><li>La qualit\u00e9 de l\u2019enseignement \ud83c\udf93<\/li><li>La gestion des conflits et des probl\u00e8mes de comportement \u26a0\ufe0f<\/li><li>La satisfaction des \u00e9l\u00e8ves et des parents \ud83d\ude03<\/li><\/ul>\n\n<h3 class=\"wp-block-heading\">Le comparatif des \u00e9coles en 2025<\/h3>\n\n<p>Il est fortement conseill\u00e9 de r\u00e9aliser un <strong>comparatif des \u00e9coles<\/strong> avant de faire son choix. Voici un tableau qui r\u00e9sume les caract\u00e9ristiques principales des \u00e9coles priv\u00e9es \u00e0 Reims :<\/p>\n\n<figure class=\"wp-block-table\"><table>\n<thead>\n<tr>\n<th>\u00c9tablissement<\/th>\n<th>Type<\/th>\n<th>Sp\u00e9cificit\u00e9s<\/th>\n<\/tr>\n<\/thead>\n<tbody>\n<tr>\n<td>Lyc\u00e9e Sacr\u00e9-Coeur<\/td>\n<td>Lycee<\/td>\n<td>Excellence acad\u00e9mique \ud83d\udd1d<\/td>\n<\/tr>\n<tr>\n<td>Coll\u00e8ge Saint-Joseph<\/td>\n<td>Coll\u00e8ge<\/td>\n<td>Proximit\u00e9 familiale \ud83d\udc76<\/td>\n<\/tr>\n<tr>\n<td>\u00c9cole primaire la Providence<\/td>\n<td>\u00c9cole Primaire<\/td>\n<td>Engagement p\u00e9dagogique \ud83d\udc96<\/td>\n<\/tr>\n<\/tbody>\n<\/table><\/figure>\n\n<h2 class=\"wp-block-heading\">Comment maximiser ses chances d&rsquo;admission dans une \u00e9cole priv\u00e9e ?<\/h2>\n\n<p>Int\u00e9grer une \u00e9cole priv\u00e9e \u00e0 Reims peut sembler \u00eatre un vrai parcours du combattant, mais en suivant quelques conseils, augmenter ses chances d&rsquo;admission devient plus facile. Voici quelques astuces \u00e0 garder en t\u00eate :<\/p>\n\n<ul class=\"wp-block-list\"><li>Fais des recherches approfondies \ud83d\udd0d<\/li><li>Pr\u00e9pare le dossier avec soin \ud83d\udcc2<\/li><li>Prends le temps de pr\u00e9parer ton entretien si n\u00e9cessaire \ud83c\udfa4<\/li><\/ul>\n\n<p>De plus, il est b\u00e9n\u00e9fique de mettre en avant l&rsquo;engagement dans des activit\u00e9s extrascolaires ou b\u00e9n\u00e9voles. Cela prouve une certaine ouverture d&rsquo;esprit et des comp\u00e9tences sociales, \u00e9l\u00e9ments tr\u00e8s pris\u00e9s par de nombreuses \u00e9coles.<\/p>\n\n<h2 class=\"wp-block-heading\">Comment contacter les \u00e9tablissements priv\u00e9s \u00e0 Reims ?<\/h2>\n\n<p>Pour obtenir plus d&rsquo;informations sur les \u00e9coles priv\u00e9es de Reims, plusieurs solutions s&rsquo;offrent \u00e0 toi :<\/p>\n\n<ul class=\"wp-block-list\"><li>Visite leur site Internet pour trouver des contacts pr\u00e9cis\u00e9s \ud83d\udcf1<\/li><li>Participe aux journ\u00e9es portes ouvertes pour rencontrer les enseignants et le personnel \ud83d\ude4c<\/li><li>Contacte directement l\u2019\u00e9tablissement pour poser toutes tes questions \u260e\ufe0f<\/li><\/ul>\n\n<h2 class=\"wp-block-heading\">Les questions fr\u00e9quentes sur les \u00e9coles priv\u00e9es \u00e0 Reims<\/h2>\n\n<h2 class=\"wp-block-heading\">Quelles sont les options pour l&rsquo;enseignement sp\u00e9cialis\u00e9 \u00e0 Reims ?<\/h2>\n\n<p>Plusieurs \u00e9tablissements \u00e0 Reims offrent des programmes adapt\u00e9s aux \u00e9l\u00e8ves ayant des besoins sp\u00e9cifiques, favorisant une inclusion r\u00e9ussie.<\/p>\n\n<h2 class=\"wp-block-heading\">Comment les \u00e9coles priv\u00e9es encouragent-elles l&rsquo;implication des parents ?<\/h2>\n\n<p>Les \u00e9coles priv\u00e9es font souvent appel \u00e0 la participation des parents via des associations de parents d&rsquo;\u00e9l\u00e8ves ou des groupes de b\u00e9n\u00e9voles.<\/p>\n\n<h2 class=\"wp-block-heading\">Y a-t-il des aides financi\u00e8res disponibles pour les \u00e9tablissements priv\u00e9s ?<\/h2>\n\n<p>Il existe en effet des bourses et des aides au financement propos\u00e9es par certaines \u00e9coles pour faciliter l&rsquo;acc\u00e8s \u00e0 l&rsquo;\u00e9ducation priv\u00e9e.<\/p>\n\n<h2 class=\"wp-block-heading\">Est-ce que toutes les \u00e9coles priv\u00e9es \u00e0 Reims ont un point de vue religieux ?<\/h2>\n\n<p>Non, les \u00e9coles priv\u00e9es de Reims incluent une large gamme d&rsquo;\u00e9tablissements, \u00e0 la fois la\u00efcs et religieux.<\/p>\n\n<h2 class=\"wp-block-heading\">Quelles sont les d\u00e9marches pour inscrire un \u00e9l\u00e8ve dans une \u00e9cole priv\u00e9e ?<\/h2>\n\n<p>Les d\u00e9marches varient d&rsquo;une \u00e9cole \u00e0 l&rsquo;autre, mais elles incluent g\u00e9n\u00e9ralement la soumission d&rsquo;un dossier d&rsquo;inscription et une rencontre avec les responsables de l&rsquo;\u00e9tablissement.<\/p>\n\n","protected":false},"excerpt":{"rendered":"<p>Reims, la charmante ville connue pour son riche patrimoine historique et sa c\u00e9l\u00e8bre gastronomie, accueille un syst\u00e8me \u00e9ducatif priv\u00e9 florissant. En 2025, il ne s&rsquo;agit pas seulement d&rsquo;une question de faire le choix de la bonne \u00e9cole, mais aussi de comprendre les diff\u00e9rences entre les \u00e9tablissements priv\u00e9s et la mani\u00e8re dont ces derniers peuvent correspondre &#8230; <a title=\"\u00c9cole priv\u00e9e \u00e0 Reims : tout ce qu&rsquo;il faut savoir pour choisir la bonne option en 2025.\" class=\"read-more\" href=\"https:\/\/www.apres-lecole.fr\/Blog\/ecole-privee-reims-2025\/\" aria-label=\"En savoir plus sur \u00c9cole priv\u00e9e \u00e0 Reims : tout ce qu&rsquo;il faut savoir pour choisir la bonne option en 2025.\">Lire plus<\/a><\/p>\n","protected":false},"author":7,"featured_media":2157,"comment_status":"open","ping_status":"open","sticky":false,"template":"","format":"standard","meta":{"footnotes":""},"categories":[342],"tags":[1307,546,412,1308,701],"class_list":["post-2158","post","type-post","status-publish","format-standard","has-post-thumbnail","hentry","category-actualites","tag-choisir-une-ecole","tag-ecole-privee","tag-education","tag-options-scolaires","tag-reims"],"yoast_head":"<!-- This site is optimized with the Yoast SEO plugin v27.5 - https:\/\/yoast.com\/product\/yoast-seo-wordpress\/ -->\n<title>\u00c9coles priv\u00e9es \u00e0 reims : le guide 2025<\/title>\n<meta name=\"description\" content=\"Guide 2025 des \u00e9coles priv\u00e9es \u00e0 Reims : crit\u00e8res, frais, programmes et admissions. Comparez et trouvez la meilleure option pour votre enfant.\" \/>\n<meta name=\"robots\" content=\"index, follow, max-snippet:-1, max-image-preview:large, max-video-preview:-1\" \/>\n<link rel=\"canonical\" href=\"https:\/\/www.apres-lecole.fr\/Blog\/ecole-privee-reims-2025\/\" \/>\n<meta property=\"og:locale\" content=\"fr_FR\" \/>\n<meta property=\"og:type\" content=\"article\" \/>\n<meta property=\"og:title\" content=\"\u00c9coles priv\u00e9es \u00e0 reims : le guide 2025\" \/>\n<meta property=\"og:description\" content=\"Guide 2025 des \u00e9coles priv\u00e9es \u00e0 Reims : crit\u00e8res, frais, programmes et admissions. Comparez et trouvez la meilleure option pour votre enfant.\" \/>\n<meta property=\"og:url\" content=\"https:\/\/www.apres-lecole.fr\/Blog\/ecole-privee-reims-2025\/\" \/>\n<meta property=\"article:published_time\" content=\"2025-08-11T06:33:21+00:00\" \/>\n<meta property=\"og:image\" content=\"https:\/\/www.apres-lecole.fr\/Blog\/wp-content\/uploads\/2025\/08\/Ecole-privee-a-Reims-tout-ce-quil-faut-savoir-pour-choisir-la-bonne-option-en-2025.jpg\" \/>\n\t<meta property=\"og:image:width\" content=\"1344\" \/>\n\t<meta property=\"og:image:height\" content=\"768\" \/>\n\t<meta property=\"og:image:type\" content=\"image\/jpeg\" \/>\n<meta name=\"twitter:card\" content=\"summary_large_image\" \/>\n<meta name=\"twitter:label1\" content=\"\u00c9crit par\" \/>\n\t<meta name=\"twitter:data1\" content=\"\" \/>\n\t<meta name=\"twitter:label2\" content=\"Dur\u00e9e de lecture estim\u00e9e\" \/>\n\t<meta name=\"twitter:data2\" content=\"8 minutes\" \/>\n<script type=\"application\/ld+json\" class=\"yoast-schema-graph\">{\"@context\":\"https:\\\/\\\/schema.org\",\"@graph\":[{\"@type\":\"Article\",\"@id\":\"https:\\\/\\\/www.apres-lecole.fr\\\/Blog\\\/ecole-privee-reims-2025\\\/#article\",\"isPartOf\":{\"@id\":\"https:\\\/\\\/www.apres-lecole.fr\\\/Blog\\\/ecole-privee-reims-2025\\\/\"},\"author\":{\"name\":\"\",\"@id\":\"\"},\"headline\":\"\u00c9cole priv\u00e9e \u00e0 Reims : tout ce qu&rsquo;il faut savoir pour choisir la bonne option en 2025.\",\"datePublished\":\"2025-08-11T06:33:21+00:00\",\"mainEntityOfPage\":{\"@id\":\"https:\\\/\\\/www.apres-lecole.fr\\\/Blog\\\/ecole-privee-reims-2025\\\/\"},\"wordCount\":1745,\"commentCount\":0,\"image\":{\"@id\":\"https:\\\/\\\/www.apres-lecole.fr\\\/Blog\\\/ecole-privee-reims-2025\\\/#primaryimage\"},\"thumbnailUrl\":\"https:\\\/\\\/www.apres-lecole.fr\\\/Blog\\\/wp-content\\\/uploads\\\/2025\\\/08\\\/Ecole-privee-a-Reims-tout-ce-quil-faut-savoir-pour-choisir-la-bonne-option-en-2025.jpg\",\"keywords\":[\"choisir une \u00e9cole\",\"\u00e9cole priv\u00e9e\",\"\u00e9ducation\",\"options scolaires\",\"reims\"],\"articleSection\":[\"Actualit\u00e9s\"],\"inLanguage\":\"fr-FR\",\"potentialAction\":[{\"@type\":\"CommentAction\",\"name\":\"Comment\",\"target\":[\"https:\\\/\\\/www.apres-lecole.fr\\\/Blog\\\/ecole-privee-reims-2025\\\/#respond\"]}]},{\"@type\":\"WebPage\",\"@id\":\"https:\\\/\\\/www.apres-lecole.fr\\\/Blog\\\/ecole-privee-reims-2025\\\/\",\"url\":\"https:\\\/\\\/www.apres-lecole.fr\\\/Blog\\\/ecole-privee-reims-2025\\\/\",\"name\":\"\u00c9coles priv\u00e9es \u00e0 reims : le guide 2025\",\"isPartOf\":{\"@id\":\"https:\\\/\\\/www.apres-lecole.fr\\\/Blog\\\/#website\"},\"primaryImageOfPage\":{\"@id\":\"https:\\\/\\\/www.apres-lecole.fr\\\/Blog\\\/ecole-privee-reims-2025\\\/#primaryimage\"},\"image\":{\"@id\":\"https:\\\/\\\/www.apres-lecole.fr\\\/Blog\\\/ecole-privee-reims-2025\\\/#primaryimage\"},\"thumbnailUrl\":\"https:\\\/\\\/www.apres-lecole.fr\\\/Blog\\\/wp-content\\\/uploads\\\/2025\\\/08\\\/Ecole-privee-a-Reims-tout-ce-quil-faut-savoir-pour-choisir-la-bonne-option-en-2025.jpg\",\"datePublished\":\"2025-08-11T06:33:21+00:00\",\"author\":{\"@id\":\"\"},\"description\":\"Guide 2025 des \u00e9coles priv\u00e9es \u00e0 Reims : crit\u00e8res, frais, programmes et admissions. Comparez et trouvez la meilleure option pour votre enfant.\",\"breadcrumb\":{\"@id\":\"https:\\\/\\\/www.apres-lecole.fr\\\/Blog\\\/ecole-privee-reims-2025\\\/#breadcrumb\"},\"inLanguage\":\"fr-FR\",\"potentialAction\":[{\"@type\":\"ReadAction\",\"target\":[\"https:\\\/\\\/www.apres-lecole.fr\\\/Blog\\\/ecole-privee-reims-2025\\\/\"]}]},{\"@type\":\"ImageObject\",\"inLanguage\":\"fr-FR\",\"@id\":\"https:\\\/\\\/www.apres-lecole.fr\\\/Blog\\\/ecole-privee-reims-2025\\\/#primaryimage\",\"url\":\"https:\\\/\\\/www.apres-lecole.fr\\\/Blog\\\/wp-content\\\/uploads\\\/2025\\\/08\\\/Ecole-privee-a-Reims-tout-ce-quil-faut-savoir-pour-choisir-la-bonne-option-en-2025.jpg\",\"contentUrl\":\"https:\\\/\\\/www.apres-lecole.fr\\\/Blog\\\/wp-content\\\/uploads\\\/2025\\\/08\\\/Ecole-privee-a-Reims-tout-ce-quil-faut-savoir-pour-choisir-la-bonne-option-en-2025.jpg\",\"width\":1344,\"height\":768,\"caption\":\"guide 2025 des \u00e9coles priv\u00e9es \u00e0 reims : programmes, frais, admissions, bourses et crit\u00e8res de choix. comparez les \u00e9tablissements pour choisir la bonne option.\"},{\"@type\":\"BreadcrumbList\",\"@id\":\"https:\\\/\\\/www.apres-lecole.fr\\\/Blog\\\/ecole-privee-reims-2025\\\/#breadcrumb\",\"itemListElement\":[{\"@type\":\"ListItem\",\"position\":1,\"name\":\"Home\",\"item\":\"https:\\\/\\\/www.apres-lecole.fr\\\/Blog\\\/\"},{\"@type\":\"ListItem\",\"position\":2,\"name\":\"\u00c9cole priv\u00e9e \u00e0 Reims : tout ce qu&rsquo;il faut savoir pour choisir la bonne option en 2025.\"}]},{\"@type\":\"WebSite\",\"@id\":\"https:\\\/\\\/www.apres-lecole.fr\\\/Blog\\\/#website\",\"url\":\"https:\\\/\\\/www.apres-lecole.fr\\\/Blog\\\/\",\"name\":\"\",\"description\":\"M\u00e9dia g\u00e9n\u00e9raliste\",\"potentialAction\":[{\"@type\":\"SearchAction\",\"target\":{\"@type\":\"EntryPoint\",\"urlTemplate\":\"https:\\\/\\\/www.apres-lecole.fr\\\/Blog\\\/?s={search_term_string}\"},\"query-input\":{\"@type\":\"PropertyValueSpecification\",\"valueRequired\":true,\"valueName\":\"search_term_string\"}}],\"inLanguage\":\"fr-FR\"},{\"@type\":\"Person\",\"@id\":\"\",\"url\":\"https:\\\/\\\/www.apres-lecole.fr\\\/Blog\\\/author\\\/\"}]}<\/script>\n<!-- \/ Yoast SEO plugin. -->","yoast_head_json":{"title":"\u00c9coles priv\u00e9es \u00e0 reims : le guide 2025","description":"Guide 2025 des \u00e9coles priv\u00e9es \u00e0 Reims : crit\u00e8res, frais, programmes et admissions. Comparez et trouvez la meilleure option pour votre enfant.","robots":{"index":"index","follow":"follow","max-snippet":"max-snippet:-1","max-image-preview":"max-image-preview:large","max-video-preview":"max-video-preview:-1"},"canonical":"https:\/\/www.apres-lecole.fr\/Blog\/ecole-privee-reims-2025\/","og_locale":"fr_FR","og_type":"article","og_title":"\u00c9coles priv\u00e9es \u00e0 reims : le guide 2025","og_description":"Guide 2025 des \u00e9coles priv\u00e9es \u00e0 Reims : crit\u00e8res, frais, programmes et admissions. Comparez et trouvez la meilleure option pour votre enfant.","og_url":"https:\/\/www.apres-lecole.fr\/Blog\/ecole-privee-reims-2025\/","article_published_time":"2025-08-11T06:33:21+00:00","og_image":[{"width":1344,"height":768,"url":"https:\/\/www.apres-lecole.fr\/Blog\/wp-content\/uploads\/2025\/08\/Ecole-privee-a-Reims-tout-ce-quil-faut-savoir-pour-choisir-la-bonne-option-en-2025.jpg","type":"image\/jpeg"}],"twitter_card":"summary_large_image","twitter_misc":{"\u00c9crit par":"","Dur\u00e9e de lecture estim\u00e9e":"8 minutes"},"schema":{"@context":"https:\/\/schema.org","@graph":[{"@type":"Article","@id":"https:\/\/www.apres-lecole.fr\/Blog\/ecole-privee-reims-2025\/#article","isPartOf":{"@id":"https:\/\/www.apres-lecole.fr\/Blog\/ecole-privee-reims-2025\/"},"author":{"name":"","@id":""},"headline":"\u00c9cole priv\u00e9e \u00e0 Reims : tout ce qu&rsquo;il faut savoir pour choisir la bonne option en 2025.","datePublished":"2025-08-11T06:33:21+00:00","mainEntityOfPage":{"@id":"https:\/\/www.apres-lecole.fr\/Blog\/ecole-privee-reims-2025\/"},"wordCount":1745,"commentCount":0,"image":{"@id":"https:\/\/www.apres-lecole.fr\/Blog\/ecole-privee-reims-2025\/#primaryimage"},"thumbnailUrl":"https:\/\/www.apres-lecole.fr\/Blog\/wp-content\/uploads\/2025\/08\/Ecole-privee-a-Reims-tout-ce-quil-faut-savoir-pour-choisir-la-bonne-option-en-2025.jpg","keywords":["choisir une \u00e9cole","\u00e9cole priv\u00e9e","\u00e9ducation","options scolaires","reims"],"articleSection":["Actualit\u00e9s"],"inLanguage":"fr-FR","potentialAction":[{"@type":"CommentAction","name":"Comment","target":["https:\/\/www.apres-lecole.fr\/Blog\/ecole-privee-reims-2025\/#respond"]}]},{"@type":"WebPage","@id":"https:\/\/www.apres-lecole.fr\/Blog\/ecole-privee-reims-2025\/","url":"https:\/\/www.apres-lecole.fr\/Blog\/ecole-privee-reims-2025\/","name":"\u00c9coles priv\u00e9es \u00e0 reims : le guide 2025","isPartOf":{"@id":"https:\/\/www.apres-lecole.fr\/Blog\/#website"},"primaryImageOfPage":{"@id":"https:\/\/www.apres-lecole.fr\/Blog\/ecole-privee-reims-2025\/#primaryimage"},"image":{"@id":"https:\/\/www.apres-lecole.fr\/Blog\/ecole-privee-reims-2025\/#primaryimage"},"thumbnailUrl":"https:\/\/www.apres-lecole.fr\/Blog\/wp-content\/uploads\/2025\/08\/Ecole-privee-a-Reims-tout-ce-quil-faut-savoir-pour-choisir-la-bonne-option-en-2025.jpg","datePublished":"2025-08-11T06:33:21+00:00","author":{"@id":""},"description":"Guide 2025 des \u00e9coles priv\u00e9es \u00e0 Reims : crit\u00e8res, frais, programmes et admissions. Comparez et trouvez la meilleure option pour votre enfant.","breadcrumb":{"@id":"https:\/\/www.apres-lecole.fr\/Blog\/ecole-privee-reims-2025\/#breadcrumb"},"inLanguage":"fr-FR","potentialAction":[{"@type":"ReadAction","target":["https:\/\/www.apres-lecole.fr\/Blog\/ecole-privee-reims-2025\/"]}]},{"@type":"ImageObject","inLanguage":"fr-FR","@id":"https:\/\/www.apres-lecole.fr\/Blog\/ecole-privee-reims-2025\/#primaryimage","url":"https:\/\/www.apres-lecole.fr\/Blog\/wp-content\/uploads\/2025\/08\/Ecole-privee-a-Reims-tout-ce-quil-faut-savoir-pour-choisir-la-bonne-option-en-2025.jpg","contentUrl":"https:\/\/www.apres-lecole.fr\/Blog\/wp-content\/uploads\/2025\/08\/Ecole-privee-a-Reims-tout-ce-quil-faut-savoir-pour-choisir-la-bonne-option-en-2025.jpg","width":1344,"height":768,"caption":"guide 2025 des \u00e9coles priv\u00e9es \u00e0 reims : programmes, frais, admissions, bourses et crit\u00e8res de choix. comparez les \u00e9tablissements pour choisir la bonne option."},{"@type":"BreadcrumbList","@id":"https:\/\/www.apres-lecole.fr\/Blog\/ecole-privee-reims-2025\/#breadcrumb","itemListElement":[{"@type":"ListItem","position":1,"name":"Home","item":"https:\/\/www.apres-lecole.fr\/Blog\/"},{"@type":"ListItem","position":2,"name":"\u00c9cole priv\u00e9e \u00e0 Reims : tout ce qu&rsquo;il faut savoir pour choisir la bonne option en 2025."}]},{"@type":"WebSite","@id":"https:\/\/www.apres-lecole.fr\/Blog\/#website","url":"https:\/\/www.apres-lecole.fr\/Blog\/","name":"","description":"M\u00e9dia g\u00e9n\u00e9raliste","potentialAction":[{"@type":"SearchAction","target":{"@type":"EntryPoint","urlTemplate":"https:\/\/www.apres-lecole.fr\/Blog\/?s={search_term_string}"},"query-input":{"@type":"PropertyValueSpecification","valueRequired":true,"valueName":"search_term_string"}}],"inLanguage":"fr-FR"},{"@type":"Person","@id":"","url":"https:\/\/www.apres-lecole.fr\/Blog\/author\/"}]}},"views":9,"_links":{"self":[{"href":"https:\/\/www.apres-lecole.fr\/Blog\/wp-json\/wp\/v2\/posts\/2158","targetHints":{"allow":["GET"]}}],"collection":[{"href":"https:\/\/www.apres-lecole.fr\/Blog\/wp-json\/wp\/v2\/posts"}],"about":[{"href":"https:\/\/www.apres-lecole.fr\/Blog\/wp-json\/wp\/v2\/types\/post"}],"author":[{"embeddable":true,"href":"https:\/\/www.apres-lecole.fr\/Blog\/wp-json\/wp\/v2\/users\/7"}],"replies":[{"embeddable":true,"href":"https:\/\/www.apres-lecole.fr\/Blog\/wp-json\/wp\/v2\/comments?post=2158"}],"version-history":[{"count":0,"href":"https:\/\/www.apres-lecole.fr\/Blog\/wp-json\/wp\/v2\/posts\/2158\/revisions"}],"wp:featuredmedia":[{"embeddable":true,"href":"https:\/\/www.apres-lecole.fr\/Blog\/wp-json\/wp\/v2\/media\/2157"}],"wp:attachment":[{"href":"https:\/\/www.apres-lecole.fr\/Blog\/wp-json\/wp\/v2\/media?parent=2158"}],"wp:term":[{"taxonomy":"category","embeddable":true,"href":"https:\/\/www.apres-lecole.fr\/Blog\/wp-json\/wp\/v2\/categories?post=2158"},{"taxonomy":"post_tag","embeddable":true,"href":"https:\/\/www.apres-lecole.fr\/Blog\/wp-json\/wp\/v2\/tags?post=2158"}],"curies":[{"name":"wp","href":"https:\/\/api.w.org\/{rel}","templated":true}]}}