{"id":2156,"date":"2025-08-10T07:03:29","date_gmt":"2025-08-10T07:03:29","guid":{"rendered":"https:\/\/www.apres-lecole.fr\/Blog\/bracieux-desimpermeabilisation\/"},"modified":"2025-08-10T07:03:29","modified_gmt":"2025-08-10T07:03:29","slug":"bracieux-desimpermeabilisation","status":"publish","type":"post","link":"https:\/\/www.apres-lecole.fr\/Blog\/bracieux-desimpermeabilisation\/","title":{"rendered":"L&rsquo;\u00e9cole \u00e9l\u00e9mentaire de Bracieux se d\u00e9simperm\u00e9abilise cet \u00e9t\u00e9"},"content":{"rendered":"\n\n<div class=\"kk-star-ratings kksr-auto kksr-align-left kksr-valign-top\"\n    data-payload='{&quot;align&quot;:&quot;left&quot;,&quot;id&quot;:&quot;2156&quot;,&quot;slug&quot;:&quot;default&quot;,&quot;valign&quot;:&quot;top&quot;,&quot;ignore&quot;:&quot;&quot;,&quot;reference&quot;:&quot;auto&quot;,&quot;class&quot;:&quot;&quot;,&quot;count&quot;:&quot;0&quot;,&quot;legendonly&quot;:&quot;&quot;,&quot;readonly&quot;:&quot;&quot;,&quot;score&quot;:&quot;0&quot;,&quot;starsonly&quot;:&quot;&quot;,&quot;best&quot;:&quot;5&quot;,&quot;gap&quot;:&quot;5&quot;,&quot;greet&quot;:&quot;Rate this post&quot;,&quot;legend&quot;:&quot;0\\\/5 - (0 vote)&quot;,&quot;size&quot;:&quot;24&quot;,&quot;title&quot;:&quot;L\\u0026#039;\u00e9cole \u00e9l\u00e9mentaire de Bracieux se d\u00e9simperm\u00e9abilise cet \u00e9t\u00e9&quot;,&quot;width&quot;:&quot;0&quot;,&quot;_legend&quot;:&quot;{score}\\\/{best} - ({count} {votes})&quot;,&quot;font_factor&quot;:&quot;1.25&quot;}'>\n            \n<div class=\"kksr-stars\">\n    \n<div class=\"kksr-stars-inactive\">\n            <div class=\"kksr-star\" data-star=\"1\" style=\"padding-right: 5px\">\n            \n\n<div class=\"kksr-icon\" style=\"width: 24px; height: 24px;\"><\/div>\n        <\/div>\n            <div class=\"kksr-star\" data-star=\"2\" style=\"padding-right: 5px\">\n            \n\n<div class=\"kksr-icon\" style=\"width: 24px; height: 24px;\"><\/div>\n        <\/div>\n            <div class=\"kksr-star\" data-star=\"3\" style=\"padding-right: 5px\">\n            \n\n<div class=\"kksr-icon\" style=\"width: 24px; height: 24px;\"><\/div>\n        <\/div>\n            <div class=\"kksr-star\" data-star=\"4\" style=\"padding-right: 5px\">\n            \n\n<div class=\"kksr-icon\" style=\"width: 24px; height: 24px;\"><\/div>\n        <\/div>\n            <div class=\"kksr-star\" data-star=\"5\" style=\"padding-right: 5px\">\n            \n\n<div class=\"kksr-icon\" style=\"width: 24px; height: 24px;\"><\/div>\n        <\/div>\n    <\/div>\n    \n<div class=\"kksr-stars-active\" style=\"width: 0px;\">\n            <div class=\"kksr-star\" style=\"padding-right: 5px\">\n            \n\n<div class=\"kksr-icon\" style=\"width: 24px; height: 24px;\"><\/div>\n        <\/div>\n            <div class=\"kksr-star\" style=\"padding-right: 5px\">\n            \n\n<div class=\"kksr-icon\" style=\"width: 24px; height: 24px;\"><\/div>\n        <\/div>\n            <div class=\"kksr-star\" style=\"padding-right: 5px\">\n            \n\n<div class=\"kksr-icon\" style=\"width: 24px; height: 24px;\"><\/div>\n        <\/div>\n            <div class=\"kksr-star\" style=\"padding-right: 5px\">\n            \n\n<div class=\"kksr-icon\" style=\"width: 24px; height: 24px;\"><\/div>\n        <\/div>\n            <div class=\"kksr-star\" style=\"padding-right: 5px\">\n            \n\n<div class=\"kksr-icon\" style=\"width: 24px; height: 24px;\"><\/div>\n        <\/div>\n    <\/div>\n<\/div>\n                \n\n<div class=\"kksr-legend\" style=\"font-size: 19.2px;\">\n            <span class=\"kksr-muted\">Rate this post<\/span>\n    <\/div>\n    <\/div>\n<p>\u00c9t\u00e9 2025, la commune de Bracieux se pr\u00e9pare \u00e0 un changement de cap pour son \u00e9cole \u00e9l\u00e9mentaire. Dans un souci de d\u00e9veloppement durable et d&rsquo;am\u00e9lioration de l&rsquo;environnement scolaire, des travaux de d\u00e9simperm\u00e9abilisation sont pr\u00e9vus durant les vacances estivales. Les engins de chantier sont d\u00e9j\u00e0 pr\u00e9sents sur le site pour enlever le bitume gris qui recouvrait la cour depuis des d\u00e9cennies. Ce projet vise non seulement \u00e0 moderniser l\u2019\u00e9tablissement, mais aussi \u00e0 lutter contre les effets n\u00e9fastes du changement climatique. Avec des ambitions \u00e9cologiques au c\u0153ur des pr\u00e9occupations, cette initiative vise \u00e0 redonner vie \u00e0 l\u2019espace ext\u00e9rieur de l\u2019\u00e9cole et \u00e0 favoriser la biodiversit\u00e9. Suivant cette tendance, d\u2019autres \u00e9coles de la r\u00e9gion s\u2019interrogent sur des projets similaires. Focus sur cette transformation et ses enjeux.<\/p>\n\n<h2 class=\"wp-block-heading\">D\u00e9simperm\u00e9abilisation : enjeux et objectifs<\/h2>\n\n<p>La d\u00e9simperm\u00e9abilisation consiste \u00e0 retirer des surfaces imperm\u00e9ables telles que le b\u00e9ton et le bitume pour redonner vie aux sols. Ce proc\u00e9d\u00e9 prend une importance croissante dans la gestion des espaces publics, surtout dans une \u00e9cole o\u00f9 les enfants passent une grande partie de leur temps. \u00c0 Bracieux, ce projet r\u00e9pond \u00e0 plusieurs enjeux, \u00e0 savoir :<\/p>\n\n<ul class=\"wp-block-list\"><li>\ud83c\udf31 <strong>Limiter les ruissellements<\/strong> : En rendant le sol perm\u00e9able, l&rsquo;eau de pluie pourra s&rsquo;infiltrer dans le sol plut\u00f4t que de ruisseler, contribuant ainsi \u00e0 la recharge des nappes phr\u00e9atiques.<\/li><li>\ud83c\udf1e <strong>Refroidissement des \u00eelots de chaleur<\/strong> : Les espaces verts et les sols poreux permettent de diminuer les temp\u00e9ratures ambiantes, offrant un environnement plus frais aux jeunes \u00e9coliers.<\/li><li>\ud83d\udc1d <strong>Favoriser la biodiversit\u00e9<\/strong> : La cr\u00e9ation de nouveaux espaces verts pourra accueillir diverses esp\u00e8ces de plantes et d&rsquo;animaux, participant \u00e0 l&rsquo;\u00e9quilibre de l&rsquo;\u00e9cosyst\u00e8me local.<\/li><li>\ud83c\udf0d <strong>Sensibilisation \u00e9cologique<\/strong> : Ce projet aura \u00e9galement un r\u00f4le \u00e9ducatif, permettant aux \u00e9l\u00e8ves d&rsquo;apprendre l&rsquo;importance de l&rsquo;environnement et du d\u00e9veloppement durable.<\/li><\/ul>\n\n<p>En v\u00e9ritable actrice de la transition \u00e9cologique, l\u2019\u00e9cole \u00e9l\u00e9mentaire de Bracieux s\u2019inscrit dans ce mouvement global. L\u2019utilisation de mat\u00e9riaux naturels tels que du calcaire ou du sable pour le nouveau rev\u00eatement de la cour viendra renforcer cet engagement.<\/p>\n\n<h3 class=\"wp-block-heading\">Un projet concret au service des \u00e9l\u00e8ves<\/h3>\n\n<p>Les travaux de d\u00e9simperm\u00e9abilisation ne sont pas qu\u2019une simple transformation physique. Ils viennent avec une vision \u00e9ducative qui vise \u00e0 enseigner aux enfants l\u2019importance de la protection de l\u2019environnement. L&rsquo;objectif est d&rsquo;int\u00e9grer l&rsquo;\u00e9cologie de mani\u00e8re ludique et pratique dans le quotidien scolaire. Voici quelques actions envisag\u00e9es :<\/p>\n\n<ul class=\"wp-block-list\"><li>\ud83d\udcda <strong>Ateliers de sensibilisation<\/strong> : Des sessions interactives o\u00f9 les enfants apprendre \u00e0 conna\u00eetre leur environnement et les enjeux li\u00e9s au d\u00e9veloppement durable.<\/li><li>\ud83c\udf3c <strong>Cr\u00e9ation de jardins p\u00e9dagogiques<\/strong> : Des espaces o\u00f9 les \u00e9l\u00e8ves pourront s\u2019impliquer dans le jardinage et d\u00e9couvrir la biodiversit\u00e9.<\/li><li>\ud83c\udfa8 <strong>Projets artistiques<\/strong> : Les enfants seront encourag\u00e9s \u00e0 exprimer leur vision d\u2019un environnement sain \u00e0 travers l\u2019art, rendant ainsi la sensibilisation plus attrayante.<\/li><\/ul>\n\n<p>Ces initiatives enrichiront le quotidien des \u00e9l\u00e8ves tout en les pr\u00e9parant \u00e0 devenir des citoyens responsables et conscients des enjeux environnementaux. Leur implication dans ce projet les incitera \u00e9galement \u00e0 \u00e9voluer dans un cadre qui valorise le respect de la nature.<\/p>\n\n<h2 class=\"wp-block-heading\">Les \u00e9tapes des travaux de d\u00e9simperm\u00e9abilisation<\/h2>\n\n<p>Les travaux \u00e0 l&rsquo;\u00e9cole \u00e9l\u00e9mentaire de Bracieux se d\u00e9rouleront par phases, garantissant ainsi une organisation optimale. Ils commenceront d\u00e8s la fin de l\u2019ann\u00e9e scolaire, l\u00e0 o\u00f9 les cours sont d\u00e9sert\u00e9s. Voici un aper\u00e7u des \u00e9tapes principales :<\/p>\n\n<ol class=\"wp-block-list\"><li>\ud83d\udee0\ufe0f <strong>Pr\u00e9paration du site<\/strong> : Enl\u00e8vement du bitume existant, nettoyage de la cour pour pr\u00e9parer le sol.<\/li><li>\ud83c\udf0d <strong>Am\u00e9nagement des sols<\/strong> : Mise en place de nouveaux mat\u00e9riaux tels que le calcaire et le sable pour favoriser l&rsquo;infiltration.<\/li><li>\ud83c\udf31 <strong>Cr\u00e9ation d\u2019espaces verts<\/strong> : Plantation de fleurs, d\u2019arbres et d\u2019autres v\u00e9g\u00e9taux pour embellir la cour et renforcer la biodiversit\u00e9.<\/li><li>\ud83d\udcc5 <strong>Contr\u00f4le et finalisation<\/strong> : Une fois les travaux termin\u00e9s, une v\u00e9rification sera effectu\u00e9e pour garantir la qualit\u00e9 de l\u2019am\u00e9nagement.<\/li><\/ol>\n\n<p>Ces \u00e9tapes ne repr\u00e9sentent que la partie visible du projet. En parall\u00e8le, des d\u00e9marches administratives et des partenariats avec des acteurs locaux sont en cours pour compl\u00e9ter cette initiative ambitieuse. Le respect des d\u00e9lais et la qualit\u00e9 des travaux seront aussi au c\u0153ur des pr\u00e9occupations des autorit\u00e9s locales.<\/p>\n\n<h3 class=\"wp-block-heading\">Implications sur la collectivit\u00e9 et l&rsquo;environnement<\/h3>\n\n<p>Ce projet ne touche pas uniquement l&rsquo;\u00e9cole \u00e9l\u00e9mentaire de Bracieux, mais implique \u00e9galement un impact positif sur l&rsquo;ensemble de la collectivit\u00e9. En int\u00e9grant des espaces verts dans la cour d&rsquo;\u00e9cole, la commune r\u00e9pond \u00e0 un besoin croissant d&rsquo;espaces naturels en milieu urbain. Cette approche va au-del\u00e0 des murs de l\u2019\u00e9cole :<\/p>\n\n<ul class=\"wp-block-list\"><li>\ud83c\udfde\ufe0f <strong>Am\u00e9lioration de la qualit\u00e9 de l&rsquo;air<\/strong> : Plus d&rsquo;espaces verts contribueront \u00e0 une meilleure qualit\u00e9 de l&rsquo;air, essentielle pour la sant\u00e9 des enfants et des habitants.<\/li><li>\ud83c\udf26\ufe0f <strong>Gestion des eaux pluviales<\/strong> : Avec des surfaces perm\u00e9ables, les risques d&rsquo;inondation diminueront lors des fortes pluies.<\/li><li>\ud83e\udd1d <strong>Coop\u00e9ration locale<\/strong> : Le projet va inciter les habitants \u00e0 participer \u00e0 d&rsquo;autres initiatives visant \u00e0 pr\u00e9server l&rsquo;environnement sur le territoire.<\/li><\/ul>\n\n<p>Ainsi, ce projet de d\u00e9simperm\u00e9abilisation marque le souhait de Bracieux de s\u2019inscrire dans une dynamique de durabilit\u00e9, tout en \u00e9toffant les relations sociales au sein de la commune. Ces actions, bien que centr\u00e9es autour de l\u2019\u00e9cole, sont le reflet d\u2019une ambition collective.<\/p>\n\n<h2 class=\"wp-block-heading\">Les retomb\u00e9es \u00e9ducatives et sociales potentielles<\/h2>\n\n<p>Cette transformation de l\u2019\u00e9cole \u00e9l\u00e9mentaire de Bracieux ne se limite pas \u00e0 une simple am\u00e9lioration mat\u00e9rielle. Elle amorce une r\u00e9flexion plus large sur le r\u00f4le de l\u2019\u00e9ducation dans la sensibilisation \u00e9cologique. En misant sur une \u00e9ducation active et participative, l\u2019\u00e9cole devient un v\u00e9ritable laboratoire d\u2019exp\u00e9rimentation sociale.<\/p>\n\n<h3 class=\"wp-block-heading\">Promouvoir une culture de la durabilit\u00e9<\/h3>\n\n<p>Les projets scolaires li\u00e9s \u00e0 la d\u00e9simperm\u00e9abilisation de la cour permettront de faire \u00e9merger des r\u00e9flexions sur la place de l\u2019homme dans la nature. Cela viendra encourager :<\/p>\n\n<ul class=\"wp-block-list\"><li>\ud83e\uddea <strong>L\u2019exp\u00e9rimentation scientifique<\/strong> : Les \u00e9l\u00e8ves pourront mener leurs propres exp\u00e9riences sur les v\u00e9g\u00e9taux, d\u00e9couvrir les bases de l\u2019\u00e9cologie et comprendre le cycle de l\u2019eau.<\/li><li>\ud83d\udc69\u200d\ud83c\udfeb <strong>Des cours li\u00e9s \u00e0 l\u2019environnement<\/strong> : De nouvelles mati\u00e8res ou des s\u00e9ances d\u00e9di\u00e9es \u00e0 l\u2019\u00e9cologie pourront \u00eatre int\u00e9gr\u00e9es au programme scolaire.<\/li><li>\ud83d\udcac <strong>Engagement communautaire<\/strong> : Les \u00e9l\u00e8ves, par leurs actions, apprendront \u00e0 militer pour la pr\u00e9servation de l\u2019environnement, incitant ainsi leurs familles \u00e0 s\u2019y impliquer aussi.<\/li><\/ul>\n\n<p>Ces initiatives contribueront \u00e0 int\u00e9grer des valeurs de respect et de protection de l\u2019environnement d\u00e8s le plus jeune \u00e2ge. En cr\u00e9ant des liens entre l&rsquo;\u00e9cole et la nature, Bracieux donne l&rsquo;exemple pour un futur plus durable.<\/p>\n\n<h2 class=\"wp-block-heading\">Comment suivre l\u2019\u00e9volution des travaux ?<\/h2>\n\n<p>Pour ceux qui souhaitent rester inform\u00e9s des avanc\u00e9es de la d\u00e9simperm\u00e9abilisation de l&rsquo;\u00e9cole \u00e9l\u00e9mentaire, plusieurs canaux d&rsquo;information sont \u00e0 noter :<\/p>\n\n<ul class=\"wp-block-list\"><li>\ud83d\udcf1 <strong>R\u00e9seaux sociaux<\/strong> : La commune de Bracieux partagera r\u00e9guli\u00e8rement des mises \u00e0 jour sur ses diff\u00e9rentes plateformes sociales.<\/li><li>\ud83d\udcf0 <strong>Bulletins municipaux<\/strong> : Des articles seront consacr\u00e9s \u00e0 l\u2019avancement des travaux dans les bulletins d&rsquo;information communaux.<\/li><li>\ud83d\udc65 <strong>R\u00e9unions publiques<\/strong> : Des assembl\u00e9es seront organis\u00e9es pour permettre aux habitants de poser des questions et de faire part de leurs suggestions.<\/li><\/ul>\n\n<p>En participant \u00e0 ces \u00e9changes, la communaut\u00e9 pourra mieux appr\u00e9hender les enjeux de cette transformation et, surtout, y prendre part. Chacun peut devenir acteur de ce projet ambitieux pour am\u00e9liorer l&rsquo;environnement scolaire et celle de toute la commune.<\/p>\n\n<h2 class=\"wp-block-heading\">Quels sont les impacts de ce projet sur l&rsquo;environnement ?<\/h2>\n\n<p>La d\u00e9simperm\u00e9abilisation de la cour de l&rsquo;\u00e9cole \u00e9l\u00e9mentaire \u00e0 Bracieux repr\u00e9sente un engagement fort envers l&rsquo;environnement. Voici quelques impacts pr\u00e9visibles suite \u00e0 ces travaux :<\/p>\n\n<ul class=\"wp-block-list\"><li>\ud83c\udf27\ufe0f <strong>Gestion des eaux pluviales<\/strong> : En diminuant l&rsquo;imperm\u00e9abilit\u00e9 du sol, les risques de flood seront moins fr\u00e9quents, prot\u00e9geant ainsi les infrastructures locales.<\/li><li>\ud83c\udf33 <strong>Densit\u00e9 biologique accrue<\/strong> : Un meilleur habitat pour les esp\u00e8ces animales et v\u00e9g\u00e9tales permettra d\u2019enrichir la biodiversit\u00e9 locale.<\/li><li>\ud83d\udeb6\u200d\u2640\ufe0f <strong>Promotion de la sant\u00e9 publique<\/strong> : Plus de zones vertes se traduiront par un meilleur cadre de vie, favorisant les activit\u00e9s de plein air.<\/li><\/ul>\n\n<p>En int\u00e9grant ces \u00e9l\u00e9ments dans le programme \u00e9ducatif, les enfants pourront \u00e9galement comprendre et mesurer l&rsquo;importance des actions pour l&rsquo;environnement. Ainsi, il est possible d&rsquo;observer une v\u00e9ritable synergie entre les travaux, l&rsquo;\u00e9ducation et le d\u00e9veloppement durable.<\/p>\n\n<h2 class=\"wp-block-heading\">Pourquoi la sensibilisation \u00e9cologique est essentielle d\u00e8s le plus jeune \u00e2ge<\/h2>\n\n<p>Enfin, il est crucial de rappeler que la sensibilisation \u00e9cologique doit commencer d\u00e8s le plus jeune \u00e2ge. Dans un monde qui fait face \u00e0 de nombreux d\u00e9fis environnementaux, \u00e9duquer les enfants \u00e0 la pr\u00e9servation de la plan\u00e8te est indispensable.<\/p>\n\n<ul class=\"wp-block-list\"><li>\ud83d\udc76 <strong>Formation des enfants<\/strong> : Des g\u00e9n\u00e9rations conscientes des enjeux environnementaux sont essentielles pour le bon futur de notre plan\u00e8te.<\/li><li>\ud83c\udf31 <strong>Implication interg\u00e9n\u00e9rationnelle<\/strong> : En sensibilisant les enfants, l&rsquo;id\u00e9e est aussi de toucher les familles et les ancrer dans une dynamique collective.<\/li><li>\ud83d\ude4f <strong>R\u00e9ciprocit\u00e9<\/strong> : Un engagement de la part des enfants entra\u00eenera un changement d&rsquo;attitude chez les adultes, faisant grandir un cercle vertueux centr\u00e9 sur la durabilit\u00e9.<\/li><\/ul>\n\n<p>Les projets de d\u00e9simperm\u00e9abilisation \u00e0 Bracieux illustrent parfaitement comment l\u2019\u00e9cole peut devenir le moteur de ce changement. C&rsquo;est sans aucun doute un exemple \u00e0 suivre pour d&rsquo;autres \u00e9tablissements.<\/p>\n\n<h2 class=\"wp-block-heading\">Comment les parents peuvent-ils s&rsquo;impliquer dans ce projet ?<\/h2>\n\n<p>Les parents jouent un r\u00f4le cl\u00e9 dans l&rsquo;engagement des enfants envers des projets scolaires comme celui de Bracieux. Voici quelques fa\u00e7ons par lesquelles ils peuvent s&rsquo;impliquer :<\/p>\n\n<ul class=\"wp-block-list\"><li>\ud83e\udd1d <strong>Participer aux r\u00e9unions<\/strong> : Assister aux r\u00e9unions et donner son avis peut influencer les d\u00e9cisions.<\/li><li>\ud83c\udf0d <strong>Promouvoir des actions<\/strong> : Initiatives communautaires, collectes de fonds pour cr\u00e9er des jardins ou am\u00e9liorer les espaces ext\u00e9rieurs de l&rsquo;\u00e9cole.<\/li><li>\ud83d\udcda <strong>Encourager les projets d&rsquo;\u00e9ducation \u00e9cologique \u00e0 la maison<\/strong> : Proposer des lectures ou des activit\u00e9s li\u00e9es \u00e0 l&rsquo;environnement renforce l&rsquo;apprentissage scolaire.<\/li><\/ul>\n\n<p>Chaque parent peut devenir un acteur engag\u00e9 dans ce projet, contribuant \u00e0 construire un environnement meilleur pour tous, dot\u00e9 d\u2019un cadre scolaire propice \u00e0 l\u2019\u00e9ducation durable.<\/p>\n\n<h2 class=\"wp-block-heading\">Quel avenir pour l&rsquo;\u00e9cole \u00e9l\u00e9mentaire de Bracieux ?<\/h2>\n\n<p>Avec la mise en \u0153uvre des travaux de d\u00e9simperm\u00e9abilisation, un avenir brillant s\u2019annonce pour l&rsquo;\u00e9cole \u00e9l\u00e9mentaire de Bracieux. Elle se positionne comme un mod\u00e8le d&rsquo;innovation et d&rsquo;int\u00e9gration des pr\u00e9occupations environnementales. Cela ouvre des perspectives s\u00e9duisantes pour tous les \u00e9l\u00e8ves, faisant de l\u2019\u00e9cole un lieu o\u00f9 ils pourront \u00e9voluer dans un milieu sain et stimulant.<\/p>\n\n<p>Ce projet t\u00e9moigne de l&rsquo;engagement de la municipalit\u00e9 envers le d\u00e9veloppement durable et offre un cadre \u00e9ducatif qui place le respect de l&rsquo;environnement au c\u0153ur des apprentissages. Il ne reste plus qu\u2019\u00e0 attendre avec impatience l&rsquo;\u00e9volution des travaux et l&rsquo;\u00e9panouissement de ce magnifique space \u00e9ducatif.<\/p>\n\n<h2 class=\"wp-block-heading\">Quel sera le budget allou\u00e9 \u00e0 ces travaux de d\u00e9simperm\u00e9abilisation ?<\/h2>\n\n<p>Le budget pour les travaux de d\u00e9simperm\u00e9abilisation de l&rsquo;\u00e9cole \u00e9l\u00e9mentaire de Bracieux repr\u00e9sente un investissement crucial pour l\u2019avenir de l&rsquo;\u00e9tablissement. Les autorit\u00e9s locales ont pr\u00e9vu d&rsquo;allouer des ressources financi\u00e8res significatives pour garantir la qualit\u00e9 et la durabilit\u00e9 du projet. Voici un aper\u00e7u de la r\u00e9partition budg\u00e9taire :<\/p>\n\n<figure class=\"wp-block-table\"><table>\n<thead>\n<tr>\n<th>Postes de d\u00e9penses<\/th>\n<th>Montant (en euros)<\/th>\n<\/tr>\n<\/thead>\n<tbody>\n<tr>\n<td>Achat de mat\u00e9riaux \u00e9cologiques<\/td>\n<td>30 000 \u20ac<\/td>\n<\/tr>\n<tr>\n<td>Engagement des entreprises de travaux<\/td>\n<td>50 000 \u20ac<\/td>\n<\/tr>\n<tr>\n<td>Am\u00e9nagement des espaces verts<\/td>\n<td>20 000 \u20ac<\/td>\n<\/tr>\n<tr>\n<td>Communication et sensibilisation<\/td>\n<td>5 000 \u20ac<\/td>\n<\/tr>\n<\/tbody>\n<\/table><\/figure>\n\n<p>Ce budget t\u00e9moigne d&rsquo;un engagement fort de la part de la commune et d&rsquo;une volont\u00e9 de donner aux enfants un cadre de vie qui favorise leur bien-\u00eatre et leur \u00e9ducation. \u00c0 terme, le retour sur investissement sera mesur\u00e9 par les b\u00e9n\u00e9fices scolaires et environnementaux de cette initiative.<\/p>\n\n<h2 class=\"wp-block-heading\">Comment allons-nous mesurer le succ\u00e8s de ce projet ?<\/h2>\n\n<p>Enfin, mesurer le succ\u00e8s de ce type de projet est essentiel pour garantir son efficacit\u00e9 et son impact. Diff\u00e9rentes m\u00e9thodes seront mises en place pour \u00e9valuer les r\u00e9sultats de la d\u00e9simperm\u00e9abilisation :<\/p>\n\n<ul class=\"wp-block-list\"><li>\ud83d\udcca <strong>Analyse environnementale<\/strong> : Mesurer la biodiversit\u00e9 dans les mois qui suivent les travaux pour \u00e9valuer l&rsquo;impact sur le milieu.<\/li><li>\ud83d\udcc5 <strong>Retours des \u00e9l\u00e8ves<\/strong> : Recueillir les impressions des enfants et des enseignants sur l&rsquo;am\u00e9lioration des conditions de l&rsquo;\u00e9cole.<\/li><li>\ud83e\udd14 <strong>Implication continue<\/strong> : Suivre l&rsquo;engagement des parents et de la communaut\u00e9 dans des projets connexes pour d\u00e9terminer l&rsquo;effet d&rsquo;entra\u00eenement r\u00e9alis\u00e9.<\/li><\/ul>\n\n<p>Ces \u00e9valuations seront essentielles pour justifier et potentiellement \u00e9tendre ce type d&rsquo;initiative \u00e0 d&rsquo;autres espaces scolaires en valorisant l&rsquo;importance de l&rsquo;\u00e9ducation \u00e0 l&rsquo;environnement.<\/p>\n\n<h2 class=\"wp-block-heading\">Des questions pour apprendre davantage sur la d\u00e9simperm\u00e9abilisation<\/h2>\n\n<p>Les travaux de d\u00e9simperm\u00e9abilisation impliquent beaucoup de questionnements et d&rsquo;initiatives. Voici quelques questions fr\u00e9quemment pos\u00e9es par les parents, enseignants et \u00e9l\u00e8ves concernant ce projet :<\/p>\n\n<h2 class=\"wp-block-heading\">Pourquoi la d\u00e9simperm\u00e9abilisation est-elle si importante ?<\/h2>\n\n<p>La d\u00e9simperm\u00e9abilisation est fondamentale car elle permet de lutter contre l&rsquo;imperm\u00e9abilit\u00e9 des sols, favorise la biodiversit\u00e9 et am\u00e9liore la gestion de l&rsquo;eau. Cela contribue \u00e0 adapter les espaces scolaires et urbains aux d\u00e9fis environnementaux actuels.<\/p>\n\n<h2 class=\"wp-block-heading\">Quelles esp\u00e8ces v\u00e9g\u00e9tales seront plant\u00e9es dans la cour ?<\/h2>\n\n<p>Le choix des v\u00e9g\u00e9taux tient compte de la biodiversit\u00e9 locale et de leur capacit\u00e9 \u00e0 s&rsquo;adapter aux sols perm\u00e9ables. Des fleurs vivaces, des herbes locales et des petits arbustes seront privil\u00e9gi\u00e9s pour attirer pollinisateurs et autres esp\u00e8ces.<\/p>\n\n<h2 class=\"wp-block-heading\">Comment les parents peuvent-ils soutenir ce projet ?<\/h2>\n\n<p>Les parents peuvent s&rsquo;impliquer en participant aux r\u00e9unions, en partageant leurs id\u00e9es et en contribuant \u00e0 des initiatives communautaires pour embellir et entretenir les espaces verts.<\/p>\n\n<h2 class=\"wp-block-heading\">Quand les travaux commenceront-ils ?<\/h2>\n\n<p>Les travaux de d\u00e9simperm\u00e9abilisation d\u00e9buteront d\u00e8s la fin de l&rsquo;ann\u00e9e scolaire, permettant ainsi de ne pas perturber les activit\u00e9s scolaires. La municipalit\u00e9 pr\u00e9voit une dur\u00e9e de quelques semaines pour ces travaux intensifs.<\/p>\n\n<h2 class=\"wp-block-heading\">Qui supervise les travaux ?<\/h2>\n\n<p>Les autorit\u00e9s locales supervisent l&rsquo;ensemble des travaux en collaboration avec des entreprises sp\u00e9cialis\u00e9es en am\u00e9nagement \u00e9cologique. Des repr\u00e9sentants de la municipalit\u00e9 seront pr\u00e9sents tout au long du chantier pour garantir son bon d\u00e9roulement.<\/p>\n\n","protected":false},"excerpt":{"rendered":"<p>\u00c9t\u00e9 2025, la commune de Bracieux se pr\u00e9pare \u00e0 un changement de cap pour son \u00e9cole \u00e9l\u00e9mentaire. Dans un souci de d\u00e9veloppement durable et d&rsquo;am\u00e9lioration de l&rsquo;environnement scolaire, des travaux de d\u00e9simperm\u00e9abilisation sont pr\u00e9vus durant les vacances estivales. Les engins de chantier sont d\u00e9j\u00e0 pr\u00e9sents sur le site pour enlever le bitume gris qui recouvrait &#8230; <a title=\"L&rsquo;\u00e9cole \u00e9l\u00e9mentaire de Bracieux se d\u00e9simperm\u00e9abilise cet \u00e9t\u00e9\" class=\"read-more\" href=\"https:\/\/www.apres-lecole.fr\/Blog\/bracieux-desimpermeabilisation\/\" aria-label=\"En savoir plus sur L&rsquo;\u00e9cole \u00e9l\u00e9mentaire de Bracieux se d\u00e9simperm\u00e9abilise cet \u00e9t\u00e9\">Lire plus<\/a><\/p>\n","protected":false},"author":7,"featured_media":2155,"comment_status":"open","ping_status":"open","sticky":false,"template":"","format":"standard","meta":{"footnotes":""},"categories":[342],"tags":[1304,1305,649,535,1306],"class_list":["post-2156","post","type-post","status-publish","format-standard","has-post-thumbnail","hentry","category-actualites","tag-bracieux","tag-desimpermeabilisation","tag-ecole-elementaire","tag-environnement","tag-ete"],"yoast_head":"<!-- This site is optimized with the Yoast SEO plugin v27.5 - https:\/\/yoast.com\/product\/yoast-seo-wordpress\/ -->\n<title>L&#039;\u00e9cole \u00e9l\u00e9mentaire de Bracieux se transforme pour un \u00e9t\u00e9 \u00e9coresponsable<\/title>\n<meta name=\"description\" content=\"D\u00e9couvrez comment l&#039;\u00e9cole \u00e9l\u00e9mentaire de Bracieux lutte contre l&#039;imperm\u00e9abilisation des sols avec des travaux \u00e9cologiques cet \u00e9t\u00e9.\" \/>\n<meta name=\"robots\" content=\"index, follow, max-snippet:-1, max-image-preview:large, max-video-preview:-1\" \/>\n<link rel=\"canonical\" href=\"https:\/\/www.apres-lecole.fr\/Blog\/bracieux-desimpermeabilisation\/\" \/>\n<meta property=\"og:locale\" content=\"fr_FR\" \/>\n<meta property=\"og:type\" content=\"article\" \/>\n<meta property=\"og:title\" content=\"L&#039;\u00e9cole \u00e9l\u00e9mentaire de Bracieux se transforme pour un \u00e9t\u00e9 \u00e9coresponsable\" \/>\n<meta property=\"og:description\" content=\"D\u00e9couvrez comment l&#039;\u00e9cole \u00e9l\u00e9mentaire de Bracieux lutte contre l&#039;imperm\u00e9abilisation des sols avec des travaux \u00e9cologiques cet \u00e9t\u00e9.\" \/>\n<meta property=\"og:url\" content=\"https:\/\/www.apres-lecole.fr\/Blog\/bracieux-desimpermeabilisation\/\" \/>\n<meta property=\"article:published_time\" content=\"2025-08-10T07:03:29+00:00\" \/>\n<meta property=\"og:image\" content=\"https:\/\/www.apres-lecole.fr\/Blog\/wp-content\/uploads\/2025\/08\/Lecole-elementaire-de-Bracieux-se-desimpermeabilise-cet-ete.jpg\" \/>\n\t<meta property=\"og:image:width\" content=\"1344\" \/>\n\t<meta property=\"og:image:height\" content=\"768\" \/>\n\t<meta property=\"og:image:type\" content=\"image\/jpeg\" \/>\n<meta name=\"twitter:card\" content=\"summary_large_image\" \/>\n<meta name=\"twitter:label1\" content=\"\u00c9crit par\" \/>\n\t<meta name=\"twitter:data1\" content=\"\" \/>\n\t<meta name=\"twitter:label2\" content=\"Dur\u00e9e de lecture estim\u00e9e\" \/>\n\t<meta name=\"twitter:data2\" content=\"12 minutes\" \/>\n<script type=\"application\/ld+json\" class=\"yoast-schema-graph\">{\"@context\":\"https:\\\/\\\/schema.org\",\"@graph\":[{\"@type\":\"Article\",\"@id\":\"https:\\\/\\\/www.apres-lecole.fr\\\/Blog\\\/bracieux-desimpermeabilisation\\\/#article\",\"isPartOf\":{\"@id\":\"https:\\\/\\\/www.apres-lecole.fr\\\/Blog\\\/bracieux-desimpermeabilisation\\\/\"},\"author\":{\"name\":\"\",\"@id\":\"\"},\"headline\":\"L&rsquo;\u00e9cole \u00e9l\u00e9mentaire de Bracieux se d\u00e9simperm\u00e9abilise cet \u00e9t\u00e9\",\"datePublished\":\"2025-08-10T07:03:29+00:00\",\"mainEntityOfPage\":{\"@id\":\"https:\\\/\\\/www.apres-lecole.fr\\\/Blog\\\/bracieux-desimpermeabilisation\\\/\"},\"wordCount\":2398,\"commentCount\":0,\"image\":{\"@id\":\"https:\\\/\\\/www.apres-lecole.fr\\\/Blog\\\/bracieux-desimpermeabilisation\\\/#primaryimage\"},\"thumbnailUrl\":\"https:\\\/\\\/www.apres-lecole.fr\\\/Blog\\\/wp-content\\\/uploads\\\/2025\\\/08\\\/Lecole-elementaire-de-Bracieux-se-desimpermeabilise-cet-ete.jpg\",\"keywords\":[\"bracieux\",\"d\u00e9simperm\u00e9abilisation\",\"\u00e9cole \u00e9l\u00e9mentaire\",\"environnement\",\"\u00e9t\u00e9\"],\"articleSection\":[\"Actualit\u00e9s\"],\"inLanguage\":\"fr-FR\",\"potentialAction\":[{\"@type\":\"CommentAction\",\"name\":\"Comment\",\"target\":[\"https:\\\/\\\/www.apres-lecole.fr\\\/Blog\\\/bracieux-desimpermeabilisation\\\/#respond\"]}]},{\"@type\":\"WebPage\",\"@id\":\"https:\\\/\\\/www.apres-lecole.fr\\\/Blog\\\/bracieux-desimpermeabilisation\\\/\",\"url\":\"https:\\\/\\\/www.apres-lecole.fr\\\/Blog\\\/bracieux-desimpermeabilisation\\\/\",\"name\":\"L'\u00e9cole \u00e9l\u00e9mentaire de Bracieux se transforme pour un \u00e9t\u00e9 \u00e9coresponsable\",\"isPartOf\":{\"@id\":\"https:\\\/\\\/www.apres-lecole.fr\\\/Blog\\\/#website\"},\"primaryImageOfPage\":{\"@id\":\"https:\\\/\\\/www.apres-lecole.fr\\\/Blog\\\/bracieux-desimpermeabilisation\\\/#primaryimage\"},\"image\":{\"@id\":\"https:\\\/\\\/www.apres-lecole.fr\\\/Blog\\\/bracieux-desimpermeabilisation\\\/#primaryimage\"},\"thumbnailUrl\":\"https:\\\/\\\/www.apres-lecole.fr\\\/Blog\\\/wp-content\\\/uploads\\\/2025\\\/08\\\/Lecole-elementaire-de-Bracieux-se-desimpermeabilise-cet-ete.jpg\",\"datePublished\":\"2025-08-10T07:03:29+00:00\",\"author\":{\"@id\":\"\"},\"description\":\"D\u00e9couvrez comment l'\u00e9cole \u00e9l\u00e9mentaire de Bracieux lutte contre l'imperm\u00e9abilisation des sols avec des travaux \u00e9cologiques cet \u00e9t\u00e9.\",\"breadcrumb\":{\"@id\":\"https:\\\/\\\/www.apres-lecole.fr\\\/Blog\\\/bracieux-desimpermeabilisation\\\/#breadcrumb\"},\"inLanguage\":\"fr-FR\",\"potentialAction\":[{\"@type\":\"ReadAction\",\"target\":[\"https:\\\/\\\/www.apres-lecole.fr\\\/Blog\\\/bracieux-desimpermeabilisation\\\/\"]}]},{\"@type\":\"ImageObject\",\"inLanguage\":\"fr-FR\",\"@id\":\"https:\\\/\\\/www.apres-lecole.fr\\\/Blog\\\/bracieux-desimpermeabilisation\\\/#primaryimage\",\"url\":\"https:\\\/\\\/www.apres-lecole.fr\\\/Blog\\\/wp-content\\\/uploads\\\/2025\\\/08\\\/Lecole-elementaire-de-Bracieux-se-desimpermeabilise-cet-ete.jpg\",\"contentUrl\":\"https:\\\/\\\/www.apres-lecole.fr\\\/Blog\\\/wp-content\\\/uploads\\\/2025\\\/08\\\/Lecole-elementaire-de-Bracieux-se-desimpermeabilise-cet-ete.jpg\",\"width\":1344,\"height\":768,\"caption\":\"d\u00e9couvrez comment l'\u00e9cole \u00e9l\u00e9mentaire de bracieux se transforme cet \u00e9t\u00e9 en se d\u00e9simperm\u00e9abilisant, pour offrir un environnement plus sain et durable \u00e0 ses \u00e9l\u00e8ves. un projet innovant pour favoriser la biodiversit\u00e9 et am\u00e9liorer le cadre de vie scolaire.\"},{\"@type\":\"BreadcrumbList\",\"@id\":\"https:\\\/\\\/www.apres-lecole.fr\\\/Blog\\\/bracieux-desimpermeabilisation\\\/#breadcrumb\",\"itemListElement\":[{\"@type\":\"ListItem\",\"position\":1,\"name\":\"Home\",\"item\":\"https:\\\/\\\/www.apres-lecole.fr\\\/Blog\\\/\"},{\"@type\":\"ListItem\",\"position\":2,\"name\":\"L&rsquo;\u00e9cole \u00e9l\u00e9mentaire de Bracieux se d\u00e9simperm\u00e9abilise cet \u00e9t\u00e9\"}]},{\"@type\":\"WebSite\",\"@id\":\"https:\\\/\\\/www.apres-lecole.fr\\\/Blog\\\/#website\",\"url\":\"https:\\\/\\\/www.apres-lecole.fr\\\/Blog\\\/\",\"name\":\"\",\"description\":\"M\u00e9dia g\u00e9n\u00e9raliste\",\"potentialAction\":[{\"@type\":\"SearchAction\",\"target\":{\"@type\":\"EntryPoint\",\"urlTemplate\":\"https:\\\/\\\/www.apres-lecole.fr\\\/Blog\\\/?s={search_term_string}\"},\"query-input\":{\"@type\":\"PropertyValueSpecification\",\"valueRequired\":true,\"valueName\":\"search_term_string\"}}],\"inLanguage\":\"fr-FR\"},{\"@type\":\"Person\",\"@id\":\"\",\"url\":\"https:\\\/\\\/www.apres-lecole.fr\\\/Blog\\\/author\\\/\"}]}<\/script>\n<!-- \/ Yoast SEO plugin. -->","yoast_head_json":{"title":"L'\u00e9cole \u00e9l\u00e9mentaire de Bracieux se transforme pour un \u00e9t\u00e9 \u00e9coresponsable","description":"D\u00e9couvrez comment l'\u00e9cole \u00e9l\u00e9mentaire de Bracieux lutte contre l'imperm\u00e9abilisation des sols avec des travaux \u00e9cologiques cet \u00e9t\u00e9.","robots":{"index":"index","follow":"follow","max-snippet":"max-snippet:-1","max-image-preview":"max-image-preview:large","max-video-preview":"max-video-preview:-1"},"canonical":"https:\/\/www.apres-lecole.fr\/Blog\/bracieux-desimpermeabilisation\/","og_locale":"fr_FR","og_type":"article","og_title":"L'\u00e9cole \u00e9l\u00e9mentaire de Bracieux se transforme pour un \u00e9t\u00e9 \u00e9coresponsable","og_description":"D\u00e9couvrez comment l'\u00e9cole \u00e9l\u00e9mentaire de Bracieux lutte contre l'imperm\u00e9abilisation des sols avec des travaux \u00e9cologiques cet \u00e9t\u00e9.","og_url":"https:\/\/www.apres-lecole.fr\/Blog\/bracieux-desimpermeabilisation\/","article_published_time":"2025-08-10T07:03:29+00:00","og_image":[{"width":1344,"height":768,"url":"https:\/\/www.apres-lecole.fr\/Blog\/wp-content\/uploads\/2025\/08\/Lecole-elementaire-de-Bracieux-se-desimpermeabilise-cet-ete.jpg","type":"image\/jpeg"}],"twitter_card":"summary_large_image","twitter_misc":{"\u00c9crit par":"","Dur\u00e9e de lecture estim\u00e9e":"12 minutes"},"schema":{"@context":"https:\/\/schema.org","@graph":[{"@type":"Article","@id":"https:\/\/www.apres-lecole.fr\/Blog\/bracieux-desimpermeabilisation\/#article","isPartOf":{"@id":"https:\/\/www.apres-lecole.fr\/Blog\/bracieux-desimpermeabilisation\/"},"author":{"name":"","@id":""},"headline":"L&rsquo;\u00e9cole \u00e9l\u00e9mentaire de Bracieux se d\u00e9simperm\u00e9abilise cet \u00e9t\u00e9","datePublished":"2025-08-10T07:03:29+00:00","mainEntityOfPage":{"@id":"https:\/\/www.apres-lecole.fr\/Blog\/bracieux-desimpermeabilisation\/"},"wordCount":2398,"commentCount":0,"image":{"@id":"https:\/\/www.apres-lecole.fr\/Blog\/bracieux-desimpermeabilisation\/#primaryimage"},"thumbnailUrl":"https:\/\/www.apres-lecole.fr\/Blog\/wp-content\/uploads\/2025\/08\/Lecole-elementaire-de-Bracieux-se-desimpermeabilise-cet-ete.jpg","keywords":["bracieux","d\u00e9simperm\u00e9abilisation","\u00e9cole \u00e9l\u00e9mentaire","environnement","\u00e9t\u00e9"],"articleSection":["Actualit\u00e9s"],"inLanguage":"fr-FR","potentialAction":[{"@type":"CommentAction","name":"Comment","target":["https:\/\/www.apres-lecole.fr\/Blog\/bracieux-desimpermeabilisation\/#respond"]}]},{"@type":"WebPage","@id":"https:\/\/www.apres-lecole.fr\/Blog\/bracieux-desimpermeabilisation\/","url":"https:\/\/www.apres-lecole.fr\/Blog\/bracieux-desimpermeabilisation\/","name":"L'\u00e9cole \u00e9l\u00e9mentaire de Bracieux se transforme pour un \u00e9t\u00e9 \u00e9coresponsable","isPartOf":{"@id":"https:\/\/www.apres-lecole.fr\/Blog\/#website"},"primaryImageOfPage":{"@id":"https:\/\/www.apres-lecole.fr\/Blog\/bracieux-desimpermeabilisation\/#primaryimage"},"image":{"@id":"https:\/\/www.apres-lecole.fr\/Blog\/bracieux-desimpermeabilisation\/#primaryimage"},"thumbnailUrl":"https:\/\/www.apres-lecole.fr\/Blog\/wp-content\/uploads\/2025\/08\/Lecole-elementaire-de-Bracieux-se-desimpermeabilise-cet-ete.jpg","datePublished":"2025-08-10T07:03:29+00:00","author":{"@id":""},"description":"D\u00e9couvrez comment l'\u00e9cole \u00e9l\u00e9mentaire de Bracieux lutte contre l'imperm\u00e9abilisation des sols avec des travaux \u00e9cologiques cet \u00e9t\u00e9.","breadcrumb":{"@id":"https:\/\/www.apres-lecole.fr\/Blog\/bracieux-desimpermeabilisation\/#breadcrumb"},"inLanguage":"fr-FR","potentialAction":[{"@type":"ReadAction","target":["https:\/\/www.apres-lecole.fr\/Blog\/bracieux-desimpermeabilisation\/"]}]},{"@type":"ImageObject","inLanguage":"fr-FR","@id":"https:\/\/www.apres-lecole.fr\/Blog\/bracieux-desimpermeabilisation\/#primaryimage","url":"https:\/\/www.apres-lecole.fr\/Blog\/wp-content\/uploads\/2025\/08\/Lecole-elementaire-de-Bracieux-se-desimpermeabilise-cet-ete.jpg","contentUrl":"https:\/\/www.apres-lecole.fr\/Blog\/wp-content\/uploads\/2025\/08\/Lecole-elementaire-de-Bracieux-se-desimpermeabilise-cet-ete.jpg","width":1344,"height":768,"caption":"d\u00e9couvrez comment l'\u00e9cole \u00e9l\u00e9mentaire de bracieux se transforme cet \u00e9t\u00e9 en se d\u00e9simperm\u00e9abilisant, pour offrir un environnement plus sain et durable \u00e0 ses \u00e9l\u00e8ves. un projet innovant pour favoriser la biodiversit\u00e9 et am\u00e9liorer le cadre de vie scolaire."},{"@type":"BreadcrumbList","@id":"https:\/\/www.apres-lecole.fr\/Blog\/bracieux-desimpermeabilisation\/#breadcrumb","itemListElement":[{"@type":"ListItem","position":1,"name":"Home","item":"https:\/\/www.apres-lecole.fr\/Blog\/"},{"@type":"ListItem","position":2,"name":"L&rsquo;\u00e9cole \u00e9l\u00e9mentaire de Bracieux se d\u00e9simperm\u00e9abilise cet \u00e9t\u00e9"}]},{"@type":"WebSite","@id":"https:\/\/www.apres-lecole.fr\/Blog\/#website","url":"https:\/\/www.apres-lecole.fr\/Blog\/","name":"","description":"M\u00e9dia g\u00e9n\u00e9raliste","potentialAction":[{"@type":"SearchAction","target":{"@type":"EntryPoint","urlTemplate":"https:\/\/www.apres-lecole.fr\/Blog\/?s={search_term_string}"},"query-input":{"@type":"PropertyValueSpecification","valueRequired":true,"valueName":"search_term_string"}}],"inLanguage":"fr-FR"},{"@type":"Person","@id":"","url":"https:\/\/www.apres-lecole.fr\/Blog\/author\/"}]}},"views":7,"_links":{"self":[{"href":"https:\/\/www.apres-lecole.fr\/Blog\/wp-json\/wp\/v2\/posts\/2156","targetHints":{"allow":["GET"]}}],"collection":[{"href":"https:\/\/www.apres-lecole.fr\/Blog\/wp-json\/wp\/v2\/posts"}],"about":[{"href":"https:\/\/www.apres-lecole.fr\/Blog\/wp-json\/wp\/v2\/types\/post"}],"author":[{"embeddable":true,"href":"https:\/\/www.apres-lecole.fr\/Blog\/wp-json\/wp\/v2\/users\/7"}],"replies":[{"embeddable":true,"href":"https:\/\/www.apres-lecole.fr\/Blog\/wp-json\/wp\/v2\/comments?post=2156"}],"version-history":[{"count":0,"href":"https:\/\/www.apres-lecole.fr\/Blog\/wp-json\/wp\/v2\/posts\/2156\/revisions"}],"wp:featuredmedia":[{"embeddable":true,"href":"https:\/\/www.apres-lecole.fr\/Blog\/wp-json\/wp\/v2\/media\/2155"}],"wp:attachment":[{"href":"https:\/\/www.apres-lecole.fr\/Blog\/wp-json\/wp\/v2\/media?parent=2156"}],"wp:term":[{"taxonomy":"category","embeddable":true,"href":"https:\/\/www.apres-lecole.fr\/Blog\/wp-json\/wp\/v2\/categories?post=2156"},{"taxonomy":"post_tag","embeddable":true,"href":"https:\/\/www.apres-lecole.fr\/Blog\/wp-json\/wp\/v2\/tags?post=2156"}],"curies":[{"name":"wp","href":"https:\/\/api.w.org\/{rel}","templated":true}]}}