{"id":2154,"date":"2025-08-10T06:33:07","date_gmt":"2025-08-10T06:33:07","guid":{"rendered":"https:\/\/www.apres-lecole.fr\/Blog\/ecole-sainte-anne-strasbourg\/"},"modified":"2025-08-10T06:33:07","modified_gmt":"2025-08-10T06:33:07","slug":"ecole-sainte-anne-strasbourg","status":"publish","type":"post","link":"https:\/\/www.apres-lecole.fr\/Blog\/ecole-sainte-anne-strasbourg\/","title":{"rendered":"D\u00e9couverte de l&rsquo;\u00e9cole Sainte Anne \u00e0 Strasbourg : un \u00e9tablissement d&rsquo;exception pour vos enfants"},"content":{"rendered":"\n\n<div class=\"kk-star-ratings kksr-auto kksr-align-left kksr-valign-top\"\n    data-payload='{&quot;align&quot;:&quot;left&quot;,&quot;id&quot;:&quot;2154&quot;,&quot;slug&quot;:&quot;default&quot;,&quot;valign&quot;:&quot;top&quot;,&quot;ignore&quot;:&quot;&quot;,&quot;reference&quot;:&quot;auto&quot;,&quot;class&quot;:&quot;&quot;,&quot;count&quot;:&quot;0&quot;,&quot;legendonly&quot;:&quot;&quot;,&quot;readonly&quot;:&quot;&quot;,&quot;score&quot;:&quot;0&quot;,&quot;starsonly&quot;:&quot;&quot;,&quot;best&quot;:&quot;5&quot;,&quot;gap&quot;:&quot;5&quot;,&quot;greet&quot;:&quot;Rate this post&quot;,&quot;legend&quot;:&quot;0\\\/5 - (0 vote)&quot;,&quot;size&quot;:&quot;24&quot;,&quot;title&quot;:&quot;D\u00e9couverte de l\\u0026#039;\u00e9cole Sainte Anne \u00e0 Strasbourg : un \u00e9tablissement d\\u0026#039;exception pour vos enfants&quot;,&quot;width&quot;:&quot;0&quot;,&quot;_legend&quot;:&quot;{score}\\\/{best} - ({count} {votes})&quot;,&quot;font_factor&quot;:&quot;1.25&quot;}'>\n            \n<div class=\"kksr-stars\">\n    \n<div class=\"kksr-stars-inactive\">\n            <div class=\"kksr-star\" data-star=\"1\" style=\"padding-right: 5px\">\n            \n\n<div class=\"kksr-icon\" style=\"width: 24px; height: 24px;\"><\/div>\n        <\/div>\n            <div class=\"kksr-star\" data-star=\"2\" style=\"padding-right: 5px\">\n            \n\n<div class=\"kksr-icon\" style=\"width: 24px; height: 24px;\"><\/div>\n        <\/div>\n            <div class=\"kksr-star\" data-star=\"3\" style=\"padding-right: 5px\">\n            \n\n<div class=\"kksr-icon\" style=\"width: 24px; height: 24px;\"><\/div>\n        <\/div>\n            <div class=\"kksr-star\" data-star=\"4\" style=\"padding-right: 5px\">\n            \n\n<div class=\"kksr-icon\" style=\"width: 24px; height: 24px;\"><\/div>\n        <\/div>\n            <div class=\"kksr-star\" data-star=\"5\" style=\"padding-right: 5px\">\n            \n\n<div class=\"kksr-icon\" style=\"width: 24px; height: 24px;\"><\/div>\n        <\/div>\n    <\/div>\n    \n<div class=\"kksr-stars-active\" style=\"width: 0px;\">\n            <div class=\"kksr-star\" style=\"padding-right: 5px\">\n            \n\n<div class=\"kksr-icon\" style=\"width: 24px; height: 24px;\"><\/div>\n        <\/div>\n            <div class=\"kksr-star\" style=\"padding-right: 5px\">\n            \n\n<div class=\"kksr-icon\" style=\"width: 24px; height: 24px;\"><\/div>\n        <\/div>\n            <div class=\"kksr-star\" style=\"padding-right: 5px\">\n            \n\n<div class=\"kksr-icon\" style=\"width: 24px; height: 24px;\"><\/div>\n        <\/div>\n            <div class=\"kksr-star\" style=\"padding-right: 5px\">\n            \n\n<div class=\"kksr-icon\" style=\"width: 24px; height: 24px;\"><\/div>\n        <\/div>\n            <div class=\"kksr-star\" style=\"padding-right: 5px\">\n            \n\n<div class=\"kksr-icon\" style=\"width: 24px; height: 24px;\"><\/div>\n        <\/div>\n    <\/div>\n<\/div>\n                \n\n<div class=\"kksr-legend\" style=\"font-size: 19.2px;\">\n            <span class=\"kksr-muted\">Rate this post<\/span>\n    <\/div>\n    <\/div>\n<p>Situ\u00e9e au c\u0153ur de la belle ville de Strasbourg, l&rsquo;\u00c9cole Libre Sainte Anne est un \u00e9tablissement priv\u00e9 qui fait parler de lui depuis sa cr\u00e9ation. Inaugur\u00e9e le 16 mars 1971, elle a su acqu\u00e9rir une r\u00e9putation d&rsquo;excellence au fil des ann\u00e9es. Les parents d&rsquo;\u00e9l\u00e8ves appr\u00e9cient sa p\u00e9dagogie adapt\u00e9e et son environnement d&rsquo;apprentissage stimulant. Avec des effectifs avoisinant les 530 \u00e9l\u00e8ves, cette \u00e9cole offre \u00e0 chaque enfant l&rsquo;opportunit\u00e9 de s&rsquo;\u00e9panouir dans un cadre bienveillant. La diversit\u00e9 des classes allant de la maternelle aux niveaux \u00e9l\u00e9mentaires assure un parcours \u00e9ducatif complet et coh\u00e9rent. Si tu cherches un lieu o\u00f9 l&rsquo;\u00e9ducation rime avec innovation et attention port\u00e9e \u00e0 chaque \u00e9l\u00e8ve, alors l&rsquo;\u00c9cole Sainte Anne m\u00e9rite toute ton attention.<\/p>\n\n<h2 class=\"wp-block-heading\">Un \u00c9tablissement Scolaire au Service de l&rsquo;\u00c9ducation<\/h2>\n\n<p>\u00c0 l&rsquo;\u00c9cole Sainte Anne, l&rsquo;\u00e9ducation ne repr\u00e9sente pas simplement une s\u00e9rie de cours et d&rsquo;examens. Avec un projet p\u00e9dagogique clair et structur\u00e9, cette \u00e9cole se concentre sur le d\u00e9veloppement global de chaque enfant. L&rsquo;accent est mis sur des valeurs fondamentales : le respect, la responsabilit\u00e9 et la solidarit\u00e9. Les enseignants s\u2019engagent \u00e0 offrir un encadrement qualit\u00e9, propice \u00e0 l\u2019\u00e9panouissement des enfants tant sur le plan acad\u00e9mique que comportemental.<\/p>\n\n<h3 class=\"wp-block-heading\">Les Programmes Scolaires \u00e0 Sainte Anne<\/h3>\n\n<p>Les \u00e9l\u00e8ves de l&rsquo;\u00c9cole Sainte Anne b\u00e9n\u00e9ficient d&rsquo;une formation solide, aphorisme cl\u00e9 d&rsquo;un \u00e9tablissement d&rsquo;exception. Les programmes scolaires, bas\u00e9s sur les fondations de l&rsquo;\u00c9ducation Nationale, sont adapt\u00e9s pour r\u00e9pondre aux besoins des enfants de diff\u00e9rents \u00e2ges et niveaux. Ils incluent : <\/p>\n\n<ul class=\"wp-block-list\"><li>\u00c9cole Maternelle : Un apprentissage ludique o\u00f9 les enfants d\u00e9veloppent leurs comp\u00e9tences motrices et sociales.<\/li><li>Cycle des Apprentissages Fondamentaux : Introduction aux mati\u00e8res essentielles comme les math\u00e9matiques et le fran\u00e7ais.<\/li><li>Cycle de Consolidation : Approfondissement des connaissances et pr\u00e9paration \u00e0 la suite de leur parcours \u00e9ducatif.<\/li><\/ul>\n\n<p>Les classes sont organis\u00e9es de mani\u00e8re \u00e0 assurer une attention particuli\u00e8re aux besoins de chaque enfant. Avec une moyenne de 28 \u00e9l\u00e8ves par classe, l\u2019\u00e9quipe p\u00e9dagogique peut v\u00e9ritablement suivre le progr\u00e8s de chacun et intervenir au besoin. Par exemple, les classe de CP accueillent 71 \u00e9l\u00e8ves pour une exp\u00e9rience d&rsquo;apprentissage encadr\u00e9e et personnalis\u00e9e. Cette adaptation est un des facteurs qui justifient la r\u00e9putation de l&rsquo;\u00e9cole.<\/p>\n\n<h3 class=\"wp-block-heading\">Les Valeurs au C\u0153ur de la P\u00e9dagogie<\/h3>\n\n<p>Les valeurs v\u00e9hicul\u00e9es par l&rsquo;\u00c9cole Sainte Anne sont essentielles pour construire un environnement d\u2019apprentissage positif. L\u2019\u00e9tablissement encourage l\u2019empathie, l&rsquo;\u00e9coute et l\u2019ouverture d&rsquo;esprit. \u00c0 travers des projets collaboratifs et des activit\u00e9s extra-scolaires, les enfants apprennent \u00e0 travailler ensemble. Des \u00e9v\u00e9nements comme des journ\u00e9es culturelles ou sportives permettent aux \u00e9l\u00e8ves de d\u00e9velopper un esprit de communaut\u00e9. Ces \u00e9changes favorisent les relations entre familles, enseignants et \u00e9l\u00e8ves, renfor\u00e7ant ainsi le sentiment d\u2019appartenance \u00e0 une grande famille \u00e9ducative.<\/p>\n\n<p>Il est crucial de noter que l\u2019\u00e9tablissement ne se limite pas \u00e0 un cadre acad\u00e9mique strict. Les jeunes sont encourag\u00e9s \u00e0 exprimer leur cr\u00e9ativit\u00e9 \u00e0 travers diff\u00e9rentes options artistiques, telles que la musique, le th\u00e9\u00e2tre ou les arts plastiques. Ces activit\u00e9s font partie int\u00e9grante du cursus scolaire, car elles contribuent \u00e0 la formation d\u2019individus \u00e9quilibr\u00e9s et \u00e9panouis.<\/p>\n\n<h2 class=\"wp-block-heading\">Un \u00c9tablissement Scolaire Innovant<\/h2>\n\n<p>L\u2019innovation est au c\u0153ur m\u00eame de la d\u00e9marche p\u00e9dagogique de l&rsquo;\u00c9cole Sainte Anne. L\u2019\u00e9tablissement est constamment en qu\u00eate de nouvelles m\u00e9thodes pour am\u00e9liorer l\u2019apprentissage des enfants. Cela se traduit par l\u2019int\u00e9gration de la technologie dans les apprentissages. Des salles de classe \u00e9quip\u00e9es de tableaux interactifs et de mat\u00e9riel num\u00e9rique t\u00e9moignent de cet engagement vers le futur.<\/p>\n\n<h3 class=\"wp-block-heading\">Technologie et Apprentissage<\/h3>\n\n<p>Dans un monde de plus en plus num\u00e9rique, Sainte Anne ne fait pas exception. L&rsquo;\u00e9cole int\u00e8gre des outils num\u00e9riques afin de pr\u00e9parer les \u00e9l\u00e8ves aux d\u00e9fis du XXIe si\u00e8cle. Des cours de codage et d\u2019informatique sont propos\u00e9s d\u00e8s le primaire, permettant aux enfants de se familiariser avec des comp\u00e9tences essentielles. L\u2019\u00e9cole a \u00e9galement mis en place un plan num\u00e9rique pour que chaque \u00e9l\u00e8ve ait acc\u00e8s aux ressources en ligne, facilitant ainsi un apprentissage autonome.<\/p>\n\n<p>L&rsquo;investissement dans l&rsquo;outil num\u00e9rique stimule \u00e9galement l&rsquo;esprit d&rsquo;initiative chez les \u00e9l\u00e8ves. En apprenant \u00e0 utiliser les nouvelles technologies, ils acqui\u00e8rent des comp\u00e9tences relationnelles, \u00e9motionnelles et sociales, fondamentales dans leur parcours \u00e9ducatif. Par exemple, des projets collaboratifs en ligne permettent aux \u00e9l\u00e8ves de collaborer \u00e0 distance, leur apprenant \u00e0 travailler en \u00e9quipe malgr\u00e9 la distance physique.<\/p>\n\n<h3 class=\"wp-block-heading\">Renforcement du Lien avec les Familles<\/h3>\n\n<p>Une \u00e9cole qui \u0153uvre en faveur de l\u2019innovation est \u00e9galement une \u00e9cole qui se soucie de ses parents. L&rsquo;\u00c9cole Sainte Anne organise r\u00e9guli\u00e8rement des r\u00e9unions pour partager les avanc\u00e9es p\u00e9dagogiques et recueillir les avis des parents. Ces \u00e9changes permettent d&rsquo;instaurer un climat de confiance et de transparence entre les enseignants et les familles. Chaque ann\u00e9e, une grande journ\u00e9e portes ouvertes permet aux parents de d\u00e9couvrir les nouvelles m\u00e9thodes \u00e9ducatives utilis\u00e9es dans l\u2019\u00e9tablissement.<\/p>\n\n<p>Cette attention port\u00e9e \u00e0 la communication et au partage d\u2019exp\u00e9riences contribue \u00e0 cr\u00e9er une dynamique positive autour de l&rsquo;\u00e9cole. Les parents sont ainsi impliqu\u00e9s dans le parcours \u00e9ducatif de leurs enfants, favorisant un soutien scolaire \u00e0 domicile qui se compl\u00e8te id\u00e9alement avec les enseignements de l\u2019\u00e9tablissement.<\/p>\n\n<h2 class=\"wp-block-heading\">Les Services Propos\u00e9s par l&rsquo;\u00c9cole Sainte Anne<\/h2>\n\n<p>Sainte Anne n\u2019offre pas seulement un cursus acad\u00e9mique enrichissant, mais \u00e9galement une palette de services qui simplifient la vie des familles. Parmi ces services, la restauration scolaire est un enjeu majeur. Les repas servis aux \u00e9l\u00e8ves sont \u00e9labor\u00e9s avec soin, respectant les recommandations de l\u2019\u00e9ducation nationale en mati\u00e8re de nutrition. Une attention particuli\u00e8re est port\u00e9e \u00e0 l\u2019\u00e9quilibre alimentaire pour garantir que les enfants re\u00e7oivent les nutriments n\u00e9cessaires.<\/p>\n\n<h3 class=\"wp-block-heading\">Des Activit\u00e9s Diversifi\u00e9es<\/h3>\n\n<p>Au-del\u00e0 des apprentissages acad\u00e9miques, l\u2019\u00c9cole Sainte Anne propose de nombreuses activit\u00e9s extra-scolaires. Ces derni\u00e8res sont con\u00e7ues pour \u00e9veiller la curiosit\u00e9 des enfants et d\u00e9velopper leur cr\u00e9ativit\u00e9. Voici quelques exemples d&rsquo;activit\u00e9s propos\u00e9es :<\/p>\n\n<ul class=\"wp-block-list\"><li>Ateliers de jardinage : les enfants apprennent \u00e0 cultiver et \u00e0 comprendre la nature.<\/li><li>Cours de musique : \u00e9veillent l&rsquo;oreille musicale tout en promouvant l\u2019\u00e9veil artistique.<\/li><li>Sports vari\u00e9s : football, basketball et bien d&rsquo;autres, pour favoriser l\u2019esprit d\u2019\u00e9quipe.<\/li><\/ul>\n\n<p>Ces activit\u00e9s permettent de d\u00e9velopper des comp\u00e9tences vari\u00e9es tout en favorisant l\u2019interaction sociale entre \u00e9l\u00e8ves. Les enfants apprennent \u00e0 se conna\u00eetre en dehors du cadre scolaire traditionnel, d\u00e9veloppant ainsi une coh\u00e9sion indispensable \u00e0 une bonne ambiance au sein de l&rsquo;\u00e9cole.<\/p>\n\n<h3 class=\"wp-block-heading\">Liste des Services Offerts<\/h3>\n\n<figure class=\"wp-block-table\"><table>\n<thead>\n<tr>\n<th>Service<\/th>\n<th>Description<\/th>\n<\/tr>\n<\/thead>\n<tbody>\n<tr>\n<td>Restauration<\/td>\n<td>Repas \u00e9quilibr\u00e9s et vari\u00e9s, adapt\u00e9s aux besoins nutritionnels des enfants.<\/td>\n<\/tr>\n<tr>\n<td>Activit\u00e9s Extracurriculaires<\/td>\n<td>Ateliers artistiques, sportifs et culturels pour un d\u00e9veloppement complet.<\/td>\n<\/tr>\n<tr>\n<td>Suivi P\u00e9dagogique<\/td>\n<td>\u00c9valuations r\u00e9guli\u00e8res pour garantir le suivi des progr\u00e8s de chaque \u00e9l\u00e8ve.<\/td>\n<\/tr>\n<\/tbody>\n<\/table><\/figure>\n\n<h2 class=\"wp-block-heading\">Un Milieu Scolaire \u00c9panouissant<\/h2>\n\n<p>Chaque enfant m\u00e9rite un environnement o\u00f9 il peut s\u2019\u00e9panouir pleinement. L&rsquo;\u00c9cole Sainte Anne met un point d&rsquo;honneur \u00e0 cr\u00e9er une atmosph\u00e8re accueillante et s\u00e9curis\u00e9e pour ses \u00e9l\u00e8ves. La qualit\u00e9 des relations humaines est primordiale. Le personnel \u00e9ducatif compos\u00e9 d&rsquo;enseignants passionn\u00e9s veille \u00e0 porter attention non seulement aux r\u00e9sultats scolaires, mais aussi \u00e0 la sant\u00e9 \u00e9motionnelle des enfants. <\/p>\n\n<h3 class=\"wp-block-heading\">Un Cadre Securisant pour les Enfants<\/h3>\n\n<p>La s\u00e9curit\u00e9 est au c\u0153ur des pr\u00e9occupations. L&rsquo;\u00e9cole dispose de protocoles stricts pour assurer la s\u00e9curit\u00e9 des enfants sur le site. Le respect des normes de s\u00e9curit\u00e9 et une vigilance constante garantissent un cadre propice \u00e0 l&rsquo;apprentissage. En parall\u00e8le, l&rsquo;\u00e9tablissement favorise l&rsquo;altruisme et le respect de l&rsquo;autre \u00e0 travers des programmes de sensibilisation.<\/p>\n\n<p>Ces initiatives encouragent les \u00e9l\u00e8ves \u00e0 se responsabiliser et \u00e0 se d\u00e9marquer comme des individus bienveillants dans un monde en constante \u00e9volution. Chaque enfant est invit\u00e9 \u00e0 s\u2019engager dans des actions citoyennes, comme des projets solidaires et des collectes de fonds, pour supporter des causes qui leur tiennent \u00e0 c\u0153ur. Une mani\u00e8re concr\u00e8te d\u2019apprendre \u00e0 \u00eatre acteur de leur environnement.<\/p>\n\n<h3 class=\"wp-block-heading\">R\u00e9cits d&rsquo;\u00c9l\u00e8ves \u00c9panouis<\/h3>\n\n<p>De nombreux t\u00e9moignages illustrent la richesse de la vie \u00e0 l\u2019\u00c9cole Sainte Anne. Les \u00e9l\u00e8ves \u00e9voquent leur exp\u00e9rience de mani\u00e8re enthousiaste :<\/p>\n\n<ul class=\"wp-block-list\"><li>\u00ab J&rsquo;adore faire du sport, surtout le foot, et mes camarades sont super ! \u00bb<\/li><li>\u00ab Les profs sont toujours l\u00e0 pour nous aider ; j\u2019aime beaucoup mes cours de musique. \u00bb<\/li><li>\u00ab Participer \u00e0 des projets de classe est amusant et je me sens utile. \u00bb<\/li><\/ul>\n\n<p>Ces retours positifs soulignent non seulement l\u2019efficacit\u00e9 des m\u00e9thodes p\u00e9dagogiques, mais \u00e9galement la pertinence d\u2019un environnement chaleureux et inclusif. Les enfants adorent venir \u00e0 l&rsquo;\u00e9cole, un indice pr\u00e9cieux pour les parents en qu\u00eate d&rsquo;un \u00e9tablissement d&rsquo;excellence pour leur prog\u00e9niture.<\/p>\n\n<h2 class=\"wp-block-heading\">Quelles Perspectives d&rsquo;Avenir?<\/h2>\n\n<p>Avec une r\u00e9putation d&rsquo;exception, l&rsquo;\u00c9cole Sainte Anne ne vise pas seulement \u00e0 \u00e9duquer ses \u00e9l\u00e8ves mais \u00e9galement \u00e0 anticiper leur avenir. Les projets futurs comprennent l\u2019adoption de nouvelles m\u00e9thodes d\u2019apprentissage bas\u00e9es sur la collaboration et le d\u00e9veloppement des comp\u00e9tences personnelles. Ces changements s\u2019inscrivent dans une volont\u00e9 de pr\u00e9parer les enfants \u00e0 une soci\u00e9t\u00e9 en mutation, o\u00f9 l&rsquo;esprit critique et la cr\u00e9ativit\u00e9 seront les cl\u00e9s de leur r\u00e9ussite.<\/p>\n\n<h2 class=\"wp-block-heading\">Comment Contacter l&rsquo;\u00c9cole Sainte Anne?<\/h2>\n\n<p>Tu souhaites en savoir plus sur l&rsquo;\u00c9cole Sainte Anne ? Il est facile de les contacter :<\/p>\n\n<ul class=\"wp-block-list\"><li><strong>Adresse :<\/strong> 128 route du Polygone, 67100 Strasbourg<\/li><li><strong>Num\u00e9ro de t\u00e9l\u00e9phone :<\/strong> <a href=\"tel:+33-3-88-00-00-00\">03 88 00 00 00<\/a><\/li><li><strong>Email :<\/strong> <a href=\"mailto:contact@sainteanne-strasbourg.fr\">contact@sainteanne-strasbourg.fr<\/a><\/li><\/ul>\n\n<h2 class=\"wp-block-heading\">Questions Fr\u00e9quemment Pos\u00e9es<\/h2>\n\n<h2 class=\"wp-block-heading\">Quels sont les niveaux d&rsquo;enseignement disponibles \u00e0 l&rsquo;\u00c9cole Sainte Anne ?<\/h2>\n\n<p>L&rsquo;\u00c9cole Sainte Anne propose un cursus allant de la maternelle jusqu&rsquo;au primaire. Chaque \u00e9l\u00e8ve b\u00e9n\u00e9ficie d&rsquo;un accompagnement personnalis\u00e9 pour favoriser ses apprentissages.<\/p>\n\n<h2 class=\"wp-block-heading\">Quel est le nombre d&rsquo;\u00e9l\u00e8ves par classe \u00e0 l&rsquo;\u00e9cole ?<\/h2>\n\n<p>La moyenne est de 28 \u00e9l\u00e8ves par classe, garantissant un suivi personnalis\u00e9 et une attention accrue de la part des enseignants.<\/p>\n\n<h2 class=\"wp-block-heading\">Quelles sont les options disponibles pour les activit\u00e9s extra-scolaires ?<\/h2>\n\n<p>Les enfants peuvent participer \u00e0 diverses activit\u00e9s telles que des ateliers de musique, de jardinage ou encore des sports d\u2019\u00e9quipe.<\/p>\n\n<h2 class=\"wp-block-heading\">Comment se d\u00e9roule la restauration scolaire ?<\/h2>\n\n<p>Les repas sont \u00e9labor\u00e9s par des professionnels et tiennent compte des besoins nutritionnels des enfants pour leur garantir un \u00e9quilibre alimentaire.<\/p>\n\n<h2 class=\"wp-block-heading\">Quelle est la r\u00e9putation de l&rsquo;\u00e9cole dans la communaut\u00e9 ?<\/h2>\n\n<p>Avec une forte demande d&rsquo;inscription de la part des parents, l\u2019\u00c9cole Sainte Anne jouit d&rsquo;une excellente r\u00e9putation en termes d&rsquo;\u00e9ducation et d&rsquo;\u00e9panouissement des \u00e9l\u00e8ves.<\/p>\n\n","protected":false},"excerpt":{"rendered":"<p>Situ\u00e9e au c\u0153ur de la belle ville de Strasbourg, l&rsquo;\u00c9cole Libre Sainte Anne est un \u00e9tablissement priv\u00e9 qui fait parler de lui depuis sa cr\u00e9ation. Inaugur\u00e9e le 16 mars 1971, elle a su acqu\u00e9rir une r\u00e9putation d&rsquo;excellence au fil des ann\u00e9es. Les parents d&rsquo;\u00e9l\u00e8ves appr\u00e9cient sa p\u00e9dagogie adapt\u00e9e et son environnement d&rsquo;apprentissage stimulant. Avec des &#8230; <a title=\"D\u00e9couverte de l&rsquo;\u00e9cole Sainte Anne \u00e0 Strasbourg : un \u00e9tablissement d&rsquo;exception pour vos enfants\" class=\"read-more\" href=\"https:\/\/www.apres-lecole.fr\/Blog\/ecole-sainte-anne-strasbourg\/\" aria-label=\"En savoir plus sur D\u00e9couverte de l&rsquo;\u00e9cole Sainte Anne \u00e0 Strasbourg : un \u00e9tablissement d&rsquo;exception pour vos enfants\">Lire plus<\/a><\/p>\n","protected":false},"author":7,"featured_media":2153,"comment_status":"open","ping_status":"open","sticky":false,"template":"","format":"standard","meta":{"footnotes":""},"categories":[342],"tags":[1302,412,669,1303,852],"class_list":["post-2154","post","type-post","status-publish","format-standard","has-post-thumbnail","hentry","category-actualites","tag-ecole-sainte-anne","tag-education","tag-enfants","tag-etablissement-dexception","tag-strasbourg"],"yoast_head":"<!-- This site is optimized with the Yoast SEO plugin v27.5 - https:\/\/yoast.com\/product\/yoast-seo-wordpress\/ -->\n<title>\u00c0 la d\u00e9couverte de l&#039;\u00e9cole Sainte Anne \u00e0 Strasbourg, un lieu d&#039;exception pour vos enfants<\/title>\n<meta name=\"description\" content=\"D\u00e9couvrez l&#039;\u00e9cole Sainte Anne \u00e0 Strasbourg : un \u00e9tablissement d&#039;exception offrant un cadre id\u00e9al et des programmes adapt\u00e9s pour vos enfants.\" \/>\n<meta name=\"robots\" content=\"index, follow, max-snippet:-1, max-image-preview:large, max-video-preview:-1\" \/>\n<link rel=\"canonical\" href=\"https:\/\/www.apres-lecole.fr\/Blog\/ecole-sainte-anne-strasbourg\/\" \/>\n<meta property=\"og:locale\" content=\"fr_FR\" \/>\n<meta property=\"og:type\" content=\"article\" \/>\n<meta property=\"og:title\" content=\"\u00c0 la d\u00e9couverte de l&#039;\u00e9cole Sainte Anne \u00e0 Strasbourg, un lieu d&#039;exception pour vos enfants\" \/>\n<meta property=\"og:description\" content=\"D\u00e9couvrez l&#039;\u00e9cole Sainte Anne \u00e0 Strasbourg : un \u00e9tablissement d&#039;exception offrant un cadre id\u00e9al et des programmes adapt\u00e9s pour vos enfants.\" \/>\n<meta property=\"og:url\" content=\"https:\/\/www.apres-lecole.fr\/Blog\/ecole-sainte-anne-strasbourg\/\" \/>\n<meta property=\"article:published_time\" content=\"2025-08-10T06:33:07+00:00\" \/>\n<meta property=\"og:image\" content=\"https:\/\/www.apres-lecole.fr\/Blog\/wp-content\/uploads\/2025\/08\/Decouverte-de-lecole-Sainte-Anne-a-Strasbourg-un-etablissement-dexception-pour-vos-enfants.jpg\" \/>\n\t<meta property=\"og:image:width\" content=\"1344\" \/>\n\t<meta property=\"og:image:height\" content=\"768\" \/>\n\t<meta property=\"og:image:type\" content=\"image\/jpeg\" \/>\n<meta name=\"twitter:card\" content=\"summary_large_image\" \/>\n<meta name=\"twitter:label1\" content=\"\u00c9crit par\" \/>\n\t<meta name=\"twitter:data1\" content=\"\" \/>\n\t<meta name=\"twitter:label2\" content=\"Dur\u00e9e de lecture estim\u00e9e\" \/>\n\t<meta name=\"twitter:data2\" content=\"9 minutes\" \/>\n<script type=\"application\/ld+json\" class=\"yoast-schema-graph\">{\"@context\":\"https:\\\/\\\/schema.org\",\"@graph\":[{\"@type\":\"Article\",\"@id\":\"https:\\\/\\\/www.apres-lecole.fr\\\/Blog\\\/ecole-sainte-anne-strasbourg\\\/#article\",\"isPartOf\":{\"@id\":\"https:\\\/\\\/www.apres-lecole.fr\\\/Blog\\\/ecole-sainte-anne-strasbourg\\\/\"},\"author\":{\"name\":\"\",\"@id\":\"\"},\"headline\":\"D\u00e9couverte de l&rsquo;\u00e9cole Sainte Anne \u00e0 Strasbourg : un \u00e9tablissement d&rsquo;exception pour vos enfants\",\"datePublished\":\"2025-08-10T06:33:07+00:00\",\"mainEntityOfPage\":{\"@id\":\"https:\\\/\\\/www.apres-lecole.fr\\\/Blog\\\/ecole-sainte-anne-strasbourg\\\/\"},\"wordCount\":1839,\"commentCount\":0,\"image\":{\"@id\":\"https:\\\/\\\/www.apres-lecole.fr\\\/Blog\\\/ecole-sainte-anne-strasbourg\\\/#primaryimage\"},\"thumbnailUrl\":\"https:\\\/\\\/www.apres-lecole.fr\\\/Blog\\\/wp-content\\\/uploads\\\/2025\\\/08\\\/Decouverte-de-lecole-Sainte-Anne-a-Strasbourg-un-etablissement-dexception-pour-vos-enfants.jpg\",\"keywords\":[\"\u00e9cole sainte anne\",\"\u00e9ducation\",\"enfants\",\"\u00e9tablissement d'exception\",\"strasbourg\"],\"articleSection\":[\"Actualit\u00e9s\"],\"inLanguage\":\"fr-FR\",\"potentialAction\":[{\"@type\":\"CommentAction\",\"name\":\"Comment\",\"target\":[\"https:\\\/\\\/www.apres-lecole.fr\\\/Blog\\\/ecole-sainte-anne-strasbourg\\\/#respond\"]}]},{\"@type\":\"WebPage\",\"@id\":\"https:\\\/\\\/www.apres-lecole.fr\\\/Blog\\\/ecole-sainte-anne-strasbourg\\\/\",\"url\":\"https:\\\/\\\/www.apres-lecole.fr\\\/Blog\\\/ecole-sainte-anne-strasbourg\\\/\",\"name\":\"\u00c0 la d\u00e9couverte de l'\u00e9cole Sainte Anne \u00e0 Strasbourg, un lieu d'exception pour vos enfants\",\"isPartOf\":{\"@id\":\"https:\\\/\\\/www.apres-lecole.fr\\\/Blog\\\/#website\"},\"primaryImageOfPage\":{\"@id\":\"https:\\\/\\\/www.apres-lecole.fr\\\/Blog\\\/ecole-sainte-anne-strasbourg\\\/#primaryimage\"},\"image\":{\"@id\":\"https:\\\/\\\/www.apres-lecole.fr\\\/Blog\\\/ecole-sainte-anne-strasbourg\\\/#primaryimage\"},\"thumbnailUrl\":\"https:\\\/\\\/www.apres-lecole.fr\\\/Blog\\\/wp-content\\\/uploads\\\/2025\\\/08\\\/Decouverte-de-lecole-Sainte-Anne-a-Strasbourg-un-etablissement-dexception-pour-vos-enfants.jpg\",\"datePublished\":\"2025-08-10T06:33:07+00:00\",\"author\":{\"@id\":\"\"},\"description\":\"D\u00e9couvrez l'\u00e9cole Sainte Anne \u00e0 Strasbourg : un \u00e9tablissement d'exception offrant un cadre id\u00e9al et des programmes adapt\u00e9s pour vos enfants.\",\"breadcrumb\":{\"@id\":\"https:\\\/\\\/www.apres-lecole.fr\\\/Blog\\\/ecole-sainte-anne-strasbourg\\\/#breadcrumb\"},\"inLanguage\":\"fr-FR\",\"potentialAction\":[{\"@type\":\"ReadAction\",\"target\":[\"https:\\\/\\\/www.apres-lecole.fr\\\/Blog\\\/ecole-sainte-anne-strasbourg\\\/\"]}]},{\"@type\":\"ImageObject\",\"inLanguage\":\"fr-FR\",\"@id\":\"https:\\\/\\\/www.apres-lecole.fr\\\/Blog\\\/ecole-sainte-anne-strasbourg\\\/#primaryimage\",\"url\":\"https:\\\/\\\/www.apres-lecole.fr\\\/Blog\\\/wp-content\\\/uploads\\\/2025\\\/08\\\/Decouverte-de-lecole-Sainte-Anne-a-Strasbourg-un-etablissement-dexception-pour-vos-enfants.jpg\",\"contentUrl\":\"https:\\\/\\\/www.apres-lecole.fr\\\/Blog\\\/wp-content\\\/uploads\\\/2025\\\/08\\\/Decouverte-de-lecole-Sainte-Anne-a-Strasbourg-un-etablissement-dexception-pour-vos-enfants.jpg\",\"width\":1344,\"height\":768,\"caption\":\"d\u00e9couvrez l'\u00e9cole sainte anne \u00e0 strasbourg, un \u00e9tablissement d'exception qui offre un environnement \u00e9ducatif stimulant et bienveillant pour vos enfants. apprenez-en plus sur nos programmes innovants, nos activit\u00e9s enrichissantes et notre engagement envers le d\u00e9veloppement de chaque \u00e9l\u00e8ve.\"},{\"@type\":\"BreadcrumbList\",\"@id\":\"https:\\\/\\\/www.apres-lecole.fr\\\/Blog\\\/ecole-sainte-anne-strasbourg\\\/#breadcrumb\",\"itemListElement\":[{\"@type\":\"ListItem\",\"position\":1,\"name\":\"Home\",\"item\":\"https:\\\/\\\/www.apres-lecole.fr\\\/Blog\\\/\"},{\"@type\":\"ListItem\",\"position\":2,\"name\":\"D\u00e9couverte de l&rsquo;\u00e9cole Sainte Anne \u00e0 Strasbourg : un \u00e9tablissement d&rsquo;exception pour vos enfants\"}]},{\"@type\":\"WebSite\",\"@id\":\"https:\\\/\\\/www.apres-lecole.fr\\\/Blog\\\/#website\",\"url\":\"https:\\\/\\\/www.apres-lecole.fr\\\/Blog\\\/\",\"name\":\"\",\"description\":\"M\u00e9dia g\u00e9n\u00e9raliste\",\"potentialAction\":[{\"@type\":\"SearchAction\",\"target\":{\"@type\":\"EntryPoint\",\"urlTemplate\":\"https:\\\/\\\/www.apres-lecole.fr\\\/Blog\\\/?s={search_term_string}\"},\"query-input\":{\"@type\":\"PropertyValueSpecification\",\"valueRequired\":true,\"valueName\":\"search_term_string\"}}],\"inLanguage\":\"fr-FR\"},{\"@type\":\"Person\",\"@id\":\"\",\"url\":\"https:\\\/\\\/www.apres-lecole.fr\\\/Blog\\\/author\\\/\"}]}<\/script>\n<!-- \/ Yoast SEO plugin. -->","yoast_head_json":{"title":"\u00c0 la d\u00e9couverte de l'\u00e9cole Sainte Anne \u00e0 Strasbourg, un lieu d'exception pour vos enfants","description":"D\u00e9couvrez l'\u00e9cole Sainte Anne \u00e0 Strasbourg : un \u00e9tablissement d'exception offrant un cadre id\u00e9al et des programmes adapt\u00e9s pour vos enfants.","robots":{"index":"index","follow":"follow","max-snippet":"max-snippet:-1","max-image-preview":"max-image-preview:large","max-video-preview":"max-video-preview:-1"},"canonical":"https:\/\/www.apres-lecole.fr\/Blog\/ecole-sainte-anne-strasbourg\/","og_locale":"fr_FR","og_type":"article","og_title":"\u00c0 la d\u00e9couverte de l'\u00e9cole Sainte Anne \u00e0 Strasbourg, un lieu d'exception pour vos enfants","og_description":"D\u00e9couvrez l'\u00e9cole Sainte Anne \u00e0 Strasbourg : un \u00e9tablissement d'exception offrant un cadre id\u00e9al et des programmes adapt\u00e9s pour vos enfants.","og_url":"https:\/\/www.apres-lecole.fr\/Blog\/ecole-sainte-anne-strasbourg\/","article_published_time":"2025-08-10T06:33:07+00:00","og_image":[{"width":1344,"height":768,"url":"https:\/\/www.apres-lecole.fr\/Blog\/wp-content\/uploads\/2025\/08\/Decouverte-de-lecole-Sainte-Anne-a-Strasbourg-un-etablissement-dexception-pour-vos-enfants.jpg","type":"image\/jpeg"}],"twitter_card":"summary_large_image","twitter_misc":{"\u00c9crit par":"","Dur\u00e9e de lecture estim\u00e9e":"9 minutes"},"schema":{"@context":"https:\/\/schema.org","@graph":[{"@type":"Article","@id":"https:\/\/www.apres-lecole.fr\/Blog\/ecole-sainte-anne-strasbourg\/#article","isPartOf":{"@id":"https:\/\/www.apres-lecole.fr\/Blog\/ecole-sainte-anne-strasbourg\/"},"author":{"name":"","@id":""},"headline":"D\u00e9couverte de l&rsquo;\u00e9cole Sainte Anne \u00e0 Strasbourg : un \u00e9tablissement d&rsquo;exception pour vos enfants","datePublished":"2025-08-10T06:33:07+00:00","mainEntityOfPage":{"@id":"https:\/\/www.apres-lecole.fr\/Blog\/ecole-sainte-anne-strasbourg\/"},"wordCount":1839,"commentCount":0,"image":{"@id":"https:\/\/www.apres-lecole.fr\/Blog\/ecole-sainte-anne-strasbourg\/#primaryimage"},"thumbnailUrl":"https:\/\/www.apres-lecole.fr\/Blog\/wp-content\/uploads\/2025\/08\/Decouverte-de-lecole-Sainte-Anne-a-Strasbourg-un-etablissement-dexception-pour-vos-enfants.jpg","keywords":["\u00e9cole sainte anne","\u00e9ducation","enfants","\u00e9tablissement d'exception","strasbourg"],"articleSection":["Actualit\u00e9s"],"inLanguage":"fr-FR","potentialAction":[{"@type":"CommentAction","name":"Comment","target":["https:\/\/www.apres-lecole.fr\/Blog\/ecole-sainte-anne-strasbourg\/#respond"]}]},{"@type":"WebPage","@id":"https:\/\/www.apres-lecole.fr\/Blog\/ecole-sainte-anne-strasbourg\/","url":"https:\/\/www.apres-lecole.fr\/Blog\/ecole-sainte-anne-strasbourg\/","name":"\u00c0 la d\u00e9couverte de l'\u00e9cole Sainte Anne \u00e0 Strasbourg, un lieu d'exception pour vos enfants","isPartOf":{"@id":"https:\/\/www.apres-lecole.fr\/Blog\/#website"},"primaryImageOfPage":{"@id":"https:\/\/www.apres-lecole.fr\/Blog\/ecole-sainte-anne-strasbourg\/#primaryimage"},"image":{"@id":"https:\/\/www.apres-lecole.fr\/Blog\/ecole-sainte-anne-strasbourg\/#primaryimage"},"thumbnailUrl":"https:\/\/www.apres-lecole.fr\/Blog\/wp-content\/uploads\/2025\/08\/Decouverte-de-lecole-Sainte-Anne-a-Strasbourg-un-etablissement-dexception-pour-vos-enfants.jpg","datePublished":"2025-08-10T06:33:07+00:00","author":{"@id":""},"description":"D\u00e9couvrez l'\u00e9cole Sainte Anne \u00e0 Strasbourg : un \u00e9tablissement d'exception offrant un cadre id\u00e9al et des programmes adapt\u00e9s pour vos enfants.","breadcrumb":{"@id":"https:\/\/www.apres-lecole.fr\/Blog\/ecole-sainte-anne-strasbourg\/#breadcrumb"},"inLanguage":"fr-FR","potentialAction":[{"@type":"ReadAction","target":["https:\/\/www.apres-lecole.fr\/Blog\/ecole-sainte-anne-strasbourg\/"]}]},{"@type":"ImageObject","inLanguage":"fr-FR","@id":"https:\/\/www.apres-lecole.fr\/Blog\/ecole-sainte-anne-strasbourg\/#primaryimage","url":"https:\/\/www.apres-lecole.fr\/Blog\/wp-content\/uploads\/2025\/08\/Decouverte-de-lecole-Sainte-Anne-a-Strasbourg-un-etablissement-dexception-pour-vos-enfants.jpg","contentUrl":"https:\/\/www.apres-lecole.fr\/Blog\/wp-content\/uploads\/2025\/08\/Decouverte-de-lecole-Sainte-Anne-a-Strasbourg-un-etablissement-dexception-pour-vos-enfants.jpg","width":1344,"height":768,"caption":"d\u00e9couvrez l'\u00e9cole sainte anne \u00e0 strasbourg, un \u00e9tablissement d'exception qui offre un environnement \u00e9ducatif stimulant et bienveillant pour vos enfants. apprenez-en plus sur nos programmes innovants, nos activit\u00e9s enrichissantes et notre engagement envers le d\u00e9veloppement de chaque \u00e9l\u00e8ve."},{"@type":"BreadcrumbList","@id":"https:\/\/www.apres-lecole.fr\/Blog\/ecole-sainte-anne-strasbourg\/#breadcrumb","itemListElement":[{"@type":"ListItem","position":1,"name":"Home","item":"https:\/\/www.apres-lecole.fr\/Blog\/"},{"@type":"ListItem","position":2,"name":"D\u00e9couverte de l&rsquo;\u00e9cole Sainte Anne \u00e0 Strasbourg : un \u00e9tablissement d&rsquo;exception pour vos enfants"}]},{"@type":"WebSite","@id":"https:\/\/www.apres-lecole.fr\/Blog\/#website","url":"https:\/\/www.apres-lecole.fr\/Blog\/","name":"","description":"M\u00e9dia g\u00e9n\u00e9raliste","potentialAction":[{"@type":"SearchAction","target":{"@type":"EntryPoint","urlTemplate":"https:\/\/www.apres-lecole.fr\/Blog\/?s={search_term_string}"},"query-input":{"@type":"PropertyValueSpecification","valueRequired":true,"valueName":"search_term_string"}}],"inLanguage":"fr-FR"},{"@type":"Person","@id":"","url":"https:\/\/www.apres-lecole.fr\/Blog\/author\/"}]}},"views":18,"_links":{"self":[{"href":"https:\/\/www.apres-lecole.fr\/Blog\/wp-json\/wp\/v2\/posts\/2154","targetHints":{"allow":["GET"]}}],"collection":[{"href":"https:\/\/www.apres-lecole.fr\/Blog\/wp-json\/wp\/v2\/posts"}],"about":[{"href":"https:\/\/www.apres-lecole.fr\/Blog\/wp-json\/wp\/v2\/types\/post"}],"author":[{"embeddable":true,"href":"https:\/\/www.apres-lecole.fr\/Blog\/wp-json\/wp\/v2\/users\/7"}],"replies":[{"embeddable":true,"href":"https:\/\/www.apres-lecole.fr\/Blog\/wp-json\/wp\/v2\/comments?post=2154"}],"version-history":[{"count":0,"href":"https:\/\/www.apres-lecole.fr\/Blog\/wp-json\/wp\/v2\/posts\/2154\/revisions"}],"wp:featuredmedia":[{"embeddable":true,"href":"https:\/\/www.apres-lecole.fr\/Blog\/wp-json\/wp\/v2\/media\/2153"}],"wp:attachment":[{"href":"https:\/\/www.apres-lecole.fr\/Blog\/wp-json\/wp\/v2\/media?parent=2154"}],"wp:term":[{"taxonomy":"category","embeddable":true,"href":"https:\/\/www.apres-lecole.fr\/Blog\/wp-json\/wp\/v2\/categories?post=2154"},{"taxonomy":"post_tag","embeddable":true,"href":"https:\/\/www.apres-lecole.fr\/Blog\/wp-json\/wp\/v2\/tags?post=2154"}],"curies":[{"name":"wp","href":"https:\/\/api.w.org\/{rel}","templated":true}]}}