{"id":2150,"date":"2025-08-09T06:31:42","date_gmt":"2025-08-09T06:31:42","guid":{"rendered":"https:\/\/www.apres-lecole.fr\/Blog\/histoire-ecole-saint-jean-strasbourg\/"},"modified":"2025-08-09T06:31:42","modified_gmt":"2025-08-09T06:31:42","slug":"histoire-ecole-saint-jean-strasbourg","status":"publish","type":"post","link":"https:\/\/www.apres-lecole.fr\/Blog\/histoire-ecole-saint-jean-strasbourg\/","title":{"rendered":"D\u00e9couvrez l&rsquo;histoire de l&rsquo;\u00e9cole Saint Jean \u00e0 Strasbourg en 2025"},"content":{"rendered":"\n\n<div class=\"kk-star-ratings kksr-auto kksr-align-left kksr-valign-top\"\n    data-payload='{&quot;align&quot;:&quot;left&quot;,&quot;id&quot;:&quot;2150&quot;,&quot;slug&quot;:&quot;default&quot;,&quot;valign&quot;:&quot;top&quot;,&quot;ignore&quot;:&quot;&quot;,&quot;reference&quot;:&quot;auto&quot;,&quot;class&quot;:&quot;&quot;,&quot;count&quot;:&quot;0&quot;,&quot;legendonly&quot;:&quot;&quot;,&quot;readonly&quot;:&quot;&quot;,&quot;score&quot;:&quot;0&quot;,&quot;starsonly&quot;:&quot;&quot;,&quot;best&quot;:&quot;5&quot;,&quot;gap&quot;:&quot;5&quot;,&quot;greet&quot;:&quot;Rate this post&quot;,&quot;legend&quot;:&quot;0\\\/5 - (0 vote)&quot;,&quot;size&quot;:&quot;24&quot;,&quot;title&quot;:&quot;D\u00e9couvrez l\\u0026#039;histoire de l\\u0026#039;\u00e9cole Saint Jean \u00e0 Strasbourg en 2025&quot;,&quot;width&quot;:&quot;0&quot;,&quot;_legend&quot;:&quot;{score}\\\/{best} - ({count} {votes})&quot;,&quot;font_factor&quot;:&quot;1.25&quot;}'>\n            \n<div class=\"kksr-stars\">\n    \n<div class=\"kksr-stars-inactive\">\n            <div class=\"kksr-star\" data-star=\"1\" style=\"padding-right: 5px\">\n            \n\n<div class=\"kksr-icon\" style=\"width: 24px; height: 24px;\"><\/div>\n        <\/div>\n            <div class=\"kksr-star\" data-star=\"2\" style=\"padding-right: 5px\">\n            \n\n<div class=\"kksr-icon\" style=\"width: 24px; height: 24px;\"><\/div>\n        <\/div>\n            <div class=\"kksr-star\" data-star=\"3\" style=\"padding-right: 5px\">\n            \n\n<div class=\"kksr-icon\" style=\"width: 24px; height: 24px;\"><\/div>\n        <\/div>\n            <div class=\"kksr-star\" data-star=\"4\" style=\"padding-right: 5px\">\n            \n\n<div class=\"kksr-icon\" style=\"width: 24px; height: 24px;\"><\/div>\n        <\/div>\n            <div class=\"kksr-star\" data-star=\"5\" style=\"padding-right: 5px\">\n            \n\n<div class=\"kksr-icon\" style=\"width: 24px; height: 24px;\"><\/div>\n        <\/div>\n    <\/div>\n    \n<div class=\"kksr-stars-active\" style=\"width: 0px;\">\n            <div class=\"kksr-star\" style=\"padding-right: 5px\">\n            \n\n<div class=\"kksr-icon\" style=\"width: 24px; height: 24px;\"><\/div>\n        <\/div>\n            <div class=\"kksr-star\" style=\"padding-right: 5px\">\n            \n\n<div class=\"kksr-icon\" style=\"width: 24px; height: 24px;\"><\/div>\n        <\/div>\n            <div class=\"kksr-star\" style=\"padding-right: 5px\">\n            \n\n<div class=\"kksr-icon\" style=\"width: 24px; height: 24px;\"><\/div>\n        <\/div>\n            <div class=\"kksr-star\" style=\"padding-right: 5px\">\n            \n\n<div class=\"kksr-icon\" style=\"width: 24px; height: 24px;\"><\/div>\n        <\/div>\n            <div class=\"kksr-star\" style=\"padding-right: 5px\">\n            \n\n<div class=\"kksr-icon\" style=\"width: 24px; height: 24px;\"><\/div>\n        <\/div>\n    <\/div>\n<\/div>\n                \n\n<div class=\"kksr-legend\" style=\"font-size: 19.2px;\">\n            <span class=\"kksr-muted\">Rate this post<\/span>\n    <\/div>\n    <\/div>\n<p>Strasbourg, une ville riche en histoire et en culture, est le foyer de nombreuses institutions \u00e9ducatives, dont l&rsquo;\u00e9cole Saint Jean. Situ\u00e9e au c\u0153ur du centre historique, cette \u00e9cole a accompagn\u00e9 des g\u00e9n\u00e9rations d&rsquo;\u00e9l\u00e8ves et d&rsquo;\u00e9tudiants depuis sa cr\u00e9ation. En 2025, l&rsquo;\u00e9cole Saint Jean s&rsquo;inscrit dans une dynamique d&rsquo;\u00e9volution en mati\u00e8re d&rsquo;\u00e9ducation, tout en pr\u00e9servant ses traditions et son engagement envers la communaut\u00e9. Ici, l&rsquo;\u00e9ducation n&rsquo;est pas seulement une accumulation de savoir, mais un v\u00e9ritable voyage dans le monde des id\u00e9es et des valeurs. Explorons ensemble l&rsquo;histoire fascinante de cette institution qui continue d&rsquo;influencer les g\u00e9n\u00e9rations futures.<\/p>\n\n<h2 class=\"wp-block-heading\">Une \u00e9cole enracin\u00e9e dans la tradition de l&rsquo;\u00e9ducation \u00e0 Strasbourg<\/h2>\n\n<p>L&rsquo;\u00e9cole Saint Jean n&rsquo;est pas qu&rsquo;un simple \u00e9tablissement scolaire ; elle incarne l&rsquo;\u00e2me m\u00eame de l&rsquo;\u00e9ducation \u00e0 Strasbourg. Depuis sa cr\u00e9ation, elle a \u00e9t\u00e9 un symbole fort de la volont\u00e9 d&rsquo;instruire les jeunes esprits dans un cadre o\u00f9 la <strong>culture<\/strong> et la <strong>tradition<\/strong> occupent une place pr\u00e9pond\u00e9rante. Ancr\u00e9e au milieu des institutions historiques de la ville, l&rsquo;\u00e9cole a su naviguer \u00e0 travers les d\u00e9cennies, adaptant son enseignement tout en restant fid\u00e8le \u00e0 ses racines.<\/p>\n\n<h3 class=\"wp-block-heading\">Les d\u00e9buts de l&rsquo;\u00e9cole Saint Jean<\/h3>\n\n<p>Inaugur\u00e9e au milieu du XIXe si\u00e8cle, l\u2019\u00e9cole Saint Jean a \u00e9t\u00e9 fond\u00e9e dans le but de fournir un acc\u00e8s \u00e0 l&rsquo;\u00e9ducation aux classes populaires. Elle est n\u00e9e d&rsquo;une initiative visant \u00e0 offrir un enseignement catholique tout en garantissant \u00e0 tous les enfants la possibilit\u00e9 de b\u00e9n\u00e9ficier de la <strong>culture<\/strong> et de la <strong>connaissance<\/strong>. Il est important de souligner que l&rsquo;\u00e9cole a toujours mis un point d&rsquo;honneur \u00e0 accueillir des \u00e9tudiants d&rsquo;horizons divers, en favorisant un apprentissage inclusif.<\/p>\n\n<p>Aujourd&rsquo;hui, cette histoire continue de se tisser \u00e0 travers l\u2019engagement des enseignants qui transmettent non seulement le savoir, mais aussi des valeurs fondamentales comme la solidarit\u00e9 et le respect. Ces derniers reb\u00e2tissent la <strong>communaut\u00e9<\/strong> en cr\u00e9ant des liens forts entre les \u00e9l\u00e8ves, les parents et le personnel \u00e9ducatif.<\/p>\n\n<h3 class=\"wp-block-heading\">Un enseignement innovant ancr\u00e9 dans l&rsquo;histoire<\/h3>\n\n<p>Un autre aspect marquant de l\u2019\u00e9cole Saint Jean r\u00e9side dans sa capacit\u00e9 \u00e0 int\u00e9grer des m\u00e9thodes p\u00e9dagogiques modernes tout en pr\u00e9servant des \u00e9l\u00e9ments de son pass\u00e9. En effet, alors que de nombreuses \u00e9coles \u00e9voluent vers des syst\u00e8mes d\u2019enseignement plus digitalis\u00e9s, l\u2019\u00e9cole Saint Jean privil\u00e9gie un \u00e9quilibre entre tradition et innovation.<\/p>\n\n<ul class=\"wp-block-list\"><li>\ud83d\udcd6 M\u00e9thodes d&rsquo;enseignement traditionnelles<\/li><li>\ud83d\udca1 Innovations p\u00e9dagogiques r\u00e9centes<\/li><li>\ud83d\udda5\ufe0f Int\u00e9gration de la technologie dans la classe<\/li><\/ul>\n\n<p>Cette dualit\u00e9 permet aux \u00e9l\u00e8ves de s\u2019\u00e9panouir dans un cadre familial tout en \u00e9tant pr\u00e9par\u00e9s aux d\u00e9fis du monde moderne. L&rsquo;\u00e9cole propose ainsi des formations vari\u00e9es, allant des arts plastiques \u00e0 des projets sur l&rsquo;environnement, faisant de la <strong>pr\u00e9servation<\/strong> de l&rsquo;environnement un axe central de leur programme \u00e9ducatif.<\/p>\n\n<h2 class=\"wp-block-heading\">Les d\u00e9fis contemporains et l&rsquo;engagement social de l&rsquo;\u00e9cole Saint Jean<\/h2>\n\n<p>\u00c0 travers les ann\u00e9es, l&rsquo;\u00e9cole Saint Jean a \u00e9galement \u00e9t\u00e9 confront\u00e9e \u00e0 des d\u00e9fis soci\u00e9taux, notamment en mati\u00e8re de logistique et d\u2019h\u00e9bergement pour les familles dans le besoin. En janvier 2025, alors qu&rsquo;une crise hivernale frappait Strasbourg, des parents d&rsquo;\u00e9l\u00e8ves se sont mobilis\u00e9s pour offrir un refuge \u00e0 des familles sans-abri, faisant preuve d&rsquo;une solidarit\u00e9 exemplaire.<\/p>\n\n<p>Deux familles strasbourgeoises, avec six enfants au total, ont trouv\u00e9 refuge \u00e0 l\u2019\u00e9cole lors d\u2019une vague de froid. En raison des temp\u00e9ratures glaciales, les parents d\u2019\u00e9l\u00e8ves ont pris l&rsquo;initiative d&rsquo;occuper temporairement des salles de classe pour leur permettre de dormir au chaud. \u00ab\u00a0C&rsquo;est une mesure exceptionnelle\u00a0\u00bb, a pr\u00e9cis\u00e9 Elphege Tignel, membre active du collectif de parents. Cette action a suscit\u00e9 des discussions sur la n\u00e9cessit\u00e9 de solutions \u00e0 long terme pour l&rsquo;h\u00e9bergement de personnes vuln\u00e9rables.<\/p>\n\n<h3 class=\"wp-block-heading\">Mobilisation et soutien communautaire<\/h3>\n\n<p>La mobilisation des parents a non seulement permis d&rsquo;accueillir ces familles de mani\u00e8re temporaire, mais a aussi soulev\u00e9 des questions plus larges sur les politiques sociales et l&rsquo;engagement de la ville. Dans cette optique, des lettres ont \u00e9t\u00e9 \u00e9crites aux responsables locaux, demandant l&rsquo;ouverture de gymnases ou d&rsquo;autres infrastructures pour accueillir les sans-abris. Cela t\u00e9moigne d&rsquo;une \u00e9cole qui ne se contente pas d&rsquo;enseigner, mais agit v\u00e9ritablement pour le bien-\u00eatre de sa communaut\u00e9.<\/p>\n\n<h2 class=\"wp-block-heading\">Les initiatives p\u00e9dagogiques innovantes de l&rsquo;\u00e9cole<\/h2>\n\n<p>Avec plus de 400 \u00e9l\u00e8ves scolaris\u00e9s, l&rsquo;\u00e9cole Saint Jean se distingue par une vari\u00e9t\u00e9 d&rsquo;initiatives \u00e9ducatives qui favorisent un apprentissage ludique et dynamique. Par exemple, des programmes sont r\u00e9guli\u00e8rement mis en place, encourageant la participation active des \u00e9l\u00e8ves, \u00e0 travers des projets artistiques ou scientifiques. La diversit\u00e9 des cours propos\u00e9s permet \u00e0 chaque \u00e9l\u00e8ve de trouver sa voie.<\/p>\n\n<h3 class=\"wp-block-heading\">Un programme riche et vari\u00e9<\/h3>\n\n<p>Le programme \u00e9ducatif de l&rsquo;\u00e9cole inclut plusieurs mati\u00e8res et disciplines, parmi lesquelles on peut retrouver :<\/p>\n\n<ul class=\"wp-block-list\"><li>\ud83c\udfa8 Arts plastiques<\/li><li>\ud83d\udd2c Sciences naturelles<\/li><li>\ud83c\udf0d \u00c9ducation \u00e0 l&rsquo;environnement<\/li><li>\ud83d\udc69\u200d\ud83c\udfeb Soutien scolaire personnalis\u00e9e<\/li><\/ul>\n\n<p>Ce mod\u00e8le favorise non seulement l\u2019\u00e9ducation acad\u00e9mique, mais aussi l&rsquo;\u00e9panouissement personnel des \u00e9l\u00e8ves. En int\u00e9grant des probl\u00e9matiques modernes comme le d\u00e9veloppement durable, l\u2019\u00e9cole Saint Jean pr\u00e9pare ses \u00e9tudiants pour \u00eatre des citoyens responsables et engag\u00e9s.<\/p>\n\n<h3 class=\"wp-block-heading\">Des partenariats enrichissants<\/h3>\n\n<p>Pour enrichir encore davantage l&rsquo;exp\u00e9rience \u00e9ducative, l&rsquo;\u00e9cole \u00e9tablit des partenariats avec d&rsquo;autres institutions et organisations. Cela permet de cr\u00e9er des projets b\u00e9n\u00e9fiques et des \u00e9changes culturels entre les \u00e9l\u00e8ves. Ces collaborations, qu&rsquo;elles soient nationales ou internationales, offrent un cadre d&rsquo;apprentissage \u00e9largi et interculturel.<\/p>\n\n<h2 class=\"wp-block-heading\">Une communaut\u00e9 \u00e9ducative impliqu\u00e9e et dynamique<\/h2>\n\n<p>L&rsquo;\u00e9cole Saint Jean est \u00e9galement un espace o\u00f9 les rencontres et les \u00e9changes sont au c\u0153ur des pr\u00e9occupations. Gr\u00e2ce \u00e0 l&rsquo;implication des parents, du personnel et des \u00e9l\u00e8ves, cet \u00e9tablissement scolaire ne se limite pas seulement \u00e0 l&rsquo;enseignement, mais cr\u00e9e \u00e9galement un fort sentiment d&rsquo;appartenance. L&rsquo;un des objectifs de l&rsquo;\u00e9cole est d&rsquo;encourager les \u00e9changes entre les diff\u00e9rentes parties prenantes, permettant ainsi de renforcer les liens et d&rsquo;am\u00e9liorer la qualit\u00e9 de l&rsquo;\u00e9ducation.<\/p>\n\n<h3 class=\"wp-block-heading\">Les \u00e9v\u00e9nements marquants de l&rsquo;ann\u00e9e scolaire<\/h3>\n\n<p>Tout au long de l&rsquo;ann\u00e9e, l&rsquo;\u00e9cole organise divers \u00e9v\u00e9nements contribuant \u00e0 l&rsquo;engagement de la communaut\u00e9 \u00e9ducative. Parmi ces \u00e9v\u00e9nements on trouve :<\/p>\n\n<ul class=\"wp-block-list\"><li>\ud83d\udcc5 F\u00eate de la culture chaque printemps<\/li><li>\ud83c\udf89 Journ\u00e9es portes ouvertes pour les futurs \u00e9l\u00e8ves<\/li><li>\ud83d\udcda Ateliers parents-enfants sur des th\u00e9matiques vari\u00e9es<\/li><\/ul>\n\n<p>Ces manifestations ne sont pas seulement des occasions de f\u00eate, mais elles permettent aussi de renforcer les liens, d&rsquo;engager un dialogue entre l&rsquo;\u00e9cole et la communaut\u00e9, et d&rsquo;impliquer les \u00e9l\u00e8ves dans la vie locale.<\/p>\n\n<h2 class=\"wp-block-heading\">FAQ<\/h2>\n\n<h2 class=\"wp-block-heading\">Quels sont les crit\u00e8res d&rsquo;inscription \u00e0 l&rsquo;\u00e9cole Saint Jean?<\/h2>\n\n<p>Pour inscrire un enfant \u00e0 l&rsquo;\u00e9cole, il est n\u00e9cessaire de fournir plusieurs documents tels que le certificat d&rsquo;inscription de la mairie, une fiche de renseignements, un extrait d&rsquo;acte de naissance ou le livret de famille, ainsi qu&rsquo;un certificat de vaccination.<\/p>\n\n<h2 class=\"wp-block-heading\">L&rsquo;\u00e9cole propose-t-elle des activit\u00e9s p\u00e9riscolaires?<\/h2>\n\n<p>Oui, l&rsquo;\u00e9cole Saint Jean offre diverses activit\u00e9s p\u00e9riscolaires, permettant ainsi aux \u00e9l\u00e8ves de participer \u00e0 des activit\u00e9s sportives, culturelles ou encore artistiques. Ces options sont pens\u00e9es pour compl\u00e9ter le parcours \u00e9ducatif de chaque \u00e9l\u00e8ve.<\/p>\n\n<h2 class=\"wp-block-heading\">Comment l&rsquo;\u00e9cole s&rsquo;engage-t-elle pour l&rsquo;environnement?<\/h2>\n\n<p>En int\u00e9grant des projets \u00e9ducatifs li\u00e9s au d\u00e9veloppement durable, l&rsquo;\u00e9cole s&rsquo;efforce de sensibiliser les \u00e9l\u00e8ves aux enjeux environnementaux. Des ateliers et des sorties sont r\u00e9guli\u00e8rement organis\u00e9s pour encourager une prise de conscience accrue au sein de la communaut\u00e9 scolaire.<\/p>\n\n<h2 class=\"wp-block-heading\">Quels types de formations sont propos\u00e9es \u00e0 l&rsquo;\u00e9cole Saint Jean?<\/h2>\n\n<p>L&rsquo;\u00e9cole propose une large gamme de formations qui incluent non seulement les mati\u00e8res acad\u00e9miques classiques comme les math\u00e9matiques et les langues, mais aussi des cours d&rsquo;arts, de culture, ainsi que des syst\u00e8mes \u00e9ducatifs innovants.<\/p>\n\n<h2 class=\"wp-block-heading\">O\u00f9 se situe l&rsquo;\u00e9cole Saint Jean \u00e0 Strasbourg?<\/h2>\n\n<p>L&rsquo;\u00e9cole est id\u00e9alement situ\u00e9e au c\u0153ur de Strasbourg, dans un quartier accessible, proche des transports en commun. Son emplacement en fait un lieu de rencontre et d&rsquo;\u00e9change pour tous les acteurs \u00e9ducatifs.<\/p>\n\n","protected":false},"excerpt":{"rendered":"<p>Strasbourg, une ville riche en histoire et en culture, est le foyer de nombreuses institutions \u00e9ducatives, dont l&rsquo;\u00e9cole Saint Jean. Situ\u00e9e au c\u0153ur du centre historique, cette \u00e9cole a accompagn\u00e9 des g\u00e9n\u00e9rations d&rsquo;\u00e9l\u00e8ves et d&rsquo;\u00e9tudiants depuis sa cr\u00e9ation. En 2025, l&rsquo;\u00e9cole Saint Jean s&rsquo;inscrit dans une dynamique d&rsquo;\u00e9volution en mati\u00e8re d&rsquo;\u00e9ducation, tout en pr\u00e9servant ses &#8230; <a title=\"D\u00e9couvrez l&rsquo;histoire de l&rsquo;\u00e9cole Saint Jean \u00e0 Strasbourg en 2025\" class=\"read-more\" href=\"https:\/\/www.apres-lecole.fr\/Blog\/histoire-ecole-saint-jean-strasbourg\/\" aria-label=\"En savoir plus sur D\u00e9couvrez l&rsquo;histoire de l&rsquo;\u00e9cole Saint Jean \u00e0 Strasbourg en 2025\">Lire plus<\/a><\/p>\n","protected":false},"author":7,"featured_media":2149,"comment_status":"open","ping_status":"open","sticky":false,"template":"","format":"standard","meta":{"footnotes":""},"categories":[342],"tags":[1298,1288,1099,852],"class_list":["post-2150","post","type-post","status-publish","format-standard","has-post-thumbnail","hentry","category-actualites","tag-ecole-saint-jean","tag-enseignement","tag-histoire","tag-strasbourg"],"yoast_head":"<!-- This site is optimized with the Yoast SEO plugin v27.5 - https:\/\/yoast.com\/product\/yoast-seo-wordpress\/ -->\n<title>L&#039;\u00e9cole Saint Jean \u00e0 Strasbourg : un h\u00e9ritage vivant en 2025<\/title>\n<meta name=\"description\" content=\"Plongez dans l\u2019histoire fascinante de l\u2019\u00e9cole Saint Jean \u00e0 Strasbourg en 2025 : traditions, valeurs et \u00e9volutions majeures \u00e0 d\u00e9couvrir !\" \/>\n<meta name=\"robots\" content=\"index, follow, max-snippet:-1, max-image-preview:large, max-video-preview:-1\" \/>\n<link rel=\"canonical\" href=\"https:\/\/www.apres-lecole.fr\/Blog\/histoire-ecole-saint-jean-strasbourg\/\" \/>\n<meta property=\"og:locale\" content=\"fr_FR\" \/>\n<meta property=\"og:type\" content=\"article\" \/>\n<meta property=\"og:title\" content=\"L&#039;\u00e9cole Saint Jean \u00e0 Strasbourg : un h\u00e9ritage vivant en 2025\" \/>\n<meta property=\"og:description\" content=\"Plongez dans l\u2019histoire fascinante de l\u2019\u00e9cole Saint Jean \u00e0 Strasbourg en 2025 : traditions, valeurs et \u00e9volutions majeures \u00e0 d\u00e9couvrir !\" \/>\n<meta property=\"og:url\" content=\"https:\/\/www.apres-lecole.fr\/Blog\/histoire-ecole-saint-jean-strasbourg\/\" \/>\n<meta property=\"article:published_time\" content=\"2025-08-09T06:31:42+00:00\" \/>\n<meta property=\"og:image\" content=\"https:\/\/www.apres-lecole.fr\/Blog\/wp-content\/uploads\/2025\/08\/Decouvrez-lhistoire-de-lecole-Saint-Jean-a-Strasbourg-en-2025.jpg\" \/>\n\t<meta property=\"og:image:width\" content=\"1344\" \/>\n\t<meta property=\"og:image:height\" content=\"768\" \/>\n\t<meta property=\"og:image:type\" content=\"image\/jpeg\" \/>\n<meta name=\"twitter:card\" content=\"summary_large_image\" \/>\n<meta name=\"twitter:label1\" content=\"\u00c9crit par\" \/>\n\t<meta name=\"twitter:data1\" content=\"\" \/>\n\t<meta name=\"twitter:label2\" content=\"Dur\u00e9e de lecture estim\u00e9e\" \/>\n\t<meta name=\"twitter:data2\" content=\"7 minutes\" \/>\n<script type=\"application\/ld+json\" class=\"yoast-schema-graph\">{\"@context\":\"https:\\\/\\\/schema.org\",\"@graph\":[{\"@type\":\"Article\",\"@id\":\"https:\\\/\\\/www.apres-lecole.fr\\\/Blog\\\/histoire-ecole-saint-jean-strasbourg\\\/#article\",\"isPartOf\":{\"@id\":\"https:\\\/\\\/www.apres-lecole.fr\\\/Blog\\\/histoire-ecole-saint-jean-strasbourg\\\/\"},\"author\":{\"name\":\"\",\"@id\":\"\"},\"headline\":\"D\u00e9couvrez l&rsquo;histoire de l&rsquo;\u00e9cole Saint Jean \u00e0 Strasbourg en 2025\",\"datePublished\":\"2025-08-09T06:31:42+00:00\",\"mainEntityOfPage\":{\"@id\":\"https:\\\/\\\/www.apres-lecole.fr\\\/Blog\\\/histoire-ecole-saint-jean-strasbourg\\\/\"},\"wordCount\":1418,\"commentCount\":0,\"image\":{\"@id\":\"https:\\\/\\\/www.apres-lecole.fr\\\/Blog\\\/histoire-ecole-saint-jean-strasbourg\\\/#primaryimage\"},\"thumbnailUrl\":\"https:\\\/\\\/www.apres-lecole.fr\\\/Blog\\\/wp-content\\\/uploads\\\/2025\\\/08\\\/Decouvrez-lhistoire-de-lecole-Saint-Jean-a-Strasbourg-en-2025.jpg\",\"keywords\":[\"\u00e9cole saint jean\",\"enseignement\",\"histoire\",\"strasbourg\"],\"articleSection\":[\"Actualit\u00e9s\"],\"inLanguage\":\"fr-FR\",\"potentialAction\":[{\"@type\":\"CommentAction\",\"name\":\"Comment\",\"target\":[\"https:\\\/\\\/www.apres-lecole.fr\\\/Blog\\\/histoire-ecole-saint-jean-strasbourg\\\/#respond\"]}]},{\"@type\":\"WebPage\",\"@id\":\"https:\\\/\\\/www.apres-lecole.fr\\\/Blog\\\/histoire-ecole-saint-jean-strasbourg\\\/\",\"url\":\"https:\\\/\\\/www.apres-lecole.fr\\\/Blog\\\/histoire-ecole-saint-jean-strasbourg\\\/\",\"name\":\"L'\u00e9cole Saint Jean \u00e0 Strasbourg : un h\u00e9ritage vivant en 2025\",\"isPartOf\":{\"@id\":\"https:\\\/\\\/www.apres-lecole.fr\\\/Blog\\\/#website\"},\"primaryImageOfPage\":{\"@id\":\"https:\\\/\\\/www.apres-lecole.fr\\\/Blog\\\/histoire-ecole-saint-jean-strasbourg\\\/#primaryimage\"},\"image\":{\"@id\":\"https:\\\/\\\/www.apres-lecole.fr\\\/Blog\\\/histoire-ecole-saint-jean-strasbourg\\\/#primaryimage\"},\"thumbnailUrl\":\"https:\\\/\\\/www.apres-lecole.fr\\\/Blog\\\/wp-content\\\/uploads\\\/2025\\\/08\\\/Decouvrez-lhistoire-de-lecole-Saint-Jean-a-Strasbourg-en-2025.jpg\",\"datePublished\":\"2025-08-09T06:31:42+00:00\",\"author\":{\"@id\":\"\"},\"description\":\"Plongez dans l\u2019histoire fascinante de l\u2019\u00e9cole Saint Jean \u00e0 Strasbourg en 2025 : traditions, valeurs et \u00e9volutions majeures \u00e0 d\u00e9couvrir !\",\"breadcrumb\":{\"@id\":\"https:\\\/\\\/www.apres-lecole.fr\\\/Blog\\\/histoire-ecole-saint-jean-strasbourg\\\/#breadcrumb\"},\"inLanguage\":\"fr-FR\",\"potentialAction\":[{\"@type\":\"ReadAction\",\"target\":[\"https:\\\/\\\/www.apres-lecole.fr\\\/Blog\\\/histoire-ecole-saint-jean-strasbourg\\\/\"]}]},{\"@type\":\"ImageObject\",\"inLanguage\":\"fr-FR\",\"@id\":\"https:\\\/\\\/www.apres-lecole.fr\\\/Blog\\\/histoire-ecole-saint-jean-strasbourg\\\/#primaryimage\",\"url\":\"https:\\\/\\\/www.apres-lecole.fr\\\/Blog\\\/wp-content\\\/uploads\\\/2025\\\/08\\\/Decouvrez-lhistoire-de-lecole-Saint-Jean-a-Strasbourg-en-2025.jpg\",\"contentUrl\":\"https:\\\/\\\/www.apres-lecole.fr\\\/Blog\\\/wp-content\\\/uploads\\\/2025\\\/08\\\/Decouvrez-lhistoire-de-lecole-Saint-Jean-a-Strasbourg-en-2025.jpg\",\"width\":1344,\"height\":768,\"caption\":\"explorez l'histoire fascinante de l'\u00e9cole saint jean \u00e0 strasbourg en 2025, un lieu embl\u00e9matique qui a marqu\u00e9 des g\u00e9n\u00e9rations. plongez dans son pass\u00e9 riche en traditions et d\u00e9couvrez son \u00e9volution au fil des ann\u00e9es.\"},{\"@type\":\"BreadcrumbList\",\"@id\":\"https:\\\/\\\/www.apres-lecole.fr\\\/Blog\\\/histoire-ecole-saint-jean-strasbourg\\\/#breadcrumb\",\"itemListElement\":[{\"@type\":\"ListItem\",\"position\":1,\"name\":\"Home\",\"item\":\"https:\\\/\\\/www.apres-lecole.fr\\\/Blog\\\/\"},{\"@type\":\"ListItem\",\"position\":2,\"name\":\"D\u00e9couvrez l&rsquo;histoire de l&rsquo;\u00e9cole Saint Jean \u00e0 Strasbourg en 2025\"}]},{\"@type\":\"WebSite\",\"@id\":\"https:\\\/\\\/www.apres-lecole.fr\\\/Blog\\\/#website\",\"url\":\"https:\\\/\\\/www.apres-lecole.fr\\\/Blog\\\/\",\"name\":\"\",\"description\":\"M\u00e9dia g\u00e9n\u00e9raliste\",\"potentialAction\":[{\"@type\":\"SearchAction\",\"target\":{\"@type\":\"EntryPoint\",\"urlTemplate\":\"https:\\\/\\\/www.apres-lecole.fr\\\/Blog\\\/?s={search_term_string}\"},\"query-input\":{\"@type\":\"PropertyValueSpecification\",\"valueRequired\":true,\"valueName\":\"search_term_string\"}}],\"inLanguage\":\"fr-FR\"},{\"@type\":\"Person\",\"@id\":\"\",\"url\":\"https:\\\/\\\/www.apres-lecole.fr\\\/Blog\\\/author\\\/\"}]}<\/script>\n<!-- \/ Yoast SEO plugin. -->","yoast_head_json":{"title":"L'\u00e9cole Saint Jean \u00e0 Strasbourg : un h\u00e9ritage vivant en 2025","description":"Plongez dans l\u2019histoire fascinante de l\u2019\u00e9cole Saint Jean \u00e0 Strasbourg en 2025 : traditions, valeurs et \u00e9volutions majeures \u00e0 d\u00e9couvrir !","robots":{"index":"index","follow":"follow","max-snippet":"max-snippet:-1","max-image-preview":"max-image-preview:large","max-video-preview":"max-video-preview:-1"},"canonical":"https:\/\/www.apres-lecole.fr\/Blog\/histoire-ecole-saint-jean-strasbourg\/","og_locale":"fr_FR","og_type":"article","og_title":"L'\u00e9cole Saint Jean \u00e0 Strasbourg : un h\u00e9ritage vivant en 2025","og_description":"Plongez dans l\u2019histoire fascinante de l\u2019\u00e9cole Saint Jean \u00e0 Strasbourg en 2025 : traditions, valeurs et \u00e9volutions majeures \u00e0 d\u00e9couvrir !","og_url":"https:\/\/www.apres-lecole.fr\/Blog\/histoire-ecole-saint-jean-strasbourg\/","article_published_time":"2025-08-09T06:31:42+00:00","og_image":[{"width":1344,"height":768,"url":"https:\/\/www.apres-lecole.fr\/Blog\/wp-content\/uploads\/2025\/08\/Decouvrez-lhistoire-de-lecole-Saint-Jean-a-Strasbourg-en-2025.jpg","type":"image\/jpeg"}],"twitter_card":"summary_large_image","twitter_misc":{"\u00c9crit par":"","Dur\u00e9e de lecture estim\u00e9e":"7 minutes"},"schema":{"@context":"https:\/\/schema.org","@graph":[{"@type":"Article","@id":"https:\/\/www.apres-lecole.fr\/Blog\/histoire-ecole-saint-jean-strasbourg\/#article","isPartOf":{"@id":"https:\/\/www.apres-lecole.fr\/Blog\/histoire-ecole-saint-jean-strasbourg\/"},"author":{"name":"","@id":""},"headline":"D\u00e9couvrez l&rsquo;histoire de l&rsquo;\u00e9cole Saint Jean \u00e0 Strasbourg en 2025","datePublished":"2025-08-09T06:31:42+00:00","mainEntityOfPage":{"@id":"https:\/\/www.apres-lecole.fr\/Blog\/histoire-ecole-saint-jean-strasbourg\/"},"wordCount":1418,"commentCount":0,"image":{"@id":"https:\/\/www.apres-lecole.fr\/Blog\/histoire-ecole-saint-jean-strasbourg\/#primaryimage"},"thumbnailUrl":"https:\/\/www.apres-lecole.fr\/Blog\/wp-content\/uploads\/2025\/08\/Decouvrez-lhistoire-de-lecole-Saint-Jean-a-Strasbourg-en-2025.jpg","keywords":["\u00e9cole saint jean","enseignement","histoire","strasbourg"],"articleSection":["Actualit\u00e9s"],"inLanguage":"fr-FR","potentialAction":[{"@type":"CommentAction","name":"Comment","target":["https:\/\/www.apres-lecole.fr\/Blog\/histoire-ecole-saint-jean-strasbourg\/#respond"]}]},{"@type":"WebPage","@id":"https:\/\/www.apres-lecole.fr\/Blog\/histoire-ecole-saint-jean-strasbourg\/","url":"https:\/\/www.apres-lecole.fr\/Blog\/histoire-ecole-saint-jean-strasbourg\/","name":"L'\u00e9cole Saint Jean \u00e0 Strasbourg : un h\u00e9ritage vivant en 2025","isPartOf":{"@id":"https:\/\/www.apres-lecole.fr\/Blog\/#website"},"primaryImageOfPage":{"@id":"https:\/\/www.apres-lecole.fr\/Blog\/histoire-ecole-saint-jean-strasbourg\/#primaryimage"},"image":{"@id":"https:\/\/www.apres-lecole.fr\/Blog\/histoire-ecole-saint-jean-strasbourg\/#primaryimage"},"thumbnailUrl":"https:\/\/www.apres-lecole.fr\/Blog\/wp-content\/uploads\/2025\/08\/Decouvrez-lhistoire-de-lecole-Saint-Jean-a-Strasbourg-en-2025.jpg","datePublished":"2025-08-09T06:31:42+00:00","author":{"@id":""},"description":"Plongez dans l\u2019histoire fascinante de l\u2019\u00e9cole Saint Jean \u00e0 Strasbourg en 2025 : traditions, valeurs et \u00e9volutions majeures \u00e0 d\u00e9couvrir !","breadcrumb":{"@id":"https:\/\/www.apres-lecole.fr\/Blog\/histoire-ecole-saint-jean-strasbourg\/#breadcrumb"},"inLanguage":"fr-FR","potentialAction":[{"@type":"ReadAction","target":["https:\/\/www.apres-lecole.fr\/Blog\/histoire-ecole-saint-jean-strasbourg\/"]}]},{"@type":"ImageObject","inLanguage":"fr-FR","@id":"https:\/\/www.apres-lecole.fr\/Blog\/histoire-ecole-saint-jean-strasbourg\/#primaryimage","url":"https:\/\/www.apres-lecole.fr\/Blog\/wp-content\/uploads\/2025\/08\/Decouvrez-lhistoire-de-lecole-Saint-Jean-a-Strasbourg-en-2025.jpg","contentUrl":"https:\/\/www.apres-lecole.fr\/Blog\/wp-content\/uploads\/2025\/08\/Decouvrez-lhistoire-de-lecole-Saint-Jean-a-Strasbourg-en-2025.jpg","width":1344,"height":768,"caption":"explorez l'histoire fascinante de l'\u00e9cole saint jean \u00e0 strasbourg en 2025, un lieu embl\u00e9matique qui a marqu\u00e9 des g\u00e9n\u00e9rations. plongez dans son pass\u00e9 riche en traditions et d\u00e9couvrez son \u00e9volution au fil des ann\u00e9es."},{"@type":"BreadcrumbList","@id":"https:\/\/www.apres-lecole.fr\/Blog\/histoire-ecole-saint-jean-strasbourg\/#breadcrumb","itemListElement":[{"@type":"ListItem","position":1,"name":"Home","item":"https:\/\/www.apres-lecole.fr\/Blog\/"},{"@type":"ListItem","position":2,"name":"D\u00e9couvrez l&rsquo;histoire de l&rsquo;\u00e9cole Saint Jean \u00e0 Strasbourg en 2025"}]},{"@type":"WebSite","@id":"https:\/\/www.apres-lecole.fr\/Blog\/#website","url":"https:\/\/www.apres-lecole.fr\/Blog\/","name":"","description":"M\u00e9dia g\u00e9n\u00e9raliste","potentialAction":[{"@type":"SearchAction","target":{"@type":"EntryPoint","urlTemplate":"https:\/\/www.apres-lecole.fr\/Blog\/?s={search_term_string}"},"query-input":{"@type":"PropertyValueSpecification","valueRequired":true,"valueName":"search_term_string"}}],"inLanguage":"fr-FR"},{"@type":"Person","@id":"","url":"https:\/\/www.apres-lecole.fr\/Blog\/author\/"}]}},"views":16,"_links":{"self":[{"href":"https:\/\/www.apres-lecole.fr\/Blog\/wp-json\/wp\/v2\/posts\/2150","targetHints":{"allow":["GET"]}}],"collection":[{"href":"https:\/\/www.apres-lecole.fr\/Blog\/wp-json\/wp\/v2\/posts"}],"about":[{"href":"https:\/\/www.apres-lecole.fr\/Blog\/wp-json\/wp\/v2\/types\/post"}],"author":[{"embeddable":true,"href":"https:\/\/www.apres-lecole.fr\/Blog\/wp-json\/wp\/v2\/users\/7"}],"replies":[{"embeddable":true,"href":"https:\/\/www.apres-lecole.fr\/Blog\/wp-json\/wp\/v2\/comments?post=2150"}],"version-history":[{"count":0,"href":"https:\/\/www.apres-lecole.fr\/Blog\/wp-json\/wp\/v2\/posts\/2150\/revisions"}],"wp:featuredmedia":[{"embeddable":true,"href":"https:\/\/www.apres-lecole.fr\/Blog\/wp-json\/wp\/v2\/media\/2149"}],"wp:attachment":[{"href":"https:\/\/www.apres-lecole.fr\/Blog\/wp-json\/wp\/v2\/media?parent=2150"}],"wp:term":[{"taxonomy":"category","embeddable":true,"href":"https:\/\/www.apres-lecole.fr\/Blog\/wp-json\/wp\/v2\/categories?post=2150"},{"taxonomy":"post_tag","embeddable":true,"href":"https:\/\/www.apres-lecole.fr\/Blog\/wp-json\/wp\/v2\/tags?post=2150"}],"curies":[{"name":"wp","href":"https:\/\/api.w.org\/{rel}","templated":true}]}}