{"id":2144,"date":"2025-08-08T07:07:01","date_gmt":"2025-08-08T07:07:01","guid":{"rendered":"https:\/\/www.apres-lecole.fr\/Blog\/enseignement-francais-edmonton\/"},"modified":"2025-08-08T07:07:01","modified_gmt":"2025-08-08T07:07:01","slug":"enseignement-francais-edmonton","status":"publish","type":"post","link":"https:\/\/www.apres-lecole.fr\/Blog\/enseignement-francais-edmonton\/","title":{"rendered":"L&rsquo;augmentation des \u00e9tablissements d&rsquo;enseignement en fran\u00e7ais \u00e0 Edmonton, Alberta"},"content":{"rendered":"\n\n<div class=\"kk-star-ratings kksr-auto kksr-align-left kksr-valign-top\"\n    data-payload='{&quot;align&quot;:&quot;left&quot;,&quot;id&quot;:&quot;2144&quot;,&quot;slug&quot;:&quot;default&quot;,&quot;valign&quot;:&quot;top&quot;,&quot;ignore&quot;:&quot;&quot;,&quot;reference&quot;:&quot;auto&quot;,&quot;class&quot;:&quot;&quot;,&quot;count&quot;:&quot;0&quot;,&quot;legendonly&quot;:&quot;&quot;,&quot;readonly&quot;:&quot;&quot;,&quot;score&quot;:&quot;0&quot;,&quot;starsonly&quot;:&quot;&quot;,&quot;best&quot;:&quot;5&quot;,&quot;gap&quot;:&quot;5&quot;,&quot;greet&quot;:&quot;Rate this post&quot;,&quot;legend&quot;:&quot;0\\\/5 - (0 vote)&quot;,&quot;size&quot;:&quot;24&quot;,&quot;title&quot;:&quot;L\\u0026#039;augmentation des \u00e9tablissements d\\u0026#039;enseignement en fran\u00e7ais \u00e0 Edmonton, Alberta&quot;,&quot;width&quot;:&quot;0&quot;,&quot;_legend&quot;:&quot;{score}\\\/{best} - ({count} {votes})&quot;,&quot;font_factor&quot;:&quot;1.25&quot;}'>\n            \n<div class=\"kksr-stars\">\n    \n<div class=\"kksr-stars-inactive\">\n            <div class=\"kksr-star\" data-star=\"1\" style=\"padding-right: 5px\">\n            \n\n<div class=\"kksr-icon\" style=\"width: 24px; height: 24px;\"><\/div>\n        <\/div>\n            <div class=\"kksr-star\" data-star=\"2\" style=\"padding-right: 5px\">\n            \n\n<div class=\"kksr-icon\" style=\"width: 24px; height: 24px;\"><\/div>\n        <\/div>\n            <div class=\"kksr-star\" data-star=\"3\" style=\"padding-right: 5px\">\n            \n\n<div class=\"kksr-icon\" style=\"width: 24px; height: 24px;\"><\/div>\n        <\/div>\n            <div class=\"kksr-star\" data-star=\"4\" style=\"padding-right: 5px\">\n            \n\n<div class=\"kksr-icon\" style=\"width: 24px; height: 24px;\"><\/div>\n        <\/div>\n            <div class=\"kksr-star\" data-star=\"5\" style=\"padding-right: 5px\">\n            \n\n<div class=\"kksr-icon\" style=\"width: 24px; height: 24px;\"><\/div>\n        <\/div>\n    <\/div>\n    \n<div class=\"kksr-stars-active\" style=\"width: 0px;\">\n            <div class=\"kksr-star\" style=\"padding-right: 5px\">\n            \n\n<div class=\"kksr-icon\" style=\"width: 24px; height: 24px;\"><\/div>\n        <\/div>\n            <div class=\"kksr-star\" style=\"padding-right: 5px\">\n            \n\n<div class=\"kksr-icon\" style=\"width: 24px; height: 24px;\"><\/div>\n        <\/div>\n            <div class=\"kksr-star\" style=\"padding-right: 5px\">\n            \n\n<div class=\"kksr-icon\" style=\"width: 24px; height: 24px;\"><\/div>\n        <\/div>\n            <div class=\"kksr-star\" style=\"padding-right: 5px\">\n            \n\n<div class=\"kksr-icon\" style=\"width: 24px; height: 24px;\"><\/div>\n        <\/div>\n            <div class=\"kksr-star\" style=\"padding-right: 5px\">\n            \n\n<div class=\"kksr-icon\" style=\"width: 24px; height: 24px;\"><\/div>\n        <\/div>\n    <\/div>\n<\/div>\n                \n\n<div class=\"kksr-legend\" style=\"font-size: 19.2px;\">\n            <span class=\"kksr-muted\">Rate this post<\/span>\n    <\/div>\n    <\/div>\n<p>La sc\u00e8ne \u00e9ducative d\u2019Edmonton est en pleine effervescence avec l&rsquo;essor des \u00e9tablissements d&rsquo;enseignement en fran\u00e7ais. \u00c0 une \u00e9poque o\u00f9 la diversit\u00e9 culturelle s&rsquo;intensifie, les \u00e9coles francophones attirent de plus en plus de familles, refl\u00e9tant un v\u00e9ritable d\u00e9sir d\u2019\u00e9ducation bilingue. Le Conseil scolaire Centre-Nord et d\u2019autres entit\u00e9s sont \u00e0 la man\u0153uvre pour r\u00e9pondre \u00e0 une demande croissante. En 2021, pr\u00e8s de 67 140 enfants \u00e9taient \u00e9ligibles \u00e0 l&rsquo;\u00e9ducation francophone en Alberta, dont une part significative r\u00e9side \u00e0 Edmonton. Les autorit\u00e9s scolaires et les parents s&rsquo;engagent pour que chaque enfant puisse acc\u00e9der \u00e0 des \u00e9tablissements francophones, facilitant ainsi l&rsquo;int\u00e9gration culturelle tout en pr\u00e9servant la riche identit\u00e9 francophone de la province. Analysons alors cette tendance en profondeur, d\u00e9couvrons les \u00e9tablissements qui se multiplient et l&rsquo;importance de cette dynamique pour la communaut\u00e9 locale.<\/p>\n\n<h2 class=\"wp-block-heading\">La mont\u00e9e des \u00e9coles francophones \u00e0 Edmonton<\/h2>\n\n<p>Les \u00e9coles francophones \u00e0 Edmonton connaissent une v\u00e9ritable explosions d\u2019inscriptions, marquant un tournant crucial dans l&rsquo;\u00e9ducation au Canada. Le Conseil scolaire Centre-Nord, par exemple, a enregistr\u00e9 des hausses d&rsquo;effectifs significatives, ce qui t\u00e9moigne d&rsquo;un int\u00e9r\u00eat grandissant pour cet enseignement. Alors, quels sont les facteurs qui alimentent ce ph\u00e9nom\u00e8ne ?<\/p>\n\n<h3 class=\"wp-block-heading\">Des donn\u00e9es qui parlent<\/h3>\n\n<p>Les chiffres parlent d&rsquo;eux-m\u00eames : 17 265 enfants \u00e0 Edmonton sont n\u00e9s entre 2003 et 2021 et sont \u00e9ligibles \u00e0 l&rsquo;instruction en fran\u00e7ais. Cela repr\u00e9sente environ 8 % de la population scolaire de la ville. Un besoin clairement identifi\u00e9 ! Cependant, moins de 12 % de ces enfants fr\u00e9quentent les \u00e9tablissements existants. Cette situation met en lumi\u00e8re l&rsquo;importance d&rsquo;\u00e9largir l&rsquo;offre de ces \u00e9tablissements.<\/p>\n\n<p>Voici un aper\u00e7u des chiffres cl\u00e9s des \u00e9coles francophones \u00e0 Edmonton :<\/p>\n\n<figure class=\"wp-block-table\"><table>\n<thead>\n<tr>\n<th>\u00c9tablissement<\/th>\n<th>Nombre d&rsquo;\u00e9l\u00e8ves<\/th>\n<\/tr>\n<\/thead>\n<tbody>\n<tr>\n<td>\u00c9cole Micha\u00eblle-Jean<\/td>\n<td>450<\/td>\n<\/tr>\n<tr>\n<td>\u00c9cole La Mission<\/td>\n<td>400<\/td>\n<\/tr>\n<tr>\n<td>\u00c9cole \u00c9milie-Tremblay<\/td>\n<td>500<\/td>\n<\/tr>\n<tr>\n<td>\u00c9coles publiques francophones<\/td>\n<td>2130<\/td>\n<\/tr>\n<\/tbody>\n<\/table><\/figure>\n\n<h3 class=\"wp-block-heading\">Un \u00e9lan communautaire fort<\/h3>\n\n<p>L\u2019attrait pour l\u2019\u00e9ducation en fran\u00e7ais est r\u00e9ellement issu d\u2019un besoin communautaire. Les parents cherchent \u00e0 offrir \u00e0 leurs enfants un enseignement qui leur permet de garder et d\u2019enrichir leur culture francophone. Les activit\u00e9s p\u00e9riscolaires centr\u00e9es sur la langue fran\u00e7aise, l\u2019histoire et les traditions favorisent \u00e9galement cet engouement. Les \u00e9coles comme l&rsquo;\u00c9cole \u00c9milie-Tremblay voient leur inscription exploser, en grande partie gr\u00e2ce \u00e0 l&rsquo;implication active des familles.<\/p>\n\n<p>Les parents d\u00e9couvrent d&rsquo;autres avantages de l\u2019\u00e9ducation francophone :<\/p>\n\n<ul class=\"wp-block-list\"><li>\u2705 Acc\u00e8s \u00e0 des programmes d\u2019immersion qui favorisent un bilinguisme v\u00e9ritable.<\/li><li>\u2705 Environnement d\u2019apprentissage enrichissant et diversifi\u00e9.<\/li><li>\u2705 Pr\u00e9servation de la culture francophone par des \u00e9v\u00e9nements et ateliers.<\/li><\/ul>\n\n<h2 class=\"wp-block-heading\">Les d\u00e9fis rencontr\u00e9s par les \u00e9tablissements francophones<\/h2>\n\n<p>Malgr\u00e9 cet engouement, les \u00e9coles francophones \u00e0 Edmonton doivent faire face \u00e0 une s\u00e9rie de d\u00e9fis qui pourraient freiner cette progression. En effet, la demande en constante augmentation n&rsquo;est pas toujours synonyme de ressources ad\u00e9quates. Les \u00e9tablissements peinent parfois \u00e0 incorporer le nombre grandissant d&rsquo;\u00e9l\u00e8ves dans des infrastructures ad\u00e9quates.<\/p>\n\n<h3 class=\"wp-block-heading\">Infrastructure et ressources<\/h3>\n\n<p>Les \u00e9coles francophones, comme l\u2019\u00c9cole La Mission, se heurtent \u00e0 des d\u00e9fis d&rsquo;espace et de ressources. Avec un nombre d\u2019\u00e9l\u00e8ves croissant, il devient essentiel d&rsquo;agir pour d\u00e9velopper des infrastructures scolaires adapt\u00e9es. Cependant, l&rsquo;attente pour la construction de nouvelles \u00e9coles peut \u00eatre longue. De plus, le d\u00e9fi des effectifs enseignants est tout aussi pressant.<\/p>\n\n<p>La bonne nouvelle est que des fonds et des initiatives sont mis en place pour adresser ces probl\u00e8mes. Voici quelques efforts en cours :<\/p>\n\n<ul class=\"wp-block-list\"><li>\ud83c\udfd7\ufe0f Construction et r\u00e9novation des b\u00e2timents scolaires.<\/li><li>\ud83d\udc69\u200d\ud83c\udfeb Recrutement de personnel enseignant qualifi\u00e9.<\/li><li>\ud83d\udcbc Collaboration avec des associations comme l&rsquo;Association canadienne-fran\u00e7aise de l&rsquo;Alberta.<\/li><\/ul>\n\n<h3 class=\"wp-block-heading\">\u00c9quilibre entre tradition et modernit\u00e9<\/h3>\n\n<p>Les directeurs d\u2019\u00e9tablissements se retrouvent confront\u00e9s \u00e0 un dilemme : comment \u00e9quilibrer l&rsquo;enseignement traditionnel en fran\u00e7ais avec des approches p\u00e9dagogiques modernes ? Incorporer technologie et num\u00e9risation tout en pr\u00e9servant l&rsquo;identit\u00e9 culturelle est un vrai d\u00e9fi. Les \u00e9coles doivent trouver des moyens innovants pour que les \u00e9l\u00e8ves soient \u00e0 la fois comp\u00e9titifs sur le march\u00e9 de travail et conscients de leur h\u00e9ritage francophone.<\/p>\n\n<h2 class=\"wp-block-heading\">Les avantages et b\u00e9n\u00e9fices de l&rsquo;\u00e9ducation francophone<\/h2>\n\n<p>Il est temps de mettre en lumi\u00e8re l&rsquo;importance de l&rsquo;\u00e9ducation francophone \u00e0 Edmonton. Les b\u00e9n\u00e9fices sont nombreux, tant sur le d\u00e9veloppement personnel que professionnel des enfants. Du cadre \u00e9ducatif respectueux de la culture jusqu&rsquo;aux retomb\u00e9es \u00e9conomiques pour la communaut\u00e9, l&rsquo;\u00e9ducation francophone se r\u00e9v\u00e8le \u00eatre un v\u00e9ritable atout.<\/p>\n\n<h3 class=\"wp-block-heading\">D\u00e9veloppement personnel des \u00e9l\u00e8ves<\/h3>\n\n<p>L&rsquo;apprentissage d&rsquo;une seconde langue est un booster de capacit\u00e9 cognitive. Le bilinguisme favorise la cr\u00e9ativit\u00e9, la r\u00e9solution de probl\u00e8mes, et une meilleure communication interpersonnelle. Les \u00e9tudes montrent que les enfants bilingues ont g\u00e9n\u00e9ralement de meilleures performances acad\u00e9miques et sociales.<\/p>\n\n<p>Parmi les b\u00e9n\u00e9fices notables, citons :<\/p>\n\n<ul class=\"wp-block-list\"><li>\ud83c\udf93 Am\u00e9lioration des performances scolaires.<\/li><li>\ud83e\udde0 D\u00e9veloppement de comp\u00e9tences interculturelles.<\/li><li>\ud83c\udf0d Ouverture sur le monde et compr\u00e9hension des enjeux globaux.<\/li><\/ul>\n\n<h3 class=\"wp-block-heading\">Impact sur la communaut\u00e9<\/h3>\n\n<p>L&rsquo;\u00e9ducation francophone a un impact direct sur la vitalit\u00e9 de la communaut\u00e9 francophone d\u2019Edmonton. Des \u00e9v\u00e9nements culturels, des f\u00eates et des rencontres organis\u00e9es par les \u00e9coles mobilisent les familles et nourrissent la coh\u00e9sion sociale. Les \u00e9coles deviennent de v\u00e9ritables centres d&rsquo;\u00e9changes et de partage, cr\u00e9ant ainsi un environnement stimulant pour les \u00e9l\u00e8ves et les parents.<\/p>\n\n<p>Les retomb\u00e9es \u00e9conomiques comprennent aussi des initiatives locales qui favorisent l\u2019emploi et la visibilit\u00e9 de la culture francophone.<\/p>\n\n<h2 class=\"wp-block-heading\">Avenir des \u00e9tablissements d&rsquo;enseignement en fran\u00e7ais \u00e0 Edmonton<\/h2>\n\n<p>Alors, quel est l&rsquo;avenir d\u2019un tel essor \u00e9ducatif \u00e0 Edmonton ? Avec la d\u00e9mographie en constante \u00e9volution et le soutien institutionnel, on s\u2019attend \u00e0 une transformation continue des \u00e9tablissements francophones. En 2025, la vision \u00e0 long terme des autorit\u00e9s \u00e9ducatives pourrait reposer sur plusieurs axes.<\/p>\n\n<h3 class=\"wp-block-heading\">Perspectives d&rsquo;am\u00e9lioration<\/h3>\n\n<p>Pour accompagner cette demande accrue, il est essentiel que des actions soient envisag\u00e9es pour renforcer les infrastructures existantes. Cela peut passer par :<\/p>\n\n<ul class=\"wp-block-list\"><li>\ud83d\ude80 Expansion des \u00e9tablissements existants.<\/li><li>\ud83d\udd04 Mise en place de nouvelles \u00e9coles adapt\u00e9es aux besoins de la population.<\/li><li>\ud83d\udde3\ufe0f Sensibilisation des parents sur l&rsquo;importance de l&rsquo;\u00e9ducation francophone.<\/li><\/ul>\n\n<h3 class=\"wp-block-heading\">L&rsquo;engagement communautaire<\/h3>\n\n<p>Le soutien des membres de la communaut\u00e9 francophone est crucial dans ce processus. Les parents, les enseignants, et les organisations comme le Conseil scolaire Centre-Nord doivent continuer \u00e0 collaborer. Ensemble, ils peuvent promouvoir l&rsquo;importance de l\u2019\u00e9ducation en fran\u00e7ais pour pr\u00e9server l\u2019h\u00e9ritage culturel et garantir que les enfants aient acc\u00e8s aux ressources n\u00e9cessaires.<\/p>\n\n<h2 class=\"wp-block-heading\">FAQ<\/h2>\n\n<h2 class=\"wp-block-heading\">Pourquoi choisir une \u00e9cole francophone \u00e0 Edmonton ?<\/h2>\n\n<p>Opter pour une \u00e9cole francophone permet de pr\u00e9server la culture et la langue tout en offrant un environnement d\u2019apprentissage enrichissant.<\/p>\n\n<h2 class=\"wp-block-heading\">Quels sont les programmes propos\u00e9s dans les \u00e9coles francophones ?<\/h2>\n\n<p>Les \u00e9coles francophones offrent des programmes d\u2019immersion, des cours de culture francophone et des activit\u00e9s p\u00e9riscolaires diversifi\u00e9es.<\/p>\n\n<h2 class=\"wp-block-heading\">Quelles sont les perspectives d&rsquo;avenir pour l&rsquo;\u00e9ducation francophone \u00e0 Edmonton ?<\/h2>\n\n<p>Avec l&rsquo;augmentation de la population francophone, des investissements et des initiatives sont pr\u00e9vus pour d\u00e9velopper et am\u00e9liorer les \u00e9tablissements d&rsquo;enseignement.<\/p>\n\n<h2 class=\"wp-block-heading\">Comment les parents peuvent-ils soutenir l&rsquo;\u00e9ducation francophone ?<\/h2>\n\n<p>Les parents peuvent s&rsquo;impliquer en participant aux activit\u00e9s scolaires, en soutenant les projets communautaires, et en choisissant des \u00e9tablissements francophones pour leurs enfants.<\/p>\n\n<h2 class=\"wp-block-heading\">Quel r\u00f4le joue la communaut\u00e9 dans l&rsquo;\u00e9ducation francophone ?<\/h2>\n\n<p>La communaut\u00e9 joue un r\u00f4le crucial en soutenant les \u00e9coles, en participant \u00e0 la vie scolaire et en organisant des \u00e9v\u00e9nements culturels.<\/p>\n\n","protected":false},"excerpt":{"rendered":"<p>La sc\u00e8ne \u00e9ducative d\u2019Edmonton est en pleine effervescence avec l&rsquo;essor des \u00e9tablissements d&rsquo;enseignement en fran\u00e7ais. \u00c0 une \u00e9poque o\u00f9 la diversit\u00e9 culturelle s&rsquo;intensifie, les \u00e9coles francophones attirent de plus en plus de familles, refl\u00e9tant un v\u00e9ritable d\u00e9sir d\u2019\u00e9ducation bilingue. Le Conseil scolaire Centre-Nord et d\u2019autres entit\u00e9s sont \u00e0 la man\u0153uvre pour r\u00e9pondre \u00e0 une demande &#8230; <a title=\"L&rsquo;augmentation des \u00e9tablissements d&rsquo;enseignement en fran\u00e7ais \u00e0 Edmonton, Alberta\" class=\"read-more\" href=\"https:\/\/www.apres-lecole.fr\/Blog\/enseignement-francais-edmonton\/\" aria-label=\"En savoir plus sur L&rsquo;augmentation des \u00e9tablissements d&rsquo;enseignement en fran\u00e7ais \u00e0 Edmonton, Alberta\">Lire plus<\/a><\/p>\n","protected":false},"author":7,"featured_media":2143,"comment_status":"open","ping_status":"open","sticky":false,"template":"","format":"standard","meta":{"footnotes":""},"categories":[342],"tags":[1291,412,1288,1290,1289],"class_list":["post-2144","post","type-post","status-publish","format-standard","has-post-thumbnail","hentry","category-actualites","tag-edmonton","tag-education","tag-enseignement","tag-etablissements-denseignement","tag-francais"],"yoast_head":"<!-- This site is optimized with the Yoast SEO plugin v27.5 - https:\/\/yoast.com\/product\/yoast-seo-wordpress\/ -->\n<title>L&#039;expansion des \u00e9coles francophones \u00e0 Edmonton<\/title>\n<meta name=\"description\" content=\"D\u00e9couvrez l&#039;essor des \u00e9tablissements d&#039;enseignement en fran\u00e7ais \u00e0 Edmonton, Alberta, et leurs avantages pour la communaut\u00e9 francophone.\" \/>\n<meta name=\"robots\" content=\"index, follow, max-snippet:-1, max-image-preview:large, max-video-preview:-1\" \/>\n<link rel=\"canonical\" href=\"https:\/\/www.apres-lecole.fr\/Blog\/enseignement-francais-edmonton\/\" \/>\n<meta property=\"og:locale\" content=\"fr_FR\" \/>\n<meta property=\"og:type\" content=\"article\" \/>\n<meta property=\"og:title\" content=\"L&#039;expansion des \u00e9coles francophones \u00e0 Edmonton\" \/>\n<meta property=\"og:description\" content=\"D\u00e9couvrez l&#039;essor des \u00e9tablissements d&#039;enseignement en fran\u00e7ais \u00e0 Edmonton, Alberta, et leurs avantages pour la communaut\u00e9 francophone.\" \/>\n<meta property=\"og:url\" content=\"https:\/\/www.apres-lecole.fr\/Blog\/enseignement-francais-edmonton\/\" \/>\n<meta property=\"article:published_time\" content=\"2025-08-08T07:07:01+00:00\" \/>\n<meta property=\"og:image\" content=\"https:\/\/www.apres-lecole.fr\/Blog\/wp-content\/uploads\/2025\/08\/Laugmentation-des-etablissements-denseignement-en-francais-a-Edmonton-Alberta.jpg\" \/>\n\t<meta property=\"og:image:width\" content=\"1344\" \/>\n\t<meta property=\"og:image:height\" content=\"768\" \/>\n\t<meta property=\"og:image:type\" content=\"image\/jpeg\" \/>\n<meta name=\"twitter:card\" content=\"summary_large_image\" \/>\n<meta name=\"twitter:label1\" content=\"\u00c9crit par\" \/>\n\t<meta name=\"twitter:data1\" content=\"\" \/>\n\t<meta name=\"twitter:label2\" content=\"Dur\u00e9e de lecture estim\u00e9e\" \/>\n\t<meta name=\"twitter:data2\" content=\"6 minutes\" \/>\n<script type=\"application\/ld+json\" class=\"yoast-schema-graph\">{\"@context\":\"https:\\\/\\\/schema.org\",\"@graph\":[{\"@type\":\"Article\",\"@id\":\"https:\\\/\\\/www.apres-lecole.fr\\\/Blog\\\/enseignement-francais-edmonton\\\/#article\",\"isPartOf\":{\"@id\":\"https:\\\/\\\/www.apres-lecole.fr\\\/Blog\\\/enseignement-francais-edmonton\\\/\"},\"author\":{\"name\":\"\",\"@id\":\"\"},\"headline\":\"L&rsquo;augmentation des \u00e9tablissements d&rsquo;enseignement en fran\u00e7ais \u00e0 Edmonton, Alberta\",\"datePublished\":\"2025-08-08T07:07:01+00:00\",\"mainEntityOfPage\":{\"@id\":\"https:\\\/\\\/www.apres-lecole.fr\\\/Blog\\\/enseignement-francais-edmonton\\\/\"},\"wordCount\":1257,\"commentCount\":0,\"image\":{\"@id\":\"https:\\\/\\\/www.apres-lecole.fr\\\/Blog\\\/enseignement-francais-edmonton\\\/#primaryimage\"},\"thumbnailUrl\":\"https:\\\/\\\/www.apres-lecole.fr\\\/Blog\\\/wp-content\\\/uploads\\\/2025\\\/08\\\/Laugmentation-des-etablissements-denseignement-en-francais-a-Edmonton-Alberta.jpg\",\"keywords\":[\"edmonton\",\"\u00e9ducation\",\"enseignement\",\"\u00e9tablissements d'enseignement\",\"fran\u00e7ais\"],\"articleSection\":[\"Actualit\u00e9s\"],\"inLanguage\":\"fr-FR\",\"potentialAction\":[{\"@type\":\"CommentAction\",\"name\":\"Comment\",\"target\":[\"https:\\\/\\\/www.apres-lecole.fr\\\/Blog\\\/enseignement-francais-edmonton\\\/#respond\"]}]},{\"@type\":\"WebPage\",\"@id\":\"https:\\\/\\\/www.apres-lecole.fr\\\/Blog\\\/enseignement-francais-edmonton\\\/\",\"url\":\"https:\\\/\\\/www.apres-lecole.fr\\\/Blog\\\/enseignement-francais-edmonton\\\/\",\"name\":\"L'expansion des \u00e9coles francophones \u00e0 Edmonton\",\"isPartOf\":{\"@id\":\"https:\\\/\\\/www.apres-lecole.fr\\\/Blog\\\/#website\"},\"primaryImageOfPage\":{\"@id\":\"https:\\\/\\\/www.apres-lecole.fr\\\/Blog\\\/enseignement-francais-edmonton\\\/#primaryimage\"},\"image\":{\"@id\":\"https:\\\/\\\/www.apres-lecole.fr\\\/Blog\\\/enseignement-francais-edmonton\\\/#primaryimage\"},\"thumbnailUrl\":\"https:\\\/\\\/www.apres-lecole.fr\\\/Blog\\\/wp-content\\\/uploads\\\/2025\\\/08\\\/Laugmentation-des-etablissements-denseignement-en-francais-a-Edmonton-Alberta.jpg\",\"datePublished\":\"2025-08-08T07:07:01+00:00\",\"author\":{\"@id\":\"\"},\"description\":\"D\u00e9couvrez l'essor des \u00e9tablissements d'enseignement en fran\u00e7ais \u00e0 Edmonton, Alberta, et leurs avantages pour la communaut\u00e9 francophone.\",\"breadcrumb\":{\"@id\":\"https:\\\/\\\/www.apres-lecole.fr\\\/Blog\\\/enseignement-francais-edmonton\\\/#breadcrumb\"},\"inLanguage\":\"fr-FR\",\"potentialAction\":[{\"@type\":\"ReadAction\",\"target\":[\"https:\\\/\\\/www.apres-lecole.fr\\\/Blog\\\/enseignement-francais-edmonton\\\/\"]}]},{\"@type\":\"ImageObject\",\"inLanguage\":\"fr-FR\",\"@id\":\"https:\\\/\\\/www.apres-lecole.fr\\\/Blog\\\/enseignement-francais-edmonton\\\/#primaryimage\",\"url\":\"https:\\\/\\\/www.apres-lecole.fr\\\/Blog\\\/wp-content\\\/uploads\\\/2025\\\/08\\\/Laugmentation-des-etablissements-denseignement-en-francais-a-Edmonton-Alberta.jpg\",\"contentUrl\":\"https:\\\/\\\/www.apres-lecole.fr\\\/Blog\\\/wp-content\\\/uploads\\\/2025\\\/08\\\/Laugmentation-des-etablissements-denseignement-en-francais-a-Edmonton-Alberta.jpg\",\"width\":1344,\"height\":768,\"caption\":\"d\u00e9couvrez comment l'expansion des \u00e9tablissements d'enseignement en fran\u00e7ais \u00e0 edmonton, alberta, transforme le paysage \u00e9ducatif et offre de nouvelles opportunit\u00e9s aux francophones. plongez dans les d\u00e9fis et succ\u00e8s de cette dynamique croissante, essentielle pour la communaut\u00e9 francophone de la r\u00e9gion.\"},{\"@type\":\"BreadcrumbList\",\"@id\":\"https:\\\/\\\/www.apres-lecole.fr\\\/Blog\\\/enseignement-francais-edmonton\\\/#breadcrumb\",\"itemListElement\":[{\"@type\":\"ListItem\",\"position\":1,\"name\":\"Home\",\"item\":\"https:\\\/\\\/www.apres-lecole.fr\\\/Blog\\\/\"},{\"@type\":\"ListItem\",\"position\":2,\"name\":\"L&rsquo;augmentation des \u00e9tablissements d&rsquo;enseignement en fran\u00e7ais \u00e0 Edmonton, Alberta\"}]},{\"@type\":\"WebSite\",\"@id\":\"https:\\\/\\\/www.apres-lecole.fr\\\/Blog\\\/#website\",\"url\":\"https:\\\/\\\/www.apres-lecole.fr\\\/Blog\\\/\",\"name\":\"\",\"description\":\"M\u00e9dia g\u00e9n\u00e9raliste\",\"potentialAction\":[{\"@type\":\"SearchAction\",\"target\":{\"@type\":\"EntryPoint\",\"urlTemplate\":\"https:\\\/\\\/www.apres-lecole.fr\\\/Blog\\\/?s={search_term_string}\"},\"query-input\":{\"@type\":\"PropertyValueSpecification\",\"valueRequired\":true,\"valueName\":\"search_term_string\"}}],\"inLanguage\":\"fr-FR\"},{\"@type\":\"Person\",\"@id\":\"\",\"url\":\"https:\\\/\\\/www.apres-lecole.fr\\\/Blog\\\/author\\\/\"}]}<\/script>\n<!-- \/ Yoast SEO plugin. -->","yoast_head_json":{"title":"L'expansion des \u00e9coles francophones \u00e0 Edmonton","description":"D\u00e9couvrez l'essor des \u00e9tablissements d'enseignement en fran\u00e7ais \u00e0 Edmonton, Alberta, et leurs avantages pour la communaut\u00e9 francophone.","robots":{"index":"index","follow":"follow","max-snippet":"max-snippet:-1","max-image-preview":"max-image-preview:large","max-video-preview":"max-video-preview:-1"},"canonical":"https:\/\/www.apres-lecole.fr\/Blog\/enseignement-francais-edmonton\/","og_locale":"fr_FR","og_type":"article","og_title":"L'expansion des \u00e9coles francophones \u00e0 Edmonton","og_description":"D\u00e9couvrez l'essor des \u00e9tablissements d'enseignement en fran\u00e7ais \u00e0 Edmonton, Alberta, et leurs avantages pour la communaut\u00e9 francophone.","og_url":"https:\/\/www.apres-lecole.fr\/Blog\/enseignement-francais-edmonton\/","article_published_time":"2025-08-08T07:07:01+00:00","og_image":[{"width":1344,"height":768,"url":"https:\/\/www.apres-lecole.fr\/Blog\/wp-content\/uploads\/2025\/08\/Laugmentation-des-etablissements-denseignement-en-francais-a-Edmonton-Alberta.jpg","type":"image\/jpeg"}],"twitter_card":"summary_large_image","twitter_misc":{"\u00c9crit par":"","Dur\u00e9e de lecture estim\u00e9e":"6 minutes"},"schema":{"@context":"https:\/\/schema.org","@graph":[{"@type":"Article","@id":"https:\/\/www.apres-lecole.fr\/Blog\/enseignement-francais-edmonton\/#article","isPartOf":{"@id":"https:\/\/www.apres-lecole.fr\/Blog\/enseignement-francais-edmonton\/"},"author":{"name":"","@id":""},"headline":"L&rsquo;augmentation des \u00e9tablissements d&rsquo;enseignement en fran\u00e7ais \u00e0 Edmonton, Alberta","datePublished":"2025-08-08T07:07:01+00:00","mainEntityOfPage":{"@id":"https:\/\/www.apres-lecole.fr\/Blog\/enseignement-francais-edmonton\/"},"wordCount":1257,"commentCount":0,"image":{"@id":"https:\/\/www.apres-lecole.fr\/Blog\/enseignement-francais-edmonton\/#primaryimage"},"thumbnailUrl":"https:\/\/www.apres-lecole.fr\/Blog\/wp-content\/uploads\/2025\/08\/Laugmentation-des-etablissements-denseignement-en-francais-a-Edmonton-Alberta.jpg","keywords":["edmonton","\u00e9ducation","enseignement","\u00e9tablissements d'enseignement","fran\u00e7ais"],"articleSection":["Actualit\u00e9s"],"inLanguage":"fr-FR","potentialAction":[{"@type":"CommentAction","name":"Comment","target":["https:\/\/www.apres-lecole.fr\/Blog\/enseignement-francais-edmonton\/#respond"]}]},{"@type":"WebPage","@id":"https:\/\/www.apres-lecole.fr\/Blog\/enseignement-francais-edmonton\/","url":"https:\/\/www.apres-lecole.fr\/Blog\/enseignement-francais-edmonton\/","name":"L'expansion des \u00e9coles francophones \u00e0 Edmonton","isPartOf":{"@id":"https:\/\/www.apres-lecole.fr\/Blog\/#website"},"primaryImageOfPage":{"@id":"https:\/\/www.apres-lecole.fr\/Blog\/enseignement-francais-edmonton\/#primaryimage"},"image":{"@id":"https:\/\/www.apres-lecole.fr\/Blog\/enseignement-francais-edmonton\/#primaryimage"},"thumbnailUrl":"https:\/\/www.apres-lecole.fr\/Blog\/wp-content\/uploads\/2025\/08\/Laugmentation-des-etablissements-denseignement-en-francais-a-Edmonton-Alberta.jpg","datePublished":"2025-08-08T07:07:01+00:00","author":{"@id":""},"description":"D\u00e9couvrez l'essor des \u00e9tablissements d'enseignement en fran\u00e7ais \u00e0 Edmonton, Alberta, et leurs avantages pour la communaut\u00e9 francophone.","breadcrumb":{"@id":"https:\/\/www.apres-lecole.fr\/Blog\/enseignement-francais-edmonton\/#breadcrumb"},"inLanguage":"fr-FR","potentialAction":[{"@type":"ReadAction","target":["https:\/\/www.apres-lecole.fr\/Blog\/enseignement-francais-edmonton\/"]}]},{"@type":"ImageObject","inLanguage":"fr-FR","@id":"https:\/\/www.apres-lecole.fr\/Blog\/enseignement-francais-edmonton\/#primaryimage","url":"https:\/\/www.apres-lecole.fr\/Blog\/wp-content\/uploads\/2025\/08\/Laugmentation-des-etablissements-denseignement-en-francais-a-Edmonton-Alberta.jpg","contentUrl":"https:\/\/www.apres-lecole.fr\/Blog\/wp-content\/uploads\/2025\/08\/Laugmentation-des-etablissements-denseignement-en-francais-a-Edmonton-Alberta.jpg","width":1344,"height":768,"caption":"d\u00e9couvrez comment l'expansion des \u00e9tablissements d'enseignement en fran\u00e7ais \u00e0 edmonton, alberta, transforme le paysage \u00e9ducatif et offre de nouvelles opportunit\u00e9s aux francophones. plongez dans les d\u00e9fis et succ\u00e8s de cette dynamique croissante, essentielle pour la communaut\u00e9 francophone de la r\u00e9gion."},{"@type":"BreadcrumbList","@id":"https:\/\/www.apres-lecole.fr\/Blog\/enseignement-francais-edmonton\/#breadcrumb","itemListElement":[{"@type":"ListItem","position":1,"name":"Home","item":"https:\/\/www.apres-lecole.fr\/Blog\/"},{"@type":"ListItem","position":2,"name":"L&rsquo;augmentation des \u00e9tablissements d&rsquo;enseignement en fran\u00e7ais \u00e0 Edmonton, Alberta"}]},{"@type":"WebSite","@id":"https:\/\/www.apres-lecole.fr\/Blog\/#website","url":"https:\/\/www.apres-lecole.fr\/Blog\/","name":"","description":"M\u00e9dia g\u00e9n\u00e9raliste","potentialAction":[{"@type":"SearchAction","target":{"@type":"EntryPoint","urlTemplate":"https:\/\/www.apres-lecole.fr\/Blog\/?s={search_term_string}"},"query-input":{"@type":"PropertyValueSpecification","valueRequired":true,"valueName":"search_term_string"}}],"inLanguage":"fr-FR"},{"@type":"Person","@id":"","url":"https:\/\/www.apres-lecole.fr\/Blog\/author\/"}]}},"views":12,"_links":{"self":[{"href":"https:\/\/www.apres-lecole.fr\/Blog\/wp-json\/wp\/v2\/posts\/2144","targetHints":{"allow":["GET"]}}],"collection":[{"href":"https:\/\/www.apres-lecole.fr\/Blog\/wp-json\/wp\/v2\/posts"}],"about":[{"href":"https:\/\/www.apres-lecole.fr\/Blog\/wp-json\/wp\/v2\/types\/post"}],"author":[{"embeddable":true,"href":"https:\/\/www.apres-lecole.fr\/Blog\/wp-json\/wp\/v2\/users\/7"}],"replies":[{"embeddable":true,"href":"https:\/\/www.apres-lecole.fr\/Blog\/wp-json\/wp\/v2\/comments?post=2144"}],"version-history":[{"count":0,"href":"https:\/\/www.apres-lecole.fr\/Blog\/wp-json\/wp\/v2\/posts\/2144\/revisions"}],"wp:featuredmedia":[{"embeddable":true,"href":"https:\/\/www.apres-lecole.fr\/Blog\/wp-json\/wp\/v2\/media\/2143"}],"wp:attachment":[{"href":"https:\/\/www.apres-lecole.fr\/Blog\/wp-json\/wp\/v2\/media?parent=2144"}],"wp:term":[{"taxonomy":"category","embeddable":true,"href":"https:\/\/www.apres-lecole.fr\/Blog\/wp-json\/wp\/v2\/categories?post=2144"},{"taxonomy":"post_tag","embeddable":true,"href":"https:\/\/www.apres-lecole.fr\/Blog\/wp-json\/wp\/v2\/tags?post=2144"}],"curies":[{"name":"wp","href":"https:\/\/api.w.org\/{rel}","templated":true}]}}