{"id":2128,"date":"2025-08-06T07:17:46","date_gmt":"2025-08-06T07:17:46","guid":{"rendered":"https:\/\/www.apres-lecole.fr\/Blog\/belfort-auto-ecole-fermeture\/"},"modified":"2025-08-06T07:17:46","modified_gmt":"2025-08-06T07:17:46","slug":"belfort-auto-ecole-fermeture","status":"publish","type":"post","link":"https:\/\/www.apres-lecole.fr\/Blog\/belfort-auto-ecole-fermeture\/","title":{"rendered":"Belfort : une auto-\u00e9cole ferme ses portes deux ans apr\u00e8s son inauguration"},"content":{"rendered":"\n\n<div class=\"kk-star-ratings kksr-auto kksr-align-left kksr-valign-top\"\n    data-payload='{&quot;align&quot;:&quot;left&quot;,&quot;id&quot;:&quot;2128&quot;,&quot;slug&quot;:&quot;default&quot;,&quot;valign&quot;:&quot;top&quot;,&quot;ignore&quot;:&quot;&quot;,&quot;reference&quot;:&quot;auto&quot;,&quot;class&quot;:&quot;&quot;,&quot;count&quot;:&quot;0&quot;,&quot;legendonly&quot;:&quot;&quot;,&quot;readonly&quot;:&quot;&quot;,&quot;score&quot;:&quot;0&quot;,&quot;starsonly&quot;:&quot;&quot;,&quot;best&quot;:&quot;5&quot;,&quot;gap&quot;:&quot;5&quot;,&quot;greet&quot;:&quot;Rate this post&quot;,&quot;legend&quot;:&quot;0\\\/5 - (0 vote)&quot;,&quot;size&quot;:&quot;24&quot;,&quot;title&quot;:&quot;Belfort : une auto-\u00e9cole ferme ses portes deux ans apr\u00e8s son inauguration&quot;,&quot;width&quot;:&quot;0&quot;,&quot;_legend&quot;:&quot;{score}\\\/{best} - ({count} {votes})&quot;,&quot;font_factor&quot;:&quot;1.25&quot;}'>\n            \n<div class=\"kksr-stars\">\n    \n<div class=\"kksr-stars-inactive\">\n            <div class=\"kksr-star\" data-star=\"1\" style=\"padding-right: 5px\">\n            \n\n<div class=\"kksr-icon\" style=\"width: 24px; height: 24px;\"><\/div>\n        <\/div>\n            <div class=\"kksr-star\" data-star=\"2\" style=\"padding-right: 5px\">\n            \n\n<div class=\"kksr-icon\" style=\"width: 24px; height: 24px;\"><\/div>\n        <\/div>\n            <div class=\"kksr-star\" data-star=\"3\" style=\"padding-right: 5px\">\n            \n\n<div class=\"kksr-icon\" style=\"width: 24px; height: 24px;\"><\/div>\n        <\/div>\n            <div class=\"kksr-star\" data-star=\"4\" style=\"padding-right: 5px\">\n            \n\n<div class=\"kksr-icon\" style=\"width: 24px; height: 24px;\"><\/div>\n        <\/div>\n            <div class=\"kksr-star\" data-star=\"5\" style=\"padding-right: 5px\">\n            \n\n<div class=\"kksr-icon\" style=\"width: 24px; height: 24px;\"><\/div>\n        <\/div>\n    <\/div>\n    \n<div class=\"kksr-stars-active\" style=\"width: 0px;\">\n            <div class=\"kksr-star\" style=\"padding-right: 5px\">\n            \n\n<div class=\"kksr-icon\" style=\"width: 24px; height: 24px;\"><\/div>\n        <\/div>\n            <div class=\"kksr-star\" style=\"padding-right: 5px\">\n            \n\n<div class=\"kksr-icon\" style=\"width: 24px; height: 24px;\"><\/div>\n        <\/div>\n            <div class=\"kksr-star\" style=\"padding-right: 5px\">\n            \n\n<div class=\"kksr-icon\" style=\"width: 24px; height: 24px;\"><\/div>\n        <\/div>\n            <div class=\"kksr-star\" style=\"padding-right: 5px\">\n            \n\n<div class=\"kksr-icon\" style=\"width: 24px; height: 24px;\"><\/div>\n        <\/div>\n            <div class=\"kksr-star\" style=\"padding-right: 5px\">\n            \n\n<div class=\"kksr-icon\" style=\"width: 24px; height: 24px;\"><\/div>\n        <\/div>\n    <\/div>\n<\/div>\n                \n\n<div class=\"kksr-legend\" style=\"font-size: 19.2px;\">\n            <span class=\"kksr-muted\">Rate this post<\/span>\n    <\/div>\n    <\/div>\n<p>Une nouvelle inattendue vient secouer le quartier des Glacis \u00e0 Belfort. L\u2019auto-\u00e9cole Kennedy, tout juste inaugur\u00e9e, met la cl\u00e9 sous la porte apr\u00e8s deux ann\u00e9es d&rsquo;activit\u00e9. Ce tournant brusque soul\u00e8ve de nombreuses questions pour les \u00e9l\u00e8ves en voie d\u2019obtenir le permis de conduire et pour l\u2019ensemble des acteurs du secteur de l\u2019\u00e9ducation routi\u00e8re. Alors qu\u2019il devient de plus en plus n\u00e9cessaire de garantir un apprentissage de qualit\u00e9 et une s\u00e9curit\u00e9 optimale sur les routes, la fermeture de cette \u00e9tablissement illustre les d\u00e9fis auxquels font face de nombreuses auto-\u00e9coles en France. Les \u00e9l\u00e8ves, laiss\u00e9s dans l&rsquo;incertitude, doivent d\u00e9sormais naviguer dans un oc\u00e9an d&rsquo;interrogations pour poursuivre leur parcours vers l\u2019obtention de leur pr\u00e9cieux s\u00e9same. Que s&rsquo;est-il exactement pass\u00e9 chez Kennedy ? Pourquoi une auto-\u00e9cole prometteuse est-elle tomb\u00e9e si rapidement dans l&rsquo;oubli ?<\/p>\n\n<h2 class=\"wp-block-heading\">Un \u00e9chec entrepreneurial : l&rsquo;auto-\u00e9cole Kennedy tire sa r\u00e9v\u00e9rence<\/h2>\n\n<p>Situ\u00e9e entre une pharmacie et une boulangerie, l&rsquo;auto-\u00e9cole Kennedy a ouvert ses portes en 2023, esp\u00e9rant offrir des formations de conduite attractives aux Belfortains. Malheureusement, deux ann\u00e9es plus tard, il a \u00e9t\u00e9 annonc\u00e9 qu&rsquo;elle ne rouvrirait pas ses portes en raison de la liquidation judiciaire de son si\u00e8ge \u00e0 Mulhouse. Une situation pr\u00e9cipit\u00e9e qui soul\u00e8ve de nombreuses interrogations.<\/p>\n\n<p>Le fonctionnement d&rsquo;une auto-\u00e9cole peut sembler simple, mais au c\u0153ur de ce monde se cachent des probl\u00e9matiques complexes. Les difficult\u00e9s financi\u00e8res, les crit\u00e8res d&rsquo;\u00e9valuation rigoureux et la concurrence accrue sont autant d&rsquo;\u00e9l\u00e9ments qui peuvent peser lourd dans la balance. L\u2019auto-\u00e9cole Kennedy, qui a tent\u00e9 de s&rsquo;imposer dans l&rsquo;\u00e9ducation routi\u00e8re \u00e0 Belfort, n\u2019a pas surv\u00e9cu \u00e0 cette pression.<\/p>\n\n<p>Pour mieux comprendre, voici une liste des raisons possibles qui expliquent la fermeture de l&rsquo;\u00e9cole de conduite Kennedy :<\/p>\n\n<ul class=\"wp-block-list\"><li>Failles dans la gestion administrative \ud83d\udcc9<\/li><li>Manque d&rsquo;\u00e9l\u00e8ves durant les p\u00e9riodes creuses \ud83d\udcda<\/li><li>Difficult\u00e9s financi\u00e8res dues \u00e0 une concurrence accrue \ud83d\udcb0<\/li><li>Restrictions impos\u00e9es par la pr\u00e9fecture sur les agr\u00e9ments \ud83d\udeab<\/li><\/ul>\n\n<p>En cumulant ces facteurs, nombreuses sont les auto-\u00e9coles aujourd&rsquo;hui qui vivent un v\u00e9ritable calvaire financier. Les \u00e9l\u00e8ves doivent dor\u00e9navant se tourner vers d&rsquo;autres \u00e9tablissements pour continuer leur apprentissage.<\/p>\n\n<figure class=\"wp-block-table\"><table>\n<thead>\n<tr>\n<th>Facteurs de fermeture<\/th>\n<th>Impact potentiel<\/th>\n<\/tr>\n<\/thead>\n<tbody>\n<tr>\n<td>Gestion administrative d\u00e9ficiente<\/td>\n<td>Augmentation des co\u00fbts et baisse de la satisfaction client<\/td>\n<\/tr>\n<tr>\n<td>Difficult\u00e9s financi\u00e8res<\/td>\n<td>R\u00e9duction des offres de formation<\/td>\n<\/tr>\n<tr>\n<td>Concurrence accrue<\/td>\n<td>Perte de client\u00e8le<\/td>\n<\/tr>\n<tr>\n<td>Restrictions r\u00e9glementaires<\/td>\n<td>Perte de la capacit\u00e9 \u00e0 dispenser des cours<\/td>\n<\/tr>\n<\/tbody>\n<\/table><\/figure>\n\n<h2 class=\"wp-block-heading\">Ce que les \u00e9l\u00e8ves doivent savoir : les d\u00e9marches en cas de fermeture<\/h2>\n\n<p>Pour les \u00e9l\u00e8ves ayant d\u00e9j\u00e0 suivi des cours \u00e0 l&rsquo;auto-\u00e9cole Kennedy, se pose la question de la r\u00e9cup\u00e9ration de leur dossier de conduite. Dans cette situation d\u00e9licate, plusieurs d\u00e9marches doivent \u00eatre suivies pour assurer la continuit\u00e9 de leur formation.<\/p>\n\n<p>Bien que le processus diff\u00e8re l\u00e9g\u00e8rement d&rsquo;une r\u00e9gion \u00e0 l&rsquo;autre, voici en r\u00e9sum\u00e9 les \u00e9tapes-cl\u00e9s \u00e0 suivre :<\/p>\n\n<ol class=\"wp-block-list\"><li>Contacte la pr\u00e9fecture pour expliquer la situation \ud83d\udcde<\/li><li>R\u00e9cup\u00e8re ton num\u00e9ro NEPH (num\u00e9ro d&rsquo;enregistrement au permis de conduire) aupr\u00e8s des autorit\u00e9s \ud83d\ude80<\/li><li>Recherchez une nouvelle auto-\u00e9cole dans le secteur de Belfort \ud83c\udfeb<\/li><li>Engagez-vous dans une nouvelle formation, en veillant \u00e0 ce qu&rsquo;elle soit reconnue par les m\u00eames organismes de r\u00e9glementation \ud83d\udcdd<\/li><\/ol>\n\n<p>Ces d\u00e9marches peuvent sembler d\u00e9courageantes, mais elles sont souvent n\u00e9cessaires. Il est tout de m\u00eame essentiel d&rsquo;\u00eatre proactif pour \u00e9viter d&rsquo;\u00eatre bloqu\u00e9 dans son objectif d&rsquo;obtenir le permis de conduire Belfort. Plus encore, le soutien de l\u2019entourage et des plateformes locales d\u00e9di\u00e9es \u00e0 l\u2019\u00e9ducation routi\u00e8re peut souvent faire la diff\u00e9rence.<\/p>\n\n<h2 class=\"wp-block-heading\">Les impacts de la fermeture sur l&rsquo;\u00e9cosyst\u00e8me des auto-\u00e9coles \u00e0 Belfort<\/h2>\n\n<p>La fermeture de l&rsquo;auto-\u00e9cole Kennedy a des r\u00e9percussions qui d\u00e9passent le cadre individuel de ses \u00e9l\u00e8ves. Elle s&rsquo;inscrit dans un ph\u00e9nom\u00e8ne myst\u00e9rieux mais bien tangible qui touche l&rsquo;ensemble du secteur des \u00e9coles de conduite \u00e0 Belfort. Les raisons financi\u00e8res, r\u00e9glementaires, et de perte de confiance influencent les perceptions envers ces \u00e9tablissements. Avec la fermeture d\u2019une auto-\u00e9cole, des milliers de candidats au permis se retrouvent dans des situations pr\u00e9caires. Cela renforce \u00e9galement la m\u00e9fiance envers les \u00e9tablissements du secteur.<\/p>\n\n<p>Pour illustrer l&rsquo;impact de ce sc\u00e9nario, consid\u00e9rons la liste suivante des effets potentiels :<\/p>\n\n<ul class=\"wp-block-list\"><li>Augmentation des co\u00fbts des cours de conduite dans les autres \u00e9coles en raison de la demande accrue \ud83d\udcb5<\/li><li>Les \u00e9l\u00e8ves doivent faire face \u00e0 des d\u00e9lais plus longs pour passer leurs examens de conduite \ud83d\udd52<\/li><li>Impact sur l&rsquo;image des auto-\u00e9coles locales, qui peuvent \u00eatre per\u00e7ues comme moins fiables \ud83d\udd0d<\/li><li>Possibilit\u00e9 d&rsquo;une hausse des offres alternatives, comme l&rsquo;auto-formation \u00e0 Belfort \ud83d\ude97<\/li><\/ul>\n\n<p>Les auto-\u00e9coles doivent donc redoubler d&rsquo;efforts pour am\u00e9liorer la qualit\u00e9 de leur formation et regagner la confiance des futurs conducteurs. La s\u00e9curit\u00e9 routi\u00e8re \u00e0 Belfort d\u00e9pend de cette dynamique et de la volont\u00e9 des acteurs de ce secteur de s&rsquo;unir pour \u00e9voluer dans ce climat anxiog\u00e8ne.<\/p>\n\n<figure class=\"wp-block-table\"><table>\n<thead>\n<tr>\n<th>Impact sur les \u00e9l\u00e8ves<\/th>\n<th>Cons\u00e9quences<\/th>\n<\/tr>\n<\/thead>\n<tbody>\n<tr>\n<td>Augmentation des co\u00fbts de cours<\/td>\n<td>Diminution de l&rsquo;acc\u00e8s \u00e0 la formation<\/td>\n<\/tr>\n<tr>\n<td>D\u00e9lai prolong\u00e9 pour le passage du permis<\/td>\n<td>Retards dans l&rsquo;obtention du permis de conduire<\/td>\n<\/tr>\n<tr>\n<td>Impact n\u00e9gatif sur l&rsquo;image des auto-\u00e9coles<\/td>\n<td>Peur chez les \u00e9l\u00e8ves potentiels<\/td>\n<\/tr>\n<tr>\n<td>Mont\u00e9e des formations alternatives<\/td>\n<td>Concurrence accrue entre les \u00e9tablissements<\/td>\n<\/tr>\n<\/tbody>\n<\/table><\/figure>\n\n<h2 class=\"wp-block-heading\">Les bonnes pratiques pour choisir son auto-\u00e9cole \u00e0 Belfort<\/h2>\n\n<p>Face \u00e0 une telle instabilit\u00e9, il devient crucial de savoir comment choisir la bonne \u00e9cole de conduite. Fort heureusement, certaines pratiques peuvent aider les futurs conducteurs \u00e0 prendre la meilleure d\u00e9cision et \u00e0 s&rsquo;assurer de ne pas tomber dans les pi\u00e8ges souvent rencontr\u00e9s dans ce secteur. Voici quelques recommandations pour faire le bon choix lors de la s\u00e9lection d&rsquo;une auto-\u00e9cole \u00e0 Belfort :<\/p>\n\n<ul class=\"wp-block-list\"><li>V\u00e9rifie les avis en ligne et les t\u00e9moignages d&rsquo;anciens \u00e9l\u00e8ves \ud83c\udf1f<\/li><li>Examine les taux de r\u00e9ussite et la qualit\u00e9 des instructeurs \ud83d\udc68\u200d\ud83c\udfeb<\/li><li>Demande un premier rendez-vous pour poser toutes tes questions \u2753<\/li><li>Prends en compte la localisation et les tarifs propos\u00e9s \ud83d\udcb2<\/li><\/ul>\n\n<p>En suivant ces recommandations, chaque \u00e9l\u00e8ve peut s\u2019assurer de faire un choix judicieux, mais aussi de b\u00e2tir un parcours d&rsquo;apprentissage solide. Par ailleurs, le secteur de l&rsquo;\u00e9ducation routi\u00e8re \u00e0 Belfort devra \u00e9voluer et s&rsquo;adapter pour r\u00e9pondre aux besoins d&rsquo;une population de plus en plus exigeante.<\/p>\n\n<h2 class=\"wp-block-heading\">FAQ : Questions fr\u00e9quentes sur la fermeture d&rsquo;auto-\u00e9coles<\/h2>\n\n<p>Voici quelques questions courantes que les \u00e9l\u00e8ves peuvent se poser apr\u00e8s la fermeture d&rsquo;une auto-\u00e9cole :<\/p>\n\n<ul class=\"wp-block-list\"><li><strong>Que faire si mon auto-\u00e9cole a ferm\u00e9 ses portes ?<\/strong><br>Contacte la pr\u00e9fecture pour r\u00e9cup\u00e9rer ton dossier et chercher une nouvelle auto-\u00e9cole.<\/li><li><strong>Puis-je r\u00e9cup\u00e9rer mon argent ?<\/strong><br>Dans certains cas, un remboursement partiel peut \u00eatre possible, mais cela d\u00e9pend de la situation financi\u00e8re de l\u2019\u00e9cole.<\/li><li><strong>Y a-t-il d&rsquo;autres auto-\u00e9coles \u00e0 Belfort ?<\/strong><br>Oui, il existe d&rsquo;autres \u00e9tablissements qui peuvent proposer des formations similaires.<\/li><li><strong>Comment savoir si une auto-\u00e9cole est fiable ?<\/strong><br>Consulte les avis en ligne et demande des recommandations \u00e0 des amis ou coll\u00e8gues.<\/li><li><strong>Quelles sont les alternatives \u00e0 l&rsquo;auto-\u00e9cole ?<\/strong><br>Des options comme l&rsquo;auto-formation \u00e0 Belfort ou des stages de conduite accompagn\u00e9e peuvent \u00eatre envisag\u00e9es.<\/li><\/ul>\n\n","protected":false},"excerpt":{"rendered":"<p>Une nouvelle inattendue vient secouer le quartier des Glacis \u00e0 Belfort. L\u2019auto-\u00e9cole Kennedy, tout juste inaugur\u00e9e, met la cl\u00e9 sous la porte apr\u00e8s deux ann\u00e9es d&rsquo;activit\u00e9. Ce tournant brusque soul\u00e8ve de nombreuses questions pour les \u00e9l\u00e8ves en voie d\u2019obtenir le permis de conduire et pour l\u2019ensemble des acteurs du secteur de l\u2019\u00e9ducation routi\u00e8re. Alors qu\u2019il &#8230; <a title=\"Belfort : une auto-\u00e9cole ferme ses portes deux ans apr\u00e8s son inauguration\" class=\"read-more\" href=\"https:\/\/www.apres-lecole.fr\/Blog\/belfort-auto-ecole-fermeture\/\" aria-label=\"En savoir plus sur Belfort : une auto-\u00e9cole ferme ses portes deux ans apr\u00e8s son inauguration\">Lire plus<\/a><\/p>\n","protected":false},"author":7,"featured_media":2127,"comment_status":"open","ping_status":"open","sticky":false,"template":"","format":"standard","meta":{"footnotes":""},"categories":[342],"tags":[699,1263,412,757,602],"class_list":["post-2128","post","type-post","status-publish","format-standard","has-post-thumbnail","hentry","category-actualites","tag-auto-ecole","tag-belfort","tag-education","tag-fermeture","tag-inauguration"],"yoast_head":"<!-- This site is optimized with the Yoast SEO plugin v27.5 - https:\/\/yoast.com\/product\/yoast-seo-wordpress\/ -->\n<title>Belfort : une auto-\u00e9cole fait ses adieux apr\u00e8s deux ans d&#039;existence<\/title>\n<meta name=\"description\" content=\"\u00c0 Belfort, une auto-\u00e9cole ferme ses portes seulement deux ans apr\u00e8s son ouverture. D\u00e9couvrez les raisons de cette fermeture inattendue.\" \/>\n<meta name=\"robots\" content=\"index, follow, max-snippet:-1, max-image-preview:large, max-video-preview:-1\" \/>\n<link rel=\"canonical\" href=\"https:\/\/www.apres-lecole.fr\/Blog\/belfort-auto-ecole-fermeture\/\" \/>\n<meta property=\"og:locale\" content=\"fr_FR\" \/>\n<meta property=\"og:type\" content=\"article\" \/>\n<meta property=\"og:title\" content=\"Belfort : une auto-\u00e9cole fait ses adieux apr\u00e8s deux ans d&#039;existence\" \/>\n<meta property=\"og:description\" content=\"\u00c0 Belfort, une auto-\u00e9cole ferme ses portes seulement deux ans apr\u00e8s son ouverture. D\u00e9couvrez les raisons de cette fermeture inattendue.\" \/>\n<meta property=\"og:url\" content=\"https:\/\/www.apres-lecole.fr\/Blog\/belfort-auto-ecole-fermeture\/\" \/>\n<meta property=\"article:published_time\" content=\"2025-08-06T07:17:46+00:00\" \/>\n<meta property=\"og:image\" content=\"https:\/\/www.apres-lecole.fr\/Blog\/wp-content\/uploads\/2025\/08\/Belfort-une-auto-ecole-ferme-ses-portes-deux-ans-apres-son-inauguration.jpg\" \/>\n\t<meta property=\"og:image:width\" content=\"1344\" \/>\n\t<meta property=\"og:image:height\" content=\"768\" \/>\n\t<meta property=\"og:image:type\" content=\"image\/jpeg\" \/>\n<meta name=\"twitter:card\" content=\"summary_large_image\" \/>\n<meta name=\"twitter:label1\" content=\"\u00c9crit par\" \/>\n\t<meta name=\"twitter:data1\" content=\"\" \/>\n\t<meta name=\"twitter:label2\" content=\"Dur\u00e9e de lecture estim\u00e9e\" \/>\n\t<meta name=\"twitter:data2\" content=\"6 minutes\" \/>\n<script type=\"application\/ld+json\" class=\"yoast-schema-graph\">{\"@context\":\"https:\\\/\\\/schema.org\",\"@graph\":[{\"@type\":\"Article\",\"@id\":\"https:\\\/\\\/www.apres-lecole.fr\\\/Blog\\\/belfort-auto-ecole-fermeture\\\/#article\",\"isPartOf\":{\"@id\":\"https:\\\/\\\/www.apres-lecole.fr\\\/Blog\\\/belfort-auto-ecole-fermeture\\\/\"},\"author\":{\"name\":\"\",\"@id\":\"\"},\"headline\":\"Belfort : une auto-\u00e9cole ferme ses portes deux ans apr\u00e8s son inauguration\",\"datePublished\":\"2025-08-06T07:17:46+00:00\",\"mainEntityOfPage\":{\"@id\":\"https:\\\/\\\/www.apres-lecole.fr\\\/Blog\\\/belfort-auto-ecole-fermeture\\\/\"},\"wordCount\":1270,\"commentCount\":0,\"image\":{\"@id\":\"https:\\\/\\\/www.apres-lecole.fr\\\/Blog\\\/belfort-auto-ecole-fermeture\\\/#primaryimage\"},\"thumbnailUrl\":\"https:\\\/\\\/www.apres-lecole.fr\\\/Blog\\\/wp-content\\\/uploads\\\/2025\\\/08\\\/Belfort-une-auto-ecole-ferme-ses-portes-deux-ans-apres-son-inauguration.jpg\",\"keywords\":[\"auto-\u00e9cole\",\"belfort\",\"\u00e9ducation\",\"fermeture\",\"inauguration\"],\"articleSection\":[\"Actualit\u00e9s\"],\"inLanguage\":\"fr-FR\",\"potentialAction\":[{\"@type\":\"CommentAction\",\"name\":\"Comment\",\"target\":[\"https:\\\/\\\/www.apres-lecole.fr\\\/Blog\\\/belfort-auto-ecole-fermeture\\\/#respond\"]}]},{\"@type\":\"WebPage\",\"@id\":\"https:\\\/\\\/www.apres-lecole.fr\\\/Blog\\\/belfort-auto-ecole-fermeture\\\/\",\"url\":\"https:\\\/\\\/www.apres-lecole.fr\\\/Blog\\\/belfort-auto-ecole-fermeture\\\/\",\"name\":\"Belfort : une auto-\u00e9cole fait ses adieux apr\u00e8s deux ans d'existence\",\"isPartOf\":{\"@id\":\"https:\\\/\\\/www.apres-lecole.fr\\\/Blog\\\/#website\"},\"primaryImageOfPage\":{\"@id\":\"https:\\\/\\\/www.apres-lecole.fr\\\/Blog\\\/belfort-auto-ecole-fermeture\\\/#primaryimage\"},\"image\":{\"@id\":\"https:\\\/\\\/www.apres-lecole.fr\\\/Blog\\\/belfort-auto-ecole-fermeture\\\/#primaryimage\"},\"thumbnailUrl\":\"https:\\\/\\\/www.apres-lecole.fr\\\/Blog\\\/wp-content\\\/uploads\\\/2025\\\/08\\\/Belfort-une-auto-ecole-ferme-ses-portes-deux-ans-apres-son-inauguration.jpg\",\"datePublished\":\"2025-08-06T07:17:46+00:00\",\"author\":{\"@id\":\"\"},\"description\":\"\u00c0 Belfort, une auto-\u00e9cole ferme ses portes seulement deux ans apr\u00e8s son ouverture. D\u00e9couvrez les raisons de cette fermeture inattendue.\",\"breadcrumb\":{\"@id\":\"https:\\\/\\\/www.apres-lecole.fr\\\/Blog\\\/belfort-auto-ecole-fermeture\\\/#breadcrumb\"},\"inLanguage\":\"fr-FR\",\"potentialAction\":[{\"@type\":\"ReadAction\",\"target\":[\"https:\\\/\\\/www.apres-lecole.fr\\\/Blog\\\/belfort-auto-ecole-fermeture\\\/\"]}]},{\"@type\":\"ImageObject\",\"inLanguage\":\"fr-FR\",\"@id\":\"https:\\\/\\\/www.apres-lecole.fr\\\/Blog\\\/belfort-auto-ecole-fermeture\\\/#primaryimage\",\"url\":\"https:\\\/\\\/www.apres-lecole.fr\\\/Blog\\\/wp-content\\\/uploads\\\/2025\\\/08\\\/Belfort-une-auto-ecole-ferme-ses-portes-deux-ans-apres-son-inauguration.jpg\",\"contentUrl\":\"https:\\\/\\\/www.apres-lecole.fr\\\/Blog\\\/wp-content\\\/uploads\\\/2025\\\/08\\\/Belfort-une-auto-ecole-ferme-ses-portes-deux-ans-apres-son-inauguration.jpg\",\"width\":1344,\"height\":768,\"caption\":\"d\u00e9couvrez l'histoire d'une auto-\u00e9cole \u00e0 belfort qui a malheureusement d\u00fb fermer ses portes, seulement deux ans apr\u00e8s son ouverture. quelles sont les raisons qui ont conduit \u00e0 cette d\u00e9cision et quelles cons\u00e9quences cela entra\u00eene pour les futurs conducteurs de la r\u00e9gion ?\"},{\"@type\":\"BreadcrumbList\",\"@id\":\"https:\\\/\\\/www.apres-lecole.fr\\\/Blog\\\/belfort-auto-ecole-fermeture\\\/#breadcrumb\",\"itemListElement\":[{\"@type\":\"ListItem\",\"position\":1,\"name\":\"Home\",\"item\":\"https:\\\/\\\/www.apres-lecole.fr\\\/Blog\\\/\"},{\"@type\":\"ListItem\",\"position\":2,\"name\":\"Belfort : une auto-\u00e9cole ferme ses portes deux ans apr\u00e8s son inauguration\"}]},{\"@type\":\"WebSite\",\"@id\":\"https:\\\/\\\/www.apres-lecole.fr\\\/Blog\\\/#website\",\"url\":\"https:\\\/\\\/www.apres-lecole.fr\\\/Blog\\\/\",\"name\":\"\",\"description\":\"M\u00e9dia g\u00e9n\u00e9raliste\",\"potentialAction\":[{\"@type\":\"SearchAction\",\"target\":{\"@type\":\"EntryPoint\",\"urlTemplate\":\"https:\\\/\\\/www.apres-lecole.fr\\\/Blog\\\/?s={search_term_string}\"},\"query-input\":{\"@type\":\"PropertyValueSpecification\",\"valueRequired\":true,\"valueName\":\"search_term_string\"}}],\"inLanguage\":\"fr-FR\"},{\"@type\":\"Person\",\"@id\":\"\",\"url\":\"https:\\\/\\\/www.apres-lecole.fr\\\/Blog\\\/author\\\/\"}]}<\/script>\n<!-- \/ Yoast SEO plugin. -->","yoast_head_json":{"title":"Belfort : une auto-\u00e9cole fait ses adieux apr\u00e8s deux ans d'existence","description":"\u00c0 Belfort, une auto-\u00e9cole ferme ses portes seulement deux ans apr\u00e8s son ouverture. D\u00e9couvrez les raisons de cette fermeture inattendue.","robots":{"index":"index","follow":"follow","max-snippet":"max-snippet:-1","max-image-preview":"max-image-preview:large","max-video-preview":"max-video-preview:-1"},"canonical":"https:\/\/www.apres-lecole.fr\/Blog\/belfort-auto-ecole-fermeture\/","og_locale":"fr_FR","og_type":"article","og_title":"Belfort : une auto-\u00e9cole fait ses adieux apr\u00e8s deux ans d'existence","og_description":"\u00c0 Belfort, une auto-\u00e9cole ferme ses portes seulement deux ans apr\u00e8s son ouverture. D\u00e9couvrez les raisons de cette fermeture inattendue.","og_url":"https:\/\/www.apres-lecole.fr\/Blog\/belfort-auto-ecole-fermeture\/","article_published_time":"2025-08-06T07:17:46+00:00","og_image":[{"width":1344,"height":768,"url":"https:\/\/www.apres-lecole.fr\/Blog\/wp-content\/uploads\/2025\/08\/Belfort-une-auto-ecole-ferme-ses-portes-deux-ans-apres-son-inauguration.jpg","type":"image\/jpeg"}],"twitter_card":"summary_large_image","twitter_misc":{"\u00c9crit par":"","Dur\u00e9e de lecture estim\u00e9e":"6 minutes"},"schema":{"@context":"https:\/\/schema.org","@graph":[{"@type":"Article","@id":"https:\/\/www.apres-lecole.fr\/Blog\/belfort-auto-ecole-fermeture\/#article","isPartOf":{"@id":"https:\/\/www.apres-lecole.fr\/Blog\/belfort-auto-ecole-fermeture\/"},"author":{"name":"","@id":""},"headline":"Belfort : une auto-\u00e9cole ferme ses portes deux ans apr\u00e8s son inauguration","datePublished":"2025-08-06T07:17:46+00:00","mainEntityOfPage":{"@id":"https:\/\/www.apres-lecole.fr\/Blog\/belfort-auto-ecole-fermeture\/"},"wordCount":1270,"commentCount":0,"image":{"@id":"https:\/\/www.apres-lecole.fr\/Blog\/belfort-auto-ecole-fermeture\/#primaryimage"},"thumbnailUrl":"https:\/\/www.apres-lecole.fr\/Blog\/wp-content\/uploads\/2025\/08\/Belfort-une-auto-ecole-ferme-ses-portes-deux-ans-apres-son-inauguration.jpg","keywords":["auto-\u00e9cole","belfort","\u00e9ducation","fermeture","inauguration"],"articleSection":["Actualit\u00e9s"],"inLanguage":"fr-FR","potentialAction":[{"@type":"CommentAction","name":"Comment","target":["https:\/\/www.apres-lecole.fr\/Blog\/belfort-auto-ecole-fermeture\/#respond"]}]},{"@type":"WebPage","@id":"https:\/\/www.apres-lecole.fr\/Blog\/belfort-auto-ecole-fermeture\/","url":"https:\/\/www.apres-lecole.fr\/Blog\/belfort-auto-ecole-fermeture\/","name":"Belfort : une auto-\u00e9cole fait ses adieux apr\u00e8s deux ans d'existence","isPartOf":{"@id":"https:\/\/www.apres-lecole.fr\/Blog\/#website"},"primaryImageOfPage":{"@id":"https:\/\/www.apres-lecole.fr\/Blog\/belfort-auto-ecole-fermeture\/#primaryimage"},"image":{"@id":"https:\/\/www.apres-lecole.fr\/Blog\/belfort-auto-ecole-fermeture\/#primaryimage"},"thumbnailUrl":"https:\/\/www.apres-lecole.fr\/Blog\/wp-content\/uploads\/2025\/08\/Belfort-une-auto-ecole-ferme-ses-portes-deux-ans-apres-son-inauguration.jpg","datePublished":"2025-08-06T07:17:46+00:00","author":{"@id":""},"description":"\u00c0 Belfort, une auto-\u00e9cole ferme ses portes seulement deux ans apr\u00e8s son ouverture. D\u00e9couvrez les raisons de cette fermeture inattendue.","breadcrumb":{"@id":"https:\/\/www.apres-lecole.fr\/Blog\/belfort-auto-ecole-fermeture\/#breadcrumb"},"inLanguage":"fr-FR","potentialAction":[{"@type":"ReadAction","target":["https:\/\/www.apres-lecole.fr\/Blog\/belfort-auto-ecole-fermeture\/"]}]},{"@type":"ImageObject","inLanguage":"fr-FR","@id":"https:\/\/www.apres-lecole.fr\/Blog\/belfort-auto-ecole-fermeture\/#primaryimage","url":"https:\/\/www.apres-lecole.fr\/Blog\/wp-content\/uploads\/2025\/08\/Belfort-une-auto-ecole-ferme-ses-portes-deux-ans-apres-son-inauguration.jpg","contentUrl":"https:\/\/www.apres-lecole.fr\/Blog\/wp-content\/uploads\/2025\/08\/Belfort-une-auto-ecole-ferme-ses-portes-deux-ans-apres-son-inauguration.jpg","width":1344,"height":768,"caption":"d\u00e9couvrez l'histoire d'une auto-\u00e9cole \u00e0 belfort qui a malheureusement d\u00fb fermer ses portes, seulement deux ans apr\u00e8s son ouverture. quelles sont les raisons qui ont conduit \u00e0 cette d\u00e9cision et quelles cons\u00e9quences cela entra\u00eene pour les futurs conducteurs de la r\u00e9gion ?"},{"@type":"BreadcrumbList","@id":"https:\/\/www.apres-lecole.fr\/Blog\/belfort-auto-ecole-fermeture\/#breadcrumb","itemListElement":[{"@type":"ListItem","position":1,"name":"Home","item":"https:\/\/www.apres-lecole.fr\/Blog\/"},{"@type":"ListItem","position":2,"name":"Belfort : une auto-\u00e9cole ferme ses portes deux ans apr\u00e8s son inauguration"}]},{"@type":"WebSite","@id":"https:\/\/www.apres-lecole.fr\/Blog\/#website","url":"https:\/\/www.apres-lecole.fr\/Blog\/","name":"","description":"M\u00e9dia g\u00e9n\u00e9raliste","potentialAction":[{"@type":"SearchAction","target":{"@type":"EntryPoint","urlTemplate":"https:\/\/www.apres-lecole.fr\/Blog\/?s={search_term_string}"},"query-input":{"@type":"PropertyValueSpecification","valueRequired":true,"valueName":"search_term_string"}}],"inLanguage":"fr-FR"},{"@type":"Person","@id":"","url":"https:\/\/www.apres-lecole.fr\/Blog\/author\/"}]}},"views":29,"_links":{"self":[{"href":"https:\/\/www.apres-lecole.fr\/Blog\/wp-json\/wp\/v2\/posts\/2128","targetHints":{"allow":["GET"]}}],"collection":[{"href":"https:\/\/www.apres-lecole.fr\/Blog\/wp-json\/wp\/v2\/posts"}],"about":[{"href":"https:\/\/www.apres-lecole.fr\/Blog\/wp-json\/wp\/v2\/types\/post"}],"author":[{"embeddable":true,"href":"https:\/\/www.apres-lecole.fr\/Blog\/wp-json\/wp\/v2\/users\/7"}],"replies":[{"embeddable":true,"href":"https:\/\/www.apres-lecole.fr\/Blog\/wp-json\/wp\/v2\/comments?post=2128"}],"version-history":[{"count":0,"href":"https:\/\/www.apres-lecole.fr\/Blog\/wp-json\/wp\/v2\/posts\/2128\/revisions"}],"wp:featuredmedia":[{"embeddable":true,"href":"https:\/\/www.apres-lecole.fr\/Blog\/wp-json\/wp\/v2\/media\/2127"}],"wp:attachment":[{"href":"https:\/\/www.apres-lecole.fr\/Blog\/wp-json\/wp\/v2\/media?parent=2128"}],"wp:term":[{"taxonomy":"category","embeddable":true,"href":"https:\/\/www.apres-lecole.fr\/Blog\/wp-json\/wp\/v2\/categories?post=2128"},{"taxonomy":"post_tag","embeddable":true,"href":"https:\/\/www.apres-lecole.fr\/Blog\/wp-json\/wp\/v2\/tags?post=2128"}],"curies":[{"name":"wp","href":"https:\/\/api.w.org\/{rel}","templated":true}]}}