{"id":2122,"date":"2025-08-05T09:22:49","date_gmt":"2025-08-05T09:22:49","guid":{"rendered":"https:\/\/www.apres-lecole.fr\/Blog\/ecole-xve-siecle\/"},"modified":"2025-08-05T09:22:49","modified_gmt":"2025-08-05T09:22:49","slug":"ecole-xve-siecle","status":"publish","type":"post","link":"https:\/\/www.apres-lecole.fr\/Blog\/ecole-xve-siecle\/","title":{"rendered":"une \u00e9cole existait dans cette commune depuis le XVe si\u00e8cle"},"content":{"rendered":"\n\n<div class=\"kk-star-ratings kksr-auto kksr-align-left kksr-valign-top\"\n    data-payload='{&quot;align&quot;:&quot;left&quot;,&quot;id&quot;:&quot;2122&quot;,&quot;slug&quot;:&quot;default&quot;,&quot;valign&quot;:&quot;top&quot;,&quot;ignore&quot;:&quot;&quot;,&quot;reference&quot;:&quot;auto&quot;,&quot;class&quot;:&quot;&quot;,&quot;count&quot;:&quot;0&quot;,&quot;legendonly&quot;:&quot;&quot;,&quot;readonly&quot;:&quot;&quot;,&quot;score&quot;:&quot;0&quot;,&quot;starsonly&quot;:&quot;&quot;,&quot;best&quot;:&quot;5&quot;,&quot;gap&quot;:&quot;5&quot;,&quot;greet&quot;:&quot;Rate this post&quot;,&quot;legend&quot;:&quot;0\\\/5 - (0 vote)&quot;,&quot;size&quot;:&quot;24&quot;,&quot;title&quot;:&quot;une \u00e9cole existait dans cette commune depuis le XVe si\u00e8cle&quot;,&quot;width&quot;:&quot;0&quot;,&quot;_legend&quot;:&quot;{score}\\\/{best} - ({count} {votes})&quot;,&quot;font_factor&quot;:&quot;1.25&quot;}'>\n            \n<div class=\"kksr-stars\">\n    \n<div class=\"kksr-stars-inactive\">\n            <div class=\"kksr-star\" data-star=\"1\" style=\"padding-right: 5px\">\n            \n\n<div class=\"kksr-icon\" style=\"width: 24px; height: 24px;\"><\/div>\n        <\/div>\n            <div class=\"kksr-star\" data-star=\"2\" style=\"padding-right: 5px\">\n            \n\n<div class=\"kksr-icon\" style=\"width: 24px; height: 24px;\"><\/div>\n        <\/div>\n            <div class=\"kksr-star\" data-star=\"3\" style=\"padding-right: 5px\">\n            \n\n<div class=\"kksr-icon\" style=\"width: 24px; height: 24px;\"><\/div>\n        <\/div>\n            <div class=\"kksr-star\" data-star=\"4\" style=\"padding-right: 5px\">\n            \n\n<div class=\"kksr-icon\" style=\"width: 24px; height: 24px;\"><\/div>\n        <\/div>\n            <div class=\"kksr-star\" data-star=\"5\" style=\"padding-right: 5px\">\n            \n\n<div class=\"kksr-icon\" style=\"width: 24px; height: 24px;\"><\/div>\n        <\/div>\n    <\/div>\n    \n<div class=\"kksr-stars-active\" style=\"width: 0px;\">\n            <div class=\"kksr-star\" style=\"padding-right: 5px\">\n            \n\n<div class=\"kksr-icon\" style=\"width: 24px; height: 24px;\"><\/div>\n        <\/div>\n            <div class=\"kksr-star\" style=\"padding-right: 5px\">\n            \n\n<div class=\"kksr-icon\" style=\"width: 24px; height: 24px;\"><\/div>\n        <\/div>\n            <div class=\"kksr-star\" style=\"padding-right: 5px\">\n            \n\n<div class=\"kksr-icon\" style=\"width: 24px; height: 24px;\"><\/div>\n        <\/div>\n            <div class=\"kksr-star\" style=\"padding-right: 5px\">\n            \n\n<div class=\"kksr-icon\" style=\"width: 24px; height: 24px;\"><\/div>\n        <\/div>\n            <div class=\"kksr-star\" style=\"padding-right: 5px\">\n            \n\n<div class=\"kksr-icon\" style=\"width: 24px; height: 24px;\"><\/div>\n        <\/div>\n    <\/div>\n<\/div>\n                \n\n<div class=\"kksr-legend\" style=\"font-size: 19.2px;\">\n            <span class=\"kksr-muted\">Rate this post<\/span>\n    <\/div>\n    <\/div>\n<p>\u00c0 travers les \u00e2ges, l&rsquo;\u00e9ducation a toujours occup\u00e9 une place centrale dans le d\u00e9veloppement des soci\u00e9t\u00e9s. Cette commune, dont l&rsquo;histoire scolaire remonte au XVe si\u00e8cle, t\u00e9moigne de cette continuit\u00e9. Un voyage dans le temps r\u00e9v\u00e8le des anecdotes fascinantes, des personnages marquants et des \u00e9v\u00e9nements qui ont fa\u00e7onn\u00e9 l&rsquo;\u00e9ducation, apportant un \u00e9clairage sur l&rsquo;importance d&rsquo;une \u00e9cole au fil des si\u00e8cles. En 2025, la m\u00e9moire de cet \u00e9tablissement r\u00e9sonne encore pour les habitants, port\u00e9e par des valeurs d&rsquo;inclusion et de transmission.<\/p>\n\n<h2 class=\"wp-block-heading\">Les origines de l&rsquo;\u00e9cole : entre tradition et innovation<\/h2>\n\n<p>Remonter \u00e0 l&rsquo;\u00e9poque m\u00e9di\u00e9vale, c&rsquo;est plonger au c\u0153ur d&rsquo;une r\u00e9alit\u00e9 scolaire o\u00f9 l&rsquo;acc\u00e8s \u00e0 l&rsquo;\u00e9ducation \u00e9tait limit\u00e9 et souvent r\u00e9serv\u00e9 \u00e0 une \u00e9lite. Dans cette commune, l&rsquo;\u00e9cole a vu le jour en r\u00e9ponse \u00e0 un besoin croissant de savoir, \u00e0 une \u00e9poque o\u00f9 l&rsquo;instruction des jeunes \u00e9tait per\u00e7ue comme un tremplin vers un avenir meilleur.<br> \u00c0 cette \u00e9poque-l\u00e0, les \u00e9coles \u00e9taient souvent g\u00e9r\u00e9es par les \u00e9glises ou par des familles fortun\u00e9es, apportant ainsi une certaine h\u00e9t\u00e9rog\u00e9n\u00e9it\u00e9 dans la qualit\u00e9 de l&rsquo;enseignement. Les premiers enseignants, g\u00e9n\u00e9ralement des pr\u00eatres, avaient pour mission d&rsquo;inculquer les rudiments de la lecture, de l&rsquo;\u00e9criture et du calcul. Ces savoirs \u00e9taient essentiels pour naviguer dans un monde o\u00f9 la parole \u00e9crite prenait de l&rsquo;importance.<\/p>\n\n<h3 class=\"wp-block-heading\">L&rsquo;\u00e9volution \u00e0 travers les si\u00e8cles<\/h3>\n\n<p>Au fil des si\u00e8cles, l&rsquo;\u00e9cole de la commune a \u00e9volu\u00e9, s&rsquo;adaptant aux diff\u00e9rentes r\u00e9formes \u00e9ducatives. Par exemple, avec la mont\u00e9e du mouvement p\u00e9dagogique au XVIIe si\u00e8cle, l&rsquo;enseignement devint un enjeu essentiel pour les nouvelles g\u00e9n\u00e9rations. La cr\u00e9ation de structures plus modernes, inspir\u00e9es par des mod\u00e8les tels que le <strong>Coll\u00e8ge de France<\/strong>, influen\u00e7a le syst\u00e8me \u00e9ducatif local. Les \u00e9coles commenc\u00e8rent \u00e0 int\u00e9grer des mati\u00e8res plus vari\u00e9es, des langues \u00e9trang\u00e8res aux sciences, ouvrant alors la voie \u00e0 une \u00e9ducation plus riche et diversifi\u00e9e.<br> Mais ce n&rsquo;est pas tout ! Dans les ann\u00e9es suivant la R\u00e9volution fran\u00e7aise, l\u2019acc\u00e8s \u00e0 l\u2019\u00e9ducation s&rsquo;\u00e9tendit \u00e0 tous. Les lois adopt\u00e9es mirent fin \u00e0 l\u2019\u00e9ducation \u00e9litiste, permettant \u00e0 chaque enfant d\u2019acc\u00e9der \u00e0 l&rsquo;\u00e9cole, ind\u00e9pendamment de son origine sociale.<\/p>\n\n<h3 class=\"wp-block-heading\">Une modernisation pr\u00e9coce<\/h3>\n\n<p>\u00c0 la fin du XIXe si\u00e8cle, l&rsquo;\u00e9cole de cette commune s&rsquo;illustre par ses innovations p\u00e9dagogiques, inspir\u00e9es par des \u00e9tablissements comme l&rsquo;<strong>\u00c9cole Normale Sup\u00e9rieure<\/strong> qui pr\u00f4nait des m\u00e9thodes d&rsquo;enseignement plus actives. On commence alors \u00e0 int\u00e9grer davantage d&rsquo;activit\u00e9s pratiques au programme, un pr\u00e9curseur des p\u00e9dagogies modernes. Les enfants apprenaient le tout en manipulant des objets, en participant \u00e0 des sorties p\u00e9dagogiques, et m\u00eame en suivant des cours d&rsquo;art dans des \u00e9coles sp\u00e9cialis\u00e9es comme l&rsquo;<strong>\u00c9cole sup\u00e9rieure d&rsquo;art<\/strong> qui \u00e9mergeait \u00e0 l&rsquo;\u00e9poque. Cette dynamique cr\u00e9ait un environnement d\u2019apprentissage dynamique, favorisant la curiosit\u00e9 et l\u2019enthousiasme des \u00e9l\u00e8ves.<\/p>\n\n<ul class=\"wp-block-list\"><li>\ud83d\udc69\u200d\ud83c\udf93 Les changements cl\u00e9s dans l&rsquo;\u00e9ducation :<\/li><li>\ud83d\udd0d Acc\u00e8s \u00e0 l&rsquo;\u00e9ducation pour tous<\/li><li>\ud83c\udfa8 Int\u00e9gration d&rsquo;options artistiques<\/li><li>\ud83d\udcda Formation des enseignants selon des m\u00e9thodes r\u00e9formistes<\/li><li>\ud83c\udf92 Alerte sur les in\u00e9galit\u00e9s persistantes \u00e0 surmonter<\/li><\/ul>\n\n<figure class=\"wp-block-table\"><table>\n<thead>\n<tr>\n<th>\u00c9poque<\/th>\n<th>\u00c9v\u00e9nements marquants<\/th>\n<\/tr>\n<\/thead>\n<tbody>\n<tr>\n<td>XVe si\u00e8cle<\/td>\n<td>Cr\u00e9ation de l&rsquo;\u00e9cole dans la commune<\/td>\n<\/tr>\n<tr>\n<td>XIXe si\u00e8cle<\/td>\n<td>Int\u00e9gration de m\u00e9thodes p\u00e9dagogiques modernes<\/td>\n<\/tr>\n<tr>\n<td>XXe si\u00e8cle<\/td>\n<td>\u00c9largissement de l&rsquo;acc\u00e8s \u00e0 l&rsquo;\u00e9ducation<\/td>\n<\/tr>\n<\/tbody>\n<\/table><\/figure>\n\n<h2 class=\"wp-block-heading\">Les figures marquantes de cette \u00e9cole<\/h2>\n\n<p>Chaque \u00e9cole porte avec elle des figures embl\u00e9matiques, des enseignants qui ont non seulement donn\u00e9 des cours, mais aussi inspir\u00e9 des g\u00e9n\u00e9rations d&rsquo;\u00e9l\u00e8ves. Parmi ces personnages, certains se distinguent par leur engagement aupr\u00e8s des jeunes. Il est crucial de mettre en lumi\u00e8re l\u2019impact de ces \u00e9ducateurs sur la communaut\u00e9 \u2013 souvent vus comme des piliers sur lesquels reposaient les espoirs de toute une g\u00e9n\u00e9ration.<br> Pense \u00e0 cet instituteur, passionn\u00e9 par la litt\u00e9rature, qui a initi\u00e9 ses \u00e9l\u00e8ves \u00e0 des grands classiques comme ceux de Victor Hugo, tout en leur enseignant \u00e0 manier les mots avec aisance. Gr\u00e2ce \u00e0 ses m\u00e9thodes innovantes, il a su \u00e9veiller une passion pour la lecture chez des enfants qui n\u2019avaient que rarement eu acc\u00e8s \u00e0 des ouvrages en dehors du manuel scolaire.<\/p>\n\n<h3 class=\"wp-block-heading\">Les m\u00e9thodes d\u2019enseignement inspir\u00e9es<\/h3>\n\n<p>Parmi les autres figures m\u00e9morables, on trouve une enseignante qui, dans les ann\u00e9es 70, a introduit des projets de classe en plein air inspir\u00e9s par des mod\u00e8les d&rsquo;autres \u00e9tablissements comme le <strong>Lyc\u00e9e Louis-le-Grand<\/strong>. Cela a permis aux \u00e9l\u00e8ves d\u2019apprendre tout en d\u00e9veloppant un lien fort avec leur environnement. Ces initiatives montrent comment l\u2019\u00e9cole a su s\u2019adapter aux besoins des jeunes et tirer parti de son cadre naturel.<br> Au-del\u00e0 des programmes, ce sont des valeurs d\u2019empathie, de respect et d\u2019\u00e9galit\u00e9 qui ont \u00e9t\u00e9 enseign\u00e9es. Ces fondements ont fa\u00e7onn\u00e9 des citoyens engag\u00e9s, ancrant des valeurs de justice sociale et d\u2019ouverture d\u2019esprit dans cette communaut\u00e9 \u00e0 travers les ann\u00e9es.<\/p>\n\n<h3 class=\"wp-block-heading\">Les liens avec l\u2019histoire locale<\/h3>\n\n<p>La relation entre l&rsquo;\u00e9cole et l&rsquo;histoire locale ne se limite pas seulement \u00e0 l&rsquo;\u00e9ducation, elle est aussi li\u00e9e \u00e0 des \u00e9v\u00e9nements marquants. Pense par exemple aux \u00e9l\u00e8ves qui sont devenus citoyens responsables durant des \u00e9v\u00e9nements tels que des p\u00e9riodes de crise, illustrant comment cet \u00e9tablissement a cultiv\u00e9 un fort sentiment de communaut\u00e9.<br> Une grande f\u00eate traditionnelle, parrain\u00e9e par l&rsquo;\u00e9cole, se tenait chaque ann\u00e9e, cr\u00e9ant une occasion pour les familles de rassembler et c\u00e9l\u00e9brer les r\u00e9ussites des \u00e9l\u00e8ves, mais aussi d\u2019\u00e9changer sur les d\u00e9fis. Ces \u00e9v\u00e9nements cr\u00e9aient un sentiment d&rsquo;appartenance et de fiert\u00e9 local, cimentant la place de l&rsquo;\u00e9cole dans le tissu social de la commune.<\/p>\n\n<h2 class=\"wp-block-heading\">Les d\u00e9fis contemporains et les innovations p\u00e9dagogiques actuelles<\/h2>\n\n<p>En 2025, l&rsquo;\u00e9cole de cette commune ne se contente pas d&rsquo;\u00eatre un t\u00e9moin du pass\u00e9, elle est aussi un acteur de l&rsquo;avenir. Les d\u00e9fis contemporains appellent \u00e0 des innovations. L&rsquo;\u00e9mergence des technologies num\u00e9riques a transform\u00e9 l&rsquo;\u00e9ducation, int\u00e9grant de nouveaux outils p\u00e9dagogiques. Les \u00e9coles s&rsquo;orientent vers des m\u00e9thodes d\u2019enseignement hybrid\u00e9es o\u00f9 les cours en ligne c\u00f4toient des activit\u00e9s en pr\u00e9sentiel, permettant de d\u00e9passer les barri\u00e8res physiques et d\u2019offrir un acc\u00e8s \u00e0 des ressources mondialement reconnues telles que l&rsquo;<strong>Institut Catholique de Paris<\/strong> ou l&rsquo;<strong>\u00c9cole Polytechnique<\/strong> par le biais de programmes en ligne.<br> Ces nouvelles m\u00e9thodes ne visent pas seulement l&rsquo;acquisition de connaissances, mais d\u00e9veloppent \u00e9galement des comp\u00e9tences essentielles, telles que la r\u00e9solution de probl\u00e8mes, le travail en \u00e9quipe, et la cr\u00e9ativit\u00e9.<\/p>\n\n<h3 class=\"wp-block-heading\">Une dynamique d\u2019inclusion<\/h3>\n\n<p>Ce passage \u00e0 un mod\u00e8le \u00e9ducatif moderne est \u00e9galement marqu\u00e9 par un souci d\u2019inclusion. Des structures comme l&rsquo;<strong>Institut de Formation en Soins Infirmiers<\/strong> ont \u00e9t\u00e9 int\u00e9gr\u00e9es \u00e0 la formation des \u00e9l\u00e8ves, ouvrant la voie \u00e0 un enseignement qui respecte la diversit\u00e9 des parcours. Ces initiatives illustrent bien comment l&rsquo;\u00e9cole s&rsquo;adapte pour devenir plus accessible, cherchant \u00e0 diminuer les in\u00e9galit\u00e9s qui existent encore aujourd&rsquo;hui.<br> Par ailleurs, des projets innovants ont vu le jour, tels que des cours d&rsquo;oasis \u00e0 Saint-Maixent, qui permettent aux \u00e9l\u00e8ves de reconnecter avec la nature, tout en d\u00e9veloppant des comp\u00e9tences durables qui r\u00e9pondent aux enjeux \u00e9cologiques contemporains.<\/p>\n\n<h3 class=\"wp-block-heading\">Ressources p\u00e9dagogiques et partenariats<\/h3>\n\n<p>Les partenariats avec des institutions \u00e9ducatives r\u00e9put\u00e9es comme le <strong>Lyc\u00e9e Blaise Pascal<\/strong> et le <strong>Lyc\u00e9e Saint-Louis<\/strong> apportent des bonus \u00e0 l&rsquo;\u00e9cole de la commune, en proposant des projets communs, des \u00e9changes de bonnes pratiques, et m\u00eame des programmes d\u2019immersion. Des conf\u00e9rences anim\u00e9es par des experts en \u00e9ducation viennent enrichir les curriculums, permettant aux \u00e9l\u00e8ves de b\u00e9n\u00e9ficier de savoirs transversaux.<br> Ces initiatives prouvent que l&rsquo;\u00e9ducation en 2025 ne se contente pas d&rsquo;\u00eatre un simple transfert de connaissances, mais plut\u00f4t un processus riche et interactif, permettant une v\u00e9ritable d\u00e9couverte du monde.<\/p>\n\n<ul class=\"wp-block-list\"><li>\ud83c\udf0d Innovations contemporaines :<\/li><li>\ud83d\udcbb Utilisation des technologies num\u00e9riques<\/li><li>\ud83d\udc69\u200d\u2695\ufe0f Int\u00e9gration de formations professionnelles<\/li><li>\ud83d\udc6b Strat\u00e9gies d&rsquo;inclusion cibl\u00e9es<\/li><li>\ud83c\udf89 Projets d&rsquo;enrichissement p\u00e9dagogique<\/li><\/ul>\n\n<figure class=\"wp-block-table\"><table>\n<thead>\n<tr>\n<th>Type de partenariat<\/th>\n<th>\u00c9tablissement<\/th>\n<th>Type d&rsquo;activit\u00e9<\/th>\n<\/tr>\n<\/thead>\n<tbody>\n<tr>\n<td>Collaboration<\/td>\n<td>Institut Catholique de Paris<\/td>\n<td>Programmes d&rsquo;immersion<\/td>\n<\/tr>\n<tr>\n<td>\u00c9change<\/td>\n<td>Lyc\u00e9e Blaise Pascal<\/td>\n<td>Ateliers th\u00e9matiques<\/td>\n<\/tr>\n<tr>\n<td>Intervention<\/td>\n<td>Lyc\u00e9e Saint-Louis<\/td>\n<td>Conf\u00e9rences \u00e9ducatives<\/td>\n<\/tr>\n<\/tbody>\n<\/table><\/figure>\n\n<h2 class=\"wp-block-heading\">FAQ sur l&rsquo;histoire et l&rsquo;\u00e9volution de l&rsquo;\u00e9cole<\/h2>\n\n<ul class=\"wp-block-list\"><li><strong>Quel est le r\u00f4le historique de l&rsquo;\u00e9cole dans la commune ?<\/strong><br> L&rsquo;\u00e9cole a \u00e9t\u00e9 un acteur cl\u00e9 dans l&rsquo;acc\u00e8s \u00e0 l&rsquo;\u00e9ducation, favorisant l&rsquo;\u00e9mancipation des jeunes depuis le XVe si\u00e8cle.<\/li><li><strong>Comment l&rsquo;\u00e9cole a-t-elle \u00e9volu\u00e9 au fil des si\u00e8cles ?<\/strong><br> Elle a commenc\u00e9 par un enseignement r\u00e9serv\u00e9 \u00e0 une \u00e9lite pour devenir une institution inclusive, valorisant des m\u00e9thodes p\u00e9dagogiques modernes.<\/li><li><strong>Quelles figures ont marqu\u00e9 l&rsquo;histoire de cette \u00e9cole ?<\/strong><br> Des enseignants passionn\u00e9s, tels que des figures litt\u00e9raires et des innovateurs en p\u00e9dagogie, ont laiss\u00e9 une empreinte ind\u00e9l\u00e9bile.<\/li><li><strong>Comment l&rsquo;\u00e9cole s&rsquo;adapte-t-elle aux d\u00e9fis contemporains ?<\/strong><br> En int\u00e9grant des outils num\u00e9riques et en d\u00e9veloppant des m\u00e9thodes d&rsquo;apprentissage hybrides tout en plaidant pour l&rsquo;inclusion.<\/li><li><strong>Quels partenariats sont en place avec d&rsquo;autres institutions ?<\/strong><br> L&rsquo;\u00e9cole collabore avec plusieurs \u00e9tablissements comme le Lyc\u00e9e Louis-le-Grand pour enrichir l&rsquo;exp\u00e9rience \u00e9ducative de ses \u00e9l\u00e8ves.<\/li><\/ul>\n\n","protected":false},"excerpt":{"rendered":"<p>\u00c0 travers les \u00e2ges, l&rsquo;\u00e9ducation a toujours occup\u00e9 une place centrale dans le d\u00e9veloppement des soci\u00e9t\u00e9s. Cette commune, dont l&rsquo;histoire scolaire remonte au XVe si\u00e8cle, t\u00e9moigne de cette continuit\u00e9. Un voyage dans le temps r\u00e9v\u00e8le des anecdotes fascinantes, des personnages marquants et des \u00e9v\u00e9nements qui ont fa\u00e7onn\u00e9 l&rsquo;\u00e9ducation, apportant un \u00e9clairage sur l&rsquo;importance d&rsquo;une \u00e9cole &#8230; <a title=\"une \u00e9cole existait dans cette commune depuis le XVe si\u00e8cle\" class=\"read-more\" href=\"https:\/\/www.apres-lecole.fr\/Blog\/ecole-xve-siecle\/\" aria-label=\"En savoir plus sur une \u00e9cole existait dans cette commune depuis le XVe si\u00e8cle\">Lire plus<\/a><\/p>\n","protected":false},"author":7,"featured_media":2121,"comment_status":"open","ping_status":"open","sticky":false,"template":"","format":"standard","meta":{"footnotes":""},"categories":[342],"tags":[675,410,1099,1253,1252],"class_list":["post-2122","post","type-post","status-publish","format-standard","has-post-thumbnail","hentry","category-actualites","tag-commune","tag-ecole","tag-histoire","tag-patrimoine","tag-xve-siecle"],"yoast_head":"<!-- This site is optimized with the Yoast SEO plugin v27.5 - https:\/\/yoast.com\/product\/yoast-seo-wordpress\/ -->\n<title>L&#039;\u00e9cole s\u00e9culaire d&#039;une commune : un h\u00e9ritage du XVe si\u00e8cle<\/title>\n<meta name=\"description\" content=\"D\u00e9couvrez l&#039;histoire fascinante de cette commune o\u00f9 une \u00e9cole existait d\u00e9j\u00e0 au XVe si\u00e8cle, t\u00e9moignage d&#039;un riche pass\u00e9 \u00e9ducatif.\" \/>\n<meta name=\"robots\" content=\"index, follow, max-snippet:-1, max-image-preview:large, max-video-preview:-1\" \/>\n<link rel=\"canonical\" href=\"https:\/\/www.apres-lecole.fr\/Blog\/ecole-xve-siecle\/\" \/>\n<meta property=\"og:locale\" content=\"fr_FR\" \/>\n<meta property=\"og:type\" content=\"article\" \/>\n<meta property=\"og:title\" content=\"L&#039;\u00e9cole s\u00e9culaire d&#039;une commune : un h\u00e9ritage du XVe si\u00e8cle\" \/>\n<meta property=\"og:description\" content=\"D\u00e9couvrez l&#039;histoire fascinante de cette commune o\u00f9 une \u00e9cole existait d\u00e9j\u00e0 au XVe si\u00e8cle, t\u00e9moignage d&#039;un riche pass\u00e9 \u00e9ducatif.\" \/>\n<meta property=\"og:url\" content=\"https:\/\/www.apres-lecole.fr\/Blog\/ecole-xve-siecle\/\" \/>\n<meta property=\"article:published_time\" content=\"2025-08-05T09:22:49+00:00\" \/>\n<meta property=\"og:image\" content=\"https:\/\/www.apres-lecole.fr\/Blog\/wp-content\/uploads\/2025\/08\/une-ecole-existait-dans-cette-commune-depuis-le-XVe-siecle.jpg\" \/>\n\t<meta property=\"og:image:width\" content=\"1344\" \/>\n\t<meta property=\"og:image:height\" content=\"768\" \/>\n\t<meta property=\"og:image:type\" content=\"image\/jpeg\" \/>\n<meta name=\"twitter:card\" content=\"summary_large_image\" \/>\n<meta name=\"twitter:label1\" content=\"\u00c9crit par\" \/>\n\t<meta name=\"twitter:data1\" content=\"\" \/>\n\t<meta name=\"twitter:label2\" content=\"Dur\u00e9e de lecture estim\u00e9e\" \/>\n\t<meta name=\"twitter:data2\" content=\"8 minutes\" \/>\n<script type=\"application\/ld+json\" class=\"yoast-schema-graph\">{\"@context\":\"https:\\\/\\\/schema.org\",\"@graph\":[{\"@type\":\"Article\",\"@id\":\"https:\\\/\\\/www.apres-lecole.fr\\\/Blog\\\/ecole-xve-siecle\\\/#article\",\"isPartOf\":{\"@id\":\"https:\\\/\\\/www.apres-lecole.fr\\\/Blog\\\/ecole-xve-siecle\\\/\"},\"author\":{\"name\":\"\",\"@id\":\"\"},\"headline\":\"une \u00e9cole existait dans cette commune depuis le XVe si\u00e8cle\",\"datePublished\":\"2025-08-05T09:22:49+00:00\",\"mainEntityOfPage\":{\"@id\":\"https:\\\/\\\/www.apres-lecole.fr\\\/Blog\\\/ecole-xve-siecle\\\/\"},\"wordCount\":1612,\"commentCount\":0,\"image\":{\"@id\":\"https:\\\/\\\/www.apres-lecole.fr\\\/Blog\\\/ecole-xve-siecle\\\/#primaryimage\"},\"thumbnailUrl\":\"https:\\\/\\\/www.apres-lecole.fr\\\/Blog\\\/wp-content\\\/uploads\\\/2025\\\/08\\\/une-ecole-existait-dans-cette-commune-depuis-le-XVe-siecle.jpg\",\"keywords\":[\"commune\",\"\u00e9cole\",\"histoire\",\"patrimoine\",\"xve si\u00e8cle\"],\"articleSection\":[\"Actualit\u00e9s\"],\"inLanguage\":\"fr-FR\",\"potentialAction\":[{\"@type\":\"CommentAction\",\"name\":\"Comment\",\"target\":[\"https:\\\/\\\/www.apres-lecole.fr\\\/Blog\\\/ecole-xve-siecle\\\/#respond\"]}]},{\"@type\":\"WebPage\",\"@id\":\"https:\\\/\\\/www.apres-lecole.fr\\\/Blog\\\/ecole-xve-siecle\\\/\",\"url\":\"https:\\\/\\\/www.apres-lecole.fr\\\/Blog\\\/ecole-xve-siecle\\\/\",\"name\":\"L'\u00e9cole s\u00e9culaire d'une commune : un h\u00e9ritage du XVe si\u00e8cle\",\"isPartOf\":{\"@id\":\"https:\\\/\\\/www.apres-lecole.fr\\\/Blog\\\/#website\"},\"primaryImageOfPage\":{\"@id\":\"https:\\\/\\\/www.apres-lecole.fr\\\/Blog\\\/ecole-xve-siecle\\\/#primaryimage\"},\"image\":{\"@id\":\"https:\\\/\\\/www.apres-lecole.fr\\\/Blog\\\/ecole-xve-siecle\\\/#primaryimage\"},\"thumbnailUrl\":\"https:\\\/\\\/www.apres-lecole.fr\\\/Blog\\\/wp-content\\\/uploads\\\/2025\\\/08\\\/une-ecole-existait-dans-cette-commune-depuis-le-XVe-siecle.jpg\",\"datePublished\":\"2025-08-05T09:22:49+00:00\",\"author\":{\"@id\":\"\"},\"description\":\"D\u00e9couvrez l'histoire fascinante de cette commune o\u00f9 une \u00e9cole existait d\u00e9j\u00e0 au XVe si\u00e8cle, t\u00e9moignage d'un riche pass\u00e9 \u00e9ducatif.\",\"breadcrumb\":{\"@id\":\"https:\\\/\\\/www.apres-lecole.fr\\\/Blog\\\/ecole-xve-siecle\\\/#breadcrumb\"},\"inLanguage\":\"fr-FR\",\"potentialAction\":[{\"@type\":\"ReadAction\",\"target\":[\"https:\\\/\\\/www.apres-lecole.fr\\\/Blog\\\/ecole-xve-siecle\\\/\"]}]},{\"@type\":\"ImageObject\",\"inLanguage\":\"fr-FR\",\"@id\":\"https:\\\/\\\/www.apres-lecole.fr\\\/Blog\\\/ecole-xve-siecle\\\/#primaryimage\",\"url\":\"https:\\\/\\\/www.apres-lecole.fr\\\/Blog\\\/wp-content\\\/uploads\\\/2025\\\/08\\\/une-ecole-existait-dans-cette-commune-depuis-le-XVe-siecle.jpg\",\"contentUrl\":\"https:\\\/\\\/www.apres-lecole.fr\\\/Blog\\\/wp-content\\\/uploads\\\/2025\\\/08\\\/une-ecole-existait-dans-cette-commune-depuis-le-XVe-siecle.jpg\",\"width\":1344,\"height\":768,\"caption\":\"d\u00e9couvrez l'histoire fascinante d'une \u00e9cole qui a travers\u00e9 les si\u00e8cles dans cette commune, fond\u00e9e au xve si\u00e8cle. plongez dans le patrimoine \u00e9ducatif et culturel qui a fa\u00e7onn\u00e9 la vie locale depuis plus de 500 ans.\"},{\"@type\":\"BreadcrumbList\",\"@id\":\"https:\\\/\\\/www.apres-lecole.fr\\\/Blog\\\/ecole-xve-siecle\\\/#breadcrumb\",\"itemListElement\":[{\"@type\":\"ListItem\",\"position\":1,\"name\":\"Home\",\"item\":\"https:\\\/\\\/www.apres-lecole.fr\\\/Blog\\\/\"},{\"@type\":\"ListItem\",\"position\":2,\"name\":\"une \u00e9cole existait dans cette commune depuis le XVe si\u00e8cle\"}]},{\"@type\":\"WebSite\",\"@id\":\"https:\\\/\\\/www.apres-lecole.fr\\\/Blog\\\/#website\",\"url\":\"https:\\\/\\\/www.apres-lecole.fr\\\/Blog\\\/\",\"name\":\"\",\"description\":\"M\u00e9dia g\u00e9n\u00e9raliste\",\"potentialAction\":[{\"@type\":\"SearchAction\",\"target\":{\"@type\":\"EntryPoint\",\"urlTemplate\":\"https:\\\/\\\/www.apres-lecole.fr\\\/Blog\\\/?s={search_term_string}\"},\"query-input\":{\"@type\":\"PropertyValueSpecification\",\"valueRequired\":true,\"valueName\":\"search_term_string\"}}],\"inLanguage\":\"fr-FR\"},{\"@type\":\"Person\",\"@id\":\"\",\"url\":\"https:\\\/\\\/www.apres-lecole.fr\\\/Blog\\\/author\\\/\"}]}<\/script>\n<!-- \/ Yoast SEO plugin. -->","yoast_head_json":{"title":"L'\u00e9cole s\u00e9culaire d'une commune : un h\u00e9ritage du XVe si\u00e8cle","description":"D\u00e9couvrez l'histoire fascinante de cette commune o\u00f9 une \u00e9cole existait d\u00e9j\u00e0 au XVe si\u00e8cle, t\u00e9moignage d'un riche pass\u00e9 \u00e9ducatif.","robots":{"index":"index","follow":"follow","max-snippet":"max-snippet:-1","max-image-preview":"max-image-preview:large","max-video-preview":"max-video-preview:-1"},"canonical":"https:\/\/www.apres-lecole.fr\/Blog\/ecole-xve-siecle\/","og_locale":"fr_FR","og_type":"article","og_title":"L'\u00e9cole s\u00e9culaire d'une commune : un h\u00e9ritage du XVe si\u00e8cle","og_description":"D\u00e9couvrez l'histoire fascinante de cette commune o\u00f9 une \u00e9cole existait d\u00e9j\u00e0 au XVe si\u00e8cle, t\u00e9moignage d'un riche pass\u00e9 \u00e9ducatif.","og_url":"https:\/\/www.apres-lecole.fr\/Blog\/ecole-xve-siecle\/","article_published_time":"2025-08-05T09:22:49+00:00","og_image":[{"width":1344,"height":768,"url":"https:\/\/www.apres-lecole.fr\/Blog\/wp-content\/uploads\/2025\/08\/une-ecole-existait-dans-cette-commune-depuis-le-XVe-siecle.jpg","type":"image\/jpeg"}],"twitter_card":"summary_large_image","twitter_misc":{"\u00c9crit par":"","Dur\u00e9e de lecture estim\u00e9e":"8 minutes"},"schema":{"@context":"https:\/\/schema.org","@graph":[{"@type":"Article","@id":"https:\/\/www.apres-lecole.fr\/Blog\/ecole-xve-siecle\/#article","isPartOf":{"@id":"https:\/\/www.apres-lecole.fr\/Blog\/ecole-xve-siecle\/"},"author":{"name":"","@id":""},"headline":"une \u00e9cole existait dans cette commune depuis le XVe si\u00e8cle","datePublished":"2025-08-05T09:22:49+00:00","mainEntityOfPage":{"@id":"https:\/\/www.apres-lecole.fr\/Blog\/ecole-xve-siecle\/"},"wordCount":1612,"commentCount":0,"image":{"@id":"https:\/\/www.apres-lecole.fr\/Blog\/ecole-xve-siecle\/#primaryimage"},"thumbnailUrl":"https:\/\/www.apres-lecole.fr\/Blog\/wp-content\/uploads\/2025\/08\/une-ecole-existait-dans-cette-commune-depuis-le-XVe-siecle.jpg","keywords":["commune","\u00e9cole","histoire","patrimoine","xve si\u00e8cle"],"articleSection":["Actualit\u00e9s"],"inLanguage":"fr-FR","potentialAction":[{"@type":"CommentAction","name":"Comment","target":["https:\/\/www.apres-lecole.fr\/Blog\/ecole-xve-siecle\/#respond"]}]},{"@type":"WebPage","@id":"https:\/\/www.apres-lecole.fr\/Blog\/ecole-xve-siecle\/","url":"https:\/\/www.apres-lecole.fr\/Blog\/ecole-xve-siecle\/","name":"L'\u00e9cole s\u00e9culaire d'une commune : un h\u00e9ritage du XVe si\u00e8cle","isPartOf":{"@id":"https:\/\/www.apres-lecole.fr\/Blog\/#website"},"primaryImageOfPage":{"@id":"https:\/\/www.apres-lecole.fr\/Blog\/ecole-xve-siecle\/#primaryimage"},"image":{"@id":"https:\/\/www.apres-lecole.fr\/Blog\/ecole-xve-siecle\/#primaryimage"},"thumbnailUrl":"https:\/\/www.apres-lecole.fr\/Blog\/wp-content\/uploads\/2025\/08\/une-ecole-existait-dans-cette-commune-depuis-le-XVe-siecle.jpg","datePublished":"2025-08-05T09:22:49+00:00","author":{"@id":""},"description":"D\u00e9couvrez l'histoire fascinante de cette commune o\u00f9 une \u00e9cole existait d\u00e9j\u00e0 au XVe si\u00e8cle, t\u00e9moignage d'un riche pass\u00e9 \u00e9ducatif.","breadcrumb":{"@id":"https:\/\/www.apres-lecole.fr\/Blog\/ecole-xve-siecle\/#breadcrumb"},"inLanguage":"fr-FR","potentialAction":[{"@type":"ReadAction","target":["https:\/\/www.apres-lecole.fr\/Blog\/ecole-xve-siecle\/"]}]},{"@type":"ImageObject","inLanguage":"fr-FR","@id":"https:\/\/www.apres-lecole.fr\/Blog\/ecole-xve-siecle\/#primaryimage","url":"https:\/\/www.apres-lecole.fr\/Blog\/wp-content\/uploads\/2025\/08\/une-ecole-existait-dans-cette-commune-depuis-le-XVe-siecle.jpg","contentUrl":"https:\/\/www.apres-lecole.fr\/Blog\/wp-content\/uploads\/2025\/08\/une-ecole-existait-dans-cette-commune-depuis-le-XVe-siecle.jpg","width":1344,"height":768,"caption":"d\u00e9couvrez l'histoire fascinante d'une \u00e9cole qui a travers\u00e9 les si\u00e8cles dans cette commune, fond\u00e9e au xve si\u00e8cle. plongez dans le patrimoine \u00e9ducatif et culturel qui a fa\u00e7onn\u00e9 la vie locale depuis plus de 500 ans."},{"@type":"BreadcrumbList","@id":"https:\/\/www.apres-lecole.fr\/Blog\/ecole-xve-siecle\/#breadcrumb","itemListElement":[{"@type":"ListItem","position":1,"name":"Home","item":"https:\/\/www.apres-lecole.fr\/Blog\/"},{"@type":"ListItem","position":2,"name":"une \u00e9cole existait dans cette commune depuis le XVe si\u00e8cle"}]},{"@type":"WebSite","@id":"https:\/\/www.apres-lecole.fr\/Blog\/#website","url":"https:\/\/www.apres-lecole.fr\/Blog\/","name":"","description":"M\u00e9dia g\u00e9n\u00e9raliste","potentialAction":[{"@type":"SearchAction","target":{"@type":"EntryPoint","urlTemplate":"https:\/\/www.apres-lecole.fr\/Blog\/?s={search_term_string}"},"query-input":{"@type":"PropertyValueSpecification","valueRequired":true,"valueName":"search_term_string"}}],"inLanguage":"fr-FR"},{"@type":"Person","@id":"","url":"https:\/\/www.apres-lecole.fr\/Blog\/author\/"}]}},"views":15,"_links":{"self":[{"href":"https:\/\/www.apres-lecole.fr\/Blog\/wp-json\/wp\/v2\/posts\/2122","targetHints":{"allow":["GET"]}}],"collection":[{"href":"https:\/\/www.apres-lecole.fr\/Blog\/wp-json\/wp\/v2\/posts"}],"about":[{"href":"https:\/\/www.apres-lecole.fr\/Blog\/wp-json\/wp\/v2\/types\/post"}],"author":[{"embeddable":true,"href":"https:\/\/www.apres-lecole.fr\/Blog\/wp-json\/wp\/v2\/users\/7"}],"replies":[{"embeddable":true,"href":"https:\/\/www.apres-lecole.fr\/Blog\/wp-json\/wp\/v2\/comments?post=2122"}],"version-history":[{"count":0,"href":"https:\/\/www.apres-lecole.fr\/Blog\/wp-json\/wp\/v2\/posts\/2122\/revisions"}],"wp:featuredmedia":[{"embeddable":true,"href":"https:\/\/www.apres-lecole.fr\/Blog\/wp-json\/wp\/v2\/media\/2121"}],"wp:attachment":[{"href":"https:\/\/www.apres-lecole.fr\/Blog\/wp-json\/wp\/v2\/media?parent=2122"}],"wp:term":[{"taxonomy":"category","embeddable":true,"href":"https:\/\/www.apres-lecole.fr\/Blog\/wp-json\/wp\/v2\/categories?post=2122"},{"taxonomy":"post_tag","embeddable":true,"href":"https:\/\/www.apres-lecole.fr\/Blog\/wp-json\/wp\/v2\/tags?post=2122"}],"curies":[{"name":"wp","href":"https:\/\/api.w.org\/{rel}","templated":true}]}}