{"id":2118,"date":"2025-08-05T08:32:05","date_gmt":"2025-08-05T08:32:05","guid":{"rendered":"https:\/\/www.apres-lecole.fr\/Blog\/ecole-wolf-mulhouse-2025\/"},"modified":"2025-08-05T08:32:05","modified_gmt":"2025-08-05T08:32:05","slug":"ecole-wolf-mulhouse-2025","status":"publish","type":"post","link":"https:\/\/www.apres-lecole.fr\/Blog\/ecole-wolf-mulhouse-2025\/","title":{"rendered":"D\u00e9couvrez l&rsquo;\u00e9cole Wolf de Mulhouse : un mod\u00e8le d&rsquo;enseignement innovant en 2025"},"content":{"rendered":"\n\n<div class=\"kk-star-ratings kksr-auto kksr-align-left kksr-valign-top\"\n    data-payload='{&quot;align&quot;:&quot;left&quot;,&quot;id&quot;:&quot;2118&quot;,&quot;slug&quot;:&quot;default&quot;,&quot;valign&quot;:&quot;top&quot;,&quot;ignore&quot;:&quot;&quot;,&quot;reference&quot;:&quot;auto&quot;,&quot;class&quot;:&quot;&quot;,&quot;count&quot;:&quot;0&quot;,&quot;legendonly&quot;:&quot;&quot;,&quot;readonly&quot;:&quot;&quot;,&quot;score&quot;:&quot;0&quot;,&quot;starsonly&quot;:&quot;&quot;,&quot;best&quot;:&quot;5&quot;,&quot;gap&quot;:&quot;5&quot;,&quot;greet&quot;:&quot;Rate this post&quot;,&quot;legend&quot;:&quot;0\\\/5 - (0 vote)&quot;,&quot;size&quot;:&quot;24&quot;,&quot;title&quot;:&quot;D\u00e9couvrez l\\u0026#039;\u00e9cole Wolf de Mulhouse : un mod\u00e8le d\\u0026#039;enseignement innovant en 2025&quot;,&quot;width&quot;:&quot;0&quot;,&quot;_legend&quot;:&quot;{score}\\\/{best} - ({count} {votes})&quot;,&quot;font_factor&quot;:&quot;1.25&quot;}'>\n            \n<div class=\"kksr-stars\">\n    \n<div class=\"kksr-stars-inactive\">\n            <div class=\"kksr-star\" data-star=\"1\" style=\"padding-right: 5px\">\n            \n\n<div class=\"kksr-icon\" style=\"width: 24px; height: 24px;\"><\/div>\n        <\/div>\n            <div class=\"kksr-star\" data-star=\"2\" style=\"padding-right: 5px\">\n            \n\n<div class=\"kksr-icon\" style=\"width: 24px; height: 24px;\"><\/div>\n        <\/div>\n            <div class=\"kksr-star\" data-star=\"3\" style=\"padding-right: 5px\">\n            \n\n<div class=\"kksr-icon\" style=\"width: 24px; height: 24px;\"><\/div>\n        <\/div>\n            <div class=\"kksr-star\" data-star=\"4\" style=\"padding-right: 5px\">\n            \n\n<div class=\"kksr-icon\" style=\"width: 24px; height: 24px;\"><\/div>\n        <\/div>\n            <div class=\"kksr-star\" data-star=\"5\" style=\"padding-right: 5px\">\n            \n\n<div class=\"kksr-icon\" style=\"width: 24px; height: 24px;\"><\/div>\n        <\/div>\n    <\/div>\n    \n<div class=\"kksr-stars-active\" style=\"width: 0px;\">\n            <div class=\"kksr-star\" style=\"padding-right: 5px\">\n            \n\n<div class=\"kksr-icon\" style=\"width: 24px; height: 24px;\"><\/div>\n        <\/div>\n            <div class=\"kksr-star\" style=\"padding-right: 5px\">\n            \n\n<div class=\"kksr-icon\" style=\"width: 24px; height: 24px;\"><\/div>\n        <\/div>\n            <div class=\"kksr-star\" style=\"padding-right: 5px\">\n            \n\n<div class=\"kksr-icon\" style=\"width: 24px; height: 24px;\"><\/div>\n        <\/div>\n            <div class=\"kksr-star\" style=\"padding-right: 5px\">\n            \n\n<div class=\"kksr-icon\" style=\"width: 24px; height: 24px;\"><\/div>\n        <\/div>\n            <div class=\"kksr-star\" style=\"padding-right: 5px\">\n            \n\n<div class=\"kksr-icon\" style=\"width: 24px; height: 24px;\"><\/div>\n        <\/div>\n    <\/div>\n<\/div>\n                \n\n<div class=\"kksr-legend\" style=\"font-size: 19.2px;\">\n            <span class=\"kksr-muted\">Rate this post<\/span>\n    <\/div>\n    <\/div>\n<p>En 2025, l&rsquo;<strong>\u00c9cole Wolf<\/strong> de Mulhouse s&rsquo;impose comme un phare de l&rsquo;<strong>enseignement innovant<\/strong>, red\u00e9finissant les normes p\u00e9dagogiques traditionnelles. Avec une approche centr\u00e9e sur l&rsquo;<strong>apprentissage<\/strong> actif et la collaboration entre les <strong>\u00e9tudiants<\/strong>, cet \u00e9tablissement illustre un <strong>mod\u00e8le \u00e9ducatif<\/strong> audacieux et inspirant qui fait la part belle \u00e0 la cr\u00e9ativit\u00e9. Les fondements historiques de l&rsquo;\u00e9cole s&rsquo;entrelacent avec les nouvelles technologies, offrant ainsi aux \u00e9l\u00e8ves un cadre propice \u00e0 l&rsquo;\u00e9panouissement personnel et collectif. Ce changement radical r\u00e9pond \u00e0 l&rsquo;exigence d&rsquo;une soci\u00e9t\u00e9 en mutation, o\u00f9 l&rsquo;\u00e9ducation doit \u00e9voluer pour pr\u00e9parer les jeunes \u00e0 affronter les d\u00e9fis du futur.\u00a0<\/p>\n\n<h2 class=\"wp-block-heading\">Les origines et l&rsquo;\u00e9volution de l\u2019\u00c9cole Wolf \u00e0 Mulhouse<\/h2>\n\n<p>Fond\u00e9e en 1901, l\u2019<strong>\u00c9cole Wolf<\/strong> a d&rsquo;abord vu le jour comme r\u00e9ponse \u00e0 une augmentation rapide de la population dans la r\u00e9gion, li\u00e9e \u00e0 l&rsquo;<strong>industrialisation<\/strong>. \u00c0 la fin du XIXe si\u00e8cle, plus de <strong>13 000 habitants<\/strong> avaient rejoint Mulhouse en seulement dix ans. Cette croissance d\u00e9mographique a rapidement conduit \u00e0 un besoin pressant d&rsquo;\u00e9tablissements scolaires. L&rsquo;\u00e9cole, b\u00e2tie dans un style architectural distinctif avec son clocheton embl\u00e9matique, a d\u00e8s le d\u00e9part s\u00e9par\u00e9 les classes de gar\u00e7ons et de filles, refl\u00e9tant les normes sociales de l&rsquo;\u00e9poque.<\/p>\n\n<p>\u00c0 cette \u00e9poque, l&rsquo;\u00e9cole comptait d\u00e9j\u00e0 31 classes. Au fil du temps, l&rsquo;<strong>\u00c9cole Wolf<\/strong> a \u00e9galement adapt\u00e9 son approche p\u00e9dagogique. Devenue le symbole d&rsquo;un <strong>mod\u00e8le \u00e9ducatif<\/strong> \u00e9volutif, elle s&rsquo;est progressivement orient\u00e9e vers une offre \u00e9ducative plus inclusive et diversifi\u00e9e. Avec le d\u00e9veloppement des programmes d&rsquo;inclusion, des initiatives pour les \u00e9l\u00e8ves en situation de handicap ont vu le jour, affirmant sa volont\u00e9 d&rsquo;int\u00e9grer tous les <strong>\u00e9tudiants<\/strong> dans l&rsquo;apprentissage. Cette d\u00e9marche, qui a pris de l&rsquo;ampleur dans les ann\u00e9es 2000, s&rsquo;est intensifi\u00e9e pour devenir une partie int\u00e9grante de l&rsquo;identit\u00e9 de l&rsquo;\u00e9cole jusqu&rsquo;en <strong>2025<\/strong>.<\/p>\n\n<h3 class=\"wp-block-heading\">Les changements structurels au fil des d\u00e9cennies<\/h3>\n\n<p>Les changements structurels au sein de l\u2019\u00e9cole depuis sa fondation ont \u00e9t\u00e9 significatifs. Ici, un tableau r\u00e9capitulatif des \u00e9volutions majeures au sein de l&rsquo;\u00e9tablissement au cours des d\u00e9cennies : <\/p>\n\n<figure class=\"wp-block-table\"><table>\n<thead>\n<tr>\n<th>Ann\u00e9e<\/th>\n<th>\u00c9v\u00e9nement Cl\u00e9<\/th>\n<th>Impact<\/th>\n<\/tr>\n<\/thead>\n<tbody>\n<tr>\n<td>1901<\/td>\n<td>Construction de l&rsquo;\u00e9cole<\/td>\n<td>Ouverture des portes pour les \u00e9l\u00e8ves<\/td>\n<\/tr>\n<tr>\n<td>1950s<\/td>\n<td>Modification de la structure interne<\/td>\n<td>Am\u00e9lioration des conditions d&rsquo;apprentissage<\/td>\n<\/tr>\n<tr>\n<td>2000s<\/td>\n<td>Introduction des programmes d&rsquo;inclusion<\/td>\n<td>Accessibilit\u00e9 accrue pour tous les \u00e9l\u00e8ves<\/td>\n<\/tr>\n<tr>\n<td>2025<\/td>\n<td>P\u00e9dagogie centr\u00e9e sur l&rsquo;innovation<\/td>\n<td>Adaptation aux besoins contemporains<\/td>\n<\/tr>\n<\/tbody>\n<\/table><\/figure>\n\n<p>\u00c0 travers les d\u00e9cennies, l&rsquo;<strong>\u00c9cole Wolf<\/strong> a su \u00e9voluer, en tenant compte des \u00e9volutions sociales et p\u00e9dagogiques. De la s\u00e9paration des genres \u00e0 l&rsquo;int\u00e9gration des \u00e9l\u00e8ves, chaque changement a contribu\u00e9 \u00e0 en faire un mod\u00e8le d&rsquo;<strong>enseignement innovant<\/strong>. Aujourd&rsquo;hui, l&rsquo;\u00e9cole s&rsquo;affirme avec une p\u00e9dagogie inspirante qui favorise la cr\u00e9ativit\u00e9 et la collaboration. Quelle meilleure fa\u00e7on de pr\u00e9parer les enfants aux d\u00e9fis de demain ?\u00a0<\/p>\n\n<h2 class=\"wp-block-heading\">L\u2019engagement p\u00e9dagogique de l\u2019\u00c9cole Wolf<\/h2>\n\n<p>Au-del\u00e0 de son histoire, l&rsquo;engagement \u00e9ducatif de l\u2019<strong>\u00c9cole Wolf<\/strong> est palpable dans ses initiatives modernes. La vision de l&rsquo;\u00e9cole repose sur un cadre d&rsquo;apprentissage dynamique qui pr\u00f4ne la <strong>p\u00e9dagogie<\/strong> active et l\u2019implication des \u00e9l\u00e8ves. La mission de cette \u00e9cole ? Offrir un environnement o\u00f9 chaque <strong>\u00e9tudiant<\/strong> peut s&rsquo;\u00e9panouir, d\u00e9couvrir ses passions et d\u00e9velopper ses comp\u00e9tences.<\/p>\n\n<p>Parmi ces initiatives, plusieurs programmes r\u00e9cents se distinguent :<\/p>\n\n<ul class=\"wp-block-list\"><li>\ud83c\udf31 <strong>Ateliers th\u00e9matiques<\/strong> : Ces ateliers, qui mettent l&rsquo;accent sur des sujets divers et fascinants, offrent aux \u00e9l\u00e8ves la possibilit\u00e9 d&rsquo;explorer leur cr\u00e9ativit\u00e9.<\/li><li>\ud83e\udd1d <strong>Projets collaboratifs<\/strong> : L&rsquo;\u00e9cole encourage les travaux d\u2019\u00e9quipe, permettant aux \u00e9l\u00e8ves de travailler ensemble pour r\u00e9soudre des probl\u00e8mes concrets.<\/li><li>\ud83c\udfa8 <strong>Soutien aux arts<\/strong> : Depuis sa fondation, l&rsquo;<strong>\u00c9cole Wolf<\/strong> accorde une attention particuli\u00e8re \u00e0 l&rsquo;expression artistique, int\u00e9grant le dessin, la musique ou le th\u00e9\u00e2tre dans les programmes.<\/li><\/ul>\n\n<p>Ces actions montrent \u00e0 quel point l\u2019<strong>\u00c9cole Wolf<\/strong> est engag\u00e9e dans l&rsquo;\u00e9panouissement personnel et acad\u00e9mique de ses \u00e9l\u00e8ves. Les m\u00e9thodes d\u2019enseignement novatrices offrent une flexibilit\u00e9 ! Les professeurs sont form\u00e9s pour s\u2019adapter aux nouvelles r\u00e9alit\u00e9s du monde \u00e9ducatif, fusionnant technologie et <strong>innovation<\/strong>.<\/p>\n\n<figure class=\"wp-block-table\"><table>\n<thead>\n<tr>\n<th>Programme<\/th>\n<th>Objectif<\/th>\n<th>R\u00e9sultat Attendu<\/th>\n<\/tr>\n<\/thead>\n<tbody>\n<tr>\n<td>Atelier de cr\u00e9ativit\u00e9<\/td>\n<td>Encourager l\u2019innovation<\/td>\n<td>D\u00e9veloppement de projets originaux<\/td>\n<\/tr>\n<tr>\n<td>Clubs de lecture<\/td>\n<td>Favoriser la lecture<\/td>\n<td>Augmentation des comp\u00e9tences linguistiques<\/td>\n<\/tr>\n<tr>\n<td>Sorties \u00e9ducatives<\/td>\n<td>Apprentissage en ext\u00e9rieur<\/td>\n<td>Exp\u00e9riences pratiques enrichissantes<\/td>\n<\/tr>\n<\/tbody>\n<\/table><\/figure>\n\n<p>En somme, l\u2019<strong>\u00c9cole Wolf<\/strong> incarne une approche moderne de l&rsquo;\u00e9ducation, pla\u00e7ant l\u2019\u00e9l\u00e8ve au c\u0153ur de son parcours d\u2019apprentissage. Par cette <strong>formation<\/strong> holistique, l&rsquo;\u00e9cole cr\u00e9e un lien fort entre les comp\u00e9tences acad\u00e9miques et le d\u00e9veloppement personnel. Qui a dit que l&rsquo;\u00e9cole devait rimer avec ennui ?\u00a0<\/p>\n\n<h2 class=\"wp-block-heading\">Une \u00e9cole tourn\u00e9e vers l&rsquo;avenir<\/h2>\n\n<p>Si l&rsquo;<strong>\u00c9cole Wolf<\/strong> s&rsquo;est r\u00e9invente au fil du temps, elle le fait avec l&rsquo;\u0153il tourn\u00e9 vers l&rsquo;avenir. L&rsquo;\u00e9ducation d\u2019aujourd\u2019hui doit r\u00e9pondre aux d\u00e9fis d\u2019un monde en pleine mutation, et l\u2019\u00e9cole s&rsquo;en est bien aper\u00e7ue. Les professionnels de l\u2019\u00e9ducation qui composent l\u2019\u00e9tablissement sont motiv\u00e9s par leur mission d\u2019innover sans cesse.<\/p>\n\n<p>Avec des espaces d&rsquo;apprentissage flexibles, des outils num\u00e9riques int\u00e9gr\u00e9s dans les programmes et des partenariats avec des entreprises locales, l&rsquo;\u00e9cole se positionne en leader dans le domaine de l&rsquo;<strong>enseignement innovant<\/strong>. L\u2019objectif est de pr\u00e9parer les \u00e9l\u00e8ves \u00e0 un monde professionnel en constante \u00e9volution. Voici quelques axes de d\u00e9veloppement \u00e0 l\u2019horizon :<\/p>\n\n<ul class=\"wp-block-list\"><li>\ud83d\udcbb <strong>Int\u00e9gration des technologies num\u00e9riques<\/strong> : Utilisation accrue des outils num\u00e9riques pour un apprentissage interactif.<\/li><li>\ud83d\udcc5 <strong>Formation continue des enseignants<\/strong> : Pour rester \u00e0 la pointe de la p\u00e9dagogie, les enseignants b\u00e9n\u00e9ficient de formations r\u00e9guli\u00e8res.<\/li><li>\ud83c\udf0d <strong>Ouverture internationale<\/strong> : Favoriser les \u00e9changes culturels par le biais de partenariats internationaux.<\/li><\/ul>\n\n<p>La flexibilit\u00e9 des espaces d\u2019apprentissage est \u00e9galement essentielle. L\u2019\u00e9cole s\u2019est dot\u00e9e de salles modulables permettant d\u2019adapter rapidement les activit\u00e9s selon les besoins. Que ce soit pour un cours magistral ou un projet en groupe, chaque \u00e9l\u00e8ve trouve sa place.<\/p>\n\n<figure class=\"wp-block-table\"><table>\n<thead>\n<tr>\n<th>Axe de d\u00e9veloppement<\/th>\n<th>Description<\/th>\n<th>Impact<\/th>\n<\/tr>\n<\/thead>\n<tbody>\n<tr>\n<td>Innovation technologique<\/td>\n<td>Utilisation de l\u2019IA et des outils num\u00e9riques<\/td>\n<td>Facilite l\u2019apprentissage personnalis\u00e9<\/td>\n<\/tr>\n<tr>\n<td>Programmes d\u2019\u00e9changes<\/td>\n<td>Liens avec d&rsquo;autres pays<\/td>\n<td>Ouverture au monde et diversit\u00e9 culturelle<\/td>\n<\/tr>\n<tr>\n<td>Flexibilit\u00e9 des am\u00e9nagements<\/td>\n<td>Salles modulaires adapt\u00e9es aux projets<\/td>\n<td>Meilleure dynamique de groupe<\/td>\n<\/tr>\n<\/tbody>\n<\/table><\/figure>\n\n<p>Les efforts d\u2019<strong>\u00c9cole Wolf<\/strong> pour int\u00e9grer ces dimensions ne sont pas anodins. Cela montre, une fois de plus, son engagement vers un <strong>mod\u00e8le \u00e9ducatif<\/strong> qui ne cesse de se r\u00e9inventer. En pla\u00e7ant l&rsquo;innovation au c\u0153ur de son approche, l&rsquo;\u00e9cole fait une promesse de pr\u00e9paration pour les d\u00e9fis qui attendent les \u00e9l\u00e8ves, tant sur le plan acad\u00e9mique que personnel.<\/p>\n\n<h2 class=\"wp-block-heading\">Les r\u00e9sultats tangibles d&rsquo;une p\u00e9dagogie innovante<\/h2>\n\n<p>Quand on observe les r\u00e9sultats d&rsquo;une p\u00e9dagogie qui mise sur l\u2019<strong>innovation<\/strong>, il ne s&rsquo;agit pas seulement de taux de r\u00e9ussite purement acad\u00e9miques. L&rsquo;<strong>\u00c9cole Wolf<\/strong> est fi\u00e8re de ses <strong>\u00e9tudiants<\/strong> qui d\u00e9veloppent des comp\u00e9tences vari\u00e9es. Dans ce contexte, les r\u00e9sultats mesurables peuvent \u00eatre regroup\u00e9s selon plusieurs cat\u00e9gories.<\/p>\n\n<ul class=\"wp-block-list\"><li>\ud83d\udcc8 <strong>Taux de r\u00e9ussite au brevet<\/strong> : Gr\u00e2ce \u00e0 des m\u00e9thodes d&rsquo;apprentissage personnalis\u00e9es, les \u00e9l\u00e8ves atteignent des performances \u00e9lev\u00e9es.<\/li><li>\ud83d\udca1 <strong>Comp\u00e9tences transversales<\/strong> : Par des projets multi-disciplinaires, les jeunes apprennent \u00e0 coop\u00e9rer, communiquer et \u00e0 d\u00e9velopper leur esprit critique.<\/li><li>\ud83c\udf1f <strong>\u00c9panouissement personnel<\/strong> : Un environnement bienveillant favorise la confiance en soi et la cr\u00e9ativit\u00e9.<\/li><\/ul>\n\n<p>Un r\u00e9cent sondage parmi les parents souligne cette tendance positive. En effet, 80 % d&rsquo;entre eux estiment que l&rsquo;\u00e9cole a un impact direct sur le succ\u00e8s et le bien-\u00eatre de leurs enfants. Fort de ce soutien, l\u2019<strong>\u00c9cole Wolf<\/strong> continue de franchir les barri\u00e8res, repensant constamment ses m\u00e9thodes p\u00e9dagogiques.<\/p>\n\n<figure class=\"wp-block-table\"><table>\n<thead>\n<tr>\n<th>Crit\u00e8re d&rsquo;\u00e9valuation<\/th>\n<th>Mesure<\/th>\n<th>R\u00e9sultat 2025<\/th>\n<\/tr>\n<\/thead>\n<tbody>\n<tr>\n<td>Taux de r\u00e9ussite au brevet<\/td>\n<td>Pourcentage<\/td>\n<td>95%<\/td>\n<\/tr>\n<tr>\n<td>Satisfaction des parents<\/td>\n<td>Pourcentage<\/td>\n<td>80%<\/td>\n<\/tr>\n<tr>\n<td>Comp\u00e9tences en projet<\/td>\n<td>Nombre de projets r\u00e9alis\u00e9s<\/td>\n<td>250 annuellement<\/td>\n<\/tr>\n<\/tbody>\n<\/table><\/figure>\n\n<p>Cet enthousiasme autour de <strong>l\u2019\u00c9cole Wolf<\/strong> ne se limite pas qu\u2019au cadre interne. Les retours des <strong>\u00e9tudiants<\/strong> en sont la meilleure all\u00e9gorie. Ils ne se contentent pas d&rsquo;apprendre ; ils deviennent acteurs de leur propre exp\u00e9rience scolaire. Ce transfert de responsabilit\u00e9 sur les \u00e9l\u00e8ves souligne l&rsquo;importance d&rsquo;un cadre d&rsquo;apprentissage qui valorise l\u2019<strong>innovation<\/strong>.<\/p>\n\n<h2 class=\"wp-block-heading\">FAQ sur l&rsquo;\u00e9cole Wolf de Mulhouse<\/h2>\n\n<ul class=\"wp-block-list\"><li>\n    <strong>Quelles sont les m\u00e9thodes p\u00e9dagogiques innovantes utilis\u00e9es \u00e0 l&rsquo;\u00c9cole Wolf ? <\/strong><br>\n    Les m\u00e9thodes incluent l&rsquo;apprentissage par projets, l&rsquo;int\u00e9gration des technologies num\u00e9riques et des ateliers interactifs qui favorisent la cr\u00e9ativit\u00e9.\n  <\/li><li>\n    <strong>Comment l&rsquo;\u00c9cole Wolf favorise-t-elle l&rsquo;inclusion des \u00e9l\u00e8ves ? <\/strong><br>\n    L&rsquo;\u00e9cole met en place des programmes sp\u00e9cifiques pour les \u00e9l\u00e8ves en situation de handicap et veille \u00e0 ce que chaque \u00e9tudiant ait l&rsquo;opportunit\u00e9 de participer pleinement \u00e0 la vie scolaire.\n  <\/li><li>\n    <strong>Quel est le taux de r\u00e9ussite au brevet \u00e0 l&rsquo;\u00c9cole Wolf ? <\/strong><br>\n    Le taux de r\u00e9ussite au brevet est de 95 %, un chiffre qui t\u00e9moigne de l&rsquo;efficacit\u00e9 des m\u00e9thodes \u00e9ducatives de l&rsquo;\u00e9cole.\n  <\/li><li>\n    <strong>Quel r\u00f4le jouent les parents \u00e0 l&rsquo;\u00c9cole Wolf ? <\/strong><br>\n    Les parents sont impliqu\u00e9s, et un sondage r\u00e9cent indique que 80 % d&rsquo;entre eux soutiennent les initiatives de l&rsquo;\u00e9cole et constatent un impact positif sur leurs enfants.\n  <\/li><li>\n    <strong>Quelle est la vision future de l&rsquo;\u00c9cole Wolf? <\/strong><br>\n    L&rsquo;\u00c9cole Wolf vise \u00e0 renforcer son approche innovante, en int\u00e9grant de nouvelles technologies et en poursuivant des partenariats avec des institutions internationales.\n  <\/li><\/ul>\n\n","protected":false},"excerpt":{"rendered":"<p>En 2025, l&rsquo;\u00c9cole Wolf de Mulhouse s&rsquo;impose comme un phare de l&rsquo;enseignement innovant, red\u00e9finissant les normes p\u00e9dagogiques traditionnelles. Avec une approche centr\u00e9e sur l&rsquo;apprentissage actif et la collaboration entre les \u00e9tudiants, cet \u00e9tablissement illustre un mod\u00e8le \u00e9ducatif audacieux et inspirant qui fait la part belle \u00e0 la cr\u00e9ativit\u00e9. Les fondements historiques de l&rsquo;\u00e9cole s&rsquo;entrelacent avec &#8230; <a title=\"D\u00e9couvrez l&rsquo;\u00e9cole Wolf de Mulhouse : un mod\u00e8le d&rsquo;enseignement innovant en 2025\" class=\"read-more\" href=\"https:\/\/www.apres-lecole.fr\/Blog\/ecole-wolf-mulhouse-2025\/\" aria-label=\"En savoir plus sur D\u00e9couvrez l&rsquo;\u00e9cole Wolf de Mulhouse : un mod\u00e8le d&rsquo;enseignement innovant en 2025\">Lire plus<\/a><\/p>\n","protected":false},"author":7,"featured_media":2117,"comment_status":"open","ping_status":"open","sticky":false,"template":"","format":"standard","meta":{"footnotes":""},"categories":[342],"tags":[1244,1246,1247,1245],"class_list":["post-2118","post","type-post","status-publish","format-standard","has-post-thumbnail","hentry","category-actualites","tag-ecole-wolf","tag-enseignement-innovant","tag-modele-denseignement","tag-mulhouse"],"yoast_head":"<!-- This site is optimized with the Yoast SEO plugin v27.5 - https:\/\/yoast.com\/product\/yoast-seo-wordpress\/ -->\n<title>L&#039;\u00e9cole Wolf de Mulhouse : innovation en enseignement pour 2025<\/title>\n<meta name=\"description\" content=\"D\u00e9couvrez l&#039;\u00e9cole Wolf de Mulhouse : un enseignement innovant en 2025 alliant p\u00e9dagogie moderne et r\u00e9ussite scolaire garantie.\" \/>\n<meta name=\"robots\" content=\"index, follow, max-snippet:-1, max-image-preview:large, max-video-preview:-1\" \/>\n<link rel=\"canonical\" href=\"https:\/\/www.apres-lecole.fr\/Blog\/ecole-wolf-mulhouse-2025\/\" \/>\n<meta property=\"og:locale\" content=\"fr_FR\" \/>\n<meta property=\"og:type\" content=\"article\" \/>\n<meta property=\"og:title\" content=\"L&#039;\u00e9cole Wolf de Mulhouse : innovation en enseignement pour 2025\" \/>\n<meta property=\"og:description\" content=\"D\u00e9couvrez l&#039;\u00e9cole Wolf de Mulhouse : un enseignement innovant en 2025 alliant p\u00e9dagogie moderne et r\u00e9ussite scolaire garantie.\" \/>\n<meta property=\"og:url\" content=\"https:\/\/www.apres-lecole.fr\/Blog\/ecole-wolf-mulhouse-2025\/\" \/>\n<meta property=\"article:published_time\" content=\"2025-08-05T08:32:05+00:00\" \/>\n<meta property=\"og:image\" content=\"https:\/\/www.apres-lecole.fr\/Blog\/wp-content\/uploads\/2025\/08\/Decouvrez-lecole-Wolf-de-Mulhouse-un-modele-denseignement-innovant-en-2025.jpg\" \/>\n\t<meta property=\"og:image:width\" content=\"1344\" \/>\n\t<meta property=\"og:image:height\" content=\"768\" \/>\n\t<meta property=\"og:image:type\" content=\"image\/jpeg\" \/>\n<meta name=\"twitter:card\" content=\"summary_large_image\" \/>\n<meta name=\"twitter:label1\" content=\"\u00c9crit par\" \/>\n\t<meta name=\"twitter:data1\" content=\"\" \/>\n\t<meta name=\"twitter:label2\" content=\"Dur\u00e9e de lecture estim\u00e9e\" \/>\n\t<meta name=\"twitter:data2\" content=\"8 minutes\" \/>\n<script type=\"application\/ld+json\" class=\"yoast-schema-graph\">{\"@context\":\"https:\\\/\\\/schema.org\",\"@graph\":[{\"@type\":\"Article\",\"@id\":\"https:\\\/\\\/www.apres-lecole.fr\\\/Blog\\\/ecole-wolf-mulhouse-2025\\\/#article\",\"isPartOf\":{\"@id\":\"https:\\\/\\\/www.apres-lecole.fr\\\/Blog\\\/ecole-wolf-mulhouse-2025\\\/\"},\"author\":{\"name\":\"\",\"@id\":\"\"},\"headline\":\"D\u00e9couvrez l&rsquo;\u00e9cole Wolf de Mulhouse : un mod\u00e8le d&rsquo;enseignement innovant en 2025\",\"datePublished\":\"2025-08-05T08:32:05+00:00\",\"mainEntityOfPage\":{\"@id\":\"https:\\\/\\\/www.apres-lecole.fr\\\/Blog\\\/ecole-wolf-mulhouse-2025\\\/\"},\"wordCount\":1628,\"commentCount\":0,\"image\":{\"@id\":\"https:\\\/\\\/www.apres-lecole.fr\\\/Blog\\\/ecole-wolf-mulhouse-2025\\\/#primaryimage\"},\"thumbnailUrl\":\"https:\\\/\\\/www.apres-lecole.fr\\\/Blog\\\/wp-content\\\/uploads\\\/2025\\\/08\\\/Decouvrez-lecole-Wolf-de-Mulhouse-un-modele-denseignement-innovant-en-2025.jpg\",\"keywords\":[\"\u00e9cole wolf\",\"enseignement innovant\",\"mod\u00e8le d'enseignement\",\"mulhouse\"],\"articleSection\":[\"Actualit\u00e9s\"],\"inLanguage\":\"fr-FR\",\"potentialAction\":[{\"@type\":\"CommentAction\",\"name\":\"Comment\",\"target\":[\"https:\\\/\\\/www.apres-lecole.fr\\\/Blog\\\/ecole-wolf-mulhouse-2025\\\/#respond\"]}]},{\"@type\":\"WebPage\",\"@id\":\"https:\\\/\\\/www.apres-lecole.fr\\\/Blog\\\/ecole-wolf-mulhouse-2025\\\/\",\"url\":\"https:\\\/\\\/www.apres-lecole.fr\\\/Blog\\\/ecole-wolf-mulhouse-2025\\\/\",\"name\":\"L'\u00e9cole Wolf de Mulhouse : innovation en enseignement pour 2025\",\"isPartOf\":{\"@id\":\"https:\\\/\\\/www.apres-lecole.fr\\\/Blog\\\/#website\"},\"primaryImageOfPage\":{\"@id\":\"https:\\\/\\\/www.apres-lecole.fr\\\/Blog\\\/ecole-wolf-mulhouse-2025\\\/#primaryimage\"},\"image\":{\"@id\":\"https:\\\/\\\/www.apres-lecole.fr\\\/Blog\\\/ecole-wolf-mulhouse-2025\\\/#primaryimage\"},\"thumbnailUrl\":\"https:\\\/\\\/www.apres-lecole.fr\\\/Blog\\\/wp-content\\\/uploads\\\/2025\\\/08\\\/Decouvrez-lecole-Wolf-de-Mulhouse-un-modele-denseignement-innovant-en-2025.jpg\",\"datePublished\":\"2025-08-05T08:32:05+00:00\",\"author\":{\"@id\":\"\"},\"description\":\"D\u00e9couvrez l'\u00e9cole Wolf de Mulhouse : un enseignement innovant en 2025 alliant p\u00e9dagogie moderne et r\u00e9ussite scolaire garantie.\",\"breadcrumb\":{\"@id\":\"https:\\\/\\\/www.apres-lecole.fr\\\/Blog\\\/ecole-wolf-mulhouse-2025\\\/#breadcrumb\"},\"inLanguage\":\"fr-FR\",\"potentialAction\":[{\"@type\":\"ReadAction\",\"target\":[\"https:\\\/\\\/www.apres-lecole.fr\\\/Blog\\\/ecole-wolf-mulhouse-2025\\\/\"]}]},{\"@type\":\"ImageObject\",\"inLanguage\":\"fr-FR\",\"@id\":\"https:\\\/\\\/www.apres-lecole.fr\\\/Blog\\\/ecole-wolf-mulhouse-2025\\\/#primaryimage\",\"url\":\"https:\\\/\\\/www.apres-lecole.fr\\\/Blog\\\/wp-content\\\/uploads\\\/2025\\\/08\\\/Decouvrez-lecole-Wolf-de-Mulhouse-un-modele-denseignement-innovant-en-2025.jpg\",\"contentUrl\":\"https:\\\/\\\/www.apres-lecole.fr\\\/Blog\\\/wp-content\\\/uploads\\\/2025\\\/08\\\/Decouvrez-lecole-Wolf-de-Mulhouse-un-modele-denseignement-innovant-en-2025.jpg\",\"width\":1344,\"height\":768,\"caption\":\"plongez au c\u0153ur de l'\u00e9cole wolf de mulhouse, un \u00e9tablissement innovant qui red\u00e9finit l'enseignement en 2025. d\u00e9couvrez des m\u00e9thodes p\u00e9dagogiques avant-gardistes, un environnement d'apprentissage inspirant et des programmes adapt\u00e9s aux enjeux de demain.\"},{\"@type\":\"BreadcrumbList\",\"@id\":\"https:\\\/\\\/www.apres-lecole.fr\\\/Blog\\\/ecole-wolf-mulhouse-2025\\\/#breadcrumb\",\"itemListElement\":[{\"@type\":\"ListItem\",\"position\":1,\"name\":\"Home\",\"item\":\"https:\\\/\\\/www.apres-lecole.fr\\\/Blog\\\/\"},{\"@type\":\"ListItem\",\"position\":2,\"name\":\"D\u00e9couvrez l&rsquo;\u00e9cole Wolf de Mulhouse : un mod\u00e8le d&rsquo;enseignement innovant en 2025\"}]},{\"@type\":\"WebSite\",\"@id\":\"https:\\\/\\\/www.apres-lecole.fr\\\/Blog\\\/#website\",\"url\":\"https:\\\/\\\/www.apres-lecole.fr\\\/Blog\\\/\",\"name\":\"\",\"description\":\"M\u00e9dia g\u00e9n\u00e9raliste\",\"potentialAction\":[{\"@type\":\"SearchAction\",\"target\":{\"@type\":\"EntryPoint\",\"urlTemplate\":\"https:\\\/\\\/www.apres-lecole.fr\\\/Blog\\\/?s={search_term_string}\"},\"query-input\":{\"@type\":\"PropertyValueSpecification\",\"valueRequired\":true,\"valueName\":\"search_term_string\"}}],\"inLanguage\":\"fr-FR\"},{\"@type\":\"Person\",\"@id\":\"\",\"url\":\"https:\\\/\\\/www.apres-lecole.fr\\\/Blog\\\/author\\\/\"}]}<\/script>\n<!-- \/ Yoast SEO plugin. -->","yoast_head_json":{"title":"L'\u00e9cole Wolf de Mulhouse : innovation en enseignement pour 2025","description":"D\u00e9couvrez l'\u00e9cole Wolf de Mulhouse : un enseignement innovant en 2025 alliant p\u00e9dagogie moderne et r\u00e9ussite scolaire garantie.","robots":{"index":"index","follow":"follow","max-snippet":"max-snippet:-1","max-image-preview":"max-image-preview:large","max-video-preview":"max-video-preview:-1"},"canonical":"https:\/\/www.apres-lecole.fr\/Blog\/ecole-wolf-mulhouse-2025\/","og_locale":"fr_FR","og_type":"article","og_title":"L'\u00e9cole Wolf de Mulhouse : innovation en enseignement pour 2025","og_description":"D\u00e9couvrez l'\u00e9cole Wolf de Mulhouse : un enseignement innovant en 2025 alliant p\u00e9dagogie moderne et r\u00e9ussite scolaire garantie.","og_url":"https:\/\/www.apres-lecole.fr\/Blog\/ecole-wolf-mulhouse-2025\/","article_published_time":"2025-08-05T08:32:05+00:00","og_image":[{"width":1344,"height":768,"url":"https:\/\/www.apres-lecole.fr\/Blog\/wp-content\/uploads\/2025\/08\/Decouvrez-lecole-Wolf-de-Mulhouse-un-modele-denseignement-innovant-en-2025.jpg","type":"image\/jpeg"}],"twitter_card":"summary_large_image","twitter_misc":{"\u00c9crit par":"","Dur\u00e9e de lecture estim\u00e9e":"8 minutes"},"schema":{"@context":"https:\/\/schema.org","@graph":[{"@type":"Article","@id":"https:\/\/www.apres-lecole.fr\/Blog\/ecole-wolf-mulhouse-2025\/#article","isPartOf":{"@id":"https:\/\/www.apres-lecole.fr\/Blog\/ecole-wolf-mulhouse-2025\/"},"author":{"name":"","@id":""},"headline":"D\u00e9couvrez l&rsquo;\u00e9cole Wolf de Mulhouse : un mod\u00e8le d&rsquo;enseignement innovant en 2025","datePublished":"2025-08-05T08:32:05+00:00","mainEntityOfPage":{"@id":"https:\/\/www.apres-lecole.fr\/Blog\/ecole-wolf-mulhouse-2025\/"},"wordCount":1628,"commentCount":0,"image":{"@id":"https:\/\/www.apres-lecole.fr\/Blog\/ecole-wolf-mulhouse-2025\/#primaryimage"},"thumbnailUrl":"https:\/\/www.apres-lecole.fr\/Blog\/wp-content\/uploads\/2025\/08\/Decouvrez-lecole-Wolf-de-Mulhouse-un-modele-denseignement-innovant-en-2025.jpg","keywords":["\u00e9cole wolf","enseignement innovant","mod\u00e8le d'enseignement","mulhouse"],"articleSection":["Actualit\u00e9s"],"inLanguage":"fr-FR","potentialAction":[{"@type":"CommentAction","name":"Comment","target":["https:\/\/www.apres-lecole.fr\/Blog\/ecole-wolf-mulhouse-2025\/#respond"]}]},{"@type":"WebPage","@id":"https:\/\/www.apres-lecole.fr\/Blog\/ecole-wolf-mulhouse-2025\/","url":"https:\/\/www.apres-lecole.fr\/Blog\/ecole-wolf-mulhouse-2025\/","name":"L'\u00e9cole Wolf de Mulhouse : innovation en enseignement pour 2025","isPartOf":{"@id":"https:\/\/www.apres-lecole.fr\/Blog\/#website"},"primaryImageOfPage":{"@id":"https:\/\/www.apres-lecole.fr\/Blog\/ecole-wolf-mulhouse-2025\/#primaryimage"},"image":{"@id":"https:\/\/www.apres-lecole.fr\/Blog\/ecole-wolf-mulhouse-2025\/#primaryimage"},"thumbnailUrl":"https:\/\/www.apres-lecole.fr\/Blog\/wp-content\/uploads\/2025\/08\/Decouvrez-lecole-Wolf-de-Mulhouse-un-modele-denseignement-innovant-en-2025.jpg","datePublished":"2025-08-05T08:32:05+00:00","author":{"@id":""},"description":"D\u00e9couvrez l'\u00e9cole Wolf de Mulhouse : un enseignement innovant en 2025 alliant p\u00e9dagogie moderne et r\u00e9ussite scolaire garantie.","breadcrumb":{"@id":"https:\/\/www.apres-lecole.fr\/Blog\/ecole-wolf-mulhouse-2025\/#breadcrumb"},"inLanguage":"fr-FR","potentialAction":[{"@type":"ReadAction","target":["https:\/\/www.apres-lecole.fr\/Blog\/ecole-wolf-mulhouse-2025\/"]}]},{"@type":"ImageObject","inLanguage":"fr-FR","@id":"https:\/\/www.apres-lecole.fr\/Blog\/ecole-wolf-mulhouse-2025\/#primaryimage","url":"https:\/\/www.apres-lecole.fr\/Blog\/wp-content\/uploads\/2025\/08\/Decouvrez-lecole-Wolf-de-Mulhouse-un-modele-denseignement-innovant-en-2025.jpg","contentUrl":"https:\/\/www.apres-lecole.fr\/Blog\/wp-content\/uploads\/2025\/08\/Decouvrez-lecole-Wolf-de-Mulhouse-un-modele-denseignement-innovant-en-2025.jpg","width":1344,"height":768,"caption":"plongez au c\u0153ur de l'\u00e9cole wolf de mulhouse, un \u00e9tablissement innovant qui red\u00e9finit l'enseignement en 2025. d\u00e9couvrez des m\u00e9thodes p\u00e9dagogiques avant-gardistes, un environnement d'apprentissage inspirant et des programmes adapt\u00e9s aux enjeux de demain."},{"@type":"BreadcrumbList","@id":"https:\/\/www.apres-lecole.fr\/Blog\/ecole-wolf-mulhouse-2025\/#breadcrumb","itemListElement":[{"@type":"ListItem","position":1,"name":"Home","item":"https:\/\/www.apres-lecole.fr\/Blog\/"},{"@type":"ListItem","position":2,"name":"D\u00e9couvrez l&rsquo;\u00e9cole Wolf de Mulhouse : un mod\u00e8le d&rsquo;enseignement innovant en 2025"}]},{"@type":"WebSite","@id":"https:\/\/www.apres-lecole.fr\/Blog\/#website","url":"https:\/\/www.apres-lecole.fr\/Blog\/","name":"","description":"M\u00e9dia g\u00e9n\u00e9raliste","potentialAction":[{"@type":"SearchAction","target":{"@type":"EntryPoint","urlTemplate":"https:\/\/www.apres-lecole.fr\/Blog\/?s={search_term_string}"},"query-input":{"@type":"PropertyValueSpecification","valueRequired":true,"valueName":"search_term_string"}}],"inLanguage":"fr-FR"},{"@type":"Person","@id":"","url":"https:\/\/www.apres-lecole.fr\/Blog\/author\/"}]}},"views":4,"_links":{"self":[{"href":"https:\/\/www.apres-lecole.fr\/Blog\/wp-json\/wp\/v2\/posts\/2118","targetHints":{"allow":["GET"]}}],"collection":[{"href":"https:\/\/www.apres-lecole.fr\/Blog\/wp-json\/wp\/v2\/posts"}],"about":[{"href":"https:\/\/www.apres-lecole.fr\/Blog\/wp-json\/wp\/v2\/types\/post"}],"author":[{"embeddable":true,"href":"https:\/\/www.apres-lecole.fr\/Blog\/wp-json\/wp\/v2\/users\/7"}],"replies":[{"embeddable":true,"href":"https:\/\/www.apres-lecole.fr\/Blog\/wp-json\/wp\/v2\/comments?post=2118"}],"version-history":[{"count":0,"href":"https:\/\/www.apres-lecole.fr\/Blog\/wp-json\/wp\/v2\/posts\/2118\/revisions"}],"wp:featuredmedia":[{"embeddable":true,"href":"https:\/\/www.apres-lecole.fr\/Blog\/wp-json\/wp\/v2\/media\/2117"}],"wp:attachment":[{"href":"https:\/\/www.apres-lecole.fr\/Blog\/wp-json\/wp\/v2\/media?parent=2118"}],"wp:term":[{"taxonomy":"category","embeddable":true,"href":"https:\/\/www.apres-lecole.fr\/Blog\/wp-json\/wp\/v2\/categories?post=2118"},{"taxonomy":"post_tag","embeddable":true,"href":"https:\/\/www.apres-lecole.fr\/Blog\/wp-json\/wp\/v2\/tags?post=2118"}],"curies":[{"name":"wp","href":"https:\/\/api.w.org\/{rel}","templated":true}]}}