{"id":2113,"date":"2025-07-23T07:03:48","date_gmt":"2025-07-23T07:03:48","guid":{"rendered":"https:\/\/www.apres-lecole.fr\/Blog\/climatisation-ecole-enjeux\/"},"modified":"2025-07-23T07:03:48","modified_gmt":"2025-07-23T07:03:48","slug":"climatisation-ecole-enjeux","status":"publish","type":"post","link":"https:\/\/www.apres-lecole.fr\/Blog\/climatisation-ecole-enjeux\/","title":{"rendered":"Climatisation dans les \u00e9tablissements scolaires : enjeux financiers et \u00e9cologiques, un sujet qui suscite des d\u00e9bats"},"content":{"rendered":"\n\n<div class=\"kk-star-ratings kksr-auto kksr-align-left kksr-valign-top\"\n    data-payload='{&quot;align&quot;:&quot;left&quot;,&quot;id&quot;:&quot;2113&quot;,&quot;slug&quot;:&quot;default&quot;,&quot;valign&quot;:&quot;top&quot;,&quot;ignore&quot;:&quot;&quot;,&quot;reference&quot;:&quot;auto&quot;,&quot;class&quot;:&quot;&quot;,&quot;count&quot;:&quot;0&quot;,&quot;legendonly&quot;:&quot;&quot;,&quot;readonly&quot;:&quot;&quot;,&quot;score&quot;:&quot;0&quot;,&quot;starsonly&quot;:&quot;&quot;,&quot;best&quot;:&quot;5&quot;,&quot;gap&quot;:&quot;5&quot;,&quot;greet&quot;:&quot;Rate this post&quot;,&quot;legend&quot;:&quot;0\\\/5 - (0 vote)&quot;,&quot;size&quot;:&quot;24&quot;,&quot;title&quot;:&quot;Climatisation dans les \u00e9tablissements scolaires : enjeux financiers et \u00e9cologiques, un sujet qui suscite des d\u00e9bats&quot;,&quot;width&quot;:&quot;0&quot;,&quot;_legend&quot;:&quot;{score}\\\/{best} - ({count} {votes})&quot;,&quot;font_factor&quot;:&quot;1.25&quot;}'>\n            \n<div class=\"kksr-stars\">\n    \n<div class=\"kksr-stars-inactive\">\n            <div class=\"kksr-star\" data-star=\"1\" style=\"padding-right: 5px\">\n            \n\n<div class=\"kksr-icon\" style=\"width: 24px; height: 24px;\"><\/div>\n        <\/div>\n            <div class=\"kksr-star\" data-star=\"2\" style=\"padding-right: 5px\">\n            \n\n<div class=\"kksr-icon\" style=\"width: 24px; height: 24px;\"><\/div>\n        <\/div>\n            <div class=\"kksr-star\" data-star=\"3\" style=\"padding-right: 5px\">\n            \n\n<div class=\"kksr-icon\" style=\"width: 24px; height: 24px;\"><\/div>\n        <\/div>\n            <div class=\"kksr-star\" data-star=\"4\" style=\"padding-right: 5px\">\n            \n\n<div class=\"kksr-icon\" style=\"width: 24px; height: 24px;\"><\/div>\n        <\/div>\n            <div class=\"kksr-star\" data-star=\"5\" style=\"padding-right: 5px\">\n            \n\n<div class=\"kksr-icon\" style=\"width: 24px; height: 24px;\"><\/div>\n        <\/div>\n    <\/div>\n    \n<div class=\"kksr-stars-active\" style=\"width: 0px;\">\n            <div class=\"kksr-star\" style=\"padding-right: 5px\">\n            \n\n<div class=\"kksr-icon\" style=\"width: 24px; height: 24px;\"><\/div>\n        <\/div>\n            <div class=\"kksr-star\" style=\"padding-right: 5px\">\n            \n\n<div class=\"kksr-icon\" style=\"width: 24px; height: 24px;\"><\/div>\n        <\/div>\n            <div class=\"kksr-star\" style=\"padding-right: 5px\">\n            \n\n<div class=\"kksr-icon\" style=\"width: 24px; height: 24px;\"><\/div>\n        <\/div>\n            <div class=\"kksr-star\" style=\"padding-right: 5px\">\n            \n\n<div class=\"kksr-icon\" style=\"width: 24px; height: 24px;\"><\/div>\n        <\/div>\n            <div class=\"kksr-star\" style=\"padding-right: 5px\">\n            \n\n<div class=\"kksr-icon\" style=\"width: 24px; height: 24px;\"><\/div>\n        <\/div>\n    <\/div>\n<\/div>\n                \n\n<div class=\"kksr-legend\" style=\"font-size: 19.2px;\">\n            <span class=\"kksr-muted\">Rate this post<\/span>\n    <\/div>\n    <\/div>\n<p>Dans un monde o\u00f9 les temp\u00e9ratures grimpent et o\u00f9 les canicules semblent devenir la norme, la question de la climatisation dans les \u00e9tablissements scolaires est plus que jamais d&rsquo;actualit\u00e9. Les \u00e9coles, ces lieux de savoir, sont-elles vraiment adapt\u00e9es aux nouvelles conditions climatiques ? Entre arguments financiers et pr\u00e9occupations \u00e9cologiques, le d\u00e9bat s&rsquo;intensifie. Les parents, les enseignants et les \u00e9lus tentent de trouver un consensus alors que les thermom\u00e8tres se rapprochent dangereusement des 35\u00b0C. Que faire face \u00e0 cette chaleur accablante ? Peut-on r\u00e9ellement envisager d&rsquo;\u00e9quiper nos \u00e9coles de syst\u00e8mes de climatisation sans compromettre l&rsquo;avenir de notre plan\u00e8te ?<\/p>\n\n<h2 class=\"wp-block-heading\">Les enjeux financiers de la climatisation dans les \u00e9coles<\/h2>\n\n<p>Penser \u00e0 la climatiseurs dans les \u00e9tablissements scolaires, c&rsquo;est d&rsquo;abord s&rsquo;attarder sur les implications budg\u00e9taires. \u00c9quiper les salles de classe de syst\u00e8mes tels que ceux propos\u00e9s par <strong>Daikin<\/strong>, <strong>Carrier<\/strong>, ou <strong>Mitsubishi Electric<\/strong> co\u00fbte cher. La question du financement est donc primordiale. Pour de nombreuses \u00e9coles, d\u00e9j\u00e0 confront\u00e9es \u00e0 des budgets restreints, ce choix peut sembler une montagne \u00e0 gravir.<\/p>\n\n<p>Dans ce contexte, le gouvernement a annonc\u00e9 un plan ambitieux de r\u00e9novation \u00e9nerg\u00e9tique de 10 000 \u00e9coles d&rsquo;ici 2027, visant des \u00e9conomies d&rsquo;\u00e9nergie de 40 % par \u00e9tablissement. La beaut\u00e9 du projet r\u00e9side dans le fait qu&rsquo;il propose aussi d&rsquo;\u00e9ventuelles subventions. Il va falloir jongler entre l&rsquo;achat des \u00e9quipements, leur installation et l&rsquo;entretien, sans oublier les factures d&rsquo;\u00e9lectricit\u00e9 qui vont exploser. Qui va \u00e9ponger cette d\u00e9pense ?<\/p>\n\n<h3 class=\"wp-block-heading\">Des choix strat\u00e9giques \u00e0 faire<\/h3>\n\n<p>En mati\u00e8re d&rsquo;\u00e9quipements, faire le bon choix est essentiel. Des marques comme <strong>LG<\/strong>, <strong>Panasonic<\/strong>, ou <strong>Fujitsu<\/strong> offrent des solutions, mais il convient d&rsquo;\u00e9valuer leur efficacit\u00e9 \u00e9nerg\u00e9tique et leur impact sur les finances de l&rsquo;\u00e9tablissement. En effet, un syst\u00e8me bien choisi peut r\u00e9duire drastiquement les co\u00fbts \u00e0 tr\u00e8s long terme. Les \u00e9conomies r\u00e9alis\u00e9es sur les factures d&rsquo;\u00e9nergie peuvent largement compenser l&rsquo;investissement initial. Pour illustrer cette id\u00e9e, voici un tableau des co\u00fbts par marque :<\/p>\n\n<figure class=\"wp-block-table\"><table>\n<thead>\n<tr>\n<th>Marque<\/th>\n<th>Co\u00fbt initial<\/th>\n<th>\u00c9conomie d&rsquo;\u00e9nergie (%)<\/th>\n<th>Dur\u00e9e de vie (ann\u00e9es)<\/th>\n<\/tr>\n<\/thead>\n<tbody>\n<tr>\n<td>Daikin<\/td>\n<td>3000 \u20ac<\/td>\n<td>30%<\/td>\n<td>15 ans<\/td>\n<\/tr>\n<tr>\n<td>Carrier<\/td>\n<td>2800 \u20ac<\/td>\n<td>25%<\/td>\n<td>12 ans<\/td>\n<\/tr>\n<tr>\n<td>Mitsubishi Electric<\/td>\n<td>3500 \u20ac<\/td>\n<td>35%<\/td>\n<td>20 ans<\/td>\n<\/tr>\n<\/tbody>\n<\/table><\/figure>\n\n<p>En parall\u00e8le, l&rsquo;\u00e9tude des co\u00fbts d&rsquo;entretien et des projections sur de possibles subventions gouvernementales est \u00e9galement \u00e0 prendre en compte. Des initiatives locales de financement, telles que celles mises en place \u00e0 <a href=\"https:\/\/www.apres-lecole.fr\/Blog\/travaux-ecole-salle-rival\/\" target=\"_blank\">Rival<\/a>, illustrent la dynamique positive \u00e0 op\u00e9rer sur ce sujet crucial. Il ne faut pas oublier que si la climatisation s&rsquo;av\u00e8re n\u00e9cessaire, une r\u00e9flexion globale sur l&rsquo;am\u00e9lioration de l&rsquo;isolation des b\u00e2timents scolaires est \u00e9galement indispensable.<\/p>\n\n<h2 class=\"wp-block-heading\">\u00c9cologie et enjeux de sant\u00e9 : le dilemme<\/h2>\n\n<p>S&rsquo;il est tentant de c\u00e9der \u00e0 l&rsquo;attrait d&rsquo;un syst\u00e8me de climatisation confortable, n&rsquo;oublions pas les enjeux \u00e9cologiques qui en d\u00e9coulent. La climatisation consomme \u00e9norm\u00e9ment d&rsquo;\u00e9nergie, surtout si l&rsquo;on se dirige vers des syst\u00e8mes peu performants. Cela contribue \u00e0 augmenter l&#8217;empreinte carbone des \u00e9tablissements. En effet, durant l&rsquo;\u00e9pisode caniculaire de juillet, des classes ont atteint des temp\u00e9ratures record. Ce ph\u00e9nom\u00e8ne a-t-il failli compromettre la sant\u00e9 des \u00e9l\u00e8ves ?<\/p>\n\n<p>Un \u00e9tablissement scolaire doit \u00eatre un lieu s\u00fbr pour les enfants. La chaleur extr\u00eame peut provoquer des maux de t\u00eate, des troubles de la concentration, et m\u00eame des risques d&rsquo;insolation en cas d&rsquo;exposition prolong\u00e9e. Les autorit\u00e9s se retrouvent devant un choix difficile : privil\u00e9gier le confort imm\u00e9diat ou penser \u00e0 l\u2019avenir \u00e9cologique. Pour r\u00e9pondre \u00e0 ce dilemme, divers experts sugg\u00e8rent des alternatives \u00e0 la climatisation, comme l&rsquo;utilisation de toits v\u00e9g\u00e9talis\u00e9s ou le recours \u00e0 la g\u00e9othermie.<\/p>\n\n<h3 class=\"wp-block-heading\">Les solutions durables \u00e0 envisager<\/h3>\n\n<p>Ces solutions alternatives semblent s\u00e9duisantes, mais n\u00e9cessitent un investissement initial. Voici quelques suggestions respectueuses de l&rsquo;environnement :<\/p>\n\n<ul class=\"wp-block-list\"><li>\ud83d\udc3e <strong>Toits v\u00e9g\u00e9talis\u00e9s<\/strong> : am\u00e9liorent l&rsquo;isolation et rafra\u00eechissent naturellement les b\u00e2timents.<\/li><li>\ud83c\udf31 <strong>G\u00e9othermie<\/strong> : utilise la chaleur de la terre pour r\u00e9guler la temp\u00e9rature.<\/li><li>\u267b\ufe0f <strong>Ventilation naturelle<\/strong> : permet un renouvellement d&rsquo;air et une circulation efficace.<\/li><li>\ud83c\udf2c\ufe0f <strong>\u00c9quipements \u00e0 haute efficacit\u00e9 \u00e9nerg\u00e9tique<\/strong> : limitent la consommation d&rsquo;\u00e9nergie.<\/li><\/ul>\n\n<p>Alors que le d\u00e9bat fait rage, il est clair qu&rsquo;un plugin syst\u00e8me de climatisation doit \u00eatre soigneusement envisag\u00e9 dans une approche plus globale. La mise en place de projets comme celui d\u00e9velopp\u00e9 \u00e0 <a href=\"https:\/\/www.apres-lecole.fr\/Blog\/ecole-mougins-geothermie\/\" target=\"_blank\">Mougins<\/a> pourrait apporter une bouff\u00e9e d&rsquo;air frais \u00e0 ce d\u00e9bat : une \u00e9cole r\u00e9alis\u00e9e avec des normes environnementales drastiques au service d&rsquo;un futur \u00e9coresponsable.  <\/p>\n\n<h2 class=\"wp-block-heading\">Le retour du d\u00e9bat politique sur la climatisation<\/h2>\n\n<p>Le sujet de la climatisation dans les \u00e9tablissements scolaires ne manque pas d&rsquo;animer les pol\u00e9miques. La classe politique est divis\u00e9e, comme en t\u00e9moigne la demande de Marine Le Pen pour un \u00ab grand plan pour la climatisation \u00bb. Ce genre d&rsquo;initiative montre \u00e0 quel point le besoin de rafra\u00eechir les \u00e9coles est devenu pressing. Les enfants ne doivent pas souffrir de la chaleur durant leurs heures d&rsquo;apprentissage.<\/p>\n\n<p>En parall\u00e8le, certains partis, comme le groupe UDR, ont d\u00e9pos\u00e9 une proposition de loi pour rendre la climatisation obligatoire dans les espaces publics. De leur c\u00f4t\u00e9, les responsables de l\u2019\u00e9ducation, comme Gabriel Attal, font valoir l&rsquo;importance de l&rsquo;isolation des b\u00e2timents pour \u00e9viter de recourir \u00e0 la climatisation.<\/p>\n\n<h3 class=\"wp-block-heading\">Les voix qui s&rsquo;\u00e9l\u00e8vent<\/h3>\n\n<p>Le n\u00e9cessaire \u00e9quilibre entre sant\u00e9 des \u00e9l\u00e8ves et responsabilit\u00e9 environnementale alimente les d\u00e9bats enflamm\u00e9s au sein des conseils municipaux. La question ne concerne pas uniquement les parents ou le corps enseignant. Voici quelques points de vue \u00e9mis par diff\u00e9rentes parties prenantes :<\/p>\n\n<ol class=\"wp-block-list\"><li>\ud83d\udde3\ufe0f Les enseignants : \u00ab\u00a0Les \u00e9l\u00e8ves ne doivent pas souffrir de la chaleur.\u00a0\u00bb<\/li><li>\ud83c\udfe2 Les directeurs d&rsquo;\u00e9cole : \u00ab\u00a0Des solutions durables doivent \u00eatre mises en avant.\u00a0\u00bb<\/li><li>\ud83d\udcb0 Les \u00e9lus : \u00ab\u00a0Comment financer ces projets ?\u00a0\u00bb <\/li><li>\ud83c\udf0d Les \u00e9cologistes : \u00ab\u00a0Ne sacrifions pas notre plan\u00e8te pour notre confort.\u00a0\u00bb <\/li><\/ol>\n\n<p>Ce d\u00e9bat pourrait aboutir \u00e0 des solutions innovantes et adapt\u00e9es au besoin de chacun, mais reste \u00e0 savoir quel camp l&#8217;emportera. Pendant ce temps, les temp\u00e9ratures continuent de grimper, et les solutions alternatives se font attendre.<\/p>\n\n<h2 class=\"wp-block-heading\">Le r\u00f4le de l&rsquo;innovation dans le refroidissement des \u00e9coles<\/h2>\n\n<p>Face \u00e0 ces d\u00e9fis, la recherche permanente de solutions innovantes est primordiale. Plusieurs entreprises, telles que <strong>Samsung<\/strong>, <strong>Climalife<\/strong> ou <strong>Sodefrost<\/strong>, travaillent sur des technologies visant \u00e0 am\u00e9liorer la performance des syst\u00e8mes de climatisation tout en r\u00e9duisant l&rsquo;impact environnemental. Parall\u00e8lement, des initiatives sont mises en avant \u00e0 l&rsquo;\u00e9chelle locale pour promouvoir des syst\u00e8mes \u00e9cologiques d&rsquo;une mani\u00e8re strat\u00e9gique.<\/p>\n\n<p>Le changement n&rsquo;est pas uniquement technologique ; il s&rsquo;accompagne aussi d&rsquo;une \u00e9volution comportementale dans nos \u00e9tablissements scolaires. Un besoin urgent existe de sensibiliser \u00e9coles et \u00e9l\u00e8ves sur l&rsquo;importance d&rsquo;\u00e9conomiser l&rsquo;\u00e9nergie et d&rsquo;adopter des comportements \u00e9coresponsables.<\/p>\n\n<h3 class=\"wp-block-heading\">Les outils technologiques \u00e0 mise \u00e0 jour<\/h3>\n\n<p>Pour mieux pr\u00e9parer les \u00e9coles face \u00e0 la chaleur extr\u00eame, les mod\u00e8les de climatisation d\u00e9velopp\u00e9s doivent inclure des fonctionnalit\u00e9s \u00e9cologiques. Voici quelques caract\u00e9ristiques \u00e0 surveiller :<\/p>\n\n<ul class=\"wp-block-list\"><li>\ud83c\udf21\ufe0f \u00c9conomie d&rsquo;\u00e9nergie : appareils \u00e0 bas consommation, optimis\u00e9s pour r\u00e9duire les co\u00fbts.<\/li><li>\ud83d\udcf1 Connectivit\u00e9 : syst\u00e8mes intelligents pouvant \u00eatre g\u00e9r\u00e9s \u00e0 distance.<\/li><li>\ud83c\udf31 Mat\u00e9riaux \u00e9cologiques : utilisation de mat\u00e9riaux recycl\u00e9s dans la fabrication des unit\u00e9s.<\/li><li>\ud83d\udd27 Maintenance facilit\u00e9e : garantit une long\u00e9vit\u00e9 maximale du syst\u00e8me.<\/li><\/ul>\n\n<p>Les innovations ne cessent d&rsquo;\u00e9voluer, et une collaboration entre le secteur \u00e9ducatif et les entreprises pourrait bien faire r\u00e9sonner les solutions propos\u00e9es. Pour se projeter vers une \u00e9cole plus respectueuse de l&rsquo;environnement, il est imp\u00e9ratif d&rsquo;engager des discussions afin de prendre de nouvelles mesures. Les projets pilotes \u00e9mergents, similaires \u00e0 ceux lanc\u00e9s \u00e0 <a href=\"https:\/\/www.apres-lecole.fr\/Blog\/excelia-tours-locaux-neufs\/\" target=\"_blank\">Tours<\/a>, s\u2019av\u00e8rent \u00eatre des exemples \u00e0 suivre. Il en va de l\u2019avenir de l\u2019\u00e9ducation.<\/p>\n\n<h2 class=\"wp-block-heading\">FAQ sur la climatisation dans les \u00e9tablissements scolaires<\/h2>\n\n<ul class=\"wp-block-list\"><li><strong>Pourquoi la climatisation est-elle n\u00e9cessaire dans les \u00e9coles ?<\/strong> Les \u00e9coles doivent garantir le confort et la sant\u00e9 des \u00e9l\u00e8ves, et les temp\u00e9ratures \u00e9lev\u00e9es peuvent nuire \u00e0 leur apprentissage.<\/li><li><strong>Quelles sont les alternatives \u00e9cologiques \u00e0 la climatisation ?<\/strong> Des solutions comme les toits v\u00e9g\u00e9talis\u00e9s, la g\u00e9othermie et une meilleure isolation pourraient aider.<\/li><li><strong>Qui finance les projets de climatisation dans les \u00e9coles ?<\/strong> Les budgets scolaires, le gouvernement, et \u00e9ventuellement des subventions locales ou r\u00e9gionales.<\/li><li><strong>Quels sont les principaux d\u00e9fis de la mise en place de la climatisation ?<\/strong> Les co\u00fbts initiaux, l&rsquo;entretien, et l&rsquo;impact environnemental des syst\u00e8mes choisis.<\/li><li><strong>Comment les \u00e9coles peuvent-elles r\u00e9duire leur empreinte carbone ?<\/strong> En adoptant des technologies \u00e9coresponsables et en sensibilisant les \u00e9l\u00e8ves \u00e0 des pratiques durables.<\/li><\/ul>\n\n","protected":false},"excerpt":{"rendered":"<p>Dans un monde o\u00f9 les temp\u00e9ratures grimpent et o\u00f9 les canicules semblent devenir la norme, la question de la climatisation dans les \u00e9tablissements scolaires est plus que jamais d&rsquo;actualit\u00e9. Les \u00e9coles, ces lieux de savoir, sont-elles vraiment adapt\u00e9es aux nouvelles conditions climatiques ? Entre arguments financiers et pr\u00e9occupations \u00e9cologiques, le d\u00e9bat s&rsquo;intensifie. Les parents, les &#8230; <a title=\"Climatisation dans les \u00e9tablissements scolaires : enjeux financiers et \u00e9cologiques, un sujet qui suscite des d\u00e9bats\" class=\"read-more\" href=\"https:\/\/www.apres-lecole.fr\/Blog\/climatisation-ecole-enjeux\/\" aria-label=\"En savoir plus sur Climatisation dans les \u00e9tablissements scolaires : enjeux financiers et \u00e9cologiques, un sujet qui suscite des d\u00e9bats\">Lire plus<\/a><\/p>\n","protected":false},"author":9,"featured_media":2112,"comment_status":"open","ping_status":"open","sticky":false,"template":"","format":"standard","meta":{"footnotes":""},"categories":[342],"tags":[1235,1238,1237,1236,406],"class_list":["post-2113","post","type-post","status-publish","format-standard","has-post-thumbnail","hentry","category-actualites","tag-climatisation","tag-debat","tag-enjeux-ecologiques","tag-enjeux-financiers","tag-etablissements-scolaires"],"yoast_head":"<!-- This site is optimized with the Yoast SEO plugin v27.5 - https:\/\/yoast.com\/product\/yoast-seo-wordpress\/ -->\n<title>Climatisation scolaire : entre d\u00e9fis financiers et enjeux \u00e9cologiques<\/title>\n<meta name=\"description\" content=\"D\u00e9couvrez les enjeux financiers et \u00e9cologiques de la climatisation dans les \u00e9coles, un d\u00e9bat essentiel pour l\u2019avenir de nos \u00e9tablissements scolaires.\" \/>\n<meta name=\"robots\" content=\"index, follow, max-snippet:-1, max-image-preview:large, max-video-preview:-1\" \/>\n<link rel=\"canonical\" href=\"https:\/\/www.apres-lecole.fr\/Blog\/climatisation-ecole-enjeux\/\" \/>\n<meta property=\"og:locale\" content=\"fr_FR\" \/>\n<meta property=\"og:type\" content=\"article\" \/>\n<meta property=\"og:title\" content=\"Climatisation scolaire : entre d\u00e9fis financiers et enjeux \u00e9cologiques\" \/>\n<meta property=\"og:description\" content=\"D\u00e9couvrez les enjeux financiers et \u00e9cologiques de la climatisation dans les \u00e9coles, un d\u00e9bat essentiel pour l\u2019avenir de nos \u00e9tablissements scolaires.\" \/>\n<meta property=\"og:url\" content=\"https:\/\/www.apres-lecole.fr\/Blog\/climatisation-ecole-enjeux\/\" \/>\n<meta property=\"article:published_time\" content=\"2025-07-23T07:03:48+00:00\" \/>\n<meta property=\"og:image\" content=\"https:\/\/www.apres-lecole.fr\/Blog\/wp-content\/uploads\/2025\/07\/Climatisation-dans-les-etablissements-scolaires-enjeux-financiers-et-ecologiques-un-sujet-qui-suscite-des-debats.jpg\" \/>\n\t<meta property=\"og:image:width\" content=\"1344\" \/>\n\t<meta property=\"og:image:height\" content=\"768\" \/>\n\t<meta property=\"og:image:type\" content=\"image\/jpeg\" \/>\n<meta name=\"author\" content=\"Eva Martin\" \/>\n<meta name=\"twitter:card\" content=\"summary_large_image\" \/>\n<meta name=\"twitter:creator\" content=\"@Evaapresecole\" \/>\n<meta name=\"twitter:label1\" content=\"\u00c9crit par\" \/>\n\t<meta name=\"twitter:data1\" content=\"Eva Martin\" \/>\n\t<meta name=\"twitter:label2\" content=\"Dur\u00e9e de lecture estim\u00e9e\" \/>\n\t<meta name=\"twitter:data2\" content=\"7 minutes\" \/>\n<script type=\"application\/ld+json\" class=\"yoast-schema-graph\">{\"@context\":\"https:\\\/\\\/schema.org\",\"@graph\":[{\"@type\":\"Article\",\"@id\":\"https:\\\/\\\/www.apres-lecole.fr\\\/Blog\\\/climatisation-ecole-enjeux\\\/#article\",\"isPartOf\":{\"@id\":\"https:\\\/\\\/www.apres-lecole.fr\\\/Blog\\\/climatisation-ecole-enjeux\\\/\"},\"author\":{\"name\":\"Eva Martin\",\"@id\":\"https:\\\/\\\/www.apres-lecole.fr\\\/Blog\\\/#\\\/schema\\\/person\\\/aeb50cd4b51fc69da155804bb5bb9fc4\"},\"headline\":\"Climatisation dans les \u00e9tablissements scolaires : enjeux financiers et \u00e9cologiques, un sujet qui suscite des d\u00e9bats\",\"datePublished\":\"2025-07-23T07:03:48+00:00\",\"mainEntityOfPage\":{\"@id\":\"https:\\\/\\\/www.apres-lecole.fr\\\/Blog\\\/climatisation-ecole-enjeux\\\/\"},\"wordCount\":1449,\"commentCount\":0,\"image\":{\"@id\":\"https:\\\/\\\/www.apres-lecole.fr\\\/Blog\\\/climatisation-ecole-enjeux\\\/#primaryimage\"},\"thumbnailUrl\":\"https:\\\/\\\/www.apres-lecole.fr\\\/Blog\\\/wp-content\\\/uploads\\\/2025\\\/07\\\/Climatisation-dans-les-etablissements-scolaires-enjeux-financiers-et-ecologiques-un-sujet-qui-suscite-des-debats.jpg\",\"keywords\":[\"climatisation\",\"d\u00e9bat\",\"enjeux \u00e9cologiques\",\"enjeux financiers\",\"\u00e9tablissements scolaires\"],\"articleSection\":[\"Actualit\u00e9s\"],\"inLanguage\":\"fr-FR\",\"potentialAction\":[{\"@type\":\"CommentAction\",\"name\":\"Comment\",\"target\":[\"https:\\\/\\\/www.apres-lecole.fr\\\/Blog\\\/climatisation-ecole-enjeux\\\/#respond\"]}]},{\"@type\":\"WebPage\",\"@id\":\"https:\\\/\\\/www.apres-lecole.fr\\\/Blog\\\/climatisation-ecole-enjeux\\\/\",\"url\":\"https:\\\/\\\/www.apres-lecole.fr\\\/Blog\\\/climatisation-ecole-enjeux\\\/\",\"name\":\"Climatisation scolaire : entre d\u00e9fis financiers et enjeux \u00e9cologiques\",\"isPartOf\":{\"@id\":\"https:\\\/\\\/www.apres-lecole.fr\\\/Blog\\\/#website\"},\"primaryImageOfPage\":{\"@id\":\"https:\\\/\\\/www.apres-lecole.fr\\\/Blog\\\/climatisation-ecole-enjeux\\\/#primaryimage\"},\"image\":{\"@id\":\"https:\\\/\\\/www.apres-lecole.fr\\\/Blog\\\/climatisation-ecole-enjeux\\\/#primaryimage\"},\"thumbnailUrl\":\"https:\\\/\\\/www.apres-lecole.fr\\\/Blog\\\/wp-content\\\/uploads\\\/2025\\\/07\\\/Climatisation-dans-les-etablissements-scolaires-enjeux-financiers-et-ecologiques-un-sujet-qui-suscite-des-debats.jpg\",\"datePublished\":\"2025-07-23T07:03:48+00:00\",\"author\":{\"@id\":\"https:\\\/\\\/www.apres-lecole.fr\\\/Blog\\\/#\\\/schema\\\/person\\\/aeb50cd4b51fc69da155804bb5bb9fc4\"},\"description\":\"D\u00e9couvrez les enjeux financiers et \u00e9cologiques de la climatisation dans les \u00e9coles, un d\u00e9bat essentiel pour l\u2019avenir de nos \u00e9tablissements scolaires.\",\"breadcrumb\":{\"@id\":\"https:\\\/\\\/www.apres-lecole.fr\\\/Blog\\\/climatisation-ecole-enjeux\\\/#breadcrumb\"},\"inLanguage\":\"fr-FR\",\"potentialAction\":[{\"@type\":\"ReadAction\",\"target\":[\"https:\\\/\\\/www.apres-lecole.fr\\\/Blog\\\/climatisation-ecole-enjeux\\\/\"]}]},{\"@type\":\"ImageObject\",\"inLanguage\":\"fr-FR\",\"@id\":\"https:\\\/\\\/www.apres-lecole.fr\\\/Blog\\\/climatisation-ecole-enjeux\\\/#primaryimage\",\"url\":\"https:\\\/\\\/www.apres-lecole.fr\\\/Blog\\\/wp-content\\\/uploads\\\/2025\\\/07\\\/Climatisation-dans-les-etablissements-scolaires-enjeux-financiers-et-ecologiques-un-sujet-qui-suscite-des-debats.jpg\",\"contentUrl\":\"https:\\\/\\\/www.apres-lecole.fr\\\/Blog\\\/wp-content\\\/uploads\\\/2025\\\/07\\\/Climatisation-dans-les-etablissements-scolaires-enjeux-financiers-et-ecologiques-un-sujet-qui-suscite-des-debats.jpg\",\"width\":1344,\"height\":768,\"caption\":\"d\u00e9couvrez les enjeux financiers et \u00e9cologiques de la climatisation dans les \u00e9tablissements scolaires, un sujet qui suscite de vifs d\u00e9bats. analysez les implications sur le budget des \u00e9coles et l'environnement tout en explorant des solutions durables et responsables.\"},{\"@type\":\"BreadcrumbList\",\"@id\":\"https:\\\/\\\/www.apres-lecole.fr\\\/Blog\\\/climatisation-ecole-enjeux\\\/#breadcrumb\",\"itemListElement\":[{\"@type\":\"ListItem\",\"position\":1,\"name\":\"Home\",\"item\":\"https:\\\/\\\/www.apres-lecole.fr\\\/Blog\\\/\"},{\"@type\":\"ListItem\",\"position\":2,\"name\":\"Climatisation dans les \u00e9tablissements scolaires : enjeux financiers et \u00e9cologiques, un sujet qui suscite des d\u00e9bats\"}]},{\"@type\":\"WebSite\",\"@id\":\"https:\\\/\\\/www.apres-lecole.fr\\\/Blog\\\/#website\",\"url\":\"https:\\\/\\\/www.apres-lecole.fr\\\/Blog\\\/\",\"name\":\"\",\"description\":\"M\u00e9dia g\u00e9n\u00e9raliste\",\"potentialAction\":[{\"@type\":\"SearchAction\",\"target\":{\"@type\":\"EntryPoint\",\"urlTemplate\":\"https:\\\/\\\/www.apres-lecole.fr\\\/Blog\\\/?s={search_term_string}\"},\"query-input\":{\"@type\":\"PropertyValueSpecification\",\"valueRequired\":true,\"valueName\":\"search_term_string\"}}],\"inLanguage\":\"fr-FR\"},{\"@type\":\"Person\",\"@id\":\"https:\\\/\\\/www.apres-lecole.fr\\\/Blog\\\/#\\\/schema\\\/person\\\/aeb50cd4b51fc69da155804bb5bb9fc4\",\"name\":\"Eva Martin\",\"image\":{\"@type\":\"ImageObject\",\"inLanguage\":\"fr-FR\",\"@id\":\"https:\\\/\\\/secure.gravatar.com\\\/avatar\\\/55c53222558b27a72015a64073a80edce4abd33369394b9bf2c5cd6c19d12682?s=96&d=mm&r=g\",\"url\":\"https:\\\/\\\/secure.gravatar.com\\\/avatar\\\/55c53222558b27a72015a64073a80edce4abd33369394b9bf2c5cd6c19d12682?s=96&d=mm&r=g\",\"contentUrl\":\"https:\\\/\\\/secure.gravatar.com\\\/avatar\\\/55c53222558b27a72015a64073a80edce4abd33369394b9bf2c5cd6c19d12682?s=96&d=mm&r=g\",\"caption\":\"Eva Martin\"},\"description\":\"Je parle de business et d'entrepreneuriat avec des conseils clairs, concrets et actionnables pour r\u00e9ussir\",\"sameAs\":[\"https:\\\/\\\/x.com\\\/Evaapresecole\"],\"url\":\"https:\\\/\\\/www.apres-lecole.fr\\\/Blog\\\/author\\\/evamartin\\\/\"}]}<\/script>\n<!-- \/ Yoast SEO plugin. -->","yoast_head_json":{"title":"Climatisation scolaire : entre d\u00e9fis financiers et enjeux \u00e9cologiques","description":"D\u00e9couvrez les enjeux financiers et \u00e9cologiques de la climatisation dans les \u00e9coles, un d\u00e9bat essentiel pour l\u2019avenir de nos \u00e9tablissements scolaires.","robots":{"index":"index","follow":"follow","max-snippet":"max-snippet:-1","max-image-preview":"max-image-preview:large","max-video-preview":"max-video-preview:-1"},"canonical":"https:\/\/www.apres-lecole.fr\/Blog\/climatisation-ecole-enjeux\/","og_locale":"fr_FR","og_type":"article","og_title":"Climatisation scolaire : entre d\u00e9fis financiers et enjeux \u00e9cologiques","og_description":"D\u00e9couvrez les enjeux financiers et \u00e9cologiques de la climatisation dans les \u00e9coles, un d\u00e9bat essentiel pour l\u2019avenir de nos \u00e9tablissements scolaires.","og_url":"https:\/\/www.apres-lecole.fr\/Blog\/climatisation-ecole-enjeux\/","article_published_time":"2025-07-23T07:03:48+00:00","og_image":[{"width":1344,"height":768,"url":"https:\/\/www.apres-lecole.fr\/Blog\/wp-content\/uploads\/2025\/07\/Climatisation-dans-les-etablissements-scolaires-enjeux-financiers-et-ecologiques-un-sujet-qui-suscite-des-debats.jpg","type":"image\/jpeg"}],"author":"Eva Martin","twitter_card":"summary_large_image","twitter_creator":"@Evaapresecole","twitter_misc":{"\u00c9crit par":"Eva Martin","Dur\u00e9e de lecture estim\u00e9e":"7 minutes"},"schema":{"@context":"https:\/\/schema.org","@graph":[{"@type":"Article","@id":"https:\/\/www.apres-lecole.fr\/Blog\/climatisation-ecole-enjeux\/#article","isPartOf":{"@id":"https:\/\/www.apres-lecole.fr\/Blog\/climatisation-ecole-enjeux\/"},"author":{"name":"Eva Martin","@id":"https:\/\/www.apres-lecole.fr\/Blog\/#\/schema\/person\/aeb50cd4b51fc69da155804bb5bb9fc4"},"headline":"Climatisation dans les \u00e9tablissements scolaires : enjeux financiers et \u00e9cologiques, un sujet qui suscite des d\u00e9bats","datePublished":"2025-07-23T07:03:48+00:00","mainEntityOfPage":{"@id":"https:\/\/www.apres-lecole.fr\/Blog\/climatisation-ecole-enjeux\/"},"wordCount":1449,"commentCount":0,"image":{"@id":"https:\/\/www.apres-lecole.fr\/Blog\/climatisation-ecole-enjeux\/#primaryimage"},"thumbnailUrl":"https:\/\/www.apres-lecole.fr\/Blog\/wp-content\/uploads\/2025\/07\/Climatisation-dans-les-etablissements-scolaires-enjeux-financiers-et-ecologiques-un-sujet-qui-suscite-des-debats.jpg","keywords":["climatisation","d\u00e9bat","enjeux \u00e9cologiques","enjeux financiers","\u00e9tablissements scolaires"],"articleSection":["Actualit\u00e9s"],"inLanguage":"fr-FR","potentialAction":[{"@type":"CommentAction","name":"Comment","target":["https:\/\/www.apres-lecole.fr\/Blog\/climatisation-ecole-enjeux\/#respond"]}]},{"@type":"WebPage","@id":"https:\/\/www.apres-lecole.fr\/Blog\/climatisation-ecole-enjeux\/","url":"https:\/\/www.apres-lecole.fr\/Blog\/climatisation-ecole-enjeux\/","name":"Climatisation scolaire : entre d\u00e9fis financiers et enjeux \u00e9cologiques","isPartOf":{"@id":"https:\/\/www.apres-lecole.fr\/Blog\/#website"},"primaryImageOfPage":{"@id":"https:\/\/www.apres-lecole.fr\/Blog\/climatisation-ecole-enjeux\/#primaryimage"},"image":{"@id":"https:\/\/www.apres-lecole.fr\/Blog\/climatisation-ecole-enjeux\/#primaryimage"},"thumbnailUrl":"https:\/\/www.apres-lecole.fr\/Blog\/wp-content\/uploads\/2025\/07\/Climatisation-dans-les-etablissements-scolaires-enjeux-financiers-et-ecologiques-un-sujet-qui-suscite-des-debats.jpg","datePublished":"2025-07-23T07:03:48+00:00","author":{"@id":"https:\/\/www.apres-lecole.fr\/Blog\/#\/schema\/person\/aeb50cd4b51fc69da155804bb5bb9fc4"},"description":"D\u00e9couvrez les enjeux financiers et \u00e9cologiques de la climatisation dans les \u00e9coles, un d\u00e9bat essentiel pour l\u2019avenir de nos \u00e9tablissements scolaires.","breadcrumb":{"@id":"https:\/\/www.apres-lecole.fr\/Blog\/climatisation-ecole-enjeux\/#breadcrumb"},"inLanguage":"fr-FR","potentialAction":[{"@type":"ReadAction","target":["https:\/\/www.apres-lecole.fr\/Blog\/climatisation-ecole-enjeux\/"]}]},{"@type":"ImageObject","inLanguage":"fr-FR","@id":"https:\/\/www.apres-lecole.fr\/Blog\/climatisation-ecole-enjeux\/#primaryimage","url":"https:\/\/www.apres-lecole.fr\/Blog\/wp-content\/uploads\/2025\/07\/Climatisation-dans-les-etablissements-scolaires-enjeux-financiers-et-ecologiques-un-sujet-qui-suscite-des-debats.jpg","contentUrl":"https:\/\/www.apres-lecole.fr\/Blog\/wp-content\/uploads\/2025\/07\/Climatisation-dans-les-etablissements-scolaires-enjeux-financiers-et-ecologiques-un-sujet-qui-suscite-des-debats.jpg","width":1344,"height":768,"caption":"d\u00e9couvrez les enjeux financiers et \u00e9cologiques de la climatisation dans les \u00e9tablissements scolaires, un sujet qui suscite de vifs d\u00e9bats. analysez les implications sur le budget des \u00e9coles et l'environnement tout en explorant des solutions durables et responsables."},{"@type":"BreadcrumbList","@id":"https:\/\/www.apres-lecole.fr\/Blog\/climatisation-ecole-enjeux\/#breadcrumb","itemListElement":[{"@type":"ListItem","position":1,"name":"Home","item":"https:\/\/www.apres-lecole.fr\/Blog\/"},{"@type":"ListItem","position":2,"name":"Climatisation dans les \u00e9tablissements scolaires : enjeux financiers et \u00e9cologiques, un sujet qui suscite des d\u00e9bats"}]},{"@type":"WebSite","@id":"https:\/\/www.apres-lecole.fr\/Blog\/#website","url":"https:\/\/www.apres-lecole.fr\/Blog\/","name":"","description":"M\u00e9dia g\u00e9n\u00e9raliste","potentialAction":[{"@type":"SearchAction","target":{"@type":"EntryPoint","urlTemplate":"https:\/\/www.apres-lecole.fr\/Blog\/?s={search_term_string}"},"query-input":{"@type":"PropertyValueSpecification","valueRequired":true,"valueName":"search_term_string"}}],"inLanguage":"fr-FR"},{"@type":"Person","@id":"https:\/\/www.apres-lecole.fr\/Blog\/#\/schema\/person\/aeb50cd4b51fc69da155804bb5bb9fc4","name":"Eva Martin","image":{"@type":"ImageObject","inLanguage":"fr-FR","@id":"https:\/\/secure.gravatar.com\/avatar\/55c53222558b27a72015a64073a80edce4abd33369394b9bf2c5cd6c19d12682?s=96&d=mm&r=g","url":"https:\/\/secure.gravatar.com\/avatar\/55c53222558b27a72015a64073a80edce4abd33369394b9bf2c5cd6c19d12682?s=96&d=mm&r=g","contentUrl":"https:\/\/secure.gravatar.com\/avatar\/55c53222558b27a72015a64073a80edce4abd33369394b9bf2c5cd6c19d12682?s=96&d=mm&r=g","caption":"Eva Martin"},"description":"Je parle de business et d'entrepreneuriat avec des conseils clairs, concrets et actionnables pour r\u00e9ussir","sameAs":["https:\/\/x.com\/Evaapresecole"],"url":"https:\/\/www.apres-lecole.fr\/Blog\/author\/evamartin\/"}]}},"views":29,"_links":{"self":[{"href":"https:\/\/www.apres-lecole.fr\/Blog\/wp-json\/wp\/v2\/posts\/2113","targetHints":{"allow":["GET"]}}],"collection":[{"href":"https:\/\/www.apres-lecole.fr\/Blog\/wp-json\/wp\/v2\/posts"}],"about":[{"href":"https:\/\/www.apres-lecole.fr\/Blog\/wp-json\/wp\/v2\/types\/post"}],"author":[{"embeddable":true,"href":"https:\/\/www.apres-lecole.fr\/Blog\/wp-json\/wp\/v2\/users\/9"}],"replies":[{"embeddable":true,"href":"https:\/\/www.apres-lecole.fr\/Blog\/wp-json\/wp\/v2\/comments?post=2113"}],"version-history":[{"count":0,"href":"https:\/\/www.apres-lecole.fr\/Blog\/wp-json\/wp\/v2\/posts\/2113\/revisions"}],"wp:featuredmedia":[{"embeddable":true,"href":"https:\/\/www.apres-lecole.fr\/Blog\/wp-json\/wp\/v2\/media\/2112"}],"wp:attachment":[{"href":"https:\/\/www.apres-lecole.fr\/Blog\/wp-json\/wp\/v2\/media?parent=2113"}],"wp:term":[{"taxonomy":"category","embeddable":true,"href":"https:\/\/www.apres-lecole.fr\/Blog\/wp-json\/wp\/v2\/categories?post=2113"},{"taxonomy":"post_tag","embeddable":true,"href":"https:\/\/www.apres-lecole.fr\/Blog\/wp-json\/wp\/v2\/tags?post=2113"}],"curies":[{"name":"wp","href":"https:\/\/api.w.org\/{rel}","templated":true}]}}