{"id":2106,"date":"2025-07-21T07:13:43","date_gmt":"2025-07-21T07:13:43","guid":{"rendered":"https:\/\/www.apres-lecole.fr\/Blog\/guerre-ukraine-attaque-kiev\/"},"modified":"2025-07-21T07:13:43","modified_gmt":"2025-07-21T07:13:43","slug":"guerre-ukraine-attaque-kiev","status":"publish","type":"post","link":"https:\/\/www.apres-lecole.fr\/Blog\/guerre-ukraine-attaque-kiev\/","title":{"rendered":"En direct : la guerre en Ukraine s&rsquo;intensifie avec une attaque russe sur Kiev, une \u00e9cole maternelle est touch\u00e9e"},"content":{"rendered":"\n\n<div class=\"kk-star-ratings kksr-auto kksr-align-left kksr-valign-top\"\n    data-payload='{&quot;align&quot;:&quot;left&quot;,&quot;id&quot;:&quot;2106&quot;,&quot;slug&quot;:&quot;default&quot;,&quot;valign&quot;:&quot;top&quot;,&quot;ignore&quot;:&quot;&quot;,&quot;reference&quot;:&quot;auto&quot;,&quot;class&quot;:&quot;&quot;,&quot;count&quot;:&quot;0&quot;,&quot;legendonly&quot;:&quot;&quot;,&quot;readonly&quot;:&quot;&quot;,&quot;score&quot;:&quot;0&quot;,&quot;starsonly&quot;:&quot;&quot;,&quot;best&quot;:&quot;5&quot;,&quot;gap&quot;:&quot;5&quot;,&quot;greet&quot;:&quot;Rate this post&quot;,&quot;legend&quot;:&quot;0\\\/5 - (0 vote)&quot;,&quot;size&quot;:&quot;24&quot;,&quot;title&quot;:&quot;En direct : la guerre en Ukraine s\\u0026#039;intensifie avec une attaque russe sur Kiev, une \u00e9cole maternelle est touch\u00e9e&quot;,&quot;width&quot;:&quot;0&quot;,&quot;_legend&quot;:&quot;{score}\\\/{best} - ({count} {votes})&quot;,&quot;font_factor&quot;:&quot;1.25&quot;}'>\n            \n<div class=\"kksr-stars\">\n    \n<div class=\"kksr-stars-inactive\">\n            <div class=\"kksr-star\" data-star=\"1\" style=\"padding-right: 5px\">\n            \n\n<div class=\"kksr-icon\" style=\"width: 24px; height: 24px;\"><\/div>\n        <\/div>\n            <div class=\"kksr-star\" data-star=\"2\" style=\"padding-right: 5px\">\n            \n\n<div class=\"kksr-icon\" style=\"width: 24px; height: 24px;\"><\/div>\n        <\/div>\n            <div class=\"kksr-star\" data-star=\"3\" style=\"padding-right: 5px\">\n            \n\n<div class=\"kksr-icon\" style=\"width: 24px; height: 24px;\"><\/div>\n        <\/div>\n            <div class=\"kksr-star\" data-star=\"4\" style=\"padding-right: 5px\">\n            \n\n<div class=\"kksr-icon\" style=\"width: 24px; height: 24px;\"><\/div>\n        <\/div>\n            <div class=\"kksr-star\" data-star=\"5\" style=\"padding-right: 5px\">\n            \n\n<div class=\"kksr-icon\" style=\"width: 24px; height: 24px;\"><\/div>\n        <\/div>\n    <\/div>\n    \n<div class=\"kksr-stars-active\" style=\"width: 0px;\">\n            <div class=\"kksr-star\" style=\"padding-right: 5px\">\n            \n\n<div class=\"kksr-icon\" style=\"width: 24px; height: 24px;\"><\/div>\n        <\/div>\n            <div class=\"kksr-star\" style=\"padding-right: 5px\">\n            \n\n<div class=\"kksr-icon\" style=\"width: 24px; height: 24px;\"><\/div>\n        <\/div>\n            <div class=\"kksr-star\" style=\"padding-right: 5px\">\n            \n\n<div class=\"kksr-icon\" style=\"width: 24px; height: 24px;\"><\/div>\n        <\/div>\n            <div class=\"kksr-star\" style=\"padding-right: 5px\">\n            \n\n<div class=\"kksr-icon\" style=\"width: 24px; height: 24px;\"><\/div>\n        <\/div>\n            <div class=\"kksr-star\" style=\"padding-right: 5px\">\n            \n\n<div class=\"kksr-icon\" style=\"width: 24px; height: 24px;\"><\/div>\n        <\/div>\n    <\/div>\n<\/div>\n                \n\n<div class=\"kksr-legend\" style=\"font-size: 19.2px;\">\n            <span class=\"kksr-muted\">Rate this post<\/span>\n    <\/div>\n    <\/div>\n<p>Les \u00e9v\u00e9nements en Ukraine prennent une tournure dramatique. La nuit derni\u00e8re, des frappes russes ont frapp\u00e9 quatre districts de Kiev, entra\u00eenant la mort d\u2019au moins une personne et blessant deux autres. Ce lundi 21 juillet 2025, la tension est palpable alors que le ministre fran\u00e7ais des Affaires \u00e9trang\u00e8res, Jean-No\u00ebl Barrot, est attendu sur place pour une visite cruciale. Le soutien international \u00e0 l&rsquo;Ukraine, face \u00e0 l&rsquo;escalade des attaques, soul\u00e8ve de nombreuses questions sur l&rsquo;avenir de cette guerre et ses cons\u00e9quences pour la s\u00e9curit\u00e9 en Europe.<\/p>\n\n<h2 class=\"wp-block-heading\">Impact des frappes russes \u00e0 Kiev : Une trag\u00e9die pour les civils<\/h2>\n\n<p>La violence dans les rues de Kiev n&rsquo;est pas simplement une statistique. C&rsquo;est une r\u00e9elle trag\u00e9die humaine qui se joue sous les yeux du monde. Les frappes qui ont touch\u00e9 la capitale ukrainienne ont \u00e9galement provoqu\u00e9 des incendies dans des infrastructures civiles, y compris une \u00e9cole maternelle. Peu apr\u00e8s l&rsquo;attaque, le chef de l\u2019administration militaire de Kiev, Tymur Tkachenko, a d\u00e9clar\u00e9 : \u00ab Nous d\u00e9plorons la perte d&rsquo;une vie humaine due \u00e0 cette agression inacceptable \u00bb. Ces illuminations de d\u00e9sespoir soulignent l&rsquo;impact d\u00e9vastateur sur la population civile. <\/p>\n\n<p>La situation est d&rsquo;autant plus pr\u00e9occupante qu&rsquo;elle se produit dans un contexte de soutien international. Ce lundi, Jean-No\u00ebl Barrot est arriv\u00e9 \u00e0 Kiev dans le cadre d&rsquo;une mission diplomatique visant \u00e0 renforcer le soutien de la France \u00e0 l&rsquo;Ukraine. Ce ministre doit rencontrer le pr\u00e9sident ukrainien Volodymyr Zelensky et d&rsquo;autres dignitaires pour discuter des prochaines \u00e9tapes dans la lutte contre l&rsquo;agression russe. Mais que peuvent faire ces rencontres face \u00e0 des bombardements ? <\/p>\n\n<ul class=\"wp-block-list\"><li>\ud83d\udd34 <strong>Frappes sur les \u00e9coles<\/strong> : Plusieurs cas d&rsquo;\u00e9coles touch\u00e9es ont \u00e9t\u00e9 signal\u00e9s.<\/li><li>\ud83c\udfaf <strong>Ciblage d&rsquo;infrastructures civiles<\/strong> : Immeubles r\u00e9sidentiels, supermarch\u00e9s et stations de m\u00e9tro ont \u00e9t\u00e9 atteints.<\/li><li>\ud83d\udcc9 <strong>Augmentation des civils bless\u00e9s<\/strong> : Les chiffres de bless\u00e9s ou de pertes humaines ne cessent d&rsquo;augmenter.<\/li><\/ul>\n\n<p>En parall\u00e8le, la ville de Kyiv est mise en \u00e9tat d\u2019alerte, demandant aux habitants de se r\u00e9fugier dans les abris. La r\u00e9silience de la population ukrainienne face \u00e0 cette violence perp\u00e9tuelle est remarquable, mais cela soul\u00e8ve aussi des questions sur la viabilit\u00e9 d&rsquo;une vie normale dans de telles conditions. Comment \u00e9viter de fructifier les plans de l&rsquo;oppresseur ? Ce sont les questions que se pose une g\u00e9n\u00e9ration qui vit au quotidien cette guerre, un v\u00e9ritable test de r\u00e9sistance morale et physique.<\/p>\n\n<figure class=\"wp-block-table\"><table>\n<thead>\n<tr>\n<th>Type d&rsquo;attaque<\/th>\n<th>Impact<\/th>\n<th>Zones touch\u00e9es<\/th>\n<\/tr>\n<\/thead>\n<tbody>\n<tr>\n<td>Frappes a\u00e9riennes<\/td>\n<td>1 mort, 2 bless\u00e9s<\/td>\n<td>Kiev, Dniprovsky<\/td>\n<\/tr>\n<tr>\n<td>Incendies d&rsquo;infrastructures<\/td>\n<td>\u00c9cole maternelle touch\u00e9e<\/td>\n<td>Divers districts de Kiev<\/td>\n<\/tr>\n<\/tbody>\n<\/table><\/figure>\n\n<h3 class=\"wp-block-heading\">Un enjeu g\u00e9opolitique majeur : la visite du ministre fran\u00e7ais<\/h3>\n\n<p>La pr\u00e9sence de Jean-No\u00ebl Barrot \u00e0 Kiev est embl\u00e9matique d&rsquo;un soutien politique fort de l\u2019Europe. En effet, sa visite intervient suite \u00e0 un nouveau train de sanctions impos\u00e9es par l&rsquo;Union europ\u00e9enne \u00e0 la Russie, qui visent \u00e0 faire pression sur Moscou. Le ministre doit faire un point avec les autorit\u00e9s ukrainiennes sur les moyens de renforcer la solidarit\u00e9 internationale face \u00e0 l\u2019agression russe. Comment une aide militaire peut-elle changer le cours de cette conflictuel ? <\/p>\n\n<h2 class=\"wp-block-heading\">La r\u00e9ponse de l\u2019Ukraine face \u00e0 l\u2019agression : offensives militaires et diplomatiques<\/h2>\n\n<p>L\u2019Ukraine ne reste pas inactive face \u00e0 cette offensive militaire. De nouvelles propositions de pourparlers avec la Russie \u00e9mergent, face \u00e0 des bombardements toujours plus d\u00e9vastateurs. Volodymyr Zelensky a r\u00e9cemment lanc\u00e9 une invitation \u00e0 des n\u00e9gociations, esp\u00e9rant relancer le dialogue apr\u00e8s des mois de tensions croissantes. Mais peut-on vraiment faire confiance \u00e0 un adversaire qui intensifie ses attaques ?<\/p>\n\n<p>Pourtant, cette id\u00e9e de diplomatie appara\u00eet comme une lueur d&rsquo;espoir dans un oc\u00e9an de brutality. Les n\u00e9gociations passent souvent inaper\u00e7ues dans le tumulte des bombardements. C&rsquo;est ainsi qu&rsquo;une proposition de cessez-le-feu pourrait raviver des espoirs d\u2019apaisement. Le pr\u00e9sident ukrainien a \u00e9galement signal\u00e9 l&rsquo;importance d&rsquo;une pr\u00e9sence internationale au cours des discussions, afin d&rsquo;imposer une certaine pression sur le Kremlin.<\/p>\n\n<ul class=\"wp-block-list\"><li>\ud83d\udd4a\ufe0f <strong>Propositions de pourparlers<\/strong> : Suite \u00e0 l&rsquo;escalade, le pr\u00e9sident Zelensky propose un dialogue in\u00e9dit.<\/li><li>\ud83c\udf96\ufe0f <strong>Forces arm\u00e9es<\/strong> : L\u2019Ukraine renforce ses capacit\u00e9s de d\u00e9fense pour prot\u00e9ger sa population.<\/li><li>\u2696\ufe0f <strong>Reste du monde<\/strong> : Le soutien international demeure crucial dans cette lutte.<\/li><\/ul>\n\n<p>Dans le cadre de ces pourparlers, les attentes sont souvent d\u00e9mesur\u00e9es. Le dialogue Serve l\u2019objectif d\u2019amener une sph\u00e8re de communication permettant de r\u00e9soudre les litiges sans recourir \u00e0 la violence. Mais \u00e0 quel prix ? La r\u00e9ponse \u00e0 cette question reste encore floue, surtout lorsque l\u2019on voit les r\u00e9percussions des demandes russes actuelles.<\/p>\n\n<figure class=\"wp-block-table\"><table>\n<thead>\n<tr>\n<th>Aspects des pourparlers<\/th>\n<th>Objectif<\/th>\n<th>\u00c9tat actuel<\/th>\n<\/tr>\n<\/thead>\n<tbody>\n<tr>\n<td>Invitation de Zelensky<\/td>\n<td>Relancer le dialogue<\/td>\n<td>En cours<\/td>\n<\/tr>\n<tr>\n<td>Attentes internationales<\/td>\n<td>Obtenir un cessez-le-feu<\/td>\n<td>Flou<\/td>\n<\/tr>\n<\/tbody>\n<\/table><\/figure>\n\n<h2 class=\"wp-block-heading\">Les cons\u00e9quences d\u2019un conflit prolong\u00e9 sur la population et l\u2019\u00e9conomie<\/h2>\n\n<p>Les cons\u00e9quences des frappes en cours vont au-del\u00e0 des pertes humaines. L&rsquo;impact \u00e9conomique est d\u00e9vastateur. Un conflit prolong\u00e9 d\u00e9sorganise non seulement la vie quotidienne mais d\u00e9truit \u00e9galement les bases m\u00eame de l\u2019\u00e9conomie. La destruction des infrastructures essentielles fragilise le tissu \u00e9conomique du pays. Les entreprises sont de plus en plus expos\u00e9es \u00e0 la violence, mettant en p\u00e9ril l&#8217;emploi \u00e0 long terme.<\/p>\n\n<p>Les \u00e9v\u00e9nements r\u00e9cents montrent clairement qu\u2019un conflit prolong\u00e9 engendre une spirale infernale o\u00f9 la souffrance des citoyens devient la norme. Les statistiques de r\u00e9fugi\u00e9s en hausse illustrent bien cette r\u00e9alit\u00e9. De nombreux Ukrainiens sont contraints de fuir afin de trouver refuge dans d&rsquo;autres pays, souvent au risque de leur vie. Mais cela ne doit pas se limiter \u00e0 une analyse \u00e9conomique. La sant\u00e9 mentale des populations touch\u00e9es est en jeu et n\u00e9cessite \u00e9galement une attention particuli\u00e8re. Que faire pour aider ces communaut\u00e9s \u00e0 gu\u00e9rir ?<\/p>\n\n<ul class=\"wp-block-list\"><li>\ud83c\udfe2 <strong>Destruction d&rsquo;infrastructures<\/strong> : Les embellissements publics ne cessent d&rsquo;\u00eatre endommag\u00e9s.<\/li><li>\ud83d\uddfa\ufe0f <strong>Migrations massives<\/strong> : L&rsquo;exode de la population vers d&rsquo;autres pays est une solution choisie par plusieurs milliers d&rsquo;Ukrainiens.<\/li><li>\ud83d\udc94 <strong>Sant\u00e9 mentale des civils<\/strong> : Les effets psychologiques d\u2019un raid constant sont d\u00e9vastateurs.<\/li><\/ul>\n\n<p>Dans ce contexte troubl\u00e9, il est crucial de travailler sur des initiatives qui favorisent le soutien psychologique et l&rsquo;aide humanitaire. La souffrance ne conna\u00eet pas de fronti\u00e8res, et il incombe \u00e0 chaque pays de faire preuve de solidarit\u00e9 avec la population ukrainienne. Comment s&rsquo;assurer que cette aide parvienne \u00e0 destination ? Faute d\u2019une r\u00e9ponse en temps utile, les cons\u00e9quences de ce conflit pourraient devenir encore plus dramatiques.<\/p>\n\n<figure class=\"wp-block-table\"><table>\n<thead>\n<tr>\n<th>Cons\u00e9quences<\/th>\n<th>Description<\/th>\n<\/tr>\n<\/thead>\n<tbody>\n<tr>\n<td>Impact \u00e9conomique<\/td>\n<td>Destruction des entreprises et des infrastructures essentielles<\/td>\n<\/tr>\n<tr>\n<td>Migrations massives<\/td>\n<td>Augmentation du nombre de r\u00e9fugi\u00e9s ukrainiens en Europe<\/td>\n<\/tr>\n<tr>\n<td>Sant\u00e9 mentale<\/td>\n<td>Augmentation des troubles psychologiques et des traumatismes<\/td>\n<\/tr>\n<\/tbody>\n<\/table><\/figure>\n\n<h2 class=\"wp-block-heading\">Les r\u00e9actions sur la sc\u00e8ne internationale et les m\u00e9dias<\/h2>\n\n<p>Les r\u00e9actions autour de cette crise en Ukraine r\u00e9v\u00e8lent \u00e9galement un panorama d&rsquo;opinions contrast\u00e9es. Les m\u00e9dias tels que <strong>Le Figaro<\/strong>, <strong>L&rsquo;Express<\/strong> et <strong>France 24<\/strong> rapportent en continu ces d\u00e9veloppements en temps r\u00e9el, apportant des perspectives diverses sur le conflit. Les informations relat\u00e9es permettent de garder le doigt sur le pouls de la situation en Ukraine.<\/p>\n\n<p>Les pays comme la France sont appel\u00e9s \u00e0 prendre position. Les sanctions contre la Russie et les aides militaires se multiplient, ce qui renforce la solidarit\u00e9 internationale envers l\u2019Ukraine. En revanche, des voix s&rsquo;\u00e9l\u00e8vent aussi pour critiquer les strat\u00e9gies adopt\u00e9es, pointant du doigt le manque d&rsquo;efficacit\u00e9 de certaines mesures.<\/p>\n\n<ul class=\"wp-block-list\"><li>\ud83c\udf0d <strong>Appels \u00e0 l&rsquo;aide<\/strong> : De nombreux pays inondent l&rsquo;Ukraine de soutien militaire.<\/li><li>\ud83d\udcf0 <strong>Couverture m\u00e9diatique<\/strong> : Les m\u00e9dias jouent un r\u00f4le crucial dans la diffusion des informations.<\/li><li>\ud83c\udf10 <strong>Opinions divis\u00e9es<\/strong> : Les attitudes face \u00e0 la guerre varient largement \u00e0 l&rsquo;international.<\/li><\/ul>\n\n<p>Dans ce contexte, les plateformes comme <strong>BFM TV<\/strong> ou <strong>RTL<\/strong> n&rsquo;h\u00e9sitent pas \u00e0 souligner l&rsquo;importance d&rsquo;une r\u00e9ponse collective et rapide. Toutefois, la dichotomie entre les opinions favorisant la paix et celles pr\u00f4nant une riposte plus agressive met en exergue un besoin urgent de dialogue. La communaut\u00e9 internationale doit faire preuve de pragmatisme tout en gardant \u00e0 l\u2019esprit la souffrance des civils ukrainiens.<\/p>\n\n<figure class=\"wp-block-table\"><table>\n<thead>\n<tr>\n<th>M\u00e9dias<\/th>\n<th>Focus de couverture<\/th>\n<th>Positionnement<\/th>\n<\/tr>\n<\/thead>\n<tbody>\n<tr>\n<td>L&rsquo;Express<\/td>\n<td>Sanctions contre la Russie<\/td>\n<td>Soutien \u00e0 l&rsquo;Ukraine<\/td>\n<\/tr>\n<tr>\n<td>Le Monde<\/td>\n<td>Les r\u00e9fugi\u00e9s en Europe<\/td>\n<td>Critiques des strat\u00e9gies<\/td>\n<\/tr>\n<tr>\n<td>TF1<\/td>\n<td>D\u00e9g\u00e2ts humains et mat\u00e9riels<\/td>\n<td>Informative<\/td>\n<\/tr>\n<\/tbody>\n<\/table><\/figure>\n\n<h3 class=\"wp-block-heading\">FAQ<\/h3>\n\n<ul class=\"wp-block-list\"><li><strong>Q : Quelles sont les derni\u00e8res nouvelles concernant le conflit en Ukraine ?<\/strong><br>A : Les r\u00e9centes frappes russes ont caus\u00e9 des pertes humaines \u00e0 Kiev, avec des infrastructures civiles touch\u00e9es.<\/li><li><strong>Q : Quel est l&rsquo;objectif de la visite de Jean-No\u00ebl Barrot ?<\/strong><br>A : Son objectif est de soutenir l\u2019Ukraine dans sa lutte contre l\u2019agression russe et de discuter des moyens de renforcer l\u2019aide internationale.<\/li><li><strong>Q : Comment la population ukrainienne fait-elle face \u00e0 cette crise ?<\/strong><br>A : La population fait preuve d\u2019une grande r\u00e9silience, mais elle est aussi soumise \u00e0 des stress psychologiques et \u00e9conomiques consid\u00e9rables.<\/li><li><strong>Q : Quelle est la v\u00e9ritable port\u00e9e des n\u00e9gociations pr\u00e9vues entre l&rsquo;Ukraine et la Russie ?<\/strong><br>A : Les n\u00e9gociations visent \u00e0 relancer le dialogue en vue d&rsquo;un cessez-le-feu, mais l&rsquo;efficacit\u00e9 de telles discussions reste \u00e0 prouver dans ce contexte tendu.<\/li><li><strong>Q : Comment les m\u00e9dias internationaux coverent-ils cette situation ?<\/strong><br>A : Les m\u00e9dias comme <strong>Lib\u00e9ration<\/strong> et <strong>Europe 1<\/strong> rapportent des faits en temps r\u00e9el avec une diversit\u00e9 de perspectives sur la guerre.<\/li><\/ul>\n\n","protected":false},"excerpt":{"rendered":"<p>Les \u00e9v\u00e9nements en Ukraine prennent une tournure dramatique. La nuit derni\u00e8re, des frappes russes ont frapp\u00e9 quatre districts de Kiev, entra\u00eenant la mort d\u2019au moins une personne et blessant deux autres. Ce lundi 21 juillet 2025, la tension est palpable alors que le ministre fran\u00e7ais des Affaires \u00e9trang\u00e8res, Jean-No\u00ebl Barrot, est attendu sur place pour &#8230; <a title=\"En direct : la guerre en Ukraine s&rsquo;intensifie avec une attaque russe sur Kiev, une \u00e9cole maternelle est touch\u00e9e\" class=\"read-more\" href=\"https:\/\/www.apres-lecole.fr\/Blog\/guerre-ukraine-attaque-kiev\/\" aria-label=\"En savoir plus sur En direct : la guerre en Ukraine s&rsquo;intensifie avec une attaque russe sur Kiev, une \u00e9cole maternelle est touch\u00e9e\">Lire plus<\/a><\/p>\n","protected":false},"author":9,"featured_media":2105,"comment_status":"open","ping_status":"open","sticky":false,"template":"","format":"standard","meta":{"footnotes":""},"categories":[342],"tags":[1230,1232,558,1229,1231],"class_list":["post-2106","post","type-post","status-publish","format-standard","has-post-thumbnail","hentry","category-actualites","tag-attaque-russe","tag-conflit","tag-ecole-maternelle","tag-guerre-en-ukraine","tag-kiev"],"yoast_head":"<!-- This site is optimized with the Yoast SEO plugin v27.5 - https:\/\/yoast.com\/product\/yoast-seo-wordpress\/ -->\n<title>En direct : la guerre en Ukraine franchit un nouveau cap avec l&#039;attaque de Kiev<\/title>\n<meta name=\"description\" content=\"Suivez en direct l&#039;intensification de la guerre en Ukraine : attaque russe sur Kiev, une \u00e9cole maternelle touch\u00e9e, derni\u00e8res actualit\u00e9s.\" \/>\n<meta name=\"robots\" content=\"index, follow, max-snippet:-1, max-image-preview:large, max-video-preview:-1\" \/>\n<link rel=\"canonical\" href=\"https:\/\/www.apres-lecole.fr\/Blog\/guerre-ukraine-attaque-kiev\/\" \/>\n<meta property=\"og:locale\" content=\"fr_FR\" \/>\n<meta property=\"og:type\" content=\"article\" \/>\n<meta property=\"og:title\" content=\"En direct : la guerre en Ukraine franchit un nouveau cap avec l&#039;attaque de Kiev\" \/>\n<meta property=\"og:description\" content=\"Suivez en direct l&#039;intensification de la guerre en Ukraine : attaque russe sur Kiev, une \u00e9cole maternelle touch\u00e9e, derni\u00e8res actualit\u00e9s.\" \/>\n<meta property=\"og:url\" content=\"https:\/\/www.apres-lecole.fr\/Blog\/guerre-ukraine-attaque-kiev\/\" \/>\n<meta property=\"article:published_time\" content=\"2025-07-21T07:13:43+00:00\" \/>\n<meta property=\"og:image\" content=\"https:\/\/www.apres-lecole.fr\/Blog\/wp-content\/uploads\/2025\/07\/En-direct-la-guerre-en-Ukraine-sintensifie-avec-une-attaque-russe-sur-Kiev-une-ecole-maternelle-est-touchee.jpg\" \/>\n\t<meta property=\"og:image:width\" content=\"1344\" \/>\n\t<meta property=\"og:image:height\" content=\"768\" \/>\n\t<meta property=\"og:image:type\" content=\"image\/jpeg\" \/>\n<meta name=\"author\" content=\"Eva Martin\" \/>\n<meta name=\"twitter:card\" content=\"summary_large_image\" \/>\n<meta name=\"twitter:creator\" content=\"@Evaapresecole\" \/>\n<meta name=\"twitter:label1\" content=\"\u00c9crit par\" \/>\n\t<meta name=\"twitter:data1\" content=\"Eva Martin\" \/>\n\t<meta name=\"twitter:label2\" content=\"Dur\u00e9e de lecture estim\u00e9e\" \/>\n\t<meta name=\"twitter:data2\" content=\"8 minutes\" \/>\n<script type=\"application\/ld+json\" class=\"yoast-schema-graph\">{\"@context\":\"https:\\\/\\\/schema.org\",\"@graph\":[{\"@type\":\"Article\",\"@id\":\"https:\\\/\\\/www.apres-lecole.fr\\\/Blog\\\/guerre-ukraine-attaque-kiev\\\/#article\",\"isPartOf\":{\"@id\":\"https:\\\/\\\/www.apres-lecole.fr\\\/Blog\\\/guerre-ukraine-attaque-kiev\\\/\"},\"author\":{\"name\":\"Eva Martin\",\"@id\":\"https:\\\/\\\/www.apres-lecole.fr\\\/Blog\\\/#\\\/schema\\\/person\\\/aeb50cd4b51fc69da155804bb5bb9fc4\"},\"headline\":\"En direct : la guerre en Ukraine s&rsquo;intensifie avec une attaque russe sur Kiev, une \u00e9cole maternelle est touch\u00e9e\",\"datePublished\":\"2025-07-21T07:13:43+00:00\",\"mainEntityOfPage\":{\"@id\":\"https:\\\/\\\/www.apres-lecole.fr\\\/Blog\\\/guerre-ukraine-attaque-kiev\\\/\"},\"wordCount\":1596,\"commentCount\":0,\"image\":{\"@id\":\"https:\\\/\\\/www.apres-lecole.fr\\\/Blog\\\/guerre-ukraine-attaque-kiev\\\/#primaryimage\"},\"thumbnailUrl\":\"https:\\\/\\\/www.apres-lecole.fr\\\/Blog\\\/wp-content\\\/uploads\\\/2025\\\/07\\\/En-direct-la-guerre-en-Ukraine-sintensifie-avec-une-attaque-russe-sur-Kiev-une-ecole-maternelle-est-touchee.jpg\",\"keywords\":[\"attaque russe\",\"conflit\",\"\u00e9cole maternelle\",\"guerre en ukraine\",\"kiev\"],\"articleSection\":[\"Actualit\u00e9s\"],\"inLanguage\":\"fr-FR\",\"potentialAction\":[{\"@type\":\"CommentAction\",\"name\":\"Comment\",\"target\":[\"https:\\\/\\\/www.apres-lecole.fr\\\/Blog\\\/guerre-ukraine-attaque-kiev\\\/#respond\"]}]},{\"@type\":\"WebPage\",\"@id\":\"https:\\\/\\\/www.apres-lecole.fr\\\/Blog\\\/guerre-ukraine-attaque-kiev\\\/\",\"url\":\"https:\\\/\\\/www.apres-lecole.fr\\\/Blog\\\/guerre-ukraine-attaque-kiev\\\/\",\"name\":\"En direct : la guerre en Ukraine franchit un nouveau cap avec l'attaque de Kiev\",\"isPartOf\":{\"@id\":\"https:\\\/\\\/www.apres-lecole.fr\\\/Blog\\\/#website\"},\"primaryImageOfPage\":{\"@id\":\"https:\\\/\\\/www.apres-lecole.fr\\\/Blog\\\/guerre-ukraine-attaque-kiev\\\/#primaryimage\"},\"image\":{\"@id\":\"https:\\\/\\\/www.apres-lecole.fr\\\/Blog\\\/guerre-ukraine-attaque-kiev\\\/#primaryimage\"},\"thumbnailUrl\":\"https:\\\/\\\/www.apres-lecole.fr\\\/Blog\\\/wp-content\\\/uploads\\\/2025\\\/07\\\/En-direct-la-guerre-en-Ukraine-sintensifie-avec-une-attaque-russe-sur-Kiev-une-ecole-maternelle-est-touchee.jpg\",\"datePublished\":\"2025-07-21T07:13:43+00:00\",\"author\":{\"@id\":\"https:\\\/\\\/www.apres-lecole.fr\\\/Blog\\\/#\\\/schema\\\/person\\\/aeb50cd4b51fc69da155804bb5bb9fc4\"},\"description\":\"Suivez en direct l'intensification de la guerre en Ukraine : attaque russe sur Kiev, une \u00e9cole maternelle touch\u00e9e, derni\u00e8res actualit\u00e9s.\",\"breadcrumb\":{\"@id\":\"https:\\\/\\\/www.apres-lecole.fr\\\/Blog\\\/guerre-ukraine-attaque-kiev\\\/#breadcrumb\"},\"inLanguage\":\"fr-FR\",\"potentialAction\":[{\"@type\":\"ReadAction\",\"target\":[\"https:\\\/\\\/www.apres-lecole.fr\\\/Blog\\\/guerre-ukraine-attaque-kiev\\\/\"]}]},{\"@type\":\"ImageObject\",\"inLanguage\":\"fr-FR\",\"@id\":\"https:\\\/\\\/www.apres-lecole.fr\\\/Blog\\\/guerre-ukraine-attaque-kiev\\\/#primaryimage\",\"url\":\"https:\\\/\\\/www.apres-lecole.fr\\\/Blog\\\/wp-content\\\/uploads\\\/2025\\\/07\\\/En-direct-la-guerre-en-Ukraine-sintensifie-avec-une-attaque-russe-sur-Kiev-une-ecole-maternelle-est-touchee.jpg\",\"contentUrl\":\"https:\\\/\\\/www.apres-lecole.fr\\\/Blog\\\/wp-content\\\/uploads\\\/2025\\\/07\\\/En-direct-la-guerre-en-Ukraine-sintensifie-avec-une-attaque-russe-sur-Kiev-une-ecole-maternelle-est-touchee.jpg\",\"width\":1344,\"height\":768,\"caption\":\"suivez en direct les derniers d\u00e9veloppements de la guerre en ukraine, o\u00f9 les tensions s'intensifient apr\u00e8s une nouvelle attaque russe sur kiev, touchant une \u00e9cole maternelle. d\u00e9couvrez les r\u00e9percussions et les mises \u00e0 jour cruciales sur cette situation pr\u00e9occupante.\"},{\"@type\":\"BreadcrumbList\",\"@id\":\"https:\\\/\\\/www.apres-lecole.fr\\\/Blog\\\/guerre-ukraine-attaque-kiev\\\/#breadcrumb\",\"itemListElement\":[{\"@type\":\"ListItem\",\"position\":1,\"name\":\"Home\",\"item\":\"https:\\\/\\\/www.apres-lecole.fr\\\/Blog\\\/\"},{\"@type\":\"ListItem\",\"position\":2,\"name\":\"En direct : la guerre en Ukraine s&rsquo;intensifie avec une attaque russe sur Kiev, une \u00e9cole maternelle est touch\u00e9e\"}]},{\"@type\":\"WebSite\",\"@id\":\"https:\\\/\\\/www.apres-lecole.fr\\\/Blog\\\/#website\",\"url\":\"https:\\\/\\\/www.apres-lecole.fr\\\/Blog\\\/\",\"name\":\"\",\"description\":\"M\u00e9dia g\u00e9n\u00e9raliste\",\"potentialAction\":[{\"@type\":\"SearchAction\",\"target\":{\"@type\":\"EntryPoint\",\"urlTemplate\":\"https:\\\/\\\/www.apres-lecole.fr\\\/Blog\\\/?s={search_term_string}\"},\"query-input\":{\"@type\":\"PropertyValueSpecification\",\"valueRequired\":true,\"valueName\":\"search_term_string\"}}],\"inLanguage\":\"fr-FR\"},{\"@type\":\"Person\",\"@id\":\"https:\\\/\\\/www.apres-lecole.fr\\\/Blog\\\/#\\\/schema\\\/person\\\/aeb50cd4b51fc69da155804bb5bb9fc4\",\"name\":\"Eva Martin\",\"image\":{\"@type\":\"ImageObject\",\"inLanguage\":\"fr-FR\",\"@id\":\"https:\\\/\\\/secure.gravatar.com\\\/avatar\\\/55c53222558b27a72015a64073a80edce4abd33369394b9bf2c5cd6c19d12682?s=96&d=mm&r=g\",\"url\":\"https:\\\/\\\/secure.gravatar.com\\\/avatar\\\/55c53222558b27a72015a64073a80edce4abd33369394b9bf2c5cd6c19d12682?s=96&d=mm&r=g\",\"contentUrl\":\"https:\\\/\\\/secure.gravatar.com\\\/avatar\\\/55c53222558b27a72015a64073a80edce4abd33369394b9bf2c5cd6c19d12682?s=96&d=mm&r=g\",\"caption\":\"Eva Martin\"},\"description\":\"Je parle de business et d'entrepreneuriat avec des conseils clairs, concrets et actionnables pour r\u00e9ussir\",\"sameAs\":[\"https:\\\/\\\/x.com\\\/Evaapresecole\"],\"url\":\"https:\\\/\\\/www.apres-lecole.fr\\\/Blog\\\/author\\\/evamartin\\\/\"}]}<\/script>\n<!-- \/ Yoast SEO plugin. -->","yoast_head_json":{"title":"En direct : la guerre en Ukraine franchit un nouveau cap avec l'attaque de Kiev","description":"Suivez en direct l'intensification de la guerre en Ukraine : attaque russe sur Kiev, une \u00e9cole maternelle touch\u00e9e, derni\u00e8res actualit\u00e9s.","robots":{"index":"index","follow":"follow","max-snippet":"max-snippet:-1","max-image-preview":"max-image-preview:large","max-video-preview":"max-video-preview:-1"},"canonical":"https:\/\/www.apres-lecole.fr\/Blog\/guerre-ukraine-attaque-kiev\/","og_locale":"fr_FR","og_type":"article","og_title":"En direct : la guerre en Ukraine franchit un nouveau cap avec l'attaque de Kiev","og_description":"Suivez en direct l'intensification de la guerre en Ukraine : attaque russe sur Kiev, une \u00e9cole maternelle touch\u00e9e, derni\u00e8res actualit\u00e9s.","og_url":"https:\/\/www.apres-lecole.fr\/Blog\/guerre-ukraine-attaque-kiev\/","article_published_time":"2025-07-21T07:13:43+00:00","og_image":[{"width":1344,"height":768,"url":"https:\/\/www.apres-lecole.fr\/Blog\/wp-content\/uploads\/2025\/07\/En-direct-la-guerre-en-Ukraine-sintensifie-avec-une-attaque-russe-sur-Kiev-une-ecole-maternelle-est-touchee.jpg","type":"image\/jpeg"}],"author":"Eva Martin","twitter_card":"summary_large_image","twitter_creator":"@Evaapresecole","twitter_misc":{"\u00c9crit par":"Eva Martin","Dur\u00e9e de lecture estim\u00e9e":"8 minutes"},"schema":{"@context":"https:\/\/schema.org","@graph":[{"@type":"Article","@id":"https:\/\/www.apres-lecole.fr\/Blog\/guerre-ukraine-attaque-kiev\/#article","isPartOf":{"@id":"https:\/\/www.apres-lecole.fr\/Blog\/guerre-ukraine-attaque-kiev\/"},"author":{"name":"Eva Martin","@id":"https:\/\/www.apres-lecole.fr\/Blog\/#\/schema\/person\/aeb50cd4b51fc69da155804bb5bb9fc4"},"headline":"En direct : la guerre en Ukraine s&rsquo;intensifie avec une attaque russe sur Kiev, une \u00e9cole maternelle est touch\u00e9e","datePublished":"2025-07-21T07:13:43+00:00","mainEntityOfPage":{"@id":"https:\/\/www.apres-lecole.fr\/Blog\/guerre-ukraine-attaque-kiev\/"},"wordCount":1596,"commentCount":0,"image":{"@id":"https:\/\/www.apres-lecole.fr\/Blog\/guerre-ukraine-attaque-kiev\/#primaryimage"},"thumbnailUrl":"https:\/\/www.apres-lecole.fr\/Blog\/wp-content\/uploads\/2025\/07\/En-direct-la-guerre-en-Ukraine-sintensifie-avec-une-attaque-russe-sur-Kiev-une-ecole-maternelle-est-touchee.jpg","keywords":["attaque russe","conflit","\u00e9cole maternelle","guerre en ukraine","kiev"],"articleSection":["Actualit\u00e9s"],"inLanguage":"fr-FR","potentialAction":[{"@type":"CommentAction","name":"Comment","target":["https:\/\/www.apres-lecole.fr\/Blog\/guerre-ukraine-attaque-kiev\/#respond"]}]},{"@type":"WebPage","@id":"https:\/\/www.apres-lecole.fr\/Blog\/guerre-ukraine-attaque-kiev\/","url":"https:\/\/www.apres-lecole.fr\/Blog\/guerre-ukraine-attaque-kiev\/","name":"En direct : la guerre en Ukraine franchit un nouveau cap avec l'attaque de Kiev","isPartOf":{"@id":"https:\/\/www.apres-lecole.fr\/Blog\/#website"},"primaryImageOfPage":{"@id":"https:\/\/www.apres-lecole.fr\/Blog\/guerre-ukraine-attaque-kiev\/#primaryimage"},"image":{"@id":"https:\/\/www.apres-lecole.fr\/Blog\/guerre-ukraine-attaque-kiev\/#primaryimage"},"thumbnailUrl":"https:\/\/www.apres-lecole.fr\/Blog\/wp-content\/uploads\/2025\/07\/En-direct-la-guerre-en-Ukraine-sintensifie-avec-une-attaque-russe-sur-Kiev-une-ecole-maternelle-est-touchee.jpg","datePublished":"2025-07-21T07:13:43+00:00","author":{"@id":"https:\/\/www.apres-lecole.fr\/Blog\/#\/schema\/person\/aeb50cd4b51fc69da155804bb5bb9fc4"},"description":"Suivez en direct l'intensification de la guerre en Ukraine : attaque russe sur Kiev, une \u00e9cole maternelle touch\u00e9e, derni\u00e8res actualit\u00e9s.","breadcrumb":{"@id":"https:\/\/www.apres-lecole.fr\/Blog\/guerre-ukraine-attaque-kiev\/#breadcrumb"},"inLanguage":"fr-FR","potentialAction":[{"@type":"ReadAction","target":["https:\/\/www.apres-lecole.fr\/Blog\/guerre-ukraine-attaque-kiev\/"]}]},{"@type":"ImageObject","inLanguage":"fr-FR","@id":"https:\/\/www.apres-lecole.fr\/Blog\/guerre-ukraine-attaque-kiev\/#primaryimage","url":"https:\/\/www.apres-lecole.fr\/Blog\/wp-content\/uploads\/2025\/07\/En-direct-la-guerre-en-Ukraine-sintensifie-avec-une-attaque-russe-sur-Kiev-une-ecole-maternelle-est-touchee.jpg","contentUrl":"https:\/\/www.apres-lecole.fr\/Blog\/wp-content\/uploads\/2025\/07\/En-direct-la-guerre-en-Ukraine-sintensifie-avec-une-attaque-russe-sur-Kiev-une-ecole-maternelle-est-touchee.jpg","width":1344,"height":768,"caption":"suivez en direct les derniers d\u00e9veloppements de la guerre en ukraine, o\u00f9 les tensions s'intensifient apr\u00e8s une nouvelle attaque russe sur kiev, touchant une \u00e9cole maternelle. d\u00e9couvrez les r\u00e9percussions et les mises \u00e0 jour cruciales sur cette situation pr\u00e9occupante."},{"@type":"BreadcrumbList","@id":"https:\/\/www.apres-lecole.fr\/Blog\/guerre-ukraine-attaque-kiev\/#breadcrumb","itemListElement":[{"@type":"ListItem","position":1,"name":"Home","item":"https:\/\/www.apres-lecole.fr\/Blog\/"},{"@type":"ListItem","position":2,"name":"En direct : la guerre en Ukraine s&rsquo;intensifie avec une attaque russe sur Kiev, une \u00e9cole maternelle est touch\u00e9e"}]},{"@type":"WebSite","@id":"https:\/\/www.apres-lecole.fr\/Blog\/#website","url":"https:\/\/www.apres-lecole.fr\/Blog\/","name":"","description":"M\u00e9dia g\u00e9n\u00e9raliste","potentialAction":[{"@type":"SearchAction","target":{"@type":"EntryPoint","urlTemplate":"https:\/\/www.apres-lecole.fr\/Blog\/?s={search_term_string}"},"query-input":{"@type":"PropertyValueSpecification","valueRequired":true,"valueName":"search_term_string"}}],"inLanguage":"fr-FR"},{"@type":"Person","@id":"https:\/\/www.apres-lecole.fr\/Blog\/#\/schema\/person\/aeb50cd4b51fc69da155804bb5bb9fc4","name":"Eva Martin","image":{"@type":"ImageObject","inLanguage":"fr-FR","@id":"https:\/\/secure.gravatar.com\/avatar\/55c53222558b27a72015a64073a80edce4abd33369394b9bf2c5cd6c19d12682?s=96&d=mm&r=g","url":"https:\/\/secure.gravatar.com\/avatar\/55c53222558b27a72015a64073a80edce4abd33369394b9bf2c5cd6c19d12682?s=96&d=mm&r=g","contentUrl":"https:\/\/secure.gravatar.com\/avatar\/55c53222558b27a72015a64073a80edce4abd33369394b9bf2c5cd6c19d12682?s=96&d=mm&r=g","caption":"Eva Martin"},"description":"Je parle de business et d'entrepreneuriat avec des conseils clairs, concrets et actionnables pour r\u00e9ussir","sameAs":["https:\/\/x.com\/Evaapresecole"],"url":"https:\/\/www.apres-lecole.fr\/Blog\/author\/evamartin\/"}]}},"views":14,"_links":{"self":[{"href":"https:\/\/www.apres-lecole.fr\/Blog\/wp-json\/wp\/v2\/posts\/2106","targetHints":{"allow":["GET"]}}],"collection":[{"href":"https:\/\/www.apres-lecole.fr\/Blog\/wp-json\/wp\/v2\/posts"}],"about":[{"href":"https:\/\/www.apres-lecole.fr\/Blog\/wp-json\/wp\/v2\/types\/post"}],"author":[{"embeddable":true,"href":"https:\/\/www.apres-lecole.fr\/Blog\/wp-json\/wp\/v2\/users\/9"}],"replies":[{"embeddable":true,"href":"https:\/\/www.apres-lecole.fr\/Blog\/wp-json\/wp\/v2\/comments?post=2106"}],"version-history":[{"count":0,"href":"https:\/\/www.apres-lecole.fr\/Blog\/wp-json\/wp\/v2\/posts\/2106\/revisions"}],"wp:featuredmedia":[{"embeddable":true,"href":"https:\/\/www.apres-lecole.fr\/Blog\/wp-json\/wp\/v2\/media\/2105"}],"wp:attachment":[{"href":"https:\/\/www.apres-lecole.fr\/Blog\/wp-json\/wp\/v2\/media?parent=2106"}],"wp:term":[{"taxonomy":"category","embeddable":true,"href":"https:\/\/www.apres-lecole.fr\/Blog\/wp-json\/wp\/v2\/categories?post=2106"},{"taxonomy":"post_tag","embeddable":true,"href":"https:\/\/www.apres-lecole.fr\/Blog\/wp-json\/wp\/v2\/tags?post=2106"}],"curies":[{"name":"wp","href":"https:\/\/api.w.org\/{rel}","templated":true}]}}