{"id":2101,"date":"2025-07-19T07:13:11","date_gmt":"2025-07-19T07:13:11","guid":{"rendered":"https:\/\/www.apres-lecole.fr\/Blog\/education-filles-domicile-separatisme\/"},"modified":"2025-07-19T07:13:11","modified_gmt":"2025-07-19T07:13:11","slug":"education-filles-domicile-separatisme","status":"publish","type":"post","link":"https:\/\/www.apres-lecole.fr\/Blog\/education-filles-domicile-separatisme\/","title":{"rendered":"C\u00e9cile se bat pour l&rsquo;\u00e9ducation de ses trois filles \u00e0 domicile : la loi sur le s\u00e9paratisme et ses cons\u00e9quences"},"content":{"rendered":"\n\n<div class=\"kk-star-ratings kksr-auto kksr-align-left kksr-valign-top\"\n    data-payload='{&quot;align&quot;:&quot;left&quot;,&quot;id&quot;:&quot;2101&quot;,&quot;slug&quot;:&quot;default&quot;,&quot;valign&quot;:&quot;top&quot;,&quot;ignore&quot;:&quot;&quot;,&quot;reference&quot;:&quot;auto&quot;,&quot;class&quot;:&quot;&quot;,&quot;count&quot;:&quot;0&quot;,&quot;legendonly&quot;:&quot;&quot;,&quot;readonly&quot;:&quot;&quot;,&quot;score&quot;:&quot;0&quot;,&quot;starsonly&quot;:&quot;&quot;,&quot;best&quot;:&quot;5&quot;,&quot;gap&quot;:&quot;5&quot;,&quot;greet&quot;:&quot;Rate this post&quot;,&quot;legend&quot;:&quot;0\\\/5 - (0 vote)&quot;,&quot;size&quot;:&quot;24&quot;,&quot;title&quot;:&quot;C\u00e9cile se bat pour l\\u0026#039;\u00e9ducation de ses trois filles \u00e0 domicile : la loi sur le s\u00e9paratisme et ses cons\u00e9quences&quot;,&quot;width&quot;:&quot;0&quot;,&quot;_legend&quot;:&quot;{score}\\\/{best} - ({count} {votes})&quot;,&quot;font_factor&quot;:&quot;1.25&quot;}'>\n            \n<div class=\"kksr-stars\">\n    \n<div class=\"kksr-stars-inactive\">\n            <div class=\"kksr-star\" data-star=\"1\" style=\"padding-right: 5px\">\n            \n\n<div class=\"kksr-icon\" style=\"width: 24px; height: 24px;\"><\/div>\n        <\/div>\n            <div class=\"kksr-star\" data-star=\"2\" style=\"padding-right: 5px\">\n            \n\n<div class=\"kksr-icon\" style=\"width: 24px; height: 24px;\"><\/div>\n        <\/div>\n            <div class=\"kksr-star\" data-star=\"3\" style=\"padding-right: 5px\">\n            \n\n<div class=\"kksr-icon\" style=\"width: 24px; height: 24px;\"><\/div>\n        <\/div>\n            <div class=\"kksr-star\" data-star=\"4\" style=\"padding-right: 5px\">\n            \n\n<div class=\"kksr-icon\" style=\"width: 24px; height: 24px;\"><\/div>\n        <\/div>\n            <div class=\"kksr-star\" data-star=\"5\" style=\"padding-right: 5px\">\n            \n\n<div class=\"kksr-icon\" style=\"width: 24px; height: 24px;\"><\/div>\n        <\/div>\n    <\/div>\n    \n<div class=\"kksr-stars-active\" style=\"width: 0px;\">\n            <div class=\"kksr-star\" style=\"padding-right: 5px\">\n            \n\n<div class=\"kksr-icon\" style=\"width: 24px; height: 24px;\"><\/div>\n        <\/div>\n            <div class=\"kksr-star\" style=\"padding-right: 5px\">\n            \n\n<div class=\"kksr-icon\" style=\"width: 24px; height: 24px;\"><\/div>\n        <\/div>\n            <div class=\"kksr-star\" style=\"padding-right: 5px\">\n            \n\n<div class=\"kksr-icon\" style=\"width: 24px; height: 24px;\"><\/div>\n        <\/div>\n            <div class=\"kksr-star\" style=\"padding-right: 5px\">\n            \n\n<div class=\"kksr-icon\" style=\"width: 24px; height: 24px;\"><\/div>\n        <\/div>\n            <div class=\"kksr-star\" style=\"padding-right: 5px\">\n            \n\n<div class=\"kksr-icon\" style=\"width: 24px; height: 24px;\"><\/div>\n        <\/div>\n    <\/div>\n<\/div>\n                \n\n<div class=\"kksr-legend\" style=\"font-size: 19.2px;\">\n            <span class=\"kksr-muted\">Rate this post<\/span>\n    <\/div>\n    <\/div>\n<p>Dans un contexte o\u00f9 l\u2019\u00e9panouissement des enfants est devenu un sujet de pr\u00e9occupation majeur, le choix de l\u2019\u00e9ducation \u00e0 domicile est souvent abord\u00e9 avec des angles vari\u00e9s. C\u00e9cile, maman de trois filles, incarne cette qu\u00eate de libert\u00e9 qui se confronte aux rudes r\u00e9alit\u00e9s de la loi sur le s\u00e9paratisme. Les d\u00e9fis qu\u2019elle affronte quotidiennement ne sont pas seulement juridiques; ils touchent aussi \u00e0 la po\u00e9sie d&rsquo;un apprentissage serein et \u00e0 la vision d\u2019un monde mieux \u00e9duqu\u00e9. Cette bataille soul\u00e8ve des enjeux cruciaux concernant les <strong>droits des enfants<\/strong>, l&rsquo;<strong>engagement parental<\/strong> et la capacit\u00e9 \u00e0 garantir une <strong>\u00e9ducation<\/strong> de qualit\u00e9, loin des sentiers battus de l&rsquo;\u00e9cole traditionnelle.<\/p>\n\n<h2 class=\"wp-block-heading\">C\u00e9cile et l&rsquo;\u00e9ducation \u00e0 domicile : un choix r\u00e9fl\u00e9chi<\/h2>\n\n<p>Le parcours \u00e9ducatif de C\u00e9cile et de ses filles se base sur des valeurs solides et un d\u00e9sir ardent d\u2019offrir le meilleur. Pour elle, l&rsquo;<strong>\u00e9cole \u00e0 la maison<\/strong> repr\u00e9sente avant tout le choix de l\u2019autonomie. Dans un monde o\u00f9 le format scolaire est souvent rigide et protocol\u00e9, elle d\u00e9couvre une approche plus fluide, o\u00f9 l\u2019apprentissage se fait \u00e0 son propre rythme. Les journ\u00e9es se ponctuent de jeux, d&rsquo;ateliers cr\u00e9atifs et de sorties enrichissantes. C\u00e9cile choisit des livres adapt\u00e9s aux nouvelles mati\u00e8res d&rsquo;enseignement, diversifiant les supports d&rsquo;apprentissage, et int\u00e8gre des concepts de gestion de projet pour stimuler son esprit critique. Voici quelques avantages majeurs qu&rsquo;elle observe :<\/p>\n\n<ul class=\"wp-block-list\"><li>\ud83c\udf31 <strong>Individualisation de l&rsquo;apprentissage<\/strong> : chaque fille progresse \u00e0 son propre rythme.<\/li><li>\ud83c\udf0d <strong>\u00c9ducation par l&rsquo;exp\u00e9rience<\/strong> : sorties \u00e9ducatives, visites de mus\u00e9es et \u00e9changes culturels.<\/li><li>\ud83d\ude4c <strong>Renforcement des liens familiaux<\/strong> : partage d&rsquo;apprentissages et moments de complicit\u00e9.<\/li><\/ul>\n\n<p>Cependant, ce choix n\u2019est pas exempt de critiques et de remises en question. La soci\u00e9t\u00e9, attach\u00e9e \u00e0 ses structures scolaires, affiche parfois une m\u00e9fiance face \u00e0 l\u2019instruction \u00e0 domicile. Ainsi, la loi sur le s\u00e9paratisme, adopt\u00e9e en 2021, limite les possibilit\u00e9s d\u2019instruction \u00e0 domicile. Ce cadre l\u00e9gislatif a transform\u00e9 un gain en perte, poussant C\u00e9cile \u00e0 redoubler d\u2019efforts pour justifier sa d\u00e9marche aupr\u00e8s des autorit\u00e9s. Chaque ann\u00e9e, elle doit fournir des preuves d\u2019un programme \u00e9ducatif rigoureux et \u00e9quilibr\u00e9, tout en restant \u00e0 l\u2019\u00e9coute des besoins de ses filles.<\/p>\n\n<h2 class=\"wp-block-heading\">La loi sur le s\u00e9paratisme : un choc pour l&rsquo;instruction \u00e0 domicile<\/h2>\n\n<p>Lors de son adoption, la loi sur le s\u00e9paratisme a engendr\u00e9 une v\u00e9ritable onde de choc au sein des familles qui optaient pour l\u2019instruction \u00e0 domicile. En durcissant les crit\u00e8res d\u2019admission, elle a r\u00e9duit le champ des possibles pour de nombreuses familles comme celle de C\u00e9cile. Auparavant, il suffisait d&rsquo;une d\u00e9claration simple pour permettre \u00e0 un enfant d\u2019\u00eatre \u00e9duqu\u00e9 \u00e0 la maison. D\u00e9sormais, il faut faire face \u00e0 un v\u00e9ritable parcours du combattant, et ce, sous la pression croissante des administrations.<\/p>\n\n<h3 class=\"wp-block-heading\">Les nouvelles exigences administratives<\/h3>\n\n<p>Les parents d\u00e9sireux de scolariser leurs enfants \u00e0 domicile doivent d\u00e9sormais d\u00e9poser une demande d\u2019<strong>autorisation<\/strong> en bonne et due forme. Les crit\u00e8res sont stricts et souvent obscurs. Voici un aper\u00e7u des principales obligations :<\/p>\n\n<figure class=\"wp-block-table\"><table>\n<thead>\n<tr>\n<th>Exigences<\/th>\n<th>Description<\/th>\n<\/tr>\n<\/thead>\n<tbody>\n<tr>\n<td>\ud83d\udcc4 Demande d&rsquo;autorisation<\/td>\n<td>Soumettre un dossier \u00e0 l&rsquo;inspection acad\u00e9mique.<\/td>\n<\/tr>\n<tr>\n<td>\ud83d\udcdd Programme \u00e9ducatif<\/td>\n<td>D\u00e9tailler les mati\u00e8res enseign\u00e9es et les m\u00e9thodes d&rsquo;apprentissage.<\/td>\n<\/tr>\n<tr>\n<td>\ud83d\udd0d \u00c9valuations r\u00e9guli\u00e8res<\/td>\n<td>Les enfants doivent \u00eatre soumis \u00e0 des \u00e9valuations pour prouver leur progression.<\/td>\n<\/tr>\n<\/tbody>\n<\/table><\/figure>\n\n<p>Cette situation cr\u00e9e donc un stress suppl\u00e9mentaire pour les parents. La crainte de perdre leurs droits et la difficult\u00e9 d\u2019acc\u00e9der \u00e0 des ressources \u00e9ducatives pertinentes rendent l\u2019exp\u00e9rience de l\u2019instruction \u00e0 domicile complexe. C\u00e9cile se sent souvent dans le viseur de l&rsquo;administration, ce qui l\u2019oblige \u00e0 se battre pour le droit d&rsquo;\u00e9duquer ses filles sereinement. Elle souligne que les <strong>cons\u00e9quences<\/strong> ne portent pas que sur les parents, mais aussi sur les enfants.<\/p>\n\n<h2 class=\"wp-block-heading\">Cons\u00e9quences sur l&rsquo;apprentissage et le bien-\u00eatre des enfants<\/h2>\n\n<p>Les r\u00e9percussions de la loi sur le s\u00e9paratisme ne se limitent pas aux d\u00e9marches administratives. Elles impactent directement l\u2019<strong>apprentissage<\/strong> et le bien-\u00eatre des enfants. C\u00e9cile observe que ses filles, qui avaient l\u2019habitude de b\u00e9n\u00e9ficier d\u2019un programme \u00e9ducatif \u00e0 dimension humaine, commencent \u00e0 ressentir la pression de ces nouvelles exigences. L\u2019ambiance qui baignait l\u2019apprentissage \u00e0 domicile se transforme peu \u00e0 peu en stress, ce qui est tout le contraire de ce que C\u00e9cile souhaitait. Il est essentiel de comprendre comment ces changements influencent la vie quotidienne des enfants.<\/p>\n\n<h3 class=\"wp-block-heading\">Un impact psychologique significatif<\/h3>\n\n<p>Quand l\u2019\u00e9ducation devient un champ de tension, cela peut influencer le moral des enfants. Les \u00e9l\u00e8ves qui ne s\u2019\u00e9panouissent pas dans leur environnement \u00e9ducatif sont souvent suivis par diff\u00e9rentes manifestations, telles que :<\/p>\n\n<ul class=\"wp-block-list\"><li>\ud83d\ude1f Anxi\u00e9t\u00e9 croissante face aux \u00e9valuations.<\/li><li>\ud83d\ude15 Difficult\u00e9 d\u2019adaptation aux nouveaux formats d\u2019apprentissage.<\/li><li>\ud83d\udc94 Risque de d\u00e9sengagement vis-\u00e0-vis de l\u2019\u00e9cole et de l\u2019apprentissage.<\/li><\/ul>\n\n<p>Un suivi au long cours s\u2019av\u00e8re indispensable pour aider ces enfants \u00e0 maintenir leur motivation. C\u00e9cile s\u2019efforce de rester en contact avec d&rsquo;autres parents pratiquants l\u2019\u00e9ducation \u00e0 domicile et d\u2019\u00e9changer des conseils et des ressources. Pourtant, la question demeure : jusqu\u2019o\u00f9 peut-on aller sans compromettre le bien-\u00eatre des enfants dans cette r\u00e9alit\u00e9 complexe ?<\/p>\n\n<h2 class=\"wp-block-heading\">Le r\u00f4le de l&rsquo;engagement parental dans l&rsquo;\u00e9ducation \u00e0 domicile<\/h2>\n\n<p>Le choix d\u2019une \u00e9ducation \u00e0 domicile impose un certain type de parent. C\u00e9cile incarne cette figure d\u2019un p\u00e8re ou d\u2019une m\u00e8re engag\u00e9, capable de s\u2019adapter face aux d\u00e9fis. Elle refuse que la loi sur le s\u00e9paratisme soit un frein \u00e0 son engagement. Ce combat n\u00e9cessite plus qu&rsquo;un simple d\u00e9sir d&rsquo;apprendre ; il requiert un abonnement in\u00e9branlable \u00e0 l&rsquo;\u00ab amour maternel \u00bb et un d\u00e9sir de r\u00e9ussite. Au-del\u00e0 des m\u00e9thodes \u00e9ducatives, le v\u00e9ritable apprentissage s\u2019op\u00e8re \u00e0 travers les interactions humaines.<\/p>\n\n<h3 class=\"wp-block-heading\">Les strat\u00e9gies de soutien parental<\/h3>\n\n<p>Pour g\u00e9rer ce parcours sem\u00e9 d\u2019emb\u00fbches, C\u00e9cile d\u00e9veloppe diff\u00e9rentes strat\u00e9gies. En voici quelques-unes qui peuvent s\u2019av\u00e9rer utiles :<\/p>\n\n<ul class=\"wp-block-list\"><li>\ud83d\udcda \u00c9tablir un emploi du temps flexible : s\u2019adapter aux besoins d\u2019apprentissage des enfants.<\/li><li>\ud83d\udda5\ufe0f Utiliser des ressources en ligne : acc\u00e9der \u00e0 des plateformes \u00e9ducatives pour diversifier les enseignements.<\/li><li>\ud83e\udd1d Cr\u00e9er des r\u00e9seaux avec d\u2019autres parents : partager conseils et ressources pour se soutenir mutuellement.<\/li><\/ul>\n\n<p>Ces ressources sont cruciales pour redonner une dynamique \u00e0 l\u2019apprentissage familial. Malgr\u00e9 les efforts, chaque journ\u00e9e reste un challenge au c\u0153ur duquel se dessine l&rsquo;avenir des enfants. L&rsquo;engagement parental transcende les simples devoirs \u00e9ducatifs, il fa\u00e7onne des environnements d&rsquo;apprentissage o\u00f9 chaque instant devient une opportunit\u00e9, un partage. C\u00e9cile est convaincue que cet engagement est la cl\u00e9 pour les aider \u00e0 construire une autonomie qui leur servira tout au long de leur vie.<\/p>\n\n<h2 class=\"wp-block-heading\">D\u00e9marches \u00e0 suivre et ressources disponibles<\/h2>\n\n<p>Dans la jungle des d\u00e9marches administratives et l\u00e9gales qui encadrent l&rsquo;\u00e9ducation \u00e0 domicile, C\u00e9cile a d\u00fb se former pour comprendre chaque \u00e9tape. La bonne nouvelle, c&rsquo;est qu&rsquo;il existe des ressources pour accompagner les familles dans cette aventure complexe. Nombre d\u2019associations se mobilisent pour guider les parents face \u00e0 l\u2019<strong>engagement<\/strong> requis par la loi sur le s\u00e9paratisme. Voici un tableau r\u00e9capitulatif des principales ressources et d\u00e9marches :<\/p>\n\n<figure class=\"wp-block-table\"><table>\n<thead>\n<tr>\n<th>Ressource<\/th>\n<th>Description<\/th>\n<th>\ud83d\udd17 Lien<\/th>\n<\/tr>\n<\/thead>\n<tbody>\n<tr>\n<td>Association nationale pour l&rsquo;instruction \u00e0 domicile<\/td>\n<td>Apporte des conseils et du soutien aux familles.<\/td>\n<td><a href=\"https:\/\/www.apres-lecole.fr\/Blog\/famille-obstacles-education-domicile\/\">Site<\/a><\/td>\n<\/tr>\n<tr>\n<td>Plateformes d&rsquo;\u00e9ducation en ligne<\/td>\n<td>Offrent des cours et des ressources pour enrichir l&rsquo;apprentissage.<\/td>\n<td><a href=\"https:\/\/www.apres-lecole.fr\/Blog\/formations-innovantes-ynov-2025\/\">Site<\/a><\/td>\n<\/tr>\n<tr>\n<td>Retraites \u00e9ducatives<\/td>\n<td>Organisation de stages \u00e9ducatifs pour enfants et parents.<\/td>\n<td><a href=\"https:\/\/www.apres-lecole.fr\/Blog\/nouvelle-matiere-education\/\">Site<\/a><\/td>\n<\/tr>\n<\/tbody>\n<\/table><\/figure>\n\n<p>Ces ressources sont indispensables pour cr\u00e9er une exp\u00e9rience enrichissante m\u00eame dans un cadre juridique serr\u00e9. C\u00e9cile en fait usage pour \u00e9tablir une base solide et s\u00e9curis\u00e9e pour ses filles. M\u00eame si le chemin est sem\u00e9 d\u2019emb\u00fbches, la volont\u00e9 d\u2019apprendre ne se heurte pas \u00e0 la loi : elle transcende les limites qu\u2019elle impose.<\/p>\n\n<h2 class=\"wp-block-heading\">FAQ<\/h2>\n\n<p><strong>1. Qu&rsquo;est-ce que l&rsquo;\u00e9ducation \u00e0 domicile ?<\/strong><br>\nL&rsquo;\u00e9ducation \u00e0 domicile, ou instruction en famille, d\u00e9signe le fait d\u2019offrir l\u2019enseignement \u00e0 ses enfants \u00e0 domicile, en dehors de l\u2019\u00e9cole traditionnelle.<\/p>\n\n<p><strong>2. Quelles sont les cons\u00e9quences de la loi sur le s\u00e9paratisme sur l&rsquo;instruction \u00e0 domicile ?<\/strong><br>\nCette loi impose des exigences plus strictes pour l&rsquo;instruction \u00e0 domicile, rendant la proc\u00e9dure plus complexe et en augmentant le stress pour les parents.<\/p>\n\n<p><strong>3. Quelles ressources sont disponibles pour soutenir les parents dans l&rsquo;instruction \u00e0 domicile ?<\/strong><br>\nIl existe de nombreuses associations, plateformes \u00e9ducatives et groupes de soutien pour aider les parents dans leur d\u00e9marche.<\/p>\n\n<p><strong>4. Quels sont les d\u00e9fis psychologiques rencontr\u00e9s par les enfants en \u00e9ducation \u00e0 domicile ?<\/strong><br>\nLes enfants peuvent ressentir de l&rsquo;anxi\u00e9t\u00e9 due \u00e0 la pression des \u00e9valuations, ce qui peut affecter leur motivation et leur engagement.<\/p>\n\n<p><strong>5. Comment les parents peuvent-ils soutenir leurs enfants dans l&rsquo;apprentissage \u00e0 domicile ?<\/strong><br>\nEn cr\u00e9ant un emploi du temps flexible, en utilisant des ressources en ligne et en s&rsquo;engageant avec d&rsquo;autres parents pour partager des conseils.<\/p>\n\n","protected":false},"excerpt":{"rendered":"<p>Dans un contexte o\u00f9 l\u2019\u00e9panouissement des enfants est devenu un sujet de pr\u00e9occupation majeur, le choix de l\u2019\u00e9ducation \u00e0 domicile est souvent abord\u00e9 avec des angles vari\u00e9s. C\u00e9cile, maman de trois filles, incarne cette qu\u00eate de libert\u00e9 qui se confronte aux rudes r\u00e9alit\u00e9s de la loi sur le s\u00e9paratisme. Les d\u00e9fis qu\u2019elle affronte quotidiennement ne &#8230; <a title=\"C\u00e9cile se bat pour l&rsquo;\u00e9ducation de ses trois filles \u00e0 domicile : la loi sur le s\u00e9paratisme et ses cons\u00e9quences\" class=\"read-more\" href=\"https:\/\/www.apres-lecole.fr\/Blog\/education-filles-domicile-separatisme\/\" aria-label=\"En savoir plus sur C\u00e9cile se bat pour l&rsquo;\u00e9ducation de ses trois filles \u00e0 domicile : la loi sur le s\u00e9paratisme et ses cons\u00e9quences\">Lire plus<\/a><\/p>\n","protected":false},"author":9,"featured_media":2100,"comment_status":"open","ping_status":"open","sticky":false,"template":"","format":"standard","meta":{"footnotes":""},"categories":[342],"tags":[1221,1223,1117,1224,1222],"class_list":["post-2101","post","type-post","status-publish","format-standard","has-post-thumbnail","hentry","category-actualites","tag-cecile","tag-droits-des-familles","tag-education-a-domicile","tag-education-des-filles","tag-loi-sur-le-separatisme"],"yoast_head":"<!-- This site is optimized with the Yoast SEO plugin v27.5 - https:\/\/yoast.com\/product\/yoast-seo-wordpress\/ -->\n<title>C\u00e9cile et l&#039;\u00e9ducation \u00e0 domicile : un combat face \u00e0 la loi sur le s\u00e9paratisme<\/title>\n<meta name=\"description\" content=\"C\u00e9cile d\u00e9fend l&#039;instruction \u00e0 domicile de ses filles face \u00e0 la loi sur le s\u00e9paratisme. D\u00e9couvrez les enjeux et cons\u00e9quences de cette r\u00e9forme.\" \/>\n<meta name=\"robots\" content=\"index, follow, max-snippet:-1, max-image-preview:large, max-video-preview:-1\" \/>\n<link rel=\"canonical\" href=\"https:\/\/www.apres-lecole.fr\/Blog\/education-filles-domicile-separatisme\/\" \/>\n<meta property=\"og:locale\" content=\"fr_FR\" \/>\n<meta property=\"og:type\" content=\"article\" \/>\n<meta property=\"og:title\" content=\"C\u00e9cile et l&#039;\u00e9ducation \u00e0 domicile : un combat face \u00e0 la loi sur le s\u00e9paratisme\" \/>\n<meta property=\"og:description\" content=\"C\u00e9cile d\u00e9fend l&#039;instruction \u00e0 domicile de ses filles face \u00e0 la loi sur le s\u00e9paratisme. D\u00e9couvrez les enjeux et cons\u00e9quences de cette r\u00e9forme.\" \/>\n<meta property=\"og:url\" content=\"https:\/\/www.apres-lecole.fr\/Blog\/education-filles-domicile-separatisme\/\" \/>\n<meta property=\"article:published_time\" content=\"2025-07-19T07:13:11+00:00\" \/>\n<meta property=\"og:image\" content=\"https:\/\/www.apres-lecole.fr\/Blog\/wp-content\/uploads\/2025\/07\/Cecile-se-bat-pour-leducation-de-ses-trois-filles-a-domicile-la-loi-sur-le-separatisme-et-ses-consequences.jpg\" \/>\n\t<meta property=\"og:image:width\" content=\"1344\" \/>\n\t<meta property=\"og:image:height\" content=\"768\" \/>\n\t<meta property=\"og:image:type\" content=\"image\/jpeg\" \/>\n<meta name=\"author\" content=\"Eva Martin\" \/>\n<meta name=\"twitter:card\" content=\"summary_large_image\" \/>\n<meta name=\"twitter:creator\" content=\"@Evaapresecole\" \/>\n<meta name=\"twitter:label1\" content=\"\u00c9crit par\" \/>\n\t<meta name=\"twitter:data1\" content=\"Eva Martin\" \/>\n\t<meta name=\"twitter:label2\" content=\"Dur\u00e9e de lecture estim\u00e9e\" \/>\n\t<meta name=\"twitter:data2\" content=\"7 minutes\" \/>\n<script type=\"application\/ld+json\" class=\"yoast-schema-graph\">{\"@context\":\"https:\\\/\\\/schema.org\",\"@graph\":[{\"@type\":\"Article\",\"@id\":\"https:\\\/\\\/www.apres-lecole.fr\\\/Blog\\\/education-filles-domicile-separatisme\\\/#article\",\"isPartOf\":{\"@id\":\"https:\\\/\\\/www.apres-lecole.fr\\\/Blog\\\/education-filles-domicile-separatisme\\\/\"},\"author\":{\"name\":\"Eva Martin\",\"@id\":\"https:\\\/\\\/www.apres-lecole.fr\\\/Blog\\\/#\\\/schema\\\/person\\\/aeb50cd4b51fc69da155804bb5bb9fc4\"},\"headline\":\"C\u00e9cile se bat pour l&rsquo;\u00e9ducation de ses trois filles \u00e0 domicile : la loi sur le s\u00e9paratisme et ses cons\u00e9quences\",\"datePublished\":\"2025-07-19T07:13:11+00:00\",\"mainEntityOfPage\":{\"@id\":\"https:\\\/\\\/www.apres-lecole.fr\\\/Blog\\\/education-filles-domicile-separatisme\\\/\"},\"wordCount\":1527,\"commentCount\":0,\"image\":{\"@id\":\"https:\\\/\\\/www.apres-lecole.fr\\\/Blog\\\/education-filles-domicile-separatisme\\\/#primaryimage\"},\"thumbnailUrl\":\"https:\\\/\\\/www.apres-lecole.fr\\\/Blog\\\/wp-content\\\/uploads\\\/2025\\\/07\\\/Cecile-se-bat-pour-leducation-de-ses-trois-filles-a-domicile-la-loi-sur-le-separatisme-et-ses-consequences.jpg\",\"keywords\":[\"c\u00e9cile\",\"droits des familles\",\"\u00e9ducation \u00e0 domicile\",\"\u00e9ducation des filles\",\"loi sur le s\u00e9paratisme\"],\"articleSection\":[\"Actualit\u00e9s\"],\"inLanguage\":\"fr-FR\",\"potentialAction\":[{\"@type\":\"CommentAction\",\"name\":\"Comment\",\"target\":[\"https:\\\/\\\/www.apres-lecole.fr\\\/Blog\\\/education-filles-domicile-separatisme\\\/#respond\"]}]},{\"@type\":\"WebPage\",\"@id\":\"https:\\\/\\\/www.apres-lecole.fr\\\/Blog\\\/education-filles-domicile-separatisme\\\/\",\"url\":\"https:\\\/\\\/www.apres-lecole.fr\\\/Blog\\\/education-filles-domicile-separatisme\\\/\",\"name\":\"C\u00e9cile et l'\u00e9ducation \u00e0 domicile : un combat face \u00e0 la loi sur le s\u00e9paratisme\",\"isPartOf\":{\"@id\":\"https:\\\/\\\/www.apres-lecole.fr\\\/Blog\\\/#website\"},\"primaryImageOfPage\":{\"@id\":\"https:\\\/\\\/www.apres-lecole.fr\\\/Blog\\\/education-filles-domicile-separatisme\\\/#primaryimage\"},\"image\":{\"@id\":\"https:\\\/\\\/www.apres-lecole.fr\\\/Blog\\\/education-filles-domicile-separatisme\\\/#primaryimage\"},\"thumbnailUrl\":\"https:\\\/\\\/www.apres-lecole.fr\\\/Blog\\\/wp-content\\\/uploads\\\/2025\\\/07\\\/Cecile-se-bat-pour-leducation-de-ses-trois-filles-a-domicile-la-loi-sur-le-separatisme-et-ses-consequences.jpg\",\"datePublished\":\"2025-07-19T07:13:11+00:00\",\"author\":{\"@id\":\"https:\\\/\\\/www.apres-lecole.fr\\\/Blog\\\/#\\\/schema\\\/person\\\/aeb50cd4b51fc69da155804bb5bb9fc4\"},\"description\":\"C\u00e9cile d\u00e9fend l'instruction \u00e0 domicile de ses filles face \u00e0 la loi sur le s\u00e9paratisme. D\u00e9couvrez les enjeux et cons\u00e9quences de cette r\u00e9forme.\",\"breadcrumb\":{\"@id\":\"https:\\\/\\\/www.apres-lecole.fr\\\/Blog\\\/education-filles-domicile-separatisme\\\/#breadcrumb\"},\"inLanguage\":\"fr-FR\",\"potentialAction\":[{\"@type\":\"ReadAction\",\"target\":[\"https:\\\/\\\/www.apres-lecole.fr\\\/Blog\\\/education-filles-domicile-separatisme\\\/\"]}]},{\"@type\":\"ImageObject\",\"inLanguage\":\"fr-FR\",\"@id\":\"https:\\\/\\\/www.apres-lecole.fr\\\/Blog\\\/education-filles-domicile-separatisme\\\/#primaryimage\",\"url\":\"https:\\\/\\\/www.apres-lecole.fr\\\/Blog\\\/wp-content\\\/uploads\\\/2025\\\/07\\\/Cecile-se-bat-pour-leducation-de-ses-trois-filles-a-domicile-la-loi-sur-le-separatisme-et-ses-consequences.jpg\",\"contentUrl\":\"https:\\\/\\\/www.apres-lecole.fr\\\/Blog\\\/wp-content\\\/uploads\\\/2025\\\/07\\\/Cecile-se-bat-pour-leducation-de-ses-trois-filles-a-domicile-la-loi-sur-le-separatisme-et-ses-consequences.jpg\",\"width\":1344,\"height\":768,\"caption\":\"d\u00e9couvrez le parcours inspirant de c\u00e9cile qui s'engage pour l'\u00e9ducation \u00e0 domicile de ses trois filles. face \u00e0 la loi sur le s\u00e9paratisme, explorez les d\u00e9fis et les cons\u00e9quences de cette politique sur les familles et l'\u00e9cole \u00e0 la maison.\"},{\"@type\":\"BreadcrumbList\",\"@id\":\"https:\\\/\\\/www.apres-lecole.fr\\\/Blog\\\/education-filles-domicile-separatisme\\\/#breadcrumb\",\"itemListElement\":[{\"@type\":\"ListItem\",\"position\":1,\"name\":\"Home\",\"item\":\"https:\\\/\\\/www.apres-lecole.fr\\\/Blog\\\/\"},{\"@type\":\"ListItem\",\"position\":2,\"name\":\"C\u00e9cile se bat pour l&rsquo;\u00e9ducation de ses trois filles \u00e0 domicile : la loi sur le s\u00e9paratisme et ses cons\u00e9quences\"}]},{\"@type\":\"WebSite\",\"@id\":\"https:\\\/\\\/www.apres-lecole.fr\\\/Blog\\\/#website\",\"url\":\"https:\\\/\\\/www.apres-lecole.fr\\\/Blog\\\/\",\"name\":\"\",\"description\":\"M\u00e9dia g\u00e9n\u00e9raliste\",\"potentialAction\":[{\"@type\":\"SearchAction\",\"target\":{\"@type\":\"EntryPoint\",\"urlTemplate\":\"https:\\\/\\\/www.apres-lecole.fr\\\/Blog\\\/?s={search_term_string}\"},\"query-input\":{\"@type\":\"PropertyValueSpecification\",\"valueRequired\":true,\"valueName\":\"search_term_string\"}}],\"inLanguage\":\"fr-FR\"},{\"@type\":\"Person\",\"@id\":\"https:\\\/\\\/www.apres-lecole.fr\\\/Blog\\\/#\\\/schema\\\/person\\\/aeb50cd4b51fc69da155804bb5bb9fc4\",\"name\":\"Eva Martin\",\"image\":{\"@type\":\"ImageObject\",\"inLanguage\":\"fr-FR\",\"@id\":\"https:\\\/\\\/secure.gravatar.com\\\/avatar\\\/55c53222558b27a72015a64073a80edce4abd33369394b9bf2c5cd6c19d12682?s=96&d=mm&r=g\",\"url\":\"https:\\\/\\\/secure.gravatar.com\\\/avatar\\\/55c53222558b27a72015a64073a80edce4abd33369394b9bf2c5cd6c19d12682?s=96&d=mm&r=g\",\"contentUrl\":\"https:\\\/\\\/secure.gravatar.com\\\/avatar\\\/55c53222558b27a72015a64073a80edce4abd33369394b9bf2c5cd6c19d12682?s=96&d=mm&r=g\",\"caption\":\"Eva Martin\"},\"description\":\"Je parle de business et d'entrepreneuriat avec des conseils clairs, concrets et actionnables pour r\u00e9ussir\",\"sameAs\":[\"https:\\\/\\\/x.com\\\/Evaapresecole\"],\"url\":\"https:\\\/\\\/www.apres-lecole.fr\\\/Blog\\\/author\\\/evamartin\\\/\"}]}<\/script>\n<!-- \/ Yoast SEO plugin. -->","yoast_head_json":{"title":"C\u00e9cile et l'\u00e9ducation \u00e0 domicile : un combat face \u00e0 la loi sur le s\u00e9paratisme","description":"C\u00e9cile d\u00e9fend l'instruction \u00e0 domicile de ses filles face \u00e0 la loi sur le s\u00e9paratisme. D\u00e9couvrez les enjeux et cons\u00e9quences de cette r\u00e9forme.","robots":{"index":"index","follow":"follow","max-snippet":"max-snippet:-1","max-image-preview":"max-image-preview:large","max-video-preview":"max-video-preview:-1"},"canonical":"https:\/\/www.apres-lecole.fr\/Blog\/education-filles-domicile-separatisme\/","og_locale":"fr_FR","og_type":"article","og_title":"C\u00e9cile et l'\u00e9ducation \u00e0 domicile : un combat face \u00e0 la loi sur le s\u00e9paratisme","og_description":"C\u00e9cile d\u00e9fend l'instruction \u00e0 domicile de ses filles face \u00e0 la loi sur le s\u00e9paratisme. D\u00e9couvrez les enjeux et cons\u00e9quences de cette r\u00e9forme.","og_url":"https:\/\/www.apres-lecole.fr\/Blog\/education-filles-domicile-separatisme\/","article_published_time":"2025-07-19T07:13:11+00:00","og_image":[{"width":1344,"height":768,"url":"https:\/\/www.apres-lecole.fr\/Blog\/wp-content\/uploads\/2025\/07\/Cecile-se-bat-pour-leducation-de-ses-trois-filles-a-domicile-la-loi-sur-le-separatisme-et-ses-consequences.jpg","type":"image\/jpeg"}],"author":"Eva Martin","twitter_card":"summary_large_image","twitter_creator":"@Evaapresecole","twitter_misc":{"\u00c9crit par":"Eva Martin","Dur\u00e9e de lecture estim\u00e9e":"7 minutes"},"schema":{"@context":"https:\/\/schema.org","@graph":[{"@type":"Article","@id":"https:\/\/www.apres-lecole.fr\/Blog\/education-filles-domicile-separatisme\/#article","isPartOf":{"@id":"https:\/\/www.apres-lecole.fr\/Blog\/education-filles-domicile-separatisme\/"},"author":{"name":"Eva Martin","@id":"https:\/\/www.apres-lecole.fr\/Blog\/#\/schema\/person\/aeb50cd4b51fc69da155804bb5bb9fc4"},"headline":"C\u00e9cile se bat pour l&rsquo;\u00e9ducation de ses trois filles \u00e0 domicile : la loi sur le s\u00e9paratisme et ses cons\u00e9quences","datePublished":"2025-07-19T07:13:11+00:00","mainEntityOfPage":{"@id":"https:\/\/www.apres-lecole.fr\/Blog\/education-filles-domicile-separatisme\/"},"wordCount":1527,"commentCount":0,"image":{"@id":"https:\/\/www.apres-lecole.fr\/Blog\/education-filles-domicile-separatisme\/#primaryimage"},"thumbnailUrl":"https:\/\/www.apres-lecole.fr\/Blog\/wp-content\/uploads\/2025\/07\/Cecile-se-bat-pour-leducation-de-ses-trois-filles-a-domicile-la-loi-sur-le-separatisme-et-ses-consequences.jpg","keywords":["c\u00e9cile","droits des familles","\u00e9ducation \u00e0 domicile","\u00e9ducation des filles","loi sur le s\u00e9paratisme"],"articleSection":["Actualit\u00e9s"],"inLanguage":"fr-FR","potentialAction":[{"@type":"CommentAction","name":"Comment","target":["https:\/\/www.apres-lecole.fr\/Blog\/education-filles-domicile-separatisme\/#respond"]}]},{"@type":"WebPage","@id":"https:\/\/www.apres-lecole.fr\/Blog\/education-filles-domicile-separatisme\/","url":"https:\/\/www.apres-lecole.fr\/Blog\/education-filles-domicile-separatisme\/","name":"C\u00e9cile et l'\u00e9ducation \u00e0 domicile : un combat face \u00e0 la loi sur le s\u00e9paratisme","isPartOf":{"@id":"https:\/\/www.apres-lecole.fr\/Blog\/#website"},"primaryImageOfPage":{"@id":"https:\/\/www.apres-lecole.fr\/Blog\/education-filles-domicile-separatisme\/#primaryimage"},"image":{"@id":"https:\/\/www.apres-lecole.fr\/Blog\/education-filles-domicile-separatisme\/#primaryimage"},"thumbnailUrl":"https:\/\/www.apres-lecole.fr\/Blog\/wp-content\/uploads\/2025\/07\/Cecile-se-bat-pour-leducation-de-ses-trois-filles-a-domicile-la-loi-sur-le-separatisme-et-ses-consequences.jpg","datePublished":"2025-07-19T07:13:11+00:00","author":{"@id":"https:\/\/www.apres-lecole.fr\/Blog\/#\/schema\/person\/aeb50cd4b51fc69da155804bb5bb9fc4"},"description":"C\u00e9cile d\u00e9fend l'instruction \u00e0 domicile de ses filles face \u00e0 la loi sur le s\u00e9paratisme. D\u00e9couvrez les enjeux et cons\u00e9quences de cette r\u00e9forme.","breadcrumb":{"@id":"https:\/\/www.apres-lecole.fr\/Blog\/education-filles-domicile-separatisme\/#breadcrumb"},"inLanguage":"fr-FR","potentialAction":[{"@type":"ReadAction","target":["https:\/\/www.apres-lecole.fr\/Blog\/education-filles-domicile-separatisme\/"]}]},{"@type":"ImageObject","inLanguage":"fr-FR","@id":"https:\/\/www.apres-lecole.fr\/Blog\/education-filles-domicile-separatisme\/#primaryimage","url":"https:\/\/www.apres-lecole.fr\/Blog\/wp-content\/uploads\/2025\/07\/Cecile-se-bat-pour-leducation-de-ses-trois-filles-a-domicile-la-loi-sur-le-separatisme-et-ses-consequences.jpg","contentUrl":"https:\/\/www.apres-lecole.fr\/Blog\/wp-content\/uploads\/2025\/07\/Cecile-se-bat-pour-leducation-de-ses-trois-filles-a-domicile-la-loi-sur-le-separatisme-et-ses-consequences.jpg","width":1344,"height":768,"caption":"d\u00e9couvrez le parcours inspirant de c\u00e9cile qui s'engage pour l'\u00e9ducation \u00e0 domicile de ses trois filles. face \u00e0 la loi sur le s\u00e9paratisme, explorez les d\u00e9fis et les cons\u00e9quences de cette politique sur les familles et l'\u00e9cole \u00e0 la maison."},{"@type":"BreadcrumbList","@id":"https:\/\/www.apres-lecole.fr\/Blog\/education-filles-domicile-separatisme\/#breadcrumb","itemListElement":[{"@type":"ListItem","position":1,"name":"Home","item":"https:\/\/www.apres-lecole.fr\/Blog\/"},{"@type":"ListItem","position":2,"name":"C\u00e9cile se bat pour l&rsquo;\u00e9ducation de ses trois filles \u00e0 domicile : la loi sur le s\u00e9paratisme et ses cons\u00e9quences"}]},{"@type":"WebSite","@id":"https:\/\/www.apres-lecole.fr\/Blog\/#website","url":"https:\/\/www.apres-lecole.fr\/Blog\/","name":"","description":"M\u00e9dia g\u00e9n\u00e9raliste","potentialAction":[{"@type":"SearchAction","target":{"@type":"EntryPoint","urlTemplate":"https:\/\/www.apres-lecole.fr\/Blog\/?s={search_term_string}"},"query-input":{"@type":"PropertyValueSpecification","valueRequired":true,"valueName":"search_term_string"}}],"inLanguage":"fr-FR"},{"@type":"Person","@id":"https:\/\/www.apres-lecole.fr\/Blog\/#\/schema\/person\/aeb50cd4b51fc69da155804bb5bb9fc4","name":"Eva Martin","image":{"@type":"ImageObject","inLanguage":"fr-FR","@id":"https:\/\/secure.gravatar.com\/avatar\/55c53222558b27a72015a64073a80edce4abd33369394b9bf2c5cd6c19d12682?s=96&d=mm&r=g","url":"https:\/\/secure.gravatar.com\/avatar\/55c53222558b27a72015a64073a80edce4abd33369394b9bf2c5cd6c19d12682?s=96&d=mm&r=g","contentUrl":"https:\/\/secure.gravatar.com\/avatar\/55c53222558b27a72015a64073a80edce4abd33369394b9bf2c5cd6c19d12682?s=96&d=mm&r=g","caption":"Eva Martin"},"description":"Je parle de business et d'entrepreneuriat avec des conseils clairs, concrets et actionnables pour r\u00e9ussir","sameAs":["https:\/\/x.com\/Evaapresecole"],"url":"https:\/\/www.apres-lecole.fr\/Blog\/author\/evamartin\/"}]}},"views":8,"_links":{"self":[{"href":"https:\/\/www.apres-lecole.fr\/Blog\/wp-json\/wp\/v2\/posts\/2101","targetHints":{"allow":["GET"]}}],"collection":[{"href":"https:\/\/www.apres-lecole.fr\/Blog\/wp-json\/wp\/v2\/posts"}],"about":[{"href":"https:\/\/www.apres-lecole.fr\/Blog\/wp-json\/wp\/v2\/types\/post"}],"author":[{"embeddable":true,"href":"https:\/\/www.apres-lecole.fr\/Blog\/wp-json\/wp\/v2\/users\/9"}],"replies":[{"embeddable":true,"href":"https:\/\/www.apres-lecole.fr\/Blog\/wp-json\/wp\/v2\/comments?post=2101"}],"version-history":[{"count":0,"href":"https:\/\/www.apres-lecole.fr\/Blog\/wp-json\/wp\/v2\/posts\/2101\/revisions"}],"wp:featuredmedia":[{"embeddable":true,"href":"https:\/\/www.apres-lecole.fr\/Blog\/wp-json\/wp\/v2\/media\/2100"}],"wp:attachment":[{"href":"https:\/\/www.apres-lecole.fr\/Blog\/wp-json\/wp\/v2\/media?parent=2101"}],"wp:term":[{"taxonomy":"category","embeddable":true,"href":"https:\/\/www.apres-lecole.fr\/Blog\/wp-json\/wp\/v2\/categories?post=2101"},{"taxonomy":"post_tag","embeddable":true,"href":"https:\/\/www.apres-lecole.fr\/Blog\/wp-json\/wp\/v2\/tags?post=2101"}],"curies":[{"name":"wp","href":"https:\/\/api.w.org\/{rel}","templated":true}]}}