{"id":2087,"date":"2025-07-14T07:11:22","date_gmt":"2025-07-14T07:11:22","guid":{"rendered":"https:\/\/www.apres-lecole.fr\/Blog\/coulisses-polytechnique-ai-france\/"},"modified":"2025-07-14T07:11:22","modified_gmt":"2025-07-14T07:11:22","slug":"coulisses-polytechnique-ai-france","status":"publish","type":"post","link":"https:\/\/www.apres-lecole.fr\/Blog\/coulisses-polytechnique-ai-france\/","title":{"rendered":"D\u00e9couvrez les coulisses de Polytechnique, l&rsquo;institution qui fa\u00e7onne les futurs prodiges de l&rsquo;intelligence artificielle en France"},"content":{"rendered":"\n\n<div class=\"kk-star-ratings kksr-auto kksr-align-left kksr-valign-top\"\n    data-payload='{&quot;align&quot;:&quot;left&quot;,&quot;id&quot;:&quot;2087&quot;,&quot;slug&quot;:&quot;default&quot;,&quot;valign&quot;:&quot;top&quot;,&quot;ignore&quot;:&quot;&quot;,&quot;reference&quot;:&quot;auto&quot;,&quot;class&quot;:&quot;&quot;,&quot;count&quot;:&quot;0&quot;,&quot;legendonly&quot;:&quot;&quot;,&quot;readonly&quot;:&quot;&quot;,&quot;score&quot;:&quot;0&quot;,&quot;starsonly&quot;:&quot;&quot;,&quot;best&quot;:&quot;5&quot;,&quot;gap&quot;:&quot;5&quot;,&quot;greet&quot;:&quot;Rate this post&quot;,&quot;legend&quot;:&quot;0\\\/5 - (0 vote)&quot;,&quot;size&quot;:&quot;24&quot;,&quot;title&quot;:&quot;D\u00e9couvrez les coulisses de Polytechnique, l\\u0026#039;institution qui fa\u00e7onne les futurs prodiges de l\\u0026#039;intelligence artificielle en France&quot;,&quot;width&quot;:&quot;0&quot;,&quot;_legend&quot;:&quot;{score}\\\/{best} - ({count} {votes})&quot;,&quot;font_factor&quot;:&quot;1.25&quot;}'>\n            \n<div class=\"kksr-stars\">\n    \n<div class=\"kksr-stars-inactive\">\n            <div class=\"kksr-star\" data-star=\"1\" style=\"padding-right: 5px\">\n            \n\n<div class=\"kksr-icon\" style=\"width: 24px; height: 24px;\"><\/div>\n        <\/div>\n            <div class=\"kksr-star\" data-star=\"2\" style=\"padding-right: 5px\">\n            \n\n<div class=\"kksr-icon\" style=\"width: 24px; height: 24px;\"><\/div>\n        <\/div>\n            <div class=\"kksr-star\" data-star=\"3\" style=\"padding-right: 5px\">\n            \n\n<div class=\"kksr-icon\" style=\"width: 24px; height: 24px;\"><\/div>\n        <\/div>\n            <div class=\"kksr-star\" data-star=\"4\" style=\"padding-right: 5px\">\n            \n\n<div class=\"kksr-icon\" style=\"width: 24px; height: 24px;\"><\/div>\n        <\/div>\n            <div class=\"kksr-star\" data-star=\"5\" style=\"padding-right: 5px\">\n            \n\n<div class=\"kksr-icon\" style=\"width: 24px; height: 24px;\"><\/div>\n        <\/div>\n    <\/div>\n    \n<div class=\"kksr-stars-active\" style=\"width: 0px;\">\n            <div class=\"kksr-star\" style=\"padding-right: 5px\">\n            \n\n<div class=\"kksr-icon\" style=\"width: 24px; height: 24px;\"><\/div>\n        <\/div>\n            <div class=\"kksr-star\" style=\"padding-right: 5px\">\n            \n\n<div class=\"kksr-icon\" style=\"width: 24px; height: 24px;\"><\/div>\n        <\/div>\n            <div class=\"kksr-star\" style=\"padding-right: 5px\">\n            \n\n<div class=\"kksr-icon\" style=\"width: 24px; height: 24px;\"><\/div>\n        <\/div>\n            <div class=\"kksr-star\" style=\"padding-right: 5px\">\n            \n\n<div class=\"kksr-icon\" style=\"width: 24px; height: 24px;\"><\/div>\n        <\/div>\n            <div class=\"kksr-star\" style=\"padding-right: 5px\">\n            \n\n<div class=\"kksr-icon\" style=\"width: 24px; height: 24px;\"><\/div>\n        <\/div>\n    <\/div>\n<\/div>\n                \n\n<div class=\"kksr-legend\" style=\"font-size: 19.2px;\">\n            <span class=\"kksr-muted\">Rate this post<\/span>\n    <\/div>\n    <\/div>\n<p>Se plonger dans l&rsquo;univers de Polytechnique, c&rsquo;est explorer un v\u00e9ritable laboratoire d&rsquo;id\u00e9es et d&rsquo;innovations. En plein c\u0153ur de Palaiseau, cette institution embl\u00e9matique de l&rsquo;\u00e9ducation sup\u00e9rieure fran\u00e7aise est bien plus qu&rsquo;une simple \u00e9cole d&rsquo;ing\u00e9nieurs. Depuis sa fondation en 1794, elle s&rsquo;est consacr\u00e9e \u00e0 la formation de l&rsquo;\u00e9lite intellectuelle et technique du pays. Aujourd&rsquo;hui, face \u00e0 l&rsquo;essor de l&rsquo;intelligence artificielle, Polytechnique joue un r\u00f4le cl\u00e9 dans la mise en lumi\u00e8re des talents qui fa\u00e7onneront le futur. Ces jeunes innovateurs, qu&rsquo;ils soient math\u00e9maticiens, biologistes ou sp\u00e9cialistes en informatique, voient leur parcours redessin\u00e9 par l&rsquo;importance croissante des nouvelles technologies. Dans un monde o\u00f9 les comp\u00e9tences en mati\u00e8re d&rsquo;innovation et de recherche sont plus que jamais essentielles, Polytechnique se positionne comme un phare \u00e9ducatif, illuminant la voie vers cet avenir prometteur.<\/p>\n\n<h2 class=\"wp-block-heading\">Polytechnique, une histoire d&rsquo;excellence et de prestige<\/h2>\n\n<p>D\u00e8s ses d\u00e9buts, l&rsquo;\u00c9cole Polytechnique a su se d\u00e9marquer par son engagement envers l&rsquo;<strong>excellence<\/strong> et la formation de leaders. De Gaspard de Chabrol \u00e0 Val\u00e9ry Giscard d\u2019Estaing, l&rsquo;illustre liste de ses anciens \u00e9l\u00e8ves t\u00e9moigne de l&rsquo;impact de cette institution sur l&rsquo;histoire fran\u00e7aise et au-del\u00e0. Les <strong>ing\u00e9nieurs<\/strong>, math\u00e9maticiens, physiciens et entrepreneurs qui ont fr\u00e9quent\u00e9 ses bancs ont souvent laiss\u00e9 une empreinte durable dans leurs domaines respectifs. En effet, la m\u00e9thodologie ax\u00e9e sur des sciences fondamentales, coupl\u00e9e \u00e0 une \u00e9ducation de haut niveau, donne aux \u00e9l\u00e8ves les outils n\u00e9cessaires pour conqu\u00e9rir le monde.<\/p>\n\n<p><strong>Un cursus g\u00e9n\u00e9raliste orient\u00e9 vers l&rsquo;avenir<\/strong>\n<\/p>\n\n<p>\u00c0 Polytechnique, l&rsquo;\u00e9ducation est r\u00e9solument orient\u00e9e vers le futur. Les \u00e9tudiants sont form\u00e9s \u00e0 une multitude de disciplines allant des <strong>sciences sociales<\/strong> \u00e0 l&rsquo;<strong>ing\u00e9nierie<\/strong>. Cette approche g\u00e9n\u00e9raliste permet aux \u00e9l\u00e8ves d&rsquo;acqu\u00e9rir une base solide et de d\u00e9velopper un esprit critique, face aux d\u00e9fis contemporains. Ainsi, ils deviennent capables de s&rsquo;adapter \u00e0 divers environnements professionnels, qu&rsquo;il s&rsquo;agisse de cr\u00e9ation d&rsquo;entreprise ou de recherche scientifique.<\/p>\n\n<h3 class=\"wp-block-heading\">Les programme d&rsquo;\u00e9tudes : diversit\u00e9 et sp\u00e9cialisation<\/h3>\n\n<p>La richesse des programmes offerts par l\u2019\u00e9cole rend l\u2019exp\u00e9rience unique. Les \u00e9l\u00e8ves d\u00e9couvrent des <strong>modules<\/strong> vari\u00e9s qui comprennent :<\/p>\n\n<ul class=\"wp-block-list\"><li>\ud83d\udd2c Sciences fondamentales (physique, math\u00e9matiques, chimie)<\/li><li>\ud83c\udf0d Sciences humaines et sociales<\/li><li>\ud83d\udcbb Technologies num\u00e9riques et intelligence artificielle<\/li><li>\ud83c\udfdb\ufe0f Management et leadership<\/li><\/ul>\n\n<p>Gr\u00e2ce \u00e0 cet \u00e9clectisme, les <strong>\u00e9tudiants<\/strong> construisent des parcours d\u2019\u00e9tudes personnalis\u00e9s qui leur permettront de mettre en \u0153uvre leurs passions et d\u2019effectuer un passage efficace vers le march\u00e9 du travail.<\/p>\n\n<h3 class=\"wp-block-heading\">Les Babbel de Jean-Michel : un exemple embl\u00e9matique<\/h3>\n\n<p>Certaines personnalit\u00e9s traversent l\u2019histoire de cette \u00e9cole comme des phares. Jean-Michel, dipl\u00f4m\u00e9 de Polytechnique, a su marier ses comp\u00e9tences en ing\u00e9nierie avec une certaine vision artistique, en lan\u00e7ant une start-up innovante dans le domaine du num\u00e9rique. Son parcours, comme celui de nombreux anciens \u00e9l\u00e8ves, illustre parfaitement cette capacit\u00e9 \u00e0 allier connaissances techniques et cr\u00e9ativit\u00e9. \u00c0 travers des projets innovants, il contribue \u00e0 faire de la France un acteur cl\u00e9 dans le domaine de la technologie.<\/p>\n\n<h2 class=\"wp-block-heading\">Polytechnique et l&rsquo;intelligence artificielle : la rencontre des talents<\/h2>\n\n<p>\u00c0 l&rsquo;\u00e8re de l&rsquo;<strong>intelligence artificielle<\/strong>, l&rsquo;\u00c9cole Polytechnique se positionne comme un acteur central dans la recherche et l&rsquo;innovation. Gr\u00e2ce \u00e0 des laboratoires de pointe, elle attire des esprits brillants qui souhaitent faire progresser cette technologie. Entre autres, des projets collaboratifs naissent r\u00e9guli\u00e8rement, r\u00e9unissant \u00e9tudiants, chercheurs et entrepreneurs pour explorer ensemble les multiples facettes de l\u2019IA.<\/p>\n\n<p><strong>Incubateurs et projets innovants<\/strong><\/p>\n\n<p>Le succ\u00e8s croissant de l&rsquo;intelligence artificielle \u00e0 Polytechnique passe aussi par la cr\u00e9ation de <strong>start-ups<\/strong>. Les incubateurs pr\u00e9sents sur le campus jouent un r\u00f4le majeur dans l&rsquo;accompagnement des jeunes entrepreneurs. Gr\u00e2ce \u00e0 ce soutien, ils peuvent d\u00e9velopper des projets audacieux allant des applications de <strong>sant\u00e9<\/strong> connect\u00e9e \u00e0 la robotique avanc\u00e9e.<\/p>\n\n<h3 class=\"wp-block-heading\">Des parcours diversifi\u00e9s et transversaux<\/h3>\n\n<p>Les \u00e9l\u00e8ves souhaitant se sp\u00e9cialiser dans l&rsquo;IA peuvent choisir des parcours structur\u00e9s autour de <strong>masters<\/strong> comme le MVA (Math\u00e9matiques, Vision, Apprentissage). Ces programmes ouvrent des portes vers de nombreuses carri\u00e8res. Les d\u00e9bouch\u00e9s sont multiples, parmi lesquels on retrouve :<\/p>\n\n<ul class=\"wp-block-list\"><li>\ud83e\udd16 Recherche en intelligence artificielle<\/li><li>\ud83c\udfe2 D\u00e9veloppement d&rsquo;entreprises technologiques<\/li><li>\ud83d\udc69\u200d\ud83d\udd2c Innovation dans le secteur m\u00e9dical<\/li><li>\ud83c\udf10 Applications dans le secteur climatique<\/li><\/ul>\n\n<h2 class=\"wp-block-heading\">La force du r\u00e9seau Polytechnicien<\/h2>\n\n<p>Ce qui distingue Polytechnique, c&rsquo;est \u00e9galement la force de son r\u00e9seau. Les anciens \u00e9l\u00e8ves forment une communaut\u00e9 dynamique, partageant id\u00e9es et opportunit\u00e9s. Des rencontres r\u00e9guli\u00e8res sont organis\u00e9es, permettant \u00e0 chacun d\u2019\u00e9changer sur les tendances actuelles, notamment dans le secteur de l&rsquo;<strong>innovation<\/strong> technologique.<\/p>\n\n<p><strong>Initiatives et \u00e9v\u00e9nements<\/strong><\/p>\n\n<p>Les polytechniciens se regroupent souvent autour d\u2019initiatives formatives. Voici quelques exemples d\u2019\u00e9v\u00e9nements marquants :<\/p>\n\n<ul class=\"wp-block-list\"><li>\ud83c\udfeb Conf\u00e9rences sur l&rsquo;innovation<\/li><li>\ud83d\udcbc Ateliers de cr\u00e9ation d&rsquo;entreprises<\/li><li>\ud83d\udd0d S\u00e9minaires de recherche collaborative<\/li><\/ul>\n\n<p>Ces moments de partage renforcent les liens et permettent d\u2019explorer de nouveaux horizons dans le domaine de la recherche et de l&rsquo;\u00e9ducation.<\/p>\n\n<h3 class=\"wp-block-heading\">Polytechnique et le d\u00e9veloppement durable<\/h3>\n\n<p>Face aux d\u00e9fis environnementaux, Polytechnique prend des mesures proactives pour int\u00e9grer les <strong>\u00e9ducations<\/strong> sur le d\u00e9veloppement durable dans ses programmes. Les \u00e9tudiants y sont sensibilis\u00e9s et form\u00e9s \u00e0 une approche responsable de l\u2019ing\u00e9nierie.<\/p>\n\n<p>Les valeurs partag\u00e9es par l\u2019\u00e9cole encouragent une r\u00e9flexion profonde sur la responsabilit\u00e9 que chaque ing\u00e9nieur doit assumer pour construire un avenir plus durable.<\/p>\n\n<h2 class=\"wp-block-heading\">Vers une \u00e9ducation renouvel\u00e9e : la transformation digitale<\/h2>\n\n<p>\u00c0 l\u2019aube de 2025, l&rsquo;\u00e9ducation \u00e0 Polytechnique \u00e9volue, pouss\u00e9e par la digitalisation et l\u2019essor technologique. La mise en place de nouvelles m\u00e9thodes p\u00e9dagogiques bas\u00e9es sur la technologie transforme les modalit\u00e9s d\u2019enseignement traditionnel.<\/p>\n\n<p><strong>Classes invers\u00e9es et ressources num\u00e9riques<\/strong><\/p>\n\n<p>L&rsquo;\u00e9cole exp\u00e9rimente et met en place des <strong>classes invers\u00e9es<\/strong>, o\u00f9 les \u00e9tudiants d\u00e9couvrent les notions th\u00e9oriques par le biais de ressources num\u00e9riques. Cette m\u00e9thode favorise l\u2019autonomie des \u00e9l\u00e8ves et leur permet d\u2019approfondir la mati\u00e8re \u00e0 leur rythme. Parmi les ressources propos\u00e9es, on retrouve :<\/p>\n\n<ul class=\"wp-block-list\"><li>\ud83c\udfa5 Cours en vid\u00e9o<\/li><li>\ud83d\udcda Livres num\u00e9riques<\/li><li>\ud83e\udd14 Forums de discussion en ligne<\/li><\/ul>\n\n<h3 class=\"wp-block-heading\">Acc\u00e9l\u00e9ration de l&rsquo;innovation \u00e9ducative<\/h3>\n\n<p>Cette approche favorise non seulement un apprentissage plus personnalis\u00e9, mais aussi un esprit d\u2019innovation continu. Les \u00e9tudiants, par leur curiosit\u00e9 et leur implication, sont encourag\u00e9s \u00e0 b\u00e2tir des projets d\u2019envergure. La collaboration avec des partenaires industriels renforce cette dynamique.<\/p>\n\n<figure class=\"wp-block-table\"><table>\n<thead>\n<tr>\n<th>Nom de l&rsquo;\u00e9v\u00e9nement<\/th>\n<th>Date<\/th>\n<th>Description<\/th>\n<\/tr>\n<\/thead>\n<tbody>\n<tr>\n<td>Forum des Start-ups<\/td>\n<td>Mai 2025<\/td>\n<td>Rencontres entre entrepreneurs et investisseurs<\/td>\n<\/tr>\n<tr>\n<td>S\u00e9minaire Innov&rsquo;Action<\/td>\n<td>Juin 2025<\/td>\n<td>Conf\u00e9rences sur les nouvelles technologies<\/td>\n<\/tr>\n<tr>\n<td>Journ\u00e9e de la Recherche<\/td>\n<td>Juillet 2025<\/td>\n<td>Pr\u00e9sentation des travaux des \u00e9tudiants<\/td>\n<\/tr>\n<\/tbody>\n<\/table><\/figure>\n\n<h2 class=\"wp-block-heading\">FAQ : Questions fr\u00e9quentes sur Polytechnique et l&rsquo;intelligence artificielle<\/h2>\n\n<p><strong>1. Quelle est la sp\u00e9cialisation de Polytechnique en mati\u00e8res d&rsquo;IA ?<\/strong><\/p>\n\n<p>Polytechnique propose divers parcours li\u00e9s \u00e0 l&rsquo;intelligence artificielle, notamment des masters orient\u00e9s vers la recherche et l&rsquo;innovation.<\/p>\n\n<p><strong>2. Comment se passe le processus d&rsquo;admission \u00e0 Polytechnique ? <\/strong><\/p>\n\n<p>Le processus d&rsquo;admission se fait principalement par le biais de concours tr\u00e8s s\u00e9lectifs, int\u00e9grant entre autres une \u00e9valuation des comp\u00e9tences techniques et en math\u00e9matiques.<\/p>\n\n<p><strong>3. Quels types de carri\u00e8res les dipl\u00f4m\u00e9s poursuivent-ils ?<\/strong><\/p>\n\n<p>Les dipl\u00f4m\u00e9s de Polytechnique exercent des carri\u00e8res vari\u00e9es, allant de la recherche en IA aux <strong>start-ups<\/strong>, en passant par des postes de direction dans des grandes entreprises.<\/p>\n\n<p><strong>4. Quelle est l&rsquo;importance du r\u00e9seau d&rsquo;anciens \u00e9l\u00e8ves ?<\/strong><\/p>\n\n<p>Le r\u00e9seau d&rsquo;anciens \u00e9l\u00e8ves est essentiel, favorisant les \u00e9changes professionnels, les partenariats et des opportunit\u00e9s de carri\u00e8re.<\/p>\n\n<p><strong>5. Quels projets r\u00e9cents ont \u00e9merg\u00e9 de Polytechnique ?<\/strong><\/p>\n\n<p>Des projets innovants en IA ont vu le jour, comme des applications dans le domaine de la sant\u00e9 et des services num\u00e9riques.<\/p>\n\n","protected":false},"excerpt":{"rendered":"<p>Se plonger dans l&rsquo;univers de Polytechnique, c&rsquo;est explorer un v\u00e9ritable laboratoire d&rsquo;id\u00e9es et d&rsquo;innovations. En plein c\u0153ur de Palaiseau, cette institution embl\u00e9matique de l&rsquo;\u00e9ducation sup\u00e9rieure fran\u00e7aise est bien plus qu&rsquo;une simple \u00e9cole d&rsquo;ing\u00e9nieurs. Depuis sa fondation en 1794, elle s&rsquo;est consacr\u00e9e \u00e0 la formation de l&rsquo;\u00e9lite intellectuelle et technique du pays. Aujourd&rsquo;hui, face \u00e0 l&rsquo;essor &#8230; <a title=\"D\u00e9couvrez les coulisses de Polytechnique, l&rsquo;institution qui fa\u00e7onne les futurs prodiges de l&rsquo;intelligence artificielle en France\" class=\"read-more\" href=\"https:\/\/www.apres-lecole.fr\/Blog\/coulisses-polytechnique-ai-france\/\" aria-label=\"En savoir plus sur D\u00e9couvrez les coulisses de Polytechnique, l&rsquo;institution qui fa\u00e7onne les futurs prodiges de l&rsquo;intelligence artificielle en France\">Lire plus<\/a><\/p>\n","protected":false},"author":9,"featured_media":2086,"comment_status":"open","ping_status":"open","sticky":false,"template":"","format":"standard","meta":{"footnotes":""},"categories":[342],"tags":[412,1204,1203,1202,1065],"class_list":["post-2087","post","type-post","status-publish","format-standard","has-post-thumbnail","hentry","category-actualites","tag-education","tag-futurs-prodiges","tag-institution","tag-intelligence-artificielle","tag-polytechnique"],"yoast_head":"<!-- This site is optimized with the Yoast SEO plugin v27.5 - https:\/\/yoast.com\/product\/yoast-seo-wordpress\/ -->\n<title>Dans les coulisses de Polytechnique : berceau des futurs brillants en intelligence artificielle<\/title>\n<meta name=\"description\" content=\"Explorez les coulisses de Polytechnique, l&#039;\u00e9cole qui forme les experts et futurs leaders de l&#039;intelligence artificielle en France.\" \/>\n<meta name=\"robots\" content=\"index, follow, max-snippet:-1, max-image-preview:large, max-video-preview:-1\" \/>\n<link rel=\"canonical\" href=\"https:\/\/www.apres-lecole.fr\/Blog\/coulisses-polytechnique-ai-france\/\" \/>\n<meta property=\"og:locale\" content=\"fr_FR\" \/>\n<meta property=\"og:type\" content=\"article\" \/>\n<meta property=\"og:title\" content=\"Dans les coulisses de Polytechnique : berceau des futurs brillants en intelligence artificielle\" \/>\n<meta property=\"og:description\" content=\"Explorez les coulisses de Polytechnique, l&#039;\u00e9cole qui forme les experts et futurs leaders de l&#039;intelligence artificielle en France.\" \/>\n<meta property=\"og:url\" content=\"https:\/\/www.apres-lecole.fr\/Blog\/coulisses-polytechnique-ai-france\/\" \/>\n<meta property=\"article:published_time\" content=\"2025-07-14T07:11:22+00:00\" \/>\n<meta property=\"og:image\" content=\"https:\/\/www.apres-lecole.fr\/Blog\/wp-content\/uploads\/2025\/07\/Decouvrez-les-coulisses-de-Polytechnique-linstitution-qui-faconne-les-futurs-prodiges-de-lintelligence-artificielle-en-France.jpg\" \/>\n\t<meta property=\"og:image:width\" content=\"1344\" \/>\n\t<meta property=\"og:image:height\" content=\"768\" \/>\n\t<meta property=\"og:image:type\" content=\"image\/jpeg\" \/>\n<meta name=\"author\" content=\"Eva Martin\" \/>\n<meta name=\"twitter:card\" content=\"summary_large_image\" \/>\n<meta name=\"twitter:creator\" content=\"@Evaapresecole\" \/>\n<meta name=\"twitter:label1\" content=\"\u00c9crit par\" \/>\n\t<meta name=\"twitter:data1\" content=\"Eva Martin\" \/>\n\t<meta name=\"twitter:label2\" content=\"Dur\u00e9e de lecture estim\u00e9e\" \/>\n\t<meta name=\"twitter:data2\" content=\"6 minutes\" \/>\n<script type=\"application\/ld+json\" class=\"yoast-schema-graph\">{\"@context\":\"https:\\\/\\\/schema.org\",\"@graph\":[{\"@type\":\"Article\",\"@id\":\"https:\\\/\\\/www.apres-lecole.fr\\\/Blog\\\/coulisses-polytechnique-ai-france\\\/#article\",\"isPartOf\":{\"@id\":\"https:\\\/\\\/www.apres-lecole.fr\\\/Blog\\\/coulisses-polytechnique-ai-france\\\/\"},\"author\":{\"name\":\"Eva Martin\",\"@id\":\"https:\\\/\\\/www.apres-lecole.fr\\\/Blog\\\/#\\\/schema\\\/person\\\/aeb50cd4b51fc69da155804bb5bb9fc4\"},\"headline\":\"D\u00e9couvrez les coulisses de Polytechnique, l&rsquo;institution qui fa\u00e7onne les futurs prodiges de l&rsquo;intelligence artificielle en France\",\"datePublished\":\"2025-07-14T07:11:22+00:00\",\"mainEntityOfPage\":{\"@id\":\"https:\\\/\\\/www.apres-lecole.fr\\\/Blog\\\/coulisses-polytechnique-ai-france\\\/\"},\"wordCount\":1336,\"commentCount\":0,\"image\":{\"@id\":\"https:\\\/\\\/www.apres-lecole.fr\\\/Blog\\\/coulisses-polytechnique-ai-france\\\/#primaryimage\"},\"thumbnailUrl\":\"https:\\\/\\\/www.apres-lecole.fr\\\/Blog\\\/wp-content\\\/uploads\\\/2025\\\/07\\\/Decouvrez-les-coulisses-de-Polytechnique-linstitution-qui-faconne-les-futurs-prodiges-de-lintelligence-artificielle-en-France.jpg\",\"keywords\":[\"\u00e9ducation\",\"futurs prodiges\",\"institution\",\"intelligence artificielle\",\"polytechnique\"],\"articleSection\":[\"Actualit\u00e9s\"],\"inLanguage\":\"fr-FR\",\"potentialAction\":[{\"@type\":\"CommentAction\",\"name\":\"Comment\",\"target\":[\"https:\\\/\\\/www.apres-lecole.fr\\\/Blog\\\/coulisses-polytechnique-ai-france\\\/#respond\"]}]},{\"@type\":\"WebPage\",\"@id\":\"https:\\\/\\\/www.apres-lecole.fr\\\/Blog\\\/coulisses-polytechnique-ai-france\\\/\",\"url\":\"https:\\\/\\\/www.apres-lecole.fr\\\/Blog\\\/coulisses-polytechnique-ai-france\\\/\",\"name\":\"Dans les coulisses de Polytechnique : berceau des futurs brillants en intelligence artificielle\",\"isPartOf\":{\"@id\":\"https:\\\/\\\/www.apres-lecole.fr\\\/Blog\\\/#website\"},\"primaryImageOfPage\":{\"@id\":\"https:\\\/\\\/www.apres-lecole.fr\\\/Blog\\\/coulisses-polytechnique-ai-france\\\/#primaryimage\"},\"image\":{\"@id\":\"https:\\\/\\\/www.apres-lecole.fr\\\/Blog\\\/coulisses-polytechnique-ai-france\\\/#primaryimage\"},\"thumbnailUrl\":\"https:\\\/\\\/www.apres-lecole.fr\\\/Blog\\\/wp-content\\\/uploads\\\/2025\\\/07\\\/Decouvrez-les-coulisses-de-Polytechnique-linstitution-qui-faconne-les-futurs-prodiges-de-lintelligence-artificielle-en-France.jpg\",\"datePublished\":\"2025-07-14T07:11:22+00:00\",\"author\":{\"@id\":\"https:\\\/\\\/www.apres-lecole.fr\\\/Blog\\\/#\\\/schema\\\/person\\\/aeb50cd4b51fc69da155804bb5bb9fc4\"},\"description\":\"Explorez les coulisses de Polytechnique, l'\u00e9cole qui forme les experts et futurs leaders de l'intelligence artificielle en France.\",\"breadcrumb\":{\"@id\":\"https:\\\/\\\/www.apres-lecole.fr\\\/Blog\\\/coulisses-polytechnique-ai-france\\\/#breadcrumb\"},\"inLanguage\":\"fr-FR\",\"potentialAction\":[{\"@type\":\"ReadAction\",\"target\":[\"https:\\\/\\\/www.apres-lecole.fr\\\/Blog\\\/coulisses-polytechnique-ai-france\\\/\"]}]},{\"@type\":\"ImageObject\",\"inLanguage\":\"fr-FR\",\"@id\":\"https:\\\/\\\/www.apres-lecole.fr\\\/Blog\\\/coulisses-polytechnique-ai-france\\\/#primaryimage\",\"url\":\"https:\\\/\\\/www.apres-lecole.fr\\\/Blog\\\/wp-content\\\/uploads\\\/2025\\\/07\\\/Decouvrez-les-coulisses-de-Polytechnique-linstitution-qui-faconne-les-futurs-prodiges-de-lintelligence-artificielle-en-France.jpg\",\"contentUrl\":\"https:\\\/\\\/www.apres-lecole.fr\\\/Blog\\\/wp-content\\\/uploads\\\/2025\\\/07\\\/Decouvrez-les-coulisses-de-Polytechnique-linstitution-qui-faconne-les-futurs-prodiges-de-lintelligence-artificielle-en-France.jpg\",\"width\":1344,\"height\":768,\"caption\":\"explorez les secrets de polytechnique, l'institution prestigieuse fran\u00e7aise qui pr\u00e9pare les esprits brillants de demain \u00e0 innover dans le domaine de l'intelligence artificielle. plongez dans son histoire, ses programmes et ses ambitions pour r\u00e9volutionner la technologie.\"},{\"@type\":\"BreadcrumbList\",\"@id\":\"https:\\\/\\\/www.apres-lecole.fr\\\/Blog\\\/coulisses-polytechnique-ai-france\\\/#breadcrumb\",\"itemListElement\":[{\"@type\":\"ListItem\",\"position\":1,\"name\":\"Home\",\"item\":\"https:\\\/\\\/www.apres-lecole.fr\\\/Blog\\\/\"},{\"@type\":\"ListItem\",\"position\":2,\"name\":\"D\u00e9couvrez les coulisses de Polytechnique, l&rsquo;institution qui fa\u00e7onne les futurs prodiges de l&rsquo;intelligence artificielle en France\"}]},{\"@type\":\"WebSite\",\"@id\":\"https:\\\/\\\/www.apres-lecole.fr\\\/Blog\\\/#website\",\"url\":\"https:\\\/\\\/www.apres-lecole.fr\\\/Blog\\\/\",\"name\":\"\",\"description\":\"M\u00e9dia g\u00e9n\u00e9raliste\",\"potentialAction\":[{\"@type\":\"SearchAction\",\"target\":{\"@type\":\"EntryPoint\",\"urlTemplate\":\"https:\\\/\\\/www.apres-lecole.fr\\\/Blog\\\/?s={search_term_string}\"},\"query-input\":{\"@type\":\"PropertyValueSpecification\",\"valueRequired\":true,\"valueName\":\"search_term_string\"}}],\"inLanguage\":\"fr-FR\"},{\"@type\":\"Person\",\"@id\":\"https:\\\/\\\/www.apres-lecole.fr\\\/Blog\\\/#\\\/schema\\\/person\\\/aeb50cd4b51fc69da155804bb5bb9fc4\",\"name\":\"Eva Martin\",\"image\":{\"@type\":\"ImageObject\",\"inLanguage\":\"fr-FR\",\"@id\":\"https:\\\/\\\/secure.gravatar.com\\\/avatar\\\/55c53222558b27a72015a64073a80edce4abd33369394b9bf2c5cd6c19d12682?s=96&d=mm&r=g\",\"url\":\"https:\\\/\\\/secure.gravatar.com\\\/avatar\\\/55c53222558b27a72015a64073a80edce4abd33369394b9bf2c5cd6c19d12682?s=96&d=mm&r=g\",\"contentUrl\":\"https:\\\/\\\/secure.gravatar.com\\\/avatar\\\/55c53222558b27a72015a64073a80edce4abd33369394b9bf2c5cd6c19d12682?s=96&d=mm&r=g\",\"caption\":\"Eva Martin\"},\"description\":\"Je parle de business et d'entrepreneuriat avec des conseils clairs, concrets et actionnables pour r\u00e9ussir\",\"sameAs\":[\"https:\\\/\\\/x.com\\\/Evaapresecole\"],\"url\":\"https:\\\/\\\/www.apres-lecole.fr\\\/Blog\\\/author\\\/evamartin\\\/\"}]}<\/script>\n<!-- \/ Yoast SEO plugin. -->","yoast_head_json":{"title":"Dans les coulisses de Polytechnique : berceau des futurs brillants en intelligence artificielle","description":"Explorez les coulisses de Polytechnique, l'\u00e9cole qui forme les experts et futurs leaders de l'intelligence artificielle en France.","robots":{"index":"index","follow":"follow","max-snippet":"max-snippet:-1","max-image-preview":"max-image-preview:large","max-video-preview":"max-video-preview:-1"},"canonical":"https:\/\/www.apres-lecole.fr\/Blog\/coulisses-polytechnique-ai-france\/","og_locale":"fr_FR","og_type":"article","og_title":"Dans les coulisses de Polytechnique : berceau des futurs brillants en intelligence artificielle","og_description":"Explorez les coulisses de Polytechnique, l'\u00e9cole qui forme les experts et futurs leaders de l'intelligence artificielle en France.","og_url":"https:\/\/www.apres-lecole.fr\/Blog\/coulisses-polytechnique-ai-france\/","article_published_time":"2025-07-14T07:11:22+00:00","og_image":[{"width":1344,"height":768,"url":"https:\/\/www.apres-lecole.fr\/Blog\/wp-content\/uploads\/2025\/07\/Decouvrez-les-coulisses-de-Polytechnique-linstitution-qui-faconne-les-futurs-prodiges-de-lintelligence-artificielle-en-France.jpg","type":"image\/jpeg"}],"author":"Eva Martin","twitter_card":"summary_large_image","twitter_creator":"@Evaapresecole","twitter_misc":{"\u00c9crit par":"Eva Martin","Dur\u00e9e de lecture estim\u00e9e":"6 minutes"},"schema":{"@context":"https:\/\/schema.org","@graph":[{"@type":"Article","@id":"https:\/\/www.apres-lecole.fr\/Blog\/coulisses-polytechnique-ai-france\/#article","isPartOf":{"@id":"https:\/\/www.apres-lecole.fr\/Blog\/coulisses-polytechnique-ai-france\/"},"author":{"name":"Eva Martin","@id":"https:\/\/www.apres-lecole.fr\/Blog\/#\/schema\/person\/aeb50cd4b51fc69da155804bb5bb9fc4"},"headline":"D\u00e9couvrez les coulisses de Polytechnique, l&rsquo;institution qui fa\u00e7onne les futurs prodiges de l&rsquo;intelligence artificielle en France","datePublished":"2025-07-14T07:11:22+00:00","mainEntityOfPage":{"@id":"https:\/\/www.apres-lecole.fr\/Blog\/coulisses-polytechnique-ai-france\/"},"wordCount":1336,"commentCount":0,"image":{"@id":"https:\/\/www.apres-lecole.fr\/Blog\/coulisses-polytechnique-ai-france\/#primaryimage"},"thumbnailUrl":"https:\/\/www.apres-lecole.fr\/Blog\/wp-content\/uploads\/2025\/07\/Decouvrez-les-coulisses-de-Polytechnique-linstitution-qui-faconne-les-futurs-prodiges-de-lintelligence-artificielle-en-France.jpg","keywords":["\u00e9ducation","futurs prodiges","institution","intelligence artificielle","polytechnique"],"articleSection":["Actualit\u00e9s"],"inLanguage":"fr-FR","potentialAction":[{"@type":"CommentAction","name":"Comment","target":["https:\/\/www.apres-lecole.fr\/Blog\/coulisses-polytechnique-ai-france\/#respond"]}]},{"@type":"WebPage","@id":"https:\/\/www.apres-lecole.fr\/Blog\/coulisses-polytechnique-ai-france\/","url":"https:\/\/www.apres-lecole.fr\/Blog\/coulisses-polytechnique-ai-france\/","name":"Dans les coulisses de Polytechnique : berceau des futurs brillants en intelligence artificielle","isPartOf":{"@id":"https:\/\/www.apres-lecole.fr\/Blog\/#website"},"primaryImageOfPage":{"@id":"https:\/\/www.apres-lecole.fr\/Blog\/coulisses-polytechnique-ai-france\/#primaryimage"},"image":{"@id":"https:\/\/www.apres-lecole.fr\/Blog\/coulisses-polytechnique-ai-france\/#primaryimage"},"thumbnailUrl":"https:\/\/www.apres-lecole.fr\/Blog\/wp-content\/uploads\/2025\/07\/Decouvrez-les-coulisses-de-Polytechnique-linstitution-qui-faconne-les-futurs-prodiges-de-lintelligence-artificielle-en-France.jpg","datePublished":"2025-07-14T07:11:22+00:00","author":{"@id":"https:\/\/www.apres-lecole.fr\/Blog\/#\/schema\/person\/aeb50cd4b51fc69da155804bb5bb9fc4"},"description":"Explorez les coulisses de Polytechnique, l'\u00e9cole qui forme les experts et futurs leaders de l'intelligence artificielle en France.","breadcrumb":{"@id":"https:\/\/www.apres-lecole.fr\/Blog\/coulisses-polytechnique-ai-france\/#breadcrumb"},"inLanguage":"fr-FR","potentialAction":[{"@type":"ReadAction","target":["https:\/\/www.apres-lecole.fr\/Blog\/coulisses-polytechnique-ai-france\/"]}]},{"@type":"ImageObject","inLanguage":"fr-FR","@id":"https:\/\/www.apres-lecole.fr\/Blog\/coulisses-polytechnique-ai-france\/#primaryimage","url":"https:\/\/www.apres-lecole.fr\/Blog\/wp-content\/uploads\/2025\/07\/Decouvrez-les-coulisses-de-Polytechnique-linstitution-qui-faconne-les-futurs-prodiges-de-lintelligence-artificielle-en-France.jpg","contentUrl":"https:\/\/www.apres-lecole.fr\/Blog\/wp-content\/uploads\/2025\/07\/Decouvrez-les-coulisses-de-Polytechnique-linstitution-qui-faconne-les-futurs-prodiges-de-lintelligence-artificielle-en-France.jpg","width":1344,"height":768,"caption":"explorez les secrets de polytechnique, l'institution prestigieuse fran\u00e7aise qui pr\u00e9pare les esprits brillants de demain \u00e0 innover dans le domaine de l'intelligence artificielle. plongez dans son histoire, ses programmes et ses ambitions pour r\u00e9volutionner la technologie."},{"@type":"BreadcrumbList","@id":"https:\/\/www.apres-lecole.fr\/Blog\/coulisses-polytechnique-ai-france\/#breadcrumb","itemListElement":[{"@type":"ListItem","position":1,"name":"Home","item":"https:\/\/www.apres-lecole.fr\/Blog\/"},{"@type":"ListItem","position":2,"name":"D\u00e9couvrez les coulisses de Polytechnique, l&rsquo;institution qui fa\u00e7onne les futurs prodiges de l&rsquo;intelligence artificielle en France"}]},{"@type":"WebSite","@id":"https:\/\/www.apres-lecole.fr\/Blog\/#website","url":"https:\/\/www.apres-lecole.fr\/Blog\/","name":"","description":"M\u00e9dia g\u00e9n\u00e9raliste","potentialAction":[{"@type":"SearchAction","target":{"@type":"EntryPoint","urlTemplate":"https:\/\/www.apres-lecole.fr\/Blog\/?s={search_term_string}"},"query-input":{"@type":"PropertyValueSpecification","valueRequired":true,"valueName":"search_term_string"}}],"inLanguage":"fr-FR"},{"@type":"Person","@id":"https:\/\/www.apres-lecole.fr\/Blog\/#\/schema\/person\/aeb50cd4b51fc69da155804bb5bb9fc4","name":"Eva Martin","image":{"@type":"ImageObject","inLanguage":"fr-FR","@id":"https:\/\/secure.gravatar.com\/avatar\/55c53222558b27a72015a64073a80edce4abd33369394b9bf2c5cd6c19d12682?s=96&d=mm&r=g","url":"https:\/\/secure.gravatar.com\/avatar\/55c53222558b27a72015a64073a80edce4abd33369394b9bf2c5cd6c19d12682?s=96&d=mm&r=g","contentUrl":"https:\/\/secure.gravatar.com\/avatar\/55c53222558b27a72015a64073a80edce4abd33369394b9bf2c5cd6c19d12682?s=96&d=mm&r=g","caption":"Eva Martin"},"description":"Je parle de business et d'entrepreneuriat avec des conseils clairs, concrets et actionnables pour r\u00e9ussir","sameAs":["https:\/\/x.com\/Evaapresecole"],"url":"https:\/\/www.apres-lecole.fr\/Blog\/author\/evamartin\/"}]}},"views":10,"_links":{"self":[{"href":"https:\/\/www.apres-lecole.fr\/Blog\/wp-json\/wp\/v2\/posts\/2087","targetHints":{"allow":["GET"]}}],"collection":[{"href":"https:\/\/www.apres-lecole.fr\/Blog\/wp-json\/wp\/v2\/posts"}],"about":[{"href":"https:\/\/www.apres-lecole.fr\/Blog\/wp-json\/wp\/v2\/types\/post"}],"author":[{"embeddable":true,"href":"https:\/\/www.apres-lecole.fr\/Blog\/wp-json\/wp\/v2\/users\/9"}],"replies":[{"embeddable":true,"href":"https:\/\/www.apres-lecole.fr\/Blog\/wp-json\/wp\/v2\/comments?post=2087"}],"version-history":[{"count":0,"href":"https:\/\/www.apres-lecole.fr\/Blog\/wp-json\/wp\/v2\/posts\/2087\/revisions"}],"wp:featuredmedia":[{"embeddable":true,"href":"https:\/\/www.apres-lecole.fr\/Blog\/wp-json\/wp\/v2\/media\/2086"}],"wp:attachment":[{"href":"https:\/\/www.apres-lecole.fr\/Blog\/wp-json\/wp\/v2\/media?parent=2087"}],"wp:term":[{"taxonomy":"category","embeddable":true,"href":"https:\/\/www.apres-lecole.fr\/Blog\/wp-json\/wp\/v2\/categories?post=2087"},{"taxonomy":"post_tag","embeddable":true,"href":"https:\/\/www.apres-lecole.fr\/Blog\/wp-json\/wp\/v2\/tags?post=2087"}],"curies":[{"name":"wp","href":"https:\/\/api.w.org\/{rel}","templated":true}]}}