{"id":2085,"date":"2025-07-13T07:12:19","date_gmt":"2025-07-13T07:12:19","guid":{"rendered":"https:\/\/www.apres-lecole.fr\/Blog\/agressions-scolaires-mesures\/"},"modified":"2025-07-13T07:12:19","modified_gmt":"2025-07-13T07:12:19","slug":"agressions-scolaires-mesures","status":"publish","type":"post","link":"https:\/\/www.apres-lecole.fr\/Blog\/agressions-scolaires-mesures\/","title":{"rendered":"Agressions sexuelles en milieu scolaire : quelles mesures seront prises pour la rentr\u00e9e ?"},"content":{"rendered":"\n\n<div class=\"kk-star-ratings kksr-auto kksr-align-left kksr-valign-top\"\n    data-payload='{&quot;align&quot;:&quot;left&quot;,&quot;id&quot;:&quot;2085&quot;,&quot;slug&quot;:&quot;default&quot;,&quot;valign&quot;:&quot;top&quot;,&quot;ignore&quot;:&quot;&quot;,&quot;reference&quot;:&quot;auto&quot;,&quot;class&quot;:&quot;&quot;,&quot;count&quot;:&quot;0&quot;,&quot;legendonly&quot;:&quot;&quot;,&quot;readonly&quot;:&quot;&quot;,&quot;score&quot;:&quot;0&quot;,&quot;starsonly&quot;:&quot;&quot;,&quot;best&quot;:&quot;5&quot;,&quot;gap&quot;:&quot;5&quot;,&quot;greet&quot;:&quot;Rate this post&quot;,&quot;legend&quot;:&quot;0\\\/5 - (0 vote)&quot;,&quot;size&quot;:&quot;24&quot;,&quot;title&quot;:&quot;Agressions sexuelles en milieu scolaire : quelles mesures seront prises pour la rentr\u00e9e ?&quot;,&quot;width&quot;:&quot;0&quot;,&quot;_legend&quot;:&quot;{score}\\\/{best} - ({count} {votes})&quot;,&quot;font_factor&quot;:&quot;1.25&quot;}'>\n            \n<div class=\"kksr-stars\">\n    \n<div class=\"kksr-stars-inactive\">\n            <div class=\"kksr-star\" data-star=\"1\" style=\"padding-right: 5px\">\n            \n\n<div class=\"kksr-icon\" style=\"width: 24px; height: 24px;\"><\/div>\n        <\/div>\n            <div class=\"kksr-star\" data-star=\"2\" style=\"padding-right: 5px\">\n            \n\n<div class=\"kksr-icon\" style=\"width: 24px; height: 24px;\"><\/div>\n        <\/div>\n            <div class=\"kksr-star\" data-star=\"3\" style=\"padding-right: 5px\">\n            \n\n<div class=\"kksr-icon\" style=\"width: 24px; height: 24px;\"><\/div>\n        <\/div>\n            <div class=\"kksr-star\" data-star=\"4\" style=\"padding-right: 5px\">\n            \n\n<div class=\"kksr-icon\" style=\"width: 24px; height: 24px;\"><\/div>\n        <\/div>\n            <div class=\"kksr-star\" data-star=\"5\" style=\"padding-right: 5px\">\n            \n\n<div class=\"kksr-icon\" style=\"width: 24px; height: 24px;\"><\/div>\n        <\/div>\n    <\/div>\n    \n<div class=\"kksr-stars-active\" style=\"width: 0px;\">\n            <div class=\"kksr-star\" style=\"padding-right: 5px\">\n            \n\n<div class=\"kksr-icon\" style=\"width: 24px; height: 24px;\"><\/div>\n        <\/div>\n            <div class=\"kksr-star\" style=\"padding-right: 5px\">\n            \n\n<div class=\"kksr-icon\" style=\"width: 24px; height: 24px;\"><\/div>\n        <\/div>\n            <div class=\"kksr-star\" style=\"padding-right: 5px\">\n            \n\n<div class=\"kksr-icon\" style=\"width: 24px; height: 24px;\"><\/div>\n        <\/div>\n            <div class=\"kksr-star\" style=\"padding-right: 5px\">\n            \n\n<div class=\"kksr-icon\" style=\"width: 24px; height: 24px;\"><\/div>\n        <\/div>\n            <div class=\"kksr-star\" style=\"padding-right: 5px\">\n            \n\n<div class=\"kksr-icon\" style=\"width: 24px; height: 24px;\"><\/div>\n        <\/div>\n    <\/div>\n<\/div>\n                \n\n<div class=\"kksr-legend\" style=\"font-size: 19.2px;\">\n            <span class=\"kksr-muted\">Rate this post<\/span>\n    <\/div>\n    <\/div>\n<p>Les agressions sexuelles en milieu scolaire constituent un sujet br\u00fblant et d&rsquo;une importance capitale au sein de la soci\u00e9t\u00e9 actuelle. Face \u00e0 la recrudescence de ces comportements inacceptables, le gouvernement, via le <strong>Minist\u00e8re de l&rsquo;\u00c9ducation<\/strong>, a d\u00e9cid\u00e9 de prendre des mesures concr\u00e8tes pour la rentr\u00e9e scolaire. Ces initiatives visent \u00e0 am\u00e9liorer la s\u00e9curit\u00e9 et le bien-\u00eatre des \u00e9l\u00e8ves dans leurs \u00e9tablissements respectifs. Les chiffres alarmants des derni\u00e8res ann\u00e9es mettent en lumi\u00e8re l&rsquo;urgence d&rsquo;une r\u00e9forme. La question qui se pose est : que va-t-il se passer concr\u00e8tement pour prot\u00e9ger nos enfants ?<\/p>\n\n<h2 class=\"wp-block-heading\">Aper\u00e7u des mesures mises en place par le minist\u00e8re de l\u2019\u00c9ducation<\/h2>\n\n<p>Le <strong>Minist\u00e8re de l&rsquo;\u00c9ducation<\/strong> a \u00e9labor\u00e9 un plan ambitieux destin\u00e9 \u00e0 traiter le fl\u00e9au des agressions sexuelles en milieu scolaire. Baptis\u00e9 \u00ab\u00a0Brisons le silence, agissons ensemble\u00a0\u00bb, ce dispositif repose sur plusieurs axes strat\u00e9giques. L&rsquo;objectif principal est de favoriser un environnement o\u00f9 les \u00e9l\u00e8ves se sentent en s\u00e9curit\u00e9 pour s&rsquo;exprimer et signaler les abus. Ce plan s&rsquo;appuie \u00e9galement sur une sensibilisation accrue \u00e0 l&rsquo;\u00e9galit\u00e9 et la pr\u00e9vention des violences sexistes.<\/p>\n\n<h3 class=\"wp-block-heading\">Les piliers fondamentaux du plan<\/h3>\n\n<p>Le plan se divise essentiellement en trois grands axes :<\/p>\n\n<ul class=\"wp-block-list\"><li><strong>Formation des enseignants<\/strong> : Une attention particuli\u00e8re est accord\u00e9e \u00e0 la formation des encadrants pour qu&rsquo;ils soient mieux \u00e9quip\u00e9s pour reconna\u00eetre et g\u00e9rer les situations de violence.<\/li><li><strong>Sensibilisation des \u00e9l\u00e8ves<\/strong> : Des campagnes \u00e9ducatives seront mises en place pour informer les \u00e9tudiants sur leurs droits et les outils \u00e0 leur disposition.<\/li><li><strong>M\u00e9canismes de signalement renforc\u00e9s<\/strong> : Un dispositif de remont\u00e9e des faits sera instaur\u00e9 afin d&rsquo;assurer un suivi et un traitement des cas d&rsquo;agressions rapidement et efficacement.<\/li><\/ul>\n\n<figure class=\"wp-block-table\"><table>\n<thead>\n<tr>\n<th>Mesures<\/th>\n<th>Description<\/th>\n<th>Impact attendu<\/th>\n<\/tr>\n<\/thead>\n<tbody>\n<tr>\n<td>Formation continue<\/td>\n<td>Sessions de formation pour le personnel \u00e9ducatif<\/td>\n<td>Meilleure reconnaissance des situations de risque<\/td>\n<\/tr>\n<tr>\n<td>\u00c9ducation \u00e0 l&rsquo;\u00e9galit\u00e9<\/td>\n<td>Programmes de sensibilisation au sein des \u00e9tablissements<\/td>\n<td>R\u00e9duction des comportements agressifs et sexistes<\/td>\n<\/tr>\n<tr>\n<td>Soutien psychologique<\/td>\n<td>Acc\u00e8s \u00e0 des psychologues et travailleurs sociaux dans les \u00e9coles<\/td>\n<td>Soutien aux victimes renforc\u00e9 et prise en charge pr\u00e9coce<\/td>\n<\/tr>\n<\/tbody>\n<\/table><\/figure>\n\n<h2 class=\"wp-block-heading\">Le r\u00f4le des associations et collectifs<\/h2>\n\n<p>Dans cette lutte contre les agressions sexuelles \u00e0 l&rsquo;\u00e9cole, les associations jouent un r\u00f4le cl\u00e9. Des entit\u00e9s comme le <strong>Collectif Agressions Sexuelles<\/strong> et le <strong>R\u00e9seau Violences Sexuelles<\/strong> apportent une expertise cruciale. Leur implication va bien au-del\u00e0 de l&rsquo;assistance; elles \u0153uvrent \u00e9galement \u00e0 la sensibilisation des \u00e9l\u00e8ves et parents. Cela passe par des ateliers d&rsquo;autod\u00e9fense mentale et physique, ainsi que des espaces d&rsquo;\u00e9change et de parole pour lib\u00e9rer la parole des victimes.<\/p>\n\n<h3 class=\"wp-block-heading\">Exemples d&rsquo;initiatives r\u00e9ussies<\/h3>\n\n<p>Plusieurs projets concrets ont vu le jour ces derni\u00e8res ann\u00e9es. Par exemple, \u00e0 Lyon, une initiative a permis de cr\u00e9er un <strong>Espace de Parole<\/strong> o\u00f9 les adolescents peuvent se r\u00e9unir pour discuter de leurs pr\u00e9occupations. Ces rencontres, encadr\u00e9es par des professionnels, permettent de normaliser la parole et d&rsquo;encourager le signalement des abus. D&rsquo;autres \u00e9tablissements organisent \u00e9galement des journ\u00e9es de sensibilisation sur le th\u00e8me \u00ab\u00a0Stop Harc\u00e8lement\u00a0\u00bb, afin de cr\u00e9er un climat de confiance.<\/p>\n\n<ul class=\"wp-block-list\"><li>\ud83d\udcc5 Journ\u00e9es th\u00e9matiques : Rencontres avec des experts.<\/li><li>\ud83d\udde3\ufe0f Formations pour les \u00e9l\u00e8ves sur leurs droits.<\/li><li>\ud83e\uddd1\u200d\ud83e\udd1d\u200d\ud83e\uddd1 Espaces de rencontre pour les victimes.<\/li><\/ul>\n\n<h2 class=\"wp-block-heading\">Les d\u00e9fis \u00e0 relever pour une mise en \u0153uvre efficace<\/h2>\n\n<p>Bien que les initiatives du <strong>Minist\u00e8re de l&rsquo;\u00c9ducation<\/strong> semblent prometteuses, des d\u00e9fis subsistent. La mise en \u0153uvre de ces mesures n\u00e9cessite des ressources, de l&rsquo;engagement de la part des \u00e9tablissements, mais aussi une volont\u00e9 politique forte. Les directeurs d&rsquo;\u00e9cole, les enseignants et le personnel doivent \u00eatre pleinement investis pour ces changements deviennent une r\u00e9alit\u00e9 tangible.<\/p>\n\n<h3 class=\"wp-block-heading\">R\u00e9sistances et obstacles<\/h3>\n\n<p>Une des r\u00e9sistances notables vient de la culture du silence souvent ancr\u00e9e dans certaines \u00e9coles. L&rsquo;id\u00e9e de parler des agressions est encore taboue, et il est crucial de casser cette barri\u00e8re. Pour cela, des campagnes de communication adapt\u00e9es sont essentielles. De plus, le suivi des abus signal\u00e9s est primordial afin d&rsquo;\u00e9viter que les victimes ne se retrouvent seules face \u00e0 des difficult\u00e9s.<\/p>\n\n<figure class=\"wp-block-table\"><table>\n<thead>\n<tr>\n<th>D\u00e9fis<\/th>\n<th>Solutions possibles<\/th>\n<\/tr>\n<\/thead>\n<tbody>\n<tr>\n<td>Culture du silence<\/td>\n<td>Sessions de sensibilisation et d&rsquo;information<\/td>\n<\/tr>\n<tr>\n<td>Manque de ressources<\/td>\n<td>Partenariats avec des ONG et des associations<\/td>\n<\/tr>\n<tr>\n<td>Harassment Continual<\/td>\n<td>Renforcement du soutien aux victimes<\/td>\n<\/tr>\n<\/tbody>\n<\/table><\/figure>\n\n<h2 class=\"wp-block-heading\">Des outils innovants pour la pr\u00e9vention<\/h2>\n\n<p>Avec l&rsquo;av\u00e8nement des technologies, de nouveaux outils \u00e9mergent pour aider \u00e0 la pr\u00e9vention des violences en milieu scolaire. Par exemple, des applications de signalement anonymes ont vu le jour, permettant aux \u00e9l\u00e8ves de signaler des abus sans avoir \u00e0 se d\u00e9voiler. Le programme <strong>Sensibilisation \u00e0 l&rsquo;\u00c9galit\u00e9<\/strong> int\u00e9grera aussi des modules num\u00e9riques afin de sensibiliser les \u00e9l\u00e8ves d\u00e8s le plus jeune \u00e2ge.<\/p>\n\n<h3 class=\"wp-block-heading\">Les avantages des outils num\u00e9riques<\/h3>\n\n<p>Voici quelques avantages li\u00e9s \u00e0 l&rsquo;utilisation de ces outils : <\/p>\n\n<ul class=\"wp-block-list\"><li>\ud83d\udcf2 Acc\u00e8s imm\u00e9diat aux ressources d&rsquo;aide.<\/li><li>\ud83d\udd12 Confidentialit\u00e9 assur\u00e9e pour les signalements.<\/li><li>\ud83c\udf93 \u00c9ducation interactive sur les violences sexistes.<\/li><\/ul>\n\n<figure class=\"wp-block-table\"><table>\n<thead>\n<tr>\n<th>Outils num\u00e9riques<\/th>\n<th>Fonctionnalit\u00e9s<\/th>\n<th>Impact<\/th>\n<\/tr>\n<\/thead>\n<tbody>\n<tr>\n<td>Applications de signalement<\/td>\n<td>Signalement anonyme<\/td>\n<td>Augmentation des cas signal\u00e9s<\/td>\n<\/tr>\n<tr>\n<td>Ressources en ligne<\/td>\n<td>Acc\u00e8s \u00e0 des informations \u00e9ducatives<\/td>\n<td>Meilleure compr\u00e9hension des droits<\/td>\n<\/tr>\n<\/tbody>\n<\/table><\/figure>\n\n<h2 class=\"wp-block-heading\">FAQ sur les mesures de lutte contre les agressions sexuelles en milieu scolaire<\/h2>\n\n<p>Voici quelques questions fr\u00e9quentes concernant les mesures mises en place :<\/p>\n\n<ul class=\"wp-block-list\"><li><strong>Quels types de formations sont propos\u00e9es aux enseignants ?<\/strong> Des sessions sur la reconnaissance des violences et sur le soutien aux victimes sont organis\u00e9es.<\/li><li><strong>Comment les victimes peuvent-elles signaler des abus ?<\/strong> Il existe des applications de signalement anonymes ainsi que des num\u00e9ros d&rsquo;\u00e9coute d\u00e9di\u00e9s.<\/li><li><strong>Les parents sont-ils impliqu\u00e9s dans ce dispositif ?<\/strong> Oui, des ateliers de sensibilisation sont \u00e9galement propos\u00e9s aux parents.<\/li><\/ul>\n\n<p>La rentr\u00e9e scolaire approche et les mesures prises par le <strong>Minist\u00e8re de l&rsquo;\u00c9ducation<\/strong> devraient apporter l&rsquo;assurance d&rsquo;une \u00e9cole plus s\u00e9curisante pour tous les enfants. Du soutien aux victimes \u00e0 la sensibilisation des enseignants, un v\u00e9ritable \u00e9lan pour faire face \u00e0 cette probl\u00e9matique est \u00e0 l&rsquo;\u0153uvre.<\/p>\n\n","protected":false},"excerpt":{"rendered":"<p>Les agressions sexuelles en milieu scolaire constituent un sujet br\u00fblant et d&rsquo;une importance capitale au sein de la soci\u00e9t\u00e9 actuelle. Face \u00e0 la recrudescence de ces comportements inacceptables, le gouvernement, via le Minist\u00e8re de l&rsquo;\u00c9ducation, a d\u00e9cid\u00e9 de prendre des mesures concr\u00e8tes pour la rentr\u00e9e scolaire. Ces initiatives visent \u00e0 am\u00e9liorer la s\u00e9curit\u00e9 et le &#8230; <a title=\"Agressions sexuelles en milieu scolaire : quelles mesures seront prises pour la rentr\u00e9e ?\" class=\"read-more\" href=\"https:\/\/www.apres-lecole.fr\/Blog\/agressions-scolaires-mesures\/\" aria-label=\"En savoir plus sur Agressions sexuelles en milieu scolaire : quelles mesures seront prises pour la rentr\u00e9e ?\">Lire plus<\/a><\/p>\n","protected":false},"author":9,"featured_media":0,"comment_status":"open","ping_status":"open","sticky":false,"template":"","format":"standard","meta":{"footnotes":""},"categories":[342],"tags":[1198,1200,1199,1201,570],"class_list":["post-2085","post","type-post","status-publish","format-standard","hentry","category-actualites","tag-agressions-sexuelles","tag-mesures-de-securite","tag-milieu-scolaire","tag-prevention","tag-rentree-scolaire"],"yoast_head":"<!-- This site is optimized with the Yoast SEO plugin v27.5 - https:\/\/yoast.com\/product\/yoast-seo-wordpress\/ -->\n<title>Agressions sexuelles \u00e0 l&#039;\u00e9cole : les mesures de la rentr\u00e9e d\u00e9voil\u00e9es<\/title>\n<meta name=\"description\" content=\"D\u00e9couvrez les nouvelles mesures pr\u00e9vues \u00e0 la rentr\u00e9e pour lutter contre les agressions sexuelles en milieu scolaire. Protection et pr\u00e9vention.\" \/>\n<meta name=\"robots\" content=\"index, follow, max-snippet:-1, max-image-preview:large, max-video-preview:-1\" \/>\n<link rel=\"canonical\" href=\"https:\/\/www.apres-lecole.fr\/Blog\/agressions-scolaires-mesures\/\" \/>\n<meta property=\"og:locale\" content=\"fr_FR\" \/>\n<meta property=\"og:type\" content=\"article\" \/>\n<meta property=\"og:title\" content=\"Agressions sexuelles \u00e0 l&#039;\u00e9cole : les mesures de la rentr\u00e9e d\u00e9voil\u00e9es\" \/>\n<meta property=\"og:description\" content=\"D\u00e9couvrez les nouvelles mesures pr\u00e9vues \u00e0 la rentr\u00e9e pour lutter contre les agressions sexuelles en milieu scolaire. Protection et pr\u00e9vention.\" \/>\n<meta property=\"og:url\" content=\"https:\/\/www.apres-lecole.fr\/Blog\/agressions-scolaires-mesures\/\" \/>\n<meta property=\"article:published_time\" content=\"2025-07-13T07:12:19+00:00\" \/>\n<meta name=\"author\" content=\"Eva Martin\" \/>\n<meta name=\"twitter:card\" content=\"summary_large_image\" \/>\n<meta name=\"twitter:creator\" content=\"@Evaapresecole\" \/>\n<meta name=\"twitter:label1\" content=\"\u00c9crit par\" \/>\n\t<meta name=\"twitter:data1\" content=\"Eva Martin\" \/>\n\t<meta name=\"twitter:label2\" content=\"Dur\u00e9e de lecture estim\u00e9e\" \/>\n\t<meta name=\"twitter:data2\" content=\"5 minutes\" \/>\n<script type=\"application\/ld+json\" class=\"yoast-schema-graph\">{\"@context\":\"https:\\\/\\\/schema.org\",\"@graph\":[{\"@type\":\"Article\",\"@id\":\"https:\\\/\\\/www.apres-lecole.fr\\\/Blog\\\/agressions-scolaires-mesures\\\/#article\",\"isPartOf\":{\"@id\":\"https:\\\/\\\/www.apres-lecole.fr\\\/Blog\\\/agressions-scolaires-mesures\\\/\"},\"author\":{\"name\":\"Eva Martin\",\"@id\":\"https:\\\/\\\/www.apres-lecole.fr\\\/Blog\\\/#\\\/schema\\\/person\\\/aeb50cd4b51fc69da155804bb5bb9fc4\"},\"headline\":\"Agressions sexuelles en milieu scolaire : quelles mesures seront prises pour la rentr\u00e9e ?\",\"datePublished\":\"2025-07-13T07:12:19+00:00\",\"mainEntityOfPage\":{\"@id\":\"https:\\\/\\\/www.apres-lecole.fr\\\/Blog\\\/agressions-scolaires-mesures\\\/\"},\"wordCount\":1023,\"commentCount\":0,\"keywords\":[\"agressions sexuelles\",\"mesures de s\u00e9curit\u00e9\",\"milieu scolaire\",\"pr\u00e9vention\",\"rentr\u00e9e scolaire\"],\"articleSection\":[\"Actualit\u00e9s\"],\"inLanguage\":\"fr-FR\",\"potentialAction\":[{\"@type\":\"CommentAction\",\"name\":\"Comment\",\"target\":[\"https:\\\/\\\/www.apres-lecole.fr\\\/Blog\\\/agressions-scolaires-mesures\\\/#respond\"]}]},{\"@type\":\"WebPage\",\"@id\":\"https:\\\/\\\/www.apres-lecole.fr\\\/Blog\\\/agressions-scolaires-mesures\\\/\",\"url\":\"https:\\\/\\\/www.apres-lecole.fr\\\/Blog\\\/agressions-scolaires-mesures\\\/\",\"name\":\"Agressions sexuelles \u00e0 l'\u00e9cole : les mesures de la rentr\u00e9e d\u00e9voil\u00e9es\",\"isPartOf\":{\"@id\":\"https:\\\/\\\/www.apres-lecole.fr\\\/Blog\\\/#website\"},\"datePublished\":\"2025-07-13T07:12:19+00:00\",\"author\":{\"@id\":\"https:\\\/\\\/www.apres-lecole.fr\\\/Blog\\\/#\\\/schema\\\/person\\\/aeb50cd4b51fc69da155804bb5bb9fc4\"},\"description\":\"D\u00e9couvrez les nouvelles mesures pr\u00e9vues \u00e0 la rentr\u00e9e pour lutter contre les agressions sexuelles en milieu scolaire. Protection et pr\u00e9vention.\",\"breadcrumb\":{\"@id\":\"https:\\\/\\\/www.apres-lecole.fr\\\/Blog\\\/agressions-scolaires-mesures\\\/#breadcrumb\"},\"inLanguage\":\"fr-FR\",\"potentialAction\":[{\"@type\":\"ReadAction\",\"target\":[\"https:\\\/\\\/www.apres-lecole.fr\\\/Blog\\\/agressions-scolaires-mesures\\\/\"]}]},{\"@type\":\"BreadcrumbList\",\"@id\":\"https:\\\/\\\/www.apres-lecole.fr\\\/Blog\\\/agressions-scolaires-mesures\\\/#breadcrumb\",\"itemListElement\":[{\"@type\":\"ListItem\",\"position\":1,\"name\":\"Home\",\"item\":\"https:\\\/\\\/www.apres-lecole.fr\\\/Blog\\\/\"},{\"@type\":\"ListItem\",\"position\":2,\"name\":\"Agressions sexuelles en milieu scolaire : quelles mesures seront prises pour la rentr\u00e9e ?\"}]},{\"@type\":\"WebSite\",\"@id\":\"https:\\\/\\\/www.apres-lecole.fr\\\/Blog\\\/#website\",\"url\":\"https:\\\/\\\/www.apres-lecole.fr\\\/Blog\\\/\",\"name\":\"\",\"description\":\"M\u00e9dia g\u00e9n\u00e9raliste\",\"potentialAction\":[{\"@type\":\"SearchAction\",\"target\":{\"@type\":\"EntryPoint\",\"urlTemplate\":\"https:\\\/\\\/www.apres-lecole.fr\\\/Blog\\\/?s={search_term_string}\"},\"query-input\":{\"@type\":\"PropertyValueSpecification\",\"valueRequired\":true,\"valueName\":\"search_term_string\"}}],\"inLanguage\":\"fr-FR\"},{\"@type\":\"Person\",\"@id\":\"https:\\\/\\\/www.apres-lecole.fr\\\/Blog\\\/#\\\/schema\\\/person\\\/aeb50cd4b51fc69da155804bb5bb9fc4\",\"name\":\"Eva Martin\",\"image\":{\"@type\":\"ImageObject\",\"inLanguage\":\"fr-FR\",\"@id\":\"https:\\\/\\\/secure.gravatar.com\\\/avatar\\\/55c53222558b27a72015a64073a80edce4abd33369394b9bf2c5cd6c19d12682?s=96&d=mm&r=g\",\"url\":\"https:\\\/\\\/secure.gravatar.com\\\/avatar\\\/55c53222558b27a72015a64073a80edce4abd33369394b9bf2c5cd6c19d12682?s=96&d=mm&r=g\",\"contentUrl\":\"https:\\\/\\\/secure.gravatar.com\\\/avatar\\\/55c53222558b27a72015a64073a80edce4abd33369394b9bf2c5cd6c19d12682?s=96&d=mm&r=g\",\"caption\":\"Eva Martin\"},\"description\":\"Je parle de business et d'entrepreneuriat avec des conseils clairs, concrets et actionnables pour r\u00e9ussir\",\"sameAs\":[\"https:\\\/\\\/x.com\\\/Evaapresecole\"],\"url\":\"https:\\\/\\\/www.apres-lecole.fr\\\/Blog\\\/author\\\/evamartin\\\/\"}]}<\/script>\n<!-- \/ Yoast SEO plugin. -->","yoast_head_json":{"title":"Agressions sexuelles \u00e0 l'\u00e9cole : les mesures de la rentr\u00e9e d\u00e9voil\u00e9es","description":"D\u00e9couvrez les nouvelles mesures pr\u00e9vues \u00e0 la rentr\u00e9e pour lutter contre les agressions sexuelles en milieu scolaire. Protection et pr\u00e9vention.","robots":{"index":"index","follow":"follow","max-snippet":"max-snippet:-1","max-image-preview":"max-image-preview:large","max-video-preview":"max-video-preview:-1"},"canonical":"https:\/\/www.apres-lecole.fr\/Blog\/agressions-scolaires-mesures\/","og_locale":"fr_FR","og_type":"article","og_title":"Agressions sexuelles \u00e0 l'\u00e9cole : les mesures de la rentr\u00e9e d\u00e9voil\u00e9es","og_description":"D\u00e9couvrez les nouvelles mesures pr\u00e9vues \u00e0 la rentr\u00e9e pour lutter contre les agressions sexuelles en milieu scolaire. Protection et pr\u00e9vention.","og_url":"https:\/\/www.apres-lecole.fr\/Blog\/agressions-scolaires-mesures\/","article_published_time":"2025-07-13T07:12:19+00:00","author":"Eva Martin","twitter_card":"summary_large_image","twitter_creator":"@Evaapresecole","twitter_misc":{"\u00c9crit par":"Eva Martin","Dur\u00e9e de lecture estim\u00e9e":"5 minutes"},"schema":{"@context":"https:\/\/schema.org","@graph":[{"@type":"Article","@id":"https:\/\/www.apres-lecole.fr\/Blog\/agressions-scolaires-mesures\/#article","isPartOf":{"@id":"https:\/\/www.apres-lecole.fr\/Blog\/agressions-scolaires-mesures\/"},"author":{"name":"Eva Martin","@id":"https:\/\/www.apres-lecole.fr\/Blog\/#\/schema\/person\/aeb50cd4b51fc69da155804bb5bb9fc4"},"headline":"Agressions sexuelles en milieu scolaire : quelles mesures seront prises pour la rentr\u00e9e ?","datePublished":"2025-07-13T07:12:19+00:00","mainEntityOfPage":{"@id":"https:\/\/www.apres-lecole.fr\/Blog\/agressions-scolaires-mesures\/"},"wordCount":1023,"commentCount":0,"keywords":["agressions sexuelles","mesures de s\u00e9curit\u00e9","milieu scolaire","pr\u00e9vention","rentr\u00e9e scolaire"],"articleSection":["Actualit\u00e9s"],"inLanguage":"fr-FR","potentialAction":[{"@type":"CommentAction","name":"Comment","target":["https:\/\/www.apres-lecole.fr\/Blog\/agressions-scolaires-mesures\/#respond"]}]},{"@type":"WebPage","@id":"https:\/\/www.apres-lecole.fr\/Blog\/agressions-scolaires-mesures\/","url":"https:\/\/www.apres-lecole.fr\/Blog\/agressions-scolaires-mesures\/","name":"Agressions sexuelles \u00e0 l'\u00e9cole : les mesures de la rentr\u00e9e d\u00e9voil\u00e9es","isPartOf":{"@id":"https:\/\/www.apres-lecole.fr\/Blog\/#website"},"datePublished":"2025-07-13T07:12:19+00:00","author":{"@id":"https:\/\/www.apres-lecole.fr\/Blog\/#\/schema\/person\/aeb50cd4b51fc69da155804bb5bb9fc4"},"description":"D\u00e9couvrez les nouvelles mesures pr\u00e9vues \u00e0 la rentr\u00e9e pour lutter contre les agressions sexuelles en milieu scolaire. Protection et pr\u00e9vention.","breadcrumb":{"@id":"https:\/\/www.apres-lecole.fr\/Blog\/agressions-scolaires-mesures\/#breadcrumb"},"inLanguage":"fr-FR","potentialAction":[{"@type":"ReadAction","target":["https:\/\/www.apres-lecole.fr\/Blog\/agressions-scolaires-mesures\/"]}]},{"@type":"BreadcrumbList","@id":"https:\/\/www.apres-lecole.fr\/Blog\/agressions-scolaires-mesures\/#breadcrumb","itemListElement":[{"@type":"ListItem","position":1,"name":"Home","item":"https:\/\/www.apres-lecole.fr\/Blog\/"},{"@type":"ListItem","position":2,"name":"Agressions sexuelles en milieu scolaire : quelles mesures seront prises pour la rentr\u00e9e ?"}]},{"@type":"WebSite","@id":"https:\/\/www.apres-lecole.fr\/Blog\/#website","url":"https:\/\/www.apres-lecole.fr\/Blog\/","name":"","description":"M\u00e9dia g\u00e9n\u00e9raliste","potentialAction":[{"@type":"SearchAction","target":{"@type":"EntryPoint","urlTemplate":"https:\/\/www.apres-lecole.fr\/Blog\/?s={search_term_string}"},"query-input":{"@type":"PropertyValueSpecification","valueRequired":true,"valueName":"search_term_string"}}],"inLanguage":"fr-FR"},{"@type":"Person","@id":"https:\/\/www.apres-lecole.fr\/Blog\/#\/schema\/person\/aeb50cd4b51fc69da155804bb5bb9fc4","name":"Eva Martin","image":{"@type":"ImageObject","inLanguage":"fr-FR","@id":"https:\/\/secure.gravatar.com\/avatar\/55c53222558b27a72015a64073a80edce4abd33369394b9bf2c5cd6c19d12682?s=96&d=mm&r=g","url":"https:\/\/secure.gravatar.com\/avatar\/55c53222558b27a72015a64073a80edce4abd33369394b9bf2c5cd6c19d12682?s=96&d=mm&r=g","contentUrl":"https:\/\/secure.gravatar.com\/avatar\/55c53222558b27a72015a64073a80edce4abd33369394b9bf2c5cd6c19d12682?s=96&d=mm&r=g","caption":"Eva Martin"},"description":"Je parle de business et d'entrepreneuriat avec des conseils clairs, concrets et actionnables pour r\u00e9ussir","sameAs":["https:\/\/x.com\/Evaapresecole"],"url":"https:\/\/www.apres-lecole.fr\/Blog\/author\/evamartin\/"}]}},"views":7,"_links":{"self":[{"href":"https:\/\/www.apres-lecole.fr\/Blog\/wp-json\/wp\/v2\/posts\/2085","targetHints":{"allow":["GET"]}}],"collection":[{"href":"https:\/\/www.apres-lecole.fr\/Blog\/wp-json\/wp\/v2\/posts"}],"about":[{"href":"https:\/\/www.apres-lecole.fr\/Blog\/wp-json\/wp\/v2\/types\/post"}],"author":[{"embeddable":true,"href":"https:\/\/www.apres-lecole.fr\/Blog\/wp-json\/wp\/v2\/users\/9"}],"replies":[{"embeddable":true,"href":"https:\/\/www.apres-lecole.fr\/Blog\/wp-json\/wp\/v2\/comments?post=2085"}],"version-history":[{"count":0,"href":"https:\/\/www.apres-lecole.fr\/Blog\/wp-json\/wp\/v2\/posts\/2085\/revisions"}],"wp:attachment":[{"href":"https:\/\/www.apres-lecole.fr\/Blog\/wp-json\/wp\/v2\/media?parent=2085"}],"wp:term":[{"taxonomy":"category","embeddable":true,"href":"https:\/\/www.apres-lecole.fr\/Blog\/wp-json\/wp\/v2\/categories?post=2085"},{"taxonomy":"post_tag","embeddable":true,"href":"https:\/\/www.apres-lecole.fr\/Blog\/wp-json\/wp\/v2\/tags?post=2085"}],"curies":[{"name":"wp","href":"https:\/\/api.w.org\/{rel}","templated":true}]}}