{"id":2082,"date":"2025-07-11T07:09:47","date_gmt":"2025-07-11T07:09:47","guid":{"rendered":"https:\/\/www.apres-lecole.fr\/Blog\/montagaut-blanc-ecole-education\/"},"modified":"2025-07-11T07:09:47","modified_gmt":"2025-07-11T07:09:47","slug":"montagaut-blanc-ecole-education","status":"publish","type":"post","link":"https:\/\/www.apres-lecole.fr\/Blog\/montagaut-blanc-ecole-education\/","title":{"rendered":"Montagaut le Blanc : une nouvelle \u00e9cole pour dynamiser l&rsquo;\u00e9ducation"},"content":{"rendered":"\n\n<div class=\"kk-star-ratings kksr-auto kksr-align-left kksr-valign-top\"\n    data-payload='{&quot;align&quot;:&quot;left&quot;,&quot;id&quot;:&quot;2082&quot;,&quot;slug&quot;:&quot;default&quot;,&quot;valign&quot;:&quot;top&quot;,&quot;ignore&quot;:&quot;&quot;,&quot;reference&quot;:&quot;auto&quot;,&quot;class&quot;:&quot;&quot;,&quot;count&quot;:&quot;0&quot;,&quot;legendonly&quot;:&quot;&quot;,&quot;readonly&quot;:&quot;&quot;,&quot;score&quot;:&quot;0&quot;,&quot;starsonly&quot;:&quot;&quot;,&quot;best&quot;:&quot;5&quot;,&quot;gap&quot;:&quot;5&quot;,&quot;greet&quot;:&quot;Rate this post&quot;,&quot;legend&quot;:&quot;0\\\/5 - (0 vote)&quot;,&quot;size&quot;:&quot;24&quot;,&quot;title&quot;:&quot;Montagaut le Blanc : une nouvelle \u00e9cole pour dynamiser l\\u0026#039;\u00e9ducation&quot;,&quot;width&quot;:&quot;0&quot;,&quot;_legend&quot;:&quot;{score}\\\/{best} - ({count} {votes})&quot;,&quot;font_factor&quot;:&quot;1.25&quot;}'>\n            \n<div class=\"kksr-stars\">\n    \n<div class=\"kksr-stars-inactive\">\n            <div class=\"kksr-star\" data-star=\"1\" style=\"padding-right: 5px\">\n            \n\n<div class=\"kksr-icon\" style=\"width: 24px; height: 24px;\"><\/div>\n        <\/div>\n            <div class=\"kksr-star\" data-star=\"2\" style=\"padding-right: 5px\">\n            \n\n<div class=\"kksr-icon\" style=\"width: 24px; height: 24px;\"><\/div>\n        <\/div>\n            <div class=\"kksr-star\" data-star=\"3\" style=\"padding-right: 5px\">\n            \n\n<div class=\"kksr-icon\" style=\"width: 24px; height: 24px;\"><\/div>\n        <\/div>\n            <div class=\"kksr-star\" data-star=\"4\" style=\"padding-right: 5px\">\n            \n\n<div class=\"kksr-icon\" style=\"width: 24px; height: 24px;\"><\/div>\n        <\/div>\n            <div class=\"kksr-star\" data-star=\"5\" style=\"padding-right: 5px\">\n            \n\n<div class=\"kksr-icon\" style=\"width: 24px; height: 24px;\"><\/div>\n        <\/div>\n    <\/div>\n    \n<div class=\"kksr-stars-active\" style=\"width: 0px;\">\n            <div class=\"kksr-star\" style=\"padding-right: 5px\">\n            \n\n<div class=\"kksr-icon\" style=\"width: 24px; height: 24px;\"><\/div>\n        <\/div>\n            <div class=\"kksr-star\" style=\"padding-right: 5px\">\n            \n\n<div class=\"kksr-icon\" style=\"width: 24px; height: 24px;\"><\/div>\n        <\/div>\n            <div class=\"kksr-star\" style=\"padding-right: 5px\">\n            \n\n<div class=\"kksr-icon\" style=\"width: 24px; height: 24px;\"><\/div>\n        <\/div>\n            <div class=\"kksr-star\" style=\"padding-right: 5px\">\n            \n\n<div class=\"kksr-icon\" style=\"width: 24px; height: 24px;\"><\/div>\n        <\/div>\n            <div class=\"kksr-star\" style=\"padding-right: 5px\">\n            \n\n<div class=\"kksr-icon\" style=\"width: 24px; height: 24px;\"><\/div>\n        <\/div>\n    <\/div>\n<\/div>\n                \n\n<div class=\"kksr-legend\" style=\"font-size: 19.2px;\">\n            <span class=\"kksr-muted\">Rate this post<\/span>\n    <\/div>\n    <\/div>\n<p>En 2025, l&rsquo;enseignement dans les petites communaut\u00e9s prend un nouveau tournant avec l&rsquo;annonce de la construction d&rsquo;une nouvelle \u00e9cole \u00e0 Montagaut le Blanc. Ce projet ambitieux vise \u00e0 dynamiser l&rsquo;\u00e9ducation locale et \u00e0 r\u00e9pondre aux d\u00e9fis modernes de l&rsquo;apprentissage. Con\u00e7u pour favoriser l&rsquo;innovation p\u00e9dagogique et l&rsquo;\u00e9galit\u00e9 des chances, l&rsquo;\u00e9tablissement se promet de devenir un lieu d&rsquo;apprentissage o\u00f9 les \u00e9l\u00e8ves pourront s&rsquo;\u00e9panouir sans entrave. Mais au-del\u00e0 des murs de l&rsquo;\u00e9cole, il s&rsquo;agit aussi de faire rena\u00eetre l&rsquo;enthousiasme et la cr\u00e9ativit\u00e9 au sein des classes. Cette initiative est le fruit d&rsquo;une collaboration entre la mairie, les \u00e9ducateurs et la communaut\u00e9 locale, un exemple parfait de ce que l&rsquo;on peut accomplir ensemble pour le d\u00e9veloppement de l&rsquo;\u00e9ducation.<\/p>\n\n<h2 class=\"wp-block-heading\">Les objectifs p\u00e9dagogiques de la nouvelle \u00e9cole \u00e0 Montagaut le Blanc<\/h2>\n\n<p>La nouvelle \u00e9cole de Montagaut le Blanc se positionne comme un mod\u00e8le d&rsquo;<strong>\u00e9ducation<\/strong> innovante. Elle offre une approche multidimensionnelle qui prend en compte les besoins vari\u00e9s des enfants. Les objectifs p\u00e9dagogiques sont con\u00e7us pour offrir un cadre d&rsquo;<strong>apprentissage<\/strong> enrichissant, o\u00f9 chaque \u00e9l\u00e8ve peut trouver sa place.<\/p>\n\n<h3 class=\"wp-block-heading\">Une approche centr\u00e9e sur l&rsquo;\u00e9l\u00e8ve<\/h3>\n\n<p>Cette \u00e9cole se veut avant tout un lieu o\u00f9 <strong>l&rsquo;apprentissage<\/strong> est personnalis\u00e9. Chaque \u00e9l\u00e8ve aura acc\u00e8s \u00e0 des outils adapt\u00e9s, permettant un suivi individualis\u00e9. Par exemple, des salles d\u00e9di\u00e9es \u00e0 l&rsquo;aide aux devoirs ou des espaces de cr\u00e9ativit\u00e9 permettront aux enfants de travailler en fonction de leurs int\u00e9r\u00eats.<\/p>\n\n<ul class=\"wp-block-list\"><li>\u2705 Espaces de travail collaboratif<\/li><li>\u2705 Salles de classe flexibles<\/li><li>\u2705 Formation des enseignants \u00e0 de nouvelles m\u00e9thodes p\u00e9dagogiques<\/li><\/ul>\n\n<h3 class=\"wp-block-heading\">Des m\u00e9thodes d&rsquo;enseignement innovantes<\/h3>\n\n<p>Le mod\u00e8le \u00e9ducatif de cette \u00e9cole repose sur des m\u00e9thodes d&rsquo;enseignement modernes. Par exemple, l&rsquo;int\u00e9gration des technologies num\u00e9riques dans le cursus devient incontournable. Des cours de programmation, de codage ou m\u00eame de robotique int\u00e9greront les curriculums, pr\u00e9parant ainsi les \u00e9l\u00e8ves \u00e0 un avenir o\u00f9 le num\u00e9rique sera omnipr\u00e9sent. De plus, une coop\u00e9ration avec des entreprises locales facilitera des projets en apprenant par la pratique.<\/p>\n\n<figure class=\"wp-block-table\"><table>\n<thead>\n<tr>\n<th>Mati\u00e8res propos\u00e9es<\/th>\n<th>Objectifs p\u00e9dagogiques<\/th>\n<th>Exemples d&rsquo;activit\u00e9s pratiques<\/th>\n<\/tr>\n<\/thead>\n<tbody>\n<tr>\n<td>Sciences<\/td>\n<td>D\u00e9velopper la curiosit\u00e9 et le raisonnement scientifique<\/td>\n<td>Exp\u00e9riences de terrain et visites de labo<\/td>\n<\/tr>\n<tr>\n<td>Technologie<\/td>\n<td>Initier aux bases du num\u00e9rique<\/td>\n<td>Ateliers de robotique et projets d&rsquo;informatique<\/td>\n<\/tr>\n<tr>\n<td>Arts<\/td>\n<td>\u00c9veiller la cr\u00e9ativit\u00e9 et l&rsquo;expression personnelle<\/td>\n<td>Expositions et spectacles en fin d&rsquo;ann\u00e9e<\/td>\n<\/tr>\n<\/tbody>\n<\/table><\/figure>\n\n<h2 class=\"wp-block-heading\">Un environnement d&rsquo;apprentissage adapt\u00e9 et inclusif<\/h2>\n\n<p>La conception de la nouvelle \u00e9cole r\u00e9pond \u00e0 la n\u00e9cessit\u00e9 de cr\u00e9er un environnement d&rsquo;apprentissage adapt\u00e9 \u00e0 tous les \u00e9l\u00e8ves. En tenant compte de la diversit\u00e9 des apprenants, l&rsquo;\u00e9cole de Montagaut le Blanc respecte pleinement les principes de l&rsquo;\u00e9ducation inclusive. Cela se refl\u00e8te dans l&rsquo;architecture et l&rsquo;organisation des espaces.<\/p>\n\n<h3 class=\"wp-block-heading\">L&rsquo;inclusivit\u00e9 au c\u0153ur du projet<\/h3>\n\n<p>Avec l&rsquo;id\u00e9e que chaque enfant doit avoir sa chance, l&rsquo;\u00e9cole int\u00e8gre des dispositifs pour accompagner ceux qui souffrent de handicap. Des classes adapt\u00e9es, des outils technologiques et une formation continue pour l\u2019\u00e9quipe \u00e9ducative sur l\u2019inclusion permettront de r\u00e9pondre aux besoins sp\u00e9cifiques des \u00e9l\u00e8ves. Par ailleurs, la collaboration avec des associations sp\u00e9cialis\u00e9es, telle que celle mise en avant dans cet article sur <a href=\"https:\/\/www.apres-lecole.fr\/Blog\/handicap-ecole-defi-education\/\">l&rsquo;\u00e9ducation des \u00e9l\u00e8ves en situation de handicap<\/a>, renforcera ce dispositif.<\/p>\n\n<h3 class=\"wp-block-heading\">Les b\u00e9n\u00e9fices d&rsquo;un environnement stimulant<\/h3>\n\n<p>Un environnement stimulant est essentiel pour favoriser l&rsquo;<strong>apprentissage<\/strong>. La nouvelle \u00e9cole a \u00e9t\u00e9 pens\u00e9e pour \u00eatre ouverte sur son environnement, avec des espaces de jeux, de d\u00e9tente, et des salles de loisirs favorisant les interactions sociales. Ces espaces de vie sont essentiels pour le d\u00e9veloppement personnel des enfants et leur bien-\u00eatre.<\/p>\n\n<ul class=\"wp-block-list\"><li>\ud83c\udfd7\ufe0f B\u00e2timents accessibles<\/li><li>\ud83c\udf33 Espaces verts et jardins p\u00e9dagogiques<\/li><li>\ud83c\udfa8 Ateliers cr\u00e9atifs et sportifs<\/li><\/ul>\n\n<figure class=\"wp-block-table\"><table>\n<thead>\n<tr>\n<th>Type d&rsquo;espace<\/th>\n<th>Fonction<\/th>\n<th>Impact sur l&rsquo;\u00e9l\u00e8ve<\/th>\n<\/tr>\n<\/thead>\n<tbody>\n<tr>\n<td>Classe flexible<\/td>\n<td>Faciliter l&rsquo;apprentissage dans diff\u00e9rentes configurations<\/td>\n<td>Am\u00e9liorer la concentration<\/td>\n<\/tr>\n<tr>\n<td>Zone de d\u00e9tente<\/td>\n<td>Permettre aux \u00e9l\u00e8ves de se ressourcer<\/td>\n<td>R\u00e9duire le stress et l&rsquo;anxi\u00e9t\u00e9<\/td>\n<\/tr>\n<tr>\n<td>Terrains de jeux<\/td>\n<td>Encourager le sport et le travail d&rsquo;\u00e9quipe<\/td>\n<td>Favoriser les comp\u00e9tences sociales<\/td>\n<\/tr>\n<\/tbody>\n<\/table><\/figure>\n\n<h2 class=\"wp-block-heading\">Collaboration entre la communaut\u00e9 et l&rsquo;\u00e9cole<\/h2>\n\n<p>La cr\u00e9ation de la nouvelle \u00e9cole \u00e0 Montagaut le Blanc repr\u00e9sente non seulement une avanc\u00e9e dans le secteur de l&rsquo;<strong>\u00e9ducation<\/strong>, mais aussi un exemple de collaboration entre la communaut\u00e9 et les acteurs locaux. Un tel projet ne peut se faire sans l&rsquo;implication des parents, des institutions et des entreprises locales. Tous ont un r\u00f4le \u00e0 jouer dans le d\u00e9veloppement harmonieux d&rsquo;un projet \u00e9ducatif collectif.<\/p>\n\n<h3 class=\"wp-block-heading\">R\u00f4le des parents et de la communaut\u00e9 locale<\/h3>\n\n<p>Les parents et la communaut\u00e9 locale auront l&rsquo;opportunit\u00e9 de s&rsquo;impliquer dans la gestion de l&rsquo;\u00e9cole en participant \u00e0 des comit\u00e9s de parents. Cela permet de renforcer les liens entre l&rsquo;\u00e9cole et les familles, contribuant \u00e0 un v\u00e9ritable partenariat \u00e9ducatif. Ce mod\u00e8le est inspir\u00e9 de pratiques similaires observ\u00e9es dans des initiatives comme celles d\u00e9crites sur <a href=\"https:\/\/www.apres-lecole.fr\/Blog\/integration-scolaire-education-inclusive\/\">l&rsquo;int\u00e9gration scolaire et l&rsquo;\u00e9ducation inclusive<\/a>.<\/p>\n\n<h3 class=\"wp-block-heading\">Partenariats avec des entreprises locales<\/h3>\n\n<p>Un des axes de d\u00e9veloppement de la nouvelle \u00e9cole sera d&rsquo;\u00e9tablir des partenariats avec des entreprises locales. Cela permettra de r\u00e9aliser des projets concrets et de donner aux \u00e9l\u00e8ves l&rsquo;occasion de d\u00e9couvrir le monde du travail. Que ce soit \u00e0 travers des stages, des visites d&rsquo;entreprises ou des projets collaboratifs, ces exp\u00e9riences de terrain contribueront \u00e0 enrichir leur formation et \u00e0 les pr\u00e9parer au monde professionnel.<\/p>\n\n<ul class=\"wp-block-list\"><li>\ud83e\udd1d \u00c9tablissement de partenariats<\/li><li>\ud83c\udfe2 Visites d\u2019entreprises locales<\/li><li>\ud83d\udcda Ateliers de d\u00e9couverte des m\u00e9tiers<\/li><\/ul>\n\n<h2 class=\"wp-block-heading\">L&rsquo;innovation au c\u0153ur de l&rsquo;apprentissage<\/h2>\n\n<p>Cet \u00e9tablissement scolaire se positionne comme une v\u00e9ritable p\u00e9pini\u00e8re d&rsquo;<strong>innovation<\/strong>. L&rsquo;int\u00e9gration des nouvelles technologies et des m\u00e9dias dans le processus d&rsquo;<strong>apprentissage<\/strong> permettra de capter l&rsquo;attention des \u00e9l\u00e8ves et de les impliquer d&rsquo;une mani\u00e8re qui les motive r\u00e9ellement. Le d\u00e9veloppement de comp\u00e9tences 21\u00e8me si\u00e8cle est au c\u0153ur des pr\u00e9occupations.<\/p>\n\n<h3 class=\"wp-block-heading\">Les outils num\u00e9riques au service de l&rsquo;\u00e9ducation<\/h3>\n\n<p>La nouvelle \u00e9cole sera \u00e9quip\u00e9e des derni\u00e8res technologies pour enrichir l&rsquo;<strong>apprentissage<\/strong>. Tablettes, tableaux num\u00e9riques interactifs ou encore applications \u00e9ducatives deviendront les fid\u00e8les compagnons des \u00e9l\u00e8ves. Ces outils permettront d\u2019offrir des ressources vari\u00e9es et personnalis\u00e9es, rendant les cours plus ludiques et interactifs.<\/p>\n\n<h3 class=\"wp-block-heading\">La formation des enseignants \u00e0 de nouvelles m\u00e9thodes<\/h3>\n\n<p>Un projet aussi ambitieux n\u00e9cessite \u00e9galement des enseignants bien form\u00e9s. Ainsi, des formations sp\u00e9cifiques sur les nouvelles p\u00e9dagogies et l&rsquo;utilisation des technologies seront mises en place. Cela garantira que la qualit\u00e9 de l&rsquo;enseignement soit toujours au rendez-vous, tout en encourageant le <strong>dynamisme<\/strong> au sein de l&rsquo;\u00e9quipe \u00e9ducative.<\/p>\n\n<figure class=\"wp-block-table\"><table>\n<thead>\n<tr>\n<th>Type de formation<\/th>\n<th>Objectifs<\/th>\n<th>Impact attendu<\/th>\n<\/tr>\n<\/thead>\n<tbody>\n<tr>\n<td>Technologie \u00e9ducative<\/td>\n<td>Ma\u00eetriser les outils num\u00e9riques<\/td>\n<td>Am\u00e9liorer l&rsquo;engagement des \u00e9l\u00e8ves<\/td>\n<\/tr>\n<tr>\n<td>P\u00e9dagogies actives<\/td>\n<td>Favoriser l&rsquo;autonomie des \u00e9l\u00e8ves<\/td>\n<td>D\u00e9velopper des comp\u00e9tences critiques<\/td>\n<\/tr>\n<tr>\n<td>\u00c9ducation inclusive<\/td>\n<td>Accompagner tous les \u00e9l\u00e8ves<\/td>\n<td>Promouvoir l&rsquo;estime de soi et la r\u00e9ussite<\/td>\n<\/tr>\n<\/tbody>\n<\/table><\/figure>\n\n<h2 class=\"wp-block-heading\">FAQ<\/h2>\n\n<ul class=\"wp-block-list\"><li><strong>Quel est l&rsquo;objectif principal de la nouvelle \u00e9cole \u00e0 Montagaut le Blanc ?<\/strong> <br> L\u2019objectif est de dynamiser l&rsquo;\u00e9ducation et d&rsquo;offrir un cadre d&rsquo;apprentissage inclusif et innovant pour tous les \u00e9l\u00e8ves.<\/li><li><strong>Comment la communaut\u00e9 peut-elle s&rsquo;impliquer ?<\/strong> <br> Les parents et les r\u00e9sidents locaux pourront participer \u00e0 des comit\u00e9s et des projets scolaires, renfor\u00e7ant ainsi les liens entre l&rsquo;\u00e9cole et la communaut\u00e9.<\/li><li><strong>Quels types de ressources technologiques seront utilis\u00e9es ?<\/strong> <br> L&rsquo;\u00e9cole sera \u00e9quip\u00e9e de tablettes, de tableaux interactifs, et d&rsquo;applications \u00e9ducatives pour enrichir les cours.<\/li><li><strong>Comment les enseignants seront-ils form\u00e9s ?<\/strong> <br> Ils b\u00e9n\u00e9ficieront de formations continues sur les nouvelles p\u00e9dagogies et l&rsquo;utilisation des outils num\u00e9riques.<\/li><li><strong>Quel est l&rsquo;impact attendu de cette nouvelle initiative ?<\/strong> <br> Un am\u00e9lioration significative de la qualit\u00e9 de l&rsquo;\u00e9ducation, de l&rsquo;engagement des \u00e9l\u00e8ves, ainsi que le d\u00e9veloppement de comp\u00e9tences essentielles pour leur avenir.<\/li><\/ul>\n\n","protected":false},"excerpt":{"rendered":"<p>En 2025, l&rsquo;enseignement dans les petites communaut\u00e9s prend un nouveau tournant avec l&rsquo;annonce de la construction d&rsquo;une nouvelle \u00e9cole \u00e0 Montagaut le Blanc. Ce projet ambitieux vise \u00e0 dynamiser l&rsquo;\u00e9ducation locale et \u00e0 r\u00e9pondre aux d\u00e9fis modernes de l&rsquo;apprentissage. Con\u00e7u pour favoriser l&rsquo;innovation p\u00e9dagogique et l&rsquo;\u00e9galit\u00e9 des chances, l&rsquo;\u00e9tablissement se promet de devenir un lieu &#8230; <a title=\"Montagaut le Blanc : une nouvelle \u00e9cole pour dynamiser l&rsquo;\u00e9ducation\" class=\"read-more\" href=\"https:\/\/www.apres-lecole.fr\/Blog\/montagaut-blanc-ecole-education\/\" aria-label=\"En savoir plus sur Montagaut le Blanc : une nouvelle \u00e9cole pour dynamiser l&rsquo;\u00e9ducation\">Lire plus<\/a><\/p>\n","protected":false},"author":9,"featured_media":2081,"comment_status":"open","ping_status":"open","sticky":false,"template":"","format":"standard","meta":{"footnotes":""},"categories":[342],"tags":[1193,410,412,1192,1179],"class_list":["post-2082","post","type-post","status-publish","format-standard","has-post-thumbnail","hentry","category-actualites","tag-dynamiser-leducation","tag-ecole","tag-education","tag-montagaut-le-blanc","tag-nouvelle-ecole"],"yoast_head":"<!-- This site is optimized with the Yoast SEO plugin v27.5 - https:\/\/yoast.com\/product\/yoast-seo-wordpress\/ -->\n<title>Montagaut le Blanc : une \u00e9cole innovante pour booster l&#039;\u00e9ducation<\/title>\n<meta name=\"description\" content=\"D\u00e9couvrez comment Montagaut le Blanc ouvre une nouvelle \u00e9cole innovante pour dynamiser l&#039;\u00e9ducation et offrir un cadre d&#039;apprentissage moderne.\" \/>\n<meta name=\"robots\" content=\"index, follow, max-snippet:-1, max-image-preview:large, max-video-preview:-1\" \/>\n<link rel=\"canonical\" href=\"https:\/\/www.apres-lecole.fr\/Blog\/montagaut-blanc-ecole-education\/\" \/>\n<meta property=\"og:locale\" content=\"fr_FR\" \/>\n<meta property=\"og:type\" content=\"article\" \/>\n<meta property=\"og:title\" content=\"Montagaut le Blanc : une \u00e9cole innovante pour booster l&#039;\u00e9ducation\" \/>\n<meta property=\"og:description\" content=\"D\u00e9couvrez comment Montagaut le Blanc ouvre une nouvelle \u00e9cole innovante pour dynamiser l&#039;\u00e9ducation et offrir un cadre d&#039;apprentissage moderne.\" \/>\n<meta property=\"og:url\" content=\"https:\/\/www.apres-lecole.fr\/Blog\/montagaut-blanc-ecole-education\/\" \/>\n<meta property=\"article:published_time\" content=\"2025-07-11T07:09:47+00:00\" \/>\n<meta property=\"og:image\" content=\"https:\/\/www.apres-lecole.fr\/Blog\/wp-content\/uploads\/2025\/07\/Montagaut-le-Blanc-une-nouvelle-ecole-pour-dynamiser-leducation.jpg\" \/>\n\t<meta property=\"og:image:width\" content=\"1344\" \/>\n\t<meta property=\"og:image:height\" content=\"768\" \/>\n\t<meta property=\"og:image:type\" content=\"image\/jpeg\" \/>\n<meta name=\"author\" content=\"Eva Martin\" \/>\n<meta name=\"twitter:card\" content=\"summary_large_image\" \/>\n<meta name=\"twitter:creator\" content=\"@Evaapresecole\" \/>\n<meta name=\"twitter:label1\" content=\"\u00c9crit par\" \/>\n\t<meta name=\"twitter:data1\" content=\"Eva Martin\" \/>\n\t<meta name=\"twitter:label2\" content=\"Dur\u00e9e de lecture estim\u00e9e\" \/>\n\t<meta name=\"twitter:data2\" content=\"7 minutes\" \/>\n<script type=\"application\/ld+json\" class=\"yoast-schema-graph\">{\"@context\":\"https:\\\/\\\/schema.org\",\"@graph\":[{\"@type\":\"Article\",\"@id\":\"https:\\\/\\\/www.apres-lecole.fr\\\/Blog\\\/montagaut-blanc-ecole-education\\\/#article\",\"isPartOf\":{\"@id\":\"https:\\\/\\\/www.apres-lecole.fr\\\/Blog\\\/montagaut-blanc-ecole-education\\\/\"},\"author\":{\"name\":\"Eva Martin\",\"@id\":\"https:\\\/\\\/www.apres-lecole.fr\\\/Blog\\\/#\\\/schema\\\/person\\\/aeb50cd4b51fc69da155804bb5bb9fc4\"},\"headline\":\"Montagaut le Blanc : une nouvelle \u00e9cole pour dynamiser l&rsquo;\u00e9ducation\",\"datePublished\":\"2025-07-11T07:09:47+00:00\",\"mainEntityOfPage\":{\"@id\":\"https:\\\/\\\/www.apres-lecole.fr\\\/Blog\\\/montagaut-blanc-ecole-education\\\/\"},\"wordCount\":1372,\"commentCount\":0,\"image\":{\"@id\":\"https:\\\/\\\/www.apres-lecole.fr\\\/Blog\\\/montagaut-blanc-ecole-education\\\/#primaryimage\"},\"thumbnailUrl\":\"https:\\\/\\\/www.apres-lecole.fr\\\/Blog\\\/wp-content\\\/uploads\\\/2025\\\/07\\\/Montagaut-le-Blanc-une-nouvelle-ecole-pour-dynamiser-leducation.jpg\",\"keywords\":[\"dynamiser l'\u00e9ducation\",\"\u00e9cole\",\"\u00e9ducation\",\"montagaut le blanc\",\"nouvelle \u00e9cole\"],\"articleSection\":[\"Actualit\u00e9s\"],\"inLanguage\":\"fr-FR\",\"potentialAction\":[{\"@type\":\"CommentAction\",\"name\":\"Comment\",\"target\":[\"https:\\\/\\\/www.apres-lecole.fr\\\/Blog\\\/montagaut-blanc-ecole-education\\\/#respond\"]}]},{\"@type\":\"WebPage\",\"@id\":\"https:\\\/\\\/www.apres-lecole.fr\\\/Blog\\\/montagaut-blanc-ecole-education\\\/\",\"url\":\"https:\\\/\\\/www.apres-lecole.fr\\\/Blog\\\/montagaut-blanc-ecole-education\\\/\",\"name\":\"Montagaut le Blanc : une \u00e9cole innovante pour booster l'\u00e9ducation\",\"isPartOf\":{\"@id\":\"https:\\\/\\\/www.apres-lecole.fr\\\/Blog\\\/#website\"},\"primaryImageOfPage\":{\"@id\":\"https:\\\/\\\/www.apres-lecole.fr\\\/Blog\\\/montagaut-blanc-ecole-education\\\/#primaryimage\"},\"image\":{\"@id\":\"https:\\\/\\\/www.apres-lecole.fr\\\/Blog\\\/montagaut-blanc-ecole-education\\\/#primaryimage\"},\"thumbnailUrl\":\"https:\\\/\\\/www.apres-lecole.fr\\\/Blog\\\/wp-content\\\/uploads\\\/2025\\\/07\\\/Montagaut-le-Blanc-une-nouvelle-ecole-pour-dynamiser-leducation.jpg\",\"datePublished\":\"2025-07-11T07:09:47+00:00\",\"author\":{\"@id\":\"https:\\\/\\\/www.apres-lecole.fr\\\/Blog\\\/#\\\/schema\\\/person\\\/aeb50cd4b51fc69da155804bb5bb9fc4\"},\"description\":\"D\u00e9couvrez comment Montagaut le Blanc ouvre une nouvelle \u00e9cole innovante pour dynamiser l'\u00e9ducation et offrir un cadre d'apprentissage moderne.\",\"breadcrumb\":{\"@id\":\"https:\\\/\\\/www.apres-lecole.fr\\\/Blog\\\/montagaut-blanc-ecole-education\\\/#breadcrumb\"},\"inLanguage\":\"fr-FR\",\"potentialAction\":[{\"@type\":\"ReadAction\",\"target\":[\"https:\\\/\\\/www.apres-lecole.fr\\\/Blog\\\/montagaut-blanc-ecole-education\\\/\"]}]},{\"@type\":\"ImageObject\",\"inLanguage\":\"fr-FR\",\"@id\":\"https:\\\/\\\/www.apres-lecole.fr\\\/Blog\\\/montagaut-blanc-ecole-education\\\/#primaryimage\",\"url\":\"https:\\\/\\\/www.apres-lecole.fr\\\/Blog\\\/wp-content\\\/uploads\\\/2025\\\/07\\\/Montagaut-le-Blanc-une-nouvelle-ecole-pour-dynamiser-leducation.jpg\",\"contentUrl\":\"https:\\\/\\\/www.apres-lecole.fr\\\/Blog\\\/wp-content\\\/uploads\\\/2025\\\/07\\\/Montagaut-le-Blanc-une-nouvelle-ecole-pour-dynamiser-leducation.jpg\",\"width\":1344,\"height\":768,\"caption\":\"d\u00e9couvrez montagaut le blanc, une \u00e9cole innovante qui r\u00e9volutionne l'\u00e9ducation en offrant des m\u00e9thodes d'apprentissage modernes et stimulantes. rejoignez-nous pour p\u00e9renniser l'avenir de nos enfants et dynamiser leur savoir-faire.\"},{\"@type\":\"BreadcrumbList\",\"@id\":\"https:\\\/\\\/www.apres-lecole.fr\\\/Blog\\\/montagaut-blanc-ecole-education\\\/#breadcrumb\",\"itemListElement\":[{\"@type\":\"ListItem\",\"position\":1,\"name\":\"Home\",\"item\":\"https:\\\/\\\/www.apres-lecole.fr\\\/Blog\\\/\"},{\"@type\":\"ListItem\",\"position\":2,\"name\":\"Montagaut le Blanc : une nouvelle \u00e9cole pour dynamiser l&rsquo;\u00e9ducation\"}]},{\"@type\":\"WebSite\",\"@id\":\"https:\\\/\\\/www.apres-lecole.fr\\\/Blog\\\/#website\",\"url\":\"https:\\\/\\\/www.apres-lecole.fr\\\/Blog\\\/\",\"name\":\"\",\"description\":\"M\u00e9dia g\u00e9n\u00e9raliste\",\"potentialAction\":[{\"@type\":\"SearchAction\",\"target\":{\"@type\":\"EntryPoint\",\"urlTemplate\":\"https:\\\/\\\/www.apres-lecole.fr\\\/Blog\\\/?s={search_term_string}\"},\"query-input\":{\"@type\":\"PropertyValueSpecification\",\"valueRequired\":true,\"valueName\":\"search_term_string\"}}],\"inLanguage\":\"fr-FR\"},{\"@type\":\"Person\",\"@id\":\"https:\\\/\\\/www.apres-lecole.fr\\\/Blog\\\/#\\\/schema\\\/person\\\/aeb50cd4b51fc69da155804bb5bb9fc4\",\"name\":\"Eva Martin\",\"image\":{\"@type\":\"ImageObject\",\"inLanguage\":\"fr-FR\",\"@id\":\"https:\\\/\\\/secure.gravatar.com\\\/avatar\\\/55c53222558b27a72015a64073a80edce4abd33369394b9bf2c5cd6c19d12682?s=96&d=mm&r=g\",\"url\":\"https:\\\/\\\/secure.gravatar.com\\\/avatar\\\/55c53222558b27a72015a64073a80edce4abd33369394b9bf2c5cd6c19d12682?s=96&d=mm&r=g\",\"contentUrl\":\"https:\\\/\\\/secure.gravatar.com\\\/avatar\\\/55c53222558b27a72015a64073a80edce4abd33369394b9bf2c5cd6c19d12682?s=96&d=mm&r=g\",\"caption\":\"Eva Martin\"},\"description\":\"Je parle de business et d'entrepreneuriat avec des conseils clairs, concrets et actionnables pour r\u00e9ussir\",\"sameAs\":[\"https:\\\/\\\/x.com\\\/Evaapresecole\"],\"url\":\"https:\\\/\\\/www.apres-lecole.fr\\\/Blog\\\/author\\\/evamartin\\\/\"}]}<\/script>\n<!-- \/ Yoast SEO plugin. -->","yoast_head_json":{"title":"Montagaut le Blanc : une \u00e9cole innovante pour booster l'\u00e9ducation","description":"D\u00e9couvrez comment Montagaut le Blanc ouvre une nouvelle \u00e9cole innovante pour dynamiser l'\u00e9ducation et offrir un cadre d'apprentissage moderne.","robots":{"index":"index","follow":"follow","max-snippet":"max-snippet:-1","max-image-preview":"max-image-preview:large","max-video-preview":"max-video-preview:-1"},"canonical":"https:\/\/www.apres-lecole.fr\/Blog\/montagaut-blanc-ecole-education\/","og_locale":"fr_FR","og_type":"article","og_title":"Montagaut le Blanc : une \u00e9cole innovante pour booster l'\u00e9ducation","og_description":"D\u00e9couvrez comment Montagaut le Blanc ouvre une nouvelle \u00e9cole innovante pour dynamiser l'\u00e9ducation et offrir un cadre d'apprentissage moderne.","og_url":"https:\/\/www.apres-lecole.fr\/Blog\/montagaut-blanc-ecole-education\/","article_published_time":"2025-07-11T07:09:47+00:00","og_image":[{"width":1344,"height":768,"url":"https:\/\/www.apres-lecole.fr\/Blog\/wp-content\/uploads\/2025\/07\/Montagaut-le-Blanc-une-nouvelle-ecole-pour-dynamiser-leducation.jpg","type":"image\/jpeg"}],"author":"Eva Martin","twitter_card":"summary_large_image","twitter_creator":"@Evaapresecole","twitter_misc":{"\u00c9crit par":"Eva Martin","Dur\u00e9e de lecture estim\u00e9e":"7 minutes"},"schema":{"@context":"https:\/\/schema.org","@graph":[{"@type":"Article","@id":"https:\/\/www.apres-lecole.fr\/Blog\/montagaut-blanc-ecole-education\/#article","isPartOf":{"@id":"https:\/\/www.apres-lecole.fr\/Blog\/montagaut-blanc-ecole-education\/"},"author":{"name":"Eva Martin","@id":"https:\/\/www.apres-lecole.fr\/Blog\/#\/schema\/person\/aeb50cd4b51fc69da155804bb5bb9fc4"},"headline":"Montagaut le Blanc : une nouvelle \u00e9cole pour dynamiser l&rsquo;\u00e9ducation","datePublished":"2025-07-11T07:09:47+00:00","mainEntityOfPage":{"@id":"https:\/\/www.apres-lecole.fr\/Blog\/montagaut-blanc-ecole-education\/"},"wordCount":1372,"commentCount":0,"image":{"@id":"https:\/\/www.apres-lecole.fr\/Blog\/montagaut-blanc-ecole-education\/#primaryimage"},"thumbnailUrl":"https:\/\/www.apres-lecole.fr\/Blog\/wp-content\/uploads\/2025\/07\/Montagaut-le-Blanc-une-nouvelle-ecole-pour-dynamiser-leducation.jpg","keywords":["dynamiser l'\u00e9ducation","\u00e9cole","\u00e9ducation","montagaut le blanc","nouvelle \u00e9cole"],"articleSection":["Actualit\u00e9s"],"inLanguage":"fr-FR","potentialAction":[{"@type":"CommentAction","name":"Comment","target":["https:\/\/www.apres-lecole.fr\/Blog\/montagaut-blanc-ecole-education\/#respond"]}]},{"@type":"WebPage","@id":"https:\/\/www.apres-lecole.fr\/Blog\/montagaut-blanc-ecole-education\/","url":"https:\/\/www.apres-lecole.fr\/Blog\/montagaut-blanc-ecole-education\/","name":"Montagaut le Blanc : une \u00e9cole innovante pour booster l'\u00e9ducation","isPartOf":{"@id":"https:\/\/www.apres-lecole.fr\/Blog\/#website"},"primaryImageOfPage":{"@id":"https:\/\/www.apres-lecole.fr\/Blog\/montagaut-blanc-ecole-education\/#primaryimage"},"image":{"@id":"https:\/\/www.apres-lecole.fr\/Blog\/montagaut-blanc-ecole-education\/#primaryimage"},"thumbnailUrl":"https:\/\/www.apres-lecole.fr\/Blog\/wp-content\/uploads\/2025\/07\/Montagaut-le-Blanc-une-nouvelle-ecole-pour-dynamiser-leducation.jpg","datePublished":"2025-07-11T07:09:47+00:00","author":{"@id":"https:\/\/www.apres-lecole.fr\/Blog\/#\/schema\/person\/aeb50cd4b51fc69da155804bb5bb9fc4"},"description":"D\u00e9couvrez comment Montagaut le Blanc ouvre une nouvelle \u00e9cole innovante pour dynamiser l'\u00e9ducation et offrir un cadre d'apprentissage moderne.","breadcrumb":{"@id":"https:\/\/www.apres-lecole.fr\/Blog\/montagaut-blanc-ecole-education\/#breadcrumb"},"inLanguage":"fr-FR","potentialAction":[{"@type":"ReadAction","target":["https:\/\/www.apres-lecole.fr\/Blog\/montagaut-blanc-ecole-education\/"]}]},{"@type":"ImageObject","inLanguage":"fr-FR","@id":"https:\/\/www.apres-lecole.fr\/Blog\/montagaut-blanc-ecole-education\/#primaryimage","url":"https:\/\/www.apres-lecole.fr\/Blog\/wp-content\/uploads\/2025\/07\/Montagaut-le-Blanc-une-nouvelle-ecole-pour-dynamiser-leducation.jpg","contentUrl":"https:\/\/www.apres-lecole.fr\/Blog\/wp-content\/uploads\/2025\/07\/Montagaut-le-Blanc-une-nouvelle-ecole-pour-dynamiser-leducation.jpg","width":1344,"height":768,"caption":"d\u00e9couvrez montagaut le blanc, une \u00e9cole innovante qui r\u00e9volutionne l'\u00e9ducation en offrant des m\u00e9thodes d'apprentissage modernes et stimulantes. rejoignez-nous pour p\u00e9renniser l'avenir de nos enfants et dynamiser leur savoir-faire."},{"@type":"BreadcrumbList","@id":"https:\/\/www.apres-lecole.fr\/Blog\/montagaut-blanc-ecole-education\/#breadcrumb","itemListElement":[{"@type":"ListItem","position":1,"name":"Home","item":"https:\/\/www.apres-lecole.fr\/Blog\/"},{"@type":"ListItem","position":2,"name":"Montagaut le Blanc : une nouvelle \u00e9cole pour dynamiser l&rsquo;\u00e9ducation"}]},{"@type":"WebSite","@id":"https:\/\/www.apres-lecole.fr\/Blog\/#website","url":"https:\/\/www.apres-lecole.fr\/Blog\/","name":"","description":"M\u00e9dia g\u00e9n\u00e9raliste","potentialAction":[{"@type":"SearchAction","target":{"@type":"EntryPoint","urlTemplate":"https:\/\/www.apres-lecole.fr\/Blog\/?s={search_term_string}"},"query-input":{"@type":"PropertyValueSpecification","valueRequired":true,"valueName":"search_term_string"}}],"inLanguage":"fr-FR"},{"@type":"Person","@id":"https:\/\/www.apres-lecole.fr\/Blog\/#\/schema\/person\/aeb50cd4b51fc69da155804bb5bb9fc4","name":"Eva Martin","image":{"@type":"ImageObject","inLanguage":"fr-FR","@id":"https:\/\/secure.gravatar.com\/avatar\/55c53222558b27a72015a64073a80edce4abd33369394b9bf2c5cd6c19d12682?s=96&d=mm&r=g","url":"https:\/\/secure.gravatar.com\/avatar\/55c53222558b27a72015a64073a80edce4abd33369394b9bf2c5cd6c19d12682?s=96&d=mm&r=g","contentUrl":"https:\/\/secure.gravatar.com\/avatar\/55c53222558b27a72015a64073a80edce4abd33369394b9bf2c5cd6c19d12682?s=96&d=mm&r=g","caption":"Eva Martin"},"description":"Je parle de business et d'entrepreneuriat avec des conseils clairs, concrets et actionnables pour r\u00e9ussir","sameAs":["https:\/\/x.com\/Evaapresecole"],"url":"https:\/\/www.apres-lecole.fr\/Blog\/author\/evamartin\/"}]}},"views":8,"_links":{"self":[{"href":"https:\/\/www.apres-lecole.fr\/Blog\/wp-json\/wp\/v2\/posts\/2082","targetHints":{"allow":["GET"]}}],"collection":[{"href":"https:\/\/www.apres-lecole.fr\/Blog\/wp-json\/wp\/v2\/posts"}],"about":[{"href":"https:\/\/www.apres-lecole.fr\/Blog\/wp-json\/wp\/v2\/types\/post"}],"author":[{"embeddable":true,"href":"https:\/\/www.apres-lecole.fr\/Blog\/wp-json\/wp\/v2\/users\/9"}],"replies":[{"embeddable":true,"href":"https:\/\/www.apres-lecole.fr\/Blog\/wp-json\/wp\/v2\/comments?post=2082"}],"version-history":[{"count":0,"href":"https:\/\/www.apres-lecole.fr\/Blog\/wp-json\/wp\/v2\/posts\/2082\/revisions"}],"wp:featuredmedia":[{"embeddable":true,"href":"https:\/\/www.apres-lecole.fr\/Blog\/wp-json\/wp\/v2\/media\/2081"}],"wp:attachment":[{"href":"https:\/\/www.apres-lecole.fr\/Blog\/wp-json\/wp\/v2\/media?parent=2082"}],"wp:term":[{"taxonomy":"category","embeddable":true,"href":"https:\/\/www.apres-lecole.fr\/Blog\/wp-json\/wp\/v2\/categories?post=2082"},{"taxonomy":"post_tag","embeddable":true,"href":"https:\/\/www.apres-lecole.fr\/Blog\/wp-json\/wp\/v2\/tags?post=2082"}],"curies":[{"name":"wp","href":"https:\/\/api.w.org\/{rel}","templated":true}]}}