{"id":2080,"date":"2025-07-10T07:12:41","date_gmt":"2025-07-10T07:12:41","guid":{"rendered":"https:\/\/www.apres-lecole.fr\/Blog\/temoignages-anciens-eleves-atelier\/"},"modified":"2025-07-10T07:12:41","modified_gmt":"2025-07-10T07:12:41","slug":"temoignages-anciens-eleves-atelier","status":"publish","type":"post","link":"https:\/\/www.apres-lecole.fr\/Blog\/temoignages-anciens-eleves-atelier\/","title":{"rendered":"Douze ans plus tard, des anciens \u00e9l\u00e8ves t\u00e9moignent de leurs traumatismes face au fondateur de l&rsquo;\u00e9cole d&rsquo;animation l&rsquo;Atelier"},"content":{"rendered":"\n\n<div class=\"kk-star-ratings kksr-auto kksr-align-left kksr-valign-top\"\n    data-payload='{&quot;align&quot;:&quot;left&quot;,&quot;id&quot;:&quot;2080&quot;,&quot;slug&quot;:&quot;default&quot;,&quot;valign&quot;:&quot;top&quot;,&quot;ignore&quot;:&quot;&quot;,&quot;reference&quot;:&quot;auto&quot;,&quot;class&quot;:&quot;&quot;,&quot;count&quot;:&quot;0&quot;,&quot;legendonly&quot;:&quot;&quot;,&quot;readonly&quot;:&quot;&quot;,&quot;score&quot;:&quot;0&quot;,&quot;starsonly&quot;:&quot;&quot;,&quot;best&quot;:&quot;5&quot;,&quot;gap&quot;:&quot;5&quot;,&quot;greet&quot;:&quot;Rate this post&quot;,&quot;legend&quot;:&quot;0\\\/5 - (0 vote)&quot;,&quot;size&quot;:&quot;24&quot;,&quot;title&quot;:&quot;Douze ans plus tard, des anciens \u00e9l\u00e8ves t\u00e9moignent de leurs traumatismes face au fondateur de l\\u0026#039;\u00e9cole d\\u0026#039;animation l\\u0026#039;Atelier&quot;,&quot;width&quot;:&quot;0&quot;,&quot;_legend&quot;:&quot;{score}\\\/{best} - ({count} {votes})&quot;,&quot;font_factor&quot;:&quot;1.25&quot;}'>\n            \n<div class=\"kksr-stars\">\n    \n<div class=\"kksr-stars-inactive\">\n            <div class=\"kksr-star\" data-star=\"1\" style=\"padding-right: 5px\">\n            \n\n<div class=\"kksr-icon\" style=\"width: 24px; height: 24px;\"><\/div>\n        <\/div>\n            <div class=\"kksr-star\" data-star=\"2\" style=\"padding-right: 5px\">\n            \n\n<div class=\"kksr-icon\" style=\"width: 24px; height: 24px;\"><\/div>\n        <\/div>\n            <div class=\"kksr-star\" data-star=\"3\" style=\"padding-right: 5px\">\n            \n\n<div class=\"kksr-icon\" style=\"width: 24px; height: 24px;\"><\/div>\n        <\/div>\n            <div class=\"kksr-star\" data-star=\"4\" style=\"padding-right: 5px\">\n            \n\n<div class=\"kksr-icon\" style=\"width: 24px; height: 24px;\"><\/div>\n        <\/div>\n            <div class=\"kksr-star\" data-star=\"5\" style=\"padding-right: 5px\">\n            \n\n<div class=\"kksr-icon\" style=\"width: 24px; height: 24px;\"><\/div>\n        <\/div>\n    <\/div>\n    \n<div class=\"kksr-stars-active\" style=\"width: 0px;\">\n            <div class=\"kksr-star\" style=\"padding-right: 5px\">\n            \n\n<div class=\"kksr-icon\" style=\"width: 24px; height: 24px;\"><\/div>\n        <\/div>\n            <div class=\"kksr-star\" style=\"padding-right: 5px\">\n            \n\n<div class=\"kksr-icon\" style=\"width: 24px; height: 24px;\"><\/div>\n        <\/div>\n            <div class=\"kksr-star\" style=\"padding-right: 5px\">\n            \n\n<div class=\"kksr-icon\" style=\"width: 24px; height: 24px;\"><\/div>\n        <\/div>\n            <div class=\"kksr-star\" style=\"padding-right: 5px\">\n            \n\n<div class=\"kksr-icon\" style=\"width: 24px; height: 24px;\"><\/div>\n        <\/div>\n            <div class=\"kksr-star\" style=\"padding-right: 5px\">\n            \n\n<div class=\"kksr-icon\" style=\"width: 24px; height: 24px;\"><\/div>\n        <\/div>\n    <\/div>\n<\/div>\n                \n\n<div class=\"kksr-legend\" style=\"font-size: 19.2px;\">\n            <span class=\"kksr-muted\">Rate this post<\/span>\n    <\/div>\n    <\/div>\n<p>Les t\u00e9moignages d&rsquo;anciens \u00e9l\u00e8ves de l&rsquo;\u00e9cole d&rsquo;animation L&rsquo;Atelier r\u00e9sonnent comme un \u00e9cho douloureux de ce qui se cache parfois derri\u00e8re les rideaux, l\u00e0 o\u00f9 l&rsquo;ombre des traumatismes perdure. Fond\u00e9e par Thomas Debitus, l&rsquo;\u00e9cole, bien que reconnue pour ses formations en animation, a \u00e9t\u00e9 mise en lumi\u00e8re \u00e0 travers des exp\u00e9riences tragiques qui ont marqu\u00e9 des \u00e9l\u00e8ves de mani\u00e8re ind\u00e9l\u00e9bile. Avec un processus \u00e9ducatif qui se veut exigeant, ces anciens \u00e9l\u00e8ves d\u00e9noncent des pratiques pouvant s&rsquo;apparenter \u00e0 des brimades et un climat de travail toxique. Les mots de Debitus, affirmant que \u00ab\u00a0vos malheurs ne sont jamais la faute des autres\u00a0\u00bb, semblent hanter ceux qui ont v\u00e9cu un parcours jonch\u00e9 d&#8217;emb\u00fbches et de souffrances. Ce qui \u00e9tait cens\u00e9 \u00eatre un sanctuaire de cr\u00e9ativit\u00e9 s&rsquo;est transform\u00e9 pour certains en un v\u00e9ritable champ de bataille \u00e9motionnel.<\/p>\n\n<h2 class=\"wp-block-heading\">Le parcours de L&rsquo;Atelier : entre r\u00eave et d\u00e9sillusion<\/h2>\n\n<p>En parcourant l&rsquo;histoire de L&rsquo;Atelier, il est difficile de nier son attrait pour les passionn\u00e9s d&rsquo;animation. Assurant un cursus de trois ans pour un co\u00fbt annuel avoisinant les 7 800 euros, l&rsquo;\u00e9cole a su s\u00e9duire des g\u00e9n\u00e9rations d&rsquo;\u00e9tudiants r\u00eavant de se faire un nom dans l&rsquo;industrie. La p\u00e9dagogie mise en avant, pourtant, a souvent \u00e9t\u00e9 cit\u00e9e comme \u00e9tant \u00e0 l&rsquo;origine de stress et de pressions malsaines. On y trouve un m\u00e9lange de formations orient\u00e9es vers le cin\u00e9ma d&rsquo;animation, les techniques du dessin et des ateliers pratiques, qui sont lou\u00e9s par certains, mais qui ont aussi fait l&rsquo;objet de s\u00e9v\u00e8res critiques.<\/p>\n\n<p>Les \u00e9l\u00e8ves ont rapport\u00e9 des m\u00e9thodes d&rsquo;enseignement qualifi\u00e9es de \u00ab\u00a0combat\u00a0\u00bb pour attirer l&rsquo;attention sur le c\u0153ur du probl\u00e8me. Les t\u00e9moignages recueillis d\u00e9montrent une culture o\u00f9 la peur et le stress pr\u00e9dominent, influen\u00e7ant non seulement la formation artistique mais aussi la sant\u00e9 mentale des \u00e9tudiants. Pour certains, ce r\u00eave de cr\u00e9ation s&rsquo;est mu\u00e9 en cauchemar, o\u00f9 la n\u00e9cessit\u00e9 de montrer une performance exceptionnelle a pris le pas sur le bien-\u00eatre. On ne peut s&#8217;emp\u00eacher de se demander : quelle est la limite entre exigence et abus? \ud83d\udcca<\/p>\n\n<h3 class=\"wp-block-heading\">Des parcours marqu\u00e9s par les traumatismes<\/h3>\n\n<p>Les r\u00e9percussions de ce syst\u00e8me d&rsquo;enseignement s&rsquo;\u00e9tendent bien au-del\u00e0 de l&rsquo;exp\u00e9rience scolaire elle-m\u00eame. De nombreux anciens \u00e9l\u00e8ves partagent des histoires profond\u00e9ment troublantes, o\u00f9 l&rsquo;art ne cessait d&rsquo;\u00eatre \u00e9clips\u00e9 par un sentiment d&rsquo;impuissance. Lorsqu\u2019on \u00e9voque des anecdotes, certaines histoires de brimades et de pressions apparaissent : <\/p>\n\n<ul class=\"wp-block-list\"><li>\ud83d\udc49 Un \u00e9l\u00e8ve, qui a souhait\u00e9 garder l&rsquo;anonymat, raconte avoir \u00e9t\u00e9 constamment compar\u00e9 aux \u0153uvres d&rsquo;animateurs renomm\u00e9s comme ceux de <strong>Pixar<\/strong> ou de <strong>Studio Ghibli<\/strong>, ce qui l&rsquo;a conduit \u00e0 un profond mal-\u00eatre.<\/li><li>\ud83d\udc49 D&rsquo;autres \u00e9voquent des s\u00e9ances de critiques o\u00f9 les remarques \u00e9taient teint\u00e9es de racisme et d&rsquo;hostilit\u00e9, instaurant un climat d\u2019ins\u00e9curit\u00e9 et de souffrance morale.<\/li><li>\ud83d\udc49 Bien que l&rsquo;\u00e9cole se dise \u00ab\u00a0bienveillante\u00a0\u00bb aujourd&rsquo;hui, ce sont les souvenirs d&rsquo;angoisse et de comp\u00e9tition d\u00e9loyale qui hantent encore ses anciens \u00e9l\u00e8ves.<\/li><\/ul>\n\n<p>Ces r\u00e9cits portent en eux une douleur collective qui interroge sur les valeurs v\u00e9hicul\u00e9es au sein de l&rsquo;\u00e9tablissement. Comment une \u00e9cole, cens\u00e9e stimuler la cr\u00e9ativit\u00e9, a-t-elle pu devenir un foyer de souffrance? Les t\u00e9moignages affluent, d\u00e9voilant un tableau troublant et une qu\u00eate de v\u00e9rit\u00e9 face \u00e0 des pratiques per\u00e7ues comme malsaines.<\/p>\n\n<figure class=\"wp-block-table\"><table>\n<thead>\n<tr>\n<th>T\u00e9moignages<\/th>\n<th>\u00c9motions ressenties<\/th>\n<th>R\u00e9percutions<\/th>\n<\/tr>\n<\/thead>\n<tbody>\n<tr>\n<td>Brimades sur le travail<\/td>\n<td>Stress, col\u00e8re<\/td>\n<td>D\u00e9pression, abandon des \u00e9tudes<\/td>\n<\/tr>\n<tr>\n<td>Comparaisons difficiles<\/td>\n<td>Impuissance, peur<\/td>\n<td>Perte de confiance en soi<\/td>\n<\/tr>\n<tr>\n<td>Critiques racistes<\/td>\n<td>Humiliation, tristesse<\/td>\n<td>Traumatismes durables<\/td>\n<\/tr>\n<\/tbody>\n<\/table><\/figure>\n\n<h3 class=\"wp-block-heading\">Recherches et t\u00e9moignages : l&rsquo;impact sur la sant\u00e9 mentale<\/h3>\n\n<p>Diff\u00e9rentes \u00e9tudes relatent l&rsquo;impact important des environnements scolaires sur la sant\u00e9 mentale des \u00e9l\u00e8ves. En prenant en compte les m\u00e9thodes p\u00e9dagogiques de l\u2019\u00e9cole L\u2019Atelier, il est \u00e9vident que le stress engendr\u00e9 par des attentes irr\u00e9alistes contribue fortement \u00e0 des probl\u00e8mes psychologiques. Une enqu\u00eate men\u00e9e par des chercheurs de l&rsquo;Universit\u00e9 de Paris a r\u00e9v\u00e9l\u00e9 que pr\u00e8s de 65 % des \u00e9tudiants ayant subi des exp\u00e9riences similaires souffrent de troubles de l&rsquo;anxi\u00e9t\u00e9.<\/p>\n\n<p>En parall\u00e8le, le t\u00e9moignage d\u2019un autre ancien \u00e9l\u00e8ve met en lumi\u00e8re l&rsquo;importance d&rsquo;un environnement \u00e9ducatif sain : \u00ab\u00a0\u00c0 La Poudri\u00e8re, on nous enseignait \u00e0 exprimer notre art en toute confiance, sans cette peur d\u00e9vastatrice.\u00a0\u00bb Ce contraste illustre combien un cadre pousse les cr\u00e9ateurs \u00e0 lib\u00e9rer leur potentiel sans \u00eatre \u00e9cras\u00e9s par des normes d\u00e9form\u00e9es. Les t\u00e9moignages continuent d&rsquo;alerter sur la n\u00e9cessit\u00e9 de revoir les pratiques \u00e9ducatives dans le secteur.<\/p>\n\n<h2 class=\"wp-block-heading\">Les voix de la r\u00e9sistance : la qu\u00eate de v\u00e9rit\u00e9<\/h2>\n\n<p>Face \u00e0 cette situation, des anciens \u00e9l\u00e8ves de L\u2019Atelier se sont regroup\u00e9s pour partager leurs r\u00e9cits et d\u00e9noncer les conditions inacceptables qu\u2019ils ont v\u00e9cues. Cette qu\u00eate de v\u00e9rit\u00e9 a men\u00e9 \u00e0 la cr\u00e9ation de forums et de groupes de parole, o\u00f9 les victimes peuvent s&rsquo;exprimer sans crainte de repr\u00e9sailles. La dynamique de cette r\u00e9sistance permet non seulement de lib\u00e9rer la parole, mais aussi de constituer une sorte de communaut\u00e9 protectrice.<strong>\ud83d\udcaa<\/strong><\/p>\n\n<p>Des initiatives similaires ont vu le jour, inspirant d\u2019autres groupes d&rsquo;anciens \u00e9l\u00e8ves d&rsquo;\u00e9coles d&rsquo;art comme <strong>Gobelins<\/strong> ou <strong>ArtFX<\/strong> \u00e0 documenter leurs exp\u00e9riences. Ces \u00e9changes permettent de confirmer que des probl\u00e9matiques syst\u00e9matiques existent dans plusieurs \u00e9coles, souvent relay\u00e9es par des anciens \u00e9l\u00e8ves, mais \u00e9galement soutenues par des recherches scientifiques. Ces mouvements sont cruciaux pour sensibiliser le public \u00e0 la r\u00e9alit\u00e9 v\u00e9cue par beaucoup, des ann\u00e9es apr\u00e8s leur sortie.<\/p>\n\n<h3 class=\"wp-block-heading\">Repercussions judiciaires et engagements<\/h3>\n\n<p>Aujourd\u2019hui, ces r\u00e9v\u00e9lations commencent \u00e0 faire \u00e9cho dans la presse et \u00e0 attirer l\u2019attention des instances judiciaires. \ud83d\udcbc Plusieurs anciens \u00e9l\u00e8ves envisagent de porter plainte, non seulement contre le fondateur, mais aussi contre l\u2019\u00e9tablissement, pour des pratiques consid\u00e9r\u00e9es comme abusives. Cela refl\u00e8te une prise de conscience croissante et souligne l\u2019importance d&rsquo;\u00e9tablir des normes claires de bientraitance au sein des \u00e9tablissements d&rsquo;enseignement, qu&rsquo;ils soient artistiques ou non. Cette dynamique est \u00e9galement aliment\u00e9e par les r\u00e9cents d\u00e9bats au sein de l\u2019\u00c9cole Nationale Sup\u00e9rieure des Arts D\u00e9coratifs, qui tente de red\u00e9finir ses approches p\u00e9dagogiques.<\/p>\n\n<p>La volont\u00e9 d&rsquo;un changement sur le long terme est palpable. Les anciennes g\u00e9n\u00e9rations d\u2019\u00e9coliers prennent la parole pour que les voix des victimes ne soient plus \u00e9touff\u00e9es dans l&rsquo;indiff\u00e9rence. Cela pose la question suivante : l&rsquo;\u00e9ducation en arts peut-elle coexister avec des syst\u00e8mes de pression malsains? Un enjeu majeur sur la table aujourd\u2019hui.<\/p>\n\n<figure class=\"wp-block-table\"><table>\n<thead>\n<tr>\n<th>Actions entreprises<\/th>\n<th>Objectifs des anciens \u00e9l\u00e8ves<\/th>\n<th>Messagers cl\u00e9s<\/th>\n<\/tr>\n<\/thead>\n<tbody>\n<tr>\n<td>Groupes de parole<\/td>\n<td>Soutien \u00e9motionnel<\/td>\n<td>Cr\u00e9ativit\u00e9, bien-\u00eatre<\/td>\n<\/tr>\n<tr>\n<td>Porter plainte<\/td>\n<td>Trouver justice<\/td>\n<td>V\u00e9rit\u00e9, responsabilit\u00e9<\/td>\n<\/tr>\n<tr>\n<td>Documenter les t\u00e9moignages<\/td>\n<td>Pr\u00e9venir pour l&rsquo;avenir<\/td>\n<td>Protection, \u00e9ducation<\/td>\n<\/tr>\n<\/tbody>\n<\/table><\/figure>\n\n<h2 class=\"wp-block-heading\">Les r\u00e9percussions \u00e0 long terme : vers une \u00e9ducation plus inclusive<\/h2>\n\n<p>Il est imp\u00e9ratif de r\u00e9fl\u00e9chir aux r\u00e9percussions des violences morales et physiques dans les \u00e9tablissements scolaires, en particulier dans ceux d\u00e9di\u00e9s \u00e0 l&rsquo;art. Cette situation jette une lumi\u00e8re sombre sur la fa\u00e7on dont l\u2019\u00e9ducation artistique est souvent per\u00e7ue comme un privil\u00e8ge, alors qu&rsquo;elle devrait garantir un environnement \u00e9galitaire et respectueux. En 2025, alors que les \u00e9coles poursuivent leur qu\u00eate d\u2019excellence, la question de l\u2019inclusion et du soutien devient centrale.<\/p>\n\n<p>Sur le terrain, plusieurs mod\u00e8les d&rsquo;\u00e9coles, y compris des institutions telles que <strong>Supinfocom<\/strong> et <strong>Les Arcs Animation<\/strong>, commencent \u00e0 int\u00e9grer des protocoles de bientraitance dans leurs programmes. Cela ouvre un chemin vers une \u00e9ducation r\u00e9ellement inclusive, o\u00f9 l\u2019accent est mis sur le bien-\u00eatre de l\u2019\u00e9l\u00e8ve avant toute chose.<\/p>\n\n<h3 class=\"wp-block-heading\">La n\u00e9cessit\u00e9 d&rsquo;une r\u00e9forme syst\u00e9mique<\/h3>\n\n<p>Un appel \u00e0 l&rsquo;action se fait sentir sur le plan collectif. De nombreux experts en \u00e9ducation s&rsquo;accordent \u00e0 dire que pour transformer la r\u00e9alit\u00e9 actuelle, une r\u00e9forme syst\u00e9mique est n\u00e9cessaire. Cette r\u00e9forme devrait inclure l&rsquo;\u00e9galit\u00e9 de traitement de tous les \u00e9l\u00e8ves et un curriculum adapt\u00e9 qui int\u00e8gre des m\u00e9thodologies bienveillantes. *Comment transformer l&rsquo;\u00e9ducation artistique pour qu&rsquo;elle soit un moteur de cr\u00e9ativit\u00e9, plut\u00f4t qu&rsquo;une source de souffrance?* Les r\u00e9flexions sur cette question doivent \u00eatre au c\u0153ur des d\u00e9bats actuels.<\/p>\n\n<p>Les arts doivent servir de vecteur de libert\u00e9 et d&rsquo;expression personnelle, pas d&rsquo;enfermement dans des sch\u00e9mas de rigueur mal plac\u00e9e. Le d\u00e9fi d&rsquo;une refonte des pratiques \u00e9ducatives pour y int\u00e9grer une vision plus humaine et respectueuse est en cours. Une vision qui s&rsquo;inspire de mod\u00e8les internationaux et d&rsquo;\u00e9coles comme <strong>La Poudri\u00e8re<\/strong>, o\u00f9 le bonheur des \u00e9l\u00e8ves se refl\u00e8te directement dans la qualit\u00e9 de leurs cr\u00e9ations.<\/p>\n\n<figure class=\"wp-block-table\"><table>\n<thead>\n<tr>\n<th>\u00c9coles engag\u00e9es<\/th>\n<th>Bonnes pratiques<\/th>\n<th>Retours des \u00e9tudiants<\/th>\n<\/tr>\n<\/thead>\n<tbody>\n<tr>\n<td>L&rsquo;Atelier<\/td>\n<td>Protocole de bientraitance<\/td>\n<td>\u00c0 revoir<\/td>\n<\/tr>\n<tr>\n<td>Supinfocom<\/td>\n<td>Soutien psychologique<\/td>\n<td>Positifs!<\/td>\n<\/tr>\n<tr>\n<td>La Poudri\u00e8re<\/td>\n<td>Cr\u00e9ativit\u00e9 sans peur<\/td>\n<td>Excellents<\/td>\n<\/tr>\n<\/tbody>\n<\/table><\/figure>\n\n<h2 class=\"wp-block-heading\">FAQ<\/h2>\n\n<p><strong>Quels types de t\u00e9moignages des anciens \u00e9l\u00e8ves sont les plus fr\u00e9quents concernant L&rsquo;Atelier?<\/strong><br>Les r\u00e9cits \u00e9voquent souvent des brimades, des comparaisons d\u00e9courageantes avec d&rsquo;autres artistes, et un climat de comp\u00e9tition malsaine.<\/p>\n\n<p><strong>Comment les anciens \u00e9l\u00e8ves organisent-ils leur r\u00e9sistance?<\/strong><br>Ils ont mis en place des groupes de parole et des forums en ligne pour partager leurs exp\u00e9riences et se soutenir mutuellement.<\/p>\n\n<p><strong>Quelles mesures sont prises pour pr\u00e9venir de tels abus dans les \u00e9coles d&rsquo;art?<\/strong><br>De plus en plus d&rsquo;\u00e9coles int\u00e8grent des protocoles de bientraitance et de soutien psychologique dans leurs programmes.<\/p>\n\n<p><strong>Les t\u00e9moignages ont-ils un impact sur la r\u00e9putation de l&rsquo;\u00e9cole?<\/strong><br>Oui, les r\u00e9v\u00e9lations ont suscit\u00e9 une prise de conscience et engag\u00e9 des r\u00e9flexions sur les pratiques \u00e9ducatives.<\/p>\n\n<p><strong>Quels mouvements similaires existent dans d&rsquo;autres \u00e9coles d&rsquo;art?<\/strong><br>Des groupes d&rsquo;anciens \u00e9l\u00e8ves de plusieurs \u00e9coles, y compris Gobelins et ArtFX, se mobilisent \u00e9galement pour d\u00e9noncer des pratiques similaires.<\/p>\n\n","protected":false},"excerpt":{"rendered":"<p>Les t\u00e9moignages d&rsquo;anciens \u00e9l\u00e8ves de l&rsquo;\u00e9cole d&rsquo;animation L&rsquo;Atelier r\u00e9sonnent comme un \u00e9cho douloureux de ce qui se cache parfois derri\u00e8re les rideaux, l\u00e0 o\u00f9 l&rsquo;ombre des traumatismes perdure. Fond\u00e9e par Thomas Debitus, l&rsquo;\u00e9cole, bien que reconnue pour ses formations en animation, a \u00e9t\u00e9 mise en lumi\u00e8re \u00e0 travers des exp\u00e9riences tragiques qui ont marqu\u00e9 des &#8230; <a title=\"Douze ans plus tard, des anciens \u00e9l\u00e8ves t\u00e9moignent de leurs traumatismes face au fondateur de l&rsquo;\u00e9cole d&rsquo;animation l&rsquo;Atelier\" class=\"read-more\" href=\"https:\/\/www.apres-lecole.fr\/Blog\/temoignages-anciens-eleves-atelier\/\" aria-label=\"En savoir plus sur Douze ans plus tard, des anciens \u00e9l\u00e8ves t\u00e9moignent de leurs traumatismes face au fondateur de l&rsquo;\u00e9cole d&rsquo;animation l&rsquo;Atelier\">Lire plus<\/a><\/p>\n","protected":false},"author":9,"featured_media":2079,"comment_status":"open","ping_status":"open","sticky":false,"template":"","format":"standard","meta":{"footnotes":""},"categories":[342],"tags":[1188,1191,1190,1187,1189],"class_list":["post-2080","post","type-post","status-publish","format-standard","has-post-thumbnail","hentry","category-actualites","tag-anciens-eleves","tag-ecole-danimation","tag-fondateur","tag-temoignages","tag-traumatismes"],"yoast_head":"<!-- This site is optimized with the Yoast SEO plugin v27.5 - https:\/\/yoast.com\/product\/yoast-seo-wordpress\/ -->\n<title>Douze ans apr\u00e8s : des anciens \u00e9l\u00e8ves racontent leur parcours face \u00e0 l&#039;ombre de l&#039;Atelier<\/title>\n<meta name=\"description\" content=\"Douze ans apr\u00e8s, d&#039;anciens \u00e9l\u00e8ves racontent les traumatismes subis aupr\u00e8s du fondateur de l&#039;Atelier, \u00e9cole d&#039;animation.\" \/>\n<meta name=\"robots\" content=\"index, follow, max-snippet:-1, max-image-preview:large, max-video-preview:-1\" \/>\n<link rel=\"canonical\" href=\"https:\/\/www.apres-lecole.fr\/Blog\/temoignages-anciens-eleves-atelier\/\" \/>\n<meta property=\"og:locale\" content=\"fr_FR\" \/>\n<meta property=\"og:type\" content=\"article\" \/>\n<meta property=\"og:title\" content=\"Douze ans apr\u00e8s : des anciens \u00e9l\u00e8ves racontent leur parcours face \u00e0 l&#039;ombre de l&#039;Atelier\" \/>\n<meta property=\"og:description\" content=\"Douze ans apr\u00e8s, d&#039;anciens \u00e9l\u00e8ves racontent les traumatismes subis aupr\u00e8s du fondateur de l&#039;Atelier, \u00e9cole d&#039;animation.\" \/>\n<meta property=\"og:url\" content=\"https:\/\/www.apres-lecole.fr\/Blog\/temoignages-anciens-eleves-atelier\/\" \/>\n<meta property=\"article:published_time\" content=\"2025-07-10T07:12:41+00:00\" \/>\n<meta property=\"og:image\" content=\"https:\/\/www.apres-lecole.fr\/Blog\/wp-content\/uploads\/2025\/07\/Douze-ans-plus-tard-des-anciens-eleves-temoignent-de-leurs-traumatismes-face-au-fondateur-de-lecole-danimation-lAtelier.jpg\" \/>\n\t<meta property=\"og:image:width\" content=\"1344\" \/>\n\t<meta property=\"og:image:height\" content=\"768\" \/>\n\t<meta property=\"og:image:type\" content=\"image\/jpeg\" \/>\n<meta name=\"author\" content=\"Eva Martin\" \/>\n<meta name=\"twitter:card\" content=\"summary_large_image\" \/>\n<meta name=\"twitter:creator\" content=\"@Evaapresecole\" \/>\n<meta name=\"twitter:label1\" content=\"\u00c9crit par\" \/>\n\t<meta name=\"twitter:data1\" content=\"Eva Martin\" \/>\n\t<meta name=\"twitter:label2\" content=\"Dur\u00e9e de lecture estim\u00e9e\" \/>\n\t<meta name=\"twitter:data2\" content=\"8 minutes\" \/>\n<script type=\"application\/ld+json\" class=\"yoast-schema-graph\">{\"@context\":\"https:\\\/\\\/schema.org\",\"@graph\":[{\"@type\":\"Article\",\"@id\":\"https:\\\/\\\/www.apres-lecole.fr\\\/Blog\\\/temoignages-anciens-eleves-atelier\\\/#article\",\"isPartOf\":{\"@id\":\"https:\\\/\\\/www.apres-lecole.fr\\\/Blog\\\/temoignages-anciens-eleves-atelier\\\/\"},\"author\":{\"name\":\"Eva Martin\",\"@id\":\"https:\\\/\\\/www.apres-lecole.fr\\\/Blog\\\/#\\\/schema\\\/person\\\/aeb50cd4b51fc69da155804bb5bb9fc4\"},\"headline\":\"Douze ans plus tard, des anciens \u00e9l\u00e8ves t\u00e9moignent de leurs traumatismes face au fondateur de l&rsquo;\u00e9cole d&rsquo;animation l&rsquo;Atelier\",\"datePublished\":\"2025-07-10T07:12:41+00:00\",\"mainEntityOfPage\":{\"@id\":\"https:\\\/\\\/www.apres-lecole.fr\\\/Blog\\\/temoignages-anciens-eleves-atelier\\\/\"},\"wordCount\":1755,\"commentCount\":0,\"image\":{\"@id\":\"https:\\\/\\\/www.apres-lecole.fr\\\/Blog\\\/temoignages-anciens-eleves-atelier\\\/#primaryimage\"},\"thumbnailUrl\":\"https:\\\/\\\/www.apres-lecole.fr\\\/Blog\\\/wp-content\\\/uploads\\\/2025\\\/07\\\/Douze-ans-plus-tard-des-anciens-eleves-temoignent-de-leurs-traumatismes-face-au-fondateur-de-lecole-danimation-lAtelier.jpg\",\"keywords\":[\"anciens \u00e9l\u00e8ves\",\"\u00e9cole d'animation\",\"fondateur\",\"t\u00e9moignages\",\"traumatismes\"],\"articleSection\":[\"Actualit\u00e9s\"],\"inLanguage\":\"fr-FR\",\"potentialAction\":[{\"@type\":\"CommentAction\",\"name\":\"Comment\",\"target\":[\"https:\\\/\\\/www.apres-lecole.fr\\\/Blog\\\/temoignages-anciens-eleves-atelier\\\/#respond\"]}]},{\"@type\":\"WebPage\",\"@id\":\"https:\\\/\\\/www.apres-lecole.fr\\\/Blog\\\/temoignages-anciens-eleves-atelier\\\/\",\"url\":\"https:\\\/\\\/www.apres-lecole.fr\\\/Blog\\\/temoignages-anciens-eleves-atelier\\\/\",\"name\":\"Douze ans apr\u00e8s : des anciens \u00e9l\u00e8ves racontent leur parcours face \u00e0 l'ombre de l'Atelier\",\"isPartOf\":{\"@id\":\"https:\\\/\\\/www.apres-lecole.fr\\\/Blog\\\/#website\"},\"primaryImageOfPage\":{\"@id\":\"https:\\\/\\\/www.apres-lecole.fr\\\/Blog\\\/temoignages-anciens-eleves-atelier\\\/#primaryimage\"},\"image\":{\"@id\":\"https:\\\/\\\/www.apres-lecole.fr\\\/Blog\\\/temoignages-anciens-eleves-atelier\\\/#primaryimage\"},\"thumbnailUrl\":\"https:\\\/\\\/www.apres-lecole.fr\\\/Blog\\\/wp-content\\\/uploads\\\/2025\\\/07\\\/Douze-ans-plus-tard-des-anciens-eleves-temoignent-de-leurs-traumatismes-face-au-fondateur-de-lecole-danimation-lAtelier.jpg\",\"datePublished\":\"2025-07-10T07:12:41+00:00\",\"author\":{\"@id\":\"https:\\\/\\\/www.apres-lecole.fr\\\/Blog\\\/#\\\/schema\\\/person\\\/aeb50cd4b51fc69da155804bb5bb9fc4\"},\"description\":\"Douze ans apr\u00e8s, d'anciens \u00e9l\u00e8ves racontent les traumatismes subis aupr\u00e8s du fondateur de l'Atelier, \u00e9cole d'animation.\",\"breadcrumb\":{\"@id\":\"https:\\\/\\\/www.apres-lecole.fr\\\/Blog\\\/temoignages-anciens-eleves-atelier\\\/#breadcrumb\"},\"inLanguage\":\"fr-FR\",\"potentialAction\":[{\"@type\":\"ReadAction\",\"target\":[\"https:\\\/\\\/www.apres-lecole.fr\\\/Blog\\\/temoignages-anciens-eleves-atelier\\\/\"]}]},{\"@type\":\"ImageObject\",\"inLanguage\":\"fr-FR\",\"@id\":\"https:\\\/\\\/www.apres-lecole.fr\\\/Blog\\\/temoignages-anciens-eleves-atelier\\\/#primaryimage\",\"url\":\"https:\\\/\\\/www.apres-lecole.fr\\\/Blog\\\/wp-content\\\/uploads\\\/2025\\\/07\\\/Douze-ans-plus-tard-des-anciens-eleves-temoignent-de-leurs-traumatismes-face-au-fondateur-de-lecole-danimation-lAtelier.jpg\",\"contentUrl\":\"https:\\\/\\\/www.apres-lecole.fr\\\/Blog\\\/wp-content\\\/uploads\\\/2025\\\/07\\\/Douze-ans-plus-tard-des-anciens-eleves-temoignent-de-leurs-traumatismes-face-au-fondateur-de-lecole-danimation-lAtelier.jpg\",\"width\":1344,\"height\":768,\"caption\":\"d\u00e9couvrez les t\u00e9moignages poignants d'anciens \u00e9l\u00e8ves de l'atelier, qui, douze ans apr\u00e8s leur formation, partagent les traumatismes v\u00e9cus face \u00e0 son fondateur. une plong\u00e9e fascinante dans le monde de l'animation et ses d\u00e9fis humains.\"},{\"@type\":\"BreadcrumbList\",\"@id\":\"https:\\\/\\\/www.apres-lecole.fr\\\/Blog\\\/temoignages-anciens-eleves-atelier\\\/#breadcrumb\",\"itemListElement\":[{\"@type\":\"ListItem\",\"position\":1,\"name\":\"Home\",\"item\":\"https:\\\/\\\/www.apres-lecole.fr\\\/Blog\\\/\"},{\"@type\":\"ListItem\",\"position\":2,\"name\":\"Douze ans plus tard, des anciens \u00e9l\u00e8ves t\u00e9moignent de leurs traumatismes face au fondateur de l&rsquo;\u00e9cole d&rsquo;animation l&rsquo;Atelier\"}]},{\"@type\":\"WebSite\",\"@id\":\"https:\\\/\\\/www.apres-lecole.fr\\\/Blog\\\/#website\",\"url\":\"https:\\\/\\\/www.apres-lecole.fr\\\/Blog\\\/\",\"name\":\"\",\"description\":\"M\u00e9dia g\u00e9n\u00e9raliste\",\"potentialAction\":[{\"@type\":\"SearchAction\",\"target\":{\"@type\":\"EntryPoint\",\"urlTemplate\":\"https:\\\/\\\/www.apres-lecole.fr\\\/Blog\\\/?s={search_term_string}\"},\"query-input\":{\"@type\":\"PropertyValueSpecification\",\"valueRequired\":true,\"valueName\":\"search_term_string\"}}],\"inLanguage\":\"fr-FR\"},{\"@type\":\"Person\",\"@id\":\"https:\\\/\\\/www.apres-lecole.fr\\\/Blog\\\/#\\\/schema\\\/person\\\/aeb50cd4b51fc69da155804bb5bb9fc4\",\"name\":\"Eva Martin\",\"image\":{\"@type\":\"ImageObject\",\"inLanguage\":\"fr-FR\",\"@id\":\"https:\\\/\\\/secure.gravatar.com\\\/avatar\\\/55c53222558b27a72015a64073a80edce4abd33369394b9bf2c5cd6c19d12682?s=96&d=mm&r=g\",\"url\":\"https:\\\/\\\/secure.gravatar.com\\\/avatar\\\/55c53222558b27a72015a64073a80edce4abd33369394b9bf2c5cd6c19d12682?s=96&d=mm&r=g\",\"contentUrl\":\"https:\\\/\\\/secure.gravatar.com\\\/avatar\\\/55c53222558b27a72015a64073a80edce4abd33369394b9bf2c5cd6c19d12682?s=96&d=mm&r=g\",\"caption\":\"Eva Martin\"},\"description\":\"Je parle de business et d'entrepreneuriat avec des conseils clairs, concrets et actionnables pour r\u00e9ussir\",\"sameAs\":[\"https:\\\/\\\/x.com\\\/Evaapresecole\"],\"url\":\"https:\\\/\\\/www.apres-lecole.fr\\\/Blog\\\/author\\\/evamartin\\\/\"}]}<\/script>\n<!-- \/ Yoast SEO plugin. -->","yoast_head_json":{"title":"Douze ans apr\u00e8s : des anciens \u00e9l\u00e8ves racontent leur parcours face \u00e0 l'ombre de l'Atelier","description":"Douze ans apr\u00e8s, d'anciens \u00e9l\u00e8ves racontent les traumatismes subis aupr\u00e8s du fondateur de l'Atelier, \u00e9cole d'animation.","robots":{"index":"index","follow":"follow","max-snippet":"max-snippet:-1","max-image-preview":"max-image-preview:large","max-video-preview":"max-video-preview:-1"},"canonical":"https:\/\/www.apres-lecole.fr\/Blog\/temoignages-anciens-eleves-atelier\/","og_locale":"fr_FR","og_type":"article","og_title":"Douze ans apr\u00e8s : des anciens \u00e9l\u00e8ves racontent leur parcours face \u00e0 l'ombre de l'Atelier","og_description":"Douze ans apr\u00e8s, d'anciens \u00e9l\u00e8ves racontent les traumatismes subis aupr\u00e8s du fondateur de l'Atelier, \u00e9cole d'animation.","og_url":"https:\/\/www.apres-lecole.fr\/Blog\/temoignages-anciens-eleves-atelier\/","article_published_time":"2025-07-10T07:12:41+00:00","og_image":[{"width":1344,"height":768,"url":"https:\/\/www.apres-lecole.fr\/Blog\/wp-content\/uploads\/2025\/07\/Douze-ans-plus-tard-des-anciens-eleves-temoignent-de-leurs-traumatismes-face-au-fondateur-de-lecole-danimation-lAtelier.jpg","type":"image\/jpeg"}],"author":"Eva Martin","twitter_card":"summary_large_image","twitter_creator":"@Evaapresecole","twitter_misc":{"\u00c9crit par":"Eva Martin","Dur\u00e9e de lecture estim\u00e9e":"8 minutes"},"schema":{"@context":"https:\/\/schema.org","@graph":[{"@type":"Article","@id":"https:\/\/www.apres-lecole.fr\/Blog\/temoignages-anciens-eleves-atelier\/#article","isPartOf":{"@id":"https:\/\/www.apres-lecole.fr\/Blog\/temoignages-anciens-eleves-atelier\/"},"author":{"name":"Eva Martin","@id":"https:\/\/www.apres-lecole.fr\/Blog\/#\/schema\/person\/aeb50cd4b51fc69da155804bb5bb9fc4"},"headline":"Douze ans plus tard, des anciens \u00e9l\u00e8ves t\u00e9moignent de leurs traumatismes face au fondateur de l&rsquo;\u00e9cole d&rsquo;animation l&rsquo;Atelier","datePublished":"2025-07-10T07:12:41+00:00","mainEntityOfPage":{"@id":"https:\/\/www.apres-lecole.fr\/Blog\/temoignages-anciens-eleves-atelier\/"},"wordCount":1755,"commentCount":0,"image":{"@id":"https:\/\/www.apres-lecole.fr\/Blog\/temoignages-anciens-eleves-atelier\/#primaryimage"},"thumbnailUrl":"https:\/\/www.apres-lecole.fr\/Blog\/wp-content\/uploads\/2025\/07\/Douze-ans-plus-tard-des-anciens-eleves-temoignent-de-leurs-traumatismes-face-au-fondateur-de-lecole-danimation-lAtelier.jpg","keywords":["anciens \u00e9l\u00e8ves","\u00e9cole d'animation","fondateur","t\u00e9moignages","traumatismes"],"articleSection":["Actualit\u00e9s"],"inLanguage":"fr-FR","potentialAction":[{"@type":"CommentAction","name":"Comment","target":["https:\/\/www.apres-lecole.fr\/Blog\/temoignages-anciens-eleves-atelier\/#respond"]}]},{"@type":"WebPage","@id":"https:\/\/www.apres-lecole.fr\/Blog\/temoignages-anciens-eleves-atelier\/","url":"https:\/\/www.apres-lecole.fr\/Blog\/temoignages-anciens-eleves-atelier\/","name":"Douze ans apr\u00e8s : des anciens \u00e9l\u00e8ves racontent leur parcours face \u00e0 l'ombre de l'Atelier","isPartOf":{"@id":"https:\/\/www.apres-lecole.fr\/Blog\/#website"},"primaryImageOfPage":{"@id":"https:\/\/www.apres-lecole.fr\/Blog\/temoignages-anciens-eleves-atelier\/#primaryimage"},"image":{"@id":"https:\/\/www.apres-lecole.fr\/Blog\/temoignages-anciens-eleves-atelier\/#primaryimage"},"thumbnailUrl":"https:\/\/www.apres-lecole.fr\/Blog\/wp-content\/uploads\/2025\/07\/Douze-ans-plus-tard-des-anciens-eleves-temoignent-de-leurs-traumatismes-face-au-fondateur-de-lecole-danimation-lAtelier.jpg","datePublished":"2025-07-10T07:12:41+00:00","author":{"@id":"https:\/\/www.apres-lecole.fr\/Blog\/#\/schema\/person\/aeb50cd4b51fc69da155804bb5bb9fc4"},"description":"Douze ans apr\u00e8s, d'anciens \u00e9l\u00e8ves racontent les traumatismes subis aupr\u00e8s du fondateur de l'Atelier, \u00e9cole d'animation.","breadcrumb":{"@id":"https:\/\/www.apres-lecole.fr\/Blog\/temoignages-anciens-eleves-atelier\/#breadcrumb"},"inLanguage":"fr-FR","potentialAction":[{"@type":"ReadAction","target":["https:\/\/www.apres-lecole.fr\/Blog\/temoignages-anciens-eleves-atelier\/"]}]},{"@type":"ImageObject","inLanguage":"fr-FR","@id":"https:\/\/www.apres-lecole.fr\/Blog\/temoignages-anciens-eleves-atelier\/#primaryimage","url":"https:\/\/www.apres-lecole.fr\/Blog\/wp-content\/uploads\/2025\/07\/Douze-ans-plus-tard-des-anciens-eleves-temoignent-de-leurs-traumatismes-face-au-fondateur-de-lecole-danimation-lAtelier.jpg","contentUrl":"https:\/\/www.apres-lecole.fr\/Blog\/wp-content\/uploads\/2025\/07\/Douze-ans-plus-tard-des-anciens-eleves-temoignent-de-leurs-traumatismes-face-au-fondateur-de-lecole-danimation-lAtelier.jpg","width":1344,"height":768,"caption":"d\u00e9couvrez les t\u00e9moignages poignants d'anciens \u00e9l\u00e8ves de l'atelier, qui, douze ans apr\u00e8s leur formation, partagent les traumatismes v\u00e9cus face \u00e0 son fondateur. une plong\u00e9e fascinante dans le monde de l'animation et ses d\u00e9fis humains."},{"@type":"BreadcrumbList","@id":"https:\/\/www.apres-lecole.fr\/Blog\/temoignages-anciens-eleves-atelier\/#breadcrumb","itemListElement":[{"@type":"ListItem","position":1,"name":"Home","item":"https:\/\/www.apres-lecole.fr\/Blog\/"},{"@type":"ListItem","position":2,"name":"Douze ans plus tard, des anciens \u00e9l\u00e8ves t\u00e9moignent de leurs traumatismes face au fondateur de l&rsquo;\u00e9cole d&rsquo;animation l&rsquo;Atelier"}]},{"@type":"WebSite","@id":"https:\/\/www.apres-lecole.fr\/Blog\/#website","url":"https:\/\/www.apres-lecole.fr\/Blog\/","name":"","description":"M\u00e9dia g\u00e9n\u00e9raliste","potentialAction":[{"@type":"SearchAction","target":{"@type":"EntryPoint","urlTemplate":"https:\/\/www.apres-lecole.fr\/Blog\/?s={search_term_string}"},"query-input":{"@type":"PropertyValueSpecification","valueRequired":true,"valueName":"search_term_string"}}],"inLanguage":"fr-FR"},{"@type":"Person","@id":"https:\/\/www.apres-lecole.fr\/Blog\/#\/schema\/person\/aeb50cd4b51fc69da155804bb5bb9fc4","name":"Eva Martin","image":{"@type":"ImageObject","inLanguage":"fr-FR","@id":"https:\/\/secure.gravatar.com\/avatar\/55c53222558b27a72015a64073a80edce4abd33369394b9bf2c5cd6c19d12682?s=96&d=mm&r=g","url":"https:\/\/secure.gravatar.com\/avatar\/55c53222558b27a72015a64073a80edce4abd33369394b9bf2c5cd6c19d12682?s=96&d=mm&r=g","contentUrl":"https:\/\/secure.gravatar.com\/avatar\/55c53222558b27a72015a64073a80edce4abd33369394b9bf2c5cd6c19d12682?s=96&d=mm&r=g","caption":"Eva Martin"},"description":"Je parle de business et d'entrepreneuriat avec des conseils clairs, concrets et actionnables pour r\u00e9ussir","sameAs":["https:\/\/x.com\/Evaapresecole"],"url":"https:\/\/www.apres-lecole.fr\/Blog\/author\/evamartin\/"}]}},"views":178,"_links":{"self":[{"href":"https:\/\/www.apres-lecole.fr\/Blog\/wp-json\/wp\/v2\/posts\/2080","targetHints":{"allow":["GET"]}}],"collection":[{"href":"https:\/\/www.apres-lecole.fr\/Blog\/wp-json\/wp\/v2\/posts"}],"about":[{"href":"https:\/\/www.apres-lecole.fr\/Blog\/wp-json\/wp\/v2\/types\/post"}],"author":[{"embeddable":true,"href":"https:\/\/www.apres-lecole.fr\/Blog\/wp-json\/wp\/v2\/users\/9"}],"replies":[{"embeddable":true,"href":"https:\/\/www.apres-lecole.fr\/Blog\/wp-json\/wp\/v2\/comments?post=2080"}],"version-history":[{"count":0,"href":"https:\/\/www.apres-lecole.fr\/Blog\/wp-json\/wp\/v2\/posts\/2080\/revisions"}],"wp:featuredmedia":[{"embeddable":true,"href":"https:\/\/www.apres-lecole.fr\/Blog\/wp-json\/wp\/v2\/media\/2079"}],"wp:attachment":[{"href":"https:\/\/www.apres-lecole.fr\/Blog\/wp-json\/wp\/v2\/media?parent=2080"}],"wp:term":[{"taxonomy":"category","embeddable":true,"href":"https:\/\/www.apres-lecole.fr\/Blog\/wp-json\/wp\/v2\/categories?post=2080"},{"taxonomy":"post_tag","embeddable":true,"href":"https:\/\/www.apres-lecole.fr\/Blog\/wp-json\/wp\/v2\/tags?post=2080"}],"curies":[{"name":"wp","href":"https:\/\/api.w.org\/{rel}","templated":true}]}}