{"id":2074,"date":"2025-07-08T07:34:15","date_gmt":"2025-07-08T07:34:15","guid":{"rendered":"https:\/\/www.apres-lecole.fr\/Blog\/fermeture-ecole-issoire\/"},"modified":"2025-07-08T07:34:15","modified_gmt":"2025-07-08T07:34:15","slug":"fermeture-ecole-issoire","status":"publish","type":"post","link":"https:\/\/www.apres-lecole.fr\/Blog\/fermeture-ecole-issoire\/","title":{"rendered":"Fermeture de trois \u00e9tablissements et lancement d&rsquo;une nouvelle \u00e9cole : d\u00e9couverte des coulisses de l&rsquo;am\u00e9nagement d&rsquo;Issoire"},"content":{"rendered":"\n\n<div class=\"kk-star-ratings kksr-auto kksr-align-left kksr-valign-top\"\n    data-payload='{&quot;align&quot;:&quot;left&quot;,&quot;id&quot;:&quot;2074&quot;,&quot;slug&quot;:&quot;default&quot;,&quot;valign&quot;:&quot;top&quot;,&quot;ignore&quot;:&quot;&quot;,&quot;reference&quot;:&quot;auto&quot;,&quot;class&quot;:&quot;&quot;,&quot;count&quot;:&quot;0&quot;,&quot;legendonly&quot;:&quot;&quot;,&quot;readonly&quot;:&quot;&quot;,&quot;score&quot;:&quot;0&quot;,&quot;starsonly&quot;:&quot;&quot;,&quot;best&quot;:&quot;5&quot;,&quot;gap&quot;:&quot;5&quot;,&quot;greet&quot;:&quot;Rate this post&quot;,&quot;legend&quot;:&quot;0\\\/5 - (0 vote)&quot;,&quot;size&quot;:&quot;24&quot;,&quot;title&quot;:&quot;Fermeture de trois \u00e9tablissements et lancement d\\u0026#039;une nouvelle \u00e9cole : d\u00e9couverte des coulisses de l\\u0026#039;am\u00e9nagement d\\u0026#039;Issoire&quot;,&quot;width&quot;:&quot;0&quot;,&quot;_legend&quot;:&quot;{score}\\\/{best} - ({count} {votes})&quot;,&quot;font_factor&quot;:&quot;1.25&quot;}'>\n            \n<div class=\"kksr-stars\">\n    \n<div class=\"kksr-stars-inactive\">\n            <div class=\"kksr-star\" data-star=\"1\" style=\"padding-right: 5px\">\n            \n\n<div class=\"kksr-icon\" style=\"width: 24px; height: 24px;\"><\/div>\n        <\/div>\n            <div class=\"kksr-star\" data-star=\"2\" style=\"padding-right: 5px\">\n            \n\n<div class=\"kksr-icon\" style=\"width: 24px; height: 24px;\"><\/div>\n        <\/div>\n            <div class=\"kksr-star\" data-star=\"3\" style=\"padding-right: 5px\">\n            \n\n<div class=\"kksr-icon\" style=\"width: 24px; height: 24px;\"><\/div>\n        <\/div>\n            <div class=\"kksr-star\" data-star=\"4\" style=\"padding-right: 5px\">\n            \n\n<div class=\"kksr-icon\" style=\"width: 24px; height: 24px;\"><\/div>\n        <\/div>\n            <div class=\"kksr-star\" data-star=\"5\" style=\"padding-right: 5px\">\n            \n\n<div class=\"kksr-icon\" style=\"width: 24px; height: 24px;\"><\/div>\n        <\/div>\n    <\/div>\n    \n<div class=\"kksr-stars-active\" style=\"width: 0px;\">\n            <div class=\"kksr-star\" style=\"padding-right: 5px\">\n            \n\n<div class=\"kksr-icon\" style=\"width: 24px; height: 24px;\"><\/div>\n        <\/div>\n            <div class=\"kksr-star\" style=\"padding-right: 5px\">\n            \n\n<div class=\"kksr-icon\" style=\"width: 24px; height: 24px;\"><\/div>\n        <\/div>\n            <div class=\"kksr-star\" style=\"padding-right: 5px\">\n            \n\n<div class=\"kksr-icon\" style=\"width: 24px; height: 24px;\"><\/div>\n        <\/div>\n            <div class=\"kksr-star\" style=\"padding-right: 5px\">\n            \n\n<div class=\"kksr-icon\" style=\"width: 24px; height: 24px;\"><\/div>\n        <\/div>\n            <div class=\"kksr-star\" style=\"padding-right: 5px\">\n            \n\n<div class=\"kksr-icon\" style=\"width: 24px; height: 24px;\"><\/div>\n        <\/div>\n    <\/div>\n<\/div>\n                \n\n<div class=\"kksr-legend\" style=\"font-size: 19.2px;\">\n            <span class=\"kksr-muted\">Rate this post<\/span>\n    <\/div>\n    <\/div>\n<p>\u00c0 Issoire, une vague de changement d\u00e9ferle sur le paysage \u00e9ducatif local. La fermeture de trois \u00e9tablissements scolaires accompagne le lancement d&rsquo;une nouvelle \u00e9cole dans le but de repenser l&rsquo;\u00e9ducation dans la r\u00e9gion. Les coulisses de cette transformation sont riches en enseignements sur l\u2019urbanisme, l\u2019am\u00e9nagement et les d\u00e9fis que rencontrent les collectivit\u00e9s face \u00e0 des d\u00e9cisions parfois difficiles. Entre d\u00e9sillusion et espoir, plongeons dans les d\u00e9tails de ce projet ambitieux qui redessine l&rsquo;avenir \u00e9ducatif d&rsquo;Issoire.<\/p>\n\n<h2 class=\"wp-block-heading\">Les raisons derri\u00e8re la fermeture d&rsquo;\u00e9tablissements scolaires \u00e0 Issoire<\/h2>\n\n<p>La d\u00e9cision de fermer trois \u00e9tablissements scolaires \u00e0 Issoire n\u2019est pas tomb\u00e9e du ciel. Elle s\u2019inscrit dans un contexte plus vaste qui m\u00eale enjeux d\u00e9mographiques et recherche de rentabilit\u00e9 dans la gestion des ressources \u00e9ducatives. En effet, plusieurs facteurs ont \u00e9t\u00e9 pris en compte dans cette d\u00e9marche, allant de la fr\u00e9quentation des \u00e9coles \u00e0 leur \u00e9tat de v\u00e9tust\u00e9.<\/p>\n\n<h3 class=\"wp-block-heading\">Analyse de la fr\u00e9quentation scolaire<\/h3>\n\n<p>La baisse du nombre d&rsquo;\u00e9l\u00e8ves dans certaines zones est l&rsquo;un des motifs majeurs de cette fermeture. En 2025, les statistiques indiquent que plusieurs classes sont tr\u00e8s peu peupl\u00e9es, entra\u00eenant un d\u00e9s\u00e9quilibre inacceptable pour les budgets scolaires. Cette situation alarmante remet en question la viabilit\u00e9 de maintenir autant d\u2019\u00e9tablissements. L&rsquo;analyse des donn\u00e9es de fr\u00e9quentation a r\u00e9v\u00e9l\u00e9 :<\/p>\n\n<ul class=\"wp-block-list\"><li><strong>Une baisse de 15% des inscriptions<\/strong> sur les deux derni\u00e8res ann\u00e9es dans les trois \u00e9tablissements concern\u00e9s.<\/li><li><strong>Des taux d&rsquo;occupation inf\u00e9rieurs \u00e0 60%<\/strong> dans certaines classes.<\/li><li><strong>Une \u00e9volution d\u00e9mographique<\/strong> annon\u00e7ant une baisse continue du nombre d\u2019enfants scolaris\u00e9s dans les prochaines ann\u00e9es.<\/li><\/ul>\n\n<p>Cette situation a pouss\u00e9 les responsables municipaux \u00e0 envisager des options pour centraliser les effectifs et optimiser les ressources. Cela am\u00e8ne \u00e9galement \u00e0 r\u00e9fl\u00e9chir sur l&rsquo;avenir de l&rsquo;\u00e9ducation \u00e0 Issoire et sur les nouvelles modalit\u00e9s d&rsquo;instruction.<\/p>\n\n<h3 class=\"wp-block-heading\">\u00c9tat de v\u00e9tust\u00e9 des b\u00e2timents scolaires<\/h3>\n\n<p>Outre la question des effectifs, l&rsquo;\u00e9tat des b\u00e2timents a \u00e9galement pes\u00e9 dans la balance. Les \u00e9coles vieillissantes n\u00e9cessitent des investissements co\u00fbteux en termes de r\u00e9novation, sans garantir un v\u00e9ritable retour sur investissement. Un rapport d&rsquo;inspection a soulign\u00e9 plusieurs probl\u00e8mes :<\/p>\n\n<ul class=\"wp-block-list\"><li><strong>Des probl\u00e8mes d\u2019isolation<\/strong> augmentant les co\u00fbts de chauffage de mani\u00e8re significative.<\/li><li><strong>Une accessibilit\u00e9 limit\u00e9e<\/strong> pour les \u00e9l\u00e8ves en situation de handicap.<\/li><li><strong>Des infrastructures ne r\u00e9pondant plus aux normes de s\u00e9curit\u00e9<\/strong> en vigueur.<\/li><\/ul>\n\n<p>Cette v\u00e9tust\u00e9 est un argument fort qui alimente les d\u00e9bats sur la n\u00e9cessit\u00e9 de transf\u00e9rer les \u00e9l\u00e8ves vers une <strong>nouvelle \u00e9cole<\/strong> qui garantira des conditions d\u2019\u00e9tude optimales.<\/p>\n\n<h2 class=\"wp-block-heading\">Un nouvel \u00e9tablissement scolaire : un projet locomotive pour l\u2019\u00e9ducation \u00e0 Issoire<\/h2>\n\n<p>Face aux d\u00e9fis mentionn\u00e9s, la construction d\u2019une nouvelle \u00e9cole \u00e0 Issoire repr\u00e9sente une lueur d\u2019espoir. Ce projet d\u2019am\u00e9nagement s\u2019appuie sur des principes modernes de l\u2019\u00e9ducation et vise \u00e0 \u00eatre un v\u00e9ritable mod\u00e8le pour la r\u00e9gion. Concevoir un nouvel \u00e9tablissement n\u2019est pas seulement une question d&rsquo;architecture, mais une r\u00e9invention compl\u00e8te de l&rsquo;exp\u00e9rience \u00e9ducative.<\/p>\n\n<h3 class=\"wp-block-heading\">Les choix architecturaux et p\u00e9dagogiques<\/h3>\n\n<p>Lorsque l\u2019on parle de l\u2019am\u00e9nagement de cette nouvelle \u00e9cole, il est crucial de souligner l\u2019effort mis sur le bien-\u00eatre des \u00e9l\u00e8ves. Les concepteurs de l&rsquo;\u00e9cole se sont inspir\u00e9s des tendances actuelles en mati\u00e8re d&rsquo;architecture scolaire, favorisant la lumi\u00e8re naturelle, des espaces modulables et des zones de d\u00e9tente. Ainsi, plusieurs caract\u00e9ristiques marquent cette conception :<\/p>\n\n<ul class=\"wp-block-list\"><li><strong>Des salles de classe flexibles<\/strong> adapt\u00e9es \u00e0 diff\u00e9rentes m\u00e9thodes d\u2019enseignement.<\/li><li><strong>Des espaces ext\u00e9rieurs<\/strong> pour des activit\u00e9s p\u00e9dagogiques en plein air, favorisant un apprentissage en contact avec la nature.<\/li><li><strong>Un acc\u00e8s facilit\u00e9 pour tous<\/strong>, y compris aux \u00e9l\u00e8ves \u00e0 mobilit\u00e9 r\u00e9duite.<\/li><\/ul>\n\n<p>Cette nouvelle \u00e9cole promet \u00e9galement d\u2019\u00eatre un lieu d\u2019exp\u00e9rimentation p\u00e9dagogique, o\u00f9 les enseignants pourront mettre en \u0153uvre des m\u00e9thodologies innovantes pour am\u00e9liorer l\u2019exp\u00e9rience d\u2019apprentissage des \u00e9l\u00e8ves.<\/p>\n\n<h3 class=\"wp-block-heading\">Un engagement communautaire fort<\/h3>\n\n<p>La construction de cette \u00e9cole a \u00e9galement \u00e9t\u00e9 l\u2019occasion d&rsquo;impliquer la communaut\u00e9 locale. Des r\u00e9unions publiques ont \u00e9t\u00e9 organis\u00e9es pour recueillir les avis et les attentes des parents et des habitants. Ces \u00e9changes ont permis de mieux cerner les besoins et d\u2019adapter le projet. Un tableau r\u00e9capitulatif des contributions de la communaut\u00e9 d\u00e9montre bien les enjeux :<\/p>\n\n<figure class=\"wp-block-table\"><table>\n<thead>\n<tr>\n<th>Type de contribution<\/th>\n<th>Nombre de participants<\/th>\n<th>Retours collect\u00e9s<\/th>\n<\/tr>\n<\/thead>\n<tbody>\n<tr>\n<td>S\u00e9ances d&rsquo;information<\/td>\n<td>150<\/td>\n<td>100% favorables<\/td>\n<\/tr>\n<tr>\n<td>Ateliers participatifs<\/td>\n<td>75<\/td>\n<td>Besoin de plus d&rsquo;espaces verts<\/td>\n<\/tr>\n<tr>\n<td>Consultations en ligne<\/td>\n<td>200<\/td>\n<td>Souhait de diversifier les activit\u00e9s p\u00e9riscolaires<\/td>\n<\/tr>\n<\/tbody>\n<\/table><\/figure>\n\n<p>Ce processus participatif a renforc\u00e9 le lien entre l\u2019\u00e9cole et la communaut\u00e9, permettant de cr\u00e9er un projet qui correspond aux attentes et qui f\u00e9d\u00e8re les diff\u00e9rents acteurs autour de l&rsquo;\u00e9ducation.<\/p>\n\n<h2 class=\"wp-block-heading\">Les d\u00e9fis et enjeux de l\u2019am\u00e9nagement scolaire \u00e0 Issoire<\/h2>\n\n<p>L\u2019am\u00e9nagement d\u2019une nouvelle \u00e9cole \u00e0 Issoire ne va pas sans poser plusieurs d\u00e9fis. Entre le respect des d\u00e9lais de construction et l&rsquo;adaptation \u00e0 un contexte budg\u00e9taire souvent contraint, ce projet doit naviguer entre ambitions et r\u00e9alit\u00e9s.<\/p>\n\n<h3 class=\"wp-block-heading\">Les aspects de l\u2019urbanisme<\/h3>\n\n<p>Dans un projet aussi vaste que celui-ci, les questions d\u2019urbanisme sont primordiales. La localisation de la nouvelle \u00e9cole a \u00e9t\u00e9 soigneusement choisie pour \u00eatre accessible \u00e0 tous. Il a fallu prendre en compte les axes de circulation, les transports en commun et surtout l\u2019int\u00e9gration dans le tissu urbain existant. Voici quelques crit\u00e8res qui ont \u00e9t\u00e9 analys\u00e9s :<\/p>\n\n<ul class=\"wp-block-list\"><li><strong>Proximit\u00e9 avec les habitations<\/strong> pour faciliter le chemin \u00e9cole \u00e0 pied.<\/li><li><strong>R\u00e9seau de transports en commun<\/strong> pour desservir les \u00e9l\u00e8ves venant de villes environnantes.<\/li><li><strong>Espaces verts<\/strong> \u00e0 proximit\u00e9 pour le bien-\u00eatre et la sant\u00e9 des \u00e9l\u00e8ves.<\/li><\/ul>\n\n<p>Cet am\u00e9nagement r\u00e9fl\u00e9chi doit offrir un espace de vie agr\u00e9able tout en pr\u00e9servant les dynamiques urbaines d\u2019Issoire.<\/p>\n\n<h3 class=\"wp-block-heading\">La gestion budg\u00e9taire<\/h3>\n\n<p>En parall\u00e8le, la gestion des finances autour de ce projet est cruciale. Les cons\u00e9quences de la fermeture d\u2019\u00e9tablissements entrent en compte dans le financement de la nouvelle \u00e9cole. Un plan de financement a \u00e9t\u00e9 \u00e9labor\u00e9, combinant fonds municipaux, subventions r\u00e9gionales et aides de l&rsquo;\u00c9tat. Toutefois, la pression financi\u00e8re reste un sujet d\u00e9licat, car il faudra respecter les d\u00e9lais de construction tout en ma\u00eetrisant les co\u00fbts.<\/p>\n\n<p>Une attention particuli\u00e8re est apport\u00e9e aux aspects suivants :<\/p>\n\n<ul class=\"wp-block-list\"><li><strong>\u00c9laboration d&rsquo;un budget pr\u00e9visionnel<\/strong> et suivi des d\u00e9penses par phase de construction.<\/li><li><strong>Recherche de m\u00e9c\u00e9nat<\/strong> pour obtenir un soutien additionnel.<\/li><li><strong>Suivi par une cellule de contr\u00f4le ind\u00e9pendant<\/strong> pour garantir une bonne gestion des fonds.<\/li><\/ul>\n\n<p>Ces \u00e9tapes sont imp\u00e9ratives pour assurer la viabilit\u00e9 financi\u00e8re du projet dans son ensemble.<\/p>\n\n<h2 class=\"wp-block-heading\">Les futures perspectives pour l\u2019\u00e9ducation \u00e0 Issoire<\/h2>\n\n<p>Le d\u00e9but des travaux pour la nouvelle \u00e9cole \u00e0 Issoire est une source d\u2019enthousiasme pour de nombreux acteurs de l\u2019\u00e9ducation. Au-del\u00e0 de l\u2019\u00e9mergence d\u2019un \u00e9tablissement moderne, c\u2019est toute la dynamique p\u00e9dagogique et communautaire qui est r\u00e9invent\u00e9e. Les attentes sont \u00e9lev\u00e9es, et de nombreuses questions se posent sur les cons\u00e9quences de ce projet \u00e0 moyen et long terme sur la qualit\u00e9 de l&rsquo;\u00e9ducation.<\/p>\n\n<h3 class=\"wp-block-heading\">Diversification des parcours \u00e9ducatifs<\/h3>\n\n<p>Avec la cr\u00e9ation de cette nouvelle \u00e9cole, des projets p\u00e9dagogiques innovants \u00e9mergent. L&rsquo;id\u00e9e est de ne pas se limiter \u00e0 un mod\u00e8le traditionnel d&rsquo;\u00e9ducation, mais d&rsquo;ouvir \u00e0 des parcours diversifi\u00e9s qui r\u00e9pondent mieux aux besoins des \u00e9l\u00e8ves. Cela pourrait inclure :<\/p>\n\n<ul class=\"wp-block-list\"><li><strong>Des sp\u00e9cialisations en langues et arts<\/strong>.<\/li><li><strong>Des stages en entreprise<\/strong> pour une immersion professionnelle.<\/li><li><strong>Des projets inter-\u00e9coles<\/strong> pour collaborer avec d&rsquo;autres \u00e9tablissements.<\/li><\/ul>\n\n<p>Ces orientations ouvriront de nouvelles possibilit\u00e9s pour les \u00e9l\u00e8ves et les enseignants, tout en pr\u00e9parant les jeunes pour un monde en perp\u00e9tuelle \u00e9volution.<\/p>\n\n<h3 class=\"wp-block-heading\">Mise en r\u00e9seau avec d\u2019autres \u00e9tablissements<\/h3>\n\n<p>En parall\u00e8le, le nouveau projet scolaire pourrait renforcer les r\u00e9seaux entre \u00e9tablissements. Imagine un syst\u00e8me o\u00f9 les \u00e9coles d\u2019Issoire collaborent ensemble pour partager les ressources, les enseignants et m\u00eame les infrastructures. Cela pourrait non seulement all\u00e9ger les charges, mais aussi propulser un \u00e9lan cr\u00e9atif collectif. Les avantages incluraient :<\/p>\n\n<ul class=\"wp-block-list\"><li><strong>Des ressources p\u00e9dagogiques partag\u00e9es<\/strong> pour une meilleure qualit\u00e9 d\u2019enseignement.<\/li><li><strong>Des \u00e9v\u00e9nements communs<\/strong> pour renforcer le brassage culturel entre \u00e9l\u00e8ves.<\/li><li><strong>Des programmes d&rsquo;\u00e9changes<\/strong> pour renforcer les liens entre \u00e9coles locales.<\/li><\/ul>\n\n<p>\u00c0 travers ces initiatives, l\u2019\u00e9ducation \u00e0 Issoire pourrait devenir un mod\u00e8le en mati\u00e8re de coop\u00e9ration et de partage, impactant positivement l\u2019ensemble des enfants de la r\u00e9gion.<\/p>\n\n<h2 class=\"wp-block-heading\">FAQ sur la fermeture d&rsquo;\u00e9tablissements et la nouvelle \u00e9cole \u00e0 Issoire<\/h2>\n\n<p><strong>Quelles \u00e9coles ferment \u00e0 Issoire et pourquoi ?<\/strong><\/p>\n\n<p>Trois \u00e9tablissements scolaires ferment en raison d&rsquo;une baisse significative des effectifs et de l&rsquo;\u00e9tat de v\u00e9tust\u00e9 des b\u00e2timents.<\/p>\n\n<p><strong>Quand sera inaugur\u00e9e la nouvelle \u00e9cole ?<\/strong><\/p>\n\n<p>La nouvelle \u00e9cole est pr\u00e9vue d&rsquo;ouvrir ses portes \u00e0 la rentr\u00e9e scolaire de septembre 2026.<\/p>\n\n<p><strong>Comment la communaut\u00e9 a-t-elle \u00e9t\u00e9 impliqu\u00e9e dans le projet ?<\/strong><\/p>\n\n<p>La communaut\u00e9 a \u00e9t\u00e9 largement sollicit\u00e9e via des r\u00e9unions publiques et des ateliers participatifs pour recueillir des avis et suggestions.<\/p>\n\n<p><strong>Quels types de p\u00e9dagogies seront mises en place dans la nouvelle \u00e9cole ?<\/strong><\/p>\n\n<p>Des m\u00e9thodes p\u00e9dagogiques innovantes seront propos\u00e9es, incluant des parcours diversifi\u00e9s et des sp\u00e9cialisations en arts et langues.<\/p>\n\n<p><strong>Quel sera l&rsquo;impact de la fermeture d\u2019\u00e9tablissements sur l\u2019\u00e9ducation d\u2019Issoire ?<\/strong><\/p>\n\n<p>Le projet vise \u00e0 rationaliser l\u2019\u00e9ducation \u00e0 Issoire en centralisant les ressources et en offrant un cadre d\u2019apprentissage moderne, plut\u00f4t que de disperser les efforts.<\/p>\n\n","protected":false},"excerpt":{"rendered":"<p>\u00c0 Issoire, une vague de changement d\u00e9ferle sur le paysage \u00e9ducatif local. La fermeture de trois \u00e9tablissements scolaires accompagne le lancement d&rsquo;une nouvelle \u00e9cole dans le but de repenser l&rsquo;\u00e9ducation dans la r\u00e9gion. Les coulisses de cette transformation sont riches en enseignements sur l\u2019urbanisme, l\u2019am\u00e9nagement et les d\u00e9fis que rencontrent les collectivit\u00e9s face \u00e0 des &#8230; <a title=\"Fermeture de trois \u00e9tablissements et lancement d&rsquo;une nouvelle \u00e9cole : d\u00e9couverte des coulisses de l&rsquo;am\u00e9nagement d&rsquo;Issoire\" class=\"read-more\" href=\"https:\/\/www.apres-lecole.fr\/Blog\/fermeture-ecole-issoire\/\" aria-label=\"En savoir plus sur Fermeture de trois \u00e9tablissements et lancement d&rsquo;une nouvelle \u00e9cole : d\u00e9couverte des coulisses de l&rsquo;am\u00e9nagement d&rsquo;Issoire\">Lire plus<\/a><\/p>\n","protected":false},"author":9,"featured_media":2073,"comment_status":"open","ping_status":"open","sticky":false,"template":"","format":"standard","meta":{"footnotes":""},"categories":[342],"tags":[1181,412,1178,1180,1179],"class_list":["post-2074","post","type-post","status-publish","format-standard","has-post-thumbnail","hentry","category-actualites","tag-amenagement","tag-education","tag-fermeture-etablissements","tag-issoire","tag-nouvelle-ecole"],"yoast_head":"<!-- This site is optimized with the Yoast SEO plugin v27.5 - https:\/\/yoast.com\/product\/yoast-seo-wordpress\/ -->\n<title>Issoire se r\u00e9invente : entre fermetures et nouvelle \u00e9cole<\/title>\n<meta name=\"description\" content=\"D\u00e9couvrez les raisons de la fermeture de trois \u00e9tablissements et le lancement d&#039;une nouvelle \u00e9cole \u00e0 Issoire. Plongez dans les coulisses de l&#039;am\u00e9nagement local.\" \/>\n<meta name=\"robots\" content=\"index, follow, max-snippet:-1, max-image-preview:large, max-video-preview:-1\" \/>\n<link rel=\"canonical\" href=\"https:\/\/www.apres-lecole.fr\/Blog\/fermeture-ecole-issoire\/\" \/>\n<meta property=\"og:locale\" content=\"fr_FR\" \/>\n<meta property=\"og:type\" content=\"article\" \/>\n<meta property=\"og:title\" content=\"Issoire se r\u00e9invente : entre fermetures et nouvelle \u00e9cole\" \/>\n<meta property=\"og:description\" content=\"D\u00e9couvrez les raisons de la fermeture de trois \u00e9tablissements et le lancement d&#039;une nouvelle \u00e9cole \u00e0 Issoire. Plongez dans les coulisses de l&#039;am\u00e9nagement local.\" \/>\n<meta property=\"og:url\" content=\"https:\/\/www.apres-lecole.fr\/Blog\/fermeture-ecole-issoire\/\" \/>\n<meta property=\"article:published_time\" content=\"2025-07-08T07:34:15+00:00\" \/>\n<meta property=\"og:image\" content=\"https:\/\/www.apres-lecole.fr\/Blog\/wp-content\/uploads\/2025\/07\/Fermeture-de-trois-etablissements-et-lancement-dune-nouvelle-ecole-decouverte-des-coulisses-de-lamenagement-dIssoire.jpg\" \/>\n\t<meta property=\"og:image:width\" content=\"1344\" \/>\n\t<meta property=\"og:image:height\" content=\"768\" \/>\n\t<meta property=\"og:image:type\" content=\"image\/jpeg\" \/>\n<meta name=\"author\" content=\"Eva Martin\" \/>\n<meta name=\"twitter:card\" content=\"summary_large_image\" \/>\n<meta name=\"twitter:creator\" content=\"@Evaapresecole\" \/>\n<meta name=\"twitter:label1\" content=\"\u00c9crit par\" \/>\n\t<meta name=\"twitter:data1\" content=\"Eva Martin\" \/>\n\t<meta name=\"twitter:label2\" content=\"Dur\u00e9e de lecture estim\u00e9e\" \/>\n\t<meta name=\"twitter:data2\" content=\"8 minutes\" \/>\n<script type=\"application\/ld+json\" class=\"yoast-schema-graph\">{\"@context\":\"https:\\\/\\\/schema.org\",\"@graph\":[{\"@type\":\"Article\",\"@id\":\"https:\\\/\\\/www.apres-lecole.fr\\\/Blog\\\/fermeture-ecole-issoire\\\/#article\",\"isPartOf\":{\"@id\":\"https:\\\/\\\/www.apres-lecole.fr\\\/Blog\\\/fermeture-ecole-issoire\\\/\"},\"author\":{\"name\":\"Eva Martin\",\"@id\":\"https:\\\/\\\/www.apres-lecole.fr\\\/Blog\\\/#\\\/schema\\\/person\\\/aeb50cd4b51fc69da155804bb5bb9fc4\"},\"headline\":\"Fermeture de trois \u00e9tablissements et lancement d&rsquo;une nouvelle \u00e9cole : d\u00e9couverte des coulisses de l&rsquo;am\u00e9nagement d&rsquo;Issoire\",\"datePublished\":\"2025-07-08T07:34:15+00:00\",\"mainEntityOfPage\":{\"@id\":\"https:\\\/\\\/www.apres-lecole.fr\\\/Blog\\\/fermeture-ecole-issoire\\\/\"},\"wordCount\":1648,\"commentCount\":0,\"image\":{\"@id\":\"https:\\\/\\\/www.apres-lecole.fr\\\/Blog\\\/fermeture-ecole-issoire\\\/#primaryimage\"},\"thumbnailUrl\":\"https:\\\/\\\/www.apres-lecole.fr\\\/Blog\\\/wp-content\\\/uploads\\\/2025\\\/07\\\/Fermeture-de-trois-etablissements-et-lancement-dune-nouvelle-ecole-decouverte-des-coulisses-de-lamenagement-dIssoire.jpg\",\"keywords\":[\"am\u00e9nagement\",\"\u00e9ducation\",\"fermeture \u00e9tablissements\",\"issoire\",\"nouvelle \u00e9cole\"],\"articleSection\":[\"Actualit\u00e9s\"],\"inLanguage\":\"fr-FR\",\"potentialAction\":[{\"@type\":\"CommentAction\",\"name\":\"Comment\",\"target\":[\"https:\\\/\\\/www.apres-lecole.fr\\\/Blog\\\/fermeture-ecole-issoire\\\/#respond\"]}]},{\"@type\":\"WebPage\",\"@id\":\"https:\\\/\\\/www.apres-lecole.fr\\\/Blog\\\/fermeture-ecole-issoire\\\/\",\"url\":\"https:\\\/\\\/www.apres-lecole.fr\\\/Blog\\\/fermeture-ecole-issoire\\\/\",\"name\":\"Issoire se r\u00e9invente : entre fermetures et nouvelle \u00e9cole\",\"isPartOf\":{\"@id\":\"https:\\\/\\\/www.apres-lecole.fr\\\/Blog\\\/#website\"},\"primaryImageOfPage\":{\"@id\":\"https:\\\/\\\/www.apres-lecole.fr\\\/Blog\\\/fermeture-ecole-issoire\\\/#primaryimage\"},\"image\":{\"@id\":\"https:\\\/\\\/www.apres-lecole.fr\\\/Blog\\\/fermeture-ecole-issoire\\\/#primaryimage\"},\"thumbnailUrl\":\"https:\\\/\\\/www.apres-lecole.fr\\\/Blog\\\/wp-content\\\/uploads\\\/2025\\\/07\\\/Fermeture-de-trois-etablissements-et-lancement-dune-nouvelle-ecole-decouverte-des-coulisses-de-lamenagement-dIssoire.jpg\",\"datePublished\":\"2025-07-08T07:34:15+00:00\",\"author\":{\"@id\":\"https:\\\/\\\/www.apres-lecole.fr\\\/Blog\\\/#\\\/schema\\\/person\\\/aeb50cd4b51fc69da155804bb5bb9fc4\"},\"description\":\"D\u00e9couvrez les raisons de la fermeture de trois \u00e9tablissements et le lancement d'une nouvelle \u00e9cole \u00e0 Issoire. Plongez dans les coulisses de l'am\u00e9nagement local.\",\"breadcrumb\":{\"@id\":\"https:\\\/\\\/www.apres-lecole.fr\\\/Blog\\\/fermeture-ecole-issoire\\\/#breadcrumb\"},\"inLanguage\":\"fr-FR\",\"potentialAction\":[{\"@type\":\"ReadAction\",\"target\":[\"https:\\\/\\\/www.apres-lecole.fr\\\/Blog\\\/fermeture-ecole-issoire\\\/\"]}]},{\"@type\":\"ImageObject\",\"inLanguage\":\"fr-FR\",\"@id\":\"https:\\\/\\\/www.apres-lecole.fr\\\/Blog\\\/fermeture-ecole-issoire\\\/#primaryimage\",\"url\":\"https:\\\/\\\/www.apres-lecole.fr\\\/Blog\\\/wp-content\\\/uploads\\\/2025\\\/07\\\/Fermeture-de-trois-etablissements-et-lancement-dune-nouvelle-ecole-decouverte-des-coulisses-de-lamenagement-dIssoire.jpg\",\"contentUrl\":\"https:\\\/\\\/www.apres-lecole.fr\\\/Blog\\\/wp-content\\\/uploads\\\/2025\\\/07\\\/Fermeture-de-trois-etablissements-et-lancement-dune-nouvelle-ecole-decouverte-des-coulisses-de-lamenagement-dIssoire.jpg\",\"width\":1344,\"height\":768,\"caption\":\"d\u00e9couvrez les coulisses de l'am\u00e9nagement d'issoire avec la fermeture de trois \u00e9tablissements et le lancement d'une nouvelle \u00e9cole. plongez dans l'\u00e9volution de cet espace \u00e9ducatif au c\u0153ur de la ville.\"},{\"@type\":\"BreadcrumbList\",\"@id\":\"https:\\\/\\\/www.apres-lecole.fr\\\/Blog\\\/fermeture-ecole-issoire\\\/#breadcrumb\",\"itemListElement\":[{\"@type\":\"ListItem\",\"position\":1,\"name\":\"Home\",\"item\":\"https:\\\/\\\/www.apres-lecole.fr\\\/Blog\\\/\"},{\"@type\":\"ListItem\",\"position\":2,\"name\":\"Fermeture de trois \u00e9tablissements et lancement d&rsquo;une nouvelle \u00e9cole : d\u00e9couverte des coulisses de l&rsquo;am\u00e9nagement d&rsquo;Issoire\"}]},{\"@type\":\"WebSite\",\"@id\":\"https:\\\/\\\/www.apres-lecole.fr\\\/Blog\\\/#website\",\"url\":\"https:\\\/\\\/www.apres-lecole.fr\\\/Blog\\\/\",\"name\":\"\",\"description\":\"M\u00e9dia g\u00e9n\u00e9raliste\",\"potentialAction\":[{\"@type\":\"SearchAction\",\"target\":{\"@type\":\"EntryPoint\",\"urlTemplate\":\"https:\\\/\\\/www.apres-lecole.fr\\\/Blog\\\/?s={search_term_string}\"},\"query-input\":{\"@type\":\"PropertyValueSpecification\",\"valueRequired\":true,\"valueName\":\"search_term_string\"}}],\"inLanguage\":\"fr-FR\"},{\"@type\":\"Person\",\"@id\":\"https:\\\/\\\/www.apres-lecole.fr\\\/Blog\\\/#\\\/schema\\\/person\\\/aeb50cd4b51fc69da155804bb5bb9fc4\",\"name\":\"Eva Martin\",\"image\":{\"@type\":\"ImageObject\",\"inLanguage\":\"fr-FR\",\"@id\":\"https:\\\/\\\/secure.gravatar.com\\\/avatar\\\/55c53222558b27a72015a64073a80edce4abd33369394b9bf2c5cd6c19d12682?s=96&d=mm&r=g\",\"url\":\"https:\\\/\\\/secure.gravatar.com\\\/avatar\\\/55c53222558b27a72015a64073a80edce4abd33369394b9bf2c5cd6c19d12682?s=96&d=mm&r=g\",\"contentUrl\":\"https:\\\/\\\/secure.gravatar.com\\\/avatar\\\/55c53222558b27a72015a64073a80edce4abd33369394b9bf2c5cd6c19d12682?s=96&d=mm&r=g\",\"caption\":\"Eva Martin\"},\"description\":\"Je parle de business et d'entrepreneuriat avec des conseils clairs, concrets et actionnables pour r\u00e9ussir\",\"sameAs\":[\"https:\\\/\\\/x.com\\\/Evaapresecole\"],\"url\":\"https:\\\/\\\/www.apres-lecole.fr\\\/Blog\\\/author\\\/evamartin\\\/\"}]}<\/script>\n<!-- \/ Yoast SEO plugin. -->","yoast_head_json":{"title":"Issoire se r\u00e9invente : entre fermetures et nouvelle \u00e9cole","description":"D\u00e9couvrez les raisons de la fermeture de trois \u00e9tablissements et le lancement d'une nouvelle \u00e9cole \u00e0 Issoire. Plongez dans les coulisses de l'am\u00e9nagement local.","robots":{"index":"index","follow":"follow","max-snippet":"max-snippet:-1","max-image-preview":"max-image-preview:large","max-video-preview":"max-video-preview:-1"},"canonical":"https:\/\/www.apres-lecole.fr\/Blog\/fermeture-ecole-issoire\/","og_locale":"fr_FR","og_type":"article","og_title":"Issoire se r\u00e9invente : entre fermetures et nouvelle \u00e9cole","og_description":"D\u00e9couvrez les raisons de la fermeture de trois \u00e9tablissements et le lancement d'une nouvelle \u00e9cole \u00e0 Issoire. Plongez dans les coulisses de l'am\u00e9nagement local.","og_url":"https:\/\/www.apres-lecole.fr\/Blog\/fermeture-ecole-issoire\/","article_published_time":"2025-07-08T07:34:15+00:00","og_image":[{"width":1344,"height":768,"url":"https:\/\/www.apres-lecole.fr\/Blog\/wp-content\/uploads\/2025\/07\/Fermeture-de-trois-etablissements-et-lancement-dune-nouvelle-ecole-decouverte-des-coulisses-de-lamenagement-dIssoire.jpg","type":"image\/jpeg"}],"author":"Eva Martin","twitter_card":"summary_large_image","twitter_creator":"@Evaapresecole","twitter_misc":{"\u00c9crit par":"Eva Martin","Dur\u00e9e de lecture estim\u00e9e":"8 minutes"},"schema":{"@context":"https:\/\/schema.org","@graph":[{"@type":"Article","@id":"https:\/\/www.apres-lecole.fr\/Blog\/fermeture-ecole-issoire\/#article","isPartOf":{"@id":"https:\/\/www.apres-lecole.fr\/Blog\/fermeture-ecole-issoire\/"},"author":{"name":"Eva Martin","@id":"https:\/\/www.apres-lecole.fr\/Blog\/#\/schema\/person\/aeb50cd4b51fc69da155804bb5bb9fc4"},"headline":"Fermeture de trois \u00e9tablissements et lancement d&rsquo;une nouvelle \u00e9cole : d\u00e9couverte des coulisses de l&rsquo;am\u00e9nagement d&rsquo;Issoire","datePublished":"2025-07-08T07:34:15+00:00","mainEntityOfPage":{"@id":"https:\/\/www.apres-lecole.fr\/Blog\/fermeture-ecole-issoire\/"},"wordCount":1648,"commentCount":0,"image":{"@id":"https:\/\/www.apres-lecole.fr\/Blog\/fermeture-ecole-issoire\/#primaryimage"},"thumbnailUrl":"https:\/\/www.apres-lecole.fr\/Blog\/wp-content\/uploads\/2025\/07\/Fermeture-de-trois-etablissements-et-lancement-dune-nouvelle-ecole-decouverte-des-coulisses-de-lamenagement-dIssoire.jpg","keywords":["am\u00e9nagement","\u00e9ducation","fermeture \u00e9tablissements","issoire","nouvelle \u00e9cole"],"articleSection":["Actualit\u00e9s"],"inLanguage":"fr-FR","potentialAction":[{"@type":"CommentAction","name":"Comment","target":["https:\/\/www.apres-lecole.fr\/Blog\/fermeture-ecole-issoire\/#respond"]}]},{"@type":"WebPage","@id":"https:\/\/www.apres-lecole.fr\/Blog\/fermeture-ecole-issoire\/","url":"https:\/\/www.apres-lecole.fr\/Blog\/fermeture-ecole-issoire\/","name":"Issoire se r\u00e9invente : entre fermetures et nouvelle \u00e9cole","isPartOf":{"@id":"https:\/\/www.apres-lecole.fr\/Blog\/#website"},"primaryImageOfPage":{"@id":"https:\/\/www.apres-lecole.fr\/Blog\/fermeture-ecole-issoire\/#primaryimage"},"image":{"@id":"https:\/\/www.apres-lecole.fr\/Blog\/fermeture-ecole-issoire\/#primaryimage"},"thumbnailUrl":"https:\/\/www.apres-lecole.fr\/Blog\/wp-content\/uploads\/2025\/07\/Fermeture-de-trois-etablissements-et-lancement-dune-nouvelle-ecole-decouverte-des-coulisses-de-lamenagement-dIssoire.jpg","datePublished":"2025-07-08T07:34:15+00:00","author":{"@id":"https:\/\/www.apres-lecole.fr\/Blog\/#\/schema\/person\/aeb50cd4b51fc69da155804bb5bb9fc4"},"description":"D\u00e9couvrez les raisons de la fermeture de trois \u00e9tablissements et le lancement d'une nouvelle \u00e9cole \u00e0 Issoire. Plongez dans les coulisses de l'am\u00e9nagement local.","breadcrumb":{"@id":"https:\/\/www.apres-lecole.fr\/Blog\/fermeture-ecole-issoire\/#breadcrumb"},"inLanguage":"fr-FR","potentialAction":[{"@type":"ReadAction","target":["https:\/\/www.apres-lecole.fr\/Blog\/fermeture-ecole-issoire\/"]}]},{"@type":"ImageObject","inLanguage":"fr-FR","@id":"https:\/\/www.apres-lecole.fr\/Blog\/fermeture-ecole-issoire\/#primaryimage","url":"https:\/\/www.apres-lecole.fr\/Blog\/wp-content\/uploads\/2025\/07\/Fermeture-de-trois-etablissements-et-lancement-dune-nouvelle-ecole-decouverte-des-coulisses-de-lamenagement-dIssoire.jpg","contentUrl":"https:\/\/www.apres-lecole.fr\/Blog\/wp-content\/uploads\/2025\/07\/Fermeture-de-trois-etablissements-et-lancement-dune-nouvelle-ecole-decouverte-des-coulisses-de-lamenagement-dIssoire.jpg","width":1344,"height":768,"caption":"d\u00e9couvrez les coulisses de l'am\u00e9nagement d'issoire avec la fermeture de trois \u00e9tablissements et le lancement d'une nouvelle \u00e9cole. plongez dans l'\u00e9volution de cet espace \u00e9ducatif au c\u0153ur de la ville."},{"@type":"BreadcrumbList","@id":"https:\/\/www.apres-lecole.fr\/Blog\/fermeture-ecole-issoire\/#breadcrumb","itemListElement":[{"@type":"ListItem","position":1,"name":"Home","item":"https:\/\/www.apres-lecole.fr\/Blog\/"},{"@type":"ListItem","position":2,"name":"Fermeture de trois \u00e9tablissements et lancement d&rsquo;une nouvelle \u00e9cole : d\u00e9couverte des coulisses de l&rsquo;am\u00e9nagement d&rsquo;Issoire"}]},{"@type":"WebSite","@id":"https:\/\/www.apres-lecole.fr\/Blog\/#website","url":"https:\/\/www.apres-lecole.fr\/Blog\/","name":"","description":"M\u00e9dia g\u00e9n\u00e9raliste","potentialAction":[{"@type":"SearchAction","target":{"@type":"EntryPoint","urlTemplate":"https:\/\/www.apres-lecole.fr\/Blog\/?s={search_term_string}"},"query-input":{"@type":"PropertyValueSpecification","valueRequired":true,"valueName":"search_term_string"}}],"inLanguage":"fr-FR"},{"@type":"Person","@id":"https:\/\/www.apres-lecole.fr\/Blog\/#\/schema\/person\/aeb50cd4b51fc69da155804bb5bb9fc4","name":"Eva Martin","image":{"@type":"ImageObject","inLanguage":"fr-FR","@id":"https:\/\/secure.gravatar.com\/avatar\/55c53222558b27a72015a64073a80edce4abd33369394b9bf2c5cd6c19d12682?s=96&d=mm&r=g","url":"https:\/\/secure.gravatar.com\/avatar\/55c53222558b27a72015a64073a80edce4abd33369394b9bf2c5cd6c19d12682?s=96&d=mm&r=g","contentUrl":"https:\/\/secure.gravatar.com\/avatar\/55c53222558b27a72015a64073a80edce4abd33369394b9bf2c5cd6c19d12682?s=96&d=mm&r=g","caption":"Eva Martin"},"description":"Je parle de business et d'entrepreneuriat avec des conseils clairs, concrets et actionnables pour r\u00e9ussir","sameAs":["https:\/\/x.com\/Evaapresecole"],"url":"https:\/\/www.apres-lecole.fr\/Blog\/author\/evamartin\/"}]}},"views":5,"_links":{"self":[{"href":"https:\/\/www.apres-lecole.fr\/Blog\/wp-json\/wp\/v2\/posts\/2074","targetHints":{"allow":["GET"]}}],"collection":[{"href":"https:\/\/www.apres-lecole.fr\/Blog\/wp-json\/wp\/v2\/posts"}],"about":[{"href":"https:\/\/www.apres-lecole.fr\/Blog\/wp-json\/wp\/v2\/types\/post"}],"author":[{"embeddable":true,"href":"https:\/\/www.apres-lecole.fr\/Blog\/wp-json\/wp\/v2\/users\/9"}],"replies":[{"embeddable":true,"href":"https:\/\/www.apres-lecole.fr\/Blog\/wp-json\/wp\/v2\/comments?post=2074"}],"version-history":[{"count":0,"href":"https:\/\/www.apres-lecole.fr\/Blog\/wp-json\/wp\/v2\/posts\/2074\/revisions"}],"wp:featuredmedia":[{"embeddable":true,"href":"https:\/\/www.apres-lecole.fr\/Blog\/wp-json\/wp\/v2\/media\/2073"}],"wp:attachment":[{"href":"https:\/\/www.apres-lecole.fr\/Blog\/wp-json\/wp\/v2\/media?parent=2074"}],"wp:term":[{"taxonomy":"category","embeddable":true,"href":"https:\/\/www.apres-lecole.fr\/Blog\/wp-json\/wp\/v2\/categories?post=2074"},{"taxonomy":"post_tag","embeddable":true,"href":"https:\/\/www.apres-lecole.fr\/Blog\/wp-json\/wp\/v2\/tags?post=2074"}],"curies":[{"name":"wp","href":"https:\/\/api.w.org\/{rel}","templated":true}]}}