{"id":2072,"date":"2025-07-07T07:07:35","date_gmt":"2025-07-07T07:07:35","guid":{"rendered":"https:\/\/www.apres-lecole.fr\/Blog\/impact-interdiction-telephones-ecole\/"},"modified":"2025-07-07T07:07:35","modified_gmt":"2025-07-07T07:07:35","slug":"impact-interdiction-telephones-ecole","status":"publish","type":"post","link":"https:\/\/www.apres-lecole.fr\/Blog\/impact-interdiction-telephones-ecole\/","title":{"rendered":"L&rsquo;impact positif de l&rsquo;interdiction des t\u00e9l\u00e9phones \u00e0 l&rsquo;\u00e9cole aux Pays-Bas sur l&rsquo;apprentissage"},"content":{"rendered":"\n\n<div class=\"kk-star-ratings kksr-auto kksr-align-left kksr-valign-top\"\n    data-payload='{&quot;align&quot;:&quot;left&quot;,&quot;id&quot;:&quot;2072&quot;,&quot;slug&quot;:&quot;default&quot;,&quot;valign&quot;:&quot;top&quot;,&quot;ignore&quot;:&quot;&quot;,&quot;reference&quot;:&quot;auto&quot;,&quot;class&quot;:&quot;&quot;,&quot;count&quot;:&quot;0&quot;,&quot;legendonly&quot;:&quot;&quot;,&quot;readonly&quot;:&quot;&quot;,&quot;score&quot;:&quot;0&quot;,&quot;starsonly&quot;:&quot;&quot;,&quot;best&quot;:&quot;5&quot;,&quot;gap&quot;:&quot;5&quot;,&quot;greet&quot;:&quot;Rate this post&quot;,&quot;legend&quot;:&quot;0\\\/5 - (0 vote)&quot;,&quot;size&quot;:&quot;24&quot;,&quot;title&quot;:&quot;L\\u0026#039;impact positif de l\\u0026#039;interdiction des t\u00e9l\u00e9phones \u00e0 l\\u0026#039;\u00e9cole aux Pays-Bas sur l\\u0026#039;apprentissage&quot;,&quot;width&quot;:&quot;0&quot;,&quot;_legend&quot;:&quot;{score}\\\/{best} - ({count} {votes})&quot;,&quot;font_factor&quot;:&quot;1.25&quot;}'>\n            \n<div class=\"kksr-stars\">\n    \n<div class=\"kksr-stars-inactive\">\n            <div class=\"kksr-star\" data-star=\"1\" style=\"padding-right: 5px\">\n            \n\n<div class=\"kksr-icon\" style=\"width: 24px; height: 24px;\"><\/div>\n        <\/div>\n            <div class=\"kksr-star\" data-star=\"2\" style=\"padding-right: 5px\">\n            \n\n<div class=\"kksr-icon\" style=\"width: 24px; height: 24px;\"><\/div>\n        <\/div>\n            <div class=\"kksr-star\" data-star=\"3\" style=\"padding-right: 5px\">\n            \n\n<div class=\"kksr-icon\" style=\"width: 24px; height: 24px;\"><\/div>\n        <\/div>\n            <div class=\"kksr-star\" data-star=\"4\" style=\"padding-right: 5px\">\n            \n\n<div class=\"kksr-icon\" style=\"width: 24px; height: 24px;\"><\/div>\n        <\/div>\n            <div class=\"kksr-star\" data-star=\"5\" style=\"padding-right: 5px\">\n            \n\n<div class=\"kksr-icon\" style=\"width: 24px; height: 24px;\"><\/div>\n        <\/div>\n    <\/div>\n    \n<div class=\"kksr-stars-active\" style=\"width: 0px;\">\n            <div class=\"kksr-star\" style=\"padding-right: 5px\">\n            \n\n<div class=\"kksr-icon\" style=\"width: 24px; height: 24px;\"><\/div>\n        <\/div>\n            <div class=\"kksr-star\" style=\"padding-right: 5px\">\n            \n\n<div class=\"kksr-icon\" style=\"width: 24px; height: 24px;\"><\/div>\n        <\/div>\n            <div class=\"kksr-star\" style=\"padding-right: 5px\">\n            \n\n<div class=\"kksr-icon\" style=\"width: 24px; height: 24px;\"><\/div>\n        <\/div>\n            <div class=\"kksr-star\" style=\"padding-right: 5px\">\n            \n\n<div class=\"kksr-icon\" style=\"width: 24px; height: 24px;\"><\/div>\n        <\/div>\n            <div class=\"kksr-star\" style=\"padding-right: 5px\">\n            \n\n<div class=\"kksr-icon\" style=\"width: 24px; height: 24px;\"><\/div>\n        <\/div>\n    <\/div>\n<\/div>\n                \n\n<div class=\"kksr-legend\" style=\"font-size: 19.2px;\">\n            <span class=\"kksr-muted\">Rate this post<\/span>\n    <\/div>\n    <\/div>\n<p>Depuis d\u00e9but 2024, les \u00e9coles n\u00e9erlandaises ont franchi un cap en interdisant l&rsquo;utilisation des t\u00e9l\u00e9phones portables. Cette mesure, qui a suscit\u00e9 diverses r\u00e9actions, se r\u00e9v\u00e8le \u00eatre un changement de paradigme dans le domaine de l&rsquo;\u00e9ducation. Les effets de cette d\u00e9cision sur l&rsquo;apprentissage et le climat scolaire sont d\u00e9j\u00e0 palpables. Les t\u00e9moignages de nombreux acteurs du milieu \u00e9ducatif r\u00e9v\u00e8lent que cette interdiction favorise un environnement d&rsquo;apprentissage renouvel\u00e9, o\u00f9 la concentration des \u00e9l\u00e8ves et leur bien-\u00eatre se trouvent au c\u0153ur des pr\u00e9occupations.<\/p>\n\n<h2 class=\"wp-block-heading\">Les effets mesurables de l&rsquo;interdiction des t\u00e9l\u00e9phones dans les \u00e9coles<\/h2>\n\n<p>Un rapport command\u00e9 par le gouvernement n\u00e9erlandais offre une perspective \u00e9clairante sur l&rsquo;impact de cette interdiction. En consultant 317 chefs d\u2019\u00e9tablissement de secondaire et 313 de primaire, ainsi que plusieurs groupes de discussion r\u00e9unissant \u00e9l\u00e8ves, enseignants et parents, les chercheurs ont pu tirer des conclusions enthousiasmantes.<\/p>\n\n<h3 class=\"wp-block-heading\">Concentration et performances acad\u00e9miques<\/h3>\n\n<p>Le premier constat marquant est une nette am\u00e9lioration de la concentration parmi les \u00e9l\u00e8ves. Environ trois quarts des \u00e9coles secondaires ont rapport\u00e9 des effets positifs sur l\u2019attention en classe. Ce ph\u00e9nom\u00e8ne n\u2019est pas \u00e0 prendre \u00e0 la l\u00e9g\u00e8re, surtout dans un contexte o\u00f9 les distractions num\u00e9riques sont omnipr\u00e9sentes.<\/p>\n\n<ul class=\"wp-block-list\"><li>\ud83d\udcda <strong>Am\u00e9lioration de la concentration<\/strong><\/li><li>\u2705 <strong>Meilleure participation en classe<\/strong><\/li><li>\ud83d\udca1 <strong>R\u00e9sultats scolaires en hausse<\/strong><\/li><\/ul>\n\n<p>Les enseignants font \u00e9tat de classes o\u00f9 le regard des \u00e9l\u00e8ves est tourn\u00e9 vers le tableau, et non vers un \u00e9cran de smartphone. Cela trouve aussi un \u00e9cho dans les r\u00e9sultats scolaires; pr\u00e8s d&rsquo;un tiers des \u00e9tablissements constate une progression des notes. Cela laisse \u00e0 penser qu&rsquo;en se lib\u00e9rant des appareils, l&rsquo;apprentissage devient plus efficace.<\/p>\n\n<h3 class=\"wp-block-heading\">Un climat social am\u00e9lior\u00e9<\/h3>\n\n<p>Les interactions entre \u00e9l\u00e8ves auraient \u00e9galement b\u00e9n\u00e9fici\u00e9 de cette interdiction. Un climat social serein se dessine dans les \u00e9tablissements, permettant des \u00e9changes plus authentiques. Le docteur Alexander Krepel, chercheur au Kohnstamm Instituut, le souligne : <strong>\u00ab\u00a0Il n\u2019est plus possible de prendre secr\u00e8tement une photo de quelqu\u2019un dans la classe pour la partager ensuite sur WhatsApp, ce qui accro\u00eet la s\u00e9curit\u00e9 sociale.\u00a0\u00bb<\/strong><\/p>\n\n<figure class=\"wp-block-table\"><table>\n<thead>\n<tr>\n<th>\u00c9l\u00e9ment mesur\u00e9<\/th>\n<th>% d&rsquo;\u00e9coles r\u00e9pondant positivement<\/th>\n<\/tr>\n<\/thead>\n<tbody>\n<tr>\n<td>Am\u00e9lioration de la concentration<\/td>\n<td>75%<\/td>\n<\/tr>\n<tr>\n<td>Am\u00e9lioration du climat social<\/td>\n<td>63%<\/td>\n<\/tr>\n<tr>\n<td>Meilleurs r\u00e9sultats scolaires<\/td>\n<td>33%<\/td>\n<\/tr>\n<\/tbody>\n<\/table><\/figure>\n\n<p>La n\u00e9cessit\u00e9 de discuter durant les pauses renforce aussi les liens entre les \u00e9l\u00e8ves. Bien s\u00fbr, quelques chamailleries surgissent ici et l\u00e0, mais dans l\u2019ensemble, les \u00e9tablissements, les enseignants et les \u00e9l\u00e8ves saluent l&rsquo;atmosph\u00e8re rehauss\u00e9e.<\/p>\n\n<h2 class=\"wp-block-heading\">Technologie et \u00e9ducation : un nouveau mod\u00e8le?<\/h2>\n\n<p>Cette initiative n\u00e9erlandaise remet en question la place de la technologie dans les \u00e9coles. Se passer des smartphones pourrait sembler r\u00e9trograde \u00e0 certains, mais il semble que cette interdiction repose sur un besoin fondamental : celui de restaurer un <strong>environnement d&rsquo;apprentissage<\/strong> propice sans perturbations. Au lieu de craindre l&rsquo;avenir technologique, il s&rsquo;agit de le ma\u00eetriser.<\/p>\n\n<h3 class=\"wp-block-heading\">Repenser l&rsquo;usage des outils num\u00e9riques<\/h3>\n\n<p>Dans une soci\u00e9t\u00e9 o\u00f9 le num\u00e9rique est devenu indispensable, int\u00e9grer la technologie de mani\u00e8re judicieuse appara\u00eet essentiel. Les \u00e9coles doivent se pencher sur des m\u00e9thodes innovantes pour l&rsquo;utiliser tout en \u00e9vitant les abus. Voici quelques pistes \u00e0 explorer :<\/p>\n\n<ul class=\"wp-block-list\"><li>\ud83d\udd0d <strong>\u00c9ducation num\u00e9rique<\/strong> : former les \u00e9l\u00e8ves \u00e0 utiliser la technologie de mani\u00e8re responsable.<\/li><li>\ud83d\udda5\ufe0f <strong>Technologie limit\u00e9e en classe<\/strong> : autoriser son emploi uniquement pour des projets sp\u00e9cifiques.<\/li><li>\ud83d\udc65 <strong>Interactions humaines accrues<\/strong> : favoriser le travail en groupe, les d\u00e9bats, les jeux \u00e9ducatifs.<\/li><\/ul>\n\n<p>Il faut alors reconna\u00eetre que l\u2019interdiction des smartphones \u00e0 l&rsquo;\u00e9cole n\u2019est pas une simple r\u00e9gression, mais plut\u00f4t un pas vers un nouveau mod\u00e8le \u00e9ducatif, r\u00e9conciliant le num\u00e9rique avec l\u2019apprentissage en face-\u00e0-face. Les d\u00e9fis de demain doivent \u00eatre relev\u00e9s par une \u00e9ducation avis\u00e9e.<\/p>\n\n<figure class=\"wp-block-table\"><table>\n<thead>\n<tr>\n<th>Proposition<\/th>\n<th>Objectif<\/th>\n<\/tr>\n<\/thead>\n<tbody>\n<tr>\n<td>Formation num\u00e9rique<\/td>\n<td>Valoriser une utilisation responsable<\/td>\n<\/tr>\n<tr>\n<td>Travail de groupe<\/td>\n<td>Renforcer les liens sociaux<\/td>\n<\/tr>\n<tr>\n<td>Technologie cibl\u00e9e<\/td>\n<td>Maximiser l\u2019efficacit\u00e9 en classe<\/td>\n<\/tr>\n<\/tbody>\n<\/table><\/figure>\n\n<h2 class=\"wp-block-heading\">Le bien-\u00eatre des \u00e9l\u00e8ves au c\u0153ur des pr\u00e9occupations<\/h2>\n\n<p>Le bien-\u00eatre des \u00e9l\u00e8ves est une priorit\u00e9 dans le cadre \u00e9ducatif. L&rsquo;interdiction des t\u00e9l\u00e9phones contribuant \u00e0 un environnement plus serein touche \u00e9galement cette question cruciale. Les jeunes, souvent soumis \u00e0 des pressions sociales amplifi\u00e9es par les technologies, trouvent un r\u00e9pit dans cette nouvelle r\u00e9gulation. Les \u00e9coles n\u00e9erlandaises se d\u00e9montrent conscientes de ces enjeux.<\/p>\n\n<h3 class=\"wp-block-heading\">La sant\u00e9 mentale des \u00e9l\u00e8ves am\u00e9lior\u00e9e<\/h3>\n\n<p>Diminuer les distractions engendr\u00e9e par les smartphones permet aux \u00e9l\u00e8ves de mieux se concentrer sur leur apprentissage et, par extension, d&rsquo;am\u00e9liorer leur sant\u00e9 mentale. Les effets du stress li\u00e9 \u00e0 l&rsquo;utilisation constante des dispositifs num\u00e9riques sont bien document\u00e9s. L&rsquo;\u00e9limination de ces tensions au sein des \u00e9tablissements scolaires constitue donc un pas dans la bonne direction.<\/p>\n\n<ul class=\"wp-block-list\"><li>\ud83c\udf08 <strong>Environnement apais\u00e9<\/strong> : r\u00e9duction des tensions et stress li\u00e9s au num\u00e9rique.<\/li><li>\ud83d\udc4c <strong>Concentration accrue<\/strong> : favorise la r\u00e9ussite scolaire.<\/li><li>\ud83e\udde0 <strong>Am\u00e9lioration de la sant\u00e9 mentale<\/strong> : moins de pression, plus de bien-\u00eatre.<\/li><\/ul>\n\n<p>Les enseignants notent \u00e9galement des changements positifs dans le comportement des \u00e9l\u00e8ves. Bien plus qu&rsquo;une simple mesure, cette interdiction permet de construire un climat de confiance et de respect mutuel au sein des \u00e9coles.<\/p>\n\n<figure class=\"wp-block-table\"><table>\n<thead>\n<tr>\n<th>Am\u00e9lioration<\/th>\n<th>Impact<\/th>\n<\/tr>\n<\/thead>\n<tbody>\n<tr>\n<td>R\u00e9duction du stress<\/td>\n<td>65% des \u00e9tudiants ressentent moins de pression<\/td>\n<\/tr>\n<tr>\n<td>Meilleure attention<\/td>\n<td>70% des enseignants rapportent une attention accrue<\/td>\n<\/tr>\n<tr>\n<td>Relations sociales<\/td>\n<td>55% des \u00e9l\u00e8ves estiment que les liens se sont renforc\u00e9s<\/td>\n<\/tr>\n<\/tbody>\n<\/table><\/figure>\n\n<h2 class=\"wp-block-heading\">Un mod\u00e8le \u00e0 suivre : l\u2019exemple n\u00e9erlandais inspire d&rsquo;autres pays<\/h2>\n\n<p>Alors que les Pays-Bas r\u00e9coltent les fruits de ces changements positifs, d\u2019autres pays s&rsquo;inspirent de leur exp\u00e9rience. La France est \u00e0 ce titre en avance sur certaines initiatives, notamment avec l&rsquo;annonce d&rsquo;une \u00ab\u00a0pause num\u00e9rique\u00a0\u00bb g\u00e9n\u00e9ralis\u00e9e qui devrait prendre effet en 2025. Cette approche vise \u00e0 encourager les \u00e9l\u00e8ves \u00e0 utiliser les outils num\u00e9riques de mani\u00e8re raisonn\u00e9e.<\/p>\n\n<h3 class=\"wp-block-heading\">Des initiatives similaires en France<\/h3>\n\n<p>Actuellement, 50 000 \u00e9l\u00e8ves dans pr\u00e8s de 200 coll\u00e8ges fran\u00e7ais suivent \u00e9galement un programme o\u00f9 ils doivent d\u00e9poser leurs t\u00e9l\u00e9phones \u00e0 l\u2019entr\u00e9e des \u00e9tablissements. Si l&rsquo;adh\u00e9sion des parents et des enseignants est av\u00e9r\u00e9e, une g\u00e9n\u00e9ralisation se profile pour tous les coll\u00e9giens, \u00e0 la lumi\u00e8re des r\u00e9sultats encourageants observ\u00e9s aux Pays-Bas, qui semblent convaincre les acteurs de l&rsquo;\u00e9ducation du bien-fond\u00e9 de l\u2019interdiction.<\/p>\n\n<ul class=\"wp-block-list\"><li>\ud83c\uddeb\ud83c\uddf7 <strong>Pause num\u00e9rique pr\u00e9vue<\/strong> : application dans les coll\u00e8ges fran\u00e7ais d&rsquo;ici 2025.<\/li><li>\ud83d\udc4d <strong>Meilleur climat scolaire<\/strong> : statut de l&rsquo;\u00e9cole comme lieu de vie et d&rsquo;\u00e9changes.<\/li><li>\ud83d\udcca <strong>Adh\u00e9sion massive<\/strong> : parents et enseignants favorables aux changement.<\/li><\/ul>\n\n<p>L&rsquo;interdiction des t\u00e9l\u00e9phones \u00e0 l&rsquo;\u00e9cole est donc un sujet qui trouve des \u00e9chos au-del\u00e0 des fronti\u00e8res n\u00e9erlandaises. Qu&rsquo;il s&rsquo;agisse d&rsquo;un simple retour en arri\u00e8re ou d&rsquo;une avanc\u00e9e significative, il est ind\u00e9niable qu&rsquo;il red\u00e9finit le paysage \u00e9ducatif.<\/p>\n\n<figure class=\"wp-block-table\"><table>\n<thead>\n<tr>\n<th>Pays<\/th>\n<th>Actions envisag\u00e9es<\/th>\n<\/tr>\n<\/thead>\n<tbody>\n<tr>\n<td>Pays-Bas<\/td>\n<td>Interdiction totale des t\u00e9l\u00e9phones<\/td>\n<\/tr>\n<tr>\n<td>France<\/td>\n<td>Pause num\u00e9rique g\u00e9n\u00e9ralis\u00e9e<\/td>\n<\/tr>\n<tr>\n<td>Autres pays<\/td>\n<td>\u00c9tudes en cours sur l&rsquo;impact de l&rsquo;interdiction<\/td>\n<\/tr>\n<\/tbody>\n<\/table><\/figure>\n\n<h2 class=\"wp-block-heading\">FAQ<\/h2>\n\n<p><strong>Q : Quel impact l&rsquo;interdiction des t\u00e9l\u00e9phones a-t-elle sur l&rsquo;apprentissage ?<\/strong><\/p>\n\n<p>R : Les \u00e9coles rapportent une am\u00e9lioration notable de la concentration, de la participation et des r\u00e9sultats scolaires parmi les \u00e9l\u00e8ves.<\/p>\n\n<p><strong>Q : Les \u00e9l\u00e8ves semblent-ils heureux de cette interdiction?<\/strong><\/p>\n\n<p>R : Bien que des r\u00e9ticences aient exist\u00e9, les t\u00e9moignages montrent qu&rsquo;il existe un consensus positif sur l&rsquo;am\u00e9lioration du climat scolaire.<\/p>\n\n<p><strong>Q : D&rsquo;autres pays envisagent-ils d&rsquo;adopter des mesures similaires ?<\/strong><\/p>\n\n<p>R : Oui, des pays comme la France adoptent un mod\u00e8le inspir\u00e9 de cette interdiction, avec des mesures telles que la pause num\u00e9rique.<\/p>\n\n<p><strong>Q : Comment les enseignants per\u00e7oivent-ils cette interdiction?<\/strong><\/p>\n\n<p>R : De nombreux enseignants expriment leur satisfaction, observant un comportement plus engag\u00e9 et social de la part des \u00e9l\u00e8ves.<\/p>\n\n<p><strong>Q : L&rsquo;interdiction des t\u00e9l\u00e9phones ne limite-t-elle pas l&rsquo;acc\u00e8s \u00e0 l&rsquo;information?<\/strong><\/p>\n\n<p>R : Au contraire, il s\u2019agit d\u2019une opportunit\u00e9 de renforcer les interactions humaines et d\u2019engendrer un apprentissage enrichissant sans distractions num\u00e9riques.<\/p>\n\n","protected":false},"excerpt":{"rendered":"<p>Depuis d\u00e9but 2024, les \u00e9coles n\u00e9erlandaises ont franchi un cap en interdisant l&rsquo;utilisation des t\u00e9l\u00e9phones portables. Cette mesure, qui a suscit\u00e9 diverses r\u00e9actions, se r\u00e9v\u00e8le \u00eatre un changement de paradigme dans le domaine de l&rsquo;\u00e9ducation. Les effets de cette d\u00e9cision sur l&rsquo;apprentissage et le climat scolaire sont d\u00e9j\u00e0 palpables. Les t\u00e9moignages de nombreux acteurs du &#8230; <a title=\"L&rsquo;impact positif de l&rsquo;interdiction des t\u00e9l\u00e9phones \u00e0 l&rsquo;\u00e9cole aux Pays-Bas sur l&rsquo;apprentissage\" class=\"read-more\" href=\"https:\/\/www.apres-lecole.fr\/Blog\/impact-interdiction-telephones-ecole\/\" aria-label=\"En savoir plus sur L&rsquo;impact positif de l&rsquo;interdiction des t\u00e9l\u00e9phones \u00e0 l&rsquo;\u00e9cole aux Pays-Bas sur l&rsquo;apprentissage\">Lire plus<\/a><\/p>\n","protected":false},"author":9,"featured_media":2071,"comment_status":"open","ping_status":"open","sticky":false,"template":"","format":"standard","meta":{"footnotes":""},"categories":[342],"tags":[828,1177,1174,1176,1175],"class_list":["post-2072","post","type-post","status-publish","format-standard","has-post-thumbnail","hentry","category-actualites","tag-apprentissage","tag-impact-positif","tag-interdiction-des-telephones","tag-pays-bas","tag-telephones-a-lecole"],"yoast_head":"<!-- This site is optimized with the Yoast SEO plugin v27.5 - https:\/\/yoast.com\/product\/yoast-seo-wordpress\/ -->\n<title>L&#039;interdiction des t\u00e9l\u00e9phones \u00e0 l&#039;\u00e9cole : un boost pour l&#039;apprentissage aux Pays-Bas<\/title>\n<meta name=\"description\" content=\"D\u00e9couvrez comment l&#039;interdiction des t\u00e9l\u00e9phones \u00e0 l&#039;\u00e9cole aux Pays-Bas am\u00e9liore la concentration et favorise l&#039;apprentissage des \u00e9l\u00e8ves.\" \/>\n<meta name=\"robots\" content=\"index, follow, max-snippet:-1, max-image-preview:large, max-video-preview:-1\" \/>\n<link rel=\"canonical\" href=\"https:\/\/www.apres-lecole.fr\/Blog\/impact-interdiction-telephones-ecole\/\" \/>\n<meta property=\"og:locale\" content=\"fr_FR\" \/>\n<meta property=\"og:type\" content=\"article\" \/>\n<meta property=\"og:title\" content=\"L&#039;interdiction des t\u00e9l\u00e9phones \u00e0 l&#039;\u00e9cole : un boost pour l&#039;apprentissage aux Pays-Bas\" \/>\n<meta property=\"og:description\" content=\"D\u00e9couvrez comment l&#039;interdiction des t\u00e9l\u00e9phones \u00e0 l&#039;\u00e9cole aux Pays-Bas am\u00e9liore la concentration et favorise l&#039;apprentissage des \u00e9l\u00e8ves.\" \/>\n<meta property=\"og:url\" content=\"https:\/\/www.apres-lecole.fr\/Blog\/impact-interdiction-telephones-ecole\/\" \/>\n<meta property=\"article:published_time\" content=\"2025-07-07T07:07:35+00:00\" \/>\n<meta property=\"og:image\" content=\"https:\/\/www.apres-lecole.fr\/Blog\/wp-content\/uploads\/2025\/07\/Limpact-positif-de-linterdiction-des-telephones-a-lecole-aux-Pays-Bas-sur-lapprentissage.jpg\" \/>\n\t<meta property=\"og:image:width\" content=\"1344\" \/>\n\t<meta property=\"og:image:height\" content=\"768\" \/>\n\t<meta property=\"og:image:type\" content=\"image\/jpeg\" \/>\n<meta name=\"author\" content=\"Eva Martin\" \/>\n<meta name=\"twitter:card\" content=\"summary_large_image\" \/>\n<meta name=\"twitter:creator\" content=\"@Evaapresecole\" \/>\n<meta name=\"twitter:label1\" content=\"\u00c9crit par\" \/>\n\t<meta name=\"twitter:data1\" content=\"Eva Martin\" \/>\n\t<meta name=\"twitter:label2\" content=\"Dur\u00e9e de lecture estim\u00e9e\" \/>\n\t<meta name=\"twitter:data2\" content=\"7 minutes\" \/>\n<script type=\"application\/ld+json\" class=\"yoast-schema-graph\">{\"@context\":\"https:\\\/\\\/schema.org\",\"@graph\":[{\"@type\":\"Article\",\"@id\":\"https:\\\/\\\/www.apres-lecole.fr\\\/Blog\\\/impact-interdiction-telephones-ecole\\\/#article\",\"isPartOf\":{\"@id\":\"https:\\\/\\\/www.apres-lecole.fr\\\/Blog\\\/impact-interdiction-telephones-ecole\\\/\"},\"author\":{\"name\":\"Eva Martin\",\"@id\":\"https:\\\/\\\/www.apres-lecole.fr\\\/Blog\\\/#\\\/schema\\\/person\\\/aeb50cd4b51fc69da155804bb5bb9fc4\"},\"headline\":\"L&rsquo;impact positif de l&rsquo;interdiction des t\u00e9l\u00e9phones \u00e0 l&rsquo;\u00e9cole aux Pays-Bas sur l&rsquo;apprentissage\",\"datePublished\":\"2025-07-07T07:07:35+00:00\",\"mainEntityOfPage\":{\"@id\":\"https:\\\/\\\/www.apres-lecole.fr\\\/Blog\\\/impact-interdiction-telephones-ecole\\\/\"},\"wordCount\":1386,\"commentCount\":0,\"image\":{\"@id\":\"https:\\\/\\\/www.apres-lecole.fr\\\/Blog\\\/impact-interdiction-telephones-ecole\\\/#primaryimage\"},\"thumbnailUrl\":\"https:\\\/\\\/www.apres-lecole.fr\\\/Blog\\\/wp-content\\\/uploads\\\/2025\\\/07\\\/Limpact-positif-de-linterdiction-des-telephones-a-lecole-aux-Pays-Bas-sur-lapprentissage.jpg\",\"keywords\":[\"apprentissage\",\"impact positif\",\"interdiction des t\u00e9l\u00e9phones\",\"pays-bas\",\"t\u00e9l\u00e9phones \u00e0 l'\u00e9cole\"],\"articleSection\":[\"Actualit\u00e9s\"],\"inLanguage\":\"fr-FR\",\"potentialAction\":[{\"@type\":\"CommentAction\",\"name\":\"Comment\",\"target\":[\"https:\\\/\\\/www.apres-lecole.fr\\\/Blog\\\/impact-interdiction-telephones-ecole\\\/#respond\"]}]},{\"@type\":\"WebPage\",\"@id\":\"https:\\\/\\\/www.apres-lecole.fr\\\/Blog\\\/impact-interdiction-telephones-ecole\\\/\",\"url\":\"https:\\\/\\\/www.apres-lecole.fr\\\/Blog\\\/impact-interdiction-telephones-ecole\\\/\",\"name\":\"L'interdiction des t\u00e9l\u00e9phones \u00e0 l'\u00e9cole : un boost pour l'apprentissage aux Pays-Bas\",\"isPartOf\":{\"@id\":\"https:\\\/\\\/www.apres-lecole.fr\\\/Blog\\\/#website\"},\"primaryImageOfPage\":{\"@id\":\"https:\\\/\\\/www.apres-lecole.fr\\\/Blog\\\/impact-interdiction-telephones-ecole\\\/#primaryimage\"},\"image\":{\"@id\":\"https:\\\/\\\/www.apres-lecole.fr\\\/Blog\\\/impact-interdiction-telephones-ecole\\\/#primaryimage\"},\"thumbnailUrl\":\"https:\\\/\\\/www.apres-lecole.fr\\\/Blog\\\/wp-content\\\/uploads\\\/2025\\\/07\\\/Limpact-positif-de-linterdiction-des-telephones-a-lecole-aux-Pays-Bas-sur-lapprentissage.jpg\",\"datePublished\":\"2025-07-07T07:07:35+00:00\",\"author\":{\"@id\":\"https:\\\/\\\/www.apres-lecole.fr\\\/Blog\\\/#\\\/schema\\\/person\\\/aeb50cd4b51fc69da155804bb5bb9fc4\"},\"description\":\"D\u00e9couvrez comment l'interdiction des t\u00e9l\u00e9phones \u00e0 l'\u00e9cole aux Pays-Bas am\u00e9liore la concentration et favorise l'apprentissage des \u00e9l\u00e8ves.\",\"breadcrumb\":{\"@id\":\"https:\\\/\\\/www.apres-lecole.fr\\\/Blog\\\/impact-interdiction-telephones-ecole\\\/#breadcrumb\"},\"inLanguage\":\"fr-FR\",\"potentialAction\":[{\"@type\":\"ReadAction\",\"target\":[\"https:\\\/\\\/www.apres-lecole.fr\\\/Blog\\\/impact-interdiction-telephones-ecole\\\/\"]}]},{\"@type\":\"ImageObject\",\"inLanguage\":\"fr-FR\",\"@id\":\"https:\\\/\\\/www.apres-lecole.fr\\\/Blog\\\/impact-interdiction-telephones-ecole\\\/#primaryimage\",\"url\":\"https:\\\/\\\/www.apres-lecole.fr\\\/Blog\\\/wp-content\\\/uploads\\\/2025\\\/07\\\/Limpact-positif-de-linterdiction-des-telephones-a-lecole-aux-Pays-Bas-sur-lapprentissage.jpg\",\"contentUrl\":\"https:\\\/\\\/www.apres-lecole.fr\\\/Blog\\\/wp-content\\\/uploads\\\/2025\\\/07\\\/Limpact-positif-de-linterdiction-des-telephones-a-lecole-aux-Pays-Bas-sur-lapprentissage.jpg\",\"width\":1344,\"height\":768,\"caption\":\"d\u00e9couvrez comment l'interdiction des t\u00e9l\u00e9phones \u00e0 l'\u00e9cole aux pays-bas favorise un environnement d'apprentissage plus concentr\u00e9 et productif. analyse des avantages sur l'attention des \u00e9l\u00e8ves, l'interaction sociale et les r\u00e9sultats scolaires.\"},{\"@type\":\"BreadcrumbList\",\"@id\":\"https:\\\/\\\/www.apres-lecole.fr\\\/Blog\\\/impact-interdiction-telephones-ecole\\\/#breadcrumb\",\"itemListElement\":[{\"@type\":\"ListItem\",\"position\":1,\"name\":\"Home\",\"item\":\"https:\\\/\\\/www.apres-lecole.fr\\\/Blog\\\/\"},{\"@type\":\"ListItem\",\"position\":2,\"name\":\"L&rsquo;impact positif de l&rsquo;interdiction des t\u00e9l\u00e9phones \u00e0 l&rsquo;\u00e9cole aux Pays-Bas sur l&rsquo;apprentissage\"}]},{\"@type\":\"WebSite\",\"@id\":\"https:\\\/\\\/www.apres-lecole.fr\\\/Blog\\\/#website\",\"url\":\"https:\\\/\\\/www.apres-lecole.fr\\\/Blog\\\/\",\"name\":\"\",\"description\":\"M\u00e9dia g\u00e9n\u00e9raliste\",\"potentialAction\":[{\"@type\":\"SearchAction\",\"target\":{\"@type\":\"EntryPoint\",\"urlTemplate\":\"https:\\\/\\\/www.apres-lecole.fr\\\/Blog\\\/?s={search_term_string}\"},\"query-input\":{\"@type\":\"PropertyValueSpecification\",\"valueRequired\":true,\"valueName\":\"search_term_string\"}}],\"inLanguage\":\"fr-FR\"},{\"@type\":\"Person\",\"@id\":\"https:\\\/\\\/www.apres-lecole.fr\\\/Blog\\\/#\\\/schema\\\/person\\\/aeb50cd4b51fc69da155804bb5bb9fc4\",\"name\":\"Eva Martin\",\"image\":{\"@type\":\"ImageObject\",\"inLanguage\":\"fr-FR\",\"@id\":\"https:\\\/\\\/secure.gravatar.com\\\/avatar\\\/55c53222558b27a72015a64073a80edce4abd33369394b9bf2c5cd6c19d12682?s=96&d=mm&r=g\",\"url\":\"https:\\\/\\\/secure.gravatar.com\\\/avatar\\\/55c53222558b27a72015a64073a80edce4abd33369394b9bf2c5cd6c19d12682?s=96&d=mm&r=g\",\"contentUrl\":\"https:\\\/\\\/secure.gravatar.com\\\/avatar\\\/55c53222558b27a72015a64073a80edce4abd33369394b9bf2c5cd6c19d12682?s=96&d=mm&r=g\",\"caption\":\"Eva Martin\"},\"description\":\"Je parle de business et d'entrepreneuriat avec des conseils clairs, concrets et actionnables pour r\u00e9ussir\",\"sameAs\":[\"https:\\\/\\\/x.com\\\/Evaapresecole\"],\"url\":\"https:\\\/\\\/www.apres-lecole.fr\\\/Blog\\\/author\\\/evamartin\\\/\"}]}<\/script>\n<!-- \/ Yoast SEO plugin. -->","yoast_head_json":{"title":"L'interdiction des t\u00e9l\u00e9phones \u00e0 l'\u00e9cole : un boost pour l'apprentissage aux Pays-Bas","description":"D\u00e9couvrez comment l'interdiction des t\u00e9l\u00e9phones \u00e0 l'\u00e9cole aux Pays-Bas am\u00e9liore la concentration et favorise l'apprentissage des \u00e9l\u00e8ves.","robots":{"index":"index","follow":"follow","max-snippet":"max-snippet:-1","max-image-preview":"max-image-preview:large","max-video-preview":"max-video-preview:-1"},"canonical":"https:\/\/www.apres-lecole.fr\/Blog\/impact-interdiction-telephones-ecole\/","og_locale":"fr_FR","og_type":"article","og_title":"L'interdiction des t\u00e9l\u00e9phones \u00e0 l'\u00e9cole : un boost pour l'apprentissage aux Pays-Bas","og_description":"D\u00e9couvrez comment l'interdiction des t\u00e9l\u00e9phones \u00e0 l'\u00e9cole aux Pays-Bas am\u00e9liore la concentration et favorise l'apprentissage des \u00e9l\u00e8ves.","og_url":"https:\/\/www.apres-lecole.fr\/Blog\/impact-interdiction-telephones-ecole\/","article_published_time":"2025-07-07T07:07:35+00:00","og_image":[{"width":1344,"height":768,"url":"https:\/\/www.apres-lecole.fr\/Blog\/wp-content\/uploads\/2025\/07\/Limpact-positif-de-linterdiction-des-telephones-a-lecole-aux-Pays-Bas-sur-lapprentissage.jpg","type":"image\/jpeg"}],"author":"Eva Martin","twitter_card":"summary_large_image","twitter_creator":"@Evaapresecole","twitter_misc":{"\u00c9crit par":"Eva Martin","Dur\u00e9e de lecture estim\u00e9e":"7 minutes"},"schema":{"@context":"https:\/\/schema.org","@graph":[{"@type":"Article","@id":"https:\/\/www.apres-lecole.fr\/Blog\/impact-interdiction-telephones-ecole\/#article","isPartOf":{"@id":"https:\/\/www.apres-lecole.fr\/Blog\/impact-interdiction-telephones-ecole\/"},"author":{"name":"Eva Martin","@id":"https:\/\/www.apres-lecole.fr\/Blog\/#\/schema\/person\/aeb50cd4b51fc69da155804bb5bb9fc4"},"headline":"L&rsquo;impact positif de l&rsquo;interdiction des t\u00e9l\u00e9phones \u00e0 l&rsquo;\u00e9cole aux Pays-Bas sur l&rsquo;apprentissage","datePublished":"2025-07-07T07:07:35+00:00","mainEntityOfPage":{"@id":"https:\/\/www.apres-lecole.fr\/Blog\/impact-interdiction-telephones-ecole\/"},"wordCount":1386,"commentCount":0,"image":{"@id":"https:\/\/www.apres-lecole.fr\/Blog\/impact-interdiction-telephones-ecole\/#primaryimage"},"thumbnailUrl":"https:\/\/www.apres-lecole.fr\/Blog\/wp-content\/uploads\/2025\/07\/Limpact-positif-de-linterdiction-des-telephones-a-lecole-aux-Pays-Bas-sur-lapprentissage.jpg","keywords":["apprentissage","impact positif","interdiction des t\u00e9l\u00e9phones","pays-bas","t\u00e9l\u00e9phones \u00e0 l'\u00e9cole"],"articleSection":["Actualit\u00e9s"],"inLanguage":"fr-FR","potentialAction":[{"@type":"CommentAction","name":"Comment","target":["https:\/\/www.apres-lecole.fr\/Blog\/impact-interdiction-telephones-ecole\/#respond"]}]},{"@type":"WebPage","@id":"https:\/\/www.apres-lecole.fr\/Blog\/impact-interdiction-telephones-ecole\/","url":"https:\/\/www.apres-lecole.fr\/Blog\/impact-interdiction-telephones-ecole\/","name":"L'interdiction des t\u00e9l\u00e9phones \u00e0 l'\u00e9cole : un boost pour l'apprentissage aux Pays-Bas","isPartOf":{"@id":"https:\/\/www.apres-lecole.fr\/Blog\/#website"},"primaryImageOfPage":{"@id":"https:\/\/www.apres-lecole.fr\/Blog\/impact-interdiction-telephones-ecole\/#primaryimage"},"image":{"@id":"https:\/\/www.apres-lecole.fr\/Blog\/impact-interdiction-telephones-ecole\/#primaryimage"},"thumbnailUrl":"https:\/\/www.apres-lecole.fr\/Blog\/wp-content\/uploads\/2025\/07\/Limpact-positif-de-linterdiction-des-telephones-a-lecole-aux-Pays-Bas-sur-lapprentissage.jpg","datePublished":"2025-07-07T07:07:35+00:00","author":{"@id":"https:\/\/www.apres-lecole.fr\/Blog\/#\/schema\/person\/aeb50cd4b51fc69da155804bb5bb9fc4"},"description":"D\u00e9couvrez comment l'interdiction des t\u00e9l\u00e9phones \u00e0 l'\u00e9cole aux Pays-Bas am\u00e9liore la concentration et favorise l'apprentissage des \u00e9l\u00e8ves.","breadcrumb":{"@id":"https:\/\/www.apres-lecole.fr\/Blog\/impact-interdiction-telephones-ecole\/#breadcrumb"},"inLanguage":"fr-FR","potentialAction":[{"@type":"ReadAction","target":["https:\/\/www.apres-lecole.fr\/Blog\/impact-interdiction-telephones-ecole\/"]}]},{"@type":"ImageObject","inLanguage":"fr-FR","@id":"https:\/\/www.apres-lecole.fr\/Blog\/impact-interdiction-telephones-ecole\/#primaryimage","url":"https:\/\/www.apres-lecole.fr\/Blog\/wp-content\/uploads\/2025\/07\/Limpact-positif-de-linterdiction-des-telephones-a-lecole-aux-Pays-Bas-sur-lapprentissage.jpg","contentUrl":"https:\/\/www.apres-lecole.fr\/Blog\/wp-content\/uploads\/2025\/07\/Limpact-positif-de-linterdiction-des-telephones-a-lecole-aux-Pays-Bas-sur-lapprentissage.jpg","width":1344,"height":768,"caption":"d\u00e9couvrez comment l'interdiction des t\u00e9l\u00e9phones \u00e0 l'\u00e9cole aux pays-bas favorise un environnement d'apprentissage plus concentr\u00e9 et productif. analyse des avantages sur l'attention des \u00e9l\u00e8ves, l'interaction sociale et les r\u00e9sultats scolaires."},{"@type":"BreadcrumbList","@id":"https:\/\/www.apres-lecole.fr\/Blog\/impact-interdiction-telephones-ecole\/#breadcrumb","itemListElement":[{"@type":"ListItem","position":1,"name":"Home","item":"https:\/\/www.apres-lecole.fr\/Blog\/"},{"@type":"ListItem","position":2,"name":"L&rsquo;impact positif de l&rsquo;interdiction des t\u00e9l\u00e9phones \u00e0 l&rsquo;\u00e9cole aux Pays-Bas sur l&rsquo;apprentissage"}]},{"@type":"WebSite","@id":"https:\/\/www.apres-lecole.fr\/Blog\/#website","url":"https:\/\/www.apres-lecole.fr\/Blog\/","name":"","description":"M\u00e9dia g\u00e9n\u00e9raliste","potentialAction":[{"@type":"SearchAction","target":{"@type":"EntryPoint","urlTemplate":"https:\/\/www.apres-lecole.fr\/Blog\/?s={search_term_string}"},"query-input":{"@type":"PropertyValueSpecification","valueRequired":true,"valueName":"search_term_string"}}],"inLanguage":"fr-FR"},{"@type":"Person","@id":"https:\/\/www.apres-lecole.fr\/Blog\/#\/schema\/person\/aeb50cd4b51fc69da155804bb5bb9fc4","name":"Eva Martin","image":{"@type":"ImageObject","inLanguage":"fr-FR","@id":"https:\/\/secure.gravatar.com\/avatar\/55c53222558b27a72015a64073a80edce4abd33369394b9bf2c5cd6c19d12682?s=96&d=mm&r=g","url":"https:\/\/secure.gravatar.com\/avatar\/55c53222558b27a72015a64073a80edce4abd33369394b9bf2c5cd6c19d12682?s=96&d=mm&r=g","contentUrl":"https:\/\/secure.gravatar.com\/avatar\/55c53222558b27a72015a64073a80edce4abd33369394b9bf2c5cd6c19d12682?s=96&d=mm&r=g","caption":"Eva Martin"},"description":"Je parle de business et d'entrepreneuriat avec des conseils clairs, concrets et actionnables pour r\u00e9ussir","sameAs":["https:\/\/x.com\/Evaapresecole"],"url":"https:\/\/www.apres-lecole.fr\/Blog\/author\/evamartin\/"}]}},"views":13,"_links":{"self":[{"href":"https:\/\/www.apres-lecole.fr\/Blog\/wp-json\/wp\/v2\/posts\/2072","targetHints":{"allow":["GET"]}}],"collection":[{"href":"https:\/\/www.apres-lecole.fr\/Blog\/wp-json\/wp\/v2\/posts"}],"about":[{"href":"https:\/\/www.apres-lecole.fr\/Blog\/wp-json\/wp\/v2\/types\/post"}],"author":[{"embeddable":true,"href":"https:\/\/www.apres-lecole.fr\/Blog\/wp-json\/wp\/v2\/users\/9"}],"replies":[{"embeddable":true,"href":"https:\/\/www.apres-lecole.fr\/Blog\/wp-json\/wp\/v2\/comments?post=2072"}],"version-history":[{"count":0,"href":"https:\/\/www.apres-lecole.fr\/Blog\/wp-json\/wp\/v2\/posts\/2072\/revisions"}],"wp:featuredmedia":[{"embeddable":true,"href":"https:\/\/www.apres-lecole.fr\/Blog\/wp-json\/wp\/v2\/media\/2071"}],"wp:attachment":[{"href":"https:\/\/www.apres-lecole.fr\/Blog\/wp-json\/wp\/v2\/media?parent=2072"}],"wp:term":[{"taxonomy":"category","embeddable":true,"href":"https:\/\/www.apres-lecole.fr\/Blog\/wp-json\/wp\/v2\/categories?post=2072"},{"taxonomy":"post_tag","embeddable":true,"href":"https:\/\/www.apres-lecole.fr\/Blog\/wp-json\/wp\/v2\/tags?post=2072"}],"curies":[{"name":"wp","href":"https:\/\/api.w.org\/{rel}","templated":true}]}}