{"id":2070,"date":"2025-07-06T07:08:37","date_gmt":"2025-07-06T07:08:37","guid":{"rendered":"https:\/\/www.apres-lecole.fr\/Blog\/ecole-innovante-transition-ecologique\/"},"modified":"2025-07-06T07:08:37","modified_gmt":"2025-07-06T07:08:37","slug":"ecole-innovante-transition-ecologique","status":"publish","type":"post","link":"https:\/\/www.apres-lecole.fr\/Blog\/ecole-innovante-transition-ecologique\/","title":{"rendered":"Saint-Malo-de-Guersac : une \u00e9cole innovante pour promouvoir la transition \u00e9cologique et \u00e9nerg\u00e9tique"},"content":{"rendered":"\n\n<div class=\"kk-star-ratings kksr-auto kksr-align-left kksr-valign-top\"\n    data-payload='{&quot;align&quot;:&quot;left&quot;,&quot;id&quot;:&quot;2070&quot;,&quot;slug&quot;:&quot;default&quot;,&quot;valign&quot;:&quot;top&quot;,&quot;ignore&quot;:&quot;&quot;,&quot;reference&quot;:&quot;auto&quot;,&quot;class&quot;:&quot;&quot;,&quot;count&quot;:&quot;0&quot;,&quot;legendonly&quot;:&quot;&quot;,&quot;readonly&quot;:&quot;&quot;,&quot;score&quot;:&quot;0&quot;,&quot;starsonly&quot;:&quot;&quot;,&quot;best&quot;:&quot;5&quot;,&quot;gap&quot;:&quot;5&quot;,&quot;greet&quot;:&quot;Rate this post&quot;,&quot;legend&quot;:&quot;0\\\/5 - (0 vote)&quot;,&quot;size&quot;:&quot;24&quot;,&quot;title&quot;:&quot;Saint-Malo-de-Guersac : une \u00e9cole innovante pour promouvoir la transition \u00e9cologique et \u00e9nerg\u00e9tique&quot;,&quot;width&quot;:&quot;0&quot;,&quot;_legend&quot;:&quot;{score}\\\/{best} - ({count} {votes})&quot;,&quot;font_factor&quot;:&quot;1.25&quot;}'>\n            \n<div class=\"kksr-stars\">\n    \n<div class=\"kksr-stars-inactive\">\n            <div class=\"kksr-star\" data-star=\"1\" style=\"padding-right: 5px\">\n            \n\n<div class=\"kksr-icon\" style=\"width: 24px; height: 24px;\"><\/div>\n        <\/div>\n            <div class=\"kksr-star\" data-star=\"2\" style=\"padding-right: 5px\">\n            \n\n<div class=\"kksr-icon\" style=\"width: 24px; height: 24px;\"><\/div>\n        <\/div>\n            <div class=\"kksr-star\" data-star=\"3\" style=\"padding-right: 5px\">\n            \n\n<div class=\"kksr-icon\" style=\"width: 24px; height: 24px;\"><\/div>\n        <\/div>\n            <div class=\"kksr-star\" data-star=\"4\" style=\"padding-right: 5px\">\n            \n\n<div class=\"kksr-icon\" style=\"width: 24px; height: 24px;\"><\/div>\n        <\/div>\n            <div class=\"kksr-star\" data-star=\"5\" style=\"padding-right: 5px\">\n            \n\n<div class=\"kksr-icon\" style=\"width: 24px; height: 24px;\"><\/div>\n        <\/div>\n    <\/div>\n    \n<div class=\"kksr-stars-active\" style=\"width: 0px;\">\n            <div class=\"kksr-star\" style=\"padding-right: 5px\">\n            \n\n<div class=\"kksr-icon\" style=\"width: 24px; height: 24px;\"><\/div>\n        <\/div>\n            <div class=\"kksr-star\" style=\"padding-right: 5px\">\n            \n\n<div class=\"kksr-icon\" style=\"width: 24px; height: 24px;\"><\/div>\n        <\/div>\n            <div class=\"kksr-star\" style=\"padding-right: 5px\">\n            \n\n<div class=\"kksr-icon\" style=\"width: 24px; height: 24px;\"><\/div>\n        <\/div>\n            <div class=\"kksr-star\" style=\"padding-right: 5px\">\n            \n\n<div class=\"kksr-icon\" style=\"width: 24px; height: 24px;\"><\/div>\n        <\/div>\n            <div class=\"kksr-star\" style=\"padding-right: 5px\">\n            \n\n<div class=\"kksr-icon\" style=\"width: 24px; height: 24px;\"><\/div>\n        <\/div>\n    <\/div>\n<\/div>\n                \n\n<div class=\"kksr-legend\" style=\"font-size: 19.2px;\">\n            <span class=\"kksr-muted\">Rate this post<\/span>\n    <\/div>\n    <\/div>\n<p>\u00c0 Saint-Malo-de-Guersac, un nouvel \u00e9tablissement scolaire fait sensation : l&rsquo;\u00e9cole Genevi\u00e8ve-Grattier. Plus qu&rsquo;un simple b\u00e2timent, cette \u00e9cole innovante s&rsquo;impose comme un v\u00e9ritable mod\u00e8le de transition \u00e9cologique et \u00e9nerg\u00e9tique. En 2025, alors que la plan\u00e8te pr\u00e9conise des changements urgents, l&rsquo;\u00e9cole se penche sur une \u00e9ducation durable et des pratiques respectueuses de l&rsquo;environnement. Elle poursuit un objectif crucial : sensibiliser les jeunes g\u00e9n\u00e9rations aux enjeux \u00e9cologiques qui les entourent tout en int\u00e9grant des solutions \u00e9nerg\u00e9tiques novatrices. Qui aurait cru que les murs d&rsquo;une \u00e9cole puissent r\u00e9sonner avec les appels \u00e0 la sauvegarde de notre plan\u00e8te ? C&rsquo;est ici, \u00e0 Saint-Malo-de-Guersac, que se dresse l&rsquo;avenir d&rsquo;une \u00e9ducation tourn\u00e9e vers la nature.<\/p>\n\n<h2 class=\"wp-block-heading\">Les coulisses de la construction de l&rsquo;\u00c9cole Innovante Saint-Malo-de-Guersac<\/h2>\n\n<p>\u00c0 l\u2019origine du projet se trouve une volont\u00e9 partag\u00e9e entre la commune et des experts en \u00e9ducation. Les plans de l&rsquo;\u00e9cole Genevi\u00e8ve-Grattier ont \u00e9t\u00e9 d\u00e9pos\u00e9s pour maximiser l&rsquo;utilisation de mat\u00e9riaux durables. La consultation de la communaut\u00e9 a jou\u00e9 un r\u00f4le essentiel dans la conception de cet \u00e9cosyst\u00e8me \u00e9ducatif. L&rsquo;infrastructure scolaire a \u00e9t\u00e9 r\u00e9fl\u00e9chie autour de principesY de l&rsquo;<strong>innovation \u00e9nerg\u00e9tique<\/strong>,caract\u00e9ris\u00e9s par des choix architecturaux adapt\u00e9s \u00e0 la transition \u00e9nerg\u00e9tique en Bretagne.<\/p>\n\n<p>Les murs, \u00e9quip\u00e9s de panneaux solaires, garantissent une part significative d&rsquo;<strong>\u00e9nergie verte<\/strong> pour le fonctionnement quotidien de l&rsquo;\u00e9tablissement. Les fen\u00eatres, con\u00e7ues pour optimiser la lumi\u00e8re naturelle, r\u00e9duisent le besoin en \u00e9clairage artificiel. En revanche, l&rsquo;isolation ultra-performante permet de r\u00e9duire le gaspillage \u00e9nerg\u00e9tique.\u00bb Gr\u00e2ce \u00e0 des solutions architecturales modernes et durables, cette \u00e9cole montre qu&rsquo;il est possible d&rsquo;allier design et \u00e9ducation \u00e9cologique.<\/p>\n\n<h3 class=\"wp-block-heading\">La p\u00e9dagogie au c\u0153ur de la transition \u00e9cologique<\/h3>\n\n<p>Parlant d&rsquo;\u00e9ducation, rien n&rsquo;est laiss\u00e9 au hasard dans la conception p\u00e9dagogique de l&rsquo;\u00e9cole. Les valeurs de l&rsquo;<strong>\u00c9ducation au D\u00e9veloppement Durable<\/strong> sont int\u00e9gr\u00e9es dans chaque discipline. La m\u00e9thode d&rsquo;apprentissage mise en \u0153uvre favorise une approche active et participative, encourageant les \u00e9l\u00e8ves \u00e0 explorer les probl\u00e9matiques environnementales \u00e0 travers des projets concrets.<\/p>\n\n<p>Chaque classe devient ainsi un <strong>Sustainable Learning Center<\/strong>, o\u00f9 les \u00e9l\u00e8ves s&rsquo;engagent dans des activit\u00e9s de jardinage, d&rsquo;\u00e9levage d&rsquo;insectes pollinisateurs et m\u00eame d&rsquo;utilisation de ressources renouvelables pour apprendre \u00e0 produire leur propre \u00e9nergie.<\/p>\n\n<ul class=\"wp-block-list\"><li>\ud83c\udf31 Projets de jardinage en permaculture.<\/li><li>\ud83e\udd8b \u00c9levage et \u00e9tude des insectes pollinisateurs<\/li><li>\ud83d\udd0c Vishy des \u00e9nergies renouvelables en pratique<\/li><li>\ud83c\udf0d Sensibilisation \u00e0 la biodiversit\u00e9 locale<\/li><\/ul>\n\n<figure class=\"wp-block-table\"><table>\n<thead>\n<tr>\n<th>Activit\u00e9s<\/th>\n<th>Objectif<\/th>\n<th>Impact \u00c9cologique<\/th>\n<\/tr>\n<\/thead>\n<tbody>\n<tr>\n<td>Projets de jardinage<\/td>\n<td>Comprendre la biodiversit\u00e9<\/td>\n<td>Am\u00e9lioration de la qualit\u00e9 de l&rsquo;air<\/td>\n<\/tr>\n<tr>\n<td>\u00c9levage d&rsquo;insectes<\/td>\n<td>\u00c9tudier les pollinisateurs<\/td>\n<td>Pr\u00e9servation des esp\u00e8ces locales<\/td>\n<\/tr>\n<tr>\n<td>\u00c9nergies renouvelables<\/td>\n<td>Produire sur place<\/td>\n<td>R\u00e9duction des \u00e9missions de CO2<\/td>\n<\/tr>\n<\/tbody>\n<\/table><\/figure>\n\n<h2 class=\"wp-block-heading\">L&rsquo;implication des familles dans le projet \u00e9ducatif<\/h2>\n\n<p>Un projet aussi ambitieux ne peut se concr\u00e9tiser sans l&rsquo;implication active des familles. \u00c0 Saint-Malo-de-Guersac, des r\u00e9unions r\u00e9guli\u00e8res sont organis\u00e9es pour mobiliser les parents autour de la mission de l&rsquo;\u00e9cole. Ces rencontres permettent \u00e0 la communaut\u00e9 de s&rsquo;unir autour des valeurs \u00e9coresponsables, promouvant une <strong>\u00e9cole de la nature<\/strong> o\u00f9 chacun contribue \u00e0 un avenir durable.<\/p>\n\n<p>Les parents peuvent aussi participer aux ateliers organis\u00e9s par l&rsquo;\u00e9cole, fait souvent par des sp\u00e9cialistes en \u00e9cologie. Cela cr\u00e9e un lien fort entre l&rsquo;\u00e9cole et les familles, tout en offrant l&rsquo;occasion aux parents d&rsquo;apprendre eux-m\u00eames et d&rsquo;appliquer leurs nouvelles connaissances chez eux. De cette symbiose \u00e9merge une \u00e9ducation propice \u00e0 <strong>promouvoir l&rsquo;\u00e9cologie<\/strong>.<\/p>\n\n<h3 class=\"wp-block-heading\">Les ateliers parents-enfants<\/h3>\n\n<p>Ces ateliers, anim\u00e9s par des experts, se passent dans un cadre ludique et informatif. Les th\u00e8mes varient et peuvent inclure :<\/p>\n\n<ul class=\"wp-block-list\"><li>\ud83c\udf3e La cr\u00e9ation d&rsquo;un potager.<\/li><li>\ud83c\udf3f La fabrication de produits m\u00e9nagers \u00e9cologiques.<\/li><li>\ud83c\udf0a Sensibilisation \u00e0 la gestion de l&rsquo;eau.<\/li><\/ul>\n\n<p>Ces moments de partage renforcent les comp\u00e9tences environnementales et nouent des liens pr\u00e9cieux entre les g\u00e9n\u00e9rations. Les enfants, encourag\u00e9s par leurs parents, deviennent des ambassadeurs de la transition \u00e9nerg\u00e9tique au sein de leur communaut\u00e9.<\/p>\n\n<h2 class=\"wp-block-heading\">Des r\u00e9sultats concrets et palpables \u00e0 la crois\u00e9e des chemins<\/h2>\n\n<p>Avec ce mod\u00e8le \u00e9ducatif innovant, Saint-Malo-de-Guersac observe d\u00e9j\u00e0 des r\u00e9sultats \u00e9tonnants. L&rsquo;\u00e9cole a \u00e9t\u00e9 prim\u00e9e pour sa d\u00e9marche et s&rsquo;inscrit dans une initiative plus large de cr\u00e9ation d&rsquo;<strong>Eco-Campus Bretagne<\/strong>. Le tableau de bord des am\u00e9liorations montre une r\u00e9duction significative de la consommation d&rsquo;\u00e9nergie et une dynamique positive au sein de la communaut\u00e9 scolaire.<\/p>\n\n<p>Le passage \u00e0 une <strong>transition \u00e9nerg\u00e9tique<\/strong> n&rsquo;est pas qu&rsquo;un simple concept, mais une r\u00e9alit\u00e9 palpable ici. D&rsquo;autres \u00e9coles de la r\u00e9gion prennent exemple sur ce mod\u00e8le, en cherchant \u00e0 d\u00e9velopper des infrastructures semblables. Voici un aper\u00e7u des r\u00e9sultats de l&rsquo;\u00e9cole :<\/p>\n\n<figure class=\"wp-block-table\"><table>\n<thead>\n<tr>\n<th>Indicateurs<\/th>\n<th>Avant l&rsquo;ouverture<\/th>\n<th>Apr\u00e8s un an<\/th>\n<\/tr>\n<\/thead>\n<tbody>\n<tr>\n<td>Consommation d&rsquo;\u00e9nergie (kWh)<\/td>\n<td>150 000<\/td>\n<td>70 000<\/td>\n<\/tr>\n<tr>\n<td>\u00c9missions de CO2 (tonnes)<\/td>\n<td>45<\/td>\n<td>20<\/td>\n<\/tr>\n<tr>\n<td>Participation parentale (%)<\/td>\n<td>30<\/td>\n<td>70<\/td>\n<\/tr>\n<\/tbody>\n<\/table><\/figure>\n\n<p>Ces r\u00e9sultats d\u00e9montrent non seulement l&rsquo;engagement vers un avenir plus durable mais aussi l&rsquo;engouement suscit\u00e9 au sein des \u00e9l\u00e8ves et des familles, incarnant ainsi la promesse de cette \u00e9cole innovante.<\/p>\n\n<h2 class=\"wp-block-heading\">Comparaison avec d&rsquo;autres initiatives en France<\/h2>\n\n<p>Saint-Malo-de-Guersac ne fait pas cavalier seul. De nombreuses initiatives \u00e0 travers la France \u00e9mergent, \u00e0 l&rsquo;instar de l&rsquo;<a href=\"https:\/\/www.apres-lecole.fr\/Blog\/innovation-ecole-modulaire-tours\/\">\u00e9cole modulaire \u00e0 Tours<\/a> qui privil\u00e9gie les mat\u00e9riaux \u00e9cologiques, ou encore l&rsquo;<a href=\"https:\/\/www.apres-lecole.fr\/Blog\/ecole-albi-mini-ferme\/\">\u00e9cole \u00e0 Albi<\/a> qui a int\u00e9gr\u00e9 une mini-ferme au sein de son programme \u00e9ducatif.<\/p>\n\n<p>Ces projets illustrent une dynamique collective qui va au-del\u00e0 des fronti\u00e8res r\u00e9gionales. Voici quelques exemples concrets d&rsquo;\u00e9coles en France qui suivent cette tendance vers la durabilit\u00e9 :<\/p>\n\n<ul class=\"wp-block-list\"><li>\ud83c\udf33 \u00c9cole de Mougins avec sa g\u00e9othermie : un mod\u00e8le \u00e9nerg\u00e9tique.<\/li><li>\ud83d\udcda \u00c9cole en Finist\u00e8re avec son programme de 10 000 km d\u2019exploration \u00e9cologique.<\/li><li>\ud83c\udf0d L\u2019\u00e9cole Doisneau \u00e0 Cherbourg et sa m\u00e9thode de d\u00e9constructions respectueuse.<\/li><\/ul>\n\n<figure class=\"wp-block-table\"><table>\n<thead>\n<tr>\n<th>\u00c9cole<\/th>\n<th>Localisation<\/th>\n<th>Caract\u00e9ristique<\/th>\n<\/tr>\n<\/thead>\n<tbody>\n<tr>\n<td>\u00c9cole modulaire<\/td>\n<td>Tours<\/td>\n<td>Mat\u00e9riaux recyclables<\/td>\n<\/tr>\n<tr>\n<td>\u00c9cole \u00e0 Albi<\/td>\n<td>Albi<\/td>\n<td>Mini-ferme int\u00e9gr\u00e9e<\/td>\n<\/tr>\n<tr>\n<td>\u00c9cole de Mougins<\/td>\n<td>Mougins<\/td>\n<td>Syst\u00e8me g\u00e9othermique<\/td>\n<\/tr>\n<\/tbody>\n<\/table><\/figure>\n\n<h2 class=\"wp-block-heading\">FAQ<\/h2>\n\n<p><strong>Quel est l&rsquo;objectif principal de l&rsquo;\u00e9cole Genevi\u00e8ve-Grattier ?<\/strong><\/p>\n\n<p>Son objectif est de promouvoir l&rsquo;\u00e9ducation au d\u00e9veloppement durable et de sensibiliser les \u00e9l\u00e8ves \u00e0 la transition \u00e9cologique.<\/p>\n\n<p><strong>Comment les parents peuvent-ils s&rsquo;impliquer ?<\/strong><\/p>\n\n<p>Les parents sont invit\u00e9s \u00e0 participer aux ateliers et activit\u00e9s organis\u00e9s par l&rsquo;\u00e9cole pour renforcer la sensibilisation \u00e0 l&rsquo;\u00e9cologie.<\/p>\n\n<p><strong>Quels types d&rsquo;activit\u00e9s sont propos\u00e9es aux \u00e9l\u00e8ves ?<\/strong><\/p>\n\n<p>Des projets de jardinage, des visites de sites \u00e9cologiques et des ateliers pratiques autour des \u00e9nergies renouvelables.<\/p>\n\n<p><strong>Est-ce que d&rsquo;autres \u00e9coles suivent cet exemple ?<\/strong><\/p>\n\n<p>Oui, plusieurs initiatives similaires se d\u00e9veloppent \u00e0 travers la France, chacune avec ses sp\u00e9cificit\u00e9s.<\/p>\n\n<p><strong>Quelles sont les retomb\u00e9es positives de cet engagement ?<\/strong><\/p>\n\n<p>Les r\u00e9sultats incluent une r\u00e9duction significative de la consommation d&rsquo;\u00e9nergie et un fort engagement communautaire.<\/p>\n\n","protected":false},"excerpt":{"rendered":"<p>\u00c0 Saint-Malo-de-Guersac, un nouvel \u00e9tablissement scolaire fait sensation : l&rsquo;\u00e9cole Genevi\u00e8ve-Grattier. Plus qu&rsquo;un simple b\u00e2timent, cette \u00e9cole innovante s&rsquo;impose comme un v\u00e9ritable mod\u00e8le de transition \u00e9cologique et \u00e9nerg\u00e9tique. En 2025, alors que la plan\u00e8te pr\u00e9conise des changements urgents, l&rsquo;\u00e9cole se penche sur une \u00e9ducation durable et des pratiques respectueuses de l&rsquo;environnement. Elle poursuit un objectif &#8230; <a title=\"Saint-Malo-de-Guersac : une \u00e9cole innovante pour promouvoir la transition \u00e9cologique et \u00e9nerg\u00e9tique\" class=\"read-more\" href=\"https:\/\/www.apres-lecole.fr\/Blog\/ecole-innovante-transition-ecologique\/\" aria-label=\"En savoir plus sur Saint-Malo-de-Guersac : une \u00e9cole innovante pour promouvoir la transition \u00e9cologique et \u00e9nerg\u00e9tique\">Lire plus<\/a><\/p>\n","protected":false},"author":9,"featured_media":2069,"comment_status":"open","ping_status":"open","sticky":false,"template":"","format":"standard","meta":{"footnotes":""},"categories":[342],"tags":[796,412,1171,1172,1173],"class_list":["post-2070","post","type-post","status-publish","format-standard","has-post-thumbnail","hentry","category-actualites","tag-ecole-innovante","tag-education","tag-saint-malo-de-guersac","tag-transition-ecologique","tag-transition-energetique"],"yoast_head":"<!-- This site is optimized with the Yoast SEO plugin v27.5 - https:\/\/yoast.com\/product\/yoast-seo-wordpress\/ -->\n<title>Saint-malo-de-guersac : une \u00e9cole pionni\u00e8re pour une transition verte<\/title>\n<meta name=\"description\" content=\"D\u00e9couvrez l&#039;\u00e9cole innovante de Saint-Malo-de-Guersac, engag\u00e9e dans la transition \u00e9cologique et \u00e9nerg\u00e9tique pour un avenir durable.\" \/>\n<meta name=\"robots\" content=\"index, follow, max-snippet:-1, max-image-preview:large, max-video-preview:-1\" \/>\n<link rel=\"canonical\" href=\"https:\/\/www.apres-lecole.fr\/Blog\/ecole-innovante-transition-ecologique\/\" \/>\n<meta property=\"og:locale\" content=\"fr_FR\" \/>\n<meta property=\"og:type\" content=\"article\" \/>\n<meta property=\"og:title\" content=\"Saint-malo-de-guersac : une \u00e9cole pionni\u00e8re pour une transition verte\" \/>\n<meta property=\"og:description\" content=\"D\u00e9couvrez l&#039;\u00e9cole innovante de Saint-Malo-de-Guersac, engag\u00e9e dans la transition \u00e9cologique et \u00e9nerg\u00e9tique pour un avenir durable.\" \/>\n<meta property=\"og:url\" content=\"https:\/\/www.apres-lecole.fr\/Blog\/ecole-innovante-transition-ecologique\/\" \/>\n<meta property=\"article:published_time\" content=\"2025-07-06T07:08:37+00:00\" \/>\n<meta property=\"og:image\" content=\"https:\/\/www.apres-lecole.fr\/Blog\/wp-content\/uploads\/2025\/07\/Saint-Malo-de-Guersac-une-ecole-innovante-pour-promouvoir-la-transition-ecologique-et-energetique.jpg\" \/>\n\t<meta property=\"og:image:width\" content=\"1344\" \/>\n\t<meta property=\"og:image:height\" content=\"768\" \/>\n\t<meta property=\"og:image:type\" content=\"image\/jpeg\" \/>\n<meta name=\"author\" content=\"Eva Martin\" \/>\n<meta name=\"twitter:card\" content=\"summary_large_image\" \/>\n<meta name=\"twitter:creator\" content=\"@Evaapresecole\" \/>\n<meta name=\"twitter:label1\" content=\"\u00c9crit par\" \/>\n\t<meta name=\"twitter:data1\" content=\"Eva Martin\" \/>\n\t<meta name=\"twitter:label2\" content=\"Dur\u00e9e de lecture estim\u00e9e\" \/>\n\t<meta name=\"twitter:data2\" content=\"5 minutes\" \/>\n<script type=\"application\/ld+json\" class=\"yoast-schema-graph\">{\"@context\":\"https:\\\/\\\/schema.org\",\"@graph\":[{\"@type\":\"Article\",\"@id\":\"https:\\\/\\\/www.apres-lecole.fr\\\/Blog\\\/ecole-innovante-transition-ecologique\\\/#article\",\"isPartOf\":{\"@id\":\"https:\\\/\\\/www.apres-lecole.fr\\\/Blog\\\/ecole-innovante-transition-ecologique\\\/\"},\"author\":{\"name\":\"Eva Martin\",\"@id\":\"https:\\\/\\\/www.apres-lecole.fr\\\/Blog\\\/#\\\/schema\\\/person\\\/aeb50cd4b51fc69da155804bb5bb9fc4\"},\"headline\":\"Saint-Malo-de-Guersac : une \u00e9cole innovante pour promouvoir la transition \u00e9cologique et \u00e9nerg\u00e9tique\",\"datePublished\":\"2025-07-06T07:08:37+00:00\",\"mainEntityOfPage\":{\"@id\":\"https:\\\/\\\/www.apres-lecole.fr\\\/Blog\\\/ecole-innovante-transition-ecologique\\\/\"},\"wordCount\":1149,\"commentCount\":0,\"image\":{\"@id\":\"https:\\\/\\\/www.apres-lecole.fr\\\/Blog\\\/ecole-innovante-transition-ecologique\\\/#primaryimage\"},\"thumbnailUrl\":\"https:\\\/\\\/www.apres-lecole.fr\\\/Blog\\\/wp-content\\\/uploads\\\/2025\\\/07\\\/Saint-Malo-de-Guersac-une-ecole-innovante-pour-promouvoir-la-transition-ecologique-et-energetique.jpg\",\"keywords\":[\"\u00e9cole innovante\",\"\u00e9ducation\",\"saint-malo-de-guersac\",\"transition \u00e9cologique\",\"transition \u00e9nerg\u00e9tique\"],\"articleSection\":[\"Actualit\u00e9s\"],\"inLanguage\":\"fr-FR\",\"potentialAction\":[{\"@type\":\"CommentAction\",\"name\":\"Comment\",\"target\":[\"https:\\\/\\\/www.apres-lecole.fr\\\/Blog\\\/ecole-innovante-transition-ecologique\\\/#respond\"]}]},{\"@type\":\"WebPage\",\"@id\":\"https:\\\/\\\/www.apres-lecole.fr\\\/Blog\\\/ecole-innovante-transition-ecologique\\\/\",\"url\":\"https:\\\/\\\/www.apres-lecole.fr\\\/Blog\\\/ecole-innovante-transition-ecologique\\\/\",\"name\":\"Saint-malo-de-guersac : une \u00e9cole pionni\u00e8re pour une transition verte\",\"isPartOf\":{\"@id\":\"https:\\\/\\\/www.apres-lecole.fr\\\/Blog\\\/#website\"},\"primaryImageOfPage\":{\"@id\":\"https:\\\/\\\/www.apres-lecole.fr\\\/Blog\\\/ecole-innovante-transition-ecologique\\\/#primaryimage\"},\"image\":{\"@id\":\"https:\\\/\\\/www.apres-lecole.fr\\\/Blog\\\/ecole-innovante-transition-ecologique\\\/#primaryimage\"},\"thumbnailUrl\":\"https:\\\/\\\/www.apres-lecole.fr\\\/Blog\\\/wp-content\\\/uploads\\\/2025\\\/07\\\/Saint-Malo-de-Guersac-une-ecole-innovante-pour-promouvoir-la-transition-ecologique-et-energetique.jpg\",\"datePublished\":\"2025-07-06T07:08:37+00:00\",\"author\":{\"@id\":\"https:\\\/\\\/www.apres-lecole.fr\\\/Blog\\\/#\\\/schema\\\/person\\\/aeb50cd4b51fc69da155804bb5bb9fc4\"},\"description\":\"D\u00e9couvrez l'\u00e9cole innovante de Saint-Malo-de-Guersac, engag\u00e9e dans la transition \u00e9cologique et \u00e9nerg\u00e9tique pour un avenir durable.\",\"breadcrumb\":{\"@id\":\"https:\\\/\\\/www.apres-lecole.fr\\\/Blog\\\/ecole-innovante-transition-ecologique\\\/#breadcrumb\"},\"inLanguage\":\"fr-FR\",\"potentialAction\":[{\"@type\":\"ReadAction\",\"target\":[\"https:\\\/\\\/www.apres-lecole.fr\\\/Blog\\\/ecole-innovante-transition-ecologique\\\/\"]}]},{\"@type\":\"ImageObject\",\"inLanguage\":\"fr-FR\",\"@id\":\"https:\\\/\\\/www.apres-lecole.fr\\\/Blog\\\/ecole-innovante-transition-ecologique\\\/#primaryimage\",\"url\":\"https:\\\/\\\/www.apres-lecole.fr\\\/Blog\\\/wp-content\\\/uploads\\\/2025\\\/07\\\/Saint-Malo-de-Guersac-une-ecole-innovante-pour-promouvoir-la-transition-ecologique-et-energetique.jpg\",\"contentUrl\":\"https:\\\/\\\/www.apres-lecole.fr\\\/Blog\\\/wp-content\\\/uploads\\\/2025\\\/07\\\/Saint-Malo-de-Guersac-une-ecole-innovante-pour-promouvoir-la-transition-ecologique-et-energetique.jpg\",\"width\":1344,\"height\":768,\"caption\":\"d\u00e9couvrez l'\u00e9cole innovante de saint-malo-de-guersac, d\u00e9di\u00e9e \u00e0 la promotion de la transition \u00e9cologique et \u00e9nerg\u00e9tique. engag\u00e9e pour un avenir durable, elle offre des m\u00e9thodes d'apprentissage qui sensibilisent les \u00e9l\u00e8ves aux enjeux environnementaux tout en les pr\u00e9parant \u00e0 devenir des acteurs du changement.\"},{\"@type\":\"BreadcrumbList\",\"@id\":\"https:\\\/\\\/www.apres-lecole.fr\\\/Blog\\\/ecole-innovante-transition-ecologique\\\/#breadcrumb\",\"itemListElement\":[{\"@type\":\"ListItem\",\"position\":1,\"name\":\"Home\",\"item\":\"https:\\\/\\\/www.apres-lecole.fr\\\/Blog\\\/\"},{\"@type\":\"ListItem\",\"position\":2,\"name\":\"Saint-Malo-de-Guersac : une \u00e9cole innovante pour promouvoir la transition \u00e9cologique et \u00e9nerg\u00e9tique\"}]},{\"@type\":\"WebSite\",\"@id\":\"https:\\\/\\\/www.apres-lecole.fr\\\/Blog\\\/#website\",\"url\":\"https:\\\/\\\/www.apres-lecole.fr\\\/Blog\\\/\",\"name\":\"\",\"description\":\"M\u00e9dia g\u00e9n\u00e9raliste\",\"potentialAction\":[{\"@type\":\"SearchAction\",\"target\":{\"@type\":\"EntryPoint\",\"urlTemplate\":\"https:\\\/\\\/www.apres-lecole.fr\\\/Blog\\\/?s={search_term_string}\"},\"query-input\":{\"@type\":\"PropertyValueSpecification\",\"valueRequired\":true,\"valueName\":\"search_term_string\"}}],\"inLanguage\":\"fr-FR\"},{\"@type\":\"Person\",\"@id\":\"https:\\\/\\\/www.apres-lecole.fr\\\/Blog\\\/#\\\/schema\\\/person\\\/aeb50cd4b51fc69da155804bb5bb9fc4\",\"name\":\"Eva Martin\",\"image\":{\"@type\":\"ImageObject\",\"inLanguage\":\"fr-FR\",\"@id\":\"https:\\\/\\\/secure.gravatar.com\\\/avatar\\\/55c53222558b27a72015a64073a80edce4abd33369394b9bf2c5cd6c19d12682?s=96&d=mm&r=g\",\"url\":\"https:\\\/\\\/secure.gravatar.com\\\/avatar\\\/55c53222558b27a72015a64073a80edce4abd33369394b9bf2c5cd6c19d12682?s=96&d=mm&r=g\",\"contentUrl\":\"https:\\\/\\\/secure.gravatar.com\\\/avatar\\\/55c53222558b27a72015a64073a80edce4abd33369394b9bf2c5cd6c19d12682?s=96&d=mm&r=g\",\"caption\":\"Eva Martin\"},\"description\":\"Je parle de business et d'entrepreneuriat avec des conseils clairs, concrets et actionnables pour r\u00e9ussir\",\"sameAs\":[\"https:\\\/\\\/x.com\\\/Evaapresecole\"],\"url\":\"https:\\\/\\\/www.apres-lecole.fr\\\/Blog\\\/author\\\/evamartin\\\/\"}]}<\/script>\n<!-- \/ Yoast SEO plugin. -->","yoast_head_json":{"title":"Saint-malo-de-guersac : une \u00e9cole pionni\u00e8re pour une transition verte","description":"D\u00e9couvrez l'\u00e9cole innovante de Saint-Malo-de-Guersac, engag\u00e9e dans la transition \u00e9cologique et \u00e9nerg\u00e9tique pour un avenir durable.","robots":{"index":"index","follow":"follow","max-snippet":"max-snippet:-1","max-image-preview":"max-image-preview:large","max-video-preview":"max-video-preview:-1"},"canonical":"https:\/\/www.apres-lecole.fr\/Blog\/ecole-innovante-transition-ecologique\/","og_locale":"fr_FR","og_type":"article","og_title":"Saint-malo-de-guersac : une \u00e9cole pionni\u00e8re pour une transition verte","og_description":"D\u00e9couvrez l'\u00e9cole innovante de Saint-Malo-de-Guersac, engag\u00e9e dans la transition \u00e9cologique et \u00e9nerg\u00e9tique pour un avenir durable.","og_url":"https:\/\/www.apres-lecole.fr\/Blog\/ecole-innovante-transition-ecologique\/","article_published_time":"2025-07-06T07:08:37+00:00","og_image":[{"width":1344,"height":768,"url":"https:\/\/www.apres-lecole.fr\/Blog\/wp-content\/uploads\/2025\/07\/Saint-Malo-de-Guersac-une-ecole-innovante-pour-promouvoir-la-transition-ecologique-et-energetique.jpg","type":"image\/jpeg"}],"author":"Eva Martin","twitter_card":"summary_large_image","twitter_creator":"@Evaapresecole","twitter_misc":{"\u00c9crit par":"Eva Martin","Dur\u00e9e de lecture estim\u00e9e":"5 minutes"},"schema":{"@context":"https:\/\/schema.org","@graph":[{"@type":"Article","@id":"https:\/\/www.apres-lecole.fr\/Blog\/ecole-innovante-transition-ecologique\/#article","isPartOf":{"@id":"https:\/\/www.apres-lecole.fr\/Blog\/ecole-innovante-transition-ecologique\/"},"author":{"name":"Eva Martin","@id":"https:\/\/www.apres-lecole.fr\/Blog\/#\/schema\/person\/aeb50cd4b51fc69da155804bb5bb9fc4"},"headline":"Saint-Malo-de-Guersac : une \u00e9cole innovante pour promouvoir la transition \u00e9cologique et \u00e9nerg\u00e9tique","datePublished":"2025-07-06T07:08:37+00:00","mainEntityOfPage":{"@id":"https:\/\/www.apres-lecole.fr\/Blog\/ecole-innovante-transition-ecologique\/"},"wordCount":1149,"commentCount":0,"image":{"@id":"https:\/\/www.apres-lecole.fr\/Blog\/ecole-innovante-transition-ecologique\/#primaryimage"},"thumbnailUrl":"https:\/\/www.apres-lecole.fr\/Blog\/wp-content\/uploads\/2025\/07\/Saint-Malo-de-Guersac-une-ecole-innovante-pour-promouvoir-la-transition-ecologique-et-energetique.jpg","keywords":["\u00e9cole innovante","\u00e9ducation","saint-malo-de-guersac","transition \u00e9cologique","transition \u00e9nerg\u00e9tique"],"articleSection":["Actualit\u00e9s"],"inLanguage":"fr-FR","potentialAction":[{"@type":"CommentAction","name":"Comment","target":["https:\/\/www.apres-lecole.fr\/Blog\/ecole-innovante-transition-ecologique\/#respond"]}]},{"@type":"WebPage","@id":"https:\/\/www.apres-lecole.fr\/Blog\/ecole-innovante-transition-ecologique\/","url":"https:\/\/www.apres-lecole.fr\/Blog\/ecole-innovante-transition-ecologique\/","name":"Saint-malo-de-guersac : une \u00e9cole pionni\u00e8re pour une transition verte","isPartOf":{"@id":"https:\/\/www.apres-lecole.fr\/Blog\/#website"},"primaryImageOfPage":{"@id":"https:\/\/www.apres-lecole.fr\/Blog\/ecole-innovante-transition-ecologique\/#primaryimage"},"image":{"@id":"https:\/\/www.apres-lecole.fr\/Blog\/ecole-innovante-transition-ecologique\/#primaryimage"},"thumbnailUrl":"https:\/\/www.apres-lecole.fr\/Blog\/wp-content\/uploads\/2025\/07\/Saint-Malo-de-Guersac-une-ecole-innovante-pour-promouvoir-la-transition-ecologique-et-energetique.jpg","datePublished":"2025-07-06T07:08:37+00:00","author":{"@id":"https:\/\/www.apres-lecole.fr\/Blog\/#\/schema\/person\/aeb50cd4b51fc69da155804bb5bb9fc4"},"description":"D\u00e9couvrez l'\u00e9cole innovante de Saint-Malo-de-Guersac, engag\u00e9e dans la transition \u00e9cologique et \u00e9nerg\u00e9tique pour un avenir durable.","breadcrumb":{"@id":"https:\/\/www.apres-lecole.fr\/Blog\/ecole-innovante-transition-ecologique\/#breadcrumb"},"inLanguage":"fr-FR","potentialAction":[{"@type":"ReadAction","target":["https:\/\/www.apres-lecole.fr\/Blog\/ecole-innovante-transition-ecologique\/"]}]},{"@type":"ImageObject","inLanguage":"fr-FR","@id":"https:\/\/www.apres-lecole.fr\/Blog\/ecole-innovante-transition-ecologique\/#primaryimage","url":"https:\/\/www.apres-lecole.fr\/Blog\/wp-content\/uploads\/2025\/07\/Saint-Malo-de-Guersac-une-ecole-innovante-pour-promouvoir-la-transition-ecologique-et-energetique.jpg","contentUrl":"https:\/\/www.apres-lecole.fr\/Blog\/wp-content\/uploads\/2025\/07\/Saint-Malo-de-Guersac-une-ecole-innovante-pour-promouvoir-la-transition-ecologique-et-energetique.jpg","width":1344,"height":768,"caption":"d\u00e9couvrez l'\u00e9cole innovante de saint-malo-de-guersac, d\u00e9di\u00e9e \u00e0 la promotion de la transition \u00e9cologique et \u00e9nerg\u00e9tique. engag\u00e9e pour un avenir durable, elle offre des m\u00e9thodes d'apprentissage qui sensibilisent les \u00e9l\u00e8ves aux enjeux environnementaux tout en les pr\u00e9parant \u00e0 devenir des acteurs du changement."},{"@type":"BreadcrumbList","@id":"https:\/\/www.apres-lecole.fr\/Blog\/ecole-innovante-transition-ecologique\/#breadcrumb","itemListElement":[{"@type":"ListItem","position":1,"name":"Home","item":"https:\/\/www.apres-lecole.fr\/Blog\/"},{"@type":"ListItem","position":2,"name":"Saint-Malo-de-Guersac : une \u00e9cole innovante pour promouvoir la transition \u00e9cologique et \u00e9nerg\u00e9tique"}]},{"@type":"WebSite","@id":"https:\/\/www.apres-lecole.fr\/Blog\/#website","url":"https:\/\/www.apres-lecole.fr\/Blog\/","name":"","description":"M\u00e9dia g\u00e9n\u00e9raliste","potentialAction":[{"@type":"SearchAction","target":{"@type":"EntryPoint","urlTemplate":"https:\/\/www.apres-lecole.fr\/Blog\/?s={search_term_string}"},"query-input":{"@type":"PropertyValueSpecification","valueRequired":true,"valueName":"search_term_string"}}],"inLanguage":"fr-FR"},{"@type":"Person","@id":"https:\/\/www.apres-lecole.fr\/Blog\/#\/schema\/person\/aeb50cd4b51fc69da155804bb5bb9fc4","name":"Eva Martin","image":{"@type":"ImageObject","inLanguage":"fr-FR","@id":"https:\/\/secure.gravatar.com\/avatar\/55c53222558b27a72015a64073a80edce4abd33369394b9bf2c5cd6c19d12682?s=96&d=mm&r=g","url":"https:\/\/secure.gravatar.com\/avatar\/55c53222558b27a72015a64073a80edce4abd33369394b9bf2c5cd6c19d12682?s=96&d=mm&r=g","contentUrl":"https:\/\/secure.gravatar.com\/avatar\/55c53222558b27a72015a64073a80edce4abd33369394b9bf2c5cd6c19d12682?s=96&d=mm&r=g","caption":"Eva Martin"},"description":"Je parle de business et d'entrepreneuriat avec des conseils clairs, concrets et actionnables pour r\u00e9ussir","sameAs":["https:\/\/x.com\/Evaapresecole"],"url":"https:\/\/www.apres-lecole.fr\/Blog\/author\/evamartin\/"}]}},"views":7,"_links":{"self":[{"href":"https:\/\/www.apres-lecole.fr\/Blog\/wp-json\/wp\/v2\/posts\/2070","targetHints":{"allow":["GET"]}}],"collection":[{"href":"https:\/\/www.apres-lecole.fr\/Blog\/wp-json\/wp\/v2\/posts"}],"about":[{"href":"https:\/\/www.apres-lecole.fr\/Blog\/wp-json\/wp\/v2\/types\/post"}],"author":[{"embeddable":true,"href":"https:\/\/www.apres-lecole.fr\/Blog\/wp-json\/wp\/v2\/users\/9"}],"replies":[{"embeddable":true,"href":"https:\/\/www.apres-lecole.fr\/Blog\/wp-json\/wp\/v2\/comments?post=2070"}],"version-history":[{"count":0,"href":"https:\/\/www.apres-lecole.fr\/Blog\/wp-json\/wp\/v2\/posts\/2070\/revisions"}],"wp:featuredmedia":[{"embeddable":true,"href":"https:\/\/www.apres-lecole.fr\/Blog\/wp-json\/wp\/v2\/media\/2069"}],"wp:attachment":[{"href":"https:\/\/www.apres-lecole.fr\/Blog\/wp-json\/wp\/v2\/media?parent=2070"}],"wp:term":[{"taxonomy":"category","embeddable":true,"href":"https:\/\/www.apres-lecole.fr\/Blog\/wp-json\/wp\/v2\/categories?post=2070"},{"taxonomy":"post_tag","embeddable":true,"href":"https:\/\/www.apres-lecole.fr\/Blog\/wp-json\/wp\/v2\/tags?post=2070"}],"curies":[{"name":"wp","href":"https:\/\/api.w.org\/{rel}","templated":true}]}}