{"id":2068,"date":"2025-07-05T07:10:45","date_gmt":"2025-07-05T07:10:45","guid":{"rendered":"https:\/\/www.apres-lecole.fr\/Blog\/ecole-plein-air-accessible\/"},"modified":"2025-07-05T07:10:45","modified_gmt":"2025-07-05T07:10:45","slug":"ecole-plein-air-accessible","status":"publish","type":"post","link":"https:\/\/www.apres-lecole.fr\/Blog\/ecole-plein-air-accessible\/","title":{"rendered":"L&rsquo;\u00e9cole en plein air accessible \u00e0 tous : une nouvelle initiative l\u00e9gislative"},"content":{"rendered":"\n\n<div class=\"kk-star-ratings kksr-auto kksr-align-left kksr-valign-top\"\n    data-payload='{&quot;align&quot;:&quot;left&quot;,&quot;id&quot;:&quot;2068&quot;,&quot;slug&quot;:&quot;default&quot;,&quot;valign&quot;:&quot;top&quot;,&quot;ignore&quot;:&quot;&quot;,&quot;reference&quot;:&quot;auto&quot;,&quot;class&quot;:&quot;&quot;,&quot;count&quot;:&quot;0&quot;,&quot;legendonly&quot;:&quot;&quot;,&quot;readonly&quot;:&quot;&quot;,&quot;score&quot;:&quot;0&quot;,&quot;starsonly&quot;:&quot;&quot;,&quot;best&quot;:&quot;5&quot;,&quot;gap&quot;:&quot;5&quot;,&quot;greet&quot;:&quot;Rate this post&quot;,&quot;legend&quot;:&quot;0\\\/5 - (0 vote)&quot;,&quot;size&quot;:&quot;24&quot;,&quot;title&quot;:&quot;L\\u0026#039;\u00e9cole en plein air accessible \u00e0 tous : une nouvelle initiative l\u00e9gislative&quot;,&quot;width&quot;:&quot;0&quot;,&quot;_legend&quot;:&quot;{score}\\\/{best} - ({count} {votes})&quot;,&quot;font_factor&quot;:&quot;1.25&quot;}'>\n            \n<div class=\"kksr-stars\">\n    \n<div class=\"kksr-stars-inactive\">\n            <div class=\"kksr-star\" data-star=\"1\" style=\"padding-right: 5px\">\n            \n\n<div class=\"kksr-icon\" style=\"width: 24px; height: 24px;\"><\/div>\n        <\/div>\n            <div class=\"kksr-star\" data-star=\"2\" style=\"padding-right: 5px\">\n            \n\n<div class=\"kksr-icon\" style=\"width: 24px; height: 24px;\"><\/div>\n        <\/div>\n            <div class=\"kksr-star\" data-star=\"3\" style=\"padding-right: 5px\">\n            \n\n<div class=\"kksr-icon\" style=\"width: 24px; height: 24px;\"><\/div>\n        <\/div>\n            <div class=\"kksr-star\" data-star=\"4\" style=\"padding-right: 5px\">\n            \n\n<div class=\"kksr-icon\" style=\"width: 24px; height: 24px;\"><\/div>\n        <\/div>\n            <div class=\"kksr-star\" data-star=\"5\" style=\"padding-right: 5px\">\n            \n\n<div class=\"kksr-icon\" style=\"width: 24px; height: 24px;\"><\/div>\n        <\/div>\n    <\/div>\n    \n<div class=\"kksr-stars-active\" style=\"width: 0px;\">\n            <div class=\"kksr-star\" style=\"padding-right: 5px\">\n            \n\n<div class=\"kksr-icon\" style=\"width: 24px; height: 24px;\"><\/div>\n        <\/div>\n            <div class=\"kksr-star\" style=\"padding-right: 5px\">\n            \n\n<div class=\"kksr-icon\" style=\"width: 24px; height: 24px;\"><\/div>\n        <\/div>\n            <div class=\"kksr-star\" style=\"padding-right: 5px\">\n            \n\n<div class=\"kksr-icon\" style=\"width: 24px; height: 24px;\"><\/div>\n        <\/div>\n            <div class=\"kksr-star\" style=\"padding-right: 5px\">\n            \n\n<div class=\"kksr-icon\" style=\"width: 24px; height: 24px;\"><\/div>\n        <\/div>\n            <div class=\"kksr-star\" style=\"padding-right: 5px\">\n            \n\n<div class=\"kksr-icon\" style=\"width: 24px; height: 24px;\"><\/div>\n        <\/div>\n    <\/div>\n<\/div>\n                \n\n<div class=\"kksr-legend\" style=\"font-size: 19.2px;\">\n            <span class=\"kksr-muted\">Rate this post<\/span>\n    <\/div>\n    <\/div>\n<p>Dans un monde en constante \u00e9volution, l&rsquo;\u00e9ducation doit s&rsquo;adapter aux nouvelles r\u00e9alit\u00e9s. Et c&rsquo;est pr\u00e9cis\u00e9ment ce que propose la nouvelle initiative l\u00e9gislative visant \u00e0 promouvoir l&rsquo;\u00e9cole en plein air. Trois parlementaires ont d\u00e9pos\u00e9 une proposition de loi pour faire de l&rsquo;\u00e9ducation \u00ab au-dehors \u00bb un droit pour tous les \u00e9l\u00e8ves en France. Cette d\u00e9marche vise \u00e0 ouvrir les portes des classes vers le monde naturel, alors que des pr\u00e9occupations croissantes autour du bien-\u00eatre des enfants et de l&rsquo;environnement se manifestent. Cette d\u00e9marche va au-del\u00e0 de simples changements dans les pratiques \u00e9ducatives : elle cherche \u00e0 l\u00e9gitimer et \u00e0 \u00e9tendre l&rsquo;acc\u00e8s \u00e0 l&rsquo;apprentissage en plein air pour tous, en s&rsquo;\u00e9loignant des contraintes habituelles de la salle de classe. Comment cette initiative se concr\u00e9tisera-t-elle et quels impacts peut-elle avoir sur l&rsquo;avenir de l&rsquo;\u00e9ducation ?<\/p>\n\n<h2 class=\"wp-block-heading\">Les fondements de l&rsquo;\u00e9ducation en plein air<\/h2>\n\n<p>La proposition de loi du 24 juin 2025 a \u00e9t\u00e9 un tournant. Il ne s&rsquo;agit pas simplement d&rsquo;une tendance passag\u00e8re, mais d&rsquo;un v\u00e9ritable mouvement qui souhaite inscrire l&rsquo;\u00e9ducation en plein air dans le paysage \u00e9ducatif fran\u00e7ais. Les d\u00e9put\u00e9s de diff\u00e9rents bords politiques, notamment du parti Ensemble pour la R\u00e9publique (EPR) et des \u00c9cologistes, s&rsquo;accordent \u00e0 dire que \u00ab l&rsquo;\u00e9cole dehors \u00bb pourrait \u00eatre une solution innovante face aux d\u00e9fis \u00e9ducatifs contemporains. \u00c0 l&rsquo;\u00e9chelle europ\u00e9enne, cette approche a d\u00e9j\u00e0 fait ses preuves dans des pays comme le Danemark, la Belgique et l&rsquo;Allemagne qui encouragent les classes en plein air depuis des ann\u00e9es. Voici un rapide aper\u00e7u des avantages et des applications de l\u2019\u00e9ducation au-dehors :<\/p>\n\n<ul class=\"wp-block-list\"><li>\ud83c\udf31 <strong>\u00c9veil \u00e0 la Nature<\/strong> : offrir aux \u00e9l\u00e8ves une interaction directe avec leur environnement.<\/li><li>\ud83c\udfeb <strong>Acc\u00e8s \u00e0 des Espaces Vari\u00e9s<\/strong> : des cours en ext\u00e9rieur dans des parcs, jardins, et m\u00eame des for\u00eats.<\/li><li>\ud83d\udcaa <strong>Soutien aux Enfants en Difficult\u00e9<\/strong> : des activit\u00e9s qui peuvent aider \u00e0 surmonter les d\u00e9fis de l&rsquo;\u00e9cole traditionnelle.<\/li><li>\ud83d\udc65 <strong>Coop\u00e9ration Accrue<\/strong> : favoriser le travail en groupe en exploitant les ressources naturelles.<\/li><li>\ud83d\udee0\ufe0f <strong>D\u00e9veloppement de Comp\u00e9tences Pratiques<\/strong> : \u00e0 travers des projets en ext\u00e9rieur, du jardinage \u00e0 des randonn\u00e9es \u00e9ducatives.<\/li><\/ul>\n\n<p>Avec la mise en avant de l&rsquo;\u00e9ducation en plein air, la France se positionne pour adapter ses syst\u00e8mes \u00e9ducatifs face aux enjeux de notre \u00e9poque. La petite enfance et les temps p\u00e9riscolaires sont \u00e9galement concern\u00e9s, ce qui d\u00e9montre un engagement fort vers une <strong><strong>initiative \u00e9co-scolaire<\/strong><\/strong> qui r\u00e9pond non seulement aux besoins des \u00e9l\u00e8ves, mais aussi \u00e0 ceux de la plan\u00e8te.<\/p>\n\n<h3 class=\"wp-block-heading\">Les enjeux l\u00e9gislatifs et sociaux de cette r\u00e9forme<\/h3>\n\n<p>La volont\u00e9 de faire de l&rsquo;\u00e9ducation en plein air un droit inclusif s&rsquo;accompagne de plusieurs enjeux, tant l\u00e9gislatifs que sociaux. Les d\u00e9put\u00e9s esp\u00e8rent \u00e9largir le concept aux plus jeunes, afin de lutter contre des fl\u00e9aux modernes tels que la s\u00e9dentarit\u00e9, l&rsquo;ob\u00e9sit\u00e9 ou m\u00eame le \u00ab syndrome de d\u00e9ficit de nature \u00bb. En effet, des \u00e9tudes montrent qu&rsquo;en trente ans, le temps que les enfants passent dehors a chut\u00e9 de dix !<\/p>\n\n<p>Les chiffres sont troublants : <strong>40 %<\/strong> des enfants \u00e2g\u00e9s de 3 \u00e0 10 ans ne jouent jamais \u00e0 l&rsquo;ext\u00e9rieur en semaine. Cette loi contarne non seulement des effets b\u00e9n\u00e9fiques sur la sant\u00e9 physique des enfants, mais aussi sur leur bien-\u00eatre mental. Il a \u00e9t\u00e9 prouv\u00e9 que le contact avec la nature peut r\u00e9duire le stress et favoriser un sentiment de bonheur chez les jeunes. En int\u00e9grant ces pratiques dans les \u00e9coles, les enfants pourront b\u00e9n\u00e9ficier de m\u00e9thodes d&rsquo;apprentissage plus vari\u00e9es et souvent plus motivantes.<\/p>\n\n<figure class=\"wp-block-table\"><table>\n<thead>\n<tr>\n<th>Impact de l&rsquo;\u00e9ducation en plein air<\/th>\n<th>Effets positifs<\/th>\n<\/tr>\n<\/thead>\n<tbody>\n<tr>\n<td>Concentration<\/td>\n<td>Am\u00e9lioration des capacit\u00e9s d\u2019attention gr\u00e2ce \u00e0 un environnement stimulant.<\/td>\n<\/tr>\n<tr>\n<td>Bien-\u00eatre<\/td>\n<td>R\u00e9duction de l&rsquo;anxi\u00e9t\u00e9 et augmentation du bien-\u00eatre g\u00e9n\u00e9ral.<\/td>\n<\/tr>\n<tr>\n<td>Comp\u00e9tences sociales<\/td>\n<td>Favorise la collaboration et l\u2019esprit d\u2019\u00e9quipe.<\/td>\n<\/tr>\n<tr>\n<td>\u00c9ducation physique<\/td>\n<td>Encourage l&rsquo;activit\u00e9 physique r\u00e9guli\u00e8re et le jeu actif.<\/td>\n<\/tr>\n<\/tbody>\n<\/table><\/figure>\n\n<h2 class=\"wp-block-heading\">Les perspectives d&rsquo;une \u00e9cole en plein air pour tous<\/h2>\n\n<p>L&rsquo;un des enjeux majeurs de cette initiative est de garantir que l&rsquo;acc\u00e8s \u00e0 l&rsquo;\u00e9ducation en plein air soit universel. Cela signifie que tous les \u00e9tablissements scolaires, quelle que soit leur situation g\u00e9ographique ou sociale, doivent pouvoir adopter ces pratiques. La d\u00e9put\u00e9e Graziella Melchior, lors d&rsquo;une r\u00e9cente conf\u00e9rence de presse, a soulign\u00e9 l&rsquo;importance d&rsquo;explorer diff\u00e9rentes options pour la classe dehors : \u00ab Cela peut \u00eatre une cour v\u00e9g\u00e9talis\u00e9e, un square ou m\u00eame l&rsquo;une des <strong>1 500 aires \u00e9ducatives fran\u00e7aises<\/strong> \u00bb. <\/p>\n\n<p>Mais comment mettre en \u0153uvre cette vision ? Voici quelques pistes : <\/p>\n\n<ul class=\"wp-block-list\"><li>\ud83c\udfde\ufe0f <strong>Cr\u00e9er un r\u00e9seau national<\/strong> de formateurs sp\u00e9cialis\u00e9s en \u00e9ducation en plein air.<\/li><li>\ud83d\udcda <strong>R\u00e9viser les programmes scolaires<\/strong> pour y int\u00e9grer des modules \u00ab plein air scolaire \u00bb.<\/li><li>\ud83d\udd0d <strong>Inciter les collectivit\u00e9s locales<\/strong> \u00e0 am\u00e9nager des espaces ext\u00e9rieurs propices \u00e0 l&rsquo;apprentissage.<\/li><li>\ud83d\udcb5 <strong>Financer cette initiative<\/strong> gr\u00e2ce \u00e0 des taxes sur des produits comme le tabac pour soutenir les projets \u00e9ducatifs.<\/li><\/ul>\n\n<p>Ces points illustrent une volont\u00e9 concr\u00e8te de faire avancer les choses. Une p\u00e9dagogie vari\u00e9e et immersive pourrait transformer la mani\u00e8re dont nos jeunes apprennent et interagissent avec le monde. En rendant accessible le Savoir en Nature, les jeunes g\u00e9n\u00e9rations pourront d\u00e9velopper leur curiosit\u00e9 naturelle et leur volont\u00e9 de prot\u00e9ger notre plan\u00e8te.<\/p>\n\n<h3 class=\"wp-block-heading\">Les premiers r\u00e9sultats et initiatives en cours<\/h3>\n\n<p>Il est essentiel de souligner que certains \u00e9tablissements ont d\u00e9j\u00e0 pris les devants. Les \u00ab classes dehors \u00bb ont vu le jour dans <strong>plus de 5 000<\/strong> \u00e9coles en France, souvent initi\u00e9es par des enseignants motiv\u00e9s et des collectifs souhaitant sortir les \u00e9l\u00e8ves des confins de la salle de classe. La plupart de ces initiatives ont \u00e9t\u00e9 mises en place apr\u00e8s la pand\u00e9mie de Covid, un tournant qui a modifi\u00e9 la perception de l&rsquo;importance de l&rsquo;\u00e9ducation en plein air. Alors combien ces classes contribuent-elles r\u00e9ellement au bien-\u00eatre des \u00e9l\u00e8ves ? Voici quelques chiffres int\u00e9ressants :<\/p>\n\n<figure class=\"wp-block-table\"><table>\n<thead>\n<tr>\n<th>Statistiques des Classes Dehors<\/th>\n<th>Pourcentage<\/th>\n<\/tr>\n<\/thead>\n<tbody>\n<tr>\n<td>Classes ayant commenc\u00e9 apr\u00e8s 2023<\/td>\n<td>64 %<\/td>\n<\/tr>\n<tr>\n<td>Fr\u00e9quentation d&rsquo;\u00e9l\u00e8ves impliqu\u00e9s<\/td>\n<td>En augmentation de 30 %.<\/td>\n<\/tr>\n<tr>\n<td>Enseignants form\u00e9s \u00e0 la p\u00e9dagogie en plein air<\/td>\n<td>Plus de 40 % dans certaines zones.<\/td>\n<\/tr>\n<\/tbody>\n<\/table><\/figure>\n\n<h2 class=\"wp-block-heading\">Les d\u00e9fis \u00e0 relever pour une \u00e9ducation en plein air g\u00e9n\u00e9ralis\u00e9e<\/h2>\n\n<p>Bien que cette initiative ait \u00e9t\u00e9 bien accueillie, le parcours ne sera pas sans emb\u00fbches. Les d\u00e9fis \u00e0 relever sont multiples : allant des contraintes logistiques aux r\u00e9ticences d&rsquo;une partie du corps enseignant, en passant par les parents encore sceptiques concernant l&rsquo;efficacit\u00e9 des cours en plein air. Les craintes de s\u00e9curit\u00e9 et l&rsquo;ad\u00e9quation des infrastructures sont \u00e9galement des points de discussion essentiels.<\/p>\n\n<p>Une planification rigoureuse est donc n\u00e9cessaire pour garantir que chaque enfant puisse b\u00e9n\u00e9ficier d&rsquo;une <strong>\u00e9ducation en libert\u00e9<\/strong>. Voici quelques d\u00e9fis \u00e0 relever : <\/p>\n\n<ul class=\"wp-block-list\"><li>\ud83e\uddd0 <strong>S\u00e9curisation des espaces<\/strong> utilis\u00e9s pour les cours en plein air, en \u00e9vitant les dangers li\u00e9s \u00e0 la nature.<\/li><li>\ud83d\udd04 <strong>Former les enseignants<\/strong> pour qu&rsquo;ils soient \u00e0 l&rsquo;aise avec la p\u00e9dagogie en plein air.<\/li><li>\ud83d\udc68\u200d\ud83d\udc69\u200d\ud83d\udc67 <strong>Confiance des parents<\/strong> : leur montrer les bienfaits valid\u00e9s de l&rsquo;\u00e9ducation en plein air.<\/li><li>\ud83c\udf33 <strong>Acc\u00e8s aux espaces verts<\/strong> : comment maximiser leur utilisation dans des zones urbaines.<\/li><\/ul>\n\n<p>Sur ce dernier point, des \u00e9tudes montrent que l&rsquo;am\u00e9nagement de micro-espaces verts dans les villes peut grandement faciliter l&rsquo;acc\u00e8s \u00e0 une \u00e9ducation de qualit\u00e9 en plein air. Les \u00e9coles doivent donc faire preuve d&rsquo;innovation pour surmonter ces obstacles.<\/p>\n\n<h2 class=\"wp-block-heading\">Les retomb\u00e9es escompt\u00e9es d&rsquo;un tel projet<\/h2>\n\n<p>Avoir des enfants qui apprennent \u00e0 ciel ouvert a des b\u00e9n\u00e9fices incommensurables non seulement pour leur d\u00e9veloppement personnel, mais aussi pour l&rsquo;environnement. En sensibilisant d\u00e8s le plus jeune \u00e2ge \u00e0 la nature, on cr\u00e9e une g\u00e9n\u00e9ration d&rsquo;individus conscients des enjeux \u00e9cologiques d\u2019aujourd\u2019hui et de demain.<\/p>\n\n<p>Ces retomb\u00e9es se traduiront par des \u00e9l\u00e8ves plus engag\u00e9s, conscients de l&rsquo;importance de leur environnement, mais aussi des citoyens de demain ayant acquis des valeurs essentielles tout au long de leur parcours \u00e9ducatif. Cette initiative pourrait bien \u00eatre le d\u00e9but d&rsquo;un changement fondamental. L&rsquo;\u00e9ducation, lorsqu&rsquo;elle est men\u00e9e en plein air, devient alors non seulement une affaire de salles de classe, mais une v\u00e9ritable aventure scolaire. Une \u00e9cole de la nature pour des g\u00e9n\u00e9rations \u00e9clair\u00e9es.<\/p>\n\n<h2 class=\"wp-block-heading\">FAQ sur l&rsquo;\u00e9cole en plein air<\/h2>\n\n<ul class=\"wp-block-list\"><li>\u2753 <strong>Quel est l&rsquo;objectif principal de cette initiative ?<\/strong><\/li><li>\ud83d\udca1 L&rsquo;objectif est de faire de l&rsquo;\u00e9ducation en plein air un droit accessible \u00e0 tous les \u00e9l\u00e8ves, favorisant l&rsquo;apprentissage au contact de la nature.<\/li><li>\u2753 <strong>Comment les \u00e9coles peuvent-elles mettre en \u0153uvre cette initiative ?<\/strong><\/li><li>\ud83d\udca1 En cr\u00e9ant des classes dehors, en formant des enseignants et en modifiant les programmes d&rsquo;\u00e9tudes pour y inclure des activit\u00e9s en plein air.<\/li><li>\u2753 <strong>Quelles sont les cons\u00e9quences sur la sant\u00e9 des enfants ?<\/strong><\/li><li>\ud83d\udca1 L&rsquo;\u00e9ducation en plein air peut contribuer \u00e0 r\u00e9duire l&rsquo;ob\u00e9sit\u00e9, l&rsquo;anxi\u00e9t\u00e9 et encourage une activit\u00e9 physique saine et r\u00e9guli\u00e8re.<\/li><li>\u2753 <strong>Cette proposition de loi sera-t-elle adopt\u00e9e rapidement ?<\/strong><\/li><li>\ud83d\udca1 Cela d\u00e9pendra de la mobilisation des parlementaires et du soutien du public pour l&rsquo;inclure \u00e0 l&rsquo;ordre du jour des discussions l\u00e9gislatives.<\/li><li>\u2753 <strong>Comment les parents peuvent-ils soutenir ce mouvement ?<\/strong><\/li><li>\ud83d\udca1 Les parents peuvent engager des discussions avec les enseignants et les dirigeants d&rsquo;\u00e9cole pour encourager l&rsquo;adoption de ces m\u00e9thodes d&rsquo;\u00e9ducation.<\/li><\/ul>\n\n","protected":false},"excerpt":{"rendered":"<p>Dans un monde en constante \u00e9volution, l&rsquo;\u00e9ducation doit s&rsquo;adapter aux nouvelles r\u00e9alit\u00e9s. Et c&rsquo;est pr\u00e9cis\u00e9ment ce que propose la nouvelle initiative l\u00e9gislative visant \u00e0 promouvoir l&rsquo;\u00e9cole en plein air. Trois parlementaires ont d\u00e9pos\u00e9 une proposition de loi pour faire de l&rsquo;\u00e9ducation \u00ab au-dehors \u00bb un droit pour tous les \u00e9l\u00e8ves en France. Cette d\u00e9marche vise &#8230; <a title=\"L&rsquo;\u00e9cole en plein air accessible \u00e0 tous : une nouvelle initiative l\u00e9gislative\" class=\"read-more\" href=\"https:\/\/www.apres-lecole.fr\/Blog\/ecole-plein-air-accessible\/\" aria-label=\"En savoir plus sur L&rsquo;\u00e9cole en plein air accessible \u00e0 tous : une nouvelle initiative l\u00e9gislative\">Lire plus<\/a><\/p>\n","protected":false},"author":9,"featured_media":2067,"comment_status":"open","ping_status":"open","sticky":false,"template":"","format":"standard","meta":{"footnotes":""},"categories":[342],"tags":[1168,1167,412,1169,1170],"class_list":["post-2068","post","type-post","status-publish","format-standard","has-post-thumbnail","hentry","category-actualites","tag-accessibilite","tag-ecole-en-plein-air","tag-education","tag-initiative-legislative","tag-nature"],"yoast_head":"<!-- This site is optimized with the Yoast SEO plugin v27.5 - https:\/\/yoast.com\/product\/yoast-seo-wordpress\/ -->\n<title>L&#039;\u00e9cole en plein air pour tous : une initiative l\u00e9gislative embl\u00e9matique<\/title>\n<meta name=\"description\" content=\"D\u00e9couvrez la nouvelle initiative l\u00e9gislative pour rendre l&#039;\u00e9cole en plein air accessible \u00e0 tous les \u00e9l\u00e8ves en France. Enjeux et avantages.\" \/>\n<meta name=\"robots\" content=\"index, follow, max-snippet:-1, max-image-preview:large, max-video-preview:-1\" \/>\n<link rel=\"canonical\" href=\"https:\/\/www.apres-lecole.fr\/Blog\/ecole-plein-air-accessible\/\" \/>\n<meta property=\"og:locale\" content=\"fr_FR\" \/>\n<meta property=\"og:type\" content=\"article\" \/>\n<meta property=\"og:title\" content=\"L&#039;\u00e9cole en plein air pour tous : une initiative l\u00e9gislative embl\u00e9matique\" \/>\n<meta property=\"og:description\" content=\"D\u00e9couvrez la nouvelle initiative l\u00e9gislative pour rendre l&#039;\u00e9cole en plein air accessible \u00e0 tous les \u00e9l\u00e8ves en France. Enjeux et avantages.\" \/>\n<meta property=\"og:url\" content=\"https:\/\/www.apres-lecole.fr\/Blog\/ecole-plein-air-accessible\/\" \/>\n<meta property=\"article:published_time\" content=\"2025-07-05T07:10:45+00:00\" \/>\n<meta property=\"og:image\" content=\"https:\/\/www.apres-lecole.fr\/Blog\/wp-content\/uploads\/2025\/07\/Lecole-en-plein-air-accessible-a-tous-une-nouvelle-initiative-legislative.jpg\" \/>\n\t<meta property=\"og:image:width\" content=\"1344\" \/>\n\t<meta property=\"og:image:height\" content=\"768\" \/>\n\t<meta property=\"og:image:type\" content=\"image\/jpeg\" \/>\n<meta name=\"author\" content=\"Eva Martin\" \/>\n<meta name=\"twitter:card\" content=\"summary_large_image\" \/>\n<meta name=\"twitter:creator\" content=\"@Evaapresecole\" \/>\n<meta name=\"twitter:label1\" content=\"\u00c9crit par\" \/>\n\t<meta name=\"twitter:data1\" content=\"Eva Martin\" \/>\n\t<meta name=\"twitter:label2\" content=\"Dur\u00e9e de lecture estim\u00e9e\" \/>\n\t<meta name=\"twitter:data2\" content=\"8 minutes\" \/>\n<script type=\"application\/ld+json\" class=\"yoast-schema-graph\">{\"@context\":\"https:\\\/\\\/schema.org\",\"@graph\":[{\"@type\":\"Article\",\"@id\":\"https:\\\/\\\/www.apres-lecole.fr\\\/Blog\\\/ecole-plein-air-accessible\\\/#article\",\"isPartOf\":{\"@id\":\"https:\\\/\\\/www.apres-lecole.fr\\\/Blog\\\/ecole-plein-air-accessible\\\/\"},\"author\":{\"name\":\"Eva Martin\",\"@id\":\"https:\\\/\\\/www.apres-lecole.fr\\\/Blog\\\/#\\\/schema\\\/person\\\/aeb50cd4b51fc69da155804bb5bb9fc4\"},\"headline\":\"L&rsquo;\u00e9cole en plein air accessible \u00e0 tous : une nouvelle initiative l\u00e9gislative\",\"datePublished\":\"2025-07-05T07:10:45+00:00\",\"mainEntityOfPage\":{\"@id\":\"https:\\\/\\\/www.apres-lecole.fr\\\/Blog\\\/ecole-plein-air-accessible\\\/\"},\"wordCount\":1606,\"commentCount\":0,\"image\":{\"@id\":\"https:\\\/\\\/www.apres-lecole.fr\\\/Blog\\\/ecole-plein-air-accessible\\\/#primaryimage\"},\"thumbnailUrl\":\"https:\\\/\\\/www.apres-lecole.fr\\\/Blog\\\/wp-content\\\/uploads\\\/2025\\\/07\\\/Lecole-en-plein-air-accessible-a-tous-une-nouvelle-initiative-legislative.jpg\",\"keywords\":[\"accessibilit\u00e9\",\"\u00e9cole en plein air\",\"\u00e9ducation\",\"initiative l\u00e9gislative\",\"nature\"],\"articleSection\":[\"Actualit\u00e9s\"],\"inLanguage\":\"fr-FR\",\"potentialAction\":[{\"@type\":\"CommentAction\",\"name\":\"Comment\",\"target\":[\"https:\\\/\\\/www.apres-lecole.fr\\\/Blog\\\/ecole-plein-air-accessible\\\/#respond\"]}]},{\"@type\":\"WebPage\",\"@id\":\"https:\\\/\\\/www.apres-lecole.fr\\\/Blog\\\/ecole-plein-air-accessible\\\/\",\"url\":\"https:\\\/\\\/www.apres-lecole.fr\\\/Blog\\\/ecole-plein-air-accessible\\\/\",\"name\":\"L'\u00e9cole en plein air pour tous : une initiative l\u00e9gislative embl\u00e9matique\",\"isPartOf\":{\"@id\":\"https:\\\/\\\/www.apres-lecole.fr\\\/Blog\\\/#website\"},\"primaryImageOfPage\":{\"@id\":\"https:\\\/\\\/www.apres-lecole.fr\\\/Blog\\\/ecole-plein-air-accessible\\\/#primaryimage\"},\"image\":{\"@id\":\"https:\\\/\\\/www.apres-lecole.fr\\\/Blog\\\/ecole-plein-air-accessible\\\/#primaryimage\"},\"thumbnailUrl\":\"https:\\\/\\\/www.apres-lecole.fr\\\/Blog\\\/wp-content\\\/uploads\\\/2025\\\/07\\\/Lecole-en-plein-air-accessible-a-tous-une-nouvelle-initiative-legislative.jpg\",\"datePublished\":\"2025-07-05T07:10:45+00:00\",\"author\":{\"@id\":\"https:\\\/\\\/www.apres-lecole.fr\\\/Blog\\\/#\\\/schema\\\/person\\\/aeb50cd4b51fc69da155804bb5bb9fc4\"},\"description\":\"D\u00e9couvrez la nouvelle initiative l\u00e9gislative pour rendre l'\u00e9cole en plein air accessible \u00e0 tous les \u00e9l\u00e8ves en France. Enjeux et avantages.\",\"breadcrumb\":{\"@id\":\"https:\\\/\\\/www.apres-lecole.fr\\\/Blog\\\/ecole-plein-air-accessible\\\/#breadcrumb\"},\"inLanguage\":\"fr-FR\",\"potentialAction\":[{\"@type\":\"ReadAction\",\"target\":[\"https:\\\/\\\/www.apres-lecole.fr\\\/Blog\\\/ecole-plein-air-accessible\\\/\"]}]},{\"@type\":\"ImageObject\",\"inLanguage\":\"fr-FR\",\"@id\":\"https:\\\/\\\/www.apres-lecole.fr\\\/Blog\\\/ecole-plein-air-accessible\\\/#primaryimage\",\"url\":\"https:\\\/\\\/www.apres-lecole.fr\\\/Blog\\\/wp-content\\\/uploads\\\/2025\\\/07\\\/Lecole-en-plein-air-accessible-a-tous-une-nouvelle-initiative-legislative.jpg\",\"contentUrl\":\"https:\\\/\\\/www.apres-lecole.fr\\\/Blog\\\/wp-content\\\/uploads\\\/2025\\\/07\\\/Lecole-en-plein-air-accessible-a-tous-une-nouvelle-initiative-legislative.jpg\",\"width\":1344,\"height\":768,\"caption\":\"d\u00e9couvrez comment la nouvelle initiative l\u00e9gislative pour l'\u00e9cole en plein air rend l'\u00e9ducation accessible \u00e0 tous. explorez les bienfaits d'une approche \u00e9ducative innovante qui favorise l'inclusion et le bien-\u00eatre des \u00e9l\u00e8ves gr\u00e2ce \u00e0 une immersion dans la nature.\"},{\"@type\":\"BreadcrumbList\",\"@id\":\"https:\\\/\\\/www.apres-lecole.fr\\\/Blog\\\/ecole-plein-air-accessible\\\/#breadcrumb\",\"itemListElement\":[{\"@type\":\"ListItem\",\"position\":1,\"name\":\"Home\",\"item\":\"https:\\\/\\\/www.apres-lecole.fr\\\/Blog\\\/\"},{\"@type\":\"ListItem\",\"position\":2,\"name\":\"L&rsquo;\u00e9cole en plein air accessible \u00e0 tous : une nouvelle initiative l\u00e9gislative\"}]},{\"@type\":\"WebSite\",\"@id\":\"https:\\\/\\\/www.apres-lecole.fr\\\/Blog\\\/#website\",\"url\":\"https:\\\/\\\/www.apres-lecole.fr\\\/Blog\\\/\",\"name\":\"\",\"description\":\"M\u00e9dia g\u00e9n\u00e9raliste\",\"potentialAction\":[{\"@type\":\"SearchAction\",\"target\":{\"@type\":\"EntryPoint\",\"urlTemplate\":\"https:\\\/\\\/www.apres-lecole.fr\\\/Blog\\\/?s={search_term_string}\"},\"query-input\":{\"@type\":\"PropertyValueSpecification\",\"valueRequired\":true,\"valueName\":\"search_term_string\"}}],\"inLanguage\":\"fr-FR\"},{\"@type\":\"Person\",\"@id\":\"https:\\\/\\\/www.apres-lecole.fr\\\/Blog\\\/#\\\/schema\\\/person\\\/aeb50cd4b51fc69da155804bb5bb9fc4\",\"name\":\"Eva Martin\",\"image\":{\"@type\":\"ImageObject\",\"inLanguage\":\"fr-FR\",\"@id\":\"https:\\\/\\\/secure.gravatar.com\\\/avatar\\\/55c53222558b27a72015a64073a80edce4abd33369394b9bf2c5cd6c19d12682?s=96&d=mm&r=g\",\"url\":\"https:\\\/\\\/secure.gravatar.com\\\/avatar\\\/55c53222558b27a72015a64073a80edce4abd33369394b9bf2c5cd6c19d12682?s=96&d=mm&r=g\",\"contentUrl\":\"https:\\\/\\\/secure.gravatar.com\\\/avatar\\\/55c53222558b27a72015a64073a80edce4abd33369394b9bf2c5cd6c19d12682?s=96&d=mm&r=g\",\"caption\":\"Eva Martin\"},\"description\":\"Je parle de business et d'entrepreneuriat avec des conseils clairs, concrets et actionnables pour r\u00e9ussir\",\"sameAs\":[\"https:\\\/\\\/x.com\\\/Evaapresecole\"],\"url\":\"https:\\\/\\\/www.apres-lecole.fr\\\/Blog\\\/author\\\/evamartin\\\/\"}]}<\/script>\n<!-- \/ Yoast SEO plugin. -->","yoast_head_json":{"title":"L'\u00e9cole en plein air pour tous : une initiative l\u00e9gislative embl\u00e9matique","description":"D\u00e9couvrez la nouvelle initiative l\u00e9gislative pour rendre l'\u00e9cole en plein air accessible \u00e0 tous les \u00e9l\u00e8ves en France. Enjeux et avantages.","robots":{"index":"index","follow":"follow","max-snippet":"max-snippet:-1","max-image-preview":"max-image-preview:large","max-video-preview":"max-video-preview:-1"},"canonical":"https:\/\/www.apres-lecole.fr\/Blog\/ecole-plein-air-accessible\/","og_locale":"fr_FR","og_type":"article","og_title":"L'\u00e9cole en plein air pour tous : une initiative l\u00e9gislative embl\u00e9matique","og_description":"D\u00e9couvrez la nouvelle initiative l\u00e9gislative pour rendre l'\u00e9cole en plein air accessible \u00e0 tous les \u00e9l\u00e8ves en France. Enjeux et avantages.","og_url":"https:\/\/www.apres-lecole.fr\/Blog\/ecole-plein-air-accessible\/","article_published_time":"2025-07-05T07:10:45+00:00","og_image":[{"width":1344,"height":768,"url":"https:\/\/www.apres-lecole.fr\/Blog\/wp-content\/uploads\/2025\/07\/Lecole-en-plein-air-accessible-a-tous-une-nouvelle-initiative-legislative.jpg","type":"image\/jpeg"}],"author":"Eva Martin","twitter_card":"summary_large_image","twitter_creator":"@Evaapresecole","twitter_misc":{"\u00c9crit par":"Eva Martin","Dur\u00e9e de lecture estim\u00e9e":"8 minutes"},"schema":{"@context":"https:\/\/schema.org","@graph":[{"@type":"Article","@id":"https:\/\/www.apres-lecole.fr\/Blog\/ecole-plein-air-accessible\/#article","isPartOf":{"@id":"https:\/\/www.apres-lecole.fr\/Blog\/ecole-plein-air-accessible\/"},"author":{"name":"Eva Martin","@id":"https:\/\/www.apres-lecole.fr\/Blog\/#\/schema\/person\/aeb50cd4b51fc69da155804bb5bb9fc4"},"headline":"L&rsquo;\u00e9cole en plein air accessible \u00e0 tous : une nouvelle initiative l\u00e9gislative","datePublished":"2025-07-05T07:10:45+00:00","mainEntityOfPage":{"@id":"https:\/\/www.apres-lecole.fr\/Blog\/ecole-plein-air-accessible\/"},"wordCount":1606,"commentCount":0,"image":{"@id":"https:\/\/www.apres-lecole.fr\/Blog\/ecole-plein-air-accessible\/#primaryimage"},"thumbnailUrl":"https:\/\/www.apres-lecole.fr\/Blog\/wp-content\/uploads\/2025\/07\/Lecole-en-plein-air-accessible-a-tous-une-nouvelle-initiative-legislative.jpg","keywords":["accessibilit\u00e9","\u00e9cole en plein air","\u00e9ducation","initiative l\u00e9gislative","nature"],"articleSection":["Actualit\u00e9s"],"inLanguage":"fr-FR","potentialAction":[{"@type":"CommentAction","name":"Comment","target":["https:\/\/www.apres-lecole.fr\/Blog\/ecole-plein-air-accessible\/#respond"]}]},{"@type":"WebPage","@id":"https:\/\/www.apres-lecole.fr\/Blog\/ecole-plein-air-accessible\/","url":"https:\/\/www.apres-lecole.fr\/Blog\/ecole-plein-air-accessible\/","name":"L'\u00e9cole en plein air pour tous : une initiative l\u00e9gislative embl\u00e9matique","isPartOf":{"@id":"https:\/\/www.apres-lecole.fr\/Blog\/#website"},"primaryImageOfPage":{"@id":"https:\/\/www.apres-lecole.fr\/Blog\/ecole-plein-air-accessible\/#primaryimage"},"image":{"@id":"https:\/\/www.apres-lecole.fr\/Blog\/ecole-plein-air-accessible\/#primaryimage"},"thumbnailUrl":"https:\/\/www.apres-lecole.fr\/Blog\/wp-content\/uploads\/2025\/07\/Lecole-en-plein-air-accessible-a-tous-une-nouvelle-initiative-legislative.jpg","datePublished":"2025-07-05T07:10:45+00:00","author":{"@id":"https:\/\/www.apres-lecole.fr\/Blog\/#\/schema\/person\/aeb50cd4b51fc69da155804bb5bb9fc4"},"description":"D\u00e9couvrez la nouvelle initiative l\u00e9gislative pour rendre l'\u00e9cole en plein air accessible \u00e0 tous les \u00e9l\u00e8ves en France. Enjeux et avantages.","breadcrumb":{"@id":"https:\/\/www.apres-lecole.fr\/Blog\/ecole-plein-air-accessible\/#breadcrumb"},"inLanguage":"fr-FR","potentialAction":[{"@type":"ReadAction","target":["https:\/\/www.apres-lecole.fr\/Blog\/ecole-plein-air-accessible\/"]}]},{"@type":"ImageObject","inLanguage":"fr-FR","@id":"https:\/\/www.apres-lecole.fr\/Blog\/ecole-plein-air-accessible\/#primaryimage","url":"https:\/\/www.apres-lecole.fr\/Blog\/wp-content\/uploads\/2025\/07\/Lecole-en-plein-air-accessible-a-tous-une-nouvelle-initiative-legislative.jpg","contentUrl":"https:\/\/www.apres-lecole.fr\/Blog\/wp-content\/uploads\/2025\/07\/Lecole-en-plein-air-accessible-a-tous-une-nouvelle-initiative-legislative.jpg","width":1344,"height":768,"caption":"d\u00e9couvrez comment la nouvelle initiative l\u00e9gislative pour l'\u00e9cole en plein air rend l'\u00e9ducation accessible \u00e0 tous. explorez les bienfaits d'une approche \u00e9ducative innovante qui favorise l'inclusion et le bien-\u00eatre des \u00e9l\u00e8ves gr\u00e2ce \u00e0 une immersion dans la nature."},{"@type":"BreadcrumbList","@id":"https:\/\/www.apres-lecole.fr\/Blog\/ecole-plein-air-accessible\/#breadcrumb","itemListElement":[{"@type":"ListItem","position":1,"name":"Home","item":"https:\/\/www.apres-lecole.fr\/Blog\/"},{"@type":"ListItem","position":2,"name":"L&rsquo;\u00e9cole en plein air accessible \u00e0 tous : une nouvelle initiative l\u00e9gislative"}]},{"@type":"WebSite","@id":"https:\/\/www.apres-lecole.fr\/Blog\/#website","url":"https:\/\/www.apres-lecole.fr\/Blog\/","name":"","description":"M\u00e9dia g\u00e9n\u00e9raliste","potentialAction":[{"@type":"SearchAction","target":{"@type":"EntryPoint","urlTemplate":"https:\/\/www.apres-lecole.fr\/Blog\/?s={search_term_string}"},"query-input":{"@type":"PropertyValueSpecification","valueRequired":true,"valueName":"search_term_string"}}],"inLanguage":"fr-FR"},{"@type":"Person","@id":"https:\/\/www.apres-lecole.fr\/Blog\/#\/schema\/person\/aeb50cd4b51fc69da155804bb5bb9fc4","name":"Eva Martin","image":{"@type":"ImageObject","inLanguage":"fr-FR","@id":"https:\/\/secure.gravatar.com\/avatar\/55c53222558b27a72015a64073a80edce4abd33369394b9bf2c5cd6c19d12682?s=96&d=mm&r=g","url":"https:\/\/secure.gravatar.com\/avatar\/55c53222558b27a72015a64073a80edce4abd33369394b9bf2c5cd6c19d12682?s=96&d=mm&r=g","contentUrl":"https:\/\/secure.gravatar.com\/avatar\/55c53222558b27a72015a64073a80edce4abd33369394b9bf2c5cd6c19d12682?s=96&d=mm&r=g","caption":"Eva Martin"},"description":"Je parle de business et d'entrepreneuriat avec des conseils clairs, concrets et actionnables pour r\u00e9ussir","sameAs":["https:\/\/x.com\/Evaapresecole"],"url":"https:\/\/www.apres-lecole.fr\/Blog\/author\/evamartin\/"}]}},"views":22,"_links":{"self":[{"href":"https:\/\/www.apres-lecole.fr\/Blog\/wp-json\/wp\/v2\/posts\/2068","targetHints":{"allow":["GET"]}}],"collection":[{"href":"https:\/\/www.apres-lecole.fr\/Blog\/wp-json\/wp\/v2\/posts"}],"about":[{"href":"https:\/\/www.apres-lecole.fr\/Blog\/wp-json\/wp\/v2\/types\/post"}],"author":[{"embeddable":true,"href":"https:\/\/www.apres-lecole.fr\/Blog\/wp-json\/wp\/v2\/users\/9"}],"replies":[{"embeddable":true,"href":"https:\/\/www.apres-lecole.fr\/Blog\/wp-json\/wp\/v2\/comments?post=2068"}],"version-history":[{"count":0,"href":"https:\/\/www.apres-lecole.fr\/Blog\/wp-json\/wp\/v2\/posts\/2068\/revisions"}],"wp:featuredmedia":[{"embeddable":true,"href":"https:\/\/www.apres-lecole.fr\/Blog\/wp-json\/wp\/v2\/media\/2067"}],"wp:attachment":[{"href":"https:\/\/www.apres-lecole.fr\/Blog\/wp-json\/wp\/v2\/media?parent=2068"}],"wp:term":[{"taxonomy":"category","embeddable":true,"href":"https:\/\/www.apres-lecole.fr\/Blog\/wp-json\/wp\/v2\/categories?post=2068"},{"taxonomy":"post_tag","embeddable":true,"href":"https:\/\/www.apres-lecole.fr\/Blog\/wp-json\/wp\/v2\/tags?post=2068"}],"curies":[{"name":"wp","href":"https:\/\/api.w.org\/{rel}","templated":true}]}}