{"id":2066,"date":"2025-07-04T07:11:31","date_gmt":"2025-07-04T07:11:31","guid":{"rendered":"https:\/\/www.apres-lecole.fr\/Blog\/fermeture-ecole-littoral\/"},"modified":"2025-07-04T07:11:31","modified_gmt":"2025-07-04T07:11:31","slug":"fermeture-ecole-littoral","status":"publish","type":"post","link":"https:\/\/www.apres-lecole.fr\/Blog\/fermeture-ecole-littoral\/","title":{"rendered":"C&rsquo;est avec tristesse que nous annon\u00e7ons la fermeture de cette \u00e9cole \u00e0 classe unique du littoral apr\u00e8s tant d&rsquo;ann\u00e9es."},"content":{"rendered":"\n\n<div class=\"kk-star-ratings kksr-auto kksr-align-left kksr-valign-top\"\n    data-payload='{&quot;align&quot;:&quot;left&quot;,&quot;id&quot;:&quot;2066&quot;,&quot;slug&quot;:&quot;default&quot;,&quot;valign&quot;:&quot;top&quot;,&quot;ignore&quot;:&quot;&quot;,&quot;reference&quot;:&quot;auto&quot;,&quot;class&quot;:&quot;&quot;,&quot;count&quot;:&quot;0&quot;,&quot;legendonly&quot;:&quot;&quot;,&quot;readonly&quot;:&quot;&quot;,&quot;score&quot;:&quot;0&quot;,&quot;starsonly&quot;:&quot;&quot;,&quot;best&quot;:&quot;5&quot;,&quot;gap&quot;:&quot;5&quot;,&quot;greet&quot;:&quot;Rate this post&quot;,&quot;legend&quot;:&quot;0\\\/5 - (0 vote)&quot;,&quot;size&quot;:&quot;24&quot;,&quot;title&quot;:&quot;C\\u0026#039;est avec tristesse que nous annon\u00e7ons la fermeture de cette \u00e9cole \u00e0 classe unique du littoral apr\u00e8s tant d\\u0026#039;ann\u00e9es.&quot;,&quot;width&quot;:&quot;0&quot;,&quot;_legend&quot;:&quot;{score}\\\/{best} - ({count} {votes})&quot;,&quot;font_factor&quot;:&quot;1.25&quot;}'>\n            \n<div class=\"kksr-stars\">\n    \n<div class=\"kksr-stars-inactive\">\n            <div class=\"kksr-star\" data-star=\"1\" style=\"padding-right: 5px\">\n            \n\n<div class=\"kksr-icon\" style=\"width: 24px; height: 24px;\"><\/div>\n        <\/div>\n            <div class=\"kksr-star\" data-star=\"2\" style=\"padding-right: 5px\">\n            \n\n<div class=\"kksr-icon\" style=\"width: 24px; height: 24px;\"><\/div>\n        <\/div>\n            <div class=\"kksr-star\" data-star=\"3\" style=\"padding-right: 5px\">\n            \n\n<div class=\"kksr-icon\" style=\"width: 24px; height: 24px;\"><\/div>\n        <\/div>\n            <div class=\"kksr-star\" data-star=\"4\" style=\"padding-right: 5px\">\n            \n\n<div class=\"kksr-icon\" style=\"width: 24px; height: 24px;\"><\/div>\n        <\/div>\n            <div class=\"kksr-star\" data-star=\"5\" style=\"padding-right: 5px\">\n            \n\n<div class=\"kksr-icon\" style=\"width: 24px; height: 24px;\"><\/div>\n        <\/div>\n    <\/div>\n    \n<div class=\"kksr-stars-active\" style=\"width: 0px;\">\n            <div class=\"kksr-star\" style=\"padding-right: 5px\">\n            \n\n<div class=\"kksr-icon\" style=\"width: 24px; height: 24px;\"><\/div>\n        <\/div>\n            <div class=\"kksr-star\" style=\"padding-right: 5px\">\n            \n\n<div class=\"kksr-icon\" style=\"width: 24px; height: 24px;\"><\/div>\n        <\/div>\n            <div class=\"kksr-star\" style=\"padding-right: 5px\">\n            \n\n<div class=\"kksr-icon\" style=\"width: 24px; height: 24px;\"><\/div>\n        <\/div>\n            <div class=\"kksr-star\" style=\"padding-right: 5px\">\n            \n\n<div class=\"kksr-icon\" style=\"width: 24px; height: 24px;\"><\/div>\n        <\/div>\n            <div class=\"kksr-star\" style=\"padding-right: 5px\">\n            \n\n<div class=\"kksr-icon\" style=\"width: 24px; height: 24px;\"><\/div>\n        <\/div>\n    <\/div>\n<\/div>\n                \n\n<div class=\"kksr-legend\" style=\"font-size: 19.2px;\">\n            <span class=\"kksr-muted\">Rate this post<\/span>\n    <\/div>\n    <\/div>\n<p>La sc\u00e8ne est devenue famili\u00e8re pour les habitants de Quin\u00e9ville, un petit village pittoresque de la Manche. Les rires des enfants r\u00e9sonnent dans l&rsquo;air, mesurant la vie d&rsquo;une \u00e9cole qui a longtemps repr\u00e9sent\u00e9 le c\u0153ur de la communaut\u00e9. Mais aujourd&rsquo;hui, l&rsquo;ombre de la fermeture plane sur cette \u00e9cole \u00e0 classe unique, une d\u00e9cision prise par la municipalit\u00e9 et qui soul\u00e8ve des vagues d&rsquo;\u00e9motions et de souvenirs. Apr\u00e8s des ann\u00e9es de d\u00e9clin des effectifs, les portes de cette institution, qui a vu grandir tant de g\u00e9n\u00e9rations, vont se fermer, laissant derri\u00e8re elles un h\u00e9ritage inscrit dans la m\u00e9moire collective. Les traditions \u00e9ducatives qui y ont fleuri, en favorisant l&rsquo;\u00e9ducation maritime et le soutien aux \u00e9coles locales, s&rsquo;\u00e9teignent lentement. Peut-on vraiment imaginer un village sans son \u00e9cole ?<\/p>\n\n<h2 class=\"wp-block-heading\">La r\u00e9alit\u00e9 des fermetures scolaires : Un constat douloureux pour le village<\/h2>\n\n<p>La fermeture de l&rsquo;\u00e9cole du littoral \u00e0 Quin\u00e9ville est le reflet d&rsquo;une tendance bien plus large touchant de nombreuses \u00e9coles rurales. Le maire, Ren\u00e9 Hardy, en t\u00e9moigne avec \u00e9motion : \u00ab\u00a0Une \u00e9cole fait vivre la commune et les commer\u00e7ants, mais nous n&rsquo;avions plus le choix.\u00a0\u00bb Les chiffres parlent d&rsquo;eux-m\u00eames : l&rsquo;effectif est pass\u00e9 de dix-neuf \u00e9l\u00e8ves cette ann\u00e9e \u00e0 une projection alarmante de seulement dix pour la rentr\u00e9e prochaine. Cette r\u00e9alit\u00e9 est particuli\u00e8rement difficile \u00e0 dig\u00e9rer pour les familles, des g\u00e9n\u00e9rations enti\u00e8res ayant tiss\u00e9 des liens ind\u00e9fectibles avec cet \u00e9tablissement.<\/p>\n\n<p><strong>Les divers facteurs influen\u00e7ant cette fermeture<\/strong><\/p>\n\n<ul class=\"wp-block-list\"><li>\ud83c\udf0d <strong>Diminution de la population<\/strong> : L&rsquo;exode rural a laiss\u00e9 des traces, affectant le nombre d&rsquo;\u00e9l\u00e8ves.<\/li><li>\ud83d\udcc9 <strong>Baisse des effectifs<\/strong> : La r\u00e9duction continue d&rsquo;\u00e9coliers pose un d\u00e9fi in\u00e9luctable pour maintenir un enseignement de qualit\u00e9.<\/li><li>\ud83d\udc68\u200d\ud83c\udfeb <strong>Complexit\u00e9 p\u00e9dagogique<\/strong> : G\u00e9rer un enseignement sur plusieurs niveaux, comme c&rsquo;\u00e9tait le cas avec sept niveaux dans une classe, rend l&rsquo;apprentissage compliqu\u00e9.<\/li><li>\ud83c\udf92 <strong>\u00c9ducation maritime en p\u00e9ril<\/strong> : Cette \u00e9cole, ancr\u00e9e dans l&rsquo;\u00e9ducation maritime, avait pour mission d&rsquo;\u00e9veiller les jeunes \u00e0 leur environnement, une tradition en danger.<\/li><\/ul>\n\n<p>Chaque fermeture d&rsquo;\u00e9cole est ressentie comme une perte tragique. Imaginons les all\u00e9es et venues des \u00e9l\u00e8ves dans la cour de r\u00e9cr\u00e9, les cris joyeux et le parfum des repas chauds servis \u00e0 la cantine. Tout cela s&rsquo;efface peu \u00e0 peu, et il est in\u00e9vitable de se demander si le village parviendra \u00e0 survivre \u00e0 cette \u00e9vaporation de son \u00e2me.<\/p>\n\n<h2 class=\"wp-block-heading\">L&rsquo;impact sur les familles et la communaut\u00e9<\/h2>\n\n<p>Pour les familles, cette fermeture engloutit des souvenirs ch\u00e9ris, comme l&rsquo;\u00e9voque Vanessa H\u00e9rout, une maman d&rsquo;un village d&rsquo;un c\u0153ur bris\u00e9 : \u00ab\u00a0Un village sans \u00e9cole est un village mort.\u00a0\u00bb Les enfants, qui ont fait leurs premiers pas scolaires dans ces murs, devront maintenant se diriger vers d&rsquo;autres \u00e9tablissements, souvent plus \u00e9loign\u00e9s, fragmentant ainsi les liens communautaires.<\/p>\n\n<p><strong>L&rsquo;angoisse des parents face \u00e0 l&rsquo;avenir<\/strong><\/p>\n\n<ul class=\"wp-block-list\"><li>\ud83d\ude22 <strong>Changement d&rsquo;environnement<\/strong> : Pour les enfants, quitter l\u2019\u00e9cole du littoral sera un d\u00e9fi, leur laissant un go\u00fbt amer de l\u2019inconnu.<\/li><li>\u2753 <strong>Qu&rsquo;en sera-t-il de l&rsquo;accompagnement \u00e9ducatif ?<\/strong> : Les parents s&rsquo;interrogent sur la qualit\u00e9 de l&rsquo;\u00e9ducation dans les nouvelles \u00e9coles, surtout avec des \u00e9l\u00e8ves ayant des besoins sp\u00e9cifiques.<\/li><li>\ud83c\udf31 <strong>Possibilit\u00e9 de retrouver une dynamique<\/strong> : La transition vers la prochaine \u00e9cole pourrait, esp\u00e9rons-le, apporter un vent nouveau dans leur parcours scolaire.<\/li><\/ul>\n\n<p>La douleur de cette s\u00e9paration sera palpable lors des festivit\u00e9s qui traditionnellement ponctuent la fin de l&rsquo;ann\u00e9e scolaire. La c\u00e9r\u00e9monie de cl\u00f4ture, moment propice aux larmes et aux souvenirs, r\u00e9sonnera comme un adieu \u00e0 cette institution. Les parents, conscients des d\u00e9fis \u00e0 venir, devront trouver des strat\u00e9gies pour maintenir la coh\u00e9sion du village, m\u00eame lorsque les enfants seront dispers\u00e9s.<\/p>\n\n<h2 class=\"wp-block-heading\">Un enseignant d\u00e9vou\u00e9 face \u00e0 un d\u00e9fi colossal<\/h2>\n\n<p>Marianne Nizet, l&rsquo;unique enseignante de l&rsquo;\u00e9cole, a fait de son mieux pour faire briller les voix des enfants \u00e0 travers une \u00e9ducation classique \u00e0 la fois enrichissante et engageante. Cependant, sa mission n\u2019a pas \u00e9t\u00e9 sans obstacles. Enseigner \u00e0 des classes multiformes o\u00f9 l&rsquo;on c\u00f4toie des \u00e9l\u00e8ves de la maternelle jusqu&rsquo;au CM2 n\u00e9cessite une flexibilit\u00e9 presque magique. \u00ab\u00a0C&rsquo;est tr\u00e8s difficile \u00e0 vivre pour un enseignant,\u00a0\u00bb confie-t-elle, en parlant de la situation d\u00e9licate d&rsquo;accompagner autant d&rsquo;\u00e9l\u00e8ves d&rsquo;horizons vari\u00e9s.<\/p>\n\n<p><strong>Les d\u00e9fis d&rsquo;une classe \u00e0 niveau unique<\/strong><\/p>\n\n<figure class=\"wp-block-table\"><table>\n<thead>\n<tr>\n<th>\u00c9l\u00e8ves<\/th>\n<th>Niveaux<\/th>\n<th>D\u00e9fis rencontr\u00e9s<\/th>\n<\/tr>\n<\/thead>\n<tbody>\n<tr>\n<td>19<\/td>\n<td>Maternelle &#8211; CM2<\/td>\n<td>Gestion des activit\u00e9s p\u00e9dagogiques diversifi\u00e9es<\/td>\n<\/tr>\n<tr>\n<td>10 (projet\u00e9)<\/td>\n<td>Uniquement CM2<\/td>\n<td>Manque de diversit\u00e9 dans les interactions entre pairs<\/td>\n<\/tr>\n<\/tbody>\n<\/table><\/figure>\n\n<p>Il est \u00e9vident que maintenir la qualit\u00e9 de l&rsquo;\u00e9ducation avec une telle configuration est extr\u00eamement complexe. L&rsquo;isolement ressenti par les \u00e9l\u00e8ves, surtout ceux ayant des besoins sp\u00e9ciaux, a mis au jour les lacunes d&rsquo;un syst\u00e8me qui m\u00e9rite un r\u00e9examen urgent. Le d\u00e9fi repose d\u00e9sormais sur les \u00e9paules des institutions \u00e9ducatives qui devront int\u00e9grer ces \u00e9l\u00e8ves avec douceur et compr\u00e9hension.<\/p>\n\n<h2 class=\"wp-block-heading\">Une transition vers l&rsquo;avenir : Accompagnement des \u00e9l\u00e8ves<\/h2>\n\n<p>Heureusement, la municipalit\u00e9 a pris des mesures pour assurer une transition en douceur vers l&rsquo;\u00e9cole primaire de Montebourg pour les \u00e9l\u00e8ves de Quin\u00e9ville. Marianne Nizet, en tant que nouvelle directrice de l&rsquo;\u00e9tablissement, apportera son expertise et sa bienveillance \u00e0 cette nouvelle communaut\u00e9 scolaire. Les parents se sentent rassur\u00e9s \u00e0 l&rsquo;id\u00e9e qu&rsquo;ils ne seront pas abandonn\u00e9s \u00e0 leur sort, mais qu&rsquo;un accompagnement appropri\u00e9 sera mis en \u0153uvre.<\/p>\n\n<p><strong>Mesures de soutien pour les \u00e9l\u00e8ves en transition<\/strong><\/p>\n\n<ul class=\"wp-block-list\"><li>\ud83d\udcda <strong>Renforcement des ressources \u00e9ducatives<\/strong> : Cr\u00e9ation de programmes pour accompagner les enfants dans cette transition.<\/li><li>\ud83e\uddd1\u200d\ud83c\udfeb <strong>Suivi personnalis\u00e9<\/strong> : Mise en place de protocoles pour les \u00e9l\u00e8ves en difficult\u00e9 ou ayant des besoins sp\u00e9cifiques.<\/li><li>\ud83e\udd1d <strong>Collaborations communautaires<\/strong> : Engagement avec les parents pour faciliter les \u00e9changes entre familles et enseignant.e.s.<\/li><\/ul>\n\n<p>Dans ce contexte, le soutien aux \u00e9coles devra inclure des initiatives communautaires pour nourrir les liens entre les familles, maintenir l&rsquo;esprit de solidarit\u00e9, et redynamiser l&rsquo;\u00e9ducation maritime traditionnellement dispens\u00e9e. Les villages ont besoin d&rsquo;\u00e9coles pour exister, et la d\u00e9fiance face \u00e0 ces pertes doit se convertir en engagement collectif.<\/p>\n\n<h2 class=\"wp-block-heading\">Les souvenirs des traditions \u00e9ducatives et leur h\u00e9ritage<\/h2>\n\n<p>Chaque cl\u00f4ture mentale r\u00e9sonne avec le poids des traditions. Dans l&rsquo;\u00e9ducation maritime, les nouvelles g\u00e9n\u00e9rations apprenaient \u00e0 naviguer non seulement sur les eaux, mais aussi dans les interactions humaines. Les valeurs qu&rsquo;incarnait cette \u00e9cole \u00e0 classe unique, l&rsquo;entraide, la curiosit\u00e9, et la passion de l&rsquo;apprentissage sont d\u00e9sormais \u00e0 pr\u00e9server \u00e0 travers les nouvelles structures d&rsquo;enseignement.<\/p>\n\n<p><strong>Traditions \u00e0 sauvegarder pour l&rsquo;avenir<\/strong><\/p>\n\n<figure class=\"wp-block-table\"><table>\n<thead>\n<tr>\n<th>Tradition<\/th>\n<th>Importance<\/th>\n<th>Comment l&rsquo;int\u00e9grer<\/th>\n<\/tr>\n<\/thead>\n<tbody>\n<tr>\n<td>\u00c9ducation maritime<\/td>\n<td>Compr\u00e9hension de l&rsquo;environnement naturel<\/td>\n<td>Projeter des activit\u00e9s de sensibilisation avec des intervenants sp\u00e9cialis\u00e9s<\/td>\n<\/tr>\n<tr>\n<td>\u00c9v\u00e9nements communautaires<\/td>\n<td>Coh\u00e9sion et partage<\/td>\n<td>Organiser des festivals pour c\u00e9l\u00e9brer le patrimoine local<\/td>\n<\/tr>\n<\/tbody>\n<\/table><\/figure>\n\n<p>Si le village doit faire face \u00e0 un avenir sans \u00e9cole, chaque membre de la communaut\u00e9 doit s\u2019engager dans la pr\u00e9servation de ce pr\u00e9cieux h\u00e9ritage \u00e9ducatif. En continuant \u00e0 investir dans la <strong>formation locale<\/strong>, en une <strong>\u00e9ducation classique<\/strong> et en cr\u00e9ant des <strong>ressources \u00e9ducatives<\/strong> adapt\u00e9es, il est possible de garder vivantes les traditions qui ont tant apport\u00e9 aux g\u00e9n\u00e9rations pass\u00e9es.<\/p>\n\n<p><strong>FAQ<\/strong><\/p>\n\n<p><strong>Q1 : Pourquoi l&rsquo;\u00e9cole de Quin\u00e9ville ferme-t-elle ?<\/strong><br>La fermeture est due \u00e0 la diminution des effectifs, passant de 19 \u00e9l\u00e8ves \u00e0 seulement 10 pour la rentr\u00e9e.<\/p>\n\n<p><strong>Q2 : Quelles \u00e9taient les sp\u00e9cificit\u00e9s de l&rsquo;\u00e9cole ?<\/strong><br>Cette \u00e9cole proposait une \u00e9ducation maritime et un cadre familial, mais a rencontr\u00e9 des difficult\u00e9s \u00e0 r\u00e9pondre aux besoins vari\u00e9s des \u00e9l\u00e8ves.<\/p>\n\n<p><strong>Q3 : Comment se passe la transition pour les \u00e9l\u00e8ves ?<\/strong><br>Les \u00e9l\u00e8ves seront accompagn\u00e9s vers l&rsquo;\u00e9cole primaire de Montebourg, o\u00f9 des programmes de soutien seront mis en place.<\/p>\n\n<p><strong>Q4 : Quelles actions la communaut\u00e9 peut-elle entreprendre ?<\/strong><br>La communaut\u00e9 est encourag\u00e9e \u00e0 maintenir des traditions \u00e9ducatives par des initiatives locales et des \u00e9v\u00e9nements communautaires.<\/p>\n\n<p><strong>Q5 : Quels sont les d\u00e9fis pos\u00e9s aux enseignant.e.s dans ce type d&rsquo;\u00e9cole ?<\/strong><br>La gestion de \u00e9l\u00e8ves de niveaux vari\u00e9s dans une classe unique rend l\u2019enseignement difficile et exige souvent des compromis en mati\u00e8re de qualit\u00e9.<\/p>\n\n","protected":false},"excerpt":{"rendered":"<p>La sc\u00e8ne est devenue famili\u00e8re pour les habitants de Quin\u00e9ville, un petit village pittoresque de la Manche. Les rires des enfants r\u00e9sonnent dans l&rsquo;air, mesurant la vie d&rsquo;une \u00e9cole qui a longtemps repr\u00e9sent\u00e9 le c\u0153ur de la communaut\u00e9. Mais aujourd&rsquo;hui, l&rsquo;ombre de la fermeture plane sur cette \u00e9cole \u00e0 classe unique, une d\u00e9cision prise par &#8230; <a title=\"C&rsquo;est avec tristesse que nous annon\u00e7ons la fermeture de cette \u00e9cole \u00e0 classe unique du littoral apr\u00e8s tant d&rsquo;ann\u00e9es.\" class=\"read-more\" href=\"https:\/\/www.apres-lecole.fr\/Blog\/fermeture-ecole-littoral\/\" aria-label=\"En savoir plus sur C&rsquo;est avec tristesse que nous annon\u00e7ons la fermeture de cette \u00e9cole \u00e0 classe unique du littoral apr\u00e8s tant d&rsquo;ann\u00e9es.\">Lire plus<\/a><\/p>\n","protected":false},"author":9,"featured_media":2065,"comment_status":"open","ping_status":"open","sticky":false,"template":"","format":"standard","meta":{"footnotes":""},"categories":[342],"tags":[1164,412,1163,1165,1166],"class_list":["post-2066","post","type-post","status-publish","format-standard","has-post-thumbnail","hentry","category-actualites","tag-ecole-a-classe-unique","tag-education","tag-fermeture-ecole","tag-littoral","tag-tristesse"],"yoast_head":"<!-- This site is optimized with the Yoast SEO plugin v27.5 - https:\/\/yoast.com\/product\/yoast-seo-wordpress\/ -->\n<title>La fin d&#039;une \u00e9poque : fermeture d&#039;une \u00e9cole unique du littoral<\/title>\n<meta name=\"description\" content=\"Annonce de la fermeture \u00e9mouvante d&#039;une \u00e9cole \u00e0 classe unique du littoral apr\u00e8s de longues ann\u00e9es au service des enfants et de la communaut\u00e9.\" \/>\n<meta name=\"robots\" content=\"index, follow, max-snippet:-1, max-image-preview:large, max-video-preview:-1\" \/>\n<link rel=\"canonical\" href=\"https:\/\/www.apres-lecole.fr\/Blog\/fermeture-ecole-littoral\/\" \/>\n<meta property=\"og:locale\" content=\"fr_FR\" \/>\n<meta property=\"og:type\" content=\"article\" \/>\n<meta property=\"og:title\" content=\"La fin d&#039;une \u00e9poque : fermeture d&#039;une \u00e9cole unique du littoral\" \/>\n<meta property=\"og:description\" content=\"Annonce de la fermeture \u00e9mouvante d&#039;une \u00e9cole \u00e0 classe unique du littoral apr\u00e8s de longues ann\u00e9es au service des enfants et de la communaut\u00e9.\" \/>\n<meta property=\"og:url\" content=\"https:\/\/www.apres-lecole.fr\/Blog\/fermeture-ecole-littoral\/\" \/>\n<meta property=\"article:published_time\" content=\"2025-07-04T07:11:31+00:00\" \/>\n<meta property=\"og:image\" content=\"https:\/\/www.apres-lecole.fr\/Blog\/wp-content\/uploads\/2025\/07\/Cest-avec-tristesse-que-nous-annoncons-la-fermeture-de-cette-ecole-a-classe-unique-du-littoral-apres-tant-dannees.jpg\" \/>\n\t<meta property=\"og:image:width\" content=\"1344\" \/>\n\t<meta property=\"og:image:height\" content=\"768\" \/>\n\t<meta property=\"og:image:type\" content=\"image\/jpeg\" \/>\n<meta name=\"author\" content=\"Eva Martin\" \/>\n<meta name=\"twitter:card\" content=\"summary_large_image\" \/>\n<meta name=\"twitter:creator\" content=\"@Evaapresecole\" \/>\n<meta name=\"twitter:label1\" content=\"\u00c9crit par\" \/>\n\t<meta name=\"twitter:data1\" content=\"Eva Martin\" \/>\n\t<meta name=\"twitter:label2\" content=\"Dur\u00e9e de lecture estim\u00e9e\" \/>\n\t<meta name=\"twitter:data2\" content=\"7 minutes\" \/>\n<script type=\"application\/ld+json\" class=\"yoast-schema-graph\">{\"@context\":\"https:\\\/\\\/schema.org\",\"@graph\":[{\"@type\":\"Article\",\"@id\":\"https:\\\/\\\/www.apres-lecole.fr\\\/Blog\\\/fermeture-ecole-littoral\\\/#article\",\"isPartOf\":{\"@id\":\"https:\\\/\\\/www.apres-lecole.fr\\\/Blog\\\/fermeture-ecole-littoral\\\/\"},\"author\":{\"name\":\"Eva Martin\",\"@id\":\"https:\\\/\\\/www.apres-lecole.fr\\\/Blog\\\/#\\\/schema\\\/person\\\/aeb50cd4b51fc69da155804bb5bb9fc4\"},\"headline\":\"C&rsquo;est avec tristesse que nous annon\u00e7ons la fermeture de cette \u00e9cole \u00e0 classe unique du littoral apr\u00e8s tant d&rsquo;ann\u00e9es.\",\"datePublished\":\"2025-07-04T07:11:31+00:00\",\"mainEntityOfPage\":{\"@id\":\"https:\\\/\\\/www.apres-lecole.fr\\\/Blog\\\/fermeture-ecole-littoral\\\/\"},\"wordCount\":1417,\"commentCount\":0,\"image\":{\"@id\":\"https:\\\/\\\/www.apres-lecole.fr\\\/Blog\\\/fermeture-ecole-littoral\\\/#primaryimage\"},\"thumbnailUrl\":\"https:\\\/\\\/www.apres-lecole.fr\\\/Blog\\\/wp-content\\\/uploads\\\/2025\\\/07\\\/Cest-avec-tristesse-que-nous-annoncons-la-fermeture-de-cette-ecole-a-classe-unique-du-littoral-apres-tant-dannees.jpg\",\"keywords\":[\"\u00e9cole \u00e0 classe unique\",\"\u00e9ducation\",\"fermeture \u00e9cole\",\"littoral\",\"tristesse\"],\"articleSection\":[\"Actualit\u00e9s\"],\"inLanguage\":\"fr-FR\",\"potentialAction\":[{\"@type\":\"CommentAction\",\"name\":\"Comment\",\"target\":[\"https:\\\/\\\/www.apres-lecole.fr\\\/Blog\\\/fermeture-ecole-littoral\\\/#respond\"]}]},{\"@type\":\"WebPage\",\"@id\":\"https:\\\/\\\/www.apres-lecole.fr\\\/Blog\\\/fermeture-ecole-littoral\\\/\",\"url\":\"https:\\\/\\\/www.apres-lecole.fr\\\/Blog\\\/fermeture-ecole-littoral\\\/\",\"name\":\"La fin d'une \u00e9poque : fermeture d'une \u00e9cole unique du littoral\",\"isPartOf\":{\"@id\":\"https:\\\/\\\/www.apres-lecole.fr\\\/Blog\\\/#website\"},\"primaryImageOfPage\":{\"@id\":\"https:\\\/\\\/www.apres-lecole.fr\\\/Blog\\\/fermeture-ecole-littoral\\\/#primaryimage\"},\"image\":{\"@id\":\"https:\\\/\\\/www.apres-lecole.fr\\\/Blog\\\/fermeture-ecole-littoral\\\/#primaryimage\"},\"thumbnailUrl\":\"https:\\\/\\\/www.apres-lecole.fr\\\/Blog\\\/wp-content\\\/uploads\\\/2025\\\/07\\\/Cest-avec-tristesse-que-nous-annoncons-la-fermeture-de-cette-ecole-a-classe-unique-du-littoral-apres-tant-dannees.jpg\",\"datePublished\":\"2025-07-04T07:11:31+00:00\",\"author\":{\"@id\":\"https:\\\/\\\/www.apres-lecole.fr\\\/Blog\\\/#\\\/schema\\\/person\\\/aeb50cd4b51fc69da155804bb5bb9fc4\"},\"description\":\"Annonce de la fermeture \u00e9mouvante d'une \u00e9cole \u00e0 classe unique du littoral apr\u00e8s de longues ann\u00e9es au service des enfants et de la communaut\u00e9.\",\"breadcrumb\":{\"@id\":\"https:\\\/\\\/www.apres-lecole.fr\\\/Blog\\\/fermeture-ecole-littoral\\\/#breadcrumb\"},\"inLanguage\":\"fr-FR\",\"potentialAction\":[{\"@type\":\"ReadAction\",\"target\":[\"https:\\\/\\\/www.apres-lecole.fr\\\/Blog\\\/fermeture-ecole-littoral\\\/\"]}]},{\"@type\":\"ImageObject\",\"inLanguage\":\"fr-FR\",\"@id\":\"https:\\\/\\\/www.apres-lecole.fr\\\/Blog\\\/fermeture-ecole-littoral\\\/#primaryimage\",\"url\":\"https:\\\/\\\/www.apres-lecole.fr\\\/Blog\\\/wp-content\\\/uploads\\\/2025\\\/07\\\/Cest-avec-tristesse-que-nous-annoncons-la-fermeture-de-cette-ecole-a-classe-unique-du-littoral-apres-tant-dannees.jpg\",\"contentUrl\":\"https:\\\/\\\/www.apres-lecole.fr\\\/Blog\\\/wp-content\\\/uploads\\\/2025\\\/07\\\/Cest-avec-tristesse-que-nous-annoncons-la-fermeture-de-cette-ecole-a-classe-unique-du-littoral-apres-tant-dannees.jpg\",\"width\":1344,\"height\":768,\"caption\":\"d\u00e9couvrez l'annonce \u00e9motive de la fermeture de notre \u00e9cole \u00e0 classe unique du littoral, un lieu d'apprentissage et de partage qui a marqu\u00e9 le c\u0153ur de notre communaut\u00e9 pendant de nombreuses ann\u00e9es.\"},{\"@type\":\"BreadcrumbList\",\"@id\":\"https:\\\/\\\/www.apres-lecole.fr\\\/Blog\\\/fermeture-ecole-littoral\\\/#breadcrumb\",\"itemListElement\":[{\"@type\":\"ListItem\",\"position\":1,\"name\":\"Home\",\"item\":\"https:\\\/\\\/www.apres-lecole.fr\\\/Blog\\\/\"},{\"@type\":\"ListItem\",\"position\":2,\"name\":\"C&rsquo;est avec tristesse que nous annon\u00e7ons la fermeture de cette \u00e9cole \u00e0 classe unique du littoral apr\u00e8s tant d&rsquo;ann\u00e9es.\"}]},{\"@type\":\"WebSite\",\"@id\":\"https:\\\/\\\/www.apres-lecole.fr\\\/Blog\\\/#website\",\"url\":\"https:\\\/\\\/www.apres-lecole.fr\\\/Blog\\\/\",\"name\":\"\",\"description\":\"M\u00e9dia g\u00e9n\u00e9raliste\",\"potentialAction\":[{\"@type\":\"SearchAction\",\"target\":{\"@type\":\"EntryPoint\",\"urlTemplate\":\"https:\\\/\\\/www.apres-lecole.fr\\\/Blog\\\/?s={search_term_string}\"},\"query-input\":{\"@type\":\"PropertyValueSpecification\",\"valueRequired\":true,\"valueName\":\"search_term_string\"}}],\"inLanguage\":\"fr-FR\"},{\"@type\":\"Person\",\"@id\":\"https:\\\/\\\/www.apres-lecole.fr\\\/Blog\\\/#\\\/schema\\\/person\\\/aeb50cd4b51fc69da155804bb5bb9fc4\",\"name\":\"Eva Martin\",\"image\":{\"@type\":\"ImageObject\",\"inLanguage\":\"fr-FR\",\"@id\":\"https:\\\/\\\/secure.gravatar.com\\\/avatar\\\/55c53222558b27a72015a64073a80edce4abd33369394b9bf2c5cd6c19d12682?s=96&d=mm&r=g\",\"url\":\"https:\\\/\\\/secure.gravatar.com\\\/avatar\\\/55c53222558b27a72015a64073a80edce4abd33369394b9bf2c5cd6c19d12682?s=96&d=mm&r=g\",\"contentUrl\":\"https:\\\/\\\/secure.gravatar.com\\\/avatar\\\/55c53222558b27a72015a64073a80edce4abd33369394b9bf2c5cd6c19d12682?s=96&d=mm&r=g\",\"caption\":\"Eva Martin\"},\"description\":\"Je parle de business et d'entrepreneuriat avec des conseils clairs, concrets et actionnables pour r\u00e9ussir\",\"sameAs\":[\"https:\\\/\\\/x.com\\\/Evaapresecole\"],\"url\":\"https:\\\/\\\/www.apres-lecole.fr\\\/Blog\\\/author\\\/evamartin\\\/\"}]}<\/script>\n<!-- \/ Yoast SEO plugin. -->","yoast_head_json":{"title":"La fin d'une \u00e9poque : fermeture d'une \u00e9cole unique du littoral","description":"Annonce de la fermeture \u00e9mouvante d'une \u00e9cole \u00e0 classe unique du littoral apr\u00e8s de longues ann\u00e9es au service des enfants et de la communaut\u00e9.","robots":{"index":"index","follow":"follow","max-snippet":"max-snippet:-1","max-image-preview":"max-image-preview:large","max-video-preview":"max-video-preview:-1"},"canonical":"https:\/\/www.apres-lecole.fr\/Blog\/fermeture-ecole-littoral\/","og_locale":"fr_FR","og_type":"article","og_title":"La fin d'une \u00e9poque : fermeture d'une \u00e9cole unique du littoral","og_description":"Annonce de la fermeture \u00e9mouvante d'une \u00e9cole \u00e0 classe unique du littoral apr\u00e8s de longues ann\u00e9es au service des enfants et de la communaut\u00e9.","og_url":"https:\/\/www.apres-lecole.fr\/Blog\/fermeture-ecole-littoral\/","article_published_time":"2025-07-04T07:11:31+00:00","og_image":[{"width":1344,"height":768,"url":"https:\/\/www.apres-lecole.fr\/Blog\/wp-content\/uploads\/2025\/07\/Cest-avec-tristesse-que-nous-annoncons-la-fermeture-de-cette-ecole-a-classe-unique-du-littoral-apres-tant-dannees.jpg","type":"image\/jpeg"}],"author":"Eva Martin","twitter_card":"summary_large_image","twitter_creator":"@Evaapresecole","twitter_misc":{"\u00c9crit par":"Eva Martin","Dur\u00e9e de lecture estim\u00e9e":"7 minutes"},"schema":{"@context":"https:\/\/schema.org","@graph":[{"@type":"Article","@id":"https:\/\/www.apres-lecole.fr\/Blog\/fermeture-ecole-littoral\/#article","isPartOf":{"@id":"https:\/\/www.apres-lecole.fr\/Blog\/fermeture-ecole-littoral\/"},"author":{"name":"Eva Martin","@id":"https:\/\/www.apres-lecole.fr\/Blog\/#\/schema\/person\/aeb50cd4b51fc69da155804bb5bb9fc4"},"headline":"C&rsquo;est avec tristesse que nous annon\u00e7ons la fermeture de cette \u00e9cole \u00e0 classe unique du littoral apr\u00e8s tant d&rsquo;ann\u00e9es.","datePublished":"2025-07-04T07:11:31+00:00","mainEntityOfPage":{"@id":"https:\/\/www.apres-lecole.fr\/Blog\/fermeture-ecole-littoral\/"},"wordCount":1417,"commentCount":0,"image":{"@id":"https:\/\/www.apres-lecole.fr\/Blog\/fermeture-ecole-littoral\/#primaryimage"},"thumbnailUrl":"https:\/\/www.apres-lecole.fr\/Blog\/wp-content\/uploads\/2025\/07\/Cest-avec-tristesse-que-nous-annoncons-la-fermeture-de-cette-ecole-a-classe-unique-du-littoral-apres-tant-dannees.jpg","keywords":["\u00e9cole \u00e0 classe unique","\u00e9ducation","fermeture \u00e9cole","littoral","tristesse"],"articleSection":["Actualit\u00e9s"],"inLanguage":"fr-FR","potentialAction":[{"@type":"CommentAction","name":"Comment","target":["https:\/\/www.apres-lecole.fr\/Blog\/fermeture-ecole-littoral\/#respond"]}]},{"@type":"WebPage","@id":"https:\/\/www.apres-lecole.fr\/Blog\/fermeture-ecole-littoral\/","url":"https:\/\/www.apres-lecole.fr\/Blog\/fermeture-ecole-littoral\/","name":"La fin d'une \u00e9poque : fermeture d'une \u00e9cole unique du littoral","isPartOf":{"@id":"https:\/\/www.apres-lecole.fr\/Blog\/#website"},"primaryImageOfPage":{"@id":"https:\/\/www.apres-lecole.fr\/Blog\/fermeture-ecole-littoral\/#primaryimage"},"image":{"@id":"https:\/\/www.apres-lecole.fr\/Blog\/fermeture-ecole-littoral\/#primaryimage"},"thumbnailUrl":"https:\/\/www.apres-lecole.fr\/Blog\/wp-content\/uploads\/2025\/07\/Cest-avec-tristesse-que-nous-annoncons-la-fermeture-de-cette-ecole-a-classe-unique-du-littoral-apres-tant-dannees.jpg","datePublished":"2025-07-04T07:11:31+00:00","author":{"@id":"https:\/\/www.apres-lecole.fr\/Blog\/#\/schema\/person\/aeb50cd4b51fc69da155804bb5bb9fc4"},"description":"Annonce de la fermeture \u00e9mouvante d'une \u00e9cole \u00e0 classe unique du littoral apr\u00e8s de longues ann\u00e9es au service des enfants et de la communaut\u00e9.","breadcrumb":{"@id":"https:\/\/www.apres-lecole.fr\/Blog\/fermeture-ecole-littoral\/#breadcrumb"},"inLanguage":"fr-FR","potentialAction":[{"@type":"ReadAction","target":["https:\/\/www.apres-lecole.fr\/Blog\/fermeture-ecole-littoral\/"]}]},{"@type":"ImageObject","inLanguage":"fr-FR","@id":"https:\/\/www.apres-lecole.fr\/Blog\/fermeture-ecole-littoral\/#primaryimage","url":"https:\/\/www.apres-lecole.fr\/Blog\/wp-content\/uploads\/2025\/07\/Cest-avec-tristesse-que-nous-annoncons-la-fermeture-de-cette-ecole-a-classe-unique-du-littoral-apres-tant-dannees.jpg","contentUrl":"https:\/\/www.apres-lecole.fr\/Blog\/wp-content\/uploads\/2025\/07\/Cest-avec-tristesse-que-nous-annoncons-la-fermeture-de-cette-ecole-a-classe-unique-du-littoral-apres-tant-dannees.jpg","width":1344,"height":768,"caption":"d\u00e9couvrez l'annonce \u00e9motive de la fermeture de notre \u00e9cole \u00e0 classe unique du littoral, un lieu d'apprentissage et de partage qui a marqu\u00e9 le c\u0153ur de notre communaut\u00e9 pendant de nombreuses ann\u00e9es."},{"@type":"BreadcrumbList","@id":"https:\/\/www.apres-lecole.fr\/Blog\/fermeture-ecole-littoral\/#breadcrumb","itemListElement":[{"@type":"ListItem","position":1,"name":"Home","item":"https:\/\/www.apres-lecole.fr\/Blog\/"},{"@type":"ListItem","position":2,"name":"C&rsquo;est avec tristesse que nous annon\u00e7ons la fermeture de cette \u00e9cole \u00e0 classe unique du littoral apr\u00e8s tant d&rsquo;ann\u00e9es."}]},{"@type":"WebSite","@id":"https:\/\/www.apres-lecole.fr\/Blog\/#website","url":"https:\/\/www.apres-lecole.fr\/Blog\/","name":"","description":"M\u00e9dia g\u00e9n\u00e9raliste","potentialAction":[{"@type":"SearchAction","target":{"@type":"EntryPoint","urlTemplate":"https:\/\/www.apres-lecole.fr\/Blog\/?s={search_term_string}"},"query-input":{"@type":"PropertyValueSpecification","valueRequired":true,"valueName":"search_term_string"}}],"inLanguage":"fr-FR"},{"@type":"Person","@id":"https:\/\/www.apres-lecole.fr\/Blog\/#\/schema\/person\/aeb50cd4b51fc69da155804bb5bb9fc4","name":"Eva Martin","image":{"@type":"ImageObject","inLanguage":"fr-FR","@id":"https:\/\/secure.gravatar.com\/avatar\/55c53222558b27a72015a64073a80edce4abd33369394b9bf2c5cd6c19d12682?s=96&d=mm&r=g","url":"https:\/\/secure.gravatar.com\/avatar\/55c53222558b27a72015a64073a80edce4abd33369394b9bf2c5cd6c19d12682?s=96&d=mm&r=g","contentUrl":"https:\/\/secure.gravatar.com\/avatar\/55c53222558b27a72015a64073a80edce4abd33369394b9bf2c5cd6c19d12682?s=96&d=mm&r=g","caption":"Eva Martin"},"description":"Je parle de business et d'entrepreneuriat avec des conseils clairs, concrets et actionnables pour r\u00e9ussir","sameAs":["https:\/\/x.com\/Evaapresecole"],"url":"https:\/\/www.apres-lecole.fr\/Blog\/author\/evamartin\/"}]}},"views":21,"_links":{"self":[{"href":"https:\/\/www.apres-lecole.fr\/Blog\/wp-json\/wp\/v2\/posts\/2066","targetHints":{"allow":["GET"]}}],"collection":[{"href":"https:\/\/www.apres-lecole.fr\/Blog\/wp-json\/wp\/v2\/posts"}],"about":[{"href":"https:\/\/www.apres-lecole.fr\/Blog\/wp-json\/wp\/v2\/types\/post"}],"author":[{"embeddable":true,"href":"https:\/\/www.apres-lecole.fr\/Blog\/wp-json\/wp\/v2\/users\/9"}],"replies":[{"embeddable":true,"href":"https:\/\/www.apres-lecole.fr\/Blog\/wp-json\/wp\/v2\/comments?post=2066"}],"version-history":[{"count":0,"href":"https:\/\/www.apres-lecole.fr\/Blog\/wp-json\/wp\/v2\/posts\/2066\/revisions"}],"wp:featuredmedia":[{"embeddable":true,"href":"https:\/\/www.apres-lecole.fr\/Blog\/wp-json\/wp\/v2\/media\/2065"}],"wp:attachment":[{"href":"https:\/\/www.apres-lecole.fr\/Blog\/wp-json\/wp\/v2\/media?parent=2066"}],"wp:term":[{"taxonomy":"category","embeddable":true,"href":"https:\/\/www.apres-lecole.fr\/Blog\/wp-json\/wp\/v2\/categories?post=2066"},{"taxonomy":"post_tag","embeddable":true,"href":"https:\/\/www.apres-lecole.fr\/Blog\/wp-json\/wp\/v2\/tags?post=2066"}],"curies":[{"name":"wp","href":"https:\/\/api.w.org\/{rel}","templated":true}]}}