{"id":2064,"date":"2025-07-04T06:47:11","date_gmt":"2025-07-04T06:47:11","guid":{"rendered":"https:\/\/www.apres-lecole.fr\/Blog\/impact-nouvelles-technologies-ecole\/"},"modified":"2025-07-04T06:47:11","modified_gmt":"2025-07-04T06:47:11","slug":"impact-nouvelles-technologies-ecole","status":"publish","type":"post","link":"https:\/\/www.apres-lecole.fr\/Blog\/impact-nouvelles-technologies-ecole\/","title":{"rendered":"L&rsquo;impact des nouvelles technologies sur l&rsquo;\u00e9cole en 2025"},"content":{"rendered":"\n\n<div class=\"kk-star-ratings kksr-auto kksr-align-left kksr-valign-top\"\n    data-payload='{&quot;align&quot;:&quot;left&quot;,&quot;id&quot;:&quot;2064&quot;,&quot;slug&quot;:&quot;default&quot;,&quot;valign&quot;:&quot;top&quot;,&quot;ignore&quot;:&quot;&quot;,&quot;reference&quot;:&quot;auto&quot;,&quot;class&quot;:&quot;&quot;,&quot;count&quot;:&quot;0&quot;,&quot;legendonly&quot;:&quot;&quot;,&quot;readonly&quot;:&quot;&quot;,&quot;score&quot;:&quot;0&quot;,&quot;starsonly&quot;:&quot;&quot;,&quot;best&quot;:&quot;5&quot;,&quot;gap&quot;:&quot;5&quot;,&quot;greet&quot;:&quot;Rate this post&quot;,&quot;legend&quot;:&quot;0\\\/5 - (0 vote)&quot;,&quot;size&quot;:&quot;24&quot;,&quot;title&quot;:&quot;L\\u0026#039;impact des nouvelles technologies sur l\\u0026#039;\u00e9cole en 2025&quot;,&quot;width&quot;:&quot;0&quot;,&quot;_legend&quot;:&quot;{score}\\\/{best} - ({count} {votes})&quot;,&quot;font_factor&quot;:&quot;1.25&quot;}'>\n            \n<div class=\"kksr-stars\">\n    \n<div class=\"kksr-stars-inactive\">\n            <div class=\"kksr-star\" data-star=\"1\" style=\"padding-right: 5px\">\n            \n\n<div class=\"kksr-icon\" style=\"width: 24px; height: 24px;\"><\/div>\n        <\/div>\n            <div class=\"kksr-star\" data-star=\"2\" style=\"padding-right: 5px\">\n            \n\n<div class=\"kksr-icon\" style=\"width: 24px; height: 24px;\"><\/div>\n        <\/div>\n            <div class=\"kksr-star\" data-star=\"3\" style=\"padding-right: 5px\">\n            \n\n<div class=\"kksr-icon\" style=\"width: 24px; height: 24px;\"><\/div>\n        <\/div>\n            <div class=\"kksr-star\" data-star=\"4\" style=\"padding-right: 5px\">\n            \n\n<div class=\"kksr-icon\" style=\"width: 24px; height: 24px;\"><\/div>\n        <\/div>\n            <div class=\"kksr-star\" data-star=\"5\" style=\"padding-right: 5px\">\n            \n\n<div class=\"kksr-icon\" style=\"width: 24px; height: 24px;\"><\/div>\n        <\/div>\n    <\/div>\n    \n<div class=\"kksr-stars-active\" style=\"width: 0px;\">\n            <div class=\"kksr-star\" style=\"padding-right: 5px\">\n            \n\n<div class=\"kksr-icon\" style=\"width: 24px; height: 24px;\"><\/div>\n        <\/div>\n            <div class=\"kksr-star\" style=\"padding-right: 5px\">\n            \n\n<div class=\"kksr-icon\" style=\"width: 24px; height: 24px;\"><\/div>\n        <\/div>\n            <div class=\"kksr-star\" style=\"padding-right: 5px\">\n            \n\n<div class=\"kksr-icon\" style=\"width: 24px; height: 24px;\"><\/div>\n        <\/div>\n            <div class=\"kksr-star\" style=\"padding-right: 5px\">\n            \n\n<div class=\"kksr-icon\" style=\"width: 24px; height: 24px;\"><\/div>\n        <\/div>\n            <div class=\"kksr-star\" style=\"padding-right: 5px\">\n            \n\n<div class=\"kksr-icon\" style=\"width: 24px; height: 24px;\"><\/div>\n        <\/div>\n    <\/div>\n<\/div>\n                \n\n<div class=\"kksr-legend\" style=\"font-size: 19.2px;\">\n            <span class=\"kksr-muted\">Rate this post<\/span>\n    <\/div>\n    <\/div>\n<p>Au fil des ann\u00e9es, l\u2019\u00e9cole et l\u2019\u00e9ducation en g\u00e9n\u00e9ral ont connu des \u00e9volutions marquantes, que ce soit dans les murs de classe ou sur les m\u00e9thodes d\u2019apprentissage. En 2025, les nouvelles technologies s\u2019att\u00e8lent \u00e0 red\u00e9finir le paysage \u00e9ducatif, non seulement dans les \u00e9tablissements traditionnels, mais aussi dans les nouvelles \u00e9coles innovantes et les plateformes d\u2019apprentissage en ligne. Quels outils technologiques fa\u00e7onnent cette r\u00e9volution ? Comment les enseignants et les \u00e9l\u00e8ves s\u2019adaptent-ils \u00e0 ces changements ? Cet article se penche sur l\u2019impact des innovations technologiques sur l&rsquo;\u00e9cole, une exploration fascinante de ce que l\u2019avenir nous r\u00e9serve.<\/p>\n\n<h2 class=\"wp-block-heading\">Les innovations technologiques qui transforment l&rsquo;\u00e9ducation<\/h2>\n\n<p>Le monde \u00e9ducatif est en constante mutation, et les technologies sont en son centre. En 2025, plusieurs innovations ont vu le jour, redessinant les interactions entre enseignants et \u00e9l\u00e8ves. Parmi ces nouveaut\u00e9s, on retrouve la <strong>r\u00e9alit\u00e9 virtuelle<\/strong> (RV) et augment\u00e9e (RA), qui permettent aux \u00e9l\u00e8ves d&rsquo;explorer des environnements d&rsquo;apprentissage immersifs. Ces outils offrent des simulations qui rendent l&rsquo;apprentissage des sciences, de l\u2019histoire et m\u00eame des arts visuel d\u2019une mani\u00e8re jamais vue auparavant.<\/p>\n\n<p>Un autre acteur incontournable de cette r\u00e9volution est l&rsquo;<strong>Intelligence Artificielle<\/strong>. Gr\u00e2ce \u00e0 l&rsquo;<strong>IA<\/strong>, les syst\u00e8mes \u00e9ducatifs deviennent plus adaptatifs et personnalis\u00e9s. Par exemple, des plateformes comme <strong>SmartSchool<\/strong> utilisent l&rsquo;IA pour \u00e9tablir des parcours \u00e9ducatifs sur mesure. En analysant les performances pass\u00e9es des \u00e9l\u00e8ves, ces outils permettent d\u2019identifier leurs besoins sp\u00e9cifiques et de formuler des recommandations adapt\u00e9es.<\/p>\n\n<p>Les <strong>applications \u00e9ducatives<\/strong> prennent \u00e9galement de l&rsquo;ampleur. Avec la mont\u00e9e des outils d&rsquo;apprentissage comme <strong>DigitalLearn<\/strong>, les \u00e9l\u00e8ves peuvent suivre des cours interactifs, renforcer leurs comp\u00e9tences \u00e0 leur rythme, et m\u00eame collaborer sur des projets en groupe. Ces avanc\u00e9es offrent une flexibilit\u00e9 in\u00e9dite, rendant l&rsquo;\u00e9ducation accessible allait bien au-del\u00e0 des murs de la salle de classe.<\/p>\n\n<p><strong>Les innovations en \u00e9ducation incluent :<\/strong><\/p>\n\n<ul class=\"wp-block-list\"><li>\ud83d\udcf1 Int\u00e9gration de la r\u00e9alit\u00e9 augment\u00e9e et virtuelle<\/li><li>\ud83e\udd16 Utilisation de l&rsquo;intelligence artificielle dans les plateformes d&rsquo;apprentissage<\/li><li>\ud83c\udf10 Acc\u00e8s aux ressources \u00e9ducatives en ligne \u00e0 tout moment<\/li><li>\ud83d\udee0\ufe0f Applications \u00e9ducatives interactives pour un apprentissage ludique<\/li><li>\ud83c\udfeb \u00c9coles hybrides combinant pr\u00e9sentiel et distanciel<\/li><\/ul>\n\n<figure class=\"wp-block-table\"><table>\n<thead>\n<tr>\n<th>Technologie<\/th>\n<th>Impact<\/th>\n<th>Exemple<\/th>\n<\/tr>\n<\/thead>\n<tbody>\n<tr>\n<td>R\u00e9alit\u00e9 Virtuelle<\/td>\n<td>Immersion dans des environnements d&rsquo;apprentissage<\/td>\n<td>Exploration de l&rsquo;espace en SVT avec des lunettes VR<\/td>\n<\/tr>\n<tr>\n<td>Intelligence Artificielle<\/td>\n<td>Syst\u00e8mes d&rsquo;apprentissage personnalis\u00e9s<\/td>\n<td>SmartSchool : parcours de formation adapt\u00e9s<\/td>\n<\/tr>\n<tr>\n<td>Plateformes d&rsquo;e-learning<\/td>\n<td>Apprentissage flexible et \u00e0 distance<\/td>\n<td>DigitalLearn<\/td>\n<\/tr>\n<tr>\n<td>Applications \u00e9ducatives<\/td>\n<td>Engagement plus important des \u00e9l\u00e8ves<\/td>\n<td>TechnoClass : jeux \u00e9ducatifs en math\u00e9matiques<\/td>\n<\/tr>\n<\/tbody>\n<\/table><\/figure>\n\n<p>Cette vari\u00e9t\u00e9 d&rsquo;outils technologiques mise \u00e0 disposition des enseignants et des \u00e9l\u00e8ves participe \u00e0 cr\u00e9er un environnement d&rsquo;apprentissage plus engageant. Cet \u00e9cosyst\u00e8me dynamique permet de r\u00e9pondre aux nouveaux d\u00e9fis \u00e9ducatifs, pla\u00e7ant les besoin des \u00e9l\u00e8ves au c\u0153ur des pr\u00e9occupations.<\/p>\n\n<h2 class=\"wp-block-heading\">Les avantages de l\u2019int\u00e9gration technologique dans l\u2019apprentissage<\/h2>\n\n<p>Les nouvelles technologies dans le milieu \u00e9ducatif n\u2019apportent pas seulement du changement, mais \u00e9galement des <strong>avantages consid\u00e9rables<\/strong> en termes d\u2019apprentissage. L\u2019un des principaux b\u00e9n\u00e9fices est l\u2019<strong>engagement des \u00e9l\u00e8ves<\/strong>. Les le\u00e7ons utilisant des \u00e9l\u00e9ments ludiques ou interactifs maintiennent l\u2019attention des \u00e9l\u00e8ves, une vraie aubaine pour les enseignants. Par exemple, l\u2019utilisation d\u2019outils tels que <strong>InnovEdu<\/strong> pour int\u00e9grer des quiz en temps r\u00e9el lors des cours, permet de v\u00e9rifier la compr\u00e9hension en temps r\u00e9el.<\/p>\n\n<p>Un autre atout majeur est la <strong>personnalisation des parcours \u00e9ducatifs<\/strong>. Chaque \u00e9l\u00e8ve apprend \u00e0 son rythme et selon ses besoins, favorisant ainsi une meilleure appropriation des savoirs. Certaines plateformes comme <strong>FutureAcademy<\/strong> proposent des le\u00e7ons adapt\u00e9es pour chaque type de profil d&rsquo;\u00e9l\u00e8ve, am\u00e9liorant le taux de r\u00e9ussite.<\/p>\n\n<p>Voici quelques avantages de l\u2019int\u00e9gration technologique dans l\u2019apprentissage :<\/p>\n\n<ul class=\"wp-block-list\"><li>\ud83d\udcca Approche personnalis\u00e9e pour chaque \u00e9l\u00e8ve<\/li><li>\ud83c\udfae Un engagement et une motivation accrus<\/li><li>\ud83c\udf0d Acc\u00e8s \u00e0 des ressources \u00e9ducatives diversifi\u00e9es et illimit\u00e9es<\/li><li>\ud83d\udcda Permet aux enseignants de consacrer plus de temps \u00e0 l&rsquo;accompagnement individuel<\/li><li>\ud83d\udd0d Analyse des performances pour une \u00e9volution continue<\/li><\/ul>\n\n<figure class=\"wp-block-table\"><table>\n<thead>\n<tr>\n<th>Aper\u00e7u des avantages<\/th>\n<th>D\u00e9tails<\/th>\n<\/tr>\n<\/thead>\n<tbody>\n<tr>\n<td>Personnalisation<\/td>\n<td>Un apprentissage adapt\u00e9 aux besoins sp\u00e9cifiques de chaque \u00e9l\u00e8ve<\/td>\n<\/tr>\n<tr>\n<td>Engagement<\/td>\n<td>Le\u00e7ons interactives captant l\u2019attention des \u00e9l\u00e8ves<\/td>\n<\/tr>\n<tr>\n<td>Accessibilit\u00e9<\/td>\n<td>Acc\u00e8s \u00e0 des ressources \u00e9ducatives en ligne \u00e0 tout moment<\/td>\n<\/tr>\n<tr>\n<td>Collaboration<\/td>\n<td>Outils permettant le travail collaboratif entre \u00e9l\u00e8ves<\/td>\n<\/tr>\n<\/tbody>\n<\/table><\/figure>\n\n<p>L&rsquo;int\u00e9gration de la technologie en classe am\u00e9liore \u00e9galement les comp\u00e9tences num\u00e9riques des \u00e9l\u00e8ves. \u00c0 l&rsquo;\u00e9poque o\u00f9 vivre et travailler sans outils num\u00e9riques est devenu presque impossible, il est essentiel d\u2019initier les \u00e9l\u00e8ves aux technologies d\u00e8s leur plus jeune \u00e2ge. En apprenant \u00e0 manipuler ces outils, les \u00e9l\u00e8ves deviennent mieux pr\u00e9par\u00e9s \u00e0 entrer dans le monde du travail.<\/p>\n\n<h2 class=\"wp-block-heading\">Les d\u00e9fis de l&rsquo;\u00e9ducation num\u00e9rique<\/h2>\n\n<p>Malgr\u00e9 l&rsquo;engouement pour l&rsquo;usage des technologies, des d\u00e9fis r\u00e9els demeurent, entrant en conflit avec les avantages qu&rsquo;elles apportent. Le premier point inqui\u00e9tant concerne la <strong>sant\u00e9 mentale<\/strong> des \u00e9l\u00e8ves. Une d\u00e9pendance excessive \u00e0 la technologie peut entra\u00eener des effets n\u00e9fastes, comme une baisse des interactions sociales en face \u00e0 face. Les enseignants doivent donc trouver un \u00e9quilibre inhabituel entre l\u2019utilisation de la technologie et la pr\u00e9servation des interactions interpersonnelles vitales.<\/p>\n\n<p>Ensuite, le <strong>probl\u00e8me de la fracture num\u00e9rique<\/strong> se r\u00e9v\u00e8le critique. L&rsquo;in\u00e9galit\u00e9 d&rsquo;acc\u00e8s aux technologies num\u00e9riques souligne un foss\u00e9 entre les \u00e9l\u00e8ves. L&rsquo;acc\u00e8s \u00e0 Internet et aux appareils num\u00e9riques demeure in\u00e9gal, affectant la capacit\u00e9 de certains \u00e9l\u00e8ves \u00e0 b\u00e9n\u00e9ficier de ces nouvelles m\u00e9thodes d&rsquo;apprentissage. Les initiatives pour garantir un acc\u00e8s \u00e9gal \u00e0 ces technologies doivent devenir une priorit\u00e9.<\/p>\n\n<p>En r\u00e9sum\u00e9, voici les d\u00e9fis auxquels l&rsquo;\u00e9ducation num\u00e9rique fait face :<\/p>\n\n<ul class=\"wp-block-list\"><li>\ud83d\udcc9 Risques pour la sant\u00e9 mentale et d\u00e9pendance aux \u00e9crans<\/li><li>\ud83c\udf10 Fracture num\u00e9rique emp\u00eachant l&rsquo;acc\u00e8s \u00e9gal aux ressources \u00e9ducatives<\/li><li>\u26a0\ufe0f Probl\u00e8mes de s\u00e9curit\u00e9 en ligne : cyberharc\u00e8lement et confidentialit\u00e9<\/li><li>\ud83d\udcc9 D\u00e9clin des interactions sociales face \u00e0 l\u2019ascendance des outils num\u00e9riques<\/li><li>\ud83d\udc68\u200d\ud83c\udfeb Manque de formation pour les enseignants dans l\u2019utilisation des nouvelles technologies<\/li><\/ul>\n\n<figure class=\"wp-block-table\"><table>\n<thead>\n<tr>\n<th>D\u00e9fi<\/th>\n<th>Impact<\/th>\n<\/tr>\n<\/thead>\n<tbody>\n<tr>\n<td>Sant\u00e9 mentale<\/td>\n<td>D\u00e9pendance aux \u00e9crans et isolement social<\/td>\n<\/tr>\n<tr>\n<td>Fracture num\u00e9rique<\/td>\n<td>In\u00e9gale distribution des ressources \u00e9ducatives<\/td>\n<\/tr>\n<tr>\n<td>S\u00e9curit\u00e9 en ligne<\/td>\n<td>Risques de cyberharc\u00e8lement et protection des donn\u00e9es<\/td>\n<\/tr>\n<\/tbody>\n<\/table><\/figure>\n\n<p>La n\u00e9cessit\u00e9 d&rsquo;un cadre \u00e9thique et de s\u00e9curit\u00e9 devient de plus en plus cruciale. Le monde \u00e9ducatif doit s&rsquo;unir pour garantir un environnement s\u00fbr et accueillant pour tous les \u00e9l\u00e8ves.<\/p>\n\n<h2 class=\"wp-block-heading\">Les solutions pour maximiser l&rsquo;impact des technologies<\/h2>\n\n<p>Il est imp\u00e9ratif de proposer des solutions concr\u00e8tes pour surmonter les d\u00e9fis de l&rsquo;int\u00e9gration technologique en classe. L\u2019<strong>\u00e9ducation \u00e0 la cybers\u00e9curit\u00e9<\/strong> devrait devenir un domaine prioritaire, permettant aux \u00e9l\u00e8ves de naviguer dans l&rsquo;\u00e9cosyst\u00e8me num\u00e9rique de mani\u00e8re s\u00e9curis\u00e9e. Enseigner aux \u00e9l\u00e8ves \u00e0 identifier les risques en ligne et adopter des comportements responsables est essentiel pour b\u00e2tir un environnement num\u00e9rique sain.<\/p>\n\n<p>Un autre aspect \u00e0 ne pas n\u00e9gliger est l&rsquo;<strong>accessibilit\u00e9<\/strong>. Pour r\u00e9duire la fracture num\u00e9rique, les politiques \u00e9ducatives doivent s&rsquo;orienter vers des investissements dans l&rsquo;\u00e9quipement pour les \u00e9l\u00e8ves d\u00e9favoris\u00e9s. Des programmes visant \u00e0 accro\u00eetre l\u2019acc\u00e8s \u00e0 Internet et aux ordinateurs doivent \u00e9galement \u00eatre mis en place.<\/p>\n\n<p><strong>Voici quelques solutions pratiques :<\/strong><\/p>\n\n<ul class=\"wp-block-list\"><li>\ud83d\udee1\ufe0f Programmes d&rsquo;\u00e9ducation \u00e0 la cybers\u00e9curit\u00e9 dans les classes<\/li><li>\ud83c\udf09 Initiatives pour r\u00e9duire la fracture num\u00e9rique<\/li><li>\ud83d\udc69\u200d\ud83c\udfeb Formation continue des enseignants sur les nouvelles technologies<\/li><li>\ud83d\udd12 Politiques de protection des donn\u00e9es robustes<\/li><li>\ud83d\udd0d \u00c9ducation \u00e0 l&rsquo;\u00e9valuation critique des sources d&rsquo;information<\/li><\/ul>\n\n<figure class=\"wp-block-table\"><table>\n<thead>\n<tr>\n<th>Solution<\/th>\n<th>D\u00e9tails<\/th>\n<\/tr>\n<\/thead>\n<tbody>\n<tr>\n<td>\u00c9ducation \u00e0 la cybers\u00e9curit\u00e9<\/td>\n<td>Sensibilisation des \u00e9l\u00e8ves aux dangers num\u00e9riques<\/td>\n<\/tr>\n<tr>\n<td>Investissements technologiques<\/td>\n<td>Fourniture d&rsquo;\u00e9quipements aux \u00e9l\u00e8ves d\u00e9favoris\u00e9s<\/td>\n<\/tr>\n<tr>\n<td>Formation pour enseignants<\/td>\n<td>Aide \u00e0 int\u00e9grer la technologie efficacement dans l&rsquo;enseignement<\/td>\n<\/tr>\n<\/tbody>\n<\/table><\/figure>\n\n<p>Les solutions ci-dessus repr\u00e9sentent des \u00e9tapes cruciales vers un avenir \u00e9ducatif int\u00e9gr\u00e9 et centr\u00e9 sur l&rsquo;\u00e9l\u00e8ve. En faisant de la cybers\u00e9curit\u00e9 une priorit\u00e9, le cadre \u00e9ducatif peut \u00e9voluer pour garantir la s\u00e9curit\u00e9 des \u00e9l\u00e8ves tout en maximisant les b\u00e9n\u00e9fices des nouvelles technologies.<\/p>\n\n<h2 class=\"wp-block-heading\">Les tendances \u00e9mergentes pour l&rsquo;\u00e9ducation de demain<\/h2>\n\n<p>\u00c0 l\u2019horizon, plusieurs tendances \u00e9mergent qui promettent de fa\u00e7onner l&rsquo;\u00e9ducation de mani\u00e8re marquante. Parmi ces \u00e9volutions, l\u2019adoption accrue des <strong>plateformes d&rsquo;apprentissage en ligne<\/strong> s&rsquo;acc\u00e9l\u00e8re, avec des syst\u00e8mes M.O.O.C. (Massive Open Online Courses) int\u00e9gr\u00e9s dans le cursus traditionnel. Ce type d&rsquo;apprentissage hybride, qui combine cours en pr\u00e9sentiel et sessions en ligne, cr\u00e9\u00e9 une souplesse qui permet \u00e0 chacun de structurer son temps d&rsquo;apprentissage.<\/p>\n\n<p>De plus, l&rsquo;utilisation de la <strong>technologie portable<\/strong> (wearable technology) pour l&rsquo;\u00e9ducation devient plus courante. Des outils comme les montres intelligentes ou les lunettes de r\u00e9alit\u00e9 augment\u00e9e fourniront aux \u00e9l\u00e8ves un acc\u00e8s imm\u00e9diat aux informations n\u00e9cessaires pendant les cours, r\u00e9volutionnant ainsi l\u2019approche interactive.<\/p>\n\n<p>Les tendances \u00e0 surveiller incluent :<\/p>\n\n<ul class=\"wp-block-list\"><li>\ud83d\udcda Adoption massive des plateformes d\u2019apprentissage en ligne<\/li><li>\ud83d\udd76\ufe0f Int\u00e9gration croissante de la technologie portable dans le cursus<\/li><li>\ud83e\udd16 Utilisation d&rsquo;IA pour un apprentissage encore plus personnalis\u00e9<\/li><li>\ud83c\udf1f Exp\u00e9riences d\u2019apprentissage plus immersives gr\u00e2ce \u00e0 la r\u00e9alit\u00e9 augment\u00e9e<\/li><li>\ud83c\udf0d Cours hybrides rendant l&rsquo;\u00e9ducation accessible partout et \u00e0 tout moment<\/li><\/ul>\n\n<figure class=\"wp-block-table\"><table>\n<thead>\n<tr>\n<th>Tendance<\/th>\n<th>Description<\/th>\n<\/tr>\n<\/thead>\n<tbody>\n<tr>\n<td>Plateformes d&rsquo;apprentissage<\/td>\n<td>Int\u00e9gration des M.O.O.C. dans le syst\u00e8me \u00e9ducatif traditionnel<\/td>\n<\/tr>\n<tr>\n<td>Technologie portable<\/td>\n<td>Usage d&rsquo;outils comme des montres intelligentes en classe<\/td>\n<\/tr>\n<tr>\n<td>IA \u00e0 l\u2019\u00e9cole<\/td>\n<td>Apprentissage ultra-personnalis\u00e9 en fonction des besoins<\/td>\n<\/tr>\n<\/tbody>\n<\/table><\/figure>\n\n<p>Ces tendances, loin d&rsquo;\u00eatre \u00e9ph\u00e9m\u00e8res, posent \u00e9galement la question de l&rsquo;\u00e9volution d&rsquo;un cadre \u00e9ducatif encore plus adaptatif et flexible, o\u00f9 l&rsquo;immersion et la personnalisation rythmeront les apprentissages des g\u00e9n\u00e9rations futures.<\/p>\n\n<h2 class=\"wp-block-heading\">FAQ<\/h2>\n\n<p><strong>Comment les nouvelles technologies peuvent-elles am\u00e9liorer l&rsquo;engagement des \u00e9l\u00e8ves ?<\/strong> Les technologies, comme les applications \u00e9ducatives et la r\u00e9alit\u00e9 virtuelle, rendent l&rsquo;apprentissage plus interactif et motivant, capturant ainsi l&rsquo;attention des \u00e9l\u00e8ves.<\/p>\n\n<p><strong>Quels sont les principaux d\u00e9fis associ\u00e9s \u00e0 l&rsquo;\u00e9ducation num\u00e9rique ?<\/strong> Les principaux d\u00e9fis comprennent la sant\u00e9 mentale des \u00e9l\u00e8ves, la fracture num\u00e9rique et des probl\u00e8mes de s\u00e9curit\u00e9 en ligne, n\u00e9cessitant des solutions adapt\u00e9es.<\/p>\n\n<p><strong>Comment la fracture num\u00e9rique affecte-t-elle les \u00e9l\u00e8ves ?<\/strong> L&rsquo;in\u00e9galit\u00e9 d&rsquo;acc\u00e8s aux technologies peut cr\u00e9er des disparit\u00e9s entre les \u00e9l\u00e8ves, limitant les opportunit\u00e9s \u00e9ducatives pour certains.<\/p>\n\n<p><strong>Quelles solutions sont mises en place pour am\u00e9liorer l&rsquo;\u00e9ducation num\u00e9rique ?<\/strong> Des initiatives telles que l&rsquo;\u00e9ducation \u00e0 la cybers\u00e9curit\u00e9, des investissements dans l&rsquo;\u00e9quipement et la formation continue des enseignants visent \u00e0 am\u00e9liorer l&rsquo;int\u00e9gration des technologies.<\/p>\n\n<p><strong>Quelles sont les tendances futures en \u00e9ducation num\u00e9rique ?<\/strong> Les tendances incluent une adoption accrue des plateformes d\u2019apprentissage en ligne, une int\u00e9gration croissante de la technologie portable et une utilisation avanc\u00e9e de l&rsquo;IA pour personnaliser les apprentissages.<\/p>\n\n","protected":false},"excerpt":{"rendered":"<p>Au fil des ann\u00e9es, l\u2019\u00e9cole et l\u2019\u00e9ducation en g\u00e9n\u00e9ral ont connu des \u00e9volutions marquantes, que ce soit dans les murs de classe ou sur les m\u00e9thodes d\u2019apprentissage. En 2025, les nouvelles technologies s\u2019att\u00e8lent \u00e0 red\u00e9finir le paysage \u00e9ducatif, non seulement dans les \u00e9tablissements traditionnels, mais aussi dans les nouvelles \u00e9coles innovantes et les plateformes d\u2019apprentissage &#8230; <a title=\"L&rsquo;impact des nouvelles technologies sur l&rsquo;\u00e9cole en 2025\" class=\"read-more\" href=\"https:\/\/www.apres-lecole.fr\/Blog\/impact-nouvelles-technologies-ecole\/\" aria-label=\"En savoir plus sur L&rsquo;impact des nouvelles technologies sur l&rsquo;\u00e9cole en 2025\">Lire plus<\/a><\/p>\n","protected":false},"author":9,"featured_media":2063,"comment_status":"open","ping_status":"open","sticky":false,"template":"","format":"standard","meta":{"footnotes":""},"categories":[342],"tags":[410,1162,1161,1160],"class_list":["post-2064","post","type-post","status-publish","format-standard","has-post-thumbnail","hentry","category-actualites","tag-ecole","tag-futur-de-leducation","tag-impact","tag-nouvelles-technologies"],"yoast_head":"<!-- This site is optimized with the Yoast SEO plugin v27.5 - https:\/\/yoast.com\/product\/yoast-seo-wordpress\/ -->\n<title>L&#039;essor des technologies : une \u00e9cole transform\u00e9e en 2025<\/title>\n<meta name=\"description\" content=\"D\u00e9couvrez comment les nouvelles technologies transforment l&#039;\u00e9cole en 2025 : enseignement, apprentissage et avenir de l&#039;\u00e9ducation.\" \/>\n<meta name=\"robots\" content=\"index, follow, max-snippet:-1, max-image-preview:large, max-video-preview:-1\" \/>\n<link rel=\"canonical\" href=\"https:\/\/www.apres-lecole.fr\/Blog\/impact-nouvelles-technologies-ecole\/\" \/>\n<meta property=\"og:locale\" content=\"fr_FR\" \/>\n<meta property=\"og:type\" content=\"article\" \/>\n<meta property=\"og:title\" content=\"L&#039;essor des technologies : une \u00e9cole transform\u00e9e en 2025\" \/>\n<meta property=\"og:description\" content=\"D\u00e9couvrez comment les nouvelles technologies transforment l&#039;\u00e9cole en 2025 : enseignement, apprentissage et avenir de l&#039;\u00e9ducation.\" \/>\n<meta property=\"og:url\" content=\"https:\/\/www.apres-lecole.fr\/Blog\/impact-nouvelles-technologies-ecole\/\" \/>\n<meta property=\"article:published_time\" content=\"2025-07-04T06:47:11+00:00\" \/>\n<meta property=\"og:image\" content=\"https:\/\/www.apres-lecole.fr\/Blog\/wp-content\/uploads\/2025\/07\/Limpact-des-nouvelles-technologies-sur-lecole-en-2025.jpg\" \/>\n\t<meta property=\"og:image:width\" content=\"1344\" \/>\n\t<meta property=\"og:image:height\" content=\"768\" \/>\n\t<meta property=\"og:image:type\" content=\"image\/jpeg\" \/>\n<meta name=\"author\" content=\"Eva Martin\" \/>\n<meta name=\"twitter:card\" content=\"summary_large_image\" \/>\n<meta name=\"twitter:creator\" content=\"@Evaapresecole\" \/>\n<meta name=\"twitter:label1\" content=\"\u00c9crit par\" \/>\n\t<meta name=\"twitter:data1\" content=\"Eva Martin\" \/>\n\t<meta name=\"twitter:label2\" content=\"Dur\u00e9e de lecture estim\u00e9e\" \/>\n\t<meta name=\"twitter:data2\" content=\"9 minutes\" \/>\n<script type=\"application\/ld+json\" class=\"yoast-schema-graph\">{\"@context\":\"https:\\\/\\\/schema.org\",\"@graph\":[{\"@type\":\"Article\",\"@id\":\"https:\\\/\\\/www.apres-lecole.fr\\\/Blog\\\/impact-nouvelles-technologies-ecole\\\/#article\",\"isPartOf\":{\"@id\":\"https:\\\/\\\/www.apres-lecole.fr\\\/Blog\\\/impact-nouvelles-technologies-ecole\\\/\"},\"author\":{\"name\":\"Eva Martin\",\"@id\":\"https:\\\/\\\/www.apres-lecole.fr\\\/Blog\\\/#\\\/schema\\\/person\\\/aeb50cd4b51fc69da155804bb5bb9fc4\"},\"headline\":\"L&rsquo;impact des nouvelles technologies sur l&rsquo;\u00e9cole en 2025\",\"datePublished\":\"2025-07-04T06:47:11+00:00\",\"mainEntityOfPage\":{\"@id\":\"https:\\\/\\\/www.apres-lecole.fr\\\/Blog\\\/impact-nouvelles-technologies-ecole\\\/\"},\"wordCount\":1847,\"commentCount\":0,\"image\":{\"@id\":\"https:\\\/\\\/www.apres-lecole.fr\\\/Blog\\\/impact-nouvelles-technologies-ecole\\\/#primaryimage\"},\"thumbnailUrl\":\"https:\\\/\\\/www.apres-lecole.fr\\\/Blog\\\/wp-content\\\/uploads\\\/2025\\\/07\\\/Limpact-des-nouvelles-technologies-sur-lecole-en-2025.jpg\",\"keywords\":[\"\u00e9cole\",\"futur de l'\u00e9ducation\",\"impact\",\"nouvelles technologies\"],\"articleSection\":[\"Actualit\u00e9s\"],\"inLanguage\":\"fr-FR\",\"potentialAction\":[{\"@type\":\"CommentAction\",\"name\":\"Comment\",\"target\":[\"https:\\\/\\\/www.apres-lecole.fr\\\/Blog\\\/impact-nouvelles-technologies-ecole\\\/#respond\"]}]},{\"@type\":\"WebPage\",\"@id\":\"https:\\\/\\\/www.apres-lecole.fr\\\/Blog\\\/impact-nouvelles-technologies-ecole\\\/\",\"url\":\"https:\\\/\\\/www.apres-lecole.fr\\\/Blog\\\/impact-nouvelles-technologies-ecole\\\/\",\"name\":\"L'essor des technologies : une \u00e9cole transform\u00e9e en 2025\",\"isPartOf\":{\"@id\":\"https:\\\/\\\/www.apres-lecole.fr\\\/Blog\\\/#website\"},\"primaryImageOfPage\":{\"@id\":\"https:\\\/\\\/www.apres-lecole.fr\\\/Blog\\\/impact-nouvelles-technologies-ecole\\\/#primaryimage\"},\"image\":{\"@id\":\"https:\\\/\\\/www.apres-lecole.fr\\\/Blog\\\/impact-nouvelles-technologies-ecole\\\/#primaryimage\"},\"thumbnailUrl\":\"https:\\\/\\\/www.apres-lecole.fr\\\/Blog\\\/wp-content\\\/uploads\\\/2025\\\/07\\\/Limpact-des-nouvelles-technologies-sur-lecole-en-2025.jpg\",\"datePublished\":\"2025-07-04T06:47:11+00:00\",\"author\":{\"@id\":\"https:\\\/\\\/www.apres-lecole.fr\\\/Blog\\\/#\\\/schema\\\/person\\\/aeb50cd4b51fc69da155804bb5bb9fc4\"},\"description\":\"D\u00e9couvrez comment les nouvelles technologies transforment l'\u00e9cole en 2025 : enseignement, apprentissage et avenir de l'\u00e9ducation.\",\"breadcrumb\":{\"@id\":\"https:\\\/\\\/www.apres-lecole.fr\\\/Blog\\\/impact-nouvelles-technologies-ecole\\\/#breadcrumb\"},\"inLanguage\":\"fr-FR\",\"potentialAction\":[{\"@type\":\"ReadAction\",\"target\":[\"https:\\\/\\\/www.apres-lecole.fr\\\/Blog\\\/impact-nouvelles-technologies-ecole\\\/\"]}]},{\"@type\":\"ImageObject\",\"inLanguage\":\"fr-FR\",\"@id\":\"https:\\\/\\\/www.apres-lecole.fr\\\/Blog\\\/impact-nouvelles-technologies-ecole\\\/#primaryimage\",\"url\":\"https:\\\/\\\/www.apres-lecole.fr\\\/Blog\\\/wp-content\\\/uploads\\\/2025\\\/07\\\/Limpact-des-nouvelles-technologies-sur-lecole-en-2025.jpg\",\"contentUrl\":\"https:\\\/\\\/www.apres-lecole.fr\\\/Blog\\\/wp-content\\\/uploads\\\/2025\\\/07\\\/Limpact-des-nouvelles-technologies-sur-lecole-en-2025.jpg\",\"width\":1344,\"height\":768,\"caption\":\"d\u00e9couvrez comment les nouvelles technologies transformeront l'\u00e9ducation en 2025, en am\u00e9liorant les m\u00e9thodes d'apprentissage, en facilitant l'acc\u00e8s \u00e0 l'information et en red\u00e9finissant le r\u00f4le des enseignants dans les salles de classe. un aper\u00e7u des innovations qui fa\u00e7onneront l'avenir de l'\u00e9cole.\"},{\"@type\":\"BreadcrumbList\",\"@id\":\"https:\\\/\\\/www.apres-lecole.fr\\\/Blog\\\/impact-nouvelles-technologies-ecole\\\/#breadcrumb\",\"itemListElement\":[{\"@type\":\"ListItem\",\"position\":1,\"name\":\"Home\",\"item\":\"https:\\\/\\\/www.apres-lecole.fr\\\/Blog\\\/\"},{\"@type\":\"ListItem\",\"position\":2,\"name\":\"L&rsquo;impact des nouvelles technologies sur l&rsquo;\u00e9cole en 2025\"}]},{\"@type\":\"WebSite\",\"@id\":\"https:\\\/\\\/www.apres-lecole.fr\\\/Blog\\\/#website\",\"url\":\"https:\\\/\\\/www.apres-lecole.fr\\\/Blog\\\/\",\"name\":\"\",\"description\":\"M\u00e9dia g\u00e9n\u00e9raliste\",\"potentialAction\":[{\"@type\":\"SearchAction\",\"target\":{\"@type\":\"EntryPoint\",\"urlTemplate\":\"https:\\\/\\\/www.apres-lecole.fr\\\/Blog\\\/?s={search_term_string}\"},\"query-input\":{\"@type\":\"PropertyValueSpecification\",\"valueRequired\":true,\"valueName\":\"search_term_string\"}}],\"inLanguage\":\"fr-FR\"},{\"@type\":\"Person\",\"@id\":\"https:\\\/\\\/www.apres-lecole.fr\\\/Blog\\\/#\\\/schema\\\/person\\\/aeb50cd4b51fc69da155804bb5bb9fc4\",\"name\":\"Eva Martin\",\"image\":{\"@type\":\"ImageObject\",\"inLanguage\":\"fr-FR\",\"@id\":\"https:\\\/\\\/secure.gravatar.com\\\/avatar\\\/55c53222558b27a72015a64073a80edce4abd33369394b9bf2c5cd6c19d12682?s=96&d=mm&r=g\",\"url\":\"https:\\\/\\\/secure.gravatar.com\\\/avatar\\\/55c53222558b27a72015a64073a80edce4abd33369394b9bf2c5cd6c19d12682?s=96&d=mm&r=g\",\"contentUrl\":\"https:\\\/\\\/secure.gravatar.com\\\/avatar\\\/55c53222558b27a72015a64073a80edce4abd33369394b9bf2c5cd6c19d12682?s=96&d=mm&r=g\",\"caption\":\"Eva Martin\"},\"description\":\"Je parle de business et d'entrepreneuriat avec des conseils clairs, concrets et actionnables pour r\u00e9ussir\",\"sameAs\":[\"https:\\\/\\\/x.com\\\/Evaapresecole\"],\"url\":\"https:\\\/\\\/www.apres-lecole.fr\\\/Blog\\\/author\\\/evamartin\\\/\"}]}<\/script>\n<!-- \/ Yoast SEO plugin. -->","yoast_head_json":{"title":"L'essor des technologies : une \u00e9cole transform\u00e9e en 2025","description":"D\u00e9couvrez comment les nouvelles technologies transforment l'\u00e9cole en 2025 : enseignement, apprentissage et avenir de l'\u00e9ducation.","robots":{"index":"index","follow":"follow","max-snippet":"max-snippet:-1","max-image-preview":"max-image-preview:large","max-video-preview":"max-video-preview:-1"},"canonical":"https:\/\/www.apres-lecole.fr\/Blog\/impact-nouvelles-technologies-ecole\/","og_locale":"fr_FR","og_type":"article","og_title":"L'essor des technologies : une \u00e9cole transform\u00e9e en 2025","og_description":"D\u00e9couvrez comment les nouvelles technologies transforment l'\u00e9cole en 2025 : enseignement, apprentissage et avenir de l'\u00e9ducation.","og_url":"https:\/\/www.apres-lecole.fr\/Blog\/impact-nouvelles-technologies-ecole\/","article_published_time":"2025-07-04T06:47:11+00:00","og_image":[{"width":1344,"height":768,"url":"https:\/\/www.apres-lecole.fr\/Blog\/wp-content\/uploads\/2025\/07\/Limpact-des-nouvelles-technologies-sur-lecole-en-2025.jpg","type":"image\/jpeg"}],"author":"Eva Martin","twitter_card":"summary_large_image","twitter_creator":"@Evaapresecole","twitter_misc":{"\u00c9crit par":"Eva Martin","Dur\u00e9e de lecture estim\u00e9e":"9 minutes"},"schema":{"@context":"https:\/\/schema.org","@graph":[{"@type":"Article","@id":"https:\/\/www.apres-lecole.fr\/Blog\/impact-nouvelles-technologies-ecole\/#article","isPartOf":{"@id":"https:\/\/www.apres-lecole.fr\/Blog\/impact-nouvelles-technologies-ecole\/"},"author":{"name":"Eva Martin","@id":"https:\/\/www.apres-lecole.fr\/Blog\/#\/schema\/person\/aeb50cd4b51fc69da155804bb5bb9fc4"},"headline":"L&rsquo;impact des nouvelles technologies sur l&rsquo;\u00e9cole en 2025","datePublished":"2025-07-04T06:47:11+00:00","mainEntityOfPage":{"@id":"https:\/\/www.apres-lecole.fr\/Blog\/impact-nouvelles-technologies-ecole\/"},"wordCount":1847,"commentCount":0,"image":{"@id":"https:\/\/www.apres-lecole.fr\/Blog\/impact-nouvelles-technologies-ecole\/#primaryimage"},"thumbnailUrl":"https:\/\/www.apres-lecole.fr\/Blog\/wp-content\/uploads\/2025\/07\/Limpact-des-nouvelles-technologies-sur-lecole-en-2025.jpg","keywords":["\u00e9cole","futur de l'\u00e9ducation","impact","nouvelles technologies"],"articleSection":["Actualit\u00e9s"],"inLanguage":"fr-FR","potentialAction":[{"@type":"CommentAction","name":"Comment","target":["https:\/\/www.apres-lecole.fr\/Blog\/impact-nouvelles-technologies-ecole\/#respond"]}]},{"@type":"WebPage","@id":"https:\/\/www.apres-lecole.fr\/Blog\/impact-nouvelles-technologies-ecole\/","url":"https:\/\/www.apres-lecole.fr\/Blog\/impact-nouvelles-technologies-ecole\/","name":"L'essor des technologies : une \u00e9cole transform\u00e9e en 2025","isPartOf":{"@id":"https:\/\/www.apres-lecole.fr\/Blog\/#website"},"primaryImageOfPage":{"@id":"https:\/\/www.apres-lecole.fr\/Blog\/impact-nouvelles-technologies-ecole\/#primaryimage"},"image":{"@id":"https:\/\/www.apres-lecole.fr\/Blog\/impact-nouvelles-technologies-ecole\/#primaryimage"},"thumbnailUrl":"https:\/\/www.apres-lecole.fr\/Blog\/wp-content\/uploads\/2025\/07\/Limpact-des-nouvelles-technologies-sur-lecole-en-2025.jpg","datePublished":"2025-07-04T06:47:11+00:00","author":{"@id":"https:\/\/www.apres-lecole.fr\/Blog\/#\/schema\/person\/aeb50cd4b51fc69da155804bb5bb9fc4"},"description":"D\u00e9couvrez comment les nouvelles technologies transforment l'\u00e9cole en 2025 : enseignement, apprentissage et avenir de l'\u00e9ducation.","breadcrumb":{"@id":"https:\/\/www.apres-lecole.fr\/Blog\/impact-nouvelles-technologies-ecole\/#breadcrumb"},"inLanguage":"fr-FR","potentialAction":[{"@type":"ReadAction","target":["https:\/\/www.apres-lecole.fr\/Blog\/impact-nouvelles-technologies-ecole\/"]}]},{"@type":"ImageObject","inLanguage":"fr-FR","@id":"https:\/\/www.apres-lecole.fr\/Blog\/impact-nouvelles-technologies-ecole\/#primaryimage","url":"https:\/\/www.apres-lecole.fr\/Blog\/wp-content\/uploads\/2025\/07\/Limpact-des-nouvelles-technologies-sur-lecole-en-2025.jpg","contentUrl":"https:\/\/www.apres-lecole.fr\/Blog\/wp-content\/uploads\/2025\/07\/Limpact-des-nouvelles-technologies-sur-lecole-en-2025.jpg","width":1344,"height":768,"caption":"d\u00e9couvrez comment les nouvelles technologies transformeront l'\u00e9ducation en 2025, en am\u00e9liorant les m\u00e9thodes d'apprentissage, en facilitant l'acc\u00e8s \u00e0 l'information et en red\u00e9finissant le r\u00f4le des enseignants dans les salles de classe. un aper\u00e7u des innovations qui fa\u00e7onneront l'avenir de l'\u00e9cole."},{"@type":"BreadcrumbList","@id":"https:\/\/www.apres-lecole.fr\/Blog\/impact-nouvelles-technologies-ecole\/#breadcrumb","itemListElement":[{"@type":"ListItem","position":1,"name":"Home","item":"https:\/\/www.apres-lecole.fr\/Blog\/"},{"@type":"ListItem","position":2,"name":"L&rsquo;impact des nouvelles technologies sur l&rsquo;\u00e9cole en 2025"}]},{"@type":"WebSite","@id":"https:\/\/www.apres-lecole.fr\/Blog\/#website","url":"https:\/\/www.apres-lecole.fr\/Blog\/","name":"","description":"M\u00e9dia g\u00e9n\u00e9raliste","potentialAction":[{"@type":"SearchAction","target":{"@type":"EntryPoint","urlTemplate":"https:\/\/www.apres-lecole.fr\/Blog\/?s={search_term_string}"},"query-input":{"@type":"PropertyValueSpecification","valueRequired":true,"valueName":"search_term_string"}}],"inLanguage":"fr-FR"},{"@type":"Person","@id":"https:\/\/www.apres-lecole.fr\/Blog\/#\/schema\/person\/aeb50cd4b51fc69da155804bb5bb9fc4","name":"Eva Martin","image":{"@type":"ImageObject","inLanguage":"fr-FR","@id":"https:\/\/secure.gravatar.com\/avatar\/55c53222558b27a72015a64073a80edce4abd33369394b9bf2c5cd6c19d12682?s=96&d=mm&r=g","url":"https:\/\/secure.gravatar.com\/avatar\/55c53222558b27a72015a64073a80edce4abd33369394b9bf2c5cd6c19d12682?s=96&d=mm&r=g","contentUrl":"https:\/\/secure.gravatar.com\/avatar\/55c53222558b27a72015a64073a80edce4abd33369394b9bf2c5cd6c19d12682?s=96&d=mm&r=g","caption":"Eva Martin"},"description":"Je parle de business et d'entrepreneuriat avec des conseils clairs, concrets et actionnables pour r\u00e9ussir","sameAs":["https:\/\/x.com\/Evaapresecole"],"url":"https:\/\/www.apres-lecole.fr\/Blog\/author\/evamartin\/"}]}},"views":77,"_links":{"self":[{"href":"https:\/\/www.apres-lecole.fr\/Blog\/wp-json\/wp\/v2\/posts\/2064","targetHints":{"allow":["GET"]}}],"collection":[{"href":"https:\/\/www.apres-lecole.fr\/Blog\/wp-json\/wp\/v2\/posts"}],"about":[{"href":"https:\/\/www.apres-lecole.fr\/Blog\/wp-json\/wp\/v2\/types\/post"}],"author":[{"embeddable":true,"href":"https:\/\/www.apres-lecole.fr\/Blog\/wp-json\/wp\/v2\/users\/9"}],"replies":[{"embeddable":true,"href":"https:\/\/www.apres-lecole.fr\/Blog\/wp-json\/wp\/v2\/comments?post=2064"}],"version-history":[{"count":0,"href":"https:\/\/www.apres-lecole.fr\/Blog\/wp-json\/wp\/v2\/posts\/2064\/revisions"}],"wp:featuredmedia":[{"embeddable":true,"href":"https:\/\/www.apres-lecole.fr\/Blog\/wp-json\/wp\/v2\/media\/2063"}],"wp:attachment":[{"href":"https:\/\/www.apres-lecole.fr\/Blog\/wp-json\/wp\/v2\/media?parent=2064"}],"wp:term":[{"taxonomy":"category","embeddable":true,"href":"https:\/\/www.apres-lecole.fr\/Blog\/wp-json\/wp\/v2\/categories?post=2064"},{"taxonomy":"post_tag","embeddable":true,"href":"https:\/\/www.apres-lecole.fr\/Blog\/wp-json\/wp\/v2\/tags?post=2064"}],"curies":[{"name":"wp","href":"https:\/\/api.w.org\/{rel}","templated":true}]}}