{"id":2059,"date":"2025-07-03T07:34:25","date_gmt":"2025-07-03T07:34:25","guid":{"rendered":"https:\/\/www.apres-lecole.fr\/Blog\/ecole-inclusive-plans-accompagnement\/"},"modified":"2025-07-03T07:34:25","modified_gmt":"2025-07-03T07:34:25","slug":"ecole-inclusive-plans-accompagnement","status":"publish","type":"post","link":"https:\/\/www.apres-lecole.fr\/Blog\/ecole-inclusive-plans-accompagnement\/","title":{"rendered":"L&rsquo;\u00e9cole inclusive : un avenir incertain pour la g\u00e9n\u00e9ralisation des plans d&rsquo;accompagnement personnalis\u00e9s ?"},"content":{"rendered":"\n\n<div class=\"kk-star-ratings kksr-auto kksr-align-left kksr-valign-top\"\n    data-payload='{&quot;align&quot;:&quot;left&quot;,&quot;id&quot;:&quot;2059&quot;,&quot;slug&quot;:&quot;default&quot;,&quot;valign&quot;:&quot;top&quot;,&quot;ignore&quot;:&quot;&quot;,&quot;reference&quot;:&quot;auto&quot;,&quot;class&quot;:&quot;&quot;,&quot;count&quot;:&quot;0&quot;,&quot;legendonly&quot;:&quot;&quot;,&quot;readonly&quot;:&quot;&quot;,&quot;score&quot;:&quot;0&quot;,&quot;starsonly&quot;:&quot;&quot;,&quot;best&quot;:&quot;5&quot;,&quot;gap&quot;:&quot;5&quot;,&quot;greet&quot;:&quot;Rate this post&quot;,&quot;legend&quot;:&quot;0\\\/5 - (0 vote)&quot;,&quot;size&quot;:&quot;24&quot;,&quot;title&quot;:&quot;L\\u0026#039;\u00e9cole inclusive : un avenir incertain pour la g\u00e9n\u00e9ralisation des plans d\\u0026#039;accompagnement personnalis\u00e9s ?&quot;,&quot;width&quot;:&quot;0&quot;,&quot;_legend&quot;:&quot;{score}\\\/{best} - ({count} {votes})&quot;,&quot;font_factor&quot;:&quot;1.25&quot;}'>\n            \n<div class=\"kksr-stars\">\n    \n<div class=\"kksr-stars-inactive\">\n            <div class=\"kksr-star\" data-star=\"1\" style=\"padding-right: 5px\">\n            \n\n<div class=\"kksr-icon\" style=\"width: 24px; height: 24px;\"><\/div>\n        <\/div>\n            <div class=\"kksr-star\" data-star=\"2\" style=\"padding-right: 5px\">\n            \n\n<div class=\"kksr-icon\" style=\"width: 24px; height: 24px;\"><\/div>\n        <\/div>\n            <div class=\"kksr-star\" data-star=\"3\" style=\"padding-right: 5px\">\n            \n\n<div class=\"kksr-icon\" style=\"width: 24px; height: 24px;\"><\/div>\n        <\/div>\n            <div class=\"kksr-star\" data-star=\"4\" style=\"padding-right: 5px\">\n            \n\n<div class=\"kksr-icon\" style=\"width: 24px; height: 24px;\"><\/div>\n        <\/div>\n            <div class=\"kksr-star\" data-star=\"5\" style=\"padding-right: 5px\">\n            \n\n<div class=\"kksr-icon\" style=\"width: 24px; height: 24px;\"><\/div>\n        <\/div>\n    <\/div>\n    \n<div class=\"kksr-stars-active\" style=\"width: 0px;\">\n            <div class=\"kksr-star\" style=\"padding-right: 5px\">\n            \n\n<div class=\"kksr-icon\" style=\"width: 24px; height: 24px;\"><\/div>\n        <\/div>\n            <div class=\"kksr-star\" style=\"padding-right: 5px\">\n            \n\n<div class=\"kksr-icon\" style=\"width: 24px; height: 24px;\"><\/div>\n        <\/div>\n            <div class=\"kksr-star\" style=\"padding-right: 5px\">\n            \n\n<div class=\"kksr-icon\" style=\"width: 24px; height: 24px;\"><\/div>\n        <\/div>\n            <div class=\"kksr-star\" style=\"padding-right: 5px\">\n            \n\n<div class=\"kksr-icon\" style=\"width: 24px; height: 24px;\"><\/div>\n        <\/div>\n            <div class=\"kksr-star\" style=\"padding-right: 5px\">\n            \n\n<div class=\"kksr-icon\" style=\"width: 24px; height: 24px;\"><\/div>\n        <\/div>\n    <\/div>\n<\/div>\n                \n\n<div class=\"kksr-legend\" style=\"font-size: 19.2px;\">\n            <span class=\"kksr-muted\">Rate this post<\/span>\n    <\/div>\n    <\/div>\n<p>Alors que la France s&rsquo;efforce d&rsquo;avancer vers une <strong>\u00e9cole inclusive<\/strong>, de nombreux d\u00e9fis se dressent sur la route de la g\u00e9n\u00e9ralisation des plans d&rsquo;accompagnement personnalis\u00e9s (PAP). \u00c0 l&rsquo;aube de la rentr\u00e9e 2027, une r\u00e9forme tant attendue, tant appr\u00e9ci\u00e9e, que critiqu\u00e9e tente de structurer l&rsquo;accueil des \u00e9l\u00e8ves en situation de handicap, mais face \u00e0 des r\u00e9sistances politiques croissantes, les prospects d&rsquo;une mise en \u0153uvre r\u00e9ussie semblent tout aussi incertains. Les r\u00e9cents rebondissements l\u00e9gislatifs laissent entrevoir des tensions au sein m\u00eame du gouvernement, mettant \u00e0 mal un projet qui aurait pu transformer la <strong>scolarit\u00e9 adapt\u00e9e<\/strong> en profondeur. Dans cette analyse, l&rsquo;exploration des enjeux actuels, des besoins en ressources humaines et des t\u00e9moignages d&rsquo;acteurs du terrain souligne une <strong>inclusion \u00e9ducative<\/strong> qui n\u00e9cessite une attention particuli\u00e8re, tant au niveau des politiques publiques que des pratiques au quotidien.<\/p>\n\n<h2 class=\"wp-block-heading\">Le contexte de l&rsquo;\u00e9cole inclusive : enjeux et objectifs<\/h2>\n\n<p>L&rsquo;\u00e9cole inclusive en France a pour objectif d&rsquo;accueillir tous les \u00e9l\u00e8ves, quelle que soit leur situation de handicap, dans le cadre d&rsquo;un parcours scolaire adapt\u00e9. Les dispositifs tels que les <strong>P\u00f4les d&rsquo;Appui \u00e0 la Scolarisation<\/strong> (PAS) ont \u00e9t\u00e9 mis en place pour accompagner cette inclusion. En th\u00e9orie, le dispositif se veut prometteur, mais la r\u00e9alit\u00e9 des classes montre des d\u00e9fis \u00e0 relever. Que signifie r\u00e9ellement <strong>diversit\u00e9 et r\u00e9ussite<\/strong> quand le soutien est insuffisant ? Les enseignants s&rsquo;interrogent sur leurs capacit\u00e9s \u00e0 r\u00e9pondre \u00e0 la demande d&rsquo;une scolarit\u00e9 adapt\u00e9e, en fonction des besoins \u00e9ducatifs sp\u00e9cifiques de chaque \u00e9l\u00e8ve.<\/p>\n\n<h3 class=\"wp-block-heading\">Une approche pragmatique face aux besoins sp\u00e9cifiques<\/h3>\n\n<p>En abordant les sp\u00e9cificit\u00e9s de chaque \u00e9l\u00e8ve, le Plan Atypique est central \u00e0 la discussion. Les PAS, qui regroupent des enseignants sp\u00e9cialis\u00e9s et des \u00e9ducateurs, visent \u00e0 formuler des r\u00e9ponses adapt\u00e9es aux besoins des \u00e9l\u00e8ves. Pourtant, la volont\u00e9 politique n\u00e9cessaire pour avancer sereinement semble faire d\u00e9faut. Le rejet du texte sur les PAS par une commission mixte paritaire (CMP) montre bien que des fractures se dessinent au sein m\u00eame des objectifs initialement fix\u00e9s. Cela devrait \u00e9veiller les consciences et inciter \u00e0 repenser les modalit\u00e9s d&rsquo;une v\u00e9ritable <strong>\u00e9ducation pour tous<\/strong>.<\/p>\n\n<h3 class=\"wp-block-heading\">Les obstacles rencontr\u00e9s par les \u00e9tablissements scolaires<\/h3>\n\n<p>La mise en place des PAS est per\u00e7ue comme une n\u00e9cessit\u00e9, mais de nombreux \u00e9tablissements rencontrent des obstacles pour leur d\u00e9ploiement :\n<\/p>\n\n<ul class=\"wp-block-list\"><li>\ud83d\udcbc Manque de formation pour les enseignants sur l&rsquo;accompagnement des \u00e9l\u00e8ves en situation de handicap.<\/li><li>\ud83d\udcda Ressources humaines inad\u00e9quates, souvent insuffisantes pour r\u00e9pondre \u00e0 toutes les demandes d\u2019adaptation.<\/li><li>\u2696\ufe0f Politiques inadapt\u00e9es, avec un d\u00e9calage entre l&rsquo;intention et la r\u00e9alit\u00e9 sur le terrain.<\/li><li>\ud83d\udea7 Difficult\u00e9s de coordination entre les diff\u00e9rents acteurs de la communaut\u00e9 \u00e9ducative : enseignants, \u00e9ducateurs, parents.<\/li><\/ul>\n\n<p>Ces obstacles mettent en lumi\u00e8re la n\u00e9cessit\u00e9 d&rsquo;une volont\u00e9 collective pour que l&rsquo;\u00e9cole inclusive ne reste pas une simple promesse. Les t\u00e9moignages d&rsquo;enseignants soulignent l&rsquo;\u00e9puisement face \u00e0 un syst\u00e8me en constante red\u00e9finition.<\/p>\n\n<figure class=\"wp-block-table\"><table>\n<thead>\n<tr>\n<th>Difficult\u00e9s rencontr\u00e9es<\/th>\n<th>Exemples concrets<\/th>\n<\/tr>\n<\/thead>\n<tbody>\n<tr>\n<td>Formation insuffisante<\/td>\n<td>Les enseignants ne sont pas familiaris\u00e9s avec les besoins sp\u00e9cifiques des \u00e9l\u00e8ves.<\/td>\n<\/tr>\n<tr>\n<td>Coordination difficile<\/td>\n<td>Les parents et les enseignants manquent de r\u00e9unions r\u00e9guli\u00e8res pour discuter des plans d\u2019aide.<\/td>\n<\/tr>\n<tr>\n<td>Ressources humaines manquantes<\/td>\n<td>Peu d\u2019AESH (Accompagnants d&rsquo;\u00c9l\u00e8ves en Situation de Handicap) disponibles.<\/td>\n<\/tr>\n<\/tbody>\n<\/table><\/figure>\n\n<h2 class=\"wp-block-heading\">Les dispositifs en place et les r\u00e9sultats des exp\u00e9rimentations<\/h2>\n\n<p>Des exp\u00e9rimentations prometteuses, salu\u00e9es par de nombreux acteurs institutionnels, ont \u00e9t\u00e9 mises en place dans plusieurs d\u00e9partements. D&rsquo;une part, dans un monde id\u00e9alis\u00e9, elles pourraient apporter un souffle nouveau \u00e0 l&rsquo;\u00e9cole. D&rsquo;autre part, la r\u00e9alit\u00e9 r\u00e9duit souvent ces espoirs \u00e0 une simple notion th\u00e9orique. Quels sont donc les r\u00e9sultats de ces initiatives ?<\/p>\n\n<h3 class=\"wp-block-heading\">Exemples d&rsquo;exp\u00e9rimentations<\/h3>\n\n<p>Les exp\u00e9rimentations ayant eu lieu dans des d\u00e9partements tels que l&rsquo;Aisne et le Var sont r\u00e9v\u00e9latrices. La mise en place des PAS a notamment soulev\u00e9 des interrogations sur leur efficacit\u00e9 r\u00e9elle. En effet, il devient crucial d\u2019analyser si l\u2019adoption de ces dispositifs a eu un impact tangible sur la r\u00e9ussite \u00e9ducative des \u00e9l\u00e8ves. Des retours d&rsquo;exp\u00e9rience font \u00e9tat d&rsquo;une plus grande personnalisation des parcours scolaires, mais ils appellent \u00e9galement \u00e0 une vigilance accrue pour \u00e9valuer ces innovations.<\/p>\n\n<h3 class=\"wp-block-heading\">Les retours sur ces exp\u00e9rimentations<\/h3>\n\n<p>Dans la majorit\u00e9 des cas, les r\u00e9sultats sont encourag\u00e9s par des t\u00e9moignages positifs :\n<\/p>\n\n<ul class=\"wp-block-list\"><li>\ud83c\udf1f Une meilleure connaissance des besoins des \u00e9l\u00e8ves en situation de handicap.<\/li><li>\ud83d\udcc8 Une am\u00e9lioration des r\u00e9sultats scolaires et de l&rsquo;engagement des \u00e9l\u00e8ves.<\/li><li>\ud83e\udd1d Une collaboration renforc\u00e9e entre les diff\u00e9rents acteurs \u00e9ducatifs.<\/li><\/ul>\n\n<p>Cependant, ces succ\u00e8s restent \u00e0 relativiser. Les in\u00e9galit\u00e9s demeurent palpables, et les \u00e9l\u00e8ves continuent de faire face \u00e0 des d\u00e9fis quotidiens. Un encadrement insuffisant et une \u00e9valuation peu rigoureuse limitent les avanc\u00e9es. Comment organiser ces r\u00e9ussites tout en maintenant une vigilance constante sur l&rsquo;\u00e9valuation des dispositifs en place ?<\/p>\n\n<figure class=\"wp-block-table\"><table>\n<thead>\n<tr>\n<th>Crit\u00e8res d&rsquo;\u00e9valuation<\/th>\n<th>R\u00e9sultats observ\u00e9s<\/th>\n<\/tr>\n<\/thead>\n<tbody>\n<tr>\n<td>Engagement des \u00e9l\u00e8ves<\/td>\n<td>Augmentation du taux d&rsquo;assiduit\u00e9 et participation active en classe.<\/td>\n<\/tr>\n<tr>\n<td>Suivi personnalis\u00e9<\/td>\n<td>Efficacit\u00e9 accrue dans l&rsquo;adaptation des outils p\u00e9dagogiques.<\/td>\n<\/tr>\n<tr>\n<td>Collaboration<\/td>\n<td>Renforcement des relations entre enseignants, \u00e9ducateurs et familles.<\/td>\n<\/tr>\n<\/tbody>\n<\/table><\/figure>\n\n<h2 class=\"wp-block-heading\">Les enjeux politiques autour de l&rsquo;\u00e9cole inclusive<\/h2>\n\n<p>La politique \u00e9ducative prend un tournant d\u00e9licat. Apr\u00e8s le rejet de la proposition de loi sur la g\u00e9n\u00e9ralisation des PAS, les r\u00e9actions ne se sont pas fait attendre. Certaines voix s&rsquo;\u00e9l\u00e8vent, arguant qu&rsquo;il est essentiel de ne pas abandonner l&rsquo;id\u00e9e d&rsquo;une <strong>inclusion \u00e9ducative<\/strong> harmonis\u00e9e. Sur la balance, le d\u00e9fi d\u2019une <strong>\u00e9galit\u00e9 des chances<\/strong> pour tous les \u00e9l\u00e8ves en France devient un enjeu de soci\u00e9t\u00e9 non seulement \u00e9ducatif, mais profond\u00e9ment politique. <\/p>\n\n<h3 class=\"wp-block-heading\">Les r\u00e9actions des acteurs de l&rsquo;\u00e9ducation<\/h3>\n\n<p>Les acteurs du monde \u00e9ducatif r\u00e9agissent vivement, certains se sentant trahis par des promesses non tenues. Des formations et un soutien accru sont r\u00e9clam\u00e9s dans les discussions :\n<\/p>\n\n<ul class=\"wp-block-list\"><li>\ud83d\udce2 La n\u00e9cessit\u00e9 d&rsquo;une transparence dans les d\u00e9cisions politiques.<\/li><li>\ud83d\udce3 La r\u00e9clamation d&rsquo;une \u00e9valuation externe des dispositifs avant leur g\u00e9n\u00e9ralisation.<\/li><li>\ud83d\udde8\ufe0f L&rsquo;appel \u00e0 soutenir le travail des enseignants pour am\u00e9liorer le quotidien des \u00e9l\u00e8ves en situation de handicap.<\/li><\/ul>\n\n<p>Ces r\u00e9flexions soul\u00e8vent des interrogations l\u00e9gitimes : comment faire \u00e9voluer positivement le cadre \u00e9ducatif tout en respectant les engagements pris envers les \u00e9l\u00e8ves et les familles ?<\/p>\n\n<h3 class=\"wp-block-heading\">Des perspectives d&rsquo;avenir incertaines<\/h3>\n\n<p>Avec des \u00e9ch\u00e9ances qui se resserrent, l&rsquo;incertitude devient palpable. La main mise sur l&rsquo;avenir de l&rsquo;\u00e9cole inclusive semble aujourd&rsquo;hui tributaires des d\u00e9bats politiques. Les promesses du gouvernement doivent se traduire par des actes concrets, mais quel sera le prix \u00e0 payer ? Les choix effectu\u00e9s dans les mois \u00e0 venir marqueront une \u00e9tape cruciale pour l&rsquo;avenir de l&rsquo;\u00e9ducation en France. Plus que jamais, le consensus entre les diff\u00e9rents partis est n\u00e9cessaire pour transformer l&rsquo;\u00e9ducation en un secteur porteur de <strong>r\u00e9ussite<\/strong>.<\/p>\n\n<h2 class=\"wp-block-heading\">FAQ<\/h2>\n\n<p><strong>Q1 : Qu&rsquo;est-ce que l&rsquo;\u00e9cole inclusive ?<\/strong><\/p>\n\n<p>R1 : L&rsquo;\u00e9cole inclusive vise \u00e0 accueillir tous les \u00e9l\u00e8ves, y compris ceux en situation de handicap, au sein d&rsquo;un m\u00eame environnement \u00e9ducatif, avec des adaptations n\u00e9cessaires pour leurs besoins sp\u00e9cifiques.<\/p>\n\n<p><strong>Q2 : Quels sont les objectifs des P\u00f4les d&rsquo;Appui \u00e0 la Scolarisation ?<\/strong><\/p>\n\n<p>R2 : Les PAS ont pour mission de d\u00e9finir les besoins des \u00e9l\u00e8ves et d&rsquo;adapter les r\u00e9ponses \u00e9ducatives pour favoriser leur int\u00e9gration et leur r\u00e9ussite scolaire.<\/p>\n\n<p><strong>Q3 : Pourquoi la g\u00e9n\u00e9ralisation des PAS est-elle remise en question ?<\/strong><\/p>\n\n<p>R3 : La g\u00e9n\u00e9ralisation des PAS est contest\u00e9e en raison de l&rsquo;absence d&rsquo;\u00e9valuation de leur efficacit\u00e9 et des r\u00e9ticences politiques face \u00e0 un dispositif jug\u00e9 instable et mal structur\u00e9.<\/p>\n\n<p><strong>Q4 : Comment les enseignants per\u00e7oivent-ils l&rsquo;inclusion scolaire ?<\/strong><\/p>\n\n<p>R4 : Les enseignants expriment une demande forte pour des formations ad\u00e9quates, un soutien renforc\u00e9, et soulignent l&rsquo;importance d\u2019avoir des ressources humaines suffisantes pour r\u00e9ussir l&rsquo;inclusion.<\/p>\n\n<p><strong>Q5 : Quelles perspectives d&rsquo;avenir pour l&rsquo;\u00e9cole inclusive ?<\/strong><\/p>\n\n<p>R5 : L&rsquo;avenir de l&rsquo;\u00e9cole inclusive d\u00e9pendra des choix politiques effectu\u00e9s dans les prochains mois, ainsi que de la volont\u00e9 collective de mettre en place des dispositifs efficaces et adapt\u00e9s.<\/p>\n\n","protected":false},"excerpt":{"rendered":"<p>Alors que la France s&rsquo;efforce d&rsquo;avancer vers une \u00e9cole inclusive, de nombreux d\u00e9fis se dressent sur la route de la g\u00e9n\u00e9ralisation des plans d&rsquo;accompagnement personnalis\u00e9s (PAP). \u00c0 l&rsquo;aube de la rentr\u00e9e 2027, une r\u00e9forme tant attendue, tant appr\u00e9ci\u00e9e, que critiqu\u00e9e tente de structurer l&rsquo;accueil des \u00e9l\u00e8ves en situation de handicap, mais face \u00e0 des r\u00e9sistances &#8230; <a title=\"L&rsquo;\u00e9cole inclusive : un avenir incertain pour la g\u00e9n\u00e9ralisation des plans d&rsquo;accompagnement personnalis\u00e9s ?\" class=\"read-more\" href=\"https:\/\/www.apres-lecole.fr\/Blog\/ecole-inclusive-plans-accompagnement\/\" aria-label=\"En savoir plus sur L&rsquo;\u00e9cole inclusive : un avenir incertain pour la g\u00e9n\u00e9ralisation des plans d&rsquo;accompagnement personnalis\u00e9s ?\">Lire plus<\/a><\/p>\n","protected":false},"author":9,"featured_media":2058,"comment_status":"open","ping_status":"open","sticky":false,"template":"","format":"standard","meta":{"footnotes":""},"categories":[342],"tags":[917,668,412,1159,1158],"class_list":["post-2059","post","type-post","status-publish","format-standard","has-post-thumbnail","hentry","category-actualites","tag-avenir-incertain","tag-ecole-inclusive","tag-education","tag-generalisation","tag-plans-daccompagnement-personnalises"],"yoast_head":"<!-- This site is optimized with the Yoast SEO plugin v27.5 - https:\/\/yoast.com\/product\/yoast-seo-wordpress\/ -->\n<title>L&#039;\u00e9cole inclusive : vers des plans d&#039;accompagnement personnalis\u00e9s durables ?<\/title>\n<meta name=\"description\" content=\"D\u00e9couvrez les enjeux et d\u00e9fis de l&#039;\u00e9cole inclusive face \u00e0 la g\u00e9n\u00e9ralisation des plans d&#039;accompagnement personnalis\u00e9s en France.\" \/>\n<meta name=\"robots\" content=\"index, follow, max-snippet:-1, max-image-preview:large, max-video-preview:-1\" \/>\n<link rel=\"canonical\" href=\"https:\/\/www.apres-lecole.fr\/Blog\/ecole-inclusive-plans-accompagnement\/\" \/>\n<meta property=\"og:locale\" content=\"fr_FR\" \/>\n<meta property=\"og:type\" content=\"article\" \/>\n<meta property=\"og:title\" content=\"L&#039;\u00e9cole inclusive : vers des plans d&#039;accompagnement personnalis\u00e9s durables ?\" \/>\n<meta property=\"og:description\" content=\"D\u00e9couvrez les enjeux et d\u00e9fis de l&#039;\u00e9cole inclusive face \u00e0 la g\u00e9n\u00e9ralisation des plans d&#039;accompagnement personnalis\u00e9s en France.\" \/>\n<meta property=\"og:url\" content=\"https:\/\/www.apres-lecole.fr\/Blog\/ecole-inclusive-plans-accompagnement\/\" \/>\n<meta property=\"article:published_time\" content=\"2025-07-03T07:34:25+00:00\" \/>\n<meta property=\"og:image\" content=\"https:\/\/www.apres-lecole.fr\/Blog\/wp-content\/uploads\/2025\/07\/Lecole-inclusive-un-avenir-incertain-pour-la-generalisation-des-plans-daccompagnement-personnalises-.jpg\" \/>\n\t<meta property=\"og:image:width\" content=\"1344\" \/>\n\t<meta property=\"og:image:height\" content=\"768\" \/>\n\t<meta property=\"og:image:type\" content=\"image\/jpeg\" \/>\n<meta name=\"author\" content=\"Eva Martin\" \/>\n<meta name=\"twitter:card\" content=\"summary_large_image\" \/>\n<meta name=\"twitter:creator\" content=\"@Evaapresecole\" \/>\n<meta name=\"twitter:label1\" content=\"\u00c9crit par\" \/>\n\t<meta name=\"twitter:data1\" content=\"Eva Martin\" \/>\n\t<meta name=\"twitter:label2\" content=\"Dur\u00e9e de lecture estim\u00e9e\" \/>\n\t<meta name=\"twitter:data2\" content=\"7 minutes\" \/>\n<script type=\"application\/ld+json\" class=\"yoast-schema-graph\">{\"@context\":\"https:\\\/\\\/schema.org\",\"@graph\":[{\"@type\":\"Article\",\"@id\":\"https:\\\/\\\/www.apres-lecole.fr\\\/Blog\\\/ecole-inclusive-plans-accompagnement\\\/#article\",\"isPartOf\":{\"@id\":\"https:\\\/\\\/www.apres-lecole.fr\\\/Blog\\\/ecole-inclusive-plans-accompagnement\\\/\"},\"author\":{\"name\":\"Eva Martin\",\"@id\":\"https:\\\/\\\/www.apres-lecole.fr\\\/Blog\\\/#\\\/schema\\\/person\\\/aeb50cd4b51fc69da155804bb5bb9fc4\"},\"headline\":\"L&rsquo;\u00e9cole inclusive : un avenir incertain pour la g\u00e9n\u00e9ralisation des plans d&rsquo;accompagnement personnalis\u00e9s ?\",\"datePublished\":\"2025-07-03T07:34:25+00:00\",\"mainEntityOfPage\":{\"@id\":\"https:\\\/\\\/www.apres-lecole.fr\\\/Blog\\\/ecole-inclusive-plans-accompagnement\\\/\"},\"wordCount\":1427,\"commentCount\":0,\"image\":{\"@id\":\"https:\\\/\\\/www.apres-lecole.fr\\\/Blog\\\/ecole-inclusive-plans-accompagnement\\\/#primaryimage\"},\"thumbnailUrl\":\"https:\\\/\\\/www.apres-lecole.fr\\\/Blog\\\/wp-content\\\/uploads\\\/2025\\\/07\\\/Lecole-inclusive-un-avenir-incertain-pour-la-generalisation-des-plans-daccompagnement-personnalises-.jpg\",\"keywords\":[\"avenir incertain\",\"\u00e9cole inclusive\",\"\u00e9ducation\",\"g\u00e9n\u00e9ralisation\",\"plans d'accompagnement personnalis\u00e9s\"],\"articleSection\":[\"Actualit\u00e9s\"],\"inLanguage\":\"fr-FR\",\"potentialAction\":[{\"@type\":\"CommentAction\",\"name\":\"Comment\",\"target\":[\"https:\\\/\\\/www.apres-lecole.fr\\\/Blog\\\/ecole-inclusive-plans-accompagnement\\\/#respond\"]}]},{\"@type\":\"WebPage\",\"@id\":\"https:\\\/\\\/www.apres-lecole.fr\\\/Blog\\\/ecole-inclusive-plans-accompagnement\\\/\",\"url\":\"https:\\\/\\\/www.apres-lecole.fr\\\/Blog\\\/ecole-inclusive-plans-accompagnement\\\/\",\"name\":\"L'\u00e9cole inclusive : vers des plans d'accompagnement personnalis\u00e9s durables ?\",\"isPartOf\":{\"@id\":\"https:\\\/\\\/www.apres-lecole.fr\\\/Blog\\\/#website\"},\"primaryImageOfPage\":{\"@id\":\"https:\\\/\\\/www.apres-lecole.fr\\\/Blog\\\/ecole-inclusive-plans-accompagnement\\\/#primaryimage\"},\"image\":{\"@id\":\"https:\\\/\\\/www.apres-lecole.fr\\\/Blog\\\/ecole-inclusive-plans-accompagnement\\\/#primaryimage\"},\"thumbnailUrl\":\"https:\\\/\\\/www.apres-lecole.fr\\\/Blog\\\/wp-content\\\/uploads\\\/2025\\\/07\\\/Lecole-inclusive-un-avenir-incertain-pour-la-generalisation-des-plans-daccompagnement-personnalises-.jpg\",\"datePublished\":\"2025-07-03T07:34:25+00:00\",\"author\":{\"@id\":\"https:\\\/\\\/www.apres-lecole.fr\\\/Blog\\\/#\\\/schema\\\/person\\\/aeb50cd4b51fc69da155804bb5bb9fc4\"},\"description\":\"D\u00e9couvrez les enjeux et d\u00e9fis de l'\u00e9cole inclusive face \u00e0 la g\u00e9n\u00e9ralisation des plans d'accompagnement personnalis\u00e9s en France.\",\"breadcrumb\":{\"@id\":\"https:\\\/\\\/www.apres-lecole.fr\\\/Blog\\\/ecole-inclusive-plans-accompagnement\\\/#breadcrumb\"},\"inLanguage\":\"fr-FR\",\"potentialAction\":[{\"@type\":\"ReadAction\",\"target\":[\"https:\\\/\\\/www.apres-lecole.fr\\\/Blog\\\/ecole-inclusive-plans-accompagnement\\\/\"]}]},{\"@type\":\"ImageObject\",\"inLanguage\":\"fr-FR\",\"@id\":\"https:\\\/\\\/www.apres-lecole.fr\\\/Blog\\\/ecole-inclusive-plans-accompagnement\\\/#primaryimage\",\"url\":\"https:\\\/\\\/www.apres-lecole.fr\\\/Blog\\\/wp-content\\\/uploads\\\/2025\\\/07\\\/Lecole-inclusive-un-avenir-incertain-pour-la-generalisation-des-plans-daccompagnement-personnalises-.jpg\",\"contentUrl\":\"https:\\\/\\\/www.apres-lecole.fr\\\/Blog\\\/wp-content\\\/uploads\\\/2025\\\/07\\\/Lecole-inclusive-un-avenir-incertain-pour-la-generalisation-des-plans-daccompagnement-personnalises-.jpg\",\"width\":1344,\"height\":768,\"caption\":\"d\u00e9couvrez les enjeux de l'\u00e9cole inclusive et les d\u00e9fis li\u00e9s \u00e0 la g\u00e9n\u00e9ralisation des plans d'accompagnement personnalis\u00e9s. cet article analyse les perspectives d'avenir et les incertitudes qui p\u00e8sent sur l'inclusion des \u00e9l\u00e8ves en situation de handicap dans le syst\u00e8me \u00e9ducatif fran\u00e7ais.\"},{\"@type\":\"BreadcrumbList\",\"@id\":\"https:\\\/\\\/www.apres-lecole.fr\\\/Blog\\\/ecole-inclusive-plans-accompagnement\\\/#breadcrumb\",\"itemListElement\":[{\"@type\":\"ListItem\",\"position\":1,\"name\":\"Home\",\"item\":\"https:\\\/\\\/www.apres-lecole.fr\\\/Blog\\\/\"},{\"@type\":\"ListItem\",\"position\":2,\"name\":\"L&rsquo;\u00e9cole inclusive : un avenir incertain pour la g\u00e9n\u00e9ralisation des plans d&rsquo;accompagnement personnalis\u00e9s ?\"}]},{\"@type\":\"WebSite\",\"@id\":\"https:\\\/\\\/www.apres-lecole.fr\\\/Blog\\\/#website\",\"url\":\"https:\\\/\\\/www.apres-lecole.fr\\\/Blog\\\/\",\"name\":\"\",\"description\":\"M\u00e9dia g\u00e9n\u00e9raliste\",\"potentialAction\":[{\"@type\":\"SearchAction\",\"target\":{\"@type\":\"EntryPoint\",\"urlTemplate\":\"https:\\\/\\\/www.apres-lecole.fr\\\/Blog\\\/?s={search_term_string}\"},\"query-input\":{\"@type\":\"PropertyValueSpecification\",\"valueRequired\":true,\"valueName\":\"search_term_string\"}}],\"inLanguage\":\"fr-FR\"},{\"@type\":\"Person\",\"@id\":\"https:\\\/\\\/www.apres-lecole.fr\\\/Blog\\\/#\\\/schema\\\/person\\\/aeb50cd4b51fc69da155804bb5bb9fc4\",\"name\":\"Eva Martin\",\"image\":{\"@type\":\"ImageObject\",\"inLanguage\":\"fr-FR\",\"@id\":\"https:\\\/\\\/secure.gravatar.com\\\/avatar\\\/55c53222558b27a72015a64073a80edce4abd33369394b9bf2c5cd6c19d12682?s=96&d=mm&r=g\",\"url\":\"https:\\\/\\\/secure.gravatar.com\\\/avatar\\\/55c53222558b27a72015a64073a80edce4abd33369394b9bf2c5cd6c19d12682?s=96&d=mm&r=g\",\"contentUrl\":\"https:\\\/\\\/secure.gravatar.com\\\/avatar\\\/55c53222558b27a72015a64073a80edce4abd33369394b9bf2c5cd6c19d12682?s=96&d=mm&r=g\",\"caption\":\"Eva Martin\"},\"description\":\"Je parle de business et d'entrepreneuriat avec des conseils clairs, concrets et actionnables pour r\u00e9ussir\",\"sameAs\":[\"https:\\\/\\\/x.com\\\/Evaapresecole\"],\"url\":\"https:\\\/\\\/www.apres-lecole.fr\\\/Blog\\\/author\\\/evamartin\\\/\"}]}<\/script>\n<!-- \/ Yoast SEO plugin. -->","yoast_head_json":{"title":"L'\u00e9cole inclusive : vers des plans d'accompagnement personnalis\u00e9s durables ?","description":"D\u00e9couvrez les enjeux et d\u00e9fis de l'\u00e9cole inclusive face \u00e0 la g\u00e9n\u00e9ralisation des plans d'accompagnement personnalis\u00e9s en France.","robots":{"index":"index","follow":"follow","max-snippet":"max-snippet:-1","max-image-preview":"max-image-preview:large","max-video-preview":"max-video-preview:-1"},"canonical":"https:\/\/www.apres-lecole.fr\/Blog\/ecole-inclusive-plans-accompagnement\/","og_locale":"fr_FR","og_type":"article","og_title":"L'\u00e9cole inclusive : vers des plans d'accompagnement personnalis\u00e9s durables ?","og_description":"D\u00e9couvrez les enjeux et d\u00e9fis de l'\u00e9cole inclusive face \u00e0 la g\u00e9n\u00e9ralisation des plans d'accompagnement personnalis\u00e9s en France.","og_url":"https:\/\/www.apres-lecole.fr\/Blog\/ecole-inclusive-plans-accompagnement\/","article_published_time":"2025-07-03T07:34:25+00:00","og_image":[{"width":1344,"height":768,"url":"https:\/\/www.apres-lecole.fr\/Blog\/wp-content\/uploads\/2025\/07\/Lecole-inclusive-un-avenir-incertain-pour-la-generalisation-des-plans-daccompagnement-personnalises-.jpg","type":"image\/jpeg"}],"author":"Eva Martin","twitter_card":"summary_large_image","twitter_creator":"@Evaapresecole","twitter_misc":{"\u00c9crit par":"Eva Martin","Dur\u00e9e de lecture estim\u00e9e":"7 minutes"},"schema":{"@context":"https:\/\/schema.org","@graph":[{"@type":"Article","@id":"https:\/\/www.apres-lecole.fr\/Blog\/ecole-inclusive-plans-accompagnement\/#article","isPartOf":{"@id":"https:\/\/www.apres-lecole.fr\/Blog\/ecole-inclusive-plans-accompagnement\/"},"author":{"name":"Eva Martin","@id":"https:\/\/www.apres-lecole.fr\/Blog\/#\/schema\/person\/aeb50cd4b51fc69da155804bb5bb9fc4"},"headline":"L&rsquo;\u00e9cole inclusive : un avenir incertain pour la g\u00e9n\u00e9ralisation des plans d&rsquo;accompagnement personnalis\u00e9s ?","datePublished":"2025-07-03T07:34:25+00:00","mainEntityOfPage":{"@id":"https:\/\/www.apres-lecole.fr\/Blog\/ecole-inclusive-plans-accompagnement\/"},"wordCount":1427,"commentCount":0,"image":{"@id":"https:\/\/www.apres-lecole.fr\/Blog\/ecole-inclusive-plans-accompagnement\/#primaryimage"},"thumbnailUrl":"https:\/\/www.apres-lecole.fr\/Blog\/wp-content\/uploads\/2025\/07\/Lecole-inclusive-un-avenir-incertain-pour-la-generalisation-des-plans-daccompagnement-personnalises-.jpg","keywords":["avenir incertain","\u00e9cole inclusive","\u00e9ducation","g\u00e9n\u00e9ralisation","plans d'accompagnement personnalis\u00e9s"],"articleSection":["Actualit\u00e9s"],"inLanguage":"fr-FR","potentialAction":[{"@type":"CommentAction","name":"Comment","target":["https:\/\/www.apres-lecole.fr\/Blog\/ecole-inclusive-plans-accompagnement\/#respond"]}]},{"@type":"WebPage","@id":"https:\/\/www.apres-lecole.fr\/Blog\/ecole-inclusive-plans-accompagnement\/","url":"https:\/\/www.apres-lecole.fr\/Blog\/ecole-inclusive-plans-accompagnement\/","name":"L'\u00e9cole inclusive : vers des plans d'accompagnement personnalis\u00e9s durables ?","isPartOf":{"@id":"https:\/\/www.apres-lecole.fr\/Blog\/#website"},"primaryImageOfPage":{"@id":"https:\/\/www.apres-lecole.fr\/Blog\/ecole-inclusive-plans-accompagnement\/#primaryimage"},"image":{"@id":"https:\/\/www.apres-lecole.fr\/Blog\/ecole-inclusive-plans-accompagnement\/#primaryimage"},"thumbnailUrl":"https:\/\/www.apres-lecole.fr\/Blog\/wp-content\/uploads\/2025\/07\/Lecole-inclusive-un-avenir-incertain-pour-la-generalisation-des-plans-daccompagnement-personnalises-.jpg","datePublished":"2025-07-03T07:34:25+00:00","author":{"@id":"https:\/\/www.apres-lecole.fr\/Blog\/#\/schema\/person\/aeb50cd4b51fc69da155804bb5bb9fc4"},"description":"D\u00e9couvrez les enjeux et d\u00e9fis de l'\u00e9cole inclusive face \u00e0 la g\u00e9n\u00e9ralisation des plans d'accompagnement personnalis\u00e9s en France.","breadcrumb":{"@id":"https:\/\/www.apres-lecole.fr\/Blog\/ecole-inclusive-plans-accompagnement\/#breadcrumb"},"inLanguage":"fr-FR","potentialAction":[{"@type":"ReadAction","target":["https:\/\/www.apres-lecole.fr\/Blog\/ecole-inclusive-plans-accompagnement\/"]}]},{"@type":"ImageObject","inLanguage":"fr-FR","@id":"https:\/\/www.apres-lecole.fr\/Blog\/ecole-inclusive-plans-accompagnement\/#primaryimage","url":"https:\/\/www.apres-lecole.fr\/Blog\/wp-content\/uploads\/2025\/07\/Lecole-inclusive-un-avenir-incertain-pour-la-generalisation-des-plans-daccompagnement-personnalises-.jpg","contentUrl":"https:\/\/www.apres-lecole.fr\/Blog\/wp-content\/uploads\/2025\/07\/Lecole-inclusive-un-avenir-incertain-pour-la-generalisation-des-plans-daccompagnement-personnalises-.jpg","width":1344,"height":768,"caption":"d\u00e9couvrez les enjeux de l'\u00e9cole inclusive et les d\u00e9fis li\u00e9s \u00e0 la g\u00e9n\u00e9ralisation des plans d'accompagnement personnalis\u00e9s. cet article analyse les perspectives d'avenir et les incertitudes qui p\u00e8sent sur l'inclusion des \u00e9l\u00e8ves en situation de handicap dans le syst\u00e8me \u00e9ducatif fran\u00e7ais."},{"@type":"BreadcrumbList","@id":"https:\/\/www.apres-lecole.fr\/Blog\/ecole-inclusive-plans-accompagnement\/#breadcrumb","itemListElement":[{"@type":"ListItem","position":1,"name":"Home","item":"https:\/\/www.apres-lecole.fr\/Blog\/"},{"@type":"ListItem","position":2,"name":"L&rsquo;\u00e9cole inclusive : un avenir incertain pour la g\u00e9n\u00e9ralisation des plans d&rsquo;accompagnement personnalis\u00e9s ?"}]},{"@type":"WebSite","@id":"https:\/\/www.apres-lecole.fr\/Blog\/#website","url":"https:\/\/www.apres-lecole.fr\/Blog\/","name":"","description":"M\u00e9dia g\u00e9n\u00e9raliste","potentialAction":[{"@type":"SearchAction","target":{"@type":"EntryPoint","urlTemplate":"https:\/\/www.apres-lecole.fr\/Blog\/?s={search_term_string}"},"query-input":{"@type":"PropertyValueSpecification","valueRequired":true,"valueName":"search_term_string"}}],"inLanguage":"fr-FR"},{"@type":"Person","@id":"https:\/\/www.apres-lecole.fr\/Blog\/#\/schema\/person\/aeb50cd4b51fc69da155804bb5bb9fc4","name":"Eva Martin","image":{"@type":"ImageObject","inLanguage":"fr-FR","@id":"https:\/\/secure.gravatar.com\/avatar\/55c53222558b27a72015a64073a80edce4abd33369394b9bf2c5cd6c19d12682?s=96&d=mm&r=g","url":"https:\/\/secure.gravatar.com\/avatar\/55c53222558b27a72015a64073a80edce4abd33369394b9bf2c5cd6c19d12682?s=96&d=mm&r=g","contentUrl":"https:\/\/secure.gravatar.com\/avatar\/55c53222558b27a72015a64073a80edce4abd33369394b9bf2c5cd6c19d12682?s=96&d=mm&r=g","caption":"Eva Martin"},"description":"Je parle de business et d'entrepreneuriat avec des conseils clairs, concrets et actionnables pour r\u00e9ussir","sameAs":["https:\/\/x.com\/Evaapresecole"],"url":"https:\/\/www.apres-lecole.fr\/Blog\/author\/evamartin\/"}]}},"views":20,"_links":{"self":[{"href":"https:\/\/www.apres-lecole.fr\/Blog\/wp-json\/wp\/v2\/posts\/2059","targetHints":{"allow":["GET"]}}],"collection":[{"href":"https:\/\/www.apres-lecole.fr\/Blog\/wp-json\/wp\/v2\/posts"}],"about":[{"href":"https:\/\/www.apres-lecole.fr\/Blog\/wp-json\/wp\/v2\/types\/post"}],"author":[{"embeddable":true,"href":"https:\/\/www.apres-lecole.fr\/Blog\/wp-json\/wp\/v2\/users\/9"}],"replies":[{"embeddable":true,"href":"https:\/\/www.apres-lecole.fr\/Blog\/wp-json\/wp\/v2\/comments?post=2059"}],"version-history":[{"count":0,"href":"https:\/\/www.apres-lecole.fr\/Blog\/wp-json\/wp\/v2\/posts\/2059\/revisions"}],"wp:featuredmedia":[{"embeddable":true,"href":"https:\/\/www.apres-lecole.fr\/Blog\/wp-json\/wp\/v2\/media\/2058"}],"wp:attachment":[{"href":"https:\/\/www.apres-lecole.fr\/Blog\/wp-json\/wp\/v2\/media?parent=2059"}],"wp:term":[{"taxonomy":"category","embeddable":true,"href":"https:\/\/www.apres-lecole.fr\/Blog\/wp-json\/wp\/v2\/categories?post=2059"},{"taxonomy":"post_tag","embeddable":true,"href":"https:\/\/www.apres-lecole.fr\/Blog\/wp-json\/wp\/v2\/tags?post=2059"}],"curies":[{"name":"wp","href":"https:\/\/api.w.org\/{rel}","templated":true}]}}