{"id":2052,"date":"2025-06-30T07:05:39","date_gmt":"2025-06-30T07:05:39","guid":{"rendered":"https:\/\/www.apres-lecole.fr\/Blog\/chatelet-orleans-retard\/"},"modified":"2025-06-30T07:05:39","modified_gmt":"2025-06-30T07:05:39","slug":"chatelet-orleans-retard","status":"publish","type":"post","link":"https:\/\/www.apres-lecole.fr\/Blog\/chatelet-orleans-retard\/","title":{"rendered":"L&rsquo;\u00e9cole du Ch\u00e2telet \u00e0 Orl\u00e9ans retard\u00e9e, les \u00e9l\u00e8ves devront attendre septembre 2026 pour y revenir"},"content":{"rendered":"\n\n<div class=\"kk-star-ratings kksr-auto kksr-align-left kksr-valign-top\"\n    data-payload='{&quot;align&quot;:&quot;left&quot;,&quot;id&quot;:&quot;2052&quot;,&quot;slug&quot;:&quot;default&quot;,&quot;valign&quot;:&quot;top&quot;,&quot;ignore&quot;:&quot;&quot;,&quot;reference&quot;:&quot;auto&quot;,&quot;class&quot;:&quot;&quot;,&quot;count&quot;:&quot;0&quot;,&quot;legendonly&quot;:&quot;&quot;,&quot;readonly&quot;:&quot;&quot;,&quot;score&quot;:&quot;0&quot;,&quot;starsonly&quot;:&quot;&quot;,&quot;best&quot;:&quot;5&quot;,&quot;gap&quot;:&quot;5&quot;,&quot;greet&quot;:&quot;Rate this post&quot;,&quot;legend&quot;:&quot;0\\\/5 - (0 vote)&quot;,&quot;size&quot;:&quot;24&quot;,&quot;title&quot;:&quot;L\\u0026#039;\u00e9cole du Ch\u00e2telet \u00e0 Orl\u00e9ans retard\u00e9e, les \u00e9l\u00e8ves devront attendre septembre 2026 pour y revenir&quot;,&quot;width&quot;:&quot;0&quot;,&quot;_legend&quot;:&quot;{score}\\\/{best} - ({count} {votes})&quot;,&quot;font_factor&quot;:&quot;1.25&quot;}'>\n            \n<div class=\"kksr-stars\">\n    \n<div class=\"kksr-stars-inactive\">\n            <div class=\"kksr-star\" data-star=\"1\" style=\"padding-right: 5px\">\n            \n\n<div class=\"kksr-icon\" style=\"width: 24px; height: 24px;\"><\/div>\n        <\/div>\n            <div class=\"kksr-star\" data-star=\"2\" style=\"padding-right: 5px\">\n            \n\n<div class=\"kksr-icon\" style=\"width: 24px; height: 24px;\"><\/div>\n        <\/div>\n            <div class=\"kksr-star\" data-star=\"3\" style=\"padding-right: 5px\">\n            \n\n<div class=\"kksr-icon\" style=\"width: 24px; height: 24px;\"><\/div>\n        <\/div>\n            <div class=\"kksr-star\" data-star=\"4\" style=\"padding-right: 5px\">\n            \n\n<div class=\"kksr-icon\" style=\"width: 24px; height: 24px;\"><\/div>\n        <\/div>\n            <div class=\"kksr-star\" data-star=\"5\" style=\"padding-right: 5px\">\n            \n\n<div class=\"kksr-icon\" style=\"width: 24px; height: 24px;\"><\/div>\n        <\/div>\n    <\/div>\n    \n<div class=\"kksr-stars-active\" style=\"width: 0px;\">\n            <div class=\"kksr-star\" style=\"padding-right: 5px\">\n            \n\n<div class=\"kksr-icon\" style=\"width: 24px; height: 24px;\"><\/div>\n        <\/div>\n            <div class=\"kksr-star\" style=\"padding-right: 5px\">\n            \n\n<div class=\"kksr-icon\" style=\"width: 24px; height: 24px;\"><\/div>\n        <\/div>\n            <div class=\"kksr-star\" style=\"padding-right: 5px\">\n            \n\n<div class=\"kksr-icon\" style=\"width: 24px; height: 24px;\"><\/div>\n        <\/div>\n            <div class=\"kksr-star\" style=\"padding-right: 5px\">\n            \n\n<div class=\"kksr-icon\" style=\"width: 24px; height: 24px;\"><\/div>\n        <\/div>\n            <div class=\"kksr-star\" style=\"padding-right: 5px\">\n            \n\n<div class=\"kksr-icon\" style=\"width: 24px; height: 24px;\"><\/div>\n        <\/div>\n    <\/div>\n<\/div>\n                \n\n<div class=\"kksr-legend\" style=\"font-size: 19.2px;\">\n            <span class=\"kksr-muted\">Rate this post<\/span>\n    <\/div>\n    <\/div>\n<p>La situation scolaire \u00e0 Orl\u00e9ans conna\u00eet un bouleversement majeur : l&rsquo;\u00e9cole du Ch\u00e2telet, qui devait rouvrir ses portes avant la rentr\u00e9e scolaire 2026, aura subi des retards cons\u00e9quents. Ce contretemps obligera les 86 \u00e9l\u00e8ves \u00e0 poursuivre leur formation dans un autre \u00e9tablissement pour une dur\u00e9e nettement plus longue que pr\u00e9vu. Le changement d&rsquo;\u00e9cole vers l&rsquo;\u00e9tablissement Pierre-S\u00e9gelle n&rsquo;est pas qu&rsquo;une simple anecdote de rentr\u00e9e. C&rsquo;est un moment significatif qui affecte la vie quotidienne des enfants et des familles. Les enjeux de ce retard ne se limitent pas uniquement \u00e0 une affaire de locaux, mais soul\u00e8vent \u00e9galement la question de l&rsquo;impact sur l&rsquo;\u00e9ducation et la formation des futurs citoyens.  Entre logistique, attentes des parents et avenir \u00e9ducatif, toute une ville est touch\u00e9e par ce projet de r\u00e9novation.<\/p>\n\n<h2 class=\"wp-block-heading\">Un retard in\u00e9vitable pour l&rsquo;\u00e9cole du Ch\u00e2telet \u00e0 Orl\u00e9ans<\/h2>\n\n<p>Le projet de r\u00e9novation de l&rsquo;\u00e9cole du Ch\u00e2telet a initialement \u00e9t\u00e9 pens\u00e9 pour donner un coup de fra\u00eecheur \u00e0 un \u00e9tablissement vieillissant. Situ\u00e9e dans un secteur strat\u00e9gique d&rsquo;Orl\u00e9ans, cette \u00e9cole est un pilier essentiel de l&rsquo;\u00e9ducation locale. Cependant, des retards impr\u00e9vus sont survenus dans le planning des travaux. Cela pourrait \u00eatre attribu\u00e9 \u00e0 plusieurs facteurs, allant de l&rsquo;approvisionnement en mat\u00e9riaux \u00e0 des conditions climatiques d\u00e9favorables, en passant par la complexit\u00e9 des r\u00e9novations n\u00e9cessaires. Les enfants de l&rsquo;\u00e9cole du Ch\u00e2telet se verront donc oblig\u00e9s de rester \u00e0 l&rsquo;\u00e9cole Pierre-S\u00e9gelle pendant une plus longue p\u00e9riode que pr\u00e9vu.<\/p>\n\n<p>Il est crucial de prendre en compte l&rsquo;importance que rev\u00eat l&rsquo;\u00e9ducation pour ces enfants. Chaque ann\u00e9e est d\u00e9terminante pour leur d\u00e9veloppement, tant social qu\u2019acad\u00e9mique. Bouger d&rsquo;\u00e9cole peut engendrer des sentiments d&rsquo;anxi\u00e9t\u00e9 et d&rsquo;incertitude parmi les \u00e9l\u00e8ves. Un enfant habituellement entour\u00e9 de ses camarades se retrouve dans un environnement nouveau, ce qui peut perturber son processus d&rsquo;apprentissage. De plus, cela soul\u00e8ve la question de l&rsquo;accompagnement que ces \u00e9l\u00e8ves recevront durant cette p\u00e9riode transitoire.<\/p>\n\n<h3 class=\"wp-block-heading\">Les d\u00e9fis logistiques de la r\u00e9novation<\/h3>\n\n<p>Selon les derni\u00e8res informations, les travaux de l&rsquo;\u00e9cole du Ch\u00e2telet devaient commencer en mars. Ce chantier ambitieux n\u00e9cessitera plusieurs \u00e9tapes de planification rigoureuse. La premi\u00e8re consiste \u00e0 assurer que tous les \u00e9l\u00e8ves soient bien transf\u00e9r\u00e9s vers l&rsquo;\u00e9cole Pierre-S\u00e9gelle, un \u00e9tablissement qui devra accueillir les \u00e9tudiants dans un cadre adapt\u00e9. Voici quelques-uns des d\u00e9fis logistiques qui se pr\u00e9sentent :<\/p>\n\n<ul class=\"wp-block-list\"><li>\ud83c\udfd7\ufe0f <strong>Transfert des fournitures et du mat\u00e9riel<\/strong> : Les enseignants doivent s&rsquo;assurer que tout le n\u00e9cessaire p\u00e9dagogique soit pr\u00eat pour la nouvelle ann\u00e9e scolaire.<\/li><li>\ud83c\udfeb <strong>Adaptation des locaux de l&rsquo;\u00e9cole Pierre-S\u00e9gelle<\/strong> : Les infrastructures doivent \u00eatre pr\u00eates \u00e0 accueillir un nombre accru d&rsquo;\u00e9l\u00e8ves et d\u2019enseignants.<\/li><li>\ud83d\udcc5 <strong>Communication avec les parents<\/strong> : Une collaboration est n\u00e9cessaire pour minimiser les r\u00e9percussions du changement d&rsquo;\u00e9cole sur les familles.<\/li><li>\ud83d\udee0\ufe0f <strong>Gestion des emplois du temps<\/strong> : Il faudra \u00e9galement s&rsquo;assurer que les le\u00e7ons pr\u00e9vues soient respect\u00e9es, m\u00eame dans un nouvel environnement.<\/li><\/ul>\n\n<p>Ces \u00e9l\u00e9ments soulignent la complexit\u00e9 qu&rsquo;implique la gestion d\u2019un projet de r\u00e9novation aussi majeur. Les retards peuvent d\u00e9ranger la dynamique habituelle et engendrer des impr\u00e9vus dans la vie scolaire des \u00e9l\u00e8ves.<\/p>\n\n<h3 class=\"wp-block-heading\">Les implications pour les \u00e9l\u00e8ves et les familles<\/h3>\n\n<p>Les prolongements de cette situation ne se limitent pas au cadre scolaire. Pour beaucoup de familles, le retour \u00e0 l\u2019\u00e9cole du Ch\u00e2telet ne repr\u00e9sente pas seulement une question de b\u00e2timent, mais aussi d&rsquo;identit\u00e9 et d&rsquo;appartenance. La communaut\u00e9 \u00e9ducative situ\u00e9e autour de l&rsquo;\u00e9cole a toujours \u00e9t\u00e9 une source de soutien pour les enfants et les parents. La s\u00e9paration prolong\u00e9e pourrait affecter le bien-\u00eatre psychologique des \u00e9l\u00e8ves. Comment assurer une continuit\u00e9 de l&rsquo;\u00e9ducation tout en maintenant un sentiment de communaut\u00e9 ?<\/p>\n\n<p>Les \u00e9l\u00e8ves dans cette situation devront se familiariser avec de nouvelles routines, de nouveaux enseignants, des nouveaux amis, sans oublier la difficult\u00e9 de ne pas \u00eatre avec leurs camarades habituels. Il est essentiel d&rsquo;impliquer des psychologues scolaires ou des conseillers pour aider les \u00e9l\u00e8ves \u00e0 s\u2019adapter au changement. Les activit\u00e9s de groupe, les sorties p\u00e9dagogiques et les \u00e9changes avec les autres classes peuvent \u00eatre de v\u00e9ritables balises pour \u00e9tablir ce nouveau cadre.<\/p>\n\n<h2 class=\"wp-block-heading\">Les raisons de la r\u00e9novation de l&rsquo;\u00e9cole du Ch\u00e2telet<\/h2>\n\n<p>Pourquoi r\u00e9nover l&rsquo;\u00e9cole du Ch\u00e2telet ? La ville d&rsquo;Orl\u00e9ans, face \u00e0 un parc scolaire vieillissant, a d\u00e9cid\u00e9 de poser des bases solides pour l&rsquo;\u00e9ducation de ses jeunes. Au-del\u00e0 du simple rafra\u00eechissement, cette r\u00e9novation vise \u00e0 introduire des infrastructures modernes, \u00e0 favoriser l&rsquo;acc\u00e8s num\u00e9rique et \u00e0 cr\u00e9er un environnement plus accueillant pour les \u00e9l\u00e8ves. Ainsi, les nouvelles normes de s\u00e9curit\u00e9 et d&rsquo;accessibilit\u00e9 seront mises en avant.<\/p>\n\n<h3 class=\"wp-block-heading\">Les attentes li\u00e9es aux nouveaux am\u00e9nagements<\/h3>\n\n<p>Cette initiative de r\u00e9novation r\u00e9v\u00e8le des ambitions et des attentes pr\u00e9cises chez les acteurs \u00e9ducatifs. Voici un petit panorama des am\u00e9liorations projet\u00e9es :<\/p>\n\n<figure class=\"wp-block-table\"><table>\n<thead>\n<tr>\n<th>Aspects \u00e0 am\u00e9liorer<\/th>\n<th>Objectifs<\/th>\n<\/tr>\n<\/thead>\n<tbody>\n<tr>\n<td>\ud83d\udcbb Acc\u00e8s \u00e0 la technologie<\/td>\n<td>Fournir un environnement num\u00e9rique optimal pour l&rsquo;apprentissage.<\/td>\n<\/tr>\n<tr>\n<td>\ud83c\udf31 Espaces ext\u00e9rieurs<\/td>\n<td>Cr\u00e9er des zones de d\u00e9tente et de jeux pour encourager le d\u00e9veloppement social.<\/td>\n<\/tr>\n<tr>\n<td>\ud83d\udd0d Laboratoires modernes<\/td>\n<td>Favoriser les sciences et l&rsquo;exp\u00e9rimentation d\u00e8s le plus jeune \u00e2ge.<\/td>\n<\/tr>\n<tr>\n<td>\ud83d\udeaa S\u00e9curit\u00e9 renforc\u00e9e<\/td>\n<td>Respecter les normes de s\u00e9curit\u00e9 actuelles pour le bien-\u00eatre des \u00e9l\u00e8ves.<\/td>\n<\/tr>\n<\/tbody>\n<\/table><\/figure>\n\n<p>Le souhait d&rsquo;impl\u00e9menter des espaces qui inspirent l&rsquo;amour de la connaissance va au-del\u00e0 d&rsquo;un simple d\u00e9sir : il est aussi une n\u00e9cessit\u00e9. Les \u00e9tablissements scolaires doivent s&rsquo;adapter aux nouvelles attentes d&rsquo;un monde en constante \u00e9volution, et l&rsquo;\u00e9cole du Ch\u00e2telet se positionne comme un mod\u00e8le prometteur pour l&rsquo;\u00e9ducation de demain.<\/p>\n\n<h3 class=\"wp-block-heading\">L&rsquo;accompagnement durant la transition<\/h3>\n\n<p>Les efforts fournis par la mairie d&rsquo;Orl\u00e9ans ne s&rsquo;arr\u00eateront pas simplement \u00e0 la phase de construction. Un v\u00e9ritable accompagnement \u00e9ducatif sera mis en place pour faciliter cette transition. Les \u00e9l\u00e8ves et les enseignants devraient \u00eatre impliqu\u00e9s dans le processus de transformation, afin de renforcer les liens au sein de la nouvelle communaut\u00e9 scolaire. De nombreuses activit\u00e9s p\u00e9dagogiques et culturelles devraient voir le jour durant la p\u00e9riode de travaux, de sorte \u00e0 impliquer la communaut\u00e9.<\/p>\n\n<h2 class=\"wp-block-heading\">Les acteurs impliqu\u00e9s dans la r\u00e9novation de l&rsquo;\u00e9cole du Ch\u00e2telet<\/h2>\n\n<p>La transformation de l&rsquo;\u00e9cole du Ch\u00e2telet n\u00e9cessite une coop\u00e9ration constante entre divers acteurs. De la mairie d&rsquo;Orl\u00e9ans aux entreprises de construction, chacun a un r\u00f4le \u00e0 jouer pour que ce projet aboutisse. Voici un aper\u00e7u des intervenants concern\u00e9s :<\/p>\n\n<ul class=\"wp-block-list\"><li>\ud83c\udfdb\ufe0f <strong>Mairie d&rsquo;Orl\u00e9ans<\/strong> : Responsable de la gestion et du financement du projet.<\/li><li>\ud83d\udd28 <strong>Entreprises de construction<\/strong> : Charg\u00e9es des travaux de r\u00e9novation tout en respectant les d\u00e9lais et budgets.<\/li><li>\ud83d\udc69\u200d\ud83c\udfeb <strong>\u00c9quipe p\u00e9dagogique<\/strong> : Impliqu\u00e9e dans les gestes de transition pour accompagner les \u00e9l\u00e8ves.<\/li><li>\ud83d\udc68\u200d\ud83d\udc69\u200d\ud83d\udc67\u200d\ud83d\udc66 <strong>Parents d&rsquo;\u00e9l\u00e8ves<\/strong> : Ils doivent \u00eatre continuellement inform\u00e9s et impliqu\u00e9s dans le changement.<\/li><\/ul>\n\n<p>Ces acteurs doivent travailler main dans la main pour s&rsquo;assurer que chaque \u00e9tape de la r\u00e9novation se d\u00e9roule sans accroc. En effet, la bonne communication entre eux est la cl\u00e9 pour apaiser les craintes li\u00e9es au retard des travaux. Ils devront fournir des mises \u00e0 jour r\u00e9guli\u00e8res sur l&rsquo;avanc\u00e9e des chantiers, afin que tous les int\u00e9r\u00eats de la communaut\u00e9 \u00e9ducative restent au c\u0153ur des pr\u00e9occupations.<\/p>\n\n<h2 class=\"wp-block-heading\">Un futur optimiste pour l&rsquo;\u00e9ducation \u00e0 Orl\u00e9ans<\/h2>\n\n<p>Bien que les retards dans la r\u00e9novation de l&rsquo;\u00e9cole du Ch\u00e2telet puissent sembler d\u00e9sastreux sur le court terme, ils ouvrent \u00e9galement la porte \u00e0 de nouvelles opportunit\u00e9s. Ce moment de transition peut offrir plus qu&rsquo;une simple pause. En effet, les \u00e9l\u00e8ves et les enseignants peuvent bient\u00f4t b\u00e9n\u00e9ficier d\u2019une structure adapt\u00e9e aux demandes p\u00e9dagogiques modernes.<\/p>\n\n<h3 class=\"wp-block-heading\">Les projets de d\u00e9veloppement \u00e9ducatif \u00e0 Orl\u00e9ans<\/h3>\n\n<p>Orl\u00e9ans ne se limite pas \u00e0 une \u00e9cole. Plusieurs initiatives sont mises en place pour dynamiser l&rsquo;\u00e9ducation dans la ville. Voici ce que la mairie a pr\u00e9vu pour les ann\u00e9es \u00e0 venir :<\/p>\n\n<ul class=\"wp-block-list\"><li>\ud83d\udcda <strong>Nouveaux programmes \u00e9ducatifs<\/strong> : Introduction de formations ax\u00e9es sur le num\u00e9rique et les comp\u00e9tences du futur.<\/li><li>\ud83d\ude80 <strong>Collaboration avec des \u00e9coles similaires<\/strong> : \u00c9changes et interactions entre \u00e9tablissements pour enrichir l&rsquo;exp\u00e9rience des \u00e9l\u00e8ves.<\/li><li>\ud83c\udf0d <strong>Initiatives vertes<\/strong> : Sensibiliser les \u00e9l\u00e8ves \u00e0 l&rsquo;\u00e9cologie et \u00e0 la durabilit\u00e9 \u00e0 travers des projets participatifs.<\/li><li>\ud83e\udd1d <strong>Partenariats avec des entreprises locales<\/strong> : Offrir des stages et des formations professionnelles aux \u00e9l\u00e8ves.<\/li><\/ul>\n\n<p>Ces partenariats t\u00e9moignent d&rsquo;une volont\u00e9 de la municipalit\u00e9 d&rsquo;\u00e9lever le niveau d&rsquo;exigence et de qualit\u00e9 dans les \u00e9tablissements scolaires d&rsquo;Orl\u00e9ans. Une vision optimiste s&rsquo;installe et dure plus que jamais dans l&rsquo;esprit des acteurs impliqu\u00e9s.<\/p>\n\n<h2 class=\"wp-block-heading\">FAQ<\/h2>\n\n<h3 class=\"wp-block-heading\">Quels sont les d\u00e9lais de r\u00e9novation de l&rsquo;\u00e9cole du Ch\u00e2telet ?<\/h3>\n\n<p>Les travaux devraient durcir jusqu&rsquo;en septembre 2026, en raison de divers facteurs ayant caus\u00e9 des retards.<\/p>\n\n<h3 class=\"wp-block-heading\">Comment les \u00e9l\u00e8ves seront-ils soutenus durant la transition ?<\/h3>\n\n<p>Un accompagnement p\u00e9dagogique sera mis en place, notamment avec des activit\u00e9s de groupe et des soutiens psychologiques.<\/p>\n\n<h3 class=\"wp-block-heading\">Les parents d&rsquo;\u00e9l\u00e8ves seront-ils inform\u00e9s des avanc\u00e9es des travaux ?<\/h3>\n\n<p>Oui, la mairie s&rsquo;engage \u00e0 fournir des mises \u00e0 jour r\u00e9guli\u00e8res sur l&rsquo;\u00e9tat d&rsquo;avancement des r\u00e9novations.<\/p>\n\n<h3 class=\"wp-block-heading\">Quels nouveaux am\u00e9nagements sont pr\u00e9vus pour l&rsquo;\u00e9cole du Ch\u00e2telet ?<\/h3>\n\n<p>Le projet inclut des laboratoires modernes, des espaces ext\u00e9rieurs favorisant la d\u00e9tente et un acc\u00e8s renforc\u00e9 \u00e0 la technologie.<\/p>\n\n<h3 class=\"wp-block-heading\">Quelle est l&rsquo;importance de cette r\u00e9novation pour l&rsquo;\u00e9ducation \u00e0 Orl\u00e9ans ?<\/h3>\n\n<p>Cette r\u00e9novation symbolise un engagement fort pour l&rsquo;avenir de l&rsquo;\u00e9ducation \u00e0 Orl\u00e9ans, en r\u00e9pondant aux nouvelles exigences p\u00e9dagogiques et s\u00e9curitaires.<\/p>\n\n","protected":false},"excerpt":{"rendered":"<p>La situation scolaire \u00e0 Orl\u00e9ans conna\u00eet un bouleversement majeur : l&rsquo;\u00e9cole du Ch\u00e2telet, qui devait rouvrir ses portes avant la rentr\u00e9e scolaire 2026, aura subi des retards cons\u00e9quents. Ce contretemps obligera les 86 \u00e9l\u00e8ves \u00e0 poursuivre leur formation dans un autre \u00e9tablissement pour une dur\u00e9e nettement plus longue que pr\u00e9vu. Le changement d&rsquo;\u00e9cole vers l&rsquo;\u00e9tablissement &#8230; <a title=\"L&rsquo;\u00e9cole du Ch\u00e2telet \u00e0 Orl\u00e9ans retard\u00e9e, les \u00e9l\u00e8ves devront attendre septembre 2026 pour y revenir\" class=\"read-more\" href=\"https:\/\/www.apres-lecole.fr\/Blog\/chatelet-orleans-retard\/\" aria-label=\"En savoir plus sur L&rsquo;\u00e9cole du Ch\u00e2telet \u00e0 Orl\u00e9ans retard\u00e9e, les \u00e9l\u00e8ves devront attendre septembre 2026 pour y revenir\">Lire plus<\/a><\/p>\n","protected":false},"author":9,"featured_media":2051,"comment_status":"open","ping_status":"open","sticky":false,"template":"","format":"standard","meta":{"footnotes":""},"categories":[342],"tags":[1144,556,1145,570,1146],"class_list":["post-2052","post","type-post","status-publish","format-standard","has-post-thumbnail","hentry","category-actualites","tag-ecole-du-chatelet","tag-eleves","tag-orleans","tag-rentree-scolaire","tag-retard"],"yoast_head":"<!-- This site is optimized with the Yoast SEO plugin v27.5 - https:\/\/yoast.com\/product\/yoast-seo-wordpress\/ -->\n<title>L&#039;\u00e9cole du Ch\u00e2telet \u00e0 Orl\u00e9ans : retour report\u00e9 \u00e0 septembre 2026<\/title>\n<meta name=\"description\" content=\"L&#039;\u00e9cole du Ch\u00e2telet \u00e0 Orl\u00e9ans rouvre en septembre 2026. Les \u00e9l\u00e8ves devront patienter suite au retard des travaux de r\u00e9novation.\" \/>\n<meta name=\"robots\" content=\"index, follow, max-snippet:-1, max-image-preview:large, max-video-preview:-1\" \/>\n<link rel=\"canonical\" href=\"https:\/\/www.apres-lecole.fr\/Blog\/chatelet-orleans-retard\/\" \/>\n<meta property=\"og:locale\" content=\"fr_FR\" \/>\n<meta property=\"og:type\" content=\"article\" \/>\n<meta property=\"og:title\" content=\"L&#039;\u00e9cole du Ch\u00e2telet \u00e0 Orl\u00e9ans : retour report\u00e9 \u00e0 septembre 2026\" \/>\n<meta property=\"og:description\" content=\"L&#039;\u00e9cole du Ch\u00e2telet \u00e0 Orl\u00e9ans rouvre en septembre 2026. Les \u00e9l\u00e8ves devront patienter suite au retard des travaux de r\u00e9novation.\" \/>\n<meta property=\"og:url\" content=\"https:\/\/www.apres-lecole.fr\/Blog\/chatelet-orleans-retard\/\" \/>\n<meta property=\"article:published_time\" content=\"2025-06-30T07:05:39+00:00\" \/>\n<meta property=\"og:image\" content=\"https:\/\/www.apres-lecole.fr\/Blog\/wp-content\/uploads\/2025\/06\/Lecole-du-Chatelet-a-Orleans-retardee-les-eleves-devront-attendre-septembre-2026-pour-y-revenir.jpg\" \/>\n\t<meta property=\"og:image:width\" content=\"1344\" \/>\n\t<meta property=\"og:image:height\" content=\"768\" \/>\n\t<meta property=\"og:image:type\" content=\"image\/jpeg\" \/>\n<meta name=\"author\" content=\"Eva Martin\" \/>\n<meta name=\"twitter:card\" content=\"summary_large_image\" \/>\n<meta name=\"twitter:creator\" content=\"@Evaapresecole\" \/>\n<meta name=\"twitter:label1\" content=\"\u00c9crit par\" \/>\n\t<meta name=\"twitter:data1\" content=\"Eva Martin\" \/>\n\t<meta name=\"twitter:label2\" content=\"Dur\u00e9e de lecture estim\u00e9e\" \/>\n\t<meta name=\"twitter:data2\" content=\"8 minutes\" \/>\n<script type=\"application\/ld+json\" class=\"yoast-schema-graph\">{\"@context\":\"https:\\\/\\\/schema.org\",\"@graph\":[{\"@type\":\"Article\",\"@id\":\"https:\\\/\\\/www.apres-lecole.fr\\\/Blog\\\/chatelet-orleans-retard\\\/#article\",\"isPartOf\":{\"@id\":\"https:\\\/\\\/www.apres-lecole.fr\\\/Blog\\\/chatelet-orleans-retard\\\/\"},\"author\":{\"name\":\"Eva Martin\",\"@id\":\"https:\\\/\\\/www.apres-lecole.fr\\\/Blog\\\/#\\\/schema\\\/person\\\/aeb50cd4b51fc69da155804bb5bb9fc4\"},\"headline\":\"L&rsquo;\u00e9cole du Ch\u00e2telet \u00e0 Orl\u00e9ans retard\u00e9e, les \u00e9l\u00e8ves devront attendre septembre 2026 pour y revenir\",\"datePublished\":\"2025-06-30T07:05:39+00:00\",\"mainEntityOfPage\":{\"@id\":\"https:\\\/\\\/www.apres-lecole.fr\\\/Blog\\\/chatelet-orleans-retard\\\/\"},\"wordCount\":1690,\"commentCount\":0,\"image\":{\"@id\":\"https:\\\/\\\/www.apres-lecole.fr\\\/Blog\\\/chatelet-orleans-retard\\\/#primaryimage\"},\"thumbnailUrl\":\"https:\\\/\\\/www.apres-lecole.fr\\\/Blog\\\/wp-content\\\/uploads\\\/2025\\\/06\\\/Lecole-du-Chatelet-a-Orleans-retardee-les-eleves-devront-attendre-septembre-2026-pour-y-revenir.jpg\",\"keywords\":[\"\u00e9cole du ch\u00e2telet\",\"\u00e9l\u00e8ves\",\"orl\u00e9ans\",\"rentr\u00e9e scolaire\",\"retard\"],\"articleSection\":[\"Actualit\u00e9s\"],\"inLanguage\":\"fr-FR\",\"potentialAction\":[{\"@type\":\"CommentAction\",\"name\":\"Comment\",\"target\":[\"https:\\\/\\\/www.apres-lecole.fr\\\/Blog\\\/chatelet-orleans-retard\\\/#respond\"]}]},{\"@type\":\"WebPage\",\"@id\":\"https:\\\/\\\/www.apres-lecole.fr\\\/Blog\\\/chatelet-orleans-retard\\\/\",\"url\":\"https:\\\/\\\/www.apres-lecole.fr\\\/Blog\\\/chatelet-orleans-retard\\\/\",\"name\":\"L'\u00e9cole du Ch\u00e2telet \u00e0 Orl\u00e9ans : retour report\u00e9 \u00e0 septembre 2026\",\"isPartOf\":{\"@id\":\"https:\\\/\\\/www.apres-lecole.fr\\\/Blog\\\/#website\"},\"primaryImageOfPage\":{\"@id\":\"https:\\\/\\\/www.apres-lecole.fr\\\/Blog\\\/chatelet-orleans-retard\\\/#primaryimage\"},\"image\":{\"@id\":\"https:\\\/\\\/www.apres-lecole.fr\\\/Blog\\\/chatelet-orleans-retard\\\/#primaryimage\"},\"thumbnailUrl\":\"https:\\\/\\\/www.apres-lecole.fr\\\/Blog\\\/wp-content\\\/uploads\\\/2025\\\/06\\\/Lecole-du-Chatelet-a-Orleans-retardee-les-eleves-devront-attendre-septembre-2026-pour-y-revenir.jpg\",\"datePublished\":\"2025-06-30T07:05:39+00:00\",\"author\":{\"@id\":\"https:\\\/\\\/www.apres-lecole.fr\\\/Blog\\\/#\\\/schema\\\/person\\\/aeb50cd4b51fc69da155804bb5bb9fc4\"},\"description\":\"L'\u00e9cole du Ch\u00e2telet \u00e0 Orl\u00e9ans rouvre en septembre 2026. Les \u00e9l\u00e8ves devront patienter suite au retard des travaux de r\u00e9novation.\",\"breadcrumb\":{\"@id\":\"https:\\\/\\\/www.apres-lecole.fr\\\/Blog\\\/chatelet-orleans-retard\\\/#breadcrumb\"},\"inLanguage\":\"fr-FR\",\"potentialAction\":[{\"@type\":\"ReadAction\",\"target\":[\"https:\\\/\\\/www.apres-lecole.fr\\\/Blog\\\/chatelet-orleans-retard\\\/\"]}]},{\"@type\":\"ImageObject\",\"inLanguage\":\"fr-FR\",\"@id\":\"https:\\\/\\\/www.apres-lecole.fr\\\/Blog\\\/chatelet-orleans-retard\\\/#primaryimage\",\"url\":\"https:\\\/\\\/www.apres-lecole.fr\\\/Blog\\\/wp-content\\\/uploads\\\/2025\\\/06\\\/Lecole-du-Chatelet-a-Orleans-retardee-les-eleves-devront-attendre-septembre-2026-pour-y-revenir.jpg\",\"contentUrl\":\"https:\\\/\\\/www.apres-lecole.fr\\\/Blog\\\/wp-content\\\/uploads\\\/2025\\\/06\\\/Lecole-du-Chatelet-a-Orleans-retardee-les-eleves-devront-attendre-septembre-2026-pour-y-revenir.jpg\",\"width\":1344,\"height\":768,\"caption\":\"d\u00e9couvrez les derni\u00e8res informations sur le report de l'\u00e9cole du ch\u00e2telet \u00e0 orl\u00e9ans, o\u00f9 les \u00e9l\u00e8ves devront patienter jusqu'en septembre 2026 pour retrouver leur \u00e9tablissement. ne manquez pas les d\u00e9tails sur cette situation et ses implications pour la communaut\u00e9 scolaire.\"},{\"@type\":\"BreadcrumbList\",\"@id\":\"https:\\\/\\\/www.apres-lecole.fr\\\/Blog\\\/chatelet-orleans-retard\\\/#breadcrumb\",\"itemListElement\":[{\"@type\":\"ListItem\",\"position\":1,\"name\":\"Home\",\"item\":\"https:\\\/\\\/www.apres-lecole.fr\\\/Blog\\\/\"},{\"@type\":\"ListItem\",\"position\":2,\"name\":\"L&rsquo;\u00e9cole du Ch\u00e2telet \u00e0 Orl\u00e9ans retard\u00e9e, les \u00e9l\u00e8ves devront attendre septembre 2026 pour y revenir\"}]},{\"@type\":\"WebSite\",\"@id\":\"https:\\\/\\\/www.apres-lecole.fr\\\/Blog\\\/#website\",\"url\":\"https:\\\/\\\/www.apres-lecole.fr\\\/Blog\\\/\",\"name\":\"\",\"description\":\"M\u00e9dia g\u00e9n\u00e9raliste\",\"potentialAction\":[{\"@type\":\"SearchAction\",\"target\":{\"@type\":\"EntryPoint\",\"urlTemplate\":\"https:\\\/\\\/www.apres-lecole.fr\\\/Blog\\\/?s={search_term_string}\"},\"query-input\":{\"@type\":\"PropertyValueSpecification\",\"valueRequired\":true,\"valueName\":\"search_term_string\"}}],\"inLanguage\":\"fr-FR\"},{\"@type\":\"Person\",\"@id\":\"https:\\\/\\\/www.apres-lecole.fr\\\/Blog\\\/#\\\/schema\\\/person\\\/aeb50cd4b51fc69da155804bb5bb9fc4\",\"name\":\"Eva Martin\",\"image\":{\"@type\":\"ImageObject\",\"inLanguage\":\"fr-FR\",\"@id\":\"https:\\\/\\\/secure.gravatar.com\\\/avatar\\\/55c53222558b27a72015a64073a80edce4abd33369394b9bf2c5cd6c19d12682?s=96&d=mm&r=g\",\"url\":\"https:\\\/\\\/secure.gravatar.com\\\/avatar\\\/55c53222558b27a72015a64073a80edce4abd33369394b9bf2c5cd6c19d12682?s=96&d=mm&r=g\",\"contentUrl\":\"https:\\\/\\\/secure.gravatar.com\\\/avatar\\\/55c53222558b27a72015a64073a80edce4abd33369394b9bf2c5cd6c19d12682?s=96&d=mm&r=g\",\"caption\":\"Eva Martin\"},\"description\":\"Je parle de business et d'entrepreneuriat avec des conseils clairs, concrets et actionnables pour r\u00e9ussir\",\"sameAs\":[\"https:\\\/\\\/x.com\\\/Evaapresecole\"],\"url\":\"https:\\\/\\\/www.apres-lecole.fr\\\/Blog\\\/author\\\/evamartin\\\/\"}]}<\/script>\n<!-- \/ Yoast SEO plugin. -->","yoast_head_json":{"title":"L'\u00e9cole du Ch\u00e2telet \u00e0 Orl\u00e9ans : retour report\u00e9 \u00e0 septembre 2026","description":"L'\u00e9cole du Ch\u00e2telet \u00e0 Orl\u00e9ans rouvre en septembre 2026. Les \u00e9l\u00e8ves devront patienter suite au retard des travaux de r\u00e9novation.","robots":{"index":"index","follow":"follow","max-snippet":"max-snippet:-1","max-image-preview":"max-image-preview:large","max-video-preview":"max-video-preview:-1"},"canonical":"https:\/\/www.apres-lecole.fr\/Blog\/chatelet-orleans-retard\/","og_locale":"fr_FR","og_type":"article","og_title":"L'\u00e9cole du Ch\u00e2telet \u00e0 Orl\u00e9ans : retour report\u00e9 \u00e0 septembre 2026","og_description":"L'\u00e9cole du Ch\u00e2telet \u00e0 Orl\u00e9ans rouvre en septembre 2026. Les \u00e9l\u00e8ves devront patienter suite au retard des travaux de r\u00e9novation.","og_url":"https:\/\/www.apres-lecole.fr\/Blog\/chatelet-orleans-retard\/","article_published_time":"2025-06-30T07:05:39+00:00","og_image":[{"width":1344,"height":768,"url":"https:\/\/www.apres-lecole.fr\/Blog\/wp-content\/uploads\/2025\/06\/Lecole-du-Chatelet-a-Orleans-retardee-les-eleves-devront-attendre-septembre-2026-pour-y-revenir.jpg","type":"image\/jpeg"}],"author":"Eva Martin","twitter_card":"summary_large_image","twitter_creator":"@Evaapresecole","twitter_misc":{"\u00c9crit par":"Eva Martin","Dur\u00e9e de lecture estim\u00e9e":"8 minutes"},"schema":{"@context":"https:\/\/schema.org","@graph":[{"@type":"Article","@id":"https:\/\/www.apres-lecole.fr\/Blog\/chatelet-orleans-retard\/#article","isPartOf":{"@id":"https:\/\/www.apres-lecole.fr\/Blog\/chatelet-orleans-retard\/"},"author":{"name":"Eva Martin","@id":"https:\/\/www.apres-lecole.fr\/Blog\/#\/schema\/person\/aeb50cd4b51fc69da155804bb5bb9fc4"},"headline":"L&rsquo;\u00e9cole du Ch\u00e2telet \u00e0 Orl\u00e9ans retard\u00e9e, les \u00e9l\u00e8ves devront attendre septembre 2026 pour y revenir","datePublished":"2025-06-30T07:05:39+00:00","mainEntityOfPage":{"@id":"https:\/\/www.apres-lecole.fr\/Blog\/chatelet-orleans-retard\/"},"wordCount":1690,"commentCount":0,"image":{"@id":"https:\/\/www.apres-lecole.fr\/Blog\/chatelet-orleans-retard\/#primaryimage"},"thumbnailUrl":"https:\/\/www.apres-lecole.fr\/Blog\/wp-content\/uploads\/2025\/06\/Lecole-du-Chatelet-a-Orleans-retardee-les-eleves-devront-attendre-septembre-2026-pour-y-revenir.jpg","keywords":["\u00e9cole du ch\u00e2telet","\u00e9l\u00e8ves","orl\u00e9ans","rentr\u00e9e scolaire","retard"],"articleSection":["Actualit\u00e9s"],"inLanguage":"fr-FR","potentialAction":[{"@type":"CommentAction","name":"Comment","target":["https:\/\/www.apres-lecole.fr\/Blog\/chatelet-orleans-retard\/#respond"]}]},{"@type":"WebPage","@id":"https:\/\/www.apres-lecole.fr\/Blog\/chatelet-orleans-retard\/","url":"https:\/\/www.apres-lecole.fr\/Blog\/chatelet-orleans-retard\/","name":"L'\u00e9cole du Ch\u00e2telet \u00e0 Orl\u00e9ans : retour report\u00e9 \u00e0 septembre 2026","isPartOf":{"@id":"https:\/\/www.apres-lecole.fr\/Blog\/#website"},"primaryImageOfPage":{"@id":"https:\/\/www.apres-lecole.fr\/Blog\/chatelet-orleans-retard\/#primaryimage"},"image":{"@id":"https:\/\/www.apres-lecole.fr\/Blog\/chatelet-orleans-retard\/#primaryimage"},"thumbnailUrl":"https:\/\/www.apres-lecole.fr\/Blog\/wp-content\/uploads\/2025\/06\/Lecole-du-Chatelet-a-Orleans-retardee-les-eleves-devront-attendre-septembre-2026-pour-y-revenir.jpg","datePublished":"2025-06-30T07:05:39+00:00","author":{"@id":"https:\/\/www.apres-lecole.fr\/Blog\/#\/schema\/person\/aeb50cd4b51fc69da155804bb5bb9fc4"},"description":"L'\u00e9cole du Ch\u00e2telet \u00e0 Orl\u00e9ans rouvre en septembre 2026. Les \u00e9l\u00e8ves devront patienter suite au retard des travaux de r\u00e9novation.","breadcrumb":{"@id":"https:\/\/www.apres-lecole.fr\/Blog\/chatelet-orleans-retard\/#breadcrumb"},"inLanguage":"fr-FR","potentialAction":[{"@type":"ReadAction","target":["https:\/\/www.apres-lecole.fr\/Blog\/chatelet-orleans-retard\/"]}]},{"@type":"ImageObject","inLanguage":"fr-FR","@id":"https:\/\/www.apres-lecole.fr\/Blog\/chatelet-orleans-retard\/#primaryimage","url":"https:\/\/www.apres-lecole.fr\/Blog\/wp-content\/uploads\/2025\/06\/Lecole-du-Chatelet-a-Orleans-retardee-les-eleves-devront-attendre-septembre-2026-pour-y-revenir.jpg","contentUrl":"https:\/\/www.apres-lecole.fr\/Blog\/wp-content\/uploads\/2025\/06\/Lecole-du-Chatelet-a-Orleans-retardee-les-eleves-devront-attendre-septembre-2026-pour-y-revenir.jpg","width":1344,"height":768,"caption":"d\u00e9couvrez les derni\u00e8res informations sur le report de l'\u00e9cole du ch\u00e2telet \u00e0 orl\u00e9ans, o\u00f9 les \u00e9l\u00e8ves devront patienter jusqu'en septembre 2026 pour retrouver leur \u00e9tablissement. ne manquez pas les d\u00e9tails sur cette situation et ses implications pour la communaut\u00e9 scolaire."},{"@type":"BreadcrumbList","@id":"https:\/\/www.apres-lecole.fr\/Blog\/chatelet-orleans-retard\/#breadcrumb","itemListElement":[{"@type":"ListItem","position":1,"name":"Home","item":"https:\/\/www.apres-lecole.fr\/Blog\/"},{"@type":"ListItem","position":2,"name":"L&rsquo;\u00e9cole du Ch\u00e2telet \u00e0 Orl\u00e9ans retard\u00e9e, les \u00e9l\u00e8ves devront attendre septembre 2026 pour y revenir"}]},{"@type":"WebSite","@id":"https:\/\/www.apres-lecole.fr\/Blog\/#website","url":"https:\/\/www.apres-lecole.fr\/Blog\/","name":"","description":"M\u00e9dia g\u00e9n\u00e9raliste","potentialAction":[{"@type":"SearchAction","target":{"@type":"EntryPoint","urlTemplate":"https:\/\/www.apres-lecole.fr\/Blog\/?s={search_term_string}"},"query-input":{"@type":"PropertyValueSpecification","valueRequired":true,"valueName":"search_term_string"}}],"inLanguage":"fr-FR"},{"@type":"Person","@id":"https:\/\/www.apres-lecole.fr\/Blog\/#\/schema\/person\/aeb50cd4b51fc69da155804bb5bb9fc4","name":"Eva Martin","image":{"@type":"ImageObject","inLanguage":"fr-FR","@id":"https:\/\/secure.gravatar.com\/avatar\/55c53222558b27a72015a64073a80edce4abd33369394b9bf2c5cd6c19d12682?s=96&d=mm&r=g","url":"https:\/\/secure.gravatar.com\/avatar\/55c53222558b27a72015a64073a80edce4abd33369394b9bf2c5cd6c19d12682?s=96&d=mm&r=g","contentUrl":"https:\/\/secure.gravatar.com\/avatar\/55c53222558b27a72015a64073a80edce4abd33369394b9bf2c5cd6c19d12682?s=96&d=mm&r=g","caption":"Eva Martin"},"description":"Je parle de business et d'entrepreneuriat avec des conseils clairs, concrets et actionnables pour r\u00e9ussir","sameAs":["https:\/\/x.com\/Evaapresecole"],"url":"https:\/\/www.apres-lecole.fr\/Blog\/author\/evamartin\/"}]}},"views":11,"_links":{"self":[{"href":"https:\/\/www.apres-lecole.fr\/Blog\/wp-json\/wp\/v2\/posts\/2052","targetHints":{"allow":["GET"]}}],"collection":[{"href":"https:\/\/www.apres-lecole.fr\/Blog\/wp-json\/wp\/v2\/posts"}],"about":[{"href":"https:\/\/www.apres-lecole.fr\/Blog\/wp-json\/wp\/v2\/types\/post"}],"author":[{"embeddable":true,"href":"https:\/\/www.apres-lecole.fr\/Blog\/wp-json\/wp\/v2\/users\/9"}],"replies":[{"embeddable":true,"href":"https:\/\/www.apres-lecole.fr\/Blog\/wp-json\/wp\/v2\/comments?post=2052"}],"version-history":[{"count":0,"href":"https:\/\/www.apres-lecole.fr\/Blog\/wp-json\/wp\/v2\/posts\/2052\/revisions"}],"wp:featuredmedia":[{"embeddable":true,"href":"https:\/\/www.apres-lecole.fr\/Blog\/wp-json\/wp\/v2\/media\/2051"}],"wp:attachment":[{"href":"https:\/\/www.apres-lecole.fr\/Blog\/wp-json\/wp\/v2\/media?parent=2052"}],"wp:term":[{"taxonomy":"category","embeddable":true,"href":"https:\/\/www.apres-lecole.fr\/Blog\/wp-json\/wp\/v2\/categories?post=2052"},{"taxonomy":"post_tag","embeddable":true,"href":"https:\/\/www.apres-lecole.fr\/Blog\/wp-json\/wp\/v2\/tags?post=2052"}],"curies":[{"name":"wp","href":"https:\/\/api.w.org\/{rel}","templated":true}]}}