{"id":2050,"date":"2025-06-29T07:48:52","date_gmt":"2025-06-29T07:48:52","guid":{"rendered":"https:\/\/www.apres-lecole.fr\/Blog\/premiere-pierre-ecole-maternelle\/"},"modified":"2025-06-29T07:48:52","modified_gmt":"2025-06-29T07:48:52","slug":"premiere-pierre-ecole-maternelle","status":"publish","type":"post","link":"https:\/\/www.apres-lecole.fr\/Blog\/premiere-pierre-ecole-maternelle\/","title":{"rendered":"la premi\u00e8re pierre de la nouvelle \u00e9cole maternelle a \u00e9t\u00e9 solennellement pos\u00e9e"},"content":{"rendered":"\n\n<div class=\"kk-star-ratings kksr-auto kksr-align-left kksr-valign-top\"\n    data-payload='{&quot;align&quot;:&quot;left&quot;,&quot;id&quot;:&quot;2050&quot;,&quot;slug&quot;:&quot;default&quot;,&quot;valign&quot;:&quot;top&quot;,&quot;ignore&quot;:&quot;&quot;,&quot;reference&quot;:&quot;auto&quot;,&quot;class&quot;:&quot;&quot;,&quot;count&quot;:&quot;0&quot;,&quot;legendonly&quot;:&quot;&quot;,&quot;readonly&quot;:&quot;&quot;,&quot;score&quot;:&quot;0&quot;,&quot;starsonly&quot;:&quot;&quot;,&quot;best&quot;:&quot;5&quot;,&quot;gap&quot;:&quot;5&quot;,&quot;greet&quot;:&quot;Rate this post&quot;,&quot;legend&quot;:&quot;0\\\/5 - (0 vote)&quot;,&quot;size&quot;:&quot;24&quot;,&quot;title&quot;:&quot;la premi\u00e8re pierre de la nouvelle \u00e9cole maternelle a \u00e9t\u00e9 solennellement pos\u00e9e&quot;,&quot;width&quot;:&quot;0&quot;,&quot;_legend&quot;:&quot;{score}\\\/{best} - ({count} {votes})&quot;,&quot;font_factor&quot;:&quot;1.25&quot;}'>\n            \n<div class=\"kksr-stars\">\n    \n<div class=\"kksr-stars-inactive\">\n            <div class=\"kksr-star\" data-star=\"1\" style=\"padding-right: 5px\">\n            \n\n<div class=\"kksr-icon\" style=\"width: 24px; height: 24px;\"><\/div>\n        <\/div>\n            <div class=\"kksr-star\" data-star=\"2\" style=\"padding-right: 5px\">\n            \n\n<div class=\"kksr-icon\" style=\"width: 24px; height: 24px;\"><\/div>\n        <\/div>\n            <div class=\"kksr-star\" data-star=\"3\" style=\"padding-right: 5px\">\n            \n\n<div class=\"kksr-icon\" style=\"width: 24px; height: 24px;\"><\/div>\n        <\/div>\n            <div class=\"kksr-star\" data-star=\"4\" style=\"padding-right: 5px\">\n            \n\n<div class=\"kksr-icon\" style=\"width: 24px; height: 24px;\"><\/div>\n        <\/div>\n            <div class=\"kksr-star\" data-star=\"5\" style=\"padding-right: 5px\">\n            \n\n<div class=\"kksr-icon\" style=\"width: 24px; height: 24px;\"><\/div>\n        <\/div>\n    <\/div>\n    \n<div class=\"kksr-stars-active\" style=\"width: 0px;\">\n            <div class=\"kksr-star\" style=\"padding-right: 5px\">\n            \n\n<div class=\"kksr-icon\" style=\"width: 24px; height: 24px;\"><\/div>\n        <\/div>\n            <div class=\"kksr-star\" style=\"padding-right: 5px\">\n            \n\n<div class=\"kksr-icon\" style=\"width: 24px; height: 24px;\"><\/div>\n        <\/div>\n            <div class=\"kksr-star\" style=\"padding-right: 5px\">\n            \n\n<div class=\"kksr-icon\" style=\"width: 24px; height: 24px;\"><\/div>\n        <\/div>\n            <div class=\"kksr-star\" style=\"padding-right: 5px\">\n            \n\n<div class=\"kksr-icon\" style=\"width: 24px; height: 24px;\"><\/div>\n        <\/div>\n            <div class=\"kksr-star\" style=\"padding-right: 5px\">\n            \n\n<div class=\"kksr-icon\" style=\"width: 24px; height: 24px;\"><\/div>\n        <\/div>\n    <\/div>\n<\/div>\n                \n\n<div class=\"kksr-legend\" style=\"font-size: 19.2px;\">\n            <span class=\"kksr-muted\">Rate this post<\/span>\n    <\/div>\n    <\/div>\n<p>Un moment marquant s&rsquo;est tenu ce mercredi 25 juin \u00e0 Prad\u00e9, o\u00f9 la premi\u00e8re pierre de la nouvelle \u00e9cole maternelle Jules-Ferry a \u00e9t\u00e9 pos\u00e9e. C\u00e9l\u00e9br\u00e9e par les habitants de la commune, cette c\u00e9r\u00e9monie symbolique a r\u00e9uni des \u00e9lus locaux, des membres de l&rsquo;\u00e9ducation et des parents, tous impatients de voir se concr\u00e9tiser cet ambitieux projet \u00e9ducatif. Alors que la rentr\u00e9e scolaire 2026 se profile, l&rsquo;enthousiasme \u00e9tait palpable dans l&rsquo;air, marquant un tournant significatif pour l&rsquo;\u00e9ducation et la communaut\u00e9. Les remerciements se sont multipli\u00e9s pour ceux qui contribuent \u00e0 cet am\u00e9nagement, de l&rsquo;\u00c9tat aux collectivit\u00e9s territoriales, mettant ainsi en lumi\u00e8re l&rsquo;importance du soutien \u00e9ducatif au sein des collectivit\u00e9s locales. Mais qu&rsquo;est-ce que cette nouvelle \u00e9cole repr\u00e9sente r\u00e9ellement pour l&rsquo;environnement scolaire de Prad\u00e9 ? D\u00e9couvrons-le ensemble.<\/p>\n\n<h2 class=\"wp-block-heading\">Versement de la solidarit\u00e9 et unicit\u00e9 de l&rsquo;\u00e9cole maternelle<\/h2>\n\n<p>La communaut\u00e9 \u00e9ducative de Prad\u00e9 se pr\u00e9pare \u00e0 un renouvellement spectaculaire de ses infrastructures. La premi\u00e8re pierre de la future \u00e9cole maternelle Jules-Ferry n\u2019est pas seulement un acte symbolique; elle repr\u00e9sente un rendez-vous pour toutes les g\u00e9n\u00e9rations \u00e0 venir. Cette nouvelle r\u00e9alisation va au-del\u00e0 de la simple construction d&rsquo;un b\u00e2timent scolaire. Elle aspire \u00e0 \u00eatre un lieu d&rsquo;\u00e9panouissement pour l&rsquo;<strong>enfance<\/strong>, favorisant l&rsquo;<strong>\u00e9ducation<\/strong> dans un cadre moderne et innovant.<\/p>\n\n<h3 class=\"wp-block-heading\">Un campus \u00e9ducatif pour les petits Prad\u00e9ens<\/h3>\n\n<p>Que peut-on attendre d&rsquo;une telle \u00e9cole maternelle ? Tout d&rsquo;abord, elle se veut un lieu d\u2019apprentissage adapt\u00e9 aux besoins des enfants d&rsquo;aujourd&rsquo;hui. Un des aspects les plus prometteurs de cette institution sera sans doute la capacit\u00e9 d\u2019accueil : plusieurs salles de classe seront disponibles pour r\u00e9pondre \u00e0 l\u2019augmentation des effectifs. Cela permettra d\u2019apporter un soutien \u00e9ducatif qualitatif \u00e0 chaque enfant dans un cadre optimis\u00e9.<\/p>\n\n<p>La planification de l\u2019\u00e9cole inclut \u00e9galement des espaces de jeux modernis\u00e9s, qui offriront un v\u00e9ritable coin de paradis aux petits. Les r\u00e9cr\u00e9ations deviendront des aventures concoct\u00e9es par des environnements adapt\u00e9s, s&rsquo;alignant sur les besoins p\u00e9dagogiques de l\u2019\u00e9tape de la maternelle. Les enfants pourront s&rsquo;exercer \u00e0 leur cr\u00e9ativit\u00e9 tout en profitant d&rsquo;un cadre sain et agr\u00e9able. C&rsquo;est un v\u00e9ritable travail de fond qui a \u00e9t\u00e9 men\u00e9 pour la conception de cette \u00e9cole, il ne s&rsquo;agit pas simplement de plans et de maquettes, mais d&rsquo;une v\u00e9ritable r\u00e9flexion sur le quotidien des \u00e9l\u00e8ves.<\/p>\n\n<h3 class=\"wp-block-heading\">Une empreinte \u00e9cologique \u00e0 privil\u00e9gier<\/h3>\n\n<p>L&rsquo;un des points cruciaux du projet est l&rsquo;int\u00e9gration d&rsquo;\u00e9l\u00e9ments \u00e9cologiques. La nouvelle \u00e9cole a \u00e9t\u00e9 pens\u00e9e pour r\u00e9pondre aux d\u00e9fis du <strong>climat<\/strong>. La mise en \u0153uvre de d&rsquo;espaces v\u00e9g\u00e9talis\u00e9s et d&rsquo;\u00e9quipements \u00e9nerg\u00e9tiques modernes garantira que ce b\u00e2timent scolaire soit \u00e0 la fois \u00e9cologique et \u00e9conome en ressources. Des puits de 120 m\u00e8tres seront int\u00e9gr\u00e9s pour profiter des diff\u00e9rences de temp\u00e9rature saisonni\u00e8res, tandis que des panneaux photovolta\u00efques couvriront les besoins \u00e9nerg\u00e9tiques des locaux.<\/p>\n\n<p>Ces innovations environnementales marquent un pas significatif vers une \u00e9cole durable, prouvant que l&rsquo;\u00e9ducation ne se limite pas uniquement aux mati\u00e8res scolaires, mais englobe aussi des valeurs d&rsquo;engagements soci\u00e9taux. Adopter un cadre \u00e9ducatif qui respecte la plan\u00e8te et qui enseigne aux enfants l&rsquo;importance de pr\u00e9server notre environnement fait partie int\u00e9grante de l&rsquo;objectif voulu par cette initiative.<\/p>\n\n<figure class=\"wp-block-table\"><table>\n<thead>\n<tr>\n<th>\u00c9cole Maternelle<\/th>\n<th>Caract\u00e9ristiques<\/th>\n<th>B\u00e9n\u00e9fices<\/th>\n<\/tr>\n<\/thead>\n<tbody>\n<tr>\n<td>Jules-Ferry<\/td>\n<td>Espaces adapt\u00e9s, salles de classe modernes<\/td>\n<td>Meilleure qualit\u00e9 d&rsquo;\u00e9ducation<\/td>\n<\/tr>\n<tr>\n<td>Projets \u00e9cologiques<\/td>\n<td>Panneaux photovolta\u00efques, v\u00e9g\u00e9talisation<\/td>\n<td>Conservation de l&rsquo;environnement<\/td>\n<\/tr>\n<tr>\n<td>Support communautaire<\/td>\n<td>Partenariats avec l&rsquo;\u00c9tat et les collectivit\u00e9s<\/td>\n<td>Engagement social fort<\/td>\n<\/tr>\n<\/tbody>\n<\/table><\/figure>\n\n<h2 class=\"wp-block-heading\">Le r\u00f4le de l\u2019administration et des financeurs<\/h2>\n\n<p>Pour r\u00e9aliser un projet aussi ambitieux, l\u2019appui des institutions et des partenaires financiers est crucial. Lors de la c\u00e9r\u00e9monie d\u00e9di\u00e9e \u00e0 la pose de la premi\u00e8re pierre, la maire de Prad\u00e9, Florence Brau a soulign\u00e9 le r\u00f4le vital des nombreux acteurs impliqu\u00e9s, de l&rsquo;\u00c9tat aux collectivit\u00e9s territoriales. Une collaboration qui se veut exemplaire et qui d\u00e9montre la force d\u2019une <strong>communaut\u00e9<\/strong> engag\u00e9e dans le sens d\u2019une \u00e9ducation de qualit\u00e9.<\/p>\n\n<p>Les financeurs, au nombre desquels se comptent la R\u00e9gion Occitanie, se sont \u00e9galement invit\u00e9s \u00e0 la f\u00eate. En mettant en place des initiatives qui favorisent l&rsquo;<strong>infrastructure scolaire<\/strong>, ils soutiennent le d\u00e9veloppement des projets \u00e9ducatifs en offrant les outils n\u00e9cessaires aux enseignants et aux \u00e9l\u00e8ves.<\/p>\n\n<h3 class=\"wp-block-heading\">Un model d\u2019\u00e9ducational funding<\/h3>\n\n<p>La n\u00e9cessit\u00e9 d&rsquo;une participation collective autour de la construction de b\u00e2timents scolaires est une donn\u00e9e \u00e0 ne pas n\u00e9gliger. Ce type d&rsquo;initiatives ouvre la voie \u00e0 des gros investissements, indispensables pour donner vie \u00e0 des endroits tels que l\u2019\u00e9cole <strong>Jules-Ferry<\/strong>. Au-del\u00e0 d&rsquo;une simple construction, il s&rsquo;agit d&rsquo;une infrastructure con\u00e7u pour r\u00e9pondre aux d\u00e9fis modernes li\u00e9s \u00e0 l\u2019\u00e9ducation.<\/p>\n\n<p>Un tableau illustratif des soutiens financiers montre l\u2019effort collectif mis en avant :<\/p>\n\n<figure class=\"wp-block-table\"><table>\n<thead>\n<tr>\n<th>Partenaire Financi\u00e8re<\/th>\n<th>Contribution<\/th>\n<th>Impact sur le projet<\/th>\n<\/tr>\n<\/thead>\n<tbody>\n<tr>\n<td>\u00c9tat<\/td>\n<td>Subventions directes<\/td>\n<td>Am\u00e9lioration des infrastructures<\/td>\n<\/tr>\n<tr>\n<td>R\u00e9gion Occitanie<\/td>\n<td>Financement de projets \u00e9cologiques<\/td>\n<td>\u00c9cole durable et moderne<\/td>\n<\/tr>\n<tr>\n<td>M\u00e9tropole<\/td>\n<td>Soutien logistique<\/td>\n<td>Facilitation des travaux<\/td>\n<\/tr>\n<\/tbody>\n<\/table><\/figure>\n\n<h2 class=\"wp-block-heading\">Adaptation et \u00e9volution du syst\u00e8me \u00e9ducatif<\/h2>\n\n<p>Ce projet de construction n\u2019est pas simplement une r\u00e9novation physique, mais \u00e9galement un d\u00e9fi en termes d\u2019<strong>\u00e9ducation<\/strong> et de p\u00e9dagogie. Pour beaucoup d&rsquo;enfants, int\u00e9grer la nouvelle \u00e9cole maternelle repr\u00e9sente une nouvelle \u00e8re de leur <strong>scolarit\u00e9<\/strong>, une opportunit\u00e9 de d\u00e9couvrir un monde d&rsquo;apprentissage enrichissant. Quelles m\u00e9thodes d\u2019enseignement appliqueront les \u00e9ducateurs pour s\u00e9duire ces jeunes esprits ?<\/p>\n\n<h3 class=\"wp-block-heading\">Des pratiques \u00e9ducatives modernes<\/h3>\n\n<p>Les modes d\u2019enseignement \u00e9voluent, et cette \u00e9cole maternelle ne fera pas exception. L&rsquo;enjeu consiste non seulement \u00e0 enseigner les fondamentaux mais aussi \u00e0 int\u00e9grer des outils p\u00e9dagogiques innovants. Cela inclut des approches centr\u00e9es sur l\u2019enfant, qui favorisent l\u2019autonomie et la d\u00e9couverte. Ainsi, les enseignants s&rsquo;appuieront sur des m\u00e9thodes attirantes telles que le jeu \u00e9ducatif et des activit\u00e9s en plein air.<\/p>\n\n<p>Cette transformation p\u00e9dagogique rev\u00eat une importance capitale; elle r\u00e9pond \u00e0 un besoin croissant de la part des parents qui cherchent des moyens innovants pour enrichir l&rsquo;exp\u00e9rience de leurs enfants. Des initiatives comme des projets interdisciplinaires peuvent renforcer cette vision \u00e9ducative tout en cultivant la curiosit\u00e9 naturelle des enfants.<\/p>\n\n<h3 class=\"wp-block-heading\">S\u2019engager pour l\u2019avenir de l\u2019\u00e9ducation<\/h3>\n\n<p>La circularit\u00e9 entre l&rsquo;\u00e9ducation et l&rsquo;environnement est ind\u00e9niable. En construisant une \u00e9cole qui refl\u00e8te une telle synergie, Prad\u00e9 s\u2019engage pour un avenir \u00e9ducatif durable. Cela illustre l&rsquo;id\u00e9e que l\u2019apprentissage se d\u00e9roule non seulement dans les salles de classe, mais aussi dans le respect de l&rsquo;environnement. Cela ouvre la voie \u00e0 une \u00e9ducation responsable, h\u00e9ritage que les g\u00e9n\u00e9rations futures pourront porter avec fiert\u00e9.<\/p>\n\n<figure class=\"wp-block-table\"><table>\n<thead>\n<tr>\n<th>Principes \u00e9ducatifs<\/th>\n<th>Actions propos\u00e9es<\/th>\n<th>B\u00e9n\u00e9fices sociaux<\/th>\n<\/tr>\n<\/thead>\n<tbody>\n<tr>\n<td>Autonomie des enfants<\/td>\n<td>Jeux \u00e9ducatifs<\/td>\n<td>Confiance en soi<\/td>\n<\/tr>\n<tr>\n<td>Interaction avec l&rsquo;environnement<\/td>\n<td>Activit\u00e9s plein air<\/td>\n<td>Valorisation de la nature<\/td>\n<\/tr>\n<tr>\n<td>Apprentissage concret<\/td>\n<td>Projets interdisciplinaires<\/td>\n<td>Dynamisme de la classe<\/td>\n<\/tr>\n<\/tbody>\n<\/table><\/figure>\n\n<h2 class=\"wp-block-heading\">La participation des familles et leur impact sur l&rsquo;\u00e9ducation<\/h2>\n\n<p>Enfin, l\u2019implication des familles dans ce projet scolaire constitue un facteur cl\u00e9. Ils seront des alli\u00e9s pr\u00e9cieux dans ce parcours \u00e9ducatif, leurs id\u00e9es et commentaires joueront un r\u00f4le dans l&rsquo;\u00e9volution des m\u00e9thodes d&rsquo;apprentissage. Encourager les parents \u00e0 s&rsquo;investir dans la vie scolaire de leur enfant offre une approche interactive et renforce le lien entre l&rsquo;\u00e9cole et la maison.<\/p>\n\n<p>Organiser des journ\u00e9es portes ouvertes, des ateliers familiaux et des rencontres entre les \u00e9quipes p\u00e9dagogiques et les familles sont quelques initiatives souhait\u00e9es pour dynamiser la communaut\u00e9. Cela cr\u00e9e une dynamique o\u00f9 le soutien \u00e9ducatif devient collectif, enrichissant ainsi l\u2019exp\u00e9rience scolaire globale.<\/p>\n\n<h3 class=\"wp-block-heading\">Un r\u00e9seau \u00e9ducatif \u00e9largi<\/h3>\n\n<p>Les parents jouent un r\u00f4le essentiel dans le m\u00e9canisme \u00e9ducatif. En se rassemblant autour de l&rsquo;\u00e9cole, ils forment une communaut\u00e9 solide qui contribue \u00e0 l&rsquo;\u00e9mancipation des enfants. Par exemple, des r\u00e9unions mensuelles pourront faciliter la communication tout en permettant \u00e0 chacun d\u2019exposer ses pr\u00e9occupations et ses id\u00e9es.<\/p>\n\n<p>Cette plateforme de discussion s\u2019articule autour de valeurs communes et d\u2019objectifs partag\u00e9s. Des initiatives comme l&rsquo;organisation d&rsquo;\u00e9v\u00e9nements en commun renforceront le sentiment d\u2019appartenance \u00e0 une communaut\u00e9 \u00e9ducative dynamique.<\/p>\n\n<figure class=\"wp-block-table\"><table>\n<thead>\n<tr>\n<th>Involvement Des Parents<\/th>\n<th>Initiatives<\/th>\n<th>R\u00e9sultats Positifs<\/th>\n<\/tr>\n<\/thead>\n<tbody>\n<tr>\n<td>Participation active<\/td>\n<td>Ateliers familiaux<\/td>\n<td>Renforcement de l&rsquo;apprentissage<\/td>\n<\/tr>\n<tr>\n<td>Communication ouverte<\/td>\n<td>R\u00e9unions r\u00e9guli\u00e8res<\/td>\n<td>Am\u00e9lioration de l&rsquo;exp\u00e9rience scolaire<\/td>\n<\/tr>\n<tr>\n<td>Engagement prolong\u00e9<\/td>\n<td>Activit\u00e9s communautaires<\/td>\n<td>\u00c9conomie de r\u00e9seau<\/td>\n<\/tr>\n<\/tbody>\n<\/table><\/figure>\n\n<h2 class=\"wp-block-heading\">FAQ sur la construction de la nouvelle \u00e9cole maternelle \u00e0 Prad\u00e9<\/h2>\n\n<p>Voici quelques questions souvent pos\u00e9es concernant ce projet \u00e9ducatif prometteur.<\/p>\n\n<p><strong>1. Quelle sera la date d&rsquo;ouverture de l&rsquo;\u00e9cole ?<\/strong><\/p>\n\n<p>La mise en service de l&rsquo;\u00e9cole maternelle Jules-Ferry est pr\u00e9vue pour la rentr\u00e9e 2026.<\/p>\n\n<p><strong>2. Quels types de soutien \u00e9ducatif seront disponibles ?<\/strong><\/p>\n\n<p>Des \u00e9quipements modernes adapt\u00e9s aux besoins de l&rsquo;enfant et un environnement p\u00e9dagogique flexible seront mis en place.<\/p>\n\n<p><strong>3. Comment les familles peuvent-elles s&rsquo;impliquer dans le projet ?<\/strong><\/p>\n\n<p>Les familles seront invit\u00e9es \u00e0 participer \u00e0 divers \u00e9v\u00e9nements, comme des journ\u00e9es portes ouvertes, afin d&rsquo;\u00e9changer avec les enseignants.<\/p>\n\n<p><strong>4. Quelles innovations p\u00e9dagogiques seront int\u00e9gr\u00e9es ?<\/strong><\/p>\n\n<p>Des m\u00e9thodes d&rsquo;apprentissage centr\u00e9es sur l&rsquo;enfant, alliant jeux \u00e9ducatifs et projets interdisciplinaires, sont au programme.<\/p>\n\n<p><strong>5. Comment l&rsquo;\u00e9cole sera-t-elle \u00e9co-responsable ?<\/strong><\/p>\n\n<p>Des installations comme des panneaux photovolta\u00efques et des espaces v\u00e9g\u00e9talis\u00e9s seront int\u00e9gr\u00e9es pour minimiser l&rsquo;impact environnemental.<\/p>\n\n","protected":false},"excerpt":{"rendered":"<p>Un moment marquant s&rsquo;est tenu ce mercredi 25 juin \u00e0 Prad\u00e9, o\u00f9 la premi\u00e8re pierre de la nouvelle \u00e9cole maternelle Jules-Ferry a \u00e9t\u00e9 pos\u00e9e. C\u00e9l\u00e9br\u00e9e par les habitants de la commune, cette c\u00e9r\u00e9monie symbolique a r\u00e9uni des \u00e9lus locaux, des membres de l&rsquo;\u00e9ducation et des parents, tous impatients de voir se concr\u00e9tiser cet ambitieux projet &#8230; <a title=\"la premi\u00e8re pierre de la nouvelle \u00e9cole maternelle a \u00e9t\u00e9 solennellement pos\u00e9e\" class=\"read-more\" href=\"https:\/\/www.apres-lecole.fr\/Blog\/premiere-pierre-ecole-maternelle\/\" aria-label=\"En savoir plus sur la premi\u00e8re pierre de la nouvelle \u00e9cole maternelle a \u00e9t\u00e9 solennellement pos\u00e9e\">Lire plus<\/a><\/p>\n","protected":false},"author":9,"featured_media":2049,"comment_status":"open","ping_status":"open","sticky":false,"template":"","format":"standard","meta":{"footnotes":""},"categories":[342],"tags":[1143,558,602,1142,1141],"class_list":["post-2050","post","type-post","status-publish","format-standard","has-post-thumbnail","hentry","category-actualites","tag-construction-scolaire","tag-ecole-maternelle","tag-inauguration","tag-pose-de-pierre","tag-premiere-pierre"],"yoast_head":"<!-- This site is optimized with the Yoast SEO plugin v27.5 - https:\/\/yoast.com\/product\/yoast-seo-wordpress\/ -->\n<title>La pose historique de la premi\u00e8re pierre de la nouvelle \u00e9cole maternelle<\/title>\n<meta name=\"description\" content=\"La premi\u00e8re pierre de la nouvelle \u00e9cole maternelle a \u00e9t\u00e9 pos\u00e9e lors d&#039;une c\u00e9r\u00e9monie officielle, marquant un grand pas pour l&#039;avenir local.\" \/>\n<meta name=\"robots\" content=\"index, follow, max-snippet:-1, max-image-preview:large, max-video-preview:-1\" \/>\n<link rel=\"canonical\" href=\"https:\/\/www.apres-lecole.fr\/Blog\/premiere-pierre-ecole-maternelle\/\" \/>\n<meta property=\"og:locale\" content=\"fr_FR\" \/>\n<meta property=\"og:type\" content=\"article\" \/>\n<meta property=\"og:title\" content=\"La pose historique de la premi\u00e8re pierre de la nouvelle \u00e9cole maternelle\" \/>\n<meta property=\"og:description\" content=\"La premi\u00e8re pierre de la nouvelle \u00e9cole maternelle a \u00e9t\u00e9 pos\u00e9e lors d&#039;une c\u00e9r\u00e9monie officielle, marquant un grand pas pour l&#039;avenir local.\" \/>\n<meta property=\"og:url\" content=\"https:\/\/www.apres-lecole.fr\/Blog\/premiere-pierre-ecole-maternelle\/\" \/>\n<meta property=\"article:published_time\" content=\"2025-06-29T07:48:52+00:00\" \/>\n<meta property=\"og:image\" content=\"https:\/\/www.apres-lecole.fr\/Blog\/wp-content\/uploads\/2025\/06\/la-premiere-pierre-de-la-nouvelle-ecole-maternelle-a-ete-solennellement-posee.jpg\" \/>\n\t<meta property=\"og:image:width\" content=\"1344\" \/>\n\t<meta property=\"og:image:height\" content=\"768\" \/>\n\t<meta property=\"og:image:type\" content=\"image\/jpeg\" \/>\n<meta name=\"author\" content=\"Eva Martin\" \/>\n<meta name=\"twitter:card\" content=\"summary_large_image\" \/>\n<meta name=\"twitter:creator\" content=\"@Evaapresecole\" \/>\n<meta name=\"twitter:label1\" content=\"\u00c9crit par\" \/>\n\t<meta name=\"twitter:data1\" content=\"Eva Martin\" \/>\n\t<meta name=\"twitter:label2\" content=\"Dur\u00e9e de lecture estim\u00e9e\" \/>\n\t<meta name=\"twitter:data2\" content=\"8 minutes\" \/>\n<script type=\"application\/ld+json\" class=\"yoast-schema-graph\">{\"@context\":\"https:\\\/\\\/schema.org\",\"@graph\":[{\"@type\":\"Article\",\"@id\":\"https:\\\/\\\/www.apres-lecole.fr\\\/Blog\\\/premiere-pierre-ecole-maternelle\\\/#article\",\"isPartOf\":{\"@id\":\"https:\\\/\\\/www.apres-lecole.fr\\\/Blog\\\/premiere-pierre-ecole-maternelle\\\/\"},\"author\":{\"name\":\"Eva Martin\",\"@id\":\"https:\\\/\\\/www.apres-lecole.fr\\\/Blog\\\/#\\\/schema\\\/person\\\/aeb50cd4b51fc69da155804bb5bb9fc4\"},\"headline\":\"la premi\u00e8re pierre de la nouvelle \u00e9cole maternelle a \u00e9t\u00e9 solennellement pos\u00e9e\",\"datePublished\":\"2025-06-29T07:48:52+00:00\",\"mainEntityOfPage\":{\"@id\":\"https:\\\/\\\/www.apres-lecole.fr\\\/Blog\\\/premiere-pierre-ecole-maternelle\\\/\"},\"wordCount\":1631,\"commentCount\":0,\"image\":{\"@id\":\"https:\\\/\\\/www.apres-lecole.fr\\\/Blog\\\/premiere-pierre-ecole-maternelle\\\/#primaryimage\"},\"thumbnailUrl\":\"https:\\\/\\\/www.apres-lecole.fr\\\/Blog\\\/wp-content\\\/uploads\\\/2025\\\/06\\\/la-premiere-pierre-de-la-nouvelle-ecole-maternelle-a-ete-solennellement-posee.jpg\",\"keywords\":[\"construction scolaire\",\"\u00e9cole maternelle\",\"inauguration\",\"pose de pierre\",\"premi\u00e8re pierre\"],\"articleSection\":[\"Actualit\u00e9s\"],\"inLanguage\":\"fr-FR\",\"potentialAction\":[{\"@type\":\"CommentAction\",\"name\":\"Comment\",\"target\":[\"https:\\\/\\\/www.apres-lecole.fr\\\/Blog\\\/premiere-pierre-ecole-maternelle\\\/#respond\"]}]},{\"@type\":\"WebPage\",\"@id\":\"https:\\\/\\\/www.apres-lecole.fr\\\/Blog\\\/premiere-pierre-ecole-maternelle\\\/\",\"url\":\"https:\\\/\\\/www.apres-lecole.fr\\\/Blog\\\/premiere-pierre-ecole-maternelle\\\/\",\"name\":\"La pose historique de la premi\u00e8re pierre de la nouvelle \u00e9cole maternelle\",\"isPartOf\":{\"@id\":\"https:\\\/\\\/www.apres-lecole.fr\\\/Blog\\\/#website\"},\"primaryImageOfPage\":{\"@id\":\"https:\\\/\\\/www.apres-lecole.fr\\\/Blog\\\/premiere-pierre-ecole-maternelle\\\/#primaryimage\"},\"image\":{\"@id\":\"https:\\\/\\\/www.apres-lecole.fr\\\/Blog\\\/premiere-pierre-ecole-maternelle\\\/#primaryimage\"},\"thumbnailUrl\":\"https:\\\/\\\/www.apres-lecole.fr\\\/Blog\\\/wp-content\\\/uploads\\\/2025\\\/06\\\/la-premiere-pierre-de-la-nouvelle-ecole-maternelle-a-ete-solennellement-posee.jpg\",\"datePublished\":\"2025-06-29T07:48:52+00:00\",\"author\":{\"@id\":\"https:\\\/\\\/www.apres-lecole.fr\\\/Blog\\\/#\\\/schema\\\/person\\\/aeb50cd4b51fc69da155804bb5bb9fc4\"},\"description\":\"La premi\u00e8re pierre de la nouvelle \u00e9cole maternelle a \u00e9t\u00e9 pos\u00e9e lors d'une c\u00e9r\u00e9monie officielle, marquant un grand pas pour l'avenir local.\",\"breadcrumb\":{\"@id\":\"https:\\\/\\\/www.apres-lecole.fr\\\/Blog\\\/premiere-pierre-ecole-maternelle\\\/#breadcrumb\"},\"inLanguage\":\"fr-FR\",\"potentialAction\":[{\"@type\":\"ReadAction\",\"target\":[\"https:\\\/\\\/www.apres-lecole.fr\\\/Blog\\\/premiere-pierre-ecole-maternelle\\\/\"]}]},{\"@type\":\"ImageObject\",\"inLanguage\":\"fr-FR\",\"@id\":\"https:\\\/\\\/www.apres-lecole.fr\\\/Blog\\\/premiere-pierre-ecole-maternelle\\\/#primaryimage\",\"url\":\"https:\\\/\\\/www.apres-lecole.fr\\\/Blog\\\/wp-content\\\/uploads\\\/2025\\\/06\\\/la-premiere-pierre-de-la-nouvelle-ecole-maternelle-a-ete-solennellement-posee.jpg\",\"contentUrl\":\"https:\\\/\\\/www.apres-lecole.fr\\\/Blog\\\/wp-content\\\/uploads\\\/2025\\\/06\\\/la-premiere-pierre-de-la-nouvelle-ecole-maternelle-a-ete-solennellement-posee.jpg\",\"width\":1344,\"height\":768,\"caption\":\"assistez \u00e0 un moment historique avec la pose solennelle de la premi\u00e8re pierre de la nouvelle \u00e9cole maternelle, symbole d'un engagement fort pour l'\u00e9ducation et le d\u00e9veloppement des jeunes enfants dans notre communaut\u00e9. d\u00e9couvrez les ambitions et les projets qui accompagneront la construction de cet \u00e9tablissement moderne.\"},{\"@type\":\"BreadcrumbList\",\"@id\":\"https:\\\/\\\/www.apres-lecole.fr\\\/Blog\\\/premiere-pierre-ecole-maternelle\\\/#breadcrumb\",\"itemListElement\":[{\"@type\":\"ListItem\",\"position\":1,\"name\":\"Home\",\"item\":\"https:\\\/\\\/www.apres-lecole.fr\\\/Blog\\\/\"},{\"@type\":\"ListItem\",\"position\":2,\"name\":\"la premi\u00e8re pierre de la nouvelle \u00e9cole maternelle a \u00e9t\u00e9 solennellement pos\u00e9e\"}]},{\"@type\":\"WebSite\",\"@id\":\"https:\\\/\\\/www.apres-lecole.fr\\\/Blog\\\/#website\",\"url\":\"https:\\\/\\\/www.apres-lecole.fr\\\/Blog\\\/\",\"name\":\"\",\"description\":\"M\u00e9dia g\u00e9n\u00e9raliste\",\"potentialAction\":[{\"@type\":\"SearchAction\",\"target\":{\"@type\":\"EntryPoint\",\"urlTemplate\":\"https:\\\/\\\/www.apres-lecole.fr\\\/Blog\\\/?s={search_term_string}\"},\"query-input\":{\"@type\":\"PropertyValueSpecification\",\"valueRequired\":true,\"valueName\":\"search_term_string\"}}],\"inLanguage\":\"fr-FR\"},{\"@type\":\"Person\",\"@id\":\"https:\\\/\\\/www.apres-lecole.fr\\\/Blog\\\/#\\\/schema\\\/person\\\/aeb50cd4b51fc69da155804bb5bb9fc4\",\"name\":\"Eva Martin\",\"image\":{\"@type\":\"ImageObject\",\"inLanguage\":\"fr-FR\",\"@id\":\"https:\\\/\\\/secure.gravatar.com\\\/avatar\\\/55c53222558b27a72015a64073a80edce4abd33369394b9bf2c5cd6c19d12682?s=96&d=mm&r=g\",\"url\":\"https:\\\/\\\/secure.gravatar.com\\\/avatar\\\/55c53222558b27a72015a64073a80edce4abd33369394b9bf2c5cd6c19d12682?s=96&d=mm&r=g\",\"contentUrl\":\"https:\\\/\\\/secure.gravatar.com\\\/avatar\\\/55c53222558b27a72015a64073a80edce4abd33369394b9bf2c5cd6c19d12682?s=96&d=mm&r=g\",\"caption\":\"Eva Martin\"},\"description\":\"Je parle de business et d'entrepreneuriat avec des conseils clairs, concrets et actionnables pour r\u00e9ussir\",\"sameAs\":[\"https:\\\/\\\/x.com\\\/Evaapresecole\"],\"url\":\"https:\\\/\\\/www.apres-lecole.fr\\\/Blog\\\/author\\\/evamartin\\\/\"}]}<\/script>\n<!-- \/ Yoast SEO plugin. -->","yoast_head_json":{"title":"La pose historique de la premi\u00e8re pierre de la nouvelle \u00e9cole maternelle","description":"La premi\u00e8re pierre de la nouvelle \u00e9cole maternelle a \u00e9t\u00e9 pos\u00e9e lors d'une c\u00e9r\u00e9monie officielle, marquant un grand pas pour l'avenir local.","robots":{"index":"index","follow":"follow","max-snippet":"max-snippet:-1","max-image-preview":"max-image-preview:large","max-video-preview":"max-video-preview:-1"},"canonical":"https:\/\/www.apres-lecole.fr\/Blog\/premiere-pierre-ecole-maternelle\/","og_locale":"fr_FR","og_type":"article","og_title":"La pose historique de la premi\u00e8re pierre de la nouvelle \u00e9cole maternelle","og_description":"La premi\u00e8re pierre de la nouvelle \u00e9cole maternelle a \u00e9t\u00e9 pos\u00e9e lors d'une c\u00e9r\u00e9monie officielle, marquant un grand pas pour l'avenir local.","og_url":"https:\/\/www.apres-lecole.fr\/Blog\/premiere-pierre-ecole-maternelle\/","article_published_time":"2025-06-29T07:48:52+00:00","og_image":[{"width":1344,"height":768,"url":"https:\/\/www.apres-lecole.fr\/Blog\/wp-content\/uploads\/2025\/06\/la-premiere-pierre-de-la-nouvelle-ecole-maternelle-a-ete-solennellement-posee.jpg","type":"image\/jpeg"}],"author":"Eva Martin","twitter_card":"summary_large_image","twitter_creator":"@Evaapresecole","twitter_misc":{"\u00c9crit par":"Eva Martin","Dur\u00e9e de lecture estim\u00e9e":"8 minutes"},"schema":{"@context":"https:\/\/schema.org","@graph":[{"@type":"Article","@id":"https:\/\/www.apres-lecole.fr\/Blog\/premiere-pierre-ecole-maternelle\/#article","isPartOf":{"@id":"https:\/\/www.apres-lecole.fr\/Blog\/premiere-pierre-ecole-maternelle\/"},"author":{"name":"Eva Martin","@id":"https:\/\/www.apres-lecole.fr\/Blog\/#\/schema\/person\/aeb50cd4b51fc69da155804bb5bb9fc4"},"headline":"la premi\u00e8re pierre de la nouvelle \u00e9cole maternelle a \u00e9t\u00e9 solennellement pos\u00e9e","datePublished":"2025-06-29T07:48:52+00:00","mainEntityOfPage":{"@id":"https:\/\/www.apres-lecole.fr\/Blog\/premiere-pierre-ecole-maternelle\/"},"wordCount":1631,"commentCount":0,"image":{"@id":"https:\/\/www.apres-lecole.fr\/Blog\/premiere-pierre-ecole-maternelle\/#primaryimage"},"thumbnailUrl":"https:\/\/www.apres-lecole.fr\/Blog\/wp-content\/uploads\/2025\/06\/la-premiere-pierre-de-la-nouvelle-ecole-maternelle-a-ete-solennellement-posee.jpg","keywords":["construction scolaire","\u00e9cole maternelle","inauguration","pose de pierre","premi\u00e8re pierre"],"articleSection":["Actualit\u00e9s"],"inLanguage":"fr-FR","potentialAction":[{"@type":"CommentAction","name":"Comment","target":["https:\/\/www.apres-lecole.fr\/Blog\/premiere-pierre-ecole-maternelle\/#respond"]}]},{"@type":"WebPage","@id":"https:\/\/www.apres-lecole.fr\/Blog\/premiere-pierre-ecole-maternelle\/","url":"https:\/\/www.apres-lecole.fr\/Blog\/premiere-pierre-ecole-maternelle\/","name":"La pose historique de la premi\u00e8re pierre de la nouvelle \u00e9cole maternelle","isPartOf":{"@id":"https:\/\/www.apres-lecole.fr\/Blog\/#website"},"primaryImageOfPage":{"@id":"https:\/\/www.apres-lecole.fr\/Blog\/premiere-pierre-ecole-maternelle\/#primaryimage"},"image":{"@id":"https:\/\/www.apres-lecole.fr\/Blog\/premiere-pierre-ecole-maternelle\/#primaryimage"},"thumbnailUrl":"https:\/\/www.apres-lecole.fr\/Blog\/wp-content\/uploads\/2025\/06\/la-premiere-pierre-de-la-nouvelle-ecole-maternelle-a-ete-solennellement-posee.jpg","datePublished":"2025-06-29T07:48:52+00:00","author":{"@id":"https:\/\/www.apres-lecole.fr\/Blog\/#\/schema\/person\/aeb50cd4b51fc69da155804bb5bb9fc4"},"description":"La premi\u00e8re pierre de la nouvelle \u00e9cole maternelle a \u00e9t\u00e9 pos\u00e9e lors d'une c\u00e9r\u00e9monie officielle, marquant un grand pas pour l'avenir local.","breadcrumb":{"@id":"https:\/\/www.apres-lecole.fr\/Blog\/premiere-pierre-ecole-maternelle\/#breadcrumb"},"inLanguage":"fr-FR","potentialAction":[{"@type":"ReadAction","target":["https:\/\/www.apres-lecole.fr\/Blog\/premiere-pierre-ecole-maternelle\/"]}]},{"@type":"ImageObject","inLanguage":"fr-FR","@id":"https:\/\/www.apres-lecole.fr\/Blog\/premiere-pierre-ecole-maternelle\/#primaryimage","url":"https:\/\/www.apres-lecole.fr\/Blog\/wp-content\/uploads\/2025\/06\/la-premiere-pierre-de-la-nouvelle-ecole-maternelle-a-ete-solennellement-posee.jpg","contentUrl":"https:\/\/www.apres-lecole.fr\/Blog\/wp-content\/uploads\/2025\/06\/la-premiere-pierre-de-la-nouvelle-ecole-maternelle-a-ete-solennellement-posee.jpg","width":1344,"height":768,"caption":"assistez \u00e0 un moment historique avec la pose solennelle de la premi\u00e8re pierre de la nouvelle \u00e9cole maternelle, symbole d'un engagement fort pour l'\u00e9ducation et le d\u00e9veloppement des jeunes enfants dans notre communaut\u00e9. d\u00e9couvrez les ambitions et les projets qui accompagneront la construction de cet \u00e9tablissement moderne."},{"@type":"BreadcrumbList","@id":"https:\/\/www.apres-lecole.fr\/Blog\/premiere-pierre-ecole-maternelle\/#breadcrumb","itemListElement":[{"@type":"ListItem","position":1,"name":"Home","item":"https:\/\/www.apres-lecole.fr\/Blog\/"},{"@type":"ListItem","position":2,"name":"la premi\u00e8re pierre de la nouvelle \u00e9cole maternelle a \u00e9t\u00e9 solennellement pos\u00e9e"}]},{"@type":"WebSite","@id":"https:\/\/www.apres-lecole.fr\/Blog\/#website","url":"https:\/\/www.apres-lecole.fr\/Blog\/","name":"","description":"M\u00e9dia g\u00e9n\u00e9raliste","potentialAction":[{"@type":"SearchAction","target":{"@type":"EntryPoint","urlTemplate":"https:\/\/www.apres-lecole.fr\/Blog\/?s={search_term_string}"},"query-input":{"@type":"PropertyValueSpecification","valueRequired":true,"valueName":"search_term_string"}}],"inLanguage":"fr-FR"},{"@type":"Person","@id":"https:\/\/www.apres-lecole.fr\/Blog\/#\/schema\/person\/aeb50cd4b51fc69da155804bb5bb9fc4","name":"Eva Martin","image":{"@type":"ImageObject","inLanguage":"fr-FR","@id":"https:\/\/secure.gravatar.com\/avatar\/55c53222558b27a72015a64073a80edce4abd33369394b9bf2c5cd6c19d12682?s=96&d=mm&r=g","url":"https:\/\/secure.gravatar.com\/avatar\/55c53222558b27a72015a64073a80edce4abd33369394b9bf2c5cd6c19d12682?s=96&d=mm&r=g","contentUrl":"https:\/\/secure.gravatar.com\/avatar\/55c53222558b27a72015a64073a80edce4abd33369394b9bf2c5cd6c19d12682?s=96&d=mm&r=g","caption":"Eva Martin"},"description":"Je parle de business et d'entrepreneuriat avec des conseils clairs, concrets et actionnables pour r\u00e9ussir","sameAs":["https:\/\/x.com\/Evaapresecole"],"url":"https:\/\/www.apres-lecole.fr\/Blog\/author\/evamartin\/"}]}},"views":7,"_links":{"self":[{"href":"https:\/\/www.apres-lecole.fr\/Blog\/wp-json\/wp\/v2\/posts\/2050","targetHints":{"allow":["GET"]}}],"collection":[{"href":"https:\/\/www.apres-lecole.fr\/Blog\/wp-json\/wp\/v2\/posts"}],"about":[{"href":"https:\/\/www.apres-lecole.fr\/Blog\/wp-json\/wp\/v2\/types\/post"}],"author":[{"embeddable":true,"href":"https:\/\/www.apres-lecole.fr\/Blog\/wp-json\/wp\/v2\/users\/9"}],"replies":[{"embeddable":true,"href":"https:\/\/www.apres-lecole.fr\/Blog\/wp-json\/wp\/v2\/comments?post=2050"}],"version-history":[{"count":0,"href":"https:\/\/www.apres-lecole.fr\/Blog\/wp-json\/wp\/v2\/posts\/2050\/revisions"}],"wp:featuredmedia":[{"embeddable":true,"href":"https:\/\/www.apres-lecole.fr\/Blog\/wp-json\/wp\/v2\/media\/2049"}],"wp:attachment":[{"href":"https:\/\/www.apres-lecole.fr\/Blog\/wp-json\/wp\/v2\/media?parent=2050"}],"wp:term":[{"taxonomy":"category","embeddable":true,"href":"https:\/\/www.apres-lecole.fr\/Blog\/wp-json\/wp\/v2\/categories?post=2050"},{"taxonomy":"post_tag","embeddable":true,"href":"https:\/\/www.apres-lecole.fr\/Blog\/wp-json\/wp\/v2\/tags?post=2050"}],"curies":[{"name":"wp","href":"https:\/\/api.w.org\/{rel}","templated":true}]}}