{"id":2048,"date":"2025-06-28T07:20:46","date_gmt":"2025-06-28T07:20:46","guid":{"rendered":"https:\/\/www.apres-lecole.fr\/Blog\/retrouvailles-amis-ecole-creuse\/"},"modified":"2025-06-28T07:20:46","modified_gmt":"2025-06-28T07:20:46","slug":"retrouvailles-amis-ecole-creuse","status":"publish","type":"post","link":"https:\/\/www.apres-lecole.fr\/Blog\/retrouvailles-amis-ecole-creuse\/","title":{"rendered":"Retrouvailles \u00e9mouvantes : cinquante ans apr\u00e8s, des amis se r\u00e9unissent dans leur ancienne \u00e9cole primaire en Creuse"},"content":{"rendered":"\n\n<div class=\"kk-star-ratings kksr-auto kksr-align-left kksr-valign-top\"\n    data-payload='{&quot;align&quot;:&quot;left&quot;,&quot;id&quot;:&quot;2048&quot;,&quot;slug&quot;:&quot;default&quot;,&quot;valign&quot;:&quot;top&quot;,&quot;ignore&quot;:&quot;&quot;,&quot;reference&quot;:&quot;auto&quot;,&quot;class&quot;:&quot;&quot;,&quot;count&quot;:&quot;0&quot;,&quot;legendonly&quot;:&quot;&quot;,&quot;readonly&quot;:&quot;&quot;,&quot;score&quot;:&quot;0&quot;,&quot;starsonly&quot;:&quot;&quot;,&quot;best&quot;:&quot;5&quot;,&quot;gap&quot;:&quot;5&quot;,&quot;greet&quot;:&quot;Rate this post&quot;,&quot;legend&quot;:&quot;0\\\/5 - (0 vote)&quot;,&quot;size&quot;:&quot;24&quot;,&quot;title&quot;:&quot;Retrouvailles \u00e9mouvantes : cinquante ans apr\u00e8s, des amis se r\u00e9unissent dans leur ancienne \u00e9cole primaire en Creuse&quot;,&quot;width&quot;:&quot;0&quot;,&quot;_legend&quot;:&quot;{score}\\\/{best} - ({count} {votes})&quot;,&quot;font_factor&quot;:&quot;1.25&quot;}'>\n            \n<div class=\"kksr-stars\">\n    \n<div class=\"kksr-stars-inactive\">\n            <div class=\"kksr-star\" data-star=\"1\" style=\"padding-right: 5px\">\n            \n\n<div class=\"kksr-icon\" style=\"width: 24px; height: 24px;\"><\/div>\n        <\/div>\n            <div class=\"kksr-star\" data-star=\"2\" style=\"padding-right: 5px\">\n            \n\n<div class=\"kksr-icon\" style=\"width: 24px; height: 24px;\"><\/div>\n        <\/div>\n            <div class=\"kksr-star\" data-star=\"3\" style=\"padding-right: 5px\">\n            \n\n<div class=\"kksr-icon\" style=\"width: 24px; height: 24px;\"><\/div>\n        <\/div>\n            <div class=\"kksr-star\" data-star=\"4\" style=\"padding-right: 5px\">\n            \n\n<div class=\"kksr-icon\" style=\"width: 24px; height: 24px;\"><\/div>\n        <\/div>\n            <div class=\"kksr-star\" data-star=\"5\" style=\"padding-right: 5px\">\n            \n\n<div class=\"kksr-icon\" style=\"width: 24px; height: 24px;\"><\/div>\n        <\/div>\n    <\/div>\n    \n<div class=\"kksr-stars-active\" style=\"width: 0px;\">\n            <div class=\"kksr-star\" style=\"padding-right: 5px\">\n            \n\n<div class=\"kksr-icon\" style=\"width: 24px; height: 24px;\"><\/div>\n        <\/div>\n            <div class=\"kksr-star\" style=\"padding-right: 5px\">\n            \n\n<div class=\"kksr-icon\" style=\"width: 24px; height: 24px;\"><\/div>\n        <\/div>\n            <div class=\"kksr-star\" style=\"padding-right: 5px\">\n            \n\n<div class=\"kksr-icon\" style=\"width: 24px; height: 24px;\"><\/div>\n        <\/div>\n            <div class=\"kksr-star\" style=\"padding-right: 5px\">\n            \n\n<div class=\"kksr-icon\" style=\"width: 24px; height: 24px;\"><\/div>\n        <\/div>\n            <div class=\"kksr-star\" style=\"padding-right: 5px\">\n            \n\n<div class=\"kksr-icon\" style=\"width: 24px; height: 24px;\"><\/div>\n        <\/div>\n    <\/div>\n<\/div>\n                \n\n<div class=\"kksr-legend\" style=\"font-size: 19.2px;\">\n            <span class=\"kksr-muted\">Rate this post<\/span>\n    <\/div>\n    <\/div>\n<p>Une vague de nostalgie a submerg\u00e9 l&rsquo;ancienne \u00e9cole primaire de Creuse lorsque des amis se sont retrouv\u00e9s apr\u00e8s cinquante ans de s\u00e9paration. Cet \u00e9v\u00e9nement unique a permis \u00e0 une g\u00e9n\u00e9ration enti\u00e8re de revivre des souvenirs d&rsquo;enfance, de partager des rires et d&rsquo;affronter les \u00e9motions \u00e9voqu\u00e9es par les retrouvailles. Le rassemblement, qui a attir\u00e9 des anciens \u00e9l\u00e8ves originaires d&rsquo;horizons divers, a cr\u00e9\u00e9 une atmosph\u00e8re charg\u00e9e d&rsquo;\u00e9motions vibrantes, faisant r\u00e9sonner des histoires d&rsquo;amiti\u00e9 tiss\u00e9es au fil des ann\u00e9es. Dans cette c\u00e9l\u00e9bration des liens ind\u00e9fectibles, chacun a trouv\u00e9 une part de son enfance, renfor\u00e7ant des liens parfois oubli\u00e9s mais jamais effac\u00e9s par le temps.<\/p>\n\n<h2 class=\"wp-block-heading\">Un voyage dans le temps : Retrouvailles \u00e9motionnantes en Creuse<\/h2>\n\n<p>Le cadre pittoresque de la Creuse a servi de toile de fond parfaite pour ces retrouvailles m\u00e9morables. L&rsquo;ancienne \u00e9cole, avec ses murs charg\u00e9s de souvenirs et ses couloirs qui ont vu d\u00e9filer l&rsquo;innocence de tant d&rsquo;enfants, est devenue un lieu de <strong>c\u00e9l\u00e9bration<\/strong> de l&rsquo;amiti\u00e9. Les anciens \u00e9l\u00e8ves, tous pensionnaires de cette \u00e9cole dans les ann\u00e9es 1970, ne s&rsquo;\u00e9taient pas vus depuis des d\u00e9cennies. Ils ont franchi \u00e0 nouveau les portes de cet \u00e9tablissement, envelopp\u00e9s d&rsquo;une <strong>nostalgie<\/strong> palpable.<\/p>\n\n<p>Lors de cette journ\u00e9e marqu\u00e9e par des accents d&rsquo;\u00e9motion, les retrouvailles ont d\u00e9but\u00e9 par un d\u00e9jeuner dans la cour de l&rsquo;\u00e9cole. Les anciens amis se sont retrouv\u00e9s autour de tables orn\u00e9es de souvenirs : des photos de classe jaunies, des cahiers remplis de gribouillis d\u2019enfants pleins de r\u00eaves et d\u2019aspirations. Avant m\u00eame de se lancer dans des r\u00e9cits de leurs vies respectives, les rires ont retenti, rappelant un pass\u00e9 o\u00f9 la comp\u00e9tition \u00e9tait une chose secondaire et o\u00f9 le simple fait de partager son go\u00fbter pouvait renforcer des liens.<\/p>\n\n<p>Voici quelques souvenirs qui ont \u00e9maill\u00e9 cette journ\u00e9e : <\/p>\n\n<ul class=\"wp-block-list\"><li>\ud83d\udcf8 <strong>Photographies de classe<\/strong> : Les participants ont partag\u00e9 des clich\u00e9s d\u2019un temps r\u00e9volu, chacun cherchant son reflet dans les visages d&rsquo;alors.<\/li><li>\ud83c\udf92 <strong>Objets souvenirs<\/strong> : Des cartes postales anciennes ont \u00e9t\u00e9 \u00e9chang\u00e9es, d\u00e9clenchant des fous rires autour d\u2019anecdotes sur leur significations.<\/li><li>\ud83d\udc3e <strong>R\u00e9miniscences des pets anim\u00e9s<\/strong> : Raconter la fois o\u00f9 un chien a perturb\u00e9 un cours d\u2019histoire reste un classique, un souvenir partag\u00e9 avec des rires moqueurs.<\/li><\/ul>\n\n<p>Les discussions ont rapidement \u00e9volu\u00e9 vers des sujets plus profonds, inscrivant les retrouvailles dans un cadre de <strong>r\u00e9flexion<\/strong> sur le passage du temps. Chacun a partag\u00e9 les chemins pris, les bons et les mauvais moments. Ces \u00e9changes ont contribu\u00e9 \u00e0 tisser un nouveau lien, fort de l\u2019\u00e9preuve du temps. Ainsi, la nostalgie a trouv\u00e9 sa place dans une affabilit\u00e9 renouvel\u00e9e, transformant des souvenirs d\u2019enfance en une <strong>c\u00e9l\u00e9bration<\/strong> de l\u2019amiti\u00e9 durable.<\/p>\n\n<h3 class=\"wp-block-heading\">Une salle de classe pleine de souvenirs<\/h3>\n\n<p>Madame Dupont, l&rsquo;ancienne enseignante iconique, \u00e9tait \u00e9galement pr\u00e9sente. Apr\u00e8s des d\u00e9cennies, le visage de la professeure avait peu chang\u00e9, bien que des rides aient trac\u00e9 son parcours. Pour elle, c&rsquo;\u00e9tait une v\u00e9ritable <strong>c\u00e9l\u00e9bration<\/strong> de l&rsquo;engagement et de l&rsquo;effort qu&rsquo;elle avait investis dans ses \u00e9l\u00e8ves. Les r\u00e9cits des succ\u00e8s professionnels et des choix parfois erron\u00e9s des anciens \u00e9l\u00e8ves ont permis de revivre un chapitre peu connu de la vie de ces enfants d\u2019hier.<\/p>\n\n<p>Ce retour dans la salle de classe a d\u00e9clench\u00e9 une cascade de souvenirs d\u2019\u00e9coliers gaffeurs, des p\u00e9riodes de joie futiles, mais aussi de quelques petites frayeurs. Les anecdotes des b\u00eatises commises, comme le fait de s\u2019asseoir sur une chaise instable en plein cours ou d\u2019avoir \u00e9t\u00e9 surpris en train de passer des notes, ont tous \u00e9t\u00e9 accueillies par des rires complices. Qui aurait cru qu\u2019un simple retour \u00e0 l&rsquo;\u00e9cole pourrait raviver tant d&rsquo;\u00e9motions?<\/p>\n\n<p>Voici une liste de quelques souvenirs marquants qui ont \u00e9t\u00e9 partag\u00e9s : <\/p>\n\n<ul class=\"wp-block-list\"><li>\ud83d\udcda <strong>Le tableau noir<\/strong> : Les professeurs se servaient d\u2019un long b\u00e2ton pour corriger les \u00e9l\u00e8ves les plus t\u00eatus.<\/li><li>\ud83c\udfa4 <strong>Les spectacles de fin d&rsquo;ann\u00e9e<\/strong> : Les chansons entonn\u00e9es avec passion devant les parents, le trac et l\u2019enthousiasme en battent encore tous les c\u0153urs.<\/li><li>\ud83e\udd47 <strong>Les coupes de foot<\/strong> : Les instants r\u00e9unissant camaraderie et comp\u00e9tition, forgeant des amiti\u00e9s indissolubles.<\/li><\/ul>\n\n<p>Ainsi, \u00e0 travers ces retrouvailles en Creuse, le lien entre ces anciens \u00e9l\u00e8ves a non seulement \u00e9t\u00e9 ressuscit\u00e9, mais il a pris une nouvelle dimension. Ces \u00e9changes ont permis de rappeler que l&rsquo;\u00e9ducation va bien au-del\u00e0 des manuels scolaires. Elle est le terreau sur lequel se sont construites des amiti\u00e9s solides, intemporelles.<\/p>\n\n<h2 class=\"wp-block-heading\">Les \u00e9motions au c\u0153ur des retrouvailles<\/h2>\n\n<p>Les retrouvailles \u00e0 l&rsquo;ancienne \u00e9cole primaire en Creuse ont \u00e9t\u00e9 marqu\u00e9es non seulement par des souvenirs et des rires, mais \u00e9galement par un flot d&rsquo;<strong>\u00e9motions<\/strong> intenses. Chaque visage portait les traces des ans, des joies et des peines de la vie. La profonde connexion qui unissait ces individus allait au-del\u00e0 de l&rsquo;amiti\u00e9, devenant un lien presque familial. Avec le temps, ces anciens camarades ont \u00e9volu\u00e9 chacun de leur c\u00f4t\u00e9, mais ce jour-l\u00e0, ils ont partag\u00e9 une part de leur \u00eatre qui les d\u00e9finissait tous.<\/p>\n\n<p>Tandis que les conversations flottaient autour des tables, les \u00e9clats de rires ont souvent c\u00e9d\u00e9 la place \u00e0 des instants \u00e9mouvants. Des larmes ont coul\u00e9 lorsque certains se sont rem\u00e9mor\u00e9s des compagnons disparus, des amis qui avaient jou\u00e9 un r\u00f4le crucial dans leur enfance. Pour beaucoup, cela a renforc\u00e9 l&rsquo;id\u00e9e que l&rsquo;<strong>amiti\u00e9<\/strong> est l&rsquo;un des plus puissants rem\u00e8des contre la solitude.<\/p>\n\n<p>Il est possible de structurer ces \u00e9motions \u00e0 travers les points suivants : <\/p>\n\n<ul class=\"wp-block-list\"><li>\ud83d\udc94 <strong>Les souvenirs m\u00e9lancoliques<\/strong> : Se souvenir des amis disparus, des rires qui ne r\u00e9sonneront plus jamais.<\/li><li>\ud83d\ude0a <strong>Les retrouvailles joyeuses<\/strong> : Le sourire partag\u00e9, le regard complice d\u2019un ami de longue date.<\/li><li>\ud83c\udfc6 <strong>Le respect et la gratitude<\/strong> : Reconna\u00eetre le chemin parcouru et appr\u00e9cier les \u00e9tapes cl\u00e9s qui ont forg\u00e9 leurs vies respectives.<\/li><\/ul>\n\n<p>Les larmes qui ont coul\u00e9 n\u2019\u00e9taient pas uniquement des larmes de tristesse. Elles symbolisaient une <strong>nostalgie<\/strong> vive pour une \u00e9poque plus simple, mais \u00e9taient \u00e9galement des larmes de bonheur d\u2019\u00eatre r\u00e9unis apr\u00e8s tant d\u2019ann\u00e9es. La salle de classe est devenue un sanctuaire d&rsquo;\u00e9motions diverses, o\u00f9 chacun a pu exprimer ce qui le touchait au plus profond de son \u00eatre. Les \u00e9treintes chaleureuses, les mots \u00e9chang\u00e9s, tout \u00e9tait charg\u00e9 d&rsquo;une <strong>intensit\u00e9<\/strong> qui refroidissait trois fois les \u00e2ges pass\u00e9s.<\/p>\n\n<figure class=\"wp-block-table\"><table>\n<thead>\n<tr>\n<th>Type d&rsquo;\u00e9motion<\/th>\n<th>\u00c9v\u00e9nements d\u00e9clenchants<\/th>\n<\/tr>\n<\/thead>\n<tbody>\n<tr>\n<td>\ud83d\udc94 Nostalgie<\/td>\n<td>Rappel des camarades disparus<\/td>\n<\/tr>\n<tr>\n<td>\ud83d\ude0a Joie<\/td>\n<td>Retrouvailles surprises<\/td>\n<\/tr>\n<tr>\n<td>\ud83c\udfc6 Fiert\u00e9<\/td>\n<td>R\u00e9ussites personnelles<\/td>\n<\/tr>\n<\/tbody>\n<\/table><\/figure>\n\n<p>Ces \u00e9motions partag\u00e9es ont finalement r\u00e9uni tous ces anciens \u00e9l\u00e8ves dans une c\u00e9l\u00e9bration des liens innovants qui continuent \u00e0 se tisser malgr\u00e9 les d\u00e9cennies. En effet, tout cela a permis d\u2019installer un peu de lumi\u00e8re dans des c\u0153urs qui avaient, pour certains, eu besoin de temps pour gu\u00e9rir.<\/p>\n\n<h2 class=\"wp-block-heading\">Souvenirs d\u2019hier et perspectives d\u2019aujourd\u2019hui<\/h2>\n\n<p>Les retrouvailles en Creuse n&rsquo;\u00e9taient pas juste un simple moment de partage, mais plut\u00f4t une <strong>r\u00e9flexion<\/strong> sur la mani\u00e8re dont le temps transforme les amiti\u00e9s et sur la fa\u00e7on de pr\u00e9server ces relations au fil des ann\u00e9es. Les anciens \u00e9l\u00e8ves ont pris le temps de discuter de la fa\u00e7on dont leurs parcours avaient fa\u00e7onn\u00e9 leurs vies et ont partag\u00e9 leurs r\u00e9flexions sur la place de l\u2019<strong>amiti\u00e9<\/strong> dans un monde moderne souvent rapide.<\/p>\n\n<p>Les discussions ont conduit \u00e0 des \u00e9changes inspirants sur comment maintenir le lien au-del\u00e0 des rencontres sporadiques. Voici quelques id\u00e9es qui ont \u00e9merg\u00e9 de ces \u00e9changes : <\/p>\n\n<ul class=\"wp-block-list\"><li>\ud83d\udcc5 <strong>Samedi de r\u00e9union<\/strong> : Organiser chaque ann\u00e9e un rassemblement pour maintenir viva la tradition de la rencontre.<\/li><li>\ud83d\udc8c <strong>Groupe de messagerie<\/strong> : Cr\u00e9er un espace virtuel pour partager des nouvelles, des \u00e9v\u00e9nements et des souvenirs.<\/li><li>\ud83d\udc68\u200d\ud83c\udfeb <strong>Projets communs<\/strong> : S\u2019impliquer dans des actions communautaires pour renforcer le lien social et f\u00eater des \u00e9v\u00e9nements marquants ensemble.<\/li><\/ul>\n\n<p>Le passage du temps permet parfois de r\u00e9aliser l&rsquo;importance des connexions que l\u2019on a \u00e9tablies. En structurant des projets ensemble, ces anciens camarades peuvent se retrouver autour d\u2019int\u00e9r\u00eats communs et maintenir des amiti\u00e9s riches et significatives, m\u00eame \u00e0 distance. L&rsquo;id\u00e9e que des retrouvailles soient devenues un point de d\u00e9part pour un renouveau des liens tiss\u00e9s dans l&rsquo;enfance a nourri chacun des participants.<\/p>\n\n<figure class=\"wp-block-table\"><table>\n<thead>\n<tr>\n<th>Proposition d&rsquo;interaction<\/th>\n<th>Description<\/th>\n<\/tr>\n<\/thead>\n<tbody>\n<tr>\n<td>\ud83d\udcc5 Samedi de r\u00e9union annuel<\/td>\n<td>Journ\u00e9e pour c\u00e9l\u00e9brer l&rsquo;amiti\u00e9 et renouer les liens.<\/td>\n<\/tr>\n<tr>\n<td>\ud83d\udc8c Formation d&rsquo;un groupe de messaging<\/td>\n<td>Canal pour des \u00e9changes continus entre amis.<\/td>\n<\/tr>\n<tr>\n<td>\ud83d\udc68\u200d\ud83c\udfeb Engagement dans des actions communautaires<\/td>\n<td>Se rassembler autour de causes partag\u00e9es.<\/td>\n<\/tr>\n<\/tbody>\n<\/table><\/figure>\n\n<p>Un ancien camarade a not\u00e9 avec sagesse que ces amiti\u00e9s, bien qu\u2019elles puissent sembler reli\u00e9es \u00e0 une \u00e9poque r\u00e9volue, sont en r\u00e9alit\u00e9 des pierres angulaires sur lesquelles b\u00e2tir un futur meilleur. En cr\u00e9ant des souvenirs \u00e0 pr\u00e9sent, ils ont trac\u00e9 la voie pour accueillir les g\u00e9n\u00e9rations futures.<\/p>\n\n<h2 class=\"wp-block-heading\">Les enseignements d&rsquo;une amiti\u00e9 retrouv\u00e9e<\/h2>\n\n<p>Cette journ\u00e9e de retrouvailles en Creuse a offert une sc\u00e8ne de r\u00e9flexions profondes sur ce que signifie \u00eatre amis et comment cr\u00e9er des relations durables. Au-del\u00e0 des rires et des larmes, cette rencontre a creus\u00e9 des questions sur comment r\u00e9ussir \u00e0 maintenir le lien entre amis, m\u00eame dans le tumulte de la vie. Les r\u00e9ponses se sont greff\u00e9es autour de concepts tels que l&rsquo;engagement, la compr\u00e9hension mutuelle et surtout, la volont\u00e9 de se retrouver.<\/p>\n\n<p>Voici quelques enseignements qui ont ponctu\u00e9 cette r\u00e9union touchante : <\/p>\n\n<ul class=\"wp-block-list\"><li>\ud83d\udc4d <strong>L&rsquo;importance de l\u2019\u00e9coute<\/strong> : \u00catre pr\u00e9sent pour les autres dans les moments difficiles et partager les joies.<\/li><li>\ud83d\udc96 <strong>Souvenir des anecdotes marquantes<\/strong> : Discuter des vieilles histoires rappelle que, malgr\u00e9 les ann\u00e9es, l&rsquo;essence de l\u2019amiti\u00e9 reste inchang\u00e9e.<\/li><li>\ud83d\udd70\ufe0f <strong>Investir dans les liens de demain<\/strong> : Prendre le temps d&rsquo;\u00e9changer r\u00e9guli\u00e8rement, \u00eatre proactif dans les retrouv\u00e9es.<\/li><\/ul>\n\n<p>Ces le\u00e7ons de vie ont mis en lumi\u00e8re que les amiti\u00e9s d&rsquo;hier peuvent \u00eatre aussi pr\u00e9cieuses et gratifiantes aujourd&rsquo;hui. Au final, cette aventure en Creuse leur a permis non seulement de raviver des relations anciennes mais aussi d&rsquo;esp\u00e9rer et de construire de nouveaux souvenirs.<\/p>\n\n<figure class=\"wp-block-table\"><table>\n<thead>\n<tr>\n<th>Enseignement<\/th>\n<th>Application<\/th>\n<\/tr>\n<\/thead>\n<tbody>\n<tr>\n<td>\ud83d\udc4d Importance de l&rsquo;\u00e9coute<\/td>\n<td>\u00catre pr\u00e9sent pour ses amis dans les bons moments comme dans les difficiles.<\/td>\n<\/tr>\n<tr>\n<td>\ud83d\udc96 Souvenirs marquants<\/td>\n<td>Partage des histoires pour maintenir l&rsquo;esprit d&rsquo;amiti\u00e9 vivant.<\/td>\n<\/tr>\n<tr>\n<td>\ud83d\udd70\ufe0f Investir dans les liens<\/td>\n<td>Consacrer du temps pour les retrouvailles et les \u00e9changes r\u00e9guliers.<\/td>\n<\/tr>\n<\/tbody>\n<\/table><\/figure>\n\n<p>Ces enseignements transcendent le temps et l&rsquo;espace, reliant les g\u00e9n\u00e9rations actuelles et futures aux valeurs fondamentales de l&rsquo;amiti\u00e9.<\/p>\n\n<h2 class=\"wp-block-heading\">FAQ sur les retrouvailles \u00e9mouvantes en Creuse<\/h2>\n\n<p><strong>Q : Comment prot\u00e9ger les souvenirs des retrouvailles ?<\/strong><br>A : Cr\u00e9er un album photo collectif peut aider \u00e0 pr\u00e9server ces moments. Chacun peut apporter ses photos et souvenirs pour les partager.<\/p>\n\n<p><strong>Q : Quelles activit\u00e9s organiser lors de ces rassemblements ?<\/strong><br>A : Des jeux de m\u00e9moire, des quiz sur leurs souvenirs d&rsquo;\u00e9cole ou des spectacles improvis\u00e9s peuvent ajouter une touche fun et dynamique.<\/p>\n\n<p><strong>Q : Comment maintenir la communication apr\u00e8s les retrouvailles ?<\/strong><br>A : La cr\u00e9ation d&rsquo;un groupe de messagerie ou d&rsquo;une page Facebook d\u00e9di\u00e9e permettra facilit\u00e9 d&rsquo;\u00e9changes continus.<\/p>\n\n<p><strong>Q : Les \u00e9motions lors des retrouvailles peuvent-elles \u00eatre accablantes ?<\/strong><br>A : Il est normal de ressentir une forte charge \u00e9motionnelle. Partager ces sentiments peut renforcer davantage les liens.<\/p>\n\n<p><strong>Q : Quelles sont les meilleures fa\u00e7ons de c\u00e9l\u00e9brer l&rsquo;anniversaire de leurs retrouvailles ?<\/strong><br>A : Organiser une f\u00eate ou un pique-nique annuel, rappeler les moments pass\u00e9s et cr\u00e9er de nouvelles histoires ensemble. \ud83c\udf7d\ufe0f\ud83c\udf89<\/p>\n\n","protected":false},"excerpt":{"rendered":"<p>Une vague de nostalgie a submerg\u00e9 l&rsquo;ancienne \u00e9cole primaire de Creuse lorsque des amis se sont retrouv\u00e9s apr\u00e8s cinquante ans de s\u00e9paration. Cet \u00e9v\u00e9nement unique a permis \u00e0 une g\u00e9n\u00e9ration enti\u00e8re de revivre des souvenirs d&rsquo;enfance, de partager des rires et d&rsquo;affronter les \u00e9motions \u00e9voqu\u00e9es par les retrouvailles. Le rassemblement, qui a attir\u00e9 des anciens &#8230; <a title=\"Retrouvailles \u00e9mouvantes : cinquante ans apr\u00e8s, des amis se r\u00e9unissent dans leur ancienne \u00e9cole primaire en Creuse\" class=\"read-more\" href=\"https:\/\/www.apres-lecole.fr\/Blog\/retrouvailles-amis-ecole-creuse\/\" aria-label=\"En savoir plus sur Retrouvailles \u00e9mouvantes : cinquante ans apr\u00e8s, des amis se r\u00e9unissent dans leur ancienne \u00e9cole primaire en Creuse\">Lire plus<\/a><\/p>\n","protected":false},"author":9,"featured_media":2047,"comment_status":"open","ping_status":"open","sticky":false,"template":"","format":"standard","meta":{"footnotes":""},"categories":[342],"tags":[1138,1139,1137,1140,1136],"class_list":["post-2048","post","type-post","status-publish","format-standard","has-post-thumbnail","hentry","category-actualites","tag-amis","tag-ancienne-ecole-primaire","tag-cinquante-ans","tag-creuse","tag-retrouvailles"],"yoast_head":"<!-- This site is optimized with the Yoast SEO plugin v27.5 - https:\/\/yoast.com\/product\/yoast-seo-wordpress\/ -->\n<title>Retrouvailles m\u00e9morables : des amis se reconnectent apr\u00e8s cinquante ans \u00e0 l&#039;\u00e9cole<\/title>\n<meta name=\"description\" content=\"Retrouvailles touchantes : cinquante ans apr\u00e8s, des amis se r\u00e9unissent dans leur \u00e9cole primaire en Creuse. Une histoire pleine d\u2019\u00e9motions.\" \/>\n<meta name=\"robots\" content=\"index, follow, max-snippet:-1, max-image-preview:large, max-video-preview:-1\" \/>\n<link rel=\"canonical\" href=\"https:\/\/www.apres-lecole.fr\/Blog\/retrouvailles-amis-ecole-creuse\/\" \/>\n<meta property=\"og:locale\" content=\"fr_FR\" \/>\n<meta property=\"og:type\" content=\"article\" \/>\n<meta property=\"og:title\" content=\"Retrouvailles m\u00e9morables : des amis se reconnectent apr\u00e8s cinquante ans \u00e0 l&#039;\u00e9cole\" \/>\n<meta property=\"og:description\" content=\"Retrouvailles touchantes : cinquante ans apr\u00e8s, des amis se r\u00e9unissent dans leur \u00e9cole primaire en Creuse. Une histoire pleine d\u2019\u00e9motions.\" \/>\n<meta property=\"og:url\" content=\"https:\/\/www.apres-lecole.fr\/Blog\/retrouvailles-amis-ecole-creuse\/\" \/>\n<meta property=\"article:published_time\" content=\"2025-06-28T07:20:46+00:00\" \/>\n<meta property=\"og:image\" content=\"https:\/\/www.apres-lecole.fr\/Blog\/wp-content\/uploads\/2025\/06\/Retrouvailles-emouvantes-cinquante-ans-apres-des-amis-se-reunissent-dans-leur-ancienne-ecole-primaire-en-Creuse.jpg\" \/>\n\t<meta property=\"og:image:width\" content=\"1344\" \/>\n\t<meta property=\"og:image:height\" content=\"768\" \/>\n\t<meta property=\"og:image:type\" content=\"image\/jpeg\" \/>\n<meta name=\"author\" content=\"Eva Martin\" \/>\n<meta name=\"twitter:card\" content=\"summary_large_image\" \/>\n<meta name=\"twitter:creator\" content=\"@Evaapresecole\" \/>\n<meta name=\"twitter:label1\" content=\"\u00c9crit par\" \/>\n\t<meta name=\"twitter:data1\" content=\"Eva Martin\" \/>\n\t<meta name=\"twitter:label2\" content=\"Dur\u00e9e de lecture estim\u00e9e\" \/>\n\t<meta name=\"twitter:data2\" content=\"10 minutes\" \/>\n<script type=\"application\/ld+json\" class=\"yoast-schema-graph\">{\"@context\":\"https:\\\/\\\/schema.org\",\"@graph\":[{\"@type\":\"Article\",\"@id\":\"https:\\\/\\\/www.apres-lecole.fr\\\/Blog\\\/retrouvailles-amis-ecole-creuse\\\/#article\",\"isPartOf\":{\"@id\":\"https:\\\/\\\/www.apres-lecole.fr\\\/Blog\\\/retrouvailles-amis-ecole-creuse\\\/\"},\"author\":{\"name\":\"Eva Martin\",\"@id\":\"https:\\\/\\\/www.apres-lecole.fr\\\/Blog\\\/#\\\/schema\\\/person\\\/aeb50cd4b51fc69da155804bb5bb9fc4\"},\"headline\":\"Retrouvailles \u00e9mouvantes : cinquante ans apr\u00e8s, des amis se r\u00e9unissent dans leur ancienne \u00e9cole primaire en Creuse\",\"datePublished\":\"2025-06-28T07:20:46+00:00\",\"mainEntityOfPage\":{\"@id\":\"https:\\\/\\\/www.apres-lecole.fr\\\/Blog\\\/retrouvailles-amis-ecole-creuse\\\/\"},\"wordCount\":2007,\"commentCount\":0,\"image\":{\"@id\":\"https:\\\/\\\/www.apres-lecole.fr\\\/Blog\\\/retrouvailles-amis-ecole-creuse\\\/#primaryimage\"},\"thumbnailUrl\":\"https:\\\/\\\/www.apres-lecole.fr\\\/Blog\\\/wp-content\\\/uploads\\\/2025\\\/06\\\/Retrouvailles-emouvantes-cinquante-ans-apres-des-amis-se-reunissent-dans-leur-ancienne-ecole-primaire-en-Creuse.jpg\",\"keywords\":[\"amis\",\"ancienne \u00e9cole primaire\",\"cinquante ans\",\"creuse\",\"retrouvailles\"],\"articleSection\":[\"Actualit\u00e9s\"],\"inLanguage\":\"fr-FR\",\"potentialAction\":[{\"@type\":\"CommentAction\",\"name\":\"Comment\",\"target\":[\"https:\\\/\\\/www.apres-lecole.fr\\\/Blog\\\/retrouvailles-amis-ecole-creuse\\\/#respond\"]}]},{\"@type\":\"WebPage\",\"@id\":\"https:\\\/\\\/www.apres-lecole.fr\\\/Blog\\\/retrouvailles-amis-ecole-creuse\\\/\",\"url\":\"https:\\\/\\\/www.apres-lecole.fr\\\/Blog\\\/retrouvailles-amis-ecole-creuse\\\/\",\"name\":\"Retrouvailles m\u00e9morables : des amis se reconnectent apr\u00e8s cinquante ans \u00e0 l'\u00e9cole\",\"isPartOf\":{\"@id\":\"https:\\\/\\\/www.apres-lecole.fr\\\/Blog\\\/#website\"},\"primaryImageOfPage\":{\"@id\":\"https:\\\/\\\/www.apres-lecole.fr\\\/Blog\\\/retrouvailles-amis-ecole-creuse\\\/#primaryimage\"},\"image\":{\"@id\":\"https:\\\/\\\/www.apres-lecole.fr\\\/Blog\\\/retrouvailles-amis-ecole-creuse\\\/#primaryimage\"},\"thumbnailUrl\":\"https:\\\/\\\/www.apres-lecole.fr\\\/Blog\\\/wp-content\\\/uploads\\\/2025\\\/06\\\/Retrouvailles-emouvantes-cinquante-ans-apres-des-amis-se-reunissent-dans-leur-ancienne-ecole-primaire-en-Creuse.jpg\",\"datePublished\":\"2025-06-28T07:20:46+00:00\",\"author\":{\"@id\":\"https:\\\/\\\/www.apres-lecole.fr\\\/Blog\\\/#\\\/schema\\\/person\\\/aeb50cd4b51fc69da155804bb5bb9fc4\"},\"description\":\"Retrouvailles touchantes : cinquante ans apr\u00e8s, des amis se r\u00e9unissent dans leur \u00e9cole primaire en Creuse. Une histoire pleine d\u2019\u00e9motions.\",\"breadcrumb\":{\"@id\":\"https:\\\/\\\/www.apres-lecole.fr\\\/Blog\\\/retrouvailles-amis-ecole-creuse\\\/#breadcrumb\"},\"inLanguage\":\"fr-FR\",\"potentialAction\":[{\"@type\":\"ReadAction\",\"target\":[\"https:\\\/\\\/www.apres-lecole.fr\\\/Blog\\\/retrouvailles-amis-ecole-creuse\\\/\"]}]},{\"@type\":\"ImageObject\",\"inLanguage\":\"fr-FR\",\"@id\":\"https:\\\/\\\/www.apres-lecole.fr\\\/Blog\\\/retrouvailles-amis-ecole-creuse\\\/#primaryimage\",\"url\":\"https:\\\/\\\/www.apres-lecole.fr\\\/Blog\\\/wp-content\\\/uploads\\\/2025\\\/06\\\/Retrouvailles-emouvantes-cinquante-ans-apres-des-amis-se-reunissent-dans-leur-ancienne-ecole-primaire-en-Creuse.jpg\",\"contentUrl\":\"https:\\\/\\\/www.apres-lecole.fr\\\/Blog\\\/wp-content\\\/uploads\\\/2025\\\/06\\\/Retrouvailles-emouvantes-cinquante-ans-apres-des-amis-se-reunissent-dans-leur-ancienne-ecole-primaire-en-Creuse.jpg\",\"width\":1344,\"height\":768,\"caption\":\"plongez dans une ambiance nostalgique avec des retrouvailles \u00e9mouvantes \u00e0 creuse, o\u00f9 des amis se r\u00e9unissent apr\u00e8s cinquante ans dans leur ancienne \u00e9cole primaire. revivez des souvenirs inoubliables et d\u00e9couvrez comment le temps a fa\u00e7onn\u00e9 leurs vies.\"},{\"@type\":\"BreadcrumbList\",\"@id\":\"https:\\\/\\\/www.apres-lecole.fr\\\/Blog\\\/retrouvailles-amis-ecole-creuse\\\/#breadcrumb\",\"itemListElement\":[{\"@type\":\"ListItem\",\"position\":1,\"name\":\"Home\",\"item\":\"https:\\\/\\\/www.apres-lecole.fr\\\/Blog\\\/\"},{\"@type\":\"ListItem\",\"position\":2,\"name\":\"Retrouvailles \u00e9mouvantes : cinquante ans apr\u00e8s, des amis se r\u00e9unissent dans leur ancienne \u00e9cole primaire en Creuse\"}]},{\"@type\":\"WebSite\",\"@id\":\"https:\\\/\\\/www.apres-lecole.fr\\\/Blog\\\/#website\",\"url\":\"https:\\\/\\\/www.apres-lecole.fr\\\/Blog\\\/\",\"name\":\"\",\"description\":\"M\u00e9dia g\u00e9n\u00e9raliste\",\"potentialAction\":[{\"@type\":\"SearchAction\",\"target\":{\"@type\":\"EntryPoint\",\"urlTemplate\":\"https:\\\/\\\/www.apres-lecole.fr\\\/Blog\\\/?s={search_term_string}\"},\"query-input\":{\"@type\":\"PropertyValueSpecification\",\"valueRequired\":true,\"valueName\":\"search_term_string\"}}],\"inLanguage\":\"fr-FR\"},{\"@type\":\"Person\",\"@id\":\"https:\\\/\\\/www.apres-lecole.fr\\\/Blog\\\/#\\\/schema\\\/person\\\/aeb50cd4b51fc69da155804bb5bb9fc4\",\"name\":\"Eva Martin\",\"image\":{\"@type\":\"ImageObject\",\"inLanguage\":\"fr-FR\",\"@id\":\"https:\\\/\\\/secure.gravatar.com\\\/avatar\\\/55c53222558b27a72015a64073a80edce4abd33369394b9bf2c5cd6c19d12682?s=96&d=mm&r=g\",\"url\":\"https:\\\/\\\/secure.gravatar.com\\\/avatar\\\/55c53222558b27a72015a64073a80edce4abd33369394b9bf2c5cd6c19d12682?s=96&d=mm&r=g\",\"contentUrl\":\"https:\\\/\\\/secure.gravatar.com\\\/avatar\\\/55c53222558b27a72015a64073a80edce4abd33369394b9bf2c5cd6c19d12682?s=96&d=mm&r=g\",\"caption\":\"Eva Martin\"},\"description\":\"Je parle de business et d'entrepreneuriat avec des conseils clairs, concrets et actionnables pour r\u00e9ussir\",\"sameAs\":[\"https:\\\/\\\/x.com\\\/Evaapresecole\"],\"url\":\"https:\\\/\\\/www.apres-lecole.fr\\\/Blog\\\/author\\\/evamartin\\\/\"}]}<\/script>\n<!-- \/ Yoast SEO plugin. -->","yoast_head_json":{"title":"Retrouvailles m\u00e9morables : des amis se reconnectent apr\u00e8s cinquante ans \u00e0 l'\u00e9cole","description":"Retrouvailles touchantes : cinquante ans apr\u00e8s, des amis se r\u00e9unissent dans leur \u00e9cole primaire en Creuse. Une histoire pleine d\u2019\u00e9motions.","robots":{"index":"index","follow":"follow","max-snippet":"max-snippet:-1","max-image-preview":"max-image-preview:large","max-video-preview":"max-video-preview:-1"},"canonical":"https:\/\/www.apres-lecole.fr\/Blog\/retrouvailles-amis-ecole-creuse\/","og_locale":"fr_FR","og_type":"article","og_title":"Retrouvailles m\u00e9morables : des amis se reconnectent apr\u00e8s cinquante ans \u00e0 l'\u00e9cole","og_description":"Retrouvailles touchantes : cinquante ans apr\u00e8s, des amis se r\u00e9unissent dans leur \u00e9cole primaire en Creuse. Une histoire pleine d\u2019\u00e9motions.","og_url":"https:\/\/www.apres-lecole.fr\/Blog\/retrouvailles-amis-ecole-creuse\/","article_published_time":"2025-06-28T07:20:46+00:00","og_image":[{"width":1344,"height":768,"url":"https:\/\/www.apres-lecole.fr\/Blog\/wp-content\/uploads\/2025\/06\/Retrouvailles-emouvantes-cinquante-ans-apres-des-amis-se-reunissent-dans-leur-ancienne-ecole-primaire-en-Creuse.jpg","type":"image\/jpeg"}],"author":"Eva Martin","twitter_card":"summary_large_image","twitter_creator":"@Evaapresecole","twitter_misc":{"\u00c9crit par":"Eva Martin","Dur\u00e9e de lecture estim\u00e9e":"10 minutes"},"schema":{"@context":"https:\/\/schema.org","@graph":[{"@type":"Article","@id":"https:\/\/www.apres-lecole.fr\/Blog\/retrouvailles-amis-ecole-creuse\/#article","isPartOf":{"@id":"https:\/\/www.apres-lecole.fr\/Blog\/retrouvailles-amis-ecole-creuse\/"},"author":{"name":"Eva Martin","@id":"https:\/\/www.apres-lecole.fr\/Blog\/#\/schema\/person\/aeb50cd4b51fc69da155804bb5bb9fc4"},"headline":"Retrouvailles \u00e9mouvantes : cinquante ans apr\u00e8s, des amis se r\u00e9unissent dans leur ancienne \u00e9cole primaire en Creuse","datePublished":"2025-06-28T07:20:46+00:00","mainEntityOfPage":{"@id":"https:\/\/www.apres-lecole.fr\/Blog\/retrouvailles-amis-ecole-creuse\/"},"wordCount":2007,"commentCount":0,"image":{"@id":"https:\/\/www.apres-lecole.fr\/Blog\/retrouvailles-amis-ecole-creuse\/#primaryimage"},"thumbnailUrl":"https:\/\/www.apres-lecole.fr\/Blog\/wp-content\/uploads\/2025\/06\/Retrouvailles-emouvantes-cinquante-ans-apres-des-amis-se-reunissent-dans-leur-ancienne-ecole-primaire-en-Creuse.jpg","keywords":["amis","ancienne \u00e9cole primaire","cinquante ans","creuse","retrouvailles"],"articleSection":["Actualit\u00e9s"],"inLanguage":"fr-FR","potentialAction":[{"@type":"CommentAction","name":"Comment","target":["https:\/\/www.apres-lecole.fr\/Blog\/retrouvailles-amis-ecole-creuse\/#respond"]}]},{"@type":"WebPage","@id":"https:\/\/www.apres-lecole.fr\/Blog\/retrouvailles-amis-ecole-creuse\/","url":"https:\/\/www.apres-lecole.fr\/Blog\/retrouvailles-amis-ecole-creuse\/","name":"Retrouvailles m\u00e9morables : des amis se reconnectent apr\u00e8s cinquante ans \u00e0 l'\u00e9cole","isPartOf":{"@id":"https:\/\/www.apres-lecole.fr\/Blog\/#website"},"primaryImageOfPage":{"@id":"https:\/\/www.apres-lecole.fr\/Blog\/retrouvailles-amis-ecole-creuse\/#primaryimage"},"image":{"@id":"https:\/\/www.apres-lecole.fr\/Blog\/retrouvailles-amis-ecole-creuse\/#primaryimage"},"thumbnailUrl":"https:\/\/www.apres-lecole.fr\/Blog\/wp-content\/uploads\/2025\/06\/Retrouvailles-emouvantes-cinquante-ans-apres-des-amis-se-reunissent-dans-leur-ancienne-ecole-primaire-en-Creuse.jpg","datePublished":"2025-06-28T07:20:46+00:00","author":{"@id":"https:\/\/www.apres-lecole.fr\/Blog\/#\/schema\/person\/aeb50cd4b51fc69da155804bb5bb9fc4"},"description":"Retrouvailles touchantes : cinquante ans apr\u00e8s, des amis se r\u00e9unissent dans leur \u00e9cole primaire en Creuse. Une histoire pleine d\u2019\u00e9motions.","breadcrumb":{"@id":"https:\/\/www.apres-lecole.fr\/Blog\/retrouvailles-amis-ecole-creuse\/#breadcrumb"},"inLanguage":"fr-FR","potentialAction":[{"@type":"ReadAction","target":["https:\/\/www.apres-lecole.fr\/Blog\/retrouvailles-amis-ecole-creuse\/"]}]},{"@type":"ImageObject","inLanguage":"fr-FR","@id":"https:\/\/www.apres-lecole.fr\/Blog\/retrouvailles-amis-ecole-creuse\/#primaryimage","url":"https:\/\/www.apres-lecole.fr\/Blog\/wp-content\/uploads\/2025\/06\/Retrouvailles-emouvantes-cinquante-ans-apres-des-amis-se-reunissent-dans-leur-ancienne-ecole-primaire-en-Creuse.jpg","contentUrl":"https:\/\/www.apres-lecole.fr\/Blog\/wp-content\/uploads\/2025\/06\/Retrouvailles-emouvantes-cinquante-ans-apres-des-amis-se-reunissent-dans-leur-ancienne-ecole-primaire-en-Creuse.jpg","width":1344,"height":768,"caption":"plongez dans une ambiance nostalgique avec des retrouvailles \u00e9mouvantes \u00e0 creuse, o\u00f9 des amis se r\u00e9unissent apr\u00e8s cinquante ans dans leur ancienne \u00e9cole primaire. revivez des souvenirs inoubliables et d\u00e9couvrez comment le temps a fa\u00e7onn\u00e9 leurs vies."},{"@type":"BreadcrumbList","@id":"https:\/\/www.apres-lecole.fr\/Blog\/retrouvailles-amis-ecole-creuse\/#breadcrumb","itemListElement":[{"@type":"ListItem","position":1,"name":"Home","item":"https:\/\/www.apres-lecole.fr\/Blog\/"},{"@type":"ListItem","position":2,"name":"Retrouvailles \u00e9mouvantes : cinquante ans apr\u00e8s, des amis se r\u00e9unissent dans leur ancienne \u00e9cole primaire en Creuse"}]},{"@type":"WebSite","@id":"https:\/\/www.apres-lecole.fr\/Blog\/#website","url":"https:\/\/www.apres-lecole.fr\/Blog\/","name":"","description":"M\u00e9dia g\u00e9n\u00e9raliste","potentialAction":[{"@type":"SearchAction","target":{"@type":"EntryPoint","urlTemplate":"https:\/\/www.apres-lecole.fr\/Blog\/?s={search_term_string}"},"query-input":{"@type":"PropertyValueSpecification","valueRequired":true,"valueName":"search_term_string"}}],"inLanguage":"fr-FR"},{"@type":"Person","@id":"https:\/\/www.apres-lecole.fr\/Blog\/#\/schema\/person\/aeb50cd4b51fc69da155804bb5bb9fc4","name":"Eva Martin","image":{"@type":"ImageObject","inLanguage":"fr-FR","@id":"https:\/\/secure.gravatar.com\/avatar\/55c53222558b27a72015a64073a80edce4abd33369394b9bf2c5cd6c19d12682?s=96&d=mm&r=g","url":"https:\/\/secure.gravatar.com\/avatar\/55c53222558b27a72015a64073a80edce4abd33369394b9bf2c5cd6c19d12682?s=96&d=mm&r=g","contentUrl":"https:\/\/secure.gravatar.com\/avatar\/55c53222558b27a72015a64073a80edce4abd33369394b9bf2c5cd6c19d12682?s=96&d=mm&r=g","caption":"Eva Martin"},"description":"Je parle de business et d'entrepreneuriat avec des conseils clairs, concrets et actionnables pour r\u00e9ussir","sameAs":["https:\/\/x.com\/Evaapresecole"],"url":"https:\/\/www.apres-lecole.fr\/Blog\/author\/evamartin\/"}]}},"views":6,"_links":{"self":[{"href":"https:\/\/www.apres-lecole.fr\/Blog\/wp-json\/wp\/v2\/posts\/2048","targetHints":{"allow":["GET"]}}],"collection":[{"href":"https:\/\/www.apres-lecole.fr\/Blog\/wp-json\/wp\/v2\/posts"}],"about":[{"href":"https:\/\/www.apres-lecole.fr\/Blog\/wp-json\/wp\/v2\/types\/post"}],"author":[{"embeddable":true,"href":"https:\/\/www.apres-lecole.fr\/Blog\/wp-json\/wp\/v2\/users\/9"}],"replies":[{"embeddable":true,"href":"https:\/\/www.apres-lecole.fr\/Blog\/wp-json\/wp\/v2\/comments?post=2048"}],"version-history":[{"count":0,"href":"https:\/\/www.apres-lecole.fr\/Blog\/wp-json\/wp\/v2\/posts\/2048\/revisions"}],"wp:featuredmedia":[{"embeddable":true,"href":"https:\/\/www.apres-lecole.fr\/Blog\/wp-json\/wp\/v2\/media\/2047"}],"wp:attachment":[{"href":"https:\/\/www.apres-lecole.fr\/Blog\/wp-json\/wp\/v2\/media?parent=2048"}],"wp:term":[{"taxonomy":"category","embeddable":true,"href":"https:\/\/www.apres-lecole.fr\/Blog\/wp-json\/wp\/v2\/categories?post=2048"},{"taxonomy":"post_tag","embeddable":true,"href":"https:\/\/www.apres-lecole.fr\/Blog\/wp-json\/wp\/v2\/tags?post=2048"}],"curies":[{"name":"wp","href":"https:\/\/api.w.org\/{rel}","templated":true}]}}