{"id":2046,"date":"2025-06-27T07:03:31","date_gmt":"2025-06-27T07:03:31","guid":{"rendered":"https:\/\/www.apres-lecole.fr\/Blog\/maire-millau-preserver-ecole\/"},"modified":"2025-06-27T07:03:31","modified_gmt":"2025-06-27T07:03:31","slug":"maire-millau-preserver-ecole","status":"publish","type":"post","link":"https:\/\/www.apres-lecole.fr\/Blog\/maire-millau-preserver-ecole\/","title":{"rendered":"\u00c0 Millau, la maire s&rsquo;engage activement pour pr\u00e9server une \u00e9cole en cours de transformation urbaine"},"content":{"rendered":"\n\n<div class=\"kk-star-ratings kksr-auto kksr-align-left kksr-valign-top\"\n    data-payload='{&quot;align&quot;:&quot;left&quot;,&quot;id&quot;:&quot;2046&quot;,&quot;slug&quot;:&quot;default&quot;,&quot;valign&quot;:&quot;top&quot;,&quot;ignore&quot;:&quot;&quot;,&quot;reference&quot;:&quot;auto&quot;,&quot;class&quot;:&quot;&quot;,&quot;count&quot;:&quot;0&quot;,&quot;legendonly&quot;:&quot;&quot;,&quot;readonly&quot;:&quot;&quot;,&quot;score&quot;:&quot;0&quot;,&quot;starsonly&quot;:&quot;&quot;,&quot;best&quot;:&quot;5&quot;,&quot;gap&quot;:&quot;5&quot;,&quot;greet&quot;:&quot;Rate this post&quot;,&quot;legend&quot;:&quot;0\\\/5 - (0 vote)&quot;,&quot;size&quot;:&quot;24&quot;,&quot;title&quot;:&quot;\u00c0 Millau, la maire s\\u0026#039;engage activement pour pr\u00e9server une \u00e9cole en cours de transformation urbaine&quot;,&quot;width&quot;:&quot;0&quot;,&quot;_legend&quot;:&quot;{score}\\\/{best} - ({count} {votes})&quot;,&quot;font_factor&quot;:&quot;1.25&quot;}'>\n            \n<div class=\"kksr-stars\">\n    \n<div class=\"kksr-stars-inactive\">\n            <div class=\"kksr-star\" data-star=\"1\" style=\"padding-right: 5px\">\n            \n\n<div class=\"kksr-icon\" style=\"width: 24px; height: 24px;\"><\/div>\n        <\/div>\n            <div class=\"kksr-star\" data-star=\"2\" style=\"padding-right: 5px\">\n            \n\n<div class=\"kksr-icon\" style=\"width: 24px; height: 24px;\"><\/div>\n        <\/div>\n            <div class=\"kksr-star\" data-star=\"3\" style=\"padding-right: 5px\">\n            \n\n<div class=\"kksr-icon\" style=\"width: 24px; height: 24px;\"><\/div>\n        <\/div>\n            <div class=\"kksr-star\" data-star=\"4\" style=\"padding-right: 5px\">\n            \n\n<div class=\"kksr-icon\" style=\"width: 24px; height: 24px;\"><\/div>\n        <\/div>\n            <div class=\"kksr-star\" data-star=\"5\" style=\"padding-right: 5px\">\n            \n\n<div class=\"kksr-icon\" style=\"width: 24px; height: 24px;\"><\/div>\n        <\/div>\n    <\/div>\n    \n<div class=\"kksr-stars-active\" style=\"width: 0px;\">\n            <div class=\"kksr-star\" style=\"padding-right: 5px\">\n            \n\n<div class=\"kksr-icon\" style=\"width: 24px; height: 24px;\"><\/div>\n        <\/div>\n            <div class=\"kksr-star\" style=\"padding-right: 5px\">\n            \n\n<div class=\"kksr-icon\" style=\"width: 24px; height: 24px;\"><\/div>\n        <\/div>\n            <div class=\"kksr-star\" style=\"padding-right: 5px\">\n            \n\n<div class=\"kksr-icon\" style=\"width: 24px; height: 24px;\"><\/div>\n        <\/div>\n            <div class=\"kksr-star\" style=\"padding-right: 5px\">\n            \n\n<div class=\"kksr-icon\" style=\"width: 24px; height: 24px;\"><\/div>\n        <\/div>\n            <div class=\"kksr-star\" style=\"padding-right: 5px\">\n            \n\n<div class=\"kksr-icon\" style=\"width: 24px; height: 24px;\"><\/div>\n        <\/div>\n    <\/div>\n<\/div>\n                \n\n<div class=\"kksr-legend\" style=\"font-size: 19.2px;\">\n            <span class=\"kksr-muted\">Rate this post<\/span>\n    <\/div>\n    <\/div>\n<p>\u00c0 Millau, la ville se retrouve \u00e0 un carrefour crucial entre urbanisation et \u00e9ducation. Les enjeux sont nombreux et varient d&rsquo;une probl\u00e9matique \u00e0 l&rsquo;autre. \u00c9vocateur d&rsquo;une lutte acharn\u00e9e pour pr\u00e9server l&rsquo;\u00e9cole Beauregard, l&rsquo;engagement de sa maire, Emmanuelle Gazel, prend tout son sens. Au lendemain de la d\u00e9cision de la Direction acad\u00e9mique de l\u2019Aveyron de supprimer un poste d\u2019enseignant, les voix s&rsquo;\u00e9l\u00e8vent pour d\u00e9fendre un mod\u00e8le \u00e9ducatif en ad\u00e9quation avec les transformations urbaines en cours. Ce d\u00e9fi n\u00e9cessite non seulement une vision dynamique mais aussi un soutien ind\u00e9fectible de la part de la communaut\u00e9. Les objectifs d&rsquo;inclusion et de diversit\u00e9 se heurtent souvent \u00e0 des r\u00e9alit\u00e9s \u00e9conomiques, mais l&rsquo;espoir reste intact. Plus que jamais, l&rsquo;\u00e9ducation est per\u00e7ue comme un levier incontournable pour le d\u00e9veloppement durable de Millau.<\/p>\n\n<h2 class=\"wp-block-heading\">L&rsquo;\u00e9cole Beauregard : un pilier en pleine transformation<\/h2>\n\n<p>Le quartier o\u00f9 se situe l&rsquo;\u00e9cole Beauregard de Millau est en pleine mutation. Cette \u00e9cole fait face \u00e0 des d\u00e9fis consid\u00e9rables. Tout commence avec la r\u00e9cente d\u00e9cision du Conseil d\u00e9partemental de l\u2019\u00c9ducation nationale (CDEN) sur la suppression d\u2019un poste. Pour Emmanuelle Gazel, cette mesure est incompr\u00e9hensible. Elle souligne que l&rsquo;\u00e9cole r\u00e9pond \u00e0 toutes les normes d&rsquo;inclusion et de mixit\u00e9 sociale, essentielles dans un quartier prioritaire. <\/p>\n\n<p>L&rsquo;\u00e9difice a pour mission de servir une communaut\u00e9 multiculturelle. Cette r\u00e9alit\u00e9 est renforc\u00e9e par des projets de r\u00e9habilitation urbaine en cours. Plus de 200 logements sont en pr\u00e9vision de d\u00e9molition, symbolisant un v\u00e9ritable renouveau pour la zone. Les familles qui s&rsquo;installeront prochainement auront besoin d&rsquo;un cadre \u00e9ducatif solide, alors pourquoi r\u00e9duire les ressources \u00e0 ce stade crucial ?<\/p>\n\n<h3 class=\"wp-block-heading\">Un changement n\u00e9cessaire<\/h3>\n\n<p>Dans un contexte o\u00f9 la <strong>pr\u00e9servation<\/strong> de l&rsquo;\u00e9cole appara\u00eet comme un imp\u00e9ratif, il devient \u00e9vident que ce type d&rsquo;\u00e9tablissement joue un r\u00f4le fondamental dans les dynamiques sociales. L\u2019\u00e9cole est souvent per\u00e7ue comme la premi\u00e8re \u00e9tape d\u2019un parcours scolaire. Cependant, ses fondamentaux doivent \u00eatre constamment adapt\u00e9s. Emmanuelle Gazel a toujours mis en avant les besoins \u00e9volutifs des enfants, arguments qu&rsquo;elle a pris soin d\u2019exposer lors du CDEN. Sa d\u00e9termination ne faiblit pas, m\u00eame face \u00e0 des d\u00e9cisions d\u00e9favorables. <\/p>\n\n<ul class=\"wp-block-list\"><li>Augmenter les moyens d&rsquo;\u00e9ducation \ud83d\udca1<\/li><li>Soutenir les familles en difficult\u00e9 \ud83e\udd1d<\/li><li>Assurer la diversit\u00e9 sociale \u00e0 l&rsquo;\u00e9cole \ud83c\udf0d<\/li><\/ul>\n\n<h3 class=\"wp-block-heading\">Des indicateurs pr\u00e9occupants<\/h3>\n\n<p>La situation socio-\u00e9conomique du quartier est alarmante. Les chiffres concernant les familles fr\u00e9quentant la cantine scolaire sont r\u00e9v\u00e9lateurs. En moins d&rsquo;un an, la proportion des familles payant moins de 3 euros par repas a grimp\u00e9 de 30 \u00e0 43 %. De plus, les familles qui s&rsquo;acquittent de plus de 5 euros s&rsquo;effondrent pour passer de 30 \u00e0 16 %. Ce constat illustre clairement la paup\u00e9risation du quartier. La <strong>mairie<\/strong> et l&rsquo;\u00e9cole doivent se positionner collectivement pour endiguer cette tendance. Ce soutien passe in\u00e9vitablement par un renforcement des infrastructures \u00e9ducatives.<\/p>\n\n<figure class=\"wp-block-table\"><table>\n<thead>\n<tr>\n<th>Crit\u00e8res<\/th>\n<th>Avant la r\u00e9forme<\/th>\n<th>Apr\u00e8s la r\u00e9forme<\/th>\n<\/tr>\n<\/thead>\n<tbody>\n<tr>\n<td>Familles payant moins de 3 euros<\/td>\n<td>30%<\/td>\n<td>43%<\/td>\n<\/tr>\n<tr>\n<td>Familles payant plus de 5 euros<\/td>\n<td>30%<\/td>\n<td>16%<\/td>\n<\/tr>\n<\/tbody>\n<\/table><\/figure>\n\n<h3 class=\"wp-block-heading\">Un engagement renouvel\u00e9<\/h3>\n\n<p>Face \u00e0 cette r\u00e9alit\u00e9 dystopique, l&rsquo;engagement de la <strong>mairie<\/strong> ne doit pas se limiter \u00e0 un simple discours. Emmanuelle Gazel profite de chaque occasion pour souligner l&rsquo;importance de l&rsquo;\u00e9ducation dans le tissu social. En s&rsquo;engageant \u00e0 d\u00e9fendre les int\u00e9r\u00eats d&rsquo;une \u00e9cole essentielle, elle esp\u00e8re mobiliser la communaut\u00e9 pour un soutien plus fort lors des futures d\u00e9cisions administratives. Chaque vote compte, et le soutien des \u00e9lus locaux est crucial. Un rallye pour l&rsquo;\u00e9ducation pourrait voir le jour. En effet, si chaque \u00e9lu prenait position, il est probable que des changements significatifs pourraient \u00eatre envisageables.<\/p>\n\n<h2 class=\"wp-block-heading\">Des r\u00e9alit\u00e9s locales \u00e0 l&rsquo;\u00e9chelle nationale<\/h2>\n\n<p>Qu&rsquo;est-ce qui se cache derri\u00e8re la situation actuelle de l\u2019\u00e9cole Beauregard ? Les enjeux touchent non seulement Millau, mais ils interpellent tout un d\u00e9partement, voire une nation. La politique \u00e9ducative actuelle semble en d\u00e9calage par rapport aux besoins des territoires. L&rsquo;\u00e9cole n&rsquo;est plus per\u00e7ue comme une priorit\u00e9, alors que c\u2019est pr\u00e9cis\u00e9ment ce qui doit changer.<\/p>\n\n<p>Avec la loi de transformation de l&rsquo;\u00e9cole, on aurait pu esp\u00e9rer un soutien accru pour les \u00e9tablissements en difficult\u00e9. Malheureusement, la r\u00e9alit\u00e9 est toute autre. Face \u00e0 ce tableau noir, les acteurs locaux tentent de s&rsquo;organiser pour lutter contre l&rsquo;inertie bureaucratique. Au niveau national, l&rsquo;\u00e9ducation est souvent mise de c\u00f4t\u00e9, tandis que des d\u00e9cisions de suppression d&rsquo;effectifs continuent d&rsquo;\u00eatre prises sans concertation.<\/p>\n\n<h3 class=\"wp-block-heading\">Une solidarit\u00e9 \u00e0 construire<\/h3>\n\n<p>La maire de Millau, tout en rappelant ces enjeux, sollicite le soutien des \u00e9lus autour de questions essentielles telles que les infrastructures. Celles-ci ne doivent pas se limiter \u00e0 l\u2019am\u00e9nagement des espaces scolaires. Voici quelques exemples de domaines \u00e0 privil\u00e9gier :<\/p>\n\n<ul class=\"wp-block-list\"><li>Entretien des b\u00e2timents scolaires \ud83c\udfeb<\/li><li>Accessibilit\u00e9 pour les enfants en situation de handicap \u267f<\/li><li>Projets de sensibilisation autour du d\u00e9veloppement durable \ud83c\udf31<\/li><\/ul>\n\n<h3 class=\"wp-block-heading\">Les voix qui se l\u00e8vent<\/h3>\n\n<p>Des mouvements associatifs, des parents d&rsquo;\u00e9l\u00e8ves et des citoyens se regroupent pour donner de la voix. Qui aurait cru que Millau deviendrait un symbole de r\u00e9sistance face \u00e0 l&rsquo;invisibilit\u00e9 du politique ? Les consultations devraient \u00eatre fr\u00e9quentes pour assurer une meilleure r\u00e9activit\u00e9 des pouvoirs publics. Les r\u00e9seaux sociaux offrent \u00e9galement une plateforme pour relayer ces luttes, et plusieurs initiatives se mettent en place, soutenues par des \u00e9lus locaux. Les t\u00e9moignages fleurissent et certaines vid\u00e9os illustrent cette dynamique.<\/p>\n\n<figure class=\"wp-block-table\"><table>\n<thead>\n<tr>\n<th>Actions<\/th>\n<th>Soutien citoyen<\/th>\n<th>Impact potentiel<\/th>\n<\/tr>\n<\/thead>\n<tbody>\n<tr>\n<td>Mobilisation pour le maintien d\u2019effectifs scolaires<\/td>\n<td>Petitions en ligne<\/td>\n<td>Retrait de mesures n\u00e9gatives<\/td>\n<\/tr>\n<tr>\n<td>Sensibilisation sur la question \u00e9ducative<\/td>\n<td>Rassemblements<\/td>\n<td>Renforcement de l\u2019enveloppe \u00e9ducative<\/td>\n<\/tr>\n<\/tbody>\n<\/table><\/figure>\n\n<h2 class=\"wp-block-heading\">L&rsquo;art de la n\u00e9gociation avec l&rsquo;\u00c9ducation nationale<\/h2>\n\n<p>L&rsquo;instabilit\u00e9 grandissante qui caract\u00e9rise les \u00e9coles ne devrait pas avoir lieu d\u2019\u00eatre, mais elle persiste. Marianne Gazel, par ses interventions r\u00e9p\u00e9t\u00e9es, est parvenue \u00e0 \u00e9tablir un dialogue constructif avec la Direction acad\u00e9mique. Cependant, cela n&rsquo;implique pas que tout soit simple. Les tensions restent palpables et alimentent une lutte pour la pr\u00e9servation de l&rsquo;\u00e9cole.<\/p>\n\n<p>Chaque rencontre avec le CDEN est une occasion de d\u00e9fendre l&rsquo;\u00e9tablissement et d&rsquo;apporter des analyses pr\u00e9cises. La maire d\u00e9clare m\u00eame que les \u00e9l\u00e9ments qui lui ont \u00e9t\u00e9 pr\u00e9sent\u00e9s lors de ces conseils sont souvent incomplets. En \u00e9tant le porte-voix d&rsquo;une r\u00e9alit\u00e9 sociale, elle se bat pour garder son \u00e9cole \u00e0 flot. Les conversations \u00e0 ce sujet doivent donc aller au-del\u00e0 du cercle habituel et inclure les acteurs de la communaut\u00e9.<\/p>\n\n<h3 class=\"wp-block-heading\">Les fondements d&rsquo;un dialogue efficace<\/h3>\n\n<p>Une \u00e9coute r\u00e9ciproque est fondamentalement importante. Revoir les m\u00e9thodes de communication, particuli\u00e8rement celles qui englobent les parents, devient une n\u00e9cessit\u00e9 urgent. La <strong>mairie<\/strong> et les enseignants peuvent travailler main dans la main, mais cela ne se r\u00e9alisera qu&rsquo;en \u00e9vitant de prendre des d\u00e9cisions \u00e0 l&rsquo;aveugle.<\/p>\n\n<ul class=\"wp-block-list\"><li>Partenariats avec des \u00e9coles de la r\u00e9gion \ud83e\udd1d<\/li><li>Organisation d\u2019ateliers de r\u00e9flexion \ud83d\udcda<\/li><li>Cr\u00e9ation de forums de discussion avec les parents \ud83c\udf89<\/li><\/ul>\n\n<h3 class=\"wp-block-heading\">Des r\u00e9sultats concrets ?<\/h3>\n\n<p>Dans cette aventure de la pr\u00e9servation de l&rsquo;\u00e9ducation, de nombreux exemples \u00e9mergent. Un processus a d\u00e9j\u00e0 \u00e9t\u00e9 mis en place pour garantir la p\u00e9rennit\u00e9 du soutien. \u00c9tablir un plan d&rsquo;engagement avec l\u2019\u00e9ducation nationale permettra des retomb\u00e9es favorables \u00e0 Millau. Des initiatives comme celles-ci sont susceptibles d&rsquo;initier une nouvelle dynamique autour de l&rsquo;\u00e9ducation.<\/p>\n\n<figure class=\"wp-block-table\"><table>\n<thead>\n<tr>\n<th>Temps<\/th>\n<th>Action<\/th>\n<th>Responsable<\/th>\n<\/tr>\n<\/thead>\n<tbody>\n<tr>\n<td>\u00c0 court terme<\/td>\n<td>Organiser une r\u00e9union de concertation<\/td>\n<td>\u00c9quipe \u00e9ducative<\/td>\n<\/tr>\n<tr>\n<td>\u00c0 moyen terme<\/td>\n<td>\u00c9tablir un suivi des r\u00e9formes<\/td>\n<td>Conseil municipal<\/td>\n<\/tr>\n<tr>\n<td>\u00c0 long terme<\/td>\n<td>Cr\u00e9er un observatoire \u00e9ducatif<\/td>\n<td>Partenaires \u00e9ducatifs<\/td>\n<\/tr>\n<\/tbody>\n<\/table><\/figure>\n\n<h2 class=\"wp-block-heading\">La communaut\u00e9 au c\u0153ur de l&rsquo;engagement<\/h2>\n\n<p>Miser sur une \u00e9cole, c\u2019est valoriser la communaut\u00e9. Millau, par l&rsquo;engagement de sa maire, devient un exemple de ce que repr\u00e9sente une ville consciente de ses atouts. La cr\u00e9ation d&rsquo;un environnement propice \u00e0 l&rsquo;\u00e9ducation doit transcender les barri\u00e8res administratives. L&rsquo;implication active des citoyens est essentielle pour b\u00e2tir ce mouvement d&rsquo;engagement. La collaboration avec les acteurs \u00e9ducatifs doit int\u00e9grer l\u2019id\u00e9e que tout le monde a un r\u00f4le \u00e0 jouer.<\/p>\n\n<p>Les initiatives locales peuvent entra\u00eener des retomb\u00e9es positives. Les projets d&rsquo;\u00e9ducation \u00e0 l\u2019environnement et de participation citoyenne s&rsquo;installent peu \u00e0 peu dans le quotidien. Comment faire pour que la communaut\u00e9 s&#8217;empare de cette dynamique ? Chaque habitant a un potentiel, qui doit \u00eatre canalis\u00e9 vers de belles initiatives. Integrer le d\u00e9veloppement durable dans le secteur \u00e9ducatif pourrait offrir une toute autre dimension \u00e0 l&rsquo;\u00e9cole. Mettre en avant ces projets serait donc un pas dans la bonne direction.<\/p>\n\n<h3 class=\"wp-block-heading\">Les bonnes pratiques \u00e0 suivre<\/h3>\n\n<p>Un \u0153il attentif sur ce qui se fait ailleurs lorsqu&rsquo;il s&rsquo;agit de collaboration \u00e9cole-communaut\u00e9 est \u00e9galement n\u00e9cessaire. Les bonnes pratiques doivent \u00eatre recens\u00e9es et partag\u00e9es afin de renforcer le tissu social \u00e9ducatif. En voici quelques-unes \u00e0 consid\u00e9rer :<\/p>\n\n<ul class=\"wp-block-list\"><li>\u00c9changes avec des \u00e9coles d&rsquo;autres r\u00e9gions \ud83c\udf0d<\/li><li>Inclusion de parents dans le processus \u00e9ducatif \ud83d\udcdd<\/li><li>C\u00e9l\u00e9bration des succ\u00e8s des \u00e9l\u00e8ves \ud83c\udf89<\/li><\/ul>\n\n<h3 class=\"wp-block-heading\">Vers une dynamique collective<\/h3>\n\n<p>La mairie et les partenaires \u00e9ducatifs doivent se r\u00e9unir r\u00e9guli\u00e8rement pour \u00e9changer des id\u00e9es, partager des retours d&rsquo;exp\u00e9rience et construire ensemble une feuille de route. Emmanuelle Gazel indique qu\u2019elle souhaite maintenir cette dynamique collaborative. D&rsquo;ailleurs, plusieurs plateformes num\u00e9riques ont vu le jour pour t\u00e9moigner de ces initiatives. Encourager les parents et les citoyens \u00e0 participer \u00e0 diff\u00e9rents projets \u00e9ducatifs, c\u2019est l\u2019assurance d\u2019un impact durable.<\/p>\n\n<figure class=\"wp-block-table\"><table>\n<thead>\n<tr>\n<th>Initiatives<\/th>\n<th>Porteur de projet<\/th>\n<th>Type d&rsquo;action<\/th>\n<\/tr>\n<\/thead>\n<tbody>\n<tr>\n<td>Jardin \u00e9ducatif<\/td>\n<td>Association locale<\/td>\n<td>\u00c9ducation \u00e0 l&rsquo;environnement<\/td>\n<\/tr>\n<tr>\n<td>Programme artistique<\/td>\n<td>\u00c9cole primaire<\/td>\n<td>Expression culturelle<\/td>\n<\/tr>\n<tr>\n<td>Ateliers parents-enfants<\/td>\n<td>Mairie<\/td>\n<td>Renforcement du lien social<\/td>\n<\/tr>\n<\/tbody>\n<\/table><\/figure>\n\n<h2 class=\"wp-block-heading\">FAQ<\/h2>\n\n<h3 class=\"wp-block-heading\">Pourquoi l&rsquo;\u00e9cole de Beauregard est-elle si importante pour Millau ?<\/h3>\n\n<p>L&rsquo;\u00e9cole de Beauregard est situ\u00e9e dans un quartier prioritaire et joue un r\u00f4le central dans la mixit\u00e9 sociale et l&rsquo;inclusion.<\/p>\n\n<h3 class=\"wp-block-heading\">Quel est l&rsquo;impact des modifications dans les effectifs scolaires ?<\/h3>\n\n<p>La r\u00e9duction des effectifs scolaires peut mener \u00e0 un d\u00e9s\u00e9quilibre \u00e9ducatif et \u00e0 la perte de ressources n\u00e9cessaires pour accompagner les enfants.<\/p>\n\n<h3 class=\"wp-block-heading\">Comment la communaut\u00e9 peut-elle s&rsquo;engager dans le soutien scolaire ?<\/h3>\n\n<p>La communaut\u00e9 peut s&rsquo;impliquer par des initiatives locales, des partenariats avec l&rsquo;\u00e9cole, et en participant \u00e0 des \u00e9v\u00e9nements ou des ateliers.<\/p>\n\n<h3 class=\"wp-block-heading\">Quels sont les avantages du d\u00e9veloppement durable dans l&rsquo;\u00e9ducation ?<\/h3>\n\n<p>Int\u00e9grer le d\u00e9veloppement durable dans l&rsquo;\u00e9ducation permet de sensibiliser les enfants aux enjeux environnementaux et sociaux tout en favorisant une prise de conscience collective.<\/p>\n\n<h3 class=\"wp-block-heading\">Quelles actions sont pr\u00e9vues pour soutenir l&rsquo;\u00e9cole \u00e0 Millau ?<\/h3>\n\n<p>De nombreuses actions sont en pr\u00e9paration, telles que des r\u00e9unions de concertation, le renforcement d\u2019infrastructures et des activit\u00e9s \u00e9ducatives int\u00e9grant la communaut\u00e9.<\/p>\n\n","protected":false},"excerpt":{"rendered":"<p>\u00c0 Millau, la ville se retrouve \u00e0 un carrefour crucial entre urbanisation et \u00e9ducation. Les enjeux sont nombreux et varient d&rsquo;une probl\u00e9matique \u00e0 l&rsquo;autre. \u00c9vocateur d&rsquo;une lutte acharn\u00e9e pour pr\u00e9server l&rsquo;\u00e9cole Beauregard, l&rsquo;engagement de sa maire, Emmanuelle Gazel, prend tout son sens. Au lendemain de la d\u00e9cision de la Direction acad\u00e9mique de l\u2019Aveyron de supprimer &#8230; <a title=\"\u00c0 Millau, la maire s&rsquo;engage activement pour pr\u00e9server une \u00e9cole en cours de transformation urbaine\" class=\"read-more\" href=\"https:\/\/www.apres-lecole.fr\/Blog\/maire-millau-preserver-ecole\/\" aria-label=\"En savoir plus sur \u00c0 Millau, la maire s&rsquo;engage activement pour pr\u00e9server une \u00e9cole en cours de transformation urbaine\">Lire plus<\/a><\/p>\n","protected":false},"author":9,"featured_media":2045,"comment_status":"open","ping_status":"open","sticky":false,"template":"","format":"standard","meta":{"footnotes":""},"categories":[342],"tags":[410,1133,1132,1134,1135],"class_list":["post-2046","post","type-post","status-publish","format-standard","has-post-thumbnail","hentry","category-actualites","tag-ecole","tag-maire","tag-millau","tag-preservation","tag-transformation-urbaine"],"yoast_head":"<!-- This site is optimized with the Yoast SEO plugin v27.5 - https:\/\/yoast.com\/product\/yoast-seo-wordpress\/ -->\n<title>\u00c0 Millau, la maire se bat pour sauver une \u00e9cole en mutation urbaine<\/title>\n<meta name=\"description\" content=\"\u00c0 Millau, la maire agit fortement pour sauvegarder une \u00e9cole menac\u00e9e par des travaux urbains, affirmant son engagement pour l&#039;\u00e9ducation locale.\" \/>\n<meta name=\"robots\" content=\"index, follow, max-snippet:-1, max-image-preview:large, max-video-preview:-1\" \/>\n<link rel=\"canonical\" href=\"https:\/\/www.apres-lecole.fr\/Blog\/maire-millau-preserver-ecole\/\" \/>\n<meta property=\"og:locale\" content=\"fr_FR\" \/>\n<meta property=\"og:type\" content=\"article\" \/>\n<meta property=\"og:title\" content=\"\u00c0 Millau, la maire se bat pour sauver une \u00e9cole en mutation urbaine\" \/>\n<meta property=\"og:description\" content=\"\u00c0 Millau, la maire agit fortement pour sauvegarder une \u00e9cole menac\u00e9e par des travaux urbains, affirmant son engagement pour l&#039;\u00e9ducation locale.\" \/>\n<meta property=\"og:url\" content=\"https:\/\/www.apres-lecole.fr\/Blog\/maire-millau-preserver-ecole\/\" \/>\n<meta property=\"article:published_time\" content=\"2025-06-27T07:03:31+00:00\" \/>\n<meta property=\"og:image\" content=\"https:\/\/www.apres-lecole.fr\/Blog\/wp-content\/uploads\/2025\/06\/A-Millau-la-maire-sengage-activement-pour-preserver-une-ecole-en-cours-de-transformation-urbaine.jpg\" \/>\n\t<meta property=\"og:image:width\" content=\"1344\" \/>\n\t<meta property=\"og:image:height\" content=\"768\" \/>\n\t<meta property=\"og:image:type\" content=\"image\/jpeg\" \/>\n<meta name=\"author\" content=\"Eva Martin\" \/>\n<meta name=\"twitter:card\" content=\"summary_large_image\" \/>\n<meta name=\"twitter:creator\" content=\"@Evaapresecole\" \/>\n<meta name=\"twitter:label1\" content=\"\u00c9crit par\" \/>\n\t<meta name=\"twitter:data1\" content=\"Eva Martin\" \/>\n\t<meta name=\"twitter:label2\" content=\"Dur\u00e9e de lecture estim\u00e9e\" \/>\n\t<meta name=\"twitter:data2\" content=\"9 minutes\" \/>\n<script type=\"application\/ld+json\" class=\"yoast-schema-graph\">{\"@context\":\"https:\\\/\\\/schema.org\",\"@graph\":[{\"@type\":\"Article\",\"@id\":\"https:\\\/\\\/www.apres-lecole.fr\\\/Blog\\\/maire-millau-preserver-ecole\\\/#article\",\"isPartOf\":{\"@id\":\"https:\\\/\\\/www.apres-lecole.fr\\\/Blog\\\/maire-millau-preserver-ecole\\\/\"},\"author\":{\"name\":\"Eva Martin\",\"@id\":\"https:\\\/\\\/www.apres-lecole.fr\\\/Blog\\\/#\\\/schema\\\/person\\\/aeb50cd4b51fc69da155804bb5bb9fc4\"},\"headline\":\"\u00c0 Millau, la maire s&rsquo;engage activement pour pr\u00e9server une \u00e9cole en cours de transformation urbaine\",\"datePublished\":\"2025-06-27T07:03:31+00:00\",\"mainEntityOfPage\":{\"@id\":\"https:\\\/\\\/www.apres-lecole.fr\\\/Blog\\\/maire-millau-preserver-ecole\\\/\"},\"wordCount\":1826,\"commentCount\":0,\"image\":{\"@id\":\"https:\\\/\\\/www.apres-lecole.fr\\\/Blog\\\/maire-millau-preserver-ecole\\\/#primaryimage\"},\"thumbnailUrl\":\"https:\\\/\\\/www.apres-lecole.fr\\\/Blog\\\/wp-content\\\/uploads\\\/2025\\\/06\\\/A-Millau-la-maire-sengage-activement-pour-preserver-une-ecole-en-cours-de-transformation-urbaine.jpg\",\"keywords\":[\"\u00e9cole\",\"maire\",\"millau\",\"pr\u00e9servation\",\"transformation urbaine\"],\"articleSection\":[\"Actualit\u00e9s\"],\"inLanguage\":\"fr-FR\",\"potentialAction\":[{\"@type\":\"CommentAction\",\"name\":\"Comment\",\"target\":[\"https:\\\/\\\/www.apres-lecole.fr\\\/Blog\\\/maire-millau-preserver-ecole\\\/#respond\"]}]},{\"@type\":\"WebPage\",\"@id\":\"https:\\\/\\\/www.apres-lecole.fr\\\/Blog\\\/maire-millau-preserver-ecole\\\/\",\"url\":\"https:\\\/\\\/www.apres-lecole.fr\\\/Blog\\\/maire-millau-preserver-ecole\\\/\",\"name\":\"\u00c0 Millau, la maire se bat pour sauver une \u00e9cole en mutation urbaine\",\"isPartOf\":{\"@id\":\"https:\\\/\\\/www.apres-lecole.fr\\\/Blog\\\/#website\"},\"primaryImageOfPage\":{\"@id\":\"https:\\\/\\\/www.apres-lecole.fr\\\/Blog\\\/maire-millau-preserver-ecole\\\/#primaryimage\"},\"image\":{\"@id\":\"https:\\\/\\\/www.apres-lecole.fr\\\/Blog\\\/maire-millau-preserver-ecole\\\/#primaryimage\"},\"thumbnailUrl\":\"https:\\\/\\\/www.apres-lecole.fr\\\/Blog\\\/wp-content\\\/uploads\\\/2025\\\/06\\\/A-Millau-la-maire-sengage-activement-pour-preserver-une-ecole-en-cours-de-transformation-urbaine.jpg\",\"datePublished\":\"2025-06-27T07:03:31+00:00\",\"author\":{\"@id\":\"https:\\\/\\\/www.apres-lecole.fr\\\/Blog\\\/#\\\/schema\\\/person\\\/aeb50cd4b51fc69da155804bb5bb9fc4\"},\"description\":\"\u00c0 Millau, la maire agit fortement pour sauvegarder une \u00e9cole menac\u00e9e par des travaux urbains, affirmant son engagement pour l'\u00e9ducation locale.\",\"breadcrumb\":{\"@id\":\"https:\\\/\\\/www.apres-lecole.fr\\\/Blog\\\/maire-millau-preserver-ecole\\\/#breadcrumb\"},\"inLanguage\":\"fr-FR\",\"potentialAction\":[{\"@type\":\"ReadAction\",\"target\":[\"https:\\\/\\\/www.apres-lecole.fr\\\/Blog\\\/maire-millau-preserver-ecole\\\/\"]}]},{\"@type\":\"ImageObject\",\"inLanguage\":\"fr-FR\",\"@id\":\"https:\\\/\\\/www.apres-lecole.fr\\\/Blog\\\/maire-millau-preserver-ecole\\\/#primaryimage\",\"url\":\"https:\\\/\\\/www.apres-lecole.fr\\\/Blog\\\/wp-content\\\/uploads\\\/2025\\\/06\\\/A-Millau-la-maire-sengage-activement-pour-preserver-une-ecole-en-cours-de-transformation-urbaine.jpg\",\"contentUrl\":\"https:\\\/\\\/www.apres-lecole.fr\\\/Blog\\\/wp-content\\\/uploads\\\/2025\\\/06\\\/A-Millau-la-maire-sengage-activement-pour-preserver-une-ecole-en-cours-de-transformation-urbaine.jpg\",\"width\":1344,\"height\":768,\"caption\":\"d\u00e9couvrez comment la maire de millau s'engage pour pr\u00e9server une \u00e9cole en pleine transformation urbaine, mettant en lumi\u00e8re l'importance de l'\u00e9ducation et la protection des espaces communautaires.\"},{\"@type\":\"BreadcrumbList\",\"@id\":\"https:\\\/\\\/www.apres-lecole.fr\\\/Blog\\\/maire-millau-preserver-ecole\\\/#breadcrumb\",\"itemListElement\":[{\"@type\":\"ListItem\",\"position\":1,\"name\":\"Home\",\"item\":\"https:\\\/\\\/www.apres-lecole.fr\\\/Blog\\\/\"},{\"@type\":\"ListItem\",\"position\":2,\"name\":\"\u00c0 Millau, la maire s&rsquo;engage activement pour pr\u00e9server une \u00e9cole en cours de transformation urbaine\"}]},{\"@type\":\"WebSite\",\"@id\":\"https:\\\/\\\/www.apres-lecole.fr\\\/Blog\\\/#website\",\"url\":\"https:\\\/\\\/www.apres-lecole.fr\\\/Blog\\\/\",\"name\":\"\",\"description\":\"M\u00e9dia g\u00e9n\u00e9raliste\",\"potentialAction\":[{\"@type\":\"SearchAction\",\"target\":{\"@type\":\"EntryPoint\",\"urlTemplate\":\"https:\\\/\\\/www.apres-lecole.fr\\\/Blog\\\/?s={search_term_string}\"},\"query-input\":{\"@type\":\"PropertyValueSpecification\",\"valueRequired\":true,\"valueName\":\"search_term_string\"}}],\"inLanguage\":\"fr-FR\"},{\"@type\":\"Person\",\"@id\":\"https:\\\/\\\/www.apres-lecole.fr\\\/Blog\\\/#\\\/schema\\\/person\\\/aeb50cd4b51fc69da155804bb5bb9fc4\",\"name\":\"Eva Martin\",\"image\":{\"@type\":\"ImageObject\",\"inLanguage\":\"fr-FR\",\"@id\":\"https:\\\/\\\/secure.gravatar.com\\\/avatar\\\/55c53222558b27a72015a64073a80edce4abd33369394b9bf2c5cd6c19d12682?s=96&d=mm&r=g\",\"url\":\"https:\\\/\\\/secure.gravatar.com\\\/avatar\\\/55c53222558b27a72015a64073a80edce4abd33369394b9bf2c5cd6c19d12682?s=96&d=mm&r=g\",\"contentUrl\":\"https:\\\/\\\/secure.gravatar.com\\\/avatar\\\/55c53222558b27a72015a64073a80edce4abd33369394b9bf2c5cd6c19d12682?s=96&d=mm&r=g\",\"caption\":\"Eva Martin\"},\"description\":\"Je parle de business et d'entrepreneuriat avec des conseils clairs, concrets et actionnables pour r\u00e9ussir\",\"sameAs\":[\"https:\\\/\\\/x.com\\\/Evaapresecole\"],\"url\":\"https:\\\/\\\/www.apres-lecole.fr\\\/Blog\\\/author\\\/evamartin\\\/\"}]}<\/script>\n<!-- \/ Yoast SEO plugin. -->","yoast_head_json":{"title":"\u00c0 Millau, la maire se bat pour sauver une \u00e9cole en mutation urbaine","description":"\u00c0 Millau, la maire agit fortement pour sauvegarder une \u00e9cole menac\u00e9e par des travaux urbains, affirmant son engagement pour l'\u00e9ducation locale.","robots":{"index":"index","follow":"follow","max-snippet":"max-snippet:-1","max-image-preview":"max-image-preview:large","max-video-preview":"max-video-preview:-1"},"canonical":"https:\/\/www.apres-lecole.fr\/Blog\/maire-millau-preserver-ecole\/","og_locale":"fr_FR","og_type":"article","og_title":"\u00c0 Millau, la maire se bat pour sauver une \u00e9cole en mutation urbaine","og_description":"\u00c0 Millau, la maire agit fortement pour sauvegarder une \u00e9cole menac\u00e9e par des travaux urbains, affirmant son engagement pour l'\u00e9ducation locale.","og_url":"https:\/\/www.apres-lecole.fr\/Blog\/maire-millau-preserver-ecole\/","article_published_time":"2025-06-27T07:03:31+00:00","og_image":[{"width":1344,"height":768,"url":"https:\/\/www.apres-lecole.fr\/Blog\/wp-content\/uploads\/2025\/06\/A-Millau-la-maire-sengage-activement-pour-preserver-une-ecole-en-cours-de-transformation-urbaine.jpg","type":"image\/jpeg"}],"author":"Eva Martin","twitter_card":"summary_large_image","twitter_creator":"@Evaapresecole","twitter_misc":{"\u00c9crit par":"Eva Martin","Dur\u00e9e de lecture estim\u00e9e":"9 minutes"},"schema":{"@context":"https:\/\/schema.org","@graph":[{"@type":"Article","@id":"https:\/\/www.apres-lecole.fr\/Blog\/maire-millau-preserver-ecole\/#article","isPartOf":{"@id":"https:\/\/www.apres-lecole.fr\/Blog\/maire-millau-preserver-ecole\/"},"author":{"name":"Eva Martin","@id":"https:\/\/www.apres-lecole.fr\/Blog\/#\/schema\/person\/aeb50cd4b51fc69da155804bb5bb9fc4"},"headline":"\u00c0 Millau, la maire s&rsquo;engage activement pour pr\u00e9server une \u00e9cole en cours de transformation urbaine","datePublished":"2025-06-27T07:03:31+00:00","mainEntityOfPage":{"@id":"https:\/\/www.apres-lecole.fr\/Blog\/maire-millau-preserver-ecole\/"},"wordCount":1826,"commentCount":0,"image":{"@id":"https:\/\/www.apres-lecole.fr\/Blog\/maire-millau-preserver-ecole\/#primaryimage"},"thumbnailUrl":"https:\/\/www.apres-lecole.fr\/Blog\/wp-content\/uploads\/2025\/06\/A-Millau-la-maire-sengage-activement-pour-preserver-une-ecole-en-cours-de-transformation-urbaine.jpg","keywords":["\u00e9cole","maire","millau","pr\u00e9servation","transformation urbaine"],"articleSection":["Actualit\u00e9s"],"inLanguage":"fr-FR","potentialAction":[{"@type":"CommentAction","name":"Comment","target":["https:\/\/www.apres-lecole.fr\/Blog\/maire-millau-preserver-ecole\/#respond"]}]},{"@type":"WebPage","@id":"https:\/\/www.apres-lecole.fr\/Blog\/maire-millau-preserver-ecole\/","url":"https:\/\/www.apres-lecole.fr\/Blog\/maire-millau-preserver-ecole\/","name":"\u00c0 Millau, la maire se bat pour sauver une \u00e9cole en mutation urbaine","isPartOf":{"@id":"https:\/\/www.apres-lecole.fr\/Blog\/#website"},"primaryImageOfPage":{"@id":"https:\/\/www.apres-lecole.fr\/Blog\/maire-millau-preserver-ecole\/#primaryimage"},"image":{"@id":"https:\/\/www.apres-lecole.fr\/Blog\/maire-millau-preserver-ecole\/#primaryimage"},"thumbnailUrl":"https:\/\/www.apres-lecole.fr\/Blog\/wp-content\/uploads\/2025\/06\/A-Millau-la-maire-sengage-activement-pour-preserver-une-ecole-en-cours-de-transformation-urbaine.jpg","datePublished":"2025-06-27T07:03:31+00:00","author":{"@id":"https:\/\/www.apres-lecole.fr\/Blog\/#\/schema\/person\/aeb50cd4b51fc69da155804bb5bb9fc4"},"description":"\u00c0 Millau, la maire agit fortement pour sauvegarder une \u00e9cole menac\u00e9e par des travaux urbains, affirmant son engagement pour l'\u00e9ducation locale.","breadcrumb":{"@id":"https:\/\/www.apres-lecole.fr\/Blog\/maire-millau-preserver-ecole\/#breadcrumb"},"inLanguage":"fr-FR","potentialAction":[{"@type":"ReadAction","target":["https:\/\/www.apres-lecole.fr\/Blog\/maire-millau-preserver-ecole\/"]}]},{"@type":"ImageObject","inLanguage":"fr-FR","@id":"https:\/\/www.apres-lecole.fr\/Blog\/maire-millau-preserver-ecole\/#primaryimage","url":"https:\/\/www.apres-lecole.fr\/Blog\/wp-content\/uploads\/2025\/06\/A-Millau-la-maire-sengage-activement-pour-preserver-une-ecole-en-cours-de-transformation-urbaine.jpg","contentUrl":"https:\/\/www.apres-lecole.fr\/Blog\/wp-content\/uploads\/2025\/06\/A-Millau-la-maire-sengage-activement-pour-preserver-une-ecole-en-cours-de-transformation-urbaine.jpg","width":1344,"height":768,"caption":"d\u00e9couvrez comment la maire de millau s'engage pour pr\u00e9server une \u00e9cole en pleine transformation urbaine, mettant en lumi\u00e8re l'importance de l'\u00e9ducation et la protection des espaces communautaires."},{"@type":"BreadcrumbList","@id":"https:\/\/www.apres-lecole.fr\/Blog\/maire-millau-preserver-ecole\/#breadcrumb","itemListElement":[{"@type":"ListItem","position":1,"name":"Home","item":"https:\/\/www.apres-lecole.fr\/Blog\/"},{"@type":"ListItem","position":2,"name":"\u00c0 Millau, la maire s&rsquo;engage activement pour pr\u00e9server une \u00e9cole en cours de transformation urbaine"}]},{"@type":"WebSite","@id":"https:\/\/www.apres-lecole.fr\/Blog\/#website","url":"https:\/\/www.apres-lecole.fr\/Blog\/","name":"","description":"M\u00e9dia g\u00e9n\u00e9raliste","potentialAction":[{"@type":"SearchAction","target":{"@type":"EntryPoint","urlTemplate":"https:\/\/www.apres-lecole.fr\/Blog\/?s={search_term_string}"},"query-input":{"@type":"PropertyValueSpecification","valueRequired":true,"valueName":"search_term_string"}}],"inLanguage":"fr-FR"},{"@type":"Person","@id":"https:\/\/www.apres-lecole.fr\/Blog\/#\/schema\/person\/aeb50cd4b51fc69da155804bb5bb9fc4","name":"Eva Martin","image":{"@type":"ImageObject","inLanguage":"fr-FR","@id":"https:\/\/secure.gravatar.com\/avatar\/55c53222558b27a72015a64073a80edce4abd33369394b9bf2c5cd6c19d12682?s=96&d=mm&r=g","url":"https:\/\/secure.gravatar.com\/avatar\/55c53222558b27a72015a64073a80edce4abd33369394b9bf2c5cd6c19d12682?s=96&d=mm&r=g","contentUrl":"https:\/\/secure.gravatar.com\/avatar\/55c53222558b27a72015a64073a80edce4abd33369394b9bf2c5cd6c19d12682?s=96&d=mm&r=g","caption":"Eva Martin"},"description":"Je parle de business et d'entrepreneuriat avec des conseils clairs, concrets et actionnables pour r\u00e9ussir","sameAs":["https:\/\/x.com\/Evaapresecole"],"url":"https:\/\/www.apres-lecole.fr\/Blog\/author\/evamartin\/"}]}},"views":4,"_links":{"self":[{"href":"https:\/\/www.apres-lecole.fr\/Blog\/wp-json\/wp\/v2\/posts\/2046","targetHints":{"allow":["GET"]}}],"collection":[{"href":"https:\/\/www.apres-lecole.fr\/Blog\/wp-json\/wp\/v2\/posts"}],"about":[{"href":"https:\/\/www.apres-lecole.fr\/Blog\/wp-json\/wp\/v2\/types\/post"}],"author":[{"embeddable":true,"href":"https:\/\/www.apres-lecole.fr\/Blog\/wp-json\/wp\/v2\/users\/9"}],"replies":[{"embeddable":true,"href":"https:\/\/www.apres-lecole.fr\/Blog\/wp-json\/wp\/v2\/comments?post=2046"}],"version-history":[{"count":0,"href":"https:\/\/www.apres-lecole.fr\/Blog\/wp-json\/wp\/v2\/posts\/2046\/revisions"}],"wp:featuredmedia":[{"embeddable":true,"href":"https:\/\/www.apres-lecole.fr\/Blog\/wp-json\/wp\/v2\/media\/2045"}],"wp:attachment":[{"href":"https:\/\/www.apres-lecole.fr\/Blog\/wp-json\/wp\/v2\/media?parent=2046"}],"wp:term":[{"taxonomy":"category","embeddable":true,"href":"https:\/\/www.apres-lecole.fr\/Blog\/wp-json\/wp\/v2\/categories?post=2046"},{"taxonomy":"post_tag","embeddable":true,"href":"https:\/\/www.apres-lecole.fr\/Blog\/wp-json\/wp\/v2\/tags?post=2046"}],"curies":[{"name":"wp","href":"https:\/\/api.w.org\/{rel}","templated":true}]}}