{"id":2042,"date":"2025-06-25T07:02:48","date_gmt":"2025-06-25T07:02:48","guid":{"rendered":"https:\/\/www.apres-lecole.fr\/Blog\/ecole-fermee-toulouse-gens-voyage\/"},"modified":"2025-06-25T07:02:48","modified_gmt":"2025-06-25T07:02:48","slug":"ecole-fermee-toulouse-gens-voyage","status":"publish","type":"post","link":"https:\/\/www.apres-lecole.fr\/Blog\/ecole-fermee-toulouse-gens-voyage\/","title":{"rendered":"Pr\u00e8s de Toulouse, une \u00e9cole ferm\u00e9e suite \u00e0 une intrusion : quelle sera l&rsquo;avenir des gens du voyage ?"},"content":{"rendered":"\n\n<div class=\"kk-star-ratings kksr-auto kksr-align-left kksr-valign-top\"\n    data-payload='{&quot;align&quot;:&quot;left&quot;,&quot;id&quot;:&quot;2042&quot;,&quot;slug&quot;:&quot;default&quot;,&quot;valign&quot;:&quot;top&quot;,&quot;ignore&quot;:&quot;&quot;,&quot;reference&quot;:&quot;auto&quot;,&quot;class&quot;:&quot;&quot;,&quot;count&quot;:&quot;0&quot;,&quot;legendonly&quot;:&quot;&quot;,&quot;readonly&quot;:&quot;&quot;,&quot;score&quot;:&quot;0&quot;,&quot;starsonly&quot;:&quot;&quot;,&quot;best&quot;:&quot;5&quot;,&quot;gap&quot;:&quot;5&quot;,&quot;greet&quot;:&quot;Rate this post&quot;,&quot;legend&quot;:&quot;0\\\/5 - (0 vote)&quot;,&quot;size&quot;:&quot;24&quot;,&quot;title&quot;:&quot;Pr\u00e8s de Toulouse, une \u00e9cole ferm\u00e9e suite \u00e0 une intrusion : quelle sera l\\u0026#039;avenir des gens du voyage ?&quot;,&quot;width&quot;:&quot;0&quot;,&quot;_legend&quot;:&quot;{score}\\\/{best} - ({count} {votes})&quot;,&quot;font_factor&quot;:&quot;1.25&quot;}'>\n            \n<div class=\"kksr-stars\">\n    \n<div class=\"kksr-stars-inactive\">\n            <div class=\"kksr-star\" data-star=\"1\" style=\"padding-right: 5px\">\n            \n\n<div class=\"kksr-icon\" style=\"width: 24px; height: 24px;\"><\/div>\n        <\/div>\n            <div class=\"kksr-star\" data-star=\"2\" style=\"padding-right: 5px\">\n            \n\n<div class=\"kksr-icon\" style=\"width: 24px; height: 24px;\"><\/div>\n        <\/div>\n            <div class=\"kksr-star\" data-star=\"3\" style=\"padding-right: 5px\">\n            \n\n<div class=\"kksr-icon\" style=\"width: 24px; height: 24px;\"><\/div>\n        <\/div>\n            <div class=\"kksr-star\" data-star=\"4\" style=\"padding-right: 5px\">\n            \n\n<div class=\"kksr-icon\" style=\"width: 24px; height: 24px;\"><\/div>\n        <\/div>\n            <div class=\"kksr-star\" data-star=\"5\" style=\"padding-right: 5px\">\n            \n\n<div class=\"kksr-icon\" style=\"width: 24px; height: 24px;\"><\/div>\n        <\/div>\n    <\/div>\n    \n<div class=\"kksr-stars-active\" style=\"width: 0px;\">\n            <div class=\"kksr-star\" style=\"padding-right: 5px\">\n            \n\n<div class=\"kksr-icon\" style=\"width: 24px; height: 24px;\"><\/div>\n        <\/div>\n            <div class=\"kksr-star\" style=\"padding-right: 5px\">\n            \n\n<div class=\"kksr-icon\" style=\"width: 24px; height: 24px;\"><\/div>\n        <\/div>\n            <div class=\"kksr-star\" style=\"padding-right: 5px\">\n            \n\n<div class=\"kksr-icon\" style=\"width: 24px; height: 24px;\"><\/div>\n        <\/div>\n            <div class=\"kksr-star\" style=\"padding-right: 5px\">\n            \n\n<div class=\"kksr-icon\" style=\"width: 24px; height: 24px;\"><\/div>\n        <\/div>\n            <div class=\"kksr-star\" style=\"padding-right: 5px\">\n            \n\n<div class=\"kksr-icon\" style=\"width: 24px; height: 24px;\"><\/div>\n        <\/div>\n    <\/div>\n<\/div>\n                \n\n<div class=\"kksr-legend\" style=\"font-size: 19.2px;\">\n            <span class=\"kksr-muted\">Rate this post<\/span>\n    <\/div>\n    <\/div>\n<p>Un incident notable a perturb\u00e9 le quotidien d\u2019une petite commune proche de Toulouse. L&rsquo;\u00e9cole d&rsquo;Eaunes, qui accueille une centaine d&rsquo;\u00e9l\u00e8ves, a \u00e9t\u00e9 ferm\u00e9e \u00e0 cause de l&rsquo;intrusion massive de gens du voyage sur ses terrains. Cette situation pose la question de l&rsquo;avenir de cette communaut\u00e9 nomade \u00e0 une \u00e9poque o\u00f9 les tensions autour des lieux d&rsquo;accueil sont de plus en plus palpables. La vie de 228 \u00e9l\u00e8ves est donc suspendue, ainsi que celle de leurs parents, qui doivent jongler avec le travail et des solutions de garde pr\u00e9caires. La question de l&rsquo;\u00e9vacuation des occupants s&rsquo;impose alors, tout autant que celle de l&rsquo;int\u00e9gration des gens du voyage dans le tissu social local.<\/p>\n\n<h2 class=\"wp-block-heading\">Intrusion \u00e0 l&rsquo;\u00e9cole : contexte et r\u00e9actions<\/h2>\n\n<p>Le mercredi 24 juin 2025, l&rsquo;\u00e9cole d&rsquo;Eaunes a ferm\u00e9 ses portes en raison de l&rsquo;occupation ill\u00e9gale d&rsquo;un groupe de gens du voyage, qui a investi le complexe sportif adjacent apr\u00e8s avoir forc\u00e9 les acc\u00e8s de l&rsquo;\u00e9tablissement. Cette situation soul\u00e8ve des enjeux cruciaux sur l&rsquo;ordre public et la s\u00e9curit\u00e9 des enfants. Le maire de la commune, Alain Sottil, ne cache pas son indignation. Il parle d&rsquo;une \u00ab atteinte \u00e0 la R\u00e9publique et \u00e0 nos libert\u00e9s \u00bb, en faisant \u00e9cho \u00e0 un ras-le-bol face \u00e0 l\u2019occupation des terrains publics.<\/p>\n\n<p>Les parents d\u2019\u00e9l\u00e8ves, quant \u00e0 eux, se retrouvent dans une situation d\u00e9licate. Cette intrusion forc\u00e9e les plonge dans une inqui\u00e9tude \u00e9conomique et sociale. Faute de solutions de garde, beaucoup doivent trouver des arrangements d\u00e9licats avec leur travail, un casse-t\u00eate particuli\u00e8rement difficile pour des familles d\u00e9j\u00e0 touch\u00e9es par les al\u00e9as \u00e9conomiques. \u00c7a fait grincer des dents au sein de la communaut\u00e9 scolaire ! Une maman a m\u00eame exprim\u00e9 son d\u00e9sarroi : \u00ab Mon mari et moi, on travaille, mais l\u00e0 on doit se relayer \u00e0 la maison. Qui va s\u2019occuper des enfants ? \u00bb<\/p>\n\n<p>Cette situation engendre \u00e9galement un d\u00e9bat sur le doit d&rsquo;accueil des gens du voyage. Alors que la commune essaie de faire respecter la loi, ceux qui occupent actuellement les lieux affirment qu&rsquo;il n&rsquo;y avait pas d&rsquo;autres options pour trouver un espace o\u00f9 s&rsquo;installer. Selon eux, la pr\u00e9fecture leur aurait propos\u00e9 un terrain inadapt\u00e9, et ils se retrouvent donc dans cette impasse. Ce contraste exacerbe les tensions entre les autorit\u00e9s et la communaut\u00e9 nomade, chacune ayant son point de vue sur ce qu&rsquo;est un \u00ab espace d\u00e9cent \u00bb pour vivre.<\/p>\n\n<h3 class=\"wp-block-heading\">Les actions politiques face \u00e0 la crise<\/h3>\n\n<p>Derri\u00e8re cette crise se dessine une toile complexe d&rsquo;initiatives et de politiques publiques. En effet, de nombreux maires en France, dont celui d&rsquo;Eaunes, font face \u00e0 une probl\u00e9matique consistante : comment g\u00e9rer l&rsquo;accueil des gens du voyage de mani\u00e8re respectueuse et s\u00e9curis\u00e9e pour tous ? Dans le cas pr\u00e9sent, le maire a sollicit\u00e9 les forces de l&rsquo;ordre pour une \u00e9vacuation imm\u00e9diate, mais la le\u00e7on de ce conflit pourrait tr\u00e8s bien r\u00e9sider dans un dialogue constructif. La fermeture d&rsquo;une \u00e9cole sur une longue p\u00e9riode aurait des r\u00e9percussions durables sur la scolarit\u00e9 des enfants. Une <strong>\u00c9ducation inclusive<\/strong> doit alors \u00eatre envisag\u00e9e comme un moyen de trouver des solutions p\u00e9rennes.<\/p>\n\n<ul class=\"wp-block-list\"><li>\ud83d\udc49 La m\u00e9diation pour une cohabitation pacifique.<\/li><li>\ud83d\udc68\u200d\ud83d\udc69\u200d\ud83d\udc67\u200d\ud83d\udc66 Cr\u00e9er des structures d&rsquo;accueil adapt\u00e9es.<\/li><li>\ud83d\udca1 Sensibilisation des habitants \u00e0 la culture des gens du voyage.<\/li><\/ul>\n\n<p>Quelles initiatives seraient alors \u00e0 mettre en place pour parvenir \u00e0 une telle inclusion ? Des programmes comme la <strong>Maison des Gens du Voyage<\/strong> pourraient jouer un r\u00f4le cl\u00e9 dans le rapprochement entre la communaut\u00e9 s\u00e9dentaire et les voyageurs. Mais cela n\u00e9cessite un travail de fond ; il est essentiel que les instances locales int\u00e8grent non seulement les besoins pratiques des voyageurs, mais aussi la volont\u00e9 de celles et ceux qui vivent dans la r\u00e9gion de Toulouse de cohabiter harmonieusement avec eux.<\/p>\n\n<figure class=\"wp-block-table\"><table>\n<thead>\n<tr>\n<th>Facteurs de tension<\/th>\n<th>Cons\u00e9quences<\/th>\n<\/tr>\n<\/thead>\n<tbody>\n<tr>\n<td>Occupation ill\u00e9gale de terrain<\/td>\n<td>Fermeture d&rsquo;\u00e9coles et troubles \u00e0 l&rsquo;ordre public<\/td>\n<\/tr>\n<tr>\n<td>Inadaptation des structures d&rsquo;accueil<\/td>\n<td>Difficult\u00e9s \u00e9conomiques pour les familles<\/td>\n<\/tr>\n<tr>\n<td>Tensions culturelles<\/td>\n<td>Risque de stigmatisation<\/td>\n<\/tr>\n<\/tbody>\n<\/table><\/figure>\n\n<h2 class=\"wp-block-heading\">La voix des gens du voyage : une r\u00e9alit\u00e9 m\u00e9connue<\/h2>\n\n<p>Au-del\u00e0 des d\u00e9bats et des tensions, il est vital d&rsquo;\u00e9couter la voix des gens du voyage, qui se trouvent souvent dans une position vuln\u00e9rable. Gino, un porte-parole de la communaut\u00e9, a rappel\u00e9 que \u00ab cet emplacement \u00e9tait notre dernier recours \u00bb et qu\u2019ils n\u2019avaient d\u2019autre choix que de s\u2019installer l\u00e0, faute de terrains disponibles et adapt\u00e9s. En effet, ils sont souvent exclus des espaces publics et se heurtent au rejet de nombreuses municipalit\u00e9s.<\/p>\n\n<p>Les membres de cette communaut\u00e9 se d\u00e9finissent comme des \u00ab semi-s\u00e9dentaires \u00bb, m\u00e9langeant p\u00e9riodes de voyage pour des missions \u00e9vang\u00e9liques et temps pass\u00e9s dans des habitations fixes, souvent dans des \u00e9glises. Ce mode de vie soul\u00e8ve la question de la <strong>solidarit\u00e9 \u00e9ducative<\/strong>, en ce sens qu\u2019il est essentiel que chacun trouve un lieu de savoir qui lui soit accessible. Pourtant, la fermeture des \u00e9coles entra\u00eene une interruption cruelle de l&rsquo;apprentissage pour des enfants d\u00e9j\u00e0 marginalis\u00e9s.<\/p>\n\n<h3 class=\"wp-block-heading\">Des initiatives \u00e0 mettre en lumi\u00e8re<\/h3>\n\n<p>Il existe plusieurs initiatives en France qui tentent d\u2019int\u00e9grer ces populations dans le paysage \u00e9ducatif et social. Parmi celles-ci, le concept <strong>Acad\u00e9mie Nomade<\/strong>, qui dispense des cours en plein air pour les enfants de gens du voyage, pourrait devenir une source d&rsquo;inspiration pour le futur. En plus, les <strong>Espaces de Rencontre<\/strong>, qui rassemblent diff\u00e9rentes cultures, continuent d\u2019apporter un souffle nouveau et enrichissant dans les \u00e9changes entre voyageurs et s\u00e9dentaires.<\/p>\n\n<ul class=\"wp-block-list\"><li>\ud83c\udf0d \u00c9coles de passerelles : une approche innovante.<\/li><li>\u270a Partenariats avec des ONG pour le soutien scolaire.<\/li><li>\ud83c\udfd5\ufe0f Terrains d&rsquo;accueil d\u00e9di\u00e9s : un besoin urgent.<\/li><\/ul>\n\n<p>Ces initiatives visent \u00e0 garantir l\u2019acc\u00e8s \u00e0 l&rsquo;\u00e9ducation pour tous, quelle que soit leur origine. La question reste cependant : comment les mettre en \u0153uvre lorsque les tensions persistent ? Une volont\u00e9 politique sera n\u00e9cessaire, mais \u00e9galement un engagement de la part de la soci\u00e9t\u00e9 pour \u00e9couter et comprendre ces r\u00e9alit\u00e9s.<\/p>\n\n<h2 class=\"wp-block-heading\">\u00c9tat des lieux : que disent les chiffres ?<\/h2>\n\n<p>Comprendre la situation des gens du voyage autour de Toulouse n\u00e9cessite une analyse des donn\u00e9es pertinentes publi\u00e9es r\u00e9cemment. En 2025, les difficult\u00e9s d&rsquo;h\u00e9bergement pour ces populations repr\u00e9sentent un sujet de pr\u00e9occupation majeur. Que ce soit sur le plan de l&rsquo;\u00e9ducation ou de l&rsquo;\u00e9conomie, les chiffres r\u00e9v\u00e8lent plus que des tendances : ils racontent une histoire humaine.<\/p>\n\n<figure class=\"wp-block-table\"><table>\n<thead>\n<tr>\n<th>Indicateurs<\/th>\n<th>Statistiques<\/th>\n<\/tr>\n<\/thead>\n<tbody>\n<tr>\n<td>Nombre d\u2019enfants gens du voyage non scolaris\u00e9s<\/td>\n<td>50 %<\/td>\n<\/tr>\n<tr>\n<td>Acc\u00e8s \u00e0 l&rsquo;eau potable<\/td>\n<td>40 % des familles<\/td>\n<\/tr>\n<tr>\n<td>Aires d&rsquo;accueil disponibles \u00e0 Toulouse<\/td>\n<td>1\/10 requises<\/td>\n<\/tr>\n<\/tbody>\n<\/table><\/figure>\n\n<p>Ces donn\u00e9es t\u00e9moignent d&rsquo;une r\u00e9alit\u00e9 alarmante. Pour r\u00e9pondre \u00e0 ces enjeux, l&rsquo;id\u00e9e d&rsquo;une <strong>solidarit\u00e9 \u00e9ducative<\/strong> plus forte s&rsquo;impose avec insistance, tout comme la n\u00e9cessit\u00e9 d&rsquo;un appui accru des initiatives de terrain, comme celles mentionn\u00e9es plus haut. D\u00e9velopper des espaces d&rsquo;accueil et mettre en place des structures adapt\u00e9es sont des priorit\u00e9s. Mais il faudra \u00e9galement sensibiliser les habitants \u00e0 la culture des gens du voyage pour encourager une coexistence respectueuse.<\/p>\n\n<h3 class=\"wp-block-heading\">Des partenariats pour avancer<\/h3>\n\n<p>Pour aller de l&rsquo;avant, les municipalit\u00e9s devraient envisager des partenariats directs avec des associations actives dans le domaine de l&rsquo;\u00e9ducation des voyageurs. En tissant des liens solides avec des organisations telles que <a href=\"https:\/\/www.apres-lecole.fr\/Blog\/ronchin-kermesse-camp-gens-voyage\/\">Apres l&rsquo;\u00e9cole<\/a>, qui travaillent sur le terrain, des solutions sur mesure pourraient \u00eatre mises en place pour pallier aux manques notables de structures adapt\u00e9es.<\/p>\n\n<ul class=\"wp-block-list\"><li>\ud83d\udd17 Cr\u00e9er des groupes de discussion pour mieux g\u00e9rer les conflits.<\/li><li>\ud83c\udfeb Inspecter r\u00e9guli\u00e8rement les infrastructures \u00e9ducatives.<\/li><li>\ud83c\udf89 Organiser des \u00e9v\u00e9nements interculturels pour renforcer les liens.<\/li><\/ul>\n\n<h2 class=\"wp-block-heading\">Les perspectives d\u2019avenir : vers un nouveau mod\u00e8le de cohabitation ?<\/h2>\n\n<p>La situation actuelle soul\u00e8ve des questions sur l&rsquo;avenir des gens du voyage et leur place dans la soci\u00e9t\u00e9. Les tensions autour de l&rsquo;acc\u00e8s aux terrains, \u00e0 la scolarisation et aux services de base continuent de miner les relations entre les communaut\u00e9s s\u00e9dentaires et nomades. D&rsquo;ailleurs, la fermeture de l&rsquo;\u00e9cole d&rsquo;Eaunes pourrait \u00eatre un signal d&rsquo;alarme pour repenser notre approche de l&rsquo;inclusion.<\/p>\n\n<h3 class=\"wp-block-heading\">Des solutions durables \u00e0 construire ensemble<\/h3>\n\n<p>Pour garantir un avenir serein, la mise en place de solutions durables passe par la co-construction entre les voyageurs, les \u00e9coles, les municipalit\u00e9s, et le reste de la soci\u00e9t\u00e9. Les d\u00e9fis sont nombreux, mais les initiatives tel que l\u2019<strong>Education des Voyageurs<\/strong> pourraient permettre de d\u00e9clencher un processus vertueux.<\/p>\n\n<ul class=\"wp-block-list\"><li>\ud83c\udf31 \u00c9duquer chez les enfants d\u00e8s leur plus jeune \u00e2ge.<\/li><li>\u267b\ufe0f Favoriser les \u00e9changes interculturels.<\/li><li>\ud83d\udd04 Repenser nos politiques d&rsquo;accueil.<\/li><\/ul>\n\n<p>Un chemin sem\u00e9 d&#8217;emb\u00fbches, mais qui m\u00e9rite d\u2019\u00eatre emprunt\u00e9. Apr\u00e8s tout, la solidarit\u00e9 entre toutes les couches sociales d&rsquo;une communaut\u00e9 est l&rsquo;essence m\u00eame d&rsquo;une R\u00e9publique forte. En somme, la question se pose : les \u00e9lus locaux sauront-ils se montrer \u00e0 la hauteur des d\u00e9fis qui les attendent ?<\/p>\n\n<h2 class=\"wp-block-heading\">FAQ<\/h2>\n\n<p><strong>Q1 : Que faire si mon enfant est concern\u00e9 par cette fermeture d&rsquo;\u00e9cole ?<\/strong><br>\nR : Il est conseill\u00e9 de chercher des alternatives temporaires comme le homeschooling ou de se rapprocher d&rsquo;autres \u00e9tablissements scolaires.<\/p>\n\n<p><strong>Q2 : Est-ce que les gens du voyage peuvent b\u00e9n\u00e9ficier de structures d&rsquo;accueil sp\u00e9cifiques \u00e0 Toulouse ?<\/strong><br>\nR : Malheureusement, il y a un manque significatif d&rsquo;aires d&rsquo;accueil adapt\u00e9es pour les gens du voyage \u00e0 Toulouse.<\/p>\n\n<p><strong>Q3 : Quels types d&rsquo;initiatives sont mises en place pour l&rsquo;\u00e9ducation des enfants gens du voyage ?<\/strong><br>\nR : Des programmes comme l&rsquo;<strong>Acad\u00e9mie Nomade<\/strong> ou les \u00e9coles de passerelles essayent d&rsquo;assurer une \u00e9ducation ad\u00e9quate.<\/p>\n\n<p><strong>Q4 : Comment les parents peuvent-ils soutenir l&rsquo;\u00e9ducation des enfants gens du voyage ?<\/strong><br>\nR : Ils peuvent rejoindre des associations, participer \u00e0 des \u00e9v\u00e9nements culturels et travailler avec les \u00e9coles pour sensibiliser \u00e0 cette probl\u00e9matique.<\/p>\n\n<p><strong>Q5 : Quelles sont les d\u00e9marches \u00e0 suivre pour aider \u00e0 l&rsquo;expulsion des gens du voyage ?<\/strong><br>\nR : Les citoyens peuvent contacter leurs \u00e9lus locaux et faire part de leurs pr\u00e9occupations, bien que des solutions pacifiques et durables soient souhaitables.<\/p>\n\n","protected":false},"excerpt":{"rendered":"<p>Un incident notable a perturb\u00e9 le quotidien d\u2019une petite commune proche de Toulouse. L&rsquo;\u00e9cole d&rsquo;Eaunes, qui accueille une centaine d&rsquo;\u00e9l\u00e8ves, a \u00e9t\u00e9 ferm\u00e9e \u00e0 cause de l&rsquo;intrusion massive de gens du voyage sur ses terrains. Cette situation pose la question de l&rsquo;avenir de cette communaut\u00e9 nomade \u00e0 une \u00e9poque o\u00f9 les tensions autour des lieux &#8230; <a title=\"Pr\u00e8s de Toulouse, une \u00e9cole ferm\u00e9e suite \u00e0 une intrusion : quelle sera l&rsquo;avenir des gens du voyage ?\" class=\"read-more\" href=\"https:\/\/www.apres-lecole.fr\/Blog\/ecole-fermee-toulouse-gens-voyage\/\" aria-label=\"En savoir plus sur Pr\u00e8s de Toulouse, une \u00e9cole ferm\u00e9e suite \u00e0 une intrusion : quelle sera l&rsquo;avenir des gens du voyage ?\">Lire plus<\/a><\/p>\n","protected":false},"author":9,"featured_media":2041,"comment_status":"open","ping_status":"open","sticky":false,"template":"","format":"standard","meta":{"footnotes":""},"categories":[342],"tags":[1126,1124,1125,1127,522],"class_list":["post-2042","post","type-post","status-publish","format-standard","has-post-thumbnail","hentry","category-actualites","tag-avenir-des-gens-du-voyage","tag-ecole-fermee","tag-intrusion","tag-problematiques-sociales","tag-toulouse"],"yoast_head":"<!-- This site is optimized with the Yoast SEO plugin v27.5 - https:\/\/yoast.com\/product\/yoast-seo-wordpress\/ -->\n<title>Ecole ferm\u00e9e pr\u00e8s de Toulouse : quel avenir pour les gens du voyage ?<\/title>\n<meta name=\"description\" content=\"Pr\u00e8s de Toulouse, une \u00e9cole ferme apr\u00e8s une intrusion. Quel avenir pour les gens du voyage ? Enjeux, s\u00e9curit\u00e9 et int\u00e9gration en question.\" \/>\n<meta name=\"robots\" content=\"index, follow, max-snippet:-1, max-image-preview:large, max-video-preview:-1\" \/>\n<link rel=\"canonical\" href=\"https:\/\/www.apres-lecole.fr\/Blog\/ecole-fermee-toulouse-gens-voyage\/\" \/>\n<meta property=\"og:locale\" content=\"fr_FR\" \/>\n<meta property=\"og:type\" content=\"article\" \/>\n<meta property=\"og:title\" content=\"Ecole ferm\u00e9e pr\u00e8s de Toulouse : quel avenir pour les gens du voyage ?\" \/>\n<meta property=\"og:description\" content=\"Pr\u00e8s de Toulouse, une \u00e9cole ferme apr\u00e8s une intrusion. Quel avenir pour les gens du voyage ? Enjeux, s\u00e9curit\u00e9 et int\u00e9gration en question.\" \/>\n<meta property=\"og:url\" content=\"https:\/\/www.apres-lecole.fr\/Blog\/ecole-fermee-toulouse-gens-voyage\/\" \/>\n<meta property=\"article:published_time\" content=\"2025-06-25T07:02:48+00:00\" \/>\n<meta property=\"og:image\" content=\"https:\/\/www.apres-lecole.fr\/Blog\/wp-content\/uploads\/2025\/06\/Pres-de-Toulouse-une-ecole-fermee-suite-a-une-intrusion-quelle-sera-lavenir-des-gens-du-voyage-.jpg\" \/>\n\t<meta property=\"og:image:width\" content=\"1344\" \/>\n\t<meta property=\"og:image:height\" content=\"768\" \/>\n\t<meta property=\"og:image:type\" content=\"image\/jpeg\" \/>\n<meta name=\"author\" content=\"Eva Martin\" \/>\n<meta name=\"twitter:card\" content=\"summary_large_image\" \/>\n<meta name=\"twitter:creator\" content=\"@Evaapresecole\" \/>\n<meta name=\"twitter:label1\" content=\"\u00c9crit par\" \/>\n\t<meta name=\"twitter:data1\" content=\"Eva Martin\" \/>\n\t<meta name=\"twitter:label2\" content=\"Dur\u00e9e de lecture estim\u00e9e\" \/>\n\t<meta name=\"twitter:data2\" content=\"8 minutes\" \/>\n<script type=\"application\/ld+json\" class=\"yoast-schema-graph\">{\"@context\":\"https:\\\/\\\/schema.org\",\"@graph\":[{\"@type\":\"Article\",\"@id\":\"https:\\\/\\\/www.apres-lecole.fr\\\/Blog\\\/ecole-fermee-toulouse-gens-voyage\\\/#article\",\"isPartOf\":{\"@id\":\"https:\\\/\\\/www.apres-lecole.fr\\\/Blog\\\/ecole-fermee-toulouse-gens-voyage\\\/\"},\"author\":{\"name\":\"Eva Martin\",\"@id\":\"https:\\\/\\\/www.apres-lecole.fr\\\/Blog\\\/#\\\/schema\\\/person\\\/aeb50cd4b51fc69da155804bb5bb9fc4\"},\"headline\":\"Pr\u00e8s de Toulouse, une \u00e9cole ferm\u00e9e suite \u00e0 une intrusion : quelle sera l&rsquo;avenir des gens du voyage ?\",\"datePublished\":\"2025-06-25T07:02:48+00:00\",\"mainEntityOfPage\":{\"@id\":\"https:\\\/\\\/www.apres-lecole.fr\\\/Blog\\\/ecole-fermee-toulouse-gens-voyage\\\/\"},\"wordCount\":1718,\"commentCount\":0,\"image\":{\"@id\":\"https:\\\/\\\/www.apres-lecole.fr\\\/Blog\\\/ecole-fermee-toulouse-gens-voyage\\\/#primaryimage\"},\"thumbnailUrl\":\"https:\\\/\\\/www.apres-lecole.fr\\\/Blog\\\/wp-content\\\/uploads\\\/2025\\\/06\\\/Pres-de-Toulouse-une-ecole-fermee-suite-a-une-intrusion-quelle-sera-lavenir-des-gens-du-voyage-.jpg\",\"keywords\":[\"avenir des gens du voyage\",\"\u00e9cole ferm\u00e9e\",\"intrusion\",\"probl\u00e9matiques sociales\",\"toulouse\"],\"articleSection\":[\"Actualit\u00e9s\"],\"inLanguage\":\"fr-FR\",\"potentialAction\":[{\"@type\":\"CommentAction\",\"name\":\"Comment\",\"target\":[\"https:\\\/\\\/www.apres-lecole.fr\\\/Blog\\\/ecole-fermee-toulouse-gens-voyage\\\/#respond\"]}]},{\"@type\":\"WebPage\",\"@id\":\"https:\\\/\\\/www.apres-lecole.fr\\\/Blog\\\/ecole-fermee-toulouse-gens-voyage\\\/\",\"url\":\"https:\\\/\\\/www.apres-lecole.fr\\\/Blog\\\/ecole-fermee-toulouse-gens-voyage\\\/\",\"name\":\"Ecole ferm\u00e9e pr\u00e8s de Toulouse : quel avenir pour les gens du voyage ?\",\"isPartOf\":{\"@id\":\"https:\\\/\\\/www.apres-lecole.fr\\\/Blog\\\/#website\"},\"primaryImageOfPage\":{\"@id\":\"https:\\\/\\\/www.apres-lecole.fr\\\/Blog\\\/ecole-fermee-toulouse-gens-voyage\\\/#primaryimage\"},\"image\":{\"@id\":\"https:\\\/\\\/www.apres-lecole.fr\\\/Blog\\\/ecole-fermee-toulouse-gens-voyage\\\/#primaryimage\"},\"thumbnailUrl\":\"https:\\\/\\\/www.apres-lecole.fr\\\/Blog\\\/wp-content\\\/uploads\\\/2025\\\/06\\\/Pres-de-Toulouse-une-ecole-fermee-suite-a-une-intrusion-quelle-sera-lavenir-des-gens-du-voyage-.jpg\",\"datePublished\":\"2025-06-25T07:02:48+00:00\",\"author\":{\"@id\":\"https:\\\/\\\/www.apres-lecole.fr\\\/Blog\\\/#\\\/schema\\\/person\\\/aeb50cd4b51fc69da155804bb5bb9fc4\"},\"description\":\"Pr\u00e8s de Toulouse, une \u00e9cole ferme apr\u00e8s une intrusion. Quel avenir pour les gens du voyage ? Enjeux, s\u00e9curit\u00e9 et int\u00e9gration en question.\",\"breadcrumb\":{\"@id\":\"https:\\\/\\\/www.apres-lecole.fr\\\/Blog\\\/ecole-fermee-toulouse-gens-voyage\\\/#breadcrumb\"},\"inLanguage\":\"fr-FR\",\"potentialAction\":[{\"@type\":\"ReadAction\",\"target\":[\"https:\\\/\\\/www.apres-lecole.fr\\\/Blog\\\/ecole-fermee-toulouse-gens-voyage\\\/\"]}]},{\"@type\":\"ImageObject\",\"inLanguage\":\"fr-FR\",\"@id\":\"https:\\\/\\\/www.apres-lecole.fr\\\/Blog\\\/ecole-fermee-toulouse-gens-voyage\\\/#primaryimage\",\"url\":\"https:\\\/\\\/www.apres-lecole.fr\\\/Blog\\\/wp-content\\\/uploads\\\/2025\\\/06\\\/Pres-de-Toulouse-une-ecole-fermee-suite-a-une-intrusion-quelle-sera-lavenir-des-gens-du-voyage-.jpg\",\"contentUrl\":\"https:\\\/\\\/www.apres-lecole.fr\\\/Blog\\\/wp-content\\\/uploads\\\/2025\\\/06\\\/Pres-de-Toulouse-une-ecole-fermee-suite-a-une-intrusion-quelle-sera-lavenir-des-gens-du-voyage-.jpg\",\"width\":1344,\"height\":768,\"caption\":\"d\u00e9couvrez les r\u00e9percussions de l'intrusion ayant conduit \u00e0 la fermeture d'une \u00e9cole pr\u00e8s de toulouse. analyse des cons\u00e9quences pour les gens du voyage et les solutions envisag\u00e9es pour garantir leur avenir et leur int\u00e9gration.\"},{\"@type\":\"BreadcrumbList\",\"@id\":\"https:\\\/\\\/www.apres-lecole.fr\\\/Blog\\\/ecole-fermee-toulouse-gens-voyage\\\/#breadcrumb\",\"itemListElement\":[{\"@type\":\"ListItem\",\"position\":1,\"name\":\"Home\",\"item\":\"https:\\\/\\\/www.apres-lecole.fr\\\/Blog\\\/\"},{\"@type\":\"ListItem\",\"position\":2,\"name\":\"Pr\u00e8s de Toulouse, une \u00e9cole ferm\u00e9e suite \u00e0 une intrusion : quelle sera l&rsquo;avenir des gens du voyage ?\"}]},{\"@type\":\"WebSite\",\"@id\":\"https:\\\/\\\/www.apres-lecole.fr\\\/Blog\\\/#website\",\"url\":\"https:\\\/\\\/www.apres-lecole.fr\\\/Blog\\\/\",\"name\":\"\",\"description\":\"M\u00e9dia g\u00e9n\u00e9raliste\",\"potentialAction\":[{\"@type\":\"SearchAction\",\"target\":{\"@type\":\"EntryPoint\",\"urlTemplate\":\"https:\\\/\\\/www.apres-lecole.fr\\\/Blog\\\/?s={search_term_string}\"},\"query-input\":{\"@type\":\"PropertyValueSpecification\",\"valueRequired\":true,\"valueName\":\"search_term_string\"}}],\"inLanguage\":\"fr-FR\"},{\"@type\":\"Person\",\"@id\":\"https:\\\/\\\/www.apres-lecole.fr\\\/Blog\\\/#\\\/schema\\\/person\\\/aeb50cd4b51fc69da155804bb5bb9fc4\",\"name\":\"Eva Martin\",\"image\":{\"@type\":\"ImageObject\",\"inLanguage\":\"fr-FR\",\"@id\":\"https:\\\/\\\/secure.gravatar.com\\\/avatar\\\/55c53222558b27a72015a64073a80edce4abd33369394b9bf2c5cd6c19d12682?s=96&d=mm&r=g\",\"url\":\"https:\\\/\\\/secure.gravatar.com\\\/avatar\\\/55c53222558b27a72015a64073a80edce4abd33369394b9bf2c5cd6c19d12682?s=96&d=mm&r=g\",\"contentUrl\":\"https:\\\/\\\/secure.gravatar.com\\\/avatar\\\/55c53222558b27a72015a64073a80edce4abd33369394b9bf2c5cd6c19d12682?s=96&d=mm&r=g\",\"caption\":\"Eva Martin\"},\"description\":\"Je parle de business et d'entrepreneuriat avec des conseils clairs, concrets et actionnables pour r\u00e9ussir\",\"sameAs\":[\"https:\\\/\\\/x.com\\\/Evaapresecole\"],\"url\":\"https:\\\/\\\/www.apres-lecole.fr\\\/Blog\\\/author\\\/evamartin\\\/\"}]}<\/script>\n<!-- \/ Yoast SEO plugin. -->","yoast_head_json":{"title":"Ecole ferm\u00e9e pr\u00e8s de Toulouse : quel avenir pour les gens du voyage ?","description":"Pr\u00e8s de Toulouse, une \u00e9cole ferme apr\u00e8s une intrusion. Quel avenir pour les gens du voyage ? Enjeux, s\u00e9curit\u00e9 et int\u00e9gration en question.","robots":{"index":"index","follow":"follow","max-snippet":"max-snippet:-1","max-image-preview":"max-image-preview:large","max-video-preview":"max-video-preview:-1"},"canonical":"https:\/\/www.apres-lecole.fr\/Blog\/ecole-fermee-toulouse-gens-voyage\/","og_locale":"fr_FR","og_type":"article","og_title":"Ecole ferm\u00e9e pr\u00e8s de Toulouse : quel avenir pour les gens du voyage ?","og_description":"Pr\u00e8s de Toulouse, une \u00e9cole ferme apr\u00e8s une intrusion. Quel avenir pour les gens du voyage ? Enjeux, s\u00e9curit\u00e9 et int\u00e9gration en question.","og_url":"https:\/\/www.apres-lecole.fr\/Blog\/ecole-fermee-toulouse-gens-voyage\/","article_published_time":"2025-06-25T07:02:48+00:00","og_image":[{"width":1344,"height":768,"url":"https:\/\/www.apres-lecole.fr\/Blog\/wp-content\/uploads\/2025\/06\/Pres-de-Toulouse-une-ecole-fermee-suite-a-une-intrusion-quelle-sera-lavenir-des-gens-du-voyage-.jpg","type":"image\/jpeg"}],"author":"Eva Martin","twitter_card":"summary_large_image","twitter_creator":"@Evaapresecole","twitter_misc":{"\u00c9crit par":"Eva Martin","Dur\u00e9e de lecture estim\u00e9e":"8 minutes"},"schema":{"@context":"https:\/\/schema.org","@graph":[{"@type":"Article","@id":"https:\/\/www.apres-lecole.fr\/Blog\/ecole-fermee-toulouse-gens-voyage\/#article","isPartOf":{"@id":"https:\/\/www.apres-lecole.fr\/Blog\/ecole-fermee-toulouse-gens-voyage\/"},"author":{"name":"Eva Martin","@id":"https:\/\/www.apres-lecole.fr\/Blog\/#\/schema\/person\/aeb50cd4b51fc69da155804bb5bb9fc4"},"headline":"Pr\u00e8s de Toulouse, une \u00e9cole ferm\u00e9e suite \u00e0 une intrusion : quelle sera l&rsquo;avenir des gens du voyage ?","datePublished":"2025-06-25T07:02:48+00:00","mainEntityOfPage":{"@id":"https:\/\/www.apres-lecole.fr\/Blog\/ecole-fermee-toulouse-gens-voyage\/"},"wordCount":1718,"commentCount":0,"image":{"@id":"https:\/\/www.apres-lecole.fr\/Blog\/ecole-fermee-toulouse-gens-voyage\/#primaryimage"},"thumbnailUrl":"https:\/\/www.apres-lecole.fr\/Blog\/wp-content\/uploads\/2025\/06\/Pres-de-Toulouse-une-ecole-fermee-suite-a-une-intrusion-quelle-sera-lavenir-des-gens-du-voyage-.jpg","keywords":["avenir des gens du voyage","\u00e9cole ferm\u00e9e","intrusion","probl\u00e9matiques sociales","toulouse"],"articleSection":["Actualit\u00e9s"],"inLanguage":"fr-FR","potentialAction":[{"@type":"CommentAction","name":"Comment","target":["https:\/\/www.apres-lecole.fr\/Blog\/ecole-fermee-toulouse-gens-voyage\/#respond"]}]},{"@type":"WebPage","@id":"https:\/\/www.apres-lecole.fr\/Blog\/ecole-fermee-toulouse-gens-voyage\/","url":"https:\/\/www.apres-lecole.fr\/Blog\/ecole-fermee-toulouse-gens-voyage\/","name":"Ecole ferm\u00e9e pr\u00e8s de Toulouse : quel avenir pour les gens du voyage ?","isPartOf":{"@id":"https:\/\/www.apres-lecole.fr\/Blog\/#website"},"primaryImageOfPage":{"@id":"https:\/\/www.apres-lecole.fr\/Blog\/ecole-fermee-toulouse-gens-voyage\/#primaryimage"},"image":{"@id":"https:\/\/www.apres-lecole.fr\/Blog\/ecole-fermee-toulouse-gens-voyage\/#primaryimage"},"thumbnailUrl":"https:\/\/www.apres-lecole.fr\/Blog\/wp-content\/uploads\/2025\/06\/Pres-de-Toulouse-une-ecole-fermee-suite-a-une-intrusion-quelle-sera-lavenir-des-gens-du-voyage-.jpg","datePublished":"2025-06-25T07:02:48+00:00","author":{"@id":"https:\/\/www.apres-lecole.fr\/Blog\/#\/schema\/person\/aeb50cd4b51fc69da155804bb5bb9fc4"},"description":"Pr\u00e8s de Toulouse, une \u00e9cole ferme apr\u00e8s une intrusion. Quel avenir pour les gens du voyage ? Enjeux, s\u00e9curit\u00e9 et int\u00e9gration en question.","breadcrumb":{"@id":"https:\/\/www.apres-lecole.fr\/Blog\/ecole-fermee-toulouse-gens-voyage\/#breadcrumb"},"inLanguage":"fr-FR","potentialAction":[{"@type":"ReadAction","target":["https:\/\/www.apres-lecole.fr\/Blog\/ecole-fermee-toulouse-gens-voyage\/"]}]},{"@type":"ImageObject","inLanguage":"fr-FR","@id":"https:\/\/www.apres-lecole.fr\/Blog\/ecole-fermee-toulouse-gens-voyage\/#primaryimage","url":"https:\/\/www.apres-lecole.fr\/Blog\/wp-content\/uploads\/2025\/06\/Pres-de-Toulouse-une-ecole-fermee-suite-a-une-intrusion-quelle-sera-lavenir-des-gens-du-voyage-.jpg","contentUrl":"https:\/\/www.apres-lecole.fr\/Blog\/wp-content\/uploads\/2025\/06\/Pres-de-Toulouse-une-ecole-fermee-suite-a-une-intrusion-quelle-sera-lavenir-des-gens-du-voyage-.jpg","width":1344,"height":768,"caption":"d\u00e9couvrez les r\u00e9percussions de l'intrusion ayant conduit \u00e0 la fermeture d'une \u00e9cole pr\u00e8s de toulouse. analyse des cons\u00e9quences pour les gens du voyage et les solutions envisag\u00e9es pour garantir leur avenir et leur int\u00e9gration."},{"@type":"BreadcrumbList","@id":"https:\/\/www.apres-lecole.fr\/Blog\/ecole-fermee-toulouse-gens-voyage\/#breadcrumb","itemListElement":[{"@type":"ListItem","position":1,"name":"Home","item":"https:\/\/www.apres-lecole.fr\/Blog\/"},{"@type":"ListItem","position":2,"name":"Pr\u00e8s de Toulouse, une \u00e9cole ferm\u00e9e suite \u00e0 une intrusion : quelle sera l&rsquo;avenir des gens du voyage ?"}]},{"@type":"WebSite","@id":"https:\/\/www.apres-lecole.fr\/Blog\/#website","url":"https:\/\/www.apres-lecole.fr\/Blog\/","name":"","description":"M\u00e9dia g\u00e9n\u00e9raliste","potentialAction":[{"@type":"SearchAction","target":{"@type":"EntryPoint","urlTemplate":"https:\/\/www.apres-lecole.fr\/Blog\/?s={search_term_string}"},"query-input":{"@type":"PropertyValueSpecification","valueRequired":true,"valueName":"search_term_string"}}],"inLanguage":"fr-FR"},{"@type":"Person","@id":"https:\/\/www.apres-lecole.fr\/Blog\/#\/schema\/person\/aeb50cd4b51fc69da155804bb5bb9fc4","name":"Eva Martin","image":{"@type":"ImageObject","inLanguage":"fr-FR","@id":"https:\/\/secure.gravatar.com\/avatar\/55c53222558b27a72015a64073a80edce4abd33369394b9bf2c5cd6c19d12682?s=96&d=mm&r=g","url":"https:\/\/secure.gravatar.com\/avatar\/55c53222558b27a72015a64073a80edce4abd33369394b9bf2c5cd6c19d12682?s=96&d=mm&r=g","contentUrl":"https:\/\/secure.gravatar.com\/avatar\/55c53222558b27a72015a64073a80edce4abd33369394b9bf2c5cd6c19d12682?s=96&d=mm&r=g","caption":"Eva Martin"},"description":"Je parle de business et d'entrepreneuriat avec des conseils clairs, concrets et actionnables pour r\u00e9ussir","sameAs":["https:\/\/x.com\/Evaapresecole"],"url":"https:\/\/www.apres-lecole.fr\/Blog\/author\/evamartin\/"}]}},"views":221,"_links":{"self":[{"href":"https:\/\/www.apres-lecole.fr\/Blog\/wp-json\/wp\/v2\/posts\/2042","targetHints":{"allow":["GET"]}}],"collection":[{"href":"https:\/\/www.apres-lecole.fr\/Blog\/wp-json\/wp\/v2\/posts"}],"about":[{"href":"https:\/\/www.apres-lecole.fr\/Blog\/wp-json\/wp\/v2\/types\/post"}],"author":[{"embeddable":true,"href":"https:\/\/www.apres-lecole.fr\/Blog\/wp-json\/wp\/v2\/users\/9"}],"replies":[{"embeddable":true,"href":"https:\/\/www.apres-lecole.fr\/Blog\/wp-json\/wp\/v2\/comments?post=2042"}],"version-history":[{"count":0,"href":"https:\/\/www.apres-lecole.fr\/Blog\/wp-json\/wp\/v2\/posts\/2042\/revisions"}],"wp:featuredmedia":[{"embeddable":true,"href":"https:\/\/www.apres-lecole.fr\/Blog\/wp-json\/wp\/v2\/media\/2041"}],"wp:attachment":[{"href":"https:\/\/www.apres-lecole.fr\/Blog\/wp-json\/wp\/v2\/media?parent=2042"}],"wp:term":[{"taxonomy":"category","embeddable":true,"href":"https:\/\/www.apres-lecole.fr\/Blog\/wp-json\/wp\/v2\/categories?post=2042"},{"taxonomy":"post_tag","embeddable":true,"href":"https:\/\/www.apres-lecole.fr\/Blog\/wp-json\/wp\/v2\/tags?post=2042"}],"curies":[{"name":"wp","href":"https:\/\/api.w.org\/{rel}","templated":true}]}}